{"id":502039,"date":"2023-12-19T08:13:00","date_gmt":"2023-12-19T11:13:00","guid":{"rendered":"https:\/\/www.suno.com.br\/noticias\/?p=502039"},"modified":"2023-12-18T21:37:36","modified_gmt":"2023-12-19T00:37:36","slug":"segunda-parcela-decimo-terceiro-13o-salario-pagar-cpf","status":"publish","type":"post","link":"https:\/\/www.suno.com.br\/noticias\/segunda-parcela-decimo-terceiro-13o-salario-pagar-cpf\/","title":{"rendered":"\u00c9 amanh\u00e3: parcela do 13\u00ba sal\u00e1rio dever\u00e1 ser paga at\u00e9 esta quarta-feira (20)"},"content":{"rendered":"<p>Com a chegada das festas de fim de ano, a segunda parcela do <strong>13\u00ba sal\u00e1rio<\/strong>, esperada por muitos trabalhadores, deve ser paga at\u00e9 esta quarta-feira (20). <\/p>\t<div class=\"wrapper-featured-image\">\n\t\t<figure class=\"spotlightImg\">\n\n\t\t\t<picture>\n\t\t\t\t<source media=\"(max-width: 768px)\" srcset=\"https:\/\/files.sunoresearch.com.br\/n\/uploads\/2023\/12\/salario-decimo-terceiro-pagamento-parcela-400x200.jpg\">\n\t\t\t\t<img loading=\"lazy\" decoding=\"async\" class=\"newsContent__article__imgCapa lazyloadDisabled \" src=\"https:\/\/files.sunoresearch.com.br\/n\/uploads\/2023\/12\/salario-decimo-terceiro-pagamento-parcela-800x450.jpg\" width=\"800\" height=\"450\" alt=\"\u00c9 amanh\u00e3: parcela do 13\u00ba sal\u00e1rio dever\u00e1 ser paga at\u00e9 esta quarta-feira (20)\" fetchpriority=high \/>\n\t\t\t<\/picture>\n\n\t\t\t<figcaption class=\"wp-caption-text wp-caption-text--show\">Empresa - Foto: Unsplash<\/figcaption>\n\t\t<\/figure>\n\t<\/div>\n\n\n\n\n\n\n\n\t<p>\n\t\t<a href=\"https:\/\/lp.suno.com.br\/planilha-da-vida-financeira\/\" target=\"_blank\" data-element=\"shortcode-suno-banner\" title=\"Banner SUNO, clique e saiba mais\">\n\t\t\t<picture>\n\t\t\t\t<source media=\"(max-width: 500px)\" srcset=\"https:\/\/files.sunoresearch.com.br\/n\/uploads\/2023\/04\/400x300-Planilha-vida-financeira-true.png\">\n\t\t\t\t<img class=\"newsContent__article__imgCapa newsContent__article__imgCapa--banner\"\n\t\t\t\t\tsrc=\"https:\/\/files.sunoresearch.com.br\/n\/uploads\/2023\/04\/1420x240-Planilha-vida-financeira-true.png\"\n\t\t\t\t\tdata-promo-id=\"383123\"\t\t\t\t\t\t\t\t\t\twidth='1420' height='240'\t\t\t\t\talt=\"https:\/\/files.sunoresearch.com.br\/n\/uploads\/2023\/04\/1420x240-Planilha-vida-financeira-true.png\"\n\t\t\t\t>\n\t\t\t<\/picture>\n\t\t<\/a>\n\t<\/p>\n\n\n\n\n\n<p>Na <strong>segunda parcela do 13\u00ba sal\u00e1rio<\/strong>, diferente da primeira, s\u00e3o aplicados os descontos de I<strong>mposto de Renda (IR) <\/strong>e de INSS.<\/p>\n\n\n\n<p>O <strong>13\u00ba sal\u00e1rio <\/strong>\u00e9 um direito de todos os empregados contratados em regime CLT (com carteira assinada), que tenham trabalhado por pelo menos 15 dias durante o ano em vig\u00eancia e que n\u00e3o tenham sido demitidos por justa causa.<\/p>\n\n\n\n<p>O <strong>pagamento da primeira parcela<\/strong> do benef\u00edcio natalino encerrou em 30 de novembro. Caso o valor n\u00e3o tenha sido depositado at\u00e9 esta data, o funcion\u00e1rio poder\u00e1 fazer uma den\u00fancia na Justi\u00e7a do Trabalho, por infra\u00e7\u00e3o da Lei 4.090\/62.<\/p>\n\n\n\n\t<div data-element=\"shortcode-read-more\" class=\"readToo\">\n\t\t\t\t<span class=\"readToo__title\">Leia mais<\/span>\n\t\t\t\t<ul class=\"readToo__list\">\n\t\t\t<li><a href=\"https:\/\/www.suno.com.br\/noticias\/carrefour-crfb3-deve-comprar-sete-mil-supermercados-na-franca-diz-jornal\/\">Carrefour (CRFB3) deve comprar sete mil supermercados na Fran\u00e7a, diz jornal<\/a><\/li><li><a href=\"https:\/\/www.suno.com.br\/noticias\/reforma-tributaria-pode-deixar-servicos-mais-caros-cpf\/\">Como a reforma tribut\u00e1ria pode deixar alguns servi\u00e7os mais caros?<\/a><\/li>\t\t<\/ul>\n\t<\/div>\n\n\n\n\n<h2 class=\"wp-block-heading\">Pagamento do 13\u00ba sal\u00e1rio<\/h2>\n\n\n\n<p>Todo trabalhador com carteira assinada tem <strong>direito ao <a class=\"suno-keyword\" target=\"_blank\" data-force=\"no\" data-priority=\"2\" href=\"https:\/\/www.suno.com.br\/artigos\/decimo-terceiro\/\" rel=\"noopener\">d\u00e9cimo terceiro<\/a> sal\u00e1rio<\/strong>. <\/p>\n\n\n\n<p>O valor equivalente a um m\u00eas de sal\u00e1rio l\u00edquido, descontando IR e INSS, deve ser pago se o trabalhador permaneceu na empresa durante o ano inteiro. Para entrar no c\u00e1lculo, cada m\u00eas deve ter mais de 15 dias trabalhados.<\/p>\n\n\n\n<p>Segundo os c\u00e1lculos do Departamento Intersindical de Estat\u00edstica e Estudos Socioecon\u00f4micos (Dieese), a gratifica\u00e7\u00e3o natalina tem o potencial de injetar R$ 201 bilh\u00f5es na economia brasileira. Quando somados os pagamentos a aposentados, pensionistas do INSS e outros benefici\u00e1rios da Previd\u00eancia Social, que receberam as duas parcelas em maio e junho, o montante atinge R$ 291 bilh\u00f5es, equivalendo a 2,7% do PIB do pa\u00eds.<\/p>\n\n\n\n<p>Cerca de 87,7 milh\u00f5es de brasileiros ser\u00e3o beneficiados, com uma m\u00e9dia de rendimento adicional de R$ 3.057.<\/p>\n\n\n\t<p>\n\t\t<a href=\"https:\/\/lp.suno.com.br\/ebook-10-livros\/\" target=\"_blank\" data-element=\"shortcode-suno-banner\" title=\"Banner SUNO, clique e saiba mais\">\n\t\t\t<picture>\n\t\t\t\t<source media=\"(max-width: 500px)\" srcset=\"https:\/\/files.sunoresearch.com.br\/n\/uploads\/2023\/03\/400x300-10-livros.png\">\n\t\t\t\t<img class=\"newsContent__article__imgCapa newsContent__article__imgCapa--banner\"\n\t\t\t\t\tsrc=\"https:\/\/files.sunoresearch.com.br\/n\/uploads\/2023\/03\/1420x240-10-livros.png\"\n\t\t\t\t\tdata-promo-id=\"383159\"\t\t\t\t\t\t\t\t\t\twidth='1420' height='240'\t\t\t\t\talt=\"https:\/\/files.sunoresearch.com.br\/n\/uploads\/2023\/03\/1420x240-10-livros.png\"\n\t\t\t\t>\n\t\t\t<\/picture>\n\t\t<\/a>\n\t<\/p>\n\n\n\n\n\n<h2 class=\"wp-block-heading\">Segunda parcela: como calcular<\/h2>\n\n\n\n<p>A primeira parcela, paga at\u00e9 30 de novembro, foi isenta de descontos e \u00e9 calculada facilmente pela metade do \u00faltimo sal\u00e1rio bruto recebido, normalmente o de novembro. J\u00e1 a<strong> segunda parcela do 13\u00ba sal\u00e1rio<\/strong> sofre desconto de INSS e Imposto de Renda.<\/p>\n\n\n\n<p>Para calcular o desconto do IR, \u00e9 necess\u00e1rio primeiro calcular o desconto do INSS. Se houve<strong> aumento no sal\u00e1rio <\/strong>entre o pagamento da primeira e segunda parcela, o reajuste \u00e9 aplicado na segunda, assegurando que n\u00e3o haja perda de dinheiro para aqueles que optaram por antecipar a primeira parcela.<\/p>\n\n\n\n<p>A<strong> segunda parcela do <a class=\"suno-keyword\" data-force=\"no\" data-priority=\"2\" href=\"https:\/\/www.suno.com.br\/artigos\/decimo-terceiro\/\" target=\"_blank\" rel=\"noopener\">13<\/a>\u00ba sal\u00e1rio<\/strong> tem ainda o desconto do Imposto de Renda. Para finalizar as contas da 2\u00aa parcela, \u00e9 preciso subtrair o desconto do INSS do sal\u00e1rio bruto. O resultado \u00e9 a base para calcular o valor que ser\u00e1 descontando de Imposto de Renda.<\/p>\n\n\n\t<p>\n\t\t<a href=\"https:\/\/lp.suno.com.br\/planilha-da-vida-financeira\/\" target=\"_blank\" data-element=\"shortcode-suno-banner\" title=\"Banner SUNO, clique e saiba mais\">\n\t\t\t<picture>\n\t\t\t\t<source media=\"(max-width: 500px)\" srcset=\"https:\/\/files.sunoresearch.com.br\/n\/uploads\/2023\/04\/400x300-Planilha-vida-financeira-true.png\">\n\t\t\t\t<img class=\"newsContent__article__imgCapa newsContent__article__imgCapa--banner\"\n\t\t\t\t\tsrc=\"https:\/\/files.sunoresearch.com.br\/n\/uploads\/2023\/04\/1420x240-Planilha-vida-financeira-true.png\"\n\t\t\t\t\tdata-promo-id=\"383123\"\t\t\t\t\t\t\t\t\t\twidth='1420' height='240'\t\t\t\t\talt=\"https:\/\/files.sunoresearch.com.br\/n\/uploads\/2023\/04\/1420x240-Planilha-vida-financeira-true.png\"\n\t\t\t\t>\n\t\t\t<\/picture>\n\t\t<\/a>\n\t<\/p>\n\n\n","protected":false},"excerpt":{"rendered":"<p>Com a chegada das festas de fim de ano, a segunda parcela do 13\u00ba sal\u00e1rio, esperada por muitos trabalhadores, deve ser paga at\u00e9 esta quarta-feira (20). Empresa &#8211; Foto: Unsplash Na segunda parcela do 13\u00ba sal\u00e1rio, diferente da primeira, s\u00e3o aplicados os descontos de Imposto de Renda (IR) e de INSS. O 13\u00ba sal\u00e1rio \u00e9 [&hellip;]<\/p>\n","protected":false},"author":283,"featured_media":502065,"comment_status":"closed","ping_status":"closed","sticky":false,"template":"","format":"standard","meta":[],"categories":[65],"tags":[303,1824],"suno_strategy":[],"class_list":["post-502039","post","type-post","status-publish","format-standard","has-post-thumbnail","hentry","category-financas-pessoais","tag-imposto-de-renda","tag-salario-minimo"],"yoast_head":"<!-- This site is optimized with the Yoast SEO plugin v24.4 - https:\/\/yoast.com\/wordpress\/plugins\/seo\/ -->\n<title>\u00c9 amanh\u00e3: parcela do 13\u00ba sal\u00e1rio deve ser paga at\u00e9 esta quarta-feira (20)<\/title>\n<meta name=\"description\" content=\"A segunda parcela do 13\u00ba sal\u00e1rio, diferente da primeira, sofre redu\u00e7\u00f5es dos descontos de Imposto de Renda (IR) e de INSS. Confira detalhes.\" \/>\n<meta name=\"robots\" content=\"index, follow, max-snippet:-1, max-image-preview:large, max-video-preview:-1\" \/>\n<link rel=\"canonical\" href=\"https:\/\/www.suno.com.br\/noticias\/segunda-parcela-decimo-terceiro-13o-salario-pagar-cpf\/\" \/>\n<meta property=\"og:locale\" content=\"pt_BR\" \/>\n<meta property=\"og:type\" content=\"article\" \/>\n<meta property=\"og:title\" content=\"\u00c9 amanh\u00e3: parcela do 13\u00ba sal\u00e1rio deve ser paga at\u00e9 esta quarta-feira (20)\" \/>\n<meta property=\"og:description\" content=\"A segunda parcela do 13\u00ba sal\u00e1rio, diferente da primeira, sofre redu\u00e7\u00f5es dos descontos de Imposto de Renda (IR) e de INSS. Confira detalhes.\" \/>\n<meta property=\"og:url\" content=\"https:\/\/www.suno.com.br\/noticias\/segunda-parcela-decimo-terceiro-13o-salario-pagar-cpf\/\" \/>\n<meta property=\"og:site_name\" content=\"Suno Not\u00edcias\" \/>\n<meta property=\"article:publisher\" content=\"https:\/\/facebook.com\/sunoresearch\" \/>\n<meta property=\"og:image\" content=\"http:\/\/files.sunoresearch.com.br\/n\/uploads\/2023\/12\/salario-decimo-terceiro-pagamento-parcela.jpg\" \/>\n\t<meta property=\"og:image:width\" content=\"1200\" \/>\n\t<meta property=\"og:image:height\" content=\"800\" \/>\n\t<meta property=\"og:image:type\" content=\"image\/jpeg\" \/>\n<meta name=\"author\" content=\"Camila Paim\" \/>\n<meta name=\"twitter:card\" content=\"summary_large_image\" \/>\n<meta name=\"twitter:creator\" content=\"@sunoresearch\" \/>\n<meta name=\"twitter:site\" content=\"@sunoresearch\" \/>\n<meta name=\"twitter:label1\" content=\"Escrito por\" \/>\n\t<meta name=\"twitter:data1\" content=\"Camila Paim\" \/>\n\t<meta name=\"twitter:label2\" content=\"Est. tempo de leitura\" \/>\n\t<meta name=\"twitter:data2\" content=\"3 minutos\" \/>\n<script type=\"application\/ld+json\" class=\"yoast-schema-graph\">{\"@context\":\"https:\/\/schema.org\",\"@graph\":[{\"@type\":\"NewsArticle\",\"@id\":\"https:\/\/www.suno.com.br\/noticias\/segunda-parcela-decimo-terceiro-13o-salario-pagar-cpf\/#article\",\"isPartOf\":{\"@id\":\"https:\/\/www.suno.com.br\/noticias\/segunda-parcela-decimo-terceiro-13o-salario-pagar-cpf\/\"},\"author\":{\"name\":\"Camila Paim\",\"@id\":\"https:\/\/www.suno.com.br\/noticias\/#\/schema\/person\/f341d3ae5d1cc685176c9a5327cdfdbb\"},\"headline\":\"\u00c9 amanh\u00e3: parcela do 13\u00ba sal\u00e1rio dever\u00e1 ser paga at\u00e9 esta quarta-feira (20)\",\"datePublished\":\"2023-12-19T11:13:00+00:00\",\"mainEntityOfPage\":{\"@id\":\"https:\/\/www.suno.com.br\/noticias\/segunda-parcela-decimo-terceiro-13o-salario-pagar-cpf\/\"},\"wordCount\":435,\"publisher\":{\"@id\":\"https:\/\/www.suno.com.br\/noticias\/#organization\"},\"image\":{\"@id\":\"https:\/\/www.suno.com.br\/noticias\/segunda-parcela-decimo-terceiro-13o-salario-pagar-cpf\/#primaryimage\"},\"thumbnailUrl\":\"https:\/\/files.sunoresearch.com.br\/n\/uploads\/2023\/12\/salario-decimo-terceiro-pagamento-parcela.jpg\",\"keywords\":[\"Imposto de Renda\",\"sal\u00e1rio m\u00ednimo\"],\"articleSection\":[\"Finan\u00e7as Pessoais\"],\"inLanguage\":\"pt-BR\"},{\"@type\":\"WebPage\",\"@id\":\"https:\/\/www.suno.com.br\/noticias\/segunda-parcela-decimo-terceiro-13o-salario-pagar-cpf\/\",\"url\":\"https:\/\/www.suno.com.br\/noticias\/segunda-parcela-decimo-terceiro-13o-salario-pagar-cpf\/\",\"name\":\"\u00c9 amanh\u00e3: parcela do 13\u00ba sal\u00e1rio deve ser paga at\u00e9 esta quarta-feira (20)\",\"isPartOf\":{\"@id\":\"https:\/\/www.suno.com.br\/noticias\/#website\"},\"primaryImageOfPage\":{\"@id\":\"https:\/\/www.suno.com.br\/noticias\/segunda-parcela-decimo-terceiro-13o-salario-pagar-cpf\/#primaryimage\"},\"image\":{\"@id\":\"https:\/\/www.suno.com.br\/noticias\/segunda-parcela-decimo-terceiro-13o-salario-pagar-cpf\/#primaryimage\"},\"thumbnailUrl\":\"https:\/\/files.sunoresearch.com.br\/n\/uploads\/2023\/12\/salario-decimo-terceiro-pagamento-parcela.jpg\",\"datePublished\":\"2023-12-19T11:13:00+00:00\",\"description\":\"A segunda parcela do 13\u00ba sal\u00e1rio, diferente da primeira, sofre redu\u00e7\u00f5es dos descontos de Imposto de Renda (IR) e de INSS. Confira detalhes.\",\"breadcrumb\":{\"@id\":\"https:\/\/www.suno.com.br\/noticias\/segunda-parcela-decimo-terceiro-13o-salario-pagar-cpf\/#breadcrumb\"},\"inLanguage\":\"pt-BR\",\"potentialAction\":[{\"@type\":\"ReadAction\",\"target\":[\"https:\/\/www.suno.com.br\/noticias\/segunda-parcela-decimo-terceiro-13o-salario-pagar-cpf\/\"]}]},{\"@type\":\"ImageObject\",\"inLanguage\":\"pt-BR\",\"@id\":\"https:\/\/www.suno.com.br\/noticias\/segunda-parcela-decimo-terceiro-13o-salario-pagar-cpf\/#primaryimage\",\"url\":\"https:\/\/files.sunoresearch.com.br\/n\/uploads\/2023\/12\/salario-decimo-terceiro-pagamento-parcela.jpg\",\"contentUrl\":\"https:\/\/files.sunoresearch.com.br\/n\/uploads\/2023\/12\/salario-decimo-terceiro-pagamento-parcela.jpg\",\"width\":1200,\"height\":800,\"caption\":\"Empresa - Foto: Unsplash\"},{\"@type\":\"BreadcrumbList\",\"@id\":\"https:\/\/www.suno.com.br\/noticias\/segunda-parcela-decimo-terceiro-13o-salario-pagar-cpf\/#breadcrumb\",\"itemListElement\":[{\"@type\":\"ListItem\",\"position\":1,\"name\":\"Not\u00edcias\",\"item\":\"https:\/\/www.suno.com.br\/noticias\/\"},{\"@type\":\"ListItem\",\"position\":2,\"name\":\"Finan\u00e7as Pessoais\",\"item\":\"https:\/\/www.suno.com.br\/noticias\/financas-pessoais\/\"},{\"@type\":\"ListItem\",\"position\":3,\"name\":\"\u00c9 amanh\u00e3: parcela do 13\u00ba sal\u00e1rio dever\u00e1 ser paga at\u00e9 esta quarta-feira (20)\"}]},{\"@type\":\"WebSite\",\"@id\":\"https:\/\/www.suno.com.br\/noticias\/#website\",\"url\":\"https:\/\/www.suno.com.br\/noticias\/\",\"name\":\"Suno Not\u00edcias\",\"description\":\"Seu portal de informa\u00e7\u00e3o sobre o mundo dos investimentos\",\"publisher\":{\"@id\":\"https:\/\/www.suno.com.br\/noticias\/#organization\"},\"potentialAction\":[{\"@type\":\"SearchAction\",\"target\":{\"@type\":\"EntryPoint\",\"urlTemplate\":\"https:\/\/www.suno.com.br\/noticias\/?s={search_term_string}\"},\"query-input\":{\"@type\":\"PropertyValueSpecification\",\"valueRequired\":true,\"valueName\":\"search_term_string\"}}],\"inLanguage\":\"pt-BR\"},{\"@type\":\"Organization\",\"@id\":\"https:\/\/www.suno.com.br\/noticias\/#organization\",\"name\":\"Suno Not\u00edcias\",\"url\":\"https:\/\/www.suno.com.br\/noticias\/\",\"logo\":{\"@type\":\"ImageObject\",\"inLanguage\":\"pt-BR\",\"@id\":\"https:\/\/www.suno.com.br\/noticias\/#\/schema\/logo\/image\/\",\"url\":\"https:\/\/files.sunoresearch.com.br\/n\/uploads\/2021\/09\/suno-logo.png\",\"contentUrl\":\"https:\/\/files.sunoresearch.com.br\/n\/uploads\/2021\/09\/suno-logo.png\",\"width\":180,\"height\":180,\"caption\":\"Suno Not\u00edcias\"},\"image\":{\"@id\":\"https:\/\/www.suno.com.br\/noticias\/#\/schema\/logo\/image\/\"},\"sameAs\":[\"https:\/\/facebook.com\/sunoresearch\",\"https:\/\/x.com\/sunoresearch\",\"https:\/\/www.instagram.com\/suno\",\"https:\/\/www.linkedin.com\/company\/suno-research\/\",\"https:\/\/www.youtube.com\/c\/sunoresearch\"]},{\"@type\":\"Person\",\"@id\":\"https:\/\/www.suno.com.br\/noticias\/#\/schema\/person\/f341d3ae5d1cc685176c9a5327cdfdbb\",\"name\":\"Camila Paim\",\"image\":{\"@type\":\"ImageObject\",\"inLanguage\":\"pt-BR\",\"@id\":\"https:\/\/www.suno.com.br\/noticias\/#\/schema\/person\/image\/\",\"url\":\"https:\/\/secure.gravatar.com\/avatar\/f33728e65febb1aa7ecf6792956f9b20?s=96&r=g\",\"contentUrl\":\"https:\/\/secure.gravatar.com\/avatar\/f33728e65febb1aa7ecf6792956f9b20?s=96&r=g\",\"caption\":\"Camila Paim\"},\"description\":\"Jornalista formada pela USP, tem experi\u00eancia em reda\u00e7\u00f5es, SEO, Branded Content e Webdesign. Com passagem pelo Jornal da USP, Empiricus e C6 Bank, hoje \u00e9 rep\u00f3rter no Suno Not\u00edcias cobrindo macroeconomia, finan\u00e7as pessoais e startups.\",\"url\":\"https:\/\/www.suno.com.br\/noticias\/author\/camila-figueiredosuno-com-br\/\"}]}<\/script>\n<!-- \/ Yoast SEO plugin. -->","yoast_head_json":{"title":"\u00c9 amanh\u00e3: parcela do 13\u00ba sal\u00e1rio deve ser paga at\u00e9 esta quarta-feira (20)","description":"A segunda parcela do 13\u00ba sal\u00e1rio, diferente da primeira, sofre redu\u00e7\u00f5es dos descontos de Imposto de Renda (IR) e de INSS. Confira detalhes.","robots":{"index":"index","follow":"follow","max-snippet":"max-snippet:-1","max-image-preview":"max-image-preview:large","max-video-preview":"max-video-preview:-1"},"canonical":"https:\/\/www.suno.com.br\/noticias\/segunda-parcela-decimo-terceiro-13o-salario-pagar-cpf\/","og_locale":"pt_BR","og_type":"article","og_title":"\u00c9 amanh\u00e3: parcela do 13\u00ba sal\u00e1rio deve ser paga at\u00e9 esta quarta-feira (20)","og_description":"A segunda parcela do 13\u00ba sal\u00e1rio, diferente da primeira, sofre redu\u00e7\u00f5es dos descontos de Imposto de Renda (IR) e de INSS. Confira detalhes.","og_url":"https:\/\/www.suno.com.br\/noticias\/segunda-parcela-decimo-terceiro-13o-salario-pagar-cpf\/","og_site_name":"Suno Not\u00edcias","article_publisher":"https:\/\/facebook.com\/sunoresearch","og_image":[{"width":1200,"height":800,"url":"http:\/\/files.sunoresearch.com.br\/n\/uploads\/2023\/12\/salario-decimo-terceiro-pagamento-parcela.jpg","type":"image\/jpeg"}],"author":"Camila Paim","twitter_card":"summary_large_image","twitter_creator":"@sunoresearch","twitter_site":"@sunoresearch","twitter_misc":{"Escrito por":"Camila Paim","Est. tempo de leitura":"3 minutos"},"schema":{"@context":"https:\/\/schema.org","@graph":[{"@type":"NewsArticle","@id":"https:\/\/www.suno.com.br\/noticias\/segunda-parcela-decimo-terceiro-13o-salario-pagar-cpf\/#article","isPartOf":{"@id":"https:\/\/www.suno.com.br\/noticias\/segunda-parcela-decimo-terceiro-13o-salario-pagar-cpf\/"},"author":{"name":"Camila Paim","@id":"https:\/\/www.suno.com.br\/noticias\/#\/schema\/person\/f341d3ae5d1cc685176c9a5327cdfdbb"},"headline":"\u00c9 amanh\u00e3: parcela do 13\u00ba sal\u00e1rio dever\u00e1 ser paga at\u00e9 esta quarta-feira (20)","datePublished":"2023-12-19T11:13:00+00:00","mainEntityOfPage":{"@id":"https:\/\/www.suno.com.br\/noticias\/segunda-parcela-decimo-terceiro-13o-salario-pagar-cpf\/"},"wordCount":435,"publisher":{"@id":"https:\/\/www.suno.com.br\/noticias\/#organization"},"image":{"@id":"https:\/\/www.suno.com.br\/noticias\/segunda-parcela-decimo-terceiro-13o-salario-pagar-cpf\/#primaryimage"},"thumbnailUrl":"https:\/\/files.sunoresearch.com.br\/n\/uploads\/2023\/12\/salario-decimo-terceiro-pagamento-parcela.jpg","keywords":["Imposto de Renda","sal\u00e1rio m\u00ednimo"],"articleSection":["Finan\u00e7as Pessoais"],"inLanguage":"pt-BR"},{"@type":"WebPage","@id":"https:\/\/www.suno.com.br\/noticias\/segunda-parcela-decimo-terceiro-13o-salario-pagar-cpf\/","url":"https:\/\/www.suno.com.br\/noticias\/segunda-parcela-decimo-terceiro-13o-salario-pagar-cpf\/","name":"\u00c9 amanh\u00e3: parcela do 13\u00ba sal\u00e1rio deve ser paga at\u00e9 esta quarta-feira (20)","isPartOf":{"@id":"https:\/\/www.suno.com.br\/noticias\/#website"},"primaryImageOfPage":{"@id":"https:\/\/www.suno.com.br\/noticias\/segunda-parcela-decimo-terceiro-13o-salario-pagar-cpf\/#primaryimage"},"image":{"@id":"https:\/\/www.suno.com.br\/noticias\/segunda-parcela-decimo-terceiro-13o-salario-pagar-cpf\/#primaryimage"},"thumbnailUrl":"https:\/\/files.sunoresearch.com.br\/n\/uploads\/2023\/12\/salario-decimo-terceiro-pagamento-parcela.jpg","datePublished":"2023-12-19T11:13:00+00:00","description":"A segunda parcela do 13\u00ba sal\u00e1rio, diferente da primeira, sofre redu\u00e7\u00f5es dos descontos de Imposto de Renda (IR) e de INSS. Confira detalhes.","breadcrumb":{"@id":"https:\/\/www.suno.com.br\/noticias\/segunda-parcela-decimo-terceiro-13o-salario-pagar-cpf\/#breadcrumb"},"inLanguage":"pt-BR","potentialAction":[{"@type":"ReadAction","target":["https:\/\/www.suno.com.br\/noticias\/segunda-parcela-decimo-terceiro-13o-salario-pagar-cpf\/"]}]},{"@type":"ImageObject","inLanguage":"pt-BR","@id":"https:\/\/www.suno.com.br\/noticias\/segunda-parcela-decimo-terceiro-13o-salario-pagar-cpf\/#primaryimage","url":"https:\/\/files.sunoresearch.com.br\/n\/uploads\/2023\/12\/salario-decimo-terceiro-pagamento-parcela.jpg","contentUrl":"https:\/\/files.sunoresearch.com.br\/n\/uploads\/2023\/12\/salario-decimo-terceiro-pagamento-parcela.jpg","width":1200,"height":800,"caption":"Empresa - Foto: Unsplash"},{"@type":"BreadcrumbList","@id":"https:\/\/www.suno.com.br\/noticias\/segunda-parcela-decimo-terceiro-13o-salario-pagar-cpf\/#breadcrumb","itemListElement":[{"@type":"ListItem","position":1,"name":"Not\u00edcias","item":"https:\/\/www.suno.com.br\/noticias\/"},{"@type":"ListItem","position":2,"name":"Finan\u00e7as Pessoais","item":"https:\/\/www.suno.com.br\/noticias\/financas-pessoais\/"},{"@type":"ListItem","position":3,"name":"\u00c9 amanh\u00e3: parcela do 13\u00ba sal\u00e1rio dever\u00e1 ser paga at\u00e9 esta quarta-feira (20)"}]},{"@type":"WebSite","@id":"https:\/\/www.suno.com.br\/noticias\/#website","url":"https:\/\/www.suno.com.br\/noticias\/","name":"Suno Not\u00edcias","description":"Seu portal de informa\u00e7\u00e3o sobre o mundo dos investimentos","publisher":{"@id":"https:\/\/www.suno.com.br\/noticias\/#organization"},"potentialAction":[{"@type":"SearchAction","target":{"@type":"EntryPoint","urlTemplate":"https:\/\/www.suno.com.br\/noticias\/?s={search_term_string}"},"query-input":{"@type":"PropertyValueSpecification","valueRequired":true,"valueName":"search_term_string"}}],"inLanguage":"pt-BR"},{"@type":"Organization","@id":"https:\/\/www.suno.com.br\/noticias\/#organization","name":"Suno Not\u00edcias","url":"https:\/\/www.suno.com.br\/noticias\/","logo":{"@type":"ImageObject","inLanguage":"pt-BR","@id":"https:\/\/www.suno.com.br\/noticias\/#\/schema\/logo\/image\/","url":"https:\/\/files.sunoresearch.com.br\/n\/uploads\/2021\/09\/suno-logo.png","contentUrl":"https:\/\/files.sunoresearch.com.br\/n\/uploads\/2021\/09\/suno-logo.png","width":180,"height":180,"caption":"Suno Not\u00edcias"},"image":{"@id":"https:\/\/www.suno.com.br\/noticias\/#\/schema\/logo\/image\/"},"sameAs":["https:\/\/facebook.com\/sunoresearch","https:\/\/x.com\/sunoresearch","https:\/\/www.instagram.com\/suno","https:\/\/www.linkedin.com\/company\/suno-research\/","https:\/\/www.youtube.com\/c\/sunoresearch"]},{"@type":"Person","@id":"https:\/\/www.suno.com.br\/noticias\/#\/schema\/person\/f341d3ae5d1cc685176c9a5327cdfdbb","name":"Camila Paim","image":{"@type":"ImageObject","inLanguage":"pt-BR","@id":"https:\/\/www.suno.com.br\/noticias\/#\/schema\/person\/image\/","url":"https:\/\/secure.gravatar.com\/avatar\/f33728e65febb1aa7ecf6792956f9b20?s=96&r=g","contentUrl":"https:\/\/secure.gravatar.com\/avatar\/f33728e65febb1aa7ecf6792956f9b20?s=96&r=g","caption":"Camila Paim"},"description":"Jornalista formada pela USP, tem experi\u00eancia em reda\u00e7\u00f5es, SEO, Branded Content e Webdesign. Com passagem pelo Jornal da USP, Empiricus e C6 Bank, hoje \u00e9 rep\u00f3rter no Suno Not\u00edcias cobrindo macroeconomia, finan\u00e7as pessoais e startups.","url":"https:\/\/www.suno.com.br\/noticias\/author\/camila-figueiredosuno-com-br\/"}]}},"default_loop_html":"<div class=\"cardsPage__listCard__boxs\"><div class=\"cardsPage__listCard__boxs__img\"><a href=\"https:\/\/www.suno.com.br\/noticias\/segunda-parcela-decimo-terceiro-13o-salario-pagar-cpf\/\"><img class=\"mask\" src=\"https:\/\/www.suno.com.br\/noticias\/wp-content\/themes\/suno\/resources\/images\/spotlight\/spotlight1img\/bg-mask.png\" alt=\"Image Mask\"\/><img src=\"https:\/\/files.sunoresearch.com.br\/n\/uploads\/2023\/12\/salario-decimo-terceiro-pagamento-parcela-400x200.jpg\" alt=\"\u00c9 amanh\u00e3: parcela do 13\u00ba sal\u00e1rio dever\u00e1 ser paga at\u00e9 esta quarta-feira (20)\"\/><\/a><span class=\"spotlightCategory\"><a href=\"https:\/\/www.suno.com.br\/noticias\/financas-pessoais\/\">Finan\u00e7as Pessoais<\/a><\/span><\/div><div class=\"cardsPage__listCard__boxs__content\"><a href=\"https:\/\/www.suno.com.br\/noticias\/segunda-parcela-decimo-terceiro-13o-salario-pagar-cpf\/\"><h2 class=\"content__title\">\u00c9 amanh\u00e3: parcela do 13\u00ba sal\u00e1rio dever\u00e1 ser paga at\u00e9 esta quarta-feira (20)<\/h2><\/a><div class=\"newsContent__article__meta\"><div class=\"newsContent__article__meta__authorBox\"><a href=\"https:\/\/www.suno.com.br\/noticias\/author\/camila-figueiredosuno-com-br\/\" class=\"authorBox__avatar noMobi\"><img src=\"https:\/\/files.sunoresearch.com.br\/n\/uploads\/2024\/05\/camila-paim-square-150x150.jpg\" alt=\"Camila Paim\"><\/a><div class=\"authorBox__name\"><span>por\n\t\t\t<a href=\"https:\/\/www.suno.com.br\/noticias\/author\/camila-figueiredosuno-com-br\/\"><span itemprop=\"author\">Camila Paim<\/span><\/a><\/span><time datetime=\"2023-12-19T08:13:00-03:00\" itemprop=\"datePublished\">19\/12\/2023 08:13<\/time><\/div><\/div><\/div><\/div><\/div>","single_layout":"posts","amp_enabled":true,"_links":{"self":[{"href":"https:\/\/www.suno.com.br\/noticias\/wp-json\/wp\/v2\/posts\/502039"}],"collection":[{"href":"https:\/\/www.suno.com.br\/noticias\/wp-json\/wp\/v2\/posts"}],"about":[{"href":"https:\/\/www.suno.com.br\/noticias\/wp-json\/wp\/v2\/types\/post"}],"author":[{"embeddable":true,"href":"https:\/\/www.suno.com.br\/noticias\/wp-json\/wp\/v2\/users\/283"}],"replies":[{"embeddable":true,"href":"https:\/\/www.suno.com.br\/noticias\/wp-json\/wp\/v2\/comments?post=502039"}],"version-history":[{"count":2,"href":"https:\/\/www.suno.com.br\/noticias\/wp-json\/wp\/v2\/posts\/502039\/revisions"}],"predecessor-version":[{"id":502418,"href":"https:\/\/www.suno.com.br\/noticias\/wp-json\/wp\/v2\/posts\/502039\/revisions\/502418"}],"wp:featuredmedia":[{"embeddable":true,"href":"https:\/\/www.suno.com.br\/noticias\/wp-json\/wp\/v2\/media\/502065"}],"wp:attachment":[{"href":"https:\/\/www.suno.com.br\/noticias\/wp-json\/wp\/v2\/media?parent=502039"}],"wp:term":[{"taxonomy":"category","embeddable":true,"href":"https:\/\/www.suno.com.br\/noticias\/wp-json\/wp\/v2\/categories?post=502039"},{"taxonomy":"post_tag","embeddable":true,"href":"https:\/\/www.suno.com.br\/noticias\/wp-json\/wp\/v2\/tags?post=502039"},{"taxonomy":"suno_strategy","embeddable":true,"href":"https:\/\/www.suno.com.br\/noticias\/wp-json\/wp\/v2\/suno_strategy?post=502039"}],"curies":[{"name":"wp","href":"https:\/\/api.w.org\/{rel}","templated":true}]}}