{"id":501691,"date":"2023-12-17T17:21:15","date_gmt":"2023-12-17T20:21:15","guid":{"rendered":"https:\/\/www.suno.com.br\/noticias\/?p=501691"},"modified":"2023-12-17T17:22:47","modified_gmt":"2023-12-17T20:22:47","slug":"xp-espaco-loja-conceito-crescimento-mercado-regiao-mal","status":"publish","type":"post","link":"https:\/\/www.suno.com.br\/noticias\/xp-espaco-loja-conceito-crescimento-mercado-regiao-mal\/","title":{"rendered":"Loja conceito: Espa\u00e7o XP \u00e9 inaugurado em Fortaleza, com foco no crescimento do mercado de investimentos"},"content":{"rendered":"<p>A <strong>XP<\/strong> inaugurou em Fortaleza a primeira unidade no Nordeste do Espa\u00e7o XP. projetado para ser um hub de experi\u00eancias para investidores e profissionais do <a class=\"suno-keyword\" data-force=\"no\" data-priority=\"2\" href=\"https:\/\/www.suno.com.br\/guias\/mercado-financeiro\/\" target=\"_blank\" rel=\"noopener\">mercado financeiro<\/a> na regi\u00e3o. Funciona no Shopping Jardins Open Mall, em Aldeota. &#8220;O espa\u00e7o faz parte do plano de regionaliza\u00e7\u00e3o da marca, que visa a expans\u00e3o local onde a empresa j\u00e1 tem presen\u00e7a s\u00f3lida por meio de escrit\u00f3rios de investimentos parceiros e assessores&#8221;, diz a empresa.<\/p>\t<div class=\"wrapper-featured-image\">\n\t\t<figure class=\"spotlightImg\">\n\n\t\t\t<picture>\n\t\t\t\t<source media=\"(max-width: 768px)\" srcset=\"https:\/\/files.sunoresearch.com.br\/n\/uploads\/2023\/12\/Espaco-XP-Fortaleza-1-400x200.jpg\">\n\t\t\t\t<img loading=\"lazy\" decoding=\"async\" class=\"newsContent__article__imgCapa lazyloadDisabled \" src=\"https:\/\/files.sunoresearch.com.br\/n\/uploads\/2023\/12\/Espaco-XP-Fortaleza-1-800x450.jpg\" width=\"800\" height=\"450\" alt=\"Loja conceito: Espa\u00e7o XP \u00e9 inaugurado em Fortaleza, com foco no crescimento do mercado de investimentos\" fetchpriority=high \/>\n\t\t\t<\/picture>\n\n\t\t\t<figcaption class=\"wp-caption-text wp-caption-text--show\">Espa\u00e7o XP. Foto: Divulga\u00e7\u00e3o<\/figcaption>\n\t\t<\/figure>\n\t<\/div>\n\n\n\n\n\n\t<p>\n\t\t<a href=\"https:\/\/lp.suno.com.br\/planilha-da-vida-financeira\/\" target=\"_blank\" data-element=\"shortcode-suno-banner\" title=\"Banner SUNO, clique e saiba mais\">\n\t\t\t<picture>\n\t\t\t\t<source media=\"(max-width: 500px)\" srcset=\"https:\/\/files.sunoresearch.com.br\/n\/uploads\/2023\/04\/400x300-Planilha-vida-financeira-true.png\">\n\t\t\t\t<img class=\"newsContent__article__imgCapa newsContent__article__imgCapa--banner\"\n\t\t\t\t\tsrc=\"https:\/\/files.sunoresearch.com.br\/n\/uploads\/2023\/04\/1420x240-Planilha-vida-financeira-true.png\"\n\t\t\t\t\tdata-promo-id=\"106682\"\t\t\t\t\t\t\t\t\t\twidth='1420' height='240'\t\t\t\t\talt=\"https:\/\/files.sunoresearch.com.br\/n\/uploads\/2023\/04\/1420x240-Planilha-vida-financeira-true.png\"\n\t\t\t\t>\n\t\t\t<\/picture>\n\t\t<\/a>\n\t<\/p>\n\n\n\n\n\n\n\n<p>Inspirado em experi\u00eancias de marcas de alto valor agregado, o formato do <strong>Espa\u00e7o XP <\/strong>foi inicialmente lan\u00e7ado em Manaus e, mais recentemente, em Bras\u00edlia. &#8220;A presen\u00e7a da marca nessas regi\u00f5es impulsionou os parceiros locais, gerou aumento de abertura de contas e de capta\u00e7\u00e3o por assessor, resultado que \u00e9 esperado no novo ambiente em Fortaleza&#8221;, diz Guilherme Sant&#8217;Anna, diretor de canais da XP Inc.<\/p>\n\n\n\n<p>&#8220;Com o<strong> lan\u00e7amento do Espa\u00e7o XP<\/strong> em Manaus e em Bras\u00edlia, conseguimos validar o que j\u00e1 esper\u00e1vamos com esse investimento. Agora, em Fortaleza, buscamos fortalecer o relacionamento com clientes, impulsionar o crescimento e capturar oportunidades de neg\u00f3cio na regi\u00e3o. Para os nossos escrit\u00f3rios parceiros, tamb\u00e9m tem um papel de fortalecer os empreendedores locais com a presen\u00e7a da marca XP &#8220;, acrescenta Sant\u2019Anna.<\/p>\n\n\n\n<p>A <strong>loja conceito<\/strong> projetada pela XP \u00e9 &#8220;parte importante da estrat\u00e9gia para concretizar uma das principais ambi\u00e7\u00f5es institucionais, de democratizar o acesso ao <a class=\"suno-keyword\" target=\"_blank\" data-force=\"no\" data-priority=\"2\" href=\"https:\/\/www.suno.com.br\/guias\/mercado-financeiro\/\" rel=\"noopener\">mercado financeiro<\/a> para o brasileiro em cada regi\u00e3o do pa\u00eds&#8221;. <\/p>\n\n\n\n<p>O espa\u00e7o ser\u00e1 dedicado ao relacionamento dos assessores e a promo\u00e7\u00e3o da <strong>educa\u00e7\u00e3o financeira<\/strong> por meio de palestras, eventos e workshops para investidores com especialistas que s\u00e3o refer\u00eancia no mercado e v\u00e3o promover discuss\u00f5es sobre temas que impactam a vida do investidor e fazem a economia acontecer em Fortaleza.<\/p>\n\n\n\t<p>\n\t\t<a href=\"https:\/\/lp.suno.com.br\/ebook-como-analisar-uma-acao\/\" target=\"_blank\" data-element=\"shortcode-suno-banner\" title=\"Banner SUNO, clique e saiba mais\">\n\t\t\t<picture>\n\t\t\t\t<source media=\"(max-width: 500px)\" srcset=\"https:\/\/files.sunoresearch.com.br\/n\/uploads\/2023\/03\/Ebook-Acoes-Mobile.jpg\">\n\t\t\t\t<img class=\"newsContent__article__imgCapa newsContent__article__imgCapa--banner\"\n\t\t\t\t\tsrc=\"https:\/\/files.sunoresearch.com.br\/n\/uploads\/2023\/03\/Ebook-Acoes-Desktop.jpg\"\n\t\t\t\t\tdata-promo-id=\"378302\"\t\t\t\t\t\t\t\t\t\twidth='1420' height='286'\t\t\t\t\talt=\"https:\/\/files.sunoresearch.com.br\/n\/uploads\/2023\/03\/Ebook-Acoes-Desktop.jpg\"\n\t\t\t\t>\n\t\t\t<\/picture>\n\t\t<\/a>\n\t<\/p>\n\n\n\n\n\n<h2 class=\"wp-block-heading\">Espa\u00e7o XP quer fortalecer v\u00ednculo de investidores com os assessores<\/h2>\n\n\n\n<p>&#8220;A iniciativa desempenha um papel crucial ao proporcionar um ambiente prop\u00edcio para relacionamento mais pr\u00f3ximo com os clientes ao mesmo tempo em que fortalece os empreendedores na cidade, de acordo com as necessidades do fortalezense&#8221;, explica a companhia.<\/p>\n\n\n\n<p>\u201cO espa\u00e7o foi projetado para refletir a <strong>experi\u00eancia XP <\/strong>e proporcionar aos investidores de Fortaleza a seguran\u00e7a necess\u00e1ria para fortalecer o v\u00ednculo com os assessores. Para a empresa, a iniciativa deve impactar positivamente os \u00edndices de conhecimento da marca no Nordeste, em um contexto de um apetite crescente por investimentos na regi\u00e3o.&#8221;, explica Lisandro Lopez, CMO da XP Inc.<\/p>\n\n\n\n<p>A regi\u00e3o Nordeste concentra mais de R$ 38 bilh\u00f5es em investimentos de <a class=\"suno-keyword\" data-force=\"no\" data-priority=\"1\" href=\"https:\/\/www.suno.com.br\/artigos\/pessoa-fisica\/\" target=\"_blank\" rel=\"noopener\">pessoa f\u00edsica<\/a> na <strong>bolsa de valores brasileira<\/strong>, a B3, com mais de 653 mil investidores. S\u00f3 no Cear\u00e1 s\u00e3o mais de 128 mil investidores pessoas f\u00edsica, com valor em investimentos superando R$ 8 bilh\u00f5es. <\/p>\n\n\n\n<p>O espa\u00e7o em Forleza disponibilizar\u00e1 em 290m\u00b2 salas de reuni\u00e3o, espa\u00e7o para eventos e relacionamento. A estrat\u00e9gia da companhia prev\u00ea a inaugura\u00e7\u00e3o de mais tr\u00eas unidades do Espa\u00e7o <strong>XP<\/strong> nos pr\u00f3ximos meses.<\/p>\n\n\n\t<p>\n\t\t<a href=\"https:\/\/lp.suno.com.br\/planilha-da-vida-financeira\/\" target=\"_blank\" data-element=\"shortcode-suno-banner\" title=\"Banner SUNO, clique e saiba mais\">\n\t\t\t<picture>\n\t\t\t\t<source media=\"(max-width: 500px)\" srcset=\"https:\/\/files.sunoresearch.com.br\/n\/uploads\/2023\/04\/400x300-Planilha-vida-financeira-true.png\">\n\t\t\t\t<img class=\"newsContent__article__imgCapa newsContent__article__imgCapa--banner\"\n\t\t\t\t\tsrc=\"https:\/\/files.sunoresearch.com.br\/n\/uploads\/2023\/04\/1420x240-Planilha-vida-financeira-true.png\"\n\t\t\t\t\tdata-promo-id=\"383123\"\t\t\t\t\t\t\t\t\t\twidth='1420' height='240'\t\t\t\t\talt=\"https:\/\/files.sunoresearch.com.br\/n\/uploads\/2023\/04\/1420x240-Planilha-vida-financeira-true.png\"\n\t\t\t\t>\n\t\t\t<\/picture>\n\t\t<\/a>\n\t<\/p>\n\n\n","protected":false},"excerpt":{"rendered":"<p>A XP inaugurou em Fortaleza a primeira unidade no Nordeste do Espa\u00e7o XP. projetado para ser um hub de experi\u00eancias para investidores e profissionais do mercado financeiro na regi\u00e3o. Funciona no Shopping Jardins Open Mall, em Aldeota. &#8220;O espa\u00e7o faz parte do plano de regionaliza\u00e7\u00e3o da marca, que visa a expans\u00e3o local onde a empresa [&hellip;]<\/p>\n","protected":false},"author":98,"featured_media":501698,"comment_status":"closed","ping_status":"closed","sticky":false,"template":"","format":"standard","meta":[],"categories":[64],"tags":[888],"suno_strategy":[],"class_list":["post-501691","post","type-post","status-publish","format-standard","has-post-thumbnail","hentry","category-negocios","tag-xp-investimentos"],"yoast_head":"<!-- This site is optimized with the Yoast SEO plugin v24.4 - https:\/\/yoast.com\/wordpress\/plugins\/seo\/ -->\n<title>Espa\u00e7o XP \u00e9 inaugurado em Fortaleza, para expandir mercado local<\/title>\n<meta name=\"description\" content=\"A XP inaugurou em Fortaleza a primeira unidade no Nordeste do Espa\u00e7o XP, hub de experi\u00eancias para investidores e profissionais do mercado\" \/>\n<meta name=\"robots\" content=\"index, follow, max-snippet:-1, max-image-preview:large, max-video-preview:-1\" \/>\n<link rel=\"canonical\" href=\"https:\/\/www.suno.com.br\/noticias\/xp-espaco-loja-conceito-crescimento-mercado-regiao-mal\/\" \/>\n<meta property=\"og:locale\" content=\"pt_BR\" \/>\n<meta property=\"og:type\" content=\"article\" \/>\n<meta property=\"og:title\" content=\"Espa\u00e7o XP \u00e9 inaugurado em Fortaleza, para expandir mercado local\" \/>\n<meta property=\"og:description\" content=\"A XP inaugurou em Fortaleza a primeira unidade no Nordeste do Espa\u00e7o XP, hub de experi\u00eancias para investidores e profissionais do mercado\" \/>\n<meta property=\"og:url\" content=\"https:\/\/www.suno.com.br\/noticias\/xp-espaco-loja-conceito-crescimento-mercado-regiao-mal\/\" \/>\n<meta property=\"og:site_name\" content=\"Suno Not\u00edcias\" \/>\n<meta property=\"article:publisher\" content=\"https:\/\/facebook.com\/sunoresearch\" \/>\n<meta property=\"og:image\" content=\"https:\/\/files.sunoresearch.com.br\/n\/uploads\/2023\/12\/Espaco-XP-Fortaleza-1.jpg\" \/>\n\t<meta property=\"og:image:width\" content=\"1280\" \/>\n\t<meta property=\"og:image:height\" content=\"853\" \/>\n\t<meta property=\"og:image:type\" content=\"image\/jpeg\" \/>\n<meta name=\"author\" content=\"Marco Ant\u00f4nio Lopes\" \/>\n<meta name=\"twitter:card\" content=\"summary_large_image\" \/>\n<meta name=\"twitter:creator\" content=\"@sunoresearch\" \/>\n<meta name=\"twitter:site\" content=\"@sunoresearch\" \/>\n<meta name=\"twitter:label1\" content=\"Escrito por\" \/>\n\t<meta name=\"twitter:data1\" content=\"Marco Ant\u00f4nio Lopes\" \/>\n\t<meta name=\"twitter:label2\" content=\"Est. tempo de leitura\" \/>\n\t<meta name=\"twitter:data2\" content=\"3 minutos\" \/>\n<script type=\"application\/ld+json\" class=\"yoast-schema-graph\">{\"@context\":\"https:\/\/schema.org\",\"@graph\":[{\"@type\":\"NewsArticle\",\"@id\":\"https:\/\/www.suno.com.br\/noticias\/xp-espaco-loja-conceito-crescimento-mercado-regiao-mal\/#article\",\"isPartOf\":{\"@id\":\"https:\/\/www.suno.com.br\/noticias\/xp-espaco-loja-conceito-crescimento-mercado-regiao-mal\/\"},\"author\":{\"name\":\"Marco Ant\u00f4nio Lopes\",\"@id\":\"https:\/\/www.suno.com.br\/noticias\/#\/schema\/person\/829bbe8d57f84333b966b96229c6bf5f\"},\"headline\":\"Loja conceito: Espa\u00e7o XP \u00e9 inaugurado em Fortaleza, com foco no crescimento do mercado de investimentos\",\"datePublished\":\"2023-12-17T20:21:15+00:00\",\"dateModified\":\"2023-12-17T20:22:47+00:00\",\"mainEntityOfPage\":{\"@id\":\"https:\/\/www.suno.com.br\/noticias\/xp-espaco-loja-conceito-crescimento-mercado-regiao-mal\/\"},\"wordCount\":543,\"publisher\":{\"@id\":\"https:\/\/www.suno.com.br\/noticias\/#organization\"},\"image\":{\"@id\":\"https:\/\/www.suno.com.br\/noticias\/xp-espaco-loja-conceito-crescimento-mercado-regiao-mal\/#primaryimage\"},\"thumbnailUrl\":\"https:\/\/files.sunoresearch.com.br\/n\/uploads\/2023\/12\/Espaco-XP-Fortaleza-1.jpg\",\"keywords\":[\"XP Investimentos\"],\"articleSection\":[\"Neg\u00f3cios\"],\"inLanguage\":\"pt-BR\"},{\"@type\":\"WebPage\",\"@id\":\"https:\/\/www.suno.com.br\/noticias\/xp-espaco-loja-conceito-crescimento-mercado-regiao-mal\/\",\"url\":\"https:\/\/www.suno.com.br\/noticias\/xp-espaco-loja-conceito-crescimento-mercado-regiao-mal\/\",\"name\":\"Espa\u00e7o XP \u00e9 inaugurado em Fortaleza, para expandir mercado local\",\"isPartOf\":{\"@id\":\"https:\/\/www.suno.com.br\/noticias\/#website\"},\"primaryImageOfPage\":{\"@id\":\"https:\/\/www.suno.com.br\/noticias\/xp-espaco-loja-conceito-crescimento-mercado-regiao-mal\/#primaryimage\"},\"image\":{\"@id\":\"https:\/\/www.suno.com.br\/noticias\/xp-espaco-loja-conceito-crescimento-mercado-regiao-mal\/#primaryimage\"},\"thumbnailUrl\":\"https:\/\/files.sunoresearch.com.br\/n\/uploads\/2023\/12\/Espaco-XP-Fortaleza-1.jpg\",\"datePublished\":\"2023-12-17T20:21:15+00:00\",\"dateModified\":\"2023-12-17T20:22:47+00:00\",\"description\":\"A XP inaugurou em Fortaleza a primeira unidade no Nordeste do Espa\u00e7o XP, hub de experi\u00eancias para investidores e profissionais do mercado\",\"breadcrumb\":{\"@id\":\"https:\/\/www.suno.com.br\/noticias\/xp-espaco-loja-conceito-crescimento-mercado-regiao-mal\/#breadcrumb\"},\"inLanguage\":\"pt-BR\",\"potentialAction\":[{\"@type\":\"ReadAction\",\"target\":[\"https:\/\/www.suno.com.br\/noticias\/xp-espaco-loja-conceito-crescimento-mercado-regiao-mal\/\"]}]},{\"@type\":\"ImageObject\",\"inLanguage\":\"pt-BR\",\"@id\":\"https:\/\/www.suno.com.br\/noticias\/xp-espaco-loja-conceito-crescimento-mercado-regiao-mal\/#primaryimage\",\"url\":\"https:\/\/files.sunoresearch.com.br\/n\/uploads\/2023\/12\/Espaco-XP-Fortaleza-1.jpg\",\"contentUrl\":\"https:\/\/files.sunoresearch.com.br\/n\/uploads\/2023\/12\/Espaco-XP-Fortaleza-1.jpg\",\"width\":1280,\"height\":853,\"caption\":\"Espa\u00e7o XP. Foto: Divulga\u00e7\u00e3o\"},{\"@type\":\"BreadcrumbList\",\"@id\":\"https:\/\/www.suno.com.br\/noticias\/xp-espaco-loja-conceito-crescimento-mercado-regiao-mal\/#breadcrumb\",\"itemListElement\":[{\"@type\":\"ListItem\",\"position\":1,\"name\":\"Not\u00edcias\",\"item\":\"https:\/\/www.suno.com.br\/noticias\/\"},{\"@type\":\"ListItem\",\"position\":2,\"name\":\"Neg\u00f3cios\",\"item\":\"https:\/\/www.suno.com.br\/noticias\/negocios\/\"},{\"@type\":\"ListItem\",\"position\":3,\"name\":\"Loja conceito: Espa\u00e7o XP \u00e9 inaugurado em Fortaleza, com foco no crescimento do mercado de investimentos\"}]},{\"@type\":\"WebSite\",\"@id\":\"https:\/\/www.suno.com.br\/noticias\/#website\",\"url\":\"https:\/\/www.suno.com.br\/noticias\/\",\"name\":\"Suno Not\u00edcias\",\"description\":\"Seu portal de informa\u00e7\u00e3o sobre o mundo dos investimentos\",\"publisher\":{\"@id\":\"https:\/\/www.suno.com.br\/noticias\/#organization\"},\"potentialAction\":[{\"@type\":\"SearchAction\",\"target\":{\"@type\":\"EntryPoint\",\"urlTemplate\":\"https:\/\/www.suno.com.br\/noticias\/?s={search_term_string}\"},\"query-input\":{\"@type\":\"PropertyValueSpecification\",\"valueRequired\":true,\"valueName\":\"search_term_string\"}}],\"inLanguage\":\"pt-BR\"},{\"@type\":\"Organization\",\"@id\":\"https:\/\/www.suno.com.br\/noticias\/#organization\",\"name\":\"Suno Not\u00edcias\",\"url\":\"https:\/\/www.suno.com.br\/noticias\/\",\"logo\":{\"@type\":\"ImageObject\",\"inLanguage\":\"pt-BR\",\"@id\":\"https:\/\/www.suno.com.br\/noticias\/#\/schema\/logo\/image\/\",\"url\":\"https:\/\/files.sunoresearch.com.br\/n\/uploads\/2021\/09\/suno-logo.png\",\"contentUrl\":\"https:\/\/files.sunoresearch.com.br\/n\/uploads\/2021\/09\/suno-logo.png\",\"width\":180,\"height\":180,\"caption\":\"Suno Not\u00edcias\"},\"image\":{\"@id\":\"https:\/\/www.suno.com.br\/noticias\/#\/schema\/logo\/image\/\"},\"sameAs\":[\"https:\/\/facebook.com\/sunoresearch\",\"https:\/\/x.com\/sunoresearch\",\"https:\/\/www.instagram.com\/suno\",\"https:\/\/www.linkedin.com\/company\/suno-research\/\",\"https:\/\/www.youtube.com\/c\/sunoresearch\"]},{\"@type\":\"Person\",\"@id\":\"https:\/\/www.suno.com.br\/noticias\/#\/schema\/person\/829bbe8d57f84333b966b96229c6bf5f\",\"name\":\"Marco Ant\u00f4nio Lopes\",\"image\":{\"@type\":\"ImageObject\",\"inLanguage\":\"pt-BR\",\"@id\":\"https:\/\/www.suno.com.br\/noticias\/#\/schema\/person\/image\/\",\"url\":\"https:\/\/secure.gravatar.com\/avatar\/385167b012fbc1cde32c5446ee253313?s=96&r=g\",\"contentUrl\":\"https:\/\/secure.gravatar.com\/avatar\/385167b012fbc1cde32c5446ee253313?s=96&r=g\",\"caption\":\"Marco Ant\u00f4nio Lopes\"},\"description\":\"Jornalista, \u00e9 editor no Suno Not\u00edcias. Trabalhou nas revistas Playboy, Super, Veja Comer &amp; Beber, Homem Vogue e Universo Masculino, al\u00e9m dos portais Abril.com, R7, nas editorias de Home, Esportes, Hora 7, Entretenimento e Geral, e Eu Quero Investir. Autor do livro Bruce Lee: Definitivo (Editora Conrad). Colaborou nas revistas Nova, Veja SP, Grandes Guerras, Placar, Bizz, Casa Claudia e Quatro Rodas.\",\"url\":\"https:\/\/www.suno.com.br\/noticias\/author\/marco-lopes\/\"}]}<\/script>\n<!-- \/ Yoast SEO plugin. -->","yoast_head_json":{"title":"Espa\u00e7o XP \u00e9 inaugurado em Fortaleza, para expandir mercado local","description":"A XP inaugurou em Fortaleza a primeira unidade no Nordeste do Espa\u00e7o XP, hub de experi\u00eancias para investidores e profissionais do mercado","robots":{"index":"index","follow":"follow","max-snippet":"max-snippet:-1","max-image-preview":"max-image-preview:large","max-video-preview":"max-video-preview:-1"},"canonical":"https:\/\/www.suno.com.br\/noticias\/xp-espaco-loja-conceito-crescimento-mercado-regiao-mal\/","og_locale":"pt_BR","og_type":"article","og_title":"Espa\u00e7o XP \u00e9 inaugurado em Fortaleza, para expandir mercado local","og_description":"A XP inaugurou em Fortaleza a primeira unidade no Nordeste do Espa\u00e7o XP, hub de experi\u00eancias para investidores e profissionais do mercado","og_url":"https:\/\/www.suno.com.br\/noticias\/xp-espaco-loja-conceito-crescimento-mercado-regiao-mal\/","og_site_name":"Suno Not\u00edcias","article_publisher":"https:\/\/facebook.com\/sunoresearch","og_image":[{"width":1280,"height":853,"url":"https:\/\/files.sunoresearch.com.br\/n\/uploads\/2023\/12\/Espaco-XP-Fortaleza-1.jpg","type":"image\/jpeg"}],"author":"Marco Ant\u00f4nio Lopes","twitter_card":"summary_large_image","twitter_creator":"@sunoresearch","twitter_site":"@sunoresearch","twitter_misc":{"Escrito por":"Marco Ant\u00f4nio Lopes","Est. tempo de leitura":"3 minutos"},"schema":{"@context":"https:\/\/schema.org","@graph":[{"@type":"NewsArticle","@id":"https:\/\/www.suno.com.br\/noticias\/xp-espaco-loja-conceito-crescimento-mercado-regiao-mal\/#article","isPartOf":{"@id":"https:\/\/www.suno.com.br\/noticias\/xp-espaco-loja-conceito-crescimento-mercado-regiao-mal\/"},"author":{"name":"Marco Ant\u00f4nio Lopes","@id":"https:\/\/www.suno.com.br\/noticias\/#\/schema\/person\/829bbe8d57f84333b966b96229c6bf5f"},"headline":"Loja conceito: Espa\u00e7o XP \u00e9 inaugurado em Fortaleza, com foco no crescimento do mercado de investimentos","datePublished":"2023-12-17T20:21:15+00:00","dateModified":"2023-12-17T20:22:47+00:00","mainEntityOfPage":{"@id":"https:\/\/www.suno.com.br\/noticias\/xp-espaco-loja-conceito-crescimento-mercado-regiao-mal\/"},"wordCount":543,"publisher":{"@id":"https:\/\/www.suno.com.br\/noticias\/#organization"},"image":{"@id":"https:\/\/www.suno.com.br\/noticias\/xp-espaco-loja-conceito-crescimento-mercado-regiao-mal\/#primaryimage"},"thumbnailUrl":"https:\/\/files.sunoresearch.com.br\/n\/uploads\/2023\/12\/Espaco-XP-Fortaleza-1.jpg","keywords":["XP Investimentos"],"articleSection":["Neg\u00f3cios"],"inLanguage":"pt-BR"},{"@type":"WebPage","@id":"https:\/\/www.suno.com.br\/noticias\/xp-espaco-loja-conceito-crescimento-mercado-regiao-mal\/","url":"https:\/\/www.suno.com.br\/noticias\/xp-espaco-loja-conceito-crescimento-mercado-regiao-mal\/","name":"Espa\u00e7o XP \u00e9 inaugurado em Fortaleza, para expandir mercado local","isPartOf":{"@id":"https:\/\/www.suno.com.br\/noticias\/#website"},"primaryImageOfPage":{"@id":"https:\/\/www.suno.com.br\/noticias\/xp-espaco-loja-conceito-crescimento-mercado-regiao-mal\/#primaryimage"},"image":{"@id":"https:\/\/www.suno.com.br\/noticias\/xp-espaco-loja-conceito-crescimento-mercado-regiao-mal\/#primaryimage"},"thumbnailUrl":"https:\/\/files.sunoresearch.com.br\/n\/uploads\/2023\/12\/Espaco-XP-Fortaleza-1.jpg","datePublished":"2023-12-17T20:21:15+00:00","dateModified":"2023-12-17T20:22:47+00:00","description":"A XP inaugurou em Fortaleza a primeira unidade no Nordeste do Espa\u00e7o XP, hub de experi\u00eancias para investidores e profissionais do mercado","breadcrumb":{"@id":"https:\/\/www.suno.com.br\/noticias\/xp-espaco-loja-conceito-crescimento-mercado-regiao-mal\/#breadcrumb"},"inLanguage":"pt-BR","potentialAction":[{"@type":"ReadAction","target":["https:\/\/www.suno.com.br\/noticias\/xp-espaco-loja-conceito-crescimento-mercado-regiao-mal\/"]}]},{"@type":"ImageObject","inLanguage":"pt-BR","@id":"https:\/\/www.suno.com.br\/noticias\/xp-espaco-loja-conceito-crescimento-mercado-regiao-mal\/#primaryimage","url":"https:\/\/files.sunoresearch.com.br\/n\/uploads\/2023\/12\/Espaco-XP-Fortaleza-1.jpg","contentUrl":"https:\/\/files.sunoresearch.com.br\/n\/uploads\/2023\/12\/Espaco-XP-Fortaleza-1.jpg","width":1280,"height":853,"caption":"Espa\u00e7o XP. Foto: Divulga\u00e7\u00e3o"},{"@type":"BreadcrumbList","@id":"https:\/\/www.suno.com.br\/noticias\/xp-espaco-loja-conceito-crescimento-mercado-regiao-mal\/#breadcrumb","itemListElement":[{"@type":"ListItem","position":1,"name":"Not\u00edcias","item":"https:\/\/www.suno.com.br\/noticias\/"},{"@type":"ListItem","position":2,"name":"Neg\u00f3cios","item":"https:\/\/www.suno.com.br\/noticias\/negocios\/"},{"@type":"ListItem","position":3,"name":"Loja conceito: Espa\u00e7o XP \u00e9 inaugurado em Fortaleza, com foco no crescimento do mercado de investimentos"}]},{"@type":"WebSite","@id":"https:\/\/www.suno.com.br\/noticias\/#website","url":"https:\/\/www.suno.com.br\/noticias\/","name":"Suno Not\u00edcias","description":"Seu portal de informa\u00e7\u00e3o sobre o mundo dos investimentos","publisher":{"@id":"https:\/\/www.suno.com.br\/noticias\/#organization"},"potentialAction":[{"@type":"SearchAction","target":{"@type":"EntryPoint","urlTemplate":"https:\/\/www.suno.com.br\/noticias\/?s={search_term_string}"},"query-input":{"@type":"PropertyValueSpecification","valueRequired":true,"valueName":"search_term_string"}}],"inLanguage":"pt-BR"},{"@type":"Organization","@id":"https:\/\/www.suno.com.br\/noticias\/#organization","name":"Suno Not\u00edcias","url":"https:\/\/www.suno.com.br\/noticias\/","logo":{"@type":"ImageObject","inLanguage":"pt-BR","@id":"https:\/\/www.suno.com.br\/noticias\/#\/schema\/logo\/image\/","url":"https:\/\/files.sunoresearch.com.br\/n\/uploads\/2021\/09\/suno-logo.png","contentUrl":"https:\/\/files.sunoresearch.com.br\/n\/uploads\/2021\/09\/suno-logo.png","width":180,"height":180,"caption":"Suno Not\u00edcias"},"image":{"@id":"https:\/\/www.suno.com.br\/noticias\/#\/schema\/logo\/image\/"},"sameAs":["https:\/\/facebook.com\/sunoresearch","https:\/\/x.com\/sunoresearch","https:\/\/www.instagram.com\/suno","https:\/\/www.linkedin.com\/company\/suno-research\/","https:\/\/www.youtube.com\/c\/sunoresearch"]},{"@type":"Person","@id":"https:\/\/www.suno.com.br\/noticias\/#\/schema\/person\/829bbe8d57f84333b966b96229c6bf5f","name":"Marco Ant\u00f4nio Lopes","image":{"@type":"ImageObject","inLanguage":"pt-BR","@id":"https:\/\/www.suno.com.br\/noticias\/#\/schema\/person\/image\/","url":"https:\/\/secure.gravatar.com\/avatar\/385167b012fbc1cde32c5446ee253313?s=96&r=g","contentUrl":"https:\/\/secure.gravatar.com\/avatar\/385167b012fbc1cde32c5446ee253313?s=96&r=g","caption":"Marco Ant\u00f4nio Lopes"},"description":"Jornalista, \u00e9 editor no Suno Not\u00edcias. Trabalhou nas revistas Playboy, Super, Veja Comer &amp; Beber, Homem Vogue e Universo Masculino, al\u00e9m dos portais Abril.com, R7, nas editorias de Home, Esportes, Hora 7, Entretenimento e Geral, e Eu Quero Investir. Autor do livro Bruce Lee: Definitivo (Editora Conrad). Colaborou nas revistas Nova, Veja SP, Grandes Guerras, Placar, Bizz, Casa Claudia e Quatro Rodas.","url":"https:\/\/www.suno.com.br\/noticias\/author\/marco-lopes\/"}]}},"default_loop_html":"<div class=\"cardsPage__listCard__boxs\"><div class=\"cardsPage__listCard__boxs__img\"><a href=\"https:\/\/www.suno.com.br\/noticias\/xp-espaco-loja-conceito-crescimento-mercado-regiao-mal\/\"><img class=\"mask\" src=\"https:\/\/www.suno.com.br\/noticias\/wp-content\/themes\/suno\/resources\/images\/spotlight\/spotlight1img\/bg-mask.png\" alt=\"Image Mask\"\/><img src=\"https:\/\/files.sunoresearch.com.br\/n\/uploads\/2023\/12\/Espaco-XP-Fortaleza-1-400x200.jpg\" alt=\"Loja conceito: Espa\u00e7o XP \u00e9 inaugurado em Fortaleza, com foco no crescimento do mercado de investimentos\"\/><\/a><span class=\"spotlightCategory\"><a href=\"https:\/\/www.suno.com.br\/noticias\/negocios\/\">Neg\u00f3cios<\/a><\/span><\/div><div class=\"cardsPage__listCard__boxs__content\"><a href=\"https:\/\/www.suno.com.br\/noticias\/xp-espaco-loja-conceito-crescimento-mercado-regiao-mal\/\"><h2 class=\"content__title\">Loja conceito: Espa\u00e7o XP \u00e9 inaugurado em Fortaleza, com foco no crescimento do mercado de investimentos<\/h2><\/a><div class=\"newsContent__article__meta\"><div class=\"newsContent__article__meta__authorBox\"><a href=\"https:\/\/www.suno.com.br\/noticias\/author\/marco-lopes\/\" class=\"authorBox__avatar noMobi\"><img src=\"https:\/\/secure.gravatar.com\/avatar\/385167b012fbc1cde32c5446ee253313?s=96&#038;r=g\" alt=\"Marco Ant\u00f4nio Lopes\"><\/a><div class=\"authorBox__name\"><span>por\n\t\t\t<a href=\"https:\/\/www.suno.com.br\/noticias\/author\/marco-lopes\/\"><span itemprop=\"author\">Marco Ant\u00f4nio Lopes<\/span><\/a><\/span><time datetime=\"2023-12-17T17:21:15-03:00\" itemprop=\"datePublished\">17\/12\/2023 17:21<\/time><\/div><\/div><\/div><\/div><\/div>","single_layout":"posts","amp_enabled":true,"_links":{"self":[{"href":"https:\/\/www.suno.com.br\/noticias\/wp-json\/wp\/v2\/posts\/501691"}],"collection":[{"href":"https:\/\/www.suno.com.br\/noticias\/wp-json\/wp\/v2\/posts"}],"about":[{"href":"https:\/\/www.suno.com.br\/noticias\/wp-json\/wp\/v2\/types\/post"}],"author":[{"embeddable":true,"href":"https:\/\/www.suno.com.br\/noticias\/wp-json\/wp\/v2\/users\/98"}],"replies":[{"embeddable":true,"href":"https:\/\/www.suno.com.br\/noticias\/wp-json\/wp\/v2\/comments?post=501691"}],"version-history":[{"count":2,"href":"https:\/\/www.suno.com.br\/noticias\/wp-json\/wp\/v2\/posts\/501691\/revisions"}],"predecessor-version":[{"id":501704,"href":"https:\/\/www.suno.com.br\/noticias\/wp-json\/wp\/v2\/posts\/501691\/revisions\/501704"}],"wp:featuredmedia":[{"embeddable":true,"href":"https:\/\/www.suno.com.br\/noticias\/wp-json\/wp\/v2\/media\/501698"}],"wp:attachment":[{"href":"https:\/\/www.suno.com.br\/noticias\/wp-json\/wp\/v2\/media?parent=501691"}],"wp:term":[{"taxonomy":"category","embeddable":true,"href":"https:\/\/www.suno.com.br\/noticias\/wp-json\/wp\/v2\/categories?post=501691"},{"taxonomy":"post_tag","embeddable":true,"href":"https:\/\/www.suno.com.br\/noticias\/wp-json\/wp\/v2\/tags?post=501691"},{"taxonomy":"suno_strategy","embeddable":true,"href":"https:\/\/www.suno.com.br\/noticias\/wp-json\/wp\/v2\/suno_strategy?post=501691"}],"curies":[{"name":"wp","href":"https:\/\/api.w.org\/{rel}","templated":true}]}}