{"id":501638,"date":"2023-12-17T16:46:08","date_gmt":"2023-12-17T19:46:08","guid":{"rendered":"https:\/\/www.suno.com.br\/noticias\/?p=501638"},"modified":"2023-12-17T16:46:11","modified_gmt":"2023-12-17T19:46:11","slug":"mercado-imobiliario-perspectivas-para-2024","status":"publish","type":"post","link":"https:\/\/www.suno.com.br\/noticias\/mercado-imobiliario-perspectivas-para-2024\/","title":{"rendered":"Mercado imobili\u00e1rio: quais s\u00e3o as perspectivas para 2024?"},"content":{"rendered":"<p>O <strong>mercado imobili\u00e1rio <\/strong>deve ficar est\u00e1vel ou ter um crescimento pequeno em 2024 na compara\u00e7\u00e3o com 2023, de acordo com estimativa de representantes do setor. A medida vale tanto para a cidade de S\u00e3o Paulo &#8211; onde se concentram os lan\u00e7amentos e vendas &#8211; como para o mercado nacional.<\/p>\t<div class=\"wrapper-featured-image\">\n\t\t<figure class=\"spotlightImg\">\n\n\t\t\t<picture>\n\t\t\t\t<source media=\"(max-width: 768px)\" srcset=\"https:\/\/files.sunoresearch.com.br\/n\/uploads\/2023\/05\/mcci11-predios-fiis-corporativos-investir-edificios-400x200.jpg\">\n\t\t\t\t<img loading=\"lazy\" decoding=\"async\" class=\"newsContent__article__imgCapa lazyloadDisabled \" src=\"https:\/\/files.sunoresearch.com.br\/n\/uploads\/2023\/05\/mcci11-predios-fiis-corporativos-investir-edificios-800x450.jpg\" width=\"800\" height=\"450\" alt=\"Mercado imobili\u00e1rio: quais s\u00e3o as perspectivas para 2024?\" fetchpriority=high \/>\n\t\t\t<\/picture>\n\n\t\t\t<figcaption class=\"wp-caption-text wp-caption-text--show\">Mercado imobili\u00e1rio - Foto: iStock<\/figcaption>\n\t\t<\/figure>\n\t<\/div>\n\n\n\n\n\n\t<p>\n\t\t<a href=\"https:\/\/lp.suno.com.br\/planilha-da-vida-financeira\/\" target=\"_blank\" data-element=\"shortcode-suno-banner\" title=\"Banner SUNO, clique e saiba mais\">\n\t\t\t<picture>\n\t\t\t\t<source media=\"(max-width: 500px)\" srcset=\"https:\/\/files.sunoresearch.com.br\/n\/uploads\/2023\/04\/400x300-Planilha-vida-financeira-true.png\">\n\t\t\t\t<img class=\"newsContent__article__imgCapa newsContent__article__imgCapa--banner\"\n\t\t\t\t\tsrc=\"https:\/\/files.sunoresearch.com.br\/n\/uploads\/2023\/04\/1420x240-Planilha-vida-financeira-true.png\"\n\t\t\t\t\tdata-promo-id=\"106682\"\t\t\t\t\t\t\t\t\t\twidth='1420' height='240'\t\t\t\t\talt=\"https:\/\/files.sunoresearch.com.br\/n\/uploads\/2023\/04\/1420x240-Planilha-vida-financeira-true.png\"\n\t\t\t\t>\n\t\t\t<\/picture>\n\t\t<\/a>\n\t<\/p>\n\n\n\n\n\n\n\n<p>A vis\u00e3o \u00e9 de que o ambiente econ\u00f4mico \u00e9 saud\u00e1vel no Pa\u00eds, com juros em queda, infla\u00e7\u00e3o controlada, desemprego baixo e crescimento do <a class=\"suno-keyword\" target=\"_blank\" data-force=\"no\" data-priority=\"2\" href=\"https:\/\/www.suno.com.br\/artigos\/pib-produto-interno-bruto\/\" rel=\"noopener\">Produto Interno Bruto (PIB)<\/a> &#8211; fatores que favorecem as vendas de <strong>moradias<\/strong>. Al\u00e9m disso, as novas regras do <strong>Minha Casa Minha Vida<\/strong> (MCMV) t\u00eam reaquecido o segmento popular, que deve liderar os <strong>lan\u00e7amentos imobili\u00e1rios<\/strong> no ano que vem.<\/p>\n\n\n\n<p>&#8220;Devemos ter um 2024 muito parecido com 2023, talvez um pouco melhor&#8221;, declarou o economista-chefe do Sindicato da Habita\u00e7\u00e3o (Secovi-SP), Celso Petrucci. Segundo ele, n\u00e3o h\u00e1 nada neste momento que indique alguma piora nas <strong>atividades do mercado imobili\u00e1rio<\/strong>. &#8220;Diferentemente dos anos anteriores, estamos entrando em um novo ano com perspectiva melhor.&#8221;<\/p>\n\n\n\n<p>Apesar das turbul\u00eancias da economia brasileira, o <strong>desempenho do mercado imobili\u00e1rio<\/strong> em 2023 pode ser considerado resiliente, comentou o presidente do Secovi-SP, Ely Werthein. &#8220;O ano est\u00e1 terminando de maneira muito superior ao que n\u00f3s imaginamos que iria acontecer&#8221;, disse.<\/p>\n\n\n\n<p>No acumulado dos \u00faltimos 12 meses at\u00e9 outubro, as<strong> vendas de im\u00f3veis<\/strong> residenciais novos na cidade de S\u00e3o Paulo tiveram alta de 8,7%, chegando a 75,8 mil unidades, enquanto os lan\u00e7amentos sofreram queda de 10,3%, para 73,3 mil unidades, segundo pesquisa do Secovi-SP.<\/p>\n\n\n\n<p>Com mais vendas do que lan\u00e7amentos, o estoque diminuiu 6,1% em um ano, para 61,4 mil unidades em outubro. Desse total, 35% s\u00e3o unidades na planta, 64% em obras e apenas 1% s\u00e3o moradias rec\u00e9m-constru\u00eddas. Ou seja: faltam apartamentos novos prontos para morar na capital paulista. Esse fato estimula a subida dos pre\u00e7os, apontou Werthein.<\/p>\n\n\n\n<p>No come\u00e7o de 2023, o clima era de incerteza sobre os rumos do Pa\u00eds devido \u00e0 troca do governo federal. J\u00e1 ao longo do ano ficou claro que a economia brasileira como um todo iria crescer mais que o projetado, o que ajudou o <strong>setor imobili\u00e1rio<\/strong>. &#8220;Aquele ciclo negativo come\u00e7ou a se esvair&#8221;, frisou Wertheim.<\/p>\n\n\n\n\t<div data-element=\"shortcode-read-more\" class=\"readToo\">\n\t\t\t\t<span class=\"readToo__title\">Leia mais<\/span>\n\t\t\t\t<ul class=\"readToo__list\">\n\t\t\t<li><a href=\"https:\/\/www.suno.com.br\/noticias\/apetite-acoes-sobe-fiis-preferencia-mostra-xp-va\/\">Apetite por risco em a\u00e7\u00f5es sobe e FIIs superam renda fixa na prefer\u00eancia de investidores, mostra pesquisa da XP<\/a><\/li><li><a href=\"https:\/\/www.suno.com.br\/noticias\/2024-ano-investir-setor-imobiliario-gb\/\">Por que 2024 pode ser \u201co ano\u201d para investir em fundos imobili\u00e1rios?<\/a><\/li><li><a href=\"https:\/\/www.suno.com.br\/noticias\/fundos-imobiliarios-dividendos-recordes-dezembro-2023-jvj\/\">Veja 4 fundos imobili\u00e1rios que pagar\u00e3o dividendos recordes em dezembro<\/a><\/li>\t\t<\/ul>\n\t<\/div>\n\n\n\n\t<p>\n\t\t<a href=\"https:\/\/lp.suno.com.br\/ebook-como-analisar-uma-acao\/\" target=\"_blank\" data-element=\"shortcode-suno-banner\" title=\"Banner SUNO, clique e saiba mais\">\n\t\t\t<picture>\n\t\t\t\t<source media=\"(max-width: 500px)\" srcset=\"https:\/\/files.sunoresearch.com.br\/n\/uploads\/2023\/03\/Ebook-Acoes-Mobile.jpg\">\n\t\t\t\t<img class=\"newsContent__article__imgCapa newsContent__article__imgCapa--banner\"\n\t\t\t\t\tsrc=\"https:\/\/files.sunoresearch.com.br\/n\/uploads\/2023\/03\/Ebook-Acoes-Desktop.jpg\"\n\t\t\t\t\tdata-promo-id=\"378302\"\t\t\t\t\t\t\t\t\t\twidth='1420' height='286'\t\t\t\t\talt=\"https:\/\/files.sunoresearch.com.br\/n\/uploads\/2023\/03\/Ebook-Acoes-Desktop.jpg\"\n\t\t\t\t>\n\t\t\t<\/picture>\n\t\t<\/a>\n\t<\/p>\n\n\n\n\n\n<h2 class=\"wp-block-heading\">Mercado imobili\u00e1rio: cen\u00e1rio nacional<\/h2>\n\n\n\n<p>O presidente da C\u00e2mara Brasileira da Ind\u00fastria da Constru\u00e7\u00e3o (CBIC), Renato Correa, tamb\u00e9m disse recentemente, em entrevista \u00e0 imprensa, que espera <strong>avan\u00e7os do mercado imobili\u00e1rio<\/strong> no ano que vem. &#8220;A menos que haja algum fato novo, a expectativa \u00e9 que o ano que vem seja melhor para mercado&#8221;, afirmou.<\/p>\n\n\n\n<p>Ele tamb\u00e9m concordou que as vendas foram resilientes em 2023 no Pa\u00eds como um todo, embora o clima de incertezas do come\u00e7o do ano tenha feito as <strong>incorporadoras<\/strong> reduzirem os lan\u00e7amentos. No acumulado dos nove primeiros meses de 2023 em compara\u00e7\u00e3o com o mesmo intervalo de 2022, os lan\u00e7amentos diminu\u00edram 16%, para 193,9 mil unidades, enquanto as vendas tiveram baixa de 3%, para 234,9 mil unidades, de acordo com levantamento da CBIC, que abrange 219 cidades.<\/p>\n\n\n\n<p>Nos \u00faltimos meses, entretanto, j\u00e1 foi percebido um aumento na confian\u00e7a dos empres\u00e1rios, com retomada de projetos devido aos incentivos do Minha Casa Minha Vida. As novas regras que entraram em vigor em julho ampliaram os subs\u00eddios, reduziram os<strong> juros dos financiamentos<\/strong> e ampliaram o limite de pre\u00e7os no programa.<\/p>\n\n\n\n<p>As medidas foram importantes para viabilizar a retomada dos lan\u00e7amentos, segundo Petrucci. &#8220;A participa\u00e7\u00e3o do Minha Casa Minha Vida nas vendas totais tende a crescer significativamente a partir do quarto trimestre de 2023 e do primeiro trimestre de 2024&#8221;, afirmou.<\/p>\n\n\n\n<p>O presidente local da Federa\u00e7\u00e3o Internacional Imobili\u00e1ria (Fiabci), Fl\u00e1vio Amary, acredita que o segmento popular ter\u00e1 um peso importante para o setor no pr\u00f3ximo ano. &#8220;O governo federal est\u00e1 preocupado em retomar o Minha Casa Minha Vida, e as empresas est\u00e3o preparadas para isso&#8221;, afirmou Amary. Ele lembrou ainda que v\u00e1rios alguns Estados, como S\u00e3o Paulo, colocaram de p\u00e9 programas pr\u00f3prios para subsidiar a aquisi\u00e7\u00e3o de <strong>moradias do MCMV<\/strong> pelas pessoas de baixa renda, o que representa um est\u00edmulo adicional para o setor.<\/p>\n\n\n\n<h2 class=\"wp-block-heading\">M\u00e9dio e alto padr\u00e3o<\/h2>\n\n\n\n<p>Por sua vez, o <strong>mercado imobili\u00e1rio de m\u00e9dio e alto padr\u00e3o<\/strong> tende a caminhar mais lentamente devido aos juros altos dos financiamentos. Pela frente, o setor deve se beneficiar do ciclo de redu\u00e7\u00e3o da Selic, o que dever\u00e1 se refletir em queda nos juros do <strong>cr\u00e9dito habitacional <\/strong>no ano que vem &#8211; embora isso deva acontecer s\u00f3 da metade do ano em diante.<\/p>\n\n\n\n<p>&#8220;\u00c9 preciso ter taxas mais baixas para viabilizar a atividade do setor. O lado bom \u00e9 que temos, hoje, um cen\u00e1rio de queda da Selic&#8221;, disse Amary. Ele observou que boa parte das pessoas interessadas na compra de um im\u00f3vel ainda deve aguardar a concretiza\u00e7\u00e3o da baixa dos juros na ponta, isto \u00e9, no financiamento banc\u00e1rio.<\/p>\n\n\n\n<p>Segundo Petrucci, o financiamento via recursos da poupan\u00e7a \u00e9 um ponto de aten\u00e7\u00e3o para 2024, mas n\u00e3o de preocupa\u00e7\u00e3o excessiva. Apesar dos saques de recursos da caderneta, ainda h\u00e1 um saldo dispon\u00edvel em n\u00edveis considerados saud\u00e1veis, na sua avalia\u00e7\u00e3o sobre o <strong>mercado imobili\u00e1rio<\/strong>.<\/p>\n\n\n\n<p><em>Com Estad\u00e3o Conte\u00fado<\/em><\/p>\n\n\n\t<p>\n\t\t<a href=\"https:\/\/lp.suno.com.br\/planilha-da-vida-financeira\/\" target=\"_blank\" data-element=\"shortcode-suno-banner\" title=\"Banner SUNO, clique e saiba mais\">\n\t\t\t<picture>\n\t\t\t\t<source media=\"(max-width: 500px)\" srcset=\"https:\/\/files.sunoresearch.com.br\/n\/uploads\/2023\/04\/400x300-Planilha-vida-financeira-true.png\">\n\t\t\t\t<img class=\"newsContent__article__imgCapa newsContent__article__imgCapa--banner\"\n\t\t\t\t\tsrc=\"https:\/\/files.sunoresearch.com.br\/n\/uploads\/2023\/04\/1420x240-Planilha-vida-financeira-true.png\"\n\t\t\t\t\tdata-promo-id=\"383123\"\t\t\t\t\t\t\t\t\t\twidth='1420' height='240'\t\t\t\t\talt=\"https:\/\/files.sunoresearch.com.br\/n\/uploads\/2023\/04\/1420x240-Planilha-vida-financeira-true.png\"\n\t\t\t\t>\n\t\t\t<\/picture>\n\t\t<\/a>\n\t<\/p>\n\n\n","protected":false},"excerpt":{"rendered":"<p>O mercado imobili\u00e1rio deve ficar est\u00e1vel ou ter um crescimento pequeno em 2024 na compara\u00e7\u00e3o com 2023, de acordo com estimativa de representantes do setor. A medida vale tanto para a cidade de S\u00e3o Paulo &#8211; onde se concentram os lan\u00e7amentos e vendas &#8211; como para o mercado nacional. Mercado imobili\u00e1rio &#8211; Foto: iStock A [&hellip;]<\/p>\n","protected":false},"author":43,"featured_media":403766,"comment_status":"closed","ping_status":"closed","sticky":false,"template":"","format":"standard","meta":[],"categories":[64],"tags":[1904,1459],"suno_strategy":[],"class_list":["post-501638","post","type-post","status-publish","format-standard","has-post-thumbnail","hentry","category-negocios","tag-mercado-imobiliario","tag-minha-casa-minha-vida"],"yoast_head":"<!-- This site is optimized with the Yoast SEO plugin v24.4 - https:\/\/yoast.com\/wordpress\/plugins\/seo\/ -->\n<title>Mercado imobili\u00e1rio: quais as perspectivas para 2024?<\/title>\n<meta name=\"description\" content=\"O mercado imobili\u00e1rio deve ficar est\u00e1vel ou ter um crescimento pequeno em 2024 na compara\u00e7\u00e3o com 2023, dizem representantes do setor.\" \/>\n<meta name=\"robots\" content=\"index, follow, max-snippet:-1, max-image-preview:large, max-video-preview:-1\" \/>\n<link rel=\"canonical\" href=\"https:\/\/www.suno.com.br\/noticias\/mercado-imobiliario-perspectivas-para-2024\/\" \/>\n<meta property=\"og:locale\" content=\"pt_BR\" \/>\n<meta property=\"og:type\" content=\"article\" \/>\n<meta property=\"og:title\" content=\"Mercado imobili\u00e1rio: quais as perspectivas para 2024?\" \/>\n<meta property=\"og:description\" content=\"O mercado imobili\u00e1rio deve ficar est\u00e1vel ou ter um crescimento pequeno em 2024 na compara\u00e7\u00e3o com 2023, dizem representantes do setor.\" \/>\n<meta property=\"og:url\" content=\"https:\/\/www.suno.com.br\/noticias\/mercado-imobiliario-perspectivas-para-2024\/\" \/>\n<meta property=\"og:site_name\" content=\"Suno Not\u00edcias\" \/>\n<meta property=\"article:publisher\" content=\"https:\/\/facebook.com\/sunoresearch\" \/>\n<meta property=\"article:author\" content=\"https:\/\/www.facebook.com\/sunonoticias\/\" \/>\n<meta property=\"og:image\" content=\"https:\/\/files.sunoresearch.com.br\/n\/uploads\/2023\/05\/mcci11-predios-fiis-corporativos-investir-edificios.jpg\" \/>\n\t<meta property=\"og:image:width\" content=\"1200\" \/>\n\t<meta property=\"og:image:height\" content=\"800\" \/>\n\t<meta property=\"og:image:type\" content=\"image\/jpeg\" \/>\n<meta name=\"author\" content=\"Reda\u00e7\u00e3o Suno Not\u00edcias\" \/>\n<meta name=\"twitter:card\" content=\"summary_large_image\" \/>\n<meta name=\"twitter:creator\" content=\"@https:\/\/twitter.com\/sunoresearch\" \/>\n<meta name=\"twitter:site\" content=\"@sunoresearch\" \/>\n<meta name=\"twitter:label1\" content=\"Escrito por\" \/>\n\t<meta name=\"twitter:data1\" content=\"Reda\u00e7\u00e3o Suno Not\u00edcias\" \/>\n\t<meta name=\"twitter:label2\" content=\"Est. tempo de leitura\" \/>\n\t<meta name=\"twitter:data2\" content=\"5 minutos\" \/>\n<script type=\"application\/ld+json\" class=\"yoast-schema-graph\">{\"@context\":\"https:\/\/schema.org\",\"@graph\":[{\"@type\":\"NewsArticle\",\"@id\":\"https:\/\/www.suno.com.br\/noticias\/mercado-imobiliario-perspectivas-para-2024\/#article\",\"isPartOf\":{\"@id\":\"https:\/\/www.suno.com.br\/noticias\/mercado-imobiliario-perspectivas-para-2024\/\"},\"author\":{\"name\":\"Reda\u00e7\u00e3o Suno Not\u00edcias\",\"@id\":\"https:\/\/www.suno.com.br\/noticias\/#\/schema\/person\/c1b1bd3727fa852bd045e9dbff3673ea\"},\"headline\":\"Mercado imobili\u00e1rio: quais s\u00e3o as perspectivas para 2024?\",\"datePublished\":\"2023-12-17T19:46:08+00:00\",\"dateModified\":\"2023-12-17T19:46:11+00:00\",\"mainEntityOfPage\":{\"@id\":\"https:\/\/www.suno.com.br\/noticias\/mercado-imobiliario-perspectivas-para-2024\/\"},\"wordCount\":893,\"publisher\":{\"@id\":\"https:\/\/www.suno.com.br\/noticias\/#organization\"},\"image\":{\"@id\":\"https:\/\/www.suno.com.br\/noticias\/mercado-imobiliario-perspectivas-para-2024\/#primaryimage\"},\"thumbnailUrl\":\"https:\/\/files.sunoresearch.com.br\/n\/uploads\/2023\/05\/mcci11-predios-fiis-corporativos-investir-edificios.jpg\",\"keywords\":[\"mercado imobili\u00e1rio\",\"Minha Casa Minha Vida\"],\"articleSection\":[\"Neg\u00f3cios\"],\"inLanguage\":\"pt-BR\"},{\"@type\":\"WebPage\",\"@id\":\"https:\/\/www.suno.com.br\/noticias\/mercado-imobiliario-perspectivas-para-2024\/\",\"url\":\"https:\/\/www.suno.com.br\/noticias\/mercado-imobiliario-perspectivas-para-2024\/\",\"name\":\"Mercado imobili\u00e1rio: quais as perspectivas para 2024?\",\"isPartOf\":{\"@id\":\"https:\/\/www.suno.com.br\/noticias\/#website\"},\"primaryImageOfPage\":{\"@id\":\"https:\/\/www.suno.com.br\/noticias\/mercado-imobiliario-perspectivas-para-2024\/#primaryimage\"},\"image\":{\"@id\":\"https:\/\/www.suno.com.br\/noticias\/mercado-imobiliario-perspectivas-para-2024\/#primaryimage\"},\"thumbnailUrl\":\"https:\/\/files.sunoresearch.com.br\/n\/uploads\/2023\/05\/mcci11-predios-fiis-corporativos-investir-edificios.jpg\",\"datePublished\":\"2023-12-17T19:46:08+00:00\",\"dateModified\":\"2023-12-17T19:46:11+00:00\",\"description\":\"O mercado imobili\u00e1rio deve ficar est\u00e1vel ou ter um crescimento pequeno em 2024 na compara\u00e7\u00e3o com 2023, dizem representantes do setor.\",\"breadcrumb\":{\"@id\":\"https:\/\/www.suno.com.br\/noticias\/mercado-imobiliario-perspectivas-para-2024\/#breadcrumb\"},\"inLanguage\":\"pt-BR\",\"potentialAction\":[{\"@type\":\"ReadAction\",\"target\":[\"https:\/\/www.suno.com.br\/noticias\/mercado-imobiliario-perspectivas-para-2024\/\"]}]},{\"@type\":\"ImageObject\",\"inLanguage\":\"pt-BR\",\"@id\":\"https:\/\/www.suno.com.br\/noticias\/mercado-imobiliario-perspectivas-para-2024\/#primaryimage\",\"url\":\"https:\/\/files.sunoresearch.com.br\/n\/uploads\/2023\/05\/mcci11-predios-fiis-corporativos-investir-edificios.jpg\",\"contentUrl\":\"https:\/\/files.sunoresearch.com.br\/n\/uploads\/2023\/05\/mcci11-predios-fiis-corporativos-investir-edificios.jpg\",\"width\":1200,\"height\":800,\"caption\":\"Mercado imobili\u00e1rio - Foto: iStock\"},{\"@type\":\"BreadcrumbList\",\"@id\":\"https:\/\/www.suno.com.br\/noticias\/mercado-imobiliario-perspectivas-para-2024\/#breadcrumb\",\"itemListElement\":[{\"@type\":\"ListItem\",\"position\":1,\"name\":\"Not\u00edcias\",\"item\":\"https:\/\/www.suno.com.br\/noticias\/\"},{\"@type\":\"ListItem\",\"position\":2,\"name\":\"Neg\u00f3cios\",\"item\":\"https:\/\/www.suno.com.br\/noticias\/negocios\/\"},{\"@type\":\"ListItem\",\"position\":3,\"name\":\"Mercado imobili\u00e1rio: quais s\u00e3o as perspectivas para 2024?\"}]},{\"@type\":\"WebSite\",\"@id\":\"https:\/\/www.suno.com.br\/noticias\/#website\",\"url\":\"https:\/\/www.suno.com.br\/noticias\/\",\"name\":\"Suno Not\u00edcias\",\"description\":\"Seu portal de informa\u00e7\u00e3o sobre o mundo dos investimentos\",\"publisher\":{\"@id\":\"https:\/\/www.suno.com.br\/noticias\/#organization\"},\"potentialAction\":[{\"@type\":\"SearchAction\",\"target\":{\"@type\":\"EntryPoint\",\"urlTemplate\":\"https:\/\/www.suno.com.br\/noticias\/?s={search_term_string}\"},\"query-input\":{\"@type\":\"PropertyValueSpecification\",\"valueRequired\":true,\"valueName\":\"search_term_string\"}}],\"inLanguage\":\"pt-BR\"},{\"@type\":\"Organization\",\"@id\":\"https:\/\/www.suno.com.br\/noticias\/#organization\",\"name\":\"Suno Not\u00edcias\",\"url\":\"https:\/\/www.suno.com.br\/noticias\/\",\"logo\":{\"@type\":\"ImageObject\",\"inLanguage\":\"pt-BR\",\"@id\":\"https:\/\/www.suno.com.br\/noticias\/#\/schema\/logo\/image\/\",\"url\":\"https:\/\/files.sunoresearch.com.br\/n\/uploads\/2021\/09\/suno-logo.png\",\"contentUrl\":\"https:\/\/files.sunoresearch.com.br\/n\/uploads\/2021\/09\/suno-logo.png\",\"width\":180,\"height\":180,\"caption\":\"Suno Not\u00edcias\"},\"image\":{\"@id\":\"https:\/\/www.suno.com.br\/noticias\/#\/schema\/logo\/image\/\"},\"sameAs\":[\"https:\/\/facebook.com\/sunoresearch\",\"https:\/\/x.com\/sunoresearch\",\"https:\/\/www.instagram.com\/suno\",\"https:\/\/www.linkedin.com\/company\/suno-research\/\",\"https:\/\/www.youtube.com\/c\/sunoresearch\"]},{\"@type\":\"Person\",\"@id\":\"https:\/\/www.suno.com.br\/noticias\/#\/schema\/person\/c1b1bd3727fa852bd045e9dbff3673ea\",\"name\":\"Reda\u00e7\u00e3o Suno Not\u00edcias\",\"image\":{\"@type\":\"ImageObject\",\"inLanguage\":\"pt-BR\",\"@id\":\"https:\/\/www.suno.com.br\/noticias\/#\/schema\/person\/image\/\",\"url\":\"https:\/\/secure.gravatar.com\/avatar\/b8104b9b5a71985d5238ee59fbe418af?s=96&r=g\",\"contentUrl\":\"https:\/\/secure.gravatar.com\/avatar\/b8104b9b5a71985d5238ee59fbe418af?s=96&r=g\",\"caption\":\"Reda\u00e7\u00e3o Suno Not\u00edcias\"},\"description\":\"O Suno Not\u00edcias \u00e9 um portal de informa\u00e7\u00f5es sobre Mercado Financeiro, Pol\u00edtica, Neg\u00f3cios, Economia e Finan\u00e7as Pessoais.\",\"sameAs\":[\"https:\/\/www.suno.com.br\/noticias\",\"https:\/\/www.facebook.com\/sunonoticias\/\",\"https:\/\/www.instagram.com\/sunonoticias\/\",\"https:\/\/x.com\/https:\/\/twitter.com\/sunoresearch\",\"https:\/\/www.youtube.com\/sunonoticias\"],\"url\":\"https:\/\/www.suno.com.br\/noticias\/author\/redacao-suno\/\"}]}<\/script>\n<!-- \/ Yoast SEO plugin. -->","yoast_head_json":{"title":"Mercado imobili\u00e1rio: quais as perspectivas para 2024?","description":"O mercado imobili\u00e1rio deve ficar est\u00e1vel ou ter um crescimento pequeno em 2024 na compara\u00e7\u00e3o com 2023, dizem representantes do setor.","robots":{"index":"index","follow":"follow","max-snippet":"max-snippet:-1","max-image-preview":"max-image-preview:large","max-video-preview":"max-video-preview:-1"},"canonical":"https:\/\/www.suno.com.br\/noticias\/mercado-imobiliario-perspectivas-para-2024\/","og_locale":"pt_BR","og_type":"article","og_title":"Mercado imobili\u00e1rio: quais as perspectivas para 2024?","og_description":"O mercado imobili\u00e1rio deve ficar est\u00e1vel ou ter um crescimento pequeno em 2024 na compara\u00e7\u00e3o com 2023, dizem representantes do setor.","og_url":"https:\/\/www.suno.com.br\/noticias\/mercado-imobiliario-perspectivas-para-2024\/","og_site_name":"Suno Not\u00edcias","article_publisher":"https:\/\/facebook.com\/sunoresearch","article_author":"https:\/\/www.facebook.com\/sunonoticias\/","og_image":[{"width":1200,"height":800,"url":"https:\/\/files.sunoresearch.com.br\/n\/uploads\/2023\/05\/mcci11-predios-fiis-corporativos-investir-edificios.jpg","type":"image\/jpeg"}],"author":"Reda\u00e7\u00e3o Suno Not\u00edcias","twitter_card":"summary_large_image","twitter_creator":"@https:\/\/twitter.com\/sunoresearch","twitter_site":"@sunoresearch","twitter_misc":{"Escrito por":"Reda\u00e7\u00e3o Suno Not\u00edcias","Est. tempo de leitura":"5 minutos"},"schema":{"@context":"https:\/\/schema.org","@graph":[{"@type":"NewsArticle","@id":"https:\/\/www.suno.com.br\/noticias\/mercado-imobiliario-perspectivas-para-2024\/#article","isPartOf":{"@id":"https:\/\/www.suno.com.br\/noticias\/mercado-imobiliario-perspectivas-para-2024\/"},"author":{"name":"Reda\u00e7\u00e3o Suno Not\u00edcias","@id":"https:\/\/www.suno.com.br\/noticias\/#\/schema\/person\/c1b1bd3727fa852bd045e9dbff3673ea"},"headline":"Mercado imobili\u00e1rio: quais s\u00e3o as perspectivas para 2024?","datePublished":"2023-12-17T19:46:08+00:00","dateModified":"2023-12-17T19:46:11+00:00","mainEntityOfPage":{"@id":"https:\/\/www.suno.com.br\/noticias\/mercado-imobiliario-perspectivas-para-2024\/"},"wordCount":893,"publisher":{"@id":"https:\/\/www.suno.com.br\/noticias\/#organization"},"image":{"@id":"https:\/\/www.suno.com.br\/noticias\/mercado-imobiliario-perspectivas-para-2024\/#primaryimage"},"thumbnailUrl":"https:\/\/files.sunoresearch.com.br\/n\/uploads\/2023\/05\/mcci11-predios-fiis-corporativos-investir-edificios.jpg","keywords":["mercado imobili\u00e1rio","Minha Casa Minha Vida"],"articleSection":["Neg\u00f3cios"],"inLanguage":"pt-BR"},{"@type":"WebPage","@id":"https:\/\/www.suno.com.br\/noticias\/mercado-imobiliario-perspectivas-para-2024\/","url":"https:\/\/www.suno.com.br\/noticias\/mercado-imobiliario-perspectivas-para-2024\/","name":"Mercado imobili\u00e1rio: quais as perspectivas para 2024?","isPartOf":{"@id":"https:\/\/www.suno.com.br\/noticias\/#website"},"primaryImageOfPage":{"@id":"https:\/\/www.suno.com.br\/noticias\/mercado-imobiliario-perspectivas-para-2024\/#primaryimage"},"image":{"@id":"https:\/\/www.suno.com.br\/noticias\/mercado-imobiliario-perspectivas-para-2024\/#primaryimage"},"thumbnailUrl":"https:\/\/files.sunoresearch.com.br\/n\/uploads\/2023\/05\/mcci11-predios-fiis-corporativos-investir-edificios.jpg","datePublished":"2023-12-17T19:46:08+00:00","dateModified":"2023-12-17T19:46:11+00:00","description":"O mercado imobili\u00e1rio deve ficar est\u00e1vel ou ter um crescimento pequeno em 2024 na compara\u00e7\u00e3o com 2023, dizem representantes do setor.","breadcrumb":{"@id":"https:\/\/www.suno.com.br\/noticias\/mercado-imobiliario-perspectivas-para-2024\/#breadcrumb"},"inLanguage":"pt-BR","potentialAction":[{"@type":"ReadAction","target":["https:\/\/www.suno.com.br\/noticias\/mercado-imobiliario-perspectivas-para-2024\/"]}]},{"@type":"ImageObject","inLanguage":"pt-BR","@id":"https:\/\/www.suno.com.br\/noticias\/mercado-imobiliario-perspectivas-para-2024\/#primaryimage","url":"https:\/\/files.sunoresearch.com.br\/n\/uploads\/2023\/05\/mcci11-predios-fiis-corporativos-investir-edificios.jpg","contentUrl":"https:\/\/files.sunoresearch.com.br\/n\/uploads\/2023\/05\/mcci11-predios-fiis-corporativos-investir-edificios.jpg","width":1200,"height":800,"caption":"Mercado imobili\u00e1rio - Foto: iStock"},{"@type":"BreadcrumbList","@id":"https:\/\/www.suno.com.br\/noticias\/mercado-imobiliario-perspectivas-para-2024\/#breadcrumb","itemListElement":[{"@type":"ListItem","position":1,"name":"Not\u00edcias","item":"https:\/\/www.suno.com.br\/noticias\/"},{"@type":"ListItem","position":2,"name":"Neg\u00f3cios","item":"https:\/\/www.suno.com.br\/noticias\/negocios\/"},{"@type":"ListItem","position":3,"name":"Mercado imobili\u00e1rio: quais s\u00e3o as perspectivas para 2024?"}]},{"@type":"WebSite","@id":"https:\/\/www.suno.com.br\/noticias\/#website","url":"https:\/\/www.suno.com.br\/noticias\/","name":"Suno Not\u00edcias","description":"Seu portal de informa\u00e7\u00e3o sobre o mundo dos investimentos","publisher":{"@id":"https:\/\/www.suno.com.br\/noticias\/#organization"},"potentialAction":[{"@type":"SearchAction","target":{"@type":"EntryPoint","urlTemplate":"https:\/\/www.suno.com.br\/noticias\/?s={search_term_string}"},"query-input":{"@type":"PropertyValueSpecification","valueRequired":true,"valueName":"search_term_string"}}],"inLanguage":"pt-BR"},{"@type":"Organization","@id":"https:\/\/www.suno.com.br\/noticias\/#organization","name":"Suno Not\u00edcias","url":"https:\/\/www.suno.com.br\/noticias\/","logo":{"@type":"ImageObject","inLanguage":"pt-BR","@id":"https:\/\/www.suno.com.br\/noticias\/#\/schema\/logo\/image\/","url":"https:\/\/files.sunoresearch.com.br\/n\/uploads\/2021\/09\/suno-logo.png","contentUrl":"https:\/\/files.sunoresearch.com.br\/n\/uploads\/2021\/09\/suno-logo.png","width":180,"height":180,"caption":"Suno Not\u00edcias"},"image":{"@id":"https:\/\/www.suno.com.br\/noticias\/#\/schema\/logo\/image\/"},"sameAs":["https:\/\/facebook.com\/sunoresearch","https:\/\/x.com\/sunoresearch","https:\/\/www.instagram.com\/suno","https:\/\/www.linkedin.com\/company\/suno-research\/","https:\/\/www.youtube.com\/c\/sunoresearch"]},{"@type":"Person","@id":"https:\/\/www.suno.com.br\/noticias\/#\/schema\/person\/c1b1bd3727fa852bd045e9dbff3673ea","name":"Reda\u00e7\u00e3o Suno Not\u00edcias","image":{"@type":"ImageObject","inLanguage":"pt-BR","@id":"https:\/\/www.suno.com.br\/noticias\/#\/schema\/person\/image\/","url":"https:\/\/secure.gravatar.com\/avatar\/b8104b9b5a71985d5238ee59fbe418af?s=96&r=g","contentUrl":"https:\/\/secure.gravatar.com\/avatar\/b8104b9b5a71985d5238ee59fbe418af?s=96&r=g","caption":"Reda\u00e7\u00e3o Suno Not\u00edcias"},"description":"O Suno Not\u00edcias \u00e9 um portal de informa\u00e7\u00f5es sobre Mercado Financeiro, Pol\u00edtica, Neg\u00f3cios, Economia e Finan\u00e7as Pessoais.","sameAs":["https:\/\/www.suno.com.br\/noticias","https:\/\/www.facebook.com\/sunonoticias\/","https:\/\/www.instagram.com\/sunonoticias\/","https:\/\/x.com\/https:\/\/twitter.com\/sunoresearch","https:\/\/www.youtube.com\/sunonoticias"],"url":"https:\/\/www.suno.com.br\/noticias\/author\/redacao-suno\/"}]}},"default_loop_html":"<div class=\"cardsPage__listCard__boxs\"><div class=\"cardsPage__listCard__boxs__img\"><a href=\"https:\/\/www.suno.com.br\/noticias\/mercado-imobiliario-perspectivas-para-2024\/\"><img class=\"mask\" src=\"https:\/\/www.suno.com.br\/noticias\/wp-content\/themes\/suno\/resources\/images\/spotlight\/spotlight1img\/bg-mask.png\" alt=\"Image Mask\"\/><img src=\"https:\/\/files.sunoresearch.com.br\/n\/uploads\/2023\/05\/mcci11-predios-fiis-corporativos-investir-edificios-400x200.jpg\" alt=\"Mercado imobili\u00e1rio: quais s\u00e3o as perspectivas para 2024?\"\/><\/a><span class=\"spotlightCategory\"><a href=\"https:\/\/www.suno.com.br\/noticias\/negocios\/\">Neg\u00f3cios<\/a><\/span><\/div><div class=\"cardsPage__listCard__boxs__content\"><a href=\"https:\/\/www.suno.com.br\/noticias\/mercado-imobiliario-perspectivas-para-2024\/\"><h2 class=\"content__title\">Mercado imobili\u00e1rio: quais s\u00e3o as perspectivas para 2024?<\/h2><\/a><div class=\"newsContent__article__meta\"><div class=\"newsContent__article__meta__authorBox\"><a href=\"https:\/\/www.suno.com.br\/noticias\/author\/joao-vitor-jacintho\/\" class=\"authorBox__avatar noMobi\"><img src=\"https:\/\/secure.gravatar.com\/avatar\/2843227ca03ccf8cc7ccca45204c127e?s=96&#038;r=g\" alt=\"Jo\u00e3o Vitor Jacintho\"><\/a><div class=\"authorBox__name\"><span>por\n\t\t\t<a href=\"https:\/\/www.suno.com.br\/noticias\/author\/joao-vitor-jacintho\/\"><span itemprop=\"author\">Jo\u00e3o Vitor Jacintho<\/span><\/a><\/span><time datetime=\"2023-12-17T16:46:08-03:00\" itemprop=\"datePublished\">17\/12\/2023 16:46<\/time><\/div><\/div><\/div><\/div><\/div>","single_layout":"posts","amp_enabled":true,"_links":{"self":[{"href":"https:\/\/www.suno.com.br\/noticias\/wp-json\/wp\/v2\/posts\/501638"}],"collection":[{"href":"https:\/\/www.suno.com.br\/noticias\/wp-json\/wp\/v2\/posts"}],"about":[{"href":"https:\/\/www.suno.com.br\/noticias\/wp-json\/wp\/v2\/types\/post"}],"author":[{"embeddable":true,"href":"https:\/\/www.suno.com.br\/noticias\/wp-json\/wp\/v2\/users\/43"}],"replies":[{"embeddable":true,"href":"https:\/\/www.suno.com.br\/noticias\/wp-json\/wp\/v2\/comments?post=501638"}],"version-history":[{"count":2,"href":"https:\/\/www.suno.com.br\/noticias\/wp-json\/wp\/v2\/posts\/501638\/revisions"}],"predecessor-version":[{"id":501688,"href":"https:\/\/www.suno.com.br\/noticias\/wp-json\/wp\/v2\/posts\/501638\/revisions\/501688"}],"wp:featuredmedia":[{"embeddable":true,"href":"https:\/\/www.suno.com.br\/noticias\/wp-json\/wp\/v2\/media\/403766"}],"wp:attachment":[{"href":"https:\/\/www.suno.com.br\/noticias\/wp-json\/wp\/v2\/media?parent=501638"}],"wp:term":[{"taxonomy":"category","embeddable":true,"href":"https:\/\/www.suno.com.br\/noticias\/wp-json\/wp\/v2\/categories?post=501638"},{"taxonomy":"post_tag","embeddable":true,"href":"https:\/\/www.suno.com.br\/noticias\/wp-json\/wp\/v2\/tags?post=501638"},{"taxonomy":"suno_strategy","embeddable":true,"href":"https:\/\/www.suno.com.br\/noticias\/wp-json\/wp\/v2\/suno_strategy?post=501638"}],"curies":[{"name":"wp","href":"https:\/\/api.w.org\/{rel}","templated":true}]}}