{"id":501532,"date":"2023-12-16T14:12:02","date_gmt":"2023-12-16T17:12:02","guid":{"rendered":"https:\/\/www.suno.com.br\/noticias\/?p=501532"},"modified":"2023-12-16T14:12:08","modified_gmt":"2023-12-16T17:12:08","slug":"busca-por-credito-outubro-cai-neurotech-evm","status":"publish","type":"post","link":"https:\/\/www.suno.com.br\/noticias\/busca-por-credito-outubro-cai-neurotech-evm\/","title":{"rendered":"Busca por cr\u00e9dito volta a cair, revela \u00edndice da Neurotech"},"content":{"rendered":"<p>A busca por financiamento no Brasil voltou para a zona de contra\u00e7\u00e3o em outubro, segundo dados sobre o mercado de <strong><a href=\"https:\/\/www.suno.com.br\/noticias\/credito-privado-investir-debentures-ar\/\" target=\"_blank\" rel=\"noreferrer noopener\">cr\u00e9dito<\/a><\/strong> do \u00cdndice Neurotech de Demanda por Cr\u00e9dito (INDC).<\/p><div class=\"videoFull \">\n\t\t\t<div class=\"videoWrapper yt-lazyload center\"\n\t\t\t\tdata-width=\"960\"\n\t\t\t\tdata-height=\"540\"\n\t\t\t\tdata-id=\"M5-WD7dBSzA\"\n\t\t\t\tdata-alt=\"V\u00eddeo do YouTube - clique para reproduzir\"\n\t\t\t\tdata-logo=\"3\"\n\t\t\t\tdata-imagequality=\"maxres\">\n\t\t\t<\/div>\n\t\t<\/div><script type=\"application\/ld+json\">{\"@context\":\"https:\/\/schema.org\",\"@type\":\"VideoObject\",\"name\":\"\ud83d\udd34 IBOVESPA CAI | BRASKEM (BRKM5) SOFRE DUPLO REBAIXAMENTO | REFORMA TRIBUT\u00c1RIA APROVADA\",\"description\":\"#mercadofinanceiro #a\u00e7\u00f5es #investimentos #bolsadevalores #ibovespa #dinheiro #finan\u00e7as #pol\u00edtica #d\u00f3lar #livedas19h #petr4 #petrobras #vale3 #vale #a\u00e7\u00f5es #economia #dividendos #braskem #brkm5 #ibov #reformatributaria #camara #congresso #senado #votacao \ud83d\udd34SNME11, FII Multiestrat\u00e9gia para quem busca ir al\u00e9m do Dividend Yield: https:\/\/lp.suno.com.br\/asset\/emissao-snme11\/?utm_source=youtube.noticias&utm_medium=live&utm_campaign=SA.SNME11.ns.20231201&utm_content=livedas19h 00:00 In\u00edcio do v\u00eddeo 02:35 Fechamento de preg\u00e3o 06:53 Reforma tribut\u00e1ria aprovada 10:28 Braskem sofre segundo rebaixamento 14:00\u2026\",\"duration\":\"PT24M37S\",\"embedUrl\":\"https:\/\/www.youtube.com\/embed\/M5-WD7dBSzA\",\"regionsAllowed\":\"en-US\",\"interactionStatistic\":{\"@type\":\"InteractionCounter\",\"interactionType\":{\"@type\":\"WatchAction\"},\"userInteractionCount\":1821},\"thumbnailUrl\":\"https:\/\/i.ytimg.com\/vi\/M5-WD7dBSzA\/default.jpg\",\"uploadDate\":\"2023-12-16T10:40:00Z\"}<\/script>\n\n\n\n\n\t<p>\n\t\t<a href=\"\" target=\"_blank\" data-element=\"shortcode-suno-banner\" title=\"Banner SUNO, clique e saiba mais\">\n\t\t\t<picture>\n\t\t\t\t<source media=\"(max-width: 500px)\" srcset=\"\">\n\t\t\t\t<img class=\"newsContent__article__imgCapa newsContent__article__imgCapa--banner\"\n\t\t\t\t\tsrc=\"\"\n\t\t\t\t\tdata-promo-id=\"240038\"\t\t\t\t\t\t\t\t\t\t\t\t\t\t\talt=\"\"\n\t\t\t\t>\n\t\t\t<\/picture>\n\t\t<\/a>\n\t<\/p>\n\n\n\n\n\n\n\n<p>Conforme o <strong>\u00cdndice de Cr\u00e9dito<\/strong>, a procura por financiamento teve queda mensal de 10% no per\u00edodo, ap\u00f3s alta de 11% em setembro. <\/p>\n\n\n\n<p>Em rela\u00e7\u00e3o a outubro de 2022, o recuo foi de 5%, contrariando a alta de 6% exibida nessa mesma base de compara\u00e7\u00e3o em setembro.<\/p>\n\n\n\n<p>Nem mesmo a expans\u00e3o de 31% na procura por <strong>financiamento <\/strong>no setor de servi\u00e7os em outubro ante igual m\u00eas de 2022 foi suficiente para evitar a queda do INDC no per\u00edodo, dada a baixa representatividade do segmento no indicador. <\/p>\n\n\n\n<p>Com exce\u00e7\u00e3o de setembro, houve recuo do \u00edndice em todos os meses deste ano no indicador da <strong>Neurotech<\/strong>, uma empresa da <a href=\"https:\/\/statusinvest.com.br\/acoes\/b3sa3\" target=\"_blank\" rel=\"noreferrer noopener\">B3 (B3SA3)<\/a>, especialista na cria\u00e7\u00e3o de solu\u00e7\u00f5es avan\u00e7adas de Intelig\u00eancia Artificial e Big Data.<\/p>\n\n\n\n<p>A maior queda no <strong>INDC <\/strong>em outubro na compara\u00e7\u00e3o interanual foi registrada no segmento bancos e financeiras, que apresentou decl\u00ednio de 11%, ante crescimento de 10% no m\u00eas anterior. J\u00e1 o varejo teve varia\u00e7\u00e3o negativa de 1%.<\/p>\n\n\n\n<p>De acordo com Nat\u00e1lia Heimann, head de produtos Analytics da Neurotech e respons\u00e1vel pelo indicador, ainda \u00e9 poss\u00edvel que o INDC apresente &#8220;solu\u00e7os&#8221; novamente, mas n\u00e3o o suficiente para reverter a tend\u00eancia na demanda por cr\u00e9dito nos pr\u00f3ximos meses.<\/p>\n\n\n\n<p>Conforme Nat\u00e1lia, a <a class=\"suno-keyword\" target=\"_blank\" data-force=\"no\" data-priority=\"1\" href=\"https:\/\/www.suno.com.br\/artigos\/taxa-de-juros\/\" rel=\"noopener\">taxa b\u00e1sica de juros<\/a> e o comprometimento da renda das fam\u00edlias ainda elevados, al\u00e9m do alto n\u00edvel da inadimpl\u00eancia justificam a expectativa de que a procura por cr\u00e9dito ainda seguir\u00e1 claudicante.<\/p>\n\n\n\t<p>\n\t\t<a href=\"https:\/\/lp.suno.com.br\/ebook-gratuito-investindo-no-exterior\/\" target=\"_blank\" data-element=\"shortcode-suno-banner\" title=\"Banner SUNO, clique e saiba mais\">\n\t\t\t<picture>\n\t\t\t\t<source media=\"(max-width: 500px)\" srcset=\"https:\/\/files.sunoresearch.com.br\/n\/uploads\/2023\/03\/400x300-Investindo-no-exterior.png\">\n\t\t\t\t<img class=\"newsContent__article__imgCapa newsContent__article__imgCapa--banner\"\n\t\t\t\t\tsrc=\"https:\/\/files.sunoresearch.com.br\/n\/uploads\/2023\/03\/1420x240-Investindo-no-exterior.png\"\n\t\t\t\t\tdata-promo-id=\"383161\"\t\t\t\t\t\t\t\t\t\twidth='1420' height='240'\t\t\t\t\talt=\"https:\/\/files.sunoresearch.com.br\/n\/uploads\/2023\/03\/1420x240-Investindo-no-exterior.png\"\n\t\t\t\t>\n\t\t\t<\/picture>\n\t\t<\/a>\n\t<\/p>\n\n\n\n\n\n<p>A respons\u00e1vel pelo INDC explica que os \u00faltimos dois meses do ano podem trazer &#8220;esse solu\u00e7o no indicador&#8221;, demonstrando uma melhora devido \u00e0 <a href=\"https:\/\/www.suno.com.br\/noticias\/arezzo-arzz3-recorde-pedidos-vendas-black-friday-jvj\/\" target=\"_blank\" rel=\"noreferrer noopener\">Black Friday<\/a> e por conta das vendas de Natal. <\/p>\n\n\n\n<p>No entanto, mesmo se isso acontecer, a executiva pondera que ainda n\u00e3o ser\u00e1 poss\u00edvel concluir que a perspectiva ser\u00e1 de revers\u00e3o de tend\u00eancia.<\/p>\n\n\n\n<p>&#8220;Mantemos nossa posi\u00e7\u00e3o de cautela. O varejo passa por turbul\u00eancias e busca entender quais as necessidades dos consumidores para aproveitar o final do ano e tentar crescer&#8221;, diz.<\/p>\n\n\n\n<h2 class=\"wp-block-heading\">Abertura no mercado de cr\u00e9dito<\/h2>\n\n\n\n<p>No <a href=\"https:\/\/www.suno.com.br\/noticias\/fundo-imobiliario-xplg11-novo-contrato-aluguel-40-anos-jvj\/\" target=\"_blank\" rel=\"noreferrer noopener\"><strong>varejo<\/strong><\/a>, a categoria que registrou maior queda foi vestu\u00e1rio (-40%) em outubro em rela\u00e7\u00e3o ao mesmo m\u00eas de 2022. Em seguida, aparece o segmento de lojas de departamento (-12%). Eletroeletr\u00f4nicos e Outros repetiram a taxa negativa de 8%. <\/p>\n\n\n\n<p>O resultado positivo ficou apenas para a categoria de supermercados, com expans\u00e3o de 19%.<\/p>\n\n\n\n<p>J\u00e1 na compara\u00e7\u00e3o mensal, a demanda por cr\u00e9dito cedeu 21% no setor de bancos e financeiras (-21%), subiu 11% em servi\u00e7os e cresceu 3% no varejo.<\/p>\n\n\n\n<p>Dentro do varejo, a maior expans\u00e3o na busca por financiamento foi registrada em supermercados, com alta de 58% em outubro ante setembro. As demais varia\u00e7\u00f5es nesse nicho do mercado de <strong>cr\u00e9dito<\/strong> foram as seguintes: Outros (-52%); Vestu\u00e1rio (-43%); Lojas de Departamento (alta de 46%) e Eletroeletr\u00f4nico (-1%).<\/p>\n\n\n\n<p>Com Estad\u00e3o Conte\u00fado<\/p>\n\n\n\t<p>\n\t\t<a href=\"https:\/\/lp.suno.com.br\/planilha-da-vida-financeira\/\" target=\"_blank\" data-element=\"shortcode-suno-banner\" title=\"Banner SUNO, clique e saiba mais\">\n\t\t\t<picture>\n\t\t\t\t<source media=\"(max-width: 500px)\" srcset=\"https:\/\/files.sunoresearch.com.br\/n\/uploads\/2023\/04\/400x300-Planilha-vida-financeira-true.png\">\n\t\t\t\t<img class=\"newsContent__article__imgCapa newsContent__article__imgCapa--banner\"\n\t\t\t\t\tsrc=\"https:\/\/files.sunoresearch.com.br\/n\/uploads\/2023\/04\/1420x240-Planilha-vida-financeira-true.png\"\n\t\t\t\t\tdata-promo-id=\"383123\"\t\t\t\t\t\t\t\t\t\twidth='1420' height='240'\t\t\t\t\talt=\"https:\/\/files.sunoresearch.com.br\/n\/uploads\/2023\/04\/1420x240-Planilha-vida-financeira-true.png\"\n\t\t\t\t>\n\t\t\t<\/picture>\n\t\t<\/a>\n\t<\/p>\n\n\n","protected":false},"excerpt":{"rendered":"<p>A busca por financiamento no Brasil voltou para a zona de contra\u00e7\u00e3o em outubro, segundo dados sobre o mercado de cr\u00e9dito do \u00cdndice Neurotech de Demanda por Cr\u00e9dito (INDC). Conforme o \u00cdndice de Cr\u00e9dito, a procura por financiamento teve queda mensal de 10% no per\u00edodo, ap\u00f3s alta de 11% em setembro. Em rela\u00e7\u00e3o a outubro [&hellip;]<\/p>\n","protected":false},"author":73,"featured_media":358615,"comment_status":"closed","ping_status":"closed","sticky":false,"template":"","format":"standard","meta":[],"categories":[62],"tags":[106444,943],"suno_strategy":[],"class_list":["post-501532","post","type-post","status-publish","format-standard","has-post-thumbnail","hentry","category-economia","tag-agencias","tag-credito"],"yoast_head":"<!-- This site is optimized with the Yoast SEO plugin v24.4 - https:\/\/yoast.com\/wordpress\/plugins\/seo\/ -->\n<title>Busca por cr\u00e9dito volta a cair, revela \u00edndice da Neurotech<\/title>\n<meta name=\"description\" content=\"Conforme o \u00cdndice de Cr\u00e9dito, a procura por financiamento teve queda mensal de 10% no per\u00edodo, ap\u00f3s alta de 11% em setembro\" \/>\n<meta name=\"robots\" content=\"index, follow, max-snippet:-1, max-image-preview:large, max-video-preview:-1\" \/>\n<link rel=\"canonical\" href=\"https:\/\/www.suno.com.br\/noticias\/busca-por-credito-outubro-cai-neurotech-evm\/\" \/>\n<meta property=\"og:locale\" content=\"pt_BR\" \/>\n<meta property=\"og:type\" content=\"article\" \/>\n<meta property=\"og:title\" content=\"Busca por cr\u00e9dito volta a cair, revela \u00edndice da Neurotech\" \/>\n<meta property=\"og:description\" content=\"Conforme o \u00cdndice de Cr\u00e9dito, a procura por financiamento teve queda mensal de 10% no per\u00edodo, ap\u00f3s alta de 11% em setembro\" \/>\n<meta property=\"og:url\" content=\"https:\/\/www.suno.com.br\/noticias\/busca-por-credito-outubro-cai-neurotech-evm\/\" \/>\n<meta property=\"og:site_name\" content=\"Suno Not\u00edcias\" \/>\n<meta property=\"article:publisher\" content=\"https:\/\/facebook.com\/sunoresearch\" \/>\n<meta property=\"og:image\" content=\"https:\/\/files.sunoresearch.com.br\/n\/uploads\/2023\/02\/cartao-de-credito-scaled.jpg\" \/>\n\t<meta property=\"og:image:width\" content=\"2560\" \/>\n\t<meta property=\"og:image:height\" content=\"1707\" \/>\n\t<meta property=\"og:image:type\" content=\"image\/jpeg\" \/>\n<meta name=\"author\" content=\"Eduardo Vargas\" \/>\n<meta name=\"twitter:card\" content=\"summary_large_image\" \/>\n<meta name=\"twitter:creator\" content=\"@sunoresearch\" \/>\n<meta name=\"twitter:site\" content=\"@sunoresearch\" \/>\n<meta name=\"twitter:label1\" content=\"Escrito por\" \/>\n\t<meta name=\"twitter:data1\" content=\"Eduardo Vargas\" \/>\n\t<meta name=\"twitter:label2\" content=\"Est. tempo de leitura\" \/>\n\t<meta name=\"twitter:data2\" content=\"3 minutos\" \/>\n<script type=\"application\/ld+json\" class=\"yoast-schema-graph\">{\"@context\":\"https:\/\/schema.org\",\"@graph\":[{\"@type\":\"NewsArticle\",\"@id\":\"https:\/\/www.suno.com.br\/noticias\/busca-por-credito-outubro-cai-neurotech-evm\/#article\",\"isPartOf\":{\"@id\":\"https:\/\/www.suno.com.br\/noticias\/busca-por-credito-outubro-cai-neurotech-evm\/\"},\"author\":{\"name\":\"Eduardo Vargas\",\"@id\":\"https:\/\/www.suno.com.br\/noticias\/#\/schema\/person\/7f4d362bf3518e76090143ae77bb49a5\"},\"headline\":\"Busca por cr\u00e9dito volta a cair, revela \u00edndice da Neurotech\",\"datePublished\":\"2023-12-16T17:12:02+00:00\",\"dateModified\":\"2023-12-16T17:12:08+00:00\",\"mainEntityOfPage\":{\"@id\":\"https:\/\/www.suno.com.br\/noticias\/busca-por-credito-outubro-cai-neurotech-evm\/\"},\"wordCount\":537,\"publisher\":{\"@id\":\"https:\/\/www.suno.com.br\/noticias\/#organization\"},\"image\":{\"@id\":\"https:\/\/www.suno.com.br\/noticias\/busca-por-credito-outubro-cai-neurotech-evm\/#primaryimage\"},\"thumbnailUrl\":\"https:\/\/files.sunoresearch.com.br\/n\/uploads\/2023\/02\/cartao-de-credito-scaled.jpg\",\"keywords\":[\"Ag\u00eancias\",\"cr\u00e9dito\"],\"articleSection\":[\"Economia\"],\"inLanguage\":\"pt-BR\"},{\"@type\":\"WebPage\",\"@id\":\"https:\/\/www.suno.com.br\/noticias\/busca-por-credito-outubro-cai-neurotech-evm\/\",\"url\":\"https:\/\/www.suno.com.br\/noticias\/busca-por-credito-outubro-cai-neurotech-evm\/\",\"name\":\"Busca por cr\u00e9dito volta a cair, revela \u00edndice da Neurotech\",\"isPartOf\":{\"@id\":\"https:\/\/www.suno.com.br\/noticias\/#website\"},\"primaryImageOfPage\":{\"@id\":\"https:\/\/www.suno.com.br\/noticias\/busca-por-credito-outubro-cai-neurotech-evm\/#primaryimage\"},\"image\":{\"@id\":\"https:\/\/www.suno.com.br\/noticias\/busca-por-credito-outubro-cai-neurotech-evm\/#primaryimage\"},\"thumbnailUrl\":\"https:\/\/files.sunoresearch.com.br\/n\/uploads\/2023\/02\/cartao-de-credito-scaled.jpg\",\"datePublished\":\"2023-12-16T17:12:02+00:00\",\"dateModified\":\"2023-12-16T17:12:08+00:00\",\"description\":\"Conforme o \u00cdndice de Cr\u00e9dito, a procura por financiamento teve queda mensal de 10% no per\u00edodo, ap\u00f3s alta de 11% em setembro\",\"breadcrumb\":{\"@id\":\"https:\/\/www.suno.com.br\/noticias\/busca-por-credito-outubro-cai-neurotech-evm\/#breadcrumb\"},\"inLanguage\":\"pt-BR\",\"potentialAction\":[{\"@type\":\"ReadAction\",\"target\":[\"https:\/\/www.suno.com.br\/noticias\/busca-por-credito-outubro-cai-neurotech-evm\/\"]}]},{\"@type\":\"ImageObject\",\"inLanguage\":\"pt-BR\",\"@id\":\"https:\/\/www.suno.com.br\/noticias\/busca-por-credito-outubro-cai-neurotech-evm\/#primaryimage\",\"url\":\"https:\/\/files.sunoresearch.com.br\/n\/uploads\/2023\/02\/cartao-de-credito-scaled.jpg\",\"contentUrl\":\"https:\/\/files.sunoresearch.com.br\/n\/uploads\/2023\/02\/cartao-de-credito-scaled.jpg\",\"width\":2560,\"height\":1707,\"caption\":\"Expans\u00e3o do cr\u00e9dito desacelera em agosto, aponta Febraban. Foto: Unsplash\"},{\"@type\":\"BreadcrumbList\",\"@id\":\"https:\/\/www.suno.com.br\/noticias\/busca-por-credito-outubro-cai-neurotech-evm\/#breadcrumb\",\"itemListElement\":[{\"@type\":\"ListItem\",\"position\":1,\"name\":\"Not\u00edcias\",\"item\":\"https:\/\/www.suno.com.br\/noticias\/\"},{\"@type\":\"ListItem\",\"position\":2,\"name\":\"Economia\",\"item\":\"https:\/\/www.suno.com.br\/noticias\/economia\/\"},{\"@type\":\"ListItem\",\"position\":3,\"name\":\"Busca por cr\u00e9dito volta a cair, revela \u00edndice da Neurotech\"}]},{\"@type\":\"WebSite\",\"@id\":\"https:\/\/www.suno.com.br\/noticias\/#website\",\"url\":\"https:\/\/www.suno.com.br\/noticias\/\",\"name\":\"Suno Not\u00edcias\",\"description\":\"Seu portal de informa\u00e7\u00e3o sobre o mundo dos investimentos\",\"publisher\":{\"@id\":\"https:\/\/www.suno.com.br\/noticias\/#organization\"},\"potentialAction\":[{\"@type\":\"SearchAction\",\"target\":{\"@type\":\"EntryPoint\",\"urlTemplate\":\"https:\/\/www.suno.com.br\/noticias\/?s={search_term_string}\"},\"query-input\":{\"@type\":\"PropertyValueSpecification\",\"valueRequired\":true,\"valueName\":\"search_term_string\"}}],\"inLanguage\":\"pt-BR\"},{\"@type\":\"Organization\",\"@id\":\"https:\/\/www.suno.com.br\/noticias\/#organization\",\"name\":\"Suno Not\u00edcias\",\"url\":\"https:\/\/www.suno.com.br\/noticias\/\",\"logo\":{\"@type\":\"ImageObject\",\"inLanguage\":\"pt-BR\",\"@id\":\"https:\/\/www.suno.com.br\/noticias\/#\/schema\/logo\/image\/\",\"url\":\"https:\/\/files.sunoresearch.com.br\/n\/uploads\/2021\/09\/suno-logo.png\",\"contentUrl\":\"https:\/\/files.sunoresearch.com.br\/n\/uploads\/2021\/09\/suno-logo.png\",\"width\":180,\"height\":180,\"caption\":\"Suno Not\u00edcias\"},\"image\":{\"@id\":\"https:\/\/www.suno.com.br\/noticias\/#\/schema\/logo\/image\/\"},\"sameAs\":[\"https:\/\/facebook.com\/sunoresearch\",\"https:\/\/x.com\/sunoresearch\",\"https:\/\/www.instagram.com\/suno\",\"https:\/\/www.linkedin.com\/company\/suno-research\/\",\"https:\/\/www.youtube.com\/c\/sunoresearch\"]},{\"@type\":\"Person\",\"@id\":\"https:\/\/www.suno.com.br\/noticias\/#\/schema\/person\/7f4d362bf3518e76090143ae77bb49a5\",\"name\":\"Eduardo Vargas\",\"image\":{\"@type\":\"ImageObject\",\"inLanguage\":\"pt-BR\",\"@id\":\"https:\/\/www.suno.com.br\/noticias\/#\/schema\/person\/image\/\",\"url\":\"https:\/\/secure.gravatar.com\/avatar\/dac340933427a22924c9f99d1eb2e3f2?s=96&r=g\",\"contentUrl\":\"https:\/\/secure.gravatar.com\/avatar\/dac340933427a22924c9f99d1eb2e3f2?s=96&r=g\",\"caption\":\"Eduardo Vargas\"},\"description\":\"Jornalista formado pela UFSC, cobre macroeconomia, neg\u00f3cios e startups para o Suno Not\u00edcias, escrevendo principalmente not\u00edcias sobre o mercado financeiro e a bolsa de valores. No YouTube e no Instagram, \u00e9 respons\u00e1vel pela produ\u00e7\u00e3o de Reels e Shorts do Suno Not\u00edcias. Anteriormente, trabalhou cobrindo economia e cotidiano no ND+ e para o ND, maior jornal impresso de Santa Catarina. Cursou um semestre letivo de Estudos de M\u00eddia na Universidad de Buenos Aires.\",\"url\":\"https:\/\/www.suno.com.br\/noticias\/author\/eduardo-vargas\/\"}]}<\/script>\n<!-- \/ Yoast SEO plugin. -->","yoast_head_json":{"title":"Busca por cr\u00e9dito volta a cair, revela \u00edndice da Neurotech","description":"Conforme o \u00cdndice de Cr\u00e9dito, a procura por financiamento teve queda mensal de 10% no per\u00edodo, ap\u00f3s alta de 11% em setembro","robots":{"index":"index","follow":"follow","max-snippet":"max-snippet:-1","max-image-preview":"max-image-preview:large","max-video-preview":"max-video-preview:-1"},"canonical":"https:\/\/www.suno.com.br\/noticias\/busca-por-credito-outubro-cai-neurotech-evm\/","og_locale":"pt_BR","og_type":"article","og_title":"Busca por cr\u00e9dito volta a cair, revela \u00edndice da Neurotech","og_description":"Conforme o \u00cdndice de Cr\u00e9dito, a procura por financiamento teve queda mensal de 10% no per\u00edodo, ap\u00f3s alta de 11% em setembro","og_url":"https:\/\/www.suno.com.br\/noticias\/busca-por-credito-outubro-cai-neurotech-evm\/","og_site_name":"Suno Not\u00edcias","article_publisher":"https:\/\/facebook.com\/sunoresearch","og_image":[{"width":2560,"height":1707,"url":"https:\/\/files.sunoresearch.com.br\/n\/uploads\/2023\/02\/cartao-de-credito-scaled.jpg","type":"image\/jpeg"}],"author":"Eduardo Vargas","twitter_card":"summary_large_image","twitter_creator":"@sunoresearch","twitter_site":"@sunoresearch","twitter_misc":{"Escrito por":"Eduardo Vargas","Est. tempo de leitura":"3 minutos"},"schema":{"@context":"https:\/\/schema.org","@graph":[{"@type":"NewsArticle","@id":"https:\/\/www.suno.com.br\/noticias\/busca-por-credito-outubro-cai-neurotech-evm\/#article","isPartOf":{"@id":"https:\/\/www.suno.com.br\/noticias\/busca-por-credito-outubro-cai-neurotech-evm\/"},"author":{"name":"Eduardo Vargas","@id":"https:\/\/www.suno.com.br\/noticias\/#\/schema\/person\/7f4d362bf3518e76090143ae77bb49a5"},"headline":"Busca por cr\u00e9dito volta a cair, revela \u00edndice da Neurotech","datePublished":"2023-12-16T17:12:02+00:00","dateModified":"2023-12-16T17:12:08+00:00","mainEntityOfPage":{"@id":"https:\/\/www.suno.com.br\/noticias\/busca-por-credito-outubro-cai-neurotech-evm\/"},"wordCount":537,"publisher":{"@id":"https:\/\/www.suno.com.br\/noticias\/#organization"},"image":{"@id":"https:\/\/www.suno.com.br\/noticias\/busca-por-credito-outubro-cai-neurotech-evm\/#primaryimage"},"thumbnailUrl":"https:\/\/files.sunoresearch.com.br\/n\/uploads\/2023\/02\/cartao-de-credito-scaled.jpg","keywords":["Ag\u00eancias","cr\u00e9dito"],"articleSection":["Economia"],"inLanguage":"pt-BR"},{"@type":"WebPage","@id":"https:\/\/www.suno.com.br\/noticias\/busca-por-credito-outubro-cai-neurotech-evm\/","url":"https:\/\/www.suno.com.br\/noticias\/busca-por-credito-outubro-cai-neurotech-evm\/","name":"Busca por cr\u00e9dito volta a cair, revela \u00edndice da Neurotech","isPartOf":{"@id":"https:\/\/www.suno.com.br\/noticias\/#website"},"primaryImageOfPage":{"@id":"https:\/\/www.suno.com.br\/noticias\/busca-por-credito-outubro-cai-neurotech-evm\/#primaryimage"},"image":{"@id":"https:\/\/www.suno.com.br\/noticias\/busca-por-credito-outubro-cai-neurotech-evm\/#primaryimage"},"thumbnailUrl":"https:\/\/files.sunoresearch.com.br\/n\/uploads\/2023\/02\/cartao-de-credito-scaled.jpg","datePublished":"2023-12-16T17:12:02+00:00","dateModified":"2023-12-16T17:12:08+00:00","description":"Conforme o \u00cdndice de Cr\u00e9dito, a procura por financiamento teve queda mensal de 10% no per\u00edodo, ap\u00f3s alta de 11% em setembro","breadcrumb":{"@id":"https:\/\/www.suno.com.br\/noticias\/busca-por-credito-outubro-cai-neurotech-evm\/#breadcrumb"},"inLanguage":"pt-BR","potentialAction":[{"@type":"ReadAction","target":["https:\/\/www.suno.com.br\/noticias\/busca-por-credito-outubro-cai-neurotech-evm\/"]}]},{"@type":"ImageObject","inLanguage":"pt-BR","@id":"https:\/\/www.suno.com.br\/noticias\/busca-por-credito-outubro-cai-neurotech-evm\/#primaryimage","url":"https:\/\/files.sunoresearch.com.br\/n\/uploads\/2023\/02\/cartao-de-credito-scaled.jpg","contentUrl":"https:\/\/files.sunoresearch.com.br\/n\/uploads\/2023\/02\/cartao-de-credito-scaled.jpg","width":2560,"height":1707,"caption":"Expans\u00e3o do cr\u00e9dito desacelera em agosto, aponta Febraban. Foto: Unsplash"},{"@type":"BreadcrumbList","@id":"https:\/\/www.suno.com.br\/noticias\/busca-por-credito-outubro-cai-neurotech-evm\/#breadcrumb","itemListElement":[{"@type":"ListItem","position":1,"name":"Not\u00edcias","item":"https:\/\/www.suno.com.br\/noticias\/"},{"@type":"ListItem","position":2,"name":"Economia","item":"https:\/\/www.suno.com.br\/noticias\/economia\/"},{"@type":"ListItem","position":3,"name":"Busca por cr\u00e9dito volta a cair, revela \u00edndice da Neurotech"}]},{"@type":"WebSite","@id":"https:\/\/www.suno.com.br\/noticias\/#website","url":"https:\/\/www.suno.com.br\/noticias\/","name":"Suno Not\u00edcias","description":"Seu portal de informa\u00e7\u00e3o sobre o mundo dos investimentos","publisher":{"@id":"https:\/\/www.suno.com.br\/noticias\/#organization"},"potentialAction":[{"@type":"SearchAction","target":{"@type":"EntryPoint","urlTemplate":"https:\/\/www.suno.com.br\/noticias\/?s={search_term_string}"},"query-input":{"@type":"PropertyValueSpecification","valueRequired":true,"valueName":"search_term_string"}}],"inLanguage":"pt-BR"},{"@type":"Organization","@id":"https:\/\/www.suno.com.br\/noticias\/#organization","name":"Suno Not\u00edcias","url":"https:\/\/www.suno.com.br\/noticias\/","logo":{"@type":"ImageObject","inLanguage":"pt-BR","@id":"https:\/\/www.suno.com.br\/noticias\/#\/schema\/logo\/image\/","url":"https:\/\/files.sunoresearch.com.br\/n\/uploads\/2021\/09\/suno-logo.png","contentUrl":"https:\/\/files.sunoresearch.com.br\/n\/uploads\/2021\/09\/suno-logo.png","width":180,"height":180,"caption":"Suno Not\u00edcias"},"image":{"@id":"https:\/\/www.suno.com.br\/noticias\/#\/schema\/logo\/image\/"},"sameAs":["https:\/\/facebook.com\/sunoresearch","https:\/\/x.com\/sunoresearch","https:\/\/www.instagram.com\/suno","https:\/\/www.linkedin.com\/company\/suno-research\/","https:\/\/www.youtube.com\/c\/sunoresearch"]},{"@type":"Person","@id":"https:\/\/www.suno.com.br\/noticias\/#\/schema\/person\/7f4d362bf3518e76090143ae77bb49a5","name":"Eduardo Vargas","image":{"@type":"ImageObject","inLanguage":"pt-BR","@id":"https:\/\/www.suno.com.br\/noticias\/#\/schema\/person\/image\/","url":"https:\/\/secure.gravatar.com\/avatar\/dac340933427a22924c9f99d1eb2e3f2?s=96&r=g","contentUrl":"https:\/\/secure.gravatar.com\/avatar\/dac340933427a22924c9f99d1eb2e3f2?s=96&r=g","caption":"Eduardo Vargas"},"description":"Jornalista formado pela UFSC, cobre macroeconomia, neg\u00f3cios e startups para o Suno Not\u00edcias, escrevendo principalmente not\u00edcias sobre o mercado financeiro e a bolsa de valores. No YouTube e no Instagram, \u00e9 respons\u00e1vel pela produ\u00e7\u00e3o de Reels e Shorts do Suno Not\u00edcias. Anteriormente, trabalhou cobrindo economia e cotidiano no ND+ e para o ND, maior jornal impresso de Santa Catarina. Cursou um semestre letivo de Estudos de M\u00eddia na Universidad de Buenos Aires.","url":"https:\/\/www.suno.com.br\/noticias\/author\/eduardo-vargas\/"}]}},"default_loop_html":"<div class=\"cardsPage__listCard__boxs\"><div class=\"cardsPage__listCard__boxs__img\"><a href=\"https:\/\/www.suno.com.br\/noticias\/busca-por-credito-outubro-cai-neurotech-evm\/\"><img class=\"mask\" src=\"https:\/\/www.suno.com.br\/noticias\/wp-content\/themes\/suno\/resources\/images\/spotlight\/spotlight1img\/bg-mask.png\" alt=\"Image Mask\"\/><img src=\"https:\/\/files.sunoresearch.com.br\/n\/uploads\/2023\/02\/cartao-de-credito-400x200.jpg\" alt=\"Busca por cr\u00e9dito volta a cair, revela \u00edndice da Neurotech\"\/><\/a><span class=\"spotlightCategory\"><a href=\"https:\/\/www.suno.com.br\/noticias\/economia\/\">Economia<\/a><\/span><\/div><div class=\"cardsPage__listCard__boxs__content\"><a href=\"https:\/\/www.suno.com.br\/noticias\/busca-por-credito-outubro-cai-neurotech-evm\/\"><h2 class=\"content__title\">Busca por cr\u00e9dito volta a cair, revela \u00edndice da Neurotech<\/h2><\/a><div class=\"newsContent__article__meta\"><div class=\"newsContent__article__meta__authorBox\"><a href=\"https:\/\/www.suno.com.br\/noticias\/author\/eduardo-vargas\/\" class=\"authorBox__avatar noMobi\"><img src=\"https:\/\/secure.gravatar.com\/avatar\/dac340933427a22924c9f99d1eb2e3f2?s=96&#038;r=g\" alt=\"Eduardo Vargas\"><\/a><div class=\"authorBox__name\"><span>por\n\t\t\t<a href=\"https:\/\/www.suno.com.br\/noticias\/author\/eduardo-vargas\/\"><span itemprop=\"author\">Eduardo Vargas<\/span><\/a><\/span><time datetime=\"2023-12-16T14:12:02-03:00\" itemprop=\"datePublished\">16\/12\/2023 14:12<\/time><\/div><\/div><\/div><\/div><\/div>","single_layout":"posts","amp_enabled":true,"_links":{"self":[{"href":"https:\/\/www.suno.com.br\/noticias\/wp-json\/wp\/v2\/posts\/501532"}],"collection":[{"href":"https:\/\/www.suno.com.br\/noticias\/wp-json\/wp\/v2\/posts"}],"about":[{"href":"https:\/\/www.suno.com.br\/noticias\/wp-json\/wp\/v2\/types\/post"}],"author":[{"embeddable":true,"href":"https:\/\/www.suno.com.br\/noticias\/wp-json\/wp\/v2\/users\/73"}],"replies":[{"embeddable":true,"href":"https:\/\/www.suno.com.br\/noticias\/wp-json\/wp\/v2\/comments?post=501532"}],"version-history":[{"count":3,"href":"https:\/\/www.suno.com.br\/noticias\/wp-json\/wp\/v2\/posts\/501532\/revisions"}],"predecessor-version":[{"id":501559,"href":"https:\/\/www.suno.com.br\/noticias\/wp-json\/wp\/v2\/posts\/501532\/revisions\/501559"}],"wp:featuredmedia":[{"embeddable":true,"href":"https:\/\/www.suno.com.br\/noticias\/wp-json\/wp\/v2\/media\/358615"}],"wp:attachment":[{"href":"https:\/\/www.suno.com.br\/noticias\/wp-json\/wp\/v2\/media?parent=501532"}],"wp:term":[{"taxonomy":"category","embeddable":true,"href":"https:\/\/www.suno.com.br\/noticias\/wp-json\/wp\/v2\/categories?post=501532"},{"taxonomy":"post_tag","embeddable":true,"href":"https:\/\/www.suno.com.br\/noticias\/wp-json\/wp\/v2\/tags?post=501532"},{"taxonomy":"suno_strategy","embeddable":true,"href":"https:\/\/www.suno.com.br\/noticias\/wp-json\/wp\/v2\/suno_strategy?post=501532"}],"curies":[{"name":"wp","href":"https:\/\/api.w.org\/{rel}","templated":true}]}}