{"id":501531,"date":"2023-12-16T12:38:10","date_gmt":"2023-12-16T15:38:10","guid":{"rendered":"https:\/\/www.suno.com.br\/noticias\/?p=501531"},"modified":"2023-12-16T12:38:10","modified_gmt":"2023-12-16T15:38:10","slug":"reforma-tributaria-haddad-aliquota-evm","status":"publish","type":"post","link":"https:\/\/www.suno.com.br\/noticias\/reforma-tributaria-haddad-aliquota-evm\/","title":{"rendered":"Reforma Tribut\u00e1ria: Haddad reafirma promessa de al\u00edquota menor"},"content":{"rendered":"<p>O atual ministro da Fazenda, Fernando Haddad, reiterou novamente que a al\u00edquota padr\u00e3o do Imposto sobre Valor Agregado (IVA) que a <strong>reforma tribut\u00e1ria<\/strong> vai implementar ser\u00e1 menor que a existente hoje. <\/p>\t<div class=\"wrapper-featured-image\">\n\t\t<figure class=\"spotlightImg\">\n\n\t\t\t<picture>\n\t\t\t\t<source media=\"(max-width: 768px)\" srcset=\"https:\/\/files.sunoresearch.com.br\/n\/uploads\/2023\/03\/fernando-haddad-apresentacao-arcabouco-fiscal-foto-jose-cruz-agencia-brasil-400x200.jpg\">\n\t\t\t\t<img loading=\"lazy\" decoding=\"async\" class=\"newsContent__article__imgCapa lazyloadDisabled \" src=\"https:\/\/files.sunoresearch.com.br\/n\/uploads\/2023\/03\/fernando-haddad-apresentacao-arcabouco-fiscal-foto-jose-cruz-agencia-brasil-800x450.jpg\" width=\"800\" height=\"450\" alt=\"Reforma Tribut\u00e1ria: Haddad reafirma promessa de al\u00edquota menor\" fetchpriority=high \/>\n\t\t\t<\/picture>\n\n\t\t\t<figcaption class=\"wp-caption-text wp-caption-text--show\">Medidas para compensar desonera\u00e7\u00e3o da folha saem na pr\u00f3xima semana? Foto: Jos\u00e9 Cruz\/Ag\u00eancia Brasil<\/figcaption>\n\t\t<\/figure>\n\t<\/div>\n\n\n\n\n\n\t<p>\n\t\t<a href=\"\" target=\"_blank\" data-element=\"shortcode-suno-banner\" title=\"Banner SUNO, clique e saiba mais\">\n\t\t\t<picture>\n\t\t\t\t<source media=\"(max-width: 500px)\" srcset=\"\">\n\t\t\t\t<img class=\"newsContent__article__imgCapa newsContent__article__imgCapa--banner\"\n\t\t\t\t\tsrc=\"\"\n\t\t\t\t\tdata-promo-id=\"240038\"\t\t\t\t\t\t\t\t\t\t\t\t\t\t\talt=\"\"\n\t\t\t\t>\n\t\t\t<\/picture>\n\t\t<\/a>\n\t<\/p>\n\n\n\n\n\n\n\n<p>Em declara\u00e7\u00e3o dada nesta sexta (15), <strong>Haddad<\/strong> sinalizou que, com a reforma tribut\u00e1ria, a al\u00edquota deve ficar em torno de 27,5%. <\/p>\n\n\n\n<p>\u201cA al\u00edquota nova ser\u00e1 menor que a de hoje e penso que ningu\u00e9m deveria ter d\u00favida quanto a isso\u201d, disse o <strong>Ministro da Fazenda<\/strong>.<\/p>\n\n\n\n<p>\u201cVamos avaliar o impacto, mas deve ficar em torno disso 27,5%. Quanto mais efici\u00eancia e transpar\u00eancia e quanto menos litigiosidade e sonega\u00e7\u00e3o, tudo isso vai contribuir para a al\u00edquota padr\u00e3o ser cada vez mais adequada\u201d, completou. <\/p>\n\n\n\n<p>As declara\u00e7\u00f5es foram dadas em coletiva concedida no come\u00e7o da noite para falar da <strong>vota\u00e7\u00e3o da reforma tribut\u00e1ria<\/strong>.<\/p>\n\n\n\n<p>Haddad rotulou a aprova\u00e7\u00e3o do texto na C\u00e2mara como uma &#8220;vit\u00f3ria&#8221;.<\/p>\n\n\n\n<p>Isso, em um contexto em que \u00e9 a primeira mudan\u00e7a significativa no sistema tribut\u00e1rio desde o fim da ditadura militar.<\/p>\n\n\n\n<p>O tema havia sido ventilado por diversas vezes em governos anteriores, mas nunca concretizado.<\/p>\n\n\n\n\t<div data-element=\"shortcode-read-more\" class=\"readToo\">\n\t\t\t\t<span class=\"readToo__title\">Leia mais<\/span>\n\t\t\t\t<ul class=\"readToo__list\">\n\t\t\t<li><a href=\"https:\/\/www.suno.com.br\/noticias\/plano-a-meta-fiscal-ceron-tesouro-nacional-evm\/\">&#8216;Plano A \u00e9 cumprir meta fiscal&#8217;, diz Secret\u00e1rio do Tesouro<\/a><\/li><li><a href=\"https:\/\/www.suno.com.br\/noticias\/vontades-lula-haddad-kassab-xp-evm\/\">Kassab teme que &#8216;vontades de Lula&#8217; se sobressaiam \u00e0s de Haddad<\/a><\/li><li><a href=\"https:\/\/www.suno.com.br\/noticias\/regras-arcabouco-fiscal-secretario-ministerio-da-fazenda-evm\/\">Regras previstas no arcabou\u00e7o fiscal n\u00e3o ser\u00e3o revistas, diz Secret\u00e1rio do Minist\u00e9rio da Fazenda<\/a><\/li>\t\t<\/ul>\n\t<\/div>\n\n\n\n\n<h2 class=\"wp-block-heading\">Quais os impactos da reforma tribut\u00e1ria?<\/h2>\n\n\n\n<p>O texto da reforma tem sido uma das principais pautas a tramitar no legislativo no ano de 2023, em meio \u00e0 encruzilhada do Planalto de aumentar a arrecada\u00e7\u00e3o e zerar o d\u00e9ficit no ano de 2024. <\/p>\n\n\n\n<p>Nesta sexta (15), o <a href=\"https:\/\/www.suno.com.br\/noticias\/reforma-tributaria-texto-base-camara-aprova\/\">texto-base da Proposta de Emenda \u00e0 Constitui\u00e7\u00e3o<\/a> (PEC) da reforma tribut\u00e1ria, modificado no Senado, foi aprovado na C\u00e2mara dos Deputados. <\/p>\n\n\n\n<p>A expectativa \u00e9 de que, com as <strong>novas regras da Reforma Tribut\u00e1ria<\/strong>, possamos ter uma simplifica\u00e7\u00e3o nas pr\u00e1ticas de arrecada\u00e7\u00e3o do governo e, especialmente, tenhamos um pouco mais de clareza em como todo o sistema funciona.<\/p>\n\n\n\t<p>\n\t\t<a href=\"https:\/\/lp.suno.com.br\/ebook-gratuito-investindo-no-exterior\/\" target=\"_blank\" data-element=\"shortcode-suno-banner\" title=\"Banner SUNO, clique e saiba mais\">\n\t\t\t<picture>\n\t\t\t\t<source media=\"(max-width: 500px)\" srcset=\"https:\/\/files.sunoresearch.com.br\/n\/uploads\/2023\/03\/400x300-Investindo-no-exterior.png\">\n\t\t\t\t<img class=\"newsContent__article__imgCapa newsContent__article__imgCapa--banner\"\n\t\t\t\t\tsrc=\"https:\/\/files.sunoresearch.com.br\/n\/uploads\/2023\/03\/1420x240-Investindo-no-exterior.png\"\n\t\t\t\t\tdata-promo-id=\"383161\"\t\t\t\t\t\t\t\t\t\twidth='1420' height='240'\t\t\t\t\talt=\"https:\/\/files.sunoresearch.com.br\/n\/uploads\/2023\/03\/1420x240-Investindo-no-exterior.png\"\n\t\t\t\t>\n\t\t\t<\/picture>\n\t\t<\/a>\n\t<\/p>\n\n\n\n\n\n<p>Maria Carolina Gontijo, Tax Advisor na Detax Consultoria &#8211; conhecida como Duquesa de Tax nas redes sociais -, ressalta de que apesar de o texto atual ainda estar longe de solucionar todos os problemas, j\u00e1 \u00e9 suficiente para sanar algumas distor\u00e7\u00f5es do <strong>sistema tribut\u00e1rio<\/strong> em vigor atualmente.<\/p>\n\n\n\n<p>&#8220;Em termos de impacto direto no bolso, o que temos hoje \u00e9 uma previs\u00e3o de que n\u00e3o teremos aumento de <a class=\"suno-keyword\" data-force=\"no\" data-priority=\"1\" href=\"https:\/\/www.suno.com.br\/artigos\/carga-tributaria\/\" target=\"_blank\" rel=\"noopener\">carga tribut\u00e1ria<\/a>. Ou seja, n\u00e3o iremos criar ou ampliar al\u00edquotas. Vai ser feito um c\u00e1lculo e chegaremos a uma <strong>al\u00edquota <\/strong>que iremos pagar, mas iremos equilibrar com as exce\u00e7\u00f5es do texto, e chegaremos em uma al\u00edquota para simplificar&#8221;, detalha Gontijo.<\/p>\n\n\n\n<p>&#8220;Qual que \u00e1 ideia disso? Iremos trocar toda a nossa tributa\u00e7\u00e3o sobre o consumo. Aqueles tributos que pagamos e n\u00e3o vemos. O que compramos em loja de vestu\u00e1rio e tem uma s\u00e9rie de <strong>impostos<\/strong> embutidos, por exemplo&#8221;, completa.<\/p>\n\n\n\n<p>Conforme a especialista, com o <strong>novo texto da Reforma Tribut\u00e1ria<\/strong>, iremos trocar tr\u00eas impostos federais (IPI, PIS e Cofins) pela CBS, e iremos trocar dois subnacionais &#8211; um estadual (<strong>ICMS<\/strong>) e outro municipal (ISS) &#8211; por um IBS.<\/p>\n\n\n\n<p>&#8220;Esses dois ser\u00e3o iguais, mas isso precisa ser dividido. Vamos simplificar e unificar esses tributos, sem ter um aumento na al\u00edquota. A principal promessa da reforma n\u00e3o \u00e9 o valor de quanto pagamos, mas saber o que pagamos&#8221;.<\/p>\n\n\n\n<p>Ou seja, conforme a especialista, a tend\u00eancia \u00e9 de que a transpar\u00eancia sobre os <strong>impostos e tributos<\/strong> aumente.<\/p>\n\n\n\n<h2 class=\"wp-block-heading\">Ind\u00fastria deve ter distor\u00e7\u00f5es corrigidas<\/h2>\n\n\n\n<p>Al\u00e9m disso, a especialista do campo <strong>tribut\u00e1rio<\/strong> ressalta que o setor que deve ter mais impacto deve ser a ind\u00fastria.<\/p>\n\n\n\n<p>A expectativa \u00e9 de que o segmento da <strong>economia<\/strong> n\u00e3o tenha benef\u00edcios diretos &#8211; ou seja, ganhar vantagens -, mas passe a ter uma simplifica\u00e7\u00e3o que torne o cotidiano menos complexo.<\/p>\n\n\n\n<p>&#8220;O que temos hoje quando falamos de tributa\u00e7\u00e3o do consumo \u00e9 que, quanto mais elaborado \u00e9 &#8211; ou seja, quanto mais perto voc\u00ea est\u00e1 da fabrica\u00e7\u00e3o de um bem &#8211; mais complexa \u00e9 a sua <a class=\"suno-keyword\" data-force=\"no\" data-priority=\"1\" href=\"https:\/\/www.suno.com.br\/artigos\/carga-tributaria\/\" target=\"_blank\" rel=\"noopener\">carga tribut\u00e1ria<\/a>. O custo de conformidade \u00e9 alto, as empresas t\u00eam in\u00fameros setores. Quanto mais dentro da cria\u00e7\u00e3o, mais voc\u00ea tem um impacto dessa simplifica\u00e7\u00e3o&#8221;, explica.<\/p>\n\n\n\n<p>&#8220;Quem tende a ser mais beneficiado com essa <strong>reforma tribut\u00e1ria<\/strong> \u00e9 a ind\u00fastria, porque a ind\u00fastria, hoje, \u00e9 a que mais sofre. N\u00e3o \u00e9 que ela ter\u00e1 benef\u00edcios, na realidade s\u00f3 corrigiremos uma distor\u00e7\u00e3o do nosso sistema que inclusive afeta nosso <a class=\"suno-keyword\" data-force=\"no\" data-priority=\"1\" href=\"https:\/\/www.suno.com.br\/artigos\/desenvolvimento-economico\/\" target=\"_blank\" rel=\"noopener\">desenvolvimento econ\u00f4mico<\/a>&#8220;, segue.<\/p>\n\n\n\t<p>\n\t\t<a href=\"https:\/\/lp.suno.com.br\/planilha-da-vida-financeira\/\" target=\"_blank\" data-element=\"shortcode-suno-banner\" title=\"Banner SUNO, clique e saiba mais\">\n\t\t\t<picture>\n\t\t\t\t<source media=\"(max-width: 500px)\" srcset=\"https:\/\/files.sunoresearch.com.br\/n\/uploads\/2023\/04\/400x300-Planilha-vida-financeira-true.png\">\n\t\t\t\t<img class=\"newsContent__article__imgCapa newsContent__article__imgCapa--banner\"\n\t\t\t\t\tsrc=\"https:\/\/files.sunoresearch.com.br\/n\/uploads\/2023\/04\/1420x240-Planilha-vida-financeira-true.png\"\n\t\t\t\t\tdata-promo-id=\"383123\"\t\t\t\t\t\t\t\t\t\twidth='1420' height='240'\t\t\t\t\talt=\"https:\/\/files.sunoresearch.com.br\/n\/uploads\/2023\/04\/1420x240-Planilha-vida-financeira-true.png\"\n\t\t\t\t>\n\t\t\t<\/picture>\n\t\t<\/a>\n\t<\/p>\n\n\n","protected":false},"excerpt":{"rendered":"<p>O atual ministro da Fazenda, Fernando Haddad, reiterou novamente que a al\u00edquota padr\u00e3o do Imposto sobre Valor Agregado (IVA) que a reforma tribut\u00e1ria vai implementar ser\u00e1 menor que a existente hoje. Medidas para compensar desonera\u00e7\u00e3o da folha saem na pr\u00f3xima semana? Foto: Jos\u00e9 Cruz\/Ag\u00eancia Brasil Em declara\u00e7\u00e3o dada nesta sexta (15), Haddad sinalizou que, com [&hellip;]<\/p>\n","protected":false},"author":73,"featured_media":383197,"comment_status":"closed","ping_status":"closed","sticky":false,"template":"","format":"standard","meta":[],"categories":[61],"tags":[],"suno_strategy":[],"class_list":["post-501531","post","type-post","status-publish","format-standard","has-post-thumbnail","hentry","category-politica"],"yoast_head":"<!-- This site is optimized with the Yoast SEO plugin v24.4 - https:\/\/yoast.com\/wordpress\/plugins\/seo\/ -->\n<title>Reforma Tribut\u00e1ria: Haddad reafirma promessa de al\u00edquota menor<\/title>\n<meta name=\"robots\" content=\"index, follow, max-snippet:-1, max-image-preview:large, max-video-preview:-1\" \/>\n<link rel=\"canonical\" href=\"https:\/\/www.suno.com.br\/noticias\/reforma-tributaria-haddad-aliquota-evm\/\" \/>\n<meta property=\"og:locale\" content=\"pt_BR\" \/>\n<meta property=\"og:type\" content=\"article\" \/>\n<meta property=\"og:title\" content=\"Reforma Tribut\u00e1ria: Haddad reafirma promessa de al\u00edquota menor\" \/>\n<meta property=\"og:description\" content=\"O atual ministro da Fazenda, Fernando Haddad, reiterou novamente que a al\u00edquota padr\u00e3o do Imposto sobre Valor Agregado (IVA) que a reforma tribut\u00e1ria vai implementar ser\u00e1 menor que a existente hoje. Medidas para compensar desonera\u00e7\u00e3o da folha saem na pr\u00f3xima semana? Foto: Jos\u00e9 Cruz\/Ag\u00eancia Brasil Em declara\u00e7\u00e3o dada nesta sexta (15), Haddad sinalizou que, com [&hellip;]\" \/>\n<meta property=\"og:url\" content=\"https:\/\/www.suno.com.br\/noticias\/reforma-tributaria-haddad-aliquota-evm\/\" \/>\n<meta property=\"og:site_name\" content=\"Suno Not\u00edcias\" \/>\n<meta property=\"article:publisher\" content=\"https:\/\/facebook.com\/sunoresearch\" \/>\n<meta property=\"og:image\" content=\"https:\/\/files.sunoresearch.com.br\/n\/uploads\/2023\/03\/fernando-haddad-apresentacao-arcabouco-fiscal-foto-jose-cruz-agencia-brasil.jpg\" \/>\n\t<meta property=\"og:image:width\" content=\"1200\" \/>\n\t<meta property=\"og:image:height\" content=\"675\" \/>\n\t<meta property=\"og:image:type\" content=\"image\/jpeg\" \/>\n<meta name=\"author\" content=\"Eduardo Vargas\" \/>\n<meta name=\"twitter:card\" content=\"summary_large_image\" \/>\n<meta name=\"twitter:creator\" content=\"@sunoresearch\" \/>\n<meta name=\"twitter:site\" content=\"@sunoresearch\" \/>\n<meta name=\"twitter:label1\" content=\"Escrito por\" \/>\n\t<meta name=\"twitter:data1\" content=\"Eduardo Vargas\" \/>\n\t<meta name=\"twitter:label2\" content=\"Est. tempo de leitura\" \/>\n\t<meta name=\"twitter:data2\" content=\"4 minutos\" \/>\n<script type=\"application\/ld+json\" class=\"yoast-schema-graph\">{\"@context\":\"https:\/\/schema.org\",\"@graph\":[{\"@type\":\"NewsArticle\",\"@id\":\"https:\/\/www.suno.com.br\/noticias\/reforma-tributaria-haddad-aliquota-evm\/#article\",\"isPartOf\":{\"@id\":\"https:\/\/www.suno.com.br\/noticias\/reforma-tributaria-haddad-aliquota-evm\/\"},\"author\":{\"name\":\"Eduardo Vargas\",\"@id\":\"https:\/\/www.suno.com.br\/noticias\/#\/schema\/person\/7f4d362bf3518e76090143ae77bb49a5\"},\"headline\":\"Reforma Tribut\u00e1ria: Haddad reafirma promessa de al\u00edquota menor\",\"datePublished\":\"2023-12-16T15:38:10+00:00\",\"mainEntityOfPage\":{\"@id\":\"https:\/\/www.suno.com.br\/noticias\/reforma-tributaria-haddad-aliquota-evm\/\"},\"wordCount\":750,\"publisher\":{\"@id\":\"https:\/\/www.suno.com.br\/noticias\/#organization\"},\"image\":{\"@id\":\"https:\/\/www.suno.com.br\/noticias\/reforma-tributaria-haddad-aliquota-evm\/#primaryimage\"},\"thumbnailUrl\":\"https:\/\/files.sunoresearch.com.br\/n\/uploads\/2023\/03\/fernando-haddad-apresentacao-arcabouco-fiscal-foto-jose-cruz-agencia-brasil.jpg\",\"articleSection\":[\"Pol\u00edtica\"],\"inLanguage\":\"pt-BR\"},{\"@type\":\"WebPage\",\"@id\":\"https:\/\/www.suno.com.br\/noticias\/reforma-tributaria-haddad-aliquota-evm\/\",\"url\":\"https:\/\/www.suno.com.br\/noticias\/reforma-tributaria-haddad-aliquota-evm\/\",\"name\":\"Reforma Tribut\u00e1ria: Haddad reafirma promessa de al\u00edquota menor\",\"isPartOf\":{\"@id\":\"https:\/\/www.suno.com.br\/noticias\/#website\"},\"primaryImageOfPage\":{\"@id\":\"https:\/\/www.suno.com.br\/noticias\/reforma-tributaria-haddad-aliquota-evm\/#primaryimage\"},\"image\":{\"@id\":\"https:\/\/www.suno.com.br\/noticias\/reforma-tributaria-haddad-aliquota-evm\/#primaryimage\"},\"thumbnailUrl\":\"https:\/\/files.sunoresearch.com.br\/n\/uploads\/2023\/03\/fernando-haddad-apresentacao-arcabouco-fiscal-foto-jose-cruz-agencia-brasil.jpg\",\"datePublished\":\"2023-12-16T15:38:10+00:00\",\"breadcrumb\":{\"@id\":\"https:\/\/www.suno.com.br\/noticias\/reforma-tributaria-haddad-aliquota-evm\/#breadcrumb\"},\"inLanguage\":\"pt-BR\",\"potentialAction\":[{\"@type\":\"ReadAction\",\"target\":[\"https:\/\/www.suno.com.br\/noticias\/reforma-tributaria-haddad-aliquota-evm\/\"]}]},{\"@type\":\"ImageObject\",\"inLanguage\":\"pt-BR\",\"@id\":\"https:\/\/www.suno.com.br\/noticias\/reforma-tributaria-haddad-aliquota-evm\/#primaryimage\",\"url\":\"https:\/\/files.sunoresearch.com.br\/n\/uploads\/2023\/03\/fernando-haddad-apresentacao-arcabouco-fiscal-foto-jose-cruz-agencia-brasil.jpg\",\"contentUrl\":\"https:\/\/files.sunoresearch.com.br\/n\/uploads\/2023\/03\/fernando-haddad-apresentacao-arcabouco-fiscal-foto-jose-cruz-agencia-brasil.jpg\",\"width\":1200,\"height\":675,\"caption\":\"Medidas para compensar desonera\u00e7\u00e3o da folha saem na pr\u00f3xima semana? Foto: Jos\u00e9 Cruz\/Ag\u00eancia Brasil\"},{\"@type\":\"BreadcrumbList\",\"@id\":\"https:\/\/www.suno.com.br\/noticias\/reforma-tributaria-haddad-aliquota-evm\/#breadcrumb\",\"itemListElement\":[{\"@type\":\"ListItem\",\"position\":1,\"name\":\"Not\u00edcias\",\"item\":\"https:\/\/www.suno.com.br\/noticias\/\"},{\"@type\":\"ListItem\",\"position\":2,\"name\":\"Pol\u00edtica\",\"item\":\"https:\/\/www.suno.com.br\/noticias\/politica\/\"},{\"@type\":\"ListItem\",\"position\":3,\"name\":\"Reforma Tribut\u00e1ria: Haddad reafirma promessa de al\u00edquota menor\"}]},{\"@type\":\"WebSite\",\"@id\":\"https:\/\/www.suno.com.br\/noticias\/#website\",\"url\":\"https:\/\/www.suno.com.br\/noticias\/\",\"name\":\"Suno Not\u00edcias\",\"description\":\"Seu portal de informa\u00e7\u00e3o sobre o mundo dos investimentos\",\"publisher\":{\"@id\":\"https:\/\/www.suno.com.br\/noticias\/#organization\"},\"potentialAction\":[{\"@type\":\"SearchAction\",\"target\":{\"@type\":\"EntryPoint\",\"urlTemplate\":\"https:\/\/www.suno.com.br\/noticias\/?s={search_term_string}\"},\"query-input\":{\"@type\":\"PropertyValueSpecification\",\"valueRequired\":true,\"valueName\":\"search_term_string\"}}],\"inLanguage\":\"pt-BR\"},{\"@type\":\"Organization\",\"@id\":\"https:\/\/www.suno.com.br\/noticias\/#organization\",\"name\":\"Suno Not\u00edcias\",\"url\":\"https:\/\/www.suno.com.br\/noticias\/\",\"logo\":{\"@type\":\"ImageObject\",\"inLanguage\":\"pt-BR\",\"@id\":\"https:\/\/www.suno.com.br\/noticias\/#\/schema\/logo\/image\/\",\"url\":\"https:\/\/files.sunoresearch.com.br\/n\/uploads\/2021\/09\/suno-logo.png\",\"contentUrl\":\"https:\/\/files.sunoresearch.com.br\/n\/uploads\/2021\/09\/suno-logo.png\",\"width\":180,\"height\":180,\"caption\":\"Suno Not\u00edcias\"},\"image\":{\"@id\":\"https:\/\/www.suno.com.br\/noticias\/#\/schema\/logo\/image\/\"},\"sameAs\":[\"https:\/\/facebook.com\/sunoresearch\",\"https:\/\/x.com\/sunoresearch\",\"https:\/\/www.instagram.com\/suno\",\"https:\/\/www.linkedin.com\/company\/suno-research\/\",\"https:\/\/www.youtube.com\/c\/sunoresearch\"]},{\"@type\":\"Person\",\"@id\":\"https:\/\/www.suno.com.br\/noticias\/#\/schema\/person\/7f4d362bf3518e76090143ae77bb49a5\",\"name\":\"Eduardo Vargas\",\"image\":{\"@type\":\"ImageObject\",\"inLanguage\":\"pt-BR\",\"@id\":\"https:\/\/www.suno.com.br\/noticias\/#\/schema\/person\/image\/\",\"url\":\"https:\/\/secure.gravatar.com\/avatar\/dac340933427a22924c9f99d1eb2e3f2?s=96&r=g\",\"contentUrl\":\"https:\/\/secure.gravatar.com\/avatar\/dac340933427a22924c9f99d1eb2e3f2?s=96&r=g\",\"caption\":\"Eduardo Vargas\"},\"description\":\"Jornalista formado pela UFSC, cobre macroeconomia, neg\u00f3cios e startups para o Suno Not\u00edcias, escrevendo principalmente not\u00edcias sobre o mercado financeiro e a bolsa de valores. No YouTube e no Instagram, \u00e9 respons\u00e1vel pela produ\u00e7\u00e3o de Reels e Shorts do Suno Not\u00edcias. Anteriormente, trabalhou cobrindo economia e cotidiano no ND+ e para o ND, maior jornal impresso de Santa Catarina. Cursou um semestre letivo de Estudos de M\u00eddia na Universidad de Buenos Aires.\",\"url\":\"https:\/\/www.suno.com.br\/noticias\/author\/eduardo-vargas\/\"}]}<\/script>\n<!-- \/ Yoast SEO plugin. -->","yoast_head_json":{"title":"Reforma Tribut\u00e1ria: Haddad reafirma promessa de al\u00edquota menor","robots":{"index":"index","follow":"follow","max-snippet":"max-snippet:-1","max-image-preview":"max-image-preview:large","max-video-preview":"max-video-preview:-1"},"canonical":"https:\/\/www.suno.com.br\/noticias\/reforma-tributaria-haddad-aliquota-evm\/","og_locale":"pt_BR","og_type":"article","og_title":"Reforma Tribut\u00e1ria: Haddad reafirma promessa de al\u00edquota menor","og_description":"O atual ministro da Fazenda, Fernando Haddad, reiterou novamente que a al\u00edquota padr\u00e3o do Imposto sobre Valor Agregado (IVA) que a reforma tribut\u00e1ria vai implementar ser\u00e1 menor que a existente hoje. Medidas para compensar desonera\u00e7\u00e3o da folha saem na pr\u00f3xima semana? Foto: Jos\u00e9 Cruz\/Ag\u00eancia Brasil Em declara\u00e7\u00e3o dada nesta sexta (15), Haddad sinalizou que, com [&hellip;]","og_url":"https:\/\/www.suno.com.br\/noticias\/reforma-tributaria-haddad-aliquota-evm\/","og_site_name":"Suno Not\u00edcias","article_publisher":"https:\/\/facebook.com\/sunoresearch","og_image":[{"width":1200,"height":675,"url":"https:\/\/files.sunoresearch.com.br\/n\/uploads\/2023\/03\/fernando-haddad-apresentacao-arcabouco-fiscal-foto-jose-cruz-agencia-brasil.jpg","type":"image\/jpeg"}],"author":"Eduardo Vargas","twitter_card":"summary_large_image","twitter_creator":"@sunoresearch","twitter_site":"@sunoresearch","twitter_misc":{"Escrito por":"Eduardo Vargas","Est. tempo de leitura":"4 minutos"},"schema":{"@context":"https:\/\/schema.org","@graph":[{"@type":"NewsArticle","@id":"https:\/\/www.suno.com.br\/noticias\/reforma-tributaria-haddad-aliquota-evm\/#article","isPartOf":{"@id":"https:\/\/www.suno.com.br\/noticias\/reforma-tributaria-haddad-aliquota-evm\/"},"author":{"name":"Eduardo Vargas","@id":"https:\/\/www.suno.com.br\/noticias\/#\/schema\/person\/7f4d362bf3518e76090143ae77bb49a5"},"headline":"Reforma Tribut\u00e1ria: Haddad reafirma promessa de al\u00edquota menor","datePublished":"2023-12-16T15:38:10+00:00","mainEntityOfPage":{"@id":"https:\/\/www.suno.com.br\/noticias\/reforma-tributaria-haddad-aliquota-evm\/"},"wordCount":750,"publisher":{"@id":"https:\/\/www.suno.com.br\/noticias\/#organization"},"image":{"@id":"https:\/\/www.suno.com.br\/noticias\/reforma-tributaria-haddad-aliquota-evm\/#primaryimage"},"thumbnailUrl":"https:\/\/files.sunoresearch.com.br\/n\/uploads\/2023\/03\/fernando-haddad-apresentacao-arcabouco-fiscal-foto-jose-cruz-agencia-brasil.jpg","articleSection":["Pol\u00edtica"],"inLanguage":"pt-BR"},{"@type":"WebPage","@id":"https:\/\/www.suno.com.br\/noticias\/reforma-tributaria-haddad-aliquota-evm\/","url":"https:\/\/www.suno.com.br\/noticias\/reforma-tributaria-haddad-aliquota-evm\/","name":"Reforma Tribut\u00e1ria: Haddad reafirma promessa de al\u00edquota menor","isPartOf":{"@id":"https:\/\/www.suno.com.br\/noticias\/#website"},"primaryImageOfPage":{"@id":"https:\/\/www.suno.com.br\/noticias\/reforma-tributaria-haddad-aliquota-evm\/#primaryimage"},"image":{"@id":"https:\/\/www.suno.com.br\/noticias\/reforma-tributaria-haddad-aliquota-evm\/#primaryimage"},"thumbnailUrl":"https:\/\/files.sunoresearch.com.br\/n\/uploads\/2023\/03\/fernando-haddad-apresentacao-arcabouco-fiscal-foto-jose-cruz-agencia-brasil.jpg","datePublished":"2023-12-16T15:38:10+00:00","breadcrumb":{"@id":"https:\/\/www.suno.com.br\/noticias\/reforma-tributaria-haddad-aliquota-evm\/#breadcrumb"},"inLanguage":"pt-BR","potentialAction":[{"@type":"ReadAction","target":["https:\/\/www.suno.com.br\/noticias\/reforma-tributaria-haddad-aliquota-evm\/"]}]},{"@type":"ImageObject","inLanguage":"pt-BR","@id":"https:\/\/www.suno.com.br\/noticias\/reforma-tributaria-haddad-aliquota-evm\/#primaryimage","url":"https:\/\/files.sunoresearch.com.br\/n\/uploads\/2023\/03\/fernando-haddad-apresentacao-arcabouco-fiscal-foto-jose-cruz-agencia-brasil.jpg","contentUrl":"https:\/\/files.sunoresearch.com.br\/n\/uploads\/2023\/03\/fernando-haddad-apresentacao-arcabouco-fiscal-foto-jose-cruz-agencia-brasil.jpg","width":1200,"height":675,"caption":"Medidas para compensar desonera\u00e7\u00e3o da folha saem na pr\u00f3xima semana? Foto: Jos\u00e9 Cruz\/Ag\u00eancia Brasil"},{"@type":"BreadcrumbList","@id":"https:\/\/www.suno.com.br\/noticias\/reforma-tributaria-haddad-aliquota-evm\/#breadcrumb","itemListElement":[{"@type":"ListItem","position":1,"name":"Not\u00edcias","item":"https:\/\/www.suno.com.br\/noticias\/"},{"@type":"ListItem","position":2,"name":"Pol\u00edtica","item":"https:\/\/www.suno.com.br\/noticias\/politica\/"},{"@type":"ListItem","position":3,"name":"Reforma Tribut\u00e1ria: Haddad reafirma promessa de al\u00edquota menor"}]},{"@type":"WebSite","@id":"https:\/\/www.suno.com.br\/noticias\/#website","url":"https:\/\/www.suno.com.br\/noticias\/","name":"Suno Not\u00edcias","description":"Seu portal de informa\u00e7\u00e3o sobre o mundo dos investimentos","publisher":{"@id":"https:\/\/www.suno.com.br\/noticias\/#organization"},"potentialAction":[{"@type":"SearchAction","target":{"@type":"EntryPoint","urlTemplate":"https:\/\/www.suno.com.br\/noticias\/?s={search_term_string}"},"query-input":{"@type":"PropertyValueSpecification","valueRequired":true,"valueName":"search_term_string"}}],"inLanguage":"pt-BR"},{"@type":"Organization","@id":"https:\/\/www.suno.com.br\/noticias\/#organization","name":"Suno Not\u00edcias","url":"https:\/\/www.suno.com.br\/noticias\/","logo":{"@type":"ImageObject","inLanguage":"pt-BR","@id":"https:\/\/www.suno.com.br\/noticias\/#\/schema\/logo\/image\/","url":"https:\/\/files.sunoresearch.com.br\/n\/uploads\/2021\/09\/suno-logo.png","contentUrl":"https:\/\/files.sunoresearch.com.br\/n\/uploads\/2021\/09\/suno-logo.png","width":180,"height":180,"caption":"Suno Not\u00edcias"},"image":{"@id":"https:\/\/www.suno.com.br\/noticias\/#\/schema\/logo\/image\/"},"sameAs":["https:\/\/facebook.com\/sunoresearch","https:\/\/x.com\/sunoresearch","https:\/\/www.instagram.com\/suno","https:\/\/www.linkedin.com\/company\/suno-research\/","https:\/\/www.youtube.com\/c\/sunoresearch"]},{"@type":"Person","@id":"https:\/\/www.suno.com.br\/noticias\/#\/schema\/person\/7f4d362bf3518e76090143ae77bb49a5","name":"Eduardo Vargas","image":{"@type":"ImageObject","inLanguage":"pt-BR","@id":"https:\/\/www.suno.com.br\/noticias\/#\/schema\/person\/image\/","url":"https:\/\/secure.gravatar.com\/avatar\/dac340933427a22924c9f99d1eb2e3f2?s=96&r=g","contentUrl":"https:\/\/secure.gravatar.com\/avatar\/dac340933427a22924c9f99d1eb2e3f2?s=96&r=g","caption":"Eduardo Vargas"},"description":"Jornalista formado pela UFSC, cobre macroeconomia, neg\u00f3cios e startups para o Suno Not\u00edcias, escrevendo principalmente not\u00edcias sobre o mercado financeiro e a bolsa de valores. No YouTube e no Instagram, \u00e9 respons\u00e1vel pela produ\u00e7\u00e3o de Reels e Shorts do Suno Not\u00edcias. Anteriormente, trabalhou cobrindo economia e cotidiano no ND+ e para o ND, maior jornal impresso de Santa Catarina. Cursou um semestre letivo de Estudos de M\u00eddia na Universidad de Buenos Aires.","url":"https:\/\/www.suno.com.br\/noticias\/author\/eduardo-vargas\/"}]}},"default_loop_html":"<div class=\"cardsPage__listCard__boxs\"><div class=\"cardsPage__listCard__boxs__img\"><a href=\"https:\/\/www.suno.com.br\/noticias\/reforma-tributaria-haddad-aliquota-evm\/\"><img class=\"mask\" src=\"https:\/\/www.suno.com.br\/noticias\/wp-content\/themes\/suno\/resources\/images\/spotlight\/spotlight1img\/bg-mask.png\" alt=\"Image Mask\"\/><img src=\"https:\/\/files.sunoresearch.com.br\/n\/uploads\/2023\/03\/fernando-haddad-apresentacao-arcabouco-fiscal-foto-jose-cruz-agencia-brasil-400x200.jpg\" alt=\"Reforma Tribut\u00e1ria: Haddad reafirma promessa de al\u00edquota menor\"\/><\/a><span class=\"spotlightCategory\"><a href=\"https:\/\/www.suno.com.br\/noticias\/politica\/\">Pol\u00edtica<\/a><\/span><\/div><div class=\"cardsPage__listCard__boxs__content\"><a href=\"https:\/\/www.suno.com.br\/noticias\/reforma-tributaria-haddad-aliquota-evm\/\"><h2 class=\"content__title\">Reforma Tribut\u00e1ria: Haddad reafirma promessa de al\u00edquota menor<\/h2><\/a><div class=\"newsContent__article__meta\"><div class=\"newsContent__article__meta__authorBox\"><a href=\"https:\/\/www.suno.com.br\/noticias\/author\/eduardo-vargas\/\" class=\"authorBox__avatar noMobi\"><img src=\"https:\/\/secure.gravatar.com\/avatar\/dac340933427a22924c9f99d1eb2e3f2?s=96&#038;r=g\" alt=\"Eduardo Vargas\"><\/a><div class=\"authorBox__name\"><span>por\n\t\t\t<a href=\"https:\/\/www.suno.com.br\/noticias\/author\/eduardo-vargas\/\"><span itemprop=\"author\">Eduardo Vargas<\/span><\/a><\/span><time datetime=\"2023-12-16T12:38:10-03:00\" itemprop=\"datePublished\">16\/12\/2023 12:38<\/time><\/div><\/div><\/div><\/div><\/div>","single_layout":"posts","amp_enabled":true,"_links":{"self":[{"href":"https:\/\/www.suno.com.br\/noticias\/wp-json\/wp\/v2\/posts\/501531"}],"collection":[{"href":"https:\/\/www.suno.com.br\/noticias\/wp-json\/wp\/v2\/posts"}],"about":[{"href":"https:\/\/www.suno.com.br\/noticias\/wp-json\/wp\/v2\/types\/post"}],"author":[{"embeddable":true,"href":"https:\/\/www.suno.com.br\/noticias\/wp-json\/wp\/v2\/users\/73"}],"replies":[{"embeddable":true,"href":"https:\/\/www.suno.com.br\/noticias\/wp-json\/wp\/v2\/comments?post=501531"}],"version-history":[{"count":1,"href":"https:\/\/www.suno.com.br\/noticias\/wp-json\/wp\/v2\/posts\/501531\/revisions"}],"predecessor-version":[{"id":501535,"href":"https:\/\/www.suno.com.br\/noticias\/wp-json\/wp\/v2\/posts\/501531\/revisions\/501535"}],"wp:featuredmedia":[{"embeddable":true,"href":"https:\/\/www.suno.com.br\/noticias\/wp-json\/wp\/v2\/media\/383197"}],"wp:attachment":[{"href":"https:\/\/www.suno.com.br\/noticias\/wp-json\/wp\/v2\/media?parent=501531"}],"wp:term":[{"taxonomy":"category","embeddable":true,"href":"https:\/\/www.suno.com.br\/noticias\/wp-json\/wp\/v2\/categories?post=501531"},{"taxonomy":"post_tag","embeddable":true,"href":"https:\/\/www.suno.com.br\/noticias\/wp-json\/wp\/v2\/tags?post=501531"},{"taxonomy":"suno_strategy","embeddable":true,"href":"https:\/\/www.suno.com.br\/noticias\/wp-json\/wp\/v2\/suno_strategy?post=501531"}],"curies":[{"name":"wp","href":"https:\/\/api.w.org\/{rel}","templated":true}]}}