{"id":501304,"date":"2023-12-15T18:22:34","date_gmt":"2023-12-15T21:22:34","guid":{"rendered":"https:\/\/www.suno.com.br\/noticias\/?p=501304"},"modified":"2023-12-16T02:21:01","modified_gmt":"2023-12-16T05:21:01","slug":"reforma-tributaria-texto-base-camara-aprova","status":"publish","type":"post","link":"https:\/\/www.suno.com.br\/noticias\/reforma-tributaria-texto-base-camara-aprova\/","title":{"rendered":"C\u00e2mara aprova reforma tribut\u00e1ria em dois turnos; texto segue para promulga\u00e7\u00e3o"},"content":{"rendered":"<p>A C\u00e2mara aprovou, na madrugada de sexta (15) para s\u00e1bado (16), a <strong>reforma tribut\u00e1ria<\/strong> em dois turnos turnos, ap\u00f3s o texto passar anteriormente pela an\u00e1lise dos senadores. Na primeira etapa da vota\u00e7\u00e3o, ainda na sexta \u00e0 noite, foram 371 votos a favor, 121 contra e tr\u00eas absten\u00e7\u00f5es. Por se tratar de uma Proposta de Emenda \u00e0 Constitui\u00e7\u00e3o (PEC), o texto precisava passar ainda por uma vota\u00e7\u00e3o em segundo turno. Nesse etapa, a reforma foi aprovada por 365 votos a 118, com uma absten\u00e7\u00e3o. Era necess\u00e1rio o apoio de no m\u00ednimo 308 deputados para a aprova\u00e7\u00e3o da PEC.<\/p>\t<div class=\"wrapper-featured-image\">\n\t\t<figure class=\"spotlightImg\">\n\n\t\t\t<picture>\n\t\t\t\t<source media=\"(max-width: 768px)\" srcset=\"https:\/\/files.sunoresearch.com.br\/n\/uploads\/2023\/12\/reforma-1-400x200.jpg\">\n\t\t\t\t<img loading=\"lazy\" decoding=\"async\" class=\"newsContent__article__imgCapa lazyloadDisabled \" src=\"https:\/\/files.sunoresearch.com.br\/n\/uploads\/2023\/12\/reforma-1-800x450.jpg\" width=\"800\" height=\"450\" alt=\"C\u00e2mara aprova reforma tribut\u00e1ria em dois turnos; texto segue para promulga\u00e7\u00e3o\" fetchpriority=high \/>\n\t\t\t<\/picture>\n\n\t\t\t<figcaption class=\"wp-caption-text wp-caption-text--show\">Reforma tribut\u00e1ria Foto: Lula Marques\/ Ag\u00eancia Brasil<\/figcaption>\n\t\t<\/figure>\n\t<\/div>\n\n\n\n\n\n\t<p>\n\t\t<a href=\"\" target=\"_blank\" data-element=\"shortcode-suno-banner\" title=\"Banner SUNO, clique e saiba mais\">\n\t\t\t<picture>\n\t\t\t\t<source media=\"(max-width: 500px)\" srcset=\"\">\n\t\t\t\t<img class=\"newsContent__article__imgCapa newsContent__article__imgCapa--banner\"\n\t\t\t\t\tsrc=\"\"\n\t\t\t\t\tdata-promo-id=\"240038\"\t\t\t\t\t\t\t\t\t\t\t\t\t\t\talt=\"\"\n\t\t\t\t>\n\t\t\t<\/picture>\n\t\t<\/a>\n\t<\/p>\n\n\n\n\n\n<p>Com o fim da <strong>vota\u00e7\u00e3o da reforma tribut\u00e1ria<\/strong>, o Congresso conclui mais de 30 anos de discuss\u00f5es, ap\u00f3s sucessivas propostas que n\u00e3o prosperaram nas \u00faltimas d\u00e9cadas.<\/p>\n\n\n\n<p>Os parlamentares votaram dois destaques antes de concluir a sess\u00e3o que come\u00e7ou na sexta. O primeiro manteve o <strong>texto original da reforma tribut\u00e1ria<\/strong>, mas o segundo retirou as armas e muni\u00e7\u00f5es do imposto seletivo, por 293 votos a favor e 193 contr\u00e1rios.<\/p>\n\n\n\n\n\n<p>Como o texto-base n\u00e3o sofreu altera\u00e7\u00f5es de m\u00e9rito em rela\u00e7\u00e3o ao aprovado pelo Senado, o Congresso promulgar\u00e1 a <strong>emenda constitucional da reforma tribut\u00e1ria<\/strong> na pr\u00f3xima semana, anunciou mais cedo o deputado Jos\u00e9 Guimar\u00e3es (PT-CE), l\u00edder do Governo na C\u00e2mara. <\/p>\n\n\n\n\t<div data-element=\"shortcode-read-more\" class=\"readToo\">\n\t\t\t\t<span class=\"readToo__title\">Leia mais<\/span>\n\t\t\t\t<ul class=\"readToo__list\">\n\t\t\t<li><a href=\"https:\/\/www.suno.com.br\/noticias\/haddad-reforma-tributaria-impostos-gpj\/\">Haddad sobre reforma tribut\u00e1ria: precisamos recalibrar os impostos para sermos mais justos e transparentes<\/a><\/li><li><a href=\"https:\/\/www.suno.com.br\/noticias\/mudancas-reforma-tributaria-senado-jvj\/\">Confira as principais mudan\u00e7as na reforma tribut\u00e1ria no Senado<\/a><\/li>\t\t<\/ul>\n\t<\/div>\n\n\n\n\n<p>\u201cNeste momento hist\u00f3rico em que muitos de n\u00f3s perguntamos se est\u00e1 acontecendo, o parlamento brasileiro entregou um <strong>novo sistema tribut\u00e1rio<\/strong>. Esse sistema que n\u00f3s temos est\u00e1 falido h\u00e1 muito tempo. A carga [tribut\u00e1ria] \u00e9 alt\u00edssima no pa\u00eds, mas estamos reduzindo porque aumentamos a base de arrecada\u00e7\u00e3o. Hoje, quem paga s\u00e3o os que menos t\u00eam e mais precisam\u201d, declarou o relator da reforma e l\u00edder da maioria na C\u00e2mara, deputado Aguinaldo Ribeiro (PP-PB).<\/p>\n\n\n\n<p>O novo <strong>relat\u00f3rio da reforma tribut\u00e1ria<\/strong>, elaborado pelo deputado Aguinaldo Ribeiro (PP-PB), foi divulgado nesta sexta-feira. O parlamentar suprimiu alguns trechos inclu\u00eddos no texto durante a vota\u00e7\u00e3o do Senado, como a Contribui\u00e7\u00e3o de Interven\u00e7\u00e3o no Dom\u00ednio Econ\u00f4mico (Cide) da <a class=\"suno-keyword\" target=\"_blank\" data-force=\"no\" data-priority=\"1\" href=\"https:\/\/www.suno.com.br\/artigos\/zona-franca\/\" rel=\"noopener\">Zona Franca<\/a> de Manaus. Por outro lado, ele retomou o Imposto sobre Produtos Industrializados (IPI) para a regi\u00e3o, como contrapartida.<\/p>\n\n\n\n<p>Aguinaldo tamb\u00e9m decidiu retirar do <strong>texto da reforma tribut\u00e1ri<\/strong>a a cesta b\u00e1sica estendida que havia sido inclu\u00edda pelo Senado. Ele reduziu ainda as exce\u00e7\u00f5es no texto ao excluir cinco setores dos regimes espec\u00edficos, que t\u00eam tratamento tribut\u00e1rio diferenciado, como os servi\u00e7os de saneamento e de concess\u00e3o de rodovias.<\/p>\n\n\n\n<p>Ribeiro retirou v\u00e1rios pontos inclu\u00eddos pelo Senado no in\u00edcio de novembro. Ca\u00edram a cesta b\u00e1sica estendida, que teria al\u00edquota reduzida em 60%, e regimes especiais para o saneamento e o transporte a\u00e9reo. Em contrapartida, o deputado Aguinaldo Ribeiro (PP-PB), manteve o benef\u00edcio a profissionais liberais, que pagar\u00e3o al\u00edquota 30% menor.<\/p>\n\n\n\n<p>A retirada de exce\u00e7\u00f5es tem como objetivo reduzir a al\u00edquota padr\u00e3o do futuro Imposto sobre Valor Adicionado (IVA). Quando a reforma foi aprovada pela primeira vez na C\u00e2mara, em julho, o Minist\u00e9rio da Fazenda estimava que o IVA cobrado sobre a maioria dos produtos ficaria entre 24,45% e 27%.<\/p>\n\n\n\n<p>Com as exce\u00e7\u00f5es inclu\u00eddas pelo Senado, a al\u00edquota subiria para 27,5%. Isso faria o Brasil ter a maior al\u00edquota entre os pa\u00edses que adotam o imposto tipo IVA. Atualmente, o pa\u00eds com o IVA mais alto \u00e9 a Hungria, com 27% de imposto.<\/p>\n\n\n\n<figure class=\"wp-block-embed is-type-video is-provider-youtube wp-block-embed-youtube wp-embed-aspect-16-9 wp-has-aspect-ratio\"><div class=\"wp-block-embed__wrapper\">\n<iframe loading=\"lazy\" title=\"\ud83d\udd34 Como a REFORMA TRIBUT\u00c1RIA afeta o SEU BOLSO?\" width=\"1080\" height=\"608\" src=\"https:\/\/www.youtube.com\/embed\/KDW6W0nBwaY?feature=oembed&#038;enablejsapi=1&#038;origin=https:\/\/www.suno.com.br\" frameborder=\"0\" allow=\"accelerometer; autoplay; clipboard-write; encrypted-media; gyroscope; picture-in-picture; web-share\" allowfullscreen><\/iframe>\n<\/div><\/figure>\n\n\n\n<p>Em rela\u00e7\u00e3o ao regime espec\u00edfico de combust\u00edveis de lubrificantes, o relator retirou a possibilidade de os senadores fixarem as al\u00edquotas e retomou essa previs\u00e3o em lei complementar.<\/p>\n\n\n\n<p>Ele tamb\u00e9m excluiu do texto a equipara\u00e7\u00e3o salarial de auditores fiscais ao teto remunerat\u00f3rio de ministros do Supremo Tribunal Federal (STF).<\/p>\n\n\n\t<p>\n\t\t<a href=\"https:\/\/lp.suno.com.br\/ebook-gratuito-investindo-no-exterior\/\" target=\"_blank\" data-element=\"shortcode-suno-banner\" title=\"Banner SUNO, clique e saiba mais\">\n\t\t\t<picture>\n\t\t\t\t<source media=\"(max-width: 500px)\" srcset=\"https:\/\/files.sunoresearch.com.br\/n\/uploads\/2023\/03\/400x300-Investindo-no-exterior.png\">\n\t\t\t\t<img class=\"newsContent__article__imgCapa newsContent__article__imgCapa--banner\"\n\t\t\t\t\tsrc=\"https:\/\/files.sunoresearch.com.br\/n\/uploads\/2023\/03\/1420x240-Investindo-no-exterior.png\"\n\t\t\t\t\tdata-promo-id=\"383161\"\t\t\t\t\t\t\t\t\t\twidth='1420' height='240'\t\t\t\t\talt=\"https:\/\/files.sunoresearch.com.br\/n\/uploads\/2023\/03\/1420x240-Investindo-no-exterior.png\"\n\t\t\t\t>\n\t\t\t<\/picture>\n\t\t<\/a>\n\t<\/p>\n\n\n\n\n\n<p>Aguinaldo retirou do texto a previs\u00e3o de sabatina e aprova\u00e7\u00e3o no Senado do presidente do Comit\u00ea Gestor do <strong>Imposto sobre Bens e Servi\u00e7os<\/strong> (IBS).<\/p>\n\n\n\n\t<div data-element=\"shortcode-read-more\" class=\"readToo\">\n\t\t\t\t<span class=\"readToo__title\">Leia mais<\/span>\n\t\t\t\t<ul class=\"readToo__list\">\n\t\t\t<li><a href=\"https:\/\/www.suno.com.br\/noticias\/reforma-tributaria-como-afeta-o-seu-bolso-evm\/\">Quais os impactos da Reforma Tribut\u00e1ria no seu bolso?<\/a><\/li><li><a href=\"https:\/\/www.suno.com.br\/noticias\/senado-aprova-reforma-tributaria-text-base\/\">Senado aprova reforma tribut\u00e1ria com placar apertado; texto volta \u00e0 C\u00e2mara<\/a><\/li><li><a href=\"https:\/\/www.suno.com.br\/noticias\/reforma-tributaria-cobranca-impostos-senado-tramitacao\/\">Reforma tribut\u00e1ria vai simplificar cobran\u00e7a de impostos no pa\u00eds? Especialista \u00e9 c\u00e9tico sobre potencial do projeto<\/a><\/li>\t\t<\/ul>\n\t<\/div>\n\n\n\n\n<p>Aguinaldo retirou ainda o dispositivo que premiava entes federativos que forem mais eficientes em na arrecada\u00e7\u00e3o, durante o per\u00edodo de transi\u00e7\u00e3o. Tamb\u00e9m removeu do texto a isen\u00e7\u00e3o de al\u00edquota para a aquisi\u00e7\u00e3o de medicamentos e dispositivos m\u00e9dicos por entidades de assist\u00eancia social sem fins lucrativos<\/p>\n\n\n\n<p>O parlamentar tamb\u00e9m retirou do texto da <a class=\"suno-keyword\" target=\"_blank\" data-force=\"no\" data-priority=\"2\" href=\"https:\/\/www.suno.com.br\/artigos\/reforma-tributaria\/\" rel=\"noopener\">reforma tribut\u00e1ria<\/a> a men\u00e7\u00e3o que havia \u00e0 &#8220;finalidade extrafiscal&#8221; do Imposto Seletivo, que ser\u00e1 um tributo cobrado sobre bens e servi\u00e7os prejudiciais \u00e0 sa\u00fade e ao meio ambiente. &#8220;O imposto previsto no inciso VIII ter\u00e1 finalidade extrafiscal&#8221;, dizia a vers\u00e3o que saiu do Senado. Essa especifica\u00e7\u00e3o havia sido inclu\u00edda pelo relator da reforma na Casa, Eduardo Braga (MDB-AM), ap\u00f3s causar pol\u00eamica entre senadores a possibilidade de uso do tributo para melhorar as contas do governo. No parecer apresentado nesta sexta por Aguinaldo, a reda\u00e7\u00e3o fica apenas: &#8220;O imposto previsto no inciso VIII.&#8221;<\/p>\n\n\n\n<h2 class=\"wp-block-heading\">Haddad fala em \u201camadurecimento\u201d do Brasil com aprova\u00e7\u00e3o de reforma<\/h2>\n\n\n\n<p>O ministro da Fazenda, Fernando Haddad, comemorou a aprova\u00e7\u00e3o do texto-base da reforma tribut\u00e1ria pela C\u00e2mara dos Deputados. Para ele, o resultado no Congresso mostra \u201camadurecimento\u201d do pa\u00eds, ao enfrentar um tema que h\u00e1 d\u00e9cadas n\u00e3o avan\u00e7ava.<img decoding=\"async\" style=\"width: 1px; height: 1px;\" src=\"https:\/\/agenciabrasil.ebc.com.br\/ebc.png?id=1572839&amp;o=rss\"><img decoding=\"async\" style=\"width: 1px; height: 1px;\" src=\"https:\/\/agenciabrasil.ebc.com.br\/ebc.gif?id=1572839&amp;o=rss\"><\/p>\n\n\n\n<p>\u201cO Brasil amadureceu, sabe que precisava enfrentar essa agenda que \u00e9 a mais importante das reformas porque organiza o sistema produtivo, coloca o Brasil em compasso com o que tem de mais moderno no mundo\u201d, disse o ministro nesta sexta-feira (15), em S\u00e3o Paulo. \u201cEstamos no meio de uma jornada, mas os passos que foram dados s\u00e3o muito significativos\u201d, acrescentou.<\/p>\n\n\n\n<p>Haddad disse ter conversado com os relatores da proposta na C\u00e2mara e no Senado para agradecer pela aprova\u00e7\u00e3o do texto. \u201cPenso que hoje \u00e9 um dia realmente importante para o Brasil. S\u00e3o 40 anos que se fala em reforma tribut\u00e1ria no Brasil. J\u00e1 houve v\u00e1rias tentativas [antes]\u201d, disse o ministro.<\/p>\n\n\n\n<p>\u201cEstou muito feliz com esse resultado. Sei que a nossa jornada n\u00e3o termina com a 1185 [MP das subven\u00e7\u00f5es] e com a reforma tribut\u00e1ria, mas demos passos importantes neste ano\u201d, disse o ministro sobre a reforma tribut\u00e1ria.<\/p>\n\n\n\n<p><em>Com Estad\u00e3o Conte\u00fado e Ag\u00eancia Brasil<\/em><\/p>\n\n\n\t<p>\n\t\t<a href=\"https:\/\/lp.suno.com.br\/planilha-da-vida-financeira\/\" target=\"_blank\" data-element=\"shortcode-suno-banner\" title=\"Banner SUNO, clique e saiba mais\">\n\t\t\t<picture>\n\t\t\t\t<source media=\"(max-width: 500px)\" srcset=\"https:\/\/files.sunoresearch.com.br\/n\/uploads\/2023\/04\/400x300-Planilha-vida-financeira-true.png\">\n\t\t\t\t<img class=\"newsContent__article__imgCapa newsContent__article__imgCapa--banner\"\n\t\t\t\t\tsrc=\"https:\/\/files.sunoresearch.com.br\/n\/uploads\/2023\/04\/1420x240-Planilha-vida-financeira-true.png\"\n\t\t\t\t\tdata-promo-id=\"383123\"\t\t\t\t\t\t\t\t\t\twidth='1420' height='240'\t\t\t\t\talt=\"https:\/\/files.sunoresearch.com.br\/n\/uploads\/2023\/04\/1420x240-Planilha-vida-financeira-true.png\"\n\t\t\t\t>\n\t\t\t<\/picture>\n\t\t<\/a>\n\t<\/p>\n\n\n","protected":false},"excerpt":{"rendered":"<p>A C\u00e2mara aprovou, na madrugada de sexta (15) para s\u00e1bado (16), a reforma tribut\u00e1ria em dois turnos turnos, ap\u00f3s o texto passar anteriormente pela an\u00e1lise dos senadores. Na primeira etapa da vota\u00e7\u00e3o, ainda na sexta \u00e0 noite, foram 371 votos a favor, 121 contra e tr\u00eas absten\u00e7\u00f5es. Por se tratar de uma Proposta de Emenda [&hellip;]<\/p>\n","protected":false},"author":43,"featured_media":501481,"comment_status":"closed","ping_status":"closed","sticky":false,"template":"","format":"standard","meta":[],"categories":[61],"tags":[938,1286],"suno_strategy":[],"class_list":["post-501304","post","type-post","status-publish","format-standard","has-post-thumbnail","hentry","category-politica","tag-camara-dos-deputados","tag-reforma-tributaria"],"yoast_head":"<!-- This site is optimized with the Yoast SEO plugin v24.4 - https:\/\/yoast.com\/wordpress\/plugins\/seo\/ -->\n<title>Reforma tribut\u00e1ria: C\u00e2mara aprova texto-base da em 1\u00ba turno<\/title>\n<meta name=\"description\" content=\"A C\u00e2mara aprovou na nesta sexta (15) a reforma tribut\u00e1ria em primeiro turno, ap\u00f3s o texto passar anteriormente pela an\u00e1lise dos senadores.\" \/>\n<meta name=\"robots\" content=\"index, follow, max-snippet:-1, max-image-preview:large, max-video-preview:-1\" \/>\n<link rel=\"canonical\" href=\"https:\/\/www.suno.com.br\/noticias\/reforma-tributaria-texto-base-camara-aprova\/\" \/>\n<meta property=\"og:locale\" content=\"pt_BR\" \/>\n<meta property=\"og:type\" content=\"article\" \/>\n<meta property=\"og:title\" content=\"Reforma tribut\u00e1ria: C\u00e2mara aprova texto-base da em 1\u00ba turno\" \/>\n<meta property=\"og:description\" content=\"A C\u00e2mara aprovou na nesta sexta (15) a reforma tribut\u00e1ria em primeiro turno, ap\u00f3s o texto passar anteriormente pela an\u00e1lise dos senadores.\" \/>\n<meta property=\"og:url\" content=\"https:\/\/www.suno.com.br\/noticias\/reforma-tributaria-texto-base-camara-aprova\/\" \/>\n<meta property=\"og:site_name\" content=\"Suno Not\u00edcias\" \/>\n<meta property=\"article:publisher\" content=\"https:\/\/facebook.com\/sunoresearch\" \/>\n<meta property=\"article:author\" content=\"https:\/\/www.facebook.com\/sunonoticias\/\" \/>\n<meta property=\"og:image\" content=\"https:\/\/files.sunoresearch.com.br\/n\/uploads\/2023\/12\/reforma-1.jpg\" \/>\n\t<meta property=\"og:image:width\" content=\"1499\" \/>\n\t<meta property=\"og:image:height\" content=\"855\" \/>\n\t<meta property=\"og:image:type\" content=\"image\/jpeg\" \/>\n<meta name=\"author\" content=\"Reda\u00e7\u00e3o Suno Not\u00edcias\" \/>\n<meta name=\"twitter:card\" content=\"summary_large_image\" \/>\n<meta name=\"twitter:creator\" content=\"@https:\/\/twitter.com\/sunoresearch\" \/>\n<meta name=\"twitter:site\" content=\"@sunoresearch\" \/>\n<meta name=\"twitter:label1\" content=\"Escrito por\" \/>\n\t<meta name=\"twitter:data1\" content=\"Reda\u00e7\u00e3o Suno Not\u00edcias\" \/>\n\t<meta name=\"twitter:label2\" content=\"Est. tempo de leitura\" \/>\n\t<meta name=\"twitter:data2\" content=\"6 minutos\" \/>\n<script type=\"application\/ld+json\" class=\"yoast-schema-graph\">{\"@context\":\"https:\/\/schema.org\",\"@graph\":[{\"@type\":\"NewsArticle\",\"@id\":\"https:\/\/www.suno.com.br\/noticias\/reforma-tributaria-texto-base-camara-aprova\/#article\",\"isPartOf\":{\"@id\":\"https:\/\/www.suno.com.br\/noticias\/reforma-tributaria-texto-base-camara-aprova\/\"},\"author\":{\"name\":\"Reda\u00e7\u00e3o Suno Not\u00edcias\",\"@id\":\"https:\/\/www.suno.com.br\/noticias\/#\/schema\/person\/c1b1bd3727fa852bd045e9dbff3673ea\"},\"headline\":\"C\u00e2mara aprova reforma tribut\u00e1ria em dois turnos; texto segue para promulga\u00e7\u00e3o\",\"datePublished\":\"2023-12-15T21:22:34+00:00\",\"dateModified\":\"2023-12-16T05:21:01+00:00\",\"mainEntityOfPage\":{\"@id\":\"https:\/\/www.suno.com.br\/noticias\/reforma-tributaria-texto-base-camara-aprova\/\"},\"wordCount\":1084,\"publisher\":{\"@id\":\"https:\/\/www.suno.com.br\/noticias\/#organization\"},\"image\":{\"@id\":\"https:\/\/www.suno.com.br\/noticias\/reforma-tributaria-texto-base-camara-aprova\/#primaryimage\"},\"thumbnailUrl\":\"https:\/\/files.sunoresearch.com.br\/n\/uploads\/2023\/12\/reforma-1.jpg\",\"keywords\":[\"C\u00e2mara dos Deputados\",\"reforma tribut\u00e1ria\"],\"articleSection\":[\"Pol\u00edtica\"],\"inLanguage\":\"pt-BR\"},{\"@type\":\"WebPage\",\"@id\":\"https:\/\/www.suno.com.br\/noticias\/reforma-tributaria-texto-base-camara-aprova\/\",\"url\":\"https:\/\/www.suno.com.br\/noticias\/reforma-tributaria-texto-base-camara-aprova\/\",\"name\":\"Reforma tribut\u00e1ria: C\u00e2mara aprova texto-base da em 1\u00ba turno\",\"isPartOf\":{\"@id\":\"https:\/\/www.suno.com.br\/noticias\/#website\"},\"primaryImageOfPage\":{\"@id\":\"https:\/\/www.suno.com.br\/noticias\/reforma-tributaria-texto-base-camara-aprova\/#primaryimage\"},\"image\":{\"@id\":\"https:\/\/www.suno.com.br\/noticias\/reforma-tributaria-texto-base-camara-aprova\/#primaryimage\"},\"thumbnailUrl\":\"https:\/\/files.sunoresearch.com.br\/n\/uploads\/2023\/12\/reforma-1.jpg\",\"datePublished\":\"2023-12-15T21:22:34+00:00\",\"dateModified\":\"2023-12-16T05:21:01+00:00\",\"description\":\"A C\u00e2mara aprovou na nesta sexta (15) a reforma tribut\u00e1ria em primeiro turno, ap\u00f3s o texto passar anteriormente pela an\u00e1lise dos senadores.\",\"breadcrumb\":{\"@id\":\"https:\/\/www.suno.com.br\/noticias\/reforma-tributaria-texto-base-camara-aprova\/#breadcrumb\"},\"inLanguage\":\"pt-BR\",\"potentialAction\":[{\"@type\":\"ReadAction\",\"target\":[\"https:\/\/www.suno.com.br\/noticias\/reforma-tributaria-texto-base-camara-aprova\/\"]}]},{\"@type\":\"ImageObject\",\"inLanguage\":\"pt-BR\",\"@id\":\"https:\/\/www.suno.com.br\/noticias\/reforma-tributaria-texto-base-camara-aprova\/#primaryimage\",\"url\":\"https:\/\/files.sunoresearch.com.br\/n\/uploads\/2023\/12\/reforma-1.jpg\",\"contentUrl\":\"https:\/\/files.sunoresearch.com.br\/n\/uploads\/2023\/12\/reforma-1.jpg\",\"width\":1499,\"height\":855,\"caption\":\"Reforma tribut\u00e1ria Foto: Lula Marques\/ Ag\u00eancia Brasil\"},{\"@type\":\"BreadcrumbList\",\"@id\":\"https:\/\/www.suno.com.br\/noticias\/reforma-tributaria-texto-base-camara-aprova\/#breadcrumb\",\"itemListElement\":[{\"@type\":\"ListItem\",\"position\":1,\"name\":\"Not\u00edcias\",\"item\":\"https:\/\/www.suno.com.br\/noticias\/\"},{\"@type\":\"ListItem\",\"position\":2,\"name\":\"Pol\u00edtica\",\"item\":\"https:\/\/www.suno.com.br\/noticias\/politica\/\"},{\"@type\":\"ListItem\",\"position\":3,\"name\":\"C\u00e2mara aprova reforma tribut\u00e1ria em dois turnos; texto segue para promulga\u00e7\u00e3o\"}]},{\"@type\":\"WebSite\",\"@id\":\"https:\/\/www.suno.com.br\/noticias\/#website\",\"url\":\"https:\/\/www.suno.com.br\/noticias\/\",\"name\":\"Suno Not\u00edcias\",\"description\":\"Seu portal de informa\u00e7\u00e3o sobre o mundo dos investimentos\",\"publisher\":{\"@id\":\"https:\/\/www.suno.com.br\/noticias\/#organization\"},\"potentialAction\":[{\"@type\":\"SearchAction\",\"target\":{\"@type\":\"EntryPoint\",\"urlTemplate\":\"https:\/\/www.suno.com.br\/noticias\/?s={search_term_string}\"},\"query-input\":{\"@type\":\"PropertyValueSpecification\",\"valueRequired\":true,\"valueName\":\"search_term_string\"}}],\"inLanguage\":\"pt-BR\"},{\"@type\":\"Organization\",\"@id\":\"https:\/\/www.suno.com.br\/noticias\/#organization\",\"name\":\"Suno Not\u00edcias\",\"url\":\"https:\/\/www.suno.com.br\/noticias\/\",\"logo\":{\"@type\":\"ImageObject\",\"inLanguage\":\"pt-BR\",\"@id\":\"https:\/\/www.suno.com.br\/noticias\/#\/schema\/logo\/image\/\",\"url\":\"https:\/\/files.sunoresearch.com.br\/n\/uploads\/2021\/09\/suno-logo.png\",\"contentUrl\":\"https:\/\/files.sunoresearch.com.br\/n\/uploads\/2021\/09\/suno-logo.png\",\"width\":180,\"height\":180,\"caption\":\"Suno Not\u00edcias\"},\"image\":{\"@id\":\"https:\/\/www.suno.com.br\/noticias\/#\/schema\/logo\/image\/\"},\"sameAs\":[\"https:\/\/facebook.com\/sunoresearch\",\"https:\/\/x.com\/sunoresearch\",\"https:\/\/www.instagram.com\/suno\",\"https:\/\/www.linkedin.com\/company\/suno-research\/\",\"https:\/\/www.youtube.com\/c\/sunoresearch\"]},{\"@type\":\"Person\",\"@id\":\"https:\/\/www.suno.com.br\/noticias\/#\/schema\/person\/c1b1bd3727fa852bd045e9dbff3673ea\",\"name\":\"Reda\u00e7\u00e3o Suno Not\u00edcias\",\"image\":{\"@type\":\"ImageObject\",\"inLanguage\":\"pt-BR\",\"@id\":\"https:\/\/www.suno.com.br\/noticias\/#\/schema\/person\/image\/\",\"url\":\"https:\/\/secure.gravatar.com\/avatar\/b8104b9b5a71985d5238ee59fbe418af?s=96&r=g\",\"contentUrl\":\"https:\/\/secure.gravatar.com\/avatar\/b8104b9b5a71985d5238ee59fbe418af?s=96&r=g\",\"caption\":\"Reda\u00e7\u00e3o Suno Not\u00edcias\"},\"description\":\"O Suno Not\u00edcias \u00e9 um portal de informa\u00e7\u00f5es sobre Mercado Financeiro, Pol\u00edtica, Neg\u00f3cios, Economia e Finan\u00e7as Pessoais.\",\"sameAs\":[\"https:\/\/www.suno.com.br\/noticias\",\"https:\/\/www.facebook.com\/sunonoticias\/\",\"https:\/\/www.instagram.com\/sunonoticias\/\",\"https:\/\/x.com\/https:\/\/twitter.com\/sunoresearch\",\"https:\/\/www.youtube.com\/sunonoticias\"],\"url\":\"https:\/\/www.suno.com.br\/noticias\/author\/redacao-suno\/\"}]}<\/script>\n<!-- \/ Yoast SEO plugin. -->","yoast_head_json":{"title":"Reforma tribut\u00e1ria: C\u00e2mara aprova texto-base da em 1\u00ba turno","description":"A C\u00e2mara aprovou na nesta sexta (15) a reforma tribut\u00e1ria em primeiro turno, ap\u00f3s o texto passar anteriormente pela an\u00e1lise dos senadores.","robots":{"index":"index","follow":"follow","max-snippet":"max-snippet:-1","max-image-preview":"max-image-preview:large","max-video-preview":"max-video-preview:-1"},"canonical":"https:\/\/www.suno.com.br\/noticias\/reforma-tributaria-texto-base-camara-aprova\/","og_locale":"pt_BR","og_type":"article","og_title":"Reforma tribut\u00e1ria: C\u00e2mara aprova texto-base da em 1\u00ba turno","og_description":"A C\u00e2mara aprovou na nesta sexta (15) a reforma tribut\u00e1ria em primeiro turno, ap\u00f3s o texto passar anteriormente pela an\u00e1lise dos senadores.","og_url":"https:\/\/www.suno.com.br\/noticias\/reforma-tributaria-texto-base-camara-aprova\/","og_site_name":"Suno Not\u00edcias","article_publisher":"https:\/\/facebook.com\/sunoresearch","article_author":"https:\/\/www.facebook.com\/sunonoticias\/","og_image":[{"width":1499,"height":855,"url":"https:\/\/files.sunoresearch.com.br\/n\/uploads\/2023\/12\/reforma-1.jpg","type":"image\/jpeg"}],"author":"Reda\u00e7\u00e3o Suno Not\u00edcias","twitter_card":"summary_large_image","twitter_creator":"@https:\/\/twitter.com\/sunoresearch","twitter_site":"@sunoresearch","twitter_misc":{"Escrito por":"Reda\u00e7\u00e3o Suno Not\u00edcias","Est. tempo de leitura":"6 minutos"},"schema":{"@context":"https:\/\/schema.org","@graph":[{"@type":"NewsArticle","@id":"https:\/\/www.suno.com.br\/noticias\/reforma-tributaria-texto-base-camara-aprova\/#article","isPartOf":{"@id":"https:\/\/www.suno.com.br\/noticias\/reforma-tributaria-texto-base-camara-aprova\/"},"author":{"name":"Reda\u00e7\u00e3o Suno Not\u00edcias","@id":"https:\/\/www.suno.com.br\/noticias\/#\/schema\/person\/c1b1bd3727fa852bd045e9dbff3673ea"},"headline":"C\u00e2mara aprova reforma tribut\u00e1ria em dois turnos; texto segue para promulga\u00e7\u00e3o","datePublished":"2023-12-15T21:22:34+00:00","dateModified":"2023-12-16T05:21:01+00:00","mainEntityOfPage":{"@id":"https:\/\/www.suno.com.br\/noticias\/reforma-tributaria-texto-base-camara-aprova\/"},"wordCount":1084,"publisher":{"@id":"https:\/\/www.suno.com.br\/noticias\/#organization"},"image":{"@id":"https:\/\/www.suno.com.br\/noticias\/reforma-tributaria-texto-base-camara-aprova\/#primaryimage"},"thumbnailUrl":"https:\/\/files.sunoresearch.com.br\/n\/uploads\/2023\/12\/reforma-1.jpg","keywords":["C\u00e2mara dos Deputados","reforma tribut\u00e1ria"],"articleSection":["Pol\u00edtica"],"inLanguage":"pt-BR"},{"@type":"WebPage","@id":"https:\/\/www.suno.com.br\/noticias\/reforma-tributaria-texto-base-camara-aprova\/","url":"https:\/\/www.suno.com.br\/noticias\/reforma-tributaria-texto-base-camara-aprova\/","name":"Reforma tribut\u00e1ria: C\u00e2mara aprova texto-base da em 1\u00ba turno","isPartOf":{"@id":"https:\/\/www.suno.com.br\/noticias\/#website"},"primaryImageOfPage":{"@id":"https:\/\/www.suno.com.br\/noticias\/reforma-tributaria-texto-base-camara-aprova\/#primaryimage"},"image":{"@id":"https:\/\/www.suno.com.br\/noticias\/reforma-tributaria-texto-base-camara-aprova\/#primaryimage"},"thumbnailUrl":"https:\/\/files.sunoresearch.com.br\/n\/uploads\/2023\/12\/reforma-1.jpg","datePublished":"2023-12-15T21:22:34+00:00","dateModified":"2023-12-16T05:21:01+00:00","description":"A C\u00e2mara aprovou na nesta sexta (15) a reforma tribut\u00e1ria em primeiro turno, ap\u00f3s o texto passar anteriormente pela an\u00e1lise dos senadores.","breadcrumb":{"@id":"https:\/\/www.suno.com.br\/noticias\/reforma-tributaria-texto-base-camara-aprova\/#breadcrumb"},"inLanguage":"pt-BR","potentialAction":[{"@type":"ReadAction","target":["https:\/\/www.suno.com.br\/noticias\/reforma-tributaria-texto-base-camara-aprova\/"]}]},{"@type":"ImageObject","inLanguage":"pt-BR","@id":"https:\/\/www.suno.com.br\/noticias\/reforma-tributaria-texto-base-camara-aprova\/#primaryimage","url":"https:\/\/files.sunoresearch.com.br\/n\/uploads\/2023\/12\/reforma-1.jpg","contentUrl":"https:\/\/files.sunoresearch.com.br\/n\/uploads\/2023\/12\/reforma-1.jpg","width":1499,"height":855,"caption":"Reforma tribut\u00e1ria Foto: Lula Marques\/ Ag\u00eancia Brasil"},{"@type":"BreadcrumbList","@id":"https:\/\/www.suno.com.br\/noticias\/reforma-tributaria-texto-base-camara-aprova\/#breadcrumb","itemListElement":[{"@type":"ListItem","position":1,"name":"Not\u00edcias","item":"https:\/\/www.suno.com.br\/noticias\/"},{"@type":"ListItem","position":2,"name":"Pol\u00edtica","item":"https:\/\/www.suno.com.br\/noticias\/politica\/"},{"@type":"ListItem","position":3,"name":"C\u00e2mara aprova reforma tribut\u00e1ria em dois turnos; texto segue para promulga\u00e7\u00e3o"}]},{"@type":"WebSite","@id":"https:\/\/www.suno.com.br\/noticias\/#website","url":"https:\/\/www.suno.com.br\/noticias\/","name":"Suno Not\u00edcias","description":"Seu portal de informa\u00e7\u00e3o sobre o mundo dos investimentos","publisher":{"@id":"https:\/\/www.suno.com.br\/noticias\/#organization"},"potentialAction":[{"@type":"SearchAction","target":{"@type":"EntryPoint","urlTemplate":"https:\/\/www.suno.com.br\/noticias\/?s={search_term_string}"},"query-input":{"@type":"PropertyValueSpecification","valueRequired":true,"valueName":"search_term_string"}}],"inLanguage":"pt-BR"},{"@type":"Organization","@id":"https:\/\/www.suno.com.br\/noticias\/#organization","name":"Suno Not\u00edcias","url":"https:\/\/www.suno.com.br\/noticias\/","logo":{"@type":"ImageObject","inLanguage":"pt-BR","@id":"https:\/\/www.suno.com.br\/noticias\/#\/schema\/logo\/image\/","url":"https:\/\/files.sunoresearch.com.br\/n\/uploads\/2021\/09\/suno-logo.png","contentUrl":"https:\/\/files.sunoresearch.com.br\/n\/uploads\/2021\/09\/suno-logo.png","width":180,"height":180,"caption":"Suno Not\u00edcias"},"image":{"@id":"https:\/\/www.suno.com.br\/noticias\/#\/schema\/logo\/image\/"},"sameAs":["https:\/\/facebook.com\/sunoresearch","https:\/\/x.com\/sunoresearch","https:\/\/www.instagram.com\/suno","https:\/\/www.linkedin.com\/company\/suno-research\/","https:\/\/www.youtube.com\/c\/sunoresearch"]},{"@type":"Person","@id":"https:\/\/www.suno.com.br\/noticias\/#\/schema\/person\/c1b1bd3727fa852bd045e9dbff3673ea","name":"Reda\u00e7\u00e3o Suno Not\u00edcias","image":{"@type":"ImageObject","inLanguage":"pt-BR","@id":"https:\/\/www.suno.com.br\/noticias\/#\/schema\/person\/image\/","url":"https:\/\/secure.gravatar.com\/avatar\/b8104b9b5a71985d5238ee59fbe418af?s=96&r=g","contentUrl":"https:\/\/secure.gravatar.com\/avatar\/b8104b9b5a71985d5238ee59fbe418af?s=96&r=g","caption":"Reda\u00e7\u00e3o Suno Not\u00edcias"},"description":"O Suno Not\u00edcias \u00e9 um portal de informa\u00e7\u00f5es sobre Mercado Financeiro, Pol\u00edtica, Neg\u00f3cios, Economia e Finan\u00e7as Pessoais.","sameAs":["https:\/\/www.suno.com.br\/noticias","https:\/\/www.facebook.com\/sunonoticias\/","https:\/\/www.instagram.com\/sunonoticias\/","https:\/\/x.com\/https:\/\/twitter.com\/sunoresearch","https:\/\/www.youtube.com\/sunonoticias"],"url":"https:\/\/www.suno.com.br\/noticias\/author\/redacao-suno\/"}]}},"default_loop_html":"<div class=\"cardsPage__listCard__boxs\"><div class=\"cardsPage__listCard__boxs__img\"><a href=\"https:\/\/www.suno.com.br\/noticias\/reforma-tributaria-texto-base-camara-aprova\/\"><img class=\"mask\" src=\"https:\/\/www.suno.com.br\/noticias\/wp-content\/themes\/suno\/resources\/images\/spotlight\/spotlight1img\/bg-mask.png\" alt=\"Image Mask\"\/><img src=\"https:\/\/files.sunoresearch.com.br\/n\/uploads\/2023\/12\/reforma-1-400x200.jpg\" alt=\"C\u00e2mara aprova reforma tribut\u00e1ria em dois turnos; texto segue para promulga\u00e7\u00e3o\"\/><\/a><span class=\"spotlightCategory\"><a href=\"https:\/\/www.suno.com.br\/noticias\/politica\/\">Pol\u00edtica<\/a><\/span><\/div><div class=\"cardsPage__listCard__boxs__content\"><a href=\"https:\/\/www.suno.com.br\/noticias\/reforma-tributaria-texto-base-camara-aprova\/\"><h2 class=\"content__title\">C\u00e2mara aprova reforma tribut\u00e1ria em dois turnos; texto segue para promulga\u00e7\u00e3o<\/h2><\/a><div class=\"newsContent__article__meta\"><div class=\"newsContent__article__meta__authorBox\"><a href=\"https:\/\/www.suno.com.br\/noticias\/author\/marco-lopes\/\" class=\"authorBox__avatar noMobi\"><img src=\"https:\/\/secure.gravatar.com\/avatar\/385167b012fbc1cde32c5446ee253313?s=96&#038;r=g\" alt=\"Marco Ant\u00f4nio Lopes\"><\/a><div class=\"authorBox__name\"><span>por\n\t\t\t<a href=\"https:\/\/www.suno.com.br\/noticias\/author\/marco-lopes\/\"><span itemprop=\"author\">Marco Ant\u00f4nio Lopes<\/span><\/a><\/span><time datetime=\"2023-12-15T18:22:34-03:00\" itemprop=\"datePublished\">15\/12\/2023 18:22<\/time><\/div><\/div><\/div><\/div><\/div>","single_layout":"posts","amp_enabled":true,"_links":{"self":[{"href":"https:\/\/www.suno.com.br\/noticias\/wp-json\/wp\/v2\/posts\/501304"}],"collection":[{"href":"https:\/\/www.suno.com.br\/noticias\/wp-json\/wp\/v2\/posts"}],"about":[{"href":"https:\/\/www.suno.com.br\/noticias\/wp-json\/wp\/v2\/types\/post"}],"author":[{"embeddable":true,"href":"https:\/\/www.suno.com.br\/noticias\/wp-json\/wp\/v2\/users\/43"}],"replies":[{"embeddable":true,"href":"https:\/\/www.suno.com.br\/noticias\/wp-json\/wp\/v2\/comments?post=501304"}],"version-history":[{"count":2,"href":"https:\/\/www.suno.com.br\/noticias\/wp-json\/wp\/v2\/posts\/501304\/revisions"}],"predecessor-version":[{"id":501504,"href":"https:\/\/www.suno.com.br\/noticias\/wp-json\/wp\/v2\/posts\/501304\/revisions\/501504"}],"wp:featuredmedia":[{"embeddable":true,"href":"https:\/\/www.suno.com.br\/noticias\/wp-json\/wp\/v2\/media\/501481"}],"wp:attachment":[{"href":"https:\/\/www.suno.com.br\/noticias\/wp-json\/wp\/v2\/media?parent=501304"}],"wp:term":[{"taxonomy":"category","embeddable":true,"href":"https:\/\/www.suno.com.br\/noticias\/wp-json\/wp\/v2\/categories?post=501304"},{"taxonomy":"post_tag","embeddable":true,"href":"https:\/\/www.suno.com.br\/noticias\/wp-json\/wp\/v2\/tags?post=501304"},{"taxonomy":"suno_strategy","embeddable":true,"href":"https:\/\/www.suno.com.br\/noticias\/wp-json\/wp\/v2\/suno_strategy?post=501304"}],"curies":[{"name":"wp","href":"https:\/\/api.w.org\/{rel}","templated":true}]}}