{"id":500535,"date":"2023-12-14T16:16:29","date_gmt":"2023-12-14T19:16:29","guid":{"rendered":"https:\/\/www.suno.com.br\/noticias\/?p=500535"},"modified":"2023-12-14T22:49:44","modified_gmt":"2023-12-15T01:49:44","slug":"desoneracao-congresso-derruba-veto-derrota-governo","status":"publish","type":"post","link":"https:\/\/www.suno.com.br\/noticias\/desoneracao-congresso-derruba-veto-derrota-governo\/","title":{"rendered":"Desonera\u00e7\u00e3o da folha de pagamento: Congresso derruba veto de Lula e mant\u00e9m lei, em derrota do governo"},"content":{"rendered":"<p>O Congresso Nacional derrubou nesta quarta-feira, 14, em sess\u00e3o conjunta, o veto do presidente da Rep\u00fablica, Luiz In\u00e1cio Lula da Silva, \u00e0 <strong>desonera\u00e7\u00e3o<\/strong> da folha de pagamento de 17 setores da economia. O governo estuda uma Medida Provis\u00f3ria (MP) com a redu\u00e7\u00e3o gradual da desonera\u00e7\u00e3o como alternativa ao fim imediato do benef\u00edcio fiscal. Mesmo assim, deputados e senadores decidiram votar o veto nesta quinta, em uma derrota do Pal\u00e1cio do Planalto.<\/p>\t<div class=\"wrapper-featured-image\">\n\t\t<figure class=\"spotlightImg\">\n\n\t\t\t<picture>\n\t\t\t\t<source media=\"(max-width: 768px)\" srcset=\"https:\/\/files.sunoresearch.com.br\/n\/uploads\/2023\/02\/congresso-nacional-400x200.jpg\">\n\t\t\t\t<img loading=\"lazy\" decoding=\"async\" class=\"newsContent__article__imgCapa lazyloadDisabled \" src=\"https:\/\/files.sunoresearch.com.br\/n\/uploads\/2023\/02\/congresso-nacional-800x450.jpg\" width=\"800\" height=\"450\" alt=\"Desonera\u00e7\u00e3o da folha de pagamento: Congresso derruba veto de Lula e mant\u00e9m lei, em derrota do governo\" fetchpriority=high \/>\n\t\t\t<\/picture>\n\n\t\t\t<figcaption class=\"wp-caption-text wp-caption-text--show\">Congresso Nacional  - Foto: Arquivo\/Ag\u00eancia Brasil<\/figcaption>\n\t\t<\/figure>\n\t<\/div>\n\n\n\n\n\n\t<p>\n\t\t<a href=\"\" target=\"_blank\" data-element=\"shortcode-suno-banner\" title=\"Banner SUNO, clique e saiba mais\">\n\t\t\t<picture>\n\t\t\t\t<source media=\"(max-width: 500px)\" srcset=\"\">\n\t\t\t\t<img class=\"newsContent__article__imgCapa newsContent__article__imgCapa--banner\"\n\t\t\t\t\tsrc=\"\"\n\t\t\t\t\tdata-promo-id=\"240038\"\t\t\t\t\t\t\t\t\t\t\t\t\t\t\talt=\"\"\n\t\t\t\t>\n\t\t\t<\/picture>\n\t\t<\/a>\n\t<\/p>\n\n\n\n\n\n\n\n<p>O <strong>veto do presidente Lula<\/strong> \u00e0 desonera\u00e7\u00e3o da folha de pagamento de 17 setores teve, no Senado, 60 votos contra o governo e 13 a favor. Na C\u00e2mara, foram 378 votos para derrubar o veto a 78 votos a favor do governo.<\/p>\n\n\n\n<p>A <strong>lei da desonera\u00e7\u00e3o<\/strong> aprovada no Congresso prorroga at\u00e9 31 de dezembro de 2027 a vig\u00eancia da pol\u00edtica, que \u00e9 contestada pelo <strong>ministro da Fazenda<\/strong>, Fernando Haddad.<\/p>\n\n\n\n<p>Adotada desde 2011, a <strong>desonera\u00e7\u00e3o da folha de pagamentos<\/strong> \u00e9 um benef\u00edcio fiscal que substitui a contribui\u00e7\u00e3o previdenci\u00e1ria patronal de 20%, incidente sobre a folha de sal\u00e1rios, por al\u00edquotas de 1% a 4,5% sobre a <a class=\"suno-keyword\" target=\"_blank\" data-force=\"no\" data-priority=\"1\" href=\"https:\/\/www.suno.com.br\/artigos\/o-que-receita-bruta\/\" rel=\"noopener\">receita bruta<\/a>, a depender do setor produtivo. Com a decis\u00e3o de Lula, o benef\u00edcio perderia a validade no fim deste ano.<\/p>\n\n\n\n<p>Al\u00e9m da <strong>prorroga\u00e7\u00e3o do benef\u00edcio<\/strong> aos 17 setores, o Congresso tamb\u00e9m incluiu no projeto um dispositivo que reduz de 20% para 8% a al\u00edquota previdenci\u00e1ria das prefeituras de munic\u00edpios com at\u00e9 142 mil habitantes. <\/p>\n\n\n\n<p>A estimativa \u00e9 de que a medida atinja mais de 3 mil munic\u00edpios no Pa\u00eds e tenha impacto fiscal de cerca de R$ 11 bilh\u00f5es, segundo c\u00e1lculos da Confedera\u00e7\u00e3o Nacional dos Munic\u00edpios (CNM).<\/p>\n\n\n\t<p>\n\t\t<a href=\"https:\/\/lp.suno.com.br\/ebook-gratuito-investindo-no-exterior\/\" target=\"_blank\" data-element=\"shortcode-suno-banner\" title=\"Banner SUNO, clique e saiba mais\">\n\t\t\t<picture>\n\t\t\t\t<source media=\"(max-width: 500px)\" srcset=\"https:\/\/files.sunoresearch.com.br\/n\/uploads\/2023\/03\/400x300-Investindo-no-exterior.png\">\n\t\t\t\t<img class=\"newsContent__article__imgCapa newsContent__article__imgCapa--banner\"\n\t\t\t\t\tsrc=\"https:\/\/files.sunoresearch.com.br\/n\/uploads\/2023\/03\/1420x240-Investindo-no-exterior.png\"\n\t\t\t\t\tdata-promo-id=\"383161\"\t\t\t\t\t\t\t\t\t\twidth='1420' height='240'\t\t\t\t\talt=\"https:\/\/files.sunoresearch.com.br\/n\/uploads\/2023\/03\/1420x240-Investindo-no-exterior.png\"\n\t\t\t\t>\n\t\t\t<\/picture>\n\t\t<\/a>\n\t<\/p>\n\n\n\n\n\n<h2 class=\"wp-block-heading\">Comiss\u00e3o Mista da MP da subven\u00e7\u00e3o aprova relat\u00f3rio por 17 votos a 8<\/h2>\n\n\n\n<p>A Comiss\u00e3o Mista da Medida Provis\u00f3ria das Subven\u00e7\u00f5es do ICMS aprovou, por 17 votos a 8, o relat\u00f3rio do deputado Luiz Fernando Faria (PSD-MG). N\u00e3o houve vota\u00e7\u00e3o de nenhum destaque. O texto segue, agora, para an\u00e1lise no plen\u00e1rio da C\u00e2mara dos Deputados.<\/p>\n\n\n\n<p>A vota\u00e7\u00e3o foi poss\u00edvel ap\u00f3s uma longa negocia\u00e7\u00e3o do governo Lula com o Congresso. Como mostrou o <em>Broadcast Pol\u00edtico<\/em> (sistema de not\u00edcias em tempo real do Grupo Estado) nesta quinta-feira, 14, o governo aceitou blindar as emendas de comiss\u00e3o de contingenciamentos em 2024 para destravar seus projetos voltados \u00e0 economia ainda pendentes no Congresso.<\/p>\n\n\n\n<p>O compromisso em rela\u00e7\u00e3o \u00e0s emendas de comiss\u00e3o \u00e9 importante para os congressistas porque s\u00e3o a \u00fanica modalidade sem execu\u00e7\u00e3o impositiva. Ou seja, o governo n\u00e3o \u00e9 obrigado a pag\u00e1-las ao longo do ano como acontece com as individuais ou de bancada.<\/p>\n\n\n\n<p>Na pr\u00e1tica, a blindagem tira ainda mais poder do Executivo sobre o Or\u00e7amento, na medida em que mais recursos precisar\u00e3o ser despendidos de acordo com a vontade dos congressistas.<\/p>\n\n\n\n<p>Al\u00e9m de p\u00f4r fim \u00e0 possibilidade de n\u00e3o tributar as receitas de subven\u00e7\u00e3o para custeio, o relator determinou que todos os benef\u00edcios fiscais sejam tributados, sendo que somente aquilo que for caracterizado como &#8220;subven\u00e7\u00e3o para investimento&#8221; gerar\u00e1 um <a class=\"suno-keyword\" target=\"_blank\" data-force=\"no\" data-priority=\"1\" href=\"https:\/\/www.suno.com.br\/artigos\/credito-fiscal\/\" rel=\"noopener\">cr\u00e9dito fiscal<\/a> de imposto de renda.<\/p>\n\n\n\n<p>O relator manteve no texto a previs\u00e3o de que o <a class=\"suno-keyword\" target=\"_blank\" data-force=\"no\" data-priority=\"1\" href=\"https:\/\/www.suno.com.br\/artigos\/credito-fiscal\/\" rel=\"noopener\">cr\u00e9dito fiscal<\/a> fique restrito a 25% do Imposto de Renda Sobre Pessoa Jur\u00eddica (IRPJ). Ou seja, pela proposta, as empresas precisar\u00e3o recolher IRPJ, CSLL, PIS e Cofins sobre o valor do incentivo, e receber\u00e3o de volta um cr\u00e9dito apenas imposto de renda. Faria fixou ainda um prazo de 30 dias para que a Receita Federal habilite a empresa a receber o cr\u00e9dito e reduziu de 48 para 24 meses o per\u00edodo para restitui\u00e7\u00e3o dos valores.<\/p>\n\n\n\n<p>Em rela\u00e7\u00e3o ao aproveitamento do cr\u00e9dito, Faria determinou que o pedido de ressarcimento e a declara\u00e7\u00e3o de compensa\u00e7\u00e3o sejam recebidos ap\u00f3s o reconhecimento das receitas de subven\u00e7\u00e3o, e n\u00e3o mais a partir do ano-calend\u00e1rio seguinte.<\/p>\n\n\n\n<p>Em rela\u00e7\u00e3o ao lit\u00edgio tribut\u00e1rio, o deputado previu um desconto de 80%, em 12 parcelas, nas transa\u00e7\u00f5es envolvendo o estoque de cr\u00e9ditos que j\u00e1 foram abatidos pelas empresas. Inicialmente, o <a class=\"suno-keyword\" target=\"_blank\" data-force=\"no\" data-priority=\"2\" href=\"https:\/\/www.suno.com.br\/artigos\/ministerio-da-fazenda\/\" rel=\"noopener\">Minist\u00e9rio da Fazenda<\/a> havia proposto um porcentual de 65%, mas os empres\u00e1rios defenderam um valor maior.<\/p>\n\n\n\n<p>Como alternativa, haver\u00e1 a op\u00e7\u00e3o de pagamento em esp\u00e9cie de, no m\u00ednimo, 5% do valor consolidado, sem redu\u00e7\u00f5es, em at\u00e9 cinco parcelas mensais e sucessivas. Nesse caso, existir\u00e1 a possibilidade de pagamento de eventual saldo remanescente parcelado em at\u00e9 60 parcelas mensais, com redu\u00e7\u00e3o de 50%; ou parcelado em at\u00e9 84 vezes, com redu\u00e7\u00e3o de 35% desse d\u00e9bito remanescente.<\/p>\n\n\n\n<h2 class=\"wp-block-heading\">PL foi vetada por Lula em novembro<\/h2>\n\n\n\n<p>O projeto de lei para prorroga\u00e7\u00e3o da desonera\u00e7\u00e3o da folha de pagamentos foi vetada por&nbsp;<strong>Lula<\/strong>. O voto contr\u00e1rio do presidente da Rep\u00fablica para a proposta foi divulgada em 23 de novembro em edi\u00e7\u00e3o extra do Di\u00e1rio Oficial da Uni\u00e3o (DOU).<\/p>\n\n\n\n<p>O PL propunha a extens\u00e3o da vig\u00eancia da pol\u00edtica de<strong>&nbsp;desonera\u00e7\u00e3o da folha de pagamentos<\/strong>&nbsp;de 17 setores econ\u00f4micos at\u00e9 31 de dezembro de 2027. A avalia\u00e7\u00e3o pol\u00edtica \u00e9 que o veto significa uma vit\u00f3ria para o ministro da Fazenda,&nbsp;<strong>Fernando Haddad<\/strong>, respons\u00e1vel pela coordena\u00e7\u00e3o de uma s\u00e9rie de medidas para conseguir cumprir uma meta de d\u00e9ficit zero em 2024.<\/p>\n\n\n\n<h2 class=\"wp-block-heading\">O que \u00e9 a desonera\u00e7\u00e3o da folha de pagamentos?<\/h2>\n\n\n\n<p>Adotada desde 2011, a&nbsp;<strong>desonera\u00e7\u00e3o da folha de pagamentos<\/strong>&nbsp;\u00e9 um benef\u00edcio fiscal que substitui a contribui\u00e7\u00e3o previdenci\u00e1ria patronal de 20%, incidente sobre a folha de&nbsp;<strong>sal\u00e1rios<\/strong>. Em troca, o trabalhador recebe al\u00edquotas de 1% a 4,5% sobre a&nbsp;<a href=\"https:\/\/www.suno.com.br\/artigos\/o-que-receita-bruta\/\" target=\"_blank\" rel=\"noreferrer noopener\">receita bruta<\/a>&nbsp;(taxa a depender do setor produtivo).<\/p>\n\n\n\n<p>Na pr\u00e1tica, a medida reduz a&nbsp;<a href=\"https:\/\/www.suno.com.br\/artigos\/carga-tributaria\/\" target=\"_blank\" rel=\"noreferrer noopener\"><strong>carga tribut\u00e1ria<\/strong><\/a>&nbsp;da contribui\u00e7\u00e3o previdenci\u00e1ria devida pelas empresas. Por\u00e9m, com o veto do&nbsp;<strong>presidente Lula<\/strong>, o benef\u00edcio perde a validade no fim deste ano, a n\u00e3o ser que o Congresso derrube o veto de Lula. Na proposta que saiu do Congresso, ainda havia previs\u00e3o de redu\u00e7\u00e3o da al\u00edquota da contribui\u00e7\u00e3o previdenci\u00e1ria patronal imputada a munic\u00edpios.<\/p>\n\n\n\n<p>\u201cEm que pese a boa inten\u00e7\u00e3o do legislador, a proposi\u00e7\u00e3o legislativa padece de v\u00edcio de inconstitucionalidade e contraria o interesse p\u00fablico tendo em vista que cria ren\u00fancia de receita sem apresentar demonstrativo de impacto or\u00e7ament\u00e1rio-financeiro para o ano corrente e os dois seguintes, com mem\u00f3ria de c\u00e1lculo, e sem indicar as medidas de compensa\u00e7\u00e3o, em desaten\u00e7\u00e3o ao disposto no art. 113 do Ato das Disposi\u00e7\u00f5es Constitucionais Transit\u00f3rias, no art. 14 da Lei Complementar n\u00ba 101, de 4 de maio de 2000 \u2013 Lei de Responsabilidade Fiscal, e nos art. 131 e art. 132 da Lei n\u00ba 14.436, de 9 de agosto de 2022 \u2013 Lei de Diretrizes Or\u00e7ament\u00e1rias de 2023\u201d, diz o Planalto na justificativa do<strong>&nbsp;veto de Lula&nbsp;<\/strong>\u00e0 lei de <strong>desonera\u00e7\u00e3o<\/strong> encaminhada aos parlamentares.<\/p>\n\n\n\n<p><em>Com Estad\u00e3o Conte\u00fado<\/em><\/p>\n\n\n\t<p>\n\t\t<a href=\"https:\/\/lp.suno.com.br\/planilha-da-vida-financeira\/\" target=\"_blank\" data-element=\"shortcode-suno-banner\" title=\"Banner SUNO, clique e saiba mais\">\n\t\t\t<picture>\n\t\t\t\t<source media=\"(max-width: 500px)\" srcset=\"https:\/\/files.sunoresearch.com.br\/n\/uploads\/2023\/04\/400x300-Planilha-vida-financeira-true.png\">\n\t\t\t\t<img class=\"newsContent__article__imgCapa newsContent__article__imgCapa--banner\"\n\t\t\t\t\tsrc=\"https:\/\/files.sunoresearch.com.br\/n\/uploads\/2023\/04\/1420x240-Planilha-vida-financeira-true.png\"\n\t\t\t\t\tdata-promo-id=\"383123\"\t\t\t\t\t\t\t\t\t\twidth='1420' height='240'\t\t\t\t\talt=\"https:\/\/files.sunoresearch.com.br\/n\/uploads\/2023\/04\/1420x240-Planilha-vida-financeira-true.png\"\n\t\t\t\t>\n\t\t\t<\/picture>\n\t\t<\/a>\n\t<\/p>\n\n\n","protected":false},"excerpt":{"rendered":"<p>O Congresso Nacional derrubou nesta quarta-feira, 14, em sess\u00e3o conjunta, o veto do presidente da Rep\u00fablica, Luiz In\u00e1cio Lula da Silva, \u00e0 desonera\u00e7\u00e3o da folha de pagamento de 17 setores da economia. O governo estuda uma Medida Provis\u00f3ria (MP) com a redu\u00e7\u00e3o gradual da desonera\u00e7\u00e3o como alternativa ao fim imediato do benef\u00edcio fiscal. Mesmo assim, [&hellip;]<\/p>\n","protected":false},"author":43,"featured_media":357695,"comment_status":"closed","ping_status":"closed","sticky":false,"template":"","format":"standard","meta":[],"categories":[64],"tags":[901],"suno_strategy":[],"class_list":["post-500535","post","type-post","status-publish","format-standard","has-post-thumbnail","hentry","category-negocios","tag-congresso-nacional"],"yoast_head":"<!-- This site is optimized with the Yoast SEO plugin v24.4 - https:\/\/yoast.com\/wordpress\/plugins\/seo\/ -->\n<title>Congresso derruba veto de Lula \u00e0 desonera\u00e7\u00e3o da folha de pagamento<\/title>\n<meta name=\"description\" content=\"O Congresso Nacional derrubou o veto do presidente Lula \u00e0 desonera\u00e7\u00e3o da folha de pagamento de 17 setores da economia\" \/>\n<meta name=\"robots\" content=\"index, follow, max-snippet:-1, max-image-preview:large, max-video-preview:-1\" \/>\n<link rel=\"canonical\" href=\"https:\/\/www.suno.com.br\/noticias\/desoneracao-congresso-derruba-veto-derrota-governo\/\" \/>\n<meta property=\"og:locale\" content=\"pt_BR\" \/>\n<meta property=\"og:type\" content=\"article\" \/>\n<meta property=\"og:title\" content=\"Congresso derruba veto de Lula \u00e0 desonera\u00e7\u00e3o da folha de pagamento\" \/>\n<meta property=\"og:description\" content=\"O Congresso Nacional derrubou o veto do presidente Lula \u00e0 desonera\u00e7\u00e3o da folha de pagamento de 17 setores da economia\" \/>\n<meta property=\"og:url\" content=\"https:\/\/www.suno.com.br\/noticias\/desoneracao-congresso-derruba-veto-derrota-governo\/\" \/>\n<meta property=\"og:site_name\" content=\"Suno Not\u00edcias\" \/>\n<meta property=\"article:publisher\" content=\"https:\/\/facebook.com\/sunoresearch\" \/>\n<meta property=\"article:author\" content=\"https:\/\/www.facebook.com\/sunonoticias\/\" \/>\n<meta property=\"og:image\" content=\"https:\/\/files.sunoresearch.com.br\/n\/uploads\/2023\/02\/congresso-nacional.jpg\" \/>\n\t<meta property=\"og:image:width\" content=\"1337\" \/>\n\t<meta property=\"og:image:height\" content=\"800\" \/>\n\t<meta property=\"og:image:type\" content=\"image\/jpeg\" \/>\n<meta name=\"author\" content=\"Reda\u00e7\u00e3o Suno Not\u00edcias\" \/>\n<meta name=\"twitter:card\" content=\"summary_large_image\" \/>\n<meta name=\"twitter:creator\" content=\"@https:\/\/twitter.com\/sunoresearch\" \/>\n<meta name=\"twitter:site\" content=\"@sunoresearch\" \/>\n<meta name=\"twitter:label1\" content=\"Escrito por\" \/>\n\t<meta name=\"twitter:data1\" content=\"Reda\u00e7\u00e3o Suno Not\u00edcias\" \/>\n\t<meta name=\"twitter:label2\" content=\"Est. tempo de leitura\" \/>\n\t<meta name=\"twitter:data2\" content=\"6 minutos\" \/>\n<script type=\"application\/ld+json\" class=\"yoast-schema-graph\">{\"@context\":\"https:\/\/schema.org\",\"@graph\":[{\"@type\":\"NewsArticle\",\"@id\":\"https:\/\/www.suno.com.br\/noticias\/desoneracao-congresso-derruba-veto-derrota-governo\/#article\",\"isPartOf\":{\"@id\":\"https:\/\/www.suno.com.br\/noticias\/desoneracao-congresso-derruba-veto-derrota-governo\/\"},\"author\":{\"name\":\"Reda\u00e7\u00e3o Suno Not\u00edcias\",\"@id\":\"https:\/\/www.suno.com.br\/noticias\/#\/schema\/person\/c1b1bd3727fa852bd045e9dbff3673ea\"},\"headline\":\"Desonera\u00e7\u00e3o da folha de pagamento: Congresso derruba veto de Lula e mant\u00e9m lei, em derrota do governo\",\"datePublished\":\"2023-12-14T19:16:29+00:00\",\"dateModified\":\"2023-12-15T01:49:44+00:00\",\"mainEntityOfPage\":{\"@id\":\"https:\/\/www.suno.com.br\/noticias\/desoneracao-congresso-derruba-veto-derrota-governo\/\"},\"wordCount\":1194,\"publisher\":{\"@id\":\"https:\/\/www.suno.com.br\/noticias\/#organization\"},\"image\":{\"@id\":\"https:\/\/www.suno.com.br\/noticias\/desoneracao-congresso-derruba-veto-derrota-governo\/#primaryimage\"},\"thumbnailUrl\":\"https:\/\/files.sunoresearch.com.br\/n\/uploads\/2023\/02\/congresso-nacional.jpg\",\"keywords\":[\"Congresso Nacional\"],\"articleSection\":[\"Neg\u00f3cios\"],\"inLanguage\":\"pt-BR\"},{\"@type\":\"WebPage\",\"@id\":\"https:\/\/www.suno.com.br\/noticias\/desoneracao-congresso-derruba-veto-derrota-governo\/\",\"url\":\"https:\/\/www.suno.com.br\/noticias\/desoneracao-congresso-derruba-veto-derrota-governo\/\",\"name\":\"Congresso derruba veto de Lula \u00e0 desonera\u00e7\u00e3o da folha de pagamento\",\"isPartOf\":{\"@id\":\"https:\/\/www.suno.com.br\/noticias\/#website\"},\"primaryImageOfPage\":{\"@id\":\"https:\/\/www.suno.com.br\/noticias\/desoneracao-congresso-derruba-veto-derrota-governo\/#primaryimage\"},\"image\":{\"@id\":\"https:\/\/www.suno.com.br\/noticias\/desoneracao-congresso-derruba-veto-derrota-governo\/#primaryimage\"},\"thumbnailUrl\":\"https:\/\/files.sunoresearch.com.br\/n\/uploads\/2023\/02\/congresso-nacional.jpg\",\"datePublished\":\"2023-12-14T19:16:29+00:00\",\"dateModified\":\"2023-12-15T01:49:44+00:00\",\"description\":\"O Congresso Nacional derrubou o veto do presidente Lula \u00e0 desonera\u00e7\u00e3o da folha de pagamento de 17 setores da economia\",\"breadcrumb\":{\"@id\":\"https:\/\/www.suno.com.br\/noticias\/desoneracao-congresso-derruba-veto-derrota-governo\/#breadcrumb\"},\"inLanguage\":\"pt-BR\",\"potentialAction\":[{\"@type\":\"ReadAction\",\"target\":[\"https:\/\/www.suno.com.br\/noticias\/desoneracao-congresso-derruba-veto-derrota-governo\/\"]}]},{\"@type\":\"ImageObject\",\"inLanguage\":\"pt-BR\",\"@id\":\"https:\/\/www.suno.com.br\/noticias\/desoneracao-congresso-derruba-veto-derrota-governo\/#primaryimage\",\"url\":\"https:\/\/files.sunoresearch.com.br\/n\/uploads\/2023\/02\/congresso-nacional.jpg\",\"contentUrl\":\"https:\/\/files.sunoresearch.com.br\/n\/uploads\/2023\/02\/congresso-nacional.jpg\",\"width\":1337,\"height\":800,\"caption\":\"Congresso Nacional - Foto: Arquivo\/Ag\u00eancia Brasil\"},{\"@type\":\"BreadcrumbList\",\"@id\":\"https:\/\/www.suno.com.br\/noticias\/desoneracao-congresso-derruba-veto-derrota-governo\/#breadcrumb\",\"itemListElement\":[{\"@type\":\"ListItem\",\"position\":1,\"name\":\"Not\u00edcias\",\"item\":\"https:\/\/www.suno.com.br\/noticias\/\"},{\"@type\":\"ListItem\",\"position\":2,\"name\":\"Neg\u00f3cios\",\"item\":\"https:\/\/www.suno.com.br\/noticias\/negocios\/\"},{\"@type\":\"ListItem\",\"position\":3,\"name\":\"Desonera\u00e7\u00e3o da folha de pagamento: Congresso derruba veto de Lula e mant\u00e9m lei, em derrota do governo\"}]},{\"@type\":\"WebSite\",\"@id\":\"https:\/\/www.suno.com.br\/noticias\/#website\",\"url\":\"https:\/\/www.suno.com.br\/noticias\/\",\"name\":\"Suno Not\u00edcias\",\"description\":\"Seu portal de informa\u00e7\u00e3o sobre o mundo dos investimentos\",\"publisher\":{\"@id\":\"https:\/\/www.suno.com.br\/noticias\/#organization\"},\"potentialAction\":[{\"@type\":\"SearchAction\",\"target\":{\"@type\":\"EntryPoint\",\"urlTemplate\":\"https:\/\/www.suno.com.br\/noticias\/?s={search_term_string}\"},\"query-input\":{\"@type\":\"PropertyValueSpecification\",\"valueRequired\":true,\"valueName\":\"search_term_string\"}}],\"inLanguage\":\"pt-BR\"},{\"@type\":\"Organization\",\"@id\":\"https:\/\/www.suno.com.br\/noticias\/#organization\",\"name\":\"Suno Not\u00edcias\",\"url\":\"https:\/\/www.suno.com.br\/noticias\/\",\"logo\":{\"@type\":\"ImageObject\",\"inLanguage\":\"pt-BR\",\"@id\":\"https:\/\/www.suno.com.br\/noticias\/#\/schema\/logo\/image\/\",\"url\":\"https:\/\/files.sunoresearch.com.br\/n\/uploads\/2021\/09\/suno-logo.png\",\"contentUrl\":\"https:\/\/files.sunoresearch.com.br\/n\/uploads\/2021\/09\/suno-logo.png\",\"width\":180,\"height\":180,\"caption\":\"Suno Not\u00edcias\"},\"image\":{\"@id\":\"https:\/\/www.suno.com.br\/noticias\/#\/schema\/logo\/image\/\"},\"sameAs\":[\"https:\/\/facebook.com\/sunoresearch\",\"https:\/\/x.com\/sunoresearch\",\"https:\/\/www.instagram.com\/suno\",\"https:\/\/www.linkedin.com\/company\/suno-research\/\",\"https:\/\/www.youtube.com\/c\/sunoresearch\"]},{\"@type\":\"Person\",\"@id\":\"https:\/\/www.suno.com.br\/noticias\/#\/schema\/person\/c1b1bd3727fa852bd045e9dbff3673ea\",\"name\":\"Reda\u00e7\u00e3o Suno Not\u00edcias\",\"image\":{\"@type\":\"ImageObject\",\"inLanguage\":\"pt-BR\",\"@id\":\"https:\/\/www.suno.com.br\/noticias\/#\/schema\/person\/image\/\",\"url\":\"https:\/\/secure.gravatar.com\/avatar\/b8104b9b5a71985d5238ee59fbe418af?s=96&r=g\",\"contentUrl\":\"https:\/\/secure.gravatar.com\/avatar\/b8104b9b5a71985d5238ee59fbe418af?s=96&r=g\",\"caption\":\"Reda\u00e7\u00e3o Suno Not\u00edcias\"},\"description\":\"O Suno Not\u00edcias \u00e9 um portal de informa\u00e7\u00f5es sobre Mercado Financeiro, Pol\u00edtica, Neg\u00f3cios, Economia e Finan\u00e7as Pessoais.\",\"sameAs\":[\"https:\/\/www.suno.com.br\/noticias\",\"https:\/\/www.facebook.com\/sunonoticias\/\",\"https:\/\/www.instagram.com\/sunonoticias\/\",\"https:\/\/x.com\/https:\/\/twitter.com\/sunoresearch\",\"https:\/\/www.youtube.com\/sunonoticias\"],\"url\":\"https:\/\/www.suno.com.br\/noticias\/author\/redacao-suno\/\"}]}<\/script>\n<!-- \/ Yoast SEO plugin. -->","yoast_head_json":{"title":"Congresso derruba veto de Lula \u00e0 desonera\u00e7\u00e3o da folha de pagamento","description":"O Congresso Nacional derrubou o veto do presidente Lula \u00e0 desonera\u00e7\u00e3o da folha de pagamento de 17 setores da economia","robots":{"index":"index","follow":"follow","max-snippet":"max-snippet:-1","max-image-preview":"max-image-preview:large","max-video-preview":"max-video-preview:-1"},"canonical":"https:\/\/www.suno.com.br\/noticias\/desoneracao-congresso-derruba-veto-derrota-governo\/","og_locale":"pt_BR","og_type":"article","og_title":"Congresso derruba veto de Lula \u00e0 desonera\u00e7\u00e3o da folha de pagamento","og_description":"O Congresso Nacional derrubou o veto do presidente Lula \u00e0 desonera\u00e7\u00e3o da folha de pagamento de 17 setores da economia","og_url":"https:\/\/www.suno.com.br\/noticias\/desoneracao-congresso-derruba-veto-derrota-governo\/","og_site_name":"Suno Not\u00edcias","article_publisher":"https:\/\/facebook.com\/sunoresearch","article_author":"https:\/\/www.facebook.com\/sunonoticias\/","og_image":[{"width":1337,"height":800,"url":"https:\/\/files.sunoresearch.com.br\/n\/uploads\/2023\/02\/congresso-nacional.jpg","type":"image\/jpeg"}],"author":"Reda\u00e7\u00e3o Suno Not\u00edcias","twitter_card":"summary_large_image","twitter_creator":"@https:\/\/twitter.com\/sunoresearch","twitter_site":"@sunoresearch","twitter_misc":{"Escrito por":"Reda\u00e7\u00e3o Suno Not\u00edcias","Est. tempo de leitura":"6 minutos"},"schema":{"@context":"https:\/\/schema.org","@graph":[{"@type":"NewsArticle","@id":"https:\/\/www.suno.com.br\/noticias\/desoneracao-congresso-derruba-veto-derrota-governo\/#article","isPartOf":{"@id":"https:\/\/www.suno.com.br\/noticias\/desoneracao-congresso-derruba-veto-derrota-governo\/"},"author":{"name":"Reda\u00e7\u00e3o Suno Not\u00edcias","@id":"https:\/\/www.suno.com.br\/noticias\/#\/schema\/person\/c1b1bd3727fa852bd045e9dbff3673ea"},"headline":"Desonera\u00e7\u00e3o da folha de pagamento: Congresso derruba veto de Lula e mant\u00e9m lei, em derrota do governo","datePublished":"2023-12-14T19:16:29+00:00","dateModified":"2023-12-15T01:49:44+00:00","mainEntityOfPage":{"@id":"https:\/\/www.suno.com.br\/noticias\/desoneracao-congresso-derruba-veto-derrota-governo\/"},"wordCount":1194,"publisher":{"@id":"https:\/\/www.suno.com.br\/noticias\/#organization"},"image":{"@id":"https:\/\/www.suno.com.br\/noticias\/desoneracao-congresso-derruba-veto-derrota-governo\/#primaryimage"},"thumbnailUrl":"https:\/\/files.sunoresearch.com.br\/n\/uploads\/2023\/02\/congresso-nacional.jpg","keywords":["Congresso Nacional"],"articleSection":["Neg\u00f3cios"],"inLanguage":"pt-BR"},{"@type":"WebPage","@id":"https:\/\/www.suno.com.br\/noticias\/desoneracao-congresso-derruba-veto-derrota-governo\/","url":"https:\/\/www.suno.com.br\/noticias\/desoneracao-congresso-derruba-veto-derrota-governo\/","name":"Congresso derruba veto de Lula \u00e0 desonera\u00e7\u00e3o da folha de pagamento","isPartOf":{"@id":"https:\/\/www.suno.com.br\/noticias\/#website"},"primaryImageOfPage":{"@id":"https:\/\/www.suno.com.br\/noticias\/desoneracao-congresso-derruba-veto-derrota-governo\/#primaryimage"},"image":{"@id":"https:\/\/www.suno.com.br\/noticias\/desoneracao-congresso-derruba-veto-derrota-governo\/#primaryimage"},"thumbnailUrl":"https:\/\/files.sunoresearch.com.br\/n\/uploads\/2023\/02\/congresso-nacional.jpg","datePublished":"2023-12-14T19:16:29+00:00","dateModified":"2023-12-15T01:49:44+00:00","description":"O Congresso Nacional derrubou o veto do presidente Lula \u00e0 desonera\u00e7\u00e3o da folha de pagamento de 17 setores da economia","breadcrumb":{"@id":"https:\/\/www.suno.com.br\/noticias\/desoneracao-congresso-derruba-veto-derrota-governo\/#breadcrumb"},"inLanguage":"pt-BR","potentialAction":[{"@type":"ReadAction","target":["https:\/\/www.suno.com.br\/noticias\/desoneracao-congresso-derruba-veto-derrota-governo\/"]}]},{"@type":"ImageObject","inLanguage":"pt-BR","@id":"https:\/\/www.suno.com.br\/noticias\/desoneracao-congresso-derruba-veto-derrota-governo\/#primaryimage","url":"https:\/\/files.sunoresearch.com.br\/n\/uploads\/2023\/02\/congresso-nacional.jpg","contentUrl":"https:\/\/files.sunoresearch.com.br\/n\/uploads\/2023\/02\/congresso-nacional.jpg","width":1337,"height":800,"caption":"Congresso Nacional - Foto: Arquivo\/Ag\u00eancia Brasil"},{"@type":"BreadcrumbList","@id":"https:\/\/www.suno.com.br\/noticias\/desoneracao-congresso-derruba-veto-derrota-governo\/#breadcrumb","itemListElement":[{"@type":"ListItem","position":1,"name":"Not\u00edcias","item":"https:\/\/www.suno.com.br\/noticias\/"},{"@type":"ListItem","position":2,"name":"Neg\u00f3cios","item":"https:\/\/www.suno.com.br\/noticias\/negocios\/"},{"@type":"ListItem","position":3,"name":"Desonera\u00e7\u00e3o da folha de pagamento: Congresso derruba veto de Lula e mant\u00e9m lei, em derrota do governo"}]},{"@type":"WebSite","@id":"https:\/\/www.suno.com.br\/noticias\/#website","url":"https:\/\/www.suno.com.br\/noticias\/","name":"Suno Not\u00edcias","description":"Seu portal de informa\u00e7\u00e3o sobre o mundo dos investimentos","publisher":{"@id":"https:\/\/www.suno.com.br\/noticias\/#organization"},"potentialAction":[{"@type":"SearchAction","target":{"@type":"EntryPoint","urlTemplate":"https:\/\/www.suno.com.br\/noticias\/?s={search_term_string}"},"query-input":{"@type":"PropertyValueSpecification","valueRequired":true,"valueName":"search_term_string"}}],"inLanguage":"pt-BR"},{"@type":"Organization","@id":"https:\/\/www.suno.com.br\/noticias\/#organization","name":"Suno Not\u00edcias","url":"https:\/\/www.suno.com.br\/noticias\/","logo":{"@type":"ImageObject","inLanguage":"pt-BR","@id":"https:\/\/www.suno.com.br\/noticias\/#\/schema\/logo\/image\/","url":"https:\/\/files.sunoresearch.com.br\/n\/uploads\/2021\/09\/suno-logo.png","contentUrl":"https:\/\/files.sunoresearch.com.br\/n\/uploads\/2021\/09\/suno-logo.png","width":180,"height":180,"caption":"Suno Not\u00edcias"},"image":{"@id":"https:\/\/www.suno.com.br\/noticias\/#\/schema\/logo\/image\/"},"sameAs":["https:\/\/facebook.com\/sunoresearch","https:\/\/x.com\/sunoresearch","https:\/\/www.instagram.com\/suno","https:\/\/www.linkedin.com\/company\/suno-research\/","https:\/\/www.youtube.com\/c\/sunoresearch"]},{"@type":"Person","@id":"https:\/\/www.suno.com.br\/noticias\/#\/schema\/person\/c1b1bd3727fa852bd045e9dbff3673ea","name":"Reda\u00e7\u00e3o Suno Not\u00edcias","image":{"@type":"ImageObject","inLanguage":"pt-BR","@id":"https:\/\/www.suno.com.br\/noticias\/#\/schema\/person\/image\/","url":"https:\/\/secure.gravatar.com\/avatar\/b8104b9b5a71985d5238ee59fbe418af?s=96&r=g","contentUrl":"https:\/\/secure.gravatar.com\/avatar\/b8104b9b5a71985d5238ee59fbe418af?s=96&r=g","caption":"Reda\u00e7\u00e3o Suno Not\u00edcias"},"description":"O Suno Not\u00edcias \u00e9 um portal de informa\u00e7\u00f5es sobre Mercado Financeiro, Pol\u00edtica, Neg\u00f3cios, Economia e Finan\u00e7as Pessoais.","sameAs":["https:\/\/www.suno.com.br\/noticias","https:\/\/www.facebook.com\/sunonoticias\/","https:\/\/www.instagram.com\/sunonoticias\/","https:\/\/x.com\/https:\/\/twitter.com\/sunoresearch","https:\/\/www.youtube.com\/sunonoticias"],"url":"https:\/\/www.suno.com.br\/noticias\/author\/redacao-suno\/"}]}},"default_loop_html":"<div class=\"cardsPage__listCard__boxs\"><div class=\"cardsPage__listCard__boxs__img\"><a href=\"https:\/\/www.suno.com.br\/noticias\/desoneracao-congresso-derruba-veto-derrota-governo\/\"><img class=\"mask\" src=\"https:\/\/www.suno.com.br\/noticias\/wp-content\/themes\/suno\/resources\/images\/spotlight\/spotlight1img\/bg-mask.png\" alt=\"Image Mask\"\/><img src=\"https:\/\/files.sunoresearch.com.br\/n\/uploads\/2023\/02\/congresso-nacional-400x200.jpg\" alt=\"Desonera\u00e7\u00e3o da folha de pagamento: Congresso derruba veto de Lula e mant\u00e9m lei, em derrota do governo\"\/><\/a><span class=\"spotlightCategory\"><a href=\"https:\/\/www.suno.com.br\/noticias\/negocios\/\">Neg\u00f3cios<\/a><\/span><\/div><div class=\"cardsPage__listCard__boxs__content\"><a href=\"https:\/\/www.suno.com.br\/noticias\/desoneracao-congresso-derruba-veto-derrota-governo\/\"><h2 class=\"content__title\">Desonera\u00e7\u00e3o da folha de pagamento: Congresso derruba veto de Lula e mant\u00e9m lei, em derrota do governo<\/h2><\/a><div class=\"newsContent__article__meta\"><div class=\"newsContent__article__meta__authorBox\"><a href=\"https:\/\/www.suno.com.br\/noticias\/author\/redacao-suno\/\" class=\"authorBox__avatar noMobi\"><img src=\"https:\/\/files.sunoresearch.com.br\/n\/uploads\/2020\/08\/0ace682d-redacao-1-150x150.webp\" alt=\"Reda\u00e7\u00e3o Suno Not\u00edcias\"><\/a><div class=\"authorBox__name\"><span>por\n\t\t\t<a href=\"https:\/\/www.suno.com.br\/noticias\/author\/redacao-suno\/\"><span itemprop=\"author\">Reda\u00e7\u00e3o Suno Not\u00edcias<\/span><\/a><\/span><time datetime=\"2023-12-14T16:16:29-03:00\" itemprop=\"datePublished\">14\/12\/2023 16:16<\/time><\/div><\/div><\/div><\/div><\/div>","single_layout":"posts","amp_enabled":true,"_links":{"self":[{"href":"https:\/\/www.suno.com.br\/noticias\/wp-json\/wp\/v2\/posts\/500535"}],"collection":[{"href":"https:\/\/www.suno.com.br\/noticias\/wp-json\/wp\/v2\/posts"}],"about":[{"href":"https:\/\/www.suno.com.br\/noticias\/wp-json\/wp\/v2\/types\/post"}],"author":[{"embeddable":true,"href":"https:\/\/www.suno.com.br\/noticias\/wp-json\/wp\/v2\/users\/43"}],"replies":[{"embeddable":true,"href":"https:\/\/www.suno.com.br\/noticias\/wp-json\/wp\/v2\/comments?post=500535"}],"version-history":[{"count":2,"href":"https:\/\/www.suno.com.br\/noticias\/wp-json\/wp\/v2\/posts\/500535\/revisions"}],"predecessor-version":[{"id":500789,"href":"https:\/\/www.suno.com.br\/noticias\/wp-json\/wp\/v2\/posts\/500535\/revisions\/500789"}],"wp:featuredmedia":[{"embeddable":true,"href":"https:\/\/www.suno.com.br\/noticias\/wp-json\/wp\/v2\/media\/357695"}],"wp:attachment":[{"href":"https:\/\/www.suno.com.br\/noticias\/wp-json\/wp\/v2\/media?parent=500535"}],"wp:term":[{"taxonomy":"category","embeddable":true,"href":"https:\/\/www.suno.com.br\/noticias\/wp-json\/wp\/v2\/categories?post=500535"},{"taxonomy":"post_tag","embeddable":true,"href":"https:\/\/www.suno.com.br\/noticias\/wp-json\/wp\/v2\/tags?post=500535"},{"taxonomy":"suno_strategy","embeddable":true,"href":"https:\/\/www.suno.com.br\/noticias\/wp-json\/wp\/v2\/suno_strategy?post=500535"}],"curies":[{"name":"wp","href":"https:\/\/api.w.org\/{rel}","templated":true}]}}