{"id":500294,"date":"2023-12-14T11:16:38","date_gmt":"2023-12-14T14:16:38","guid":{"rendered":"https:\/\/www.suno.com.br\/noticias\/?p=500294"},"modified":"2023-12-14T11:18:11","modified_gmt":"2023-12-14T14:18:11","slug":"cosan-csan3-btg-pactual-bpac11-formador-de-mercado-gpj","status":"publish","type":"post","link":"https:\/\/www.suno.com.br\/noticias\/cosan-csan3-btg-pactual-bpac11-formador-de-mercado-gpj\/","title":{"rendered":"Cosan (CSAN3) contrata BTG Pactual (BPAC11) como formador de mercado; saiba mais"},"content":{"rendered":"<p>Em <a href=\"https:\/\/www.suno.com.br\/artigos\/fato-relevante\/\">fato relevante<\/a> divulgado nesta quinta-feira (14), a Cosan (CSAN3) anunciou a contrata\u00e7\u00e3o do <a href=\"https:\/\/www.suno.com.br\/acoes\/BPAC11\/\">BTG Pactual (BPAC11)<\/a> para exercer a fun\u00e7\u00e3o de tomador de mercado de suas 1.176.012.836 <a href=\"https:\/\/www.suno.com.br\/artigos\/o-que-sao-acoes-ordinarias-preferenciais-e-units\/\">a\u00e7\u00f5es ordin\u00e1rias<\/a> em circula\u00e7\u00e3o no \u00e2mbito da <a href=\"https:\/\/www.suno.com.br\/acoes\/B3SA3\/\">B3 (B3SA3)<\/a>.<\/p>\t<div class=\"wrapper-featured-image\">\n\t\t<figure class=\"spotlightImg\">\n\n\t\t\t<picture>\n\t\t\t\t<source media=\"(max-width: 768px)\" srcset=\"https:\/\/files.sunoresearch.com.br\/n\/uploads\/2022\/12\/cosan-csan3-400x200.jpg\">\n\t\t\t\t<img loading=\"lazy\" decoding=\"async\" class=\"newsContent__article__imgCapa lazyloadDisabled \" src=\"https:\/\/files.sunoresearch.com.br\/n\/uploads\/2022\/12\/cosan-csan3-800x450.jpg\" width=\"800\" height=\"450\" alt=\"Cosan (CSAN3) contrata BTG Pactual (BPAC11) como formador de mercado; saiba mais\" fetchpriority=high \/>\n\t\t\t<\/picture>\n\n\t\t\t<figcaption class=\"wp-caption-text wp-caption-text--show\">Cosan (CSAN3). Foto: Divulga\u00e7\u00e3o<\/figcaption>\n\t\t<\/figure>\n\t<\/div>\n\n\n\n\n\n\n\n\t<p>\n\t\t<a href=\"https:\/\/lp.suno.com.br\/planilha-da-vida-financeira\/\" target=\"_blank\" data-element=\"shortcode-suno-banner\" title=\"Banner SUNO, clique e saiba mais\">\n\t\t\t<picture>\n\t\t\t\t<source media=\"(max-width: 500px)\" srcset=\"https:\/\/files.sunoresearch.com.br\/n\/uploads\/2023\/04\/400x300-Planilha-vida-financeira-true.png\">\n\t\t\t\t<img class=\"newsContent__article__imgCapa newsContent__article__imgCapa--banner\"\n\t\t\t\t\tsrc=\"https:\/\/files.sunoresearch.com.br\/n\/uploads\/2023\/04\/1420x240-Planilha-vida-financeira-true.png\"\n\t\t\t\t\tdata-promo-id=\"106682\"\t\t\t\t\t\t\t\t\t\twidth='1420' height='240'\t\t\t\t\talt=\"https:\/\/files.sunoresearch.com.br\/n\/uploads\/2023\/04\/1420x240-Planilha-vida-financeira-true.png\"\n\t\t\t\t>\n\t\t\t<\/picture>\n\t\t<\/a>\n\t<\/p>\n\n\n\n\n\n<p>Segundo a Cosan, o objetivo \u00e9 &#8220;fomentar a liquidez das a\u00e7\u00f5es de emiss\u00e3o da companhia, observando as melhores pr\u00e1ticas de negocia\u00e7\u00e3o do mercado&#8221;.<\/p>\n\n\n\n<p>Os servi\u00e7os do <strong>BTG Pactual<\/strong> t\u00eam in\u00edcio nesta quinta-feira (14), ap\u00f3s o encerramento do contrato com o <strong>Credit Suisse<\/strong> (CS) na quarta-feira (13), que era formador de mercado da<strong> <\/strong>empresa desde 2017.<\/p>\n\n\n\n<p>Ainda de acordo com a companhia, o prazo de dura\u00e7\u00e3o do contrato \u00e9 de 1 ano, prorrog\u00e1vel automaticamente por iguais per\u00edodos, &#8220;caso n\u00e3o haja manifesta\u00e7\u00e3o de qualquer das partes em sentido contr\u00e1rio&#8221;, destaca.<\/p>\n\n\n\n<p>A Cosan informou, tamb\u00e9m, que n\u00e3o celebrou qualquer contrato regulando o exerc\u00edcio de direito de voto, aquisi\u00e7\u00e3o ou aliena\u00e7\u00e3o de valores mobili\u00e1rios de sua emiss\u00e3o com o <strong>BTG<\/strong>.<\/p>\n\n\n\t<div data-element=\"shortcode-read-more\" class=\"knowMore\">\n\t\t\t\t<span class=\"knowMore__title\">Leia mais<\/span>\n\t\t\t\t<a class=\"knowMore__link\" href=\"https:\/\/www.suno.com.br\/noticias\/cosan-csan3-lucro-3t23-resultado-evm\/\">\n\t\t\tCosan (CSAN3) lucra R$ 236 milh\u00f5es no 3T23, queda de 11%\t\t<\/a>\n\t<\/div>\n\n\n\n\n<h2 class=\"wp-block-heading\">Cosan (CSAN3) anuncia troca na presid\u00eancia e divulga nome de novo CEO<\/h2>\n\n\n\n<p>O\u00a0<a href=\"https:\/\/www.suno.com.br\/artigos\/conselho-administracao\/\" target=\"_blank\" rel=\"noreferrer noopener\">Conselho de Administra\u00e7\u00e3o<\/a>\u00a0da\u00a0Cosan anunciou no m\u00eas passado que far\u00e1 uma altera\u00e7\u00e3o dentro da diretoria da companhia. A mudan\u00e7a de executivos \u00e9 a maior na companhia desde 2009.<\/p>\n\n\n\n<p>A proposta de sucess\u00e3o do&nbsp;<strong>diretor presidente da Cosan (CSAN3)<\/strong>, Luiz Henrique Guimar\u00e3es, e do Diretor vice-presidente financeiro e de&nbsp;<a target=\"_blank\" href=\"https:\/\/www.suno.com.br\/artigos\/relacoes-com-investidores\/\" rel=\"noreferrer noopener\">Rela\u00e7\u00f5es com Investidores<\/a>, Ricardo Lewin, foi aprovada.<\/p>\n\n\n\n<p>Com a mudan\u00e7a, Guimar\u00e3es, que j\u00e1 ocupava o cargo h\u00e1 3 anos e meio, passar\u00e1 a se dedicar exclusivamente aos board das companhias<strong>&nbsp;<\/strong>Cosan (<strong>CSAN3<\/strong>), Moove, Compass e&nbsp;<a href=\"https:\/\/www.suno.com.br\/acoes\/VALE3\/\" target=\"_blank\" rel=\"noreferrer noopener\"><strong>Vale (VALE3)<\/strong><\/a>. Nesta \u00faltima, a Cosan det\u00e9m 4,9% do capital.<\/p>\n\n\n\n<p>J\u00e1 Lewin, na posi\u00e7\u00e3o de CFO h\u00e1 dois anos, assumir\u00e1 a vice-presid\u00eancia de Portf\u00f3lio e Desenvolvimento de Neg\u00f3cios, conforme o comunicado\u00a0<a href=\"https:\/\/www.suno.com.br\/artigos\/fato-relevante\/\" target=\"_blank\" rel=\"noreferrer noopener\">Fato Relevante<\/a>\u00a0publicado na Comiss\u00e3o de Valores Mobili\u00e1rios (CVM).<\/p>\n\n\n\n<h2 class=\"wp-block-heading\">Quem \u00e9 o novo presidente da Cosan (CSAN3)?<\/h2>\n\n\n\n<p>Com a troca, o atual presidente da Compass,&nbsp;<strong>Nelson Gomes<\/strong>&nbsp;assumir\u00e1 o cargo de&nbsp;<strong>presidente da Cosan (CSAN3)<\/strong>. Al\u00e9m disso, Gomes permanecer\u00e1 no Conselho da Compass, e ser\u00e1 indicado nos pr\u00f3ximos meses para os Conselhos da&nbsp;<a target=\"_blank\" href=\"https:\/\/www.suno.com.br\/acoes\/raiz4\/\" rel=\"noreferrer noopener\">Ra\u00edzen (RAIZ4)<\/a>, Moove e&nbsp;<a target=\"_blank\" href=\"https:\/\/www.suno.com.br\/acoes\/RAIL3\/\" rel=\"noreferrer noopener\">Rumo (RAIL3)<\/a>.<\/p>\n\n\n\n<p>No lugar do vice-presidente, o atual Diretor de Estrat\u00e9gia da Cosan,\u00a0<strong>Rodrigo Ara\u00fajo<\/strong>, ocupar\u00e1 a posi\u00e7\u00e3o de vice-presidente financeiro e de <a href=\"https:\/\/www.suno.com.br\/artigos\/relacoes-com-investidores\/\">Rela\u00e7\u00f5es com Investidores<\/a>. Anteriormente, ele foi CFO da <a href=\"https:\/\/www.suno.com.br\/acoes\/PETR4\/\"><strong>Petrobras<\/strong> (PETR4)<\/a> e se juntou \u00e0 holding h\u00e1 cerca de um m\u00eas.<\/p>\n\n\n\n<p>As mudan\u00e7as ser\u00e3o efetivas a partir do dia 1\u00ba de janeiro de 2024.<\/p>\n\n\n\n<p>Os&nbsp;<strong>diretores da&nbsp;<a href=\"https:\/\/www.suno.com.br\/acoes\/CSAN3\/\" target=\"_blank\" rel=\"noreferrer noopener\">Cosan (CSAN3)<\/a>,&nbsp;<\/strong>holding de Rubens Ometto, se colocaram \u00e0 disposi\u00e7\u00e3o para mais esclarecimentos sobre a troca de posi\u00e7\u00f5es presidenciais na pr\u00f3xima teleconfer\u00eancia de resultados que acontece nesta ter\u00e7a-feira (14), conforme informado no calend\u00e1rio corporativo.<\/p>\n\n\n\n<p>Na segunda-feira (13), os papeis da&nbsp;<strong>Cosan&nbsp;<\/strong>fecharam o dia cotados a R$ 17,82,com uma valoriza\u00e7\u00e3o de 0,45% no dia. Nos \u00faltimos seis meses, as&nbsp;<strong>a\u00e7\u00f5es CSAN3<\/strong>&nbsp;acumulam uma alta de 12,93% e, no ano, de 7,28% nos \u00faltimos 12 meses, com um dividend yield de 2,41% em 12 meses.<\/p>\n\n\n\t<p>\n\t\t<a href=\"https:\/\/lp.suno.com.br\/ebook-como-analisar-uma-acao\/\" target=\"_blank\" data-element=\"shortcode-suno-banner\" title=\"Banner SUNO, clique e saiba mais\">\n\t\t\t<picture>\n\t\t\t\t<source media=\"(max-width: 500px)\" srcset=\"https:\/\/files.sunoresearch.com.br\/n\/uploads\/2023\/03\/Ebook-Acoes-Mobile.jpg\">\n\t\t\t\t<img class=\"newsContent__article__imgCapa newsContent__article__imgCapa--banner\"\n\t\t\t\t\tsrc=\"https:\/\/files.sunoresearch.com.br\/n\/uploads\/2023\/03\/Ebook-Acoes-Desktop.jpg\"\n\t\t\t\t\tdata-promo-id=\"378302\"\t\t\t\t\t\t\t\t\t\twidth='1420' height='286'\t\t\t\t\talt=\"https:\/\/files.sunoresearch.com.br\/n\/uploads\/2023\/03\/Ebook-Acoes-Desktop.jpg\"\n\t\t\t\t>\n\t\t\t<\/picture>\n\t\t<\/a>\n\t<\/p>\n\n\n\n\n\n<h2 class=\"wp-block-heading\">Desempenho das a\u00e7\u00f5es da Cosan<\/h2>\n\n\n\n<div class=\"pluginQuotation\">\n  <p class=\"ticker\">\n    Cota\u00e7\u00e3o <span>CSAN3<\/span>\n  <\/p>\n  <div class=\"info\">\n    <div class=\"leftSide\">\n      Gr\u00e1fico gerado em: 14\/12\/2023    <\/div>\n\t\t\t\t\t<div class=\"rightSide\">\n\t\t\t\t\t<span class=\"period\">\n\t\t\t\t\t\t1 Dia\t\t\t\t\t<\/span>\n\t\t\t<\/div>\n\t\t  <\/div>\n\n  <div id=\"chart-4fb497138e829c670f5cc6a21b86d572\" data-block-hash=\"4fb497138e829c670f5cc6a21b86d572\"  class=\"chart\" style=\"width:100%;height:400px;\"><\/div>\n\n  <div class=\"pluginQuotation__footer\">\n    <div class=\"dataChart\">\n\n      <div class=\"dataChart__div1 variation\">\n        <div class=\"value-positive\">\n          2,51 (+0,46%)        <\/div>\n        <div class=\"text\">\n          Varia\u00e7\u00e3o do per\u00edodo\n        <\/div>\n      <\/div>\n\n      <div class=\"dataChart__div2 minMax\">\n        <div class=\"value\">\n          R$\u00a018,34        <\/div>\n        <div class=\"text\">\n          M\u00ednima\n        <\/div>\n      <\/div>\n\n      <div class=\"dataChart__div3 minMax\">\n        <div class=\"value\">\n          R$\u00a018,93        <\/div>\n        <div class=\"text\">\n          M\u00e1xima\n        <\/div>\n      <\/div>\n\n\t\t\t<div class=\"dataChart__div4 rightSide\">\n\t\t\t\t<div class=\"analiticaSource\">\n\t\t\t\t\t<span>\n\t\t\t\t\t\tFonte:\n\t\t\t\t\t<\/span>\n\t\t\t\t\t<img decoding=\"async\" class=\"analiticaLogo\" src=\"https:\/\/www.suno.com.br\/noticias\/wp-content\/plugins\/suno-block-ticker-quotation\/src\/suno-analitica-logo.png\" alt=\"Logo Suno Anal\u00edtica\" \/>\n\t\t\t\t<\/div>\n\n\t\t\t\t<a href=\"https:\/\/www.suno.com.br\/analitica\/acoes\/CSAN3\" target=\"_blank\">\n\t\t\t\t\t<span>\n\t\t\t\t\t\tVer mais cota\u00e7\u00f5es\n\t\t\t\t\t<\/span>\n\t\t\t\t\t<svg xmlns=\"http:\/\/www.w3.org\/2000\/svg\" width=\"9\" height=\"8\" viewBox=\"0 0 9 8\" fill=\"none\">\n\t\t\t\t\t\t<path d=\"M4.20996 0L3.50496 0.705L6.29496 3.5H0.209961V4.5H6.29496L3.50496 7.295L4.20996 8L8.20996 4L4.20996 0Z\" fill=\"#D42126\" \/>\n\t\t\t\t\t<\/svg>\n\t\t\t\t<\/a>\n    <\/div>\n\n    <\/div>\n  <\/div>\n<\/div>\n\n\n<script type=\"text\/javascript\">\n  let chart_4fb497138e829c670f5cc6a21b86d572 = document.getElementById('chart-4fb497138e829c670f5cc6a21b86d572');\n  let data_json_4fb497138e829c670f5cc6a21b86d572 = \"[{\\\"date\\\":\\\"14\\\\\\\/12\\\\\\\/23 10:02\\\",\\\"value\\\":18.34},{\\\"date\\\":\\\"14\\\\\\\/12\\\\\\\/23 10:04\\\",\\\"value\\\":18.77},{\\\"date\\\":\\\"14\\\\\\\/12\\\\\\\/23 10:06\\\",\\\"value\\\":18.78},{\\\"date\\\":\\\"14\\\\\\\/12\\\\\\\/23 10:08\\\",\\\"value\\\":18.7},{\\\"date\\\":\\\"14\\\\\\\/12\\\\\\\/23 10:10\\\",\\\"value\\\":18.8},{\\\"date\\\":\\\"14\\\\\\\/12\\\\\\\/23 10:12\\\",\\\"value\\\":18.88},{\\\"date\\\":\\\"14\\\\\\\/12\\\\\\\/23 10:14\\\",\\\"value\\\":18.93},{\\\"date\\\":\\\"14\\\\\\\/12\\\\\\\/23 10:16\\\",\\\"value\\\":18.8}]\";\n  let isPositive_4fb497138e829c670f5cc6a21b86d572 = true;\n\n  let color_4fb497138e829c670f5cc6a21b86d572 = isPositive_4fb497138e829c670f5cc6a21b86d572 ? '#3AB53A' : '#D92C2D';\n\n  let data_4fb497138e829c670f5cc6a21b86d572 = JSON.parse(data_json_4fb497138e829c670f5cc6a21b86d572);\n\n  const result_4fb497138e829c670f5cc6a21b86d572 = {\n    date: [],\n    value: [],\n  };\n\n  data_4fb497138e829c670f5cc6a21b86d572.forEach((item) => {\n    result_4fb497138e829c670f5cc6a21b86d572.date.push(item.date);\n    result_4fb497138e829c670f5cc6a21b86d572.value.push(Number(item.value));\n  });\n\n  let option_4fb497138e829c670f5cc6a21b86d572 = {\n    \/\/ variavel de cor global\n    color: [color_4fb497138e829c670f5cc6a21b86d572],\n    title: {\n      text: '',\n    },\n    tooltip: {\n      trigger: 'axis',\n      axisPointer: {\n        type: 'cross',\n        label: {\n          \/\/ cor dos valores em X e Y\n          backgroundColor: color_4fb497138e829c670f5cc6a21b86d572,\n          formatter: (value) => {\n            if (typeof value.value === 'number') {\n              return Number(value.value).toLocaleString('pt-br', {\n                style: 'currency',\n                currency: 'BRL'\n              });\n            }\n            return value.value;\n          },\n        },\n      },\n      valueFormatter: (value) => Number(value).toLocaleString('pt-br', {\n        style: 'currency',\n        currency: 'BRL'\n      }),\n    },\n    legend: {\n      \/\/ data: ['Valor de Fechamento'],\n      show: false,\n    },\n    toolbox: {\n      feature: {\n        saveAsImage: {\n          show: false,\n        },\n      },\n    },\n    grid: {\n      left: '0px',\n      right: '0px',\n      bottom: '0px',\n      containLabel: true,\n    },\n    xAxis: [{\n      type: 'category',\n      data: result_4fb497138e829c670f5cc6a21b86d572.date,\n      boundaryGap: true,\n    }],\n    yAxis: [{\n      type: 'value',\n      min: Math.min(...result_4fb497138e829c670f5cc6a21b86d572.value),\n      max: Math.max(...result_4fb497138e829c670f5cc6a21b86d572.value),\n      axisLabel: {\n        formatter: (value) => value.toLocaleString('pt-br', {\n          style: 'currency',\n          currency: 'BRL'\n        }),\n      },\n    }],\n    series: [{\n      name: 'Valor de Fechamento',\n      type: 'line',\n      stack: 'Total',\n      \/\/ cor do grafico\n      areaStyle: {},\n      emphasis: {\n        focus: 'series',\n      },\n      data: result_4fb497138e829c670f5cc6a21b86d572.value,\n      \/\/ cor da linha\n      lineStyle: {\n        color: color_4fb497138e829c670f5cc6a21b86d572,\n      },\n    }, ],\n  };\n\n\twindow.chart_4fb497138e829c670f5cc6a21b86d572 = {\n\t\tel: chart_4fb497138e829c670f5cc6a21b86d572,\n\t\toption: option_4fb497138e829c670f5cc6a21b86d572\t};\n\n\n<\/script>\n\n\n\t<p>\n\t\t<a href=\"https:\/\/lp.suno.com.br\/planilha-da-vida-financeira\/\" target=\"_blank\" data-element=\"shortcode-suno-banner\" title=\"Banner SUNO, clique e saiba mais\">\n\t\t\t<picture>\n\t\t\t\t<source media=\"(max-width: 500px)\" srcset=\"https:\/\/files.sunoresearch.com.br\/n\/uploads\/2023\/04\/400x300-Planilha-vida-financeira-true.png\">\n\t\t\t\t<img class=\"newsContent__article__imgCapa newsContent__article__imgCapa--banner\"\n\t\t\t\t\tsrc=\"https:\/\/files.sunoresearch.com.br\/n\/uploads\/2023\/04\/1420x240-Planilha-vida-financeira-true.png\"\n\t\t\t\t\tdata-promo-id=\"383123\"\t\t\t\t\t\t\t\t\t\twidth='1420' height='240'\t\t\t\t\talt=\"https:\/\/files.sunoresearch.com.br\/n\/uploads\/2023\/04\/1420x240-Planilha-vida-financeira-true.png\"\n\t\t\t\t>\n\t\t\t<\/picture>\n\t\t<\/a>\n\t<\/p>\n\n\n","protected":false},"excerpt":{"rendered":"<p>Em fato relevante divulgado nesta quinta-feira (14), a Cosan (CSAN3) anunciou a contrata\u00e7\u00e3o do BTG Pactual (BPAC11) para exercer a fun\u00e7\u00e3o de tomador de mercado de suas 1.176.012.836 a\u00e7\u00f5es ordin\u00e1rias em circula\u00e7\u00e3o no \u00e2mbito da B3 (B3SA3). Cosan (CSAN3). Foto: Divulga\u00e7\u00e3o Segundo a Cosan, o objetivo \u00e9 &#8220;fomentar a liquidez das a\u00e7\u00f5es de emiss\u00e3o da [&hellip;]<\/p>\n","protected":false},"author":313,"featured_media":328643,"comment_status":"closed","ping_status":"closed","sticky":false,"template":"","format":"standard","meta":[],"categories":[64],"tags":[399,433],"suno_strategy":[],"class_list":["post-500294","post","type-post","status-publish","format-standard","has-post-thumbnail","hentry","category-negocios","tag-btg-pactual-bpac11-bpac3-bpac5","tag-cosan-csan3"],"yoast_head":"<!-- This site is optimized with the Yoast SEO plugin v24.4 - https:\/\/yoast.com\/wordpress\/plugins\/seo\/ -->\n<title>Cosan (CSAN3) contrata BTG Pactual como formador de mercado<\/title>\n<meta name=\"description\" content=\"Segundo a Cosan, o objetivo \u00e9 &quot;fomentar a liquidez das a\u00e7\u00f5es de emiss\u00e3o da companhia, observando as melhores pr\u00e1ticas de negocia\u00e7\u00e3o&quot;.\" \/>\n<meta name=\"robots\" content=\"index, follow, max-snippet:-1, max-image-preview:large, max-video-preview:-1\" \/>\n<link rel=\"canonical\" href=\"https:\/\/www.suno.com.br\/noticias\/cosan-csan3-btg-pactual-bpac11-formador-de-mercado-gpj\/\" \/>\n<meta property=\"og:locale\" content=\"pt_BR\" \/>\n<meta property=\"og:type\" content=\"article\" \/>\n<meta property=\"og:title\" content=\"Cosan (CSAN3) contrata BTG Pactual como formador de mercado\" \/>\n<meta property=\"og:description\" content=\"Segundo a Cosan, o objetivo \u00e9 &quot;fomentar a liquidez das a\u00e7\u00f5es de emiss\u00e3o da companhia, observando as melhores pr\u00e1ticas de negocia\u00e7\u00e3o&quot;.\" \/>\n<meta property=\"og:url\" content=\"https:\/\/www.suno.com.br\/noticias\/cosan-csan3-btg-pactual-bpac11-formador-de-mercado-gpj\/\" \/>\n<meta property=\"og:site_name\" content=\"Suno Not\u00edcias\" \/>\n<meta property=\"article:publisher\" content=\"https:\/\/facebook.com\/sunoresearch\" \/>\n<meta property=\"og:image\" content=\"https:\/\/files.sunoresearch.com.br\/n\/uploads\/2022\/12\/cosan-csan3.jpg\" \/>\n\t<meta property=\"og:image:width\" content=\"1200\" \/>\n\t<meta property=\"og:image:height\" content=\"800\" \/>\n\t<meta property=\"og:image:type\" content=\"image\/jpeg\" \/>\n<meta name=\"author\" content=\"Giovanni Porf\u00edrio Jacomino\" \/>\n<meta name=\"twitter:card\" content=\"summary_large_image\" \/>\n<meta name=\"twitter:creator\" content=\"@sunoresearch\" \/>\n<meta name=\"twitter:site\" content=\"@sunoresearch\" \/>\n<meta name=\"twitter:label1\" content=\"Escrito por\" \/>\n\t<meta name=\"twitter:data1\" content=\"Giovanni Porf\u00edrio Jacomino\" \/>\n\t<meta name=\"twitter:label2\" content=\"Est. tempo de leitura\" \/>\n\t<meta name=\"twitter:data2\" content=\"3 minutos\" \/>\n<script type=\"application\/ld+json\" class=\"yoast-schema-graph\">{\"@context\":\"https:\/\/schema.org\",\"@graph\":[{\"@type\":\"NewsArticle\",\"@id\":\"https:\/\/www.suno.com.br\/noticias\/cosan-csan3-btg-pactual-bpac11-formador-de-mercado-gpj\/#article\",\"isPartOf\":{\"@id\":\"https:\/\/www.suno.com.br\/noticias\/cosan-csan3-btg-pactual-bpac11-formador-de-mercado-gpj\/\"},\"author\":{\"name\":\"Giovanni Porf\u00edrio Jacomino\",\"@id\":\"https:\/\/www.suno.com.br\/noticias\/#\/schema\/person\/d0f32748bbca4bee871fa191ee4e2d40\"},\"headline\":\"Cosan (CSAN3) contrata BTG Pactual (BPAC11) como formador de mercado; saiba mais\",\"datePublished\":\"2023-12-14T14:16:38+00:00\",\"dateModified\":\"2023-12-14T14:18:11+00:00\",\"mainEntityOfPage\":{\"@id\":\"https:\/\/www.suno.com.br\/noticias\/cosan-csan3-btg-pactual-bpac11-formador-de-mercado-gpj\/\"},\"wordCount\":561,\"publisher\":{\"@id\":\"https:\/\/www.suno.com.br\/noticias\/#organization\"},\"image\":{\"@id\":\"https:\/\/www.suno.com.br\/noticias\/cosan-csan3-btg-pactual-bpac11-formador-de-mercado-gpj\/#primaryimage\"},\"thumbnailUrl\":\"https:\/\/files.sunoresearch.com.br\/n\/uploads\/2022\/12\/cosan-csan3.jpg\",\"keywords\":[\"BTG Pactual (BPAC11\/BPAC3\/BPAC5)\",\"Cosan (CSAN3)\"],\"articleSection\":[\"Neg\u00f3cios\"],\"inLanguage\":\"pt-BR\"},{\"@type\":\"WebPage\",\"@id\":\"https:\/\/www.suno.com.br\/noticias\/cosan-csan3-btg-pactual-bpac11-formador-de-mercado-gpj\/\",\"url\":\"https:\/\/www.suno.com.br\/noticias\/cosan-csan3-btg-pactual-bpac11-formador-de-mercado-gpj\/\",\"name\":\"Cosan (CSAN3) contrata BTG Pactual como formador de mercado\",\"isPartOf\":{\"@id\":\"https:\/\/www.suno.com.br\/noticias\/#website\"},\"primaryImageOfPage\":{\"@id\":\"https:\/\/www.suno.com.br\/noticias\/cosan-csan3-btg-pactual-bpac11-formador-de-mercado-gpj\/#primaryimage\"},\"image\":{\"@id\":\"https:\/\/www.suno.com.br\/noticias\/cosan-csan3-btg-pactual-bpac11-formador-de-mercado-gpj\/#primaryimage\"},\"thumbnailUrl\":\"https:\/\/files.sunoresearch.com.br\/n\/uploads\/2022\/12\/cosan-csan3.jpg\",\"datePublished\":\"2023-12-14T14:16:38+00:00\",\"dateModified\":\"2023-12-14T14:18:11+00:00\",\"description\":\"Segundo a Cosan, o objetivo \u00e9 \\\"fomentar a liquidez das a\u00e7\u00f5es de emiss\u00e3o da companhia, observando as melhores pr\u00e1ticas de negocia\u00e7\u00e3o\\\".\",\"breadcrumb\":{\"@id\":\"https:\/\/www.suno.com.br\/noticias\/cosan-csan3-btg-pactual-bpac11-formador-de-mercado-gpj\/#breadcrumb\"},\"inLanguage\":\"pt-BR\",\"potentialAction\":[{\"@type\":\"ReadAction\",\"target\":[\"https:\/\/www.suno.com.br\/noticias\/cosan-csan3-btg-pactual-bpac11-formador-de-mercado-gpj\/\"]}]},{\"@type\":\"ImageObject\",\"inLanguage\":\"pt-BR\",\"@id\":\"https:\/\/www.suno.com.br\/noticias\/cosan-csan3-btg-pactual-bpac11-formador-de-mercado-gpj\/#primaryimage\",\"url\":\"https:\/\/files.sunoresearch.com.br\/n\/uploads\/2022\/12\/cosan-csan3.jpg\",\"contentUrl\":\"https:\/\/files.sunoresearch.com.br\/n\/uploads\/2022\/12\/cosan-csan3.jpg\",\"width\":1200,\"height\":800,\"caption\":\"Cosan (CSAN3). Foto: Divulga\u00e7\u00e3o\"},{\"@type\":\"BreadcrumbList\",\"@id\":\"https:\/\/www.suno.com.br\/noticias\/cosan-csan3-btg-pactual-bpac11-formador-de-mercado-gpj\/#breadcrumb\",\"itemListElement\":[{\"@type\":\"ListItem\",\"position\":1,\"name\":\"Not\u00edcias\",\"item\":\"https:\/\/www.suno.com.br\/noticias\/\"},{\"@type\":\"ListItem\",\"position\":2,\"name\":\"Neg\u00f3cios\",\"item\":\"https:\/\/www.suno.com.br\/noticias\/negocios\/\"},{\"@type\":\"ListItem\",\"position\":3,\"name\":\"Cosan (CSAN3) contrata BTG Pactual (BPAC11) como formador de mercado; saiba mais\"}]},{\"@type\":\"WebSite\",\"@id\":\"https:\/\/www.suno.com.br\/noticias\/#website\",\"url\":\"https:\/\/www.suno.com.br\/noticias\/\",\"name\":\"Suno Not\u00edcias\",\"description\":\"Seu portal de informa\u00e7\u00e3o sobre o mundo dos investimentos\",\"publisher\":{\"@id\":\"https:\/\/www.suno.com.br\/noticias\/#organization\"},\"potentialAction\":[{\"@type\":\"SearchAction\",\"target\":{\"@type\":\"EntryPoint\",\"urlTemplate\":\"https:\/\/www.suno.com.br\/noticias\/?s={search_term_string}\"},\"query-input\":{\"@type\":\"PropertyValueSpecification\",\"valueRequired\":true,\"valueName\":\"search_term_string\"}}],\"inLanguage\":\"pt-BR\"},{\"@type\":\"Organization\",\"@id\":\"https:\/\/www.suno.com.br\/noticias\/#organization\",\"name\":\"Suno Not\u00edcias\",\"url\":\"https:\/\/www.suno.com.br\/noticias\/\",\"logo\":{\"@type\":\"ImageObject\",\"inLanguage\":\"pt-BR\",\"@id\":\"https:\/\/www.suno.com.br\/noticias\/#\/schema\/logo\/image\/\",\"url\":\"https:\/\/files.sunoresearch.com.br\/n\/uploads\/2021\/09\/suno-logo.png\",\"contentUrl\":\"https:\/\/files.sunoresearch.com.br\/n\/uploads\/2021\/09\/suno-logo.png\",\"width\":180,\"height\":180,\"caption\":\"Suno Not\u00edcias\"},\"image\":{\"@id\":\"https:\/\/www.suno.com.br\/noticias\/#\/schema\/logo\/image\/\"},\"sameAs\":[\"https:\/\/facebook.com\/sunoresearch\",\"https:\/\/x.com\/sunoresearch\",\"https:\/\/www.instagram.com\/suno\",\"https:\/\/www.linkedin.com\/company\/suno-research\/\",\"https:\/\/www.youtube.com\/c\/sunoresearch\"]},{\"@type\":\"Person\",\"@id\":\"https:\/\/www.suno.com.br\/noticias\/#\/schema\/person\/d0f32748bbca4bee871fa191ee4e2d40\",\"name\":\"Giovanni Porf\u00edrio Jacomino\",\"image\":{\"@type\":\"ImageObject\",\"inLanguage\":\"pt-BR\",\"@id\":\"https:\/\/www.suno.com.br\/noticias\/#\/schema\/person\/image\/\",\"url\":\"https:\/\/secure.gravatar.com\/avatar\/efb32e19b730a121cb7a80f41ffec01a?s=96&r=g\",\"contentUrl\":\"https:\/\/secure.gravatar.com\/avatar\/efb32e19b730a121cb7a80f41ffec01a?s=96&r=g\",\"caption\":\"Giovanni Porf\u00edrio Jacomino\"},\"description\":\"Giovanni Porf\u00edrio Jacomino \u00e9 jornalista formado pela Universidade Estadual de Londrina (UEL) e p\u00f3s-graduado em Produ\u00e7\u00e3o e Pr\u00e1ticas Jornal\u00edsticas na Contemporaneidade na Faculdade C\u00e1sper L\u00edbero (FCL). Foi editor web no Startupi e no Finsiders, atuando ainda como editor no TC Mover, portal de not\u00edcias da TradersClub, fazendo a cobertura de assuntos relacionados ao mercado financeiro interno e externo. Atualmente, \u00e9 Rep\u00f3rter do Suno Not\u00edcias.\",\"url\":\"https:\/\/www.suno.com.br\/noticias\/author\/giovanni-porfiriosuno-com-br\/\"}]}<\/script>\n<!-- \/ Yoast SEO plugin. -->","yoast_head_json":{"title":"Cosan (CSAN3) contrata BTG Pactual como formador de mercado","description":"Segundo a Cosan, o objetivo \u00e9 \"fomentar a liquidez das a\u00e7\u00f5es de emiss\u00e3o da companhia, observando as melhores pr\u00e1ticas de negocia\u00e7\u00e3o\".","robots":{"index":"index","follow":"follow","max-snippet":"max-snippet:-1","max-image-preview":"max-image-preview:large","max-video-preview":"max-video-preview:-1"},"canonical":"https:\/\/www.suno.com.br\/noticias\/cosan-csan3-btg-pactual-bpac11-formador-de-mercado-gpj\/","og_locale":"pt_BR","og_type":"article","og_title":"Cosan (CSAN3) contrata BTG Pactual como formador de mercado","og_description":"Segundo a Cosan, o objetivo \u00e9 \"fomentar a liquidez das a\u00e7\u00f5es de emiss\u00e3o da companhia, observando as melhores pr\u00e1ticas de negocia\u00e7\u00e3o\".","og_url":"https:\/\/www.suno.com.br\/noticias\/cosan-csan3-btg-pactual-bpac11-formador-de-mercado-gpj\/","og_site_name":"Suno Not\u00edcias","article_publisher":"https:\/\/facebook.com\/sunoresearch","og_image":[{"width":1200,"height":800,"url":"https:\/\/files.sunoresearch.com.br\/n\/uploads\/2022\/12\/cosan-csan3.jpg","type":"image\/jpeg"}],"author":"Giovanni Porf\u00edrio Jacomino","twitter_card":"summary_large_image","twitter_creator":"@sunoresearch","twitter_site":"@sunoresearch","twitter_misc":{"Escrito por":"Giovanni Porf\u00edrio Jacomino","Est. tempo de leitura":"3 minutos"},"schema":{"@context":"https:\/\/schema.org","@graph":[{"@type":"NewsArticle","@id":"https:\/\/www.suno.com.br\/noticias\/cosan-csan3-btg-pactual-bpac11-formador-de-mercado-gpj\/#article","isPartOf":{"@id":"https:\/\/www.suno.com.br\/noticias\/cosan-csan3-btg-pactual-bpac11-formador-de-mercado-gpj\/"},"author":{"name":"Giovanni Porf\u00edrio Jacomino","@id":"https:\/\/www.suno.com.br\/noticias\/#\/schema\/person\/d0f32748bbca4bee871fa191ee4e2d40"},"headline":"Cosan (CSAN3) contrata BTG Pactual (BPAC11) como formador de mercado; saiba mais","datePublished":"2023-12-14T14:16:38+00:00","dateModified":"2023-12-14T14:18:11+00:00","mainEntityOfPage":{"@id":"https:\/\/www.suno.com.br\/noticias\/cosan-csan3-btg-pactual-bpac11-formador-de-mercado-gpj\/"},"wordCount":561,"publisher":{"@id":"https:\/\/www.suno.com.br\/noticias\/#organization"},"image":{"@id":"https:\/\/www.suno.com.br\/noticias\/cosan-csan3-btg-pactual-bpac11-formador-de-mercado-gpj\/#primaryimage"},"thumbnailUrl":"https:\/\/files.sunoresearch.com.br\/n\/uploads\/2022\/12\/cosan-csan3.jpg","keywords":["BTG Pactual (BPAC11\/BPAC3\/BPAC5)","Cosan (CSAN3)"],"articleSection":["Neg\u00f3cios"],"inLanguage":"pt-BR"},{"@type":"WebPage","@id":"https:\/\/www.suno.com.br\/noticias\/cosan-csan3-btg-pactual-bpac11-formador-de-mercado-gpj\/","url":"https:\/\/www.suno.com.br\/noticias\/cosan-csan3-btg-pactual-bpac11-formador-de-mercado-gpj\/","name":"Cosan (CSAN3) contrata BTG Pactual como formador de mercado","isPartOf":{"@id":"https:\/\/www.suno.com.br\/noticias\/#website"},"primaryImageOfPage":{"@id":"https:\/\/www.suno.com.br\/noticias\/cosan-csan3-btg-pactual-bpac11-formador-de-mercado-gpj\/#primaryimage"},"image":{"@id":"https:\/\/www.suno.com.br\/noticias\/cosan-csan3-btg-pactual-bpac11-formador-de-mercado-gpj\/#primaryimage"},"thumbnailUrl":"https:\/\/files.sunoresearch.com.br\/n\/uploads\/2022\/12\/cosan-csan3.jpg","datePublished":"2023-12-14T14:16:38+00:00","dateModified":"2023-12-14T14:18:11+00:00","description":"Segundo a Cosan, o objetivo \u00e9 \"fomentar a liquidez das a\u00e7\u00f5es de emiss\u00e3o da companhia, observando as melhores pr\u00e1ticas de negocia\u00e7\u00e3o\".","breadcrumb":{"@id":"https:\/\/www.suno.com.br\/noticias\/cosan-csan3-btg-pactual-bpac11-formador-de-mercado-gpj\/#breadcrumb"},"inLanguage":"pt-BR","potentialAction":[{"@type":"ReadAction","target":["https:\/\/www.suno.com.br\/noticias\/cosan-csan3-btg-pactual-bpac11-formador-de-mercado-gpj\/"]}]},{"@type":"ImageObject","inLanguage":"pt-BR","@id":"https:\/\/www.suno.com.br\/noticias\/cosan-csan3-btg-pactual-bpac11-formador-de-mercado-gpj\/#primaryimage","url":"https:\/\/files.sunoresearch.com.br\/n\/uploads\/2022\/12\/cosan-csan3.jpg","contentUrl":"https:\/\/files.sunoresearch.com.br\/n\/uploads\/2022\/12\/cosan-csan3.jpg","width":1200,"height":800,"caption":"Cosan (CSAN3). Foto: Divulga\u00e7\u00e3o"},{"@type":"BreadcrumbList","@id":"https:\/\/www.suno.com.br\/noticias\/cosan-csan3-btg-pactual-bpac11-formador-de-mercado-gpj\/#breadcrumb","itemListElement":[{"@type":"ListItem","position":1,"name":"Not\u00edcias","item":"https:\/\/www.suno.com.br\/noticias\/"},{"@type":"ListItem","position":2,"name":"Neg\u00f3cios","item":"https:\/\/www.suno.com.br\/noticias\/negocios\/"},{"@type":"ListItem","position":3,"name":"Cosan (CSAN3) contrata BTG Pactual (BPAC11) como formador de mercado; saiba mais"}]},{"@type":"WebSite","@id":"https:\/\/www.suno.com.br\/noticias\/#website","url":"https:\/\/www.suno.com.br\/noticias\/","name":"Suno Not\u00edcias","description":"Seu portal de informa\u00e7\u00e3o sobre o mundo dos investimentos","publisher":{"@id":"https:\/\/www.suno.com.br\/noticias\/#organization"},"potentialAction":[{"@type":"SearchAction","target":{"@type":"EntryPoint","urlTemplate":"https:\/\/www.suno.com.br\/noticias\/?s={search_term_string}"},"query-input":{"@type":"PropertyValueSpecification","valueRequired":true,"valueName":"search_term_string"}}],"inLanguage":"pt-BR"},{"@type":"Organization","@id":"https:\/\/www.suno.com.br\/noticias\/#organization","name":"Suno Not\u00edcias","url":"https:\/\/www.suno.com.br\/noticias\/","logo":{"@type":"ImageObject","inLanguage":"pt-BR","@id":"https:\/\/www.suno.com.br\/noticias\/#\/schema\/logo\/image\/","url":"https:\/\/files.sunoresearch.com.br\/n\/uploads\/2021\/09\/suno-logo.png","contentUrl":"https:\/\/files.sunoresearch.com.br\/n\/uploads\/2021\/09\/suno-logo.png","width":180,"height":180,"caption":"Suno Not\u00edcias"},"image":{"@id":"https:\/\/www.suno.com.br\/noticias\/#\/schema\/logo\/image\/"},"sameAs":["https:\/\/facebook.com\/sunoresearch","https:\/\/x.com\/sunoresearch","https:\/\/www.instagram.com\/suno","https:\/\/www.linkedin.com\/company\/suno-research\/","https:\/\/www.youtube.com\/c\/sunoresearch"]},{"@type":"Person","@id":"https:\/\/www.suno.com.br\/noticias\/#\/schema\/person\/d0f32748bbca4bee871fa191ee4e2d40","name":"Giovanni Porf\u00edrio Jacomino","image":{"@type":"ImageObject","inLanguage":"pt-BR","@id":"https:\/\/www.suno.com.br\/noticias\/#\/schema\/person\/image\/","url":"https:\/\/secure.gravatar.com\/avatar\/efb32e19b730a121cb7a80f41ffec01a?s=96&r=g","contentUrl":"https:\/\/secure.gravatar.com\/avatar\/efb32e19b730a121cb7a80f41ffec01a?s=96&r=g","caption":"Giovanni Porf\u00edrio Jacomino"},"description":"Giovanni Porf\u00edrio Jacomino \u00e9 jornalista formado pela Universidade Estadual de Londrina (UEL) e p\u00f3s-graduado em Produ\u00e7\u00e3o e Pr\u00e1ticas Jornal\u00edsticas na Contemporaneidade na Faculdade C\u00e1sper L\u00edbero (FCL). Foi editor web no Startupi e no Finsiders, atuando ainda como editor no TC Mover, portal de not\u00edcias da TradersClub, fazendo a cobertura de assuntos relacionados ao mercado financeiro interno e externo. Atualmente, \u00e9 Rep\u00f3rter do Suno Not\u00edcias.","url":"https:\/\/www.suno.com.br\/noticias\/author\/giovanni-porfiriosuno-com-br\/"}]}},"default_loop_html":"<div class=\"cardsPage__listCard__boxs\"><div class=\"cardsPage__listCard__boxs__img\"><a href=\"https:\/\/www.suno.com.br\/noticias\/cosan-csan3-btg-pactual-bpac11-formador-de-mercado-gpj\/\"><img class=\"mask\" src=\"https:\/\/www.suno.com.br\/noticias\/wp-content\/themes\/suno\/resources\/images\/spotlight\/spotlight1img\/bg-mask.png\" alt=\"Image Mask\"\/><img src=\"https:\/\/files.sunoresearch.com.br\/n\/uploads\/2022\/12\/cosan-csan3-400x200.jpg\" alt=\"Cosan (CSAN3) contrata BTG Pactual (BPAC11) como formador de mercado; saiba mais\"\/><\/a><span class=\"spotlightCategory\"><a href=\"https:\/\/www.suno.com.br\/noticias\/negocios\/\">Neg\u00f3cios<\/a><\/span><\/div><div class=\"cardsPage__listCard__boxs__content\"><a href=\"https:\/\/www.suno.com.br\/noticias\/cosan-csan3-btg-pactual-bpac11-formador-de-mercado-gpj\/\"><h2 class=\"content__title\">Cosan (CSAN3) contrata BTG Pactual (BPAC11) como formador de mercado; saiba mais<\/h2><\/a><div class=\"newsContent__article__meta\"><div class=\"newsContent__article__meta__authorBox\"><a href=\"https:\/\/www.suno.com.br\/noticias\/author\/giovanni-porfiriosuno-com-br\/\" class=\"authorBox__avatar noMobi\"><img src=\"https:\/\/files.sunoresearch.com.br\/n\/uploads\/2024\/05\/DSCF4115-1-1-150x150.webp\" alt=\"Giovanni Porf\u00edrio Jacomino\"><\/a><div class=\"authorBox__name\"><span>por\n\t\t\t<a href=\"https:\/\/www.suno.com.br\/noticias\/author\/giovanni-porfiriosuno-com-br\/\"><span itemprop=\"author\">Giovanni Porf\u00edrio Jacomino<\/span><\/a><\/span><time datetime=\"2023-12-14T11:16:38-03:00\" itemprop=\"datePublished\">14\/12\/2023 11:16<\/time><\/div><\/div><\/div><\/div><\/div>","single_layout":"posts","amp_enabled":true,"_links":{"self":[{"href":"https:\/\/www.suno.com.br\/noticias\/wp-json\/wp\/v2\/posts\/500294"}],"collection":[{"href":"https:\/\/www.suno.com.br\/noticias\/wp-json\/wp\/v2\/posts"}],"about":[{"href":"https:\/\/www.suno.com.br\/noticias\/wp-json\/wp\/v2\/types\/post"}],"author":[{"embeddable":true,"href":"https:\/\/www.suno.com.br\/noticias\/wp-json\/wp\/v2\/users\/313"}],"replies":[{"embeddable":true,"href":"https:\/\/www.suno.com.br\/noticias\/wp-json\/wp\/v2\/comments?post=500294"}],"version-history":[{"count":3,"href":"https:\/\/www.suno.com.br\/noticias\/wp-json\/wp\/v2\/posts\/500294\/revisions"}],"predecessor-version":[{"id":500324,"href":"https:\/\/www.suno.com.br\/noticias\/wp-json\/wp\/v2\/posts\/500294\/revisions\/500324"}],"wp:featuredmedia":[{"embeddable":true,"href":"https:\/\/www.suno.com.br\/noticias\/wp-json\/wp\/v2\/media\/328643"}],"wp:attachment":[{"href":"https:\/\/www.suno.com.br\/noticias\/wp-json\/wp\/v2\/media?parent=500294"}],"wp:term":[{"taxonomy":"category","embeddable":true,"href":"https:\/\/www.suno.com.br\/noticias\/wp-json\/wp\/v2\/categories?post=500294"},{"taxonomy":"post_tag","embeddable":true,"href":"https:\/\/www.suno.com.br\/noticias\/wp-json\/wp\/v2\/tags?post=500294"},{"taxonomy":"suno_strategy","embeddable":true,"href":"https:\/\/www.suno.com.br\/noticias\/wp-json\/wp\/v2\/suno_strategy?post=500294"}],"curies":[{"name":"wp","href":"https:\/\/api.w.org\/{rel}","templated":true}]}}