{"id":500282,"date":"2023-12-14T11:01:08","date_gmt":"2023-12-14T14:01:08","guid":{"rendered":"https:\/\/www.suno.com.br\/noticias\/?p=500282"},"modified":"2023-12-14T11:39:02","modified_gmt":"2023-12-14T14:39:02","slug":"destaques-itausa-itsa4-gol-vivara-e-mais-va","status":"publish","type":"post","link":"https:\/\/www.suno.com.br\/noticias\/destaques-itausa-itsa4-gol-vivara-e-mais-va\/","title":{"rendered":"Ita\u00fasa (ITSA4), Gol (GOLL4) e Vivara (VIVA3) aquecem mercado nesta quarta-feira (14); veja mais destaques"},"content":{"rendered":"<p>A conclus\u00e3o da venda de participa\u00e7\u00e3o da <strong>Ita\u00fasa <\/strong>(ITSA4) na XP por R$ 1,7 bilh\u00e3o \u00e9 um dos destaques desta quinta-feira (14).&nbsp;<\/p>\t<div class=\"wrapper-featured-image\">\n\t\t<figure class=\"spotlightImg\">\n\n\t\t\t<picture>\n\t\t\t\t<source media=\"(max-width: 768px)\" srcset=\"https:\/\/files.sunoresearch.com.br\/n\/uploads\/2023\/11\/Ibovespa-mercado-1-400x200.jpg\">\n\t\t\t\t<img loading=\"lazy\" decoding=\"async\" class=\"newsContent__article__imgCapa lazyloadDisabled \" src=\"https:\/\/files.sunoresearch.com.br\/n\/uploads\/2023\/11\/Ibovespa-mercado-1-800x450.jpg\" width=\"800\" height=\"450\" alt=\"Ita\u00fasa (ITSA4), Gol (GOLL4) e Vivara (VIVA3) aquecem mercado nesta quarta-feira (14); veja mais destaques\" fetchpriority=high \/>\n\t\t\t<\/picture>\n\n\t\t\t<figcaption class=\"wp-caption-text wp-caption-text--show\">Mercado. Foto: iStock<\/figcaption>\n\t\t<\/figure>\n\t<\/div>\n\n\n\n\n\n\t<p>\n\t\t<a href=\"https:\/\/lp.suno.com.br\/planilha-da-vida-financeira\/\" target=\"_blank\" data-element=\"shortcode-suno-banner\" title=\"Banner SUNO, clique e saiba mais\">\n\t\t\t<picture>\n\t\t\t\t<source media=\"(max-width: 500px)\" srcset=\"https:\/\/files.sunoresearch.com.br\/n\/uploads\/2023\/04\/400x300-Planilha-vida-financeira-true.png\">\n\t\t\t\t<img class=\"newsContent__article__imgCapa newsContent__article__imgCapa--banner\"\n\t\t\t\t\tsrc=\"https:\/\/files.sunoresearch.com.br\/n\/uploads\/2023\/04\/1420x240-Planilha-vida-financeira-true.png\"\n\t\t\t\t\tdata-promo-id=\"106682\"\t\t\t\t\t\t\t\t\t\twidth='1420' height='240'\t\t\t\t\talt=\"https:\/\/files.sunoresearch.com.br\/n\/uploads\/2023\/04\/1420x240-Planilha-vida-financeira-true.png\"\n\t\t\t\t>\n\t\t\t<\/picture>\n\t\t<\/a>\n\t<\/p>\n\n\n\n\n\n<p>Tamb\u00e9m est\u00e1 entre os<strong> destaques do mercado financeiro<\/strong> a <a class=\"suno-keyword\" target=\"_blank\" data-force=\"yes\" data-priority=\"2\" href=\"https:\/\/www.suno.com.br\/acoes\/GOLL4\/\" rel=\"noopener\">Gol (GOLL4)<\/a>, ap\u00f3s a companhia come\u00e7ar reestrutura\u00e7\u00e3o por negocia\u00e7\u00f5es de leasing de aeronaves.<\/p>\n\n\n\n<p>A <a class=\"suno-keyword\" target=\"_blank\" data-force=\"yes\" data-priority=\"2\" href=\"https:\/\/www.suno.com.br\/acoes\/VIVA3\/\" rel=\"noopener\">Vivara (VIVA3)<\/a> tamb\u00e9m \u00e9 destaque hoje, depois de anunciar projetar abertura de novas lojas.<\/p>\n\n\n\n<p>Veja os <strong>destaques do mercado financeiro<\/strong> hoje:<\/p>\n\n\n\n<h2 class=\"wp-block-heading\">Ita\u00fasa&nbsp;<\/h2>\n\n\n\n<p>A <a class=\"suno-keyword\" target=\"_blank\" data-force=\"yes\" data-priority=\"2\" href=\"https:\/\/www.suno.com.br\/acoes\/ITSA4\/\" rel=\"noopener\">Ita\u00fasa (ITSA4)<\/a> informou que concluiu a aliena\u00e7\u00e3o total das a\u00e7\u00f5es classe A de emiss\u00e3o da XP (<a class=\"suno-keyword\" target=\"_blank\" data-force=\"yes\" data-priority=\"2\" href=\"https:\/\/www.suno.com.br\/bdrs\/xpbr31\/\" rel=\"noopener\">XPBR31<\/a>), por meio das vendas realizadas nos meses de novembro e dezembro, correspondente a 14.770.985 a\u00e7\u00f5es, pelo montante l\u00edquido aproximado de R$ 1,7 bilh\u00e3o.<\/p>\n\n\n\n<p>Com a opera\u00e7\u00e3o, a participa\u00e7\u00e3o da Ita\u00fasa na XP foi encerrada. \u201cA aliena\u00e7\u00e3o faz parte da decis\u00e3o da companhia de desinvestir da XP, conforme divulgado anteriormente, por n\u00e3o se tratar de um ativo estrat\u00e9gico para a Ita\u00fasa\u201d, disse a ITSA4.<\/p>\n\n\n\n<p>Al\u00e9m disso, o <a class=\"suno-keyword\" target=\"_blank\" data-force=\"no\" data-priority=\"1\" href=\"https:\/\/www.suno.com.br\/artigos\/conselho-administracao\/\" rel=\"noopener\">conselho de administra\u00e7\u00e3o<\/a> da Ita\u00fasa aprovou um novo pagamento de <a class=\"suno-keyword\" target=\"_blank\" data-force=\"no\" data-priority=\"1\" href=\"https:\/\/www.suno.com.br\/artigos\/entenda-o-jcp\/\" rel=\"noopener\">juros sobre capital pr\u00f3prio<\/a> (JCP) aos seus investidores, no valor total bruto de R$ 820 milh\u00f5es. Os juros sobre <a class=\"suno-keyword\" target=\"_blank\" data-force=\"no\" data-priority=\"1\" href=\"https:\/\/www.suno.com.br\/artigos\/capital-proprio\/\" rel=\"noopener\">capital pr\u00f3prio<\/a> ter\u00e3o o valor de R$ 0,0794 por a\u00e7\u00e3o.&nbsp;<\/p>\n\n\n\t<div data-element=\"shortcode-read-more\" class=\"knowMore\">\n\t\t\t\t<span class=\"knowMore__title\">Leia mais<\/span>\n\t\t\t\t<a class=\"knowMore__link\" href=\"https:\/\/www.suno.com.br\/noticias\/itausa-itsa4-xp-gpj\/\">\n\t\t\tIta\u00fasa (ITSA4) conclui venda de participa\u00e7\u00e3o na XP por R$ 1,7 bilh\u00e3o\t\t<\/a>\n\t<\/div>\n\n\n\n\n<h2 class=\"wp-block-heading\">Gol<\/h2>\n\n\n\n<p>A <strong>Gol (GOLL4)<\/strong> come\u00e7ou a renegociar seus contratos de leasing, apurou o Broadcast, servi\u00e7o de tempo real da Ag\u00eancia Estado, As conversas com os credores devem se intensificar a partir de janeiro.<\/p>\n\n\n\n<p>\u201cA Gol j\u00e1 est\u00e1 negociando individualmente com os arrendadores uma reestrutura\u00e7\u00e3o, mas ainda est\u00e1 caso a caso\u201d, afirmou uma fonte pr\u00f3xima a credores da Gol e que participou da reestrutura\u00e7\u00e3o da Latam.<\/p>\n\n\n\n<h2 class=\"wp-block-heading\">Vivara<\/h2>\n\n\n\n<p>A <strong>Vivara (VIVA3)<\/strong> anunciou que projeta a de 70 a 80 lojas das marcas Vivara e Life no ano de 2024. Segundo a empresa, a proje\u00e7\u00e3o se ancora na consist\u00eancia dos retornos obtidos pelas lojas inauguradas nos \u00faltimos anos e pelo potencial das marcas de seguirem se consolidando na posi\u00e7\u00e3o de lideran\u00e7a do mercado de joias do Brasil.<\/p>\n\n\n\n<h2 class=\"wp-block-heading\">Americanas<\/h2>\n\n\n\n<p>O trio de acionistas de refer\u00eancia da <strong>Americanas (AMER3)<\/strong>, formado por <a class=\"suno-keyword\" target=\"_blank\" data-force=\"no\" data-priority=\"2\" href=\"https:\/\/www.suno.com.br\/tudo-sobre\/jorge-paulo-lemann\/\" rel=\"noopener\">Jorge Paulo Lemann<\/a>, Marcel Telles e Carlos Alberto Sicupira, vai adiantar R$ 3,5 bilh\u00f5es \u00e0 companhia at\u00e9 15 dias ap\u00f3s a homologa\u00e7\u00e3o do <a class=\"suno-keyword\" target=\"_blank\" data-force=\"no\" data-priority=\"1\" href=\"https:\/\/www.suno.com.br\/artigos\/plano-de-recuperacao\/\" rel=\"noopener\">plano de recupera\u00e7\u00e3o judicial<\/a>.&nbsp;<\/p>\n\n\n\n<p>O valor \u00e9 parte do aporte total de R$ 12 bilh\u00f5es que os tr\u00eas s\u00f3cios da Americanas far\u00e3o na companhia com a aprova\u00e7\u00e3o do <a class=\"suno-keyword\" target=\"_blank\" data-force=\"no\" data-priority=\"1\" href=\"https:\/\/www.suno.com.br\/artigos\/plano-de-recuperacao\/\" rel=\"noopener\">plano de recupera\u00e7\u00e3o judicial<\/a>.<\/p>\n\n\n\n<h2 class=\"wp-block-heading\">PetroRec\u00f4ncavo&nbsp;<\/h2>\n\n\n\n<p>A <strong>PetroRec\u00f4ncavo (RECV3)<\/strong> registrou produ\u00e7\u00e3o m\u00e9dia de 25,9 mil barris de \u00f3leo equivalente por dia (boed) em novembro, queda de 5,2% em rela\u00e7\u00e3o a outubro e de 7,4% sobre a m\u00e9dia do terceiro trimestre.<\/p>\n\n\n\n<h2 class=\"wp-block-heading\">Eneva&nbsp;<\/h2>\n\n\n\n<p>Em leil\u00e3o realizado pela Ag\u00eancia Nacional de Petr\u00f3leo, G\u00e1s Natural e Biocombust\u00edveis (ANP) na quarta (13), o cons\u00f3rcio formado por <a class=\"suno-keyword\" data-force=\"yes\" data-priority=\"2\" href=\"https:\/\/www.suno.com.br\/acoes\/ENEV3\/\" target=\"_blank\" rel=\"noopener\"><strong>Eneva (ENEV3)<\/strong><\/a> e Atem \u2013 com 80% e 20%, respectivamente \u2013 arrematou a \u00e1rea de acumula\u00e7\u00e3o marginal de Japiim, na Bacia do Amazonas, durante o 4\u00ba Ciclo da Oferta Permanente pelo regime de concess\u00e3o.<\/p>\n\n\n\n<p>O cons\u00f3rcio entre Eneva e Atem pagou um b\u00f4nus de assinatura de R$ 165 mil (o m\u00ednimo era de R$ 160 mil) e n\u00e3o teve concorr\u00eancia. O investimento previsto na \u00e1rea \u00e9 de R$ 1,2 milh\u00e3o.<\/p>\n\n\n\n<h2 class=\"wp-block-heading\">Dexco&nbsp;<\/h2>\n\n\n\n<p>A <strong>Dexco (DXCO3)<\/strong>, subsidi\u00e1ria da Ita\u00fasa (ITSA4), pagar\u00e1 uma cifra de R$ 174 milh\u00f5es em Juros Sobre Capital Pr\u00f3prio (JCP) aos seus acionistas.<\/p>\n\n\n\n<p>O valor dos proventos por a\u00e7\u00e3o da Dexco ser\u00e1 de R$ 0,21, que ser\u00e3o pagos at\u00e9 o dia 31 de dezembro deste ano.Apenas os investidores com a\u00e7\u00f5es da Dexco no dia 19 de dezembro ter\u00e3o direito de receber os rendimentos.<\/p>\n\n\n\t<p>\n\t\t<a href=\"https:\/\/lp.suno.com.br\/ebook-como-analisar-uma-acao\/\" target=\"_blank\" data-element=\"shortcode-suno-banner\" title=\"Banner SUNO, clique e saiba mais\">\n\t\t\t<picture>\n\t\t\t\t<source media=\"(max-width: 500px)\" srcset=\"https:\/\/files.sunoresearch.com.br\/n\/uploads\/2023\/03\/Ebook-Acoes-Mobile.jpg\">\n\t\t\t\t<img class=\"newsContent__article__imgCapa newsContent__article__imgCapa--banner\"\n\t\t\t\t\tsrc=\"https:\/\/files.sunoresearch.com.br\/n\/uploads\/2023\/03\/Ebook-Acoes-Desktop.jpg\"\n\t\t\t\t\tdata-promo-id=\"378302\"\t\t\t\t\t\t\t\t\t\twidth='1420' height='286'\t\t\t\t\talt=\"https:\/\/files.sunoresearch.com.br\/n\/uploads\/2023\/03\/Ebook-Acoes-Desktop.jpg\"\n\t\t\t\t>\n\t\t\t<\/picture>\n\t\t<\/a>\n\t<\/p>\n\n\n\n\n\n<h2 class=\"wp-block-heading\">Unipar&nbsp;<\/h2>\n\n\n\n<p>O <a class=\"suno-keyword\" target=\"_blank\" data-force=\"no\" data-priority=\"1\" href=\"https:\/\/www.suno.com.br\/artigos\/conselho-administracao\/\" rel=\"noopener\">conselho de administra\u00e7\u00e3o<\/a> da <strong>Unipar (UNIP6)<\/strong> aprovou o pagamento de R$ 156,7 milh\u00f5es em <a class=\"suno-keyword\" target=\"_blank\" data-force=\"no\" data-priority=\"1\" href=\"https:\/\/www.suno.com.br\/guias\/dividendos\/\" rel=\"noopener\">dividendos<\/a>, segundo comunicado anexado \u00e0 Comiss\u00e3o de Valores Mobili\u00e1rios (CVM).O pagamento dos dividendos da Unipar ser\u00e1 realizado a partir do dia 28 de dezembro de 2023.<\/p>\n\n\n\n<h2 class=\"wp-block-heading\">Rede D\u2019or&nbsp;<\/h2>\n\n\n\n<p>A&nbsp;<strong>Rede D\u2019or (RDOR3)<\/strong>&nbsp;aprovou a distribui\u00e7\u00e3o de JCP no montante bruto total de R$ 416,3 milh\u00f5es, equivalente a R$ 0,18463906450 por a\u00e7\u00e3o ordin\u00e1ria da companhia. O pagamento dos proventos ser\u00e1 efetuado em 28 de dezembro de 2023.&nbsp;<\/p>\n\n\n\n<h2 class=\"wp-block-heading\">Copasa<\/h2>\n\n\n\n<p>A <strong>Copasa (CSMG3)<\/strong> aprovou a distribui\u00e7\u00e3o de dividendos extraordin\u00e1rios no montante de R$ 372,5 milh\u00f5es, equivalente a&nbsp; R$ 0,9823049990 por a\u00e7\u00e3o ordin\u00e1ria. O pagamento dever\u00e1 ocorrer no dia 28 de dezembro de 2023.<\/p>\n\n\n\n<h2 class=\"wp-block-heading\">SLC&nbsp;<\/h2>\n\n\n\n<p>O conselho da<strong> SLC (SLCE3)<\/strong> aprovou o <a class=\"suno-keyword\" target=\"_blank\" data-force=\"no\" data-priority=\"1\" href=\"https:\/\/www.suno.com.br\/artigos\/desdobramento-de-acoes\/\" rel=\"noopener\">desdobramento de a\u00e7\u00f5es<\/a> da totalidade das <a class=\"suno-keyword\" target=\"_blank\" data-force=\"no\" data-priority=\"1\" href=\"https:\/\/www.suno.com.br\/artigos\/o-que-sao-acoes-ordinarias-preferenciais-e-units\/\" rel=\"noopener\">a\u00e7\u00f5es ordin\u00e1rias<\/a> de emiss\u00e3o da companhia existentes, passando cada uma a\u00e7\u00e3o ordin\u00e1ria existente corresponder a duas a\u00e7\u00f5es ordin\u00e1rias.&nbsp;<\/p>\n\n\n\n<p>Desta forma, o capital social da companhia passa a ser representado por 443.329.716 a\u00e7\u00f5es ordin\u00e1rias, nominativas, escriturais e sem <a class=\"suno-keyword\" data-force=\"no\" data-priority=\"1\" href=\"https:\/\/www.suno.com.br\/artigos\/valor-nominal\/\" target=\"_blank\" rel=\"noopener\">valor nominal<\/a>.<\/p>\n\n\n\n<h2 class=\"wp-block-heading\">3R Petroleum<\/h2>\n\n\n\n<p>A <strong>3R Petroleum<\/strong> (RRRP3) informou que a retomada das atividades operacionais da Refinaria Clara Camar\u00e3o est\u00e1 em curso, ap\u00f3s a parada para manuten\u00e7\u00e3o programada, com retorno completo previsto para o m\u00eas de dezembro de 2023.<\/p>\n\n\n\n<p>Os destaques do mercado financeiro do Suno Not\u00edcias mostram os principais acontecimentos que prometem movimentar o mercado durante o dia, como a <strong>Ita\u00fasa<\/strong> (ITSA4), que deve estar no foco dos investidores ao longo do dia.<\/p>\n\n\n\n\n\t<p>\n\t\t<a href=\"https:\/\/lp.suno.com.br\/planilha-da-vida-financeira\/\" target=\"_blank\" data-element=\"shortcode-suno-banner\" title=\"Banner SUNO, clique e saiba mais\">\n\t\t\t<picture>\n\t\t\t\t<source media=\"(max-width: 500px)\" srcset=\"https:\/\/files.sunoresearch.com.br\/n\/uploads\/2023\/04\/400x300-Planilha-vida-financeira-true.png\">\n\t\t\t\t<img class=\"newsContent__article__imgCapa newsContent__article__imgCapa--banner\"\n\t\t\t\t\tsrc=\"https:\/\/files.sunoresearch.com.br\/n\/uploads\/2023\/04\/1420x240-Planilha-vida-financeira-true.png\"\n\t\t\t\t\tdata-promo-id=\"383123\"\t\t\t\t\t\t\t\t\t\twidth='1420' height='240'\t\t\t\t\talt=\"https:\/\/files.sunoresearch.com.br\/n\/uploads\/2023\/04\/1420x240-Planilha-vida-financeira-true.png\"\n\t\t\t\t>\n\t\t\t<\/picture>\n\t\t<\/a>\n\t<\/p>\n\n\n","protected":false},"excerpt":{"rendered":"<p>A conclus\u00e3o da venda de participa\u00e7\u00e3o da Ita\u00fasa (ITSA4) na XP por R$ 1,7 bilh\u00e3o \u00e9 um dos destaques desta quinta-feira (14).&nbsp; Mercado. Foto: iStock Tamb\u00e9m est\u00e1 entre os destaques do mercado financeiro a Gol (GOLL4), ap\u00f3s a companhia come\u00e7ar reestrutura\u00e7\u00e3o por negocia\u00e7\u00f5es de leasing de aeronaves. A Vivara (VIVA3) tamb\u00e9m \u00e9 destaque hoje, depois [&hellip;]<\/p>\n","protected":false},"author":301,"featured_media":488013,"comment_status":"closed","ping_status":"closed","sticky":false,"template":"","format":"standard","meta":[],"categories":[60],"tags":[105065,286,106605,430,106758,464,489,517,106252,2312,635,673,1431],"suno_strategy":[],"class_list":["post-500282","post","type-post","status-publish","format-standard","has-post-thumbnail","hentry","category-mercado","tag-3r-petroleum-rrrp3","tag-acoes","tag-americanas-s-a-amer3","tag-copasa-csmg3","tag-dexco-dxco3","tag-eneva-enev3","tag-gol-linhas-aereas-goll11-goll4","tag-itausa-itsa3-itsa4","tag-petroreconcavo-recv3","tag-rede-dor-rdor3","tag-slc-agricola-slce3","tag-unipar-unip3-unip5-unip6","tag-vivara-viva3"],"yoast_head":"<!-- This site is optimized with the Yoast SEO plugin v24.4 - https:\/\/yoast.com\/wordpress\/plugins\/seo\/ -->\n<title>Ita\u00fasa (ITSA4), Gol (GOLL4) e Vivara (VIVA3) aquecem mercado<\/title>\n<meta name=\"description\" content=\"A conclus\u00e3o da venda de participa\u00e7\u00e3o da Ita\u00fasa (ITSA4) na XP por R$ 1,7 bilh\u00e3o \u00e9 um dos destaques desta quinta-feira (14).\u00a0\" \/>\n<meta name=\"robots\" content=\"index, follow, max-snippet:-1, max-image-preview:large, max-video-preview:-1\" \/>\n<link rel=\"canonical\" href=\"https:\/\/www.suno.com.br\/noticias\/destaques-itausa-itsa4-gol-vivara-e-mais-va\/\" \/>\n<meta property=\"og:locale\" content=\"pt_BR\" \/>\n<meta property=\"og:type\" content=\"article\" \/>\n<meta property=\"og:title\" content=\"Ita\u00fasa (ITSA4), Gol (GOLL4) e Vivara (VIVA3) aquecem mercado\" \/>\n<meta property=\"og:description\" content=\"A conclus\u00e3o da venda de participa\u00e7\u00e3o da Ita\u00fasa (ITSA4) na XP por R$ 1,7 bilh\u00e3o \u00e9 um dos destaques desta quinta-feira (14).\u00a0\" \/>\n<meta property=\"og:url\" content=\"https:\/\/www.suno.com.br\/noticias\/destaques-itausa-itsa4-gol-vivara-e-mais-va\/\" \/>\n<meta property=\"og:site_name\" content=\"Suno Not\u00edcias\" \/>\n<meta property=\"article:publisher\" content=\"https:\/\/facebook.com\/sunoresearch\" \/>\n<meta property=\"og:image\" content=\"https:\/\/files.sunoresearch.com.br\/n\/uploads\/2023\/11\/Ibovespa-mercado-1.jpg\" \/>\n\t<meta property=\"og:image:width\" content=\"2121\" \/>\n\t<meta property=\"og:image:height\" content=\"1414\" \/>\n\t<meta property=\"og:image:type\" content=\"image\/jpeg\" \/>\n<meta name=\"author\" content=\"Vin\u00edcius Alves\" \/>\n<meta name=\"twitter:card\" content=\"summary_large_image\" \/>\n<meta name=\"twitter:creator\" content=\"@sunoresearch\" \/>\n<meta name=\"twitter:site\" content=\"@sunoresearch\" \/>\n<meta name=\"twitter:label1\" content=\"Escrito por\" \/>\n\t<meta name=\"twitter:data1\" content=\"Vin\u00edcius Alves\" \/>\n\t<meta name=\"twitter:label2\" content=\"Est. tempo de leitura\" \/>\n\t<meta name=\"twitter:data2\" content=\"5 minutos\" \/>\n<script type=\"application\/ld+json\" class=\"yoast-schema-graph\">{\"@context\":\"https:\/\/schema.org\",\"@graph\":[{\"@type\":\"NewsArticle\",\"@id\":\"https:\/\/www.suno.com.br\/noticias\/destaques-itausa-itsa4-gol-vivara-e-mais-va\/#article\",\"isPartOf\":{\"@id\":\"https:\/\/www.suno.com.br\/noticias\/destaques-itausa-itsa4-gol-vivara-e-mais-va\/\"},\"author\":{\"name\":\"Vin\u00edcius Alves\",\"@id\":\"https:\/\/www.suno.com.br\/noticias\/#\/schema\/person\/4a180549702d0e236b3e420862bcded3\"},\"headline\":\"Ita\u00fasa (ITSA4), Gol (GOLL4) e Vivara (VIVA3) aquecem mercado nesta quarta-feira (14); veja mais destaques\",\"datePublished\":\"2023-12-14T14:01:08+00:00\",\"dateModified\":\"2023-12-14T14:39:02+00:00\",\"mainEntityOfPage\":{\"@id\":\"https:\/\/www.suno.com.br\/noticias\/destaques-itausa-itsa4-gol-vivara-e-mais-va\/\"},\"wordCount\":920,\"publisher\":{\"@id\":\"https:\/\/www.suno.com.br\/noticias\/#organization\"},\"image\":{\"@id\":\"https:\/\/www.suno.com.br\/noticias\/destaques-itausa-itsa4-gol-vivara-e-mais-va\/#primaryimage\"},\"thumbnailUrl\":\"https:\/\/files.sunoresearch.com.br\/n\/uploads\/2023\/11\/Ibovespa-mercado-1.jpg\",\"keywords\":[\"3R Petroleum (RRRP3)\",\"A\u00e7\u00f5es\",\"Americanas (AMER3)\",\"Copasa (CSMG3)\",\"Dexco (DXCO3)\",\"Eneva (ENEV3)\",\"Gol Linhas A\u00e9reas (GOLL11\/GOLL4)\",\"Ita\u00fasa (ITSA3\/ITSA4)\",\"PetroRec\u00f4ncavo (RECV3)\",\"Rede D'or (RDOR3)\",\"SLC Agr\u00edcola (SLCE3)\",\"Unipar (UNIP3\/UNIP5\/UNIP6)\",\"Vivara (VIVA3)\"],\"articleSection\":[\"Mercado\"],\"inLanguage\":\"pt-BR\"},{\"@type\":\"WebPage\",\"@id\":\"https:\/\/www.suno.com.br\/noticias\/destaques-itausa-itsa4-gol-vivara-e-mais-va\/\",\"url\":\"https:\/\/www.suno.com.br\/noticias\/destaques-itausa-itsa4-gol-vivara-e-mais-va\/\",\"name\":\"Ita\u00fasa (ITSA4), Gol (GOLL4) e Vivara (VIVA3) aquecem mercado\",\"isPartOf\":{\"@id\":\"https:\/\/www.suno.com.br\/noticias\/#website\"},\"primaryImageOfPage\":{\"@id\":\"https:\/\/www.suno.com.br\/noticias\/destaques-itausa-itsa4-gol-vivara-e-mais-va\/#primaryimage\"},\"image\":{\"@id\":\"https:\/\/www.suno.com.br\/noticias\/destaques-itausa-itsa4-gol-vivara-e-mais-va\/#primaryimage\"},\"thumbnailUrl\":\"https:\/\/files.sunoresearch.com.br\/n\/uploads\/2023\/11\/Ibovespa-mercado-1.jpg\",\"datePublished\":\"2023-12-14T14:01:08+00:00\",\"dateModified\":\"2023-12-14T14:39:02+00:00\",\"description\":\"A conclus\u00e3o da venda de participa\u00e7\u00e3o da Ita\u00fasa (ITSA4) na XP por R$ 1,7 bilh\u00e3o \u00e9 um dos destaques desta quinta-feira (14).\u00a0\",\"breadcrumb\":{\"@id\":\"https:\/\/www.suno.com.br\/noticias\/destaques-itausa-itsa4-gol-vivara-e-mais-va\/#breadcrumb\"},\"inLanguage\":\"pt-BR\",\"potentialAction\":[{\"@type\":\"ReadAction\",\"target\":[\"https:\/\/www.suno.com.br\/noticias\/destaques-itausa-itsa4-gol-vivara-e-mais-va\/\"]}]},{\"@type\":\"ImageObject\",\"inLanguage\":\"pt-BR\",\"@id\":\"https:\/\/www.suno.com.br\/noticias\/destaques-itausa-itsa4-gol-vivara-e-mais-va\/#primaryimage\",\"url\":\"https:\/\/files.sunoresearch.com.br\/n\/uploads\/2023\/11\/Ibovespa-mercado-1.jpg\",\"contentUrl\":\"https:\/\/files.sunoresearch.com.br\/n\/uploads\/2023\/11\/Ibovespa-mercado-1.jpg\",\"width\":2121,\"height\":1414,\"caption\":\"Mercado. Foto: iStock\"},{\"@type\":\"BreadcrumbList\",\"@id\":\"https:\/\/www.suno.com.br\/noticias\/destaques-itausa-itsa4-gol-vivara-e-mais-va\/#breadcrumb\",\"itemListElement\":[{\"@type\":\"ListItem\",\"position\":1,\"name\":\"Not\u00edcias\",\"item\":\"https:\/\/www.suno.com.br\/noticias\/\"},{\"@type\":\"ListItem\",\"position\":2,\"name\":\"Mercado\",\"item\":\"https:\/\/www.suno.com.br\/noticias\/mercado\/\"},{\"@type\":\"ListItem\",\"position\":3,\"name\":\"Ita\u00fasa (ITSA4), Gol (GOLL4) e Vivara (VIVA3) aquecem mercado nesta quarta-feira (14); veja mais destaques\"}]},{\"@type\":\"WebSite\",\"@id\":\"https:\/\/www.suno.com.br\/noticias\/#website\",\"url\":\"https:\/\/www.suno.com.br\/noticias\/\",\"name\":\"Suno Not\u00edcias\",\"description\":\"Seu portal de informa\u00e7\u00e3o sobre o mundo dos investimentos\",\"publisher\":{\"@id\":\"https:\/\/www.suno.com.br\/noticias\/#organization\"},\"potentialAction\":[{\"@type\":\"SearchAction\",\"target\":{\"@type\":\"EntryPoint\",\"urlTemplate\":\"https:\/\/www.suno.com.br\/noticias\/?s={search_term_string}\"},\"query-input\":{\"@type\":\"PropertyValueSpecification\",\"valueRequired\":true,\"valueName\":\"search_term_string\"}}],\"inLanguage\":\"pt-BR\"},{\"@type\":\"Organization\",\"@id\":\"https:\/\/www.suno.com.br\/noticias\/#organization\",\"name\":\"Suno Not\u00edcias\",\"url\":\"https:\/\/www.suno.com.br\/noticias\/\",\"logo\":{\"@type\":\"ImageObject\",\"inLanguage\":\"pt-BR\",\"@id\":\"https:\/\/www.suno.com.br\/noticias\/#\/schema\/logo\/image\/\",\"url\":\"https:\/\/files.sunoresearch.com.br\/n\/uploads\/2021\/09\/suno-logo.png\",\"contentUrl\":\"https:\/\/files.sunoresearch.com.br\/n\/uploads\/2021\/09\/suno-logo.png\",\"width\":180,\"height\":180,\"caption\":\"Suno Not\u00edcias\"},\"image\":{\"@id\":\"https:\/\/www.suno.com.br\/noticias\/#\/schema\/logo\/image\/\"},\"sameAs\":[\"https:\/\/facebook.com\/sunoresearch\",\"https:\/\/x.com\/sunoresearch\",\"https:\/\/www.instagram.com\/suno\",\"https:\/\/www.linkedin.com\/company\/suno-research\/\",\"https:\/\/www.youtube.com\/c\/sunoresearch\"]},{\"@type\":\"Person\",\"@id\":\"https:\/\/www.suno.com.br\/noticias\/#\/schema\/person\/4a180549702d0e236b3e420862bcded3\",\"name\":\"Vin\u00edcius Alves\",\"image\":{\"@type\":\"ImageObject\",\"inLanguage\":\"pt-BR\",\"@id\":\"https:\/\/www.suno.com.br\/noticias\/#\/schema\/person\/image\/\",\"url\":\"https:\/\/secure.gravatar.com\/avatar\/a95b7fe6d1b813f7907d4f476d5a39e1?s=96&r=g\",\"contentUrl\":\"https:\/\/secure.gravatar.com\/avatar\/a95b7fe6d1b813f7907d4f476d5a39e1?s=96&r=g\",\"caption\":\"Vin\u00edcius Alves\"},\"description\":\"Jornalista formado na Faculdade C\u00e1sper L\u00edbero. Com passagens pela Ag\u00eancia Estado, InfoMoney e Editora Globo.\",\"url\":\"https:\/\/www.suno.com.br\/noticias\/author\/vini08correiagmail-com\/\"}]}<\/script>\n<!-- \/ Yoast SEO plugin. -->","yoast_head_json":{"title":"Ita\u00fasa (ITSA4), Gol (GOLL4) e Vivara (VIVA3) aquecem mercado","description":"A conclus\u00e3o da venda de participa\u00e7\u00e3o da Ita\u00fasa (ITSA4) na XP por R$ 1,7 bilh\u00e3o \u00e9 um dos destaques desta quinta-feira (14).\u00a0","robots":{"index":"index","follow":"follow","max-snippet":"max-snippet:-1","max-image-preview":"max-image-preview:large","max-video-preview":"max-video-preview:-1"},"canonical":"https:\/\/www.suno.com.br\/noticias\/destaques-itausa-itsa4-gol-vivara-e-mais-va\/","og_locale":"pt_BR","og_type":"article","og_title":"Ita\u00fasa (ITSA4), Gol (GOLL4) e Vivara (VIVA3) aquecem mercado","og_description":"A conclus\u00e3o da venda de participa\u00e7\u00e3o da Ita\u00fasa (ITSA4) na XP por R$ 1,7 bilh\u00e3o \u00e9 um dos destaques desta quinta-feira (14).\u00a0","og_url":"https:\/\/www.suno.com.br\/noticias\/destaques-itausa-itsa4-gol-vivara-e-mais-va\/","og_site_name":"Suno Not\u00edcias","article_publisher":"https:\/\/facebook.com\/sunoresearch","og_image":[{"width":2121,"height":1414,"url":"https:\/\/files.sunoresearch.com.br\/n\/uploads\/2023\/11\/Ibovespa-mercado-1.jpg","type":"image\/jpeg"}],"author":"Vin\u00edcius Alves","twitter_card":"summary_large_image","twitter_creator":"@sunoresearch","twitter_site":"@sunoresearch","twitter_misc":{"Escrito por":"Vin\u00edcius Alves","Est. tempo de leitura":"5 minutos"},"schema":{"@context":"https:\/\/schema.org","@graph":[{"@type":"NewsArticle","@id":"https:\/\/www.suno.com.br\/noticias\/destaques-itausa-itsa4-gol-vivara-e-mais-va\/#article","isPartOf":{"@id":"https:\/\/www.suno.com.br\/noticias\/destaques-itausa-itsa4-gol-vivara-e-mais-va\/"},"author":{"name":"Vin\u00edcius Alves","@id":"https:\/\/www.suno.com.br\/noticias\/#\/schema\/person\/4a180549702d0e236b3e420862bcded3"},"headline":"Ita\u00fasa (ITSA4), Gol (GOLL4) e Vivara (VIVA3) aquecem mercado nesta quarta-feira (14); veja mais destaques","datePublished":"2023-12-14T14:01:08+00:00","dateModified":"2023-12-14T14:39:02+00:00","mainEntityOfPage":{"@id":"https:\/\/www.suno.com.br\/noticias\/destaques-itausa-itsa4-gol-vivara-e-mais-va\/"},"wordCount":920,"publisher":{"@id":"https:\/\/www.suno.com.br\/noticias\/#organization"},"image":{"@id":"https:\/\/www.suno.com.br\/noticias\/destaques-itausa-itsa4-gol-vivara-e-mais-va\/#primaryimage"},"thumbnailUrl":"https:\/\/files.sunoresearch.com.br\/n\/uploads\/2023\/11\/Ibovespa-mercado-1.jpg","keywords":["3R Petroleum (RRRP3)","A\u00e7\u00f5es","Americanas (AMER3)","Copasa (CSMG3)","Dexco (DXCO3)","Eneva (ENEV3)","Gol Linhas A\u00e9reas (GOLL11\/GOLL4)","Ita\u00fasa (ITSA3\/ITSA4)","PetroRec\u00f4ncavo (RECV3)","Rede D'or (RDOR3)","SLC Agr\u00edcola (SLCE3)","Unipar (UNIP3\/UNIP5\/UNIP6)","Vivara (VIVA3)"],"articleSection":["Mercado"],"inLanguage":"pt-BR"},{"@type":"WebPage","@id":"https:\/\/www.suno.com.br\/noticias\/destaques-itausa-itsa4-gol-vivara-e-mais-va\/","url":"https:\/\/www.suno.com.br\/noticias\/destaques-itausa-itsa4-gol-vivara-e-mais-va\/","name":"Ita\u00fasa (ITSA4), Gol (GOLL4) e Vivara (VIVA3) aquecem mercado","isPartOf":{"@id":"https:\/\/www.suno.com.br\/noticias\/#website"},"primaryImageOfPage":{"@id":"https:\/\/www.suno.com.br\/noticias\/destaques-itausa-itsa4-gol-vivara-e-mais-va\/#primaryimage"},"image":{"@id":"https:\/\/www.suno.com.br\/noticias\/destaques-itausa-itsa4-gol-vivara-e-mais-va\/#primaryimage"},"thumbnailUrl":"https:\/\/files.sunoresearch.com.br\/n\/uploads\/2023\/11\/Ibovespa-mercado-1.jpg","datePublished":"2023-12-14T14:01:08+00:00","dateModified":"2023-12-14T14:39:02+00:00","description":"A conclus\u00e3o da venda de participa\u00e7\u00e3o da Ita\u00fasa (ITSA4) na XP por R$ 1,7 bilh\u00e3o \u00e9 um dos destaques desta quinta-feira (14).\u00a0","breadcrumb":{"@id":"https:\/\/www.suno.com.br\/noticias\/destaques-itausa-itsa4-gol-vivara-e-mais-va\/#breadcrumb"},"inLanguage":"pt-BR","potentialAction":[{"@type":"ReadAction","target":["https:\/\/www.suno.com.br\/noticias\/destaques-itausa-itsa4-gol-vivara-e-mais-va\/"]}]},{"@type":"ImageObject","inLanguage":"pt-BR","@id":"https:\/\/www.suno.com.br\/noticias\/destaques-itausa-itsa4-gol-vivara-e-mais-va\/#primaryimage","url":"https:\/\/files.sunoresearch.com.br\/n\/uploads\/2023\/11\/Ibovespa-mercado-1.jpg","contentUrl":"https:\/\/files.sunoresearch.com.br\/n\/uploads\/2023\/11\/Ibovespa-mercado-1.jpg","width":2121,"height":1414,"caption":"Mercado. Foto: iStock"},{"@type":"BreadcrumbList","@id":"https:\/\/www.suno.com.br\/noticias\/destaques-itausa-itsa4-gol-vivara-e-mais-va\/#breadcrumb","itemListElement":[{"@type":"ListItem","position":1,"name":"Not\u00edcias","item":"https:\/\/www.suno.com.br\/noticias\/"},{"@type":"ListItem","position":2,"name":"Mercado","item":"https:\/\/www.suno.com.br\/noticias\/mercado\/"},{"@type":"ListItem","position":3,"name":"Ita\u00fasa (ITSA4), Gol (GOLL4) e Vivara (VIVA3) aquecem mercado nesta quarta-feira (14); veja mais destaques"}]},{"@type":"WebSite","@id":"https:\/\/www.suno.com.br\/noticias\/#website","url":"https:\/\/www.suno.com.br\/noticias\/","name":"Suno Not\u00edcias","description":"Seu portal de informa\u00e7\u00e3o sobre o mundo dos investimentos","publisher":{"@id":"https:\/\/www.suno.com.br\/noticias\/#organization"},"potentialAction":[{"@type":"SearchAction","target":{"@type":"EntryPoint","urlTemplate":"https:\/\/www.suno.com.br\/noticias\/?s={search_term_string}"},"query-input":{"@type":"PropertyValueSpecification","valueRequired":true,"valueName":"search_term_string"}}],"inLanguage":"pt-BR"},{"@type":"Organization","@id":"https:\/\/www.suno.com.br\/noticias\/#organization","name":"Suno Not\u00edcias","url":"https:\/\/www.suno.com.br\/noticias\/","logo":{"@type":"ImageObject","inLanguage":"pt-BR","@id":"https:\/\/www.suno.com.br\/noticias\/#\/schema\/logo\/image\/","url":"https:\/\/files.sunoresearch.com.br\/n\/uploads\/2021\/09\/suno-logo.png","contentUrl":"https:\/\/files.sunoresearch.com.br\/n\/uploads\/2021\/09\/suno-logo.png","width":180,"height":180,"caption":"Suno Not\u00edcias"},"image":{"@id":"https:\/\/www.suno.com.br\/noticias\/#\/schema\/logo\/image\/"},"sameAs":["https:\/\/facebook.com\/sunoresearch","https:\/\/x.com\/sunoresearch","https:\/\/www.instagram.com\/suno","https:\/\/www.linkedin.com\/company\/suno-research\/","https:\/\/www.youtube.com\/c\/sunoresearch"]},{"@type":"Person","@id":"https:\/\/www.suno.com.br\/noticias\/#\/schema\/person\/4a180549702d0e236b3e420862bcded3","name":"Vin\u00edcius Alves","image":{"@type":"ImageObject","inLanguage":"pt-BR","@id":"https:\/\/www.suno.com.br\/noticias\/#\/schema\/person\/image\/","url":"https:\/\/secure.gravatar.com\/avatar\/a95b7fe6d1b813f7907d4f476d5a39e1?s=96&r=g","contentUrl":"https:\/\/secure.gravatar.com\/avatar\/a95b7fe6d1b813f7907d4f476d5a39e1?s=96&r=g","caption":"Vin\u00edcius Alves"},"description":"Jornalista formado na Faculdade C\u00e1sper L\u00edbero. Com passagens pela Ag\u00eancia Estado, InfoMoney e Editora Globo.","url":"https:\/\/www.suno.com.br\/noticias\/author\/vini08correiagmail-com\/"}]}},"default_loop_html":"<div class=\"cardsPage__listCard__boxs\"><div class=\"cardsPage__listCard__boxs__img\"><a href=\"https:\/\/www.suno.com.br\/noticias\/destaques-itausa-itsa4-gol-vivara-e-mais-va\/\"><img class=\"mask\" src=\"https:\/\/www.suno.com.br\/noticias\/wp-content\/themes\/suno\/resources\/images\/spotlight\/spotlight1img\/bg-mask.png\" alt=\"Image Mask\"\/><img src=\"https:\/\/files.sunoresearch.com.br\/n\/uploads\/2023\/11\/Ibovespa-mercado-1-400x200.jpg\" alt=\"Ita\u00fasa (ITSA4), Gol (GOLL4) e Vivara (VIVA3) aquecem mercado nesta quarta-feira (14); veja mais destaques\"\/><\/a><span class=\"spotlightCategory\"><a href=\"https:\/\/www.suno.com.br\/noticias\/mercado\/\">Mercado<\/a><\/span><\/div><div class=\"cardsPage__listCard__boxs__content\"><a href=\"https:\/\/www.suno.com.br\/noticias\/destaques-itausa-itsa4-gol-vivara-e-mais-va\/\"><h2 class=\"content__title\">Ita\u00fasa (ITSA4), Gol (GOLL4) e Vivara (VIVA3) aquecem mercado nesta quarta-feira (14); veja mais destaques<\/h2><\/a><div class=\"newsContent__article__meta\"><div class=\"newsContent__article__meta__authorBox\"><a href=\"https:\/\/www.suno.com.br\/noticias\/author\/vini08correiagmail-com\/\" class=\"authorBox__avatar noMobi\"><img src=\"https:\/\/files.sunoresearch.com.br\/n\/uploads\/2026\/04\/WhatsApp-Image-2026-04-20-at-19.35.48-150x150.webp\" alt=\"Vin\u00edcius Alves\"><\/a><div class=\"authorBox__name\"><span>por\n\t\t\t<a href=\"https:\/\/www.suno.com.br\/noticias\/author\/vini08correiagmail-com\/\"><span itemprop=\"author\">Vin\u00edcius Alves<\/span><\/a><\/span><time datetime=\"2023-12-14T11:01:08-03:00\" itemprop=\"datePublished\">14\/12\/2023 11:01<\/time><\/div><\/div><\/div><\/div><\/div>","single_layout":"posts","amp_enabled":true,"_links":{"self":[{"href":"https:\/\/www.suno.com.br\/noticias\/wp-json\/wp\/v2\/posts\/500282"}],"collection":[{"href":"https:\/\/www.suno.com.br\/noticias\/wp-json\/wp\/v2\/posts"}],"about":[{"href":"https:\/\/www.suno.com.br\/noticias\/wp-json\/wp\/v2\/types\/post"}],"author":[{"embeddable":true,"href":"https:\/\/www.suno.com.br\/noticias\/wp-json\/wp\/v2\/users\/301"}],"replies":[{"embeddable":true,"href":"https:\/\/www.suno.com.br\/noticias\/wp-json\/wp\/v2\/comments?post=500282"}],"version-history":[{"count":3,"href":"https:\/\/www.suno.com.br\/noticias\/wp-json\/wp\/v2\/posts\/500282\/revisions"}],"predecessor-version":[{"id":500340,"href":"https:\/\/www.suno.com.br\/noticias\/wp-json\/wp\/v2\/posts\/500282\/revisions\/500340"}],"wp:featuredmedia":[{"embeddable":true,"href":"https:\/\/www.suno.com.br\/noticias\/wp-json\/wp\/v2\/media\/488013"}],"wp:attachment":[{"href":"https:\/\/www.suno.com.br\/noticias\/wp-json\/wp\/v2\/media?parent=500282"}],"wp:term":[{"taxonomy":"category","embeddable":true,"href":"https:\/\/www.suno.com.br\/noticias\/wp-json\/wp\/v2\/categories?post=500282"},{"taxonomy":"post_tag","embeddable":true,"href":"https:\/\/www.suno.com.br\/noticias\/wp-json\/wp\/v2\/tags?post=500282"},{"taxonomy":"suno_strategy","embeddable":true,"href":"https:\/\/www.suno.com.br\/noticias\/wp-json\/wp\/v2\/suno_strategy?post=500282"}],"curies":[{"name":"wp","href":"https:\/\/api.w.org\/{rel}","templated":true}]}}