{"id":500216,"date":"2023-12-14T09:38:01","date_gmt":"2023-12-14T12:38:01","guid":{"rendered":"https:\/\/www.suno.com.br\/noticias\/?p=500216"},"modified":"2023-12-14T13:38:43","modified_gmt":"2023-12-14T16:38:43","slug":"sao-paulo-tarifa-metro-onibus-trem-janeiro-2024-cpf","status":"publish","type":"post","link":"https:\/\/www.suno.com.br\/noticias\/sao-paulo-tarifa-metro-onibus-trem-janeiro-2024-cpf\/","title":{"rendered":"Metr\u00f4 e trem em S\u00e3o Paulo mais caros: tarifa sobe para R$ 5,00 em janeiro; \u00f4nibus n\u00e3o ir\u00e1 aumentar"},"content":{"rendered":"<p>A partir de 1\u00ba janeiro de 2024, a tarifa dos servi\u00e7os de <strong>metr\u00f4 e trem em S\u00e3o Paulo <\/strong>passar\u00e1 por um aumento para R$ 5,00. Isso representa um acr\u00e9scimo de R$ 0,60 em rela\u00e7\u00e3o \u00e0 tarifa atual, congelada em R$ 4,40 ao longo dos \u00faltimos tr\u00eas anos.<\/p>\t<div class=\"wrapper-featured-image\">\n\t\t<figure class=\"spotlightImg\">\n\n\t\t\t<picture>\n\t\t\t\t<source media=\"(max-width: 768px)\" srcset=\"https:\/\/files.sunoresearch.com.br\/n\/uploads\/2023\/11\/metro-sao-paulo-linha-amarela-400x200.jpg\">\n\t\t\t\t<img loading=\"lazy\" decoding=\"async\" class=\"newsContent__article__imgCapa lazyloadDisabled \" src=\"https:\/\/files.sunoresearch.com.br\/n\/uploads\/2023\/11\/metro-sao-paulo-linha-amarela-800x450.jpg\" width=\"800\" height=\"450\" alt=\"Metr\u00f4 e trem em S\u00e3o Paulo mais caros: tarifa sobe para R$ 5,00 em janeiro; \u00f4nibus n\u00e3o ir\u00e1 aumentar\" fetchpriority=high \/>\n\t\t\t<\/picture>\n\n\t\t\t<figcaption class=\"wp-caption-text wp-caption-text--show\">Metr\u00f4 em S\u00e3o Paulo - Foto: Divulga\u00e7\u00e3o<\/figcaption>\n\t\t<\/figure>\n\t<\/div>\n\n\n\n\n\n\n\n\t<p>\n\t\t<a href=\"https:\/\/lp.suno.com.br\/ebook-gratuito-investindo-no-exterior\/\" target=\"_blank\" data-element=\"shortcode-suno-banner\" title=\"Banner SUNO, clique e saiba mais\">\n\t\t\t<picture>\n\t\t\t\t<source media=\"(max-width: 500px)\" srcset=\"https:\/\/files.sunoresearch.com.br\/n\/uploads\/2023\/03\/400x300-Investindo-no-exterior.png\">\n\t\t\t\t<img class=\"newsContent__article__imgCapa newsContent__article__imgCapa--banner\"\n\t\t\t\t\tsrc=\"https:\/\/files.sunoresearch.com.br\/n\/uploads\/2023\/03\/1420x240-Investindo-no-exterior.png\"\n\t\t\t\t\tdata-promo-id=\"383161\"\t\t\t\t\t\t\t\t\t\twidth='1420' height='240'\t\t\t\t\talt=\"https:\/\/files.sunoresearch.com.br\/n\/uploads\/2023\/03\/1420x240-Investindo-no-exterior.png\"\n\t\t\t\t>\n\t\t\t<\/picture>\n\t\t<\/a>\n\t<\/p>\n\n\n\n\n\n<p>A informa\u00e7\u00e3o foi apurada pelo jornal O Globo e confirmada posteriormente pela assessoria da gest\u00e3o do <strong>governador do estado de S\u00e3o Paulo<\/strong>, Tarc\u00edsio Freitas (Republicanos). <\/p>\n\n\n\n<p>No final do m\u00eas anterior, Tarc\u00edsio j\u00e1 havia indicado a possibilidade de aumento nas <strong>tarifas de Metr\u00f4<\/strong>, trens da Companhia Paulista de Trens Metropolitanos (CPTM) e trens metropolitanos privatizados.<\/p>\n\n\n\n<p>A aus\u00eancia de reajuste ao longo dos \u00faltimos tr\u00eas anos, segundo o governador, impactou negativamente a situa\u00e7\u00e3o financeira das empresas p\u00fablicas, como <strong>Metr\u00f4 e CPTM<\/strong>. Em entrevista ao G1 no final de novembro, Tarc\u00edsio j\u00e1 vinha chamando aten\u00e7\u00e3o para o fato de que a tarifa estava congelada &#8220;h\u00e1 muito tempo.&#8221; <\/p>\n\n\n\n<blockquote class=\"wp-block-quote is-layout-flow wp-block-quote-is-layout-flow\">\n<p>&#8220;Ou eu repasso alguma coisa pra tarifa ou a gente permanece com ela congelada e eu aumento o subs\u00eddio. Quanto mais tempo a tarifa ficar congelada, mais subs\u00eddio a gente vai ter,&#8221; disse o governador ao jornal. <\/p>\n<\/blockquote>\n\n\n\n<p>Desde 2020, antes da pandemia, a tarifa dos transportes p\u00fablicos e privados de <strong>metr\u00f4, \u00f4nibus e trens em S\u00e3o Paulo<\/strong> n\u00e3o sofriam altera\u00e7\u00f5es, ajustadas a R$ 4,40. <\/p>\n\n\n\n\t<div data-element=\"shortcode-read-more\" class=\"readToo\">\n\t\t\t\t<span class=\"readToo__title\">Leia mais<\/span>\n\t\t\t\t<ul class=\"readToo__list\">\n\t\t\t<li><a href=\"https:\/\/www.suno.com.br\/noticias\/petrobras-vale-pena-investir-2024-cpf\/\">Petrobras (PETR4): Como ser\u00e1 2024 para quem investe na estatal?<\/a><\/li><li><a href=\"https:\/\/www.suno.com.br\/noticias\/americanas-amer3-recuperacao-judicial-gpj\/\">Americanas (AMER3): trio de s\u00f3cios adiantar\u00e1 R$ 3,5 bilh\u00f5es ap\u00f3s homologa\u00e7\u00e3o de recupera\u00e7\u00e3o judicial<\/a><\/li><li><a href=\"https:\/\/www.suno.com.br\/noticias\/copom-selic-corte-investimentos-mal\/\">Selic a 11,75% ao ano: como ficam os investimentos?<\/a><\/li>\t\t<\/ul>\n\t<\/div>\n\n\n\n\n<h2 class=\"wp-block-heading\">Reajuste na tarifa de transporte p\u00fablico em S\u00e3o Paulo pode impactar reelei\u00e7\u00e3o de Nunes?<\/h2>\n\n\n\n<p>Com foco na reelei\u00e7\u00e3o, o atual <strong>prefeito da cidade de S\u00e3o Paulo<\/strong>, <a class=\"suno-keyword\" data-force=\"no\" data-priority=\"2\" href=\"https:\/\/www.suno.com.br\/tudo-sobre\/ricardo-nunes\/\" target=\"_blank\" rel=\"noopener\">Ricardo Nunes<\/a> (MDB), vinha sinalizando que n\u00e3o haveria reajuste no pre\u00e7o das passagens de \u00f4nibus e pretendia manter o valor congelado por mais um ano. <\/p>\n\n\n\n<p>Nesta ter\u00e7a-feira (12), Nunes anunciou recentemente a implementa\u00e7\u00e3o da<a href=\"https:\/\/www.suno.com.br\/noticias\/passagem-onibus-gratuito-nos-domingos-sao-paulo-cpf\/\" target=\"_blank\" rel=\"noreferrer noopener\"> <strong>tarifa zero nos \u00f4nibus<\/strong> <\/a>da capital aos domingos, come\u00e7ando a partir do pr\u00f3ximo domingo (17 de dezembro). A proposta das viagens de \u00f4nibus gratuitas tamb\u00e9m dever\u00e3o funcionar para os feriados de Natal, Ano Novo e no Anivers\u00e1rio de S\u00e3o Paulo, no dia 25 de janeiro. <\/p>\n\n\n\n<p>A gratuidade se aplicar\u00e1 a todos os passageiros nas 1175 linhas que operam em 4.830 \u00f4nibus na <strong>capital de S\u00e3o Paulo<\/strong>, durante todo o hor\u00e1rio de funcionamento, das 0h \u00e0s 23h59.<\/p>\n\n\n\t<p>\n\t\t<a href=\"https:\/\/lp.suno.com.br\/planilha-da-vida-financeira\/\" target=\"_blank\" data-element=\"shortcode-suno-banner\" title=\"Banner SUNO, clique e saiba mais\">\n\t\t\t<picture>\n\t\t\t\t<source media=\"(max-width: 500px)\" srcset=\"https:\/\/files.sunoresearch.com.br\/n\/uploads\/2023\/04\/400x300-Planilha-vida-financeira-true.png\">\n\t\t\t\t<img class=\"newsContent__article__imgCapa newsContent__article__imgCapa--banner\"\n\t\t\t\t\tsrc=\"https:\/\/files.sunoresearch.com.br\/n\/uploads\/2023\/04\/1420x240-Planilha-vida-financeira-true.png\"\n\t\t\t\t\tdata-promo-id=\"383123\"\t\t\t\t\t\t\t\t\t\twidth='1420' height='240'\t\t\t\t\talt=\"https:\/\/files.sunoresearch.com.br\/n\/uploads\/2023\/04\/1420x240-Planilha-vida-financeira-true.png\"\n\t\t\t\t>\n\t\t\t<\/picture>\n\t\t<\/a>\n\t<\/p>\n\n\n","protected":false},"excerpt":{"rendered":"<p>A partir de 1\u00ba janeiro de 2024, a tarifa dos servi\u00e7os de metr\u00f4 e trem em S\u00e3o Paulo passar\u00e1 por um aumento para R$ 5,00. Isso representa um acr\u00e9scimo de R$ 0,60 em rela\u00e7\u00e3o \u00e0 tarifa atual, congelada em R$ 4,40 ao longo dos \u00faltimos tr\u00eas anos. Metr\u00f4 em S\u00e3o Paulo &#8211; Foto: Divulga\u00e7\u00e3o A [&hellip;]<\/p>\n","protected":false},"author":283,"featured_media":490152,"comment_status":"closed","ping_status":"closed","sticky":false,"template":"","format":"standard","meta":[],"categories":[65],"tags":[843],"suno_strategy":[],"class_list":["post-500216","post","type-post","status-publish","format-standard","has-post-thumbnail","hentry","category-financas-pessoais","tag-sao-paulo"],"yoast_head":"<!-- This site is optimized with the Yoast SEO plugin v24.4 - https:\/\/yoast.com\/wordpress\/plugins\/seo\/ -->\n<title>Metr\u00f4, \u00f4nibus e trem em S\u00e3o Paulo: passagem ser\u00e1 R$ 5,00 em janeiro<\/title>\n<meta name=\"description\" content=\"A partir do ano que vem, o pre\u00e7o da passagem do metr\u00f4, \u00f4nibus e trem em S\u00e3o Paulo ter\u00e1 um aumento para R$ 5,00.\" \/>\n<meta name=\"robots\" content=\"index, follow, max-snippet:-1, max-image-preview:large, max-video-preview:-1\" \/>\n<link rel=\"canonical\" href=\"https:\/\/www.suno.com.br\/noticias\/sao-paulo-tarifa-metro-onibus-trem-janeiro-2024-cpf\/\" \/>\n<meta property=\"og:locale\" content=\"pt_BR\" \/>\n<meta property=\"og:type\" content=\"article\" \/>\n<meta property=\"og:title\" content=\"Metr\u00f4, \u00f4nibus e trem em S\u00e3o Paulo: passagem ser\u00e1 R$ 5,00 em janeiro\" \/>\n<meta property=\"og:description\" content=\"A partir do ano que vem, o pre\u00e7o da passagem do metr\u00f4, \u00f4nibus e trem em S\u00e3o Paulo ter\u00e1 um aumento para R$ 5,00.\" \/>\n<meta property=\"og:url\" content=\"https:\/\/www.suno.com.br\/noticias\/sao-paulo-tarifa-metro-onibus-trem-janeiro-2024-cpf\/\" \/>\n<meta property=\"og:site_name\" content=\"Suno Not\u00edcias\" \/>\n<meta property=\"article:publisher\" content=\"https:\/\/facebook.com\/sunoresearch\" \/>\n<meta property=\"og:image\" content=\"https:\/\/files.sunoresearch.com.br\/n\/uploads\/2023\/11\/metro-sao-paulo-linha-amarela.jpg\" \/>\n\t<meta property=\"og:image:width\" content=\"1200\" \/>\n\t<meta property=\"og:image:height\" content=\"800\" \/>\n\t<meta property=\"og:image:type\" content=\"image\/jpeg\" \/>\n<meta name=\"author\" content=\"Camila Paim\" \/>\n<meta name=\"twitter:card\" content=\"summary_large_image\" \/>\n<meta name=\"twitter:creator\" content=\"@sunoresearch\" \/>\n<meta name=\"twitter:site\" content=\"@sunoresearch\" \/>\n<meta name=\"twitter:label1\" content=\"Escrito por\" \/>\n\t<meta name=\"twitter:data1\" content=\"Camila Paim\" \/>\n\t<meta name=\"twitter:label2\" content=\"Est. tempo de leitura\" \/>\n\t<meta name=\"twitter:data2\" content=\"2 minutos\" \/>\n<script type=\"application\/ld+json\" class=\"yoast-schema-graph\">{\"@context\":\"https:\/\/schema.org\",\"@graph\":[{\"@type\":\"NewsArticle\",\"@id\":\"https:\/\/www.suno.com.br\/noticias\/sao-paulo-tarifa-metro-onibus-trem-janeiro-2024-cpf\/#article\",\"isPartOf\":{\"@id\":\"https:\/\/www.suno.com.br\/noticias\/sao-paulo-tarifa-metro-onibus-trem-janeiro-2024-cpf\/\"},\"author\":{\"name\":\"Camila Paim\",\"@id\":\"https:\/\/www.suno.com.br\/noticias\/#\/schema\/person\/f341d3ae5d1cc685176c9a5327cdfdbb\"},\"headline\":\"Metr\u00f4 e trem em S\u00e3o Paulo mais caros: tarifa sobe para R$ 5,00 em janeiro; \u00f4nibus n\u00e3o ir\u00e1 aumentar\",\"datePublished\":\"2023-12-14T12:38:01+00:00\",\"dateModified\":\"2023-12-14T16:38:43+00:00\",\"mainEntityOfPage\":{\"@id\":\"https:\/\/www.suno.com.br\/noticias\/sao-paulo-tarifa-metro-onibus-trem-janeiro-2024-cpf\/\"},\"wordCount\":404,\"publisher\":{\"@id\":\"https:\/\/www.suno.com.br\/noticias\/#organization\"},\"image\":{\"@id\":\"https:\/\/www.suno.com.br\/noticias\/sao-paulo-tarifa-metro-onibus-trem-janeiro-2024-cpf\/#primaryimage\"},\"thumbnailUrl\":\"https:\/\/files.sunoresearch.com.br\/n\/uploads\/2023\/11\/metro-sao-paulo-linha-amarela.jpg\",\"keywords\":[\"S\u00e3o Paulo\"],\"articleSection\":[\"Finan\u00e7as Pessoais\"],\"inLanguage\":\"pt-BR\"},{\"@type\":\"WebPage\",\"@id\":\"https:\/\/www.suno.com.br\/noticias\/sao-paulo-tarifa-metro-onibus-trem-janeiro-2024-cpf\/\",\"url\":\"https:\/\/www.suno.com.br\/noticias\/sao-paulo-tarifa-metro-onibus-trem-janeiro-2024-cpf\/\",\"name\":\"Metr\u00f4, \u00f4nibus e trem em S\u00e3o Paulo: passagem ser\u00e1 R$ 5,00 em janeiro\",\"isPartOf\":{\"@id\":\"https:\/\/www.suno.com.br\/noticias\/#website\"},\"primaryImageOfPage\":{\"@id\":\"https:\/\/www.suno.com.br\/noticias\/sao-paulo-tarifa-metro-onibus-trem-janeiro-2024-cpf\/#primaryimage\"},\"image\":{\"@id\":\"https:\/\/www.suno.com.br\/noticias\/sao-paulo-tarifa-metro-onibus-trem-janeiro-2024-cpf\/#primaryimage\"},\"thumbnailUrl\":\"https:\/\/files.sunoresearch.com.br\/n\/uploads\/2023\/11\/metro-sao-paulo-linha-amarela.jpg\",\"datePublished\":\"2023-12-14T12:38:01+00:00\",\"dateModified\":\"2023-12-14T16:38:43+00:00\",\"description\":\"A partir do ano que vem, o pre\u00e7o da passagem do metr\u00f4, \u00f4nibus e trem em S\u00e3o Paulo ter\u00e1 um aumento para R$ 5,00.\",\"breadcrumb\":{\"@id\":\"https:\/\/www.suno.com.br\/noticias\/sao-paulo-tarifa-metro-onibus-trem-janeiro-2024-cpf\/#breadcrumb\"},\"inLanguage\":\"pt-BR\",\"potentialAction\":[{\"@type\":\"ReadAction\",\"target\":[\"https:\/\/www.suno.com.br\/noticias\/sao-paulo-tarifa-metro-onibus-trem-janeiro-2024-cpf\/\"]}]},{\"@type\":\"ImageObject\",\"inLanguage\":\"pt-BR\",\"@id\":\"https:\/\/www.suno.com.br\/noticias\/sao-paulo-tarifa-metro-onibus-trem-janeiro-2024-cpf\/#primaryimage\",\"url\":\"https:\/\/files.sunoresearch.com.br\/n\/uploads\/2023\/11\/metro-sao-paulo-linha-amarela.jpg\",\"contentUrl\":\"https:\/\/files.sunoresearch.com.br\/n\/uploads\/2023\/11\/metro-sao-paulo-linha-amarela.jpg\",\"width\":1200,\"height\":800,\"caption\":\"Metr\u00f4 em S\u00e3o Paulo - Foto: Divulga\u00e7\u00e3o\"},{\"@type\":\"BreadcrumbList\",\"@id\":\"https:\/\/www.suno.com.br\/noticias\/sao-paulo-tarifa-metro-onibus-trem-janeiro-2024-cpf\/#breadcrumb\",\"itemListElement\":[{\"@type\":\"ListItem\",\"position\":1,\"name\":\"Not\u00edcias\",\"item\":\"https:\/\/www.suno.com.br\/noticias\/\"},{\"@type\":\"ListItem\",\"position\":2,\"name\":\"Finan\u00e7as Pessoais\",\"item\":\"https:\/\/www.suno.com.br\/noticias\/financas-pessoais\/\"},{\"@type\":\"ListItem\",\"position\":3,\"name\":\"Metr\u00f4 e trem em S\u00e3o Paulo mais caros: tarifa sobe para R$ 5,00 em janeiro; \u00f4nibus n\u00e3o ir\u00e1 aumentar\"}]},{\"@type\":\"WebSite\",\"@id\":\"https:\/\/www.suno.com.br\/noticias\/#website\",\"url\":\"https:\/\/www.suno.com.br\/noticias\/\",\"name\":\"Suno Not\u00edcias\",\"description\":\"Seu portal de informa\u00e7\u00e3o sobre o mundo dos investimentos\",\"publisher\":{\"@id\":\"https:\/\/www.suno.com.br\/noticias\/#organization\"},\"potentialAction\":[{\"@type\":\"SearchAction\",\"target\":{\"@type\":\"EntryPoint\",\"urlTemplate\":\"https:\/\/www.suno.com.br\/noticias\/?s={search_term_string}\"},\"query-input\":{\"@type\":\"PropertyValueSpecification\",\"valueRequired\":true,\"valueName\":\"search_term_string\"}}],\"inLanguage\":\"pt-BR\"},{\"@type\":\"Organization\",\"@id\":\"https:\/\/www.suno.com.br\/noticias\/#organization\",\"name\":\"Suno Not\u00edcias\",\"url\":\"https:\/\/www.suno.com.br\/noticias\/\",\"logo\":{\"@type\":\"ImageObject\",\"inLanguage\":\"pt-BR\",\"@id\":\"https:\/\/www.suno.com.br\/noticias\/#\/schema\/logo\/image\/\",\"url\":\"https:\/\/files.sunoresearch.com.br\/n\/uploads\/2021\/09\/suno-logo.png\",\"contentUrl\":\"https:\/\/files.sunoresearch.com.br\/n\/uploads\/2021\/09\/suno-logo.png\",\"width\":180,\"height\":180,\"caption\":\"Suno Not\u00edcias\"},\"image\":{\"@id\":\"https:\/\/www.suno.com.br\/noticias\/#\/schema\/logo\/image\/\"},\"sameAs\":[\"https:\/\/facebook.com\/sunoresearch\",\"https:\/\/x.com\/sunoresearch\",\"https:\/\/www.instagram.com\/suno\",\"https:\/\/www.linkedin.com\/company\/suno-research\/\",\"https:\/\/www.youtube.com\/c\/sunoresearch\"]},{\"@type\":\"Person\",\"@id\":\"https:\/\/www.suno.com.br\/noticias\/#\/schema\/person\/f341d3ae5d1cc685176c9a5327cdfdbb\",\"name\":\"Camila Paim\",\"image\":{\"@type\":\"ImageObject\",\"inLanguage\":\"pt-BR\",\"@id\":\"https:\/\/www.suno.com.br\/noticias\/#\/schema\/person\/image\/\",\"url\":\"https:\/\/secure.gravatar.com\/avatar\/f33728e65febb1aa7ecf6792956f9b20?s=96&r=g\",\"contentUrl\":\"https:\/\/secure.gravatar.com\/avatar\/f33728e65febb1aa7ecf6792956f9b20?s=96&r=g\",\"caption\":\"Camila Paim\"},\"description\":\"Jornalista formada pela USP, tem experi\u00eancia em reda\u00e7\u00f5es, SEO, Branded Content e Webdesign. Com passagem pelo Jornal da USP, Empiricus e C6 Bank, hoje \u00e9 rep\u00f3rter no Suno Not\u00edcias cobrindo macroeconomia, finan\u00e7as pessoais e startups.\",\"url\":\"https:\/\/www.suno.com.br\/noticias\/author\/camila-figueiredosuno-com-br\/\"}]}<\/script>\n<!-- \/ Yoast SEO plugin. -->","yoast_head_json":{"title":"Metr\u00f4, \u00f4nibus e trem em S\u00e3o Paulo: passagem ser\u00e1 R$ 5,00 em janeiro","description":"A partir do ano que vem, o pre\u00e7o da passagem do metr\u00f4, \u00f4nibus e trem em S\u00e3o Paulo ter\u00e1 um aumento para R$ 5,00.","robots":{"index":"index","follow":"follow","max-snippet":"max-snippet:-1","max-image-preview":"max-image-preview:large","max-video-preview":"max-video-preview:-1"},"canonical":"https:\/\/www.suno.com.br\/noticias\/sao-paulo-tarifa-metro-onibus-trem-janeiro-2024-cpf\/","og_locale":"pt_BR","og_type":"article","og_title":"Metr\u00f4, \u00f4nibus e trem em S\u00e3o Paulo: passagem ser\u00e1 R$ 5,00 em janeiro","og_description":"A partir do ano que vem, o pre\u00e7o da passagem do metr\u00f4, \u00f4nibus e trem em S\u00e3o Paulo ter\u00e1 um aumento para R$ 5,00.","og_url":"https:\/\/www.suno.com.br\/noticias\/sao-paulo-tarifa-metro-onibus-trem-janeiro-2024-cpf\/","og_site_name":"Suno Not\u00edcias","article_publisher":"https:\/\/facebook.com\/sunoresearch","og_image":[{"width":1200,"height":800,"url":"https:\/\/files.sunoresearch.com.br\/n\/uploads\/2023\/11\/metro-sao-paulo-linha-amarela.jpg","type":"image\/jpeg"}],"author":"Camila Paim","twitter_card":"summary_large_image","twitter_creator":"@sunoresearch","twitter_site":"@sunoresearch","twitter_misc":{"Escrito por":"Camila Paim","Est. tempo de leitura":"2 minutos"},"schema":{"@context":"https:\/\/schema.org","@graph":[{"@type":"NewsArticle","@id":"https:\/\/www.suno.com.br\/noticias\/sao-paulo-tarifa-metro-onibus-trem-janeiro-2024-cpf\/#article","isPartOf":{"@id":"https:\/\/www.suno.com.br\/noticias\/sao-paulo-tarifa-metro-onibus-trem-janeiro-2024-cpf\/"},"author":{"name":"Camila Paim","@id":"https:\/\/www.suno.com.br\/noticias\/#\/schema\/person\/f341d3ae5d1cc685176c9a5327cdfdbb"},"headline":"Metr\u00f4 e trem em S\u00e3o Paulo mais caros: tarifa sobe para R$ 5,00 em janeiro; \u00f4nibus n\u00e3o ir\u00e1 aumentar","datePublished":"2023-12-14T12:38:01+00:00","dateModified":"2023-12-14T16:38:43+00:00","mainEntityOfPage":{"@id":"https:\/\/www.suno.com.br\/noticias\/sao-paulo-tarifa-metro-onibus-trem-janeiro-2024-cpf\/"},"wordCount":404,"publisher":{"@id":"https:\/\/www.suno.com.br\/noticias\/#organization"},"image":{"@id":"https:\/\/www.suno.com.br\/noticias\/sao-paulo-tarifa-metro-onibus-trem-janeiro-2024-cpf\/#primaryimage"},"thumbnailUrl":"https:\/\/files.sunoresearch.com.br\/n\/uploads\/2023\/11\/metro-sao-paulo-linha-amarela.jpg","keywords":["S\u00e3o Paulo"],"articleSection":["Finan\u00e7as Pessoais"],"inLanguage":"pt-BR"},{"@type":"WebPage","@id":"https:\/\/www.suno.com.br\/noticias\/sao-paulo-tarifa-metro-onibus-trem-janeiro-2024-cpf\/","url":"https:\/\/www.suno.com.br\/noticias\/sao-paulo-tarifa-metro-onibus-trem-janeiro-2024-cpf\/","name":"Metr\u00f4, \u00f4nibus e trem em S\u00e3o Paulo: passagem ser\u00e1 R$ 5,00 em janeiro","isPartOf":{"@id":"https:\/\/www.suno.com.br\/noticias\/#website"},"primaryImageOfPage":{"@id":"https:\/\/www.suno.com.br\/noticias\/sao-paulo-tarifa-metro-onibus-trem-janeiro-2024-cpf\/#primaryimage"},"image":{"@id":"https:\/\/www.suno.com.br\/noticias\/sao-paulo-tarifa-metro-onibus-trem-janeiro-2024-cpf\/#primaryimage"},"thumbnailUrl":"https:\/\/files.sunoresearch.com.br\/n\/uploads\/2023\/11\/metro-sao-paulo-linha-amarela.jpg","datePublished":"2023-12-14T12:38:01+00:00","dateModified":"2023-12-14T16:38:43+00:00","description":"A partir do ano que vem, o pre\u00e7o da passagem do metr\u00f4, \u00f4nibus e trem em S\u00e3o Paulo ter\u00e1 um aumento para R$ 5,00.","breadcrumb":{"@id":"https:\/\/www.suno.com.br\/noticias\/sao-paulo-tarifa-metro-onibus-trem-janeiro-2024-cpf\/#breadcrumb"},"inLanguage":"pt-BR","potentialAction":[{"@type":"ReadAction","target":["https:\/\/www.suno.com.br\/noticias\/sao-paulo-tarifa-metro-onibus-trem-janeiro-2024-cpf\/"]}]},{"@type":"ImageObject","inLanguage":"pt-BR","@id":"https:\/\/www.suno.com.br\/noticias\/sao-paulo-tarifa-metro-onibus-trem-janeiro-2024-cpf\/#primaryimage","url":"https:\/\/files.sunoresearch.com.br\/n\/uploads\/2023\/11\/metro-sao-paulo-linha-amarela.jpg","contentUrl":"https:\/\/files.sunoresearch.com.br\/n\/uploads\/2023\/11\/metro-sao-paulo-linha-amarela.jpg","width":1200,"height":800,"caption":"Metr\u00f4 em S\u00e3o Paulo - Foto: Divulga\u00e7\u00e3o"},{"@type":"BreadcrumbList","@id":"https:\/\/www.suno.com.br\/noticias\/sao-paulo-tarifa-metro-onibus-trem-janeiro-2024-cpf\/#breadcrumb","itemListElement":[{"@type":"ListItem","position":1,"name":"Not\u00edcias","item":"https:\/\/www.suno.com.br\/noticias\/"},{"@type":"ListItem","position":2,"name":"Finan\u00e7as Pessoais","item":"https:\/\/www.suno.com.br\/noticias\/financas-pessoais\/"},{"@type":"ListItem","position":3,"name":"Metr\u00f4 e trem em S\u00e3o Paulo mais caros: tarifa sobe para R$ 5,00 em janeiro; \u00f4nibus n\u00e3o ir\u00e1 aumentar"}]},{"@type":"WebSite","@id":"https:\/\/www.suno.com.br\/noticias\/#website","url":"https:\/\/www.suno.com.br\/noticias\/","name":"Suno Not\u00edcias","description":"Seu portal de informa\u00e7\u00e3o sobre o mundo dos investimentos","publisher":{"@id":"https:\/\/www.suno.com.br\/noticias\/#organization"},"potentialAction":[{"@type":"SearchAction","target":{"@type":"EntryPoint","urlTemplate":"https:\/\/www.suno.com.br\/noticias\/?s={search_term_string}"},"query-input":{"@type":"PropertyValueSpecification","valueRequired":true,"valueName":"search_term_string"}}],"inLanguage":"pt-BR"},{"@type":"Organization","@id":"https:\/\/www.suno.com.br\/noticias\/#organization","name":"Suno Not\u00edcias","url":"https:\/\/www.suno.com.br\/noticias\/","logo":{"@type":"ImageObject","inLanguage":"pt-BR","@id":"https:\/\/www.suno.com.br\/noticias\/#\/schema\/logo\/image\/","url":"https:\/\/files.sunoresearch.com.br\/n\/uploads\/2021\/09\/suno-logo.png","contentUrl":"https:\/\/files.sunoresearch.com.br\/n\/uploads\/2021\/09\/suno-logo.png","width":180,"height":180,"caption":"Suno Not\u00edcias"},"image":{"@id":"https:\/\/www.suno.com.br\/noticias\/#\/schema\/logo\/image\/"},"sameAs":["https:\/\/facebook.com\/sunoresearch","https:\/\/x.com\/sunoresearch","https:\/\/www.instagram.com\/suno","https:\/\/www.linkedin.com\/company\/suno-research\/","https:\/\/www.youtube.com\/c\/sunoresearch"]},{"@type":"Person","@id":"https:\/\/www.suno.com.br\/noticias\/#\/schema\/person\/f341d3ae5d1cc685176c9a5327cdfdbb","name":"Camila Paim","image":{"@type":"ImageObject","inLanguage":"pt-BR","@id":"https:\/\/www.suno.com.br\/noticias\/#\/schema\/person\/image\/","url":"https:\/\/secure.gravatar.com\/avatar\/f33728e65febb1aa7ecf6792956f9b20?s=96&r=g","contentUrl":"https:\/\/secure.gravatar.com\/avatar\/f33728e65febb1aa7ecf6792956f9b20?s=96&r=g","caption":"Camila Paim"},"description":"Jornalista formada pela USP, tem experi\u00eancia em reda\u00e7\u00f5es, SEO, Branded Content e Webdesign. Com passagem pelo Jornal da USP, Empiricus e C6 Bank, hoje \u00e9 rep\u00f3rter no Suno Not\u00edcias cobrindo macroeconomia, finan\u00e7as pessoais e startups.","url":"https:\/\/www.suno.com.br\/noticias\/author\/camila-figueiredosuno-com-br\/"}]}},"default_loop_html":"<div class=\"cardsPage__listCard__boxs\"><div class=\"cardsPage__listCard__boxs__img\"><a href=\"https:\/\/www.suno.com.br\/noticias\/sao-paulo-tarifa-metro-onibus-trem-janeiro-2024-cpf\/\"><img class=\"mask\" src=\"https:\/\/www.suno.com.br\/noticias\/wp-content\/themes\/suno\/resources\/images\/spotlight\/spotlight1img\/bg-mask.png\" alt=\"Image Mask\"\/><img src=\"https:\/\/files.sunoresearch.com.br\/n\/uploads\/2023\/11\/metro-sao-paulo-linha-amarela-400x200.jpg\" alt=\"Metr\u00f4 e trem em S\u00e3o Paulo mais caros: tarifa sobe para R$ 5,00 em janeiro; \u00f4nibus n\u00e3o ir\u00e1 aumentar\"\/><\/a><span class=\"spotlightCategory\"><a href=\"https:\/\/www.suno.com.br\/noticias\/financas-pessoais\/\">Finan\u00e7as Pessoais<\/a><\/span><\/div><div class=\"cardsPage__listCard__boxs__content\"><a href=\"https:\/\/www.suno.com.br\/noticias\/sao-paulo-tarifa-metro-onibus-trem-janeiro-2024-cpf\/\"><h2 class=\"content__title\">Metr\u00f4 e trem em S\u00e3o Paulo mais caros: tarifa sobe para R$ 5,00 em janeiro; \u00f4nibus n\u00e3o ir\u00e1 aumentar<\/h2><\/a><div class=\"newsContent__article__meta\"><div class=\"newsContent__article__meta__authorBox\"><a href=\"https:\/\/www.suno.com.br\/noticias\/author\/marco-lopes\/\" class=\"authorBox__avatar noMobi\"><img src=\"https:\/\/secure.gravatar.com\/avatar\/385167b012fbc1cde32c5446ee253313?s=96&#038;r=g\" alt=\"Marco Ant\u00f4nio Lopes\"><\/a><div class=\"authorBox__name\"><span>por\n\t\t\t<a href=\"https:\/\/www.suno.com.br\/noticias\/author\/marco-lopes\/\"><span itemprop=\"author\">Marco Ant\u00f4nio Lopes<\/span><\/a><\/span><time datetime=\"2023-12-14T09:38:01-03:00\" itemprop=\"datePublished\">14\/12\/2023 09:38<\/time><\/div><\/div><\/div><\/div><\/div>","single_layout":"posts","amp_enabled":true,"_links":{"self":[{"href":"https:\/\/www.suno.com.br\/noticias\/wp-json\/wp\/v2\/posts\/500216"}],"collection":[{"href":"https:\/\/www.suno.com.br\/noticias\/wp-json\/wp\/v2\/posts"}],"about":[{"href":"https:\/\/www.suno.com.br\/noticias\/wp-json\/wp\/v2\/types\/post"}],"author":[{"embeddable":true,"href":"https:\/\/www.suno.com.br\/noticias\/wp-json\/wp\/v2\/users\/283"}],"replies":[{"embeddable":true,"href":"https:\/\/www.suno.com.br\/noticias\/wp-json\/wp\/v2\/comments?post=500216"}],"version-history":[{"count":2,"href":"https:\/\/www.suno.com.br\/noticias\/wp-json\/wp\/v2\/posts\/500216\/revisions"}],"predecessor-version":[{"id":500469,"href":"https:\/\/www.suno.com.br\/noticias\/wp-json\/wp\/v2\/posts\/500216\/revisions\/500469"}],"wp:featuredmedia":[{"embeddable":true,"href":"https:\/\/www.suno.com.br\/noticias\/wp-json\/wp\/v2\/media\/490152"}],"wp:attachment":[{"href":"https:\/\/www.suno.com.br\/noticias\/wp-json\/wp\/v2\/media?parent=500216"}],"wp:term":[{"taxonomy":"category","embeddable":true,"href":"https:\/\/www.suno.com.br\/noticias\/wp-json\/wp\/v2\/categories?post=500216"},{"taxonomy":"post_tag","embeddable":true,"href":"https:\/\/www.suno.com.br\/noticias\/wp-json\/wp\/v2\/tags?post=500216"},{"taxonomy":"suno_strategy","embeddable":true,"href":"https:\/\/www.suno.com.br\/noticias\/wp-json\/wp\/v2\/suno_strategy?post=500216"}],"curies":[{"name":"wp","href":"https:\/\/api.w.org\/{rel}","templated":true}]}}