{"id":50013,"date":"2020-01-16T21:59:56","date_gmt":"2020-01-16T23:59:56","guid":{"rendered":"https:\/\/www.suno.com.br\/noticias\/?p=50013"},"modified":"2021-02-18T15:23:21","modified_gmt":"2021-02-18T18:23:21","slug":"itau-anuncia-captacao-eua","status":"publish","type":"post","link":"https:\/\/www.suno.com.br\/noticias\/itau-anuncia-captacao-eua\/","title":{"rendered":"Ita\u00fa anuncia capta\u00e7\u00e3o de US$ 1,5 bilh\u00e3o nos EUA"},"content":{"rendered":"<p>O <a href=\"https:\/\/www.suno.com.br\/acoes\/itub4\/\"><strong>Ita\u00fa Unibanco<\/strong> (ITUB4<\/a>) anunciou, nesta quinta-feira (16), a capta\u00e7\u00e3o de US$ 1,5 bilh\u00e3o (cerca de R$ 6,28 bilh\u00f5es). A opera\u00e7\u00e3o nos Estados Unidos envolvendo duas s\u00e9ries de notas seniores.<\/p>\t<div class=\"wrapper-featured-image\">\n\t\t<figure class=\"spotlightImg\">\n\n\t\t\t<picture>\n\t\t\t\t<source media=\"(max-width: 768px)\" srcset=\"https:\/\/files.sunoresearch.com.br\/n\/uploads\/2019\/08\/8e039b02-itau-400x200.webp\">\n\t\t\t\t<img loading=\"lazy\" decoding=\"async\" class=\"newsContent__article__imgCapa lazyloadDisabled newsContent__article__imgCapa--noCaption\" src=\"https:\/\/files.sunoresearch.com.br\/n\/uploads\/2019\/08\/8e039b02-itau-800x450.webp\" width=\"800\" height=\"450\" alt=\"Ita\u00fa anuncia capta\u00e7\u00e3o de US$ 1,5 bilh\u00e3o nos EUA\" fetchpriority=high \/>\n\t\t\t<\/picture>\n\n\t\t\t<figcaption class=\"wp-caption-text wp-caption-text--hide\">A Agenda do Dia desta quarta repercute os resultados divulgados na \u00faltima ter\u00e7a, al\u00e9m das elei\u00e7\u00f5es nos EUA.<\/figcaption>\n\t\t<\/figure>\n\t<\/div>\n\n\n\n<p>A primeira totalizou US$ 1 bilh\u00e3o vencendo em janeiro de 2023, tendo uma taxa fixa de 2,90% ao ano. A segunda, que teve valor de US$ 500 milh\u00f5es, vence em janeiro de 2025 e pagar\u00e1 3,25% ao ano. De acordo com o Ita\u00fa, todos os pap\u00e9is foram negociados por 100% de seu valor de face. Desta forma, seu rendimento ser\u00e1 apenas o proporcionado pelos juros.<\/p>\n<p>Os pap\u00e9is foram oferecidas apenas para investidores institucionais qualificados. O Ita\u00fa Unibanco informa que os recursos ser\u00e3o utilizados para &#8220;prop\u00f3sitos corporativos gerais&#8221;.<\/p>\n<h2>Ita\u00fa Unibanco ingressa no setor de energia el\u00e9trica<\/h2>\n<p>O Ita\u00fa Unibanco\u00a0e o Banco Indusval\u00a0est\u00e3o ingressando no setor de comercializa\u00e7\u00e3o de energia el\u00e9trica. Ambas institui\u00e7\u00f5es financeiras anunciaram, na \u00faltima segunda-feira (13), suas entradas no mercado de energia.<\/p>\n<p><a href=\"https:\/\/www.suno.com.br\/noticias\/itau-unibanco-indusval-mercado-energia-eletrica\/\">Saiba mais: Ita\u00fa Unibanco e Indusval entram no mercado de energia el\u00e9trica<\/a><\/p>\n<p>O Ita\u00fa informou que est\u00e1 desenvolvendo uma unidade de comercializa\u00e7\u00e3o de energia. O banco comunicou ainda que pode futuramente vender energia para seus clientes pessoa f\u00edsica por meio de um aplicativo. No entanto, a institui\u00e7\u00e3o financeira depende ainda da autoriza\u00e7\u00e3o da <strong>Ag\u00eancia Nacional de Energia El\u00e9trica (Aneel)<\/strong> e do<a href=\"https:\/\/www.suno.com.br\/artigos\/bacen\/\"><strong> Banco Central (BC)<\/strong><\/a>.<\/p>\n<p>O Indusval recebeu aprova\u00e7\u00e3o do <a href=\"https:\/\/www.suno.com.br\/artigos\/cade\/\"><strong>Conselho Administrativo de Defesa Econ\u00f4mica (Cade)<\/strong><\/a> para a aquisi\u00e7\u00e3o do <strong>Grupo Matrix<\/strong>, pertencente a DXT Commodities. A compra da empresa de comercializa\u00e7\u00e3o de energia foi aprovada sem restri\u00e7\u00f5es pelo \u00f3rg\u00e3o regulador.<\/p>\n\t<p>\n\t\t<a href=\"https:\/\/lp.suno.com.br\/ebook-10-livros\/\" target=\"_blank\" data-element=\"shortcode-suno-banner\" title=\"Banner SUNO, clique e saiba mais\">\n\t\t\t<picture>\n\t\t\t\t<source media=\"(max-width: 500px)\" srcset=\"https:\/\/files.sunoresearch.com.br\/n\/uploads\/2023\/03\/400x300-10-livros.png\">\n\t\t\t\t<img class=\"newsContent__article__imgCapa newsContent__article__imgCapa--banner\"\n\t\t\t\t\tsrc=\"https:\/\/files.sunoresearch.com.br\/n\/uploads\/2023\/03\/1420x240-10-livros.png\"\n\t\t\t\t\tdata-promo-id=\"383159\"\t\t\t\t\t\t\t\t\t\twidth='1420' height='240'\t\t\t\t\talt=\"https:\/\/files.sunoresearch.com.br\/n\/uploads\/2023\/03\/1420x240-10-livros.png\"\n\t\t\t\t>\n\t\t\t<\/picture>\n\t\t<\/a>\n\t<\/p>\n\n\n<p>Al\u00e9m dos <strong>Ita\u00fa<\/strong> e do Indusval que anunciaram o interesse no setor nesta segunda-feira, o <strong>BTG Pactual<\/strong> e o <strong>Santander<\/strong> j\u00e1 atuam no segmento. No caso do BTG, o banco adquiriu a Coomex, maior comercializadora independente de energia do Pa\u00eds, em 2010. A subsidi\u00e1ria brasileira do banco espanhol ingressou no setor em 2018 ap\u00f3s a abertura de uma unidade de comercializa\u00e7\u00e3o.<\/p>\n","protected":false},"excerpt":{"rendered":"<p>O Ita\u00fa Unibanco (ITUB4) anunciou, nesta quinta-feira (16), a capta\u00e7\u00e3o de US$ 1,5 bilh\u00e3o (cerca de R$ 6,28 bilh\u00f5es). A opera\u00e7\u00e3o nos Estados Unidos envolvendo duas s\u00e9ries de notas seniores. A Agenda do Dia desta quarta repercute os resultados divulgados na \u00faltima ter\u00e7a, al\u00e9m das elei\u00e7\u00f5es nos EUA. A primeira totalizou US$ 1 bilh\u00e3o vencendo [&hellip;]<\/p>\n","protected":false},"author":23,"featured_media":35758,"comment_status":"closed","ping_status":"closed","sticky":false,"template":"","format":"standard","meta":[],"categories":[64],"tags":[1842,519],"suno_strategy":[],"class_list":["post-50013","post","type-post","status-publish","format-standard","has-post-thumbnail","hentry","category-negocios","tag-banco-central-bc","tag-itau-unibanco-itub3-itub4"],"yoast_head":"<!-- This site is optimized with the Yoast SEO plugin v24.4 - https:\/\/yoast.com\/wordpress\/plugins\/seo\/ -->\n<title>Ita\u00fa anuncia capta\u00e7\u00e3o de US$ 1,5 bilh\u00e3o nos EUA<\/title>\n<meta name=\"description\" content=\"O Ita\u00fa Unibanco (ITUB4) anunciou, nesta quinta-feira (16), a capta\u00e7\u00e3o de US$ 1,5 bilh\u00e3o (cerca de R$ 6,28 bilh\u00f5es). Clique para mais.\" \/>\n<meta name=\"robots\" content=\"index, follow, max-snippet:-1, max-image-preview:large, max-video-preview:-1\" \/>\n<link rel=\"canonical\" href=\"https:\/\/www.suno.com.br\/noticias\/itau-anuncia-captacao-eua\/\" \/>\n<meta property=\"og:locale\" content=\"pt_BR\" \/>\n<meta property=\"og:type\" content=\"article\" \/>\n<meta property=\"og:title\" content=\"Ita\u00fa anuncia capta\u00e7\u00e3o de US$ 1,5 bilh\u00e3o nos EUA\" \/>\n<meta property=\"og:description\" content=\"O Ita\u00fa Unibanco (ITUB4) anunciou, nesta quinta-feira (16), a capta\u00e7\u00e3o de US$ 1,5 bilh\u00e3o (cerca de R$ 6,28 bilh\u00f5es). Clique para mais.\" \/>\n<meta property=\"og:url\" content=\"https:\/\/www.suno.com.br\/noticias\/itau-anuncia-captacao-eua\/\" \/>\n<meta property=\"og:site_name\" content=\"Suno Not\u00edcias\" \/>\n<meta property=\"article:publisher\" content=\"https:\/\/facebook.com\/sunoresearch\" \/>\n<meta property=\"og:image\" content=\"https:\/\/files.sunoresearch.com.br\/n\/uploads\/2019\/08\/8e039b02-itau.jpg\" \/>\n\t<meta property=\"og:image:width\" content=\"1600\" \/>\n\t<meta property=\"og:image:height\" content=\"800\" \/>\n\t<meta property=\"og:image:type\" content=\"image\/jpeg\" \/>\n<meta name=\"author\" content=\"Rafael Lara\" \/>\n<meta name=\"twitter:card\" content=\"summary_large_image\" \/>\n<meta name=\"twitter:creator\" content=\"@sunoresearch\" \/>\n<meta name=\"twitter:site\" content=\"@sunoresearch\" \/>\n<meta name=\"twitter:label1\" content=\"Escrito por\" \/>\n\t<meta name=\"twitter:data1\" content=\"Rafael Lara\" \/>\n\t<meta name=\"twitter:label2\" content=\"Est. tempo de leitura\" \/>\n\t<meta name=\"twitter:data2\" content=\"2 minutos\" \/>\n<script type=\"application\/ld+json\" class=\"yoast-schema-graph\">{\"@context\":\"https:\/\/schema.org\",\"@graph\":[{\"@type\":\"NewsArticle\",\"@id\":\"https:\/\/www.suno.com.br\/noticias\/itau-anuncia-captacao-eua\/#article\",\"isPartOf\":{\"@id\":\"https:\/\/www.suno.com.br\/noticias\/itau-anuncia-captacao-eua\/\"},\"author\":{\"name\":\"Rafael Lara\",\"@id\":\"https:\/\/www.suno.com.br\/noticias\/#\/schema\/person\/098743caeed97b37f51315c9576c4078\"},\"headline\":\"Ita\u00fa anuncia capta\u00e7\u00e3o de US$ 1,5 bilh\u00e3o nos EUA\",\"datePublished\":\"2020-01-16T23:59:56+00:00\",\"dateModified\":\"2021-02-18T18:23:21+00:00\",\"mainEntityOfPage\":{\"@id\":\"https:\/\/www.suno.com.br\/noticias\/itau-anuncia-captacao-eua\/\"},\"wordCount\":352,\"publisher\":{\"@id\":\"https:\/\/www.suno.com.br\/noticias\/#organization\"},\"image\":{\"@id\":\"https:\/\/www.suno.com.br\/noticias\/itau-anuncia-captacao-eua\/#primaryimage\"},\"thumbnailUrl\":\"https:\/\/files.sunoresearch.com.br\/n\/uploads\/2019\/08\/8e039b02-itau-jpg.webp\",\"keywords\":[\"Banco Central (BC)\",\"Ita\u00fa Unibanco (ITUB3\/ITUB4)\"],\"articleSection\":[\"Neg\u00f3cios\"],\"inLanguage\":\"pt-BR\"},{\"@type\":\"WebPage\",\"@id\":\"https:\/\/www.suno.com.br\/noticias\/itau-anuncia-captacao-eua\/\",\"url\":\"https:\/\/www.suno.com.br\/noticias\/itau-anuncia-captacao-eua\/\",\"name\":\"Ita\u00fa anuncia capta\u00e7\u00e3o de US$ 1,5 bilh\u00e3o nos EUA\",\"isPartOf\":{\"@id\":\"https:\/\/www.suno.com.br\/noticias\/#website\"},\"primaryImageOfPage\":{\"@id\":\"https:\/\/www.suno.com.br\/noticias\/itau-anuncia-captacao-eua\/#primaryimage\"},\"image\":{\"@id\":\"https:\/\/www.suno.com.br\/noticias\/itau-anuncia-captacao-eua\/#primaryimage\"},\"thumbnailUrl\":\"https:\/\/files.sunoresearch.com.br\/n\/uploads\/2019\/08\/8e039b02-itau-jpg.webp\",\"datePublished\":\"2020-01-16T23:59:56+00:00\",\"dateModified\":\"2021-02-18T18:23:21+00:00\",\"description\":\"O Ita\u00fa Unibanco (ITUB4) anunciou, nesta quinta-feira (16), a capta\u00e7\u00e3o de US$ 1,5 bilh\u00e3o (cerca de R$ 6,28 bilh\u00f5es). Clique para mais.\",\"breadcrumb\":{\"@id\":\"https:\/\/www.suno.com.br\/noticias\/itau-anuncia-captacao-eua\/#breadcrumb\"},\"inLanguage\":\"pt-BR\",\"potentialAction\":[{\"@type\":\"ReadAction\",\"target\":[\"https:\/\/www.suno.com.br\/noticias\/itau-anuncia-captacao-eua\/\"]}]},{\"@type\":\"ImageObject\",\"inLanguage\":\"pt-BR\",\"@id\":\"https:\/\/www.suno.com.br\/noticias\/itau-anuncia-captacao-eua\/#primaryimage\",\"url\":\"https:\/\/files.sunoresearch.com.br\/n\/uploads\/2019\/08\/8e039b02-itau-jpg.webp\",\"contentUrl\":\"https:\/\/files.sunoresearch.com.br\/n\/uploads\/2019\/08\/8e039b02-itau-jpg.webp\",\"width\":1600,\"height\":800,\"caption\":\"A Agenda do Dia desta quarta repercute os resultados divulgados na \u00faltima ter\u00e7a, al\u00e9m das elei\u00e7\u00f5es nos EUA.\"},{\"@type\":\"BreadcrumbList\",\"@id\":\"https:\/\/www.suno.com.br\/noticias\/itau-anuncia-captacao-eua\/#breadcrumb\",\"itemListElement\":[{\"@type\":\"ListItem\",\"position\":1,\"name\":\"Not\u00edcias\",\"item\":\"https:\/\/www.suno.com.br\/noticias\/\"},{\"@type\":\"ListItem\",\"position\":2,\"name\":\"Neg\u00f3cios\",\"item\":\"https:\/\/www.suno.com.br\/noticias\/negocios\/\"},{\"@type\":\"ListItem\",\"position\":3,\"name\":\"Ita\u00fa anuncia capta\u00e7\u00e3o de US$ 1,5 bilh\u00e3o nos EUA\"}]},{\"@type\":\"WebSite\",\"@id\":\"https:\/\/www.suno.com.br\/noticias\/#website\",\"url\":\"https:\/\/www.suno.com.br\/noticias\/\",\"name\":\"Suno Not\u00edcias\",\"description\":\"Seu portal de informa\u00e7\u00e3o sobre o mundo dos investimentos\",\"publisher\":{\"@id\":\"https:\/\/www.suno.com.br\/noticias\/#organization\"},\"potentialAction\":[{\"@type\":\"SearchAction\",\"target\":{\"@type\":\"EntryPoint\",\"urlTemplate\":\"https:\/\/www.suno.com.br\/noticias\/?s={search_term_string}\"},\"query-input\":{\"@type\":\"PropertyValueSpecification\",\"valueRequired\":true,\"valueName\":\"search_term_string\"}}],\"inLanguage\":\"pt-BR\"},{\"@type\":\"Organization\",\"@id\":\"https:\/\/www.suno.com.br\/noticias\/#organization\",\"name\":\"Suno Not\u00edcias\",\"url\":\"https:\/\/www.suno.com.br\/noticias\/\",\"logo\":{\"@type\":\"ImageObject\",\"inLanguage\":\"pt-BR\",\"@id\":\"https:\/\/www.suno.com.br\/noticias\/#\/schema\/logo\/image\/\",\"url\":\"https:\/\/files.sunoresearch.com.br\/n\/uploads\/2021\/09\/suno-logo.png\",\"contentUrl\":\"https:\/\/files.sunoresearch.com.br\/n\/uploads\/2021\/09\/suno-logo.png\",\"width\":180,\"height\":180,\"caption\":\"Suno Not\u00edcias\"},\"image\":{\"@id\":\"https:\/\/www.suno.com.br\/noticias\/#\/schema\/logo\/image\/\"},\"sameAs\":[\"https:\/\/facebook.com\/sunoresearch\",\"https:\/\/x.com\/sunoresearch\",\"https:\/\/www.instagram.com\/suno\",\"https:\/\/www.linkedin.com\/company\/suno-research\/\",\"https:\/\/www.youtube.com\/c\/sunoresearch\"]},{\"@type\":\"Person\",\"@id\":\"https:\/\/www.suno.com.br\/noticias\/#\/schema\/person\/098743caeed97b37f51315c9576c4078\",\"name\":\"Rafael Lara\",\"image\":{\"@type\":\"ImageObject\",\"inLanguage\":\"pt-BR\",\"@id\":\"https:\/\/www.suno.com.br\/noticias\/#\/schema\/person\/image\/\",\"url\":\"https:\/\/secure.gravatar.com\/avatar\/dfc254ab9bb2ea1895d98b9e9dae4bdd?s=96&r=g\",\"contentUrl\":\"https:\/\/secure.gravatar.com\/avatar\/dfc254ab9bb2ea1895d98b9e9dae4bdd?s=96&r=g\",\"caption\":\"Rafael Lara\"},\"description\":\"Rafael Lara cursa jornalismo na Faculdade C\u00e1sper L\u00edbero. Escreve sobre pol\u00edtica, economia e neg\u00f3cios para o portal Suno Not\u00edcias. Antes, colaborou na TV Gazeta na produ\u00e7\u00e3o do programa Edi\u00e7\u00e3o Extra.\",\"url\":\"https:\/\/www.suno.com.br\/noticias\/author\/rafael\/\"}]}<\/script>\n<!-- \/ Yoast SEO plugin. -->","yoast_head_json":{"title":"Ita\u00fa anuncia capta\u00e7\u00e3o de US$ 1,5 bilh\u00e3o nos EUA","description":"O Ita\u00fa Unibanco (ITUB4) anunciou, nesta quinta-feira (16), a capta\u00e7\u00e3o de US$ 1,5 bilh\u00e3o (cerca de R$ 6,28 bilh\u00f5es). Clique para mais.","robots":{"index":"index","follow":"follow","max-snippet":"max-snippet:-1","max-image-preview":"max-image-preview:large","max-video-preview":"max-video-preview:-1"},"canonical":"https:\/\/www.suno.com.br\/noticias\/itau-anuncia-captacao-eua\/","og_locale":"pt_BR","og_type":"article","og_title":"Ita\u00fa anuncia capta\u00e7\u00e3o de US$ 1,5 bilh\u00e3o nos EUA","og_description":"O Ita\u00fa Unibanco (ITUB4) anunciou, nesta quinta-feira (16), a capta\u00e7\u00e3o de US$ 1,5 bilh\u00e3o (cerca de R$ 6,28 bilh\u00f5es). Clique para mais.","og_url":"https:\/\/www.suno.com.br\/noticias\/itau-anuncia-captacao-eua\/","og_site_name":"Suno Not\u00edcias","article_publisher":"https:\/\/facebook.com\/sunoresearch","og_image":[{"width":1600,"height":800,"url":"https:\/\/files.sunoresearch.com.br\/n\/uploads\/2019\/08\/8e039b02-itau.jpg","type":"image\/jpeg"}],"author":"Rafael Lara","twitter_card":"summary_large_image","twitter_creator":"@sunoresearch","twitter_site":"@sunoresearch","twitter_misc":{"Escrito por":"Rafael Lara","Est. tempo de leitura":"2 minutos"},"schema":{"@context":"https:\/\/schema.org","@graph":[{"@type":"NewsArticle","@id":"https:\/\/www.suno.com.br\/noticias\/itau-anuncia-captacao-eua\/#article","isPartOf":{"@id":"https:\/\/www.suno.com.br\/noticias\/itau-anuncia-captacao-eua\/"},"author":{"name":"Rafael Lara","@id":"https:\/\/www.suno.com.br\/noticias\/#\/schema\/person\/098743caeed97b37f51315c9576c4078"},"headline":"Ita\u00fa anuncia capta\u00e7\u00e3o de US$ 1,5 bilh\u00e3o nos EUA","datePublished":"2020-01-16T23:59:56+00:00","dateModified":"2021-02-18T18:23:21+00:00","mainEntityOfPage":{"@id":"https:\/\/www.suno.com.br\/noticias\/itau-anuncia-captacao-eua\/"},"wordCount":352,"publisher":{"@id":"https:\/\/www.suno.com.br\/noticias\/#organization"},"image":{"@id":"https:\/\/www.suno.com.br\/noticias\/itau-anuncia-captacao-eua\/#primaryimage"},"thumbnailUrl":"https:\/\/files.sunoresearch.com.br\/n\/uploads\/2019\/08\/8e039b02-itau-jpg.webp","keywords":["Banco Central (BC)","Ita\u00fa Unibanco (ITUB3\/ITUB4)"],"articleSection":["Neg\u00f3cios"],"inLanguage":"pt-BR"},{"@type":"WebPage","@id":"https:\/\/www.suno.com.br\/noticias\/itau-anuncia-captacao-eua\/","url":"https:\/\/www.suno.com.br\/noticias\/itau-anuncia-captacao-eua\/","name":"Ita\u00fa anuncia capta\u00e7\u00e3o de US$ 1,5 bilh\u00e3o nos EUA","isPartOf":{"@id":"https:\/\/www.suno.com.br\/noticias\/#website"},"primaryImageOfPage":{"@id":"https:\/\/www.suno.com.br\/noticias\/itau-anuncia-captacao-eua\/#primaryimage"},"image":{"@id":"https:\/\/www.suno.com.br\/noticias\/itau-anuncia-captacao-eua\/#primaryimage"},"thumbnailUrl":"https:\/\/files.sunoresearch.com.br\/n\/uploads\/2019\/08\/8e039b02-itau-jpg.webp","datePublished":"2020-01-16T23:59:56+00:00","dateModified":"2021-02-18T18:23:21+00:00","description":"O Ita\u00fa Unibanco (ITUB4) anunciou, nesta quinta-feira (16), a capta\u00e7\u00e3o de US$ 1,5 bilh\u00e3o (cerca de R$ 6,28 bilh\u00f5es). Clique para mais.","breadcrumb":{"@id":"https:\/\/www.suno.com.br\/noticias\/itau-anuncia-captacao-eua\/#breadcrumb"},"inLanguage":"pt-BR","potentialAction":[{"@type":"ReadAction","target":["https:\/\/www.suno.com.br\/noticias\/itau-anuncia-captacao-eua\/"]}]},{"@type":"ImageObject","inLanguage":"pt-BR","@id":"https:\/\/www.suno.com.br\/noticias\/itau-anuncia-captacao-eua\/#primaryimage","url":"https:\/\/files.sunoresearch.com.br\/n\/uploads\/2019\/08\/8e039b02-itau-jpg.webp","contentUrl":"https:\/\/files.sunoresearch.com.br\/n\/uploads\/2019\/08\/8e039b02-itau-jpg.webp","width":1600,"height":800,"caption":"A Agenda do Dia desta quarta repercute os resultados divulgados na \u00faltima ter\u00e7a, al\u00e9m das elei\u00e7\u00f5es nos EUA."},{"@type":"BreadcrumbList","@id":"https:\/\/www.suno.com.br\/noticias\/itau-anuncia-captacao-eua\/#breadcrumb","itemListElement":[{"@type":"ListItem","position":1,"name":"Not\u00edcias","item":"https:\/\/www.suno.com.br\/noticias\/"},{"@type":"ListItem","position":2,"name":"Neg\u00f3cios","item":"https:\/\/www.suno.com.br\/noticias\/negocios\/"},{"@type":"ListItem","position":3,"name":"Ita\u00fa anuncia capta\u00e7\u00e3o de US$ 1,5 bilh\u00e3o nos EUA"}]},{"@type":"WebSite","@id":"https:\/\/www.suno.com.br\/noticias\/#website","url":"https:\/\/www.suno.com.br\/noticias\/","name":"Suno Not\u00edcias","description":"Seu portal de informa\u00e7\u00e3o sobre o mundo dos investimentos","publisher":{"@id":"https:\/\/www.suno.com.br\/noticias\/#organization"},"potentialAction":[{"@type":"SearchAction","target":{"@type":"EntryPoint","urlTemplate":"https:\/\/www.suno.com.br\/noticias\/?s={search_term_string}"},"query-input":{"@type":"PropertyValueSpecification","valueRequired":true,"valueName":"search_term_string"}}],"inLanguage":"pt-BR"},{"@type":"Organization","@id":"https:\/\/www.suno.com.br\/noticias\/#organization","name":"Suno Not\u00edcias","url":"https:\/\/www.suno.com.br\/noticias\/","logo":{"@type":"ImageObject","inLanguage":"pt-BR","@id":"https:\/\/www.suno.com.br\/noticias\/#\/schema\/logo\/image\/","url":"https:\/\/files.sunoresearch.com.br\/n\/uploads\/2021\/09\/suno-logo.png","contentUrl":"https:\/\/files.sunoresearch.com.br\/n\/uploads\/2021\/09\/suno-logo.png","width":180,"height":180,"caption":"Suno Not\u00edcias"},"image":{"@id":"https:\/\/www.suno.com.br\/noticias\/#\/schema\/logo\/image\/"},"sameAs":["https:\/\/facebook.com\/sunoresearch","https:\/\/x.com\/sunoresearch","https:\/\/www.instagram.com\/suno","https:\/\/www.linkedin.com\/company\/suno-research\/","https:\/\/www.youtube.com\/c\/sunoresearch"]},{"@type":"Person","@id":"https:\/\/www.suno.com.br\/noticias\/#\/schema\/person\/098743caeed97b37f51315c9576c4078","name":"Rafael Lara","image":{"@type":"ImageObject","inLanguage":"pt-BR","@id":"https:\/\/www.suno.com.br\/noticias\/#\/schema\/person\/image\/","url":"https:\/\/secure.gravatar.com\/avatar\/dfc254ab9bb2ea1895d98b9e9dae4bdd?s=96&r=g","contentUrl":"https:\/\/secure.gravatar.com\/avatar\/dfc254ab9bb2ea1895d98b9e9dae4bdd?s=96&r=g","caption":"Rafael Lara"},"description":"Rafael Lara cursa jornalismo na Faculdade C\u00e1sper L\u00edbero. Escreve sobre pol\u00edtica, economia e neg\u00f3cios para o portal Suno Not\u00edcias. Antes, colaborou na TV Gazeta na produ\u00e7\u00e3o do programa Edi\u00e7\u00e3o Extra.","url":"https:\/\/www.suno.com.br\/noticias\/author\/rafael\/"}]}},"default_loop_html":"<div class=\"cardsPage__listCard__boxs\"><div class=\"cardsPage__listCard__boxs__img\"><a href=\"https:\/\/www.suno.com.br\/noticias\/itau-anuncia-captacao-eua\/\"><img class=\"mask\" src=\"https:\/\/www.suno.com.br\/noticias\/wp-content\/themes\/suno\/resources\/images\/spotlight\/spotlight1img\/bg-mask.png\" alt=\"Image Mask\"\/><img src=\"https:\/\/files.sunoresearch.com.br\/n\/uploads\/2019\/08\/8e039b02-itau-400x200.webp\" alt=\"Ita\u00fa anuncia capta\u00e7\u00e3o de US$ 1,5 bilh\u00e3o nos EUA\"\/><\/a><span class=\"spotlightCategory\"><a href=\"https:\/\/www.suno.com.br\/noticias\/negocios\/\">Neg\u00f3cios<\/a><\/span><\/div><div class=\"cardsPage__listCard__boxs__content\"><a href=\"https:\/\/www.suno.com.br\/noticias\/itau-anuncia-captacao-eua\/\"><h2 class=\"content__title\">Ita\u00fa anuncia capta\u00e7\u00e3o de US$ 1,5 bilh\u00e3o nos EUA<\/h2><\/a><div class=\"newsContent__article__meta\"><div class=\"newsContent__article__meta__authorBox\"><a href=\"https:\/\/www.suno.com.br\/noticias\/author\/rafael\/\" class=\"authorBox__avatar noMobi\"><img src=\"https:\/\/secure.gravatar.com\/avatar\/dfc254ab9bb2ea1895d98b9e9dae4bdd?s=96&#038;r=g\" alt=\"Rafael Lara\"><\/a><div class=\"authorBox__name\"><span>por\n\t\t\t<a href=\"https:\/\/www.suno.com.br\/noticias\/author\/rafael\/\"><span itemprop=\"author\">Rafael Lara<\/span><\/a><\/span><time datetime=\"2020-01-16T21:59:56-03:00\" itemprop=\"datePublished\">16\/01\/2020 21:59<\/time><\/div><\/div><\/div><\/div><\/div>","single_layout":"posts","amp_enabled":true,"_links":{"self":[{"href":"https:\/\/www.suno.com.br\/noticias\/wp-json\/wp\/v2\/posts\/50013"}],"collection":[{"href":"https:\/\/www.suno.com.br\/noticias\/wp-json\/wp\/v2\/posts"}],"about":[{"href":"https:\/\/www.suno.com.br\/noticias\/wp-json\/wp\/v2\/types\/post"}],"author":[{"embeddable":true,"href":"https:\/\/www.suno.com.br\/noticias\/wp-json\/wp\/v2\/users\/23"}],"replies":[{"embeddable":true,"href":"https:\/\/www.suno.com.br\/noticias\/wp-json\/wp\/v2\/comments?post=50013"}],"version-history":[{"count":0,"href":"https:\/\/www.suno.com.br\/noticias\/wp-json\/wp\/v2\/posts\/50013\/revisions"}],"wp:featuredmedia":[{"embeddable":true,"href":"https:\/\/www.suno.com.br\/noticias\/wp-json\/wp\/v2\/media\/35758"}],"wp:attachment":[{"href":"https:\/\/www.suno.com.br\/noticias\/wp-json\/wp\/v2\/media?parent=50013"}],"wp:term":[{"taxonomy":"category","embeddable":true,"href":"https:\/\/www.suno.com.br\/noticias\/wp-json\/wp\/v2\/categories?post=50013"},{"taxonomy":"post_tag","embeddable":true,"href":"https:\/\/www.suno.com.br\/noticias\/wp-json\/wp\/v2\/tags?post=50013"},{"taxonomy":"suno_strategy","embeddable":true,"href":"https:\/\/www.suno.com.br\/noticias\/wp-json\/wp\/v2\/suno_strategy?post=50013"}],"curies":[{"name":"wp","href":"https:\/\/api.w.org\/{rel}","templated":true}]}}