{"id":499995,"date":"2023-12-13T21:05:55","date_gmt":"2023-12-14T00:05:55","guid":{"rendered":"https:\/\/www.suno.com.br\/noticias\/?p=499995"},"modified":"2023-12-13T21:51:21","modified_gmt":"2023-12-14T00:51:21","slug":"dexco-dxco3-subsidiaria-itausa-jcp-evm","status":"publish","type":"post","link":"https:\/\/www.suno.com.br\/noticias\/dexco-dxco3-subsidiaria-itausa-jcp-evm\/","title":{"rendered":"Dexco (DXCO3), subsidi\u00e1ria da Ita\u00fasa (ITSA4), anuncia JCP milion\u00e1rio; confira valor por a\u00e7\u00e3o"},"content":{"rendered":"<p>A <a class=\"suno-keyword\" data-force=\"yes\" data-priority=\"2\" href=\"https:\/\/www.suno.com.br\/acoes\/dxco3\/\" target=\"_blank\" rel=\"noopener\"><strong>Dexco<\/strong> (DXCO3)<\/a>, subsidi\u00e1ria da <a class=\"suno-keyword\" data-force=\"yes\" data-priority=\"2\" href=\"https:\/\/www.suno.com.br\/acoes\/ITSA4\/\" target=\"_blank\" rel=\"noopener\">Ita\u00fasa (ITSA4)<\/a>, pagar\u00e1 uma cifra de R$ 174 milh\u00f5es em <a class=\"suno-keyword\" data-force=\"no\" data-priority=\"1\" href=\"https:\/\/www.suno.com.br\/artigos\/entenda-o-jcp\/\" target=\"_blank\" rel=\"noopener\">Juros Sobre Capital Pr\u00f3prio<\/a> (JCP) aos seus acionistas, segundo <a class=\"suno-keyword\" data-force=\"no\" data-priority=\"1\" href=\"https:\/\/www.suno.com.br\/artigos\/fato-relevante\/\" target=\"_blank\" rel=\"noopener\">fato relevante<\/a> divulgado nesta quarta-feira (13).<\/p><div class=\"videoFull \">\n\t\t\t<div class=\"videoWrapper yt-lazyload center\"\n\t\t\t\tdata-width=\"960\"\n\t\t\t\tdata-height=\"540\"\n\t\t\t\tdata-id=\"3YEmU7BVu4o\"\n\t\t\t\tdata-alt=\"V\u00eddeo do YouTube - clique para reproduzir\"\n\t\t\t\tdata-logo=\"3\"\n\t\t\t\tdata-imagequality=\"maxres\">\n\t\t\t<\/div>\n\t\t<\/div><script type=\"application\/ld+json\">{\"@context\":\"https:\/\/schema.org\",\"@type\":\"VideoObject\",\"name\":\"\ud83d\udd34 COPOM CORTA SELIC EM 0,50 | LULA TAXA FUNDOS | IBOVESPA BEIRA 130 MIL PONTOS\",\"description\":\"#mercadofinanceiro #a\u00e7\u00f5es #investimentos #bolsadevalores #ibovespa #dinheiro #finan\u00e7as #pol\u00edtica #d\u00f3lar #livedas19h #petr4 #petrobras #vale3 #vale #a\u00e7\u00f5es #economia #dividendos #copom #selic #juros #taxadejuros #robertocamposneto #lula #offshore #fundos #pol\u00edtica \ud83d\udd34SNME11, FII Multiestrat\u00e9gia para quem busca ir al\u00e9m do Dividend Yield: https:\/\/lp.suno.com.br\/asset\/emissao-snme11\/?utm_source=youtube.noticias&utm_medium=live&utm_campaign=SA.SNME11.ns.20231201&utm_content=livedas19h 00:00 In\u00edcio do v\u00eddeo 02:07 TUDO sobre a decis\u00e3o do Copom feat. Gustavo Sung 11:37 Fechamento de\u2026\",\"duration\":\"PT33M28S\",\"embedUrl\":\"https:\/\/www.youtube.com\/embed\/3YEmU7BVu4o\",\"regionsAllowed\":\"en-US\",\"interactionStatistic\":{\"@type\":\"InteractionCounter\",\"interactionType\":{\"@type\":\"WatchAction\"},\"userInteractionCount\":1649},\"thumbnailUrl\":\"https:\/\/i.ytimg.com\/vi\/3YEmU7BVu4o\/default.jpg\",\"uploadDate\":\"2023-12-13T22:42:50Z\"}<\/script>\n\n\n\n\n\t<p>\n\t\t<a href=\"\" target=\"_blank\" data-element=\"shortcode-suno-banner\" title=\"Banner SUNO, clique e saiba mais\">\n\t\t\t<picture>\n\t\t\t\t<source media=\"(max-width: 500px)\" srcset=\"\">\n\t\t\t\t<img class=\"newsContent__article__imgCapa newsContent__article__imgCapa--banner\"\n\t\t\t\t\tsrc=\"\"\n\t\t\t\t\tdata-promo-id=\"89005\"\t\t\t\t\t\t\t\t\t\t\t\t\t\t\talt=\"\"\n\t\t\t\t>\n\t\t\t<\/picture>\n\t\t<\/a>\n\t<\/p>\n\n\n\n\n\n\n\n<p>O valor dos<strong> proventos<\/strong> por a\u00e7\u00e3o da Dexco ser\u00e1 de R$ 0,21, que ser\u00e3o pagos at\u00e9 o dia 31 de dezembro deste ano.<\/p>\n\n\n\n<p>Apenas os investidores com <strong>a\u00e7\u00f5es da Dexco<\/strong> no dia 19 de dezembro ter\u00e3o direito de receber os <strong>rendimentos<\/strong>. <\/p>\n\n\n\n<p>A partir do dia 20 de dezembro, as a\u00e7\u00f5es <strong>DXCO3<\/strong> ser\u00e3o negociadas sem direito aos <a class=\"suno-keyword\" target=\"_blank\" data-force=\"no\" data-priority=\"1\" href=\"https:\/\/www.suno.com.br\/guias\/dividendos\/\" rel=\"noopener\">dividendos<\/a>.<\/p>\n\n\n\n<p>Segundo <a href=\"https:\/\/www.rad.cvm.gov.br\/ENET\/frmExibirArquivoIPEExterno.aspx?NumeroProtocoloEntrega=1173094\" target=\"_blank\" rel=\"noreferrer noopener\">documento arquivado na Comiss\u00e3o de Valores Mobili\u00e1rios (CVM)<\/a>, esses proventos s\u00e3o relativos ao resultado do exerc\u00edcio do ano de 2023<\/p>\n\n\n\n<p>O valor dos JCP ter\u00e1 reten\u00e7\u00e3o do imposto de renda na fonte, com al\u00edquota de 15%, resultando em aproximadamente R$ 0,18 por a\u00e7\u00e3o.<\/p>\n\n\n\t<p>\n\t\t<a href=\"https:\/\/lp.suno.com.br\/minicurso-investindo-fiis\/\" target=\"_blank\" data-element=\"shortcode-suno-banner\" title=\"Banner SUNO, clique e saiba mais\">\n\t\t\t<picture>\n\t\t\t\t<source media=\"(max-width: 500px)\" srcset=\"https:\/\/files.sunoresearch.com.br\/n\/uploads\/2023\/03\/400x300-Minicurso-FIIS.png\">\n\t\t\t\t<img class=\"newsContent__article__imgCapa newsContent__article__imgCapa--banner\"\n\t\t\t\t\tsrc=\"https:\/\/files.sunoresearch.com.br\/n\/uploads\/2023\/03\/1420x240-Minicurso-FIIS.png\"\n\t\t\t\t\tdata-promo-id=\"383125\"\t\t\t\t\t\t\t\t\t\twidth='1420' height='240'\t\t\t\t\talt=\"https:\/\/files.sunoresearch.com.br\/n\/uploads\/2023\/03\/1420x240-Minicurso-FIIS.png\"\n\t\t\t\t>\n\t\t\t<\/picture>\n\t\t<\/a>\n\t<\/p>\n\n\n\n\n\n<h2 class=\"wp-block-heading\">JCP da Dexco<\/h2>\n\n\n\n<ul class=\"wp-block-list\">\n<li><strong>Valor total:<\/strong> R$ 174 milh\u00f5es<\/li>\n\n\n\n<li><strong>Valor por a\u00e7\u00e3o:<\/strong> R$ 0,215308641665<\/li>\n\n\n\n<li><strong>Valor por a\u00e7\u00e3o ap\u00f3s reten\u00e7\u00e3o de IR<\/strong>: R$ 0,183012345415<\/li>\n\n\n\n<li><strong>Data de corte:<\/strong> 19 de dezembro<\/li>\n\n\n\n<li><strong>Data do pagamento:<\/strong> At\u00e9 31 de dezembro<\/li>\n<\/ul>\n\n\n\n<p>No preg\u00e3o desta quarta (13), a cota\u00e7\u00e3o das a\u00e7\u00f5es da <strong>Dexco<\/strong> subiu 5,6%. No acumulado de 2023, os pap\u00e9is sobem 16,5% na bolsa de valores.<\/p>\n\n\n\n<h2 class=\"wp-block-heading\">Dexco dobra lucro no 3T23<\/h2>\n\n\n\n<p>A\u00a0<a href=\"https:\/\/www.suno.com.br\/acoes\/dxco3\/\" target=\"_blank\" rel=\"noreferrer noopener\">Dexco (DXCO3)<\/a>, companhia que pertence \u00e0 holding\u00a0<a href=\"https:\/\/www.suno.com.br\/acoes\/ITSA4\/\" target=\"_blank\" rel=\"noreferrer noopener\"><strong>Ita\u00fasa<\/strong>\u00a0(ITSA4)<\/a>, praticamente dobrou seu lucro no acumulado do terceiro trimestre de 2023 (3T23).<\/p>\n\n\n\n<p>Conforme o&nbsp;<strong>resultado da Dexco<\/strong>&nbsp;divulgado nesta quarta-feira (8), a companhia mostrou uma alta de 97% no seu lucro na base anual, para atuais R$ 304,1 milh\u00f5es. A&nbsp;<strong>companhia da Ita\u00fasa<\/strong>, com isso, ficou muito acima do consenso Bloomberg, que projetava R$ 7 milh\u00f5es, e de diversos analistas do&nbsp;<a href=\"https:\/\/www.suno.com.br\/artigos\/sell-side\/\" target=\"_blank\" rel=\"noreferrer noopener\">sell side<\/a>, que miravam cerca de R$ 40 milh\u00f5es.<\/p>\n\n\n\n<p>Por\u00e9m o lucro antes de juros, impostos, deprecia\u00e7\u00f5es e amortiza\u00e7\u00f5es (Ebitda) ajustado e recorrente da&nbsp;<strong>Dexco no 3T23<\/strong>&nbsp;ficou em R$ 287,9 milh\u00f5es, indicando uma queda anual de 30,7%.<\/p>\n\n\n\n<p>Isso, por sua vez, resultou em uma redu\u00e7\u00e3o da&nbsp;<a target=\"_blank\" href=\"https:\/\/www.suno.com.br\/artigos\/margem-ebitda\/\" rel=\"noreferrer noopener\">margem Ebitda<\/a>&nbsp;ajustada de 2,7 pontos percentuais, totalizando 16,3%.<\/p>\n\n\n\n<p>A&nbsp;<a target=\"_blank\" href=\"https:\/\/www.suno.com.br\/artigos\/o-que-receita-liquida\/\" rel=\"noreferrer noopener\">receita l\u00edquida<\/a>&nbsp;totalizou R$ 1,768 bilh\u00e3o no terceiro trimestre deste ano, refletindo uma diminui\u00e7\u00e3o de 18,2% em rela\u00e7\u00e3o \u00e0 mesma etapa de 2022.<\/p>\n\n\n\n<p>O consenso Bloomberg projetava R$ 371 milh\u00f5es de Ebitda e cerca de R$ 2 bilh\u00f5es de\u00a0<a href=\"https:\/\/www.suno.com.br\/artigos\/o-que-receita-liquida\/\" target=\"_blank\" rel=\"noreferrer noopener\">receita l\u00edquida<\/a>\u00a0para a<strong> Dexco <\/strong>\u2013 ou seja, a companhia ficou aqu\u00e9m do esperado em ambos os indicadores.<\/p>\n\n\n\t<p>\n\t\t<a href=\"https:\/\/lp.suno.com.br\/planilha-da-vida-financeira\/\" target=\"_blank\" data-element=\"shortcode-suno-banner\" title=\"Banner SUNO, clique e saiba mais\">\n\t\t\t<picture>\n\t\t\t\t<source media=\"(max-width: 500px)\" srcset=\"https:\/\/files.sunoresearch.com.br\/n\/uploads\/2023\/04\/400x300-Planilha-vida-financeira-true.png\">\n\t\t\t\t<img class=\"newsContent__article__imgCapa newsContent__article__imgCapa--banner\"\n\t\t\t\t\tsrc=\"https:\/\/files.sunoresearch.com.br\/n\/uploads\/2023\/04\/1420x240-Planilha-vida-financeira-true.png\"\n\t\t\t\t\tdata-promo-id=\"383123\"\t\t\t\t\t\t\t\t\t\twidth='1420' height='240'\t\t\t\t\talt=\"https:\/\/files.sunoresearch.com.br\/n\/uploads\/2023\/04\/1420x240-Planilha-vida-financeira-true.png\"\n\t\t\t\t>\n\t\t\t<\/picture>\n\t\t<\/a>\n\t<\/p>\n\n\n","protected":false},"excerpt":{"rendered":"<p>A Dexco (DXCO3), subsidi\u00e1ria da Ita\u00fasa (ITSA4), pagar\u00e1 uma cifra de R$ 174 milh\u00f5es em Juros Sobre Capital Pr\u00f3prio (JCP) aos seus acionistas, segundo fato relevante divulgado nesta quarta-feira (13). O valor dos proventos por a\u00e7\u00e3o da Dexco ser\u00e1 de R$ 0,21, que ser\u00e3o pagos at\u00e9 o dia 31 de dezembro deste ano. Apenas os [&hellip;]<\/p>\n","protected":false},"author":73,"featured_media":331734,"comment_status":"closed","ping_status":"closed","sticky":false,"template":"","format":"standard","meta":[],"categories":[64],"tags":[106758,517,1957],"suno_strategy":[],"class_list":["post-499995","post","type-post","status-publish","format-standard","has-post-thumbnail","hentry","category-negocios","tag-dexco-dxco3","tag-itausa-itsa3-itsa4","tag-juros-sobre-capital-proprio-jcp"],"yoast_head":"<!-- This site is optimized with the Yoast SEO plugin v24.4 - https:\/\/yoast.com\/wordpress\/plugins\/seo\/ -->\n<title>Dexco (DXCO3), subsidi\u00e1ria da Ita\u00fasa, anuncia JCP milion\u00e1rio; veja<\/title>\n<meta name=\"description\" content=\"O valor dos proventos por a\u00e7\u00e3o da Dexco ser\u00e1 de R$ 0,21, que ser\u00e3o pagos at\u00e9 o dia 31 de dezembro deste ano\" \/>\n<meta name=\"robots\" content=\"index, follow, max-snippet:-1, max-image-preview:large, max-video-preview:-1\" \/>\n<link rel=\"canonical\" href=\"https:\/\/www.suno.com.br\/noticias\/dexco-dxco3-subsidiaria-itausa-jcp-evm\/\" \/>\n<meta property=\"og:locale\" content=\"pt_BR\" \/>\n<meta property=\"og:type\" content=\"article\" \/>\n<meta property=\"og:title\" content=\"Dexco (DXCO3), subsidi\u00e1ria da Ita\u00fasa, anuncia JCP milion\u00e1rio; veja\" \/>\n<meta property=\"og:description\" content=\"O valor dos proventos por a\u00e7\u00e3o da Dexco ser\u00e1 de R$ 0,21, que ser\u00e3o pagos at\u00e9 o dia 31 de dezembro deste ano\" \/>\n<meta property=\"og:url\" content=\"https:\/\/www.suno.com.br\/noticias\/dexco-dxco3-subsidiaria-itausa-jcp-evm\/\" \/>\n<meta property=\"og:site_name\" content=\"Suno Not\u00edcias\" \/>\n<meta property=\"article:publisher\" content=\"https:\/\/facebook.com\/sunoresearch\" \/>\n<meta property=\"og:image\" content=\"https:\/\/files.sunoresearch.com.br\/n\/uploads\/2022\/12\/Duratex-agora-e-Dexco.jpeg\" \/>\n\t<meta property=\"og:image:width\" content=\"1200\" \/>\n\t<meta property=\"og:image:height\" content=\"800\" \/>\n\t<meta property=\"og:image:type\" content=\"image\/jpeg\" \/>\n<meta name=\"author\" content=\"Eduardo Vargas\" \/>\n<meta name=\"twitter:card\" content=\"summary_large_image\" \/>\n<meta name=\"twitter:creator\" content=\"@sunoresearch\" \/>\n<meta name=\"twitter:site\" content=\"@sunoresearch\" \/>\n<meta name=\"twitter:label1\" content=\"Escrito por\" \/>\n\t<meta name=\"twitter:data1\" content=\"Eduardo Vargas\" \/>\n\t<meta name=\"twitter:label2\" content=\"Est. tempo de leitura\" \/>\n\t<meta name=\"twitter:data2\" content=\"3 minutos\" \/>\n<script type=\"application\/ld+json\" class=\"yoast-schema-graph\">{\"@context\":\"https:\/\/schema.org\",\"@graph\":[{\"@type\":\"NewsArticle\",\"@id\":\"https:\/\/www.suno.com.br\/noticias\/dexco-dxco3-subsidiaria-itausa-jcp-evm\/#article\",\"isPartOf\":{\"@id\":\"https:\/\/www.suno.com.br\/noticias\/dexco-dxco3-subsidiaria-itausa-jcp-evm\/\"},\"author\":{\"name\":\"Eduardo Vargas\",\"@id\":\"https:\/\/www.suno.com.br\/noticias\/#\/schema\/person\/7f4d362bf3518e76090143ae77bb49a5\"},\"headline\":\"Dexco (DXCO3), subsidi\u00e1ria da Ita\u00fasa (ITSA4), anuncia JCP milion\u00e1rio; confira valor por a\u00e7\u00e3o\",\"datePublished\":\"2023-12-14T00:05:55+00:00\",\"dateModified\":\"2023-12-14T00:51:21+00:00\",\"mainEntityOfPage\":{\"@id\":\"https:\/\/www.suno.com.br\/noticias\/dexco-dxco3-subsidiaria-itausa-jcp-evm\/\"},\"wordCount\":425,\"publisher\":{\"@id\":\"https:\/\/www.suno.com.br\/noticias\/#organization\"},\"image\":{\"@id\":\"https:\/\/www.suno.com.br\/noticias\/dexco-dxco3-subsidiaria-itausa-jcp-evm\/#primaryimage\"},\"thumbnailUrl\":\"https:\/\/files.sunoresearch.com.br\/n\/uploads\/2022\/12\/Duratex-agora-e-Dexco.jpeg\",\"keywords\":[\"Dexco (DXCO3)\",\"Ita\u00fasa (ITSA3\/ITSA4)\",\"juros sobre capital pr\u00f3prio (JCP)\"],\"articleSection\":[\"Neg\u00f3cios\"],\"inLanguage\":\"pt-BR\"},{\"@type\":\"WebPage\",\"@id\":\"https:\/\/www.suno.com.br\/noticias\/dexco-dxco3-subsidiaria-itausa-jcp-evm\/\",\"url\":\"https:\/\/www.suno.com.br\/noticias\/dexco-dxco3-subsidiaria-itausa-jcp-evm\/\",\"name\":\"Dexco (DXCO3), subsidi\u00e1ria da Ita\u00fasa, anuncia JCP milion\u00e1rio; veja\",\"isPartOf\":{\"@id\":\"https:\/\/www.suno.com.br\/noticias\/#website\"},\"primaryImageOfPage\":{\"@id\":\"https:\/\/www.suno.com.br\/noticias\/dexco-dxco3-subsidiaria-itausa-jcp-evm\/#primaryimage\"},\"image\":{\"@id\":\"https:\/\/www.suno.com.br\/noticias\/dexco-dxco3-subsidiaria-itausa-jcp-evm\/#primaryimage\"},\"thumbnailUrl\":\"https:\/\/files.sunoresearch.com.br\/n\/uploads\/2022\/12\/Duratex-agora-e-Dexco.jpeg\",\"datePublished\":\"2023-12-14T00:05:55+00:00\",\"dateModified\":\"2023-12-14T00:51:21+00:00\",\"description\":\"O valor dos proventos por a\u00e7\u00e3o da Dexco ser\u00e1 de R$ 0,21, que ser\u00e3o pagos at\u00e9 o dia 31 de dezembro deste ano\",\"breadcrumb\":{\"@id\":\"https:\/\/www.suno.com.br\/noticias\/dexco-dxco3-subsidiaria-itausa-jcp-evm\/#breadcrumb\"},\"inLanguage\":\"pt-BR\",\"potentialAction\":[{\"@type\":\"ReadAction\",\"target\":[\"https:\/\/www.suno.com.br\/noticias\/dexco-dxco3-subsidiaria-itausa-jcp-evm\/\"]}]},{\"@type\":\"ImageObject\",\"inLanguage\":\"pt-BR\",\"@id\":\"https:\/\/www.suno.com.br\/noticias\/dexco-dxco3-subsidiaria-itausa-jcp-evm\/#primaryimage\",\"url\":\"https:\/\/files.sunoresearch.com.br\/n\/uploads\/2022\/12\/Duratex-agora-e-Dexco.jpeg\",\"contentUrl\":\"https:\/\/files.sunoresearch.com.br\/n\/uploads\/2022\/12\/Duratex-agora-e-Dexco.jpeg\",\"width\":1200,\"height\":800,\"caption\":\"Dexco. Foto: Divulga\u00e7\u00e3o\"},{\"@type\":\"BreadcrumbList\",\"@id\":\"https:\/\/www.suno.com.br\/noticias\/dexco-dxco3-subsidiaria-itausa-jcp-evm\/#breadcrumb\",\"itemListElement\":[{\"@type\":\"ListItem\",\"position\":1,\"name\":\"Not\u00edcias\",\"item\":\"https:\/\/www.suno.com.br\/noticias\/\"},{\"@type\":\"ListItem\",\"position\":2,\"name\":\"Neg\u00f3cios\",\"item\":\"https:\/\/www.suno.com.br\/noticias\/negocios\/\"},{\"@type\":\"ListItem\",\"position\":3,\"name\":\"Dexco (DXCO3), subsidi\u00e1ria da Ita\u00fasa (ITSA4), anuncia JCP milion\u00e1rio; confira valor por a\u00e7\u00e3o\"}]},{\"@type\":\"WebSite\",\"@id\":\"https:\/\/www.suno.com.br\/noticias\/#website\",\"url\":\"https:\/\/www.suno.com.br\/noticias\/\",\"name\":\"Suno Not\u00edcias\",\"description\":\"Seu portal de informa\u00e7\u00e3o sobre o mundo dos investimentos\",\"publisher\":{\"@id\":\"https:\/\/www.suno.com.br\/noticias\/#organization\"},\"potentialAction\":[{\"@type\":\"SearchAction\",\"target\":{\"@type\":\"EntryPoint\",\"urlTemplate\":\"https:\/\/www.suno.com.br\/noticias\/?s={search_term_string}\"},\"query-input\":{\"@type\":\"PropertyValueSpecification\",\"valueRequired\":true,\"valueName\":\"search_term_string\"}}],\"inLanguage\":\"pt-BR\"},{\"@type\":\"Organization\",\"@id\":\"https:\/\/www.suno.com.br\/noticias\/#organization\",\"name\":\"Suno Not\u00edcias\",\"url\":\"https:\/\/www.suno.com.br\/noticias\/\",\"logo\":{\"@type\":\"ImageObject\",\"inLanguage\":\"pt-BR\",\"@id\":\"https:\/\/www.suno.com.br\/noticias\/#\/schema\/logo\/image\/\",\"url\":\"https:\/\/files.sunoresearch.com.br\/n\/uploads\/2021\/09\/suno-logo.png\",\"contentUrl\":\"https:\/\/files.sunoresearch.com.br\/n\/uploads\/2021\/09\/suno-logo.png\",\"width\":180,\"height\":180,\"caption\":\"Suno Not\u00edcias\"},\"image\":{\"@id\":\"https:\/\/www.suno.com.br\/noticias\/#\/schema\/logo\/image\/\"},\"sameAs\":[\"https:\/\/facebook.com\/sunoresearch\",\"https:\/\/x.com\/sunoresearch\",\"https:\/\/www.instagram.com\/suno\",\"https:\/\/www.linkedin.com\/company\/suno-research\/\",\"https:\/\/www.youtube.com\/c\/sunoresearch\"]},{\"@type\":\"Person\",\"@id\":\"https:\/\/www.suno.com.br\/noticias\/#\/schema\/person\/7f4d362bf3518e76090143ae77bb49a5\",\"name\":\"Eduardo Vargas\",\"image\":{\"@type\":\"ImageObject\",\"inLanguage\":\"pt-BR\",\"@id\":\"https:\/\/www.suno.com.br\/noticias\/#\/schema\/person\/image\/\",\"url\":\"https:\/\/secure.gravatar.com\/avatar\/dac340933427a22924c9f99d1eb2e3f2?s=96&r=g\",\"contentUrl\":\"https:\/\/secure.gravatar.com\/avatar\/dac340933427a22924c9f99d1eb2e3f2?s=96&r=g\",\"caption\":\"Eduardo Vargas\"},\"description\":\"Jornalista formado pela UFSC, cobre macroeconomia, neg\u00f3cios e startups para o Suno Not\u00edcias, escrevendo principalmente not\u00edcias sobre o mercado financeiro e a bolsa de valores. No YouTube e no Instagram, \u00e9 respons\u00e1vel pela produ\u00e7\u00e3o de Reels e Shorts do Suno Not\u00edcias. Anteriormente, trabalhou cobrindo economia e cotidiano no ND+ e para o ND, maior jornal impresso de Santa Catarina. Cursou um semestre letivo de Estudos de M\u00eddia na Universidad de Buenos Aires.\",\"url\":\"https:\/\/www.suno.com.br\/noticias\/author\/eduardo-vargas\/\"}]}<\/script>\n<!-- \/ Yoast SEO plugin. -->","yoast_head_json":{"title":"Dexco (DXCO3), subsidi\u00e1ria da Ita\u00fasa, anuncia JCP milion\u00e1rio; veja","description":"O valor dos proventos por a\u00e7\u00e3o da Dexco ser\u00e1 de R$ 0,21, que ser\u00e3o pagos at\u00e9 o dia 31 de dezembro deste ano","robots":{"index":"index","follow":"follow","max-snippet":"max-snippet:-1","max-image-preview":"max-image-preview:large","max-video-preview":"max-video-preview:-1"},"canonical":"https:\/\/www.suno.com.br\/noticias\/dexco-dxco3-subsidiaria-itausa-jcp-evm\/","og_locale":"pt_BR","og_type":"article","og_title":"Dexco (DXCO3), subsidi\u00e1ria da Ita\u00fasa, anuncia JCP milion\u00e1rio; veja","og_description":"O valor dos proventos por a\u00e7\u00e3o da Dexco ser\u00e1 de R$ 0,21, que ser\u00e3o pagos at\u00e9 o dia 31 de dezembro deste ano","og_url":"https:\/\/www.suno.com.br\/noticias\/dexco-dxco3-subsidiaria-itausa-jcp-evm\/","og_site_name":"Suno Not\u00edcias","article_publisher":"https:\/\/facebook.com\/sunoresearch","og_image":[{"width":1200,"height":800,"url":"https:\/\/files.sunoresearch.com.br\/n\/uploads\/2022\/12\/Duratex-agora-e-Dexco.jpeg","type":"image\/jpeg"}],"author":"Eduardo Vargas","twitter_card":"summary_large_image","twitter_creator":"@sunoresearch","twitter_site":"@sunoresearch","twitter_misc":{"Escrito por":"Eduardo Vargas","Est. tempo de leitura":"3 minutos"},"schema":{"@context":"https:\/\/schema.org","@graph":[{"@type":"NewsArticle","@id":"https:\/\/www.suno.com.br\/noticias\/dexco-dxco3-subsidiaria-itausa-jcp-evm\/#article","isPartOf":{"@id":"https:\/\/www.suno.com.br\/noticias\/dexco-dxco3-subsidiaria-itausa-jcp-evm\/"},"author":{"name":"Eduardo Vargas","@id":"https:\/\/www.suno.com.br\/noticias\/#\/schema\/person\/7f4d362bf3518e76090143ae77bb49a5"},"headline":"Dexco (DXCO3), subsidi\u00e1ria da Ita\u00fasa (ITSA4), anuncia JCP milion\u00e1rio; confira valor por a\u00e7\u00e3o","datePublished":"2023-12-14T00:05:55+00:00","dateModified":"2023-12-14T00:51:21+00:00","mainEntityOfPage":{"@id":"https:\/\/www.suno.com.br\/noticias\/dexco-dxco3-subsidiaria-itausa-jcp-evm\/"},"wordCount":425,"publisher":{"@id":"https:\/\/www.suno.com.br\/noticias\/#organization"},"image":{"@id":"https:\/\/www.suno.com.br\/noticias\/dexco-dxco3-subsidiaria-itausa-jcp-evm\/#primaryimage"},"thumbnailUrl":"https:\/\/files.sunoresearch.com.br\/n\/uploads\/2022\/12\/Duratex-agora-e-Dexco.jpeg","keywords":["Dexco (DXCO3)","Ita\u00fasa (ITSA3\/ITSA4)","juros sobre capital pr\u00f3prio (JCP)"],"articleSection":["Neg\u00f3cios"],"inLanguage":"pt-BR"},{"@type":"WebPage","@id":"https:\/\/www.suno.com.br\/noticias\/dexco-dxco3-subsidiaria-itausa-jcp-evm\/","url":"https:\/\/www.suno.com.br\/noticias\/dexco-dxco3-subsidiaria-itausa-jcp-evm\/","name":"Dexco (DXCO3), subsidi\u00e1ria da Ita\u00fasa, anuncia JCP milion\u00e1rio; veja","isPartOf":{"@id":"https:\/\/www.suno.com.br\/noticias\/#website"},"primaryImageOfPage":{"@id":"https:\/\/www.suno.com.br\/noticias\/dexco-dxco3-subsidiaria-itausa-jcp-evm\/#primaryimage"},"image":{"@id":"https:\/\/www.suno.com.br\/noticias\/dexco-dxco3-subsidiaria-itausa-jcp-evm\/#primaryimage"},"thumbnailUrl":"https:\/\/files.sunoresearch.com.br\/n\/uploads\/2022\/12\/Duratex-agora-e-Dexco.jpeg","datePublished":"2023-12-14T00:05:55+00:00","dateModified":"2023-12-14T00:51:21+00:00","description":"O valor dos proventos por a\u00e7\u00e3o da Dexco ser\u00e1 de R$ 0,21, que ser\u00e3o pagos at\u00e9 o dia 31 de dezembro deste ano","breadcrumb":{"@id":"https:\/\/www.suno.com.br\/noticias\/dexco-dxco3-subsidiaria-itausa-jcp-evm\/#breadcrumb"},"inLanguage":"pt-BR","potentialAction":[{"@type":"ReadAction","target":["https:\/\/www.suno.com.br\/noticias\/dexco-dxco3-subsidiaria-itausa-jcp-evm\/"]}]},{"@type":"ImageObject","inLanguage":"pt-BR","@id":"https:\/\/www.suno.com.br\/noticias\/dexco-dxco3-subsidiaria-itausa-jcp-evm\/#primaryimage","url":"https:\/\/files.sunoresearch.com.br\/n\/uploads\/2022\/12\/Duratex-agora-e-Dexco.jpeg","contentUrl":"https:\/\/files.sunoresearch.com.br\/n\/uploads\/2022\/12\/Duratex-agora-e-Dexco.jpeg","width":1200,"height":800,"caption":"Dexco. Foto: Divulga\u00e7\u00e3o"},{"@type":"BreadcrumbList","@id":"https:\/\/www.suno.com.br\/noticias\/dexco-dxco3-subsidiaria-itausa-jcp-evm\/#breadcrumb","itemListElement":[{"@type":"ListItem","position":1,"name":"Not\u00edcias","item":"https:\/\/www.suno.com.br\/noticias\/"},{"@type":"ListItem","position":2,"name":"Neg\u00f3cios","item":"https:\/\/www.suno.com.br\/noticias\/negocios\/"},{"@type":"ListItem","position":3,"name":"Dexco (DXCO3), subsidi\u00e1ria da Ita\u00fasa (ITSA4), anuncia JCP milion\u00e1rio; confira valor por a\u00e7\u00e3o"}]},{"@type":"WebSite","@id":"https:\/\/www.suno.com.br\/noticias\/#website","url":"https:\/\/www.suno.com.br\/noticias\/","name":"Suno Not\u00edcias","description":"Seu portal de informa\u00e7\u00e3o sobre o mundo dos investimentos","publisher":{"@id":"https:\/\/www.suno.com.br\/noticias\/#organization"},"potentialAction":[{"@type":"SearchAction","target":{"@type":"EntryPoint","urlTemplate":"https:\/\/www.suno.com.br\/noticias\/?s={search_term_string}"},"query-input":{"@type":"PropertyValueSpecification","valueRequired":true,"valueName":"search_term_string"}}],"inLanguage":"pt-BR"},{"@type":"Organization","@id":"https:\/\/www.suno.com.br\/noticias\/#organization","name":"Suno Not\u00edcias","url":"https:\/\/www.suno.com.br\/noticias\/","logo":{"@type":"ImageObject","inLanguage":"pt-BR","@id":"https:\/\/www.suno.com.br\/noticias\/#\/schema\/logo\/image\/","url":"https:\/\/files.sunoresearch.com.br\/n\/uploads\/2021\/09\/suno-logo.png","contentUrl":"https:\/\/files.sunoresearch.com.br\/n\/uploads\/2021\/09\/suno-logo.png","width":180,"height":180,"caption":"Suno Not\u00edcias"},"image":{"@id":"https:\/\/www.suno.com.br\/noticias\/#\/schema\/logo\/image\/"},"sameAs":["https:\/\/facebook.com\/sunoresearch","https:\/\/x.com\/sunoresearch","https:\/\/www.instagram.com\/suno","https:\/\/www.linkedin.com\/company\/suno-research\/","https:\/\/www.youtube.com\/c\/sunoresearch"]},{"@type":"Person","@id":"https:\/\/www.suno.com.br\/noticias\/#\/schema\/person\/7f4d362bf3518e76090143ae77bb49a5","name":"Eduardo Vargas","image":{"@type":"ImageObject","inLanguage":"pt-BR","@id":"https:\/\/www.suno.com.br\/noticias\/#\/schema\/person\/image\/","url":"https:\/\/secure.gravatar.com\/avatar\/dac340933427a22924c9f99d1eb2e3f2?s=96&r=g","contentUrl":"https:\/\/secure.gravatar.com\/avatar\/dac340933427a22924c9f99d1eb2e3f2?s=96&r=g","caption":"Eduardo Vargas"},"description":"Jornalista formado pela UFSC, cobre macroeconomia, neg\u00f3cios e startups para o Suno Not\u00edcias, escrevendo principalmente not\u00edcias sobre o mercado financeiro e a bolsa de valores. No YouTube e no Instagram, \u00e9 respons\u00e1vel pela produ\u00e7\u00e3o de Reels e Shorts do Suno Not\u00edcias. Anteriormente, trabalhou cobrindo economia e cotidiano no ND+ e para o ND, maior jornal impresso de Santa Catarina. Cursou um semestre letivo de Estudos de M\u00eddia na Universidad de Buenos Aires.","url":"https:\/\/www.suno.com.br\/noticias\/author\/eduardo-vargas\/"}]}},"default_loop_html":"<div class=\"cardsPage__listCard__boxs\"><div class=\"cardsPage__listCard__boxs__img\"><a href=\"https:\/\/www.suno.com.br\/noticias\/dexco-dxco3-subsidiaria-itausa-jcp-evm\/\"><img class=\"mask\" src=\"https:\/\/www.suno.com.br\/noticias\/wp-content\/themes\/suno\/resources\/images\/spotlight\/spotlight1img\/bg-mask.png\" alt=\"Image Mask\"\/><img src=\"https:\/\/files.sunoresearch.com.br\/n\/uploads\/2022\/12\/Duratex-agora-e-Dexco-400x200.jpeg\" alt=\"Dexco (DXCO3), subsidi\u00e1ria da Ita\u00fasa (ITSA4), anuncia JCP milion\u00e1rio; confira valor por a\u00e7\u00e3o\"\/><\/a><span class=\"spotlightCategory\"><a href=\"https:\/\/www.suno.com.br\/noticias\/negocios\/\">Neg\u00f3cios<\/a><\/span><\/div><div class=\"cardsPage__listCard__boxs__content\"><a href=\"https:\/\/www.suno.com.br\/noticias\/dexco-dxco3-subsidiaria-itausa-jcp-evm\/\"><h2 class=\"content__title\">Dexco (DXCO3), subsidi\u00e1ria da Ita\u00fasa (ITSA4), anuncia JCP milion\u00e1rio; confira valor por a\u00e7\u00e3o<\/h2><\/a><div class=\"newsContent__article__meta\"><div class=\"newsContent__article__meta__authorBox\"><a href=\"https:\/\/www.suno.com.br\/noticias\/author\/eduardo-vargas\/\" class=\"authorBox__avatar noMobi\"><img src=\"https:\/\/secure.gravatar.com\/avatar\/dac340933427a22924c9f99d1eb2e3f2?s=96&#038;r=g\" alt=\"Eduardo Vargas\"><\/a><div class=\"authorBox__name\"><span>por\n\t\t\t<a href=\"https:\/\/www.suno.com.br\/noticias\/author\/eduardo-vargas\/\"><span itemprop=\"author\">Eduardo Vargas<\/span><\/a><\/span><time datetime=\"2023-12-13T21:05:55-03:00\" itemprop=\"datePublished\">13\/12\/2023 21:05<\/time><\/div><\/div><\/div><\/div><\/div>","single_layout":"posts","amp_enabled":true,"_links":{"self":[{"href":"https:\/\/www.suno.com.br\/noticias\/wp-json\/wp\/v2\/posts\/499995"}],"collection":[{"href":"https:\/\/www.suno.com.br\/noticias\/wp-json\/wp\/v2\/posts"}],"about":[{"href":"https:\/\/www.suno.com.br\/noticias\/wp-json\/wp\/v2\/types\/post"}],"author":[{"embeddable":true,"href":"https:\/\/www.suno.com.br\/noticias\/wp-json\/wp\/v2\/users\/73"}],"replies":[{"embeddable":true,"href":"https:\/\/www.suno.com.br\/noticias\/wp-json\/wp\/v2\/comments?post=499995"}],"version-history":[{"count":3,"href":"https:\/\/www.suno.com.br\/noticias\/wp-json\/wp\/v2\/posts\/499995\/revisions"}],"predecessor-version":[{"id":500038,"href":"https:\/\/www.suno.com.br\/noticias\/wp-json\/wp\/v2\/posts\/499995\/revisions\/500038"}],"wp:featuredmedia":[{"embeddable":true,"href":"https:\/\/www.suno.com.br\/noticias\/wp-json\/wp\/v2\/media\/331734"}],"wp:attachment":[{"href":"https:\/\/www.suno.com.br\/noticias\/wp-json\/wp\/v2\/media?parent=499995"}],"wp:term":[{"taxonomy":"category","embeddable":true,"href":"https:\/\/www.suno.com.br\/noticias\/wp-json\/wp\/v2\/categories?post=499995"},{"taxonomy":"post_tag","embeddable":true,"href":"https:\/\/www.suno.com.br\/noticias\/wp-json\/wp\/v2\/tags?post=499995"},{"taxonomy":"suno_strategy","embeddable":true,"href":"https:\/\/www.suno.com.br\/noticias\/wp-json\/wp\/v2\/suno_strategy?post=499995"}],"curies":[{"name":"wp","href":"https:\/\/api.w.org\/{rel}","templated":true}]}}