{"id":49983,"date":"2020-01-16T17:35:14","date_gmt":"2020-01-16T19:35:14","guid":{"rendered":"https:\/\/www.suno.com.br\/noticias\/?p=49983"},"modified":"2020-01-16T17:35:14","modified_gmt":"2020-01-16T19:35:14","slug":"davos-campos-neto-forum-economico-mundial","status":"publish","type":"post","link":"https:\/\/www.suno.com.br\/noticias\/davos-campos-neto-forum-economico-mundial\/","title":{"rendered":"Davos: Campos Neto n\u00e3o comparecer\u00e1 ao F\u00f3rum Econ\u00f4mico Mundial"},"content":{"rendered":"<p>O presidente do <a href=\"https:\/\/www.suno.com.br\/artigos\/bacen\/\">Banco Central (BC)<\/a>, <a href=\"https:\/\/www.suno.com.br\/noticias\/tags\/campos-neto\/\">Roberto Campos Neto<\/a>, n\u00e3o viajar\u00e1 ao F\u00f3rum Econ\u00f4mico Mundial, que ser\u00e1 realizado na pr\u00f3xima semana em <strong>Davos<\/strong>, na Su\u00ed\u00e7a. O BC divulgou esta informa\u00e7\u00e3o na tarde desta quinta-feira (16), afirmando n\u00e3o haver &#8220;nenhum motivo espec\u00edfico&#8221; para a aus\u00eancia do presidente.<\/p>\t<div class=\"wrapper-featured-image\">\n\t\t<figure class=\"spotlightImg\">\n\n\t\t\t<picture>\n\t\t\t\t<source media=\"(max-width: 768px)\" srcset=\"https:\/\/files.sunoresearch.com.br\/n\/uploads\/2019\/02\/b3fe2447-roberto-campos-neto-400x200.webp\">\n\t\t\t\t<img loading=\"lazy\" decoding=\"async\" class=\"newsContent__article__imgCapa lazyloadDisabled newsContent__article__imgCapa--noCaption\" src=\"https:\/\/files.sunoresearch.com.br\/n\/uploads\/2019\/02\/b3fe2447-roberto-campos-neto-800x450.webp\" width=\"800\" height=\"450\" alt=\"Davos: Campos Neto n\u00e3o comparecer\u00e1 ao F\u00f3rum Econ\u00f4mico Mundial\" fetchpriority=high \/>\n\t\t\t<\/picture>\n\n\t\t\t<figcaption class=\"wp-caption-text wp-caption-text--hide\">Roberto Campos Neto (Divulga\u00e7\u00e3o)<\/figcaption>\n\t\t<\/figure>\n\t<\/div>\n\n\n\n<p>A presen\u00e7a de <strong>Campos Neto<\/strong> era esperada. Em 2019, no inicio da gest\u00e3o <strong>Bolsonaro<\/strong>, o presidente do BC foi nomeado assessor especial do ministro da Economia, <strong>Paulo<\/strong> <strong>Guedes,<\/strong>\u00a0somente para poder participar do encontro em Davos. Bolsonaro j\u00e1 havia anunciado que este seria o novo presidente do BC, mas o processo de aprova\u00e7\u00e3o no Congresso ainda demoraria. Portanto, Campos Neto precisava de um cargo oficial para participar do evento.<\/p>\n<h2>Bolsonaro tamb\u00e9m n\u00e3o ir\u00e1 a Davos<\/h2>\n<p>O presidente Jair Bolsonaro cancelou, na \u00faltima quarta-feira (8), a sua ida ao F\u00f3rum Econ\u00f4mico Mundial, em Davos, na Su\u00ed\u00e7a. De acordo com o porta-voz da Presid\u00eancia, Ot\u00e1vio Rego Barros, a decis\u00e3o envolveu um somat\u00f3rio de fatores de seguran\u00e7a, econ\u00f4micos e pol\u00edticos.<\/p>\n<p><a href=\"https:\/\/www.suno.com.br\/noticias\/bolsonaro-viagem-davos-guedes-comparecer\/\">Saiba mais: Bolsonaro cancela viagem a Davos; Guedes deve comparecer<\/a><\/p>\n<p>O porta-voz negou que a decis\u00e3o seja apenas por aspectos de seguran\u00e7a de Bolsonaro, por conta da tens\u00e3o internacional ap\u00f3s os recentres conflitos entre <strong>Estados<\/strong> <strong>Unidos<\/strong> e <strong>Ir\u00e3<\/strong>. \u201cN\u00e3o h\u00e1 qualquer liga\u00e7\u00e3o com o fato que ocorreu no Oriente M\u00e9dio\u201d, afirmou Rego Barros.<\/p>\n<p>O porta-voz afirmou que o presidente ir\u00e1 viajar \u00e0 \u00cdndia neste m\u00eas e ser\u00e1 recebido como convidado de honra para as celebra\u00e7\u00f5es do Dia da Rep\u00fablica da \u00cdndia, no dia 26 de janeiro.<\/p>\n\t<p>\n\t\t<a href=\"https:\/\/lp2.suno.com.br\/cl\/black-friday-2025\/?utm_campaign=_SNCDF0E4858_\" target=\"_blank\" data-element=\"shortcode-suno-banner\" title=\"Banner SUNO, clique e saiba mais\">\n\t\t\t<picture>\n\t\t\t\t<source media=\"(max-width: 500px)\" srcset=\"https:\/\/files.sunoresearch.com.br\/n\/uploads\/2025\/10\/Artigos-e-Noticias-Banner-Home-artigos-01-Mobile_-400x300-1-png.webp\">\n\t\t\t\t<img class=\"newsContent__article__imgCapa newsContent__article__imgCapa--banner\"\n\t\t\t\t\tsrc=\"https:\/\/files.sunoresearch.com.br\/n\/uploads\/2025\/10\/Artigos-e-Noticias-Banner-Home-artigos-01-Desktop_-1420x240-1-png.webp\"\n\t\t\t\t\tdata-promo-id=\"311259\"\t\t\t\t\t\t\t\t\t\twidth='1420' height='240'\t\t\t\t\talt=\"https:\/\/files.sunoresearch.com.br\/n\/uploads\/2025\/10\/Artigos-e-Noticias-Banner-Home-artigos-01-Desktop_-1420x240-1-png.webp\"\n\t\t\t\t>\n\t\t\t<\/picture>\n\t\t<\/a>\n\t<\/p>\n\n\n<p>De acordo com Rego Barros, <strong>Bolsonaro<\/strong> passou por exames de check-up na manh\u00e3 do mesmo dia e os resultados foram considerados normais. Al\u00e9m disso, o presidente foi submetido a exames de dermatologia, cardiologia e de gastroenterologia. N\u00e3o h\u00e1 previs\u00e3o de que Bolsonaro seja submetido a qualquer cirurgia, concluiu.<\/p>\n<p>\u00c9 esperado que o ministro da Economia, <strong>Paulo<\/strong> <strong>Guedes<\/strong>, compare\u00e7a ao evento mesmo sem o presidente.<\/p>\n\n","protected":false},"excerpt":{"rendered":"<p>O presidente do Banco Central (BC), Roberto Campos Neto, n\u00e3o viajar\u00e1 ao F\u00f3rum Econ\u00f4mico Mundial, que ser\u00e1 realizado na pr\u00f3xima semana em Davos, na Su\u00ed\u00e7a. O BC divulgou esta informa\u00e7\u00e3o na tarde desta quinta-feira (16), afirmando n\u00e3o haver &#8220;nenhum motivo espec\u00edfico&#8221; para a aus\u00eancia do presidente. Roberto Campos Neto (Divulga\u00e7\u00e3o) A presen\u00e7a de Campos Neto [&hellip;]<\/p>\n","protected":false},"author":23,"featured_media":16643,"comment_status":"closed","ping_status":"closed","sticky":false,"template":"","format":"standard","meta":[],"categories":[62],"tags":[1842,972,961,719,796,1113],"suno_strategy":[],"class_list":["post-49983","post","type-post","status-publish","format-standard","has-post-thumbnail","hentry","category-economia","tag-banco-central-bc","tag-davos","tag-forum-economico-mundial","tag-jair-bolsonaro","tag-paulo-guedes","tag-roberto-campos-neto"],"yoast_head":"<!-- This site is optimized with the Yoast SEO plugin v24.4 - https:\/\/yoast.com\/wordpress\/plugins\/seo\/ -->\n<title>Davos: Campos Neto n\u00e3o comparecer\u00e1 ao F\u00f3rum Econ\u00f4mico Mundial<\/title>\n<meta name=\"description\" content=\"O presidente do BC, Roberto Campos Neto, n\u00e3o viajar\u00e1 ao F\u00f3rum Econ\u00f4mico Mundial em Davos, na Su\u00ed\u00e7a. Clique aqui para saber mais.\" \/>\n<meta name=\"robots\" content=\"index, follow, max-snippet:-1, max-image-preview:large, max-video-preview:-1\" \/>\n<link rel=\"canonical\" href=\"https:\/\/www.suno.com.br\/noticias\/davos-campos-neto-forum-economico-mundial\/\" \/>\n<meta property=\"og:locale\" content=\"pt_BR\" \/>\n<meta property=\"og:type\" content=\"article\" \/>\n<meta property=\"og:title\" content=\"Davos: Campos Neto n\u00e3o comparecer\u00e1 ao F\u00f3rum Econ\u00f4mico Mundial\" \/>\n<meta property=\"og:description\" content=\"O presidente do BC, Roberto Campos Neto, n\u00e3o viajar\u00e1 ao F\u00f3rum Econ\u00f4mico Mundial em Davos, na Su\u00ed\u00e7a. Clique aqui para saber mais.\" \/>\n<meta property=\"og:url\" content=\"https:\/\/www.suno.com.br\/noticias\/davos-campos-neto-forum-economico-mundial\/\" \/>\n<meta property=\"og:site_name\" content=\"Suno Not\u00edcias\" \/>\n<meta property=\"article:publisher\" content=\"https:\/\/facebook.com\/sunoresearch\" \/>\n<meta property=\"og:image\" content=\"https:\/\/files.sunoresearch.com.br\/n\/uploads\/2019\/02\/b3fe2447-roberto-campos-neto.jpg\" \/>\n\t<meta property=\"og:image:width\" content=\"1140\" \/>\n\t<meta property=\"og:image:height\" content=\"760\" \/>\n\t<meta property=\"og:image:type\" content=\"image\/jpeg\" \/>\n<meta name=\"author\" content=\"Rafael Lara\" \/>\n<meta name=\"twitter:card\" content=\"summary_large_image\" \/>\n<meta name=\"twitter:creator\" content=\"@sunoresearch\" \/>\n<meta name=\"twitter:site\" content=\"@sunoresearch\" \/>\n<meta name=\"twitter:label1\" content=\"Escrito por\" \/>\n\t<meta name=\"twitter:data1\" content=\"Rafael Lara\" \/>\n\t<meta name=\"twitter:label2\" content=\"Est. tempo de leitura\" \/>\n\t<meta name=\"twitter:data2\" content=\"2 minutos\" \/>\n<script type=\"application\/ld+json\" class=\"yoast-schema-graph\">{\"@context\":\"https:\/\/schema.org\",\"@graph\":[{\"@type\":\"NewsArticle\",\"@id\":\"https:\/\/www.suno.com.br\/noticias\/davos-campos-neto-forum-economico-mundial\/#article\",\"isPartOf\":{\"@id\":\"https:\/\/www.suno.com.br\/noticias\/davos-campos-neto-forum-economico-mundial\/\"},\"author\":{\"name\":\"Rafael Lara\",\"@id\":\"https:\/\/www.suno.com.br\/noticias\/#\/schema\/person\/098743caeed97b37f51315c9576c4078\"},\"headline\":\"Davos: Campos Neto n\u00e3o comparecer\u00e1 ao F\u00f3rum Econ\u00f4mico Mundial\",\"datePublished\":\"2020-01-16T19:35:14+00:00\",\"mainEntityOfPage\":{\"@id\":\"https:\/\/www.suno.com.br\/noticias\/davos-campos-neto-forum-economico-mundial\/\"},\"wordCount\":368,\"publisher\":{\"@id\":\"https:\/\/www.suno.com.br\/noticias\/#organization\"},\"image\":{\"@id\":\"https:\/\/www.suno.com.br\/noticias\/davos-campos-neto-forum-economico-mundial\/#primaryimage\"},\"thumbnailUrl\":\"https:\/\/files.sunoresearch.com.br\/n\/uploads\/2019\/02\/b3fe2447-roberto-campos-neto-jpg.webp\",\"keywords\":[\"Banco Central (BC)\",\"Davos\",\"F\u00f3rum Econ\u00f4mico Mundial\",\"Jair Bolsonaro\",\"Paulo Guedes\",\"Roberto Campos Neto\"],\"articleSection\":[\"Economia\"],\"inLanguage\":\"pt-BR\"},{\"@type\":\"WebPage\",\"@id\":\"https:\/\/www.suno.com.br\/noticias\/davos-campos-neto-forum-economico-mundial\/\",\"url\":\"https:\/\/www.suno.com.br\/noticias\/davos-campos-neto-forum-economico-mundial\/\",\"name\":\"Davos: Campos Neto n\u00e3o comparecer\u00e1 ao F\u00f3rum Econ\u00f4mico Mundial\",\"isPartOf\":{\"@id\":\"https:\/\/www.suno.com.br\/noticias\/#website\"},\"primaryImageOfPage\":{\"@id\":\"https:\/\/www.suno.com.br\/noticias\/davos-campos-neto-forum-economico-mundial\/#primaryimage\"},\"image\":{\"@id\":\"https:\/\/www.suno.com.br\/noticias\/davos-campos-neto-forum-economico-mundial\/#primaryimage\"},\"thumbnailUrl\":\"https:\/\/files.sunoresearch.com.br\/n\/uploads\/2019\/02\/b3fe2447-roberto-campos-neto-jpg.webp\",\"datePublished\":\"2020-01-16T19:35:14+00:00\",\"description\":\"O presidente do BC, Roberto Campos Neto, n\u00e3o viajar\u00e1 ao F\u00f3rum Econ\u00f4mico Mundial em Davos, na Su\u00ed\u00e7a. Clique aqui para saber mais.\",\"breadcrumb\":{\"@id\":\"https:\/\/www.suno.com.br\/noticias\/davos-campos-neto-forum-economico-mundial\/#breadcrumb\"},\"inLanguage\":\"pt-BR\",\"potentialAction\":[{\"@type\":\"ReadAction\",\"target\":[\"https:\/\/www.suno.com.br\/noticias\/davos-campos-neto-forum-economico-mundial\/\"]}]},{\"@type\":\"ImageObject\",\"inLanguage\":\"pt-BR\",\"@id\":\"https:\/\/www.suno.com.br\/noticias\/davos-campos-neto-forum-economico-mundial\/#primaryimage\",\"url\":\"https:\/\/files.sunoresearch.com.br\/n\/uploads\/2019\/02\/b3fe2447-roberto-campos-neto-jpg.webp\",\"contentUrl\":\"https:\/\/files.sunoresearch.com.br\/n\/uploads\/2019\/02\/b3fe2447-roberto-campos-neto-jpg.webp\",\"width\":1140,\"height\":760,\"caption\":\"Roberto Campos Neto (Divulga\u00e7\u00e3o)\"},{\"@type\":\"BreadcrumbList\",\"@id\":\"https:\/\/www.suno.com.br\/noticias\/davos-campos-neto-forum-economico-mundial\/#breadcrumb\",\"itemListElement\":[{\"@type\":\"ListItem\",\"position\":1,\"name\":\"Not\u00edcias\",\"item\":\"https:\/\/www.suno.com.br\/noticias\/\"},{\"@type\":\"ListItem\",\"position\":2,\"name\":\"Economia\",\"item\":\"https:\/\/www.suno.com.br\/noticias\/economia\/\"},{\"@type\":\"ListItem\",\"position\":3,\"name\":\"Davos: Campos Neto n\u00e3o comparecer\u00e1 ao F\u00f3rum Econ\u00f4mico Mundial\"}]},{\"@type\":\"WebSite\",\"@id\":\"https:\/\/www.suno.com.br\/noticias\/#website\",\"url\":\"https:\/\/www.suno.com.br\/noticias\/\",\"name\":\"Suno Not\u00edcias\",\"description\":\"Seu portal de informa\u00e7\u00e3o sobre o mundo dos investimentos\",\"publisher\":{\"@id\":\"https:\/\/www.suno.com.br\/noticias\/#organization\"},\"potentialAction\":[{\"@type\":\"SearchAction\",\"target\":{\"@type\":\"EntryPoint\",\"urlTemplate\":\"https:\/\/www.suno.com.br\/noticias\/?s={search_term_string}\"},\"query-input\":{\"@type\":\"PropertyValueSpecification\",\"valueRequired\":true,\"valueName\":\"search_term_string\"}}],\"inLanguage\":\"pt-BR\"},{\"@type\":\"Organization\",\"@id\":\"https:\/\/www.suno.com.br\/noticias\/#organization\",\"name\":\"Suno Not\u00edcias\",\"url\":\"https:\/\/www.suno.com.br\/noticias\/\",\"logo\":{\"@type\":\"ImageObject\",\"inLanguage\":\"pt-BR\",\"@id\":\"https:\/\/www.suno.com.br\/noticias\/#\/schema\/logo\/image\/\",\"url\":\"https:\/\/files.sunoresearch.com.br\/n\/uploads\/2021\/09\/suno-logo.png\",\"contentUrl\":\"https:\/\/files.sunoresearch.com.br\/n\/uploads\/2021\/09\/suno-logo.png\",\"width\":180,\"height\":180,\"caption\":\"Suno Not\u00edcias\"},\"image\":{\"@id\":\"https:\/\/www.suno.com.br\/noticias\/#\/schema\/logo\/image\/\"},\"sameAs\":[\"https:\/\/facebook.com\/sunoresearch\",\"https:\/\/x.com\/sunoresearch\",\"https:\/\/www.instagram.com\/suno\",\"https:\/\/www.linkedin.com\/company\/suno-research\/\",\"https:\/\/www.youtube.com\/c\/sunoresearch\"]},{\"@type\":\"Person\",\"@id\":\"https:\/\/www.suno.com.br\/noticias\/#\/schema\/person\/098743caeed97b37f51315c9576c4078\",\"name\":\"Rafael Lara\",\"image\":{\"@type\":\"ImageObject\",\"inLanguage\":\"pt-BR\",\"@id\":\"https:\/\/www.suno.com.br\/noticias\/#\/schema\/person\/image\/\",\"url\":\"https:\/\/secure.gravatar.com\/avatar\/dfc254ab9bb2ea1895d98b9e9dae4bdd?s=96&r=g\",\"contentUrl\":\"https:\/\/secure.gravatar.com\/avatar\/dfc254ab9bb2ea1895d98b9e9dae4bdd?s=96&r=g\",\"caption\":\"Rafael Lara\"},\"description\":\"Rafael Lara cursa jornalismo na Faculdade C\u00e1sper L\u00edbero. Escreve sobre pol\u00edtica, economia e neg\u00f3cios para o portal Suno Not\u00edcias. Antes, colaborou na TV Gazeta na produ\u00e7\u00e3o do programa Edi\u00e7\u00e3o Extra.\",\"url\":\"https:\/\/www.suno.com.br\/noticias\/author\/rafael\/\"}]}<\/script>\n<!-- \/ Yoast SEO plugin. -->","yoast_head_json":{"title":"Davos: Campos Neto n\u00e3o comparecer\u00e1 ao F\u00f3rum Econ\u00f4mico Mundial","description":"O presidente do BC, Roberto Campos Neto, n\u00e3o viajar\u00e1 ao F\u00f3rum Econ\u00f4mico Mundial em Davos, na Su\u00ed\u00e7a. Clique aqui para saber mais.","robots":{"index":"index","follow":"follow","max-snippet":"max-snippet:-1","max-image-preview":"max-image-preview:large","max-video-preview":"max-video-preview:-1"},"canonical":"https:\/\/www.suno.com.br\/noticias\/davos-campos-neto-forum-economico-mundial\/","og_locale":"pt_BR","og_type":"article","og_title":"Davos: Campos Neto n\u00e3o comparecer\u00e1 ao F\u00f3rum Econ\u00f4mico Mundial","og_description":"O presidente do BC, Roberto Campos Neto, n\u00e3o viajar\u00e1 ao F\u00f3rum Econ\u00f4mico Mundial em Davos, na Su\u00ed\u00e7a. Clique aqui para saber mais.","og_url":"https:\/\/www.suno.com.br\/noticias\/davos-campos-neto-forum-economico-mundial\/","og_site_name":"Suno Not\u00edcias","article_publisher":"https:\/\/facebook.com\/sunoresearch","og_image":[{"width":1140,"height":760,"url":"https:\/\/files.sunoresearch.com.br\/n\/uploads\/2019\/02\/b3fe2447-roberto-campos-neto.jpg","type":"image\/jpeg"}],"author":"Rafael Lara","twitter_card":"summary_large_image","twitter_creator":"@sunoresearch","twitter_site":"@sunoresearch","twitter_misc":{"Escrito por":"Rafael Lara","Est. tempo de leitura":"2 minutos"},"schema":{"@context":"https:\/\/schema.org","@graph":[{"@type":"NewsArticle","@id":"https:\/\/www.suno.com.br\/noticias\/davos-campos-neto-forum-economico-mundial\/#article","isPartOf":{"@id":"https:\/\/www.suno.com.br\/noticias\/davos-campos-neto-forum-economico-mundial\/"},"author":{"name":"Rafael Lara","@id":"https:\/\/www.suno.com.br\/noticias\/#\/schema\/person\/098743caeed97b37f51315c9576c4078"},"headline":"Davos: Campos Neto n\u00e3o comparecer\u00e1 ao F\u00f3rum Econ\u00f4mico Mundial","datePublished":"2020-01-16T19:35:14+00:00","mainEntityOfPage":{"@id":"https:\/\/www.suno.com.br\/noticias\/davos-campos-neto-forum-economico-mundial\/"},"wordCount":368,"publisher":{"@id":"https:\/\/www.suno.com.br\/noticias\/#organization"},"image":{"@id":"https:\/\/www.suno.com.br\/noticias\/davos-campos-neto-forum-economico-mundial\/#primaryimage"},"thumbnailUrl":"https:\/\/files.sunoresearch.com.br\/n\/uploads\/2019\/02\/b3fe2447-roberto-campos-neto-jpg.webp","keywords":["Banco Central (BC)","Davos","F\u00f3rum Econ\u00f4mico Mundial","Jair Bolsonaro","Paulo Guedes","Roberto Campos Neto"],"articleSection":["Economia"],"inLanguage":"pt-BR"},{"@type":"WebPage","@id":"https:\/\/www.suno.com.br\/noticias\/davos-campos-neto-forum-economico-mundial\/","url":"https:\/\/www.suno.com.br\/noticias\/davos-campos-neto-forum-economico-mundial\/","name":"Davos: Campos Neto n\u00e3o comparecer\u00e1 ao F\u00f3rum Econ\u00f4mico Mundial","isPartOf":{"@id":"https:\/\/www.suno.com.br\/noticias\/#website"},"primaryImageOfPage":{"@id":"https:\/\/www.suno.com.br\/noticias\/davos-campos-neto-forum-economico-mundial\/#primaryimage"},"image":{"@id":"https:\/\/www.suno.com.br\/noticias\/davos-campos-neto-forum-economico-mundial\/#primaryimage"},"thumbnailUrl":"https:\/\/files.sunoresearch.com.br\/n\/uploads\/2019\/02\/b3fe2447-roberto-campos-neto-jpg.webp","datePublished":"2020-01-16T19:35:14+00:00","description":"O presidente do BC, Roberto Campos Neto, n\u00e3o viajar\u00e1 ao F\u00f3rum Econ\u00f4mico Mundial em Davos, na Su\u00ed\u00e7a. Clique aqui para saber mais.","breadcrumb":{"@id":"https:\/\/www.suno.com.br\/noticias\/davos-campos-neto-forum-economico-mundial\/#breadcrumb"},"inLanguage":"pt-BR","potentialAction":[{"@type":"ReadAction","target":["https:\/\/www.suno.com.br\/noticias\/davos-campos-neto-forum-economico-mundial\/"]}]},{"@type":"ImageObject","inLanguage":"pt-BR","@id":"https:\/\/www.suno.com.br\/noticias\/davos-campos-neto-forum-economico-mundial\/#primaryimage","url":"https:\/\/files.sunoresearch.com.br\/n\/uploads\/2019\/02\/b3fe2447-roberto-campos-neto-jpg.webp","contentUrl":"https:\/\/files.sunoresearch.com.br\/n\/uploads\/2019\/02\/b3fe2447-roberto-campos-neto-jpg.webp","width":1140,"height":760,"caption":"Roberto Campos Neto (Divulga\u00e7\u00e3o)"},{"@type":"BreadcrumbList","@id":"https:\/\/www.suno.com.br\/noticias\/davos-campos-neto-forum-economico-mundial\/#breadcrumb","itemListElement":[{"@type":"ListItem","position":1,"name":"Not\u00edcias","item":"https:\/\/www.suno.com.br\/noticias\/"},{"@type":"ListItem","position":2,"name":"Economia","item":"https:\/\/www.suno.com.br\/noticias\/economia\/"},{"@type":"ListItem","position":3,"name":"Davos: Campos Neto n\u00e3o comparecer\u00e1 ao F\u00f3rum Econ\u00f4mico Mundial"}]},{"@type":"WebSite","@id":"https:\/\/www.suno.com.br\/noticias\/#website","url":"https:\/\/www.suno.com.br\/noticias\/","name":"Suno Not\u00edcias","description":"Seu portal de informa\u00e7\u00e3o sobre o mundo dos investimentos","publisher":{"@id":"https:\/\/www.suno.com.br\/noticias\/#organization"},"potentialAction":[{"@type":"SearchAction","target":{"@type":"EntryPoint","urlTemplate":"https:\/\/www.suno.com.br\/noticias\/?s={search_term_string}"},"query-input":{"@type":"PropertyValueSpecification","valueRequired":true,"valueName":"search_term_string"}}],"inLanguage":"pt-BR"},{"@type":"Organization","@id":"https:\/\/www.suno.com.br\/noticias\/#organization","name":"Suno Not\u00edcias","url":"https:\/\/www.suno.com.br\/noticias\/","logo":{"@type":"ImageObject","inLanguage":"pt-BR","@id":"https:\/\/www.suno.com.br\/noticias\/#\/schema\/logo\/image\/","url":"https:\/\/files.sunoresearch.com.br\/n\/uploads\/2021\/09\/suno-logo.png","contentUrl":"https:\/\/files.sunoresearch.com.br\/n\/uploads\/2021\/09\/suno-logo.png","width":180,"height":180,"caption":"Suno Not\u00edcias"},"image":{"@id":"https:\/\/www.suno.com.br\/noticias\/#\/schema\/logo\/image\/"},"sameAs":["https:\/\/facebook.com\/sunoresearch","https:\/\/x.com\/sunoresearch","https:\/\/www.instagram.com\/suno","https:\/\/www.linkedin.com\/company\/suno-research\/","https:\/\/www.youtube.com\/c\/sunoresearch"]},{"@type":"Person","@id":"https:\/\/www.suno.com.br\/noticias\/#\/schema\/person\/098743caeed97b37f51315c9576c4078","name":"Rafael Lara","image":{"@type":"ImageObject","inLanguage":"pt-BR","@id":"https:\/\/www.suno.com.br\/noticias\/#\/schema\/person\/image\/","url":"https:\/\/secure.gravatar.com\/avatar\/dfc254ab9bb2ea1895d98b9e9dae4bdd?s=96&r=g","contentUrl":"https:\/\/secure.gravatar.com\/avatar\/dfc254ab9bb2ea1895d98b9e9dae4bdd?s=96&r=g","caption":"Rafael Lara"},"description":"Rafael Lara cursa jornalismo na Faculdade C\u00e1sper L\u00edbero. Escreve sobre pol\u00edtica, economia e neg\u00f3cios para o portal Suno Not\u00edcias. Antes, colaborou na TV Gazeta na produ\u00e7\u00e3o do programa Edi\u00e7\u00e3o Extra.","url":"https:\/\/www.suno.com.br\/noticias\/author\/rafael\/"}]}},"default_loop_html":"<div class=\"cardsPage__listCard__boxs\"><div class=\"cardsPage__listCard__boxs__img\"><a href=\"https:\/\/www.suno.com.br\/noticias\/davos-campos-neto-forum-economico-mundial\/\"><img class=\"mask\" src=\"https:\/\/www.suno.com.br\/noticias\/wp-content\/themes\/suno\/resources\/images\/spotlight\/spotlight1img\/bg-mask.png\" alt=\"Image Mask\"\/><img src=\"https:\/\/files.sunoresearch.com.br\/n\/uploads\/2019\/02\/b3fe2447-roberto-campos-neto-400x200.webp\" alt=\"Davos: Campos Neto n\u00e3o comparecer\u00e1 ao F\u00f3rum Econ\u00f4mico Mundial\"\/><\/a><span class=\"spotlightCategory\"><a href=\"https:\/\/www.suno.com.br\/noticias\/economia\/\">Economia<\/a><\/span><\/div><div class=\"cardsPage__listCard__boxs__content\"><a href=\"https:\/\/www.suno.com.br\/noticias\/davos-campos-neto-forum-economico-mundial\/\"><h2 class=\"content__title\">Davos: Campos Neto n\u00e3o comparecer\u00e1 ao F\u00f3rum Econ\u00f4mico Mundial<\/h2><\/a><div class=\"newsContent__article__meta\"><div class=\"newsContent__article__meta__authorBox\"><a href=\"https:\/\/www.suno.com.br\/noticias\/author\/rafael\/\" class=\"authorBox__avatar noMobi\"><img src=\"https:\/\/secure.gravatar.com\/avatar\/dfc254ab9bb2ea1895d98b9e9dae4bdd?s=96&#038;r=g\" alt=\"Rafael Lara\"><\/a><div class=\"authorBox__name\"><span>por\n\t\t\t<a href=\"https:\/\/www.suno.com.br\/noticias\/author\/rafael\/\"><span itemprop=\"author\">Rafael Lara<\/span><\/a><\/span><time datetime=\"2020-01-16T17:35:14-03:00\" itemprop=\"datePublished\">16\/01\/2020 17:35<\/time><\/div><\/div><\/div><\/div><\/div>","single_layout":"posts","amp_enabled":true,"_links":{"self":[{"href":"https:\/\/www.suno.com.br\/noticias\/wp-json\/wp\/v2\/posts\/49983"}],"collection":[{"href":"https:\/\/www.suno.com.br\/noticias\/wp-json\/wp\/v2\/posts"}],"about":[{"href":"https:\/\/www.suno.com.br\/noticias\/wp-json\/wp\/v2\/types\/post"}],"author":[{"embeddable":true,"href":"https:\/\/www.suno.com.br\/noticias\/wp-json\/wp\/v2\/users\/23"}],"replies":[{"embeddable":true,"href":"https:\/\/www.suno.com.br\/noticias\/wp-json\/wp\/v2\/comments?post=49983"}],"version-history":[{"count":0,"href":"https:\/\/www.suno.com.br\/noticias\/wp-json\/wp\/v2\/posts\/49983\/revisions"}],"wp:featuredmedia":[{"embeddable":true,"href":"https:\/\/www.suno.com.br\/noticias\/wp-json\/wp\/v2\/media\/16643"}],"wp:attachment":[{"href":"https:\/\/www.suno.com.br\/noticias\/wp-json\/wp\/v2\/media?parent=49983"}],"wp:term":[{"taxonomy":"category","embeddable":true,"href":"https:\/\/www.suno.com.br\/noticias\/wp-json\/wp\/v2\/categories?post=49983"},{"taxonomy":"post_tag","embeddable":true,"href":"https:\/\/www.suno.com.br\/noticias\/wp-json\/wp\/v2\/tags?post=49983"},{"taxonomy":"suno_strategy","embeddable":true,"href":"https:\/\/www.suno.com.br\/noticias\/wp-json\/wp\/v2\/suno_strategy?post=49983"}],"curies":[{"name":"wp","href":"https:\/\/api.w.org\/{rel}","templated":true}]}}