{"id":49951,"date":"2020-01-16T13:58:05","date_gmt":"2020-01-16T15:58:05","guid":{"rendered":"https:\/\/www.suno.com.br\/noticias\/?p=49951"},"modified":"2021-05-10T21:05:43","modified_gmt":"2021-05-11T00:05:43","slug":"guerra-comercial-sera-avaliada-uniao-europeia","status":"publish","type":"post","link":"https:\/\/www.suno.com.br\/noticias\/guerra-comercial-sera-avaliada-uniao-europeia\/","title":{"rendered":"Acordo na guerra comercial ser\u00e1 avaliado pela Uni\u00e3o Europeia, diz comiss\u00e1rio"},"content":{"rendered":"<p>O chefe de com\u00e9rcio da Uni\u00e3o Europeia (UE), Phil Hogan, afirmou nesta quinta-feira (16) que o bloco ir\u00e1 verificar se o acordo preliminar entre <strong>Estados Unidos<\/strong> e a <strong>China<\/strong> na <strong>guerra comercial<\/strong> est\u00e1 de acordo com as regras internacionais sobre com\u00e9rcio.<\/p>\t<div class=\"wrapper-featured-image\">\n\t\t<figure class=\"spotlightImg\">\n\n\t\t\t<picture>\n\t\t\t\t<source media=\"(max-width: 768px)\" srcset=\"https:\/\/files.sunoresearch.com.br\/n\/uploads\/2020\/01\/a7034cf1-uniao-europeia-400x200.webp\">\n\t\t\t\t<img loading=\"lazy\" decoding=\"async\" class=\"newsContent__article__imgCapa lazyloadDisabled newsContent__article__imgCapa--noCaption\" src=\"https:\/\/files.sunoresearch.com.br\/n\/uploads\/2020\/01\/a7034cf1-uniao-europeia-800x450.webp\" width=\"800\" height=\"450\" alt=\"Acordo na guerra comercial ser\u00e1 avaliado pela Uni\u00e3o Europeia, diz comiss\u00e1rio\" fetchpriority=high \/>\n\t\t\t<\/picture>\n\n\t\t\t<figcaption class=\"wp-caption-text wp-caption-text--hide\">Acordo na guerra comercial ser\u00e1 avaliado pela Uni\u00e3o Europeia, diz comiss\u00e1rio <\/figcaption>\n\t\t<\/figure>\n\t<\/div>\n\n\n\n<p>Phil Hogan disse que o &#8220;diabo est\u00e1 nos detalhes&#8221; durante uma confer\u00eancia em Londres, falando por chamada de v\u00eddeo de Washington, onde ele est\u00e1 com autoridades norte-americanas nesta semana. \u201cTeremos que avaliar se ele \u00e9 compat\u00edvel com a <a href=\"https:\/\/www.suno.com.br\/artigos\/omc-organizacao-mundial-do-comercio\/\">Organiza\u00e7\u00e3o Mundial do Com\u00e9rcio (OMC)<\/a>.\u201d<\/p>\n<p>Na \u00faltima quarta-feira (15), as duas maiores pot\u00eancias do planeta reduziram seus <a href=\"https:\/\/www.suno.com.br\/artigos\/a-guerra-comercial\/\">desentendimentos comerciais<\/a> que se alongavam desde 2018 e que desacelerou a economia global, assinando um acordo para a primeira fase da disputa.<\/p>\n<p><iframe loading=\"lazy\" title=\"?Carro voador da Toyota; Acordo EUA x China e setor agr\u00edcola; Reforma Tribut\u00e1ria e \u2018pr\u00e9via do PIB\u2019\" width=\"200\" height=\"113\" src=\"https:\/\/www.youtube.com\/embed\/3HBrmdRwwPA?feature=oembed\" frameborder=\"0\" allow=\"accelerometer; autoplay; encrypted-media; gyroscope; picture-in-picture\" allowfullscreen><\/iframe><\/p>\n<p>O desdobramento da guerra comercial fez com que a China se comprometesse em comprar ao menos US$ 12,5 bilh\u00f5es adicionais em<strong> produtos agr\u00edcolas<\/strong> neste ano, al\u00e9m de mais US$ 19,5 bilh\u00f5es a mais do que o n\u00edvel de 2017 de US$ 24 bilh\u00f5es no ano que vem.<\/p>\n<p>A promessa chinesa de comprar produtos agr\u00edcolas dos Estados Unidos considerando as &#8220;condi\u00e7\u00f5es de mercado&#8221; expandiu as incertezas de produtores e <a href=\"https:\/\/www.suno.com.br\/artigos\/commodities-agricolas\/\">operadores de commodities<\/a> de todo o mundo.<\/p>\n\t<p>\n\t\t<a href=\"https:\/\/lp.suno.com.br\/ao\/cadastro-whatsapp\/?utm_source=sunoresearch&#038;utm_medium=banner.sidebar&#038;utm_campaign=_SNC1787C4C9_\" target=\"_blank\" data-element=\"shortcode-suno-banner\" title=\"Banner SUNO, clique e saiba mais\">\n\t\t\t<picture>\n\t\t\t\t<source media=\"(max-width: 500px)\" srcset=\"https:\/\/files.sunoresearch.com.br\/n\/uploads\/2024\/09\/wpp-suno.png\">\n\t\t\t\t<img class=\"newsContent__article__imgCapa newsContent__article__imgCapa--banner\"\n\t\t\t\t\tsrc=\"https:\/\/files.sunoresearch.com.br\/n\/uploads\/2024\/09\/wpp-suno.png\"\n\t\t\t\t\tdata-promo-id=\"574195\"\t\t\t\t\t\t\t\t\t\twidth='360' height='98'\t\t\t\t\talt=\"https:\/\/files.sunoresearch.com.br\/n\/uploads\/2024\/09\/wpp-suno.png\"\n\t\t\t\t>\n\t\t\t<\/picture>\n\t\t<\/a>\n\t<\/p>\n\n\n<p>Segundo pessoas ligadas ao assunto, a insist\u00eancia do presidente norte-americano, <a href=\"https:\/\/www.suno.com.br\/tudo-sobre\/donald-trump\/\">Donald Trump<\/a>, em um grande acordo para compras de produtos agr\u00edcolas foi a maior diverg\u00eancia nas conversas. A China quer ter a liberdade para comprar com base na demanda por tais insumos.<\/p>\n<p>&#8220;O mercado da China \u00e9 uma parte muito importante do mercado internacional agora. N\u00e3o \u00e9 como se qualquer pa\u00eds pudesse exportar (para a China) tantos produtos quanto quiser.<\/p>\n<p><a href=\"https:\/\/www.suno.com.br\/noticias\/donald-trump-pelosi-deputados-impeachment\/\">Confira: Donald Trump: Pelosi indica deputados para seguir com impeachment<\/a><\/p>\n<p>\u00c9 preciso mostrar a competitividade do produto&#8221;, afirmou o premi\u00ea chin\u00eas Liu He ap\u00f3s a assinatura do acordo, salientando que as negocia\u00e7\u00f5es partir\u00e3o das necessidades dos consumidores e a demanda e <a href=\"https:\/\/www.youtube.com\/channel\/UCWDeEIDAIi_oYKDiqwfGyRg\">oferta no mercado<\/a>.<\/p>\n<p>Na \u00faltima quarta, ap\u00f3s a assinatura do acordo da <strong>guerra comercial<\/strong>, quando Liu He disse que as empresas chinesas v\u00e3o comprar produtos norte-americanos &#8220;baseadas em condi\u00e7\u00f5es de mercado&#8221;, as cota\u00e7\u00f5es da soja na <a href=\"https:\/\/www.suno.com.br\/artigos\/cbot\/\">bolsa de valor de Chicago<\/a>, chegaram a cair cerca de 1% durante o preg\u00e3o.<\/p>\n\n","protected":false},"excerpt":{"rendered":"<p>O chefe de com\u00e9rcio da Uni\u00e3o Europeia (UE), Phil Hogan, afirmou nesta quinta-feira (16) que o bloco ir\u00e1 verificar se o acordo preliminar entre Estados Unidos e a China na guerra comercial est\u00e1 de acordo com as regras internacionais sobre com\u00e9rcio. Acordo na guerra comercial ser\u00e1 avaliado pela Uni\u00e3o Europeia, diz comiss\u00e1rio Phil Hogan disse [&hellip;]<\/p>\n","protected":false},"author":24,"featured_media":49955,"comment_status":"closed","ping_status":"closed","sticky":false,"template":"","format":"standard","meta":[],"categories":[63],"tags":[980,731],"suno_strategy":[],"class_list":["post-49951","post","type-post","status-publish","format-standard","has-post-thumbnail","hentry","category-internacional","tag-guerra-comercial","tag-uniao-europeia"],"yoast_head":"<!-- This site is optimized with the Yoast SEO plugin v24.4 - https:\/\/yoast.com\/wordpress\/plugins\/seo\/ -->\n<title>Acordo na guerra comercial ser\u00e1 avaliado pela Uni\u00e3o Europeia<\/title>\n<meta name=\"description\" content=\"O chefe de com\u00e9rcio da Uni\u00e3o Europeia afirmou nesta quinta que o bloco ir\u00e1 avaliar o acordo na guerra comercial. Clique e saiba mais.\" \/>\n<meta name=\"robots\" content=\"index, follow, max-snippet:-1, max-image-preview:large, max-video-preview:-1\" \/>\n<link rel=\"canonical\" href=\"https:\/\/www.suno.com.br\/noticias\/guerra-comercial-sera-avaliada-uniao-europeia\/\" \/>\n<meta property=\"og:locale\" content=\"pt_BR\" \/>\n<meta property=\"og:type\" content=\"article\" \/>\n<meta property=\"og:title\" content=\"Acordo na guerra comercial ser\u00e1 avaliado pela Uni\u00e3o Europeia\" \/>\n<meta property=\"og:description\" content=\"O chefe de com\u00e9rcio da Uni\u00e3o Europeia afirmou nesta quinta que o bloco ir\u00e1 avaliar o acordo na guerra comercial. Clique e saiba mais.\" \/>\n<meta property=\"og:url\" content=\"https:\/\/www.suno.com.br\/noticias\/guerra-comercial-sera-avaliada-uniao-europeia\/\" \/>\n<meta property=\"og:site_name\" content=\"Suno Not\u00edcias\" \/>\n<meta property=\"article:publisher\" content=\"https:\/\/facebook.com\/sunoresearch\" \/>\n<meta property=\"og:image\" content=\"https:\/\/files.sunoresearch.com.br\/n\/uploads\/2020\/01\/a7034cf1-uniao-europeia.jpg\" \/>\n\t<meta property=\"og:image:width\" content=\"1160\" \/>\n\t<meta property=\"og:image:height\" content=\"773\" \/>\n\t<meta property=\"og:image:type\" content=\"image\/jpeg\" \/>\n<meta name=\"author\" content=\"Jader Lazarini\" \/>\n<meta name=\"twitter:card\" content=\"summary_large_image\" \/>\n<meta name=\"twitter:creator\" content=\"@sunoresearch\" \/>\n<meta name=\"twitter:site\" content=\"@sunoresearch\" \/>\n<meta name=\"twitter:label1\" content=\"Escrito por\" \/>\n\t<meta name=\"twitter:data1\" content=\"Jader Lazarini\" \/>\n\t<meta name=\"twitter:label2\" content=\"Est. tempo de leitura\" \/>\n\t<meta name=\"twitter:data2\" content=\"2 minutos\" \/>\n<script type=\"application\/ld+json\" class=\"yoast-schema-graph\">{\"@context\":\"https:\/\/schema.org\",\"@graph\":[{\"@type\":\"NewsArticle\",\"@id\":\"https:\/\/www.suno.com.br\/noticias\/guerra-comercial-sera-avaliada-uniao-europeia\/#article\",\"isPartOf\":{\"@id\":\"https:\/\/www.suno.com.br\/noticias\/guerra-comercial-sera-avaliada-uniao-europeia\/\"},\"author\":{\"name\":\"Jader Lazarini\",\"@id\":\"https:\/\/www.suno.com.br\/noticias\/#\/schema\/person\/918d79de1f0281f01599b93f9ea6e23f\"},\"headline\":\"Acordo na guerra comercial ser\u00e1 avaliado pela Uni\u00e3o Europeia, diz comiss\u00e1rio\",\"datePublished\":\"2020-01-16T15:58:05+00:00\",\"dateModified\":\"2021-05-11T00:05:43+00:00\",\"mainEntityOfPage\":{\"@id\":\"https:\/\/www.suno.com.br\/noticias\/guerra-comercial-sera-avaliada-uniao-europeia\/\"},\"wordCount\":407,\"publisher\":{\"@id\":\"https:\/\/www.suno.com.br\/noticias\/#organization\"},\"image\":{\"@id\":\"https:\/\/www.suno.com.br\/noticias\/guerra-comercial-sera-avaliada-uniao-europeia\/#primaryimage\"},\"thumbnailUrl\":\"https:\/\/files.sunoresearch.com.br\/n\/uploads\/2020\/01\/a7034cf1-uniao-europeia-jpg.webp\",\"keywords\":[\"guerra comercial\",\"Uni\u00e3o Europeia\"],\"articleSection\":[\"Internacional\"],\"inLanguage\":\"pt-BR\"},{\"@type\":\"WebPage\",\"@id\":\"https:\/\/www.suno.com.br\/noticias\/guerra-comercial-sera-avaliada-uniao-europeia\/\",\"url\":\"https:\/\/www.suno.com.br\/noticias\/guerra-comercial-sera-avaliada-uniao-europeia\/\",\"name\":\"Acordo na guerra comercial ser\u00e1 avaliado pela Uni\u00e3o Europeia\",\"isPartOf\":{\"@id\":\"https:\/\/www.suno.com.br\/noticias\/#website\"},\"primaryImageOfPage\":{\"@id\":\"https:\/\/www.suno.com.br\/noticias\/guerra-comercial-sera-avaliada-uniao-europeia\/#primaryimage\"},\"image\":{\"@id\":\"https:\/\/www.suno.com.br\/noticias\/guerra-comercial-sera-avaliada-uniao-europeia\/#primaryimage\"},\"thumbnailUrl\":\"https:\/\/files.sunoresearch.com.br\/n\/uploads\/2020\/01\/a7034cf1-uniao-europeia-jpg.webp\",\"datePublished\":\"2020-01-16T15:58:05+00:00\",\"dateModified\":\"2021-05-11T00:05:43+00:00\",\"description\":\"O chefe de com\u00e9rcio da Uni\u00e3o Europeia afirmou nesta quinta que o bloco ir\u00e1 avaliar o acordo na guerra comercial. Clique e saiba mais.\",\"breadcrumb\":{\"@id\":\"https:\/\/www.suno.com.br\/noticias\/guerra-comercial-sera-avaliada-uniao-europeia\/#breadcrumb\"},\"inLanguage\":\"pt-BR\",\"potentialAction\":[{\"@type\":\"ReadAction\",\"target\":[\"https:\/\/www.suno.com.br\/noticias\/guerra-comercial-sera-avaliada-uniao-europeia\/\"]}]},{\"@type\":\"ImageObject\",\"inLanguage\":\"pt-BR\",\"@id\":\"https:\/\/www.suno.com.br\/noticias\/guerra-comercial-sera-avaliada-uniao-europeia\/#primaryimage\",\"url\":\"https:\/\/files.sunoresearch.com.br\/n\/uploads\/2020\/01\/a7034cf1-uniao-europeia-jpg.webp\",\"contentUrl\":\"https:\/\/files.sunoresearch.com.br\/n\/uploads\/2020\/01\/a7034cf1-uniao-europeia-jpg.webp\",\"width\":1160,\"height\":773,\"caption\":\"Acordo na guerra comercial ser\u00e1 avaliado pela Uni\u00e3o Europeia, diz comiss\u00e1rio\"},{\"@type\":\"BreadcrumbList\",\"@id\":\"https:\/\/www.suno.com.br\/noticias\/guerra-comercial-sera-avaliada-uniao-europeia\/#breadcrumb\",\"itemListElement\":[{\"@type\":\"ListItem\",\"position\":1,\"name\":\"Not\u00edcias\",\"item\":\"https:\/\/www.suno.com.br\/noticias\/\"},{\"@type\":\"ListItem\",\"position\":2,\"name\":\"Internacional\",\"item\":\"https:\/\/www.suno.com.br\/noticias\/internacional\/\"},{\"@type\":\"ListItem\",\"position\":3,\"name\":\"Acordo na guerra comercial ser\u00e1 avaliado pela Uni\u00e3o Europeia, diz comiss\u00e1rio\"}]},{\"@type\":\"WebSite\",\"@id\":\"https:\/\/www.suno.com.br\/noticias\/#website\",\"url\":\"https:\/\/www.suno.com.br\/noticias\/\",\"name\":\"Suno Not\u00edcias\",\"description\":\"Seu portal de informa\u00e7\u00e3o sobre o mundo dos investimentos\",\"publisher\":{\"@id\":\"https:\/\/www.suno.com.br\/noticias\/#organization\"},\"potentialAction\":[{\"@type\":\"SearchAction\",\"target\":{\"@type\":\"EntryPoint\",\"urlTemplate\":\"https:\/\/www.suno.com.br\/noticias\/?s={search_term_string}\"},\"query-input\":{\"@type\":\"PropertyValueSpecification\",\"valueRequired\":true,\"valueName\":\"search_term_string\"}}],\"inLanguage\":\"pt-BR\"},{\"@type\":\"Organization\",\"@id\":\"https:\/\/www.suno.com.br\/noticias\/#organization\",\"name\":\"Suno Not\u00edcias\",\"url\":\"https:\/\/www.suno.com.br\/noticias\/\",\"logo\":{\"@type\":\"ImageObject\",\"inLanguage\":\"pt-BR\",\"@id\":\"https:\/\/www.suno.com.br\/noticias\/#\/schema\/logo\/image\/\",\"url\":\"https:\/\/files.sunoresearch.com.br\/n\/uploads\/2021\/09\/suno-logo.png\",\"contentUrl\":\"https:\/\/files.sunoresearch.com.br\/n\/uploads\/2021\/09\/suno-logo.png\",\"width\":180,\"height\":180,\"caption\":\"Suno Not\u00edcias\"},\"image\":{\"@id\":\"https:\/\/www.suno.com.br\/noticias\/#\/schema\/logo\/image\/\"},\"sameAs\":[\"https:\/\/facebook.com\/sunoresearch\",\"https:\/\/x.com\/sunoresearch\",\"https:\/\/www.instagram.com\/suno\",\"https:\/\/www.linkedin.com\/company\/suno-research\/\",\"https:\/\/www.youtube.com\/c\/sunoresearch\"]},{\"@type\":\"Person\",\"@id\":\"https:\/\/www.suno.com.br\/noticias\/#\/schema\/person\/918d79de1f0281f01599b93f9ea6e23f\",\"name\":\"Jader Lazarini\",\"image\":{\"@type\":\"ImageObject\",\"inLanguage\":\"pt-BR\",\"@id\":\"https:\/\/www.suno.com.br\/noticias\/#\/schema\/person\/image\/\",\"url\":\"https:\/\/secure.gravatar.com\/avatar\/3c1ad8caa51589841baeb923fcddea97?s=96&r=g\",\"contentUrl\":\"https:\/\/secure.gravatar.com\/avatar\/3c1ad8caa51589841baeb923fcddea97?s=96&r=g\",\"caption\":\"Jader Lazarini\"},\"description\":\"Jader Lazarini escreve sobre investimentos, finan\u00e7as, economia e neg\u00f3cios. \u00c9 bacharel em Rela\u00e7\u00f5es Internacionais e analista CNPI (2619).\",\"url\":\"https:\/\/www.suno.com.br\/noticias\/author\/jader-lazarini\/\"}]}<\/script>\n<!-- \/ Yoast SEO plugin. -->","yoast_head_json":{"title":"Acordo na guerra comercial ser\u00e1 avaliado pela Uni\u00e3o Europeia","description":"O chefe de com\u00e9rcio da Uni\u00e3o Europeia afirmou nesta quinta que o bloco ir\u00e1 avaliar o acordo na guerra comercial. Clique e saiba mais.","robots":{"index":"index","follow":"follow","max-snippet":"max-snippet:-1","max-image-preview":"max-image-preview:large","max-video-preview":"max-video-preview:-1"},"canonical":"https:\/\/www.suno.com.br\/noticias\/guerra-comercial-sera-avaliada-uniao-europeia\/","og_locale":"pt_BR","og_type":"article","og_title":"Acordo na guerra comercial ser\u00e1 avaliado pela Uni\u00e3o Europeia","og_description":"O chefe de com\u00e9rcio da Uni\u00e3o Europeia afirmou nesta quinta que o bloco ir\u00e1 avaliar o acordo na guerra comercial. Clique e saiba mais.","og_url":"https:\/\/www.suno.com.br\/noticias\/guerra-comercial-sera-avaliada-uniao-europeia\/","og_site_name":"Suno Not\u00edcias","article_publisher":"https:\/\/facebook.com\/sunoresearch","og_image":[{"width":1160,"height":773,"url":"https:\/\/files.sunoresearch.com.br\/n\/uploads\/2020\/01\/a7034cf1-uniao-europeia.jpg","type":"image\/jpeg"}],"author":"Jader Lazarini","twitter_card":"summary_large_image","twitter_creator":"@sunoresearch","twitter_site":"@sunoresearch","twitter_misc":{"Escrito por":"Jader Lazarini","Est. tempo de leitura":"2 minutos"},"schema":{"@context":"https:\/\/schema.org","@graph":[{"@type":"NewsArticle","@id":"https:\/\/www.suno.com.br\/noticias\/guerra-comercial-sera-avaliada-uniao-europeia\/#article","isPartOf":{"@id":"https:\/\/www.suno.com.br\/noticias\/guerra-comercial-sera-avaliada-uniao-europeia\/"},"author":{"name":"Jader Lazarini","@id":"https:\/\/www.suno.com.br\/noticias\/#\/schema\/person\/918d79de1f0281f01599b93f9ea6e23f"},"headline":"Acordo na guerra comercial ser\u00e1 avaliado pela Uni\u00e3o Europeia, diz comiss\u00e1rio","datePublished":"2020-01-16T15:58:05+00:00","dateModified":"2021-05-11T00:05:43+00:00","mainEntityOfPage":{"@id":"https:\/\/www.suno.com.br\/noticias\/guerra-comercial-sera-avaliada-uniao-europeia\/"},"wordCount":407,"publisher":{"@id":"https:\/\/www.suno.com.br\/noticias\/#organization"},"image":{"@id":"https:\/\/www.suno.com.br\/noticias\/guerra-comercial-sera-avaliada-uniao-europeia\/#primaryimage"},"thumbnailUrl":"https:\/\/files.sunoresearch.com.br\/n\/uploads\/2020\/01\/a7034cf1-uniao-europeia-jpg.webp","keywords":["guerra comercial","Uni\u00e3o Europeia"],"articleSection":["Internacional"],"inLanguage":"pt-BR"},{"@type":"WebPage","@id":"https:\/\/www.suno.com.br\/noticias\/guerra-comercial-sera-avaliada-uniao-europeia\/","url":"https:\/\/www.suno.com.br\/noticias\/guerra-comercial-sera-avaliada-uniao-europeia\/","name":"Acordo na guerra comercial ser\u00e1 avaliado pela Uni\u00e3o Europeia","isPartOf":{"@id":"https:\/\/www.suno.com.br\/noticias\/#website"},"primaryImageOfPage":{"@id":"https:\/\/www.suno.com.br\/noticias\/guerra-comercial-sera-avaliada-uniao-europeia\/#primaryimage"},"image":{"@id":"https:\/\/www.suno.com.br\/noticias\/guerra-comercial-sera-avaliada-uniao-europeia\/#primaryimage"},"thumbnailUrl":"https:\/\/files.sunoresearch.com.br\/n\/uploads\/2020\/01\/a7034cf1-uniao-europeia-jpg.webp","datePublished":"2020-01-16T15:58:05+00:00","dateModified":"2021-05-11T00:05:43+00:00","description":"O chefe de com\u00e9rcio da Uni\u00e3o Europeia afirmou nesta quinta que o bloco ir\u00e1 avaliar o acordo na guerra comercial. Clique e saiba mais.","breadcrumb":{"@id":"https:\/\/www.suno.com.br\/noticias\/guerra-comercial-sera-avaliada-uniao-europeia\/#breadcrumb"},"inLanguage":"pt-BR","potentialAction":[{"@type":"ReadAction","target":["https:\/\/www.suno.com.br\/noticias\/guerra-comercial-sera-avaliada-uniao-europeia\/"]}]},{"@type":"ImageObject","inLanguage":"pt-BR","@id":"https:\/\/www.suno.com.br\/noticias\/guerra-comercial-sera-avaliada-uniao-europeia\/#primaryimage","url":"https:\/\/files.sunoresearch.com.br\/n\/uploads\/2020\/01\/a7034cf1-uniao-europeia-jpg.webp","contentUrl":"https:\/\/files.sunoresearch.com.br\/n\/uploads\/2020\/01\/a7034cf1-uniao-europeia-jpg.webp","width":1160,"height":773,"caption":"Acordo na guerra comercial ser\u00e1 avaliado pela Uni\u00e3o Europeia, diz comiss\u00e1rio"},{"@type":"BreadcrumbList","@id":"https:\/\/www.suno.com.br\/noticias\/guerra-comercial-sera-avaliada-uniao-europeia\/#breadcrumb","itemListElement":[{"@type":"ListItem","position":1,"name":"Not\u00edcias","item":"https:\/\/www.suno.com.br\/noticias\/"},{"@type":"ListItem","position":2,"name":"Internacional","item":"https:\/\/www.suno.com.br\/noticias\/internacional\/"},{"@type":"ListItem","position":3,"name":"Acordo na guerra comercial ser\u00e1 avaliado pela Uni\u00e3o Europeia, diz comiss\u00e1rio"}]},{"@type":"WebSite","@id":"https:\/\/www.suno.com.br\/noticias\/#website","url":"https:\/\/www.suno.com.br\/noticias\/","name":"Suno Not\u00edcias","description":"Seu portal de informa\u00e7\u00e3o sobre o mundo dos investimentos","publisher":{"@id":"https:\/\/www.suno.com.br\/noticias\/#organization"},"potentialAction":[{"@type":"SearchAction","target":{"@type":"EntryPoint","urlTemplate":"https:\/\/www.suno.com.br\/noticias\/?s={search_term_string}"},"query-input":{"@type":"PropertyValueSpecification","valueRequired":true,"valueName":"search_term_string"}}],"inLanguage":"pt-BR"},{"@type":"Organization","@id":"https:\/\/www.suno.com.br\/noticias\/#organization","name":"Suno Not\u00edcias","url":"https:\/\/www.suno.com.br\/noticias\/","logo":{"@type":"ImageObject","inLanguage":"pt-BR","@id":"https:\/\/www.suno.com.br\/noticias\/#\/schema\/logo\/image\/","url":"https:\/\/files.sunoresearch.com.br\/n\/uploads\/2021\/09\/suno-logo.png","contentUrl":"https:\/\/files.sunoresearch.com.br\/n\/uploads\/2021\/09\/suno-logo.png","width":180,"height":180,"caption":"Suno Not\u00edcias"},"image":{"@id":"https:\/\/www.suno.com.br\/noticias\/#\/schema\/logo\/image\/"},"sameAs":["https:\/\/facebook.com\/sunoresearch","https:\/\/x.com\/sunoresearch","https:\/\/www.instagram.com\/suno","https:\/\/www.linkedin.com\/company\/suno-research\/","https:\/\/www.youtube.com\/c\/sunoresearch"]},{"@type":"Person","@id":"https:\/\/www.suno.com.br\/noticias\/#\/schema\/person\/918d79de1f0281f01599b93f9ea6e23f","name":"Jader Lazarini","image":{"@type":"ImageObject","inLanguage":"pt-BR","@id":"https:\/\/www.suno.com.br\/noticias\/#\/schema\/person\/image\/","url":"https:\/\/secure.gravatar.com\/avatar\/3c1ad8caa51589841baeb923fcddea97?s=96&r=g","contentUrl":"https:\/\/secure.gravatar.com\/avatar\/3c1ad8caa51589841baeb923fcddea97?s=96&r=g","caption":"Jader Lazarini"},"description":"Jader Lazarini escreve sobre investimentos, finan\u00e7as, economia e neg\u00f3cios. \u00c9 bacharel em Rela\u00e7\u00f5es Internacionais e analista CNPI (2619).","url":"https:\/\/www.suno.com.br\/noticias\/author\/jader-lazarini\/"}]}},"default_loop_html":"<div class=\"cardsPage__listCard__boxs\"><div class=\"cardsPage__listCard__boxs__img\"><a href=\"https:\/\/www.suno.com.br\/noticias\/guerra-comercial-sera-avaliada-uniao-europeia\/\"><img class=\"mask\" src=\"https:\/\/www.suno.com.br\/noticias\/wp-content\/themes\/suno\/resources\/images\/spotlight\/spotlight1img\/bg-mask.png\" alt=\"Image Mask\"\/><img src=\"https:\/\/files.sunoresearch.com.br\/n\/uploads\/2020\/01\/a7034cf1-uniao-europeia-400x200.webp\" alt=\"Acordo na guerra comercial ser\u00e1 avaliado pela Uni\u00e3o Europeia, diz comiss\u00e1rio\"\/><\/a><span class=\"spotlightCategory\"><a href=\"https:\/\/www.suno.com.br\/noticias\/internacional\/\">Internacional<\/a><\/span><\/div><div class=\"cardsPage__listCard__boxs__content\"><a href=\"https:\/\/www.suno.com.br\/noticias\/guerra-comercial-sera-avaliada-uniao-europeia\/\"><h2 class=\"content__title\">Acordo na guerra comercial ser\u00e1 avaliado pela Uni\u00e3o Europeia, diz comiss\u00e1rio<\/h2><\/a><div class=\"newsContent__article__meta\"><div class=\"newsContent__article__meta__authorBox\"><a href=\"https:\/\/www.suno.com.br\/noticias\/author\/jader-lazarini\/\" class=\"authorBox__avatar noMobi\"><img src=\"https:\/\/files.sunoresearch.com.br\/n\/uploads\/2021\/01\/178e6598-foto-perfil-2-150x150.jpg\" alt=\"Jader Lazarini\"><\/a><div class=\"authorBox__name\"><span>por\n\t\t\t<a href=\"https:\/\/www.suno.com.br\/noticias\/author\/jader-lazarini\/\"><span itemprop=\"author\">Jader Lazarini<\/span><\/a><\/span><time datetime=\"2020-01-16T13:58:05-03:00\" itemprop=\"datePublished\">16\/01\/2020 13:58<\/time><\/div><\/div><\/div><\/div><\/div>","single_layout":"posts","amp_enabled":true,"_links":{"self":[{"href":"https:\/\/www.suno.com.br\/noticias\/wp-json\/wp\/v2\/posts\/49951"}],"collection":[{"href":"https:\/\/www.suno.com.br\/noticias\/wp-json\/wp\/v2\/posts"}],"about":[{"href":"https:\/\/www.suno.com.br\/noticias\/wp-json\/wp\/v2\/types\/post"}],"author":[{"embeddable":true,"href":"https:\/\/www.suno.com.br\/noticias\/wp-json\/wp\/v2\/users\/24"}],"replies":[{"embeddable":true,"href":"https:\/\/www.suno.com.br\/noticias\/wp-json\/wp\/v2\/comments?post=49951"}],"version-history":[{"count":1,"href":"https:\/\/www.suno.com.br\/noticias\/wp-json\/wp\/v2\/posts\/49951\/revisions"}],"predecessor-version":[{"id":146698,"href":"https:\/\/www.suno.com.br\/noticias\/wp-json\/wp\/v2\/posts\/49951\/revisions\/146698"}],"wp:featuredmedia":[{"embeddable":true,"href":"https:\/\/www.suno.com.br\/noticias\/wp-json\/wp\/v2\/media\/49955"}],"wp:attachment":[{"href":"https:\/\/www.suno.com.br\/noticias\/wp-json\/wp\/v2\/media?parent=49951"}],"wp:term":[{"taxonomy":"category","embeddable":true,"href":"https:\/\/www.suno.com.br\/noticias\/wp-json\/wp\/v2\/categories?post=49951"},{"taxonomy":"post_tag","embeddable":true,"href":"https:\/\/www.suno.com.br\/noticias\/wp-json\/wp\/v2\/tags?post=49951"},{"taxonomy":"suno_strategy","embeddable":true,"href":"https:\/\/www.suno.com.br\/noticias\/wp-json\/wp\/v2\/suno_strategy?post=49951"}],"curies":[{"name":"wp","href":"https:\/\/api.w.org\/{rel}","templated":true}]}}