{"id":499500,"date":"2023-12-13T11:50:06","date_gmt":"2023-12-13T14:50:06","guid":{"rendered":"https:\/\/www.suno.com.br\/noticias\/?p=499500"},"modified":"2023-12-13T11:50:27","modified_gmt":"2023-12-13T14:50:27","slug":"destaques-americanas-amer3-telefonica-vivt3-e-mais-va","status":"publish","type":"post","link":"https:\/\/www.suno.com.br\/noticias\/destaques-americanas-amer3-telefonica-vivt3-e-mais-va\/","title":{"rendered":"Americanas (AMER3), WEG (WEGE3) e Telef\u00f4nica (VIVT3) movimentam mercado nesta quarta-feira; veja mais destaques\u00a0"},"content":{"rendered":"<p>A informa\u00e7\u00e3o de que o <a class=\"suno-keyword\" data-force=\"no\" data-priority=\"1\" href=\"https:\/\/www.suno.com.br\/artigos\/plano-de-recuperacao\/\" target=\"_blank\" rel=\"noopener\">plano de recupera\u00e7\u00e3o judicial<\/a> da<strong> Americanas <\/strong>(AMER3) teve ades\u00e3o do Bancos Votorantim e Daycoval \u00e9 um dos destaques desta quarta-feira (13).&nbsp;<\/p>\t<div class=\"wrapper-featured-image\">\n\t\t<figure class=\"spotlightImg\">\n\n\t\t\t<picture>\n\t\t\t\t<source media=\"(max-width: 768px)\" srcset=\"https:\/\/files.sunoresearch.com.br\/n\/uploads\/2023\/12\/ibovespa-mercado-acoes-verde-alta-400x200.jpg\">\n\t\t\t\t<img loading=\"lazy\" decoding=\"async\" class=\"newsContent__article__imgCapa lazyloadDisabled \" src=\"https:\/\/files.sunoresearch.com.br\/n\/uploads\/2023\/12\/ibovespa-mercado-acoes-verde-alta-800x450.jpg\" width=\"800\" height=\"450\" alt=\"Americanas (AMER3), WEG (WEGE3) e Telef\u00f4nica (VIVT3) movimentam mercado nesta quarta-feira; veja mais destaques\u00a0\" fetchpriority=high \/>\n\t\t\t<\/picture>\n\n\t\t\t<figcaption class=\"wp-caption-text wp-caption-text--show\">B3 (B3SA3), Engie (EGIE3) e Unipar (UNIP3) mexem o mercado-Foto: iStock<\/figcaption>\n\t\t<\/figure>\n\t<\/div>\n\n\n\n\n\n\t<p>\n\t\t<a href=\"https:\/\/lp.suno.com.br\/planilha-da-vida-financeira\/\" target=\"_blank\" data-element=\"shortcode-suno-banner\" title=\"Banner SUNO, clique e saiba mais\">\n\t\t\t<picture>\n\t\t\t\t<source media=\"(max-width: 500px)\" srcset=\"https:\/\/files.sunoresearch.com.br\/n\/uploads\/2023\/04\/400x300-Planilha-vida-financeira-true.png\">\n\t\t\t\t<img class=\"newsContent__article__imgCapa newsContent__article__imgCapa--banner\"\n\t\t\t\t\tsrc=\"https:\/\/files.sunoresearch.com.br\/n\/uploads\/2023\/04\/1420x240-Planilha-vida-financeira-true.png\"\n\t\t\t\t\tdata-promo-id=\"106682\"\t\t\t\t\t\t\t\t\t\twidth='1420' height='240'\t\t\t\t\talt=\"https:\/\/files.sunoresearch.com.br\/n\/uploads\/2023\/04\/1420x240-Planilha-vida-financeira-true.png\"\n\t\t\t\t>\n\t\t\t<\/picture>\n\t\t<\/a>\n\t<\/p>\n\n\n\n\n\n<p>Tamb\u00e9m est\u00e1 entre os<strong> destaques do mercado financeiro<\/strong> a <a class=\"suno-keyword\" target=\"_blank\" data-force=\"yes\" data-priority=\"2\" href=\"https:\/\/www.suno.com.br\/acoes\/WEGE3\/\" rel=\"noopener\">Weg (WEGE3)<\/a>, ap\u00f3s&nbsp; anunciar um novo pagamento de <a class=\"suno-keyword\" target=\"_blank\" data-force=\"no\" data-priority=\"1\" href=\"https:\/\/www.suno.com.br\/artigos\/entenda-o-jcp\/\" rel=\"noopener\">juros sobre capital pr\u00f3prio<\/a> (JCP), no montante de R$ 301,81 milh\u00f5es.<\/p>\n\n\n\n<p>A <a class=\"suno-keyword\" target=\"_blank\" data-force=\"yes\" data-priority=\"2\" href=\"https:\/\/www.suno.com.br\/acoes\/VIVT3\/\" rel=\"noopener\">Telef\u00f4nica (VIVT3)<\/a> tamb\u00e9m \u00e9 destaque hoje, depois de seu fundo adquirir fatia na Conexa por R$ 25 milh\u00f5es.&nbsp;<\/p>\n\n\n\n<p>Veja os <strong>destaques do mercado financeiro<\/strong> hoje:<\/p>\n\n\n\n<h2 class=\"wp-block-heading\">Americanas<\/h2>\n\n\n\n<p>A Americanas (AMER3) divulgou que apoio e ades\u00e3o ao <a class=\"suno-keyword\" target=\"_blank\" data-force=\"no\" data-priority=\"1\" href=\"https:\/\/www.suno.com.br\/artigos\/plano-de-recuperacao\/\" rel=\"noopener\">plano de recupera\u00e7\u00e3o judicial<\/a> do pelo Banco Votorantim&nbsp;e Banco Daycoval. Dessa forma, o plano passou a contar com o apoio de credores titulares de mais de 38,5% da d\u00edvida da companhia, excluindo os cr\u00e9ditos intercompany.<\/p>\n\n\n\n<h2 class=\"wp-block-heading\">Weg<\/h2>\n\n\n\n<p>O <a class=\"suno-keyword\" target=\"_blank\" data-force=\"no\" data-priority=\"1\" href=\"https:\/\/www.suno.com.br\/artigos\/conselho-administracao\/\" rel=\"noopener\">conselho de administra\u00e7\u00e3o<\/a> da <strong>Weg<\/strong> (WEGE3) anunciou um novo pagamento de <a class=\"suno-keyword\" target=\"_blank\" data-force=\"no\" data-priority=\"1\" href=\"https:\/\/www.suno.com.br\/artigos\/entenda-o-jcp\/\" rel=\"noopener\">juros sobre capital pr\u00f3prio<\/a> (JCP), no montante de R$ 301,81 milh\u00f5es.<\/p>\n\n\n\n<p>Conforme comunicado nesta ter\u00e7a-feira (12), os JCP da Weg representam o valor de R$ 0,071941176 por a\u00e7\u00e3o. Os novos proventos ser\u00e3o destinados aos titulares de a\u00e7\u00f5es da Weg at\u00e9 o fechamento do preg\u00e3o do pr\u00f3ximo dia 15 de dezembro.<\/p>\n\n\n\t<div data-element=\"shortcode-read-more\" class=\"knowMore\">\n\t\t\t\t<span class=\"knowMore__title\">Leia mais<\/span>\n\t\t\t\t<a class=\"knowMore__link\" href=\"https:\/\/www.suno.com.br\/noticias\/weg-wege3-juros-sobre-capital-proprio-jcp-12-12-23-jvj\/\">\n\t\t\tWeg (WEGE3) anuncia pagamento de R$ 301,8 milh\u00f5es em JCP; Veja o valor por a\u00e7\u00e3o\t\t<\/a>\n\t<\/div>\n\n\n\n\n<h2 class=\"wp-block-heading\">Telef\u00f4nica<\/h2>\n\n\n\n<p>A<strong> Telef\u00f4nica Brasil<\/strong> (VIVT3) informou que o Vivo Ventures, fundo detido pela companhia em conjunto com a Telef\u00f3nica Open Innovation para investimento em corporate venture capital, se comprometeu a adquirir participa\u00e7\u00e3o acion\u00e1ria no valor de R$ 25 milh\u00f5es na Conexa Health.<\/p>\n\n\n\n<p>Segundo a Telef\u00f4nica, o objetivo do investimento \u201c\u00e9 refor\u00e7ar a presen\u00e7a da companhia como hub de servi\u00e7os digitais, incluindo no segmento de sa\u00fade e bem-estar\u201d.<\/p>\n\n\n\t<div data-element=\"shortcode-read-more\" class=\"knowMore\">\n\t\t\t\t<span class=\"knowMore__title\">Leia mais<\/span>\n\t\t\t\t<a class=\"knowMore__link\" href=\"https:\/\/www.suno.com.br\/noticias\/telefonica-vivt3-vivo-ventures-conexa-gpj\/\">\n\t\t\tTelef\u00f4nica (VIVT3): fundo adquire fatia da Conexa por R$ 25 milh\u00f5es\t\t<\/a>\n\t<\/div>\n\n\n\n\n<h2 class=\"wp-block-heading\">Multiplan&nbsp;<\/h2>\n\n\n\n<p>A <strong>Multiplan<\/strong> (MULT3) comunicou que os <a class=\"suno-keyword\" target=\"_blank\" data-force=\"no\" data-priority=\"1\" href=\"https:\/\/www.suno.com.br\/artigos\/entenda-o-jcp\/\" rel=\"noopener\">juros sobre capital pr\u00f3prio<\/a> (JCP) que foram aprovados pelo <a class=\"suno-keyword\" target=\"_blank\" data-force=\"no\" data-priority=\"1\" href=\"https:\/\/www.suno.com.br\/artigos\/conselho-administracao\/\" rel=\"noopener\">conselho de administra\u00e7\u00e3o<\/a> da empresa v\u00e3o ser pagos em 20 de dezembro de 2023. A prova\u00e7\u00e3o dos proventos pelo conselho ocorreu em reuni\u00e3o do dia 21 de dezembro de 2022.<\/p>\n\n\n\n<p>Os JCP da Multiplan ter\u00e3o o valor total de R$ 175 milh\u00f5es, equivalente a R$ 0,29900117547 por a\u00e7\u00e3o.<\/p>\n\n\n\n<h2 class=\"wp-block-heading\">Cogna&nbsp;<\/h2>\n\n\n\n<p>A <strong>Cogna<\/strong> (COGN3) anunciou que a BlackRock elevou a participa\u00e7\u00e3o na companhia para 196.027.622 <a class=\"suno-keyword\" data-force=\"no\" data-priority=\"1\" href=\"https:\/\/www.suno.com.br\/artigos\/o-que-sao-acoes-ordinarias-preferenciais-e-units\/\" target=\"_blank\" rel=\"noopener\">a\u00e7\u00f5es ordin\u00e1rias<\/a>, representando aproximadamente 10,445% do total de a\u00e7\u00f5es ordin\u00e1rias emitidas.&nbsp;<\/p>\n\n\n\t<p>\n\t\t<a href=\"https:\/\/lp.suno.com.br\/ebook-como-analisar-uma-acao\/\" target=\"_blank\" data-element=\"shortcode-suno-banner\" title=\"Banner SUNO, clique e saiba mais\">\n\t\t\t<picture>\n\t\t\t\t<source media=\"(max-width: 500px)\" srcset=\"https:\/\/files.sunoresearch.com.br\/n\/uploads\/2023\/03\/Ebook-Acoes-Mobile.jpg\">\n\t\t\t\t<img class=\"newsContent__article__imgCapa newsContent__article__imgCapa--banner\"\n\t\t\t\t\tsrc=\"https:\/\/files.sunoresearch.com.br\/n\/uploads\/2023\/03\/Ebook-Acoes-Desktop.jpg\"\n\t\t\t\t\tdata-promo-id=\"378302\"\t\t\t\t\t\t\t\t\t\twidth='1420' height='286'\t\t\t\t\talt=\"https:\/\/files.sunoresearch.com.br\/n\/uploads\/2023\/03\/Ebook-Acoes-Desktop.jpg\"\n\t\t\t\t>\n\t\t\t<\/picture>\n\t\t<\/a>\n\t<\/p>\n\n\n\n\n\n<h2 class=\"wp-block-heading\">Melnick&nbsp;<\/h2>\n\n\n\n<p>A<strong> Melnick <\/strong>(MELK3) aprovou a distribui\u00e7\u00e3o de R$ 17,5 milh\u00f5es em <a class=\"suno-keyword\" target=\"_blank\" data-force=\"no\" data-priority=\"1\" href=\"https:\/\/www.suno.com.br\/guias\/dividendos\/\" rel=\"noopener\">dividendos<\/a>, equivalente a R$ 0,0862 por a\u00e7\u00e3o. Os dividendos ser\u00e3o pagos aos acionistas detentores de a\u00e7\u00f5es de emiss\u00e3o da companhia no fechamento do preg\u00e3o do dia 15 de dezembro de 2023.<\/p>\n\n\n\n<h2 class=\"wp-block-heading\">Getninjas&nbsp;<\/h2>\n\n\n\n<p>A Reag publicou o edital para <a class=\"suno-keyword\" target=\"_blank\" data-force=\"no\" data-priority=\"1\" href=\"https:\/\/www.suno.com.br\/artigos\/oferta-publica-aquisicao\/\" rel=\"noopener\">oferta p\u00fablica de aquisi\u00e7\u00e3o<\/a> (OPA) da <strong>Getninjas<\/strong> (NINJ3). A gestora, est\u00e1 oferecendo R$ 5,00 por a\u00e7\u00e3o, representando um pr\u00eamio de 8,7%. O leil\u00e3o est\u00e1 marcado para 24 de janeiro, com liquida\u00e7\u00e3o em 31 de janeiro. No total s\u00e3o 34,2 milh\u00f5es de a\u00e7\u00f5es, o que significa que a Reag pode desembolsar at\u00e9 R$ 171 milh\u00f5es na opera\u00e7\u00e3o.&nbsp;<\/p>\n\n\n\n<p>Os destaques do mercado financeiro do Suno Not\u00edcias mostram os principais acontecimentos que prometem movimentar o mercado durante o dia, como a<strong> Americanas<\/strong> (AMER3), que deve estar no foco dos investidores ao longo do dia.<\/p>\n\n\n\n\n\t<p>\n\t\t<a href=\"https:\/\/lp.suno.com.br\/planilha-da-vida-financeira\/\" target=\"_blank\" data-element=\"shortcode-suno-banner\" title=\"Banner SUNO, clique e saiba mais\">\n\t\t\t<picture>\n\t\t\t\t<source media=\"(max-width: 500px)\" srcset=\"https:\/\/files.sunoresearch.com.br\/n\/uploads\/2023\/04\/400x300-Planilha-vida-financeira-true.png\">\n\t\t\t\t<img class=\"newsContent__article__imgCapa newsContent__article__imgCapa--banner\"\n\t\t\t\t\tsrc=\"https:\/\/files.sunoresearch.com.br\/n\/uploads\/2023\/04\/1420x240-Planilha-vida-financeira-true.png\"\n\t\t\t\t\tdata-promo-id=\"383123\"\t\t\t\t\t\t\t\t\t\twidth='1420' height='240'\t\t\t\t\talt=\"https:\/\/files.sunoresearch.com.br\/n\/uploads\/2023\/04\/1420x240-Planilha-vida-financeira-true.png\"\n\t\t\t\t>\n\t\t\t<\/picture>\n\t\t<\/a>\n\t<\/p>\n\n\n","protected":false},"excerpt":{"rendered":"<p>A informa\u00e7\u00e3o de que o plano de recupera\u00e7\u00e3o judicial da Americanas (AMER3) teve ades\u00e3o do Bancos Votorantim e Daycoval \u00e9 um dos destaques desta quarta-feira (13).&nbsp; B3 (B3SA3), Engie (EGIE3) e Unipar (UNIP3) mexem o mercado-Foto: iStock Tamb\u00e9m est\u00e1 entre os destaques do mercado financeiro a Weg (WEGE3), ap\u00f3s&nbsp; anunciar um novo pagamento de juros [&hellip;]<\/p>\n","protected":false},"author":301,"featured_media":496256,"comment_status":"closed","ping_status":"closed","sticky":false,"template":"","format":"standard","meta":[],"categories":[60],"tags":[286,106605,2257,106232,104484,570,659,681],"suno_strategy":[],"class_list":["post-499500","post","type-post","status-publish","format-standard","has-post-thumbnail","hentry","category-mercado","tag-acoes","tag-americanas-s-a-amer3","tag-cogna-cogn3","tag-getninjas-ninj3","tag-melnick-melk3","tag-multiplan-mult3","tag-telefonica-vivt3","tag-weg-wege3"],"yoast_head":"<!-- This site is optimized with the Yoast SEO plugin v24.4 - https:\/\/yoast.com\/wordpress\/plugins\/seo\/ -->\n<title>Americanas (AMER3) e Telef\u00f4nica (VIVT3) movimentam mercado<\/title>\n<meta name=\"description\" content=\"A informa\u00e7\u00e3o de que o plano de recupera\u00e7\u00e3o judicial da Americanas (AMER3) teve ades\u00e3o do Bancos Votorantim e Daycoval \u00e9 um dos destaques.\" \/>\n<meta name=\"robots\" content=\"index, follow, max-snippet:-1, max-image-preview:large, max-video-preview:-1\" \/>\n<link rel=\"canonical\" href=\"https:\/\/www.suno.com.br\/noticias\/destaques-americanas-amer3-telefonica-vivt3-e-mais-va\/\" \/>\n<meta property=\"og:locale\" content=\"pt_BR\" \/>\n<meta property=\"og:type\" content=\"article\" \/>\n<meta property=\"og:title\" content=\"Americanas (AMER3) e Telef\u00f4nica (VIVT3) movimentam mercado\" \/>\n<meta property=\"og:description\" content=\"A informa\u00e7\u00e3o de que o plano de recupera\u00e7\u00e3o judicial da Americanas (AMER3) teve ades\u00e3o do Bancos Votorantim e Daycoval \u00e9 um dos destaques.\" \/>\n<meta property=\"og:url\" content=\"https:\/\/www.suno.com.br\/noticias\/destaques-americanas-amer3-telefonica-vivt3-e-mais-va\/\" \/>\n<meta property=\"og:site_name\" content=\"Suno Not\u00edcias\" \/>\n<meta property=\"article:publisher\" content=\"https:\/\/facebook.com\/sunoresearch\" \/>\n<meta property=\"og:image\" content=\"https:\/\/files.sunoresearch.com.br\/n\/uploads\/2023\/12\/ibovespa-mercado-acoes-verde-alta.jpg\" \/>\n\t<meta property=\"og:image:width\" content=\"1200\" \/>\n\t<meta property=\"og:image:height\" content=\"800\" \/>\n\t<meta property=\"og:image:type\" content=\"image\/jpeg\" \/>\n<meta name=\"author\" content=\"Vin\u00edcius Alves\" \/>\n<meta name=\"twitter:card\" content=\"summary_large_image\" \/>\n<meta name=\"twitter:creator\" content=\"@sunoresearch\" \/>\n<meta name=\"twitter:site\" content=\"@sunoresearch\" \/>\n<meta name=\"twitter:label1\" content=\"Escrito por\" \/>\n\t<meta name=\"twitter:data1\" content=\"Vin\u00edcius Alves\" \/>\n\t<meta name=\"twitter:label2\" content=\"Est. tempo de leitura\" \/>\n\t<meta name=\"twitter:data2\" content=\"3 minutos\" \/>\n<script type=\"application\/ld+json\" class=\"yoast-schema-graph\">{\"@context\":\"https:\/\/schema.org\",\"@graph\":[{\"@type\":\"NewsArticle\",\"@id\":\"https:\/\/www.suno.com.br\/noticias\/destaques-americanas-amer3-telefonica-vivt3-e-mais-va\/#article\",\"isPartOf\":{\"@id\":\"https:\/\/www.suno.com.br\/noticias\/destaques-americanas-amer3-telefonica-vivt3-e-mais-va\/\"},\"author\":{\"name\":\"Vin\u00edcius Alves\",\"@id\":\"https:\/\/www.suno.com.br\/noticias\/#\/schema\/person\/4a180549702d0e236b3e420862bcded3\"},\"headline\":\"Americanas (AMER3), WEG (WEGE3) e Telef\u00f4nica (VIVT3) movimentam mercado nesta quarta-feira; veja mais destaques\u00a0\",\"datePublished\":\"2023-12-13T14:50:06+00:00\",\"dateModified\":\"2023-12-13T14:50:27+00:00\",\"mainEntityOfPage\":{\"@id\":\"https:\/\/www.suno.com.br\/noticias\/destaques-americanas-amer3-telefonica-vivt3-e-mais-va\/\"},\"wordCount\":557,\"publisher\":{\"@id\":\"https:\/\/www.suno.com.br\/noticias\/#organization\"},\"image\":{\"@id\":\"https:\/\/www.suno.com.br\/noticias\/destaques-americanas-amer3-telefonica-vivt3-e-mais-va\/#primaryimage\"},\"thumbnailUrl\":\"https:\/\/files.sunoresearch.com.br\/n\/uploads\/2023\/12\/ibovespa-mercado-acoes-verde-alta.jpg\",\"keywords\":[\"A\u00e7\u00f5es\",\"Americanas (AMER3)\",\"Cogna (COGN3)\",\"GetNinjas (NINJ3)\",\"Melnick (MELK3)\",\"Multiplan (MULT3)\",\"Telef\u00f4nica (VIVT3)\",\"Weg (WEGE3)\"],\"articleSection\":[\"Mercado\"],\"inLanguage\":\"pt-BR\"},{\"@type\":\"WebPage\",\"@id\":\"https:\/\/www.suno.com.br\/noticias\/destaques-americanas-amer3-telefonica-vivt3-e-mais-va\/\",\"url\":\"https:\/\/www.suno.com.br\/noticias\/destaques-americanas-amer3-telefonica-vivt3-e-mais-va\/\",\"name\":\"Americanas (AMER3) e Telef\u00f4nica (VIVT3) movimentam mercado\",\"isPartOf\":{\"@id\":\"https:\/\/www.suno.com.br\/noticias\/#website\"},\"primaryImageOfPage\":{\"@id\":\"https:\/\/www.suno.com.br\/noticias\/destaques-americanas-amer3-telefonica-vivt3-e-mais-va\/#primaryimage\"},\"image\":{\"@id\":\"https:\/\/www.suno.com.br\/noticias\/destaques-americanas-amer3-telefonica-vivt3-e-mais-va\/#primaryimage\"},\"thumbnailUrl\":\"https:\/\/files.sunoresearch.com.br\/n\/uploads\/2023\/12\/ibovespa-mercado-acoes-verde-alta.jpg\",\"datePublished\":\"2023-12-13T14:50:06+00:00\",\"dateModified\":\"2023-12-13T14:50:27+00:00\",\"description\":\"A informa\u00e7\u00e3o de que o plano de recupera\u00e7\u00e3o judicial da Americanas (AMER3) teve ades\u00e3o do Bancos Votorantim e Daycoval \u00e9 um dos destaques.\",\"breadcrumb\":{\"@id\":\"https:\/\/www.suno.com.br\/noticias\/destaques-americanas-amer3-telefonica-vivt3-e-mais-va\/#breadcrumb\"},\"inLanguage\":\"pt-BR\",\"potentialAction\":[{\"@type\":\"ReadAction\",\"target\":[\"https:\/\/www.suno.com.br\/noticias\/destaques-americanas-amer3-telefonica-vivt3-e-mais-va\/\"]}]},{\"@type\":\"ImageObject\",\"inLanguage\":\"pt-BR\",\"@id\":\"https:\/\/www.suno.com.br\/noticias\/destaques-americanas-amer3-telefonica-vivt3-e-mais-va\/#primaryimage\",\"url\":\"https:\/\/files.sunoresearch.com.br\/n\/uploads\/2023\/12\/ibovespa-mercado-acoes-verde-alta.jpg\",\"contentUrl\":\"https:\/\/files.sunoresearch.com.br\/n\/uploads\/2023\/12\/ibovespa-mercado-acoes-verde-alta.jpg\",\"width\":1200,\"height\":800,\"caption\":\"B3 (B3SA3), Engie (EGIE3) e Unipar (UNIP3) mexem o mercado-Foto: iStock\"},{\"@type\":\"BreadcrumbList\",\"@id\":\"https:\/\/www.suno.com.br\/noticias\/destaques-americanas-amer3-telefonica-vivt3-e-mais-va\/#breadcrumb\",\"itemListElement\":[{\"@type\":\"ListItem\",\"position\":1,\"name\":\"Not\u00edcias\",\"item\":\"https:\/\/www.suno.com.br\/noticias\/\"},{\"@type\":\"ListItem\",\"position\":2,\"name\":\"Mercado\",\"item\":\"https:\/\/www.suno.com.br\/noticias\/mercado\/\"},{\"@type\":\"ListItem\",\"position\":3,\"name\":\"Americanas (AMER3), WEG (WEGE3) e Telef\u00f4nica (VIVT3) movimentam mercado nesta quarta-feira; veja mais destaques\u00a0\"}]},{\"@type\":\"WebSite\",\"@id\":\"https:\/\/www.suno.com.br\/noticias\/#website\",\"url\":\"https:\/\/www.suno.com.br\/noticias\/\",\"name\":\"Suno Not\u00edcias\",\"description\":\"Seu portal de informa\u00e7\u00e3o sobre o mundo dos investimentos\",\"publisher\":{\"@id\":\"https:\/\/www.suno.com.br\/noticias\/#organization\"},\"potentialAction\":[{\"@type\":\"SearchAction\",\"target\":{\"@type\":\"EntryPoint\",\"urlTemplate\":\"https:\/\/www.suno.com.br\/noticias\/?s={search_term_string}\"},\"query-input\":{\"@type\":\"PropertyValueSpecification\",\"valueRequired\":true,\"valueName\":\"search_term_string\"}}],\"inLanguage\":\"pt-BR\"},{\"@type\":\"Organization\",\"@id\":\"https:\/\/www.suno.com.br\/noticias\/#organization\",\"name\":\"Suno Not\u00edcias\",\"url\":\"https:\/\/www.suno.com.br\/noticias\/\",\"logo\":{\"@type\":\"ImageObject\",\"inLanguage\":\"pt-BR\",\"@id\":\"https:\/\/www.suno.com.br\/noticias\/#\/schema\/logo\/image\/\",\"url\":\"https:\/\/files.sunoresearch.com.br\/n\/uploads\/2021\/09\/suno-logo.png\",\"contentUrl\":\"https:\/\/files.sunoresearch.com.br\/n\/uploads\/2021\/09\/suno-logo.png\",\"width\":180,\"height\":180,\"caption\":\"Suno Not\u00edcias\"},\"image\":{\"@id\":\"https:\/\/www.suno.com.br\/noticias\/#\/schema\/logo\/image\/\"},\"sameAs\":[\"https:\/\/facebook.com\/sunoresearch\",\"https:\/\/x.com\/sunoresearch\",\"https:\/\/www.instagram.com\/suno\",\"https:\/\/www.linkedin.com\/company\/suno-research\/\",\"https:\/\/www.youtube.com\/c\/sunoresearch\"]},{\"@type\":\"Person\",\"@id\":\"https:\/\/www.suno.com.br\/noticias\/#\/schema\/person\/4a180549702d0e236b3e420862bcded3\",\"name\":\"Vin\u00edcius Alves\",\"image\":{\"@type\":\"ImageObject\",\"inLanguage\":\"pt-BR\",\"@id\":\"https:\/\/www.suno.com.br\/noticias\/#\/schema\/person\/image\/\",\"url\":\"https:\/\/secure.gravatar.com\/avatar\/a95b7fe6d1b813f7907d4f476d5a39e1?s=96&r=g\",\"contentUrl\":\"https:\/\/secure.gravatar.com\/avatar\/a95b7fe6d1b813f7907d4f476d5a39e1?s=96&r=g\",\"caption\":\"Vin\u00edcius Alves\"},\"description\":\"Jornalista formado na Faculdade C\u00e1sper L\u00edbero. Com passagens pela Ag\u00eancia Estado, InfoMoney e Editora Globo.\",\"url\":\"https:\/\/www.suno.com.br\/noticias\/author\/vini08correiagmail-com\/\"}]}<\/script>\n<!-- \/ Yoast SEO plugin. -->","yoast_head_json":{"title":"Americanas (AMER3) e Telef\u00f4nica (VIVT3) movimentam mercado","description":"A informa\u00e7\u00e3o de que o plano de recupera\u00e7\u00e3o judicial da Americanas (AMER3) teve ades\u00e3o do Bancos Votorantim e Daycoval \u00e9 um dos destaques.","robots":{"index":"index","follow":"follow","max-snippet":"max-snippet:-1","max-image-preview":"max-image-preview:large","max-video-preview":"max-video-preview:-1"},"canonical":"https:\/\/www.suno.com.br\/noticias\/destaques-americanas-amer3-telefonica-vivt3-e-mais-va\/","og_locale":"pt_BR","og_type":"article","og_title":"Americanas (AMER3) e Telef\u00f4nica (VIVT3) movimentam mercado","og_description":"A informa\u00e7\u00e3o de que o plano de recupera\u00e7\u00e3o judicial da Americanas (AMER3) teve ades\u00e3o do Bancos Votorantim e Daycoval \u00e9 um dos destaques.","og_url":"https:\/\/www.suno.com.br\/noticias\/destaques-americanas-amer3-telefonica-vivt3-e-mais-va\/","og_site_name":"Suno Not\u00edcias","article_publisher":"https:\/\/facebook.com\/sunoresearch","og_image":[{"width":1200,"height":800,"url":"https:\/\/files.sunoresearch.com.br\/n\/uploads\/2023\/12\/ibovespa-mercado-acoes-verde-alta.jpg","type":"image\/jpeg"}],"author":"Vin\u00edcius Alves","twitter_card":"summary_large_image","twitter_creator":"@sunoresearch","twitter_site":"@sunoresearch","twitter_misc":{"Escrito por":"Vin\u00edcius Alves","Est. tempo de leitura":"3 minutos"},"schema":{"@context":"https:\/\/schema.org","@graph":[{"@type":"NewsArticle","@id":"https:\/\/www.suno.com.br\/noticias\/destaques-americanas-amer3-telefonica-vivt3-e-mais-va\/#article","isPartOf":{"@id":"https:\/\/www.suno.com.br\/noticias\/destaques-americanas-amer3-telefonica-vivt3-e-mais-va\/"},"author":{"name":"Vin\u00edcius Alves","@id":"https:\/\/www.suno.com.br\/noticias\/#\/schema\/person\/4a180549702d0e236b3e420862bcded3"},"headline":"Americanas (AMER3), WEG (WEGE3) e Telef\u00f4nica (VIVT3) movimentam mercado nesta quarta-feira; veja mais destaques\u00a0","datePublished":"2023-12-13T14:50:06+00:00","dateModified":"2023-12-13T14:50:27+00:00","mainEntityOfPage":{"@id":"https:\/\/www.suno.com.br\/noticias\/destaques-americanas-amer3-telefonica-vivt3-e-mais-va\/"},"wordCount":557,"publisher":{"@id":"https:\/\/www.suno.com.br\/noticias\/#organization"},"image":{"@id":"https:\/\/www.suno.com.br\/noticias\/destaques-americanas-amer3-telefonica-vivt3-e-mais-va\/#primaryimage"},"thumbnailUrl":"https:\/\/files.sunoresearch.com.br\/n\/uploads\/2023\/12\/ibovespa-mercado-acoes-verde-alta.jpg","keywords":["A\u00e7\u00f5es","Americanas (AMER3)","Cogna (COGN3)","GetNinjas (NINJ3)","Melnick (MELK3)","Multiplan (MULT3)","Telef\u00f4nica (VIVT3)","Weg (WEGE3)"],"articleSection":["Mercado"],"inLanguage":"pt-BR"},{"@type":"WebPage","@id":"https:\/\/www.suno.com.br\/noticias\/destaques-americanas-amer3-telefonica-vivt3-e-mais-va\/","url":"https:\/\/www.suno.com.br\/noticias\/destaques-americanas-amer3-telefonica-vivt3-e-mais-va\/","name":"Americanas (AMER3) e Telef\u00f4nica (VIVT3) movimentam mercado","isPartOf":{"@id":"https:\/\/www.suno.com.br\/noticias\/#website"},"primaryImageOfPage":{"@id":"https:\/\/www.suno.com.br\/noticias\/destaques-americanas-amer3-telefonica-vivt3-e-mais-va\/#primaryimage"},"image":{"@id":"https:\/\/www.suno.com.br\/noticias\/destaques-americanas-amer3-telefonica-vivt3-e-mais-va\/#primaryimage"},"thumbnailUrl":"https:\/\/files.sunoresearch.com.br\/n\/uploads\/2023\/12\/ibovespa-mercado-acoes-verde-alta.jpg","datePublished":"2023-12-13T14:50:06+00:00","dateModified":"2023-12-13T14:50:27+00:00","description":"A informa\u00e7\u00e3o de que o plano de recupera\u00e7\u00e3o judicial da Americanas (AMER3) teve ades\u00e3o do Bancos Votorantim e Daycoval \u00e9 um dos destaques.","breadcrumb":{"@id":"https:\/\/www.suno.com.br\/noticias\/destaques-americanas-amer3-telefonica-vivt3-e-mais-va\/#breadcrumb"},"inLanguage":"pt-BR","potentialAction":[{"@type":"ReadAction","target":["https:\/\/www.suno.com.br\/noticias\/destaques-americanas-amer3-telefonica-vivt3-e-mais-va\/"]}]},{"@type":"ImageObject","inLanguage":"pt-BR","@id":"https:\/\/www.suno.com.br\/noticias\/destaques-americanas-amer3-telefonica-vivt3-e-mais-va\/#primaryimage","url":"https:\/\/files.sunoresearch.com.br\/n\/uploads\/2023\/12\/ibovespa-mercado-acoes-verde-alta.jpg","contentUrl":"https:\/\/files.sunoresearch.com.br\/n\/uploads\/2023\/12\/ibovespa-mercado-acoes-verde-alta.jpg","width":1200,"height":800,"caption":"B3 (B3SA3), Engie (EGIE3) e Unipar (UNIP3) mexem o mercado-Foto: iStock"},{"@type":"BreadcrumbList","@id":"https:\/\/www.suno.com.br\/noticias\/destaques-americanas-amer3-telefonica-vivt3-e-mais-va\/#breadcrumb","itemListElement":[{"@type":"ListItem","position":1,"name":"Not\u00edcias","item":"https:\/\/www.suno.com.br\/noticias\/"},{"@type":"ListItem","position":2,"name":"Mercado","item":"https:\/\/www.suno.com.br\/noticias\/mercado\/"},{"@type":"ListItem","position":3,"name":"Americanas (AMER3), WEG (WEGE3) e Telef\u00f4nica (VIVT3) movimentam mercado nesta quarta-feira; veja mais destaques\u00a0"}]},{"@type":"WebSite","@id":"https:\/\/www.suno.com.br\/noticias\/#website","url":"https:\/\/www.suno.com.br\/noticias\/","name":"Suno Not\u00edcias","description":"Seu portal de informa\u00e7\u00e3o sobre o mundo dos investimentos","publisher":{"@id":"https:\/\/www.suno.com.br\/noticias\/#organization"},"potentialAction":[{"@type":"SearchAction","target":{"@type":"EntryPoint","urlTemplate":"https:\/\/www.suno.com.br\/noticias\/?s={search_term_string}"},"query-input":{"@type":"PropertyValueSpecification","valueRequired":true,"valueName":"search_term_string"}}],"inLanguage":"pt-BR"},{"@type":"Organization","@id":"https:\/\/www.suno.com.br\/noticias\/#organization","name":"Suno Not\u00edcias","url":"https:\/\/www.suno.com.br\/noticias\/","logo":{"@type":"ImageObject","inLanguage":"pt-BR","@id":"https:\/\/www.suno.com.br\/noticias\/#\/schema\/logo\/image\/","url":"https:\/\/files.sunoresearch.com.br\/n\/uploads\/2021\/09\/suno-logo.png","contentUrl":"https:\/\/files.sunoresearch.com.br\/n\/uploads\/2021\/09\/suno-logo.png","width":180,"height":180,"caption":"Suno Not\u00edcias"},"image":{"@id":"https:\/\/www.suno.com.br\/noticias\/#\/schema\/logo\/image\/"},"sameAs":["https:\/\/facebook.com\/sunoresearch","https:\/\/x.com\/sunoresearch","https:\/\/www.instagram.com\/suno","https:\/\/www.linkedin.com\/company\/suno-research\/","https:\/\/www.youtube.com\/c\/sunoresearch"]},{"@type":"Person","@id":"https:\/\/www.suno.com.br\/noticias\/#\/schema\/person\/4a180549702d0e236b3e420862bcded3","name":"Vin\u00edcius Alves","image":{"@type":"ImageObject","inLanguage":"pt-BR","@id":"https:\/\/www.suno.com.br\/noticias\/#\/schema\/person\/image\/","url":"https:\/\/secure.gravatar.com\/avatar\/a95b7fe6d1b813f7907d4f476d5a39e1?s=96&r=g","contentUrl":"https:\/\/secure.gravatar.com\/avatar\/a95b7fe6d1b813f7907d4f476d5a39e1?s=96&r=g","caption":"Vin\u00edcius Alves"},"description":"Jornalista formado na Faculdade C\u00e1sper L\u00edbero. Com passagens pela Ag\u00eancia Estado, InfoMoney e Editora Globo.","url":"https:\/\/www.suno.com.br\/noticias\/author\/vini08correiagmail-com\/"}]}},"default_loop_html":"<div class=\"cardsPage__listCard__boxs\"><div class=\"cardsPage__listCard__boxs__img\"><a href=\"https:\/\/www.suno.com.br\/noticias\/destaques-americanas-amer3-telefonica-vivt3-e-mais-va\/\"><img class=\"mask\" src=\"https:\/\/www.suno.com.br\/noticias\/wp-content\/themes\/suno\/resources\/images\/spotlight\/spotlight1img\/bg-mask.png\" alt=\"Image Mask\"\/><img src=\"https:\/\/files.sunoresearch.com.br\/n\/uploads\/2023\/12\/ibovespa-mercado-acoes-verde-alta-400x200.jpg\" alt=\"Americanas (AMER3), WEG (WEGE3) e Telef\u00f4nica (VIVT3) movimentam mercado nesta quarta-feira; veja mais destaques\u00a0\"\/><\/a><span class=\"spotlightCategory\"><a href=\"https:\/\/www.suno.com.br\/noticias\/mercado\/\">Mercado<\/a><\/span><\/div><div class=\"cardsPage__listCard__boxs__content\"><a href=\"https:\/\/www.suno.com.br\/noticias\/destaques-americanas-amer3-telefonica-vivt3-e-mais-va\/\"><h2 class=\"content__title\">Americanas (AMER3), WEG (WEGE3) e Telef\u00f4nica (VIVT3) movimentam mercado nesta quarta-feira; veja mais destaques\u00a0<\/h2><\/a><div class=\"newsContent__article__meta\"><div class=\"newsContent__article__meta__authorBox\"><a href=\"https:\/\/www.suno.com.br\/noticias\/author\/vini08correiagmail-com\/\" class=\"authorBox__avatar noMobi\"><img src=\"https:\/\/files.sunoresearch.com.br\/n\/uploads\/2026\/04\/WhatsApp-Image-2026-04-20-at-19.35.48-150x150.webp\" alt=\"Vin\u00edcius Alves\"><\/a><div class=\"authorBox__name\"><span>por\n\t\t\t<a href=\"https:\/\/www.suno.com.br\/noticias\/author\/vini08correiagmail-com\/\"><span itemprop=\"author\">Vin\u00edcius Alves<\/span><\/a><\/span><time datetime=\"2023-12-13T11:50:06-03:00\" itemprop=\"datePublished\">13\/12\/2023 11:50<\/time><\/div><\/div><\/div><\/div><\/div>","single_layout":"posts","amp_enabled":true,"_links":{"self":[{"href":"https:\/\/www.suno.com.br\/noticias\/wp-json\/wp\/v2\/posts\/499500"}],"collection":[{"href":"https:\/\/www.suno.com.br\/noticias\/wp-json\/wp\/v2\/posts"}],"about":[{"href":"https:\/\/www.suno.com.br\/noticias\/wp-json\/wp\/v2\/types\/post"}],"author":[{"embeddable":true,"href":"https:\/\/www.suno.com.br\/noticias\/wp-json\/wp\/v2\/users\/301"}],"replies":[{"embeddable":true,"href":"https:\/\/www.suno.com.br\/noticias\/wp-json\/wp\/v2\/comments?post=499500"}],"version-history":[{"count":3,"href":"https:\/\/www.suno.com.br\/noticias\/wp-json\/wp\/v2\/posts\/499500\/revisions"}],"predecessor-version":[{"id":499545,"href":"https:\/\/www.suno.com.br\/noticias\/wp-json\/wp\/v2\/posts\/499500\/revisions\/499545"}],"wp:featuredmedia":[{"embeddable":true,"href":"https:\/\/www.suno.com.br\/noticias\/wp-json\/wp\/v2\/media\/496256"}],"wp:attachment":[{"href":"https:\/\/www.suno.com.br\/noticias\/wp-json\/wp\/v2\/media?parent=499500"}],"wp:term":[{"taxonomy":"category","embeddable":true,"href":"https:\/\/www.suno.com.br\/noticias\/wp-json\/wp\/v2\/categories?post=499500"},{"taxonomy":"post_tag","embeddable":true,"href":"https:\/\/www.suno.com.br\/noticias\/wp-json\/wp\/v2\/tags?post=499500"},{"taxonomy":"suno_strategy","embeddable":true,"href":"https:\/\/www.suno.com.br\/noticias\/wp-json\/wp\/v2\/suno_strategy?post=499500"}],"curies":[{"name":"wp","href":"https:\/\/api.w.org\/{rel}","templated":true}]}}