{"id":499405,"date":"2023-12-13T08:43:51","date_gmt":"2023-12-13T11:43:51","guid":{"rendered":"https:\/\/www.suno.com.br\/noticias\/?p=499405"},"modified":"2023-12-13T08:44:31","modified_gmt":"2023-12-13T11:44:31","slug":"ambev-abev3-jcp-gpj","status":"publish","type":"post","link":"https:\/\/www.suno.com.br\/noticias\/ambev-abev3-jcp-gpj\/","title":{"rendered":"Ambev (ABEV3) pagar\u00e1 JCP de R$ 0,73 por a\u00e7\u00e3o ainda em dezembro"},"content":{"rendered":"<p>A\u00a0<strong>Ambev\u00a0<\/strong>(<a href=\"https:\/\/www.suno.com.br\/acoes\/abev3\/\">ABEV3<\/a>)\u00a0pagar\u00e1\u00a0<a href=\"https:\/\/www.suno.com.br\/artigos\/entenda-o-jcp\/\" target=\"_blank\" rel=\"noreferrer noopener\">juros sobre capital pr\u00f3prio (JCP)<\/a>\u00a0aos seus acionistas, conforme comunicado pela companhia nesta ter\u00e7a-feira (12)\u00a0em documento arquivado na Comiss\u00e3o de Valores Mobili\u00e1rios (CVM).<\/p>\t<div class=\"wrapper-featured-image\">\n\t\t<figure class=\"spotlightImg\">\n\n\t\t\t<picture>\n\t\t\t\t<source media=\"(max-width: 768px)\" srcset=\"https:\/\/files.sunoresearch.com.br\/n\/uploads\/2023\/05\/agenda-ambev-bradesco-embraer-balanco-400x200.jpg\">\n\t\t\t\t<img loading=\"lazy\" decoding=\"async\" class=\"newsContent__article__imgCapa lazyloadDisabled \" src=\"https:\/\/files.sunoresearch.com.br\/n\/uploads\/2023\/05\/agenda-ambev-bradesco-embraer-balanco-800x450.jpg\" width=\"800\" height=\"450\" alt=\"Ambev (ABEV3) pagar\u00e1 JCP de R$ 0,73 por a\u00e7\u00e3o ainda em dezembro\" fetchpriority=high \/>\n\t\t\t<\/picture>\n\n\t\t\t<figcaption class=\"wp-caption-text wp-caption-text--show\">Ambev (ABEV3). Foto: Divulga\u00e7\u00e3o\/Ambev<\/figcaption>\n\t\t<\/figure>\n\t<\/div>\n\n\n\n\n\n\n\n\t<p>\n\t\t<a href=\"\" target=\"_blank\" data-element=\"shortcode-suno-banner\" title=\"Banner SUNO, clique e saiba mais\">\n\t\t\t<picture>\n\t\t\t\t<source media=\"(max-width: 500px)\" srcset=\"\">\n\t\t\t\t<img class=\"newsContent__article__imgCapa newsContent__article__imgCapa--banner\"\n\t\t\t\t\tsrc=\"\"\n\t\t\t\t\tdata-promo-id=\"288022\"\t\t\t\t\t\t\t\t\t\t\t\t\t\t\talt=\"\"\n\t\t\t\t>\n\t\t\t<\/picture>\n\t\t<\/a>\n\t<\/p>\n\n\n\n\n\n<p>O valor dos proventos por a\u00e7\u00e3o\u00a0<strong><a href=\"https:\/\/statusinvest.com.br\/acoes\/abev3?__hstc=189907700.8055ccc23f10f994477476fc36005533.1699956754224.1702393025124.1702465521680.62&amp;__hssc=189907700.13.1702465521680&amp;__hsfp=2131422129\" target=\"_blank\" rel=\"noreferrer noopener\">ABEV3<\/a><\/strong>\u00a0ser\u00e1 de R$ 0,7302 que ser\u00e3o pagos em 28 de dezembro.<\/p>\n\n\n\n<p>Apenas os investidores com\u00a0<strong>a\u00e7\u00f5es da Ambev<\/strong>\u00a0na <a href=\"https:\/\/www.suno.com.br\/acoes\/B3SA3\/\">B3 (B3SA3)<\/a> no dia 19 de dezembro e na Bolsa de Valores de Nova York (NYSE) no dia 26 de dezembro ter\u00e3o direito de receber os rendimentos.<\/p>\n\n\n\n<p>As a\u00e7\u00f5es e os <strong>ADRs da Ambev<\/strong> passar\u00e3o a ser negociados ex-JCP a partir do dia 20 de dezembro.<\/p>\n\n\n\n<p>Ainda de acordo com a Ambev, o valor dos JCP ter\u00e1 reten\u00e7\u00e3o do imposto de renda na fonte, com al\u00edquota de 15%, resultando em aproximadamente R$ 0,6207 l\u00edquidos recebidos por a\u00e7\u00e3o da<strong> <\/strong>companhia.<\/p>\n\n\n\n<h2 class=\"wp-block-heading\">JCP da Ambev<\/h2>\n\n\n\n<ul class=\"wp-block-list\">\n<li>Valor recebido por a\u00e7\u00e3o: R$ 0,7302<\/li>\n\n\n\n<li>Valor recebido por a\u00e7\u00e3o (l\u00edquido): R$ 0,6207<\/li>\n\n\n\n<li>Data de corte: 19 de dezembro de 2023 (B3) e 26 de dezembro de 2023 (NYSE)<\/li>\n\n\n\n<li>Data do pagamento: 28 de dezembro de 2023<\/li>\n<\/ul>\n\n\n\n\t<div data-element=\"shortcode-read-more\" class=\"readToo\">\n\t\t\t\t<span class=\"readToo__title\">Leia mais<\/span>\n\t\t\t\t<ul class=\"readToo__list\">\n\t\t\t<li><a href=\"https:\/\/www.suno.com.br\/noticias\/multiplan-mult3-juros-sobre-capital-proprio-jcp-jvj-2\/\">Multiplan (MULT3) anuncia quando vai pagar R$ 175 milh\u00f5es em JCP; Veja quem recebe<\/a><\/li><li><a href=\"https:\/\/www.suno.com.br\/noticias\/weg-wege3-juros-sobre-capital-proprio-jcp-12-12-23-jvj\/\">Weg (WEGE3) anuncia pagamento de R$ 301,8 milh\u00f5es em JCP; Veja o valor por a\u00e7\u00e3o<\/a><\/li><li><a href=\"https:\/\/www.suno.com.br\/noticias\/fleury-flry3-jcp-acionistas-evm\/\">Fleury (FLRY3) pagar\u00e1 R$ 144 milh\u00f5es em JCP aos seus acionistas<\/a><\/li>\t\t<\/ul>\n\t<\/div>\n\n\n\n\n<h2 class=\"wp-block-heading\">Ambev (ABEV3): lucro l\u00edquido dispara 24,9% no terceiro trimestre, para R$ 4,0 bilh\u00f5es<\/h2>\n\n\n\n<p>A\u00a0Ambev\u00a0reportou um\u00a0<a href=\"https:\/\/www.suno.com.br\/artigos\/lucro-liquido\/\">lucro l\u00edquido<\/a>\u00a0de R$ 4,015 bilh\u00f5es no terceiro trimestre de 2023 (3T23), conforme balan\u00e7o divulgado no fim de outubro. A cifra representa um aumento de 24,9% em rela\u00e7\u00e3o ao mesmo per\u00edodo do ano passado.<\/p>\n\n\n\n<p>J\u00e1 o&nbsp;<strong>lucro l\u00edquido ajustado da Ambev<\/strong>&nbsp;ficou em R$ 4,038 bilh\u00f5es, aumento de 25,1% frente aos R$ 3,229 bilh\u00f5es registrados no mesmo intervalo de 2022.<\/p>\n\n\n\n<p>A&nbsp;<strong><a href=\"https:\/\/www.suno.com.br\/artigos\/o-que-receita-liquida\/\" target=\"_blank\" rel=\"noreferrer noopener\">receita l\u00edquida<\/a>&nbsp;da Ambev<\/strong>&nbsp;foi de R$ 20,317 bilh\u00f5es no trimestre, queda de 1,3% frente os R$ 20,587 bilh\u00f5es registrados no resultado no mesmo per\u00edodo do ano anterior.<\/p>\n\n\n\n<p>O Ebitda (lucro antes de juros, impostos,&nbsp;<a href=\"https:\/\/www.suno.com.br\/artigos\/depreciacao-amortizacao\/\" target=\"_blank\" rel=\"noreferrer noopener\">deprecia\u00e7\u00e3o e amortiza\u00e7\u00e3o<\/a>) ajustado, por sua vez, foi de R$ 6,854 bilh\u00f5es, aumento de 17,6% ante o n\u00famero registrado no mesmo per\u00edodo do ano de 2022.<\/p>\n\n\n\n<p>De acordo com a Ambev, o volume no Brasil ficou praticamente est\u00e1vel (-0,1%), uma vez que a queda no desempenho em Cerveja (-1,1%) diante da forte performance dos anos anteriores (3T20 a 3T22) foi compensada por bebidas n\u00e3o alco\u00f3licas (+2,8%).<\/p>\n\n\n\n<p>Nas&nbsp;<strong>opera\u00e7\u00f5es internacionais da Ambev<\/strong>, o desempenho positivo na Am\u00e9rica Central e Caribe (\u201cCAC\u201d) (+13,6%) foi mais do que compensado pela Am\u00e9rica Latina Sul (LAS) (-9,4%) e pelo Canad\u00e1 (-13,1%), onde os volumes foram impactados principalmente pelas ind\u00fastrias em queda.<\/p>\n\n\n\n<p>Entre os meses de abril e junho, o&nbsp;<strong><a href=\"https:\/\/www.suno.com.br\/artigos\/resultado-financeiro\/\">resultado financeiro<\/a>&nbsp;da Ambev<\/strong>&nbsp;ficou em R$ 837,9 milh\u00f5es, uma redu\u00e7\u00e3o de R$ 413,2 milh\u00f5es em rela\u00e7\u00e3o ao mesmo per\u00edodo do ano passado.<\/p>\n\n\n\n<p>\u201cO 3T23 foi mais um trimestre de crescimento e rentabilidade gra\u00e7as \u00e0 execu\u00e7\u00e3o consistente da nossa estrat\u00e9gia, com desempenho positivo da receita l\u00edquida e <a href=\"https:\/\/www.suno.com.br\/artigos\/alavancagem-operacional\/\">alavancagem operacional<\/a>\u201d, disse a\u00a0<strong>CEO da Ambev<\/strong>, Jean Jereissati.<\/p>\n\n\n\n<p>\u201cPor fim, o desempenho do quarto trimestre \u00e9 sempre cr\u00edtico dada a chegada do ver\u00e3o na Am\u00e9rica do Sul, mas estamos confiantes em nossa capacidade de entregar pelo terceiro ano consecutivo uma melhora consistente e cont\u00ednua em termos de crescimento e rentabilidade, com desempenho org\u00e2nico consolidado do <a href=\"https:\/\/www.suno.com.br\/artigos\/ebitda-ajustado\/\">EBITDA Ajustado<\/a> \u00e0 frente do crescimento de 17,1% entregue em 2022, bem como expans\u00e3o da <a href=\"https:\/\/www.suno.com.br\/artigos\/margem-bruta-entenda-sua-importancia\/\">margem bruta<\/a> e da <a href=\"https:\/\/www.suno.com.br\/artigos\/margem-ebitda\/\">margem EBITDA<\/a> Ajustado\u201d, pontuou a<strong>\u00a0Ambev<\/strong>.<\/p>\n\n\n\t<p>\n\t\t<a href=\"https:\/\/lp.suno.com.br\/ebook-como-analisar-uma-acao\/\" target=\"_blank\" data-element=\"shortcode-suno-banner\" title=\"Banner SUNO, clique e saiba mais\">\n\t\t\t<picture>\n\t\t\t\t<source media=\"(max-width: 500px)\" srcset=\"https:\/\/files.sunoresearch.com.br\/n\/uploads\/2023\/03\/Ebook-Acoes-Mobile.jpg\">\n\t\t\t\t<img class=\"newsContent__article__imgCapa newsContent__article__imgCapa--banner\"\n\t\t\t\t\tsrc=\"https:\/\/files.sunoresearch.com.br\/n\/uploads\/2023\/03\/Ebook-Acoes-Desktop.jpg\"\n\t\t\t\t\tdata-promo-id=\"378302\"\t\t\t\t\t\t\t\t\t\twidth='1420' height='286'\t\t\t\t\talt=\"https:\/\/files.sunoresearch.com.br\/n\/uploads\/2023\/03\/Ebook-Acoes-Desktop.jpg\"\n\t\t\t\t>\n\t\t\t<\/picture>\n\t\t<\/a>\n\t<\/p>\n\n\n\n\n\n<h2 class=\"wp-block-heading\">Desempenho das a\u00e7\u00f5es da Ambev<\/h2>\n\n\n\n<div class=\"pluginQuotation\">\n  <p class=\"ticker\">\n    Cota\u00e7\u00e3o <span>ABEV3<\/span>\n  <\/p>\n  <div class=\"info\">\n    <div class=\"leftSide\">\n      Gr\u00e1fico gerado em: 13\/12\/2023    <\/div>\n\t\t\t\t\t<div class=\"rightSide\">\n\t\t\t\t\t<span class=\"period\">\n\t\t\t\t\t\t1 Dia\t\t\t\t\t<\/span>\n\t\t\t<\/div>\n\t\t  <\/div>\n\n  <div id=\"chart-dc9e29c43a92c14c7095f60666445081\" data-block-hash=\"dc9e29c43a92c14c7095f60666445081\"  class=\"chart\" style=\"width:100%;height:400px;\"><\/div>\n\n  <div class=\"pluginQuotation__footer\">\n    <div class=\"dataChart\">\n\n      <div class=\"dataChart__div1 variation\">\n        <div class=\"value-negative\">\n          -0,28 (-0,04%)        <\/div>\n        <div class=\"text\">\n          Varia\u00e7\u00e3o do per\u00edodo\n        <\/div>\n      <\/div>\n\n      <div class=\"dataChart__div2 minMax\">\n        <div class=\"value\">\n          R$\u00a014,20        <\/div>\n        <div class=\"text\">\n          M\u00ednima\n        <\/div>\n      <\/div>\n\n      <div class=\"dataChart__div3 minMax\">\n        <div class=\"value\">\n          R$\u00a014,34        <\/div>\n        <div class=\"text\">\n          M\u00e1xima\n        <\/div>\n      <\/div>\n\n\t\t\t<div class=\"dataChart__div4 rightSide\">\n\t\t\t\t<div class=\"analiticaSource\">\n\t\t\t\t\t<span>\n\t\t\t\t\t\tFonte:\n\t\t\t\t\t<\/span>\n\t\t\t\t\t<img decoding=\"async\" class=\"analiticaLogo\" src=\"https:\/\/www.suno.com.br\/noticias\/wp-content\/plugins\/suno-block-ticker-quotation\/src\/suno-analitica-logo.png\" alt=\"Logo Suno Anal\u00edtica\" \/>\n\t\t\t\t<\/div>\n\n\t\t\t\t<a href=\"https:\/\/www.suno.com.br\/analitica\/acoes\/ABEV3\" target=\"_blank\">\n\t\t\t\t\t<span>\n\t\t\t\t\t\tVer mais cota\u00e7\u00f5es\n\t\t\t\t\t<\/span>\n\t\t\t\t\t<svg xmlns=\"http:\/\/www.w3.org\/2000\/svg\" width=\"9\" height=\"8\" viewBox=\"0 0 9 8\" fill=\"none\">\n\t\t\t\t\t\t<path d=\"M4.20996 0L3.50496 0.705L6.29496 3.5H0.209961V4.5H6.29496L3.50496 7.295L4.20996 8L8.20996 4L4.20996 0Z\" fill=\"#D42126\" \/>\n\t\t\t\t\t<\/svg>\n\t\t\t\t<\/a>\n    <\/div>\n\n    <\/div>\n  <\/div>\n<\/div>\n\n\n<script type=\"text\/javascript\">\n  let chart_dc9e29c43a92c14c7095f60666445081 = document.getElementById('chart-dc9e29c43a92c14c7095f60666445081');\n  let data_json_dc9e29c43a92c14c7095f60666445081 = \"[{\\\"date\\\":\\\"12\\\\\\\/12\\\\\\\/23 10:02\\\",\\\"value\\\":14.27},{\\\"date\\\":\\\"12\\\\\\\/12\\\\\\\/23 10:04\\\",\\\"value\\\":14.31},{\\\"date\\\":\\\"12\\\\\\\/12\\\\\\\/23 10:06\\\",\\\"value\\\":14.29},{\\\"date\\\":\\\"12\\\\\\\/12\\\\\\\/23 10:08\\\",\\\"value\\\":14.27},{\\\"date\\\":\\\"12\\\\\\\/12\\\\\\\/23 10:10\\\",\\\"value\\\":14.3},{\\\"date\\\":\\\"12\\\\\\\/12\\\\\\\/23 10:12\\\",\\\"value\\\":14.3},{\\\"date\\\":\\\"12\\\\\\\/12\\\\\\\/23 10:14\\\",\\\"value\\\":14.34},{\\\"date\\\":\\\"12\\\\\\\/12\\\\\\\/23 10:16\\\",\\\"value\\\":14.32},{\\\"date\\\":\\\"12\\\\\\\/12\\\\\\\/23 10:18\\\",\\\"value\\\":14.31},{\\\"date\\\":\\\"12\\\\\\\/12\\\\\\\/23 10:20\\\",\\\"value\\\":14.3},{\\\"date\\\":\\\"12\\\\\\\/12\\\\\\\/23 10:22\\\",\\\"value\\\":14.27},{\\\"date\\\":\\\"12\\\\\\\/12\\\\\\\/23 10:24\\\",\\\"value\\\":14.32},{\\\"date\\\":\\\"12\\\\\\\/12\\\\\\\/23 10:26\\\",\\\"value\\\":14.31},{\\\"date\\\":\\\"12\\\\\\\/12\\\\\\\/23 10:28\\\",\\\"value\\\":14.31},{\\\"date\\\":\\\"12\\\\\\\/12\\\\\\\/23 10:30\\\",\\\"value\\\":14.3},{\\\"date\\\":\\\"12\\\\\\\/12\\\\\\\/23 10:32\\\",\\\"value\\\":14.29},{\\\"date\\\":\\\"12\\\\\\\/12\\\\\\\/23 10:34\\\",\\\"value\\\":14.28},{\\\"date\\\":\\\"12\\\\\\\/12\\\\\\\/23 10:36\\\",\\\"value\\\":14.27},{\\\"date\\\":\\\"12\\\\\\\/12\\\\\\\/23 10:38\\\",\\\"value\\\":14.29},{\\\"date\\\":\\\"12\\\\\\\/12\\\\\\\/23 10:40\\\",\\\"value\\\":14.26},{\\\"date\\\":\\\"12\\\\\\\/12\\\\\\\/23 10:42\\\",\\\"value\\\":14.26},{\\\"date\\\":\\\"12\\\\\\\/12\\\\\\\/23 10:44\\\",\\\"value\\\":14.27},{\\\"date\\\":\\\"12\\\\\\\/12\\\\\\\/23 10:46\\\",\\\"value\\\":14.28},{\\\"date\\\":\\\"12\\\\\\\/12\\\\\\\/23 10:48\\\",\\\"value\\\":14.28},{\\\"date\\\":\\\"12\\\\\\\/12\\\\\\\/23 10:50\\\",\\\"value\\\":14.3},{\\\"date\\\":\\\"12\\\\\\\/12\\\\\\\/23 10:52\\\",\\\"value\\\":14.29},{\\\"date\\\":\\\"12\\\\\\\/12\\\\\\\/23 10:54\\\",\\\"value\\\":14.27},{\\\"date\\\":\\\"12\\\\\\\/12\\\\\\\/23 10:56\\\",\\\"value\\\":14.28},{\\\"date\\\":\\\"12\\\\\\\/12\\\\\\\/23 10:58\\\",\\\"value\\\":14.28},{\\\"date\\\":\\\"12\\\\\\\/12\\\\\\\/23 11:00\\\",\\\"value\\\":14.28},{\\\"date\\\":\\\"12\\\\\\\/12\\\\\\\/23 11:02\\\",\\\"value\\\":14.28},{\\\"date\\\":\\\"12\\\\\\\/12\\\\\\\/23 11:04\\\",\\\"value\\\":14.29},{\\\"date\\\":\\\"12\\\\\\\/12\\\\\\\/23 11:06\\\",\\\"value\\\":14.31},{\\\"date\\\":\\\"12\\\\\\\/12\\\\\\\/23 11:08\\\",\\\"value\\\":14.31},{\\\"date\\\":\\\"12\\\\\\\/12\\\\\\\/23 11:10\\\",\\\"value\\\":14.32},{\\\"date\\\":\\\"12\\\\\\\/12\\\\\\\/23 11:12\\\",\\\"value\\\":14.32},{\\\"date\\\":\\\"12\\\\\\\/12\\\\\\\/23 11:14\\\",\\\"value\\\":14.32},{\\\"date\\\":\\\"12\\\\\\\/12\\\\\\\/23 11:16\\\",\\\"value\\\":14.29},{\\\"date\\\":\\\"12\\\\\\\/12\\\\\\\/23 11:18\\\",\\\"value\\\":14.28},{\\\"date\\\":\\\"12\\\\\\\/12\\\\\\\/23 11:20\\\",\\\"value\\\":14.29},{\\\"date\\\":\\\"12\\\\\\\/12\\\\\\\/23 11:22\\\",\\\"value\\\":14.3},{\\\"date\\\":\\\"12\\\\\\\/12\\\\\\\/23 11:24\\\",\\\"value\\\":14.3},{\\\"date\\\":\\\"12\\\\\\\/12\\\\\\\/23 11:26\\\",\\\"value\\\":14.29},{\\\"date\\\":\\\"12\\\\\\\/12\\\\\\\/23 11:28\\\",\\\"value\\\":14.29},{\\\"date\\\":\\\"12\\\\\\\/12\\\\\\\/23 11:30\\\",\\\"value\\\":14.33},{\\\"date\\\":\\\"12\\\\\\\/12\\\\\\\/23 11:32\\\",\\\"value\\\":14.29},{\\\"date\\\":\\\"12\\\\\\\/12\\\\\\\/23 11:34\\\",\\\"value\\\":14.29},{\\\"date\\\":\\\"12\\\\\\\/12\\\\\\\/23 11:36\\\",\\\"value\\\":14.31},{\\\"date\\\":\\\"12\\\\\\\/12\\\\\\\/23 11:38\\\",\\\"value\\\":14.28},{\\\"date\\\":\\\"12\\\\\\\/12\\\\\\\/23 11:40\\\",\\\"value\\\":14.31},{\\\"date\\\":\\\"12\\\\\\\/12\\\\\\\/23 11:42\\\",\\\"value\\\":14.3},{\\\"date\\\":\\\"12\\\\\\\/12\\\\\\\/23 11:44\\\",\\\"value\\\":14.28},{\\\"date\\\":\\\"12\\\\\\\/12\\\\\\\/23 11:46\\\",\\\"value\\\":14.29},{\\\"date\\\":\\\"12\\\\\\\/12\\\\\\\/23 11:48\\\",\\\"value\\\":14.28},{\\\"date\\\":\\\"12\\\\\\\/12\\\\\\\/23 11:50\\\",\\\"value\\\":14.28},{\\\"date\\\":\\\"12\\\\\\\/12\\\\\\\/23 11:52\\\",\\\"value\\\":14.28},{\\\"date\\\":\\\"12\\\\\\\/12\\\\\\\/23 11:54\\\",\\\"value\\\":14.26},{\\\"date\\\":\\\"12\\\\\\\/12\\\\\\\/23 11:56\\\",\\\"value\\\":14.28},{\\\"date\\\":\\\"12\\\\\\\/12\\\\\\\/23 11:58\\\",\\\"value\\\":14.27},{\\\"date\\\":\\\"12\\\\\\\/12\\\\\\\/23 12:00\\\",\\\"value\\\":14.26},{\\\"date\\\":\\\"12\\\\\\\/12\\\\\\\/23 12:02\\\",\\\"value\\\":14.29},{\\\"date\\\":\\\"12\\\\\\\/12\\\\\\\/23 12:04\\\",\\\"value\\\":14.29},{\\\"date\\\":\\\"12\\\\\\\/12\\\\\\\/23 12:06\\\",\\\"value\\\":14.29},{\\\"date\\\":\\\"12\\\\\\\/12\\\\\\\/23 12:08\\\",\\\"value\\\":14.28},{\\\"date\\\":\\\"12\\\\\\\/12\\\\\\\/23 12:10\\\",\\\"value\\\":14.3},{\\\"date\\\":\\\"12\\\\\\\/12\\\\\\\/23 12:12\\\",\\\"value\\\":14.28},{\\\"date\\\":\\\"12\\\\\\\/12\\\\\\\/23 12:14\\\",\\\"value\\\":14.29},{\\\"date\\\":\\\"12\\\\\\\/12\\\\\\\/23 12:16\\\",\\\"value\\\":14.28},{\\\"date\\\":\\\"12\\\\\\\/12\\\\\\\/23 12:18\\\",\\\"value\\\":14.28},{\\\"date\\\":\\\"12\\\\\\\/12\\\\\\\/23 12:20\\\",\\\"value\\\":14.28},{\\\"date\\\":\\\"12\\\\\\\/12\\\\\\\/23 12:40\\\",\\\"value\\\":14.29},{\\\"date\\\":\\\"12\\\\\\\/12\\\\\\\/23 12:42\\\",\\\"value\\\":14.29},{\\\"date\\\":\\\"12\\\\\\\/12\\\\\\\/23 12:44\\\",\\\"value\\\":14.3},{\\\"date\\\":\\\"12\\\\\\\/12\\\\\\\/23 12:46\\\",\\\"value\\\":14.31},{\\\"date\\\":\\\"12\\\\\\\/12\\\\\\\/23 12:48\\\",\\\"value\\\":14.31},{\\\"date\\\":\\\"12\\\\\\\/12\\\\\\\/23 12:50\\\",\\\"value\\\":14.3},{\\\"date\\\":\\\"12\\\\\\\/12\\\\\\\/23 12:52\\\",\\\"value\\\":14.31},{\\\"date\\\":\\\"12\\\\\\\/12\\\\\\\/23 12:54\\\",\\\"value\\\":14.31},{\\\"date\\\":\\\"12\\\\\\\/12\\\\\\\/23 12:56\\\",\\\"value\\\":14.31},{\\\"date\\\":\\\"12\\\\\\\/12\\\\\\\/23 12:58\\\",\\\"value\\\":14.3},{\\\"date\\\":\\\"12\\\\\\\/12\\\\\\\/23 13:00\\\",\\\"value\\\":14.31},{\\\"date\\\":\\\"12\\\\\\\/12\\\\\\\/23 13:02\\\",\\\"value\\\":14.31},{\\\"date\\\":\\\"12\\\\\\\/12\\\\\\\/23 13:04\\\",\\\"value\\\":14.3},{\\\"date\\\":\\\"12\\\\\\\/12\\\\\\\/23 13:06\\\",\\\"value\\\":14.31},{\\\"date\\\":\\\"12\\\\\\\/12\\\\\\\/23 13:08\\\",\\\"value\\\":14.32},{\\\"date\\\":\\\"12\\\\\\\/12\\\\\\\/23 13:10\\\",\\\"value\\\":14.31},{\\\"date\\\":\\\"12\\\\\\\/12\\\\\\\/23 13:12\\\",\\\"value\\\":14.31},{\\\"date\\\":\\\"12\\\\\\\/12\\\\\\\/23 13:14\\\",\\\"value\\\":14.28},{\\\"date\\\":\\\"12\\\\\\\/12\\\\\\\/23 13:16\\\",\\\"value\\\":14.29},{\\\"date\\\":\\\"12\\\\\\\/12\\\\\\\/23 13:18\\\",\\\"value\\\":14.29},{\\\"date\\\":\\\"12\\\\\\\/12\\\\\\\/23 13:20\\\",\\\"value\\\":14.29},{\\\"date\\\":\\\"12\\\\\\\/12\\\\\\\/23 13:22\\\",\\\"value\\\":14.3},{\\\"date\\\":\\\"12\\\\\\\/12\\\\\\\/23 13:24\\\",\\\"value\\\":14.3},{\\\"date\\\":\\\"12\\\\\\\/12\\\\\\\/23 13:32\\\",\\\"value\\\":14.26},{\\\"date\\\":\\\"12\\\\\\\/12\\\\\\\/23 13:34\\\",\\\"value\\\":14.27},{\\\"date\\\":\\\"12\\\\\\\/12\\\\\\\/23 13:36\\\",\\\"value\\\":14.27},{\\\"date\\\":\\\"12\\\\\\\/12\\\\\\\/23 13:38\\\",\\\"value\\\":14.27},{\\\"date\\\":\\\"12\\\\\\\/12\\\\\\\/23 13:40\\\",\\\"value\\\":14.27},{\\\"date\\\":\\\"12\\\\\\\/12\\\\\\\/23 13:42\\\",\\\"value\\\":14.27},{\\\"date\\\":\\\"12\\\\\\\/12\\\\\\\/23 13:44\\\",\\\"value\\\":14.27},{\\\"date\\\":\\\"12\\\\\\\/12\\\\\\\/23 13:46\\\",\\\"value\\\":14.26},{\\\"date\\\":\\\"12\\\\\\\/12\\\\\\\/23 13:48\\\",\\\"value\\\":14.27},{\\\"date\\\":\\\"12\\\\\\\/12\\\\\\\/23 13:50\\\",\\\"value\\\":14.27},{\\\"date\\\":\\\"12\\\\\\\/12\\\\\\\/23 13:52\\\",\\\"value\\\":14.27},{\\\"date\\\":\\\"12\\\\\\\/12\\\\\\\/23 13:54\\\",\\\"value\\\":14.27},{\\\"date\\\":\\\"12\\\\\\\/12\\\\\\\/23 13:56\\\",\\\"value\\\":14.27},{\\\"date\\\":\\\"12\\\\\\\/12\\\\\\\/23 13:58\\\",\\\"value\\\":14.27},{\\\"date\\\":\\\"12\\\\\\\/12\\\\\\\/23 14:00\\\",\\\"value\\\":14.27},{\\\"date\\\":\\\"12\\\\\\\/12\\\\\\\/23 14:02\\\",\\\"value\\\":14.27},{\\\"date\\\":\\\"12\\\\\\\/12\\\\\\\/23 14:04\\\",\\\"value\\\":14.27},{\\\"date\\\":\\\"12\\\\\\\/12\\\\\\\/23 14:06\\\",\\\"value\\\":14.26},{\\\"date\\\":\\\"12\\\\\\\/12\\\\\\\/23 14:08\\\",\\\"value\\\":14.25},{\\\"date\\\":\\\"12\\\\\\\/12\\\\\\\/23 14:10\\\",\\\"value\\\":14.26},{\\\"date\\\":\\\"12\\\\\\\/12\\\\\\\/23 14:12\\\",\\\"value\\\":14.27},{\\\"date\\\":\\\"12\\\\\\\/12\\\\\\\/23 14:14\\\",\\\"value\\\":14.27},{\\\"date\\\":\\\"12\\\\\\\/12\\\\\\\/23 14:16\\\",\\\"value\\\":14.28},{\\\"date\\\":\\\"12\\\\\\\/12\\\\\\\/23 14:18\\\",\\\"value\\\":14.28},{\\\"date\\\":\\\"12\\\\\\\/12\\\\\\\/23 14:20\\\",\\\"value\\\":14.27},{\\\"date\\\":\\\"12\\\\\\\/12\\\\\\\/23 14:22\\\",\\\"value\\\":14.27},{\\\"date\\\":\\\"12\\\\\\\/12\\\\\\\/23 14:24\\\",\\\"value\\\":14.27},{\\\"date\\\":\\\"12\\\\\\\/12\\\\\\\/23 14:26\\\",\\\"value\\\":14.27},{\\\"date\\\":\\\"12\\\\\\\/12\\\\\\\/23 14:28\\\",\\\"value\\\":14.27},{\\\"date\\\":\\\"12\\\\\\\/12\\\\\\\/23 14:30\\\",\\\"value\\\":14.27},{\\\"date\\\":\\\"12\\\\\\\/12\\\\\\\/23 14:32\\\",\\\"value\\\":14.26},{\\\"date\\\":\\\"12\\\\\\\/12\\\\\\\/23 14:34\\\",\\\"value\\\":14.27},{\\\"date\\\":\\\"12\\\\\\\/12\\\\\\\/23 14:36\\\",\\\"value\\\":14.24},{\\\"date\\\":\\\"12\\\\\\\/12\\\\\\\/23 14:38\\\",\\\"value\\\":14.23},{\\\"date\\\":\\\"12\\\\\\\/12\\\\\\\/23 14:40\\\",\\\"value\\\":14.24},{\\\"date\\\":\\\"12\\\\\\\/12\\\\\\\/23 14:42\\\",\\\"value\\\":14.24},{\\\"date\\\":\\\"12\\\\\\\/12\\\\\\\/23 14:44\\\",\\\"value\\\":14.24},{\\\"date\\\":\\\"12\\\\\\\/12\\\\\\\/23 14:46\\\",\\\"value\\\":14.24},{\\\"date\\\":\\\"12\\\\\\\/12\\\\\\\/23 14:48\\\",\\\"value\\\":14.22},{\\\"date\\\":\\\"12\\\\\\\/12\\\\\\\/23 14:50\\\",\\\"value\\\":14.24},{\\\"date\\\":\\\"12\\\\\\\/12\\\\\\\/23 14:52\\\",\\\"value\\\":14.23},{\\\"date\\\":\\\"12\\\\\\\/12\\\\\\\/23 14:54\\\",\\\"value\\\":14.23},{\\\"date\\\":\\\"12\\\\\\\/12\\\\\\\/23 14:56\\\",\\\"value\\\":14.24},{\\\"date\\\":\\\"12\\\\\\\/12\\\\\\\/23 14:58\\\",\\\"value\\\":14.23},{\\\"date\\\":\\\"12\\\\\\\/12\\\\\\\/23 15:00\\\",\\\"value\\\":14.22},{\\\"date\\\":\\\"12\\\\\\\/12\\\\\\\/23 15:02\\\",\\\"value\\\":14.26},{\\\"date\\\":\\\"12\\\\\\\/12\\\\\\\/23 15:04\\\",\\\"value\\\":14.25},{\\\"date\\\":\\\"12\\\\\\\/12\\\\\\\/23 15:06\\\",\\\"value\\\":14.25},{\\\"date\\\":\\\"12\\\\\\\/12\\\\\\\/23 15:08\\\",\\\"value\\\":14.25},{\\\"date\\\":\\\"12\\\\\\\/12\\\\\\\/23 15:10\\\",\\\"value\\\":14.25},{\\\"date\\\":\\\"12\\\\\\\/12\\\\\\\/23 15:12\\\",\\\"value\\\":14.25},{\\\"date\\\":\\\"12\\\\\\\/12\\\\\\\/23 15:14\\\",\\\"value\\\":14.24},{\\\"date\\\":\\\"12\\\\\\\/12\\\\\\\/23 15:16\\\",\\\"value\\\":14.24},{\\\"date\\\":\\\"12\\\\\\\/12\\\\\\\/23 15:18\\\",\\\"value\\\":14.22},{\\\"date\\\":\\\"12\\\\\\\/12\\\\\\\/23 15:20\\\",\\\"value\\\":14.2},{\\\"date\\\":\\\"12\\\\\\\/12\\\\\\\/23 15:22\\\",\\\"value\\\":14.21},{\\\"date\\\":\\\"12\\\\\\\/12\\\\\\\/23 15:24\\\",\\\"value\\\":14.21},{\\\"date\\\":\\\"12\\\\\\\/12\\\\\\\/23 15:26\\\",\\\"value\\\":14.22},{\\\"date\\\":\\\"12\\\\\\\/12\\\\\\\/23 15:28\\\",\\\"value\\\":14.21},{\\\"date\\\":\\\"12\\\\\\\/12\\\\\\\/23 15:30\\\",\\\"value\\\":14.21},{\\\"date\\\":\\\"12\\\\\\\/12\\\\\\\/23 15:32\\\",\\\"value\\\":14.2},{\\\"date\\\":\\\"12\\\\\\\/12\\\\\\\/23 15:34\\\",\\\"value\\\":14.22},{\\\"date\\\":\\\"12\\\\\\\/12\\\\\\\/23 15:36\\\",\\\"value\\\":14.22},{\\\"date\\\":\\\"12\\\\\\\/12\\\\\\\/23 15:38\\\",\\\"value\\\":14.21},{\\\"date\\\":\\\"12\\\\\\\/12\\\\\\\/23 15:40\\\",\\\"value\\\":14.21},{\\\"date\\\":\\\"12\\\\\\\/12\\\\\\\/23 15:42\\\",\\\"value\\\":14.22},{\\\"date\\\":\\\"12\\\\\\\/12\\\\\\\/23 15:44\\\",\\\"value\\\":14.22},{\\\"date\\\":\\\"12\\\\\\\/12\\\\\\\/23 15:46\\\",\\\"value\\\":14.22},{\\\"date\\\":\\\"12\\\\\\\/12\\\\\\\/23 15:48\\\",\\\"value\\\":14.23},{\\\"date\\\":\\\"12\\\\\\\/12\\\\\\\/23 15:50\\\",\\\"value\\\":14.22},{\\\"date\\\":\\\"12\\\\\\\/12\\\\\\\/23 15:52\\\",\\\"value\\\":14.23},{\\\"date\\\":\\\"12\\\\\\\/12\\\\\\\/23 15:54\\\",\\\"value\\\":14.22},{\\\"date\\\":\\\"12\\\\\\\/12\\\\\\\/23 15:56\\\",\\\"value\\\":14.23},{\\\"date\\\":\\\"12\\\\\\\/12\\\\\\\/23 15:58\\\",\\\"value\\\":14.22},{\\\"date\\\":\\\"12\\\\\\\/12\\\\\\\/23 16:00\\\",\\\"value\\\":14.23},{\\\"date\\\":\\\"12\\\\\\\/12\\\\\\\/23 16:02\\\",\\\"value\\\":14.23},{\\\"date\\\":\\\"12\\\\\\\/12\\\\\\\/23 16:04\\\",\\\"value\\\":14.24},{\\\"date\\\":\\\"12\\\\\\\/12\\\\\\\/23 16:06\\\",\\\"value\\\":14.23},{\\\"date\\\":\\\"12\\\\\\\/12\\\\\\\/23 16:08\\\",\\\"value\\\":14.24},{\\\"date\\\":\\\"12\\\\\\\/12\\\\\\\/23 16:10\\\",\\\"value\\\":14.23},{\\\"date\\\":\\\"12\\\\\\\/12\\\\\\\/23 16:12\\\",\\\"value\\\":14.24},{\\\"date\\\":\\\"12\\\\\\\/12\\\\\\\/23 16:14\\\",\\\"value\\\":14.23},{\\\"date\\\":\\\"12\\\\\\\/12\\\\\\\/23 16:16\\\",\\\"value\\\":14.24},{\\\"date\\\":\\\"12\\\\\\\/12\\\\\\\/23 16:18\\\",\\\"value\\\":14.23},{\\\"date\\\":\\\"12\\\\\\\/12\\\\\\\/23 16:20\\\",\\\"value\\\":14.25},{\\\"date\\\":\\\"12\\\\\\\/12\\\\\\\/23 16:22\\\",\\\"value\\\":14.25},{\\\"date\\\":\\\"12\\\\\\\/12\\\\\\\/23 16:24\\\",\\\"value\\\":14.24},{\\\"date\\\":\\\"12\\\\\\\/12\\\\\\\/23 16:26\\\",\\\"value\\\":14.26},{\\\"date\\\":\\\"12\\\\\\\/12\\\\\\\/23 16:28\\\",\\\"value\\\":14.27},{\\\"date\\\":\\\"12\\\\\\\/12\\\\\\\/23 16:30\\\",\\\"value\\\":14.27},{\\\"date\\\":\\\"12\\\\\\\/12\\\\\\\/23 16:32\\\",\\\"value\\\":14.28},{\\\"date\\\":\\\"12\\\\\\\/12\\\\\\\/23 16:34\\\",\\\"value\\\":14.27},{\\\"date\\\":\\\"12\\\\\\\/12\\\\\\\/23 16:36\\\",\\\"value\\\":14.28},{\\\"date\\\":\\\"12\\\\\\\/12\\\\\\\/23 16:38\\\",\\\"value\\\":14.27},{\\\"date\\\":\\\"12\\\\\\\/12\\\\\\\/23 16:40\\\",\\\"value\\\":14.26},{\\\"date\\\":\\\"12\\\\\\\/12\\\\\\\/23 16:42\\\",\\\"value\\\":14.27},{\\\"date\\\":\\\"12\\\\\\\/12\\\\\\\/23 16:44\\\",\\\"value\\\":14.27},{\\\"date\\\":\\\"12\\\\\\\/12\\\\\\\/23 16:46\\\",\\\"value\\\":14.27},{\\\"date\\\":\\\"12\\\\\\\/12\\\\\\\/23 16:48\\\",\\\"value\\\":14.27},{\\\"date\\\":\\\"12\\\\\\\/12\\\\\\\/23 16:50\\\",\\\"value\\\":14.27},{\\\"date\\\":\\\"12\\\\\\\/12\\\\\\\/23 16:52\\\",\\\"value\\\":14.26},{\\\"date\\\":\\\"12\\\\\\\/12\\\\\\\/23 16:54\\\",\\\"value\\\":14.25},{\\\"date\\\":\\\"12\\\\\\\/12\\\\\\\/23 16:56\\\",\\\"value\\\":14.26},{\\\"date\\\":\\\"12\\\\\\\/12\\\\\\\/23 16:58\\\",\\\"value\\\":14.27},{\\\"date\\\":\\\"12\\\\\\\/12\\\\\\\/23 17:00\\\",\\\"value\\\":14.27},{\\\"date\\\":\\\"12\\\\\\\/12\\\\\\\/23 17:02\\\",\\\"value\\\":14.27},{\\\"date\\\":\\\"12\\\\\\\/12\\\\\\\/23 17:04\\\",\\\"value\\\":14.26},{\\\"date\\\":\\\"12\\\\\\\/12\\\\\\\/23 17:06\\\",\\\"value\\\":14.26},{\\\"date\\\":\\\"12\\\\\\\/12\\\\\\\/23 17:08\\\",\\\"value\\\":14.25},{\\\"date\\\":\\\"12\\\\\\\/12\\\\\\\/23 17:10\\\",\\\"value\\\":14.26},{\\\"date\\\":\\\"12\\\\\\\/12\\\\\\\/23 17:12\\\",\\\"value\\\":14.25},{\\\"date\\\":\\\"12\\\\\\\/12\\\\\\\/23 17:14\\\",\\\"value\\\":14.25},{\\\"date\\\":\\\"12\\\\\\\/12\\\\\\\/23 17:16\\\",\\\"value\\\":14.26},{\\\"date\\\":\\\"12\\\\\\\/12\\\\\\\/23 17:18\\\",\\\"value\\\":14.26},{\\\"date\\\":\\\"12\\\\\\\/12\\\\\\\/23 17:20\\\",\\\"value\\\":14.26},{\\\"date\\\":\\\"12\\\\\\\/12\\\\\\\/23 17:22\\\",\\\"value\\\":14.26},{\\\"date\\\":\\\"12\\\\\\\/12\\\\\\\/23 17:24\\\",\\\"value\\\":14.25},{\\\"date\\\":\\\"12\\\\\\\/12\\\\\\\/23 17:26\\\",\\\"value\\\":14.26},{\\\"date\\\":\\\"12\\\\\\\/12\\\\\\\/23 17:28\\\",\\\"value\\\":14.26},{\\\"date\\\":\\\"12\\\\\\\/12\\\\\\\/23 17:30\\\",\\\"value\\\":14.28},{\\\"date\\\":\\\"12\\\\\\\/12\\\\\\\/23 17:32\\\",\\\"value\\\":14.28},{\\\"date\\\":\\\"12\\\\\\\/12\\\\\\\/23 17:34\\\",\\\"value\\\":14.27},{\\\"date\\\":\\\"12\\\\\\\/12\\\\\\\/23 17:36\\\",\\\"value\\\":14.27},{\\\"date\\\":\\\"12\\\\\\\/12\\\\\\\/23 17:38\\\",\\\"value\\\":14.27},{\\\"date\\\":\\\"12\\\\\\\/12\\\\\\\/23 17:40\\\",\\\"value\\\":14.28},{\\\"date\\\":\\\"12\\\\\\\/12\\\\\\\/23 17:42\\\",\\\"value\\\":14.27},{\\\"date\\\":\\\"12\\\\\\\/12\\\\\\\/23 17:44\\\",\\\"value\\\":14.28},{\\\"date\\\":\\\"12\\\\\\\/12\\\\\\\/23 17:46\\\",\\\"value\\\":14.27},{\\\"date\\\":\\\"12\\\\\\\/12\\\\\\\/23 17:48\\\",\\\"value\\\":14.28},{\\\"date\\\":\\\"12\\\\\\\/12\\\\\\\/23 17:50\\\",\\\"value\\\":14.23},{\\\"date\\\":\\\"12\\\\\\\/12\\\\\\\/23 17:52\\\",\\\"value\\\":14.3},{\\\"date\\\":\\\"12\\\\\\\/12\\\\\\\/23 17:54\\\",\\\"value\\\":14.25},{\\\"date\\\":\\\"12\\\\\\\/12\\\\\\\/23 18:06\\\",\\\"value\\\":14.23}]\";\n  let isPositive_dc9e29c43a92c14c7095f60666445081 = \"\";\n\n  let color_dc9e29c43a92c14c7095f60666445081 = isPositive_dc9e29c43a92c14c7095f60666445081 ? '#3AB53A' : '#D92C2D';\n\n  let data_dc9e29c43a92c14c7095f60666445081 = JSON.parse(data_json_dc9e29c43a92c14c7095f60666445081);\n\n  const result_dc9e29c43a92c14c7095f60666445081 = {\n    date: [],\n    value: [],\n  };\n\n  data_dc9e29c43a92c14c7095f60666445081.forEach((item) => {\n    result_dc9e29c43a92c14c7095f60666445081.date.push(item.date);\n    result_dc9e29c43a92c14c7095f60666445081.value.push(Number(item.value));\n  });\n\n  let option_dc9e29c43a92c14c7095f60666445081 = {\n    \/\/ variavel de cor global\n    color: [color_dc9e29c43a92c14c7095f60666445081],\n    title: {\n      text: '',\n    },\n    tooltip: {\n      trigger: 'axis',\n      axisPointer: {\n        type: 'cross',\n        label: {\n          \/\/ cor dos valores em X e Y\n          backgroundColor: color_dc9e29c43a92c14c7095f60666445081,\n          formatter: (value) => {\n            if (typeof value.value === 'number') {\n              return Number(value.value).toLocaleString('pt-br', {\n                style: 'currency',\n                currency: 'BRL'\n              });\n            }\n            return value.value;\n          },\n        },\n      },\n      valueFormatter: (value) => Number(value).toLocaleString('pt-br', {\n        style: 'currency',\n        currency: 'BRL'\n      }),\n    },\n    legend: {\n      \/\/ data: ['Valor de Fechamento'],\n      show: false,\n    },\n    toolbox: {\n      feature: {\n        saveAsImage: {\n          show: false,\n        },\n      },\n    },\n    grid: {\n      left: '0px',\n      right: '0px',\n      bottom: '0px',\n      containLabel: true,\n    },\n    xAxis: [{\n      type: 'category',\n      data: result_dc9e29c43a92c14c7095f60666445081.date,\n      boundaryGap: true,\n    }],\n    yAxis: [{\n      type: 'value',\n      min: Math.min(...result_dc9e29c43a92c14c7095f60666445081.value),\n      max: Math.max(...result_dc9e29c43a92c14c7095f60666445081.value),\n      axisLabel: {\n        formatter: (value) => value.toLocaleString('pt-br', {\n          style: 'currency',\n          currency: 'BRL'\n        }),\n      },\n    }],\n    series: [{\n      name: 'Valor de Fechamento',\n      type: 'line',\n      stack: 'Total',\n      \/\/ cor do grafico\n      areaStyle: {},\n      emphasis: {\n        focus: 'series',\n      },\n      data: result_dc9e29c43a92c14c7095f60666445081.value,\n      \/\/ cor da linha\n      lineStyle: {\n        color: color_dc9e29c43a92c14c7095f60666445081,\n      },\n    }, ],\n  };\n\n\twindow.chart_dc9e29c43a92c14c7095f60666445081 = {\n\t\tel: chart_dc9e29c43a92c14c7095f60666445081,\n\t\toption: option_dc9e29c43a92c14c7095f60666445081\t};\n\n\n<\/script>\n\n\n\t<p>\n\t\t<a href=\"https:\/\/lp.suno.com.br\/plataforma-de-controle-de-investimentos\/\" target=\"_blank\" data-element=\"shortcode-suno-banner\" title=\"Banner SUNO, clique e saiba mais\">\n\t\t\t<picture>\n\t\t\t\t<source media=\"(max-width: 500px)\" srcset=\"https:\/\/files.sunoresearch.com.br\/n\/uploads\/2023\/03\/400x300-Controle-de-Investimentos.png\">\n\t\t\t\t<img class=\"newsContent__article__imgCapa newsContent__article__imgCapa--banner\"\n\t\t\t\t\tsrc=\"https:\/\/files.sunoresearch.com.br\/n\/uploads\/2023\/03\/1420x240-Controle-de-Investimentos.png\"\n\t\t\t\t\tdata-promo-id=\"383162\"\t\t\t\t\t\t\t\t\t\twidth='1420' height='240'\t\t\t\t\talt=\"https:\/\/files.sunoresearch.com.br\/n\/uploads\/2023\/03\/1420x240-Controle-de-Investimentos.png\"\n\t\t\t\t>\n\t\t\t<\/picture>\n\t\t<\/a>\n\t<\/p>\n\n\n","protected":false},"excerpt":{"rendered":"<p>A\u00a0Ambev\u00a0(ABEV3)\u00a0pagar\u00e1\u00a0juros sobre capital pr\u00f3prio (JCP)\u00a0aos seus acionistas, conforme comunicado pela companhia nesta ter\u00e7a-feira (12)\u00a0em documento arquivado na Comiss\u00e3o de Valores Mobili\u00e1rios (CVM). Ambev (ABEV3). Foto: Divulga\u00e7\u00e3o\/Ambev O valor dos proventos por a\u00e7\u00e3o\u00a0ABEV3\u00a0ser\u00e1 de R$ 0,7302 que ser\u00e3o pagos em 28 de dezembro. Apenas os investidores com\u00a0a\u00e7\u00f5es da Ambev\u00a0na B3 (B3SA3) no dia 19 de dezembro [&hellip;]<\/p>\n","protected":false},"author":313,"featured_media":399181,"comment_status":"closed","ping_status":"closed","sticky":false,"template":"","format":"standard","meta":[],"categories":[64],"tags":[359,1957],"suno_strategy":[],"class_list":["post-499405","post","type-post","status-publish","format-standard","has-post-thumbnail","hentry","category-negocios","tag-ambev-abev3","tag-juros-sobre-capital-proprio-jcp"],"yoast_head":"<!-- This site is optimized with the Yoast SEO plugin v24.4 - https:\/\/yoast.com\/wordpress\/plugins\/seo\/ -->\n<title>Ambev (ABEV3) pagar\u00e1 JCP de R$ 0,73 por a\u00e7\u00e3o ainda em dezembro<\/title>\n<meta name=\"description\" content=\"A\u00a0Ambev\u00a0(ABEV3)\u00a0pagar\u00e1\u00a0juros sobre capital pr\u00f3prio (JCP)\u00a0aos seus acionistas, conforme comunicado pela companhia nesta ter\u00e7a-feira (12).\" \/>\n<meta name=\"robots\" content=\"index, follow, max-snippet:-1, max-image-preview:large, max-video-preview:-1\" \/>\n<link rel=\"canonical\" href=\"https:\/\/www.suno.com.br\/noticias\/ambev-abev3-jcp-gpj\/\" \/>\n<meta property=\"og:locale\" content=\"pt_BR\" \/>\n<meta property=\"og:type\" content=\"article\" \/>\n<meta property=\"og:title\" content=\"Ambev (ABEV3) pagar\u00e1 JCP de R$ 0,73 por a\u00e7\u00e3o ainda em dezembro\" \/>\n<meta property=\"og:description\" content=\"A\u00a0Ambev\u00a0(ABEV3)\u00a0pagar\u00e1\u00a0juros sobre capital pr\u00f3prio (JCP)\u00a0aos seus acionistas, conforme comunicado pela companhia nesta ter\u00e7a-feira (12).\" \/>\n<meta property=\"og:url\" content=\"https:\/\/www.suno.com.br\/noticias\/ambev-abev3-jcp-gpj\/\" \/>\n<meta property=\"og:site_name\" content=\"Suno Not\u00edcias\" \/>\n<meta property=\"article:publisher\" content=\"https:\/\/facebook.com\/sunoresearch\" \/>\n<meta property=\"og:image\" content=\"https:\/\/files.sunoresearch.com.br\/n\/uploads\/2023\/05\/agenda-ambev-bradesco-embraer-balanco.jpg\" \/>\n\t<meta property=\"og:image:width\" content=\"1200\" \/>\n\t<meta property=\"og:image:height\" content=\"800\" \/>\n\t<meta property=\"og:image:type\" content=\"image\/jpeg\" \/>\n<meta name=\"author\" content=\"Giovanni Porf\u00edrio Jacomino\" \/>\n<meta name=\"twitter:card\" content=\"summary_large_image\" \/>\n<meta name=\"twitter:creator\" content=\"@sunoresearch\" \/>\n<meta name=\"twitter:site\" content=\"@sunoresearch\" \/>\n<meta name=\"twitter:label1\" content=\"Escrito por\" \/>\n\t<meta name=\"twitter:data1\" content=\"Giovanni Porf\u00edrio Jacomino\" \/>\n\t<meta name=\"twitter:label2\" content=\"Est. tempo de leitura\" \/>\n\t<meta name=\"twitter:data2\" content=\"3 minutos\" \/>\n<script type=\"application\/ld+json\" class=\"yoast-schema-graph\">{\"@context\":\"https:\/\/schema.org\",\"@graph\":[{\"@type\":\"NewsArticle\",\"@id\":\"https:\/\/www.suno.com.br\/noticias\/ambev-abev3-jcp-gpj\/#article\",\"isPartOf\":{\"@id\":\"https:\/\/www.suno.com.br\/noticias\/ambev-abev3-jcp-gpj\/\"},\"author\":{\"name\":\"Giovanni Porf\u00edrio Jacomino\",\"@id\":\"https:\/\/www.suno.com.br\/noticias\/#\/schema\/person\/d0f32748bbca4bee871fa191ee4e2d40\"},\"headline\":\"Ambev (ABEV3) pagar\u00e1 JCP de R$ 0,73 por a\u00e7\u00e3o ainda em dezembro\",\"datePublished\":\"2023-12-13T11:43:51+00:00\",\"dateModified\":\"2023-12-13T11:44:31+00:00\",\"mainEntityOfPage\":{\"@id\":\"https:\/\/www.suno.com.br\/noticias\/ambev-abev3-jcp-gpj\/\"},\"wordCount\":584,\"publisher\":{\"@id\":\"https:\/\/www.suno.com.br\/noticias\/#organization\"},\"image\":{\"@id\":\"https:\/\/www.suno.com.br\/noticias\/ambev-abev3-jcp-gpj\/#primaryimage\"},\"thumbnailUrl\":\"https:\/\/files.sunoresearch.com.br\/n\/uploads\/2023\/05\/agenda-ambev-bradesco-embraer-balanco.jpg\",\"keywords\":[\"AMBEV (ABEV3)\",\"juros sobre capital pr\u00f3prio (JCP)\"],\"articleSection\":[\"Neg\u00f3cios\"],\"inLanguage\":\"pt-BR\"},{\"@type\":\"WebPage\",\"@id\":\"https:\/\/www.suno.com.br\/noticias\/ambev-abev3-jcp-gpj\/\",\"url\":\"https:\/\/www.suno.com.br\/noticias\/ambev-abev3-jcp-gpj\/\",\"name\":\"Ambev (ABEV3) pagar\u00e1 JCP de R$ 0,73 por a\u00e7\u00e3o ainda em dezembro\",\"isPartOf\":{\"@id\":\"https:\/\/www.suno.com.br\/noticias\/#website\"},\"primaryImageOfPage\":{\"@id\":\"https:\/\/www.suno.com.br\/noticias\/ambev-abev3-jcp-gpj\/#primaryimage\"},\"image\":{\"@id\":\"https:\/\/www.suno.com.br\/noticias\/ambev-abev3-jcp-gpj\/#primaryimage\"},\"thumbnailUrl\":\"https:\/\/files.sunoresearch.com.br\/n\/uploads\/2023\/05\/agenda-ambev-bradesco-embraer-balanco.jpg\",\"datePublished\":\"2023-12-13T11:43:51+00:00\",\"dateModified\":\"2023-12-13T11:44:31+00:00\",\"description\":\"A\u00a0Ambev\u00a0(ABEV3)\u00a0pagar\u00e1\u00a0juros sobre capital pr\u00f3prio (JCP)\u00a0aos seus acionistas, conforme comunicado pela companhia nesta ter\u00e7a-feira (12).\",\"breadcrumb\":{\"@id\":\"https:\/\/www.suno.com.br\/noticias\/ambev-abev3-jcp-gpj\/#breadcrumb\"},\"inLanguage\":\"pt-BR\",\"potentialAction\":[{\"@type\":\"ReadAction\",\"target\":[\"https:\/\/www.suno.com.br\/noticias\/ambev-abev3-jcp-gpj\/\"]}]},{\"@type\":\"ImageObject\",\"inLanguage\":\"pt-BR\",\"@id\":\"https:\/\/www.suno.com.br\/noticias\/ambev-abev3-jcp-gpj\/#primaryimage\",\"url\":\"https:\/\/files.sunoresearch.com.br\/n\/uploads\/2023\/05\/agenda-ambev-bradesco-embraer-balanco.jpg\",\"contentUrl\":\"https:\/\/files.sunoresearch.com.br\/n\/uploads\/2023\/05\/agenda-ambev-bradesco-embraer-balanco.jpg\",\"width\":1200,\"height\":800,\"caption\":\"Ambev (ABEV3). Foto: Divulga\u00e7\u00e3o\/Ambev\"},{\"@type\":\"BreadcrumbList\",\"@id\":\"https:\/\/www.suno.com.br\/noticias\/ambev-abev3-jcp-gpj\/#breadcrumb\",\"itemListElement\":[{\"@type\":\"ListItem\",\"position\":1,\"name\":\"Not\u00edcias\",\"item\":\"https:\/\/www.suno.com.br\/noticias\/\"},{\"@type\":\"ListItem\",\"position\":2,\"name\":\"Neg\u00f3cios\",\"item\":\"https:\/\/www.suno.com.br\/noticias\/negocios\/\"},{\"@type\":\"ListItem\",\"position\":3,\"name\":\"Ambev (ABEV3) pagar\u00e1 JCP de R$ 0,73 por a\u00e7\u00e3o ainda em dezembro\"}]},{\"@type\":\"WebSite\",\"@id\":\"https:\/\/www.suno.com.br\/noticias\/#website\",\"url\":\"https:\/\/www.suno.com.br\/noticias\/\",\"name\":\"Suno Not\u00edcias\",\"description\":\"Seu portal de informa\u00e7\u00e3o sobre o mundo dos investimentos\",\"publisher\":{\"@id\":\"https:\/\/www.suno.com.br\/noticias\/#organization\"},\"potentialAction\":[{\"@type\":\"SearchAction\",\"target\":{\"@type\":\"EntryPoint\",\"urlTemplate\":\"https:\/\/www.suno.com.br\/noticias\/?s={search_term_string}\"},\"query-input\":{\"@type\":\"PropertyValueSpecification\",\"valueRequired\":true,\"valueName\":\"search_term_string\"}}],\"inLanguage\":\"pt-BR\"},{\"@type\":\"Organization\",\"@id\":\"https:\/\/www.suno.com.br\/noticias\/#organization\",\"name\":\"Suno Not\u00edcias\",\"url\":\"https:\/\/www.suno.com.br\/noticias\/\",\"logo\":{\"@type\":\"ImageObject\",\"inLanguage\":\"pt-BR\",\"@id\":\"https:\/\/www.suno.com.br\/noticias\/#\/schema\/logo\/image\/\",\"url\":\"https:\/\/files.sunoresearch.com.br\/n\/uploads\/2021\/09\/suno-logo.png\",\"contentUrl\":\"https:\/\/files.sunoresearch.com.br\/n\/uploads\/2021\/09\/suno-logo.png\",\"width\":180,\"height\":180,\"caption\":\"Suno Not\u00edcias\"},\"image\":{\"@id\":\"https:\/\/www.suno.com.br\/noticias\/#\/schema\/logo\/image\/\"},\"sameAs\":[\"https:\/\/facebook.com\/sunoresearch\",\"https:\/\/x.com\/sunoresearch\",\"https:\/\/www.instagram.com\/suno\",\"https:\/\/www.linkedin.com\/company\/suno-research\/\",\"https:\/\/www.youtube.com\/c\/sunoresearch\"]},{\"@type\":\"Person\",\"@id\":\"https:\/\/www.suno.com.br\/noticias\/#\/schema\/person\/d0f32748bbca4bee871fa191ee4e2d40\",\"name\":\"Giovanni Porf\u00edrio Jacomino\",\"image\":{\"@type\":\"ImageObject\",\"inLanguage\":\"pt-BR\",\"@id\":\"https:\/\/www.suno.com.br\/noticias\/#\/schema\/person\/image\/\",\"url\":\"https:\/\/secure.gravatar.com\/avatar\/efb32e19b730a121cb7a80f41ffec01a?s=96&r=g\",\"contentUrl\":\"https:\/\/secure.gravatar.com\/avatar\/efb32e19b730a121cb7a80f41ffec01a?s=96&r=g\",\"caption\":\"Giovanni Porf\u00edrio Jacomino\"},\"description\":\"Giovanni Porf\u00edrio Jacomino \u00e9 jornalista formado pela Universidade Estadual de Londrina (UEL) e p\u00f3s-graduado em Produ\u00e7\u00e3o e Pr\u00e1ticas Jornal\u00edsticas na Contemporaneidade na Faculdade C\u00e1sper L\u00edbero (FCL). Foi editor web no Startupi e no Finsiders, atuando ainda como editor no TC Mover, portal de not\u00edcias da TradersClub, fazendo a cobertura de assuntos relacionados ao mercado financeiro interno e externo. Atualmente, \u00e9 Rep\u00f3rter do Suno Not\u00edcias.\",\"url\":\"https:\/\/www.suno.com.br\/noticias\/author\/giovanni-porfiriosuno-com-br\/\"}]}<\/script>\n<!-- \/ Yoast SEO plugin. -->","yoast_head_json":{"title":"Ambev (ABEV3) pagar\u00e1 JCP de R$ 0,73 por a\u00e7\u00e3o ainda em dezembro","description":"A\u00a0Ambev\u00a0(ABEV3)\u00a0pagar\u00e1\u00a0juros sobre capital pr\u00f3prio (JCP)\u00a0aos seus acionistas, conforme comunicado pela companhia nesta ter\u00e7a-feira (12).","robots":{"index":"index","follow":"follow","max-snippet":"max-snippet:-1","max-image-preview":"max-image-preview:large","max-video-preview":"max-video-preview:-1"},"canonical":"https:\/\/www.suno.com.br\/noticias\/ambev-abev3-jcp-gpj\/","og_locale":"pt_BR","og_type":"article","og_title":"Ambev (ABEV3) pagar\u00e1 JCP de R$ 0,73 por a\u00e7\u00e3o ainda em dezembro","og_description":"A\u00a0Ambev\u00a0(ABEV3)\u00a0pagar\u00e1\u00a0juros sobre capital pr\u00f3prio (JCP)\u00a0aos seus acionistas, conforme comunicado pela companhia nesta ter\u00e7a-feira (12).","og_url":"https:\/\/www.suno.com.br\/noticias\/ambev-abev3-jcp-gpj\/","og_site_name":"Suno Not\u00edcias","article_publisher":"https:\/\/facebook.com\/sunoresearch","og_image":[{"width":1200,"height":800,"url":"https:\/\/files.sunoresearch.com.br\/n\/uploads\/2023\/05\/agenda-ambev-bradesco-embraer-balanco.jpg","type":"image\/jpeg"}],"author":"Giovanni Porf\u00edrio Jacomino","twitter_card":"summary_large_image","twitter_creator":"@sunoresearch","twitter_site":"@sunoresearch","twitter_misc":{"Escrito por":"Giovanni Porf\u00edrio Jacomino","Est. tempo de leitura":"3 minutos"},"schema":{"@context":"https:\/\/schema.org","@graph":[{"@type":"NewsArticle","@id":"https:\/\/www.suno.com.br\/noticias\/ambev-abev3-jcp-gpj\/#article","isPartOf":{"@id":"https:\/\/www.suno.com.br\/noticias\/ambev-abev3-jcp-gpj\/"},"author":{"name":"Giovanni Porf\u00edrio Jacomino","@id":"https:\/\/www.suno.com.br\/noticias\/#\/schema\/person\/d0f32748bbca4bee871fa191ee4e2d40"},"headline":"Ambev (ABEV3) pagar\u00e1 JCP de R$ 0,73 por a\u00e7\u00e3o ainda em dezembro","datePublished":"2023-12-13T11:43:51+00:00","dateModified":"2023-12-13T11:44:31+00:00","mainEntityOfPage":{"@id":"https:\/\/www.suno.com.br\/noticias\/ambev-abev3-jcp-gpj\/"},"wordCount":584,"publisher":{"@id":"https:\/\/www.suno.com.br\/noticias\/#organization"},"image":{"@id":"https:\/\/www.suno.com.br\/noticias\/ambev-abev3-jcp-gpj\/#primaryimage"},"thumbnailUrl":"https:\/\/files.sunoresearch.com.br\/n\/uploads\/2023\/05\/agenda-ambev-bradesco-embraer-balanco.jpg","keywords":["AMBEV (ABEV3)","juros sobre capital pr\u00f3prio (JCP)"],"articleSection":["Neg\u00f3cios"],"inLanguage":"pt-BR"},{"@type":"WebPage","@id":"https:\/\/www.suno.com.br\/noticias\/ambev-abev3-jcp-gpj\/","url":"https:\/\/www.suno.com.br\/noticias\/ambev-abev3-jcp-gpj\/","name":"Ambev (ABEV3) pagar\u00e1 JCP de R$ 0,73 por a\u00e7\u00e3o ainda em dezembro","isPartOf":{"@id":"https:\/\/www.suno.com.br\/noticias\/#website"},"primaryImageOfPage":{"@id":"https:\/\/www.suno.com.br\/noticias\/ambev-abev3-jcp-gpj\/#primaryimage"},"image":{"@id":"https:\/\/www.suno.com.br\/noticias\/ambev-abev3-jcp-gpj\/#primaryimage"},"thumbnailUrl":"https:\/\/files.sunoresearch.com.br\/n\/uploads\/2023\/05\/agenda-ambev-bradesco-embraer-balanco.jpg","datePublished":"2023-12-13T11:43:51+00:00","dateModified":"2023-12-13T11:44:31+00:00","description":"A\u00a0Ambev\u00a0(ABEV3)\u00a0pagar\u00e1\u00a0juros sobre capital pr\u00f3prio (JCP)\u00a0aos seus acionistas, conforme comunicado pela companhia nesta ter\u00e7a-feira (12).","breadcrumb":{"@id":"https:\/\/www.suno.com.br\/noticias\/ambev-abev3-jcp-gpj\/#breadcrumb"},"inLanguage":"pt-BR","potentialAction":[{"@type":"ReadAction","target":["https:\/\/www.suno.com.br\/noticias\/ambev-abev3-jcp-gpj\/"]}]},{"@type":"ImageObject","inLanguage":"pt-BR","@id":"https:\/\/www.suno.com.br\/noticias\/ambev-abev3-jcp-gpj\/#primaryimage","url":"https:\/\/files.sunoresearch.com.br\/n\/uploads\/2023\/05\/agenda-ambev-bradesco-embraer-balanco.jpg","contentUrl":"https:\/\/files.sunoresearch.com.br\/n\/uploads\/2023\/05\/agenda-ambev-bradesco-embraer-balanco.jpg","width":1200,"height":800,"caption":"Ambev (ABEV3). Foto: Divulga\u00e7\u00e3o\/Ambev"},{"@type":"BreadcrumbList","@id":"https:\/\/www.suno.com.br\/noticias\/ambev-abev3-jcp-gpj\/#breadcrumb","itemListElement":[{"@type":"ListItem","position":1,"name":"Not\u00edcias","item":"https:\/\/www.suno.com.br\/noticias\/"},{"@type":"ListItem","position":2,"name":"Neg\u00f3cios","item":"https:\/\/www.suno.com.br\/noticias\/negocios\/"},{"@type":"ListItem","position":3,"name":"Ambev (ABEV3) pagar\u00e1 JCP de R$ 0,73 por a\u00e7\u00e3o ainda em dezembro"}]},{"@type":"WebSite","@id":"https:\/\/www.suno.com.br\/noticias\/#website","url":"https:\/\/www.suno.com.br\/noticias\/","name":"Suno Not\u00edcias","description":"Seu portal de informa\u00e7\u00e3o sobre o mundo dos investimentos","publisher":{"@id":"https:\/\/www.suno.com.br\/noticias\/#organization"},"potentialAction":[{"@type":"SearchAction","target":{"@type":"EntryPoint","urlTemplate":"https:\/\/www.suno.com.br\/noticias\/?s={search_term_string}"},"query-input":{"@type":"PropertyValueSpecification","valueRequired":true,"valueName":"search_term_string"}}],"inLanguage":"pt-BR"},{"@type":"Organization","@id":"https:\/\/www.suno.com.br\/noticias\/#organization","name":"Suno Not\u00edcias","url":"https:\/\/www.suno.com.br\/noticias\/","logo":{"@type":"ImageObject","inLanguage":"pt-BR","@id":"https:\/\/www.suno.com.br\/noticias\/#\/schema\/logo\/image\/","url":"https:\/\/files.sunoresearch.com.br\/n\/uploads\/2021\/09\/suno-logo.png","contentUrl":"https:\/\/files.sunoresearch.com.br\/n\/uploads\/2021\/09\/suno-logo.png","width":180,"height":180,"caption":"Suno Not\u00edcias"},"image":{"@id":"https:\/\/www.suno.com.br\/noticias\/#\/schema\/logo\/image\/"},"sameAs":["https:\/\/facebook.com\/sunoresearch","https:\/\/x.com\/sunoresearch","https:\/\/www.instagram.com\/suno","https:\/\/www.linkedin.com\/company\/suno-research\/","https:\/\/www.youtube.com\/c\/sunoresearch"]},{"@type":"Person","@id":"https:\/\/www.suno.com.br\/noticias\/#\/schema\/person\/d0f32748bbca4bee871fa191ee4e2d40","name":"Giovanni Porf\u00edrio Jacomino","image":{"@type":"ImageObject","inLanguage":"pt-BR","@id":"https:\/\/www.suno.com.br\/noticias\/#\/schema\/person\/image\/","url":"https:\/\/secure.gravatar.com\/avatar\/efb32e19b730a121cb7a80f41ffec01a?s=96&r=g","contentUrl":"https:\/\/secure.gravatar.com\/avatar\/efb32e19b730a121cb7a80f41ffec01a?s=96&r=g","caption":"Giovanni Porf\u00edrio Jacomino"},"description":"Giovanni Porf\u00edrio Jacomino \u00e9 jornalista formado pela Universidade Estadual de Londrina (UEL) e p\u00f3s-graduado em Produ\u00e7\u00e3o e Pr\u00e1ticas Jornal\u00edsticas na Contemporaneidade na Faculdade C\u00e1sper L\u00edbero (FCL). Foi editor web no Startupi e no Finsiders, atuando ainda como editor no TC Mover, portal de not\u00edcias da TradersClub, fazendo a cobertura de assuntos relacionados ao mercado financeiro interno e externo. Atualmente, \u00e9 Rep\u00f3rter do Suno Not\u00edcias.","url":"https:\/\/www.suno.com.br\/noticias\/author\/giovanni-porfiriosuno-com-br\/"}]}},"default_loop_html":"<div class=\"cardsPage__listCard__boxs\"><div class=\"cardsPage__listCard__boxs__img\"><a href=\"https:\/\/www.suno.com.br\/noticias\/ambev-abev3-jcp-gpj\/\"><img class=\"mask\" src=\"https:\/\/www.suno.com.br\/noticias\/wp-content\/themes\/suno\/resources\/images\/spotlight\/spotlight1img\/bg-mask.png\" alt=\"Image Mask\"\/><img src=\"https:\/\/files.sunoresearch.com.br\/n\/uploads\/2023\/05\/agenda-ambev-bradesco-embraer-balanco-400x200.jpg\" alt=\"Ambev (ABEV3) pagar\u00e1 JCP de R$ 0,73 por a\u00e7\u00e3o ainda em dezembro\"\/><\/a><span class=\"spotlightCategory\"><a href=\"https:\/\/www.suno.com.br\/noticias\/negocios\/\">Neg\u00f3cios<\/a><\/span><\/div><div class=\"cardsPage__listCard__boxs__content\"><a href=\"https:\/\/www.suno.com.br\/noticias\/ambev-abev3-jcp-gpj\/\"><h2 class=\"content__title\">Ambev (ABEV3) pagar\u00e1 JCP de R$ 0,73 por a\u00e7\u00e3o ainda em dezembro<\/h2><\/a><div class=\"newsContent__article__meta\"><div class=\"newsContent__article__meta__authorBox\"><a href=\"https:\/\/www.suno.com.br\/noticias\/author\/eduardo-vargas\/\" class=\"authorBox__avatar noMobi\"><img src=\"https:\/\/secure.gravatar.com\/avatar\/dac340933427a22924c9f99d1eb2e3f2?s=96&#038;r=g\" alt=\"Eduardo Vargas\"><\/a><div class=\"authorBox__name\"><span>por\n\t\t\t<a href=\"https:\/\/www.suno.com.br\/noticias\/author\/eduardo-vargas\/\"><span itemprop=\"author\">Eduardo Vargas<\/span><\/a><\/span><time datetime=\"2023-12-13T08:43:51-03:00\" itemprop=\"datePublished\">13\/12\/2023 08:43<\/time><\/div><\/div><\/div><\/div><\/div>","single_layout":"posts","amp_enabled":true,"_links":{"self":[{"href":"https:\/\/www.suno.com.br\/noticias\/wp-json\/wp\/v2\/posts\/499405"}],"collection":[{"href":"https:\/\/www.suno.com.br\/noticias\/wp-json\/wp\/v2\/posts"}],"about":[{"href":"https:\/\/www.suno.com.br\/noticias\/wp-json\/wp\/v2\/types\/post"}],"author":[{"embeddable":true,"href":"https:\/\/www.suno.com.br\/noticias\/wp-json\/wp\/v2\/users\/313"}],"replies":[{"embeddable":true,"href":"https:\/\/www.suno.com.br\/noticias\/wp-json\/wp\/v2\/comments?post=499405"}],"version-history":[{"count":3,"href":"https:\/\/www.suno.com.br\/noticias\/wp-json\/wp\/v2\/posts\/499405\/revisions"}],"predecessor-version":[{"id":499417,"href":"https:\/\/www.suno.com.br\/noticias\/wp-json\/wp\/v2\/posts\/499405\/revisions\/499417"}],"wp:featuredmedia":[{"embeddable":true,"href":"https:\/\/www.suno.com.br\/noticias\/wp-json\/wp\/v2\/media\/399181"}],"wp:attachment":[{"href":"https:\/\/www.suno.com.br\/noticias\/wp-json\/wp\/v2\/media?parent=499405"}],"wp:term":[{"taxonomy":"category","embeddable":true,"href":"https:\/\/www.suno.com.br\/noticias\/wp-json\/wp\/v2\/categories?post=499405"},{"taxonomy":"post_tag","embeddable":true,"href":"https:\/\/www.suno.com.br\/noticias\/wp-json\/wp\/v2\/tags?post=499405"},{"taxonomy":"suno_strategy","embeddable":true,"href":"https:\/\/www.suno.com.br\/noticias\/wp-json\/wp\/v2\/suno_strategy?post=499405"}],"curies":[{"name":"wp","href":"https:\/\/api.w.org\/{rel}","templated":true}]}}