{"id":499349,"date":"2023-12-12T21:42:27","date_gmt":"2023-12-13T00:42:27","guid":{"rendered":"https:\/\/www.suno.com.br\/noticias\/?p=499349"},"modified":"2023-12-12T21:43:20","modified_gmt":"2023-12-13T00:43:20","slug":"radar-vale-vale3-magazine-luiza-mglu3-weg-wege3","status":"publish","type":"post","link":"https:\/\/www.suno.com.br\/noticias\/radar-vale-vale3-magazine-luiza-mglu3-weg-wege3\/","title":{"rendered":"Radar: Vale (VALE3) inaugura f\u00e1brica, Magazine Luiza (MGLU3) lan\u00e7a servi\u00e7o para baratear custos de empresas e Weg (WEGE3) anuncia JCP milion\u00e1rio"},"content":{"rendered":"<p>A\u00a0<a href=\"https:\/\/www.suno.com.br\/acoes\/VALE3\/\" target=\"_blank\" rel=\"noreferrer noopener\"><strong>Vale<\/strong>\u00a0(VALE3)<\/a>\u00a0inaugura nesta ter\u00e7a-feira (12), na unidade de Tubar\u00e3o, em Vit\u00f3ria, a primeira f\u00e1brica de briquete do mundo. As informa\u00e7\u00f5es s\u00e3o do jornal Valor Econ\u00f4mico.<\/p>\t<div class=\"wrapper-featured-image\">\n\t\t<figure class=\"spotlightImg\">\n\n\t\t\t<picture>\n\t\t\t\t<source media=\"(max-width: 768px)\" srcset=\"https:\/\/files.sunoresearch.com.br\/n\/uploads\/2023\/04\/vale_vale3-1-400x200.jpg\">\n\t\t\t\t<img loading=\"lazy\" decoding=\"async\" class=\"newsContent__article__imgCapa lazyloadDisabled \" src=\"https:\/\/files.sunoresearch.com.br\/n\/uploads\/2023\/04\/vale_vale3-1-800x450.jpg\" width=\"800\" height=\"450\" alt=\"Radar: Vale (VALE3) inaugura f\u00e1brica, Magazine Luiza (MGLU3) lan\u00e7a servi\u00e7o para baratear custos de empresas e Weg (WEGE3) anuncia JCP milion\u00e1rio\" fetchpriority=high \/>\n\t\t\t<\/picture>\n\n\t\t\t<figcaption class=\"wp-caption-text wp-caption-text--show\">Vale sobe 1,92% e lidera ganhos do dia. Foto: Ag\u00eancia Vale<\/figcaption>\n\t\t<\/figure>\n\t<\/div>\n\n\n\n\n\n\t<p>\n\t\t<a href=\"https:\/\/lp.suno.com.br\/planilha-da-vida-financeira\/\" target=\"_blank\" data-element=\"shortcode-suno-banner\" title=\"Banner SUNO, clique e saiba mais\">\n\t\t\t<picture>\n\t\t\t\t<source media=\"(max-width: 500px)\" srcset=\"https:\/\/files.sunoresearch.com.br\/n\/uploads\/2023\/04\/400x300-Planilha-vida-financeira-true.png\">\n\t\t\t\t<img class=\"newsContent__article__imgCapa newsContent__article__imgCapa--banner\"\n\t\t\t\t\tsrc=\"https:\/\/files.sunoresearch.com.br\/n\/uploads\/2023\/04\/1420x240-Planilha-vida-financeira-true.png\"\n\t\t\t\t\tdata-promo-id=\"106682\"\t\t\t\t\t\t\t\t\t\twidth='1420' height='240'\t\t\t\t\talt=\"https:\/\/files.sunoresearch.com.br\/n\/uploads\/2023\/04\/1420x240-Planilha-vida-financeira-true.png\"\n\t\t\t\t>\n\t\t\t<\/picture>\n\t\t<\/a>\n\t<\/p>\n\n\n\n\n\n\n\n<p>A Vale j\u00e1 conta com mais de 30 clientes interessados em receber o produto no pr\u00f3ximo ano, a maioria na Europa e no Oriente M\u00e9dio, embora haja interesse em outras regi\u00f5es \u2013 incluindo o Brasil.<\/p>\n\n\n\n<p>Segundo informa\u00e7\u00f5es dadas pela companhia ao Valor, a empresa afirma que os pedidos j\u00e1 asseguram a demanda por mais de um ano.<\/p>\n\n\n\n<p>Os testes com carga na primeira planta come\u00e7aram em agosto e apresentaram bons resultados, permitindo o in\u00edcio da opera\u00e7\u00e3o da primeira planta ainda neste ano. Uma segunda planta em Tubar\u00e3o est\u00e1 programada para inaugurar no in\u00edcio de 2024.<\/p>\n\n\n\n<p>Juntas, ter\u00e3o capacidade para produzir 6 milh\u00f5es de toneladas por ano, resultado de um investimento de R$ 1,2 bilh\u00e3o e que gerou 2.300 empregos no pico das obras. Em 2024, as duas plantas de Tubar\u00e3o produzir\u00e3o cerca de 2,5 milh\u00f5es de toneladas, com a produ\u00e7\u00e3o crescendo gradualmente at\u00e9 atingir os 6 milh\u00f5es de toneladas por ano.<\/p>\n\n\n\n<p>A produ\u00e7\u00e3o dos dois primeiros anos ser\u00e1 destinada a testes nas instala\u00e7\u00f5es desses clientes.<\/p>\n\n\n\n<p>O&nbsp;<strong>produto desenvolvido pela Vale<\/strong>&nbsp;reduz em at\u00e9 10% as emiss\u00f5es de gases de Efeito Estufa (GEE) no alto-forno e pode possibilitar, no futuro, a produ\u00e7\u00e3o de a\u00e7o de zero emiss\u00e3o, quando o hidrog\u00eanio verde estiver dispon\u00edvel.<\/p>\n\n\n\n<p>\u201cEstamos oferecendo um produto que apoiar\u00e1 nossos clientes, os fabricantes de a\u00e7o, a se adequarem \u00e0s metas de redu\u00e7\u00e3o de emiss\u00f5es que est\u00e3o sendo adotadas por governos em todo o mundo, contribuindo para o combate \u00e0 mudan\u00e7a clim\u00e1tica\u201d, declarou ao Valor o&nbsp;<strong>presidente da Vale<\/strong>,&nbsp;<a target=\"_blank\" href=\"https:\/\/www.suno.com.br\/tudo-sobre\/eduardo-bartolomeo\/\" rel=\"noreferrer noopener\">Eduardo Bartolomeo<\/a>.<\/p>\n\n\n\n<p>\u201cAl\u00e9m disso, estamos induzindo a neoindustrializa\u00e7\u00e3o do Brasil, que ser\u00e1 baseada na ind\u00fastria de baixo carbono, e cumprindo mais uma vez a voca\u00e7\u00e3o da Vale de \u00e2ncora do desenvolvimento regional\u201d, acrescenta.<\/p>\n\n\n\n<p>O vice-presidente executivo de solu\u00e7\u00f5es de min\u00e9rio de ferro, Marcello Spinelli, ressalta que o interesse demonstrado pelos clientes deixa a mineradora confiante de que o briquete veio para \u201crevolucionar a produ\u00e7\u00e3o de a\u00e7o\u201d.<\/p>\n\n\n\n<p>\u201cA descarboniza\u00e7\u00e3o da siderurgia se dar\u00e1 em etapas. Na primeira, nossos clientes est\u00e3o buscando formas de aumentar a\u00a0<a href=\"https:\/\/www.suno.com.br\/artigos\/eficiencia-operacional\/\" target=\"_blank\" rel=\"noreferrer noopener\">efici\u00eancia operacional<\/a>\u00a0na rota de alto-forno, reduzindo o gasto de energia e, consequentemente, diminuindo emiss\u00f5es de CO2. Nesse est\u00e1gio, o briquete j\u00e1 faz diferen\u00e7a. E na etapa final, quando o hidrog\u00eanio verde estiver dispon\u00edvel, o briquete contribuir\u00e1 para a produ\u00e7\u00e3o de a\u00e7o de zero emiss\u00e3o, o que ser\u00e1 feito por meio da rota de redu\u00e7\u00e3o direta, considerada mais \u2018limpa\u2019 que a do alto-forno\u201d, afirma Spinelli.<\/p>\n\n\n\n<p>Al\u00e9m de Vale, confira outros destaques desta ter\u00e7a-feira:<\/p>\n\n\n\n<h2 class=\"wp-block-heading\">Magazine Luiza (MGLU3) lan\u00e7a servi\u00e7o de nuvem para baratear custos de pequenas e m\u00e9dias empresas<\/h2>\n\n\n\n<ul class=\"wp-block-list\">\n<li>O<strong>\u00a0Magazine Luiza<\/strong>\u00a0(MGLU3) lan\u00e7ou nesta ter\u00e7a-feira (12) seu servi\u00e7o de armazenamento em nuvem, a Magalu Cloud, para apoiar a digitaliza\u00e7\u00e3o de pequenas e m\u00e9dias empresas (PMEs). O objetivo da varejista \u00e9 oferecer pre\u00e7os mais acess\u00edveis, uma vez que as op\u00e7\u00f5es dispon\u00edveis no mercado para digitaliza\u00e7\u00e3o s\u00e3o indexadas ao d\u00f3lar.\u00a0<\/li>\n<\/ul>\n\n\n\n<ul class=\"wp-block-list\">\n<li>Google (GOGL34), Amazon (AMZO34) e Microsoft (MSFT34) s\u00e3o algumas das companhias que atuam no segmento no Brasil e ganham competitividade por sua escala.\u00a0<\/li>\n<\/ul>\n\n\n\n<ul class=\"wp-block-list\">\n<li>De acordo com o diretor da<strong>\u00a0Magalu Cloud<\/strong>, Christian Reis, o servi\u00e7o deve baratear em 30% a 75% os custos das empresas que utilizam\u00a0<strong>servi\u00e7o de nuvem<\/strong>. Com a solu\u00e7\u00e3o, o Magazine\u00a0reduziu em 35% seus custos.\u00a0<\/li>\n<\/ul>\n\n\n\n<ul class=\"wp-block-list\">\n<li>A\u00a0<strong>nuvem do Magalu<\/strong>\u00a0vai operar por meio de data centers\u00a0pr\u00f3prios em duas regi\u00f5es: na Grande S\u00e3o Paulo e a outra na regi\u00e3o de Fortaleza, no Cear\u00e1. Segundo a empresa, todos os recursos gerenciados pela Magalu Cloud s\u00e3o hospedados integralmente em infraestrutura f\u00edsica que est\u00e1 sob seu controle, desde data centers a equipamentos de rede.<\/li>\n<\/ul>\n\n\n\n<ul class=\"wp-block-list\">\n<li>Dessa forma, o Magalu Cloud oferecer\u00e1 armazenamento, computa\u00e7\u00e3o, rede, banco de dados, firewalls (sistema de seguran\u00e7a) intelig\u00eancia artificial, entre outros. No entanto, a empresa ir\u00e1 focar inicialmente em uma lista mais limitada de servi\u00e7os.\u00a0<\/li>\n<\/ul>\n\n\n\n<ul class=\"wp-block-list\">\n<li>\u201cTemos que ser o mais barato do mercado, \u00e9 algo obsessivo nosso. A ideia n\u00e3o \u00e9 pisar no mercado, mas trazer todos juntos, parceiros e fornecedores \u201c, afirma Reis.<\/li>\n<\/ul>\n\n\n\n<ul class=\"wp-block-list\">\n<li>O Magazine Luiza n\u00e3o deu detalhes dos investimentos no projeto. \u201cSe tudo der errado, vou ter uma \u2018cloud\u2019 barata e complementar a dos meus concorrentes internacionais, mas estou confiante\u201d, disse o CEO,\u00a0<a href=\"https:\/\/www.suno.com.br\/tudo-sobre\/frederico-trajano\/\" target=\"_blank\" rel=\"noreferrer noopener\">Frederico Trajano<\/a>.<\/li>\n<\/ul>\n\n\n\n<ul class=\"wp-block-list\">\n<li>Para Trajano, a nuvem do Magalu, que vem sendo desenvolvida desde 2020, \u00e9 fruto do empoderamento que a empresa deu ao time de desenvolvedores da companhia.\u00a0<\/li>\n<\/ul>\n\n\n\n<h2 class=\"wp-block-heading\">Weg (WEGE3) anuncia pagamento de R$ 301,8 milh\u00f5es em JCP; Veja o valor por a\u00e7\u00e3o.<\/h2>\n\n\n\n<ul class=\"wp-block-list\">\n<li>O\u00a0<a href=\"https:\/\/www.suno.com.br\/artigos\/conselho-administracao\/?utm_content=XYOE2ItQuUY.20201113&amp;utm_campaign=Track%2B&amp;utm_medium=video&amp;utm_source=GoogleAds\" target=\"_blank\" rel=\"noreferrer noopener\">conselho de administra\u00e7\u00e3o<\/a>\u00a0da\u00a0<a href=\"https:\/\/www.suno.com.br\/acoes\/WEGE3\/?utm_content=XYOE2ItQuUY.20201113&amp;utm_campaign=Track%2B&amp;utm_medium=video&amp;utm_source=GoogleAds\" target=\"_blank\" rel=\"noreferrer noopener\"><strong>Weg<\/strong>\u00a0(WEGE3)<\/a>\u00a0anunciou um novo pagamento de\u00a0<a href=\"https:\/\/www.suno.com.br\/artigos\/entenda-o-jcp\/?utm_content=XYOE2ItQuUY.20201113&amp;utm_campaign=Track%2B&amp;utm_medium=video&amp;utm_source=GoogleAds\" target=\"_blank\" rel=\"noreferrer noopener\">juros sobre capital pr\u00f3prio<\/a>\u00a0(JCP), no montante de R$ 301,81 milh\u00f5es.<\/li>\n<\/ul>\n\n\n\n<ul class=\"wp-block-list\">\n<li>Conforme comunicado nesta ter\u00e7a-feira (12), os\u00a0<strong>JCP da Weg<\/strong>\u00a0representam o valor de R$ 0,071941176 por a\u00e7\u00e3o.<\/li>\n<\/ul>\n\n\n\n<ul class=\"wp-block-list\">\n<li>Os novos proventos ser\u00e3o destinados aos titulares de\u00a0<strong>a\u00e7\u00f5es da Weg<\/strong>\u00a0at\u00e9 o fechamento do preg\u00e3o do pr\u00f3ximo dia 15 de dezembro. Por essa raz\u00e3o, a partir de 18 de dezembro de 2023, os pap\u00e9is ser\u00e3o negociados como \u201cex-juros sobre\u00a0<a href=\"https:\/\/www.suno.com.br\/artigos\/capital-proprio\/?utm_content=XYOE2ItQuUY.20201113&amp;utm_campaign=Track%2B&amp;utm_medium=video&amp;utm_source=GoogleAds\" target=\"_blank\" rel=\"noreferrer noopener\">capital pr\u00f3prio<\/a>\u201d, ou seja, sem direito aos proventos.<\/li>\n<\/ul>\n\n\n\n<ul class=\"wp-block-list\">\n<li>A distribui\u00e7\u00e3o dos JCP vai ocorrer no dia 13 de mar\u00e7o de 2024. Com a dedu\u00e7\u00e3o do imposto de renda na fonte de 15%, o valor l\u00edquido \u00e9 de R$ 0,06115 por a\u00e7\u00e3o.<\/li>\n<\/ul>\n\n\n\n<ul class=\"wp-block-list\">\n<li>Essa tributa\u00e7\u00e3o s\u00f3 n\u00e3o ser\u00e1 aplicada para os investidores que comprovarem ser imunes ou isentos at\u00e9 15 de dezembro de 2023, juntamente ao banco Bradesco, que \u00e9 a institui\u00e7\u00e3o financeira escrituraria das\u00a0<strong>a\u00e7\u00f5es da WEGE3<\/strong>.<\/li>\n<\/ul>\n\n\n\n<h2 class=\"wp-block-heading\"><a><\/a>JCP da Weg<\/h2>\n\n\n\n<ul class=\"wp-block-list\">\n<li>Valor: R$ 301.810.089,28<\/li>\n\n\n\n<li>Valor por a\u00e7\u00e3o: R$ 0,071941176<\/li>\n\n\n\n<li>Data de corte: 15 de dezembro de 2023<\/li>\n\n\n\n<li>Data de pagamento: 13 de mar\u00e7o de 2024<\/li>\n<\/ul>\n\n\n\n<ul class=\"wp-block-list\">\n<li>O valor dos\u00a0<strong>juros sobre capital pr\u00f3prio da Weg<\/strong>\u00a0vai ser imputado aos\u00a0<a href=\"https:\/\/www.suno.com.br\/guias\/dividendos\/?utm_content=XYOE2ItQuUY.20201113&amp;utm_campaign=Track%2B&amp;utm_medium=video&amp;utm_source=GoogleAds\" target=\"_blank\" rel=\"noreferrer noopener\">dividendos<\/a>\u00a0obrigat\u00f3rios da companhia, conforme o seu\u00a0<a href=\"https:\/\/www.suno.com.br\/artigos\/estatuto-social\/?utm_content=XYOE2ItQuUY.20201113&amp;utm_campaign=Track%2B&amp;utm_medium=video&amp;utm_source=GoogleAds\" target=\"_blank\" rel=\"noreferrer noopener\">estatuto social<\/a>.<\/li>\n<\/ul>\n\n\n\t<p>\n\t\t<a href=\"https:\/\/lp.suno.com.br\/ebook-como-analisar-uma-acao\/\" target=\"_blank\" data-element=\"shortcode-suno-banner\" title=\"Banner SUNO, clique e saiba mais\">\n\t\t\t<picture>\n\t\t\t\t<source media=\"(max-width: 500px)\" srcset=\"https:\/\/files.sunoresearch.com.br\/n\/uploads\/2023\/03\/Ebook-Acoes-Mobile.jpg\">\n\t\t\t\t<img class=\"newsContent__article__imgCapa newsContent__article__imgCapa--banner\"\n\t\t\t\t\tsrc=\"https:\/\/files.sunoresearch.com.br\/n\/uploads\/2023\/03\/Ebook-Acoes-Desktop.jpg\"\n\t\t\t\t\tdata-promo-id=\"378302\"\t\t\t\t\t\t\t\t\t\twidth='1420' height='286'\t\t\t\t\talt=\"https:\/\/files.sunoresearch.com.br\/n\/uploads\/2023\/03\/Ebook-Acoes-Desktop.jpg\"\n\t\t\t\t>\n\t\t\t<\/picture>\n\t\t<\/a>\n\t<\/p>\n\n\n\n\n\n<h2 class=\"wp-block-heading\">Nubank (ROXO34) amplia portf\u00f3lio de produtos com renda fixa<\/h2>\n\n\n\n<ul class=\"wp-block-list\">\n<li>O\u00a0<strong>Nubank<\/strong>\u00a0(<a href=\"https:\/\/statusinvest.com.br\/bdrs\/roxo34?__hstc=189907700.57003753d8805be60d3d8f1693f0228c.1666093829288.1702351237853.1702423468154.311&amp;__hssc=189907700.28.1702423468154&amp;__hsfp=2194299992\" target=\"_blank\" rel=\"noreferrer noopener\">ROXO34<\/a>) divulgou uma nova amplia\u00e7\u00e3o no seu portf\u00f3lio de produtos de investimentos.<\/li>\n<\/ul>\n\n\n\n<ul class=\"wp-block-list\">\n<li>Conforme comunicado pela fintech, de forma gradual, ao longo das pr\u00f3ximas semanas os clientes do Nubank poder\u00e3o acessar e negociar t\u00edtulos LCI (Letras de Cr\u00e9dito Imobili\u00e1rio) e LCA (Letras de\u00a0<a href=\"https:\/\/www.suno.com.br\/artigos\/credito-agricola\/\" target=\"_blank\" rel=\"noreferrer noopener\">Cr\u00e9dito Agr\u00edcola<\/a>) diretamente no app.<\/li>\n<\/ul>\n\n\n\n<ul class=\"wp-block-list\">\n<li>Segundo o\u00a0<strong>banco digital<\/strong>, a disponibilidade destes produtos de\u00a0<strong>renda fixa no Nubank<\/strong>\u00a0se soma a outras alternativas na prateleira, como CDBs, Tesouro Direto e os fundos da fam\u00edlia Nu Reserva (Imediata e Planejada).<\/li>\n<\/ul>\n\n\n\n<ul class=\"wp-block-list\">\n<li>S\u00e3o v\u00e1rias op\u00e7\u00f5es de\u00a0<strong>LCIs e LCAs\u00a0<\/strong>com diferentes prazos e rendimentos \u2013 na experi\u00eancia de investimentos do Nubank, o investidor interessado \u00e9 apresentado a pelo menos tr\u00eas destaques, com curadoria ativa.<\/li>\n<\/ul>\n\n\n\n<ul class=\"wp-block-list\">\n<li>\u201cCom uma base crescente de investidores, seguimos diversificando as op\u00e7\u00f5es de produtos de\u00a0<strong>investimentos\u00a0<\/strong>para atender aos mais diversos perfis no app do Nubank. No caso dos LCIs e LCAs, a principal caracter\u00edstica est\u00e1 na previsibilidade do rendimento, al\u00e9m da isen\u00e7\u00e3o de\u00a0<a href=\"https:\/\/www.suno.com.br\/guias\/imposto-de-renda-guia\/\" target=\"_blank\" rel=\"noreferrer noopener\">Imposto de Renda<\/a>\u00a0sobre os rendimentos\u201d, afirma Guilherme Espallargas, l\u00edder da \u00e1rea de\u00a0<strong>investimentos do Nubank<\/strong>.<\/li>\n<\/ul>\n\n\n\n<h2 class=\"wp-block-heading\">Gerdau (GGBR4) conclui investimentos de R$ 200 milh\u00f5es em moderniza\u00e7\u00e3o de f\u00e1brica no RS<\/h2>\n\n\n\n<ul class=\"wp-block-list\">\n<li>A\u00a0<strong>Gerdau<\/strong>\u00a0(GGBR4) anunciou nesta ter\u00e7a-feira, 12, a conclus\u00e3o dos investimentos de moderniza\u00e7\u00e3o da f\u00e1brica de a\u00e7os longos Riograndense, em Sapucaia do Sul (RS). A sider\u00fargica havia dedicado R$ 200 milh\u00f5es para a melhoria operacional da unidade, que funcionava de forma parcial desde o in\u00edcio de 2022 por causa das reformas, com as atividades prim\u00e1rias de produ\u00e7\u00e3o de a\u00e7o paralisadas.<\/li>\n<\/ul>\n\n\n\n<ul class=\"wp-block-list\">\n<li>A\u00a0<strong>unidade de Sapucaia do Sul da Gerdau<\/strong>\u00a0retomou de forma plena as opera\u00e7\u00f5es desde novembro, contando agora com um sistema tecnol\u00f3gico mais sofisticado e automatizado. O vice-presidente da Gerdau, Rubens Pereira, disse ao\u00a0<strong>Broadcast\u00a0<\/strong>que as novas instala\u00e7\u00f5es devem promover uma redu\u00e7\u00e3o de custos de produ\u00e7\u00e3o na unidade, que tem capacidade para fabricar anualmente 450 mil toneladas de\u00a0<strong>a\u00e7o bruto<\/strong>\u00a0e 495 mil toneladas de produtos acabados, entre eles o vergalh\u00e3o, fio-m\u00e1quina, barras, trefilados e pregos.<\/li>\n<\/ul>\n\n\n\n<ul class=\"wp-block-list\">\n<li>\u201cQuando investimos a partir de toda essa perspectiva de digitaliza\u00e7\u00e3o e ind\u00fastria 4.0, ganhamos muito em produtividade, assertividade da qualidade do produto, reduzimos desperd\u00edcios e aumentamos a produtividade ao trazer um maior grau de automatiza\u00e7\u00e3o e digitaliza\u00e7\u00e3o dos processos\u201d, afirmou Pereira.<\/li>\n<\/ul>\n\n\n\n<ul class=\"wp-block-list\">\n<li>O\u00a0<strong>investimento da Gerdau<\/strong>, de R$ 200 milh\u00f5es, teve como objetivo a moderniza\u00e7\u00e3o das instala\u00e7\u00f5es da aciaria (respons\u00e1vel pelas etapas iniciais de produ\u00e7\u00e3o do a\u00e7o), implementa\u00e7\u00e3o de melhorias na jornada de transforma\u00e7\u00e3o digital e ind\u00fastria 4.0 e o aprimoramento de melhorias nas condi\u00e7\u00f5es ambientais e de seguran\u00e7a no processo de produ\u00e7\u00e3o do a\u00e7o, como a moderniza\u00e7\u00e3o do sistema de despoeiramento. Foram gerados mais de 400 postos de trabalho diretos e indiretos durante a execu\u00e7\u00e3o dos investimentos.<\/li>\n<\/ul>\n\n\n\n<ul class=\"wp-block-list\">\n<li>Questionado sobre a inaugura\u00e7\u00e3o da moderniza\u00e7\u00e3o da\u00a0<strong>f\u00e1brica da Gerdau<\/strong>\u00a0em meio a um momento desafiador que o setor sider\u00fargico enfrenta, por conta da forte entrada de a\u00e7o importado, o vice-presidente da Gerdau respondeu que a unidade ser\u00e1 retomada com plena capacidade.<\/li>\n<\/ul>\n\n\n\n<ul class=\"wp-block-list\">\n<li>\u201cDevemos retomar a usina rodando a pleno. A nossa unidade \u00e9 muito competitiva e fizemos esse investimento muito mais porque somos uma empresa brasileira e acreditamos no Brasil, e eu diria que apesar de ainda seguirmos enfrentando desafios importantes em rela\u00e7\u00e3o \u00e0s importa\u00e7\u00f5es de produtos e com movimenta\u00e7\u00f5es pouco expressivas para equilibrar esse cen\u00e1rio\u201d, afirmou Pereira.<\/li>\n<\/ul>\n\n\n\n<ul class=\"wp-block-list\">\n<li>O executivo acrescentou que o\u00a0<strong>mercado sider\u00fargico<\/strong>\u00a0no Brasil permanece muito desafiador. \u201cO nosso investimento \u00e9 muito focado no\u00a0<a href=\"https:\/\/www.suno.com.br\/artigos\/longo-prazo\/\" target=\"_blank\" rel=\"noreferrer noopener\">longo prazo<\/a>\u00a0e na nossa cren\u00e7a de que o mercado brasileiro \u00e9 forte e importante para a Gerdau\u201d, disse.<\/li>\n<\/ul>\n\n\n\n<ul class=\"wp-block-list\">\n<li>Com rela\u00e7\u00e3o \u00e0 moderniza\u00e7\u00e3o do sistema de despoeiramento, o vice-presidente da Gerdau afirmou que ele permitir\u00e1 ganhos ambientais e deve trazer um ganho para a comunidade local.<\/li>\n<\/ul>\n\n\n\n<ul class=\"wp-block-list\">\n<li>\u201cComo o processo ocorre com altas temperaturas, em que ocorre a fus\u00e3o da sucata para transformar o material em a\u00e7o l\u00edquido, muitas vezes h\u00e1 um levantamento de res\u00edduos no processo. Neste sentido, o despoeiramento consegue captar esses res\u00edduos e deposit\u00e1-los de forma que eles n\u00e3o sejam jogados na atmosfera\u201d, afirmou Pereira.<\/li>\n<\/ul>\n\n\n\n<ul class=\"wp-block-list\">\n<li>Atualmente, a\u00a0<strong>unidade Riograndense<\/strong>\u00a0conta com 1.200 funcion\u00e1rios e produz a\u00e7os longos a partir da reciclagem da sucata met\u00e1lica, alternativa considerada ambientalmente amig\u00e1vel. Em m\u00e9dia, a Gerdau emite 0,86 tonelada de di\u00f3xido de carbono (CO2e) por tonelada de a\u00e7o produzido, valor considerado a metade da m\u00e9dia global do setor, em 1,91 tonelada de CO2e, segundo dados da World Steel Association (WSA), que re\u00fane dados das ind\u00fastrias sider\u00fargicas de 63 pa\u00edses.<\/li>\n<\/ul>\n\n\n\n<p>Da Vale \u00e0 Weg, essas foram as empresas que se destacaram hoje. Para ler todas as mat\u00e9rias\u00a0<strong><a href=\"https:\/\/www.suno.com.br\/noticias\/todos\/?utm_content=XYOE2ItQuUY.20201113&amp;utm_campaign=Track%2B&amp;utm_medium=video&amp;utm_source=telegram.sunoresearch\" target=\"_blank\" rel=\"noreferrer noopener\">clique aqui<\/a><\/strong>.<a href=\"https:\/\/lp.suno.com.br\/cl\/black-friday-suno-2023\/?_fs=16412753060-15131594205&amp;_fsRef=https%3A%2F%2Fwww.suno.com.br%2Fnoticias%2Fradar-caixa-seguridade-cxse3-itausa-itsa4-pao-de-acucar-pcar3%2F\" target=\"_blank\" rel=\"noreferrer noopener\"><\/a><a href=\"https:\/\/lp.suno.com.br\/cl\/black-friday-suno-2023\/?_fs=16412753060-15131594205&amp;_fsRef=https%3A%2F%2Fwww.suno.com.br%2Fnoticias%2Fcopel-cple6-xp-reitera-recomendacao-compra-va%2F\" target=\"_blank\" rel=\"noreferrer noopener\"><\/a><a href=\"https:\/\/lp.suno.com.br\/cl\/black-friday-suno-2023\/?_fs=16412753060-15131594205&amp;_fsRef=https%3A%2F%2Fwww.suno.com.br%2Fnoticias%2Fradar-magazine-luiza-mglu3-oi-oibr3-copel-cple6%2F\" target=\"_blank\" rel=\"noreferrer noopener\"><\/a><a href=\"https:\/\/lp.suno.com.br\/cl\/black-friday-suno-2023\/?_fs=16412753060-15131594205&amp;_fsRef=https%3A%2F%2Fwww.suno.com.br%2Fnoticias%2Fradar-irb-brasil-irbr3-klabin-klbn11-telefonica-vivt3%2F\" target=\"_blank\" rel=\"noreferrer noopener\"><\/a><a href=\"https:\/\/lp.suno.com.br\/cl\/black-friday-suno-2023\/?_fs=16439326504-15158167008&amp;_fsRef=https%3A%2F%2Fwww.suno.com.br%2Fnoticias%2Fradar-itausa-itsa4-brasilagro-agro3-weg-wege3%2F\" target=\"_blank\" rel=\"noreferrer noopener\"><\/a><a href=\"https:\/\/lp.suno.com.br\/cl\/black-friday-suno-2023\/?_fs=16439326504-15158167008&amp;_fsRef=https%3A%2F%2Fwww.suno.com.br%2Fnoticias%2Fradar-boa-safra-soja3-neoenergia-neoe3-kabin-klbn11%2F\" target=\"_blank\" rel=\"noreferrer noopener\"><\/a><a href=\"https:\/\/lp.suno.com.br\/cl\/black-friday-suno-2023\/?_fs=16439326504-15158167008&amp;_fsRef=https%3A%2F%2Fwww.suno.com.br%2Fnoticias%2Fsuzano-suzb3-3t23-reverte-lucro-prejuizo%2F\" target=\"_blank\" rel=\"noreferrer noopener\"><\/a><a href=\"https:\/\/lp.suno.com.br\/cl\/black-friday-suno-2023\/?_fs=16414994788-15133835730&amp;_fsRef=https%3A%2F%2Fwww.suno.com.br%2Fnoticias%2Fradar-vale-vale3-petrobras-petr4-lojas-marisa-amar3%2F\" target=\"_blank\" rel=\"noreferrer noopener\"><\/a><a href=\"https:\/\/lp.suno.com.br\/cl\/black-friday-suno-2023\/?_fs=16499472459-15218305374&amp;_fsRef=https%3A%2F%2Fwww.suno.com.br%2Fnoticias%2Fradar-engie-egie3-eletrobras-elet3-isa-cteep-trpl4-b3-b3sa3%2F\" target=\"_blank\" rel=\"noreferrer noopener\"><\/a><a href=\"https:\/\/lp.suno.com.br\/cl\/black-friday-suno-2023\/?_fs=16500193927-15219026842&amp;_fsRef=https%3A%2F%2Fwww.suno.com.br%2Fnoticias%2Fradar-prio-prio3-bradespar-brap4-bradesco-bbdc4%2F\" target=\"_blank\" rel=\"noreferrer noopener\"><\/a><a href=\"https:\/\/lp.suno.com.br\/cl\/black-friday-suno-2023\/?_fs=16500193927-15219026842&amp;_fsRef=https%3A%2F%2Fwww.suno.com.br%2Fnoticias%2Fradar-banco-do-brasil-bbas3-ceb-cebr3-cielo-ciel3%2F\" target=\"_blank\" rel=\"noreferrer noopener\"><\/a><a href=\"https:\/\/lp.suno.com.br\/pv\/black-friday-2023\/\" target=\"_blank\" rel=\"noreferrer noopener\"><\/a><a href=\"https:\/\/lp.suno.com.br\/pv\/black-friday-2023\/\" target=\"_blank\" rel=\"noreferrer noopener\"><\/a><a href=\"https:\/\/lp.suno.com.br\/pv\/black-friday-2023\/\" target=\"_blank\" rel=\"noreferrer noopener\"><\/a><a href=\"https:\/\/lp.suno.com.br\/pv\/black-friday-2023\/\" target=\"_blank\" rel=\"noreferrer noopener\"><\/a><a href=\"https:\/\/lp.suno.com.br\/pv\/black-friday-2023\/\" target=\"_blank\" rel=\"noreferrer noopener\"><\/a><a href=\"https:\/\/lp.suno.com.br\/pv\/black-friday-2023\/\" target=\"_blank\" rel=\"noreferrer noopener\"><\/a><a href=\"https:\/\/lp.suno.com.br\/pv\/black-friday-2023\/\" target=\"_blank\" rel=\"noreferrer noopener\"><\/a><a href=\"https:\/\/lp.suno.com.br\/planilha-da-vida-financeira\/\" target=\"_blank\" rel=\"noreferrer noopener\"><\/a><a href=\"https:\/\/lp.suno.com.br\/pv\/black-friday-2023\/\" target=\"_blank\" rel=\"noreferrer noopener\"><\/a><a href=\"https:\/\/lp.suno.com.br\/pv\/black-friday-2023\/\" target=\"_blank\" rel=\"noreferrer noopener\"><\/a><a href=\"https:\/\/lp.suno.com.br\/pv\/black-friday-2023\/\" target=\"_blank\" rel=\"noreferrer noopener\"><\/a><a href=\"https:\/\/lp.suno.com.br\/pv\/black-friday-2023\/\" target=\"_blank\" rel=\"noreferrer noopener\"><\/a><a href=\"https:\/\/lp.suno.com.br\/pv\/black-friday-2023\/\" target=\"_blank\" rel=\"noreferrer noopener\"><\/a><a href=\"https:\/\/lp.suno.com.br\/planilha-da-vida-financeira\/\" target=\"_blank\" rel=\"noreferrer noopener\"><\/a><a href=\"https:\/\/lp.suno.com.br\/planilha-da-vida-financeira\/\" target=\"_blank\" rel=\"noreferrer noopener\"><\/a><a href=\"https:\/\/lp.suno.com.br\/planilha-da-vida-financeira\/\" target=\"_blank\" rel=\"noreferrer noopener\"><\/a><a href=\"https:\/\/lp.suno.com.br\/planilha-da-vida-financeira\/\" target=\"_blank\" rel=\"noreferrer noopener\"><\/a><a href=\"https:\/\/lp.suno.com.br\/planilha-da-vida-financeira\/\" target=\"_blank\" rel=\"noreferrer noopener\"><\/a><a href=\"https:\/\/lp.suno.com.br\/pv\/sr-premium\/trial-1-real\/\" target=\"_blank\" rel=\"noreferrer noopener\"><\/a><a href=\"https:\/\/lp.suno.com.br\/planilha-da-vida-financeira\/\" target=\"_blank\" rel=\"noreferrer noopener\"><\/a><a href=\"https:\/\/lp.suno.com.br\/planilha-da-vida-financeira\/\" target=\"_blank\" rel=\"noreferrer noopener\"><\/a><a href=\"https:\/\/lp.suno.com.br\/planilha-da-vida-financeira\/\" target=\"_blank\" rel=\"noreferrer noopener\"><\/a><a href=\"https:\/\/lp.suno.com.br\/planilha-da-vida-financeira\/\" target=\"_blank\" rel=\"noreferrer noopener\"><\/a><\/p>\n\n\n\t<p>\n\t\t<a href=\"https:\/\/lp.suno.com.br\/planilha-da-vida-financeira\/\" target=\"_blank\" data-element=\"shortcode-suno-banner\" title=\"Banner SUNO, clique e saiba mais\">\n\t\t\t<picture>\n\t\t\t\t<source media=\"(max-width: 500px)\" srcset=\"https:\/\/files.sunoresearch.com.br\/n\/uploads\/2023\/04\/400x300-Planilha-vida-financeira-true.png\">\n\t\t\t\t<img class=\"newsContent__article__imgCapa newsContent__article__imgCapa--banner\"\n\t\t\t\t\tsrc=\"https:\/\/files.sunoresearch.com.br\/n\/uploads\/2023\/04\/1420x240-Planilha-vida-financeira-true.png\"\n\t\t\t\t\tdata-promo-id=\"383123\"\t\t\t\t\t\t\t\t\t\twidth='1420' height='240'\t\t\t\t\talt=\"https:\/\/files.sunoresearch.com.br\/n\/uploads\/2023\/04\/1420x240-Planilha-vida-financeira-true.png\"\n\t\t\t\t>\n\t\t\t<\/picture>\n\t\t<\/a>\n\t<\/p>\n\n\n","protected":false},"excerpt":{"rendered":"<p>A\u00a0Vale\u00a0(VALE3)\u00a0inaugura nesta ter\u00e7a-feira (12), na unidade de Tubar\u00e3o, em Vit\u00f3ria, a primeira f\u00e1brica de briquete do mundo. As informa\u00e7\u00f5es s\u00e3o do jornal Valor Econ\u00f4mico. Vale sobe 1,92% e lidera ganhos do dia. Foto: Ag\u00eancia Vale A Vale j\u00e1 conta com mais de 30 clientes interessados em receber o produto no pr\u00f3ximo ano, a maioria na [&hellip;]<\/p>\n","protected":false},"author":227,"featured_media":394402,"comment_status":"closed","ping_status":"closed","sticky":false,"template":"","format":"standard","meta":[],"categories":[64],"tags":[488,548,107135,676,681],"suno_strategy":[],"class_list":["post-499349","post","type-post","status-publish","format-standard","has-post-thumbnail","hentry","category-negocios","tag-gerdau-ggbr3-ggbr4","tag-magazine-luiza-mglu3","tag-roxo34","tag-vale-vale3","tag-weg-wege3"],"yoast_head":"<!-- This site is optimized with the Yoast SEO plugin v24.4 - https:\/\/yoast.com\/wordpress\/plugins\/seo\/ -->\n<title>Radar: Vale (VALE3) inaugura f\u00e1brica, Magazine Luiza (MGLU3) lan\u00e7a servi\u00e7o para baratear custos de empresas<\/title>\n<meta name=\"description\" content=\"Vale (VALE3) inaugura f\u00e1brica, Magazine Luiza (MGLU3) lan\u00e7a servi\u00e7o para baratear custos de empresas e Weg (WEGE3) anuncia JCP milion\u00e1rio\" \/>\n<meta name=\"robots\" content=\"index, follow, max-snippet:-1, max-image-preview:large, max-video-preview:-1\" \/>\n<link rel=\"canonical\" href=\"https:\/\/www.suno.com.br\/noticias\/radar-vale-vale3-magazine-luiza-mglu3-weg-wege3\/\" \/>\n<meta property=\"og:locale\" content=\"pt_BR\" \/>\n<meta property=\"og:type\" content=\"article\" \/>\n<meta property=\"og:title\" content=\"Radar: Vale (VALE3) inaugura f\u00e1brica, Magazine Luiza (MGLU3) lan\u00e7a servi\u00e7o para baratear custos de empresas\" \/>\n<meta property=\"og:description\" content=\"Vale (VALE3) inaugura f\u00e1brica, Magazine Luiza (MGLU3) lan\u00e7a servi\u00e7o para baratear custos de empresas e Weg (WEGE3) anuncia JCP milion\u00e1rio\" \/>\n<meta property=\"og:url\" content=\"https:\/\/www.suno.com.br\/noticias\/radar-vale-vale3-magazine-luiza-mglu3-weg-wege3\/\" \/>\n<meta property=\"og:site_name\" content=\"Suno Not\u00edcias\" \/>\n<meta property=\"article:publisher\" content=\"https:\/\/facebook.com\/sunoresearch\" \/>\n<meta property=\"og:image\" content=\"https:\/\/files.sunoresearch.com.br\/n\/uploads\/2023\/04\/vale_vale3-1.jpg\" \/>\n\t<meta property=\"og:image:width\" content=\"1200\" \/>\n\t<meta property=\"og:image:height\" content=\"801\" \/>\n\t<meta property=\"og:image:type\" content=\"image\/jpeg\" \/>\n<meta name=\"author\" content=\"Vanessa Loiola\" \/>\n<meta name=\"twitter:card\" content=\"summary_large_image\" \/>\n<meta name=\"twitter:creator\" content=\"@sunoresearch\" \/>\n<meta name=\"twitter:site\" content=\"@sunoresearch\" \/>\n<meta name=\"twitter:label1\" content=\"Escrito por\" \/>\n\t<meta name=\"twitter:data1\" content=\"Vanessa Loiola\" \/>\n\t<meta name=\"twitter:label2\" content=\"Est. tempo de leitura\" \/>\n\t<meta name=\"twitter:data2\" content=\"10 minutos\" \/>\n<script type=\"application\/ld+json\" class=\"yoast-schema-graph\">{\"@context\":\"https:\/\/schema.org\",\"@graph\":[{\"@type\":\"NewsArticle\",\"@id\":\"https:\/\/www.suno.com.br\/noticias\/radar-vale-vale3-magazine-luiza-mglu3-weg-wege3\/#article\",\"isPartOf\":{\"@id\":\"https:\/\/www.suno.com.br\/noticias\/radar-vale-vale3-magazine-luiza-mglu3-weg-wege3\/\"},\"author\":{\"name\":\"Vanessa Loiola\",\"@id\":\"https:\/\/www.suno.com.br\/noticias\/#\/schema\/person\/450c455ecff319bab1f1a0e643451479\"},\"headline\":\"Radar: Vale (VALE3) inaugura f\u00e1brica, Magazine Luiza (MGLU3) lan\u00e7a servi\u00e7o para baratear custos de empresas e Weg (WEGE3) anuncia JCP milion\u00e1rio\",\"datePublished\":\"2023-12-13T00:42:27+00:00\",\"dateModified\":\"2023-12-13T00:43:20+00:00\",\"mainEntityOfPage\":{\"@id\":\"https:\/\/www.suno.com.br\/noticias\/radar-vale-vale3-magazine-luiza-mglu3-weg-wege3\/\"},\"wordCount\":1899,\"publisher\":{\"@id\":\"https:\/\/www.suno.com.br\/noticias\/#organization\"},\"image\":{\"@id\":\"https:\/\/www.suno.com.br\/noticias\/radar-vale-vale3-magazine-luiza-mglu3-weg-wege3\/#primaryimage\"},\"thumbnailUrl\":\"https:\/\/files.sunoresearch.com.br\/n\/uploads\/2023\/04\/vale_vale3-1.jpg\",\"keywords\":[\"Gerdau (GGBR3\/GGBR4)\",\"Magazine Luiza (MGLU3)\",\"ROXO34\",\"Vale (VALE3)\",\"Weg (WEGE3)\"],\"articleSection\":[\"Neg\u00f3cios\"],\"inLanguage\":\"pt-BR\"},{\"@type\":\"WebPage\",\"@id\":\"https:\/\/www.suno.com.br\/noticias\/radar-vale-vale3-magazine-luiza-mglu3-weg-wege3\/\",\"url\":\"https:\/\/www.suno.com.br\/noticias\/radar-vale-vale3-magazine-luiza-mglu3-weg-wege3\/\",\"name\":\"Radar: Vale (VALE3) inaugura f\u00e1brica, Magazine Luiza (MGLU3) lan\u00e7a servi\u00e7o para baratear custos de empresas\",\"isPartOf\":{\"@id\":\"https:\/\/www.suno.com.br\/noticias\/#website\"},\"primaryImageOfPage\":{\"@id\":\"https:\/\/www.suno.com.br\/noticias\/radar-vale-vale3-magazine-luiza-mglu3-weg-wege3\/#primaryimage\"},\"image\":{\"@id\":\"https:\/\/www.suno.com.br\/noticias\/radar-vale-vale3-magazine-luiza-mglu3-weg-wege3\/#primaryimage\"},\"thumbnailUrl\":\"https:\/\/files.sunoresearch.com.br\/n\/uploads\/2023\/04\/vale_vale3-1.jpg\",\"datePublished\":\"2023-12-13T00:42:27+00:00\",\"dateModified\":\"2023-12-13T00:43:20+00:00\",\"description\":\"Vale (VALE3) inaugura f\u00e1brica, Magazine Luiza (MGLU3) lan\u00e7a servi\u00e7o para baratear custos de empresas e Weg (WEGE3) anuncia JCP milion\u00e1rio\",\"breadcrumb\":{\"@id\":\"https:\/\/www.suno.com.br\/noticias\/radar-vale-vale3-magazine-luiza-mglu3-weg-wege3\/#breadcrumb\"},\"inLanguage\":\"pt-BR\",\"potentialAction\":[{\"@type\":\"ReadAction\",\"target\":[\"https:\/\/www.suno.com.br\/noticias\/radar-vale-vale3-magazine-luiza-mglu3-weg-wege3\/\"]}]},{\"@type\":\"ImageObject\",\"inLanguage\":\"pt-BR\",\"@id\":\"https:\/\/www.suno.com.br\/noticias\/radar-vale-vale3-magazine-luiza-mglu3-weg-wege3\/#primaryimage\",\"url\":\"https:\/\/files.sunoresearch.com.br\/n\/uploads\/2023\/04\/vale_vale3-1.jpg\",\"contentUrl\":\"https:\/\/files.sunoresearch.com.br\/n\/uploads\/2023\/04\/vale_vale3-1.jpg\",\"width\":1200,\"height\":801,\"caption\":\"Vale sobe 1,92% e lidera ganhos do dia. Foto: Ag\u00eancia Vale\"},{\"@type\":\"BreadcrumbList\",\"@id\":\"https:\/\/www.suno.com.br\/noticias\/radar-vale-vale3-magazine-luiza-mglu3-weg-wege3\/#breadcrumb\",\"itemListElement\":[{\"@type\":\"ListItem\",\"position\":1,\"name\":\"Not\u00edcias\",\"item\":\"https:\/\/www.suno.com.br\/noticias\/\"},{\"@type\":\"ListItem\",\"position\":2,\"name\":\"Neg\u00f3cios\",\"item\":\"https:\/\/www.suno.com.br\/noticias\/negocios\/\"},{\"@type\":\"ListItem\",\"position\":3,\"name\":\"Radar: Vale (VALE3) inaugura f\u00e1brica, Magazine Luiza (MGLU3) lan\u00e7a servi\u00e7o para baratear custos de empresas e Weg (WEGE3) anuncia JCP milion\u00e1rio\"}]},{\"@type\":\"WebSite\",\"@id\":\"https:\/\/www.suno.com.br\/noticias\/#website\",\"url\":\"https:\/\/www.suno.com.br\/noticias\/\",\"name\":\"Suno Not\u00edcias\",\"description\":\"Seu portal de informa\u00e7\u00e3o sobre o mundo dos investimentos\",\"publisher\":{\"@id\":\"https:\/\/www.suno.com.br\/noticias\/#organization\"},\"potentialAction\":[{\"@type\":\"SearchAction\",\"target\":{\"@type\":\"EntryPoint\",\"urlTemplate\":\"https:\/\/www.suno.com.br\/noticias\/?s={search_term_string}\"},\"query-input\":{\"@type\":\"PropertyValueSpecification\",\"valueRequired\":true,\"valueName\":\"search_term_string\"}}],\"inLanguage\":\"pt-BR\"},{\"@type\":\"Organization\",\"@id\":\"https:\/\/www.suno.com.br\/noticias\/#organization\",\"name\":\"Suno Not\u00edcias\",\"url\":\"https:\/\/www.suno.com.br\/noticias\/\",\"logo\":{\"@type\":\"ImageObject\",\"inLanguage\":\"pt-BR\",\"@id\":\"https:\/\/www.suno.com.br\/noticias\/#\/schema\/logo\/image\/\",\"url\":\"https:\/\/files.sunoresearch.com.br\/n\/uploads\/2021\/09\/suno-logo.png\",\"contentUrl\":\"https:\/\/files.sunoresearch.com.br\/n\/uploads\/2021\/09\/suno-logo.png\",\"width\":180,\"height\":180,\"caption\":\"Suno Not\u00edcias\"},\"image\":{\"@id\":\"https:\/\/www.suno.com.br\/noticias\/#\/schema\/logo\/image\/\"},\"sameAs\":[\"https:\/\/facebook.com\/sunoresearch\",\"https:\/\/x.com\/sunoresearch\",\"https:\/\/www.instagram.com\/suno\",\"https:\/\/www.linkedin.com\/company\/suno-research\/\",\"https:\/\/www.youtube.com\/c\/sunoresearch\"]},{\"@type\":\"Person\",\"@id\":\"https:\/\/www.suno.com.br\/noticias\/#\/schema\/person\/450c455ecff319bab1f1a0e643451479\",\"name\":\"Vanessa Loiola\",\"image\":{\"@type\":\"ImageObject\",\"inLanguage\":\"pt-BR\",\"@id\":\"https:\/\/www.suno.com.br\/noticias\/#\/schema\/person\/image\/\",\"url\":\"https:\/\/secure.gravatar.com\/avatar\/8b41117f9780831919eb38da349c3f20?s=96&r=g\",\"contentUrl\":\"https:\/\/secure.gravatar.com\/avatar\/8b41117f9780831919eb38da349c3f20?s=96&r=g\",\"caption\":\"Vanessa Loiola\"},\"description\":\"Jornalista formada pela PUC-SP, com experi\u00eancia na cobertura das editorias de economia, finan\u00e7as, bolsa de valores, pol\u00edtica, energia solar e entretenimento. Com passagem pela BM&amp;C News e RedeTV!\",\"url\":\"https:\/\/www.suno.com.br\/noticias\/author\/vanessal-loiolagmail-com\/\"}]}<\/script>\n<!-- \/ Yoast SEO plugin. -->","yoast_head_json":{"title":"Radar: Vale (VALE3) inaugura f\u00e1brica, Magazine Luiza (MGLU3) lan\u00e7a servi\u00e7o para baratear custos de empresas","description":"Vale (VALE3) inaugura f\u00e1brica, Magazine Luiza (MGLU3) lan\u00e7a servi\u00e7o para baratear custos de empresas e Weg (WEGE3) anuncia JCP milion\u00e1rio","robots":{"index":"index","follow":"follow","max-snippet":"max-snippet:-1","max-image-preview":"max-image-preview:large","max-video-preview":"max-video-preview:-1"},"canonical":"https:\/\/www.suno.com.br\/noticias\/radar-vale-vale3-magazine-luiza-mglu3-weg-wege3\/","og_locale":"pt_BR","og_type":"article","og_title":"Radar: Vale (VALE3) inaugura f\u00e1brica, Magazine Luiza (MGLU3) lan\u00e7a servi\u00e7o para baratear custos de empresas","og_description":"Vale (VALE3) inaugura f\u00e1brica, Magazine Luiza (MGLU3) lan\u00e7a servi\u00e7o para baratear custos de empresas e Weg (WEGE3) anuncia JCP milion\u00e1rio","og_url":"https:\/\/www.suno.com.br\/noticias\/radar-vale-vale3-magazine-luiza-mglu3-weg-wege3\/","og_site_name":"Suno Not\u00edcias","article_publisher":"https:\/\/facebook.com\/sunoresearch","og_image":[{"width":1200,"height":801,"url":"https:\/\/files.sunoresearch.com.br\/n\/uploads\/2023\/04\/vale_vale3-1.jpg","type":"image\/jpeg"}],"author":"Vanessa Loiola","twitter_card":"summary_large_image","twitter_creator":"@sunoresearch","twitter_site":"@sunoresearch","twitter_misc":{"Escrito por":"Vanessa Loiola","Est. tempo de leitura":"10 minutos"},"schema":{"@context":"https:\/\/schema.org","@graph":[{"@type":"NewsArticle","@id":"https:\/\/www.suno.com.br\/noticias\/radar-vale-vale3-magazine-luiza-mglu3-weg-wege3\/#article","isPartOf":{"@id":"https:\/\/www.suno.com.br\/noticias\/radar-vale-vale3-magazine-luiza-mglu3-weg-wege3\/"},"author":{"name":"Vanessa Loiola","@id":"https:\/\/www.suno.com.br\/noticias\/#\/schema\/person\/450c455ecff319bab1f1a0e643451479"},"headline":"Radar: Vale (VALE3) inaugura f\u00e1brica, Magazine Luiza (MGLU3) lan\u00e7a servi\u00e7o para baratear custos de empresas e Weg (WEGE3) anuncia JCP milion\u00e1rio","datePublished":"2023-12-13T00:42:27+00:00","dateModified":"2023-12-13T00:43:20+00:00","mainEntityOfPage":{"@id":"https:\/\/www.suno.com.br\/noticias\/radar-vale-vale3-magazine-luiza-mglu3-weg-wege3\/"},"wordCount":1899,"publisher":{"@id":"https:\/\/www.suno.com.br\/noticias\/#organization"},"image":{"@id":"https:\/\/www.suno.com.br\/noticias\/radar-vale-vale3-magazine-luiza-mglu3-weg-wege3\/#primaryimage"},"thumbnailUrl":"https:\/\/files.sunoresearch.com.br\/n\/uploads\/2023\/04\/vale_vale3-1.jpg","keywords":["Gerdau (GGBR3\/GGBR4)","Magazine Luiza (MGLU3)","ROXO34","Vale (VALE3)","Weg (WEGE3)"],"articleSection":["Neg\u00f3cios"],"inLanguage":"pt-BR"},{"@type":"WebPage","@id":"https:\/\/www.suno.com.br\/noticias\/radar-vale-vale3-magazine-luiza-mglu3-weg-wege3\/","url":"https:\/\/www.suno.com.br\/noticias\/radar-vale-vale3-magazine-luiza-mglu3-weg-wege3\/","name":"Radar: Vale (VALE3) inaugura f\u00e1brica, Magazine Luiza (MGLU3) lan\u00e7a servi\u00e7o para baratear custos de empresas","isPartOf":{"@id":"https:\/\/www.suno.com.br\/noticias\/#website"},"primaryImageOfPage":{"@id":"https:\/\/www.suno.com.br\/noticias\/radar-vale-vale3-magazine-luiza-mglu3-weg-wege3\/#primaryimage"},"image":{"@id":"https:\/\/www.suno.com.br\/noticias\/radar-vale-vale3-magazine-luiza-mglu3-weg-wege3\/#primaryimage"},"thumbnailUrl":"https:\/\/files.sunoresearch.com.br\/n\/uploads\/2023\/04\/vale_vale3-1.jpg","datePublished":"2023-12-13T00:42:27+00:00","dateModified":"2023-12-13T00:43:20+00:00","description":"Vale (VALE3) inaugura f\u00e1brica, Magazine Luiza (MGLU3) lan\u00e7a servi\u00e7o para baratear custos de empresas e Weg (WEGE3) anuncia JCP milion\u00e1rio","breadcrumb":{"@id":"https:\/\/www.suno.com.br\/noticias\/radar-vale-vale3-magazine-luiza-mglu3-weg-wege3\/#breadcrumb"},"inLanguage":"pt-BR","potentialAction":[{"@type":"ReadAction","target":["https:\/\/www.suno.com.br\/noticias\/radar-vale-vale3-magazine-luiza-mglu3-weg-wege3\/"]}]},{"@type":"ImageObject","inLanguage":"pt-BR","@id":"https:\/\/www.suno.com.br\/noticias\/radar-vale-vale3-magazine-luiza-mglu3-weg-wege3\/#primaryimage","url":"https:\/\/files.sunoresearch.com.br\/n\/uploads\/2023\/04\/vale_vale3-1.jpg","contentUrl":"https:\/\/files.sunoresearch.com.br\/n\/uploads\/2023\/04\/vale_vale3-1.jpg","width":1200,"height":801,"caption":"Vale sobe 1,92% e lidera ganhos do dia. Foto: Ag\u00eancia Vale"},{"@type":"BreadcrumbList","@id":"https:\/\/www.suno.com.br\/noticias\/radar-vale-vale3-magazine-luiza-mglu3-weg-wege3\/#breadcrumb","itemListElement":[{"@type":"ListItem","position":1,"name":"Not\u00edcias","item":"https:\/\/www.suno.com.br\/noticias\/"},{"@type":"ListItem","position":2,"name":"Neg\u00f3cios","item":"https:\/\/www.suno.com.br\/noticias\/negocios\/"},{"@type":"ListItem","position":3,"name":"Radar: Vale (VALE3) inaugura f\u00e1brica, Magazine Luiza (MGLU3) lan\u00e7a servi\u00e7o para baratear custos de empresas e Weg (WEGE3) anuncia JCP milion\u00e1rio"}]},{"@type":"WebSite","@id":"https:\/\/www.suno.com.br\/noticias\/#website","url":"https:\/\/www.suno.com.br\/noticias\/","name":"Suno Not\u00edcias","description":"Seu portal de informa\u00e7\u00e3o sobre o mundo dos investimentos","publisher":{"@id":"https:\/\/www.suno.com.br\/noticias\/#organization"},"potentialAction":[{"@type":"SearchAction","target":{"@type":"EntryPoint","urlTemplate":"https:\/\/www.suno.com.br\/noticias\/?s={search_term_string}"},"query-input":{"@type":"PropertyValueSpecification","valueRequired":true,"valueName":"search_term_string"}}],"inLanguage":"pt-BR"},{"@type":"Organization","@id":"https:\/\/www.suno.com.br\/noticias\/#organization","name":"Suno Not\u00edcias","url":"https:\/\/www.suno.com.br\/noticias\/","logo":{"@type":"ImageObject","inLanguage":"pt-BR","@id":"https:\/\/www.suno.com.br\/noticias\/#\/schema\/logo\/image\/","url":"https:\/\/files.sunoresearch.com.br\/n\/uploads\/2021\/09\/suno-logo.png","contentUrl":"https:\/\/files.sunoresearch.com.br\/n\/uploads\/2021\/09\/suno-logo.png","width":180,"height":180,"caption":"Suno Not\u00edcias"},"image":{"@id":"https:\/\/www.suno.com.br\/noticias\/#\/schema\/logo\/image\/"},"sameAs":["https:\/\/facebook.com\/sunoresearch","https:\/\/x.com\/sunoresearch","https:\/\/www.instagram.com\/suno","https:\/\/www.linkedin.com\/company\/suno-research\/","https:\/\/www.youtube.com\/c\/sunoresearch"]},{"@type":"Person","@id":"https:\/\/www.suno.com.br\/noticias\/#\/schema\/person\/450c455ecff319bab1f1a0e643451479","name":"Vanessa Loiola","image":{"@type":"ImageObject","inLanguage":"pt-BR","@id":"https:\/\/www.suno.com.br\/noticias\/#\/schema\/person\/image\/","url":"https:\/\/secure.gravatar.com\/avatar\/8b41117f9780831919eb38da349c3f20?s=96&r=g","contentUrl":"https:\/\/secure.gravatar.com\/avatar\/8b41117f9780831919eb38da349c3f20?s=96&r=g","caption":"Vanessa Loiola"},"description":"Jornalista formada pela PUC-SP, com experi\u00eancia na cobertura das editorias de economia, finan\u00e7as, bolsa de valores, pol\u00edtica, energia solar e entretenimento. Com passagem pela BM&amp;C News e RedeTV!","url":"https:\/\/www.suno.com.br\/noticias\/author\/vanessal-loiolagmail-com\/"}]}},"default_loop_html":"<div class=\"cardsPage__listCard__boxs\"><div class=\"cardsPage__listCard__boxs__img\"><a href=\"https:\/\/www.suno.com.br\/noticias\/radar-vale-vale3-magazine-luiza-mglu3-weg-wege3\/\"><img class=\"mask\" src=\"https:\/\/www.suno.com.br\/noticias\/wp-content\/themes\/suno\/resources\/images\/spotlight\/spotlight1img\/bg-mask.png\" alt=\"Image Mask\"\/><img src=\"https:\/\/files.sunoresearch.com.br\/n\/uploads\/2023\/04\/vale_vale3-1-400x200.jpg\" alt=\"Radar: Vale (VALE3) inaugura f\u00e1brica, Magazine Luiza (MGLU3) lan\u00e7a servi\u00e7o para baratear custos de empresas e Weg (WEGE3) anuncia JCP milion\u00e1rio\"\/><\/a><span class=\"spotlightCategory\"><a href=\"https:\/\/www.suno.com.br\/noticias\/negocios\/\">Neg\u00f3cios<\/a><\/span><\/div><div class=\"cardsPage__listCard__boxs__content\"><a href=\"https:\/\/www.suno.com.br\/noticias\/radar-vale-vale3-magazine-luiza-mglu3-weg-wege3\/\"><h2 class=\"content__title\">Radar: Vale (VALE3) inaugura f\u00e1brica, Magazine Luiza (MGLU3) lan\u00e7a servi\u00e7o para baratear custos de empresas e Weg (WEGE3) anuncia JCP milion\u00e1rio<\/h2><\/a><div class=\"newsContent__article__meta\"><div class=\"newsContent__article__meta__authorBox\"><a href=\"https:\/\/www.suno.com.br\/noticias\/author\/vanessal-loiolagmail-com\/\" class=\"authorBox__avatar noMobi\"><img src=\"https:\/\/secure.gravatar.com\/avatar\/8b41117f9780831919eb38da349c3f20?s=96&#038;r=g\" alt=\"Vanessa Loiola\"><\/a><div class=\"authorBox__name\"><span>por\n\t\t\t<a href=\"https:\/\/www.suno.com.br\/noticias\/author\/vanessal-loiolagmail-com\/\"><span itemprop=\"author\">Vanessa Loiola<\/span><\/a><\/span><time datetime=\"2023-12-12T21:42:27-03:00\" itemprop=\"datePublished\">12\/12\/2023 21:42<\/time><\/div><\/div><\/div><\/div><\/div>","single_layout":"posts","amp_enabled":true,"_links":{"self":[{"href":"https:\/\/www.suno.com.br\/noticias\/wp-json\/wp\/v2\/posts\/499349"}],"collection":[{"href":"https:\/\/www.suno.com.br\/noticias\/wp-json\/wp\/v2\/posts"}],"about":[{"href":"https:\/\/www.suno.com.br\/noticias\/wp-json\/wp\/v2\/types\/post"}],"author":[{"embeddable":true,"href":"https:\/\/www.suno.com.br\/noticias\/wp-json\/wp\/v2\/users\/227"}],"replies":[{"embeddable":true,"href":"https:\/\/www.suno.com.br\/noticias\/wp-json\/wp\/v2\/comments?post=499349"}],"version-history":[{"count":3,"href":"https:\/\/www.suno.com.br\/noticias\/wp-json\/wp\/v2\/posts\/499349\/revisions"}],"predecessor-version":[{"id":499357,"href":"https:\/\/www.suno.com.br\/noticias\/wp-json\/wp\/v2\/posts\/499349\/revisions\/499357"}],"wp:featuredmedia":[{"embeddable":true,"href":"https:\/\/www.suno.com.br\/noticias\/wp-json\/wp\/v2\/media\/394402"}],"wp:attachment":[{"href":"https:\/\/www.suno.com.br\/noticias\/wp-json\/wp\/v2\/media?parent=499349"}],"wp:term":[{"taxonomy":"category","embeddable":true,"href":"https:\/\/www.suno.com.br\/noticias\/wp-json\/wp\/v2\/categories?post=499349"},{"taxonomy":"post_tag","embeddable":true,"href":"https:\/\/www.suno.com.br\/noticias\/wp-json\/wp\/v2\/tags?post=499349"},{"taxonomy":"suno_strategy","embeddable":true,"href":"https:\/\/www.suno.com.br\/noticias\/wp-json\/wp\/v2\/suno_strategy?post=499349"}],"curies":[{"name":"wp","href":"https:\/\/api.w.org\/{rel}","templated":true}]}}