{"id":49926,"date":"2020-01-16T12:53:34","date_gmt":"2020-01-16T14:53:34","guid":{"rendered":"https:\/\/www.suno.com.br\/noticias\/?p=49926"},"modified":"2021-06-13T23:39:19","modified_gmt":"2021-06-14T02:39:19","slug":"guerra-comercial-nao-afetara-fornecedores-agricolas","status":"publish","type":"post","link":"https:\/\/www.suno.com.br\/noticias\/guerra-comercial-nao-afetara-fornecedores-agricolas\/","title":{"rendered":"Guerra comercial n\u00e3o afetar\u00e1 outros fornecedores agr\u00edcolas, informa governo chin\u00eas"},"content":{"rendered":"<p>A <strong>guerra comercial<\/strong>, mesmo ap\u00f3s a assinatura do acordo da <a href=\"https:\/\/www.suno.com.br\/artigos\/a-guerra-comercial\/\">primeira fase da disputa<\/a>, n\u00e3o far\u00e1 com que outros fornecedores de commodities agr\u00edcolas para a China sejam impactados. Segundo o vice-premi\u00ea <strong>Liu He<\/strong>, as compras dos chineses ser\u00e3o baseadas em princ\u00edpios de mercado, segundo o jornal estatal &#8220;CCTV&#8221; nesta quinta-feira (16).<\/p>\t<div class=\"wrapper-featured-image\">\n\t\t<figure class=\"spotlightImg\">\n\n\t\t\t<picture>\n\t\t\t\t<source media=\"(max-width: 768px)\" srcset=\"https:\/\/files.sunoresearch.com.br\/n\/uploads\/2019\/11\/ad2e3aed-china-400x200.webp\">\n\t\t\t\t<img loading=\"lazy\" decoding=\"async\" class=\"newsContent__article__imgCapa lazyloadDisabled newsContent__article__imgCapa--noCaption\" src=\"https:\/\/files.sunoresearch.com.br\/n\/uploads\/2019\/11\/ad2e3aed-china-800x450.webp\" width=\"800\" height=\"450\" alt=\"Guerra comercial n\u00e3o afetar\u00e1 outros fornecedores agr\u00edcolas, informa governo chin\u00eas\" fetchpriority=high \/>\n\t\t\t<\/picture>\n\n\t\t\t<figcaption class=\"wp-caption-text wp-caption-text--hide\">China registra alta nas exporta\u00e7\u00f5es<\/figcaption>\n\t\t<\/figure>\n\t<\/div>\n\n\n\n<p>O representante chin\u00eas falou com a imprensa ap\u00f3s a assinatura do acordo preliminar junto ao presidente norte-americano <a href=\"https:\/\/www.suno.com.br\/tudo-sobre\/donald-trump\/\">Donald Trump<\/a>. O desdobramento da guerra comercial fez com que a China se comprometesse em comprar ao menos US$ 12,5 bilh\u00f5es adicionais em<strong> produtos agr\u00edcolas<\/strong> neste ano, al\u00e9m de mais US$ 19,5 bilh\u00f5es a mais do que o n\u00edvel de 2017 de US$ 24 bilh\u00f5es no ano que vem.<\/p>\n<p><iframe loading=\"lazy\" title=\"?Carro voador da Toyota; Acordo EUA x China e setor agr\u00edcola; Reforma Tribut\u00e1ria e \u2018pr\u00e9via do PIB\u2019\" width=\"200\" height=\"113\" src=\"https:\/\/www.youtube.com\/embed\/3HBrmdRwwPA?feature=oembed\" frameborder=\"0\" allow=\"accelerometer; autoplay; encrypted-media; gyroscope; picture-in-picture\" allowfullscreen><\/iframe><\/p>\n<p>&#8220;O mercado da <strong>China<\/strong> \u00e9 uma parte muito importante do mercado internacional agora. N\u00e3o \u00e9 como se qualquer pa\u00eds pudesse exportar (para a China) tantos produtos quanto quiser. \u00c9 preciso mostrar a competitividade do produto&#8221;, afirmou o premi\u00ea, salientando que as negocia\u00e7\u00f5es partir\u00e3o das necessidades dos consumidores e a demanda e <a href=\"https:\/\/www.youtube.com\/channel\/UCWDeEIDAIi_oYKDiqwfGyRg\">oferta no mercado<\/a>.<\/p>\n<h2>China, Estados Unidos e Brasil em meio \u00e0 guerra comercial<\/h2>\n<p>A disputa entre fornecedores de soja norte-americanos e brasileiros ser\u00e1 o foco de preocupa\u00e7\u00f5es de que a China possa barrar algumas importa\u00e7\u00f5es do <strong>Brasil<\/strong> para aumentar as compras dos estadunidenses, cumprindo com o acordo estabelecido. A China compra cerca de 80% das exporta\u00e7\u00f5es de soja do Brasil.<\/p>\n\t<p>\n\t\t<a href=\"https:\/\/lp2.suno.com.br\/onde-investir-2026?utm_campaign=_SNC094D2575_rs.ein26&#038;utm_source=suno.com.br&#038;utm_medium=banner.noticias\" target=\"_blank\" data-element=\"shortcode-suno-banner\" title=\"Banner SUNO, clique e saiba mais\">\n\t\t\t<picture>\n\t\t\t\t<source media=\"(max-width: 500px)\" srcset=\"https:\/\/files.sunoresearch.com.br\/n\/uploads\/2026\/01\/Banner-Materias-01-Mbl_-400x300-1-png.webp\">\n\t\t\t\t<img class=\"newsContent__article__imgCapa newsContent__article__imgCapa--banner\"\n\t\t\t\t\tsrc=\"https:\/\/files.sunoresearch.com.br\/n\/uploads\/2026\/01\/Banner-Materias-01-Dkp_-1420x240-1-png.webp\"\n\t\t\t\t\tdata-promo-id=\"638391\"\t\t\t\t\t\t\t\t\t\twidth='1420' height='240'\t\t\t\t\talt=\"https:\/\/files.sunoresearch.com.br\/n\/uploads\/2026\/01\/Banner-Materias-01-Dkp_-1420x240-1-png.webp\"\n\t\t\t\t>\n\t\t\t<\/picture>\n\t\t<\/a>\n\t<\/p>\n\n\n<p>A promessa chinesa de comprar produtos agr\u00edcolas dos Estados Unidos considerando as &#8220;condi\u00e7\u00f5es de mercado&#8221; expandiu as incertezas de produtores e <a href=\"https:\/\/www.suno.com.br\/artigos\/commodities-agricolas\/\">operadores de commodities<\/a>.<\/p>\n<p>Segundo pessoas ligadas ao assunto, a insist\u00eancia de Trump em um grande acordo para compras de produtos agr\u00edcolas foi a maior diverg\u00eancia nas conversas. A China quer ter a liberdade para comprar com base na demanda por tais insumos.<\/p>\n<p><a href=\"https:\/\/www.suno.com.br\/noticias\/chinesa-fosun-diminuira-participacao-guide-rio-bravo\/\">Saiba mais: Chinesa Fosun diminuir\u00e1 participa\u00e7\u00e3o na Guide e na Rio Bravo<\/a><\/p>\n<p>Na \u00faltima quarta-feira (15), data da assinatura do acordo da <strong>guerra comercial<\/strong>, quando Liu He afirmou que as empresas chinesas v\u00e3o comprar produtos norte-americanos &#8220;baseadas em condi\u00e7\u00f5es de mercado&#8221;, as cota\u00e7\u00f5es da soja na <a href=\"https:\/\/www.suno.com.br\/artigos\/cbot\/\">bolsa de valor de Chicago<\/a>, chegaram a cair cerca de 1% durante o preg\u00e3o.<\/p>\n\n","protected":false},"excerpt":{"rendered":"<p>A guerra comercial, mesmo ap\u00f3s a assinatura do acordo da primeira fase da disputa, n\u00e3o far\u00e1 com que outros fornecedores de commodities agr\u00edcolas para a China sejam impactados. Segundo o vice-premi\u00ea Liu He, as compras dos chineses ser\u00e3o baseadas em princ\u00edpios de mercado, segundo o jornal estatal &#8220;CCTV&#8221; nesta quinta-feira (16). China registra alta nas [&hellip;]<\/p>\n","protected":false},"author":24,"featured_media":43726,"comment_status":"closed","ping_status":"closed","sticky":false,"template":"","format":"standard","meta":[],"categories":[63],"tags":[711,793,980],"suno_strategy":[],"class_list":["post-49926","post","type-post","status-publish","format-standard","has-post-thumbnail","hentry","category-internacional","tag-china","tag-estados-unidos-eua","tag-guerra-comercial"],"yoast_head":"<!-- This site is optimized with the Yoast SEO plugin v24.4 - https:\/\/yoast.com\/wordpress\/plugins\/seo\/ -->\n<title>Guerra comercial n\u00e3o afetar\u00e1 outros fornecedores agr\u00edcolas<\/title>\n<meta name=\"description\" content=\"A guerra comercial, mesmo ap\u00f3s a assinatura do acordo preliminar, n\u00e3o afetar\u00e1 outros fornecedores agr\u00edcolas da China. Clique e saiba mais.\" \/>\n<meta name=\"robots\" content=\"index, follow, max-snippet:-1, max-image-preview:large, max-video-preview:-1\" \/>\n<link rel=\"canonical\" href=\"https:\/\/www.suno.com.br\/noticias\/guerra-comercial-nao-afetara-fornecedores-agricolas\/\" \/>\n<meta property=\"og:locale\" content=\"pt_BR\" \/>\n<meta property=\"og:type\" content=\"article\" \/>\n<meta property=\"og:title\" content=\"Guerra comercial n\u00e3o afetar\u00e1 outros fornecedores agr\u00edcolas\" \/>\n<meta property=\"og:description\" content=\"A guerra comercial, mesmo ap\u00f3s a assinatura do acordo preliminar, n\u00e3o afetar\u00e1 outros fornecedores agr\u00edcolas da China. Clique e saiba mais.\" \/>\n<meta property=\"og:url\" content=\"https:\/\/www.suno.com.br\/noticias\/guerra-comercial-nao-afetara-fornecedores-agricolas\/\" \/>\n<meta property=\"og:site_name\" content=\"Suno Not\u00edcias\" \/>\n<meta property=\"article:publisher\" content=\"https:\/\/facebook.com\/sunoresearch\" \/>\n<meta property=\"og:image\" content=\"https:\/\/files.sunoresearch.com.br\/n\/uploads\/2019\/11\/ad2e3aed-china.jpg\" \/>\n\t<meta property=\"og:image:width\" content=\"3065\" \/>\n\t<meta property=\"og:image:height\" content=\"2043\" \/>\n\t<meta property=\"og:image:type\" content=\"image\/jpeg\" \/>\n<meta name=\"author\" content=\"Jader Lazarini\" \/>\n<meta name=\"twitter:card\" content=\"summary_large_image\" \/>\n<meta name=\"twitter:creator\" content=\"@sunoresearch\" \/>\n<meta name=\"twitter:site\" content=\"@sunoresearch\" \/>\n<meta name=\"twitter:label1\" content=\"Escrito por\" \/>\n\t<meta name=\"twitter:data1\" content=\"Jader Lazarini\" \/>\n\t<meta name=\"twitter:label2\" content=\"Est. tempo de leitura\" \/>\n\t<meta name=\"twitter:data2\" content=\"2 minutos\" \/>\n<script type=\"application\/ld+json\" class=\"yoast-schema-graph\">{\"@context\":\"https:\/\/schema.org\",\"@graph\":[{\"@type\":\"NewsArticle\",\"@id\":\"https:\/\/www.suno.com.br\/noticias\/guerra-comercial-nao-afetara-fornecedores-agricolas\/#article\",\"isPartOf\":{\"@id\":\"https:\/\/www.suno.com.br\/noticias\/guerra-comercial-nao-afetara-fornecedores-agricolas\/\"},\"author\":{\"name\":\"Jader Lazarini\",\"@id\":\"https:\/\/www.suno.com.br\/noticias\/#\/schema\/person\/918d79de1f0281f01599b93f9ea6e23f\"},\"headline\":\"Guerra comercial n\u00e3o afetar\u00e1 outros fornecedores agr\u00edcolas, informa governo chin\u00eas\",\"datePublished\":\"2020-01-16T14:53:34+00:00\",\"dateModified\":\"2021-06-14T02:39:19+00:00\",\"mainEntityOfPage\":{\"@id\":\"https:\/\/www.suno.com.br\/noticias\/guerra-comercial-nao-afetara-fornecedores-agricolas\/\"},\"wordCount\":403,\"publisher\":{\"@id\":\"https:\/\/www.suno.com.br\/noticias\/#organization\"},\"image\":{\"@id\":\"https:\/\/www.suno.com.br\/noticias\/guerra-comercial-nao-afetara-fornecedores-agricolas\/#primaryimage\"},\"thumbnailUrl\":\"https:\/\/files.sunoresearch.com.br\/n\/uploads\/2019\/11\/ad2e3aed-china-scaled.webp\",\"keywords\":[\"China\",\"Estados Unidos (EUA)\",\"guerra comercial\"],\"articleSection\":[\"Internacional\"],\"inLanguage\":\"pt-BR\"},{\"@type\":\"WebPage\",\"@id\":\"https:\/\/www.suno.com.br\/noticias\/guerra-comercial-nao-afetara-fornecedores-agricolas\/\",\"url\":\"https:\/\/www.suno.com.br\/noticias\/guerra-comercial-nao-afetara-fornecedores-agricolas\/\",\"name\":\"Guerra comercial n\u00e3o afetar\u00e1 outros fornecedores agr\u00edcolas\",\"isPartOf\":{\"@id\":\"https:\/\/www.suno.com.br\/noticias\/#website\"},\"primaryImageOfPage\":{\"@id\":\"https:\/\/www.suno.com.br\/noticias\/guerra-comercial-nao-afetara-fornecedores-agricolas\/#primaryimage\"},\"image\":{\"@id\":\"https:\/\/www.suno.com.br\/noticias\/guerra-comercial-nao-afetara-fornecedores-agricolas\/#primaryimage\"},\"thumbnailUrl\":\"https:\/\/files.sunoresearch.com.br\/n\/uploads\/2019\/11\/ad2e3aed-china-scaled.webp\",\"datePublished\":\"2020-01-16T14:53:34+00:00\",\"dateModified\":\"2021-06-14T02:39:19+00:00\",\"description\":\"A guerra comercial, mesmo ap\u00f3s a assinatura do acordo preliminar, n\u00e3o afetar\u00e1 outros fornecedores agr\u00edcolas da China. Clique e saiba mais.\",\"breadcrumb\":{\"@id\":\"https:\/\/www.suno.com.br\/noticias\/guerra-comercial-nao-afetara-fornecedores-agricolas\/#breadcrumb\"},\"inLanguage\":\"pt-BR\",\"potentialAction\":[{\"@type\":\"ReadAction\",\"target\":[\"https:\/\/www.suno.com.br\/noticias\/guerra-comercial-nao-afetara-fornecedores-agricolas\/\"]}]},{\"@type\":\"ImageObject\",\"inLanguage\":\"pt-BR\",\"@id\":\"https:\/\/www.suno.com.br\/noticias\/guerra-comercial-nao-afetara-fornecedores-agricolas\/#primaryimage\",\"url\":\"https:\/\/files.sunoresearch.com.br\/n\/uploads\/2019\/11\/ad2e3aed-china-scaled.webp\",\"contentUrl\":\"https:\/\/files.sunoresearch.com.br\/n\/uploads\/2019\/11\/ad2e3aed-china-scaled.webp\",\"width\":2560,\"height\":1706,\"caption\":\"China registra alta nas exporta\u00e7\u00f5es\"},{\"@type\":\"BreadcrumbList\",\"@id\":\"https:\/\/www.suno.com.br\/noticias\/guerra-comercial-nao-afetara-fornecedores-agricolas\/#breadcrumb\",\"itemListElement\":[{\"@type\":\"ListItem\",\"position\":1,\"name\":\"Not\u00edcias\",\"item\":\"https:\/\/www.suno.com.br\/noticias\/\"},{\"@type\":\"ListItem\",\"position\":2,\"name\":\"Internacional\",\"item\":\"https:\/\/www.suno.com.br\/noticias\/internacional\/\"},{\"@type\":\"ListItem\",\"position\":3,\"name\":\"Guerra comercial n\u00e3o afetar\u00e1 outros fornecedores agr\u00edcolas, informa governo chin\u00eas\"}]},{\"@type\":\"WebSite\",\"@id\":\"https:\/\/www.suno.com.br\/noticias\/#website\",\"url\":\"https:\/\/www.suno.com.br\/noticias\/\",\"name\":\"Suno Not\u00edcias\",\"description\":\"Seu portal de informa\u00e7\u00e3o sobre o mundo dos investimentos\",\"publisher\":{\"@id\":\"https:\/\/www.suno.com.br\/noticias\/#organization\"},\"potentialAction\":[{\"@type\":\"SearchAction\",\"target\":{\"@type\":\"EntryPoint\",\"urlTemplate\":\"https:\/\/www.suno.com.br\/noticias\/?s={search_term_string}\"},\"query-input\":{\"@type\":\"PropertyValueSpecification\",\"valueRequired\":true,\"valueName\":\"search_term_string\"}}],\"inLanguage\":\"pt-BR\"},{\"@type\":\"Organization\",\"@id\":\"https:\/\/www.suno.com.br\/noticias\/#organization\",\"name\":\"Suno Not\u00edcias\",\"url\":\"https:\/\/www.suno.com.br\/noticias\/\",\"logo\":{\"@type\":\"ImageObject\",\"inLanguage\":\"pt-BR\",\"@id\":\"https:\/\/www.suno.com.br\/noticias\/#\/schema\/logo\/image\/\",\"url\":\"https:\/\/files.sunoresearch.com.br\/n\/uploads\/2021\/09\/suno-logo.png\",\"contentUrl\":\"https:\/\/files.sunoresearch.com.br\/n\/uploads\/2021\/09\/suno-logo.png\",\"width\":180,\"height\":180,\"caption\":\"Suno Not\u00edcias\"},\"image\":{\"@id\":\"https:\/\/www.suno.com.br\/noticias\/#\/schema\/logo\/image\/\"},\"sameAs\":[\"https:\/\/facebook.com\/sunoresearch\",\"https:\/\/x.com\/sunoresearch\",\"https:\/\/www.instagram.com\/suno\",\"https:\/\/www.linkedin.com\/company\/suno-research\/\",\"https:\/\/www.youtube.com\/c\/sunoresearch\"]},{\"@type\":\"Person\",\"@id\":\"https:\/\/www.suno.com.br\/noticias\/#\/schema\/person\/918d79de1f0281f01599b93f9ea6e23f\",\"name\":\"Jader Lazarini\",\"image\":{\"@type\":\"ImageObject\",\"inLanguage\":\"pt-BR\",\"@id\":\"https:\/\/www.suno.com.br\/noticias\/#\/schema\/person\/image\/\",\"url\":\"https:\/\/secure.gravatar.com\/avatar\/3c1ad8caa51589841baeb923fcddea97?s=96&r=g\",\"contentUrl\":\"https:\/\/secure.gravatar.com\/avatar\/3c1ad8caa51589841baeb923fcddea97?s=96&r=g\",\"caption\":\"Jader Lazarini\"},\"description\":\"Jader Lazarini escreve sobre investimentos, finan\u00e7as, economia e neg\u00f3cios. \u00c9 bacharel em Rela\u00e7\u00f5es Internacionais e analista CNPI (2619).\",\"url\":\"https:\/\/www.suno.com.br\/noticias\/author\/jader-lazarini\/\"}]}<\/script>\n<!-- \/ Yoast SEO plugin. -->","yoast_head_json":{"title":"Guerra comercial n\u00e3o afetar\u00e1 outros fornecedores agr\u00edcolas","description":"A guerra comercial, mesmo ap\u00f3s a assinatura do acordo preliminar, n\u00e3o afetar\u00e1 outros fornecedores agr\u00edcolas da China. Clique e saiba mais.","robots":{"index":"index","follow":"follow","max-snippet":"max-snippet:-1","max-image-preview":"max-image-preview:large","max-video-preview":"max-video-preview:-1"},"canonical":"https:\/\/www.suno.com.br\/noticias\/guerra-comercial-nao-afetara-fornecedores-agricolas\/","og_locale":"pt_BR","og_type":"article","og_title":"Guerra comercial n\u00e3o afetar\u00e1 outros fornecedores agr\u00edcolas","og_description":"A guerra comercial, mesmo ap\u00f3s a assinatura do acordo preliminar, n\u00e3o afetar\u00e1 outros fornecedores agr\u00edcolas da China. Clique e saiba mais.","og_url":"https:\/\/www.suno.com.br\/noticias\/guerra-comercial-nao-afetara-fornecedores-agricolas\/","og_site_name":"Suno Not\u00edcias","article_publisher":"https:\/\/facebook.com\/sunoresearch","og_image":[{"width":3065,"height":2043,"url":"https:\/\/files.sunoresearch.com.br\/n\/uploads\/2019\/11\/ad2e3aed-china.jpg","type":"image\/jpeg"}],"author":"Jader Lazarini","twitter_card":"summary_large_image","twitter_creator":"@sunoresearch","twitter_site":"@sunoresearch","twitter_misc":{"Escrito por":"Jader Lazarini","Est. tempo de leitura":"2 minutos"},"schema":{"@context":"https:\/\/schema.org","@graph":[{"@type":"NewsArticle","@id":"https:\/\/www.suno.com.br\/noticias\/guerra-comercial-nao-afetara-fornecedores-agricolas\/#article","isPartOf":{"@id":"https:\/\/www.suno.com.br\/noticias\/guerra-comercial-nao-afetara-fornecedores-agricolas\/"},"author":{"name":"Jader Lazarini","@id":"https:\/\/www.suno.com.br\/noticias\/#\/schema\/person\/918d79de1f0281f01599b93f9ea6e23f"},"headline":"Guerra comercial n\u00e3o afetar\u00e1 outros fornecedores agr\u00edcolas, informa governo chin\u00eas","datePublished":"2020-01-16T14:53:34+00:00","dateModified":"2021-06-14T02:39:19+00:00","mainEntityOfPage":{"@id":"https:\/\/www.suno.com.br\/noticias\/guerra-comercial-nao-afetara-fornecedores-agricolas\/"},"wordCount":403,"publisher":{"@id":"https:\/\/www.suno.com.br\/noticias\/#organization"},"image":{"@id":"https:\/\/www.suno.com.br\/noticias\/guerra-comercial-nao-afetara-fornecedores-agricolas\/#primaryimage"},"thumbnailUrl":"https:\/\/files.sunoresearch.com.br\/n\/uploads\/2019\/11\/ad2e3aed-china-scaled.webp","keywords":["China","Estados Unidos (EUA)","guerra comercial"],"articleSection":["Internacional"],"inLanguage":"pt-BR"},{"@type":"WebPage","@id":"https:\/\/www.suno.com.br\/noticias\/guerra-comercial-nao-afetara-fornecedores-agricolas\/","url":"https:\/\/www.suno.com.br\/noticias\/guerra-comercial-nao-afetara-fornecedores-agricolas\/","name":"Guerra comercial n\u00e3o afetar\u00e1 outros fornecedores agr\u00edcolas","isPartOf":{"@id":"https:\/\/www.suno.com.br\/noticias\/#website"},"primaryImageOfPage":{"@id":"https:\/\/www.suno.com.br\/noticias\/guerra-comercial-nao-afetara-fornecedores-agricolas\/#primaryimage"},"image":{"@id":"https:\/\/www.suno.com.br\/noticias\/guerra-comercial-nao-afetara-fornecedores-agricolas\/#primaryimage"},"thumbnailUrl":"https:\/\/files.sunoresearch.com.br\/n\/uploads\/2019\/11\/ad2e3aed-china-scaled.webp","datePublished":"2020-01-16T14:53:34+00:00","dateModified":"2021-06-14T02:39:19+00:00","description":"A guerra comercial, mesmo ap\u00f3s a assinatura do acordo preliminar, n\u00e3o afetar\u00e1 outros fornecedores agr\u00edcolas da China. Clique e saiba mais.","breadcrumb":{"@id":"https:\/\/www.suno.com.br\/noticias\/guerra-comercial-nao-afetara-fornecedores-agricolas\/#breadcrumb"},"inLanguage":"pt-BR","potentialAction":[{"@type":"ReadAction","target":["https:\/\/www.suno.com.br\/noticias\/guerra-comercial-nao-afetara-fornecedores-agricolas\/"]}]},{"@type":"ImageObject","inLanguage":"pt-BR","@id":"https:\/\/www.suno.com.br\/noticias\/guerra-comercial-nao-afetara-fornecedores-agricolas\/#primaryimage","url":"https:\/\/files.sunoresearch.com.br\/n\/uploads\/2019\/11\/ad2e3aed-china-scaled.webp","contentUrl":"https:\/\/files.sunoresearch.com.br\/n\/uploads\/2019\/11\/ad2e3aed-china-scaled.webp","width":2560,"height":1706,"caption":"China registra alta nas exporta\u00e7\u00f5es"},{"@type":"BreadcrumbList","@id":"https:\/\/www.suno.com.br\/noticias\/guerra-comercial-nao-afetara-fornecedores-agricolas\/#breadcrumb","itemListElement":[{"@type":"ListItem","position":1,"name":"Not\u00edcias","item":"https:\/\/www.suno.com.br\/noticias\/"},{"@type":"ListItem","position":2,"name":"Internacional","item":"https:\/\/www.suno.com.br\/noticias\/internacional\/"},{"@type":"ListItem","position":3,"name":"Guerra comercial n\u00e3o afetar\u00e1 outros fornecedores agr\u00edcolas, informa governo chin\u00eas"}]},{"@type":"WebSite","@id":"https:\/\/www.suno.com.br\/noticias\/#website","url":"https:\/\/www.suno.com.br\/noticias\/","name":"Suno Not\u00edcias","description":"Seu portal de informa\u00e7\u00e3o sobre o mundo dos investimentos","publisher":{"@id":"https:\/\/www.suno.com.br\/noticias\/#organization"},"potentialAction":[{"@type":"SearchAction","target":{"@type":"EntryPoint","urlTemplate":"https:\/\/www.suno.com.br\/noticias\/?s={search_term_string}"},"query-input":{"@type":"PropertyValueSpecification","valueRequired":true,"valueName":"search_term_string"}}],"inLanguage":"pt-BR"},{"@type":"Organization","@id":"https:\/\/www.suno.com.br\/noticias\/#organization","name":"Suno Not\u00edcias","url":"https:\/\/www.suno.com.br\/noticias\/","logo":{"@type":"ImageObject","inLanguage":"pt-BR","@id":"https:\/\/www.suno.com.br\/noticias\/#\/schema\/logo\/image\/","url":"https:\/\/files.sunoresearch.com.br\/n\/uploads\/2021\/09\/suno-logo.png","contentUrl":"https:\/\/files.sunoresearch.com.br\/n\/uploads\/2021\/09\/suno-logo.png","width":180,"height":180,"caption":"Suno Not\u00edcias"},"image":{"@id":"https:\/\/www.suno.com.br\/noticias\/#\/schema\/logo\/image\/"},"sameAs":["https:\/\/facebook.com\/sunoresearch","https:\/\/x.com\/sunoresearch","https:\/\/www.instagram.com\/suno","https:\/\/www.linkedin.com\/company\/suno-research\/","https:\/\/www.youtube.com\/c\/sunoresearch"]},{"@type":"Person","@id":"https:\/\/www.suno.com.br\/noticias\/#\/schema\/person\/918d79de1f0281f01599b93f9ea6e23f","name":"Jader Lazarini","image":{"@type":"ImageObject","inLanguage":"pt-BR","@id":"https:\/\/www.suno.com.br\/noticias\/#\/schema\/person\/image\/","url":"https:\/\/secure.gravatar.com\/avatar\/3c1ad8caa51589841baeb923fcddea97?s=96&r=g","contentUrl":"https:\/\/secure.gravatar.com\/avatar\/3c1ad8caa51589841baeb923fcddea97?s=96&r=g","caption":"Jader Lazarini"},"description":"Jader Lazarini escreve sobre investimentos, finan\u00e7as, economia e neg\u00f3cios. \u00c9 bacharel em Rela\u00e7\u00f5es Internacionais e analista CNPI (2619).","url":"https:\/\/www.suno.com.br\/noticias\/author\/jader-lazarini\/"}]}},"default_loop_html":"<div class=\"cardsPage__listCard__boxs\"><div class=\"cardsPage__listCard__boxs__img\"><a href=\"https:\/\/www.suno.com.br\/noticias\/guerra-comercial-nao-afetara-fornecedores-agricolas\/\"><img class=\"mask\" src=\"https:\/\/www.suno.com.br\/noticias\/wp-content\/themes\/suno\/resources\/images\/spotlight\/spotlight1img\/bg-mask.png\" alt=\"Image Mask\"\/><img src=\"https:\/\/files.sunoresearch.com.br\/n\/uploads\/2019\/11\/ad2e3aed-china-400x200.webp\" alt=\"Guerra comercial n\u00e3o afetar\u00e1 outros fornecedores agr\u00edcolas, informa governo chin\u00eas\"\/><\/a><span class=\"spotlightCategory\"><a href=\"https:\/\/www.suno.com.br\/noticias\/internacional\/\">Internacional<\/a><\/span><\/div><div class=\"cardsPage__listCard__boxs__content\"><a href=\"https:\/\/www.suno.com.br\/noticias\/guerra-comercial-nao-afetara-fornecedores-agricolas\/\"><h2 class=\"content__title\">Guerra comercial n\u00e3o afetar\u00e1 outros fornecedores agr\u00edcolas, informa governo chin\u00eas<\/h2><\/a><div class=\"newsContent__article__meta\"><div class=\"newsContent__article__meta__authorBox\"><a href=\"https:\/\/www.suno.com.br\/noticias\/author\/jader-lazarini\/\" class=\"authorBox__avatar noMobi\"><img src=\"https:\/\/files.sunoresearch.com.br\/n\/uploads\/2021\/01\/178e6598-foto-perfil-2-150x150.jpg\" alt=\"Jader Lazarini\"><\/a><div class=\"authorBox__name\"><span>por\n\t\t\t<a href=\"https:\/\/www.suno.com.br\/noticias\/author\/jader-lazarini\/\"><span itemprop=\"author\">Jader Lazarini<\/span><\/a><\/span><time datetime=\"2020-01-16T12:53:34-03:00\" itemprop=\"datePublished\">16\/01\/2020 12:53<\/time><\/div><\/div><\/div><\/div><\/div>","single_layout":"posts","amp_enabled":true,"_links":{"self":[{"href":"https:\/\/www.suno.com.br\/noticias\/wp-json\/wp\/v2\/posts\/49926"}],"collection":[{"href":"https:\/\/www.suno.com.br\/noticias\/wp-json\/wp\/v2\/posts"}],"about":[{"href":"https:\/\/www.suno.com.br\/noticias\/wp-json\/wp\/v2\/types\/post"}],"author":[{"embeddable":true,"href":"https:\/\/www.suno.com.br\/noticias\/wp-json\/wp\/v2\/users\/24"}],"replies":[{"embeddable":true,"href":"https:\/\/www.suno.com.br\/noticias\/wp-json\/wp\/v2\/comments?post=49926"}],"version-history":[{"count":1,"href":"https:\/\/www.suno.com.br\/noticias\/wp-json\/wp\/v2\/posts\/49926\/revisions"}],"predecessor-version":[{"id":146699,"href":"https:\/\/www.suno.com.br\/noticias\/wp-json\/wp\/v2\/posts\/49926\/revisions\/146699"}],"wp:featuredmedia":[{"embeddable":true,"href":"https:\/\/www.suno.com.br\/noticias\/wp-json\/wp\/v2\/media\/43726"}],"wp:attachment":[{"href":"https:\/\/www.suno.com.br\/noticias\/wp-json\/wp\/v2\/media?parent=49926"}],"wp:term":[{"taxonomy":"category","embeddable":true,"href":"https:\/\/www.suno.com.br\/noticias\/wp-json\/wp\/v2\/categories?post=49926"},{"taxonomy":"post_tag","embeddable":true,"href":"https:\/\/www.suno.com.br\/noticias\/wp-json\/wp\/v2\/tags?post=49926"},{"taxonomy":"suno_strategy","embeddable":true,"href":"https:\/\/www.suno.com.br\/noticias\/wp-json\/wp\/v2\/suno_strategy?post=49926"}],"curies":[{"name":"wp","href":"https:\/\/api.w.org\/{rel}","templated":true}]}}