{"id":49910,"date":"2020-01-16T11:32:47","date_gmt":"2020-01-16T13:32:47","guid":{"rendered":"https:\/\/www.suno.com.br\/noticias\/?p=49910"},"modified":"2020-01-16T11:32:47","modified_gmt":"2020-01-16T13:32:47","slug":"taurus-anuncia-novo-ceo-de-subsidiaria-norte-americana","status":"publish","type":"post","link":"https:\/\/www.suno.com.br\/noticias\/taurus-anuncia-novo-ceo-de-subsidiaria-norte-americana\/","title":{"rendered":"Taurus anuncia novo CEO de subsidi\u00e1ria norte-americana"},"content":{"rendered":"<p>A <strong><a href=\"https:\/\/www.suno.com.br\/acoes\/tasa4\/\">Taurus (TASA4)<\/a><\/strong> comunicou nesta quinta-feira (16) a nomea\u00e7\u00e3o de Bret Vorhees, como novo <strong><a href=\"https:\/\/www.suno.com.br\/artigos\/ceo\/\">CEO<\/a> <\/strong>da subsidi\u00e1ria norte-americana, que abrange Taurus USA, Rossi e Heritage. O ex-diretor, <strong>David Blenker<\/strong>, anunciou sua aposentadoria.<\/p>\t<div class=\"wrapper-featured-image\">\n\t\t<figure class=\"spotlightImg\">\n\n\t\t\t<picture>\n\t\t\t\t<source media=\"(max-width: 768px)\" srcset=\"https:\/\/files.sunoresearch.com.br\/n\/uploads\/2019\/11\/56ef443a-taurus-400x200.webp\">\n\t\t\t\t<img loading=\"lazy\" decoding=\"async\" class=\"newsContent__article__imgCapa lazyloadDisabled newsContent__article__imgCapa--noCaption\" src=\"https:\/\/files.sunoresearch.com.br\/n\/uploads\/2019\/11\/56ef443a-taurus-800x450.webp\" width=\"800\" height=\"450\" alt=\"Taurus anuncia novo CEO de subsidi\u00e1ria norte-americana\" fetchpriority=high \/>\n\t\t\t<\/picture>\n\n\t\t\t<figcaption class=\"wp-caption-text wp-caption-text--hide\">Taurus (TASA4) ir\u00e1 expandir complexo industrial no RS por R$ 110 milh\u00f5es <\/figcaption>\n\t\t<\/figure>\n\t<\/div>\n\n\n\n<p>Vorhees deixa sua posi\u00e7\u00e3o de vice-presidente de vendas e marketing na armas walther, onde atuou nos \u00faltimos seis anos liderando uma equipe de vendas. A Taurus informou que o novo CEO tem como miss\u00e3o o &#8220;reposicionamento da marca nos EUA atrav\u00e9s do lan\u00e7amento de novos produtos e servi\u00e7os ao consumidor&#8221;.<\/p>\n<p>&#8220;Vorhees desenvolveu sua carreira com foco no forte relacionamento com o mercado de armas civis nos Estados Unidos e est\u00e1 preparando para o novo momento da Taurus Holdings&#8221;, informou o documento.<\/p>\n<h2>Taurus inaugura f\u00e1brica nos EUA com investimento de US$ 42 mi<\/h2>\n<p>A Taurus inaugurou em dezembro uma nova f\u00e1brica e centro de opera\u00e7\u00f5es,\u00a0 localizada em Bainbridge, no estado da Ge\u00f3rgia, nos Estados Unidos.<\/p>\n\t<p>\n\t\t<a href=\"https:\/\/lp.suno.com.br\/ao\/sessao-estrategica-consultoria-c\/?utm_source=suno-noticias&#038;utm_medium=banner&#038;utm_campaing=dividendos-taxacao-pl\" target=\"_blank\" data-element=\"shortcode-suno-banner\" title=\"Banner SUNO, clique e saiba mais\">\n\t\t\t<picture>\n\t\t\t\t<source media=\"(max-width: 500px)\" srcset=\"https:\/\/files.sunoresearch.com.br\/n\/uploads\/2025\/09\/300x400.webp\">\n\t\t\t\t<img class=\"newsContent__article__imgCapa newsContent__article__imgCapa--banner\"\n\t\t\t\t\tsrc=\"https:\/\/files.sunoresearch.com.br\/n\/uploads\/2025\/09\/SN-DT-1420x240-1.webp\"\n\t\t\t\t\tdata-promo-id=\"628283\"\t\t\t\t\t\t\t\t\t\twidth='1420' height='240'\t\t\t\t\talt=\"https:\/\/files.sunoresearch.com.br\/n\/uploads\/2025\/09\/SN-DT-1420x240-1.webp\"\n\t\t\t\t>\n\t\t\t<\/picture>\n\t\t<\/a>\n\t<\/p>\n\n\n<p>A nova f\u00e1brica contou um investimento total de US$ 42 milh\u00f5es (cerca de R$ 175 milh\u00f5es). De acordo com a empresa, a capacidade produtiva da empresa ser\u00e1 dobrada com a nova unidade, passando de 400 mil para 800 mil armas por ano.<\/p>\n<p>Al\u00e9m disso, a f\u00e1brica possibilitar\u00e1 a cria\u00e7\u00e3o de 300 novos postos de trabalho. A unidade ocupa uma \u00e1rea de 20 mil m\u00b2.<\/p>\n<p><a href=\"\/\/www.suno.com.br\/noticias\/taurus-e-jindal-prorrogam-avaliacao-sobre-possivel-joint-venture\/\">Veja Tamb\u00e9m: Taurus e Jindal prorrogam avalia\u00e7\u00e3o sobre poss\u00edvel joint venture<\/a><\/p>\n<p>A empresa informou que a transfer\u00eancia da sede de sua subsidi\u00e1ria norte-americana, antes localizada em Miami, na Florida, trar\u00e1 a redu\u00e7\u00e3o de custos e melhorias operacionais, comerciais, fiscais e log\u00edsticas, com a concess\u00e3o de incentivos estaduais da Ge\u00f3rgia. Como consequ\u00eancia, haver\u00e1 aumento da rentabilidade da opera\u00e7\u00e3o.<\/p>\n<p>&#8220;Al\u00e9m de ampliarmos a presen\u00e7a da <strong>Taurus<\/strong> onde est\u00e1 o maior mercado consumidor do mundo, o aumento da nossa capacidade produtiva nos Estados Unidos dar\u00e1 maior flexibilidade para conquistarmos novos mercados e atendermos um poss\u00edvel aumento da demanda no mercado brasileiro&#8221;, afirmou o CEO global da empresa, Salesio Nuhs.<\/p>\n\n","protected":false},"excerpt":{"rendered":"<p>A Taurus (TASA4) comunicou nesta quinta-feira (16) a nomea\u00e7\u00e3o de Bret Vorhees, como novo CEO da subsidi\u00e1ria norte-americana, que abrange Taurus USA, Rossi e Heritage. O ex-diretor, David Blenker, anunciou sua aposentadoria. Taurus (TASA4) ir\u00e1 expandir complexo industrial no RS por R$ 110 milh\u00f5es Vorhees deixa sua posi\u00e7\u00e3o de vice-presidente de vendas e marketing na [&hellip;]<\/p>\n","protected":false},"author":15,"featured_media":44457,"comment_status":"closed","ping_status":"closed","sticky":false,"template":"","format":"standard","meta":[],"categories":[64],"tags":[2213],"suno_strategy":[],"class_list":["post-49910","post","type-post","status-publish","format-standard","has-post-thumbnail","hentry","category-negocios","tag-taurus-armas-tasa3-tasa4"],"yoast_head":"<!-- This site is optimized with the Yoast SEO plugin v24.4 - https:\/\/yoast.com\/wordpress\/plugins\/seo\/ -->\n<title>Taurus anuncia novo CEO de subsidi\u00e1ria norte-americana<\/title>\n<meta name=\"description\" content=\"A Taurus comunicou nesta quinta-feira (16) a nomea\u00e7\u00e3o de Bret Vorhees, como novo CEO da subsidi\u00e1ria norte-americana. Clique aqui e saiba mais\" \/>\n<meta name=\"robots\" content=\"index, follow, max-snippet:-1, max-image-preview:large, max-video-preview:-1\" \/>\n<link rel=\"canonical\" href=\"https:\/\/www.suno.com.br\/noticias\/taurus-anuncia-novo-ceo-de-subsidiaria-norte-americana\/\" \/>\n<meta property=\"og:locale\" content=\"pt_BR\" \/>\n<meta property=\"og:type\" content=\"article\" \/>\n<meta property=\"og:title\" content=\"Taurus anuncia novo CEO de subsidi\u00e1ria norte-americana\" \/>\n<meta property=\"og:description\" content=\"A Taurus comunicou nesta quinta-feira (16) a nomea\u00e7\u00e3o de Bret Vorhees, como novo CEO da subsidi\u00e1ria norte-americana. Clique aqui e saiba mais\" \/>\n<meta property=\"og:url\" content=\"https:\/\/www.suno.com.br\/noticias\/taurus-anuncia-novo-ceo-de-subsidiaria-norte-americana\/\" \/>\n<meta property=\"og:site_name\" content=\"Suno Not\u00edcias\" \/>\n<meta property=\"article:publisher\" content=\"https:\/\/facebook.com\/sunoresearch\" \/>\n<meta property=\"og:image\" content=\"https:\/\/files.sunoresearch.com.br\/n\/uploads\/2019\/11\/56ef443a-taurus.jpg\" \/>\n\t<meta property=\"og:image:width\" content=\"900\" \/>\n\t<meta property=\"og:image:height\" content=\"600\" \/>\n\t<meta property=\"og:image:type\" content=\"image\/jpeg\" \/>\n<meta name=\"author\" content=\"Poliana Santos\" \/>\n<meta name=\"twitter:card\" content=\"summary_large_image\" \/>\n<meta name=\"twitter:creator\" content=\"@sunoresearch\" \/>\n<meta name=\"twitter:site\" content=\"@sunoresearch\" \/>\n<meta name=\"twitter:label1\" content=\"Escrito por\" \/>\n\t<meta name=\"twitter:data1\" content=\"Poliana Santos\" \/>\n\t<meta name=\"twitter:label2\" content=\"Est. tempo de leitura\" \/>\n\t<meta name=\"twitter:data2\" content=\"2 minutos\" \/>\n<script type=\"application\/ld+json\" class=\"yoast-schema-graph\">{\"@context\":\"https:\/\/schema.org\",\"@graph\":[{\"@type\":\"NewsArticle\",\"@id\":\"https:\/\/www.suno.com.br\/noticias\/taurus-anuncia-novo-ceo-de-subsidiaria-norte-americana\/#article\",\"isPartOf\":{\"@id\":\"https:\/\/www.suno.com.br\/noticias\/taurus-anuncia-novo-ceo-de-subsidiaria-norte-americana\/\"},\"author\":{\"name\":\"Poliana Santos\",\"@id\":\"https:\/\/www.suno.com.br\/noticias\/#\/schema\/person\/02ec1f752758247878a2bf4abee1aeda\"},\"headline\":\"Taurus anuncia novo CEO de subsidi\u00e1ria norte-americana\",\"datePublished\":\"2020-01-16T13:32:47+00:00\",\"mainEntityOfPage\":{\"@id\":\"https:\/\/www.suno.com.br\/noticias\/taurus-anuncia-novo-ceo-de-subsidiaria-norte-americana\/\"},\"wordCount\":358,\"publisher\":{\"@id\":\"https:\/\/www.suno.com.br\/noticias\/#organization\"},\"image\":{\"@id\":\"https:\/\/www.suno.com.br\/noticias\/taurus-anuncia-novo-ceo-de-subsidiaria-norte-americana\/#primaryimage\"},\"thumbnailUrl\":\"https:\/\/files.sunoresearch.com.br\/n\/uploads\/2019\/11\/56ef443a-taurus-jpg.webp\",\"keywords\":[\"Taurus Armas (TASA3\/TASA4)\"],\"articleSection\":[\"Neg\u00f3cios\"],\"inLanguage\":\"pt-BR\"},{\"@type\":\"WebPage\",\"@id\":\"https:\/\/www.suno.com.br\/noticias\/taurus-anuncia-novo-ceo-de-subsidiaria-norte-americana\/\",\"url\":\"https:\/\/www.suno.com.br\/noticias\/taurus-anuncia-novo-ceo-de-subsidiaria-norte-americana\/\",\"name\":\"Taurus anuncia novo CEO de subsidi\u00e1ria norte-americana\",\"isPartOf\":{\"@id\":\"https:\/\/www.suno.com.br\/noticias\/#website\"},\"primaryImageOfPage\":{\"@id\":\"https:\/\/www.suno.com.br\/noticias\/taurus-anuncia-novo-ceo-de-subsidiaria-norte-americana\/#primaryimage\"},\"image\":{\"@id\":\"https:\/\/www.suno.com.br\/noticias\/taurus-anuncia-novo-ceo-de-subsidiaria-norte-americana\/#primaryimage\"},\"thumbnailUrl\":\"https:\/\/files.sunoresearch.com.br\/n\/uploads\/2019\/11\/56ef443a-taurus-jpg.webp\",\"datePublished\":\"2020-01-16T13:32:47+00:00\",\"description\":\"A Taurus comunicou nesta quinta-feira (16) a nomea\u00e7\u00e3o de Bret Vorhees, como novo CEO da subsidi\u00e1ria norte-americana. Clique aqui e saiba mais\",\"breadcrumb\":{\"@id\":\"https:\/\/www.suno.com.br\/noticias\/taurus-anuncia-novo-ceo-de-subsidiaria-norte-americana\/#breadcrumb\"},\"inLanguage\":\"pt-BR\",\"potentialAction\":[{\"@type\":\"ReadAction\",\"target\":[\"https:\/\/www.suno.com.br\/noticias\/taurus-anuncia-novo-ceo-de-subsidiaria-norte-americana\/\"]}]},{\"@type\":\"ImageObject\",\"inLanguage\":\"pt-BR\",\"@id\":\"https:\/\/www.suno.com.br\/noticias\/taurus-anuncia-novo-ceo-de-subsidiaria-norte-americana\/#primaryimage\",\"url\":\"https:\/\/files.sunoresearch.com.br\/n\/uploads\/2019\/11\/56ef443a-taurus-jpg.webp\",\"contentUrl\":\"https:\/\/files.sunoresearch.com.br\/n\/uploads\/2019\/11\/56ef443a-taurus-jpg.webp\",\"width\":900,\"height\":600,\"caption\":\"Taurus (TASA4) ir\u00e1 expandir complexo industrial no RS por R$ 110 milh\u00f5es\"},{\"@type\":\"BreadcrumbList\",\"@id\":\"https:\/\/www.suno.com.br\/noticias\/taurus-anuncia-novo-ceo-de-subsidiaria-norte-americana\/#breadcrumb\",\"itemListElement\":[{\"@type\":\"ListItem\",\"position\":1,\"name\":\"Not\u00edcias\",\"item\":\"https:\/\/www.suno.com.br\/noticias\/\"},{\"@type\":\"ListItem\",\"position\":2,\"name\":\"Neg\u00f3cios\",\"item\":\"https:\/\/www.suno.com.br\/noticias\/negocios\/\"},{\"@type\":\"ListItem\",\"position\":3,\"name\":\"Taurus anuncia novo CEO de subsidi\u00e1ria norte-americana\"}]},{\"@type\":\"WebSite\",\"@id\":\"https:\/\/www.suno.com.br\/noticias\/#website\",\"url\":\"https:\/\/www.suno.com.br\/noticias\/\",\"name\":\"Suno Not\u00edcias\",\"description\":\"Seu portal de informa\u00e7\u00e3o sobre o mundo dos investimentos\",\"publisher\":{\"@id\":\"https:\/\/www.suno.com.br\/noticias\/#organization\"},\"potentialAction\":[{\"@type\":\"SearchAction\",\"target\":{\"@type\":\"EntryPoint\",\"urlTemplate\":\"https:\/\/www.suno.com.br\/noticias\/?s={search_term_string}\"},\"query-input\":{\"@type\":\"PropertyValueSpecification\",\"valueRequired\":true,\"valueName\":\"search_term_string\"}}],\"inLanguage\":\"pt-BR\"},{\"@type\":\"Organization\",\"@id\":\"https:\/\/www.suno.com.br\/noticias\/#organization\",\"name\":\"Suno Not\u00edcias\",\"url\":\"https:\/\/www.suno.com.br\/noticias\/\",\"logo\":{\"@type\":\"ImageObject\",\"inLanguage\":\"pt-BR\",\"@id\":\"https:\/\/www.suno.com.br\/noticias\/#\/schema\/logo\/image\/\",\"url\":\"https:\/\/files.sunoresearch.com.br\/n\/uploads\/2021\/09\/suno-logo.png\",\"contentUrl\":\"https:\/\/files.sunoresearch.com.br\/n\/uploads\/2021\/09\/suno-logo.png\",\"width\":180,\"height\":180,\"caption\":\"Suno Not\u00edcias\"},\"image\":{\"@id\":\"https:\/\/www.suno.com.br\/noticias\/#\/schema\/logo\/image\/\"},\"sameAs\":[\"https:\/\/facebook.com\/sunoresearch\",\"https:\/\/x.com\/sunoresearch\",\"https:\/\/www.instagram.com\/suno\",\"https:\/\/www.linkedin.com\/company\/suno-research\/\",\"https:\/\/www.youtube.com\/c\/sunoresearch\"]},{\"@type\":\"Person\",\"@id\":\"https:\/\/www.suno.com.br\/noticias\/#\/schema\/person\/02ec1f752758247878a2bf4abee1aeda\",\"name\":\"Poliana Santos\",\"image\":{\"@type\":\"ImageObject\",\"inLanguage\":\"pt-BR\",\"@id\":\"https:\/\/www.suno.com.br\/noticias\/#\/schema\/person\/image\/\",\"url\":\"https:\/\/secure.gravatar.com\/avatar\/0645bd32f23d87b2130f2b2dff1d3f8d?s=96&r=g\",\"contentUrl\":\"https:\/\/secure.gravatar.com\/avatar\/0645bd32f23d87b2130f2b2dff1d3f8d?s=96&r=g\",\"caption\":\"Poliana Santos\"},\"description\":\"Rep\u00f3rter no Suno Not\u00edcias, com cobertura em mercado financeiro, economia, finan\u00e7as pessoais, renda fixa e varejo. Jornalista formada pela Faculdade C\u00e1sper L\u00edbero e possui passagem na R\u00e1dio Gazeta AM com a produ\u00e7\u00e3o de conte\u00fado sobre economia, pol\u00edtica, sa\u00fade, moda e m\u00fasica. Possui certificado de conclus\u00e3o do curso de An\u00e1lise de Balan\u00e7os pela Funda\u00e7\u00e3o Bradesco, Agenda Brasil pela FAAP, Educa\u00e7\u00e3o Pol\u00edtica por Alexandre Garcia e do Tesouro Direto e Mercado de A\u00e7\u00f5es pela B3.\",\"url\":\"https:\/\/www.suno.com.br\/noticias\/author\/poliana-santos\/\"}]}<\/script>\n<!-- \/ Yoast SEO plugin. -->","yoast_head_json":{"title":"Taurus anuncia novo CEO de subsidi\u00e1ria norte-americana","description":"A Taurus comunicou nesta quinta-feira (16) a nomea\u00e7\u00e3o de Bret Vorhees, como novo CEO da subsidi\u00e1ria norte-americana. Clique aqui e saiba mais","robots":{"index":"index","follow":"follow","max-snippet":"max-snippet:-1","max-image-preview":"max-image-preview:large","max-video-preview":"max-video-preview:-1"},"canonical":"https:\/\/www.suno.com.br\/noticias\/taurus-anuncia-novo-ceo-de-subsidiaria-norte-americana\/","og_locale":"pt_BR","og_type":"article","og_title":"Taurus anuncia novo CEO de subsidi\u00e1ria norte-americana","og_description":"A Taurus comunicou nesta quinta-feira (16) a nomea\u00e7\u00e3o de Bret Vorhees, como novo CEO da subsidi\u00e1ria norte-americana. Clique aqui e saiba mais","og_url":"https:\/\/www.suno.com.br\/noticias\/taurus-anuncia-novo-ceo-de-subsidiaria-norte-americana\/","og_site_name":"Suno Not\u00edcias","article_publisher":"https:\/\/facebook.com\/sunoresearch","og_image":[{"width":900,"height":600,"url":"https:\/\/files.sunoresearch.com.br\/n\/uploads\/2019\/11\/56ef443a-taurus.jpg","type":"image\/jpeg"}],"author":"Poliana Santos","twitter_card":"summary_large_image","twitter_creator":"@sunoresearch","twitter_site":"@sunoresearch","twitter_misc":{"Escrito por":"Poliana Santos","Est. tempo de leitura":"2 minutos"},"schema":{"@context":"https:\/\/schema.org","@graph":[{"@type":"NewsArticle","@id":"https:\/\/www.suno.com.br\/noticias\/taurus-anuncia-novo-ceo-de-subsidiaria-norte-americana\/#article","isPartOf":{"@id":"https:\/\/www.suno.com.br\/noticias\/taurus-anuncia-novo-ceo-de-subsidiaria-norte-americana\/"},"author":{"name":"Poliana Santos","@id":"https:\/\/www.suno.com.br\/noticias\/#\/schema\/person\/02ec1f752758247878a2bf4abee1aeda"},"headline":"Taurus anuncia novo CEO de subsidi\u00e1ria norte-americana","datePublished":"2020-01-16T13:32:47+00:00","mainEntityOfPage":{"@id":"https:\/\/www.suno.com.br\/noticias\/taurus-anuncia-novo-ceo-de-subsidiaria-norte-americana\/"},"wordCount":358,"publisher":{"@id":"https:\/\/www.suno.com.br\/noticias\/#organization"},"image":{"@id":"https:\/\/www.suno.com.br\/noticias\/taurus-anuncia-novo-ceo-de-subsidiaria-norte-americana\/#primaryimage"},"thumbnailUrl":"https:\/\/files.sunoresearch.com.br\/n\/uploads\/2019\/11\/56ef443a-taurus-jpg.webp","keywords":["Taurus Armas (TASA3\/TASA4)"],"articleSection":["Neg\u00f3cios"],"inLanguage":"pt-BR"},{"@type":"WebPage","@id":"https:\/\/www.suno.com.br\/noticias\/taurus-anuncia-novo-ceo-de-subsidiaria-norte-americana\/","url":"https:\/\/www.suno.com.br\/noticias\/taurus-anuncia-novo-ceo-de-subsidiaria-norte-americana\/","name":"Taurus anuncia novo CEO de subsidi\u00e1ria norte-americana","isPartOf":{"@id":"https:\/\/www.suno.com.br\/noticias\/#website"},"primaryImageOfPage":{"@id":"https:\/\/www.suno.com.br\/noticias\/taurus-anuncia-novo-ceo-de-subsidiaria-norte-americana\/#primaryimage"},"image":{"@id":"https:\/\/www.suno.com.br\/noticias\/taurus-anuncia-novo-ceo-de-subsidiaria-norte-americana\/#primaryimage"},"thumbnailUrl":"https:\/\/files.sunoresearch.com.br\/n\/uploads\/2019\/11\/56ef443a-taurus-jpg.webp","datePublished":"2020-01-16T13:32:47+00:00","description":"A Taurus comunicou nesta quinta-feira (16) a nomea\u00e7\u00e3o de Bret Vorhees, como novo CEO da subsidi\u00e1ria norte-americana. Clique aqui e saiba mais","breadcrumb":{"@id":"https:\/\/www.suno.com.br\/noticias\/taurus-anuncia-novo-ceo-de-subsidiaria-norte-americana\/#breadcrumb"},"inLanguage":"pt-BR","potentialAction":[{"@type":"ReadAction","target":["https:\/\/www.suno.com.br\/noticias\/taurus-anuncia-novo-ceo-de-subsidiaria-norte-americana\/"]}]},{"@type":"ImageObject","inLanguage":"pt-BR","@id":"https:\/\/www.suno.com.br\/noticias\/taurus-anuncia-novo-ceo-de-subsidiaria-norte-americana\/#primaryimage","url":"https:\/\/files.sunoresearch.com.br\/n\/uploads\/2019\/11\/56ef443a-taurus-jpg.webp","contentUrl":"https:\/\/files.sunoresearch.com.br\/n\/uploads\/2019\/11\/56ef443a-taurus-jpg.webp","width":900,"height":600,"caption":"Taurus (TASA4) ir\u00e1 expandir complexo industrial no RS por R$ 110 milh\u00f5es"},{"@type":"BreadcrumbList","@id":"https:\/\/www.suno.com.br\/noticias\/taurus-anuncia-novo-ceo-de-subsidiaria-norte-americana\/#breadcrumb","itemListElement":[{"@type":"ListItem","position":1,"name":"Not\u00edcias","item":"https:\/\/www.suno.com.br\/noticias\/"},{"@type":"ListItem","position":2,"name":"Neg\u00f3cios","item":"https:\/\/www.suno.com.br\/noticias\/negocios\/"},{"@type":"ListItem","position":3,"name":"Taurus anuncia novo CEO de subsidi\u00e1ria norte-americana"}]},{"@type":"WebSite","@id":"https:\/\/www.suno.com.br\/noticias\/#website","url":"https:\/\/www.suno.com.br\/noticias\/","name":"Suno Not\u00edcias","description":"Seu portal de informa\u00e7\u00e3o sobre o mundo dos investimentos","publisher":{"@id":"https:\/\/www.suno.com.br\/noticias\/#organization"},"potentialAction":[{"@type":"SearchAction","target":{"@type":"EntryPoint","urlTemplate":"https:\/\/www.suno.com.br\/noticias\/?s={search_term_string}"},"query-input":{"@type":"PropertyValueSpecification","valueRequired":true,"valueName":"search_term_string"}}],"inLanguage":"pt-BR"},{"@type":"Organization","@id":"https:\/\/www.suno.com.br\/noticias\/#organization","name":"Suno Not\u00edcias","url":"https:\/\/www.suno.com.br\/noticias\/","logo":{"@type":"ImageObject","inLanguage":"pt-BR","@id":"https:\/\/www.suno.com.br\/noticias\/#\/schema\/logo\/image\/","url":"https:\/\/files.sunoresearch.com.br\/n\/uploads\/2021\/09\/suno-logo.png","contentUrl":"https:\/\/files.sunoresearch.com.br\/n\/uploads\/2021\/09\/suno-logo.png","width":180,"height":180,"caption":"Suno Not\u00edcias"},"image":{"@id":"https:\/\/www.suno.com.br\/noticias\/#\/schema\/logo\/image\/"},"sameAs":["https:\/\/facebook.com\/sunoresearch","https:\/\/x.com\/sunoresearch","https:\/\/www.instagram.com\/suno","https:\/\/www.linkedin.com\/company\/suno-research\/","https:\/\/www.youtube.com\/c\/sunoresearch"]},{"@type":"Person","@id":"https:\/\/www.suno.com.br\/noticias\/#\/schema\/person\/02ec1f752758247878a2bf4abee1aeda","name":"Poliana Santos","image":{"@type":"ImageObject","inLanguage":"pt-BR","@id":"https:\/\/www.suno.com.br\/noticias\/#\/schema\/person\/image\/","url":"https:\/\/secure.gravatar.com\/avatar\/0645bd32f23d87b2130f2b2dff1d3f8d?s=96&r=g","contentUrl":"https:\/\/secure.gravatar.com\/avatar\/0645bd32f23d87b2130f2b2dff1d3f8d?s=96&r=g","caption":"Poliana Santos"},"description":"Rep\u00f3rter no Suno Not\u00edcias, com cobertura em mercado financeiro, economia, finan\u00e7as pessoais, renda fixa e varejo. Jornalista formada pela Faculdade C\u00e1sper L\u00edbero e possui passagem na R\u00e1dio Gazeta AM com a produ\u00e7\u00e3o de conte\u00fado sobre economia, pol\u00edtica, sa\u00fade, moda e m\u00fasica. Possui certificado de conclus\u00e3o do curso de An\u00e1lise de Balan\u00e7os pela Funda\u00e7\u00e3o Bradesco, Agenda Brasil pela FAAP, Educa\u00e7\u00e3o Pol\u00edtica por Alexandre Garcia e do Tesouro Direto e Mercado de A\u00e7\u00f5es pela B3.","url":"https:\/\/www.suno.com.br\/noticias\/author\/poliana-santos\/"}]}},"default_loop_html":"<div class=\"cardsPage__listCard__boxs\"><div class=\"cardsPage__listCard__boxs__img\"><a href=\"https:\/\/www.suno.com.br\/noticias\/taurus-anuncia-novo-ceo-de-subsidiaria-norte-americana\/\"><img class=\"mask\" src=\"https:\/\/www.suno.com.br\/noticias\/wp-content\/themes\/suno\/resources\/images\/spotlight\/spotlight1img\/bg-mask.png\" alt=\"Image Mask\"\/><img src=\"https:\/\/files.sunoresearch.com.br\/n\/uploads\/2019\/11\/56ef443a-taurus-400x200.webp\" alt=\"Taurus anuncia novo CEO de subsidi\u00e1ria norte-americana\"\/><\/a><span class=\"spotlightCategory\"><a href=\"https:\/\/www.suno.com.br\/noticias\/negocios\/\">Neg\u00f3cios<\/a><\/span><\/div><div class=\"cardsPage__listCard__boxs__content\"><a href=\"https:\/\/www.suno.com.br\/noticias\/taurus-anuncia-novo-ceo-de-subsidiaria-norte-americana\/\"><h2 class=\"content__title\">Taurus anuncia novo CEO de subsidi\u00e1ria norte-americana<\/h2><\/a><div class=\"newsContent__article__meta\"><div class=\"newsContent__article__meta__authorBox\"><a href=\"https:\/\/www.suno.com.br\/noticias\/author\/poliana-santos\/\" class=\"authorBox__avatar noMobi\"><img src=\"https:\/\/files.sunoresearch.com.br\/n\/uploads\/2020\/08\/7ef34026-whatsapp-image-2020-08-03-at-12.37.57-150x150.webp\" alt=\"Poliana Santos\"><\/a><div class=\"authorBox__name\"><span>por\n\t\t\t<a href=\"https:\/\/www.suno.com.br\/noticias\/author\/poliana-santos\/\"><span itemprop=\"author\">Poliana Santos<\/span><\/a><\/span><time datetime=\"2020-01-16T11:32:47-03:00\" itemprop=\"datePublished\">16\/01\/2020 11:32<\/time><\/div><\/div><\/div><\/div><\/div>","single_layout":"posts","amp_enabled":true,"_links":{"self":[{"href":"https:\/\/www.suno.com.br\/noticias\/wp-json\/wp\/v2\/posts\/49910"}],"collection":[{"href":"https:\/\/www.suno.com.br\/noticias\/wp-json\/wp\/v2\/posts"}],"about":[{"href":"https:\/\/www.suno.com.br\/noticias\/wp-json\/wp\/v2\/types\/post"}],"author":[{"embeddable":true,"href":"https:\/\/www.suno.com.br\/noticias\/wp-json\/wp\/v2\/users\/15"}],"replies":[{"embeddable":true,"href":"https:\/\/www.suno.com.br\/noticias\/wp-json\/wp\/v2\/comments?post=49910"}],"version-history":[{"count":0,"href":"https:\/\/www.suno.com.br\/noticias\/wp-json\/wp\/v2\/posts\/49910\/revisions"}],"wp:featuredmedia":[{"embeddable":true,"href":"https:\/\/www.suno.com.br\/noticias\/wp-json\/wp\/v2\/media\/44457"}],"wp:attachment":[{"href":"https:\/\/www.suno.com.br\/noticias\/wp-json\/wp\/v2\/media?parent=49910"}],"wp:term":[{"taxonomy":"category","embeddable":true,"href":"https:\/\/www.suno.com.br\/noticias\/wp-json\/wp\/v2\/categories?post=49910"},{"taxonomy":"post_tag","embeddable":true,"href":"https:\/\/www.suno.com.br\/noticias\/wp-json\/wp\/v2\/tags?post=49910"},{"taxonomy":"suno_strategy","embeddable":true,"href":"https:\/\/www.suno.com.br\/noticias\/wp-json\/wp\/v2\/suno_strategy?post=49910"}],"curies":[{"name":"wp","href":"https:\/\/api.w.org\/{rel}","templated":true}]}}