{"id":499059,"date":"2023-12-12T16:44:06","date_gmt":"2023-12-12T19:44:06","guid":{"rendered":"https:\/\/www.suno.com.br\/noticias\/?p=499059"},"modified":"2023-12-15T16:39:22","modified_gmt":"2023-12-15T19:39:22","slug":"varejistas-investimento-2024-gpj","status":"publish","type":"post","link":"https:\/\/www.suno.com.br\/noticias\/varejistas-investimento-2024-gpj\/","title":{"rendered":"Ap\u00f3s ano turbulento, vale a pena investir nas varejistas em 2024?"},"content":{"rendered":"<p>Em 2023 o varejo sofreu in\u00fameros reveses, de resultados ruins a esc\u00e2ndalos, passando por fechamento de lojas e pedidos de <a href=\"https:\/\/www.suno.com.br\/artigos\/recuperacao-judicial\/\">recupera\u00e7\u00e3o judicial<\/a>. Os juros come\u00e7aram a cair, mas as empresas do setor ainda sofrem com as taxas altas e com o impacto da pandemia. Contabilizam os danos, enquanto o mercado j\u00e1 se pergunta: vale a pena investir em <strong>varejistas<\/strong> no ano que vem?&nbsp;<\/p>\t<div class=\"wrapper-featured-image\">\n\t\t<figure class=\"spotlightImg\">\n\n\t\t\t<picture>\n\t\t\t\t<source media=\"(max-width: 768px)\" srcset=\"https:\/\/files.sunoresearch.com.br\/n\/uploads\/2023\/12\/hangers-1850082_1280-1-400x200.jpg\">\n\t\t\t\t<img loading=\"lazy\" decoding=\"async\" class=\"newsContent__article__imgCapa lazyloadDisabled \" src=\"https:\/\/files.sunoresearch.com.br\/n\/uploads\/2023\/12\/hangers-1850082_1280-1-800x450.jpg\" width=\"800\" height=\"450\" alt=\"Ap\u00f3s ano turbulento, vale a pena investir nas varejistas em 2024?\" fetchpriority=high \/>\n\t\t\t<\/picture>\n\n\t\t\t<figcaption class=\"wp-caption-text wp-caption-text--show\">Varejistas. Foto: Pixabay.<\/figcaption>\n\t\t<\/figure>\n\t<\/div>\n\n\n\n\n\n\n\n\t<p>\n\t\t<a href=\"https:\/\/lp.suno.com.br\/planilha-da-vida-financeira\/\" target=\"_blank\" data-element=\"shortcode-suno-banner\" title=\"Banner SUNO, clique e saiba mais\">\n\t\t\t<picture>\n\t\t\t\t<source media=\"(max-width: 500px)\" srcset=\"https:\/\/files.sunoresearch.com.br\/n\/uploads\/2023\/04\/400x300-Planilha-vida-financeira-true.png\">\n\t\t\t\t<img class=\"newsContent__article__imgCapa newsContent__article__imgCapa--banner\"\n\t\t\t\t\tsrc=\"https:\/\/files.sunoresearch.com.br\/n\/uploads\/2023\/04\/1420x240-Planilha-vida-financeira-true.png\"\n\t\t\t\t\tdata-promo-id=\"106682\"\t\t\t\t\t\t\t\t\t\twidth='1420' height='240'\t\t\t\t\talt=\"https:\/\/files.sunoresearch.com.br\/n\/uploads\/2023\/04\/1420x240-Planilha-vida-financeira-true.png\"\n\t\t\t\t>\n\t\t\t<\/picture>\n\t\t<\/a>\n\t<\/p>\n\n\n\n\n\n<p>Para Gabriel Costa, analista da <strong>Toro Investimentos<\/strong>, 2023 trouxe v\u00e1rios aprendizados para o setor &#8211; o principal deles foi entender que uma boa an\u00e1lise envolve fatores macro e microecon\u00f4micos e que \u00e9 preciso separar muito bem as varejistas que se destacam em cada cen\u00e1rio.&nbsp;<\/p>\n\n\n\n<p>\u201cVimos, por exemplo, no <strong>varejo de moda<\/strong>, um ano de ambiente macroecon\u00f4mico complexo. Alguns players tiveram mais dificuldades para navegar ao longo do ano, como a <a href=\"https:\/\/www.suno.com.br\/acoes\/lren3\/\" target=\"_blank\" rel=\"noreferrer noopener\"><strong>Lojas Renner<\/strong> (LREN3)<\/a>, cujas a\u00e7\u00f5es recuam mais de 16% no acumulado do ano. Por\u00e9m, alguns fatores micro foram determinantes para alguns pap\u00e9is, a exemplo da <a href=\"https:\/\/www.suno.com.br\/acoes\/ceab3\/\" target=\"_blank\" rel=\"noreferrer noopener\"><strong>C&amp;A <\/strong>(CEAB3)<\/a>, que realizou diversos avan\u00e7os operacionais e cujas a\u00e7\u00f5es sobem mais de 260% no ano\u201d, pontua.<\/p>\n\n\n\n<p>Vitorio Galindo, analista da <strong>Quantzed<\/strong>, avalia que al\u00e9m desses fatores macro e microecon\u00f4micos, algumas varejistas acabaram tomando decis\u00f5es erradas no per\u00edodo.&nbsp;\u201cMuitas se alavancaram demais, queimaram margem. Outras compraram estoques errados e a\u00ed, para liquidar esses estoques, tiveram grandes preju\u00edzos. Teve at\u00e9 caso at\u00e9 de empresa com <a href=\"https:\/\/www.suno.com.br\/artigos\/margem-bruta-entenda-sua-importancia\/\">margem bruta<\/a> negativa para liquidar estoque\u201d, explica Galindo.<\/p>\n\n\n\n<p>Em contrapartida, aquelas que estavam com uma estrutura financeira correta e pouco alavancadas tomaram boas decis\u00f5es de aloca\u00e7\u00e3o de capital nos anos anteriores, quando os juros estavam baixos. \u201cEssas continuaram com um bom resultado, desempenho acima do esperado. Agora, as que erraram est\u00e3o pagando pelos erros\u201d, completa Galindo.<\/p>\n\n\n\n\t<div data-element=\"shortcode-read-more\" class=\"readToo\">\n\t\t\t\t<span class=\"readToo__title\">Leia mais<\/span>\n\t\t\t\t<ul class=\"readToo__list\">\n\t\t\t<li><a href=\"https:\/\/www.suno.com.br\/noticias\/renda-fixa-ipca-debentures-sao-opcoes-diz-analista-va\/\">Renda fixa: IPCA+ e deb\u00eantures s\u00e3o boas op\u00e7\u00f5es para 2024, diz analista da Suno<\/a><\/li><li><a href=\"https:\/\/www.suno.com.br\/noticias\/qual-setor-ibovespa-ganhar-dinheiro-2024-evm\/\">Em 2024, qual o melhor setor do Ibovespa para ganhar dinheiro?<\/a><\/li><li><a href=\"https:\/\/www.suno.com.br\/noticias\/como-investir-renda-fixa-2024-va\/\">Como investir em renda fixa em 2024? Veja as melhores op\u00e7\u00f5es<\/a><\/li>\t\t<\/ul>\n\t<\/div>\n\n\n\n\n<h2 class=\"wp-block-heading\">Quais s\u00e3o os riscos que os investidores precisam ficar atentos em rela\u00e7\u00e3o ao varejo?<\/h2>\n\n\n\n<p>Para Costa, da Toro Investimentos, em um primeiro momento, \u00e9 preciso observar o andamento mundial do ciclo de juros, j\u00e1 que a possibilidade de queda nas taxas &#8211; em especial nos Estados Unidos &#8211; abre maior espa\u00e7o para redu\u00e7\u00e3o na taxa <strong>Selic<\/strong> aqui no Brasil.&nbsp;<\/p>\n\n\n\n<p>Segundo ele, caso as taxas permane\u00e7am mais altas no exterior, ainda que observada uma desacelera\u00e7\u00e3o da <strong>infla\u00e7\u00e3o no Brasil<\/strong>, dificilmente a Selic chegar\u00e1 a patamares muito baixos, dado o impacto que essa decis\u00e3o traria para o c\u00e2mbio.&nbsp;<\/p>\n\n\n\n<p>O <a href=\"https:\/\/www.suno.com.br\/artigos\/copom\/\">Comit\u00ea de Pol\u00edtica Monet\u00e1ria (Copom)<\/a>, inclusive, deve confirmar amanh\u00e3 (13) mais um corte de 0,5 ponto percentual da taxa de juros, passando dos atuais 12,25% ao ano para 11,75%.&nbsp;<\/p>\n\n\n\n<p>\u201cAl\u00e9m disso, no ambiente local, \u00e9 preciso monitorar o consumo das fam\u00edlias e o n\u00edvel de endividamento da popula\u00e7\u00e3o, porque essas caracter\u00edsticas s\u00e3o fundamentais para o setor\u201d, completa Costa.<\/p>\n\n\n\n<p>J\u00e1 Vitorio Galindo, da Quantzed, aconselha ao investidor ficar atento n\u00e3o apenas a indicadores como infla\u00e7\u00e3o, taxa de juros e medidas do governo que possam impactar a meta fiscal do Brasil, mas tamb\u00e9m em dados de desemprego e endividamento dos consumidores, mais sens\u00edveis \u00e0s varejistas.<\/p>\n\n\n\n<p>\u201cTudo isso \u00e9 bem relevante para o varejo. Para quem nunca tinha visto um ciclo de alta de juros, infla\u00e7\u00e3o, empresas altamente endividadas sofrendo, 2023 talvez tenha sido um aprendizado, mas era algo que, na minha vis\u00e3o, j\u00e1 era esperado\u201d, acrescenta Galindo.<\/p>\n\n\n\t<div data-element=\"shortcode-read-more\" class=\"knowMore\">\n\t\t\t\t<span class=\"knowMore__title\">Leia mais<\/span>\n\t\t\t\t<a class=\"knowMore__link\" href=\"https:\/\/www.suno.com.br\/noticias\/copom-taxa-selic-gpj\/\">\n\t\t\t\u00c9 hoje: Copom deve reduzir taxa Selic. Como ser\u00e1 o ritmo dos pr\u00f3ximos cortes?\t\t<\/a>\n\t<\/div>\n\n\n\n\n<h2 class=\"wp-block-heading\">Varejo em 2024: cen\u00e1rio, em geral, \u00e9 de otimismo para o setor<\/h2>\n\n\n\n<p>Entre os analistas, \u00e9 consenso que ap\u00f3s um 2023 desafiador para as <strong>empresas do segmento varejista<\/strong> como um todo, para 2024, a expectativa \u00e9 de um cen\u00e1rio mais favor\u00e1vel.&nbsp;<\/p>\n\n\n\n<p>\u201cO corte de juros, por exemplo, \u00e9 fundamental para o setor, porque possibilita melhora para o cr\u00e9dito das fam\u00edlias e tamb\u00e9m contribui para queda das <a href=\"https:\/\/www.suno.com.br\/artigos\/despesas-financeiras\/\">despesas financeiras<\/a> das companhias mais alavancadas\u201d, diz Gabriel Costa, da Toro Investimentos.<\/p>\n\n\n\n<p>Neste sentido, Galindo, da Quantzed, acredita que algumas empresas devem se beneficiar da queda dos juros em 2024, com o consumidor conseguindo ter um poder de cr\u00e9dito maior para comprar. Entretanto, alerta o analista, isso pode n\u00e3o valer para todas as varejistas.<\/p>\n\n\n\n<p>\u201cAquelas que est\u00e3o estranguladas e com a <a href=\"https:\/\/www.suno.com.br\/artigos\/indicadores-estrutura-capital\/\">estrutura de capital<\/a> totalmente errada pode apresentar grande alavancagem, com despesa financeira e com a pr\u00f3pria despesa geral das companhias l\u00e1 em cima. N\u00e3o est\u00e3o conseguindo ter margem na venda dos produtos. Nem o macro vai resolver o problema. N\u00e3o d\u00e1 para generalizar totalmente e falar que todas as empresas do setor v\u00e3o ter um bom desempenho\u201d, destaca.<\/p>\n\n\n\t<p>\n\t\t<a href=\"https:\/\/lp.suno.com.br\/ebook-como-analisar-uma-acao\/\" target=\"_blank\" data-element=\"shortcode-suno-banner\" title=\"Banner SUNO, clique e saiba mais\">\n\t\t\t<picture>\n\t\t\t\t<source media=\"(max-width: 500px)\" srcset=\"https:\/\/files.sunoresearch.com.br\/n\/uploads\/2023\/03\/Ebook-Acoes-Mobile.jpg\">\n\t\t\t\t<img class=\"newsContent__article__imgCapa newsContent__article__imgCapa--banner\"\n\t\t\t\t\tsrc=\"https:\/\/files.sunoresearch.com.br\/n\/uploads\/2023\/03\/Ebook-Acoes-Desktop.jpg\"\n\t\t\t\t\tdata-promo-id=\"378302\"\t\t\t\t\t\t\t\t\t\twidth='1420' height='286'\t\t\t\t\talt=\"https:\/\/files.sunoresearch.com.br\/n\/uploads\/2023\/03\/Ebook-Acoes-Desktop.jpg\"\n\t\t\t\t>\n\t\t\t<\/picture>\n\t\t<\/a>\n\t<\/p>\n\n\n\n\n\n<h2 class=\"wp-block-heading\">Quais s\u00e3o as melhores empresas de varejo da Bolsa para investir em 2024?&nbsp;<\/h2>\n\n\n\n<p>Gabriel Costa, analista da Toro Investimentos, fez uma indica\u00e7\u00e3o especial de algumas das <strong>melhores empresas de varejo para investir em 2024<\/strong> &#8211; duas voltadas para o p\u00fablico de maior renda, que s\u00e3o menos sens\u00edveis ao ambiente macroecon\u00f4mico adverso, e uma companhia que se beneficia de uma renda m\u00e9dia mais baixa da popula\u00e7\u00e3o. S\u00e3o elas:<\/p>\n\n\n\n<ul class=\"wp-block-list\">\n<li>Assa\u00ed (ASAI3)<\/li>\n\n\n\n<li>Vivara (VIVA3)<\/li>\n\n\n\n<li>Arezzo&amp;Co (ARZZ3)<\/li>\n<\/ul>\n\n\n\n<h2 class=\"wp-block-heading\">Assa\u00ed (ASAI3)<\/h2>\n\n\n\n<p>Para os analistas, o <a href=\"https:\/\/www.suno.com.br\/acoes\/asai3\/\" target=\"_blank\" rel=\"noreferrer noopener\"><strong>Assa\u00ed <\/strong>(<strong>ASAI3<\/strong>)<\/a>, em expans\u00e3o como atacado de autosservi\u00e7o, concentra-se em escolher estrategicamente suas localiza\u00e7\u00f5es e tem aprimorado a experi\u00eancia de compra com a introdu\u00e7\u00e3o de novas se\u00e7\u00f5es nas lojas e ofertas exclusivas por meio do aplicativo.&nbsp;<\/p>\n\n\n\n<p>\u201cA convers\u00e3o dos hipermercados <strong>Extra<\/strong> tem apresentado bom desempenho, com uma <strong>margem Ebitda<\/strong> saud\u00e1vel. Embora a empresa tenha enfrentado um ambiente desafiador em 2023 devido \u00e0 defla\u00e7\u00e3o no setor aliment\u00edcio, a expectativa para 2024 \u00e9 de uma normaliza\u00e7\u00e3o dos pre\u00e7os, combinada com a redu\u00e7\u00e3o do endividamento da empresa, o que pode resultar em melhores resultados\u201d, diz.<\/p>\n\n\n\n<h2 class=\"wp-block-heading\">Vivara (VIVA3)<\/h2>\n\n\n\n<p>Costa ressalta que a <a href=\"https:\/\/www.suno.com.br\/acoes\/viva3\/\"><strong>Vivara<\/strong> (<strong>VIVA3<\/strong>)<\/a> mant\u00e9m sua posi\u00e7\u00e3o de lideran\u00e7a no mercado brasileiro de joias, detendo uma participa\u00e7\u00e3o superior a 18% e atendendo a diversos perfis socioecon\u00f4micos. Para ele, a empresa \u00e9 destaque no com\u00e9rcio digital e na integra\u00e7\u00e3o de canais de vendas.&nbsp;<\/p>\n\n\n\n<p>\u201cA expans\u00e3o da linha Life, que oferece produtos acess\u00edveis em prata, desempenha um papel significativo no aumento da receita. Observamos melhorias no <a href=\"https:\/\/www.suno.com.br\/artigos\/mix-de-produtos\/\">mix de produtos<\/a> e na aloca\u00e7\u00e3o eficiente de capital, respaldando estrat\u00e9gias positivas e sustent\u00e1veis, incluindo a abertura de novas lojas para aproveitar as altas margens operacionais e l\u00edquidas\u201d, destaca.<\/p>\n\n\n\n<h2 class=\"wp-block-heading\">Arezzo&amp;Co (ARZZ3)<\/h2>\n\n\n\n<p>Com uma ampla distribui\u00e7\u00e3o, abrangendo lojas pr\u00f3prias, franquias, e-commerce e outlets, Gabriel Costa lembra que a <a href=\"https:\/\/www.suno.com.br\/acoes\/arzz3\/\" target=\"_blank\" rel=\"noreferrer noopener\"><strong>Arezzo&amp;Co <\/strong>(<strong>ARZZ3<\/strong>)<\/a> possui know-how em gest\u00e3o multicanal e que sua <a href=\"https:\/\/www.suno.com.br\/artigos\/cadeia-de-valor\/\">cadeia de valor<\/a> completa envolve pesquisa, desenvolvimento, merchandising, produ\u00e7\u00e3o e log\u00edstica, respaldada por um corpo executivo com hist\u00f3rico de sucesso. A empresa \u00e9, portanto, uma boa op\u00e7\u00e3o para o investidor ficar de olho.<\/p>\n\n\n\n<p>\u201cApesar dos desafios macroecon\u00f4micos, a Arezzo&amp;Co mant\u00e9m resultados consistentes, especialmente no mercado de roupas voltado para p\u00fablicos de alta renda. A \u00eanfase no web commerce contribui para avan\u00e7os significativos, destacando efici\u00eancia log\u00edstica e otimiza\u00e7\u00e3o do <a href=\"https:\/\/www.suno.com.br\/artigos\/mix-de-produtos\/\">mix de produtos<\/a>, sugerindo estrat\u00e9gias positivas e sustent\u00e1veis a <a href=\"https:\/\/www.suno.com.br\/artigos\/longo-prazo\/\">longo prazo<\/a>\u201d, finaliza Costa sobre as melhores a\u00e7\u00f5es de <strong>varejistas<\/strong> para ficar de olho em 2024.<\/p>\n\n\n\t<p>\n\t\t<a href=\"https:\/\/lp.suno.com.br\/planilha-da-vida-financeira\/\" target=\"_blank\" data-element=\"shortcode-suno-banner\" title=\"Banner SUNO, clique e saiba mais\">\n\t\t\t<picture>\n\t\t\t\t<source media=\"(max-width: 500px)\" srcset=\"https:\/\/files.sunoresearch.com.br\/n\/uploads\/2023\/04\/400x300-Planilha-vida-financeira-true.png\">\n\t\t\t\t<img class=\"newsContent__article__imgCapa newsContent__article__imgCapa--banner\"\n\t\t\t\t\tsrc=\"https:\/\/files.sunoresearch.com.br\/n\/uploads\/2023\/04\/1420x240-Planilha-vida-financeira-true.png\"\n\t\t\t\t\tdata-promo-id=\"383123\"\t\t\t\t\t\t\t\t\t\twidth='1420' height='240'\t\t\t\t\talt=\"https:\/\/files.sunoresearch.com.br\/n\/uploads\/2023\/04\/1420x240-Planilha-vida-financeira-true.png\"\n\t\t\t\t>\n\t\t\t<\/picture>\n\t\t<\/a>\n\t<\/p>\n\n\n","protected":false},"excerpt":{"rendered":"<p>Em 2023 o varejo sofreu in\u00fameros reveses, de resultados ruins a esc\u00e2ndalos, passando por fechamento de lojas e pedidos de recupera\u00e7\u00e3o judicial. Os juros come\u00e7aram a cair, mas as empresas do setor ainda sofrem com as taxas altas e com o impacto da pandemia. Contabilizam os danos, enquanto o mercado j\u00e1 se pergunta: vale a [&hellip;]<\/p>\n","protected":false},"author":313,"featured_media":499091,"comment_status":"closed","ping_status":"closed","sticky":false,"template":"","format":"standard","meta":[],"categories":[64],"tags":[286,362,1187,1898,105816,107146,542,803,1431],"suno_strategy":[],"class_list":["post-499059","post","type-post","status-publish","format-standard","has-post-thumbnail","hentry","category-negocios","tag-acoes","tag-arezzo-arzz3","tag-assai-asai3","tag-ca-ceab3","tag-especialistas","tag-eu-invisto-2024","tag-lojas-renner-lren3","tag-varejo","tag-vivara-viva3"],"yoast_head":"<!-- This site is optimized with the Yoast SEO plugin v24.4 - https:\/\/yoast.com\/wordpress\/plugins\/seo\/ -->\n<title>Varejistas em 2024: ap\u00f3s ano turbulento, vale a pena investir?<\/title>\n<meta name=\"description\" content=\"As varejistas ainda contabilizam os danos de 2023, enquanto o mercado j\u00e1 se pergunta: vale a pena investir no setor no ano que vem?\u00a0\" \/>\n<meta name=\"robots\" content=\"index, follow, max-snippet:-1, max-image-preview:large, max-video-preview:-1\" \/>\n<link rel=\"canonical\" href=\"https:\/\/www.suno.com.br\/noticias\/varejistas-investimento-2024-gpj\/\" \/>\n<meta property=\"og:locale\" content=\"pt_BR\" \/>\n<meta property=\"og:type\" content=\"article\" \/>\n<meta property=\"og:title\" content=\"Varejistas em 2024: ap\u00f3s ano turbulento, vale a pena investir?\" \/>\n<meta property=\"og:description\" content=\"As varejistas ainda contabilizam os danos de 2023, enquanto o mercado j\u00e1 se pergunta: vale a pena investir no setor no ano que vem?\u00a0\" \/>\n<meta property=\"og:url\" content=\"https:\/\/www.suno.com.br\/noticias\/varejistas-investimento-2024-gpj\/\" \/>\n<meta property=\"og:site_name\" content=\"Suno Not\u00edcias\" \/>\n<meta property=\"article:publisher\" content=\"https:\/\/facebook.com\/sunoresearch\" \/>\n<meta property=\"og:image\" content=\"https:\/\/files.sunoresearch.com.br\/n\/uploads\/2023\/12\/hangers-1850082_1280-1.jpg\" \/>\n\t<meta property=\"og:image:width\" content=\"1280\" \/>\n\t<meta property=\"og:image:height\" content=\"853\" \/>\n\t<meta property=\"og:image:type\" content=\"image\/jpeg\" \/>\n<meta name=\"author\" content=\"Giovanni Porf\u00edrio Jacomino\" \/>\n<meta name=\"twitter:card\" content=\"summary_large_image\" \/>\n<meta name=\"twitter:creator\" content=\"@sunoresearch\" \/>\n<meta name=\"twitter:site\" content=\"@sunoresearch\" \/>\n<meta name=\"twitter:label1\" content=\"Escrito por\" \/>\n\t<meta name=\"twitter:data1\" content=\"Giovanni Porf\u00edrio Jacomino\" \/>\n\t<meta name=\"twitter:label2\" content=\"Est. tempo de leitura\" \/>\n\t<meta name=\"twitter:data2\" content=\"7 minutos\" \/>\n<script type=\"application\/ld+json\" class=\"yoast-schema-graph\">{\"@context\":\"https:\/\/schema.org\",\"@graph\":[{\"@type\":\"NewsArticle\",\"@id\":\"https:\/\/www.suno.com.br\/noticias\/varejistas-investimento-2024-gpj\/#article\",\"isPartOf\":{\"@id\":\"https:\/\/www.suno.com.br\/noticias\/varejistas-investimento-2024-gpj\/\"},\"author\":{\"name\":\"Giovanni Porf\u00edrio Jacomino\",\"@id\":\"https:\/\/www.suno.com.br\/noticias\/#\/schema\/person\/d0f32748bbca4bee871fa191ee4e2d40\"},\"headline\":\"Ap\u00f3s ano turbulento, vale a pena investir nas varejistas em 2024?\",\"datePublished\":\"2023-12-12T19:44:06+00:00\",\"dateModified\":\"2023-12-15T19:39:22+00:00\",\"mainEntityOfPage\":{\"@id\":\"https:\/\/www.suno.com.br\/noticias\/varejistas-investimento-2024-gpj\/\"},\"wordCount\":1215,\"publisher\":{\"@id\":\"https:\/\/www.suno.com.br\/noticias\/#organization\"},\"image\":{\"@id\":\"https:\/\/www.suno.com.br\/noticias\/varejistas-investimento-2024-gpj\/#primaryimage\"},\"thumbnailUrl\":\"https:\/\/files.sunoresearch.com.br\/n\/uploads\/2023\/12\/hangers-1850082_1280-1.jpg\",\"keywords\":[\"A\u00e7\u00f5es\",\"Arezzo (ARZZ3)\",\"Assa\u00ed (ASAI3)\",\"C&amp;A (CEAB3)\",\"Especialistas\",\"Eu Invisto 2024\",\"Lojas Renner (LREN3)\",\"varejo\",\"Vivara (VIVA3)\"],\"articleSection\":[\"Neg\u00f3cios\"],\"inLanguage\":\"pt-BR\"},{\"@type\":\"WebPage\",\"@id\":\"https:\/\/www.suno.com.br\/noticias\/varejistas-investimento-2024-gpj\/\",\"url\":\"https:\/\/www.suno.com.br\/noticias\/varejistas-investimento-2024-gpj\/\",\"name\":\"Varejistas em 2024: ap\u00f3s ano turbulento, vale a pena investir?\",\"isPartOf\":{\"@id\":\"https:\/\/www.suno.com.br\/noticias\/#website\"},\"primaryImageOfPage\":{\"@id\":\"https:\/\/www.suno.com.br\/noticias\/varejistas-investimento-2024-gpj\/#primaryimage\"},\"image\":{\"@id\":\"https:\/\/www.suno.com.br\/noticias\/varejistas-investimento-2024-gpj\/#primaryimage\"},\"thumbnailUrl\":\"https:\/\/files.sunoresearch.com.br\/n\/uploads\/2023\/12\/hangers-1850082_1280-1.jpg\",\"datePublished\":\"2023-12-12T19:44:06+00:00\",\"dateModified\":\"2023-12-15T19:39:22+00:00\",\"description\":\"As varejistas ainda contabilizam os danos de 2023, enquanto o mercado j\u00e1 se pergunta: vale a pena investir no setor no ano que vem?\u00a0\",\"breadcrumb\":{\"@id\":\"https:\/\/www.suno.com.br\/noticias\/varejistas-investimento-2024-gpj\/#breadcrumb\"},\"inLanguage\":\"pt-BR\",\"potentialAction\":[{\"@type\":\"ReadAction\",\"target\":[\"https:\/\/www.suno.com.br\/noticias\/varejistas-investimento-2024-gpj\/\"]}]},{\"@type\":\"ImageObject\",\"inLanguage\":\"pt-BR\",\"@id\":\"https:\/\/www.suno.com.br\/noticias\/varejistas-investimento-2024-gpj\/#primaryimage\",\"url\":\"https:\/\/files.sunoresearch.com.br\/n\/uploads\/2023\/12\/hangers-1850082_1280-1.jpg\",\"contentUrl\":\"https:\/\/files.sunoresearch.com.br\/n\/uploads\/2023\/12\/hangers-1850082_1280-1.jpg\",\"width\":1280,\"height\":853,\"caption\":\"Varejistas. Foto: Pixabay.\"},{\"@type\":\"BreadcrumbList\",\"@id\":\"https:\/\/www.suno.com.br\/noticias\/varejistas-investimento-2024-gpj\/#breadcrumb\",\"itemListElement\":[{\"@type\":\"ListItem\",\"position\":1,\"name\":\"Not\u00edcias\",\"item\":\"https:\/\/www.suno.com.br\/noticias\/\"},{\"@type\":\"ListItem\",\"position\":2,\"name\":\"Neg\u00f3cios\",\"item\":\"https:\/\/www.suno.com.br\/noticias\/negocios\/\"},{\"@type\":\"ListItem\",\"position\":3,\"name\":\"Ap\u00f3s ano turbulento, vale a pena investir nas varejistas em 2024?\"}]},{\"@type\":\"WebSite\",\"@id\":\"https:\/\/www.suno.com.br\/noticias\/#website\",\"url\":\"https:\/\/www.suno.com.br\/noticias\/\",\"name\":\"Suno Not\u00edcias\",\"description\":\"Seu portal de informa\u00e7\u00e3o sobre o mundo dos investimentos\",\"publisher\":{\"@id\":\"https:\/\/www.suno.com.br\/noticias\/#organization\"},\"potentialAction\":[{\"@type\":\"SearchAction\",\"target\":{\"@type\":\"EntryPoint\",\"urlTemplate\":\"https:\/\/www.suno.com.br\/noticias\/?s={search_term_string}\"},\"query-input\":{\"@type\":\"PropertyValueSpecification\",\"valueRequired\":true,\"valueName\":\"search_term_string\"}}],\"inLanguage\":\"pt-BR\"},{\"@type\":\"Organization\",\"@id\":\"https:\/\/www.suno.com.br\/noticias\/#organization\",\"name\":\"Suno Not\u00edcias\",\"url\":\"https:\/\/www.suno.com.br\/noticias\/\",\"logo\":{\"@type\":\"ImageObject\",\"inLanguage\":\"pt-BR\",\"@id\":\"https:\/\/www.suno.com.br\/noticias\/#\/schema\/logo\/image\/\",\"url\":\"https:\/\/files.sunoresearch.com.br\/n\/uploads\/2021\/09\/suno-logo.png\",\"contentUrl\":\"https:\/\/files.sunoresearch.com.br\/n\/uploads\/2021\/09\/suno-logo.png\",\"width\":180,\"height\":180,\"caption\":\"Suno Not\u00edcias\"},\"image\":{\"@id\":\"https:\/\/www.suno.com.br\/noticias\/#\/schema\/logo\/image\/\"},\"sameAs\":[\"https:\/\/facebook.com\/sunoresearch\",\"https:\/\/x.com\/sunoresearch\",\"https:\/\/www.instagram.com\/suno\",\"https:\/\/www.linkedin.com\/company\/suno-research\/\",\"https:\/\/www.youtube.com\/c\/sunoresearch\"]},{\"@type\":\"Person\",\"@id\":\"https:\/\/www.suno.com.br\/noticias\/#\/schema\/person\/d0f32748bbca4bee871fa191ee4e2d40\",\"name\":\"Giovanni Porf\u00edrio Jacomino\",\"image\":{\"@type\":\"ImageObject\",\"inLanguage\":\"pt-BR\",\"@id\":\"https:\/\/www.suno.com.br\/noticias\/#\/schema\/person\/image\/\",\"url\":\"https:\/\/secure.gravatar.com\/avatar\/efb32e19b730a121cb7a80f41ffec01a?s=96&r=g\",\"contentUrl\":\"https:\/\/secure.gravatar.com\/avatar\/efb32e19b730a121cb7a80f41ffec01a?s=96&r=g\",\"caption\":\"Giovanni Porf\u00edrio Jacomino\"},\"description\":\"Giovanni Porf\u00edrio Jacomino \u00e9 jornalista formado pela Universidade Estadual de Londrina (UEL) e p\u00f3s-graduado em Produ\u00e7\u00e3o e Pr\u00e1ticas Jornal\u00edsticas na Contemporaneidade na Faculdade C\u00e1sper L\u00edbero (FCL). Foi editor web no Startupi e no Finsiders, atuando ainda como editor no TC Mover, portal de not\u00edcias da TradersClub, fazendo a cobertura de assuntos relacionados ao mercado financeiro interno e externo. Atualmente, \u00e9 Rep\u00f3rter do Suno Not\u00edcias.\",\"url\":\"https:\/\/www.suno.com.br\/noticias\/author\/giovanni-porfiriosuno-com-br\/\"}]}<\/script>\n<!-- \/ Yoast SEO plugin. -->","yoast_head_json":{"title":"Varejistas em 2024: ap\u00f3s ano turbulento, vale a pena investir?","description":"As varejistas ainda contabilizam os danos de 2023, enquanto o mercado j\u00e1 se pergunta: vale a pena investir no setor no ano que vem?\u00a0","robots":{"index":"index","follow":"follow","max-snippet":"max-snippet:-1","max-image-preview":"max-image-preview:large","max-video-preview":"max-video-preview:-1"},"canonical":"https:\/\/www.suno.com.br\/noticias\/varejistas-investimento-2024-gpj\/","og_locale":"pt_BR","og_type":"article","og_title":"Varejistas em 2024: ap\u00f3s ano turbulento, vale a pena investir?","og_description":"As varejistas ainda contabilizam os danos de 2023, enquanto o mercado j\u00e1 se pergunta: vale a pena investir no setor no ano que vem?\u00a0","og_url":"https:\/\/www.suno.com.br\/noticias\/varejistas-investimento-2024-gpj\/","og_site_name":"Suno Not\u00edcias","article_publisher":"https:\/\/facebook.com\/sunoresearch","og_image":[{"width":1280,"height":853,"url":"https:\/\/files.sunoresearch.com.br\/n\/uploads\/2023\/12\/hangers-1850082_1280-1.jpg","type":"image\/jpeg"}],"author":"Giovanni Porf\u00edrio Jacomino","twitter_card":"summary_large_image","twitter_creator":"@sunoresearch","twitter_site":"@sunoresearch","twitter_misc":{"Escrito por":"Giovanni Porf\u00edrio Jacomino","Est. tempo de leitura":"7 minutos"},"schema":{"@context":"https:\/\/schema.org","@graph":[{"@type":"NewsArticle","@id":"https:\/\/www.suno.com.br\/noticias\/varejistas-investimento-2024-gpj\/#article","isPartOf":{"@id":"https:\/\/www.suno.com.br\/noticias\/varejistas-investimento-2024-gpj\/"},"author":{"name":"Giovanni Porf\u00edrio Jacomino","@id":"https:\/\/www.suno.com.br\/noticias\/#\/schema\/person\/d0f32748bbca4bee871fa191ee4e2d40"},"headline":"Ap\u00f3s ano turbulento, vale a pena investir nas varejistas em 2024?","datePublished":"2023-12-12T19:44:06+00:00","dateModified":"2023-12-15T19:39:22+00:00","mainEntityOfPage":{"@id":"https:\/\/www.suno.com.br\/noticias\/varejistas-investimento-2024-gpj\/"},"wordCount":1215,"publisher":{"@id":"https:\/\/www.suno.com.br\/noticias\/#organization"},"image":{"@id":"https:\/\/www.suno.com.br\/noticias\/varejistas-investimento-2024-gpj\/#primaryimage"},"thumbnailUrl":"https:\/\/files.sunoresearch.com.br\/n\/uploads\/2023\/12\/hangers-1850082_1280-1.jpg","keywords":["A\u00e7\u00f5es","Arezzo (ARZZ3)","Assa\u00ed (ASAI3)","C&amp;A (CEAB3)","Especialistas","Eu Invisto 2024","Lojas Renner (LREN3)","varejo","Vivara (VIVA3)"],"articleSection":["Neg\u00f3cios"],"inLanguage":"pt-BR"},{"@type":"WebPage","@id":"https:\/\/www.suno.com.br\/noticias\/varejistas-investimento-2024-gpj\/","url":"https:\/\/www.suno.com.br\/noticias\/varejistas-investimento-2024-gpj\/","name":"Varejistas em 2024: ap\u00f3s ano turbulento, vale a pena investir?","isPartOf":{"@id":"https:\/\/www.suno.com.br\/noticias\/#website"},"primaryImageOfPage":{"@id":"https:\/\/www.suno.com.br\/noticias\/varejistas-investimento-2024-gpj\/#primaryimage"},"image":{"@id":"https:\/\/www.suno.com.br\/noticias\/varejistas-investimento-2024-gpj\/#primaryimage"},"thumbnailUrl":"https:\/\/files.sunoresearch.com.br\/n\/uploads\/2023\/12\/hangers-1850082_1280-1.jpg","datePublished":"2023-12-12T19:44:06+00:00","dateModified":"2023-12-15T19:39:22+00:00","description":"As varejistas ainda contabilizam os danos de 2023, enquanto o mercado j\u00e1 se pergunta: vale a pena investir no setor no ano que vem?\u00a0","breadcrumb":{"@id":"https:\/\/www.suno.com.br\/noticias\/varejistas-investimento-2024-gpj\/#breadcrumb"},"inLanguage":"pt-BR","potentialAction":[{"@type":"ReadAction","target":["https:\/\/www.suno.com.br\/noticias\/varejistas-investimento-2024-gpj\/"]}]},{"@type":"ImageObject","inLanguage":"pt-BR","@id":"https:\/\/www.suno.com.br\/noticias\/varejistas-investimento-2024-gpj\/#primaryimage","url":"https:\/\/files.sunoresearch.com.br\/n\/uploads\/2023\/12\/hangers-1850082_1280-1.jpg","contentUrl":"https:\/\/files.sunoresearch.com.br\/n\/uploads\/2023\/12\/hangers-1850082_1280-1.jpg","width":1280,"height":853,"caption":"Varejistas. Foto: Pixabay."},{"@type":"BreadcrumbList","@id":"https:\/\/www.suno.com.br\/noticias\/varejistas-investimento-2024-gpj\/#breadcrumb","itemListElement":[{"@type":"ListItem","position":1,"name":"Not\u00edcias","item":"https:\/\/www.suno.com.br\/noticias\/"},{"@type":"ListItem","position":2,"name":"Neg\u00f3cios","item":"https:\/\/www.suno.com.br\/noticias\/negocios\/"},{"@type":"ListItem","position":3,"name":"Ap\u00f3s ano turbulento, vale a pena investir nas varejistas em 2024?"}]},{"@type":"WebSite","@id":"https:\/\/www.suno.com.br\/noticias\/#website","url":"https:\/\/www.suno.com.br\/noticias\/","name":"Suno Not\u00edcias","description":"Seu portal de informa\u00e7\u00e3o sobre o mundo dos investimentos","publisher":{"@id":"https:\/\/www.suno.com.br\/noticias\/#organization"},"potentialAction":[{"@type":"SearchAction","target":{"@type":"EntryPoint","urlTemplate":"https:\/\/www.suno.com.br\/noticias\/?s={search_term_string}"},"query-input":{"@type":"PropertyValueSpecification","valueRequired":true,"valueName":"search_term_string"}}],"inLanguage":"pt-BR"},{"@type":"Organization","@id":"https:\/\/www.suno.com.br\/noticias\/#organization","name":"Suno Not\u00edcias","url":"https:\/\/www.suno.com.br\/noticias\/","logo":{"@type":"ImageObject","inLanguage":"pt-BR","@id":"https:\/\/www.suno.com.br\/noticias\/#\/schema\/logo\/image\/","url":"https:\/\/files.sunoresearch.com.br\/n\/uploads\/2021\/09\/suno-logo.png","contentUrl":"https:\/\/files.sunoresearch.com.br\/n\/uploads\/2021\/09\/suno-logo.png","width":180,"height":180,"caption":"Suno Not\u00edcias"},"image":{"@id":"https:\/\/www.suno.com.br\/noticias\/#\/schema\/logo\/image\/"},"sameAs":["https:\/\/facebook.com\/sunoresearch","https:\/\/x.com\/sunoresearch","https:\/\/www.instagram.com\/suno","https:\/\/www.linkedin.com\/company\/suno-research\/","https:\/\/www.youtube.com\/c\/sunoresearch"]},{"@type":"Person","@id":"https:\/\/www.suno.com.br\/noticias\/#\/schema\/person\/d0f32748bbca4bee871fa191ee4e2d40","name":"Giovanni Porf\u00edrio Jacomino","image":{"@type":"ImageObject","inLanguage":"pt-BR","@id":"https:\/\/www.suno.com.br\/noticias\/#\/schema\/person\/image\/","url":"https:\/\/secure.gravatar.com\/avatar\/efb32e19b730a121cb7a80f41ffec01a?s=96&r=g","contentUrl":"https:\/\/secure.gravatar.com\/avatar\/efb32e19b730a121cb7a80f41ffec01a?s=96&r=g","caption":"Giovanni Porf\u00edrio Jacomino"},"description":"Giovanni Porf\u00edrio Jacomino \u00e9 jornalista formado pela Universidade Estadual de Londrina (UEL) e p\u00f3s-graduado em Produ\u00e7\u00e3o e Pr\u00e1ticas Jornal\u00edsticas na Contemporaneidade na Faculdade C\u00e1sper L\u00edbero (FCL). Foi editor web no Startupi e no Finsiders, atuando ainda como editor no TC Mover, portal de not\u00edcias da TradersClub, fazendo a cobertura de assuntos relacionados ao mercado financeiro interno e externo. Atualmente, \u00e9 Rep\u00f3rter do Suno Not\u00edcias.","url":"https:\/\/www.suno.com.br\/noticias\/author\/giovanni-porfiriosuno-com-br\/"}]}},"default_loop_html":"<div class=\"cardsPage__listCard__boxs\"><div class=\"cardsPage__listCard__boxs__img\"><a href=\"https:\/\/www.suno.com.br\/noticias\/varejistas-investimento-2024-gpj\/\"><img class=\"mask\" src=\"https:\/\/www.suno.com.br\/noticias\/wp-content\/themes\/suno\/resources\/images\/spotlight\/spotlight1img\/bg-mask.png\" alt=\"Image Mask\"\/><img src=\"https:\/\/files.sunoresearch.com.br\/n\/uploads\/2023\/12\/hangers-1850082_1280-1-400x200.jpg\" alt=\"Ap\u00f3s ano turbulento, vale a pena investir nas varejistas em 2024?\"\/><\/a><span class=\"spotlightCategory\"><a href=\"https:\/\/www.suno.com.br\/noticias\/negocios\/\">Neg\u00f3cios<\/a><\/span><\/div><div class=\"cardsPage__listCard__boxs__content\"><a href=\"https:\/\/www.suno.com.br\/noticias\/varejistas-investimento-2024-gpj\/\"><h2 class=\"content__title\">Ap\u00f3s ano turbulento, vale a pena investir nas varejistas em 2024?<\/h2><\/a><div class=\"newsContent__article__meta\"><div class=\"newsContent__article__meta__authorBox\"><a href=\"https:\/\/www.suno.com.br\/noticias\/author\/vini08correiagmail-com\/\" class=\"authorBox__avatar noMobi\"><img src=\"https:\/\/files.sunoresearch.com.br\/n\/uploads\/2026\/04\/WhatsApp-Image-2026-04-20-at-19.35.48-150x150.webp\" alt=\"Vin\u00edcius Alves\"><\/a><div class=\"authorBox__name\"><span>por\n\t\t\t<a href=\"https:\/\/www.suno.com.br\/noticias\/author\/vini08correiagmail-com\/\"><span itemprop=\"author\">Vin\u00edcius Alves<\/span><\/a><\/span><time datetime=\"2023-12-12T16:44:06-03:00\" itemprop=\"datePublished\">12\/12\/2023 16:44<\/time><\/div><\/div><\/div><\/div><\/div>","single_layout":"posts","amp_enabled":true,"_links":{"self":[{"href":"https:\/\/www.suno.com.br\/noticias\/wp-json\/wp\/v2\/posts\/499059"}],"collection":[{"href":"https:\/\/www.suno.com.br\/noticias\/wp-json\/wp\/v2\/posts"}],"about":[{"href":"https:\/\/www.suno.com.br\/noticias\/wp-json\/wp\/v2\/types\/post"}],"author":[{"embeddable":true,"href":"https:\/\/www.suno.com.br\/noticias\/wp-json\/wp\/v2\/users\/313"}],"replies":[{"embeddable":true,"href":"https:\/\/www.suno.com.br\/noticias\/wp-json\/wp\/v2\/comments?post=499059"}],"version-history":[{"count":3,"href":"https:\/\/www.suno.com.br\/noticias\/wp-json\/wp\/v2\/posts\/499059\/revisions"}],"predecessor-version":[{"id":501232,"href":"https:\/\/www.suno.com.br\/noticias\/wp-json\/wp\/v2\/posts\/499059\/revisions\/501232"}],"wp:featuredmedia":[{"embeddable":true,"href":"https:\/\/www.suno.com.br\/noticias\/wp-json\/wp\/v2\/media\/499091"}],"wp:attachment":[{"href":"https:\/\/www.suno.com.br\/noticias\/wp-json\/wp\/v2\/media?parent=499059"}],"wp:term":[{"taxonomy":"category","embeddable":true,"href":"https:\/\/www.suno.com.br\/noticias\/wp-json\/wp\/v2\/categories?post=499059"},{"taxonomy":"post_tag","embeddable":true,"href":"https:\/\/www.suno.com.br\/noticias\/wp-json\/wp\/v2\/tags?post=499059"},{"taxonomy":"suno_strategy","embeddable":true,"href":"https:\/\/www.suno.com.br\/noticias\/wp-json\/wp\/v2\/suno_strategy?post=499059"}],"curies":[{"name":"wp","href":"https:\/\/api.w.org\/{rel}","templated":true}]}}