{"id":49896,"date":"2020-01-16T10:03:50","date_gmt":"2020-01-16T12:03:50","guid":{"rendered":"https:\/\/www.suno.com.br\/noticias\/?p=49896"},"modified":"2020-01-16T19:37:19","modified_gmt":"2020-01-16T21:37:19","slug":"ibc-br-novembro-2019","status":"publish","type":"post","link":"https:\/\/www.suno.com.br\/noticias\/ibc-br-novembro-2019\/","title":{"rendered":"IBC-Br, pr\u00e9via do PIB, sobe 0,18% em novembro de 2019"},"content":{"rendered":"<p>O <strong>IBC-Br<\/strong>, indicador de atividade econ\u00f4mica considerado a pr\u00e9via do <a href=\"https:\/\/www.suno.com.br\/artigos\/pib-produto-interno-bruto\/\">Produto Interno Bruto (PIB)<\/a> teve alta de 0,18% em novembro, na s\u00e9rie com ajuste sazonal. Os dados foram divulgados nesta quinta-feira (16) pelo <a href=\"https:\/\/www.suno.com.br\/artigos\/bacen\/\">Banco Central (BC)<\/a>.<\/p>\t<div class=\"wrapper-featured-image\">\n\t\t<figure class=\"spotlightImg\">\n\n\t\t\t<picture>\n\t\t\t\t<source media=\"(max-width: 768px)\" srcset=\"https:\/\/files.sunoresearch.com.br\/n\/uploads\/2019\/10\/1ec1ce9f-ibc-br-400x200.webp\">\n\t\t\t\t<img loading=\"lazy\" decoding=\"async\" class=\"newsContent__article__imgCapa lazyloadDisabled newsContent__article__imgCapa--noCaption\" src=\"https:\/\/files.sunoresearch.com.br\/n\/uploads\/2019\/10\/1ec1ce9f-ibc-br-800x450.webp\" width=\"800\" height=\"450\" alt=\"IBC-Br, pr\u00e9via do PIB, sobe 0,18% em novembro de 2019\" fetchpriority=high \/>\n\t\t\t<\/picture>\n\n\t\t\t<figcaption class=\"wp-caption-text wp-caption-text--hide\">IBC-Br, pr\u00e9via do PIB, teve queda de 2% em maio ante abril,, aponta BC<\/figcaption>\n\t\t<\/figure>\n\t<\/div>\n\n\n\n<p>Este foi o quarto m\u00eas consecutivo de alta do indicador. Em 2019, a alta do IBC-Br foi de 0,95%. No acumulado de 2019 at\u00e9 novembro, o crescimento foi de 0,9%. Na compara\u00e7\u00e3o com novembro de 2018, o \u00edndice avan\u00e7ou 1,10%, sem ajustes sazonais.<\/p>\n<p>A estimativa segundo especialistas ouvidos pela ag\u00eancia de not\u00edcias &#8220;Bloomberg&#8221; era de queda de 0,05% no trimestre, ap\u00f3s avan\u00e7ar 0,17% na medi\u00e7\u00e3o anterior.<\/p>\n<p><iframe loading=\"lazy\" title=\"?Carro voador da Toyota; Acordo EUA x China e setor agr\u00edcola; Reforma Tribut\u00e1ria e \u2018pr\u00e9via do PIB\u2019\" width=\"200\" height=\"113\" src=\"https:\/\/www.youtube.com\/embed\/3HBrmdRwwPA?feature=oembed\" frameborder=\"0\" allow=\"accelerometer; autoplay; encrypted-media; gyroscope; picture-in-picture\" allowfullscreen><\/iframe><\/p>\n<p>Os investidores estavam atentos \u00e0 divulga\u00e7\u00e3o do IBC-Br ap\u00f3s uma s\u00e9rie de indicadores (produ\u00e7\u00e3o industrial, servi\u00e7os e varejo) abaixo do esperado, refor\u00e7ando a expectativa por corte da <a href=\"https:\/\/www.suno.com.br\/artigos\/taxa-selic\/\">taxa b\u00e1sica de juros (Selic)<\/a>. Dessa forma, o resultado positivo pode diminuir a chance de um corte mais expressivo da taxa.<\/p>\n<h2>IBC-Br e o crescimento da economia<\/h2>\n<p>Por mais que seja entendido como uma amostra mensal do PIB, o IBC-Br possui uma metodologia de c\u00e1lculo diferente das contas nacionais calculadas pelo <strong>Instituto Brasileiro de Geografia e Estat\u00edstica <\/strong>(IBGE). Uma vez que \u00e9 revisado constantemente, se mostra mais est\u00e1vel do que a leitura mensal.<\/p>\n<p><a href=\"https:\/\/www.suno.com.br\/noticias\/boletim-focus-reduz-previsao-da-taxa-selic-para-625-em-2021\/\">Confira: Boletim Focus reduz previs\u00e3o da taxa Selic para 6,25% em 2021<\/a><\/p>\n<p>O indicador \u00e9 uma m\u00e9trica de avalia\u00e7\u00e3o da evolu\u00e7\u00e3o mensal da atividade econ\u00f4mica brasileira, ajudando o <strong>Banco Central<\/strong> a tomar decis\u00f5es quando \u00e0 <strong>Selic<\/strong>. J\u00e1 o <strong>PIB<\/strong> mostra um quadro mais amplo da economia.<\/p>\n<p>O indicador engloba informa\u00e7\u00f5es sobre o grau de atividade de diferentes setores da <a href=\"https:\/\/www.youtube.com\/channel\/UCWDeEIDAIi_oYKDiqwfGyRg\">economia<\/a>:<\/p>\n<ul>\n<li>Ind\u00fastria<\/li>\n<li>Com\u00e9rcio<\/li>\n<li>Servi\u00e7os<\/li>\n<li>Agropecu\u00e1ria<\/li>\n<li>Volume de impostos<\/li>\n<\/ul>\n\t<p>\n\t\t<a href=\"https:\/\/lp.suno.com.br\/ebook-investindo-em-fiis\/\" target=\"_blank\" data-element=\"shortcode-suno-banner\" title=\"Banner SUNO, clique e saiba mais\">\n\t\t\t<picture>\n\t\t\t\t<source media=\"(max-width: 500px)\" srcset=\"https:\/\/files.sunoresearch.com.br\/n\/uploads\/2023\/07\/Ebook-Fundos-Imobiliarios-Mobile.jpg\">\n\t\t\t\t<img class=\"newsContent__article__imgCapa newsContent__article__imgCapa--banner\"\n\t\t\t\t\tsrc=\"https:\/\/files.sunoresearch.com.br\/n\/uploads\/2023\/07\/Ebook-Fundos-Imobiliarios-Desktop.jpg\"\n\t\t\t\t\tdata-promo-id=\"378301\"\t\t\t\t\t\t\t\t\t\twidth='1420' height='286'\t\t\t\t\talt=\"https:\/\/files.sunoresearch.com.br\/n\/uploads\/2023\/07\/Ebook-Fundos-Imobiliarios-Desktop.jpg\"\n\t\t\t\t>\n\t\t\t<\/picture>\n\t\t<\/a>\n\t<\/p>\n\n\n<p>O <strong>IBC-Br<\/strong> foi criado pela institui\u00e7\u00e3o monet\u00e1ria central para apresentar a tend\u00eancia de evolu\u00e7\u00e3o da economia. No entanto, o indicador oficial da economia continua sendo o <strong>PIB<\/strong>, calculado pelo IBGE, sendo divulgado trimestralmente. A pr\u00f3xima divulga\u00e7\u00e3o oficial, referente ao quarto trimestre do ano passado, ser\u00e1 publicada pelo <strong>IBGE<\/strong> em mar\u00e7o.<\/p>\n\n","protected":false},"excerpt":{"rendered":"<p>O IBC-Br, indicador de atividade econ\u00f4mica considerado a pr\u00e9via do Produto Interno Bruto (PIB) teve alta de 0,18% em novembro, na s\u00e9rie com ajuste sazonal. Os dados foram divulgados nesta quinta-feira (16) pelo Banco Central (BC). IBC-Br, pr\u00e9via do PIB, teve queda de 2% em maio ante abril,, aponta BC Este foi o quarto m\u00eas [&hellip;]<\/p>\n","protected":false},"author":24,"featured_media":40951,"comment_status":"closed","ping_status":"closed","sticky":false,"template":"","format":"standard","meta":[],"categories":[62],"tags":[740,875,807],"suno_strategy":[],"class_list":["post-49896","post","type-post","status-publish","format-standard","has-post-thumbnail","hentry","category-economia","tag-economia","tag-ibc-br","tag-produto-interno-bruto-pib"],"yoast_head":"<!-- This site is optimized with the Yoast SEO plugin v24.4 - https:\/\/yoast.com\/wordpress\/plugins\/seo\/ -->\n<title>IBC-Br, pr\u00e9via do PIB, sobe 0,18% em novembro de 2019<\/title>\n<meta name=\"description\" content=\"O IBC-Br, indicador de atividade econ\u00f4mica considerado a &quot;pr\u00e9via do PIB&quot; teve alta\/queda de 0,18% em novembro. Clique e saiba mais.\" \/>\n<meta name=\"robots\" content=\"index, follow, max-snippet:-1, max-image-preview:large, max-video-preview:-1\" \/>\n<link rel=\"canonical\" href=\"https:\/\/www.suno.com.br\/noticias\/ibc-br-novembro-2019\/\" \/>\n<meta property=\"og:locale\" content=\"pt_BR\" \/>\n<meta property=\"og:type\" content=\"article\" \/>\n<meta property=\"og:title\" content=\"IBC-Br, pr\u00e9via do PIB, sobe 0,18% em novembro de 2019\" \/>\n<meta property=\"og:description\" content=\"O IBC-Br, indicador de atividade econ\u00f4mica considerado a &quot;pr\u00e9via do PIB&quot; teve alta\/queda de 0,18% em novembro. Clique e saiba mais.\" \/>\n<meta property=\"og:url\" content=\"https:\/\/www.suno.com.br\/noticias\/ibc-br-novembro-2019\/\" \/>\n<meta property=\"og:site_name\" content=\"Suno Not\u00edcias\" \/>\n<meta property=\"article:publisher\" content=\"https:\/\/facebook.com\/sunoresearch\" \/>\n<meta property=\"og:image\" content=\"https:\/\/files.sunoresearch.com.br\/n\/uploads\/2019\/10\/1ec1ce9f-ibc-br.jpg\" \/>\n\t<meta property=\"og:image:width\" content=\"3000\" \/>\n\t<meta property=\"og:image:height\" content=\"2000\" \/>\n\t<meta property=\"og:image:type\" content=\"image\/jpeg\" \/>\n<meta name=\"author\" content=\"Jader Lazarini\" \/>\n<meta name=\"twitter:card\" content=\"summary_large_image\" \/>\n<meta name=\"twitter:creator\" content=\"@sunoresearch\" \/>\n<meta name=\"twitter:site\" content=\"@sunoresearch\" \/>\n<meta name=\"twitter:label1\" content=\"Escrito por\" \/>\n\t<meta name=\"twitter:data1\" content=\"Jader Lazarini\" \/>\n\t<meta name=\"twitter:label2\" content=\"Est. tempo de leitura\" \/>\n\t<meta name=\"twitter:data2\" content=\"2 minutos\" \/>\n<script type=\"application\/ld+json\" class=\"yoast-schema-graph\">{\"@context\":\"https:\/\/schema.org\",\"@graph\":[{\"@type\":\"NewsArticle\",\"@id\":\"https:\/\/www.suno.com.br\/noticias\/ibc-br-novembro-2019\/#article\",\"isPartOf\":{\"@id\":\"https:\/\/www.suno.com.br\/noticias\/ibc-br-novembro-2019\/\"},\"author\":{\"name\":\"Jader Lazarini\",\"@id\":\"https:\/\/www.suno.com.br\/noticias\/#\/schema\/person\/918d79de1f0281f01599b93f9ea6e23f\"},\"headline\":\"IBC-Br, pr\u00e9via do PIB, sobe 0,18% em novembro de 2019\",\"datePublished\":\"2020-01-16T12:03:50+00:00\",\"dateModified\":\"2020-01-16T21:37:19+00:00\",\"mainEntityOfPage\":{\"@id\":\"https:\/\/www.suno.com.br\/noticias\/ibc-br-novembro-2019\/\"},\"wordCount\":372,\"publisher\":{\"@id\":\"https:\/\/www.suno.com.br\/noticias\/#organization\"},\"image\":{\"@id\":\"https:\/\/www.suno.com.br\/noticias\/ibc-br-novembro-2019\/#primaryimage\"},\"thumbnailUrl\":\"https:\/\/files.sunoresearch.com.br\/n\/uploads\/2019\/10\/1ec1ce9f-ibc-br-scaled.webp\",\"keywords\":[\"Economia\",\"IBC-Br\",\"Produto Interno Bruto (PIB)\"],\"articleSection\":[\"Economia\"],\"inLanguage\":\"pt-BR\"},{\"@type\":\"WebPage\",\"@id\":\"https:\/\/www.suno.com.br\/noticias\/ibc-br-novembro-2019\/\",\"url\":\"https:\/\/www.suno.com.br\/noticias\/ibc-br-novembro-2019\/\",\"name\":\"IBC-Br, pr\u00e9via do PIB, sobe 0,18% em novembro de 2019\",\"isPartOf\":{\"@id\":\"https:\/\/www.suno.com.br\/noticias\/#website\"},\"primaryImageOfPage\":{\"@id\":\"https:\/\/www.suno.com.br\/noticias\/ibc-br-novembro-2019\/#primaryimage\"},\"image\":{\"@id\":\"https:\/\/www.suno.com.br\/noticias\/ibc-br-novembro-2019\/#primaryimage\"},\"thumbnailUrl\":\"https:\/\/files.sunoresearch.com.br\/n\/uploads\/2019\/10\/1ec1ce9f-ibc-br-scaled.webp\",\"datePublished\":\"2020-01-16T12:03:50+00:00\",\"dateModified\":\"2020-01-16T21:37:19+00:00\",\"description\":\"O IBC-Br, indicador de atividade econ\u00f4mica considerado a \\\"pr\u00e9via do PIB\\\" teve alta\/queda de 0,18% em novembro. Clique e saiba mais.\",\"breadcrumb\":{\"@id\":\"https:\/\/www.suno.com.br\/noticias\/ibc-br-novembro-2019\/#breadcrumb\"},\"inLanguage\":\"pt-BR\",\"potentialAction\":[{\"@type\":\"ReadAction\",\"target\":[\"https:\/\/www.suno.com.br\/noticias\/ibc-br-novembro-2019\/\"]}]},{\"@type\":\"ImageObject\",\"inLanguage\":\"pt-BR\",\"@id\":\"https:\/\/www.suno.com.br\/noticias\/ibc-br-novembro-2019\/#primaryimage\",\"url\":\"https:\/\/files.sunoresearch.com.br\/n\/uploads\/2019\/10\/1ec1ce9f-ibc-br-scaled.webp\",\"contentUrl\":\"https:\/\/files.sunoresearch.com.br\/n\/uploads\/2019\/10\/1ec1ce9f-ibc-br-scaled.webp\",\"width\":2560,\"height\":1707,\"caption\":\"IBC-Br, pr\u00e9via do PIB, teve queda de 2% em maio ante abril,, aponta BC\"},{\"@type\":\"BreadcrumbList\",\"@id\":\"https:\/\/www.suno.com.br\/noticias\/ibc-br-novembro-2019\/#breadcrumb\",\"itemListElement\":[{\"@type\":\"ListItem\",\"position\":1,\"name\":\"Not\u00edcias\",\"item\":\"https:\/\/www.suno.com.br\/noticias\/\"},{\"@type\":\"ListItem\",\"position\":2,\"name\":\"Economia\",\"item\":\"https:\/\/www.suno.com.br\/noticias\/economia\/\"},{\"@type\":\"ListItem\",\"position\":3,\"name\":\"IBC-Br, pr\u00e9via do PIB, sobe 0,18% em novembro de 2019\"}]},{\"@type\":\"WebSite\",\"@id\":\"https:\/\/www.suno.com.br\/noticias\/#website\",\"url\":\"https:\/\/www.suno.com.br\/noticias\/\",\"name\":\"Suno Not\u00edcias\",\"description\":\"Seu portal de informa\u00e7\u00e3o sobre o mundo dos investimentos\",\"publisher\":{\"@id\":\"https:\/\/www.suno.com.br\/noticias\/#organization\"},\"potentialAction\":[{\"@type\":\"SearchAction\",\"target\":{\"@type\":\"EntryPoint\",\"urlTemplate\":\"https:\/\/www.suno.com.br\/noticias\/?s={search_term_string}\"},\"query-input\":{\"@type\":\"PropertyValueSpecification\",\"valueRequired\":true,\"valueName\":\"search_term_string\"}}],\"inLanguage\":\"pt-BR\"},{\"@type\":\"Organization\",\"@id\":\"https:\/\/www.suno.com.br\/noticias\/#organization\",\"name\":\"Suno Not\u00edcias\",\"url\":\"https:\/\/www.suno.com.br\/noticias\/\",\"logo\":{\"@type\":\"ImageObject\",\"inLanguage\":\"pt-BR\",\"@id\":\"https:\/\/www.suno.com.br\/noticias\/#\/schema\/logo\/image\/\",\"url\":\"https:\/\/files.sunoresearch.com.br\/n\/uploads\/2021\/09\/suno-logo.png\",\"contentUrl\":\"https:\/\/files.sunoresearch.com.br\/n\/uploads\/2021\/09\/suno-logo.png\",\"width\":180,\"height\":180,\"caption\":\"Suno Not\u00edcias\"},\"image\":{\"@id\":\"https:\/\/www.suno.com.br\/noticias\/#\/schema\/logo\/image\/\"},\"sameAs\":[\"https:\/\/facebook.com\/sunoresearch\",\"https:\/\/x.com\/sunoresearch\",\"https:\/\/www.instagram.com\/suno\",\"https:\/\/www.linkedin.com\/company\/suno-research\/\",\"https:\/\/www.youtube.com\/c\/sunoresearch\"]},{\"@type\":\"Person\",\"@id\":\"https:\/\/www.suno.com.br\/noticias\/#\/schema\/person\/918d79de1f0281f01599b93f9ea6e23f\",\"name\":\"Jader Lazarini\",\"image\":{\"@type\":\"ImageObject\",\"inLanguage\":\"pt-BR\",\"@id\":\"https:\/\/www.suno.com.br\/noticias\/#\/schema\/person\/image\/\",\"url\":\"https:\/\/secure.gravatar.com\/avatar\/3c1ad8caa51589841baeb923fcddea97?s=96&r=g\",\"contentUrl\":\"https:\/\/secure.gravatar.com\/avatar\/3c1ad8caa51589841baeb923fcddea97?s=96&r=g\",\"caption\":\"Jader Lazarini\"},\"description\":\"Jader Lazarini escreve sobre investimentos, finan\u00e7as, economia e neg\u00f3cios. \u00c9 bacharel em Rela\u00e7\u00f5es Internacionais e analista CNPI (2619).\",\"url\":\"https:\/\/www.suno.com.br\/noticias\/author\/jader-lazarini\/\"}]}<\/script>\n<!-- \/ Yoast SEO plugin. -->","yoast_head_json":{"title":"IBC-Br, pr\u00e9via do PIB, sobe 0,18% em novembro de 2019","description":"O IBC-Br, indicador de atividade econ\u00f4mica considerado a \"pr\u00e9via do PIB\" teve alta\/queda de 0,18% em novembro. Clique e saiba mais.","robots":{"index":"index","follow":"follow","max-snippet":"max-snippet:-1","max-image-preview":"max-image-preview:large","max-video-preview":"max-video-preview:-1"},"canonical":"https:\/\/www.suno.com.br\/noticias\/ibc-br-novembro-2019\/","og_locale":"pt_BR","og_type":"article","og_title":"IBC-Br, pr\u00e9via do PIB, sobe 0,18% em novembro de 2019","og_description":"O IBC-Br, indicador de atividade econ\u00f4mica considerado a \"pr\u00e9via do PIB\" teve alta\/queda de 0,18% em novembro. Clique e saiba mais.","og_url":"https:\/\/www.suno.com.br\/noticias\/ibc-br-novembro-2019\/","og_site_name":"Suno Not\u00edcias","article_publisher":"https:\/\/facebook.com\/sunoresearch","og_image":[{"width":3000,"height":2000,"url":"https:\/\/files.sunoresearch.com.br\/n\/uploads\/2019\/10\/1ec1ce9f-ibc-br.jpg","type":"image\/jpeg"}],"author":"Jader Lazarini","twitter_card":"summary_large_image","twitter_creator":"@sunoresearch","twitter_site":"@sunoresearch","twitter_misc":{"Escrito por":"Jader Lazarini","Est. tempo de leitura":"2 minutos"},"schema":{"@context":"https:\/\/schema.org","@graph":[{"@type":"NewsArticle","@id":"https:\/\/www.suno.com.br\/noticias\/ibc-br-novembro-2019\/#article","isPartOf":{"@id":"https:\/\/www.suno.com.br\/noticias\/ibc-br-novembro-2019\/"},"author":{"name":"Jader Lazarini","@id":"https:\/\/www.suno.com.br\/noticias\/#\/schema\/person\/918d79de1f0281f01599b93f9ea6e23f"},"headline":"IBC-Br, pr\u00e9via do PIB, sobe 0,18% em novembro de 2019","datePublished":"2020-01-16T12:03:50+00:00","dateModified":"2020-01-16T21:37:19+00:00","mainEntityOfPage":{"@id":"https:\/\/www.suno.com.br\/noticias\/ibc-br-novembro-2019\/"},"wordCount":372,"publisher":{"@id":"https:\/\/www.suno.com.br\/noticias\/#organization"},"image":{"@id":"https:\/\/www.suno.com.br\/noticias\/ibc-br-novembro-2019\/#primaryimage"},"thumbnailUrl":"https:\/\/files.sunoresearch.com.br\/n\/uploads\/2019\/10\/1ec1ce9f-ibc-br-scaled.webp","keywords":["Economia","IBC-Br","Produto Interno Bruto (PIB)"],"articleSection":["Economia"],"inLanguage":"pt-BR"},{"@type":"WebPage","@id":"https:\/\/www.suno.com.br\/noticias\/ibc-br-novembro-2019\/","url":"https:\/\/www.suno.com.br\/noticias\/ibc-br-novembro-2019\/","name":"IBC-Br, pr\u00e9via do PIB, sobe 0,18% em novembro de 2019","isPartOf":{"@id":"https:\/\/www.suno.com.br\/noticias\/#website"},"primaryImageOfPage":{"@id":"https:\/\/www.suno.com.br\/noticias\/ibc-br-novembro-2019\/#primaryimage"},"image":{"@id":"https:\/\/www.suno.com.br\/noticias\/ibc-br-novembro-2019\/#primaryimage"},"thumbnailUrl":"https:\/\/files.sunoresearch.com.br\/n\/uploads\/2019\/10\/1ec1ce9f-ibc-br-scaled.webp","datePublished":"2020-01-16T12:03:50+00:00","dateModified":"2020-01-16T21:37:19+00:00","description":"O IBC-Br, indicador de atividade econ\u00f4mica considerado a \"pr\u00e9via do PIB\" teve alta\/queda de 0,18% em novembro. Clique e saiba mais.","breadcrumb":{"@id":"https:\/\/www.suno.com.br\/noticias\/ibc-br-novembro-2019\/#breadcrumb"},"inLanguage":"pt-BR","potentialAction":[{"@type":"ReadAction","target":["https:\/\/www.suno.com.br\/noticias\/ibc-br-novembro-2019\/"]}]},{"@type":"ImageObject","inLanguage":"pt-BR","@id":"https:\/\/www.suno.com.br\/noticias\/ibc-br-novembro-2019\/#primaryimage","url":"https:\/\/files.sunoresearch.com.br\/n\/uploads\/2019\/10\/1ec1ce9f-ibc-br-scaled.webp","contentUrl":"https:\/\/files.sunoresearch.com.br\/n\/uploads\/2019\/10\/1ec1ce9f-ibc-br-scaled.webp","width":2560,"height":1707,"caption":"IBC-Br, pr\u00e9via do PIB, teve queda de 2% em maio ante abril,, aponta BC"},{"@type":"BreadcrumbList","@id":"https:\/\/www.suno.com.br\/noticias\/ibc-br-novembro-2019\/#breadcrumb","itemListElement":[{"@type":"ListItem","position":1,"name":"Not\u00edcias","item":"https:\/\/www.suno.com.br\/noticias\/"},{"@type":"ListItem","position":2,"name":"Economia","item":"https:\/\/www.suno.com.br\/noticias\/economia\/"},{"@type":"ListItem","position":3,"name":"IBC-Br, pr\u00e9via do PIB, sobe 0,18% em novembro de 2019"}]},{"@type":"WebSite","@id":"https:\/\/www.suno.com.br\/noticias\/#website","url":"https:\/\/www.suno.com.br\/noticias\/","name":"Suno Not\u00edcias","description":"Seu portal de informa\u00e7\u00e3o sobre o mundo dos investimentos","publisher":{"@id":"https:\/\/www.suno.com.br\/noticias\/#organization"},"potentialAction":[{"@type":"SearchAction","target":{"@type":"EntryPoint","urlTemplate":"https:\/\/www.suno.com.br\/noticias\/?s={search_term_string}"},"query-input":{"@type":"PropertyValueSpecification","valueRequired":true,"valueName":"search_term_string"}}],"inLanguage":"pt-BR"},{"@type":"Organization","@id":"https:\/\/www.suno.com.br\/noticias\/#organization","name":"Suno Not\u00edcias","url":"https:\/\/www.suno.com.br\/noticias\/","logo":{"@type":"ImageObject","inLanguage":"pt-BR","@id":"https:\/\/www.suno.com.br\/noticias\/#\/schema\/logo\/image\/","url":"https:\/\/files.sunoresearch.com.br\/n\/uploads\/2021\/09\/suno-logo.png","contentUrl":"https:\/\/files.sunoresearch.com.br\/n\/uploads\/2021\/09\/suno-logo.png","width":180,"height":180,"caption":"Suno Not\u00edcias"},"image":{"@id":"https:\/\/www.suno.com.br\/noticias\/#\/schema\/logo\/image\/"},"sameAs":["https:\/\/facebook.com\/sunoresearch","https:\/\/x.com\/sunoresearch","https:\/\/www.instagram.com\/suno","https:\/\/www.linkedin.com\/company\/suno-research\/","https:\/\/www.youtube.com\/c\/sunoresearch"]},{"@type":"Person","@id":"https:\/\/www.suno.com.br\/noticias\/#\/schema\/person\/918d79de1f0281f01599b93f9ea6e23f","name":"Jader Lazarini","image":{"@type":"ImageObject","inLanguage":"pt-BR","@id":"https:\/\/www.suno.com.br\/noticias\/#\/schema\/person\/image\/","url":"https:\/\/secure.gravatar.com\/avatar\/3c1ad8caa51589841baeb923fcddea97?s=96&r=g","contentUrl":"https:\/\/secure.gravatar.com\/avatar\/3c1ad8caa51589841baeb923fcddea97?s=96&r=g","caption":"Jader Lazarini"},"description":"Jader Lazarini escreve sobre investimentos, finan\u00e7as, economia e neg\u00f3cios. \u00c9 bacharel em Rela\u00e7\u00f5es Internacionais e analista CNPI (2619).","url":"https:\/\/www.suno.com.br\/noticias\/author\/jader-lazarini\/"}]}},"default_loop_html":"<div class=\"cardsPage__listCard__boxs\"><div class=\"cardsPage__listCard__boxs__img\"><a href=\"https:\/\/www.suno.com.br\/noticias\/ibc-br-novembro-2019\/\"><img class=\"mask\" src=\"https:\/\/www.suno.com.br\/noticias\/wp-content\/themes\/suno\/resources\/images\/spotlight\/spotlight1img\/bg-mask.png\" alt=\"Image Mask\"\/><img src=\"https:\/\/files.sunoresearch.com.br\/n\/uploads\/2019\/10\/1ec1ce9f-ibc-br-400x200.webp\" alt=\"IBC-Br, pr\u00e9via do PIB, sobe 0,18% em novembro de 2019\"\/><\/a><span class=\"spotlightCategory\"><a href=\"https:\/\/www.suno.com.br\/noticias\/economia\/\">Economia<\/a><\/span><\/div><div class=\"cardsPage__listCard__boxs__content\"><a href=\"https:\/\/www.suno.com.br\/noticias\/ibc-br-novembro-2019\/\"><h2 class=\"content__title\">IBC-Br, pr\u00e9via do PIB, sobe 0,18% em novembro de 2019<\/h2><\/a><div class=\"newsContent__article__meta\"><div class=\"newsContent__article__meta__authorBox\"><a href=\"https:\/\/www.suno.com.br\/noticias\/author\/jader-lazarini\/\" class=\"authorBox__avatar noMobi\"><img src=\"https:\/\/files.sunoresearch.com.br\/n\/uploads\/2021\/01\/178e6598-foto-perfil-2-150x150.jpg\" alt=\"Jader Lazarini\"><\/a><div class=\"authorBox__name\"><span>por\n\t\t\t<a href=\"https:\/\/www.suno.com.br\/noticias\/author\/jader-lazarini\/\"><span itemprop=\"author\">Jader Lazarini<\/span><\/a><\/span><time datetime=\"2020-01-16T10:03:50-03:00\" itemprop=\"datePublished\">16\/01\/2020 10:03<\/time><\/div><\/div><\/div><\/div><\/div>","single_layout":"posts","amp_enabled":true,"_links":{"self":[{"href":"https:\/\/www.suno.com.br\/noticias\/wp-json\/wp\/v2\/posts\/49896"}],"collection":[{"href":"https:\/\/www.suno.com.br\/noticias\/wp-json\/wp\/v2\/posts"}],"about":[{"href":"https:\/\/www.suno.com.br\/noticias\/wp-json\/wp\/v2\/types\/post"}],"author":[{"embeddable":true,"href":"https:\/\/www.suno.com.br\/noticias\/wp-json\/wp\/v2\/users\/24"}],"replies":[{"embeddable":true,"href":"https:\/\/www.suno.com.br\/noticias\/wp-json\/wp\/v2\/comments?post=49896"}],"version-history":[{"count":0,"href":"https:\/\/www.suno.com.br\/noticias\/wp-json\/wp\/v2\/posts\/49896\/revisions"}],"wp:featuredmedia":[{"embeddable":true,"href":"https:\/\/www.suno.com.br\/noticias\/wp-json\/wp\/v2\/media\/40951"}],"wp:attachment":[{"href":"https:\/\/www.suno.com.br\/noticias\/wp-json\/wp\/v2\/media?parent=49896"}],"wp:term":[{"taxonomy":"category","embeddable":true,"href":"https:\/\/www.suno.com.br\/noticias\/wp-json\/wp\/v2\/categories?post=49896"},{"taxonomy":"post_tag","embeddable":true,"href":"https:\/\/www.suno.com.br\/noticias\/wp-json\/wp\/v2\/tags?post=49896"},{"taxonomy":"suno_strategy","embeddable":true,"href":"https:\/\/www.suno.com.br\/noticias\/wp-json\/wp\/v2\/suno_strategy?post=49896"}],"curies":[{"name":"wp","href":"https:\/\/api.w.org\/{rel}","templated":true}]}}