{"id":498876,"date":"2023-12-12T11:12:54","date_gmt":"2023-12-12T14:12:54","guid":{"rendered":"https:\/\/www.suno.com.br\/noticias\/?p=498876"},"modified":"2023-12-12T11:13:00","modified_gmt":"2023-12-12T14:13:00","slug":"vale-vale3-primeira-fabrica-de-briquete-do-mundo-evm","status":"publish","type":"post","link":"https:\/\/www.suno.com.br\/noticias\/vale-vale3-primeira-fabrica-de-briquete-do-mundo-evm\/","title":{"rendered":"Vale (VALE3) inaugura primeira f\u00e1brica de briquete do mundo"},"content":{"rendered":"<p>A <a class=\"suno-keyword\" data-force=\"yes\" data-priority=\"2\" href=\"https:\/\/www.suno.com.br\/acoes\/VALE3\/\" target=\"_blank\" rel=\"noopener\"><strong>Vale<\/strong> (VALE3)<\/a> inaugura nesta ter\u00e7a-feira (12), na unidade de Tubar\u00e3o, em Vit\u00f3ria, a primeira f\u00e1brica de briquete do mundo. As informa\u00e7\u00f5es s\u00e3o do jornal Valor Econ\u00f4mico.<\/p><div class=\"videoFull \">\n\t\t\t<div class=\"videoWrapper yt-lazyload center\"\n\t\t\t\tdata-width=\"960\"\n\t\t\t\tdata-height=\"540\"\n\t\t\t\tdata-id=\"VYPmrMvnDPU\"\n\t\t\t\tdata-alt=\"V\u00eddeo do YouTube - clique para reproduzir\"\n\t\t\t\tdata-logo=\"3\"\n\t\t\t\tdata-imagequality=\"maxres\">\n\t\t\t<\/div>\n\t\t<\/div><script type=\"application\/ld+json\">{\"@context\":\"https:\/\/schema.org\",\"@type\":\"VideoObject\",\"name\":\"\ud83d\udd34 IBOVESPA 127 MIL PONTOS | PETROBRAS (PETR4) DISPARA COM PETR\u00d3LEO | NOVIDADES DA B3 (B3SA3)\",\"description\":\"#mercadofinanceiro #a\u00e7\u00f5es #investimentos #bolsadevalores #ibovespa #dinheiro #finan\u00e7as #pol\u00edtica #d\u00f3lar #livedas19h #petr4 #petrobras #vale3 #vale #a\u00e7\u00f5es #economia #dividendos #combust\u00edveis #payroll \ud83d\udd34 Por R$1: acesse nossas recomenda\u00e7\u00f5es de FIIs, a\u00e7\u00f5es E MAIS! Experimente agora o Trial do Suno Premium https:\/\/lp.suno.com.br\/pv\/sr-premium\/trial-1-real\/?utm_source=youtube.noticias&utm_medium=live&utm_campaign=RS.TSP23.ns.20231206&utm_content=lives19hnoticias 00:00 In\u00edcio do v\u00eddeo 02:05 Fechamento de preg\u00e3o 05:55 Petr\u00f3leo se recupera e PETR4 sobe 09:04 Desdobramento\u2026\",\"duration\":\"PT26M39S\",\"embedUrl\":\"https:\/\/www.youtube.com\/embed\/VYPmrMvnDPU\",\"regionsAllowed\":\"en-US\",\"interactionStatistic\":{\"@type\":\"InteractionCounter\",\"interactionType\":{\"@type\":\"WatchAction\"},\"userInteractionCount\":1990},\"thumbnailUrl\":\"https:\/\/i.ytimg.com\/vi\/VYPmrMvnDPU\/default.jpg\",\"uploadDate\":\"2023-12-09T10:34:59Z\"}<\/script>\n\n\n\n\n\t<p>\n\t\t<a href=\"\" target=\"_blank\" data-element=\"shortcode-suno-banner\" title=\"Banner SUNO, clique e saiba mais\">\n\t\t\t<picture>\n\t\t\t\t<source media=\"(max-width: 500px)\" srcset=\"\">\n\t\t\t\t<img class=\"newsContent__article__imgCapa newsContent__article__imgCapa--banner\"\n\t\t\t\t\tsrc=\"\"\n\t\t\t\t\tdata-promo-id=\"250706\"\t\t\t\t\t\t\t\t\t\t\t\t\t\t\talt=\"\"\n\t\t\t\t>\n\t\t\t<\/picture>\n\t\t<\/a>\n\t<\/p>\n\n\n\n\n\n\n\n<p>A Vale j\u00e1 conta com mais de 30 clientes interessados em receber o produto no pr\u00f3ximo ano, a maioria na Europa e no Oriente M\u00e9dio, embora haja interesse em outras regi\u00f5es &#8211; incluindo o Brasil. <\/p>\n\n\n\n<p>Segundo informa\u00e7\u00f5es dadas pela companhia ao Valor, a empresa afirma que os pedidos j\u00e1 asseguram a demanda por mais de um ano.<\/p>\n\n\n\n<p>Os testes com carga na primeira planta come\u00e7aram em agosto e apresentaram bons resultados, permitindo o in\u00edcio da opera\u00e7\u00e3o da primeira planta ainda neste ano. Uma segunda planta em Tubar\u00e3o est\u00e1 programada para inaugurar no in\u00edcio de 2024. <\/p>\n\n\n\n<p>Juntas, ter\u00e3o capacidade para produzir 6 milh\u00f5es de toneladas por ano, resultado de um investimento de R$ 1,2 bilh\u00e3o e que gerou 2.300 empregos no pico das obras. Em 2024, as duas plantas de Tubar\u00e3o produzir\u00e3o cerca de 2,5 milh\u00f5es de toneladas, com a produ\u00e7\u00e3o crescendo gradualmente at\u00e9 atingir os 6 milh\u00f5es de toneladas por ano.<\/p>\n\n\n\n<p>A produ\u00e7\u00e3o dos dois primeiros anos ser\u00e1 destinada a testes nas instala\u00e7\u00f5es desses clientes. <\/p>\n\n\n\n<p>O <strong>produto desenvolvido pela Vale<\/strong> reduz em at\u00e9 10% as emiss\u00f5es de gases de Efeito Estufa (GEE) no alto-forno e pode possibilitar, no futuro, a produ\u00e7\u00e3o de a\u00e7o de zero emiss\u00e3o, quando o hidrog\u00eanio verde estiver dispon\u00edvel.<\/p>\n\n\n\n<p>\u201cEstamos oferecendo um produto que apoiar\u00e1 nossos clientes, os fabricantes de a\u00e7o, a se adequarem \u00e0s metas de redu\u00e7\u00e3o de emiss\u00f5es que est\u00e3o sendo adotadas por governos em todo o mundo, contribuindo para o combate \u00e0 mudan\u00e7a clim\u00e1tica\u201d, declarou ao Valor o <strong>presidente da Vale<\/strong>, <a class=\"suno-keyword\" target=\"_blank\" data-force=\"no\" data-priority=\"2\" href=\"https:\/\/www.suno.com.br\/tudo-sobre\/eduardo-bartolomeo\/\" rel=\"noopener\">Eduardo Bartolomeo<\/a>.<\/p>\n\n\n\n<p>\u201cAl\u00e9m disso, estamos induzindo a neoindustrializa\u00e7\u00e3o do Brasil, que ser\u00e1 baseada na ind\u00fastria de baixo carbono, e cumprindo mais uma vez a voca\u00e7\u00e3o da Vale de \u00e2ncora do desenvolvimento regional\u201d, acrescenta.<\/p>\n\n\n\n<p>O vice-presidente executivo de solu\u00e7\u00f5es de min\u00e9rio de ferro, Marcello Spinelli, ressalta que o interesse demonstrado pelos clientes deixa a mineradora confiante de que o briquete veio para \u201crevolucionar a produ\u00e7\u00e3o de a\u00e7o\u201d. <\/p>\n\n\n\n<p>\u201cA descarboniza\u00e7\u00e3o da siderurgia se dar\u00e1 em etapas. Na primeira, nossos clientes est\u00e3o buscando formas de aumentar a <a class=\"suno-keyword\" target=\"_blank\" data-force=\"no\" data-priority=\"1\" href=\"https:\/\/www.suno.com.br\/artigos\/eficiencia-operacional\/\" rel=\"noopener\">efici\u00eancia operacional<\/a> na rota de alto-forno, reduzindo o gasto de energia e, consequentemente, diminuindo emiss\u00f5es de CO2. Nesse est\u00e1gio, o briquete j\u00e1 faz diferen\u00e7a. E na etapa final, quando o hidrog\u00eanio verde estiver dispon\u00edvel, o briquete contribuir\u00e1 para a produ\u00e7\u00e3o de a\u00e7o de zero emiss\u00e3o, o que ser\u00e1 feito por meio da rota de redu\u00e7\u00e3o direta, considerada mais \u2018limpa\u2019 que a do alto-forno&#8221;, afirma Spinelli<\/p>\n\n\n\t<p>\n\t\t<a href=\"https:\/\/lp.suno.com.br\/ebook-como-analisar-uma-acao\/\" target=\"_blank\" data-element=\"shortcode-suno-banner\" title=\"Banner SUNO, clique e saiba mais\">\n\t\t\t<picture>\n\t\t\t\t<source media=\"(max-width: 500px)\" srcset=\"https:\/\/files.sunoresearch.com.br\/n\/uploads\/2023\/03\/Ebook-Acoes-Mobile.jpg\">\n\t\t\t\t<img class=\"newsContent__article__imgCapa newsContent__article__imgCapa--banner\"\n\t\t\t\t\tsrc=\"https:\/\/files.sunoresearch.com.br\/n\/uploads\/2023\/03\/Ebook-Acoes-Desktop.jpg\"\n\t\t\t\t\tdata-promo-id=\"378302\"\t\t\t\t\t\t\t\t\t\twidth='1420' height='286'\t\t\t\t\talt=\"https:\/\/files.sunoresearch.com.br\/n\/uploads\/2023\/03\/Ebook-Acoes-Desktop.jpg\"\n\t\t\t\t>\n\t\t\t<\/picture>\n\t\t<\/a>\n\t<\/p>\n\n\n\n\n\n<h2 class=\"wp-block-heading\">Como \u00e9 produzido o briquete, foco da f\u00e1brica da Vale<\/h2>\n\n\n\n<p>O <strong>briquete<\/strong> \u00e9 produzido a partir da aglomera\u00e7\u00e3o a baixas temperaturas de min\u00e9rio de ferro de alta qualidade.<\/p>\n\n\n\n<p>A produ\u00e7\u00e3o envolve uma solu\u00e7\u00e3o tecnol\u00f3gica de aglomerantes que confere elevada resist\u00eancia mec\u00e2nica ao produto final. <\/p>\n\n\n\n<p>Anunciado pela Vale ainda em meados de 2021, o produto emite menos particulados e gases como di\u00f3xido de enxofre (SOX) e o \u00f3xido de nitrog\u00eanio (NOX) quando comparado aos processos tradicionais de aglomera\u00e7\u00e3o.<\/p>\n\n\n\n<p>Al\u00e9m disso, dispensa o uso da \u00e1gua em sua fabrica\u00e7\u00e3o.<\/p>\n\n\n\n<p>O desenvolvimento do briquete teve in\u00edcio no Centro de Tratamento de Ferrosos (CTF) da Vale, na cidade de Nova Lima (MG), h\u00e1 cerca de 20 anos atr\u00e1s. <\/p>\n\n\n\n<p>A ideia de aglomerar min\u00e9rio de ferro por meio da briquetagem n\u00e3o era nova, mas os pesquisadores tinham dificuldade de garantir que o produto mantivesse a integridade no alto-forno. A <strong>Vale<\/strong>, ent\u00e3o, desenvolveu uma solu\u00e7\u00e3o de aglomerantes que resolveu esse problema.<\/p>\n\n\n\t<p>\n\t\t<a href=\"https:\/\/lp.suno.com.br\/plataforma-de-controle-de-investimentos\/\" target=\"_blank\" data-element=\"shortcode-suno-banner\" title=\"Banner SUNO, clique e saiba mais\">\n\t\t\t<picture>\n\t\t\t\t<source media=\"(max-width: 500px)\" srcset=\"https:\/\/files.sunoresearch.com.br\/n\/uploads\/2023\/03\/400x300-Controle-de-Investimentos.png\">\n\t\t\t\t<img class=\"newsContent__article__imgCapa newsContent__article__imgCapa--banner\"\n\t\t\t\t\tsrc=\"https:\/\/files.sunoresearch.com.br\/n\/uploads\/2023\/03\/1420x240-Controle-de-Investimentos.png\"\n\t\t\t\t\tdata-promo-id=\"383162\"\t\t\t\t\t\t\t\t\t\twidth='1420' height='240'\t\t\t\t\talt=\"https:\/\/files.sunoresearch.com.br\/n\/uploads\/2023\/03\/1420x240-Controle-de-Investimentos.png\"\n\t\t\t\t>\n\t\t\t<\/picture>\n\t\t<\/a>\n\t<\/p>\n\n\n","protected":false},"excerpt":{"rendered":"<p>A Vale (VALE3) inaugura nesta ter\u00e7a-feira (12), na unidade de Tubar\u00e3o, em Vit\u00f3ria, a primeira f\u00e1brica de briquete do mundo. As informa\u00e7\u00f5es s\u00e3o do jornal Valor Econ\u00f4mico. A Vale j\u00e1 conta com mais de 30 clientes interessados em receber o produto no pr\u00f3ximo ano, a maioria na Europa e no Oriente M\u00e9dio, embora haja interesse [&hellip;]<\/p>\n","protected":false},"author":73,"featured_media":331473,"comment_status":"closed","ping_status":"closed","sticky":false,"template":"","format":"standard","meta":[],"categories":[64],"tags":[676],"suno_strategy":[],"class_list":["post-498876","post","type-post","status-publish","format-standard","has-post-thumbnail","hentry","category-negocios","tag-vale-vale3"],"yoast_head":"<!-- This site is optimized with the Yoast SEO plugin v24.4 - https:\/\/yoast.com\/wordpress\/plugins\/seo\/ -->\n<title>Vale (VALE3) inaugura primeira f\u00e1brica de briquete do mundo<\/title>\n<meta name=\"description\" content=\"A Vale j\u00e1 conta com mais de 30 clientes interessados em receber o produto no pr\u00f3ximo ano, a maioria na Europa e no Oriente M\u00e9dio\" \/>\n<meta name=\"robots\" content=\"index, follow, max-snippet:-1, max-image-preview:large, max-video-preview:-1\" \/>\n<link rel=\"canonical\" href=\"https:\/\/www.suno.com.br\/noticias\/vale-vale3-primeira-fabrica-de-briquete-do-mundo-evm\/\" \/>\n<meta property=\"og:locale\" content=\"pt_BR\" \/>\n<meta property=\"og:type\" content=\"article\" \/>\n<meta property=\"og:title\" content=\"Vale (VALE3) inaugura primeira f\u00e1brica de briquete do mundo\" \/>\n<meta property=\"og:description\" content=\"A Vale j\u00e1 conta com mais de 30 clientes interessados em receber o produto no pr\u00f3ximo ano, a maioria na Europa e no Oriente M\u00e9dio\" \/>\n<meta property=\"og:url\" content=\"https:\/\/www.suno.com.br\/noticias\/vale-vale3-primeira-fabrica-de-briquete-do-mundo-evm\/\" \/>\n<meta property=\"og:site_name\" content=\"Suno Not\u00edcias\" \/>\n<meta property=\"article:publisher\" content=\"https:\/\/facebook.com\/sunoresearch\" \/>\n<meta property=\"og:image\" content=\"https:\/\/files.sunoresearch.com.br\/n\/uploads\/2022\/12\/vale-vale3.jpg\" \/>\n\t<meta property=\"og:image:width\" content=\"1200\" \/>\n\t<meta property=\"og:image:height\" content=\"800\" \/>\n\t<meta property=\"og:image:type\" content=\"image\/jpeg\" \/>\n<meta name=\"author\" content=\"Eduardo Vargas\" \/>\n<meta name=\"twitter:card\" content=\"summary_large_image\" \/>\n<meta name=\"twitter:creator\" content=\"@sunoresearch\" \/>\n<meta name=\"twitter:site\" content=\"@sunoresearch\" \/>\n<meta name=\"twitter:label1\" content=\"Escrito por\" \/>\n\t<meta name=\"twitter:data1\" content=\"Eduardo Vargas\" \/>\n\t<meta name=\"twitter:label2\" content=\"Est. tempo de leitura\" \/>\n\t<meta name=\"twitter:data2\" content=\"4 minutos\" \/>\n<script type=\"application\/ld+json\" class=\"yoast-schema-graph\">{\"@context\":\"https:\/\/schema.org\",\"@graph\":[{\"@type\":\"NewsArticle\",\"@id\":\"https:\/\/www.suno.com.br\/noticias\/vale-vale3-primeira-fabrica-de-briquete-do-mundo-evm\/#article\",\"isPartOf\":{\"@id\":\"https:\/\/www.suno.com.br\/noticias\/vale-vale3-primeira-fabrica-de-briquete-do-mundo-evm\/\"},\"author\":{\"name\":\"Eduardo Vargas\",\"@id\":\"https:\/\/www.suno.com.br\/noticias\/#\/schema\/person\/7f4d362bf3518e76090143ae77bb49a5\"},\"headline\":\"Vale (VALE3) inaugura primeira f\u00e1brica de briquete do mundo\",\"datePublished\":\"2023-12-12T14:12:54+00:00\",\"dateModified\":\"2023-12-12T14:13:00+00:00\",\"mainEntityOfPage\":{\"@id\":\"https:\/\/www.suno.com.br\/noticias\/vale-vale3-primeira-fabrica-de-briquete-do-mundo-evm\/\"},\"wordCount\":659,\"publisher\":{\"@id\":\"https:\/\/www.suno.com.br\/noticias\/#organization\"},\"image\":{\"@id\":\"https:\/\/www.suno.com.br\/noticias\/vale-vale3-primeira-fabrica-de-briquete-do-mundo-evm\/#primaryimage\"},\"thumbnailUrl\":\"https:\/\/files.sunoresearch.com.br\/n\/uploads\/2022\/12\/vale-vale3.jpg\",\"keywords\":[\"Vale (VALE3)\"],\"articleSection\":[\"Neg\u00f3cios\"],\"inLanguage\":\"pt-BR\"},{\"@type\":\"WebPage\",\"@id\":\"https:\/\/www.suno.com.br\/noticias\/vale-vale3-primeira-fabrica-de-briquete-do-mundo-evm\/\",\"url\":\"https:\/\/www.suno.com.br\/noticias\/vale-vale3-primeira-fabrica-de-briquete-do-mundo-evm\/\",\"name\":\"Vale (VALE3) inaugura primeira f\u00e1brica de briquete do mundo\",\"isPartOf\":{\"@id\":\"https:\/\/www.suno.com.br\/noticias\/#website\"},\"primaryImageOfPage\":{\"@id\":\"https:\/\/www.suno.com.br\/noticias\/vale-vale3-primeira-fabrica-de-briquete-do-mundo-evm\/#primaryimage\"},\"image\":{\"@id\":\"https:\/\/www.suno.com.br\/noticias\/vale-vale3-primeira-fabrica-de-briquete-do-mundo-evm\/#primaryimage\"},\"thumbnailUrl\":\"https:\/\/files.sunoresearch.com.br\/n\/uploads\/2022\/12\/vale-vale3.jpg\",\"datePublished\":\"2023-12-12T14:12:54+00:00\",\"dateModified\":\"2023-12-12T14:13:00+00:00\",\"description\":\"A Vale j\u00e1 conta com mais de 30 clientes interessados em receber o produto no pr\u00f3ximo ano, a maioria na Europa e no Oriente M\u00e9dio\",\"breadcrumb\":{\"@id\":\"https:\/\/www.suno.com.br\/noticias\/vale-vale3-primeira-fabrica-de-briquete-do-mundo-evm\/#breadcrumb\"},\"inLanguage\":\"pt-BR\",\"potentialAction\":[{\"@type\":\"ReadAction\",\"target\":[\"https:\/\/www.suno.com.br\/noticias\/vale-vale3-primeira-fabrica-de-briquete-do-mundo-evm\/\"]}]},{\"@type\":\"ImageObject\",\"inLanguage\":\"pt-BR\",\"@id\":\"https:\/\/www.suno.com.br\/noticias\/vale-vale3-primeira-fabrica-de-briquete-do-mundo-evm\/#primaryimage\",\"url\":\"https:\/\/files.sunoresearch.com.br\/n\/uploads\/2022\/12\/vale-vale3.jpg\",\"contentUrl\":\"https:\/\/files.sunoresearch.com.br\/n\/uploads\/2022\/12\/vale-vale3.jpg\",\"width\":1200,\"height\":800,\"caption\":\"Vale (VALE3). Foto: Divulga\u00e7\u00e3o\/Vale\"},{\"@type\":\"BreadcrumbList\",\"@id\":\"https:\/\/www.suno.com.br\/noticias\/vale-vale3-primeira-fabrica-de-briquete-do-mundo-evm\/#breadcrumb\",\"itemListElement\":[{\"@type\":\"ListItem\",\"position\":1,\"name\":\"Not\u00edcias\",\"item\":\"https:\/\/www.suno.com.br\/noticias\/\"},{\"@type\":\"ListItem\",\"position\":2,\"name\":\"Neg\u00f3cios\",\"item\":\"https:\/\/www.suno.com.br\/noticias\/negocios\/\"},{\"@type\":\"ListItem\",\"position\":3,\"name\":\"Vale (VALE3) inaugura primeira f\u00e1brica de briquete do mundo\"}]},{\"@type\":\"WebSite\",\"@id\":\"https:\/\/www.suno.com.br\/noticias\/#website\",\"url\":\"https:\/\/www.suno.com.br\/noticias\/\",\"name\":\"Suno Not\u00edcias\",\"description\":\"Seu portal de informa\u00e7\u00e3o sobre o mundo dos investimentos\",\"publisher\":{\"@id\":\"https:\/\/www.suno.com.br\/noticias\/#organization\"},\"potentialAction\":[{\"@type\":\"SearchAction\",\"target\":{\"@type\":\"EntryPoint\",\"urlTemplate\":\"https:\/\/www.suno.com.br\/noticias\/?s={search_term_string}\"},\"query-input\":{\"@type\":\"PropertyValueSpecification\",\"valueRequired\":true,\"valueName\":\"search_term_string\"}}],\"inLanguage\":\"pt-BR\"},{\"@type\":\"Organization\",\"@id\":\"https:\/\/www.suno.com.br\/noticias\/#organization\",\"name\":\"Suno Not\u00edcias\",\"url\":\"https:\/\/www.suno.com.br\/noticias\/\",\"logo\":{\"@type\":\"ImageObject\",\"inLanguage\":\"pt-BR\",\"@id\":\"https:\/\/www.suno.com.br\/noticias\/#\/schema\/logo\/image\/\",\"url\":\"https:\/\/files.sunoresearch.com.br\/n\/uploads\/2021\/09\/suno-logo.png\",\"contentUrl\":\"https:\/\/files.sunoresearch.com.br\/n\/uploads\/2021\/09\/suno-logo.png\",\"width\":180,\"height\":180,\"caption\":\"Suno Not\u00edcias\"},\"image\":{\"@id\":\"https:\/\/www.suno.com.br\/noticias\/#\/schema\/logo\/image\/\"},\"sameAs\":[\"https:\/\/facebook.com\/sunoresearch\",\"https:\/\/x.com\/sunoresearch\",\"https:\/\/www.instagram.com\/suno\",\"https:\/\/www.linkedin.com\/company\/suno-research\/\",\"https:\/\/www.youtube.com\/c\/sunoresearch\"]},{\"@type\":\"Person\",\"@id\":\"https:\/\/www.suno.com.br\/noticias\/#\/schema\/person\/7f4d362bf3518e76090143ae77bb49a5\",\"name\":\"Eduardo Vargas\",\"image\":{\"@type\":\"ImageObject\",\"inLanguage\":\"pt-BR\",\"@id\":\"https:\/\/www.suno.com.br\/noticias\/#\/schema\/person\/image\/\",\"url\":\"https:\/\/secure.gravatar.com\/avatar\/dac340933427a22924c9f99d1eb2e3f2?s=96&r=g\",\"contentUrl\":\"https:\/\/secure.gravatar.com\/avatar\/dac340933427a22924c9f99d1eb2e3f2?s=96&r=g\",\"caption\":\"Eduardo Vargas\"},\"description\":\"Jornalista formado pela UFSC, cobre macroeconomia, neg\u00f3cios e startups para o Suno Not\u00edcias, escrevendo principalmente not\u00edcias sobre o mercado financeiro e a bolsa de valores. No YouTube e no Instagram, \u00e9 respons\u00e1vel pela produ\u00e7\u00e3o de Reels e Shorts do Suno Not\u00edcias. Anteriormente, trabalhou cobrindo economia e cotidiano no ND+ e para o ND, maior jornal impresso de Santa Catarina. Cursou um semestre letivo de Estudos de M\u00eddia na Universidad de Buenos Aires.\",\"url\":\"https:\/\/www.suno.com.br\/noticias\/author\/eduardo-vargas\/\"}]}<\/script>\n<!-- \/ Yoast SEO plugin. -->","yoast_head_json":{"title":"Vale (VALE3) inaugura primeira f\u00e1brica de briquete do mundo","description":"A Vale j\u00e1 conta com mais de 30 clientes interessados em receber o produto no pr\u00f3ximo ano, a maioria na Europa e no Oriente M\u00e9dio","robots":{"index":"index","follow":"follow","max-snippet":"max-snippet:-1","max-image-preview":"max-image-preview:large","max-video-preview":"max-video-preview:-1"},"canonical":"https:\/\/www.suno.com.br\/noticias\/vale-vale3-primeira-fabrica-de-briquete-do-mundo-evm\/","og_locale":"pt_BR","og_type":"article","og_title":"Vale (VALE3) inaugura primeira f\u00e1brica de briquete do mundo","og_description":"A Vale j\u00e1 conta com mais de 30 clientes interessados em receber o produto no pr\u00f3ximo ano, a maioria na Europa e no Oriente M\u00e9dio","og_url":"https:\/\/www.suno.com.br\/noticias\/vale-vale3-primeira-fabrica-de-briquete-do-mundo-evm\/","og_site_name":"Suno Not\u00edcias","article_publisher":"https:\/\/facebook.com\/sunoresearch","og_image":[{"width":1200,"height":800,"url":"https:\/\/files.sunoresearch.com.br\/n\/uploads\/2022\/12\/vale-vale3.jpg","type":"image\/jpeg"}],"author":"Eduardo Vargas","twitter_card":"summary_large_image","twitter_creator":"@sunoresearch","twitter_site":"@sunoresearch","twitter_misc":{"Escrito por":"Eduardo Vargas","Est. tempo de leitura":"4 minutos"},"schema":{"@context":"https:\/\/schema.org","@graph":[{"@type":"NewsArticle","@id":"https:\/\/www.suno.com.br\/noticias\/vale-vale3-primeira-fabrica-de-briquete-do-mundo-evm\/#article","isPartOf":{"@id":"https:\/\/www.suno.com.br\/noticias\/vale-vale3-primeira-fabrica-de-briquete-do-mundo-evm\/"},"author":{"name":"Eduardo Vargas","@id":"https:\/\/www.suno.com.br\/noticias\/#\/schema\/person\/7f4d362bf3518e76090143ae77bb49a5"},"headline":"Vale (VALE3) inaugura primeira f\u00e1brica de briquete do mundo","datePublished":"2023-12-12T14:12:54+00:00","dateModified":"2023-12-12T14:13:00+00:00","mainEntityOfPage":{"@id":"https:\/\/www.suno.com.br\/noticias\/vale-vale3-primeira-fabrica-de-briquete-do-mundo-evm\/"},"wordCount":659,"publisher":{"@id":"https:\/\/www.suno.com.br\/noticias\/#organization"},"image":{"@id":"https:\/\/www.suno.com.br\/noticias\/vale-vale3-primeira-fabrica-de-briquete-do-mundo-evm\/#primaryimage"},"thumbnailUrl":"https:\/\/files.sunoresearch.com.br\/n\/uploads\/2022\/12\/vale-vale3.jpg","keywords":["Vale (VALE3)"],"articleSection":["Neg\u00f3cios"],"inLanguage":"pt-BR"},{"@type":"WebPage","@id":"https:\/\/www.suno.com.br\/noticias\/vale-vale3-primeira-fabrica-de-briquete-do-mundo-evm\/","url":"https:\/\/www.suno.com.br\/noticias\/vale-vale3-primeira-fabrica-de-briquete-do-mundo-evm\/","name":"Vale (VALE3) inaugura primeira f\u00e1brica de briquete do mundo","isPartOf":{"@id":"https:\/\/www.suno.com.br\/noticias\/#website"},"primaryImageOfPage":{"@id":"https:\/\/www.suno.com.br\/noticias\/vale-vale3-primeira-fabrica-de-briquete-do-mundo-evm\/#primaryimage"},"image":{"@id":"https:\/\/www.suno.com.br\/noticias\/vale-vale3-primeira-fabrica-de-briquete-do-mundo-evm\/#primaryimage"},"thumbnailUrl":"https:\/\/files.sunoresearch.com.br\/n\/uploads\/2022\/12\/vale-vale3.jpg","datePublished":"2023-12-12T14:12:54+00:00","dateModified":"2023-12-12T14:13:00+00:00","description":"A Vale j\u00e1 conta com mais de 30 clientes interessados em receber o produto no pr\u00f3ximo ano, a maioria na Europa e no Oriente M\u00e9dio","breadcrumb":{"@id":"https:\/\/www.suno.com.br\/noticias\/vale-vale3-primeira-fabrica-de-briquete-do-mundo-evm\/#breadcrumb"},"inLanguage":"pt-BR","potentialAction":[{"@type":"ReadAction","target":["https:\/\/www.suno.com.br\/noticias\/vale-vale3-primeira-fabrica-de-briquete-do-mundo-evm\/"]}]},{"@type":"ImageObject","inLanguage":"pt-BR","@id":"https:\/\/www.suno.com.br\/noticias\/vale-vale3-primeira-fabrica-de-briquete-do-mundo-evm\/#primaryimage","url":"https:\/\/files.sunoresearch.com.br\/n\/uploads\/2022\/12\/vale-vale3.jpg","contentUrl":"https:\/\/files.sunoresearch.com.br\/n\/uploads\/2022\/12\/vale-vale3.jpg","width":1200,"height":800,"caption":"Vale (VALE3). Foto: Divulga\u00e7\u00e3o\/Vale"},{"@type":"BreadcrumbList","@id":"https:\/\/www.suno.com.br\/noticias\/vale-vale3-primeira-fabrica-de-briquete-do-mundo-evm\/#breadcrumb","itemListElement":[{"@type":"ListItem","position":1,"name":"Not\u00edcias","item":"https:\/\/www.suno.com.br\/noticias\/"},{"@type":"ListItem","position":2,"name":"Neg\u00f3cios","item":"https:\/\/www.suno.com.br\/noticias\/negocios\/"},{"@type":"ListItem","position":3,"name":"Vale (VALE3) inaugura primeira f\u00e1brica de briquete do mundo"}]},{"@type":"WebSite","@id":"https:\/\/www.suno.com.br\/noticias\/#website","url":"https:\/\/www.suno.com.br\/noticias\/","name":"Suno Not\u00edcias","description":"Seu portal de informa\u00e7\u00e3o sobre o mundo dos investimentos","publisher":{"@id":"https:\/\/www.suno.com.br\/noticias\/#organization"},"potentialAction":[{"@type":"SearchAction","target":{"@type":"EntryPoint","urlTemplate":"https:\/\/www.suno.com.br\/noticias\/?s={search_term_string}"},"query-input":{"@type":"PropertyValueSpecification","valueRequired":true,"valueName":"search_term_string"}}],"inLanguage":"pt-BR"},{"@type":"Organization","@id":"https:\/\/www.suno.com.br\/noticias\/#organization","name":"Suno Not\u00edcias","url":"https:\/\/www.suno.com.br\/noticias\/","logo":{"@type":"ImageObject","inLanguage":"pt-BR","@id":"https:\/\/www.suno.com.br\/noticias\/#\/schema\/logo\/image\/","url":"https:\/\/files.sunoresearch.com.br\/n\/uploads\/2021\/09\/suno-logo.png","contentUrl":"https:\/\/files.sunoresearch.com.br\/n\/uploads\/2021\/09\/suno-logo.png","width":180,"height":180,"caption":"Suno Not\u00edcias"},"image":{"@id":"https:\/\/www.suno.com.br\/noticias\/#\/schema\/logo\/image\/"},"sameAs":["https:\/\/facebook.com\/sunoresearch","https:\/\/x.com\/sunoresearch","https:\/\/www.instagram.com\/suno","https:\/\/www.linkedin.com\/company\/suno-research\/","https:\/\/www.youtube.com\/c\/sunoresearch"]},{"@type":"Person","@id":"https:\/\/www.suno.com.br\/noticias\/#\/schema\/person\/7f4d362bf3518e76090143ae77bb49a5","name":"Eduardo Vargas","image":{"@type":"ImageObject","inLanguage":"pt-BR","@id":"https:\/\/www.suno.com.br\/noticias\/#\/schema\/person\/image\/","url":"https:\/\/secure.gravatar.com\/avatar\/dac340933427a22924c9f99d1eb2e3f2?s=96&r=g","contentUrl":"https:\/\/secure.gravatar.com\/avatar\/dac340933427a22924c9f99d1eb2e3f2?s=96&r=g","caption":"Eduardo Vargas"},"description":"Jornalista formado pela UFSC, cobre macroeconomia, neg\u00f3cios e startups para o Suno Not\u00edcias, escrevendo principalmente not\u00edcias sobre o mercado financeiro e a bolsa de valores. No YouTube e no Instagram, \u00e9 respons\u00e1vel pela produ\u00e7\u00e3o de Reels e Shorts do Suno Not\u00edcias. Anteriormente, trabalhou cobrindo economia e cotidiano no ND+ e para o ND, maior jornal impresso de Santa Catarina. Cursou um semestre letivo de Estudos de M\u00eddia na Universidad de Buenos Aires.","url":"https:\/\/www.suno.com.br\/noticias\/author\/eduardo-vargas\/"}]}},"default_loop_html":"<div class=\"cardsPage__listCard__boxs\"><div class=\"cardsPage__listCard__boxs__img\"><a href=\"https:\/\/www.suno.com.br\/noticias\/vale-vale3-primeira-fabrica-de-briquete-do-mundo-evm\/\"><img class=\"mask\" src=\"https:\/\/www.suno.com.br\/noticias\/wp-content\/themes\/suno\/resources\/images\/spotlight\/spotlight1img\/bg-mask.png\" alt=\"Image Mask\"\/><img src=\"https:\/\/files.sunoresearch.com.br\/n\/uploads\/2022\/12\/vale-vale3-400x200.jpg\" alt=\"Vale (VALE3) inaugura primeira f\u00e1brica de briquete do mundo\"\/><\/a><span class=\"spotlightCategory\"><a href=\"https:\/\/www.suno.com.br\/noticias\/negocios\/\">Neg\u00f3cios<\/a><\/span><\/div><div class=\"cardsPage__listCard__boxs__content\"><a href=\"https:\/\/www.suno.com.br\/noticias\/vale-vale3-primeira-fabrica-de-briquete-do-mundo-evm\/\"><h2 class=\"content__title\">Vale (VALE3) inaugura primeira f\u00e1brica de briquete do mundo<\/h2><\/a><div class=\"newsContent__article__meta\"><div class=\"newsContent__article__meta__authorBox\"><a href=\"https:\/\/www.suno.com.br\/noticias\/author\/eduardo-vargas\/\" class=\"authorBox__avatar noMobi\"><img src=\"https:\/\/secure.gravatar.com\/avatar\/dac340933427a22924c9f99d1eb2e3f2?s=96&#038;r=g\" alt=\"Eduardo Vargas\"><\/a><div class=\"authorBox__name\"><span>por\n\t\t\t<a href=\"https:\/\/www.suno.com.br\/noticias\/author\/eduardo-vargas\/\"><span itemprop=\"author\">Eduardo Vargas<\/span><\/a><\/span><time datetime=\"2023-12-12T11:12:54-03:00\" itemprop=\"datePublished\">12\/12\/2023 11:12<\/time><\/div><\/div><\/div><\/div><\/div>","single_layout":"posts","amp_enabled":true,"_links":{"self":[{"href":"https:\/\/www.suno.com.br\/noticias\/wp-json\/wp\/v2\/posts\/498876"}],"collection":[{"href":"https:\/\/www.suno.com.br\/noticias\/wp-json\/wp\/v2\/posts"}],"about":[{"href":"https:\/\/www.suno.com.br\/noticias\/wp-json\/wp\/v2\/types\/post"}],"author":[{"embeddable":true,"href":"https:\/\/www.suno.com.br\/noticias\/wp-json\/wp\/v2\/users\/73"}],"replies":[{"embeddable":true,"href":"https:\/\/www.suno.com.br\/noticias\/wp-json\/wp\/v2\/comments?post=498876"}],"version-history":[{"count":3,"href":"https:\/\/www.suno.com.br\/noticias\/wp-json\/wp\/v2\/posts\/498876\/revisions"}],"predecessor-version":[{"id":498897,"href":"https:\/\/www.suno.com.br\/noticias\/wp-json\/wp\/v2\/posts\/498876\/revisions\/498897"}],"wp:featuredmedia":[{"embeddable":true,"href":"https:\/\/www.suno.com.br\/noticias\/wp-json\/wp\/v2\/media\/331473"}],"wp:attachment":[{"href":"https:\/\/www.suno.com.br\/noticias\/wp-json\/wp\/v2\/media?parent=498876"}],"wp:term":[{"taxonomy":"category","embeddable":true,"href":"https:\/\/www.suno.com.br\/noticias\/wp-json\/wp\/v2\/categories?post=498876"},{"taxonomy":"post_tag","embeddable":true,"href":"https:\/\/www.suno.com.br\/noticias\/wp-json\/wp\/v2\/tags?post=498876"},{"taxonomy":"suno_strategy","embeddable":true,"href":"https:\/\/www.suno.com.br\/noticias\/wp-json\/wp\/v2\/suno_strategy?post=498876"}],"curies":[{"name":"wp","href":"https:\/\/api.w.org\/{rel}","templated":true}]}}