{"id":498841,"date":"2023-12-12T10:47:37","date_gmt":"2023-12-12T13:47:37","guid":{"rendered":"https:\/\/www.suno.com.br\/noticias\/?p=498841"},"modified":"2023-12-12T11:01:55","modified_gmt":"2023-12-12T14:01:55","slug":"destaques-petrobras-petr4-americanas-e-mais-va-2","status":"publish","type":"post","link":"https:\/\/www.suno.com.br\/noticias\/destaques-petrobras-petr4-americanas-e-mais-va-2\/","title":{"rendered":"Petrobras (PETR4), Americanas (AMER3) e Usiminas (USIM5) agitam mercado nesta ter\u00e7a-feira (12); veja mais destaques"},"content":{"rendered":"<p>A informa\u00e7\u00e3o de que a <strong>Petrobras <\/strong>(PETR4) aprovou acordo judicial com a <a class=\"suno-keyword\" target=\"_blank\" data-force=\"yes\" data-priority=\"2\" href=\"https:\/\/www.suno.com.br\/acoes\/ELET3\/\" rel=\"noopener\">Eletrobras (ELET3)<\/a> \u00e9 um dos destaques desta ter\u00e7a-feira (12).&nbsp;<\/p>\t<div class=\"wrapper-featured-image\">\n\t\t<figure class=\"spotlightImg\">\n\n\t\t\t<picture>\n\t\t\t\t<source media=\"(max-width: 768px)\" srcset=\"https:\/\/files.sunoresearch.com.br\/n\/uploads\/2023\/10\/bolsa-mercado-ibovespa-acoes-400x200.jpg\">\n\t\t\t\t<img loading=\"lazy\" decoding=\"async\" class=\"newsContent__article__imgCapa lazyloadDisabled \" src=\"https:\/\/files.sunoresearch.com.br\/n\/uploads\/2023\/10\/bolsa-mercado-ibovespa-acoes-800x450.jpg\" width=\"800\" height=\"450\" alt=\"Petrobras (PETR4), Americanas (AMER3) e Usiminas (USIM5) agitam mercado nesta ter\u00e7a-feira (12); veja mais destaques\" fetchpriority=high \/>\n\t\t\t<\/picture>\n\n\t\t\t<figcaption class=\"wp-caption-text wp-caption-text--show\">Petrobras (PETR4), Americanas (AMER3) e Marisa (AMAR3) est\u00e3o no foco do mercado. Foto:iStock<\/figcaption>\n\t\t<\/figure>\n\t<\/div>\n\n\n\n\n\n\t<p>\n\t\t<a href=\"https:\/\/lp.suno.com.br\/planilha-da-vida-financeira\/\" target=\"_blank\" data-element=\"shortcode-suno-banner\" title=\"Banner SUNO, clique e saiba mais\">\n\t\t\t<picture>\n\t\t\t\t<source media=\"(max-width: 500px)\" srcset=\"https:\/\/files.sunoresearch.com.br\/n\/uploads\/2023\/04\/400x300-Planilha-vida-financeira-true.png\">\n\t\t\t\t<img class=\"newsContent__article__imgCapa newsContent__article__imgCapa--banner\"\n\t\t\t\t\tsrc=\"https:\/\/files.sunoresearch.com.br\/n\/uploads\/2023\/04\/1420x240-Planilha-vida-financeira-true.png\"\n\t\t\t\t\tdata-promo-id=\"106682\"\t\t\t\t\t\t\t\t\t\twidth='1420' height='240'\t\t\t\t\talt=\"https:\/\/files.sunoresearch.com.br\/n\/uploads\/2023\/04\/1420x240-Planilha-vida-financeira-true.png\"\n\t\t\t\t>\n\t\t\t<\/picture>\n\t\t<\/a>\n\t<\/p>\n\n\n\n\n\n<p>Tamb\u00e9m est\u00e1 entre os<strong> destaques do mercado financeiro<\/strong> a Americanas (AMER3), ap\u00f3s a Justi\u00e7a indeferir o pedido do Banco Safra para anular o <a class=\"suno-keyword\" target=\"_blank\" data-force=\"no\" data-priority=\"1\" href=\"https:\/\/www.suno.com.br\/artigos\/plano-de-recuperacao\/\" rel=\"noopener\">plano de recupera\u00e7\u00e3o judicial<\/a> da companhia.&nbsp;<\/p>\n\n\n\n<p>A <a class=\"suno-keyword\" target=\"_blank\" data-force=\"yes\" data-priority=\"2\" href=\"https:\/\/www.suno.com.br\/acoes\/USIM5\/\" rel=\"noopener\">Usiminas (USIM5)<\/a> tamb\u00e9m \u00e9 destaque hoje, depois de decidir pelo \u2018desligamento tempor\u00e1rio\u2019 do alto-forno 1 de Ipatinga (MG).&nbsp;<\/p>\n\n\n\n<p>Veja os <strong>destaques do mercado financeiro<\/strong> hoje:<\/p>\n\n\n\n<h2 class=\"wp-block-heading\">Petrobras&nbsp;<\/h2>\n\n\n\n<p>O <a class=\"suno-keyword\" data-force=\"no\" data-priority=\"1\" href=\"https:\/\/www.suno.com.br\/artigos\/conselho-administracao\/\" target=\"_blank\" rel=\"noopener\">conselho de administra\u00e7\u00e3o<\/a> da <a class=\"suno-keyword\" data-force=\"yes\" data-priority=\"2\" href=\"https:\/\/www.suno.com.br\/acoes\/PETR4\/\" target=\"_blank\" rel=\"noopener\">Petrobras (<strong>PETR4)<\/strong><\/a> aprovou um acordo judicial relativo \u00e0 cobran\u00e7a das diferen\u00e7as de corre\u00e7\u00e3o monet\u00e1ria e juros do empr\u00e9stimo compuls\u00f3rio da <strong>Eletrobras (ELET3)<\/strong>.\u00a0<\/p>\n\n\n\n<p>\u201cCondicionado \u00e0 homologa\u00e7\u00e3o judicial, o acordo prev\u00ea o pagamento \u00e0 Petrobras de R$ 1,2 bilh\u00e3o em at\u00e9 5 dias \u00fateis ap\u00f3s o tr\u00e2nsito em julgado da senten\u00e7a que reconhece a autocomposi\u00e7\u00e3o, o que trar\u00e1 um efeito positivo no resultado consolidado da companhia\u201d, disse a estatal.<\/p>\n\n\n\n<p>Ainda de acordo com a Petrobras, a celebra\u00e7\u00e3o desse acordo p\u00f5e fim ao processo judicial iniciado em 2010, reduzindo custos com lit\u00edgio e otimizando os recursos da companhia.<\/p>\n\n\n\t<div data-element=\"shortcode-read-more\" class=\"knowMore\">\n\t\t\t\t<span class=\"knowMore__title\">Leia mais<\/span>\n\t\t\t\t<a class=\"knowMore__link\" href=\"https:\/\/www.suno.com.br\/noticias\/petrobras-petr4-eletrobras-elet3-gpj\/\">\n\t\t\tPetrobras (PETR4) aprova acordo judicial bilion\u00e1rio com a Eletrobras (ELET3); entenda\t\t<\/a>\n\t<\/div>\n\n\n\n\n<h2 class=\"wp-block-heading\">Americanas<\/h2>\n\n\n\n<p>O Ju\u00edzo da 4\u00aa Vara Empresarial da Comarca do Rio de Janeiro indeferiu o pedido do Banco Safra para anular o <a class=\"suno-keyword\" data-force=\"no\" data-priority=\"1\" href=\"https:\/\/www.suno.com.br\/artigos\/plano-de-recuperacao\/\" target=\"_blank\" rel=\"noopener\">plano de recupera\u00e7\u00e3o judicial<\/a> da <strong>Americanas (AMER3)<\/strong>. O Banco Safra foi o \u00fanico dos bancos credores da Americanas a ficar fora de um acordo com a varejista firmado no final de novembro.<\/p>\n\n\n\t<div data-element=\"shortcode-read-more\" class=\"knowMore\">\n\t\t\t\t<span class=\"knowMore__title\">Leia mais<\/span>\n\t\t\t\t<a class=\"knowMore__link\" href=\"https:\/\/www.suno.com.br\/noticias\/americanas-amer3-safra-recuperacao-judicial-gpj\/\">\n\t\t\tAmericanas (AMER3): Justi\u00e7a nega pedido do Safra para anular assembleia sobre recupera\u00e7\u00e3o judicial\t\t<\/a>\n\t<\/div>\n\n\n\n\n<h2 class=\"wp-block-heading\">Usiminas<\/h2>\n\n\n\n<p>A <strong>Usiminas (USIM5)<\/strong> informou nesta ter\u00e7a-feira (12) que decidiu pelo \u2018desligamento tempor\u00e1rio\u2019 do alto-forno 1 de Ipatinga (MG). O equipamento tem capacidade para produzir 600 mil toneladas de a\u00e7o por ano.<\/p>\n\n\n\n<p>O desligamento do alto-forno 1 da Usiminas ocorre em meio aos custos gerados pela retomada da opera\u00e7\u00e3o do maior alto-forno da companhia, o de n\u00famero 3, al\u00e9m da forte concorr\u00eancia de importa\u00e7\u00f5es de a\u00e7o no mercado interno.<\/p>\n\n\n\t<div data-element=\"shortcode-read-more\" class=\"knowMore\">\n\t\t\t\t<span class=\"knowMore__title\">Leia mais<\/span>\n\t\t\t\t<a class=\"knowMore__link\" href=\"https:\/\/www.suno.com.br\/noticias\/usiminas-usim5-auto-forno-gpj\/\">\n\t\t\tUsiminas (USIM5) decide desligar auto-forno de forma tempor\u00e1ria; saiba por qu\u00ea\t\t<\/a>\n\t<\/div>\n\n\n\n\n<h2 class=\"wp-block-heading\">Oi<\/h2>\n\n\n\n<p>A<strong> Oi (OIBR3)<\/strong> informou que a Justi\u00e7a da 7\u00aa Vara Empresarial da Comarca da Capital do Estado do Rio de Janeiro deferiu a prorroga\u00e7\u00e3o do \u201cstay period\u201d pelo prazo de 90 dias. O stay period da Oi consiste na suspens\u00e3o de a\u00e7\u00f5es e execu\u00e7\u00f5es existentes contra o devedor. <\/p>\n\n\n\n<p>A decis\u00e3o \u00e9 semelhante a que j\u00e1 havia sido concedida no \u00faltimo dia 13 de setembro pela ju\u00edza Caroline Rossy Brand\u00e3o Fonseca. Na \u00e9poca, a determina\u00e7\u00e3o havia atendido em parte o requerimento da companhia de telecomunica\u00e7\u00f5es, que havia solicitado a prorroga\u00e7\u00e3o do stay period por 180 dias, dada a complexidade de sua <a class=\"suno-keyword\" target=\"_blank\" data-force=\"no\" data-priority=\"2\" href=\"https:\/\/www.suno.com.br\/artigos\/recuperacao-judicial\/\" rel=\"noopener\">recupera\u00e7\u00e3o judicial<\/a>.<\/p>\n\n\n\n<h2 class=\"wp-block-heading\">P\u00e3o de A\u00e7\u00facar<\/h2>\n\n\n\n<p>Em <a class=\"suno-keyword\" data-force=\"no\" data-priority=\"1\" href=\"https:\/\/www.suno.com.br\/artigos\/fato-relevante\/\" target=\"_blank\" rel=\"noopener\">fato relevante<\/a>, o<strong> P\u00e3o de A\u00e7\u00facar (PCAR3)<\/strong> informou que revisou seu plano de expans\u00e3o e alterou suas proje\u00e7\u00f5es referentes ao per\u00edodo no qual pretende implementar seu plano de abertura de novas lojas.<\/p>\n\n\n\n<p>O plano de expans\u00e3o do GPA, divulgado no in\u00edcio de setembro, previa a inaugura\u00e7\u00e3o de 300 novas lojas no per\u00edodo entre 2022 e 2024. Segundo a varejista, dessas 300 lojas, 121 j\u00e1 foram abertas at\u00e9 setembro de 2023 e 11 est\u00e3o previstas para serem inauguradas no quarto trimestre de 2023, totalizando 132 novas lojas do P\u00e3o de A\u00e7\u00facar (99 de proximidade e 33 supermercados).<\/p>\n\n\n\n<p>\u201cO GPA decidiu rever o prazo final desse plano de 2024 para 2026, devido a considera\u00e7\u00f5es sobre a otimiza\u00e7\u00e3o do n\u00edvel de investimentos da companhia, objetivando o melhor retorno poss\u00edvel para o acionista, dadas as condi\u00e7\u00f5es de mercado mais recentes. Assim, devemos ter as 168 lojas remanescentes sendo inauguradas entre janeiro de 2024 e dezembro de 2026, sendo 151 de proximidade e 17 supermercados\u201d, afirma a empresa.<\/p>\n\n\n\n<h2 class=\"wp-block-heading\">Neoenergia&nbsp;<\/h2>\n\n\n\n<p>O <a class=\"suno-keyword\" data-force=\"no\" data-priority=\"1\" href=\"https:\/\/www.suno.com.br\/artigos\/conselho-administracao\/\" target=\"_blank\" rel=\"noopener\">conselho de administra\u00e7\u00e3o<\/a> da<strong> Neoenergia (NEOE3)<\/strong> aprovou o pagamento de <a class=\"suno-keyword\" data-force=\"no\" data-priority=\"1\" href=\"https:\/\/www.suno.com.br\/artigos\/entenda-o-jcp\/\" target=\"_blank\" rel=\"noopener\">juros sobre capital pr\u00f3prio<\/a> (JCP) no valor de R$ 504,8 milh\u00f5es.\u00a0<\/p>\n\n\n\n<p>Os novos JCP da Neoenergia se baseiam nos resultados do segundo semestre de 2023, apurados at\u00e9 31 de dezembro de 2023. O valor por a\u00e7\u00e3o ordin\u00e1ria dos proventos ser\u00e1 de R$ 0,41.O pagamento dos <a class=\"suno-keyword\" target=\"_blank\" data-force=\"no\" data-priority=\"1\" href=\"https:\/\/www.suno.com.br\/artigos\/entenda-o-jcp\/\" rel=\"noopener\">juros sobre capital pr\u00f3prio<\/a> da Neoenergia ser\u00e1 feito em dezembro de 2024.&nbsp;<\/p>\n\n\n\t<p>\n\t\t<a href=\"https:\/\/lp.suno.com.br\/ebook-como-analisar-uma-acao\/\" target=\"_blank\" data-element=\"shortcode-suno-banner\" title=\"Banner SUNO, clique e saiba mais\">\n\t\t\t<picture>\n\t\t\t\t<source media=\"(max-width: 500px)\" srcset=\"https:\/\/files.sunoresearch.com.br\/n\/uploads\/2023\/03\/Ebook-Acoes-Mobile.jpg\">\n\t\t\t\t<img class=\"newsContent__article__imgCapa newsContent__article__imgCapa--banner\"\n\t\t\t\t\tsrc=\"https:\/\/files.sunoresearch.com.br\/n\/uploads\/2023\/03\/Ebook-Acoes-Desktop.jpg\"\n\t\t\t\t\tdata-promo-id=\"378302\"\t\t\t\t\t\t\t\t\t\twidth='1420' height='286'\t\t\t\t\talt=\"https:\/\/files.sunoresearch.com.br\/n\/uploads\/2023\/03\/Ebook-Acoes-Desktop.jpg\"\n\t\t\t\t>\n\t\t\t<\/picture>\n\t\t<\/a>\n\t<\/p>\n\n\n\n\n\n<h2 class=\"wp-block-heading\">Fleury&nbsp;<\/h2>\n\n\n\n<p>A <strong>Fleury (FLRY3)<\/strong> pagar\u00e1 R$ 144 milh\u00f5es em Juros Sobre <a class=\"suno-keyword\" data-force=\"no\" data-priority=\"1\" href=\"https:\/\/www.suno.com.br\/artigos\/capital-proprio\/\" target=\"_blank\" rel=\"noopener\">Capital Pr\u00f3prio<\/a> (JCP) aos seus acionistas. O valor dos <strong>JCP da Fleury<\/strong> por a\u00e7\u00e3o ser\u00e1 de R$ 0,26, que ser\u00e3o pagos em 28 de dezembro.<\/p>\n\n\n\n<p>Apenas os investidores com <strong>a\u00e7\u00f5es da Fleury<\/strong> no dia 15 de dezembro ter\u00e3o direito a receber os rendimentos.<\/p>\n\n\n\n<h2 class=\"wp-block-heading\">Bradesco <\/h2>\n\n\n\n<p>O <a class=\"suno-keyword\" data-force=\"no\" data-priority=\"1\" href=\"https:\/\/www.suno.com.br\/artigos\/conselho-administracao\/\" target=\"_blank\" rel=\"noopener\">conselho de administra\u00e7\u00e3o<\/a> do Bradesco (BBDC4) anunciou novo pagamento de <a class=\"suno-keyword\" data-force=\"no\" data-priority=\"1\" href=\"https:\/\/www.suno.com.br\/artigos\/entenda-o-jcp\/\" target=\"_blank\" rel=\"noopener\">juros sobre capital pr\u00f3prio<\/a> (JCP), no valor total de quase R$ 7 bilh\u00f5es.<\/p>\n\n\n\n<p>Os novos <strong>JCP do Bradesco<\/strong> ser\u00e3o divididos em dois pagamentos. O primeiro deles, de R$ 2 bilh\u00f5es, vai ser distribu\u00eddo em 2 de janeiro de 2024, e se refere aos JCP intermedi\u00e1rios.<\/p>\n\n\n\n<h2 class=\"wp-block-heading\">CCR<\/h2>\n\n\n\n<p>A <strong>CCR (CCRO3)<\/strong> divulgou que registrou crescimento de 8,3% no tr\u00e1fego de ve\u00edculos nas rodovias que administra durante o m\u00eas de novembro em compara\u00e7\u00e3o anual.\u00a0<\/p>\n\n\n\n<p>Al\u00e9m disso, a BH Airport, concession\u00e1ria do Aeroporto Internacional de Confins (controlada indireta da CCR), receber\u00e1 do governo federal R$ 28 milh\u00f5es devido aos preju\u00edzos causados pela pandemia de covid.<\/p>\n\n\n\n<p>Os destaques do mercado financeiro do Suno Not\u00edcias mostram os principais acontecimentos que prometem movimentar o mercado durante o dia, como a <strong>Petrobras<\/strong>&nbsp;(PETR4), que deve estar no foco dos investidores ao longo do dia.<\/p>\n\n\n\n\n\t<p>\n\t\t<a href=\"https:\/\/lp.suno.com.br\/planilha-da-vida-financeira\/\" target=\"_blank\" data-element=\"shortcode-suno-banner\" title=\"Banner SUNO, clique e saiba mais\">\n\t\t\t<picture>\n\t\t\t\t<source media=\"(max-width: 500px)\" srcset=\"https:\/\/files.sunoresearch.com.br\/n\/uploads\/2023\/04\/400x300-Planilha-vida-financeira-true.png\">\n\t\t\t\t<img class=\"newsContent__article__imgCapa newsContent__article__imgCapa--banner\"\n\t\t\t\t\tsrc=\"https:\/\/files.sunoresearch.com.br\/n\/uploads\/2023\/04\/1420x240-Planilha-vida-financeira-true.png\"\n\t\t\t\t\tdata-promo-id=\"383123\"\t\t\t\t\t\t\t\t\t\twidth='1420' height='240'\t\t\t\t\talt=\"https:\/\/files.sunoresearch.com.br\/n\/uploads\/2023\/04\/1420x240-Planilha-vida-financeira-true.png\"\n\t\t\t\t>\n\t\t\t<\/picture>\n\t\t<\/a>\n\t<\/p>\n\n\n","protected":false},"excerpt":{"rendered":"<p>A informa\u00e7\u00e3o de que a Petrobras (PETR4) aprovou acordo judicial com a Eletrobras (ELET3) \u00e9 um dos destaques desta ter\u00e7a-feira (12).&nbsp; Petrobras (PETR4), Americanas (AMER3) e Marisa (AMAR3) est\u00e3o no foco do mercado. Foto:iStock Tamb\u00e9m est\u00e1 entre os destaques do mercado financeiro a Americanas (AMER3), ap\u00f3s a Justi\u00e7a indeferir o pedido do Banco Safra para [&hellip;]<\/p>\n","protected":false},"author":301,"featured_media":473499,"comment_status":"closed","ping_status":"closed","sticky":false,"template":"","format":"standard","meta":[],"categories":[60],"tags":[286,106605,392,407,479,1964,575,584,595,675],"suno_strategy":[],"class_list":["post-498841","post","type-post","status-publish","format-standard","has-post-thumbnail","hentry","category-mercado","tag-acoes","tag-americanas-s-a-amer3","tag-bradesco-bbdc3-bbdc4","tag-ccr-ccro3","tag-fleury-flry3","tag-grupo-pao-de-acucar-pcar3-pcar4","tag-neoenergia-neoe3","tag-oi-oibr3-oibr4","tag-petrobras-petr4","tag-usiminas"],"yoast_head":"<!-- This site is optimized with the Yoast SEO plugin v24.4 - https:\/\/yoast.com\/wordpress\/plugins\/seo\/ -->\n<title>Petrobras (PETR4) e Americanas (AMER3) agitam mercado hoje (12)<\/title>\n<meta name=\"description\" content=\"A informa\u00e7\u00e3o de que a Petrobras (PETR4) aprovou acordo judicial com a Eletrobras (ELET3) \u00e9 um dos destaques desta ter\u00e7a-feira (12).\u00a0\" \/>\n<meta name=\"robots\" content=\"index, follow, max-snippet:-1, max-image-preview:large, max-video-preview:-1\" \/>\n<link rel=\"canonical\" href=\"https:\/\/www.suno.com.br\/noticias\/destaques-petrobras-petr4-americanas-e-mais-va-2\/\" \/>\n<meta property=\"og:locale\" content=\"pt_BR\" \/>\n<meta property=\"og:type\" content=\"article\" \/>\n<meta property=\"og:title\" content=\"Petrobras (PETR4) e Americanas (AMER3) agitam mercado hoje (12)\" \/>\n<meta property=\"og:description\" content=\"A informa\u00e7\u00e3o de que a Petrobras (PETR4) aprovou acordo judicial com a Eletrobras (ELET3) \u00e9 um dos destaques desta ter\u00e7a-feira (12).\u00a0\" \/>\n<meta property=\"og:url\" content=\"https:\/\/www.suno.com.br\/noticias\/destaques-petrobras-petr4-americanas-e-mais-va-2\/\" \/>\n<meta property=\"og:site_name\" content=\"Suno Not\u00edcias\" \/>\n<meta property=\"article:publisher\" content=\"https:\/\/facebook.com\/sunoresearch\" \/>\n<meta property=\"og:image\" content=\"https:\/\/files.sunoresearch.com.br\/n\/uploads\/2023\/10\/bolsa-mercado-ibovespa-acoes.jpg\" \/>\n\t<meta property=\"og:image:width\" content=\"1200\" \/>\n\t<meta property=\"og:image:height\" content=\"800\" \/>\n\t<meta property=\"og:image:type\" content=\"image\/jpeg\" \/>\n<meta name=\"author\" content=\"Vin\u00edcius Alves\" \/>\n<meta name=\"twitter:card\" content=\"summary_large_image\" \/>\n<meta name=\"twitter:creator\" content=\"@sunoresearch\" \/>\n<meta name=\"twitter:site\" content=\"@sunoresearch\" \/>\n<meta name=\"twitter:label1\" content=\"Escrito por\" \/>\n\t<meta name=\"twitter:data1\" content=\"Vin\u00edcius Alves\" \/>\n\t<meta name=\"twitter:label2\" content=\"Est. tempo de leitura\" \/>\n\t<meta name=\"twitter:data2\" content=\"5 minutos\" \/>\n<script type=\"application\/ld+json\" class=\"yoast-schema-graph\">{\"@context\":\"https:\/\/schema.org\",\"@graph\":[{\"@type\":\"NewsArticle\",\"@id\":\"https:\/\/www.suno.com.br\/noticias\/destaques-petrobras-petr4-americanas-e-mais-va-2\/#article\",\"isPartOf\":{\"@id\":\"https:\/\/www.suno.com.br\/noticias\/destaques-petrobras-petr4-americanas-e-mais-va-2\/\"},\"author\":{\"name\":\"Vin\u00edcius Alves\",\"@id\":\"https:\/\/www.suno.com.br\/noticias\/#\/schema\/person\/4a180549702d0e236b3e420862bcded3\"},\"headline\":\"Petrobras (PETR4), Americanas (AMER3) e Usiminas (USIM5) agitam mercado nesta ter\u00e7a-feira (12); veja mais destaques\",\"datePublished\":\"2023-12-12T13:47:37+00:00\",\"dateModified\":\"2023-12-12T14:01:55+00:00\",\"mainEntityOfPage\":{\"@id\":\"https:\/\/www.suno.com.br\/noticias\/destaques-petrobras-petr4-americanas-e-mais-va-2\/\"},\"wordCount\":913,\"publisher\":{\"@id\":\"https:\/\/www.suno.com.br\/noticias\/#organization\"},\"image\":{\"@id\":\"https:\/\/www.suno.com.br\/noticias\/destaques-petrobras-petr4-americanas-e-mais-va-2\/#primaryimage\"},\"thumbnailUrl\":\"https:\/\/files.sunoresearch.com.br\/n\/uploads\/2023\/10\/bolsa-mercado-ibovespa-acoes.jpg\",\"keywords\":[\"A\u00e7\u00f5es\",\"Americanas (AMER3)\",\"Bradesco (BBDC3\/BBDC4)\",\"CCR (CCRO3)\",\"Fleury (FLRY3)\",\"Grupo P\u00e3o de A\u00e7\u00facar (PCAR3\/PCAR4)\",\"Neoenergia (NEOE3)\",\"Oi (OIBR3\/OIBR4)\",\"Petrobras (PETR4)\",\"Usiminas\"],\"articleSection\":[\"Mercado\"],\"inLanguage\":\"pt-BR\"},{\"@type\":\"WebPage\",\"@id\":\"https:\/\/www.suno.com.br\/noticias\/destaques-petrobras-petr4-americanas-e-mais-va-2\/\",\"url\":\"https:\/\/www.suno.com.br\/noticias\/destaques-petrobras-petr4-americanas-e-mais-va-2\/\",\"name\":\"Petrobras (PETR4) e Americanas (AMER3) agitam mercado hoje (12)\",\"isPartOf\":{\"@id\":\"https:\/\/www.suno.com.br\/noticias\/#website\"},\"primaryImageOfPage\":{\"@id\":\"https:\/\/www.suno.com.br\/noticias\/destaques-petrobras-petr4-americanas-e-mais-va-2\/#primaryimage\"},\"image\":{\"@id\":\"https:\/\/www.suno.com.br\/noticias\/destaques-petrobras-petr4-americanas-e-mais-va-2\/#primaryimage\"},\"thumbnailUrl\":\"https:\/\/files.sunoresearch.com.br\/n\/uploads\/2023\/10\/bolsa-mercado-ibovespa-acoes.jpg\",\"datePublished\":\"2023-12-12T13:47:37+00:00\",\"dateModified\":\"2023-12-12T14:01:55+00:00\",\"description\":\"A informa\u00e7\u00e3o de que a Petrobras (PETR4) aprovou acordo judicial com a Eletrobras (ELET3) \u00e9 um dos destaques desta ter\u00e7a-feira (12).\u00a0\",\"breadcrumb\":{\"@id\":\"https:\/\/www.suno.com.br\/noticias\/destaques-petrobras-petr4-americanas-e-mais-va-2\/#breadcrumb\"},\"inLanguage\":\"pt-BR\",\"potentialAction\":[{\"@type\":\"ReadAction\",\"target\":[\"https:\/\/www.suno.com.br\/noticias\/destaques-petrobras-petr4-americanas-e-mais-va-2\/\"]}]},{\"@type\":\"ImageObject\",\"inLanguage\":\"pt-BR\",\"@id\":\"https:\/\/www.suno.com.br\/noticias\/destaques-petrobras-petr4-americanas-e-mais-va-2\/#primaryimage\",\"url\":\"https:\/\/files.sunoresearch.com.br\/n\/uploads\/2023\/10\/bolsa-mercado-ibovespa-acoes.jpg\",\"contentUrl\":\"https:\/\/files.sunoresearch.com.br\/n\/uploads\/2023\/10\/bolsa-mercado-ibovespa-acoes.jpg\",\"width\":1200,\"height\":800,\"caption\":\"Petrobras (PETR4), Americanas (AMER3) e Marisa (AMAR3) est\u00e3o no foco do mercado. Foto:iStock\"},{\"@type\":\"BreadcrumbList\",\"@id\":\"https:\/\/www.suno.com.br\/noticias\/destaques-petrobras-petr4-americanas-e-mais-va-2\/#breadcrumb\",\"itemListElement\":[{\"@type\":\"ListItem\",\"position\":1,\"name\":\"Not\u00edcias\",\"item\":\"https:\/\/www.suno.com.br\/noticias\/\"},{\"@type\":\"ListItem\",\"position\":2,\"name\":\"Mercado\",\"item\":\"https:\/\/www.suno.com.br\/noticias\/mercado\/\"},{\"@type\":\"ListItem\",\"position\":3,\"name\":\"Petrobras (PETR4), Americanas (AMER3) e Usiminas (USIM5) agitam mercado nesta ter\u00e7a-feira (12); veja mais destaques\"}]},{\"@type\":\"WebSite\",\"@id\":\"https:\/\/www.suno.com.br\/noticias\/#website\",\"url\":\"https:\/\/www.suno.com.br\/noticias\/\",\"name\":\"Suno Not\u00edcias\",\"description\":\"Seu portal de informa\u00e7\u00e3o sobre o mundo dos investimentos\",\"publisher\":{\"@id\":\"https:\/\/www.suno.com.br\/noticias\/#organization\"},\"potentialAction\":[{\"@type\":\"SearchAction\",\"target\":{\"@type\":\"EntryPoint\",\"urlTemplate\":\"https:\/\/www.suno.com.br\/noticias\/?s={search_term_string}\"},\"query-input\":{\"@type\":\"PropertyValueSpecification\",\"valueRequired\":true,\"valueName\":\"search_term_string\"}}],\"inLanguage\":\"pt-BR\"},{\"@type\":\"Organization\",\"@id\":\"https:\/\/www.suno.com.br\/noticias\/#organization\",\"name\":\"Suno Not\u00edcias\",\"url\":\"https:\/\/www.suno.com.br\/noticias\/\",\"logo\":{\"@type\":\"ImageObject\",\"inLanguage\":\"pt-BR\",\"@id\":\"https:\/\/www.suno.com.br\/noticias\/#\/schema\/logo\/image\/\",\"url\":\"https:\/\/files.sunoresearch.com.br\/n\/uploads\/2021\/09\/suno-logo.png\",\"contentUrl\":\"https:\/\/files.sunoresearch.com.br\/n\/uploads\/2021\/09\/suno-logo.png\",\"width\":180,\"height\":180,\"caption\":\"Suno Not\u00edcias\"},\"image\":{\"@id\":\"https:\/\/www.suno.com.br\/noticias\/#\/schema\/logo\/image\/\"},\"sameAs\":[\"https:\/\/facebook.com\/sunoresearch\",\"https:\/\/x.com\/sunoresearch\",\"https:\/\/www.instagram.com\/suno\",\"https:\/\/www.linkedin.com\/company\/suno-research\/\",\"https:\/\/www.youtube.com\/c\/sunoresearch\"]},{\"@type\":\"Person\",\"@id\":\"https:\/\/www.suno.com.br\/noticias\/#\/schema\/person\/4a180549702d0e236b3e420862bcded3\",\"name\":\"Vin\u00edcius Alves\",\"image\":{\"@type\":\"ImageObject\",\"inLanguage\":\"pt-BR\",\"@id\":\"https:\/\/www.suno.com.br\/noticias\/#\/schema\/person\/image\/\",\"url\":\"https:\/\/secure.gravatar.com\/avatar\/a95b7fe6d1b813f7907d4f476d5a39e1?s=96&r=g\",\"contentUrl\":\"https:\/\/secure.gravatar.com\/avatar\/a95b7fe6d1b813f7907d4f476d5a39e1?s=96&r=g\",\"caption\":\"Vin\u00edcius Alves\"},\"description\":\"Jornalista formado na Faculdade C\u00e1sper L\u00edbero. Com passagens pela Ag\u00eancia Estado, InfoMoney e Editora Globo.\",\"url\":\"https:\/\/www.suno.com.br\/noticias\/author\/vini08correiagmail-com\/\"}]}<\/script>\n<!-- \/ Yoast SEO plugin. -->","yoast_head_json":{"title":"Petrobras (PETR4) e Americanas (AMER3) agitam mercado hoje (12)","description":"A informa\u00e7\u00e3o de que a Petrobras (PETR4) aprovou acordo judicial com a Eletrobras (ELET3) \u00e9 um dos destaques desta ter\u00e7a-feira (12).\u00a0","robots":{"index":"index","follow":"follow","max-snippet":"max-snippet:-1","max-image-preview":"max-image-preview:large","max-video-preview":"max-video-preview:-1"},"canonical":"https:\/\/www.suno.com.br\/noticias\/destaques-petrobras-petr4-americanas-e-mais-va-2\/","og_locale":"pt_BR","og_type":"article","og_title":"Petrobras (PETR4) e Americanas (AMER3) agitam mercado hoje (12)","og_description":"A informa\u00e7\u00e3o de que a Petrobras (PETR4) aprovou acordo judicial com a Eletrobras (ELET3) \u00e9 um dos destaques desta ter\u00e7a-feira (12).\u00a0","og_url":"https:\/\/www.suno.com.br\/noticias\/destaques-petrobras-petr4-americanas-e-mais-va-2\/","og_site_name":"Suno Not\u00edcias","article_publisher":"https:\/\/facebook.com\/sunoresearch","og_image":[{"width":1200,"height":800,"url":"https:\/\/files.sunoresearch.com.br\/n\/uploads\/2023\/10\/bolsa-mercado-ibovespa-acoes.jpg","type":"image\/jpeg"}],"author":"Vin\u00edcius Alves","twitter_card":"summary_large_image","twitter_creator":"@sunoresearch","twitter_site":"@sunoresearch","twitter_misc":{"Escrito por":"Vin\u00edcius Alves","Est. tempo de leitura":"5 minutos"},"schema":{"@context":"https:\/\/schema.org","@graph":[{"@type":"NewsArticle","@id":"https:\/\/www.suno.com.br\/noticias\/destaques-petrobras-petr4-americanas-e-mais-va-2\/#article","isPartOf":{"@id":"https:\/\/www.suno.com.br\/noticias\/destaques-petrobras-petr4-americanas-e-mais-va-2\/"},"author":{"name":"Vin\u00edcius Alves","@id":"https:\/\/www.suno.com.br\/noticias\/#\/schema\/person\/4a180549702d0e236b3e420862bcded3"},"headline":"Petrobras (PETR4), Americanas (AMER3) e Usiminas (USIM5) agitam mercado nesta ter\u00e7a-feira (12); veja mais destaques","datePublished":"2023-12-12T13:47:37+00:00","dateModified":"2023-12-12T14:01:55+00:00","mainEntityOfPage":{"@id":"https:\/\/www.suno.com.br\/noticias\/destaques-petrobras-petr4-americanas-e-mais-va-2\/"},"wordCount":913,"publisher":{"@id":"https:\/\/www.suno.com.br\/noticias\/#organization"},"image":{"@id":"https:\/\/www.suno.com.br\/noticias\/destaques-petrobras-petr4-americanas-e-mais-va-2\/#primaryimage"},"thumbnailUrl":"https:\/\/files.sunoresearch.com.br\/n\/uploads\/2023\/10\/bolsa-mercado-ibovespa-acoes.jpg","keywords":["A\u00e7\u00f5es","Americanas (AMER3)","Bradesco (BBDC3\/BBDC4)","CCR (CCRO3)","Fleury (FLRY3)","Grupo P\u00e3o de A\u00e7\u00facar (PCAR3\/PCAR4)","Neoenergia (NEOE3)","Oi (OIBR3\/OIBR4)","Petrobras (PETR4)","Usiminas"],"articleSection":["Mercado"],"inLanguage":"pt-BR"},{"@type":"WebPage","@id":"https:\/\/www.suno.com.br\/noticias\/destaques-petrobras-petr4-americanas-e-mais-va-2\/","url":"https:\/\/www.suno.com.br\/noticias\/destaques-petrobras-petr4-americanas-e-mais-va-2\/","name":"Petrobras (PETR4) e Americanas (AMER3) agitam mercado hoje (12)","isPartOf":{"@id":"https:\/\/www.suno.com.br\/noticias\/#website"},"primaryImageOfPage":{"@id":"https:\/\/www.suno.com.br\/noticias\/destaques-petrobras-petr4-americanas-e-mais-va-2\/#primaryimage"},"image":{"@id":"https:\/\/www.suno.com.br\/noticias\/destaques-petrobras-petr4-americanas-e-mais-va-2\/#primaryimage"},"thumbnailUrl":"https:\/\/files.sunoresearch.com.br\/n\/uploads\/2023\/10\/bolsa-mercado-ibovespa-acoes.jpg","datePublished":"2023-12-12T13:47:37+00:00","dateModified":"2023-12-12T14:01:55+00:00","description":"A informa\u00e7\u00e3o de que a Petrobras (PETR4) aprovou acordo judicial com a Eletrobras (ELET3) \u00e9 um dos destaques desta ter\u00e7a-feira (12).\u00a0","breadcrumb":{"@id":"https:\/\/www.suno.com.br\/noticias\/destaques-petrobras-petr4-americanas-e-mais-va-2\/#breadcrumb"},"inLanguage":"pt-BR","potentialAction":[{"@type":"ReadAction","target":["https:\/\/www.suno.com.br\/noticias\/destaques-petrobras-petr4-americanas-e-mais-va-2\/"]}]},{"@type":"ImageObject","inLanguage":"pt-BR","@id":"https:\/\/www.suno.com.br\/noticias\/destaques-petrobras-petr4-americanas-e-mais-va-2\/#primaryimage","url":"https:\/\/files.sunoresearch.com.br\/n\/uploads\/2023\/10\/bolsa-mercado-ibovespa-acoes.jpg","contentUrl":"https:\/\/files.sunoresearch.com.br\/n\/uploads\/2023\/10\/bolsa-mercado-ibovespa-acoes.jpg","width":1200,"height":800,"caption":"Petrobras (PETR4), Americanas (AMER3) e Marisa (AMAR3) est\u00e3o no foco do mercado. Foto:iStock"},{"@type":"BreadcrumbList","@id":"https:\/\/www.suno.com.br\/noticias\/destaques-petrobras-petr4-americanas-e-mais-va-2\/#breadcrumb","itemListElement":[{"@type":"ListItem","position":1,"name":"Not\u00edcias","item":"https:\/\/www.suno.com.br\/noticias\/"},{"@type":"ListItem","position":2,"name":"Mercado","item":"https:\/\/www.suno.com.br\/noticias\/mercado\/"},{"@type":"ListItem","position":3,"name":"Petrobras (PETR4), Americanas (AMER3) e Usiminas (USIM5) agitam mercado nesta ter\u00e7a-feira (12); veja mais destaques"}]},{"@type":"WebSite","@id":"https:\/\/www.suno.com.br\/noticias\/#website","url":"https:\/\/www.suno.com.br\/noticias\/","name":"Suno Not\u00edcias","description":"Seu portal de informa\u00e7\u00e3o sobre o mundo dos investimentos","publisher":{"@id":"https:\/\/www.suno.com.br\/noticias\/#organization"},"potentialAction":[{"@type":"SearchAction","target":{"@type":"EntryPoint","urlTemplate":"https:\/\/www.suno.com.br\/noticias\/?s={search_term_string}"},"query-input":{"@type":"PropertyValueSpecification","valueRequired":true,"valueName":"search_term_string"}}],"inLanguage":"pt-BR"},{"@type":"Organization","@id":"https:\/\/www.suno.com.br\/noticias\/#organization","name":"Suno Not\u00edcias","url":"https:\/\/www.suno.com.br\/noticias\/","logo":{"@type":"ImageObject","inLanguage":"pt-BR","@id":"https:\/\/www.suno.com.br\/noticias\/#\/schema\/logo\/image\/","url":"https:\/\/files.sunoresearch.com.br\/n\/uploads\/2021\/09\/suno-logo.png","contentUrl":"https:\/\/files.sunoresearch.com.br\/n\/uploads\/2021\/09\/suno-logo.png","width":180,"height":180,"caption":"Suno Not\u00edcias"},"image":{"@id":"https:\/\/www.suno.com.br\/noticias\/#\/schema\/logo\/image\/"},"sameAs":["https:\/\/facebook.com\/sunoresearch","https:\/\/x.com\/sunoresearch","https:\/\/www.instagram.com\/suno","https:\/\/www.linkedin.com\/company\/suno-research\/","https:\/\/www.youtube.com\/c\/sunoresearch"]},{"@type":"Person","@id":"https:\/\/www.suno.com.br\/noticias\/#\/schema\/person\/4a180549702d0e236b3e420862bcded3","name":"Vin\u00edcius Alves","image":{"@type":"ImageObject","inLanguage":"pt-BR","@id":"https:\/\/www.suno.com.br\/noticias\/#\/schema\/person\/image\/","url":"https:\/\/secure.gravatar.com\/avatar\/a95b7fe6d1b813f7907d4f476d5a39e1?s=96&r=g","contentUrl":"https:\/\/secure.gravatar.com\/avatar\/a95b7fe6d1b813f7907d4f476d5a39e1?s=96&r=g","caption":"Vin\u00edcius Alves"},"description":"Jornalista formado na Faculdade C\u00e1sper L\u00edbero. Com passagens pela Ag\u00eancia Estado, InfoMoney e Editora Globo.","url":"https:\/\/www.suno.com.br\/noticias\/author\/vini08correiagmail-com\/"}]}},"default_loop_html":"<div class=\"cardsPage__listCard__boxs\"><div class=\"cardsPage__listCard__boxs__img\"><a href=\"https:\/\/www.suno.com.br\/noticias\/destaques-petrobras-petr4-americanas-e-mais-va-2\/\"><img class=\"mask\" src=\"https:\/\/www.suno.com.br\/noticias\/wp-content\/themes\/suno\/resources\/images\/spotlight\/spotlight1img\/bg-mask.png\" alt=\"Image Mask\"\/><img src=\"https:\/\/files.sunoresearch.com.br\/n\/uploads\/2023\/10\/bolsa-mercado-ibovespa-acoes-400x200.jpg\" alt=\"Petrobras (PETR4), Americanas (AMER3) e Usiminas (USIM5) agitam mercado nesta ter\u00e7a-feira (12); veja mais destaques\"\/><\/a><span class=\"spotlightCategory\"><a href=\"https:\/\/www.suno.com.br\/noticias\/mercado\/\">Mercado<\/a><\/span><\/div><div class=\"cardsPage__listCard__boxs__content\"><a href=\"https:\/\/www.suno.com.br\/noticias\/destaques-petrobras-petr4-americanas-e-mais-va-2\/\"><h2 class=\"content__title\">Petrobras (PETR4), Americanas (AMER3) e Usiminas (USIM5) agitam mercado nesta ter\u00e7a-feira (12); veja mais destaques<\/h2><\/a><div class=\"newsContent__article__meta\"><div class=\"newsContent__article__meta__authorBox\"><a href=\"https:\/\/www.suno.com.br\/noticias\/author\/vini08correiagmail-com\/\" class=\"authorBox__avatar noMobi\"><img src=\"https:\/\/files.sunoresearch.com.br\/n\/uploads\/2026\/04\/WhatsApp-Image-2026-04-20-at-19.35.48-150x150.webp\" alt=\"Vin\u00edcius Alves\"><\/a><div class=\"authorBox__name\"><span>por\n\t\t\t<a href=\"https:\/\/www.suno.com.br\/noticias\/author\/vini08correiagmail-com\/\"><span itemprop=\"author\">Vin\u00edcius Alves<\/span><\/a><\/span><time datetime=\"2023-12-12T10:47:37-03:00\" itemprop=\"datePublished\">12\/12\/2023 10:47<\/time><\/div><\/div><\/div><\/div><\/div>","single_layout":"posts","amp_enabled":true,"_links":{"self":[{"href":"https:\/\/www.suno.com.br\/noticias\/wp-json\/wp\/v2\/posts\/498841"}],"collection":[{"href":"https:\/\/www.suno.com.br\/noticias\/wp-json\/wp\/v2\/posts"}],"about":[{"href":"https:\/\/www.suno.com.br\/noticias\/wp-json\/wp\/v2\/types\/post"}],"author":[{"embeddable":true,"href":"https:\/\/www.suno.com.br\/noticias\/wp-json\/wp\/v2\/users\/301"}],"replies":[{"embeddable":true,"href":"https:\/\/www.suno.com.br\/noticias\/wp-json\/wp\/v2\/comments?post=498841"}],"version-history":[{"count":3,"href":"https:\/\/www.suno.com.br\/noticias\/wp-json\/wp\/v2\/posts\/498841\/revisions"}],"predecessor-version":[{"id":498883,"href":"https:\/\/www.suno.com.br\/noticias\/wp-json\/wp\/v2\/posts\/498841\/revisions\/498883"}],"wp:featuredmedia":[{"embeddable":true,"href":"https:\/\/www.suno.com.br\/noticias\/wp-json\/wp\/v2\/media\/473499"}],"wp:attachment":[{"href":"https:\/\/www.suno.com.br\/noticias\/wp-json\/wp\/v2\/media?parent=498841"}],"wp:term":[{"taxonomy":"category","embeddable":true,"href":"https:\/\/www.suno.com.br\/noticias\/wp-json\/wp\/v2\/categories?post=498841"},{"taxonomy":"post_tag","embeddable":true,"href":"https:\/\/www.suno.com.br\/noticias\/wp-json\/wp\/v2\/tags?post=498841"},{"taxonomy":"suno_strategy","embeddable":true,"href":"https:\/\/www.suno.com.br\/noticias\/wp-json\/wp\/v2\/suno_strategy?post=498841"}],"curies":[{"name":"wp","href":"https:\/\/api.w.org\/{rel}","templated":true}]}}