{"id":498779,"date":"2023-12-12T10:13:32","date_gmt":"2023-12-12T13:13:32","guid":{"rendered":"https:\/\/www.suno.com.br\/noticias\/?p=498779"},"modified":"2023-12-12T10:13:41","modified_gmt":"2023-12-12T13:13:41","slug":"usiminas-usim5-auto-forno-gpj","status":"publish","type":"post","link":"https:\/\/www.suno.com.br\/noticias\/usiminas-usim5-auto-forno-gpj\/","title":{"rendered":"Usiminas (USIM5) decide desligar auto-forno de forma tempor\u00e1ria; saiba por qu\u00ea"},"content":{"rendered":"<p>A <strong>Usiminas\u00a0<\/strong>(<a href=\"https:\/\/www.suno.com.br\/acoes\/usim5\" target=\"_blank\" rel=\"noreferrer noopener\">USIM5<\/a>) informou nesta ter\u00e7a-feira (12) que decidiu pelo &#8216;desligamento tempor\u00e1rio&#8217; do alto-forno 1 de Ipatinga (MG). O equipamento tem capacidade para produzir 600 mil toneladas de a\u00e7o por ano.<\/p>\t<div class=\"wrapper-featured-image\">\n\t\t<figure class=\"spotlightImg\">\n\n\t\t\t<picture>\n\t\t\t\t<source media=\"(max-width: 768px)\" srcset=\"https:\/\/files.sunoresearch.com.br\/n\/uploads\/2021\/09\/usiminas-e1690543393391-400x200.jpg\">\n\t\t\t\t<img loading=\"lazy\" decoding=\"async\" class=\"newsContent__article__imgCapa lazyloadDisabled \" src=\"https:\/\/files.sunoresearch.com.br\/n\/uploads\/2021\/09\/usiminas-e1690543393391-800x450.jpg\" width=\"800\" height=\"450\" alt=\"Usiminas (USIM5) decide desligar auto-forno de forma tempor\u00e1ria; saiba por qu\u00ea\" fetchpriority=high \/>\n\t\t\t<\/picture>\n\n\t\t\t<figcaption class=\"wp-caption-text wp-caption-text--show\">Sede da Usiminas (USIM5). Foto: Divulga\u00e7\u00e3o<\/figcaption>\n\t\t<\/figure>\n\t<\/div>\n\n\n\n\n\n\n\n\t<p>\n\t\t<a href=\"https:\/\/lp.suno.com.br\/planilha-da-vida-financeira\/\" target=\"_blank\" data-element=\"shortcode-suno-banner\" title=\"Banner SUNO, clique e saiba mais\">\n\t\t\t<picture>\n\t\t\t\t<source media=\"(max-width: 500px)\" srcset=\"https:\/\/files.sunoresearch.com.br\/n\/uploads\/2023\/04\/400x300-Planilha-vida-financeira-true.png\">\n\t\t\t\t<img class=\"newsContent__article__imgCapa newsContent__article__imgCapa--banner\"\n\t\t\t\t\tsrc=\"https:\/\/files.sunoresearch.com.br\/n\/uploads\/2023\/04\/1420x240-Planilha-vida-financeira-true.png\"\n\t\t\t\t\tdata-promo-id=\"106682\"\t\t\t\t\t\t\t\t\t\twidth='1420' height='240'\t\t\t\t\talt=\"https:\/\/files.sunoresearch.com.br\/n\/uploads\/2023\/04\/1420x240-Planilha-vida-financeira-true.png\"\n\t\t\t\t>\n\t\t\t<\/picture>\n\t\t<\/a>\n\t<\/p>\n\n\n\n\n\n<p>O desligamento do <strong>alto-forno 1 da Usiminas<\/strong> ocorre em meio aos custos gerados pela retomada da opera\u00e7\u00e3o do maior alto-forno da companhia, o de n\u00famero 3, al\u00e9m da forte concorr\u00eancia de importa\u00e7\u00f5es de a\u00e7o no mercado interno.<\/p>\n\n\n\n<p>Assim como o alto-forno n\u00famero 1, o equipamento de n\u00famero 2 tamb\u00e9m possui capacidade de 600 mil toneladas por ano. J\u00e1 o de <strong>alto-forno da Usiminas<\/strong> de n\u00famero 3 comporta 3 milh\u00f5es de toneladas anuais.<\/p>\n\n\n\n<p>De acordo com a Usiminas, o desligamento do alto-forno 1 ocorrer\u00e1 &#8220;t\u00e3o logo o alto-forno n\u00ba 3 atinja um ritmo pr\u00e9-estabelecido de produ\u00e7\u00e3o, o que \u00e9 esperado a ocorrer no <a href=\"https:\/\/www.suno.com.br\/artigos\/curto-prazo\/\">curto prazo<\/a>&#8220;. Disse, ainda, que &#8220;a companhia busca proporcionar redu\u00e7\u00e3o de custos e melhoria da competitividade no mercado&#8221;.<\/p>\n\n\n\n\t<div data-element=\"shortcode-read-more\" class=\"readToo\">\n\t\t\t\t<span class=\"readToo__title\">Leia mais<\/span>\n\t\t\t\t<ul class=\"readToo__list\">\n\t\t\t<li><a href=\"https:\/\/www.suno.com.br\/noticias\/americanas-amer3-safra-recuperacao-judicial-gpj\/\">Americanas (AMER3): Justi\u00e7a nega pedido do Safra para anular assembleia sobre recupera\u00e7\u00e3o judicial<\/a><\/li><li><a href=\"https:\/\/www.suno.com.br\/noticias\/petrobras-petr4-eletrobras-elet3-gpj\/\">Petrobras (PETR4) aprova acordo judicial bilion\u00e1rio com a Eletrobras (ELET3); entenda<\/a><\/li><li><a href=\"https:\/\/www.suno.com.br\/noticias\/oi-oibr3-justica-recuperacao-judicial-gpj-2\/\">Oi (OIBR3): Justi\u00e7a concede mais 90 dias de &#8216;blindagem&#8217; em recupera\u00e7\u00e3o judicial<\/a><\/li>\t\t<\/ul>\n\t<\/div>\n\n\n\n\n<h2 class=\"wp-block-heading\">Usiminas (USIM5) reverte lucro e tem preju\u00edzo de R$ 165 milh\u00f5es no 3T23<\/h2>\n\n\n\n<p>A\u00a0Usiminas anotou um\u00a0preju\u00edzo l\u00edquido\u00a0de R$ 165,5 milh\u00f5es no acumulado do terceiro trimestre de 2023 (3T23), revertendo o <a href=\"https:\/\/www.suno.com.br\/artigos\/lucro-liquido\/\">lucro l\u00edquido<\/a> de R$ 287,3 milh\u00f5es registrado no segundo trimestre e um ano antes, de R$ 608,5 milh\u00f5es.<\/p>\n\n\n\n<p>O&nbsp;<strong>resultado negativo da Usiminas<\/strong>&nbsp;foi em raz\u00e3o do resultado operacional inferior e perdas cambiais registradas no per\u00edodo.<\/p>\n\n\n\n<p>J\u00e1 o lucro antes juros, impostos,\u00a0<a href=\"https:\/\/www.suno.com.br\/artigos\/depreciacao-amortizacao\/\" target=\"_blank\" rel=\"noreferrer noopener\">deprecia\u00e7\u00e3o e amortiza\u00e7\u00e3o<\/a>\u00a0(Ebitda, na sigla em ingl\u00eas) ajustado da\u00a0<strong>Usiminas no 3T23<\/strong>\u00a0foi negativo em R$ 20 milh\u00f5es, ante <a href=\"https:\/\/www.suno.com.br\/artigos\/ebitda-ajustado\/\">Ebitda ajustado<\/a> positivo de R$ 836 milh\u00f5es no 3T22.<\/p>\n\n\n\n<p>A&nbsp;<a href=\"https:\/\/www.suno.com.br\/artigos\/margem-ebitda\/\" target=\"_blank\" rel=\"noreferrer noopener\">margem Ebitda<\/a>&nbsp;ajustada, por sua vez, ficou est\u00e1vel no trimestre, mostrando uma baixa de 10 pontos percentuais (p.p.) ante igual per\u00edodo de 2022.<\/p>\n\n\n\n<p>O&nbsp;<strong><a href=\"https:\/\/www.suno.com.br\/artigos\/lucro-bruto\/\" target=\"_blank\" rel=\"noreferrer noopener\">lucro bruto<\/a>&nbsp;da Usiminas<\/strong>&nbsp;foi de R$ 175,3 milh\u00f5es, representando uma baixa de 83% na compara\u00e7\u00e3o com igual etapa do ano anterior, quando registrou um lucro bruto de R$ 1 bilh\u00e3o. A&nbsp;<a href=\"https:\/\/www.suno.com.br\/artigos\/margem-bruta-entenda-sua-importancia\/\" target=\"_blank\" rel=\"noreferrer noopener\">margem bruta<\/a>, por sua vez, foi de 2,6%, representando uma queda de 9,3 pontos percentuais no ano.<\/p>\n\n\n\n<p>A&nbsp;<strong><a href=\"https:\/\/www.suno.com.br\/artigos\/o-que-receita-liquida\/\" target=\"_blank\" rel=\"noreferrer noopener\">receita l\u00edquida<\/a>&nbsp;da Usiminas<\/strong>&nbsp;foi de R$ 6,714 bilh\u00f5es no trimestre, representando baixa de 20% na base anual.<\/p>\n\n\n\n<p>Em termos de produ\u00e7\u00e3o, a companhia apresentou uma queda de 4% na base anual, para 2,410 milh\u00f5es de toneladas, por\u00e9m, um crescimento de 4% na compara\u00e7\u00e3o com o segundo trimestre, quando a produ\u00e7\u00e3o registrada foi de 2,309 milh\u00f5es de toneladas.<\/p>\n\n\n\n<p>O\u00a0<strong><a href=\"https:\/\/www.suno.com.br\/artigos\/resultado-financeiro\/\" target=\"_blank\" rel=\"noreferrer noopener\">resultado financeiro<\/a>\u00a0da Usiminas<\/strong>\u00a0foi negativo em R$ 97,8 milh\u00f5es, ante resultado positivo de R$ 205,4 milh\u00f5es no segundo trimestre, \u201ccom o registro de perdas cambiais l\u00edquidas de R$ 132 milh\u00f5es, ante ganhos cambiais l\u00edquidos de R$172 milh\u00f5es registrados no trimestre anterior\u201d.<\/p>\n\n\n\n<h2 class=\"wp-block-heading\">D\u00edvida e alavancagem da Usiminas<\/h2>\n\n\n\n<p>As despesas gerais e administrativas da empresa foram de R$ 166 milh\u00f5es, representando alta de 11,9% em rela\u00e7\u00e3o ao trimestre anterior, principalmente com maiores despesas na unidade de siderurgia.<\/p>\n\n\n\n<p>A&nbsp;<a href=\"https:\/\/www.suno.com.br\/artigos\/divida-liquida\/\" target=\"_blank\" rel=\"noreferrer noopener\">d\u00edvida l\u00edquida<\/a>&nbsp;da companhia fechou o trimestre em R$ 353 milh\u00f5es.<\/p>\n\n\n\n<p>Assim, o patamar de alavancagem da&nbsp;<strong>Usiminas<\/strong>&nbsp;\u00e9 de 0,21x, considerando a raz\u00e3o entre a&nbsp;<a href=\"https:\/\/www.suno.com.br\/artigos\/divida-liquida\/\" target=\"_blank\" rel=\"noreferrer noopener\">d\u00edvida l\u00edquida<\/a>&nbsp;e o&nbsp;<a href=\"https:\/\/www.suno.com.br\/artigos\/ebitda-ajustado\/\" target=\"_blank\" rel=\"noreferrer noopener\">Ebitda ajustado<\/a>.<\/p>\n\n\n\n<p>Ainda em <a href=\"https:\/\/www.suno.com.br\/artigos\/fato-relevante\/\">fato relevante<\/a>, a\u00a0<strong>Usiminas<\/strong>\u00a0destacou que prev\u00ea vendas de a\u00e7o no quarto trimestre em 900 mil a 1 milh\u00e3o de toneladas.<\/p>\n\n\n\t<p>\n\t\t<a href=\"https:\/\/lp.suno.com.br\/ebook-como-analisar-uma-acao\/\" target=\"_blank\" data-element=\"shortcode-suno-banner\" title=\"Banner SUNO, clique e saiba mais\">\n\t\t\t<picture>\n\t\t\t\t<source media=\"(max-width: 500px)\" srcset=\"https:\/\/files.sunoresearch.com.br\/n\/uploads\/2023\/03\/Ebook-Acoes-Mobile.jpg\">\n\t\t\t\t<img class=\"newsContent__article__imgCapa newsContent__article__imgCapa--banner\"\n\t\t\t\t\tsrc=\"https:\/\/files.sunoresearch.com.br\/n\/uploads\/2023\/03\/Ebook-Acoes-Desktop.jpg\"\n\t\t\t\t\tdata-promo-id=\"378302\"\t\t\t\t\t\t\t\t\t\twidth='1420' height='286'\t\t\t\t\talt=\"https:\/\/files.sunoresearch.com.br\/n\/uploads\/2023\/03\/Ebook-Acoes-Desktop.jpg\"\n\t\t\t\t>\n\t\t\t<\/picture>\n\t\t<\/a>\n\t<\/p>\n\n\n\n\n\n<h2 class=\"wp-block-heading\">Desempenho das a\u00e7\u00f5es da Usiminas<\/h2>\n\n\n\n<div class=\"pluginQuotation\">\n  <p class=\"ticker\">\n    Cota\u00e7\u00e3o <span>USIM5<\/span>\n  <\/p>\n  <div class=\"info\">\n    <div class=\"leftSide\">\n      Gr\u00e1fico gerado em: 12\/12\/2023    <\/div>\n\t\t\t\t\t<div class=\"rightSide\">\n\t\t\t\t\t<span class=\"period\">\n\t\t\t\t\t\t5 Dias\t\t\t\t\t<\/span>\n\t\t\t<\/div>\n\t\t  <\/div>\n\n  <div id=\"chart-a024531f96ff215e0aab539dc218d7ca\" data-block-hash=\"a024531f96ff215e0aab539dc218d7ca\"  class=\"chart\" style=\"width:100%;height:400px;\"><\/div>\n\n  <div class=\"pluginQuotation__footer\">\n    <div class=\"dataChart\">\n\n      <div class=\"dataChart__div1 variation\">\n        <div class=\"value-positive\">\n          1,55 (+0,13%)        <\/div>\n        <div class=\"text\">\n          Varia\u00e7\u00e3o do per\u00edodo\n        <\/div>\n      <\/div>\n\n      <div class=\"dataChart__div2 minMax\">\n        <div class=\"value\">\n          R$\u00a08,22        <\/div>\n        <div class=\"text\">\n          M\u00ednima\n        <\/div>\n      <\/div>\n\n      <div class=\"dataChart__div3 minMax\">\n        <div class=\"value\">\n          R$\u00a08,52        <\/div>\n        <div class=\"text\">\n          M\u00e1xima\n        <\/div>\n      <\/div>\n\n\t\t\t<div class=\"dataChart__div4 rightSide\">\n\t\t\t\t<div class=\"analiticaSource\">\n\t\t\t\t\t<span>\n\t\t\t\t\t\tFonte:\n\t\t\t\t\t<\/span>\n\t\t\t\t\t<img decoding=\"async\" class=\"analiticaLogo\" src=\"https:\/\/www.suno.com.br\/noticias\/wp-content\/plugins\/suno-block-ticker-quotation\/src\/suno-analitica-logo.png\" alt=\"Logo Suno Anal\u00edtica\" \/>\n\t\t\t\t<\/div>\n\n\t\t\t\t<a href=\"https:\/\/www.suno.com.br\/analitica\/acoes\/USIM5\" target=\"_blank\">\n\t\t\t\t\t<span>\n\t\t\t\t\t\tVer mais cota\u00e7\u00f5es\n\t\t\t\t\t<\/span>\n\t\t\t\t\t<svg xmlns=\"http:\/\/www.w3.org\/2000\/svg\" width=\"9\" height=\"8\" viewBox=\"0 0 9 8\" fill=\"none\">\n\t\t\t\t\t\t<path d=\"M4.20996 0L3.50496 0.705L6.29496 3.5H0.209961V4.5H6.29496L3.50496 7.295L4.20996 8L8.20996 4L4.20996 0Z\" fill=\"#D42126\" \/>\n\t\t\t\t\t<\/svg>\n\t\t\t\t<\/a>\n    <\/div>\n\n    <\/div>\n  <\/div>\n<\/div>\n\n\n<script type=\"text\/javascript\">\n  let chart_a024531f96ff215e0aab539dc218d7ca = document.getElementById('chart-a024531f96ff215e0aab539dc218d7ca');\n  let data_json_a024531f96ff215e0aab539dc218d7ca = \"[{\\\"date\\\":\\\"06\\\\\\\/12\\\\\\\/23 10:10\\\",\\\"value\\\":8.37},{\\\"date\\\":\\\"06\\\\\\\/12\\\\\\\/23 10:20\\\",\\\"value\\\":8.37},{\\\"date\\\":\\\"06\\\\\\\/12\\\\\\\/23 10:30\\\",\\\"value\\\":8.35},{\\\"date\\\":\\\"06\\\\\\\/12\\\\\\\/23 15:00\\\",\\\"value\\\":8.24},{\\\"date\\\":\\\"06\\\\\\\/12\\\\\\\/23 15:10\\\",\\\"value\\\":8.24},{\\\"date\\\":\\\"06\\\\\\\/12\\\\\\\/23 15:20\\\",\\\"value\\\":8.25},{\\\"date\\\":\\\"06\\\\\\\/12\\\\\\\/23 15:30\\\",\\\"value\\\":8.26},{\\\"date\\\":\\\"06\\\\\\\/12\\\\\\\/23 15:40\\\",\\\"value\\\":8.24},{\\\"date\\\":\\\"06\\\\\\\/12\\\\\\\/23 15:50\\\",\\\"value\\\":8.23},{\\\"date\\\":\\\"06\\\\\\\/12\\\\\\\/23 16:00\\\",\\\"value\\\":8.22},{\\\"date\\\":\\\"06\\\\\\\/12\\\\\\\/23 16:10\\\",\\\"value\\\":8.23},{\\\"date\\\":\\\"07\\\\\\\/12\\\\\\\/23 10:10\\\",\\\"value\\\":8.44},{\\\"date\\\":\\\"07\\\\\\\/12\\\\\\\/23 10:20\\\",\\\"value\\\":8.39},{\\\"date\\\":\\\"07\\\\\\\/12\\\\\\\/23 10:30\\\",\\\"value\\\":8.31},{\\\"date\\\":\\\"07\\\\\\\/12\\\\\\\/23 10:40\\\",\\\"value\\\":8.32},{\\\"date\\\":\\\"07\\\\\\\/12\\\\\\\/23 10:50\\\",\\\"value\\\":8.37},{\\\"date\\\":\\\"07\\\\\\\/12\\\\\\\/23 11:00\\\",\\\"value\\\":8.37},{\\\"date\\\":\\\"07\\\\\\\/12\\\\\\\/23 11:10\\\",\\\"value\\\":8.35},{\\\"date\\\":\\\"07\\\\\\\/12\\\\\\\/23 11:20\\\",\\\"value\\\":8.35},{\\\"date\\\":\\\"07\\\\\\\/12\\\\\\\/23 11:30\\\",\\\"value\\\":8.33},{\\\"date\\\":\\\"07\\\\\\\/12\\\\\\\/23 11:40\\\",\\\"value\\\":8.33},{\\\"date\\\":\\\"07\\\\\\\/12\\\\\\\/23 11:50\\\",\\\"value\\\":8.37},{\\\"date\\\":\\\"07\\\\\\\/12\\\\\\\/23 12:00\\\",\\\"value\\\":8.36},{\\\"date\\\":\\\"07\\\\\\\/12\\\\\\\/23 12:10\\\",\\\"value\\\":8.35},{\\\"date\\\":\\\"07\\\\\\\/12\\\\\\\/23 12:20\\\",\\\"value\\\":8.34},{\\\"date\\\":\\\"07\\\\\\\/12\\\\\\\/23 12:30\\\",\\\"value\\\":8.33},{\\\"date\\\":\\\"07\\\\\\\/12\\\\\\\/23 12:40\\\",\\\"value\\\":8.3},{\\\"date\\\":\\\"07\\\\\\\/12\\\\\\\/23 12:50\\\",\\\"value\\\":8.32},{\\\"date\\\":\\\"07\\\\\\\/12\\\\\\\/23 13:00\\\",\\\"value\\\":8.32},{\\\"date\\\":\\\"07\\\\\\\/12\\\\\\\/23 13:10\\\",\\\"value\\\":8.31},{\\\"date\\\":\\\"07\\\\\\\/12\\\\\\\/23 13:20\\\",\\\"value\\\":8.29},{\\\"date\\\":\\\"07\\\\\\\/12\\\\\\\/23 13:30\\\",\\\"value\\\":8.29},{\\\"date\\\":\\\"07\\\\\\\/12\\\\\\\/23 13:40\\\",\\\"value\\\":8.29},{\\\"date\\\":\\\"07\\\\\\\/12\\\\\\\/23 13:50\\\",\\\"value\\\":8.3},{\\\"date\\\":\\\"07\\\\\\\/12\\\\\\\/23 14:00\\\",\\\"value\\\":8.3},{\\\"date\\\":\\\"07\\\\\\\/12\\\\\\\/23 15:20\\\",\\\"value\\\":8.39},{\\\"date\\\":\\\"07\\\\\\\/12\\\\\\\/23 15:30\\\",\\\"value\\\":8.39},{\\\"date\\\":\\\"07\\\\\\\/12\\\\\\\/23 15:40\\\",\\\"value\\\":8.37},{\\\"date\\\":\\\"07\\\\\\\/12\\\\\\\/23 15:50\\\",\\\"value\\\":8.35},{\\\"date\\\":\\\"07\\\\\\\/12\\\\\\\/23 16:00\\\",\\\"value\\\":8.34},{\\\"date\\\":\\\"08\\\\\\\/12\\\\\\\/23 10:00\\\",\\\"value\\\":8.39},{\\\"date\\\":\\\"08\\\\\\\/12\\\\\\\/23 10:10\\\",\\\"value\\\":8.39},{\\\"date\\\":\\\"08\\\\\\\/12\\\\\\\/23 10:20\\\",\\\"value\\\":8.39},{\\\"date\\\":\\\"08\\\\\\\/12\\\\\\\/23 10:30\\\",\\\"value\\\":8.35},{\\\"date\\\":\\\"08\\\\\\\/12\\\\\\\/23 10:40\\\",\\\"value\\\":8.39},{\\\"date\\\":\\\"08\\\\\\\/12\\\\\\\/23 10:50\\\",\\\"value\\\":8.4},{\\\"date\\\":\\\"08\\\\\\\/12\\\\\\\/23 11:00\\\",\\\"value\\\":8.39},{\\\"date\\\":\\\"08\\\\\\\/12\\\\\\\/23 11:10\\\",\\\"value\\\":8.36},{\\\"date\\\":\\\"08\\\\\\\/12\\\\\\\/23 11:20\\\",\\\"value\\\":8.35},{\\\"date\\\":\\\"08\\\\\\\/12\\\\\\\/23 11:30\\\",\\\"value\\\":8.41},{\\\"date\\\":\\\"08\\\\\\\/12\\\\\\\/23 11:40\\\",\\\"value\\\":8.47},{\\\"date\\\":\\\"08\\\\\\\/12\\\\\\\/23 11:50\\\",\\\"value\\\":8.46},{\\\"date\\\":\\\"08\\\\\\\/12\\\\\\\/23 12:00\\\",\\\"value\\\":8.48},{\\\"date\\\":\\\"08\\\\\\\/12\\\\\\\/23 12:10\\\",\\\"value\\\":8.47},{\\\"date\\\":\\\"08\\\\\\\/12\\\\\\\/23 12:20\\\",\\\"value\\\":8.49},{\\\"date\\\":\\\"08\\\\\\\/12\\\\\\\/23 12:30\\\",\\\"value\\\":8.49},{\\\"date\\\":\\\"08\\\\\\\/12\\\\\\\/23 12:40\\\",\\\"value\\\":8.48},{\\\"date\\\":\\\"08\\\\\\\/12\\\\\\\/23 12:50\\\",\\\"value\\\":8.45},{\\\"date\\\":\\\"08\\\\\\\/12\\\\\\\/23 13:00\\\",\\\"value\\\":8.46},{\\\"date\\\":\\\"08\\\\\\\/12\\\\\\\/23 13:10\\\",\\\"value\\\":8.44},{\\\"date\\\":\\\"08\\\\\\\/12\\\\\\\/23 13:20\\\",\\\"value\\\":8.42},{\\\"date\\\":\\\"08\\\\\\\/12\\\\\\\/23 13:30\\\",\\\"value\\\":8.47},{\\\"date\\\":\\\"08\\\\\\\/12\\\\\\\/23 13:40\\\",\\\"value\\\":8.44},{\\\"date\\\":\\\"08\\\\\\\/12\\\\\\\/23 13:50\\\",\\\"value\\\":8.45},{\\\"date\\\":\\\"08\\\\\\\/12\\\\\\\/23 14:00\\\",\\\"value\\\":8.46},{\\\"date\\\":\\\"08\\\\\\\/12\\\\\\\/23 14:10\\\",\\\"value\\\":8.46},{\\\"date\\\":\\\"08\\\\\\\/12\\\\\\\/23 14:20\\\",\\\"value\\\":8.42},{\\\"date\\\":\\\"08\\\\\\\/12\\\\\\\/23 14:30\\\",\\\"value\\\":8.42},{\\\"date\\\":\\\"08\\\\\\\/12\\\\\\\/23 15:00\\\",\\\"value\\\":8.43},{\\\"date\\\":\\\"08\\\\\\\/12\\\\\\\/23 15:10\\\",\\\"value\\\":8.44},{\\\"date\\\":\\\"08\\\\\\\/12\\\\\\\/23 15:20\\\",\\\"value\\\":8.44},{\\\"date\\\":\\\"08\\\\\\\/12\\\\\\\/23 15:30\\\",\\\"value\\\":8.45},{\\\"date\\\":\\\"08\\\\\\\/12\\\\\\\/23 15:40\\\",\\\"value\\\":8.43},{\\\"date\\\":\\\"08\\\\\\\/12\\\\\\\/23 15:50\\\",\\\"value\\\":8.41},{\\\"date\\\":\\\"11\\\\\\\/12\\\\\\\/23 10:10\\\",\\\"value\\\":8.46},{\\\"date\\\":\\\"11\\\\\\\/12\\\\\\\/23 14:50\\\",\\\"value\\\":8.46},{\\\"date\\\":\\\"11\\\\\\\/12\\\\\\\/23 15:00\\\",\\\"value\\\":8.46},{\\\"date\\\":\\\"11\\\\\\\/12\\\\\\\/23 15:10\\\",\\\"value\\\":8.46},{\\\"date\\\":\\\"11\\\\\\\/12\\\\\\\/23 15:20\\\",\\\"value\\\":8.49},{\\\"date\\\":\\\"11\\\\\\\/12\\\\\\\/23 15:30\\\",\\\"value\\\":8.49},{\\\"date\\\":\\\"11\\\\\\\/12\\\\\\\/23 15:40\\\",\\\"value\\\":8.5},{\\\"date\\\":\\\"11\\\\\\\/12\\\\\\\/23 15:50\\\",\\\"value\\\":8.52},{\\\"date\\\":\\\"11\\\\\\\/12\\\\\\\/23 16:00\\\",\\\"value\\\":8.51},{\\\"date\\\":\\\"11\\\\\\\/12\\\\\\\/23 16:10\\\",\\\"value\\\":8.51},{\\\"date\\\":\\\"11\\\\\\\/12\\\\\\\/23 16:20\\\",\\\"value\\\":8.5},{\\\"date\\\":\\\"11\\\\\\\/12\\\\\\\/23 16:30\\\",\\\"value\\\":8.5},{\\\"date\\\":\\\"11\\\\\\\/12\\\\\\\/23 16:40\\\",\\\"value\\\":8.51},{\\\"date\\\":\\\"11\\\\\\\/12\\\\\\\/23 16:50\\\",\\\"value\\\":8.51},{\\\"date\\\":\\\"11\\\\\\\/12\\\\\\\/23 17:00\\\",\\\"value\\\":8.51},{\\\"date\\\":\\\"11\\\\\\\/12\\\\\\\/23 17:10\\\",\\\"value\\\":8.5}]\";\n  let isPositive_a024531f96ff215e0aab539dc218d7ca = true;\n\n  let color_a024531f96ff215e0aab539dc218d7ca = isPositive_a024531f96ff215e0aab539dc218d7ca ? '#3AB53A' : '#D92C2D';\n\n  let data_a024531f96ff215e0aab539dc218d7ca = JSON.parse(data_json_a024531f96ff215e0aab539dc218d7ca);\n\n  const result_a024531f96ff215e0aab539dc218d7ca = {\n    date: [],\n    value: [],\n  };\n\n  data_a024531f96ff215e0aab539dc218d7ca.forEach((item) => {\n    result_a024531f96ff215e0aab539dc218d7ca.date.push(item.date);\n    result_a024531f96ff215e0aab539dc218d7ca.value.push(Number(item.value));\n  });\n\n  let option_a024531f96ff215e0aab539dc218d7ca = {\n    \/\/ variavel de cor global\n    color: [color_a024531f96ff215e0aab539dc218d7ca],\n    title: {\n      text: '',\n    },\n    tooltip: {\n      trigger: 'axis',\n      axisPointer: {\n        type: 'cross',\n        label: {\n          \/\/ cor dos valores em X e Y\n          backgroundColor: color_a024531f96ff215e0aab539dc218d7ca,\n          formatter: (value) => {\n            if (typeof value.value === 'number') {\n              return Number(value.value).toLocaleString('pt-br', {\n                style: 'currency',\n                currency: 'BRL'\n              });\n            }\n            return value.value;\n          },\n        },\n      },\n      valueFormatter: (value) => Number(value).toLocaleString('pt-br', {\n        style: 'currency',\n        currency: 'BRL'\n      }),\n    },\n    legend: {\n      \/\/ data: ['Valor de Fechamento'],\n      show: false,\n    },\n    toolbox: {\n      feature: {\n        saveAsImage: {\n          show: false,\n        },\n      },\n    },\n    grid: {\n      left: '0px',\n      right: '0px',\n      bottom: '0px',\n      containLabel: true,\n    },\n    xAxis: [{\n      type: 'category',\n      data: result_a024531f96ff215e0aab539dc218d7ca.date,\n      boundaryGap: true,\n    }],\n    yAxis: [{\n      type: 'value',\n      min: Math.min(...result_a024531f96ff215e0aab539dc218d7ca.value),\n      max: Math.max(...result_a024531f96ff215e0aab539dc218d7ca.value),\n      axisLabel: {\n        formatter: (value) => value.toLocaleString('pt-br', {\n          style: 'currency',\n          currency: 'BRL'\n        }),\n      },\n    }],\n    series: [{\n      name: 'Valor de Fechamento',\n      type: 'line',\n      stack: 'Total',\n      \/\/ cor do grafico\n      areaStyle: {},\n      emphasis: {\n        focus: 'series',\n      },\n      data: result_a024531f96ff215e0aab539dc218d7ca.value,\n      \/\/ cor da linha\n      lineStyle: {\n        color: color_a024531f96ff215e0aab539dc218d7ca,\n      },\n    }, ],\n  };\n\n\twindow.chart_a024531f96ff215e0aab539dc218d7ca = {\n\t\tel: chart_a024531f96ff215e0aab539dc218d7ca,\n\t\toption: option_a024531f96ff215e0aab539dc218d7ca\t};\n\n\n<\/script>\n\n\n\t<p>\n\t\t<a href=\"https:\/\/lp.suno.com.br\/planilha-da-vida-financeira\/\" target=\"_blank\" data-element=\"shortcode-suno-banner\" title=\"Banner SUNO, clique e saiba mais\">\n\t\t\t<picture>\n\t\t\t\t<source media=\"(max-width: 500px)\" srcset=\"https:\/\/files.sunoresearch.com.br\/n\/uploads\/2023\/04\/400x300-Planilha-vida-financeira-true.png\">\n\t\t\t\t<img class=\"newsContent__article__imgCapa newsContent__article__imgCapa--banner\"\n\t\t\t\t\tsrc=\"https:\/\/files.sunoresearch.com.br\/n\/uploads\/2023\/04\/1420x240-Planilha-vida-financeira-true.png\"\n\t\t\t\t\tdata-promo-id=\"383123\"\t\t\t\t\t\t\t\t\t\twidth='1420' height='240'\t\t\t\t\talt=\"https:\/\/files.sunoresearch.com.br\/n\/uploads\/2023\/04\/1420x240-Planilha-vida-financeira-true.png\"\n\t\t\t\t>\n\t\t\t<\/picture>\n\t\t<\/a>\n\t<\/p>\n\n\n","protected":false},"excerpt":{"rendered":"<p>A Usiminas\u00a0(USIM5) informou nesta ter\u00e7a-feira (12) que decidiu pelo &#8216;desligamento tempor\u00e1rio&#8217; do alto-forno 1 de Ipatinga (MG). O equipamento tem capacidade para produzir 600 mil toneladas de a\u00e7o por ano. Sede da Usiminas (USIM5). Foto: Divulga\u00e7\u00e3o O desligamento do alto-forno 1 da Usiminas ocorre em meio aos custos gerados pela retomada da opera\u00e7\u00e3o do maior [&hellip;]<\/p>\n","protected":false},"author":313,"featured_media":187812,"comment_status":"closed","ping_status":"closed","sticky":false,"template":"","format":"standard","meta":[],"categories":[64],"tags":[],"suno_strategy":[],"class_list":["post-498779","post","type-post","status-publish","format-standard","has-post-thumbnail","hentry","category-negocios"],"yoast_head":"<!-- This site is optimized with the Yoast SEO plugin v24.4 - https:\/\/yoast.com\/wordpress\/plugins\/seo\/ -->\n<title>Usiminas (USIM5) decide desligar auto-forno de forma tempor\u00e1ria<\/title>\n<meta name=\"description\" content=\"Atualmente, o auto-forno 1 da Usiminas tem capacidade para produzir 600 mil toneladas de a\u00e7o por ano, segundo a companhia.\" \/>\n<meta name=\"robots\" content=\"index, follow, max-snippet:-1, max-image-preview:large, max-video-preview:-1\" \/>\n<link rel=\"canonical\" href=\"https:\/\/www.suno.com.br\/noticias\/usiminas-usim5-auto-forno-gpj\/\" \/>\n<meta property=\"og:locale\" content=\"pt_BR\" \/>\n<meta property=\"og:type\" content=\"article\" \/>\n<meta property=\"og:title\" content=\"Usiminas (USIM5) decide desligar auto-forno de forma tempor\u00e1ria\" \/>\n<meta property=\"og:description\" content=\"Atualmente, o auto-forno 1 da Usiminas tem capacidade para produzir 600 mil toneladas de a\u00e7o por ano, segundo a companhia.\" \/>\n<meta property=\"og:url\" content=\"https:\/\/www.suno.com.br\/noticias\/usiminas-usim5-auto-forno-gpj\/\" \/>\n<meta property=\"og:site_name\" content=\"Suno Not\u00edcias\" \/>\n<meta property=\"article:publisher\" content=\"https:\/\/facebook.com\/sunoresearch\" \/>\n<meta property=\"og:image\" content=\"https:\/\/files.sunoresearch.com.br\/n\/uploads\/2021\/09\/usiminas-e1690543393391.jpg\" \/>\n\t<meta property=\"og:image:width\" content=\"1200\" \/>\n\t<meta property=\"og:image:height\" content=\"800\" \/>\n\t<meta property=\"og:image:type\" content=\"image\/jpeg\" \/>\n<meta name=\"author\" content=\"Giovanni Porf\u00edrio Jacomino\" \/>\n<meta name=\"twitter:card\" content=\"summary_large_image\" \/>\n<meta name=\"twitter:creator\" content=\"@sunoresearch\" \/>\n<meta name=\"twitter:site\" content=\"@sunoresearch\" \/>\n<meta name=\"twitter:label1\" content=\"Escrito por\" \/>\n\t<meta name=\"twitter:data1\" content=\"Giovanni Porf\u00edrio Jacomino\" \/>\n\t<meta name=\"twitter:label2\" content=\"Est. tempo de leitura\" \/>\n\t<meta name=\"twitter:data2\" content=\"3 minutos\" \/>\n<script type=\"application\/ld+json\" class=\"yoast-schema-graph\">{\"@context\":\"https:\/\/schema.org\",\"@graph\":[{\"@type\":\"NewsArticle\",\"@id\":\"https:\/\/www.suno.com.br\/noticias\/usiminas-usim5-auto-forno-gpj\/#article\",\"isPartOf\":{\"@id\":\"https:\/\/www.suno.com.br\/noticias\/usiminas-usim5-auto-forno-gpj\/\"},\"author\":{\"name\":\"Giovanni Porf\u00edrio Jacomino\",\"@id\":\"https:\/\/www.suno.com.br\/noticias\/#\/schema\/person\/d0f32748bbca4bee871fa191ee4e2d40\"},\"headline\":\"Usiminas (USIM5) decide desligar auto-forno de forma tempor\u00e1ria; saiba por qu\u00ea\",\"datePublished\":\"2023-12-12T13:13:32+00:00\",\"dateModified\":\"2023-12-12T13:13:41+00:00\",\"mainEntityOfPage\":{\"@id\":\"https:\/\/www.suno.com.br\/noticias\/usiminas-usim5-auto-forno-gpj\/\"},\"wordCount\":588,\"publisher\":{\"@id\":\"https:\/\/www.suno.com.br\/noticias\/#organization\"},\"image\":{\"@id\":\"https:\/\/www.suno.com.br\/noticias\/usiminas-usim5-auto-forno-gpj\/#primaryimage\"},\"thumbnailUrl\":\"https:\/\/files.sunoresearch.com.br\/n\/uploads\/2021\/09\/usiminas-e1690543393391.jpg\",\"articleSection\":[\"Neg\u00f3cios\"],\"inLanguage\":\"pt-BR\"},{\"@type\":\"WebPage\",\"@id\":\"https:\/\/www.suno.com.br\/noticias\/usiminas-usim5-auto-forno-gpj\/\",\"url\":\"https:\/\/www.suno.com.br\/noticias\/usiminas-usim5-auto-forno-gpj\/\",\"name\":\"Usiminas (USIM5) decide desligar auto-forno de forma tempor\u00e1ria\",\"isPartOf\":{\"@id\":\"https:\/\/www.suno.com.br\/noticias\/#website\"},\"primaryImageOfPage\":{\"@id\":\"https:\/\/www.suno.com.br\/noticias\/usiminas-usim5-auto-forno-gpj\/#primaryimage\"},\"image\":{\"@id\":\"https:\/\/www.suno.com.br\/noticias\/usiminas-usim5-auto-forno-gpj\/#primaryimage\"},\"thumbnailUrl\":\"https:\/\/files.sunoresearch.com.br\/n\/uploads\/2021\/09\/usiminas-e1690543393391.jpg\",\"datePublished\":\"2023-12-12T13:13:32+00:00\",\"dateModified\":\"2023-12-12T13:13:41+00:00\",\"description\":\"Atualmente, o auto-forno 1 da Usiminas tem capacidade para produzir 600 mil toneladas de a\u00e7o por ano, segundo a companhia.\",\"breadcrumb\":{\"@id\":\"https:\/\/www.suno.com.br\/noticias\/usiminas-usim5-auto-forno-gpj\/#breadcrumb\"},\"inLanguage\":\"pt-BR\",\"potentialAction\":[{\"@type\":\"ReadAction\",\"target\":[\"https:\/\/www.suno.com.br\/noticias\/usiminas-usim5-auto-forno-gpj\/\"]}]},{\"@type\":\"ImageObject\",\"inLanguage\":\"pt-BR\",\"@id\":\"https:\/\/www.suno.com.br\/noticias\/usiminas-usim5-auto-forno-gpj\/#primaryimage\",\"url\":\"https:\/\/files.sunoresearch.com.br\/n\/uploads\/2021\/09\/usiminas-e1690543393391.jpg\",\"contentUrl\":\"https:\/\/files.sunoresearch.com.br\/n\/uploads\/2021\/09\/usiminas-e1690543393391.jpg\",\"width\":1200,\"height\":800,\"caption\":\"Sede da Usiminas (USIM5). Foto: Divulga\u00e7\u00e3o\"},{\"@type\":\"BreadcrumbList\",\"@id\":\"https:\/\/www.suno.com.br\/noticias\/usiminas-usim5-auto-forno-gpj\/#breadcrumb\",\"itemListElement\":[{\"@type\":\"ListItem\",\"position\":1,\"name\":\"Not\u00edcias\",\"item\":\"https:\/\/www.suno.com.br\/noticias\/\"},{\"@type\":\"ListItem\",\"position\":2,\"name\":\"Neg\u00f3cios\",\"item\":\"https:\/\/www.suno.com.br\/noticias\/negocios\/\"},{\"@type\":\"ListItem\",\"position\":3,\"name\":\"Usiminas (USIM5) decide desligar auto-forno de forma tempor\u00e1ria; saiba por qu\u00ea\"}]},{\"@type\":\"WebSite\",\"@id\":\"https:\/\/www.suno.com.br\/noticias\/#website\",\"url\":\"https:\/\/www.suno.com.br\/noticias\/\",\"name\":\"Suno Not\u00edcias\",\"description\":\"Seu portal de informa\u00e7\u00e3o sobre o mundo dos investimentos\",\"publisher\":{\"@id\":\"https:\/\/www.suno.com.br\/noticias\/#organization\"},\"potentialAction\":[{\"@type\":\"SearchAction\",\"target\":{\"@type\":\"EntryPoint\",\"urlTemplate\":\"https:\/\/www.suno.com.br\/noticias\/?s={search_term_string}\"},\"query-input\":{\"@type\":\"PropertyValueSpecification\",\"valueRequired\":true,\"valueName\":\"search_term_string\"}}],\"inLanguage\":\"pt-BR\"},{\"@type\":\"Organization\",\"@id\":\"https:\/\/www.suno.com.br\/noticias\/#organization\",\"name\":\"Suno Not\u00edcias\",\"url\":\"https:\/\/www.suno.com.br\/noticias\/\",\"logo\":{\"@type\":\"ImageObject\",\"inLanguage\":\"pt-BR\",\"@id\":\"https:\/\/www.suno.com.br\/noticias\/#\/schema\/logo\/image\/\",\"url\":\"https:\/\/files.sunoresearch.com.br\/n\/uploads\/2021\/09\/suno-logo.png\",\"contentUrl\":\"https:\/\/files.sunoresearch.com.br\/n\/uploads\/2021\/09\/suno-logo.png\",\"width\":180,\"height\":180,\"caption\":\"Suno Not\u00edcias\"},\"image\":{\"@id\":\"https:\/\/www.suno.com.br\/noticias\/#\/schema\/logo\/image\/\"},\"sameAs\":[\"https:\/\/facebook.com\/sunoresearch\",\"https:\/\/x.com\/sunoresearch\",\"https:\/\/www.instagram.com\/suno\",\"https:\/\/www.linkedin.com\/company\/suno-research\/\",\"https:\/\/www.youtube.com\/c\/sunoresearch\"]},{\"@type\":\"Person\",\"@id\":\"https:\/\/www.suno.com.br\/noticias\/#\/schema\/person\/d0f32748bbca4bee871fa191ee4e2d40\",\"name\":\"Giovanni Porf\u00edrio Jacomino\",\"image\":{\"@type\":\"ImageObject\",\"inLanguage\":\"pt-BR\",\"@id\":\"https:\/\/www.suno.com.br\/noticias\/#\/schema\/person\/image\/\",\"url\":\"https:\/\/secure.gravatar.com\/avatar\/efb32e19b730a121cb7a80f41ffec01a?s=96&r=g\",\"contentUrl\":\"https:\/\/secure.gravatar.com\/avatar\/efb32e19b730a121cb7a80f41ffec01a?s=96&r=g\",\"caption\":\"Giovanni Porf\u00edrio Jacomino\"},\"description\":\"Giovanni Porf\u00edrio Jacomino \u00e9 jornalista formado pela Universidade Estadual de Londrina (UEL) e p\u00f3s-graduado em Produ\u00e7\u00e3o e Pr\u00e1ticas Jornal\u00edsticas na Contemporaneidade na Faculdade C\u00e1sper L\u00edbero (FCL). Foi editor web no Startupi e no Finsiders, atuando ainda como editor no TC Mover, portal de not\u00edcias da TradersClub, fazendo a cobertura de assuntos relacionados ao mercado financeiro interno e externo. Atualmente, \u00e9 Rep\u00f3rter do Suno Not\u00edcias.\",\"url\":\"https:\/\/www.suno.com.br\/noticias\/author\/giovanni-porfiriosuno-com-br\/\"}]}<\/script>\n<!-- \/ Yoast SEO plugin. -->","yoast_head_json":{"title":"Usiminas (USIM5) decide desligar auto-forno de forma tempor\u00e1ria","description":"Atualmente, o auto-forno 1 da Usiminas tem capacidade para produzir 600 mil toneladas de a\u00e7o por ano, segundo a companhia.","robots":{"index":"index","follow":"follow","max-snippet":"max-snippet:-1","max-image-preview":"max-image-preview:large","max-video-preview":"max-video-preview:-1"},"canonical":"https:\/\/www.suno.com.br\/noticias\/usiminas-usim5-auto-forno-gpj\/","og_locale":"pt_BR","og_type":"article","og_title":"Usiminas (USIM5) decide desligar auto-forno de forma tempor\u00e1ria","og_description":"Atualmente, o auto-forno 1 da Usiminas tem capacidade para produzir 600 mil toneladas de a\u00e7o por ano, segundo a companhia.","og_url":"https:\/\/www.suno.com.br\/noticias\/usiminas-usim5-auto-forno-gpj\/","og_site_name":"Suno Not\u00edcias","article_publisher":"https:\/\/facebook.com\/sunoresearch","og_image":[{"width":1200,"height":800,"url":"https:\/\/files.sunoresearch.com.br\/n\/uploads\/2021\/09\/usiminas-e1690543393391.jpg","type":"image\/jpeg"}],"author":"Giovanni Porf\u00edrio Jacomino","twitter_card":"summary_large_image","twitter_creator":"@sunoresearch","twitter_site":"@sunoresearch","twitter_misc":{"Escrito por":"Giovanni Porf\u00edrio Jacomino","Est. tempo de leitura":"3 minutos"},"schema":{"@context":"https:\/\/schema.org","@graph":[{"@type":"NewsArticle","@id":"https:\/\/www.suno.com.br\/noticias\/usiminas-usim5-auto-forno-gpj\/#article","isPartOf":{"@id":"https:\/\/www.suno.com.br\/noticias\/usiminas-usim5-auto-forno-gpj\/"},"author":{"name":"Giovanni Porf\u00edrio Jacomino","@id":"https:\/\/www.suno.com.br\/noticias\/#\/schema\/person\/d0f32748bbca4bee871fa191ee4e2d40"},"headline":"Usiminas (USIM5) decide desligar auto-forno de forma tempor\u00e1ria; saiba por qu\u00ea","datePublished":"2023-12-12T13:13:32+00:00","dateModified":"2023-12-12T13:13:41+00:00","mainEntityOfPage":{"@id":"https:\/\/www.suno.com.br\/noticias\/usiminas-usim5-auto-forno-gpj\/"},"wordCount":588,"publisher":{"@id":"https:\/\/www.suno.com.br\/noticias\/#organization"},"image":{"@id":"https:\/\/www.suno.com.br\/noticias\/usiminas-usim5-auto-forno-gpj\/#primaryimage"},"thumbnailUrl":"https:\/\/files.sunoresearch.com.br\/n\/uploads\/2021\/09\/usiminas-e1690543393391.jpg","articleSection":["Neg\u00f3cios"],"inLanguage":"pt-BR"},{"@type":"WebPage","@id":"https:\/\/www.suno.com.br\/noticias\/usiminas-usim5-auto-forno-gpj\/","url":"https:\/\/www.suno.com.br\/noticias\/usiminas-usim5-auto-forno-gpj\/","name":"Usiminas (USIM5) decide desligar auto-forno de forma tempor\u00e1ria","isPartOf":{"@id":"https:\/\/www.suno.com.br\/noticias\/#website"},"primaryImageOfPage":{"@id":"https:\/\/www.suno.com.br\/noticias\/usiminas-usim5-auto-forno-gpj\/#primaryimage"},"image":{"@id":"https:\/\/www.suno.com.br\/noticias\/usiminas-usim5-auto-forno-gpj\/#primaryimage"},"thumbnailUrl":"https:\/\/files.sunoresearch.com.br\/n\/uploads\/2021\/09\/usiminas-e1690543393391.jpg","datePublished":"2023-12-12T13:13:32+00:00","dateModified":"2023-12-12T13:13:41+00:00","description":"Atualmente, o auto-forno 1 da Usiminas tem capacidade para produzir 600 mil toneladas de a\u00e7o por ano, segundo a companhia.","breadcrumb":{"@id":"https:\/\/www.suno.com.br\/noticias\/usiminas-usim5-auto-forno-gpj\/#breadcrumb"},"inLanguage":"pt-BR","potentialAction":[{"@type":"ReadAction","target":["https:\/\/www.suno.com.br\/noticias\/usiminas-usim5-auto-forno-gpj\/"]}]},{"@type":"ImageObject","inLanguage":"pt-BR","@id":"https:\/\/www.suno.com.br\/noticias\/usiminas-usim5-auto-forno-gpj\/#primaryimage","url":"https:\/\/files.sunoresearch.com.br\/n\/uploads\/2021\/09\/usiminas-e1690543393391.jpg","contentUrl":"https:\/\/files.sunoresearch.com.br\/n\/uploads\/2021\/09\/usiminas-e1690543393391.jpg","width":1200,"height":800,"caption":"Sede da Usiminas (USIM5). Foto: Divulga\u00e7\u00e3o"},{"@type":"BreadcrumbList","@id":"https:\/\/www.suno.com.br\/noticias\/usiminas-usim5-auto-forno-gpj\/#breadcrumb","itemListElement":[{"@type":"ListItem","position":1,"name":"Not\u00edcias","item":"https:\/\/www.suno.com.br\/noticias\/"},{"@type":"ListItem","position":2,"name":"Neg\u00f3cios","item":"https:\/\/www.suno.com.br\/noticias\/negocios\/"},{"@type":"ListItem","position":3,"name":"Usiminas (USIM5) decide desligar auto-forno de forma tempor\u00e1ria; saiba por qu\u00ea"}]},{"@type":"WebSite","@id":"https:\/\/www.suno.com.br\/noticias\/#website","url":"https:\/\/www.suno.com.br\/noticias\/","name":"Suno Not\u00edcias","description":"Seu portal de informa\u00e7\u00e3o sobre o mundo dos investimentos","publisher":{"@id":"https:\/\/www.suno.com.br\/noticias\/#organization"},"potentialAction":[{"@type":"SearchAction","target":{"@type":"EntryPoint","urlTemplate":"https:\/\/www.suno.com.br\/noticias\/?s={search_term_string}"},"query-input":{"@type":"PropertyValueSpecification","valueRequired":true,"valueName":"search_term_string"}}],"inLanguage":"pt-BR"},{"@type":"Organization","@id":"https:\/\/www.suno.com.br\/noticias\/#organization","name":"Suno Not\u00edcias","url":"https:\/\/www.suno.com.br\/noticias\/","logo":{"@type":"ImageObject","inLanguage":"pt-BR","@id":"https:\/\/www.suno.com.br\/noticias\/#\/schema\/logo\/image\/","url":"https:\/\/files.sunoresearch.com.br\/n\/uploads\/2021\/09\/suno-logo.png","contentUrl":"https:\/\/files.sunoresearch.com.br\/n\/uploads\/2021\/09\/suno-logo.png","width":180,"height":180,"caption":"Suno Not\u00edcias"},"image":{"@id":"https:\/\/www.suno.com.br\/noticias\/#\/schema\/logo\/image\/"},"sameAs":["https:\/\/facebook.com\/sunoresearch","https:\/\/x.com\/sunoresearch","https:\/\/www.instagram.com\/suno","https:\/\/www.linkedin.com\/company\/suno-research\/","https:\/\/www.youtube.com\/c\/sunoresearch"]},{"@type":"Person","@id":"https:\/\/www.suno.com.br\/noticias\/#\/schema\/person\/d0f32748bbca4bee871fa191ee4e2d40","name":"Giovanni Porf\u00edrio Jacomino","image":{"@type":"ImageObject","inLanguage":"pt-BR","@id":"https:\/\/www.suno.com.br\/noticias\/#\/schema\/person\/image\/","url":"https:\/\/secure.gravatar.com\/avatar\/efb32e19b730a121cb7a80f41ffec01a?s=96&r=g","contentUrl":"https:\/\/secure.gravatar.com\/avatar\/efb32e19b730a121cb7a80f41ffec01a?s=96&r=g","caption":"Giovanni Porf\u00edrio Jacomino"},"description":"Giovanni Porf\u00edrio Jacomino \u00e9 jornalista formado pela Universidade Estadual de Londrina (UEL) e p\u00f3s-graduado em Produ\u00e7\u00e3o e Pr\u00e1ticas Jornal\u00edsticas na Contemporaneidade na Faculdade C\u00e1sper L\u00edbero (FCL). Foi editor web no Startupi e no Finsiders, atuando ainda como editor no TC Mover, portal de not\u00edcias da TradersClub, fazendo a cobertura de assuntos relacionados ao mercado financeiro interno e externo. Atualmente, \u00e9 Rep\u00f3rter do Suno Not\u00edcias.","url":"https:\/\/www.suno.com.br\/noticias\/author\/giovanni-porfiriosuno-com-br\/"}]}},"default_loop_html":"<div class=\"cardsPage__listCard__boxs\"><div class=\"cardsPage__listCard__boxs__img\"><a href=\"https:\/\/www.suno.com.br\/noticias\/usiminas-usim5-auto-forno-gpj\/\"><img class=\"mask\" src=\"https:\/\/www.suno.com.br\/noticias\/wp-content\/themes\/suno\/resources\/images\/spotlight\/spotlight1img\/bg-mask.png\" alt=\"Image Mask\"\/><img src=\"https:\/\/files.sunoresearch.com.br\/n\/uploads\/2021\/09\/usiminas-e1690543393391-400x200.jpg\" alt=\"Usiminas (USIM5) decide desligar auto-forno de forma tempor\u00e1ria; saiba por qu\u00ea\"\/><\/a><span class=\"spotlightCategory\"><a href=\"https:\/\/www.suno.com.br\/noticias\/negocios\/\">Neg\u00f3cios<\/a><\/span><\/div><div class=\"cardsPage__listCard__boxs__content\"><a href=\"https:\/\/www.suno.com.br\/noticias\/usiminas-usim5-auto-forno-gpj\/\"><h2 class=\"content__title\">Usiminas (USIM5) decide desligar auto-forno de forma tempor\u00e1ria; saiba por qu\u00ea<\/h2><\/a><div class=\"newsContent__article__meta\"><div class=\"newsContent__article__meta__authorBox\"><a href=\"https:\/\/www.suno.com.br\/noticias\/author\/giovanni-porfiriosuno-com-br\/\" class=\"authorBox__avatar noMobi\"><img src=\"https:\/\/files.sunoresearch.com.br\/n\/uploads\/2024\/05\/DSCF4115-1-1-150x150.webp\" alt=\"Giovanni Porf\u00edrio Jacomino\"><\/a><div class=\"authorBox__name\"><span>por\n\t\t\t<a href=\"https:\/\/www.suno.com.br\/noticias\/author\/giovanni-porfiriosuno-com-br\/\"><span itemprop=\"author\">Giovanni Porf\u00edrio Jacomino<\/span><\/a><\/span><time datetime=\"2023-12-12T10:13:32-03:00\" itemprop=\"datePublished\">12\/12\/2023 10:13<\/time><\/div><\/div><\/div><\/div><\/div>","single_layout":"posts","amp_enabled":true,"_links":{"self":[{"href":"https:\/\/www.suno.com.br\/noticias\/wp-json\/wp\/v2\/posts\/498779"}],"collection":[{"href":"https:\/\/www.suno.com.br\/noticias\/wp-json\/wp\/v2\/posts"}],"about":[{"href":"https:\/\/www.suno.com.br\/noticias\/wp-json\/wp\/v2\/types\/post"}],"author":[{"embeddable":true,"href":"https:\/\/www.suno.com.br\/noticias\/wp-json\/wp\/v2\/users\/313"}],"replies":[{"embeddable":true,"href":"https:\/\/www.suno.com.br\/noticias\/wp-json\/wp\/v2\/comments?post=498779"}],"version-history":[{"count":3,"href":"https:\/\/www.suno.com.br\/noticias\/wp-json\/wp\/v2\/posts\/498779\/revisions"}],"predecessor-version":[{"id":498807,"href":"https:\/\/www.suno.com.br\/noticias\/wp-json\/wp\/v2\/posts\/498779\/revisions\/498807"}],"wp:featuredmedia":[{"embeddable":true,"href":"https:\/\/www.suno.com.br\/noticias\/wp-json\/wp\/v2\/media\/187812"}],"wp:attachment":[{"href":"https:\/\/www.suno.com.br\/noticias\/wp-json\/wp\/v2\/media?parent=498779"}],"wp:term":[{"taxonomy":"category","embeddable":true,"href":"https:\/\/www.suno.com.br\/noticias\/wp-json\/wp\/v2\/categories?post=498779"},{"taxonomy":"post_tag","embeddable":true,"href":"https:\/\/www.suno.com.br\/noticias\/wp-json\/wp\/v2\/tags?post=498779"},{"taxonomy":"suno_strategy","embeddable":true,"href":"https:\/\/www.suno.com.br\/noticias\/wp-json\/wp\/v2\/suno_strategy?post=498779"}],"curies":[{"name":"wp","href":"https:\/\/api.w.org\/{rel}","templated":true}]}}