{"id":498760,"date":"2023-12-12T10:09:02","date_gmt":"2023-12-12T13:09:02","guid":{"rendered":"https:\/\/www.suno.com.br\/noticias\/?p=498760"},"modified":"2023-12-12T12:17:34","modified_gmt":"2023-12-12T15:17:34","slug":"ipca-inflacao-acumulada-novembro-preco-alimentos-cpf","status":"publish","type":"post","link":"https:\/\/www.suno.com.br\/noticias\/ipca-inflacao-acumulada-novembro-preco-alimentos-cpf\/","title":{"rendered":"IPCA acelera para 0,28% em novembro com alimentos; infla\u00e7\u00e3o acumulada em 12 meses cai 4,68%, diz IBGE"},"content":{"rendered":"<p>Em novembro, o&nbsp;\u00cdndice Nacional de Pre\u00e7os ao Consumidor Amplo (<strong>IPCA<\/strong>), considerado o principal indicador da infla\u00e7\u00e3o no Brasil, registrou uma acelera\u00e7\u00e3o de 0,28%. Historicamente, este foi o menor resultado do IPCA em um m\u00eas de novembro desde 2018 (0,21%).<\/p>\t<div class=\"wrapper-featured-image\">\n\t\t<figure class=\"spotlightImg\">\n\n\t\t\t<picture>\n\t\t\t\t<source media=\"(max-width: 768px)\" srcset=\"https:\/\/files.sunoresearch.com.br\/n\/uploads\/2023\/12\/inflacao-supermercado-preco-alimentos-400x200.jpg\">\n\t\t\t\t<img loading=\"lazy\" decoding=\"async\" class=\"newsContent__article__imgCapa lazyloadDisabled \" src=\"https:\/\/files.sunoresearch.com.br\/n\/uploads\/2023\/12\/inflacao-supermercado-preco-alimentos-800x450.jpg\" width=\"800\" height=\"450\" alt=\"IPCA acelera para 0,28% em novembro com alimentos; infla\u00e7\u00e3o acumulada em 12 meses cai 4,68%, diz IBGE\" fetchpriority=high \/>\n\t\t\t<\/picture>\n\n\t\t\t<figcaption class=\"wp-caption-text wp-caption-text--show\">Infla\u00e7\u00e3o: alimentos n\u00e3o devem contribuir para queda, dizem analistas - Foto: Pixabay<\/figcaption>\n\t\t<\/figure>\n\t<\/div>\n\n\n\n\n\n\n\n\t<p>\n\t\t<a href=\"\" target=\"_blank\" data-element=\"shortcode-suno-banner\" title=\"Banner SUNO, clique e saiba mais\">\n\t\t\t<picture>\n\t\t\t\t<source media=\"(max-width: 500px)\" srcset=\"\">\n\t\t\t\t<img class=\"newsContent__article__imgCapa newsContent__article__imgCapa--banner\"\n\t\t\t\t\tsrc=\"\"\n\t\t\t\t\tdata-promo-id=\"240038\"\t\t\t\t\t\t\t\t\t\t\t\t\t\t\talt=\"\"\n\t\t\t\t>\n\t\t\t<\/picture>\n\t\t<\/a>\n\t<\/p>\n\n\n\n\n\n<p>Considerado um dos principais term\u00f4metros do ritmo da economia, o IPCA anotou uma alta de 0,04 ponto percentual (p.p.) em rela\u00e7\u00e3o ao m\u00eas de outubro (0,24%), mas ainda ficou abaixo das expectativas do mercado. <\/p>\n\n\n\n<p>No ano, a <strong>infla\u00e7\u00e3o acumulada <\/strong>soma um crescimento de 4,04%. No <strong>acumulado de 12 meses<\/strong>, o crescimento \u00e9 de 4,68%, o que pode sinalizar uma redu\u00e7\u00e3o comparado aos 4,82% dos 12 meses imediatamente anteriores. <\/p>\n\n\n\n<p>Ainda na compara\u00e7\u00e3o ano a ano, em novembro de 2022, a varia\u00e7\u00e3o havia sido de 0,41%.<\/p>\n\n\n\t<p>\n\t\t<a href=\"https:\/\/lp.suno.com.br\/ebook-gratuito-investindo-no-exterior\/\" target=\"_blank\" data-element=\"shortcode-suno-banner\" title=\"Banner SUNO, clique e saiba mais\">\n\t\t\t<picture>\n\t\t\t\t<source media=\"(max-width: 500px)\" srcset=\"https:\/\/files.sunoresearch.com.br\/n\/uploads\/2023\/03\/400x300-Investindo-no-exterior.png\">\n\t\t\t\t<img class=\"newsContent__article__imgCapa newsContent__article__imgCapa--banner\"\n\t\t\t\t\tsrc=\"https:\/\/files.sunoresearch.com.br\/n\/uploads\/2023\/03\/1420x240-Investindo-no-exterior.png\"\n\t\t\t\t\tdata-promo-id=\"383161\"\t\t\t\t\t\t\t\t\t\twidth='1420' height='240'\t\t\t\t\talt=\"https:\/\/files.sunoresearch.com.br\/n\/uploads\/2023\/03\/1420x240-Investindo-no-exterior.png\"\n\t\t\t\t>\n\t\t\t<\/picture>\n\t\t<\/a>\n\t<\/p>\n\n\n\n\n\n<h2 class=\"wp-block-heading\">IPCA de novembro fica abaixo do consenso do mercado, com pre\u00e7o dos alimentos pressionados<\/h2>\n\n\n\n<p>O <strong>IPCA em novembro<\/strong> e a infla\u00e7\u00e3o acumulada ficaram abaixo das expectativas do consenso do mercado. Segundo o economista-chefe da Suno Research, Gustavo Sung, a estimativa da casa era de uma alta de 0,30%. <\/p>\n\n\n\n<p>Os pre\u00e7os de seis dos nove grupos de produtos e servi\u00e7os pesquisados tiveram alta em novembro. Entre eles, o que mais contribuiu para o <strong>resultado do IPCA <\/strong>foi o <strong>pre\u00e7o dos alimentos e bebidas<\/strong>, que subiu 0,63% (+0,13 p.p.). <\/p>\n\n\n\n<p>&#8220;De acordo com o gerente da pesquisa do IBGE, as temperaturas mais elevadas e o maior volume de chuvas em diversas regi\u00f5es do pa\u00eds impactaram a colheita de alimentos e, consequentemente, pressionaram os pre\u00e7os desses bens,&#8221; explica Sung.<\/p>\n\n\n\n<p>O head de <a class=\"suno-keyword\" target=\"_blank\" data-force=\"no\" data-priority=\"2\" href=\"https:\/\/www.suno.com.br\/artigos\/renda-variavel-7-dicas\/\" rel=\"noopener\">renda vari\u00e1vel<\/a> e s\u00f3cio da A7 Capital, Andr\u00e9 Fernandes, tamb\u00e9m atenta<strong> <\/strong>\u00e0 <strong>alta no custo da alimenta\u00e7\u00e3o<\/strong>, puxada por itens como carnes, batata-inglesa, cebola e arroz. <\/p>\n\n\n\n<p>&#8220;A alta da carne \u00e9 vista como natural, visto que a arroba do boi, depois de atingir cota\u00e7\u00f5es m\u00ednimas em agosto, vem subindo desde l\u00e1, e isso impactou no <strong>pre\u00e7o da carne<\/strong>&#8220;, destaca Fernandes.<\/p>\n\n\n\n<p>A seguir \u00e9 poss\u00edvel conferir a varia\u00e7\u00e3o do IPCA em novembro por categoria analisada pelo IBGE:<\/p>\n\n\n\n<figure class=\"wp-block-table\"><table><tbody><tr><td>Grupo <\/td><td> Varia\u00e7\u00e3o (%) e Impacto (p.p.)<\/td><\/tr><tr><td>\u00cdndice Geral<\/td><td>0,28% (+0,28 p.p.)<\/td><\/tr><tr><td>Alimenta\u00e7\u00e3o e bebidas<\/td><td>0,63% (+0,13 p.p.)<\/td><\/tr><tr><td>Habita\u00e7\u00e3o <\/td><td>0,48% (+0,07 p.p.)<\/td><\/tr><tr><td>Artigos de resid\u00eancia<\/td><td>-0,42% (-0,01 p.p.)<\/td><\/tr><tr><td>Vestu\u00e1rio <\/td><td>-0,35% (-0,02 p.p.)<\/td><\/tr><tr><td>Transportes <\/td><td>0,27% (+0,06 p.p.)<\/td><\/tr><tr><td>Sa\u00fade e cuidados pessoais<\/td><td>0,08% (+0,01 p.p.)<\/td><\/tr><tr><td>Despesas pessoais <\/td><td>0,58% (+0,06 p.p.)<\/td><\/tr><tr><td>Educa\u00e7\u00e3o <\/td><td>0,02% (0,00 p.p.)<\/td><\/tr><tr><td>Comunica\u00e7\u00e3o<\/td><td>-0,50% (-0,02 p.p.)<\/td><\/tr><\/tbody><\/table><figcaption class=\"wp-element-caption\">Fonte: IBGE<\/figcaption><\/figure>\n\n\n\n<p>Al\u00e9m disso, os grupos de Habita\u00e7\u00e3o e Transportes, tamb\u00e9m apresentaram um crescimento relevante de 0,48% (+0,07 p.p.) e 0,27% (+0,06 p.p.) no m\u00eas. <\/p>\n\n\n\n<p>Em Habita\u00e7\u00e3o, Fernandes chama aten\u00e7\u00e3o para o reajuste nas contas de energia el\u00e9trica em regi\u00f5es como Bras\u00edlia, Goi\u00e2nia, Porto Alegre e S\u00e3o Paulo, que contribu\u00edram com a <strong>alta do IPCA<\/strong>. <\/p>\n\n\n\n<p>J\u00e1 no grupo de transporte, a <strong>alta no pre\u00e7o das passagens a\u00e9reas <\/strong>de +19,12% teve o maior impacto individual sobre o \u00edndice, 0,14 p.p. <\/p>\n\n\n\n<p>O economista-chefe da Suno Research, ressalta, entretanto, que a subida n\u00e3o foi maior devido ao corte no <strong>pre\u00e7o dos combust\u00edveis<\/strong>, que registraram queda de 1,58%, com redu\u00e7\u00e3o os pre\u00e7os do etanol (-1,86%), gasolina (-1,69%), enquanto o g\u00e1s veicular (0,05%) e o \u00f3leo diesel (0,87%) subiram.<\/p>\n\n\n\n\t<div data-element=\"shortcode-read-more\" class=\"readToo\">\n\t\t\t\t<span class=\"readToo__title\">Leia mais<\/span>\n\t\t\t\t<ul class=\"readToo__list\">\n\t\t\t<li><a href=\"https:\/\/www.suno.com.br\/noticias\/desenrola-programa-renegociacao-dividas-prorrogado-evm\/\">Desenrola: Programa de renegocia\u00e7\u00e3o de d\u00edvidas \u00e9 prorrogado por tr\u00eas meses; veja como funciona<\/a><\/li><li><a href=\"https:\/\/www.suno.com.br\/noticias\/vale-vale3-primeira-fabrica-de-briquete-do-mundo-evm\/\">Vale (VALE3) inaugura primeira f\u00e1brica de briquete do mundo<\/a><\/li>\t\t<\/ul>\n\t<\/div>\n\n\n\n\n<h2 class=\"wp-block-heading\">Mais an\u00e1lises do IPCA<\/h2>\n\n\n\n<p>O IPCA de novembro nesta manh\u00e3 movimentou o mercado financeiro. <\/p>\n\n\n\n<p>Segundo relat\u00f3rio de analistas da Toro Investimentos, o dado aponta para um recuo gradual dos \u00edndices de pre\u00e7os, convergindo para valores menores do que a <strong>infla\u00e7\u00e3o acumulada<\/strong> nos anos anteriores. &#8220;Isso refor\u00e7a os sinais de que os efeitos de uma pol\u00edtica monet\u00e1ria contracionista coordenada est\u00e3o sendo sentidos&#8221;, resumem. <\/p>\n\n\n\n<p>A \u00a0estrategista de infla\u00e7\u00e3o da Warren Investimentos, Andr\u00e9a Angelo, comentou ainda sobre os pre\u00e7os de alimentos que subiram. <\/p>\n\n\n\n<p>Al\u00e9m do destaque para a <strong>alta no quilo da carne <\/strong>(de 0,53% para 1,37%) mencionada, Angelo ainda chama aten\u00e7\u00e3o para a defla\u00e7\u00e3o menor no custo do leite, passando de -2,78% foi para -0,29%. <\/p>\n\n\n\n<p>Al\u00e9m disso, no segmento de alimenta\u00e7\u00e3o fora do domic\u00edlio, restaurantes registraram uma alta de 0,32% (menor do que a de 0,42% de outubro). <\/p>\n\n\n\n<h2 class=\"wp-block-heading\">Impacto da Black Friday na infla\u00e7\u00e3o de novembro<\/h2>\n\n\n\n<p>Em novembro, alguns grupos de consumo analisados apresentaram uma retra\u00e7\u00e3o nos pre\u00e7os, a dizer que ficaram mais baratos em rela\u00e7\u00e3o a outubro. <\/p>\n\n\n\n<p>Segundo a estrategista da Warren, a mudan\u00e7a de composi\u00e7\u00e3o nos produtos em<strong> desconto da Black Friday <\/strong>deste ano provocou a desacelera\u00e7\u00e3o nos grupos de vestu\u00e1rio e mobili\u00e1rio. O <strong>pre\u00e7o da roupas<\/strong>, em Vestu\u00e1rio, teve uma queda de 0,35% vindo de alta 0,45%. &#8220;A t\u00edtulo de curiosidade, em novembro de 2022 registrou alta de 1,10%&#8221;, compra Angelo.  <\/p>\n\n\n\n<p>&#8220;Em rela\u00e7\u00e3o ao esperado, tivemos surpresa altista concentrada em itens vol\u00e1teis cuja expectativa era desacelera\u00e7\u00e3o de pre\u00e7os mais intensa em raz\u00e3o da Black Friday. Itens de higiene e beleza foram os &#8216;n\u00e3o&#8217; destaques da <strong>Black Friday de 2023<\/strong> e o IBGE evidenciou isso&#8221;, aponta a estrategista.<\/p>\n\n\n\n\t<div data-element=\"shortcode-read-more\" class=\"readToo\">\n\t\t\t\t<span class=\"readToo__title\">Leia mais<\/span>\n\t\t\t\t<ul class=\"readToo__list\">\n\t\t\t<li><a href=\"https:\/\/www.suno.com.br\/noticias\/americanas-amer3-safra-recuperacao-judicial-gpj\/\">Americanas (AMER3): Justi\u00e7a nega pedido do Safra para anular assembleia sobre recupera\u00e7\u00e3o judicial<\/a><\/li><li><a href=\"https:\/\/www.suno.com.br\/noticias\/petrobras-petr4-eletrobras-elet3-gpj\/\">Petrobras (PETR4) aprova acordo judicial bilion\u00e1rio com a Eletrobras (ELET3); entenda<\/a><\/li><li><a href=\"https:\/\/www.suno.com.br\/noticias\/oi-oibr3-justica-recuperacao-judicial-gpj-2\/\">Oi (OIBR3): Justi\u00e7a concede mais 90 dias de &#8216;blindagem&#8217; em recupera\u00e7\u00e3o judicial<\/a><\/li>\t\t<\/ul>\n\t<\/div>\n\n\n\n\n<h2 class=\"wp-block-heading\">Chegada do Copom e proje\u00e7\u00e3o de infla\u00e7\u00e3o em 2024<\/h2>\n\n\n\n<p>O IPCA divulgado nesta manh\u00e3 pela IBGE refor\u00e7a o cen\u00e1rio benigno para a infla\u00e7\u00e3o brasileira. Entre os principais fatores que impactaram a composi\u00e7\u00e3o do IPCA. <\/p>\n\n\n\n<p>&#8220;A maior parte da press\u00e3o para alta veio de itens mais vol\u00e1teis como alimentos e passagem \u00e1rea, enquanto as medidas mais importantes como a m\u00e9dia dos n\u00facleos, servi\u00e7os subjacentes e bens industriais seguem em trajet\u00f3ria baixista \u2013 no <strong>acumulado dos 12 meses<\/strong>,&#8221; afirmou Sung.<\/p>\n\n\n\n<p>Segundo o economista, a nossa proje\u00e7\u00e3o para o <strong>IPCA em 2023<\/strong> est\u00e1 em 4,56% e, para o ano que vem, a expectativa \u00e9 de que a infla\u00e7\u00e3o termine em 3,90%.<\/p>\n\n\n\n<p>Enquanto isso, ambos os analistas concordam que o dado \u00e9 uma boa not\u00edcia para o Copom, que deve seguir cortando a <a class=\"suno-keyword\" target=\"_blank\" data-force=\"no\" data-priority=\"2\" href=\"https:\/\/www.suno.com.br\/artigos\/juros\/\" rel=\"noopener\">taxa de juros<\/a> nas pr\u00f3ximas reuni\u00f5es no ritmo de 50 bps (0,50 p.p.). <\/p>\n\n\n\n<p>Para a reuni\u00e3o desta semana, as expectativas s\u00e3o de ver a taxa Selic reduzida para 11,75% a.a.<\/p>\n\n\n\t<p>\n\t\t<a href=\"https:\/\/lp.suno.com.br\/planilha-da-vida-financeira\/\" target=\"_blank\" data-element=\"shortcode-suno-banner\" title=\"Banner SUNO, clique e saiba mais\">\n\t\t\t<picture>\n\t\t\t\t<source media=\"(max-width: 500px)\" srcset=\"https:\/\/files.sunoresearch.com.br\/n\/uploads\/2023\/04\/400x300-Planilha-vida-financeira-true.png\">\n\t\t\t\t<img class=\"newsContent__article__imgCapa newsContent__article__imgCapa--banner\"\n\t\t\t\t\tsrc=\"https:\/\/files.sunoresearch.com.br\/n\/uploads\/2023\/04\/1420x240-Planilha-vida-financeira-true.png\"\n\t\t\t\t\tdata-promo-id=\"383123\"\t\t\t\t\t\t\t\t\t\twidth='1420' height='240'\t\t\t\t\talt=\"https:\/\/files.sunoresearch.com.br\/n\/uploads\/2023\/04\/1420x240-Planilha-vida-financeira-true.png\"\n\t\t\t\t>\n\t\t\t<\/picture>\n\t\t<\/a>\n\t<\/p>\n\n\n","protected":false},"excerpt":{"rendered":"<p>Em novembro, o&nbsp;\u00cdndice Nacional de Pre\u00e7os ao Consumidor Amplo (IPCA), considerado o principal indicador da infla\u00e7\u00e3o no Brasil, registrou uma acelera\u00e7\u00e3o de 0,28%. Historicamente, este foi o menor resultado do IPCA em um m\u00eas de novembro desde 2018 (0,21%). Infla\u00e7\u00e3o: alimentos n\u00e3o devem contribuir para queda, dizem analistas &#8211; Foto: Pixabay Considerado um dos principais [&hellip;]<\/p>\n","protected":false},"author":283,"featured_media":498787,"comment_status":"closed","ping_status":"closed","sticky":false,"template":"","format":"standard","meta":[],"categories":[62],"tags":[821,850,966],"suno_strategy":[],"class_list":["post-498760","post","type-post","status-publish","format-standard","has-post-thumbnail","hentry","category-economia","tag-ibge","tag-inflacao","tag-ipca"],"yoast_head":"<!-- This site is optimized with the Yoast SEO plugin v24.4 - https:\/\/yoast.com\/wordpress\/plugins\/seo\/ -->\n<title>IPCA acelera 0,28% em novembro com pre\u00e7o de alimentos mais alto<\/title>\n<meta name=\"description\" content=\"Com a alta no pre\u00e7o da carne e outros alimentos, o IPCA de novembro cresceu 0,28%, acima das expectativas de analistas do mercado.\" \/>\n<meta name=\"robots\" content=\"index, follow, max-snippet:-1, max-image-preview:large, max-video-preview:-1\" \/>\n<link rel=\"canonical\" href=\"https:\/\/www.suno.com.br\/noticias\/ipca-inflacao-acumulada-novembro-preco-alimentos-cpf\/\" \/>\n<meta property=\"og:locale\" content=\"pt_BR\" \/>\n<meta property=\"og:type\" content=\"article\" \/>\n<meta property=\"og:title\" content=\"IPCA acelera 0,28% em novembro com pre\u00e7o de alimentos mais alto\" \/>\n<meta property=\"og:description\" content=\"Com a alta no pre\u00e7o da carne e outros alimentos, o IPCA de novembro cresceu 0,28%, acima das expectativas de analistas do mercado.\" \/>\n<meta property=\"og:url\" content=\"https:\/\/www.suno.com.br\/noticias\/ipca-inflacao-acumulada-novembro-preco-alimentos-cpf\/\" \/>\n<meta property=\"og:site_name\" content=\"Suno Not\u00edcias\" \/>\n<meta property=\"article:publisher\" content=\"https:\/\/facebook.com\/sunoresearch\" \/>\n<meta property=\"og:image\" content=\"https:\/\/files.sunoresearch.com.br\/n\/uploads\/2023\/12\/inflacao-supermercado-preco-alimentos.jpg\" \/>\n\t<meta property=\"og:image:width\" content=\"1200\" \/>\n\t<meta property=\"og:image:height\" content=\"800\" \/>\n\t<meta property=\"og:image:type\" content=\"image\/jpeg\" \/>\n<meta name=\"author\" content=\"Camila Paim\" \/>\n<meta name=\"twitter:card\" content=\"summary_large_image\" \/>\n<meta name=\"twitter:creator\" content=\"@sunoresearch\" \/>\n<meta name=\"twitter:site\" content=\"@sunoresearch\" \/>\n<meta name=\"twitter:label1\" content=\"Escrito por\" \/>\n\t<meta name=\"twitter:data1\" content=\"Camila Paim\" \/>\n\t<meta name=\"twitter:label2\" content=\"Est. tempo de leitura\" \/>\n\t<meta name=\"twitter:data2\" content=\"6 minutos\" \/>\n<script type=\"application\/ld+json\" class=\"yoast-schema-graph\">{\"@context\":\"https:\/\/schema.org\",\"@graph\":[{\"@type\":\"NewsArticle\",\"@id\":\"https:\/\/www.suno.com.br\/noticias\/ipca-inflacao-acumulada-novembro-preco-alimentos-cpf\/#article\",\"isPartOf\":{\"@id\":\"https:\/\/www.suno.com.br\/noticias\/ipca-inflacao-acumulada-novembro-preco-alimentos-cpf\/\"},\"author\":{\"name\":\"Camila Paim\",\"@id\":\"https:\/\/www.suno.com.br\/noticias\/#\/schema\/person\/f341d3ae5d1cc685176c9a5327cdfdbb\"},\"headline\":\"IPCA acelera para 0,28% em novembro com alimentos; infla\u00e7\u00e3o acumulada em 12 meses cai 4,68%, diz IBGE\",\"datePublished\":\"2023-12-12T13:09:02+00:00\",\"dateModified\":\"2023-12-12T15:17:34+00:00\",\"mainEntityOfPage\":{\"@id\":\"https:\/\/www.suno.com.br\/noticias\/ipca-inflacao-acumulada-novembro-preco-alimentos-cpf\/\"},\"wordCount\":1024,\"publisher\":{\"@id\":\"https:\/\/www.suno.com.br\/noticias\/#organization\"},\"image\":{\"@id\":\"https:\/\/www.suno.com.br\/noticias\/ipca-inflacao-acumulada-novembro-preco-alimentos-cpf\/#primaryimage\"},\"thumbnailUrl\":\"https:\/\/files.sunoresearch.com.br\/n\/uploads\/2023\/12\/inflacao-supermercado-preco-alimentos.jpg\",\"keywords\":[\"IBGE\",\"infla\u00e7\u00e3o\",\"IPCA\"],\"articleSection\":[\"Economia\"],\"inLanguage\":\"pt-BR\"},{\"@type\":\"WebPage\",\"@id\":\"https:\/\/www.suno.com.br\/noticias\/ipca-inflacao-acumulada-novembro-preco-alimentos-cpf\/\",\"url\":\"https:\/\/www.suno.com.br\/noticias\/ipca-inflacao-acumulada-novembro-preco-alimentos-cpf\/\",\"name\":\"IPCA acelera 0,28% em novembro com pre\u00e7o de alimentos mais alto\",\"isPartOf\":{\"@id\":\"https:\/\/www.suno.com.br\/noticias\/#website\"},\"primaryImageOfPage\":{\"@id\":\"https:\/\/www.suno.com.br\/noticias\/ipca-inflacao-acumulada-novembro-preco-alimentos-cpf\/#primaryimage\"},\"image\":{\"@id\":\"https:\/\/www.suno.com.br\/noticias\/ipca-inflacao-acumulada-novembro-preco-alimentos-cpf\/#primaryimage\"},\"thumbnailUrl\":\"https:\/\/files.sunoresearch.com.br\/n\/uploads\/2023\/12\/inflacao-supermercado-preco-alimentos.jpg\",\"datePublished\":\"2023-12-12T13:09:02+00:00\",\"dateModified\":\"2023-12-12T15:17:34+00:00\",\"description\":\"Com a alta no pre\u00e7o da carne e outros alimentos, o IPCA de novembro cresceu 0,28%, acima das expectativas de analistas do mercado.\",\"breadcrumb\":{\"@id\":\"https:\/\/www.suno.com.br\/noticias\/ipca-inflacao-acumulada-novembro-preco-alimentos-cpf\/#breadcrumb\"},\"inLanguage\":\"pt-BR\",\"potentialAction\":[{\"@type\":\"ReadAction\",\"target\":[\"https:\/\/www.suno.com.br\/noticias\/ipca-inflacao-acumulada-novembro-preco-alimentos-cpf\/\"]}]},{\"@type\":\"ImageObject\",\"inLanguage\":\"pt-BR\",\"@id\":\"https:\/\/www.suno.com.br\/noticias\/ipca-inflacao-acumulada-novembro-preco-alimentos-cpf\/#primaryimage\",\"url\":\"https:\/\/files.sunoresearch.com.br\/n\/uploads\/2023\/12\/inflacao-supermercado-preco-alimentos.jpg\",\"contentUrl\":\"https:\/\/files.sunoresearch.com.br\/n\/uploads\/2023\/12\/inflacao-supermercado-preco-alimentos.jpg\",\"width\":1200,\"height\":800,\"caption\":\"Infla\u00e7\u00e3o: alimentos n\u00e3o devem contribuir para queda, dizem analistas - Foto: Pixabay\"},{\"@type\":\"BreadcrumbList\",\"@id\":\"https:\/\/www.suno.com.br\/noticias\/ipca-inflacao-acumulada-novembro-preco-alimentos-cpf\/#breadcrumb\",\"itemListElement\":[{\"@type\":\"ListItem\",\"position\":1,\"name\":\"Not\u00edcias\",\"item\":\"https:\/\/www.suno.com.br\/noticias\/\"},{\"@type\":\"ListItem\",\"position\":2,\"name\":\"Economia\",\"item\":\"https:\/\/www.suno.com.br\/noticias\/economia\/\"},{\"@type\":\"ListItem\",\"position\":3,\"name\":\"IPCA acelera para 0,28% em novembro com alimentos; infla\u00e7\u00e3o acumulada em 12 meses cai 4,68%, diz IBGE\"}]},{\"@type\":\"WebSite\",\"@id\":\"https:\/\/www.suno.com.br\/noticias\/#website\",\"url\":\"https:\/\/www.suno.com.br\/noticias\/\",\"name\":\"Suno Not\u00edcias\",\"description\":\"Seu portal de informa\u00e7\u00e3o sobre o mundo dos investimentos\",\"publisher\":{\"@id\":\"https:\/\/www.suno.com.br\/noticias\/#organization\"},\"potentialAction\":[{\"@type\":\"SearchAction\",\"target\":{\"@type\":\"EntryPoint\",\"urlTemplate\":\"https:\/\/www.suno.com.br\/noticias\/?s={search_term_string}\"},\"query-input\":{\"@type\":\"PropertyValueSpecification\",\"valueRequired\":true,\"valueName\":\"search_term_string\"}}],\"inLanguage\":\"pt-BR\"},{\"@type\":\"Organization\",\"@id\":\"https:\/\/www.suno.com.br\/noticias\/#organization\",\"name\":\"Suno Not\u00edcias\",\"url\":\"https:\/\/www.suno.com.br\/noticias\/\",\"logo\":{\"@type\":\"ImageObject\",\"inLanguage\":\"pt-BR\",\"@id\":\"https:\/\/www.suno.com.br\/noticias\/#\/schema\/logo\/image\/\",\"url\":\"https:\/\/files.sunoresearch.com.br\/n\/uploads\/2021\/09\/suno-logo.png\",\"contentUrl\":\"https:\/\/files.sunoresearch.com.br\/n\/uploads\/2021\/09\/suno-logo.png\",\"width\":180,\"height\":180,\"caption\":\"Suno Not\u00edcias\"},\"image\":{\"@id\":\"https:\/\/www.suno.com.br\/noticias\/#\/schema\/logo\/image\/\"},\"sameAs\":[\"https:\/\/facebook.com\/sunoresearch\",\"https:\/\/x.com\/sunoresearch\",\"https:\/\/www.instagram.com\/suno\",\"https:\/\/www.linkedin.com\/company\/suno-research\/\",\"https:\/\/www.youtube.com\/c\/sunoresearch\"]},{\"@type\":\"Person\",\"@id\":\"https:\/\/www.suno.com.br\/noticias\/#\/schema\/person\/f341d3ae5d1cc685176c9a5327cdfdbb\",\"name\":\"Camila Paim\",\"image\":{\"@type\":\"ImageObject\",\"inLanguage\":\"pt-BR\",\"@id\":\"https:\/\/www.suno.com.br\/noticias\/#\/schema\/person\/image\/\",\"url\":\"https:\/\/secure.gravatar.com\/avatar\/f33728e65febb1aa7ecf6792956f9b20?s=96&r=g\",\"contentUrl\":\"https:\/\/secure.gravatar.com\/avatar\/f33728e65febb1aa7ecf6792956f9b20?s=96&r=g\",\"caption\":\"Camila Paim\"},\"description\":\"Jornalista formada pela USP, tem experi\u00eancia em reda\u00e7\u00f5es, SEO, Branded Content e Webdesign. Com passagem pelo Jornal da USP, Empiricus e C6 Bank, hoje \u00e9 rep\u00f3rter no Suno Not\u00edcias cobrindo macroeconomia, finan\u00e7as pessoais e startups.\",\"url\":\"https:\/\/www.suno.com.br\/noticias\/author\/camila-figueiredosuno-com-br\/\"}]}<\/script>\n<!-- \/ Yoast SEO plugin. -->","yoast_head_json":{"title":"IPCA acelera 0,28% em novembro com pre\u00e7o de alimentos mais alto","description":"Com a alta no pre\u00e7o da carne e outros alimentos, o IPCA de novembro cresceu 0,28%, acima das expectativas de analistas do mercado.","robots":{"index":"index","follow":"follow","max-snippet":"max-snippet:-1","max-image-preview":"max-image-preview:large","max-video-preview":"max-video-preview:-1"},"canonical":"https:\/\/www.suno.com.br\/noticias\/ipca-inflacao-acumulada-novembro-preco-alimentos-cpf\/","og_locale":"pt_BR","og_type":"article","og_title":"IPCA acelera 0,28% em novembro com pre\u00e7o de alimentos mais alto","og_description":"Com a alta no pre\u00e7o da carne e outros alimentos, o IPCA de novembro cresceu 0,28%, acima das expectativas de analistas do mercado.","og_url":"https:\/\/www.suno.com.br\/noticias\/ipca-inflacao-acumulada-novembro-preco-alimentos-cpf\/","og_site_name":"Suno Not\u00edcias","article_publisher":"https:\/\/facebook.com\/sunoresearch","og_image":[{"width":1200,"height":800,"url":"https:\/\/files.sunoresearch.com.br\/n\/uploads\/2023\/12\/inflacao-supermercado-preco-alimentos.jpg","type":"image\/jpeg"}],"author":"Camila Paim","twitter_card":"summary_large_image","twitter_creator":"@sunoresearch","twitter_site":"@sunoresearch","twitter_misc":{"Escrito por":"Camila Paim","Est. tempo de leitura":"6 minutos"},"schema":{"@context":"https:\/\/schema.org","@graph":[{"@type":"NewsArticle","@id":"https:\/\/www.suno.com.br\/noticias\/ipca-inflacao-acumulada-novembro-preco-alimentos-cpf\/#article","isPartOf":{"@id":"https:\/\/www.suno.com.br\/noticias\/ipca-inflacao-acumulada-novembro-preco-alimentos-cpf\/"},"author":{"name":"Camila Paim","@id":"https:\/\/www.suno.com.br\/noticias\/#\/schema\/person\/f341d3ae5d1cc685176c9a5327cdfdbb"},"headline":"IPCA acelera para 0,28% em novembro com alimentos; infla\u00e7\u00e3o acumulada em 12 meses cai 4,68%, diz IBGE","datePublished":"2023-12-12T13:09:02+00:00","dateModified":"2023-12-12T15:17:34+00:00","mainEntityOfPage":{"@id":"https:\/\/www.suno.com.br\/noticias\/ipca-inflacao-acumulada-novembro-preco-alimentos-cpf\/"},"wordCount":1024,"publisher":{"@id":"https:\/\/www.suno.com.br\/noticias\/#organization"},"image":{"@id":"https:\/\/www.suno.com.br\/noticias\/ipca-inflacao-acumulada-novembro-preco-alimentos-cpf\/#primaryimage"},"thumbnailUrl":"https:\/\/files.sunoresearch.com.br\/n\/uploads\/2023\/12\/inflacao-supermercado-preco-alimentos.jpg","keywords":["IBGE","infla\u00e7\u00e3o","IPCA"],"articleSection":["Economia"],"inLanguage":"pt-BR"},{"@type":"WebPage","@id":"https:\/\/www.suno.com.br\/noticias\/ipca-inflacao-acumulada-novembro-preco-alimentos-cpf\/","url":"https:\/\/www.suno.com.br\/noticias\/ipca-inflacao-acumulada-novembro-preco-alimentos-cpf\/","name":"IPCA acelera 0,28% em novembro com pre\u00e7o de alimentos mais alto","isPartOf":{"@id":"https:\/\/www.suno.com.br\/noticias\/#website"},"primaryImageOfPage":{"@id":"https:\/\/www.suno.com.br\/noticias\/ipca-inflacao-acumulada-novembro-preco-alimentos-cpf\/#primaryimage"},"image":{"@id":"https:\/\/www.suno.com.br\/noticias\/ipca-inflacao-acumulada-novembro-preco-alimentos-cpf\/#primaryimage"},"thumbnailUrl":"https:\/\/files.sunoresearch.com.br\/n\/uploads\/2023\/12\/inflacao-supermercado-preco-alimentos.jpg","datePublished":"2023-12-12T13:09:02+00:00","dateModified":"2023-12-12T15:17:34+00:00","description":"Com a alta no pre\u00e7o da carne e outros alimentos, o IPCA de novembro cresceu 0,28%, acima das expectativas de analistas do mercado.","breadcrumb":{"@id":"https:\/\/www.suno.com.br\/noticias\/ipca-inflacao-acumulada-novembro-preco-alimentos-cpf\/#breadcrumb"},"inLanguage":"pt-BR","potentialAction":[{"@type":"ReadAction","target":["https:\/\/www.suno.com.br\/noticias\/ipca-inflacao-acumulada-novembro-preco-alimentos-cpf\/"]}]},{"@type":"ImageObject","inLanguage":"pt-BR","@id":"https:\/\/www.suno.com.br\/noticias\/ipca-inflacao-acumulada-novembro-preco-alimentos-cpf\/#primaryimage","url":"https:\/\/files.sunoresearch.com.br\/n\/uploads\/2023\/12\/inflacao-supermercado-preco-alimentos.jpg","contentUrl":"https:\/\/files.sunoresearch.com.br\/n\/uploads\/2023\/12\/inflacao-supermercado-preco-alimentos.jpg","width":1200,"height":800,"caption":"Infla\u00e7\u00e3o: alimentos n\u00e3o devem contribuir para queda, dizem analistas - Foto: Pixabay"},{"@type":"BreadcrumbList","@id":"https:\/\/www.suno.com.br\/noticias\/ipca-inflacao-acumulada-novembro-preco-alimentos-cpf\/#breadcrumb","itemListElement":[{"@type":"ListItem","position":1,"name":"Not\u00edcias","item":"https:\/\/www.suno.com.br\/noticias\/"},{"@type":"ListItem","position":2,"name":"Economia","item":"https:\/\/www.suno.com.br\/noticias\/economia\/"},{"@type":"ListItem","position":3,"name":"IPCA acelera para 0,28% em novembro com alimentos; infla\u00e7\u00e3o acumulada em 12 meses cai 4,68%, diz IBGE"}]},{"@type":"WebSite","@id":"https:\/\/www.suno.com.br\/noticias\/#website","url":"https:\/\/www.suno.com.br\/noticias\/","name":"Suno Not\u00edcias","description":"Seu portal de informa\u00e7\u00e3o sobre o mundo dos investimentos","publisher":{"@id":"https:\/\/www.suno.com.br\/noticias\/#organization"},"potentialAction":[{"@type":"SearchAction","target":{"@type":"EntryPoint","urlTemplate":"https:\/\/www.suno.com.br\/noticias\/?s={search_term_string}"},"query-input":{"@type":"PropertyValueSpecification","valueRequired":true,"valueName":"search_term_string"}}],"inLanguage":"pt-BR"},{"@type":"Organization","@id":"https:\/\/www.suno.com.br\/noticias\/#organization","name":"Suno Not\u00edcias","url":"https:\/\/www.suno.com.br\/noticias\/","logo":{"@type":"ImageObject","inLanguage":"pt-BR","@id":"https:\/\/www.suno.com.br\/noticias\/#\/schema\/logo\/image\/","url":"https:\/\/files.sunoresearch.com.br\/n\/uploads\/2021\/09\/suno-logo.png","contentUrl":"https:\/\/files.sunoresearch.com.br\/n\/uploads\/2021\/09\/suno-logo.png","width":180,"height":180,"caption":"Suno Not\u00edcias"},"image":{"@id":"https:\/\/www.suno.com.br\/noticias\/#\/schema\/logo\/image\/"},"sameAs":["https:\/\/facebook.com\/sunoresearch","https:\/\/x.com\/sunoresearch","https:\/\/www.instagram.com\/suno","https:\/\/www.linkedin.com\/company\/suno-research\/","https:\/\/www.youtube.com\/c\/sunoresearch"]},{"@type":"Person","@id":"https:\/\/www.suno.com.br\/noticias\/#\/schema\/person\/f341d3ae5d1cc685176c9a5327cdfdbb","name":"Camila Paim","image":{"@type":"ImageObject","inLanguage":"pt-BR","@id":"https:\/\/www.suno.com.br\/noticias\/#\/schema\/person\/image\/","url":"https:\/\/secure.gravatar.com\/avatar\/f33728e65febb1aa7ecf6792956f9b20?s=96&r=g","contentUrl":"https:\/\/secure.gravatar.com\/avatar\/f33728e65febb1aa7ecf6792956f9b20?s=96&r=g","caption":"Camila Paim"},"description":"Jornalista formada pela USP, tem experi\u00eancia em reda\u00e7\u00f5es, SEO, Branded Content e Webdesign. Com passagem pelo Jornal da USP, Empiricus e C6 Bank, hoje \u00e9 rep\u00f3rter no Suno Not\u00edcias cobrindo macroeconomia, finan\u00e7as pessoais e startups.","url":"https:\/\/www.suno.com.br\/noticias\/author\/camila-figueiredosuno-com-br\/"}]}},"default_loop_html":"<div class=\"cardsPage__listCard__boxs\"><div class=\"cardsPage__listCard__boxs__img\"><a href=\"https:\/\/www.suno.com.br\/noticias\/ipca-inflacao-acumulada-novembro-preco-alimentos-cpf\/\"><img class=\"mask\" src=\"https:\/\/www.suno.com.br\/noticias\/wp-content\/themes\/suno\/resources\/images\/spotlight\/spotlight1img\/bg-mask.png\" alt=\"Image Mask\"\/><img src=\"https:\/\/files.sunoresearch.com.br\/n\/uploads\/2023\/12\/inflacao-supermercado-preco-alimentos-400x200.jpg\" alt=\"IPCA acelera para 0,28% em novembro com alimentos; infla\u00e7\u00e3o acumulada em 12 meses cai 4,68%, diz IBGE\"\/><\/a><span class=\"spotlightCategory\"><a href=\"https:\/\/www.suno.com.br\/noticias\/economia\/\">Economia<\/a><\/span><\/div><div class=\"cardsPage__listCard__boxs__content\"><a href=\"https:\/\/www.suno.com.br\/noticias\/ipca-inflacao-acumulada-novembro-preco-alimentos-cpf\/\"><h2 class=\"content__title\">IPCA acelera para 0,28% em novembro com alimentos; infla\u00e7\u00e3o acumulada em 12 meses cai 4,68%, diz IBGE<\/h2><\/a><div class=\"newsContent__article__meta\"><div class=\"newsContent__article__meta__authorBox\"><a href=\"https:\/\/www.suno.com.br\/noticias\/author\/giovanni-porfiriosuno-com-br\/\" class=\"authorBox__avatar noMobi\"><img src=\"https:\/\/files.sunoresearch.com.br\/n\/uploads\/2024\/05\/DSCF4115-1-1-150x150.webp\" alt=\"Giovanni Porf\u00edrio Jacomino\"><\/a><div class=\"authorBox__name\"><span>por\n\t\t\t<a href=\"https:\/\/www.suno.com.br\/noticias\/author\/giovanni-porfiriosuno-com-br\/\"><span itemprop=\"author\">Giovanni Porf\u00edrio Jacomino<\/span><\/a><\/span><time datetime=\"2023-12-12T10:09:02-03:00\" itemprop=\"datePublished\">12\/12\/2023 10:09<\/time><\/div><\/div><\/div><\/div><\/div>","single_layout":"posts","amp_enabled":true,"_links":{"self":[{"href":"https:\/\/www.suno.com.br\/noticias\/wp-json\/wp\/v2\/posts\/498760"}],"collection":[{"href":"https:\/\/www.suno.com.br\/noticias\/wp-json\/wp\/v2\/posts"}],"about":[{"href":"https:\/\/www.suno.com.br\/noticias\/wp-json\/wp\/v2\/types\/post"}],"author":[{"embeddable":true,"href":"https:\/\/www.suno.com.br\/noticias\/wp-json\/wp\/v2\/users\/283"}],"replies":[{"embeddable":true,"href":"https:\/\/www.suno.com.br\/noticias\/wp-json\/wp\/v2\/comments?post=498760"}],"version-history":[{"count":3,"href":"https:\/\/www.suno.com.br\/noticias\/wp-json\/wp\/v2\/posts\/498760\/revisions"}],"predecessor-version":[{"id":498959,"href":"https:\/\/www.suno.com.br\/noticias\/wp-json\/wp\/v2\/posts\/498760\/revisions\/498959"}],"wp:featuredmedia":[{"embeddable":true,"href":"https:\/\/www.suno.com.br\/noticias\/wp-json\/wp\/v2\/media\/498787"}],"wp:attachment":[{"href":"https:\/\/www.suno.com.br\/noticias\/wp-json\/wp\/v2\/media?parent=498760"}],"wp:term":[{"taxonomy":"category","embeddable":true,"href":"https:\/\/www.suno.com.br\/noticias\/wp-json\/wp\/v2\/categories?post=498760"},{"taxonomy":"post_tag","embeddable":true,"href":"https:\/\/www.suno.com.br\/noticias\/wp-json\/wp\/v2\/tags?post=498760"},{"taxonomy":"suno_strategy","embeddable":true,"href":"https:\/\/www.suno.com.br\/noticias\/wp-json\/wp\/v2\/suno_strategy?post=498760"}],"curies":[{"name":"wp","href":"https:\/\/api.w.org\/{rel}","templated":true}]}}