{"id":498698,"date":"2023-12-12T09:34:41","date_gmt":"2023-12-12T12:34:41","guid":{"rendered":"https:\/\/www.suno.com.br\/noticias\/?p=498698"},"modified":"2023-12-12T11:22:02","modified_gmt":"2023-12-12T14:22:02","slug":"americanas-amer3-safra-recuperacao-judicial-gpj","status":"publish","type":"post","link":"https:\/\/www.suno.com.br\/noticias\/americanas-amer3-safra-recuperacao-judicial-gpj\/","title":{"rendered":"Americanas (AMER3): Justi\u00e7a nega pedido do Safra para anular assembleia sobre recupera\u00e7\u00e3o judicial"},"content":{"rendered":"<p>O Ju\u00edzo da 4\u00aa Vara Empresarial da Comarca do Rio de Janeiro indeferiu nesta segunda-feira (11) o pedido do Banco Safra para anular a assembleia geral que discutir\u00e1 o <a href=\"https:\/\/www.suno.com.br\/artigos\/plano-de-recuperacao\/\">plano de recupera\u00e7\u00e3o judicial<\/a> da <strong>Americanas<\/strong> (AMER3). <\/p>\t<div class=\"wrapper-featured-image\">\n\t\t<figure class=\"spotlightImg\">\n\n\t\t\t<picture>\n\t\t\t\t<source media=\"(max-width: 768px)\" srcset=\"https:\/\/files.sunoresearch.com.br\/n\/uploads\/2023\/01\/Americanas-divulgacao-400x200.jpg\">\n\t\t\t\t<img loading=\"lazy\" decoding=\"async\" class=\"newsContent__article__imgCapa lazyloadDisabled \" src=\"https:\/\/files.sunoresearch.com.br\/n\/uploads\/2023\/01\/Americanas-divulgacao-800x450.jpg\" width=\"800\" height=\"450\" alt=\"Americanas (AMER3): Justi\u00e7a nega pedido do Safra para anular assembleia sobre recupera\u00e7\u00e3o judicial\" fetchpriority=high \/>\n\t\t\t<\/picture>\n\n\t\t\t<figcaption class=\"wp-caption-text wp-caption-text--show\">MAXR11, Americanas (AMER3). Foto: Divulga\u00e7\u00e3o<\/figcaption>\n\t\t<\/figure>\n\t<\/div>\n\n\n\n\n\n\n\n\t<p>\n\t\t<a href=\"\" target=\"_blank\" data-element=\"shortcode-suno-banner\" title=\"Banner SUNO, clique e saiba mais\">\n\t\t\t<picture>\n\t\t\t\t<source media=\"(max-width: 500px)\" srcset=\"\">\n\t\t\t\t<img class=\"newsContent__article__imgCapa newsContent__article__imgCapa--banner\"\n\t\t\t\t\tsrc=\"\"\n\t\t\t\t\tdata-promo-id=\"265277\"\t\t\t\t\t\t\t\t\t\t\t\t\t\t\talt=\"\"\n\t\t\t\t>\n\t\t\t<\/picture>\n\t\t<\/a>\n\t<\/p>\n\n\n\n\n\n<p>O <strong>Banco Safra<\/strong> foi o \u00fanico dos <strong>bancos credores da Americanas<\/strong> a ficar fora de um acordo com a varejista firmado no final de novembro. Na peti\u00e7\u00e3o, o banco denunciava cinco tentativas de fraude no acordo, conforme mostrou o Estad\u00e3o\/Broadcast na semana passada.<\/p>\n\n\n\n<p>No despacho desta segunda (11), a desembargadora Leila Santos Lopes d\u00e1 aval para que se proceda a convoca\u00e7\u00e3o da assembleia geral de credores para os dias 19 de dezembro deste ano, em primeira convoca\u00e7\u00e3o, e 22 de janeiro de 2024, em segunda convoca\u00e7\u00e3o, com a publica\u00e7\u00e3o do edital de convoca\u00e7\u00e3o nos termos da minuta ali apresentada.<\/p>\n\n\n\n<p>Apesar de j\u00e1 constar nos autos, as sociedades B2W e JSM foram constitu\u00eddas e utilizadas para capta\u00e7\u00e3o de recursos no exterior, a fim de financiar as atividades da Americanas no Brasil. <\/p>\n\n\n\n<p>Assim, as obriga\u00e7\u00f5es da B2W e JSM, embora contra\u00eddas no exterior, s\u00e3o cumpridas, \u00fanica e exclusivamente, com a gera\u00e7\u00e3o de <a href=\"https:\/\/www.suno.com.br\/artigos\/fluxo-de-caixa\/\">fluxo de caixa<\/a> do <strong>Grupo Americanas<\/strong> no Brasil, pois n\u00e3o h\u00e1 opera\u00e7\u00e3o fora do territ\u00f3rio nacional, sendo as suas obriga\u00e7\u00f5es cumpridas no Brasil, com lastro exclusivo nas opera\u00e7\u00f5es brasileiras de sua controladora, informa a Justi\u00e7a.<\/p>\n\n\n\n<p>J\u00e1 a <strong>ST Importa\u00e7\u00f5es <\/strong>\u00e9 bra\u00e7o da atividade de importa\u00e7\u00e3o do Grupo Americanas e existe em raz\u00e3o da sua necessidade em obter produtos importados sem deixar de focar seu neg\u00f3cio exclusivamente no varejo, isto \u00e9, para n\u00e3o ter que investir seus recursos na atividade de importa\u00e7\u00e3o, em detrimento da sua atividade fim.<\/p>\n\n\n\n<p>Com rela\u00e7\u00e3o \u00e0 identidade total ou parcial do quadro societ\u00e1rio, tal requisito tamb\u00e9m se encontra preenchido no caso concreto, pois a Americanas det\u00e9m a totalidade das a\u00e7\u00f5es e\/ou quotas das demais sociedades recuperandas, a saber, B2W, JSM e ST Importa\u00e7\u00f5es, e figuram, ainda, como administradores das quatro recuperandas, Leonardo Coelho Pereira e Camille Loyo Faria.<\/p>\n\n\n\n<p>&#8220;Por tais fundamentos, e considerando igualmente a manifesta\u00e7\u00e3o favor\u00e1vel dos administradores judiciais, cujos fundamentos me reporto, autorizo, independentemente da realiza\u00e7\u00e3o de assembleia-geral, que esta <a href=\"https:\/\/www.suno.com.br\/artigos\/recuperacao-judicial\/\">recupera\u00e7\u00e3o judicial<\/a> tramite, n\u00e3o s\u00f3 em consolida\u00e7\u00e3o processual, como tamb\u00e9m em consolida\u00e7\u00e3o substancial&#8221;, destaca a desembargadora.<\/p>\n\n\n\n<p>&#8220;Quanto \u00e0 aus\u00eancia da lista atualizada de credores, por suposta falta de consenso sobre a data a ser fixada para sujei\u00e7\u00e3o dos cr\u00e9ditos \u00e0 recupera\u00e7\u00e3o, se 12 ou 19 de janeiro de 2023, tal quest\u00e3o tamb\u00e9m n\u00e3o impede a realiza\u00e7\u00e3o da AGC&#8221;, complementa.<\/p>\n\n\n\n<h2 class=\"wp-block-heading\">O que diz o Banco Safra<\/h2>\n\n\n\n<p>O Banco Safra disse na noite desta segunda-feira (11) que se mant\u00e9m confiante quanto aos processos na Justi\u00e7a que questionam o <strong>plano de <a href=\"https:\/\/www.suno.com.br\/artigos\/recuperacao-judicial\/\">recupera\u00e7\u00e3o judicial<\/a> da Americanas<\/strong>. <\/p>\n\n\n\n<p>&#8220;Em rela\u00e7\u00e3o \u00e0 decis\u00e3o anunciada, o Safra respeita, mas mant\u00e9m-se confiante quanto a outras frentes que se encontram na Justi\u00e7a e que questionam as muitas ilegalidades do plano de recupera\u00e7\u00e3o apresentado pela Americanas&#8221;, afirmou o banco.<\/p>\n\n\n\n\t<div data-element=\"shortcode-read-more\" class=\"readToo\">\n\t\t\t\t<span class=\"readToo__title\">Leia mais<\/span>\n\t\t\t\t<ul class=\"readToo__list\">\n\t\t\t<li><a href=\"https:\/\/www.suno.com.br\/noticias\/petrobras-petr4-eletrobras-elet3-gpj\/\">Petrobras (PETR4) aprova acordo judicial bilion\u00e1rio com a Eletrobras (ELET3); entenda<\/a><\/li><li><a href=\"https:\/\/www.suno.com.br\/noticias\/oi-oibr3-justica-recuperacao-judicial-gpj-2\/\">Oi (OIBR3): Justi\u00e7a concede mais 90 dias de &#8216;blindagem&#8217; em recupera\u00e7\u00e3o judicial<\/a><\/li><li><a href=\"https:\/\/www.suno.com.br\/noticias\/pao-de-acucar-pcar3-projecoes-gpj\/\">P\u00e3o de A\u00e7\u00facar (PCAR3) revisa plano de expans\u00e3o e altera proje\u00e7\u00f5es de abertura de novas lojas<\/a><\/li>\t\t<\/ul>\n\t<\/div>\n\n\n\n\n<h2 class=\"wp-block-heading\">Americanas (AMER3) demitiu 5,5 mil funcion\u00e1rios na \u00faltima semana<\/h2>\n\n\n\n<p>A&nbsp;Americanas teve 5.526 trabalhadores desligados na semana de 27 de novembro a 3 de dezembro deste ano, de acordo com um relat\u00f3rio divulgado na semana passada. Segundo a varejista, esses desligamentos contemplam tanto profissionais desligados quanto aqueles que pediram&nbsp;<strong>demiss\u00e3o<\/strong>.<\/p>\n\n\n\n<p>A demiss\u00e3o volunt\u00e1ria, por iniciativa dos&nbsp;<strong>funcion\u00e1rios<\/strong>, correspondeu a 306 registros. No mesmo per\u00edodo, houve um total de 359 admiss\u00f5es.<\/p>\n\n\n\n<p>Depois das&nbsp;<strong>demiss\u00f5es da Americanas<\/strong>, o n\u00famero total de funcion\u00e1rios da companhia caiu para 33.861 funcion\u00e1rios sob regime de CLT na data-base de 3 de dezembro.<\/p>\n\n\n\n<p>A companhia destaca que seu quadro de funcion\u00e1rios \u00e9 sazonal por natureza, variando conforme oscila\u00e7\u00f5es do mercado de varejo e com picos nas \u00e9pocas de datas comemorativas, como P\u00e1scoa, Black Friday e Natal.<\/p>\n\n\n\n<p>\u201cA Americanas informa que 88% dos desligamentos declarados no relat\u00f3rio semanal ao administrador judicial s\u00e3o referentes \u00e0s demiss\u00f5es de tempor\u00e1rios para a&nbsp;<strong>Black Friday<\/strong>. As contrata\u00e7\u00f5es de <a href=\"https:\/\/www.suno.com.br\/artigos\/curto-prazo\/\">curto prazo<\/a>, como para Black Friday e Natal, s\u00e3o comuns na din\u00e2mica sazonal do varejo e t\u00eam como objetivo refor\u00e7ar a opera\u00e7\u00e3o nos picos de vendas que ocorrem nas principais datas comemorativas para garantir qualidade e efici\u00eancia. A companhia acrescenta que efetivou mais de 300 tempor\u00e1rios ap\u00f3s o grande evento de novembro\u201d, esclarece a empresa por nota.<\/p>\n\n\n\n<p>O n\u00famero total de lojas, em 3 de dezembro, permanecia em 1.759, correspondendo a 93,4% do per\u00edodo anterior ao deferimento da&nbsp;<a target=\"_blank\" href=\"https:\/\/www.suno.com.br\/artigos\/recuperacao-judicial\/\" rel=\"noreferrer noopener\">recupera\u00e7\u00e3o judicial<\/a>.<\/p>\n\n\n\n<p>Durante a semana base deste relat\u00f3rio, n\u00e3o houve nenhuma loja encerrada.<\/p>\n\n\n\n<p>A empresa informa ainda que o total de pagamentos na semana somou R$ 438 milh\u00f5es, enquanto o volume de recebimentos totalizou R$ 604 milh\u00f5es.<\/p>\n\n\n\t<p>\n\t\t<a href=\"https:\/\/lp.suno.com.br\/planilha-da-vida-financeira\/\" target=\"_blank\" data-element=\"shortcode-suno-banner\" title=\"Banner SUNO, clique e saiba mais\">\n\t\t\t<picture>\n\t\t\t\t<source media=\"(max-width: 500px)\" srcset=\"https:\/\/files.sunoresearch.com.br\/n\/uploads\/2023\/04\/400x300-Planilha-vida-financeira-true.png\">\n\t\t\t\t<img class=\"newsContent__article__imgCapa newsContent__article__imgCapa--banner\"\n\t\t\t\t\tsrc=\"https:\/\/files.sunoresearch.com.br\/n\/uploads\/2023\/04\/1420x240-Planilha-vida-financeira-true.png\"\n\t\t\t\t\tdata-promo-id=\"383123\"\t\t\t\t\t\t\t\t\t\twidth='1420' height='240'\t\t\t\t\talt=\"https:\/\/files.sunoresearch.com.br\/n\/uploads\/2023\/04\/1420x240-Planilha-vida-financeira-true.png\"\n\t\t\t\t>\n\t\t\t<\/picture>\n\t\t<\/a>\n\t<\/p>\n\n\n\n\n\n<h2 class=\"wp-block-heading\">Seis diretores da Americanas deixam empresa<\/h2>\n\n\n\n<p>Conforme informa\u00e7\u00f5es da coluna do Lauro Jardim, do jornal O Globo, ap\u00f3s a&nbsp;demiss\u00e3o de tr\u00eas diretores&nbsp;no in\u00edcio da semana, a varejista desligou nesta quinta (7) mais tr\u00eas executivos da \u00e1rea comercial<\/p>\n\n\n\n<p>Todos os tr\u00eas tinham mais de 15 anos na companhia:<\/p>\n\n\n\n<p>Todos com mais de 15 anos de empresa. S\u00e3o eles:<\/p>\n\n\n\n<ul class=\"wp-block-list\">\n<li><strong>Tiago Freire<\/strong>: diretor comercial respons\u00e1vel pela \u00e1rea de eletro (o que inclui produtos Samsung, Motorola e LG)<\/li>\n\n\n\n<li><strong>Andressa Borges <\/strong>: Respons\u00e1vel pelo setor de alimentos<\/li>\n\n\n\n<li><strong>Alessandra Rocha<\/strong>: Diretora comercial da \u00e1rea de brinquedo e de utilidades dom\u00e9sticas<\/li>\n<\/ul>\n\n\n\n<p>As demiss\u00f5es na&nbsp;<strong>Americanas<\/strong>&nbsp;anunciadas antes dessa leva inclu\u00edram Aleksandro Pereira (Diretor comercial), Edson Shimada (Diretor de sourcing) e Eduardo Gabardo (Diretor de opera\u00e7\u00f5es de lojas f\u00edsicas).<\/p>\n\n\n\n<p><em>*Com informa\u00e7\u00f5es de Estad\u00e3o Conte\u00fado<\/em><\/p>\n\n\n\t<p>\n\t\t<a href=\"https:\/\/lp.suno.com.br\/ebook-como-analisar-uma-acao\/\" target=\"_blank\" data-element=\"shortcode-suno-banner\" title=\"Banner SUNO, clique e saiba mais\">\n\t\t\t<picture>\n\t\t\t\t<source media=\"(max-width: 500px)\" srcset=\"https:\/\/files.sunoresearch.com.br\/n\/uploads\/2023\/03\/Ebook-Acoes-Mobile-1.jpg\">\n\t\t\t\t<img class=\"newsContent__article__imgCapa newsContent__article__imgCapa--banner\"\n\t\t\t\t\tsrc=\"https:\/\/files.sunoresearch.com.br\/n\/uploads\/2023\/03\/Ebook-Acoes-Desktop-1.jpg\"\n\t\t\t\t\tdata-promo-id=\"171998\"\t\t\t\t\t\t\t\t\t\twidth='1420' height='286'\t\t\t\t\talt=\"https:\/\/files.sunoresearch.com.br\/n\/uploads\/2023\/03\/Ebook-Acoes-Desktop-1.jpg\"\n\t\t\t\t>\n\t\t\t<\/picture>\n\t\t<\/a>\n\t<\/p>\n\n\n","protected":false},"excerpt":{"rendered":"<p>O Ju\u00edzo da 4\u00aa Vara Empresarial da Comarca do Rio de Janeiro indeferiu nesta segunda-feira (11) o pedido do Banco Safra para anular a assembleia geral que discutir\u00e1 o plano de recupera\u00e7\u00e3o judicial da Americanas (AMER3). MAXR11, Americanas (AMER3). Foto: Divulga\u00e7\u00e3o O Banco Safra foi o \u00fanico dos bancos credores da Americanas a ficar fora [&hellip;]<\/p>\n","protected":false},"author":43,"featured_media":350274,"comment_status":"closed","ping_status":"closed","sticky":false,"template":"","format":"standard","meta":[],"categories":[64],"tags":[106605,314],"suno_strategy":[],"class_list":["post-498698","post","type-post","status-publish","format-standard","has-post-thumbnail","hentry","category-negocios","tag-americanas-s-a-amer3","tag-recuperacao-judicial"],"yoast_head":"<!-- This site is optimized with the Yoast SEO plugin v24.4 - https:\/\/yoast.com\/wordpress\/plugins\/seo\/ -->\n<title>Americanas (AMER3): pedido para anular assembleia sobre RJ \u00e9 negado<\/title>\n<meta name=\"description\" content=\"O Banco Safra foi o \u00fanico dos bancos credores a ficar fora de um acordo com a Americanas, firmado no final de novembro.\" \/>\n<meta name=\"robots\" content=\"index, follow, max-snippet:-1, max-image-preview:large, max-video-preview:-1\" \/>\n<link rel=\"canonical\" href=\"https:\/\/www.suno.com.br\/noticias\/americanas-amer3-safra-recuperacao-judicial-gpj\/\" \/>\n<meta property=\"og:locale\" content=\"pt_BR\" \/>\n<meta property=\"og:type\" content=\"article\" \/>\n<meta property=\"og:title\" content=\"Americanas (AMER3): pedido para anular assembleia sobre RJ \u00e9 negado\" \/>\n<meta property=\"og:description\" content=\"O Banco Safra foi o \u00fanico dos bancos credores a ficar fora de um acordo com a Americanas, firmado no final de novembro.\" \/>\n<meta property=\"og:url\" content=\"https:\/\/www.suno.com.br\/noticias\/americanas-amer3-safra-recuperacao-judicial-gpj\/\" \/>\n<meta property=\"og:site_name\" content=\"Suno Not\u00edcias\" \/>\n<meta property=\"article:publisher\" content=\"https:\/\/facebook.com\/sunoresearch\" \/>\n<meta property=\"article:author\" content=\"https:\/\/www.facebook.com\/sunonoticias\/\" \/>\n<meta property=\"og:image\" content=\"https:\/\/files.sunoresearch.com.br\/n\/uploads\/2023\/01\/Americanas-divulgacao.jpg\" \/>\n\t<meta property=\"og:image:width\" content=\"1200\" \/>\n\t<meta property=\"og:image:height\" content=\"800\" \/>\n\t<meta property=\"og:image:type\" content=\"image\/jpeg\" \/>\n<meta name=\"author\" content=\"Reda\u00e7\u00e3o Suno Not\u00edcias\" \/>\n<meta name=\"twitter:card\" content=\"summary_large_image\" \/>\n<meta name=\"twitter:creator\" content=\"@https:\/\/twitter.com\/sunoresearch\" \/>\n<meta name=\"twitter:site\" content=\"@sunoresearch\" \/>\n<meta name=\"twitter:label1\" content=\"Escrito por\" \/>\n\t<meta name=\"twitter:data1\" content=\"Reda\u00e7\u00e3o Suno Not\u00edcias\" \/>\n\t<meta name=\"twitter:label2\" content=\"Est. tempo de leitura\" \/>\n\t<meta name=\"twitter:data2\" content=\"5 minutos\" \/>\n<script type=\"application\/ld+json\" class=\"yoast-schema-graph\">{\"@context\":\"https:\/\/schema.org\",\"@graph\":[{\"@type\":\"NewsArticle\",\"@id\":\"https:\/\/www.suno.com.br\/noticias\/americanas-amer3-safra-recuperacao-judicial-gpj\/#article\",\"isPartOf\":{\"@id\":\"https:\/\/www.suno.com.br\/noticias\/americanas-amer3-safra-recuperacao-judicial-gpj\/\"},\"author\":{\"name\":\"Reda\u00e7\u00e3o Suno Not\u00edcias\",\"@id\":\"https:\/\/www.suno.com.br\/noticias\/#\/schema\/person\/c1b1bd3727fa852bd045e9dbff3673ea\"},\"headline\":\"Americanas (AMER3): Justi\u00e7a nega pedido do Safra para anular assembleia sobre recupera\u00e7\u00e3o judicial\",\"datePublished\":\"2023-12-12T12:34:41+00:00\",\"dateModified\":\"2023-12-12T14:22:02+00:00\",\"mainEntityOfPage\":{\"@id\":\"https:\/\/www.suno.com.br\/noticias\/americanas-amer3-safra-recuperacao-judicial-gpj\/\"},\"wordCount\":993,\"publisher\":{\"@id\":\"https:\/\/www.suno.com.br\/noticias\/#organization\"},\"image\":{\"@id\":\"https:\/\/www.suno.com.br\/noticias\/americanas-amer3-safra-recuperacao-judicial-gpj\/#primaryimage\"},\"thumbnailUrl\":\"https:\/\/files.sunoresearch.com.br\/n\/uploads\/2023\/01\/Americanas-divulgacao.jpg\",\"keywords\":[\"Americanas (AMER3)\",\"recupera\u00e7\u00e3o judicial\"],\"articleSection\":[\"Neg\u00f3cios\"],\"inLanguage\":\"pt-BR\"},{\"@type\":\"WebPage\",\"@id\":\"https:\/\/www.suno.com.br\/noticias\/americanas-amer3-safra-recuperacao-judicial-gpj\/\",\"url\":\"https:\/\/www.suno.com.br\/noticias\/americanas-amer3-safra-recuperacao-judicial-gpj\/\",\"name\":\"Americanas (AMER3): pedido para anular assembleia sobre RJ \u00e9 negado\",\"isPartOf\":{\"@id\":\"https:\/\/www.suno.com.br\/noticias\/#website\"},\"primaryImageOfPage\":{\"@id\":\"https:\/\/www.suno.com.br\/noticias\/americanas-amer3-safra-recuperacao-judicial-gpj\/#primaryimage\"},\"image\":{\"@id\":\"https:\/\/www.suno.com.br\/noticias\/americanas-amer3-safra-recuperacao-judicial-gpj\/#primaryimage\"},\"thumbnailUrl\":\"https:\/\/files.sunoresearch.com.br\/n\/uploads\/2023\/01\/Americanas-divulgacao.jpg\",\"datePublished\":\"2023-12-12T12:34:41+00:00\",\"dateModified\":\"2023-12-12T14:22:02+00:00\",\"description\":\"O Banco Safra foi o \u00fanico dos bancos credores a ficar fora de um acordo com a Americanas, firmado no final de novembro.\",\"breadcrumb\":{\"@id\":\"https:\/\/www.suno.com.br\/noticias\/americanas-amer3-safra-recuperacao-judicial-gpj\/#breadcrumb\"},\"inLanguage\":\"pt-BR\",\"potentialAction\":[{\"@type\":\"ReadAction\",\"target\":[\"https:\/\/www.suno.com.br\/noticias\/americanas-amer3-safra-recuperacao-judicial-gpj\/\"]}]},{\"@type\":\"ImageObject\",\"inLanguage\":\"pt-BR\",\"@id\":\"https:\/\/www.suno.com.br\/noticias\/americanas-amer3-safra-recuperacao-judicial-gpj\/#primaryimage\",\"url\":\"https:\/\/files.sunoresearch.com.br\/n\/uploads\/2023\/01\/Americanas-divulgacao.jpg\",\"contentUrl\":\"https:\/\/files.sunoresearch.com.br\/n\/uploads\/2023\/01\/Americanas-divulgacao.jpg\",\"width\":1200,\"height\":800,\"caption\":\"MAXR11, Americanas (AMER3). Foto: Divulga\u00e7\u00e3o\"},{\"@type\":\"BreadcrumbList\",\"@id\":\"https:\/\/www.suno.com.br\/noticias\/americanas-amer3-safra-recuperacao-judicial-gpj\/#breadcrumb\",\"itemListElement\":[{\"@type\":\"ListItem\",\"position\":1,\"name\":\"Not\u00edcias\",\"item\":\"https:\/\/www.suno.com.br\/noticias\/\"},{\"@type\":\"ListItem\",\"position\":2,\"name\":\"Neg\u00f3cios\",\"item\":\"https:\/\/www.suno.com.br\/noticias\/negocios\/\"},{\"@type\":\"ListItem\",\"position\":3,\"name\":\"Americanas (AMER3): Justi\u00e7a nega pedido do Safra para anular assembleia sobre recupera\u00e7\u00e3o judicial\"}]},{\"@type\":\"WebSite\",\"@id\":\"https:\/\/www.suno.com.br\/noticias\/#website\",\"url\":\"https:\/\/www.suno.com.br\/noticias\/\",\"name\":\"Suno Not\u00edcias\",\"description\":\"Seu portal de informa\u00e7\u00e3o sobre o mundo dos investimentos\",\"publisher\":{\"@id\":\"https:\/\/www.suno.com.br\/noticias\/#organization\"},\"potentialAction\":[{\"@type\":\"SearchAction\",\"target\":{\"@type\":\"EntryPoint\",\"urlTemplate\":\"https:\/\/www.suno.com.br\/noticias\/?s={search_term_string}\"},\"query-input\":{\"@type\":\"PropertyValueSpecification\",\"valueRequired\":true,\"valueName\":\"search_term_string\"}}],\"inLanguage\":\"pt-BR\"},{\"@type\":\"Organization\",\"@id\":\"https:\/\/www.suno.com.br\/noticias\/#organization\",\"name\":\"Suno Not\u00edcias\",\"url\":\"https:\/\/www.suno.com.br\/noticias\/\",\"logo\":{\"@type\":\"ImageObject\",\"inLanguage\":\"pt-BR\",\"@id\":\"https:\/\/www.suno.com.br\/noticias\/#\/schema\/logo\/image\/\",\"url\":\"https:\/\/files.sunoresearch.com.br\/n\/uploads\/2021\/09\/suno-logo.png\",\"contentUrl\":\"https:\/\/files.sunoresearch.com.br\/n\/uploads\/2021\/09\/suno-logo.png\",\"width\":180,\"height\":180,\"caption\":\"Suno Not\u00edcias\"},\"image\":{\"@id\":\"https:\/\/www.suno.com.br\/noticias\/#\/schema\/logo\/image\/\"},\"sameAs\":[\"https:\/\/facebook.com\/sunoresearch\",\"https:\/\/x.com\/sunoresearch\",\"https:\/\/www.instagram.com\/suno\",\"https:\/\/www.linkedin.com\/company\/suno-research\/\",\"https:\/\/www.youtube.com\/c\/sunoresearch\"]},{\"@type\":\"Person\",\"@id\":\"https:\/\/www.suno.com.br\/noticias\/#\/schema\/person\/c1b1bd3727fa852bd045e9dbff3673ea\",\"name\":\"Reda\u00e7\u00e3o Suno Not\u00edcias\",\"image\":{\"@type\":\"ImageObject\",\"inLanguage\":\"pt-BR\",\"@id\":\"https:\/\/www.suno.com.br\/noticias\/#\/schema\/person\/image\/\",\"url\":\"https:\/\/secure.gravatar.com\/avatar\/b8104b9b5a71985d5238ee59fbe418af?s=96&r=g\",\"contentUrl\":\"https:\/\/secure.gravatar.com\/avatar\/b8104b9b5a71985d5238ee59fbe418af?s=96&r=g\",\"caption\":\"Reda\u00e7\u00e3o Suno Not\u00edcias\"},\"description\":\"O Suno Not\u00edcias \u00e9 um portal de informa\u00e7\u00f5es sobre Mercado Financeiro, Pol\u00edtica, Neg\u00f3cios, Economia e Finan\u00e7as Pessoais.\",\"sameAs\":[\"https:\/\/www.suno.com.br\/noticias\",\"https:\/\/www.facebook.com\/sunonoticias\/\",\"https:\/\/www.instagram.com\/sunonoticias\/\",\"https:\/\/x.com\/https:\/\/twitter.com\/sunoresearch\",\"https:\/\/www.youtube.com\/sunonoticias\"],\"url\":\"https:\/\/www.suno.com.br\/noticias\/author\/redacao-suno\/\"}]}<\/script>\n<!-- \/ Yoast SEO plugin. -->","yoast_head_json":{"title":"Americanas (AMER3): pedido para anular assembleia sobre RJ \u00e9 negado","description":"O Banco Safra foi o \u00fanico dos bancos credores a ficar fora de um acordo com a Americanas, firmado no final de novembro.","robots":{"index":"index","follow":"follow","max-snippet":"max-snippet:-1","max-image-preview":"max-image-preview:large","max-video-preview":"max-video-preview:-1"},"canonical":"https:\/\/www.suno.com.br\/noticias\/americanas-amer3-safra-recuperacao-judicial-gpj\/","og_locale":"pt_BR","og_type":"article","og_title":"Americanas (AMER3): pedido para anular assembleia sobre RJ \u00e9 negado","og_description":"O Banco Safra foi o \u00fanico dos bancos credores a ficar fora de um acordo com a Americanas, firmado no final de novembro.","og_url":"https:\/\/www.suno.com.br\/noticias\/americanas-amer3-safra-recuperacao-judicial-gpj\/","og_site_name":"Suno Not\u00edcias","article_publisher":"https:\/\/facebook.com\/sunoresearch","article_author":"https:\/\/www.facebook.com\/sunonoticias\/","og_image":[{"width":1200,"height":800,"url":"https:\/\/files.sunoresearch.com.br\/n\/uploads\/2023\/01\/Americanas-divulgacao.jpg","type":"image\/jpeg"}],"author":"Reda\u00e7\u00e3o Suno Not\u00edcias","twitter_card":"summary_large_image","twitter_creator":"@https:\/\/twitter.com\/sunoresearch","twitter_site":"@sunoresearch","twitter_misc":{"Escrito por":"Reda\u00e7\u00e3o Suno Not\u00edcias","Est. tempo de leitura":"5 minutos"},"schema":{"@context":"https:\/\/schema.org","@graph":[{"@type":"NewsArticle","@id":"https:\/\/www.suno.com.br\/noticias\/americanas-amer3-safra-recuperacao-judicial-gpj\/#article","isPartOf":{"@id":"https:\/\/www.suno.com.br\/noticias\/americanas-amer3-safra-recuperacao-judicial-gpj\/"},"author":{"name":"Reda\u00e7\u00e3o Suno Not\u00edcias","@id":"https:\/\/www.suno.com.br\/noticias\/#\/schema\/person\/c1b1bd3727fa852bd045e9dbff3673ea"},"headline":"Americanas (AMER3): Justi\u00e7a nega pedido do Safra para anular assembleia sobre recupera\u00e7\u00e3o judicial","datePublished":"2023-12-12T12:34:41+00:00","dateModified":"2023-12-12T14:22:02+00:00","mainEntityOfPage":{"@id":"https:\/\/www.suno.com.br\/noticias\/americanas-amer3-safra-recuperacao-judicial-gpj\/"},"wordCount":993,"publisher":{"@id":"https:\/\/www.suno.com.br\/noticias\/#organization"},"image":{"@id":"https:\/\/www.suno.com.br\/noticias\/americanas-amer3-safra-recuperacao-judicial-gpj\/#primaryimage"},"thumbnailUrl":"https:\/\/files.sunoresearch.com.br\/n\/uploads\/2023\/01\/Americanas-divulgacao.jpg","keywords":["Americanas (AMER3)","recupera\u00e7\u00e3o judicial"],"articleSection":["Neg\u00f3cios"],"inLanguage":"pt-BR"},{"@type":"WebPage","@id":"https:\/\/www.suno.com.br\/noticias\/americanas-amer3-safra-recuperacao-judicial-gpj\/","url":"https:\/\/www.suno.com.br\/noticias\/americanas-amer3-safra-recuperacao-judicial-gpj\/","name":"Americanas (AMER3): pedido para anular assembleia sobre RJ \u00e9 negado","isPartOf":{"@id":"https:\/\/www.suno.com.br\/noticias\/#website"},"primaryImageOfPage":{"@id":"https:\/\/www.suno.com.br\/noticias\/americanas-amer3-safra-recuperacao-judicial-gpj\/#primaryimage"},"image":{"@id":"https:\/\/www.suno.com.br\/noticias\/americanas-amer3-safra-recuperacao-judicial-gpj\/#primaryimage"},"thumbnailUrl":"https:\/\/files.sunoresearch.com.br\/n\/uploads\/2023\/01\/Americanas-divulgacao.jpg","datePublished":"2023-12-12T12:34:41+00:00","dateModified":"2023-12-12T14:22:02+00:00","description":"O Banco Safra foi o \u00fanico dos bancos credores a ficar fora de um acordo com a Americanas, firmado no final de novembro.","breadcrumb":{"@id":"https:\/\/www.suno.com.br\/noticias\/americanas-amer3-safra-recuperacao-judicial-gpj\/#breadcrumb"},"inLanguage":"pt-BR","potentialAction":[{"@type":"ReadAction","target":["https:\/\/www.suno.com.br\/noticias\/americanas-amer3-safra-recuperacao-judicial-gpj\/"]}]},{"@type":"ImageObject","inLanguage":"pt-BR","@id":"https:\/\/www.suno.com.br\/noticias\/americanas-amer3-safra-recuperacao-judicial-gpj\/#primaryimage","url":"https:\/\/files.sunoresearch.com.br\/n\/uploads\/2023\/01\/Americanas-divulgacao.jpg","contentUrl":"https:\/\/files.sunoresearch.com.br\/n\/uploads\/2023\/01\/Americanas-divulgacao.jpg","width":1200,"height":800,"caption":"MAXR11, Americanas (AMER3). Foto: Divulga\u00e7\u00e3o"},{"@type":"BreadcrumbList","@id":"https:\/\/www.suno.com.br\/noticias\/americanas-amer3-safra-recuperacao-judicial-gpj\/#breadcrumb","itemListElement":[{"@type":"ListItem","position":1,"name":"Not\u00edcias","item":"https:\/\/www.suno.com.br\/noticias\/"},{"@type":"ListItem","position":2,"name":"Neg\u00f3cios","item":"https:\/\/www.suno.com.br\/noticias\/negocios\/"},{"@type":"ListItem","position":3,"name":"Americanas (AMER3): Justi\u00e7a nega pedido do Safra para anular assembleia sobre recupera\u00e7\u00e3o judicial"}]},{"@type":"WebSite","@id":"https:\/\/www.suno.com.br\/noticias\/#website","url":"https:\/\/www.suno.com.br\/noticias\/","name":"Suno Not\u00edcias","description":"Seu portal de informa\u00e7\u00e3o sobre o mundo dos investimentos","publisher":{"@id":"https:\/\/www.suno.com.br\/noticias\/#organization"},"potentialAction":[{"@type":"SearchAction","target":{"@type":"EntryPoint","urlTemplate":"https:\/\/www.suno.com.br\/noticias\/?s={search_term_string}"},"query-input":{"@type":"PropertyValueSpecification","valueRequired":true,"valueName":"search_term_string"}}],"inLanguage":"pt-BR"},{"@type":"Organization","@id":"https:\/\/www.suno.com.br\/noticias\/#organization","name":"Suno Not\u00edcias","url":"https:\/\/www.suno.com.br\/noticias\/","logo":{"@type":"ImageObject","inLanguage":"pt-BR","@id":"https:\/\/www.suno.com.br\/noticias\/#\/schema\/logo\/image\/","url":"https:\/\/files.sunoresearch.com.br\/n\/uploads\/2021\/09\/suno-logo.png","contentUrl":"https:\/\/files.sunoresearch.com.br\/n\/uploads\/2021\/09\/suno-logo.png","width":180,"height":180,"caption":"Suno Not\u00edcias"},"image":{"@id":"https:\/\/www.suno.com.br\/noticias\/#\/schema\/logo\/image\/"},"sameAs":["https:\/\/facebook.com\/sunoresearch","https:\/\/x.com\/sunoresearch","https:\/\/www.instagram.com\/suno","https:\/\/www.linkedin.com\/company\/suno-research\/","https:\/\/www.youtube.com\/c\/sunoresearch"]},{"@type":"Person","@id":"https:\/\/www.suno.com.br\/noticias\/#\/schema\/person\/c1b1bd3727fa852bd045e9dbff3673ea","name":"Reda\u00e7\u00e3o Suno Not\u00edcias","image":{"@type":"ImageObject","inLanguage":"pt-BR","@id":"https:\/\/www.suno.com.br\/noticias\/#\/schema\/person\/image\/","url":"https:\/\/secure.gravatar.com\/avatar\/b8104b9b5a71985d5238ee59fbe418af?s=96&r=g","contentUrl":"https:\/\/secure.gravatar.com\/avatar\/b8104b9b5a71985d5238ee59fbe418af?s=96&r=g","caption":"Reda\u00e7\u00e3o Suno Not\u00edcias"},"description":"O Suno Not\u00edcias \u00e9 um portal de informa\u00e7\u00f5es sobre Mercado Financeiro, Pol\u00edtica, Neg\u00f3cios, Economia e Finan\u00e7as Pessoais.","sameAs":["https:\/\/www.suno.com.br\/noticias","https:\/\/www.facebook.com\/sunonoticias\/","https:\/\/www.instagram.com\/sunonoticias\/","https:\/\/x.com\/https:\/\/twitter.com\/sunoresearch","https:\/\/www.youtube.com\/sunonoticias"],"url":"https:\/\/www.suno.com.br\/noticias\/author\/redacao-suno\/"}]}},"default_loop_html":"<div class=\"cardsPage__listCard__boxs\"><div class=\"cardsPage__listCard__boxs__img\"><a href=\"https:\/\/www.suno.com.br\/noticias\/americanas-amer3-safra-recuperacao-judicial-gpj\/\"><img class=\"mask\" src=\"https:\/\/www.suno.com.br\/noticias\/wp-content\/themes\/suno\/resources\/images\/spotlight\/spotlight1img\/bg-mask.png\" alt=\"Image Mask\"\/><img src=\"https:\/\/files.sunoresearch.com.br\/n\/uploads\/2023\/01\/Americanas-divulgacao-400x200.jpg\" alt=\"Americanas (AMER3): Justi\u00e7a nega pedido do Safra para anular assembleia sobre recupera\u00e7\u00e3o judicial\"\/><\/a><span class=\"spotlightCategory\"><a href=\"https:\/\/www.suno.com.br\/noticias\/negocios\/\">Neg\u00f3cios<\/a><\/span><\/div><div class=\"cardsPage__listCard__boxs__content\"><a href=\"https:\/\/www.suno.com.br\/noticias\/americanas-amer3-safra-recuperacao-judicial-gpj\/\"><h2 class=\"content__title\">Americanas (AMER3): Justi\u00e7a nega pedido do Safra para anular assembleia sobre recupera\u00e7\u00e3o judicial<\/h2><\/a><div class=\"newsContent__article__meta\"><div class=\"newsContent__article__meta__authorBox\"><a href=\"https:\/\/www.suno.com.br\/noticias\/author\/giovanni-porfiriosuno-com-br\/\" class=\"authorBox__avatar noMobi\"><img src=\"https:\/\/files.sunoresearch.com.br\/n\/uploads\/2024\/05\/DSCF4115-1-1-150x150.webp\" alt=\"Giovanni Porf\u00edrio Jacomino\"><\/a><div class=\"authorBox__name\"><span>por\n\t\t\t<a href=\"https:\/\/www.suno.com.br\/noticias\/author\/giovanni-porfiriosuno-com-br\/\"><span itemprop=\"author\">Giovanni Porf\u00edrio Jacomino<\/span><\/a><\/span><time datetime=\"2023-12-12T09:34:41-03:00\" itemprop=\"datePublished\">12\/12\/2023 09:34<\/time><\/div><\/div><\/div><\/div><\/div>","single_layout":"posts","amp_enabled":true,"_links":{"self":[{"href":"https:\/\/www.suno.com.br\/noticias\/wp-json\/wp\/v2\/posts\/498698"}],"collection":[{"href":"https:\/\/www.suno.com.br\/noticias\/wp-json\/wp\/v2\/posts"}],"about":[{"href":"https:\/\/www.suno.com.br\/noticias\/wp-json\/wp\/v2\/types\/post"}],"author":[{"embeddable":true,"href":"https:\/\/www.suno.com.br\/noticias\/wp-json\/wp\/v2\/users\/43"}],"replies":[{"embeddable":true,"href":"https:\/\/www.suno.com.br\/noticias\/wp-json\/wp\/v2\/comments?post=498698"}],"version-history":[{"count":2,"href":"https:\/\/www.suno.com.br\/noticias\/wp-json\/wp\/v2\/posts\/498698\/revisions"}],"predecessor-version":[{"id":498909,"href":"https:\/\/www.suno.com.br\/noticias\/wp-json\/wp\/v2\/posts\/498698\/revisions\/498909"}],"wp:featuredmedia":[{"embeddable":true,"href":"https:\/\/www.suno.com.br\/noticias\/wp-json\/wp\/v2\/media\/350274"}],"wp:attachment":[{"href":"https:\/\/www.suno.com.br\/noticias\/wp-json\/wp\/v2\/media?parent=498698"}],"wp:term":[{"taxonomy":"category","embeddable":true,"href":"https:\/\/www.suno.com.br\/noticias\/wp-json\/wp\/v2\/categories?post=498698"},{"taxonomy":"post_tag","embeddable":true,"href":"https:\/\/www.suno.com.br\/noticias\/wp-json\/wp\/v2\/tags?post=498698"},{"taxonomy":"suno_strategy","embeddable":true,"href":"https:\/\/www.suno.com.br\/noticias\/wp-json\/wp\/v2\/suno_strategy?post=498698"}],"curies":[{"name":"wp","href":"https:\/\/api.w.org\/{rel}","templated":true}]}}