{"id":49869,"date":"2020-01-15T22:09:32","date_gmt":"2020-01-16T00:09:32","guid":{"rendered":"https:\/\/www.suno.com.br\/noticias\/?p=49869"},"modified":"2020-01-17T20:47:56","modified_gmt":"2020-01-17T22:47:56","slug":"notredame-aquisicao-clinipam-cade-ans","status":"publish","type":"post","link":"https:\/\/www.suno.com.br\/noticias\/notredame-aquisicao-clinipam-cade-ans\/","title":{"rendered":"NotreDame: Aquisi\u00e7\u00e3o da Clinipam \u00e9 aprovada pelo Cade e ANS"},"content":{"rendered":"<p>O Cade (Conselho Administrativo de Defesa Econ\u00f4mica) e a ANS (Ag\u00eancia Nacional de Sa\u00fade Suplementar) aprovaram, nesta quarta-feira (15), a aquisi\u00e7\u00e3o do Grupo Clinipam pela \u00a0<a href=\"https:\/\/www.suno.com.br\/acoes\/gndi3\/\"><strong>NotreDame<\/strong> (<strong>GNDI3<\/strong><\/a>), por R$ 2,6 bilh\u00f5es.<\/p>\t<div class=\"wrapper-featured-image\">\n\t\t<figure class=\"spotlightImg\">\n\n\t\t\t<picture>\n\t\t\t\t<source media=\"(max-width: 768px)\" srcset=\"https:\/\/files.sunoresearch.com.br\/n\/uploads\/2019\/08\/03fec173-notredame-intermedica-400x200.webp\">\n\t\t\t\t<img loading=\"lazy\" decoding=\"async\" class=\"newsContent__article__imgCapa lazyloadDisabled newsContent__article__imgCapa--noCaption\" src=\"https:\/\/files.sunoresearch.com.br\/n\/uploads\/2019\/08\/03fec173-notredame-intermedica-800x450.webp\" width=\"800\" height=\"450\" alt=\"NotreDame: Aquisi\u00e7\u00e3o da Clinipam \u00e9 aprovada pelo Cade e ANS\" fetchpriority=high \/>\n\t\t\t<\/picture>\n\n\t\t\t<figcaption class=\"wp-caption-text wp-caption-text--hide\">CEOs da Hapvida e NotreDame Intermedica comentaram fus\u00e3o nesta segunda<\/figcaption>\n\t\t<\/figure>\n\t<\/div>\n\n\n\n<p>O grupo adquirido pela NotreDame \u00e9 presente em Santa Catarina e no Paran\u00e1, possuindo 17 unidades de atendimento e nove filiais de laborat\u00f3rios e \u00e9 uma das maiores redes pr\u00f3prias de atendimento do Sul do Pa\u00eds.<\/p>\n<h2>BCBF resgatou R$ 392 mi em deb\u00eantures<\/h2>\n<p>A BCBF Participa\u00e7\u00f5es S.A, subsidi\u00e1ria da <a href=\"https:\/\/www.suno.com.br\/acoes\/gndi3\/\">NotreDame (GNDI3<\/a>), resgatou, na \u00faltima sexta-feira (10), R$ 392 milh\u00f5es antecipadamente em deb\u00eantures.<\/p>\n<p><a href=\"https:\/\/www.suno.com.br\/noticias\/subsidiaria-notredame-debentures\/\">Saiba mais: Subsidi\u00e1ria da NotreDame regasta R$ 392 mi em deb\u00eantures<\/a><\/p>\n<p>Os pap\u00e9is resgatados pela subsidi\u00e1ria da <strong>NotreDame<\/strong> s\u00e3o oriundos da 3\u00aa emiss\u00e3o, tendo um valor nominal de R$ 1000 e vencem no dia 10 de janeiro de 2023.<\/p>\n<h2>NotreDame aprovou recompra de a\u00e7\u00f5es<\/h2>\n<p>A NotreDame Interm\u00e9dica\u00a0aprovou um programa de recompra de at\u00e9 3,4 milh\u00f5es de <a href=\"https:\/\/www.suno.com.br\/artigos\/tipos-de-acoes\/\">a\u00e7\u00f5es <\/a>da companhia.<\/p>\n<p><a href=\"https:\/\/www.suno.com.br\/noticias\/notredame-intermedica-aprova-recompra-acoes\/\">Saiba mais: NotreDame Interm\u00e9dica aprova recompra de 3,4 mi de a\u00e7\u00f5es<\/a><\/p>\n<p>O programa da NotreDame Interm\u00e9dica deve ocorrer at\u00e9 o dia 8 de julho de 2020 e os pap\u00e9is que foram comprados podem ser cancelados ou transferidos para a aquisi\u00e7\u00e3o do Grupo Clinipam.<\/p>\n<p>Ao todo, a empresa tem 458,4 milh\u00f5es de a\u00e7\u00f5es em circula\u00e7\u00e3o e 308 mil em tesouraria, a recompra\u00a0 de at\u00e9 3,4 milh\u00f5es representa 0,6% do <a href=\"https:\/\/www.suno.com.br\/artigos\/capital-social\/\">capital social<\/a> da companhia.<\/p>\n<h2>Grupo comprou operadora de planos de sa\u00fade por R$ 49 mi<\/h2>\n<p>A companhia fechou a compra da operadora de planos de sa\u00fade Ecole Servi\u00e7os M\u00e9dicos, que possui uma carteira de 45 mil benefici\u00e1rios apenas no estado de S\u00e3o Paulo. O valor pago foi de R$ 49 milh\u00f5es.<\/p>\n<p>De acordo com o\u00a0<a href=\"https:\/\/www.suno.com.br\/artigos\/fato-relevante\/\">fato relevante<\/a>, parte do valor ser\u00e1 pago no fechamento do acordo. Outra parte ficar\u00e1 retida e poder\u00e1 ser descontada, devido a conting\u00eancias encontradas pela nova NotreDame. O saldo, se positivo, ser\u00e1 pago \u00e0 Ecole, ap\u00f3s seis anos.<\/p>\n\t<p>\n\t\t<a href=\"https:\/\/lp.suno.com.br\/asset\/suno-fundo-infra-estrutura-snid11\/\" target=\"_blank\" data-element=\"shortcode-suno-banner\" title=\"Banner SUNO, clique e saiba mais\">\n\t\t\t<picture>\n\t\t\t\t<source media=\"(max-width: 500px)\" srcset=\"https:\/\/files.sunoresearch.com.br\/n\/uploads\/2024\/01\/400x300-Banner-Home-1-SNID-AO.png\">\n\t\t\t\t<img class=\"newsContent__article__imgCapa newsContent__article__imgCapa--banner\"\n\t\t\t\t\tsrc=\"https:\/\/files.sunoresearch.com.br\/n\/uploads\/2024\/01\/1420x240-Banner-Home-1-SNID-AO.png\"\n\t\t\t\t\tdata-promo-id=\"364419\"\t\t\t\t\t\t\t\t\t\twidth='1420' height='240'\t\t\t\t\talt=\"https:\/\/files.sunoresearch.com.br\/n\/uploads\/2024\/01\/1420x240-Banner-Home-1-SNID-AO.png\"\n\t\t\t\t>\n\t\t\t<\/picture>\n\t\t<\/a>\n\t<\/p>\n\n\n<p>O pre\u00e7o-base do acordo foi estipulado considerando um m\u00faltiplo de 4,1 vezes o <a href=\"https:\/\/www.suno.com.br\/artigos\/ebitda\/\">Ebitda <\/a><a href=\"https:\/\/www.suno.com.br\/artigos\/ebitda\/\">(lucro antes de juros, impostos, deprecia\u00e7\u00e3o e amortiza\u00e7\u00e3o)<\/a> da Ecole projetado para o ano que vem, ap\u00f3s as sinergias geradas pelo neg\u00f3cio.<\/p>\n<p>A <strong>NotreDame<\/strong> n\u00e3o informou os valores que ser\u00e3o pagos \u00e0 princ\u00edpio, e quanto poder\u00e1 ser retido. O pre\u00e7o final de aquisi\u00e7\u00e3o estar\u00e1 sujeito a ajustes, conforme o <a href=\"https:\/\/www.suno.com.br\/artigos\/endividamento\/\">endividamento l\u00edquido<\/a> da Ecole.<\/p>\n\n","protected":false},"excerpt":{"rendered":"<p>O Cade (Conselho Administrativo de Defesa Econ\u00f4mica) e a ANS (Ag\u00eancia Nacional de Sa\u00fade Suplementar) aprovaram, nesta quarta-feira (15), a aquisi\u00e7\u00e3o do Grupo Clinipam pela \u00a0NotreDame (GNDI3), por R$ 2,6 bilh\u00f5es. CEOs da Hapvida e NotreDame Intermedica comentaram fus\u00e3o nesta segunda O grupo adquirido pela NotreDame \u00e9 presente em Santa Catarina e no Paran\u00e1, possuindo [&hellip;]<\/p>\n","protected":false},"author":23,"featured_media":33018,"comment_status":"closed","ping_status":"closed","sticky":false,"template":"","format":"standard","meta":[],"categories":[64],"tags":[1208,851,512],"suno_strategy":[],"class_list":["post-49869","post","type-post","status-publish","format-standard","has-post-thumbnail","hentry","category-negocios","tag-ans","tag-cade","tag-notredame-intermedica-gndi3"],"yoast_head":"<!-- This site is optimized with the Yoast SEO plugin v24.4 - https:\/\/yoast.com\/wordpress\/plugins\/seo\/ -->\n<title>NotreDame: Aquisi\u00e7\u00e3o da Clinipam \u00e9 aprovada pelo Cade e ANS<\/title>\n<meta name=\"description\" content=\"O Cade e a ANS, nesta quarta-feira (15), a aquisi\u00e7\u00e3o do Grupo Clinipam pela \u00a0NotreDame (GNDI3), por R$ 2,6 bilh\u00f5es. Clique aqui para mais.\" \/>\n<meta name=\"robots\" content=\"index, follow, max-snippet:-1, max-image-preview:large, max-video-preview:-1\" \/>\n<link rel=\"canonical\" href=\"https:\/\/www.suno.com.br\/noticias\/notredame-aquisicao-clinipam-cade-ans\/\" \/>\n<meta property=\"og:locale\" content=\"pt_BR\" \/>\n<meta property=\"og:type\" content=\"article\" \/>\n<meta property=\"og:title\" content=\"NotreDame: Aquisi\u00e7\u00e3o da Clinipam \u00e9 aprovada pelo Cade e ANS\" \/>\n<meta property=\"og:description\" content=\"O Cade e a ANS, nesta quarta-feira (15), a aquisi\u00e7\u00e3o do Grupo Clinipam pela \u00a0NotreDame (GNDI3), por R$ 2,6 bilh\u00f5es. Clique aqui para mais.\" \/>\n<meta property=\"og:url\" content=\"https:\/\/www.suno.com.br\/noticias\/notredame-aquisicao-clinipam-cade-ans\/\" \/>\n<meta property=\"og:site_name\" content=\"Suno Not\u00edcias\" \/>\n<meta property=\"article:publisher\" content=\"https:\/\/facebook.com\/sunoresearch\" \/>\n<meta property=\"og:image\" content=\"https:\/\/files.sunoresearch.com.br\/n\/uploads\/2019\/08\/03fec173-notredame-intermedica.jpg\" \/>\n\t<meta property=\"og:image:width\" content=\"1030\" \/>\n\t<meta property=\"og:image:height\" content=\"773\" \/>\n\t<meta property=\"og:image:type\" content=\"image\/jpeg\" \/>\n<meta name=\"author\" content=\"Rafael Lara\" \/>\n<meta name=\"twitter:card\" content=\"summary_large_image\" \/>\n<meta name=\"twitter:creator\" content=\"@sunoresearch\" \/>\n<meta name=\"twitter:site\" content=\"@sunoresearch\" \/>\n<meta name=\"twitter:label1\" content=\"Escrito por\" \/>\n\t<meta name=\"twitter:data1\" content=\"Rafael Lara\" \/>\n\t<meta name=\"twitter:label2\" content=\"Est. tempo de leitura\" \/>\n\t<meta name=\"twitter:data2\" content=\"2 minutos\" \/>\n<script type=\"application\/ld+json\" class=\"yoast-schema-graph\">{\"@context\":\"https:\/\/schema.org\",\"@graph\":[{\"@type\":\"NewsArticle\",\"@id\":\"https:\/\/www.suno.com.br\/noticias\/notredame-aquisicao-clinipam-cade-ans\/#article\",\"isPartOf\":{\"@id\":\"https:\/\/www.suno.com.br\/noticias\/notredame-aquisicao-clinipam-cade-ans\/\"},\"author\":{\"name\":\"Rafael Lara\",\"@id\":\"https:\/\/www.suno.com.br\/noticias\/#\/schema\/person\/098743caeed97b37f51315c9576c4078\"},\"headline\":\"NotreDame: Aquisi\u00e7\u00e3o da Clinipam \u00e9 aprovada pelo Cade e ANS\",\"datePublished\":\"2020-01-16T00:09:32+00:00\",\"dateModified\":\"2020-01-17T22:47:56+00:00\",\"mainEntityOfPage\":{\"@id\":\"https:\/\/www.suno.com.br\/noticias\/notredame-aquisicao-clinipam-cade-ans\/\"},\"wordCount\":428,\"publisher\":{\"@id\":\"https:\/\/www.suno.com.br\/noticias\/#organization\"},\"image\":{\"@id\":\"https:\/\/www.suno.com.br\/noticias\/notredame-aquisicao-clinipam-cade-ans\/#primaryimage\"},\"thumbnailUrl\":\"https:\/\/files.sunoresearch.com.br\/n\/uploads\/2019\/08\/03fec173-notredame-intermedica-jpg.webp\",\"keywords\":[\"ANS\",\"CADE\",\"NotreDame Intermedica (GNDI3)\"],\"articleSection\":[\"Neg\u00f3cios\"],\"inLanguage\":\"pt-BR\"},{\"@type\":\"WebPage\",\"@id\":\"https:\/\/www.suno.com.br\/noticias\/notredame-aquisicao-clinipam-cade-ans\/\",\"url\":\"https:\/\/www.suno.com.br\/noticias\/notredame-aquisicao-clinipam-cade-ans\/\",\"name\":\"NotreDame: Aquisi\u00e7\u00e3o da Clinipam \u00e9 aprovada pelo Cade e ANS\",\"isPartOf\":{\"@id\":\"https:\/\/www.suno.com.br\/noticias\/#website\"},\"primaryImageOfPage\":{\"@id\":\"https:\/\/www.suno.com.br\/noticias\/notredame-aquisicao-clinipam-cade-ans\/#primaryimage\"},\"image\":{\"@id\":\"https:\/\/www.suno.com.br\/noticias\/notredame-aquisicao-clinipam-cade-ans\/#primaryimage\"},\"thumbnailUrl\":\"https:\/\/files.sunoresearch.com.br\/n\/uploads\/2019\/08\/03fec173-notredame-intermedica-jpg.webp\",\"datePublished\":\"2020-01-16T00:09:32+00:00\",\"dateModified\":\"2020-01-17T22:47:56+00:00\",\"description\":\"O Cade e a ANS, nesta quarta-feira (15), a aquisi\u00e7\u00e3o do Grupo Clinipam pela \u00a0NotreDame (GNDI3), por R$ 2,6 bilh\u00f5es. Clique aqui para mais.\",\"breadcrumb\":{\"@id\":\"https:\/\/www.suno.com.br\/noticias\/notredame-aquisicao-clinipam-cade-ans\/#breadcrumb\"},\"inLanguage\":\"pt-BR\",\"potentialAction\":[{\"@type\":\"ReadAction\",\"target\":[\"https:\/\/www.suno.com.br\/noticias\/notredame-aquisicao-clinipam-cade-ans\/\"]}]},{\"@type\":\"ImageObject\",\"inLanguage\":\"pt-BR\",\"@id\":\"https:\/\/www.suno.com.br\/noticias\/notredame-aquisicao-clinipam-cade-ans\/#primaryimage\",\"url\":\"https:\/\/files.sunoresearch.com.br\/n\/uploads\/2019\/08\/03fec173-notredame-intermedica-jpg.webp\",\"contentUrl\":\"https:\/\/files.sunoresearch.com.br\/n\/uploads\/2019\/08\/03fec173-notredame-intermedica-jpg.webp\",\"width\":1030,\"height\":773,\"caption\":\"CEOs da Hapvida e NotreDame Intermedica comentaram fus\u00e3o nesta segunda\"},{\"@type\":\"BreadcrumbList\",\"@id\":\"https:\/\/www.suno.com.br\/noticias\/notredame-aquisicao-clinipam-cade-ans\/#breadcrumb\",\"itemListElement\":[{\"@type\":\"ListItem\",\"position\":1,\"name\":\"Not\u00edcias\",\"item\":\"https:\/\/www.suno.com.br\/noticias\/\"},{\"@type\":\"ListItem\",\"position\":2,\"name\":\"Neg\u00f3cios\",\"item\":\"https:\/\/www.suno.com.br\/noticias\/negocios\/\"},{\"@type\":\"ListItem\",\"position\":3,\"name\":\"NotreDame: Aquisi\u00e7\u00e3o da Clinipam \u00e9 aprovada pelo Cade e ANS\"}]},{\"@type\":\"WebSite\",\"@id\":\"https:\/\/www.suno.com.br\/noticias\/#website\",\"url\":\"https:\/\/www.suno.com.br\/noticias\/\",\"name\":\"Suno Not\u00edcias\",\"description\":\"Seu portal de informa\u00e7\u00e3o sobre o mundo dos investimentos\",\"publisher\":{\"@id\":\"https:\/\/www.suno.com.br\/noticias\/#organization\"},\"potentialAction\":[{\"@type\":\"SearchAction\",\"target\":{\"@type\":\"EntryPoint\",\"urlTemplate\":\"https:\/\/www.suno.com.br\/noticias\/?s={search_term_string}\"},\"query-input\":{\"@type\":\"PropertyValueSpecification\",\"valueRequired\":true,\"valueName\":\"search_term_string\"}}],\"inLanguage\":\"pt-BR\"},{\"@type\":\"Organization\",\"@id\":\"https:\/\/www.suno.com.br\/noticias\/#organization\",\"name\":\"Suno Not\u00edcias\",\"url\":\"https:\/\/www.suno.com.br\/noticias\/\",\"logo\":{\"@type\":\"ImageObject\",\"inLanguage\":\"pt-BR\",\"@id\":\"https:\/\/www.suno.com.br\/noticias\/#\/schema\/logo\/image\/\",\"url\":\"https:\/\/files.sunoresearch.com.br\/n\/uploads\/2021\/09\/suno-logo.png\",\"contentUrl\":\"https:\/\/files.sunoresearch.com.br\/n\/uploads\/2021\/09\/suno-logo.png\",\"width\":180,\"height\":180,\"caption\":\"Suno Not\u00edcias\"},\"image\":{\"@id\":\"https:\/\/www.suno.com.br\/noticias\/#\/schema\/logo\/image\/\"},\"sameAs\":[\"https:\/\/facebook.com\/sunoresearch\",\"https:\/\/x.com\/sunoresearch\",\"https:\/\/www.instagram.com\/suno\",\"https:\/\/www.linkedin.com\/company\/suno-research\/\",\"https:\/\/www.youtube.com\/c\/sunoresearch\"]},{\"@type\":\"Person\",\"@id\":\"https:\/\/www.suno.com.br\/noticias\/#\/schema\/person\/098743caeed97b37f51315c9576c4078\",\"name\":\"Rafael Lara\",\"image\":{\"@type\":\"ImageObject\",\"inLanguage\":\"pt-BR\",\"@id\":\"https:\/\/www.suno.com.br\/noticias\/#\/schema\/person\/image\/\",\"url\":\"https:\/\/secure.gravatar.com\/avatar\/dfc254ab9bb2ea1895d98b9e9dae4bdd?s=96&r=g\",\"contentUrl\":\"https:\/\/secure.gravatar.com\/avatar\/dfc254ab9bb2ea1895d98b9e9dae4bdd?s=96&r=g\",\"caption\":\"Rafael Lara\"},\"description\":\"Rafael Lara cursa jornalismo na Faculdade C\u00e1sper L\u00edbero. Escreve sobre pol\u00edtica, economia e neg\u00f3cios para o portal Suno Not\u00edcias. Antes, colaborou na TV Gazeta na produ\u00e7\u00e3o do programa Edi\u00e7\u00e3o Extra.\",\"url\":\"https:\/\/www.suno.com.br\/noticias\/author\/rafael\/\"}]}<\/script>\n<!-- \/ Yoast SEO plugin. -->","yoast_head_json":{"title":"NotreDame: Aquisi\u00e7\u00e3o da Clinipam \u00e9 aprovada pelo Cade e ANS","description":"O Cade e a ANS, nesta quarta-feira (15), a aquisi\u00e7\u00e3o do Grupo Clinipam pela \u00a0NotreDame (GNDI3), por R$ 2,6 bilh\u00f5es. Clique aqui para mais.","robots":{"index":"index","follow":"follow","max-snippet":"max-snippet:-1","max-image-preview":"max-image-preview:large","max-video-preview":"max-video-preview:-1"},"canonical":"https:\/\/www.suno.com.br\/noticias\/notredame-aquisicao-clinipam-cade-ans\/","og_locale":"pt_BR","og_type":"article","og_title":"NotreDame: Aquisi\u00e7\u00e3o da Clinipam \u00e9 aprovada pelo Cade e ANS","og_description":"O Cade e a ANS, nesta quarta-feira (15), a aquisi\u00e7\u00e3o do Grupo Clinipam pela \u00a0NotreDame (GNDI3), por R$ 2,6 bilh\u00f5es. Clique aqui para mais.","og_url":"https:\/\/www.suno.com.br\/noticias\/notredame-aquisicao-clinipam-cade-ans\/","og_site_name":"Suno Not\u00edcias","article_publisher":"https:\/\/facebook.com\/sunoresearch","og_image":[{"width":1030,"height":773,"url":"https:\/\/files.sunoresearch.com.br\/n\/uploads\/2019\/08\/03fec173-notredame-intermedica.jpg","type":"image\/jpeg"}],"author":"Rafael Lara","twitter_card":"summary_large_image","twitter_creator":"@sunoresearch","twitter_site":"@sunoresearch","twitter_misc":{"Escrito por":"Rafael Lara","Est. tempo de leitura":"2 minutos"},"schema":{"@context":"https:\/\/schema.org","@graph":[{"@type":"NewsArticle","@id":"https:\/\/www.suno.com.br\/noticias\/notredame-aquisicao-clinipam-cade-ans\/#article","isPartOf":{"@id":"https:\/\/www.suno.com.br\/noticias\/notredame-aquisicao-clinipam-cade-ans\/"},"author":{"name":"Rafael Lara","@id":"https:\/\/www.suno.com.br\/noticias\/#\/schema\/person\/098743caeed97b37f51315c9576c4078"},"headline":"NotreDame: Aquisi\u00e7\u00e3o da Clinipam \u00e9 aprovada pelo Cade e ANS","datePublished":"2020-01-16T00:09:32+00:00","dateModified":"2020-01-17T22:47:56+00:00","mainEntityOfPage":{"@id":"https:\/\/www.suno.com.br\/noticias\/notredame-aquisicao-clinipam-cade-ans\/"},"wordCount":428,"publisher":{"@id":"https:\/\/www.suno.com.br\/noticias\/#organization"},"image":{"@id":"https:\/\/www.suno.com.br\/noticias\/notredame-aquisicao-clinipam-cade-ans\/#primaryimage"},"thumbnailUrl":"https:\/\/files.sunoresearch.com.br\/n\/uploads\/2019\/08\/03fec173-notredame-intermedica-jpg.webp","keywords":["ANS","CADE","NotreDame Intermedica (GNDI3)"],"articleSection":["Neg\u00f3cios"],"inLanguage":"pt-BR"},{"@type":"WebPage","@id":"https:\/\/www.suno.com.br\/noticias\/notredame-aquisicao-clinipam-cade-ans\/","url":"https:\/\/www.suno.com.br\/noticias\/notredame-aquisicao-clinipam-cade-ans\/","name":"NotreDame: Aquisi\u00e7\u00e3o da Clinipam \u00e9 aprovada pelo Cade e ANS","isPartOf":{"@id":"https:\/\/www.suno.com.br\/noticias\/#website"},"primaryImageOfPage":{"@id":"https:\/\/www.suno.com.br\/noticias\/notredame-aquisicao-clinipam-cade-ans\/#primaryimage"},"image":{"@id":"https:\/\/www.suno.com.br\/noticias\/notredame-aquisicao-clinipam-cade-ans\/#primaryimage"},"thumbnailUrl":"https:\/\/files.sunoresearch.com.br\/n\/uploads\/2019\/08\/03fec173-notredame-intermedica-jpg.webp","datePublished":"2020-01-16T00:09:32+00:00","dateModified":"2020-01-17T22:47:56+00:00","description":"O Cade e a ANS, nesta quarta-feira (15), a aquisi\u00e7\u00e3o do Grupo Clinipam pela \u00a0NotreDame (GNDI3), por R$ 2,6 bilh\u00f5es. Clique aqui para mais.","breadcrumb":{"@id":"https:\/\/www.suno.com.br\/noticias\/notredame-aquisicao-clinipam-cade-ans\/#breadcrumb"},"inLanguage":"pt-BR","potentialAction":[{"@type":"ReadAction","target":["https:\/\/www.suno.com.br\/noticias\/notredame-aquisicao-clinipam-cade-ans\/"]}]},{"@type":"ImageObject","inLanguage":"pt-BR","@id":"https:\/\/www.suno.com.br\/noticias\/notredame-aquisicao-clinipam-cade-ans\/#primaryimage","url":"https:\/\/files.sunoresearch.com.br\/n\/uploads\/2019\/08\/03fec173-notredame-intermedica-jpg.webp","contentUrl":"https:\/\/files.sunoresearch.com.br\/n\/uploads\/2019\/08\/03fec173-notredame-intermedica-jpg.webp","width":1030,"height":773,"caption":"CEOs da Hapvida e NotreDame Intermedica comentaram fus\u00e3o nesta segunda"},{"@type":"BreadcrumbList","@id":"https:\/\/www.suno.com.br\/noticias\/notredame-aquisicao-clinipam-cade-ans\/#breadcrumb","itemListElement":[{"@type":"ListItem","position":1,"name":"Not\u00edcias","item":"https:\/\/www.suno.com.br\/noticias\/"},{"@type":"ListItem","position":2,"name":"Neg\u00f3cios","item":"https:\/\/www.suno.com.br\/noticias\/negocios\/"},{"@type":"ListItem","position":3,"name":"NotreDame: Aquisi\u00e7\u00e3o da Clinipam \u00e9 aprovada pelo Cade e ANS"}]},{"@type":"WebSite","@id":"https:\/\/www.suno.com.br\/noticias\/#website","url":"https:\/\/www.suno.com.br\/noticias\/","name":"Suno Not\u00edcias","description":"Seu portal de informa\u00e7\u00e3o sobre o mundo dos investimentos","publisher":{"@id":"https:\/\/www.suno.com.br\/noticias\/#organization"},"potentialAction":[{"@type":"SearchAction","target":{"@type":"EntryPoint","urlTemplate":"https:\/\/www.suno.com.br\/noticias\/?s={search_term_string}"},"query-input":{"@type":"PropertyValueSpecification","valueRequired":true,"valueName":"search_term_string"}}],"inLanguage":"pt-BR"},{"@type":"Organization","@id":"https:\/\/www.suno.com.br\/noticias\/#organization","name":"Suno Not\u00edcias","url":"https:\/\/www.suno.com.br\/noticias\/","logo":{"@type":"ImageObject","inLanguage":"pt-BR","@id":"https:\/\/www.suno.com.br\/noticias\/#\/schema\/logo\/image\/","url":"https:\/\/files.sunoresearch.com.br\/n\/uploads\/2021\/09\/suno-logo.png","contentUrl":"https:\/\/files.sunoresearch.com.br\/n\/uploads\/2021\/09\/suno-logo.png","width":180,"height":180,"caption":"Suno Not\u00edcias"},"image":{"@id":"https:\/\/www.suno.com.br\/noticias\/#\/schema\/logo\/image\/"},"sameAs":["https:\/\/facebook.com\/sunoresearch","https:\/\/x.com\/sunoresearch","https:\/\/www.instagram.com\/suno","https:\/\/www.linkedin.com\/company\/suno-research\/","https:\/\/www.youtube.com\/c\/sunoresearch"]},{"@type":"Person","@id":"https:\/\/www.suno.com.br\/noticias\/#\/schema\/person\/098743caeed97b37f51315c9576c4078","name":"Rafael Lara","image":{"@type":"ImageObject","inLanguage":"pt-BR","@id":"https:\/\/www.suno.com.br\/noticias\/#\/schema\/person\/image\/","url":"https:\/\/secure.gravatar.com\/avatar\/dfc254ab9bb2ea1895d98b9e9dae4bdd?s=96&r=g","contentUrl":"https:\/\/secure.gravatar.com\/avatar\/dfc254ab9bb2ea1895d98b9e9dae4bdd?s=96&r=g","caption":"Rafael Lara"},"description":"Rafael Lara cursa jornalismo na Faculdade C\u00e1sper L\u00edbero. Escreve sobre pol\u00edtica, economia e neg\u00f3cios para o portal Suno Not\u00edcias. Antes, colaborou na TV Gazeta na produ\u00e7\u00e3o do programa Edi\u00e7\u00e3o Extra.","url":"https:\/\/www.suno.com.br\/noticias\/author\/rafael\/"}]}},"default_loop_html":"<div class=\"cardsPage__listCard__boxs\"><div class=\"cardsPage__listCard__boxs__img\"><a href=\"https:\/\/www.suno.com.br\/noticias\/notredame-aquisicao-clinipam-cade-ans\/\"><img class=\"mask\" src=\"https:\/\/www.suno.com.br\/noticias\/wp-content\/themes\/suno\/resources\/images\/spotlight\/spotlight1img\/bg-mask.png\" alt=\"Image Mask\"\/><img src=\"https:\/\/files.sunoresearch.com.br\/n\/uploads\/2019\/08\/03fec173-notredame-intermedica-400x200.webp\" alt=\"NotreDame: Aquisi\u00e7\u00e3o da Clinipam \u00e9 aprovada pelo Cade e ANS\"\/><\/a><span class=\"spotlightCategory\"><a href=\"https:\/\/www.suno.com.br\/noticias\/negocios\/\">Neg\u00f3cios<\/a><\/span><\/div><div class=\"cardsPage__listCard__boxs__content\"><a href=\"https:\/\/www.suno.com.br\/noticias\/notredame-aquisicao-clinipam-cade-ans\/\"><h2 class=\"content__title\">NotreDame: Aquisi\u00e7\u00e3o da Clinipam \u00e9 aprovada pelo Cade e ANS<\/h2><\/a><div class=\"newsContent__article__meta\"><div class=\"newsContent__article__meta__authorBox\"><a href=\"https:\/\/www.suno.com.br\/noticias\/author\/rafael\/\" class=\"authorBox__avatar noMobi\"><img src=\"https:\/\/secure.gravatar.com\/avatar\/dfc254ab9bb2ea1895d98b9e9dae4bdd?s=96&#038;r=g\" alt=\"Rafael Lara\"><\/a><div class=\"authorBox__name\"><span>por\n\t\t\t<a href=\"https:\/\/www.suno.com.br\/noticias\/author\/rafael\/\"><span itemprop=\"author\">Rafael Lara<\/span><\/a><\/span><time datetime=\"2020-01-15T22:09:32-03:00\" itemprop=\"datePublished\">15\/01\/2020 22:09<\/time><\/div><\/div><\/div><\/div><\/div>","single_layout":"posts","amp_enabled":true,"_links":{"self":[{"href":"https:\/\/www.suno.com.br\/noticias\/wp-json\/wp\/v2\/posts\/49869"}],"collection":[{"href":"https:\/\/www.suno.com.br\/noticias\/wp-json\/wp\/v2\/posts"}],"about":[{"href":"https:\/\/www.suno.com.br\/noticias\/wp-json\/wp\/v2\/types\/post"}],"author":[{"embeddable":true,"href":"https:\/\/www.suno.com.br\/noticias\/wp-json\/wp\/v2\/users\/23"}],"replies":[{"embeddable":true,"href":"https:\/\/www.suno.com.br\/noticias\/wp-json\/wp\/v2\/comments?post=49869"}],"version-history":[{"count":0,"href":"https:\/\/www.suno.com.br\/noticias\/wp-json\/wp\/v2\/posts\/49869\/revisions"}],"wp:featuredmedia":[{"embeddable":true,"href":"https:\/\/www.suno.com.br\/noticias\/wp-json\/wp\/v2\/media\/33018"}],"wp:attachment":[{"href":"https:\/\/www.suno.com.br\/noticias\/wp-json\/wp\/v2\/media?parent=49869"}],"wp:term":[{"taxonomy":"category","embeddable":true,"href":"https:\/\/www.suno.com.br\/noticias\/wp-json\/wp\/v2\/categories?post=49869"},{"taxonomy":"post_tag","embeddable":true,"href":"https:\/\/www.suno.com.br\/noticias\/wp-json\/wp\/v2\/tags?post=49869"},{"taxonomy":"suno_strategy","embeddable":true,"href":"https:\/\/www.suno.com.br\/noticias\/wp-json\/wp\/v2\/suno_strategy?post=49869"}],"curies":[{"name":"wp","href":"https:\/\/api.w.org\/{rel}","templated":true}]}}