{"id":498688,"date":"2023-12-12T07:54:56","date_gmt":"2023-12-12T10:54:56","guid":{"rendered":"https:\/\/www.suno.com.br\/noticias\/?p=498688"},"modified":"2023-12-12T07:55:57","modified_gmt":"2023-12-12T10:55:57","slug":"pao-de-acucar-pcar3-projecoes-gpj","status":"publish","type":"post","link":"https:\/\/www.suno.com.br\/noticias\/pao-de-acucar-pcar3-projecoes-gpj\/","title":{"rendered":"P\u00e3o de A\u00e7\u00facar (PCAR3) revisa plano de expans\u00e3o e altera proje\u00e7\u00f5es de abertura de novas lojas"},"content":{"rendered":"<p>Em <a href=\"https:\/\/www.suno.com.br\/artigos\/fato-relevante\/\">fato relevante<\/a> divulgado na segunda-feira (11), o <strong>P\u00e3o de A\u00e7\u00facar <\/strong>(<a href=\"https:\/\/www.suno.com.br\/acoes\/pcar3\/\">PCAR3<\/a>) informou que revisou seu plano de expans\u00e3o e alterou suas proje\u00e7\u00f5es referentes ao per\u00edodo no qual pretende implementar seu plano de abertura de novas lojas. <\/p>\t<div class=\"wrapper-featured-image\">\n\t\t<figure class=\"spotlightImg\">\n\n\t\t\t<picture>\n\t\t\t\t<source media=\"(max-width: 768px)\" srcset=\"https:\/\/files.sunoresearch.com.br\/n\/uploads\/2023\/06\/gpa-pcar3-1-400x200.jpg\">\n\t\t\t\t<img loading=\"lazy\" decoding=\"async\" class=\"newsContent__article__imgCapa lazyloadDisabled \" src=\"https:\/\/files.sunoresearch.com.br\/n\/uploads\/2023\/06\/gpa-pcar3-1-800x450.jpg\" width=\"800\" height=\"450\" alt=\"P\u00e3o de A\u00e7\u00facar (PCAR3) revisa plano de expans\u00e3o e altera proje\u00e7\u00f5es de abertura de novas lojas\" fetchpriority=high \/>\n\t\t\t<\/picture>\n\n\t\t\t<figcaption class=\"wp-caption-text wp-caption-text--show\">P\u00e3o de A\u00e7\u00facar (PCAR3) - Foto: Divulga\u00e7\u00e3o.<\/figcaption>\n\t\t<\/figure>\n\t<\/div>\n\n\n\n\n\n\n\n\t<p>\n\t\t<a href=\"https:\/\/lp.suno.com.br\/planilha-da-vida-financeira\/\" target=\"_blank\" data-element=\"shortcode-suno-banner\" title=\"Banner SUNO, clique e saiba mais\">\n\t\t\t<picture>\n\t\t\t\t<source media=\"(max-width: 500px)\" srcset=\"https:\/\/files.sunoresearch.com.br\/n\/uploads\/2023\/04\/400x300-Planilha-vida-financeira-true.png\">\n\t\t\t\t<img class=\"newsContent__article__imgCapa newsContent__article__imgCapa--banner\"\n\t\t\t\t\tsrc=\"https:\/\/files.sunoresearch.com.br\/n\/uploads\/2023\/04\/1420x240-Planilha-vida-financeira-true.png\"\n\t\t\t\t\tdata-promo-id=\"106682\"\t\t\t\t\t\t\t\t\t\twidth='1420' height='240'\t\t\t\t\talt=\"https:\/\/files.sunoresearch.com.br\/n\/uploads\/2023\/04\/1420x240-Planilha-vida-financeira-true.png\"\n\t\t\t\t>\n\t\t\t<\/picture>\n\t\t<\/a>\n\t<\/p>\n\n\n\n\n\n<p>O <strong>plano de expans\u00e3o do GPA<\/strong>, divulgado no in\u00edcio de setembro, previa a inaugura\u00e7\u00e3o de 300 novas lojas no per\u00edodo entre 2022 e 2024. Segundo a varejista, dessas 300 lojas, 121 j\u00e1 foram abertas at\u00e9 setembro de 2023 e 11 est\u00e3o previstas para serem inauguradas no quarto trimestre de 2023, totalizando 132 novas<strong> lojas<\/strong> <strong>do P\u00e3o de A\u00e7\u00facar<\/strong> (99 de proximidade e 33 supermercados).<\/p>\n\n\n\n<p>&#8220;O GPA decidiu rever o prazo final desse plano de 2024 para 2026, devido a considera\u00e7\u00f5es sobre a otimiza\u00e7\u00e3o do n\u00edvel de investimentos da companhia, objetivando o melhor retorno poss\u00edvel para o acionista, dadas as condi\u00e7\u00f5es de mercado mais recentes. Assim, devemos ter as 168 lojas remanescentes sendo inauguradas entre janeiro de 2024 e dezembro de 2026, sendo 151 de proximidade e 17 supermercados&#8221;, afirma a empresa.<\/p>\n\n\n\n<p>O P\u00e3o de A\u00e7\u00facar ressaltou, ainda, que as proje\u00e7\u00f5es e estimativas apresentadas refletem o atual plano estrat\u00e9gico e financeiro da companhia e podem ser alteradas por eventuais mudan\u00e7as nesses planos, inclusive ocasionadas por impactos decorrentes de fatores macroecon\u00f4micos e pol\u00edticos internos ou externos. &#8220;Essas estimativas n\u00e3o constituem promessa de desempenho&#8221;, diz a empresa.<\/p>\n\n\n\n\t<div data-element=\"shortcode-read-more\" class=\"readToo\">\n\t\t\t\t<span class=\"readToo__title\">Leia mais<\/span>\n\t\t\t\t<ul class=\"readToo__list\">\n\t\t\t<li><a href=\"https:\/\/www.suno.com.br\/noticias\/bradesco-bbdc4-jcp-bilionario-jvj\/\">Bradesco (BBDC4) anuncia pagamento de quase R$ 7 bilh\u00f5es em JCP; veja o valor por a\u00e7\u00e3o<\/a><\/li><li><a href=\"https:\/\/www.suno.com.br\/noticias\/itau-itub4-xp-banco-dividendos-extra-entenda-va\/\">Ita\u00fa (ITUB4) pode pagar R$ 14 bilh\u00f5es em dividendos extras, diz XP; entenda\u00a0<\/a><\/li><li><a href=\"https:\/\/www.suno.com.br\/noticias\/weg-wege3-crescimento-btg-gpj\/\">Weg (WEGE3) continua perseguindo taxa crescimento de dois d\u00edgitos, diz banco; recomenda\u00e7\u00e3o \u00e9 de compra<\/a><\/li>\t\t<\/ul>\n\t<\/div>\n\n\n\n\n<h2 class=\"wp-block-heading\">Grupo P\u00e3o de A\u00e7\u00facar (PCAR3) avalia diluir Casino e buscar follow-on de R$ 1 bilh\u00e3o<\/h2>\n\n\n\n<p>O\u00a0P\u00e3o de A\u00e7\u00facar divulgou nesta segunda-feira (11) que est\u00e1 avaliando realizar uma oferta p\u00fablica de distribui\u00e7\u00e3o prim\u00e1ria de a\u00e7\u00f5es (follow-on). Segundo comunicado \u00e0\u00a0<a href=\"https:\/\/www.suno.com.br\/artigos\/cvm\/\" target=\"_blank\" rel=\"noreferrer noopener\">Comiss\u00e3o de Valores Mobili\u00e1rios (CVM)<\/a>, o valor estimado para a potencial emiss\u00e3o seria de R$1 bilh\u00e3o.<\/p>\n\n\n\n<p>O valor da poss\u00edvel&nbsp;<strong>oferta p\u00fablica do&nbsp;<a target=\"_blank\" href=\"https:\/\/www.suno.com.br\/acoes\/PCAR3\/\" rel=\"noreferrer noopener\">GPA (PCAR3)<\/a>&nbsp;<\/strong>foi definido ap\u00f3s an\u00e1lise de alguns bancos, como Banco Ita\u00fa BBA e o BTG Pactual&nbsp;<a target=\"_blank\" href=\"https:\/\/www.suno.com.br\/artigos\/investment-banking\/\" rel=\"noreferrer noopener\">Investment Banking<\/a>&nbsp;e a BR Partners como assessor financeiro.<\/p>\n\n\n\n<p>O<strong>&nbsp;follow-on do GPA&nbsp;<\/strong>est\u00e1 inserido no plano de otimiza\u00e7\u00e3o da&nbsp;<a target=\"_blank\" href=\"https:\/\/www.suno.com.br\/artigos\/indicadores-estrutura-capital\/\" rel=\"noreferrer noopener\">estrutura de capital<\/a>&nbsp;da companhia, que faz parte do grupo de varejo franc\u00eas,&nbsp;<strong>Casino<\/strong>. Na estrat\u00e9gia, tamb\u00e9m est\u00e1 inclusa a venda de ativos n\u00e3o&nbsp;<em>core<\/em>&nbsp;(aqueles que n\u00e3o s\u00e3o considerados essenciais para a continua\u00e7\u00e3o do neg\u00f3cio). Entre eles, est\u00e1 a venda da participa\u00e7\u00e3o de 34% na Cnova, e de 13,3% no Almacenes \u00c9xito, cuja conclus\u00e3o \u00e9 esperada para janeiro de 2024, conforme atualizado em comunicado ao mercado divulgado nesta data.<\/p>\n\n\n\n<p>Caso a\u00a0<strong>oferta da varejista\u00a0<\/strong>seja efetivada, os recursos obtidos ser\u00e3o empregados na redu\u00e7\u00e3o da\u00a0<strong>d\u00edvida do Casino<\/strong>, reduzindo tamb\u00e9m sua\u00a0<a href=\"https:\/\/www.suno.com.br\/artigos\/alavancagem-financeira\/\" target=\"_blank\" rel=\"noreferrer noopener\">alavancagem financeira<\/a>.<\/p>\n\n\n\n<h2 class=\"wp-block-heading\">GPA (PCAR3) convoca AGE para estudo de follow-on bilion\u00e1rio e pode diluir controle do Casino<\/h2>\n\n\n\n<p>Nesta segunda-feira (11), o<strong>&nbsp;Grupo P\u00e3o de A\u00e7\u00facar<\/strong>&nbsp;ainda convocou uma Assembleia Geral Extraordin\u00e1ria, para o pr\u00f3ximo 11 de janeiro de 2024.<\/p>\n\n\n\n<p>A AGE ter\u00e1 algumas pautas principais previstas:<\/p>\n\n\n\n<ul class=\"wp-block-list\">\n<li>Aumento do capital autorizado da Companhia para at\u00e9 800 milh\u00f5es de a\u00e7\u00f5es ordin\u00e1rias;<\/li>\n\n\n\n<li>Proposta da administra\u00e7\u00e3o para elei\u00e7\u00e3o de uma nova chapa de Conselho de Administra\u00e7\u00e3o, condicionada \u00e0 liquida\u00e7\u00e3o da potencial Oferta e com posse 30 dias ap\u00f3s a liquida\u00e7\u00e3o, que continuaria sob a representa\u00e7\u00e3o de Marcelo Ribeiro Pimentel;<\/li>\n\n\n\n<li>A indica\u00e7\u00e3o de Renan Bergmann como Presidente do Conselho de Administra\u00e7\u00e3o.<\/li>\n<\/ul>\n\n\n\n<p>A composi\u00e7\u00e3o proposta em conformidade com a administra\u00e7\u00e3o do GPA e seu atual&nbsp;<a target=\"_blank\" href=\"https:\/\/www.suno.com.br\/artigos\/acionista-controlador\/\" rel=\"noreferrer noopener\">acionista controlador<\/a>, o&nbsp;<strong>Grupo Casino Guichard Perrachon<\/strong>, aponta uma potencial dilui\u00e7\u00e3o da participa\u00e7\u00e3o deste \u00faltimo.<\/p>\n\n\n\n<p>Na publica\u00e7\u00e3o da CVM, o grupo varejista ressalta que a efetiva realiza\u00e7\u00e3o da oferta em avalia\u00e7\u00e3o, al\u00e9m de seus termos e condi\u00e7\u00f5es estar\u00e1 sujeita \u00e0 obten\u00e7\u00e3o das aprova\u00e7\u00f5es necess\u00e1rias, incluindo as respectivas aprova\u00e7\u00f5es societ\u00e1rias aplic\u00e1veis, bem como \u00e0s condi\u00e7\u00f5es pol\u00edticas e macroecon\u00f4mica nacionais e internacionais favor\u00e1veis e ao interesse de investidores.<\/p>\n\n\n\n<p>Portanto, o grupo destaca que ainda n\u00e3o existe uma confirma\u00e7\u00e3o a respeito da oferta p\u00fablica de distribui\u00e7\u00e3o de a\u00e7\u00f5es ou outros valores mobili\u00e1rios de emiss\u00e3o. Caso o follow-on do&nbsp;<a target=\"_blank\" href=\"https:\/\/www.suno.com.br\/acoes\/PCAR3\/\" rel=\"noreferrer noopener\">GPA (PCAR3)<\/a>&nbsp;avance o mercado e seus acionistas dever\u00e3o ser informados.<\/p>\n\n\n\t<p>\n\t\t<a href=\"https:\/\/lp.suno.com.br\/ebook-como-analisar-uma-acao\/\" target=\"_blank\" data-element=\"shortcode-suno-banner\" title=\"Banner SUNO, clique e saiba mais\">\n\t\t\t<picture>\n\t\t\t\t<source media=\"(max-width: 500px)\" srcset=\"https:\/\/files.sunoresearch.com.br\/n\/uploads\/2023\/03\/Ebook-Acoes-Mobile.jpg\">\n\t\t\t\t<img class=\"newsContent__article__imgCapa newsContent__article__imgCapa--banner\"\n\t\t\t\t\tsrc=\"https:\/\/files.sunoresearch.com.br\/n\/uploads\/2023\/03\/Ebook-Acoes-Desktop.jpg\"\n\t\t\t\t\tdata-promo-id=\"378302\"\t\t\t\t\t\t\t\t\t\twidth='1420' height='286'\t\t\t\t\talt=\"https:\/\/files.sunoresearch.com.br\/n\/uploads\/2023\/03\/Ebook-Acoes-Desktop.jpg\"\n\t\t\t\t>\n\t\t\t<\/picture>\n\t\t<\/a>\n\t<\/p>\n\n\n\n\n\n<h2 class=\"wp-block-heading\">Desempenho das a\u00e7\u00f5es do P\u00e3o de A\u00e7\u00facar<\/h2>\n\n\n\n<div class=\"pluginQuotation\">\n  <p class=\"ticker\">\n    Cota\u00e7\u00e3o <span>PCAR3<\/span>\n  <\/p>\n  <div class=\"info\">\n    <div class=\"leftSide\">\n      Gr\u00e1fico gerado em: 12\/12\/2023    <\/div>\n\t\t\t\t\t<div class=\"rightSide\">\n\t\t\t\t\t<span class=\"period\">\n\t\t\t\t\t\t1 Dia\t\t\t\t\t<\/span>\n\t\t\t<\/div>\n\t\t  <\/div>\n\n  <div id=\"chart-a74050965f092f065f4be32c097a8bb5\" data-block-hash=\"a74050965f092f065f4be32c097a8bb5\"  class=\"chart\" style=\"width:100%;height:400px;\"><\/div>\n\n  <div class=\"pluginQuotation__footer\">\n    <div class=\"dataChart\">\n\n      <div class=\"dataChart__div1 variation\">\n        <div class=\"value-positive\">\n          1,00 (+0,04%)        <\/div>\n        <div class=\"text\">\n          Varia\u00e7\u00e3o do per\u00edodo\n        <\/div>\n      <\/div>\n\n      <div class=\"dataChart__div2 minMax\">\n        <div class=\"value\">\n          R$\u00a03,98        <\/div>\n        <div class=\"text\">\n          M\u00ednima\n        <\/div>\n      <\/div>\n\n      <div class=\"dataChart__div3 minMax\">\n        <div class=\"value\">\n          R$\u00a04,04        <\/div>\n        <div class=\"text\">\n          M\u00e1xima\n        <\/div>\n      <\/div>\n\n\t\t\t<div class=\"dataChart__div4 rightSide\">\n\t\t\t\t<div class=\"analiticaSource\">\n\t\t\t\t\t<span>\n\t\t\t\t\t\tFonte:\n\t\t\t\t\t<\/span>\n\t\t\t\t\t<img decoding=\"async\" class=\"analiticaLogo\" src=\"https:\/\/www.suno.com.br\/noticias\/wp-content\/plugins\/suno-block-ticker-quotation\/src\/suno-analitica-logo.png\" alt=\"Logo Suno Anal\u00edtica\" \/>\n\t\t\t\t<\/div>\n\n\t\t\t\t<a href=\"https:\/\/www.suno.com.br\/analitica\/acoes\/PCAR3\" target=\"_blank\">\n\t\t\t\t\t<span>\n\t\t\t\t\t\tVer mais cota\u00e7\u00f5es\n\t\t\t\t\t<\/span>\n\t\t\t\t\t<svg xmlns=\"http:\/\/www.w3.org\/2000\/svg\" width=\"9\" height=\"8\" viewBox=\"0 0 9 8\" fill=\"none\">\n\t\t\t\t\t\t<path d=\"M4.20996 0L3.50496 0.705L6.29496 3.5H0.209961V4.5H6.29496L3.50496 7.295L4.20996 8L8.20996 4L4.20996 0Z\" fill=\"#D42126\" \/>\n\t\t\t\t\t<\/svg>\n\t\t\t\t<\/a>\n    <\/div>\n\n    <\/div>\n  <\/div>\n<\/div>\n\n\n<script type=\"text\/javascript\">\n  let chart_a74050965f092f065f4be32c097a8bb5 = document.getElementById('chart-a74050965f092f065f4be32c097a8bb5');\n  let data_json_a74050965f092f065f4be32c097a8bb5 = \"[{\\\"date\\\":\\\"11\\\\\\\/12\\\\\\\/23 14:50\\\",\\\"value\\\":4},{\\\"date\\\":\\\"11\\\\\\\/12\\\\\\\/23 14:52\\\",\\\"value\\\":3.99},{\\\"date\\\":\\\"11\\\\\\\/12\\\\\\\/23 14:54\\\",\\\"value\\\":3.98},{\\\"date\\\":\\\"11\\\\\\\/12\\\\\\\/23 14:56\\\",\\\"value\\\":3.99},{\\\"date\\\":\\\"11\\\\\\\/12\\\\\\\/23 14:58\\\",\\\"value\\\":3.99},{\\\"date\\\":\\\"11\\\\\\\/12\\\\\\\/23 15:00\\\",\\\"value\\\":3.99},{\\\"date\\\":\\\"11\\\\\\\/12\\\\\\\/23 15:02\\\",\\\"value\\\":4},{\\\"date\\\":\\\"11\\\\\\\/12\\\\\\\/23 15:04\\\",\\\"value\\\":4},{\\\"date\\\":\\\"11\\\\\\\/12\\\\\\\/23 15:06\\\",\\\"value\\\":4},{\\\"date\\\":\\\"11\\\\\\\/12\\\\\\\/23 15:08\\\",\\\"value\\\":4},{\\\"date\\\":\\\"11\\\\\\\/12\\\\\\\/23 15:10\\\",\\\"value\\\":4},{\\\"date\\\":\\\"11\\\\\\\/12\\\\\\\/23 15:12\\\",\\\"value\\\":4},{\\\"date\\\":\\\"11\\\\\\\/12\\\\\\\/23 15:14\\\",\\\"value\\\":4.01},{\\\"date\\\":\\\"11\\\\\\\/12\\\\\\\/23 15:16\\\",\\\"value\\\":4},{\\\"date\\\":\\\"11\\\\\\\/12\\\\\\\/23 15:18\\\",\\\"value\\\":4.01},{\\\"date\\\":\\\"11\\\\\\\/12\\\\\\\/23 15:20\\\",\\\"value\\\":3.99},{\\\"date\\\":\\\"11\\\\\\\/12\\\\\\\/23 15:22\\\",\\\"value\\\":3.99},{\\\"date\\\":\\\"11\\\\\\\/12\\\\\\\/23 15:24\\\",\\\"value\\\":3.98},{\\\"date\\\":\\\"11\\\\\\\/12\\\\\\\/23 15:26\\\",\\\"value\\\":3.99},{\\\"date\\\":\\\"11\\\\\\\/12\\\\\\\/23 15:28\\\",\\\"value\\\":3.98},{\\\"date\\\":\\\"11\\\\\\\/12\\\\\\\/23 15:30\\\",\\\"value\\\":3.99},{\\\"date\\\":\\\"11\\\\\\\/12\\\\\\\/23 15:32\\\",\\\"value\\\":3.99},{\\\"date\\\":\\\"11\\\\\\\/12\\\\\\\/23 15:34\\\",\\\"value\\\":3.99},{\\\"date\\\":\\\"11\\\\\\\/12\\\\\\\/23 15:36\\\",\\\"value\\\":3.99},{\\\"date\\\":\\\"11\\\\\\\/12\\\\\\\/23 15:38\\\",\\\"value\\\":3.99},{\\\"date\\\":\\\"11\\\\\\\/12\\\\\\\/23 15:40\\\",\\\"value\\\":4},{\\\"date\\\":\\\"11\\\\\\\/12\\\\\\\/23 15:42\\\",\\\"value\\\":4},{\\\"date\\\":\\\"11\\\\\\\/12\\\\\\\/23 15:44\\\",\\\"value\\\":4.01},{\\\"date\\\":\\\"11\\\\\\\/12\\\\\\\/23 15:46\\\",\\\"value\\\":4},{\\\"date\\\":\\\"11\\\\\\\/12\\\\\\\/23 15:48\\\",\\\"value\\\":4},{\\\"date\\\":\\\"11\\\\\\\/12\\\\\\\/23 15:50\\\",\\\"value\\\":4},{\\\"date\\\":\\\"11\\\\\\\/12\\\\\\\/23 15:52\\\",\\\"value\\\":4},{\\\"date\\\":\\\"11\\\\\\\/12\\\\\\\/23 15:54\\\",\\\"value\\\":4},{\\\"date\\\":\\\"11\\\\\\\/12\\\\\\\/23 15:56\\\",\\\"value\\\":4},{\\\"date\\\":\\\"11\\\\\\\/12\\\\\\\/23 15:58\\\",\\\"value\\\":4},{\\\"date\\\":\\\"11\\\\\\\/12\\\\\\\/23 16:00\\\",\\\"value\\\":4},{\\\"date\\\":\\\"11\\\\\\\/12\\\\\\\/23 16:02\\\",\\\"value\\\":4},{\\\"date\\\":\\\"11\\\\\\\/12\\\\\\\/23 16:04\\\",\\\"value\\\":3.99},{\\\"date\\\":\\\"11\\\\\\\/12\\\\\\\/23 16:06\\\",\\\"value\\\":4},{\\\"date\\\":\\\"11\\\\\\\/12\\\\\\\/23 16:08\\\",\\\"value\\\":4},{\\\"date\\\":\\\"11\\\\\\\/12\\\\\\\/23 16:10\\\",\\\"value\\\":4},{\\\"date\\\":\\\"11\\\\\\\/12\\\\\\\/23 16:12\\\",\\\"value\\\":3.99},{\\\"date\\\":\\\"11\\\\\\\/12\\\\\\\/23 16:14\\\",\\\"value\\\":3.99},{\\\"date\\\":\\\"11\\\\\\\/12\\\\\\\/23 16:16\\\",\\\"value\\\":3.99},{\\\"date\\\":\\\"11\\\\\\\/12\\\\\\\/23 16:18\\\",\\\"value\\\":3.99},{\\\"date\\\":\\\"11\\\\\\\/12\\\\\\\/23 16:20\\\",\\\"value\\\":4},{\\\"date\\\":\\\"11\\\\\\\/12\\\\\\\/23 16:22\\\",\\\"value\\\":4},{\\\"date\\\":\\\"11\\\\\\\/12\\\\\\\/23 16:24\\\",\\\"value\\\":4},{\\\"date\\\":\\\"11\\\\\\\/12\\\\\\\/23 16:26\\\",\\\"value\\\":3.99},{\\\"date\\\":\\\"11\\\\\\\/12\\\\\\\/23 16:28\\\",\\\"value\\\":4},{\\\"date\\\":\\\"11\\\\\\\/12\\\\\\\/23 16:30\\\",\\\"value\\\":4},{\\\"date\\\":\\\"11\\\\\\\/12\\\\\\\/23 16:32\\\",\\\"value\\\":4},{\\\"date\\\":\\\"11\\\\\\\/12\\\\\\\/23 16:34\\\",\\\"value\\\":3.99},{\\\"date\\\":\\\"11\\\\\\\/12\\\\\\\/23 16:36\\\",\\\"value\\\":4},{\\\"date\\\":\\\"11\\\\\\\/12\\\\\\\/23 16:38\\\",\\\"value\\\":4},{\\\"date\\\":\\\"11\\\\\\\/12\\\\\\\/23 16:40\\\",\\\"value\\\":4},{\\\"date\\\":\\\"11\\\\\\\/12\\\\\\\/23 16:42\\\",\\\"value\\\":4},{\\\"date\\\":\\\"11\\\\\\\/12\\\\\\\/23 16:44\\\",\\\"value\\\":3.99},{\\\"date\\\":\\\"11\\\\\\\/12\\\\\\\/23 16:46\\\",\\\"value\\\":3.99},{\\\"date\\\":\\\"11\\\\\\\/12\\\\\\\/23 16:48\\\",\\\"value\\\":4},{\\\"date\\\":\\\"11\\\\\\\/12\\\\\\\/23 16:50\\\",\\\"value\\\":4},{\\\"date\\\":\\\"11\\\\\\\/12\\\\\\\/23 16:52\\\",\\\"value\\\":3.99},{\\\"date\\\":\\\"11\\\\\\\/12\\\\\\\/23 16:54\\\",\\\"value\\\":4},{\\\"date\\\":\\\"11\\\\\\\/12\\\\\\\/23 16:56\\\",\\\"value\\\":4},{\\\"date\\\":\\\"11\\\\\\\/12\\\\\\\/23 16:58\\\",\\\"value\\\":4},{\\\"date\\\":\\\"11\\\\\\\/12\\\\\\\/23 17:00\\\",\\\"value\\\":4},{\\\"date\\\":\\\"11\\\\\\\/12\\\\\\\/23 17:02\\\",\\\"value\\\":4.03},{\\\"date\\\":\\\"11\\\\\\\/12\\\\\\\/23 17:04\\\",\\\"value\\\":4.02},{\\\"date\\\":\\\"11\\\\\\\/12\\\\\\\/23 17:06\\\",\\\"value\\\":4.01},{\\\"date\\\":\\\"11\\\\\\\/12\\\\\\\/23 17:08\\\",\\\"value\\\":4.01},{\\\"date\\\":\\\"11\\\\\\\/12\\\\\\\/23 17:10\\\",\\\"value\\\":4.04},{\\\"date\\\":\\\"11\\\\\\\/12\\\\\\\/23 17:12\\\",\\\"value\\\":4.02},{\\\"date\\\":\\\"11\\\\\\\/12\\\\\\\/23 17:14\\\",\\\"value\\\":4.04}]\";\n  let isPositive_a74050965f092f065f4be32c097a8bb5 = true;\n\n  let color_a74050965f092f065f4be32c097a8bb5 = isPositive_a74050965f092f065f4be32c097a8bb5 ? '#3AB53A' : '#D92C2D';\n\n  let data_a74050965f092f065f4be32c097a8bb5 = JSON.parse(data_json_a74050965f092f065f4be32c097a8bb5);\n\n  const result_a74050965f092f065f4be32c097a8bb5 = {\n    date: [],\n    value: [],\n  };\n\n  data_a74050965f092f065f4be32c097a8bb5.forEach((item) => {\n    result_a74050965f092f065f4be32c097a8bb5.date.push(item.date);\n    result_a74050965f092f065f4be32c097a8bb5.value.push(Number(item.value));\n  });\n\n  let option_a74050965f092f065f4be32c097a8bb5 = {\n    \/\/ variavel de cor global\n    color: [color_a74050965f092f065f4be32c097a8bb5],\n    title: {\n      text: '',\n    },\n    tooltip: {\n      trigger: 'axis',\n      axisPointer: {\n        type: 'cross',\n        label: {\n          \/\/ cor dos valores em X e Y\n          backgroundColor: color_a74050965f092f065f4be32c097a8bb5,\n          formatter: (value) => {\n            if (typeof value.value === 'number') {\n              return Number(value.value).toLocaleString('pt-br', {\n                style: 'currency',\n                currency: 'BRL'\n              });\n            }\n            return value.value;\n          },\n        },\n      },\n      valueFormatter: (value) => Number(value).toLocaleString('pt-br', {\n        style: 'currency',\n        currency: 'BRL'\n      }),\n    },\n    legend: {\n      \/\/ data: ['Valor de Fechamento'],\n      show: false,\n    },\n    toolbox: {\n      feature: {\n        saveAsImage: {\n          show: false,\n        },\n      },\n    },\n    grid: {\n      left: '0px',\n      right: '0px',\n      bottom: '0px',\n      containLabel: true,\n    },\n    xAxis: [{\n      type: 'category',\n      data: result_a74050965f092f065f4be32c097a8bb5.date,\n      boundaryGap: true,\n    }],\n    yAxis: [{\n      type: 'value',\n      min: Math.min(...result_a74050965f092f065f4be32c097a8bb5.value),\n      max: Math.max(...result_a74050965f092f065f4be32c097a8bb5.value),\n      axisLabel: {\n        formatter: (value) => value.toLocaleString('pt-br', {\n          style: 'currency',\n          currency: 'BRL'\n        }),\n      },\n    }],\n    series: [{\n      name: 'Valor de Fechamento',\n      type: 'line',\n      stack: 'Total',\n      \/\/ cor do grafico\n      areaStyle: {},\n      emphasis: {\n        focus: 'series',\n      },\n      data: result_a74050965f092f065f4be32c097a8bb5.value,\n      \/\/ cor da linha\n      lineStyle: {\n        color: color_a74050965f092f065f4be32c097a8bb5,\n      },\n    }, ],\n  };\n\n\twindow.chart_a74050965f092f065f4be32c097a8bb5 = {\n\t\tel: chart_a74050965f092f065f4be32c097a8bb5,\n\t\toption: option_a74050965f092f065f4be32c097a8bb5\t};\n\n\n<\/script>\n\n\n\t<p>\n\t\t<a href=\"https:\/\/lp.suno.com.br\/planilha-da-vida-financeira\/\" target=\"_blank\" data-element=\"shortcode-suno-banner\" title=\"Banner SUNO, clique e saiba mais\">\n\t\t\t<picture>\n\t\t\t\t<source media=\"(max-width: 500px)\" srcset=\"https:\/\/files.sunoresearch.com.br\/n\/uploads\/2023\/04\/400x300-Planilha-vida-financeira-true.png\">\n\t\t\t\t<img class=\"newsContent__article__imgCapa newsContent__article__imgCapa--banner\"\n\t\t\t\t\tsrc=\"https:\/\/files.sunoresearch.com.br\/n\/uploads\/2023\/04\/1420x240-Planilha-vida-financeira-true.png\"\n\t\t\t\t\tdata-promo-id=\"383123\"\t\t\t\t\t\t\t\t\t\twidth='1420' height='240'\t\t\t\t\talt=\"https:\/\/files.sunoresearch.com.br\/n\/uploads\/2023\/04\/1420x240-Planilha-vida-financeira-true.png\"\n\t\t\t\t>\n\t\t\t<\/picture>\n\t\t<\/a>\n\t<\/p>\n\n\n","protected":false},"excerpt":{"rendered":"<p>Em fato relevante divulgado na segunda-feira (11), o P\u00e3o de A\u00e7\u00facar (PCAR3) informou que revisou seu plano de expans\u00e3o e alterou suas proje\u00e7\u00f5es referentes ao per\u00edodo no qual pretende implementar seu plano de abertura de novas lojas. P\u00e3o de A\u00e7\u00facar (PCAR3) &#8211; Foto: Divulga\u00e7\u00e3o. O plano de expans\u00e3o do GPA, divulgado no in\u00edcio de setembro, [&hellip;]<\/p>\n","protected":false},"author":313,"featured_media":422765,"comment_status":"closed","ping_status":"closed","sticky":false,"template":"","format":"standard","meta":[],"categories":[64],"tags":[1964],"suno_strategy":[],"class_list":["post-498688","post","type-post","status-publish","format-standard","has-post-thumbnail","hentry","category-negocios","tag-grupo-pao-de-acucar-pcar3-pcar4"],"yoast_head":"<!-- This site is optimized with the Yoast SEO plugin v24.4 - https:\/\/yoast.com\/wordpress\/plugins\/seo\/ -->\n<title>P\u00e3o de A\u00e7\u00facar revisa plano de expans\u00e3o e altera proje\u00e7\u00f5es de novas lojas<\/title>\n<meta name=\"description\" content=\"Segundo o P\u00e3o de A\u00e7\u00facar, as proje\u00e7\u00f5es e estimativas apresentadas refletem o atual plano estrat\u00e9gico e financeiro da companhia.\" \/>\n<meta name=\"robots\" content=\"index, follow, max-snippet:-1, max-image-preview:large, max-video-preview:-1\" \/>\n<link rel=\"canonical\" href=\"https:\/\/www.suno.com.br\/noticias\/pao-de-acucar-pcar3-projecoes-gpj\/\" \/>\n<meta property=\"og:locale\" content=\"pt_BR\" \/>\n<meta property=\"og:type\" content=\"article\" \/>\n<meta property=\"og:title\" content=\"P\u00e3o de A\u00e7\u00facar revisa plano de expans\u00e3o e altera proje\u00e7\u00f5es de novas lojas\" \/>\n<meta property=\"og:description\" content=\"Segundo o P\u00e3o de A\u00e7\u00facar, as proje\u00e7\u00f5es e estimativas apresentadas refletem o atual plano estrat\u00e9gico e financeiro da companhia.\" \/>\n<meta property=\"og:url\" content=\"https:\/\/www.suno.com.br\/noticias\/pao-de-acucar-pcar3-projecoes-gpj\/\" \/>\n<meta property=\"og:site_name\" content=\"Suno Not\u00edcias\" \/>\n<meta property=\"article:publisher\" content=\"https:\/\/facebook.com\/sunoresearch\" \/>\n<meta property=\"og:image\" content=\"https:\/\/files.sunoresearch.com.br\/n\/uploads\/2023\/06\/gpa-pcar3-1.jpg\" \/>\n\t<meta property=\"og:image:width\" content=\"1524\" \/>\n\t<meta property=\"og:image:height\" content=\"770\" \/>\n\t<meta property=\"og:image:type\" content=\"image\/jpeg\" \/>\n<meta name=\"author\" content=\"Giovanni Porf\u00edrio Jacomino\" \/>\n<meta name=\"twitter:card\" content=\"summary_large_image\" \/>\n<meta name=\"twitter:creator\" content=\"@sunoresearch\" \/>\n<meta name=\"twitter:site\" content=\"@sunoresearch\" \/>\n<meta name=\"twitter:label1\" content=\"Escrito por\" \/>\n\t<meta name=\"twitter:data1\" content=\"Giovanni Porf\u00edrio Jacomino\" \/>\n\t<meta name=\"twitter:label2\" content=\"Est. tempo de leitura\" \/>\n\t<meta name=\"twitter:data2\" content=\"4 minutos\" \/>\n<script type=\"application\/ld+json\" class=\"yoast-schema-graph\">{\"@context\":\"https:\/\/schema.org\",\"@graph\":[{\"@type\":\"NewsArticle\",\"@id\":\"https:\/\/www.suno.com.br\/noticias\/pao-de-acucar-pcar3-projecoes-gpj\/#article\",\"isPartOf\":{\"@id\":\"https:\/\/www.suno.com.br\/noticias\/pao-de-acucar-pcar3-projecoes-gpj\/\"},\"author\":{\"name\":\"Giovanni Porf\u00edrio Jacomino\",\"@id\":\"https:\/\/www.suno.com.br\/noticias\/#\/schema\/person\/d0f32748bbca4bee871fa191ee4e2d40\"},\"headline\":\"P\u00e3o de A\u00e7\u00facar (PCAR3) revisa plano de expans\u00e3o e altera proje\u00e7\u00f5es de abertura de novas lojas\",\"datePublished\":\"2023-12-12T10:54:56+00:00\",\"dateModified\":\"2023-12-12T10:55:57+00:00\",\"mainEntityOfPage\":{\"@id\":\"https:\/\/www.suno.com.br\/noticias\/pao-de-acucar-pcar3-projecoes-gpj\/\"},\"wordCount\":761,\"publisher\":{\"@id\":\"https:\/\/www.suno.com.br\/noticias\/#organization\"},\"image\":{\"@id\":\"https:\/\/www.suno.com.br\/noticias\/pao-de-acucar-pcar3-projecoes-gpj\/#primaryimage\"},\"thumbnailUrl\":\"https:\/\/files.sunoresearch.com.br\/n\/uploads\/2023\/06\/gpa-pcar3-1.jpg\",\"keywords\":[\"Grupo P\u00e3o de A\u00e7\u00facar (PCAR3\/PCAR4)\"],\"articleSection\":[\"Neg\u00f3cios\"],\"inLanguage\":\"pt-BR\"},{\"@type\":\"WebPage\",\"@id\":\"https:\/\/www.suno.com.br\/noticias\/pao-de-acucar-pcar3-projecoes-gpj\/\",\"url\":\"https:\/\/www.suno.com.br\/noticias\/pao-de-acucar-pcar3-projecoes-gpj\/\",\"name\":\"P\u00e3o de A\u00e7\u00facar revisa plano de expans\u00e3o e altera proje\u00e7\u00f5es de novas lojas\",\"isPartOf\":{\"@id\":\"https:\/\/www.suno.com.br\/noticias\/#website\"},\"primaryImageOfPage\":{\"@id\":\"https:\/\/www.suno.com.br\/noticias\/pao-de-acucar-pcar3-projecoes-gpj\/#primaryimage\"},\"image\":{\"@id\":\"https:\/\/www.suno.com.br\/noticias\/pao-de-acucar-pcar3-projecoes-gpj\/#primaryimage\"},\"thumbnailUrl\":\"https:\/\/files.sunoresearch.com.br\/n\/uploads\/2023\/06\/gpa-pcar3-1.jpg\",\"datePublished\":\"2023-12-12T10:54:56+00:00\",\"dateModified\":\"2023-12-12T10:55:57+00:00\",\"description\":\"Segundo o P\u00e3o de A\u00e7\u00facar, as proje\u00e7\u00f5es e estimativas apresentadas refletem o atual plano estrat\u00e9gico e financeiro da companhia.\",\"breadcrumb\":{\"@id\":\"https:\/\/www.suno.com.br\/noticias\/pao-de-acucar-pcar3-projecoes-gpj\/#breadcrumb\"},\"inLanguage\":\"pt-BR\",\"potentialAction\":[{\"@type\":\"ReadAction\",\"target\":[\"https:\/\/www.suno.com.br\/noticias\/pao-de-acucar-pcar3-projecoes-gpj\/\"]}]},{\"@type\":\"ImageObject\",\"inLanguage\":\"pt-BR\",\"@id\":\"https:\/\/www.suno.com.br\/noticias\/pao-de-acucar-pcar3-projecoes-gpj\/#primaryimage\",\"url\":\"https:\/\/files.sunoresearch.com.br\/n\/uploads\/2023\/06\/gpa-pcar3-1.jpg\",\"contentUrl\":\"https:\/\/files.sunoresearch.com.br\/n\/uploads\/2023\/06\/gpa-pcar3-1.jpg\",\"width\":1524,\"height\":770,\"caption\":\"P\u00e3o de A\u00e7\u00facar (PCAR3) - Foto: Divulga\u00e7\u00e3o.\"},{\"@type\":\"BreadcrumbList\",\"@id\":\"https:\/\/www.suno.com.br\/noticias\/pao-de-acucar-pcar3-projecoes-gpj\/#breadcrumb\",\"itemListElement\":[{\"@type\":\"ListItem\",\"position\":1,\"name\":\"Not\u00edcias\",\"item\":\"https:\/\/www.suno.com.br\/noticias\/\"},{\"@type\":\"ListItem\",\"position\":2,\"name\":\"Neg\u00f3cios\",\"item\":\"https:\/\/www.suno.com.br\/noticias\/negocios\/\"},{\"@type\":\"ListItem\",\"position\":3,\"name\":\"P\u00e3o de A\u00e7\u00facar (PCAR3) revisa plano de expans\u00e3o e altera proje\u00e7\u00f5es de abertura de novas lojas\"}]},{\"@type\":\"WebSite\",\"@id\":\"https:\/\/www.suno.com.br\/noticias\/#website\",\"url\":\"https:\/\/www.suno.com.br\/noticias\/\",\"name\":\"Suno Not\u00edcias\",\"description\":\"Seu portal de informa\u00e7\u00e3o sobre o mundo dos investimentos\",\"publisher\":{\"@id\":\"https:\/\/www.suno.com.br\/noticias\/#organization\"},\"potentialAction\":[{\"@type\":\"SearchAction\",\"target\":{\"@type\":\"EntryPoint\",\"urlTemplate\":\"https:\/\/www.suno.com.br\/noticias\/?s={search_term_string}\"},\"query-input\":{\"@type\":\"PropertyValueSpecification\",\"valueRequired\":true,\"valueName\":\"search_term_string\"}}],\"inLanguage\":\"pt-BR\"},{\"@type\":\"Organization\",\"@id\":\"https:\/\/www.suno.com.br\/noticias\/#organization\",\"name\":\"Suno Not\u00edcias\",\"url\":\"https:\/\/www.suno.com.br\/noticias\/\",\"logo\":{\"@type\":\"ImageObject\",\"inLanguage\":\"pt-BR\",\"@id\":\"https:\/\/www.suno.com.br\/noticias\/#\/schema\/logo\/image\/\",\"url\":\"https:\/\/files.sunoresearch.com.br\/n\/uploads\/2021\/09\/suno-logo.png\",\"contentUrl\":\"https:\/\/files.sunoresearch.com.br\/n\/uploads\/2021\/09\/suno-logo.png\",\"width\":180,\"height\":180,\"caption\":\"Suno Not\u00edcias\"},\"image\":{\"@id\":\"https:\/\/www.suno.com.br\/noticias\/#\/schema\/logo\/image\/\"},\"sameAs\":[\"https:\/\/facebook.com\/sunoresearch\",\"https:\/\/x.com\/sunoresearch\",\"https:\/\/www.instagram.com\/suno\",\"https:\/\/www.linkedin.com\/company\/suno-research\/\",\"https:\/\/www.youtube.com\/c\/sunoresearch\"]},{\"@type\":\"Person\",\"@id\":\"https:\/\/www.suno.com.br\/noticias\/#\/schema\/person\/d0f32748bbca4bee871fa191ee4e2d40\",\"name\":\"Giovanni Porf\u00edrio Jacomino\",\"image\":{\"@type\":\"ImageObject\",\"inLanguage\":\"pt-BR\",\"@id\":\"https:\/\/www.suno.com.br\/noticias\/#\/schema\/person\/image\/\",\"url\":\"https:\/\/secure.gravatar.com\/avatar\/efb32e19b730a121cb7a80f41ffec01a?s=96&r=g\",\"contentUrl\":\"https:\/\/secure.gravatar.com\/avatar\/efb32e19b730a121cb7a80f41ffec01a?s=96&r=g\",\"caption\":\"Giovanni Porf\u00edrio Jacomino\"},\"description\":\"Giovanni Porf\u00edrio Jacomino \u00e9 jornalista formado pela Universidade Estadual de Londrina (UEL) e p\u00f3s-graduado em Produ\u00e7\u00e3o e Pr\u00e1ticas Jornal\u00edsticas na Contemporaneidade na Faculdade C\u00e1sper L\u00edbero (FCL). Foi editor web no Startupi e no Finsiders, atuando ainda como editor no TC Mover, portal de not\u00edcias da TradersClub, fazendo a cobertura de assuntos relacionados ao mercado financeiro interno e externo. Atualmente, \u00e9 Rep\u00f3rter do Suno Not\u00edcias.\",\"url\":\"https:\/\/www.suno.com.br\/noticias\/author\/giovanni-porfiriosuno-com-br\/\"}]}<\/script>\n<!-- \/ Yoast SEO plugin. -->","yoast_head_json":{"title":"P\u00e3o de A\u00e7\u00facar revisa plano de expans\u00e3o e altera proje\u00e7\u00f5es de novas lojas","description":"Segundo o P\u00e3o de A\u00e7\u00facar, as proje\u00e7\u00f5es e estimativas apresentadas refletem o atual plano estrat\u00e9gico e financeiro da companhia.","robots":{"index":"index","follow":"follow","max-snippet":"max-snippet:-1","max-image-preview":"max-image-preview:large","max-video-preview":"max-video-preview:-1"},"canonical":"https:\/\/www.suno.com.br\/noticias\/pao-de-acucar-pcar3-projecoes-gpj\/","og_locale":"pt_BR","og_type":"article","og_title":"P\u00e3o de A\u00e7\u00facar revisa plano de expans\u00e3o e altera proje\u00e7\u00f5es de novas lojas","og_description":"Segundo o P\u00e3o de A\u00e7\u00facar, as proje\u00e7\u00f5es e estimativas apresentadas refletem o atual plano estrat\u00e9gico e financeiro da companhia.","og_url":"https:\/\/www.suno.com.br\/noticias\/pao-de-acucar-pcar3-projecoes-gpj\/","og_site_name":"Suno Not\u00edcias","article_publisher":"https:\/\/facebook.com\/sunoresearch","og_image":[{"width":1524,"height":770,"url":"https:\/\/files.sunoresearch.com.br\/n\/uploads\/2023\/06\/gpa-pcar3-1.jpg","type":"image\/jpeg"}],"author":"Giovanni Porf\u00edrio Jacomino","twitter_card":"summary_large_image","twitter_creator":"@sunoresearch","twitter_site":"@sunoresearch","twitter_misc":{"Escrito por":"Giovanni Porf\u00edrio Jacomino","Est. tempo de leitura":"4 minutos"},"schema":{"@context":"https:\/\/schema.org","@graph":[{"@type":"NewsArticle","@id":"https:\/\/www.suno.com.br\/noticias\/pao-de-acucar-pcar3-projecoes-gpj\/#article","isPartOf":{"@id":"https:\/\/www.suno.com.br\/noticias\/pao-de-acucar-pcar3-projecoes-gpj\/"},"author":{"name":"Giovanni Porf\u00edrio Jacomino","@id":"https:\/\/www.suno.com.br\/noticias\/#\/schema\/person\/d0f32748bbca4bee871fa191ee4e2d40"},"headline":"P\u00e3o de A\u00e7\u00facar (PCAR3) revisa plano de expans\u00e3o e altera proje\u00e7\u00f5es de abertura de novas lojas","datePublished":"2023-12-12T10:54:56+00:00","dateModified":"2023-12-12T10:55:57+00:00","mainEntityOfPage":{"@id":"https:\/\/www.suno.com.br\/noticias\/pao-de-acucar-pcar3-projecoes-gpj\/"},"wordCount":761,"publisher":{"@id":"https:\/\/www.suno.com.br\/noticias\/#organization"},"image":{"@id":"https:\/\/www.suno.com.br\/noticias\/pao-de-acucar-pcar3-projecoes-gpj\/#primaryimage"},"thumbnailUrl":"https:\/\/files.sunoresearch.com.br\/n\/uploads\/2023\/06\/gpa-pcar3-1.jpg","keywords":["Grupo P\u00e3o de A\u00e7\u00facar (PCAR3\/PCAR4)"],"articleSection":["Neg\u00f3cios"],"inLanguage":"pt-BR"},{"@type":"WebPage","@id":"https:\/\/www.suno.com.br\/noticias\/pao-de-acucar-pcar3-projecoes-gpj\/","url":"https:\/\/www.suno.com.br\/noticias\/pao-de-acucar-pcar3-projecoes-gpj\/","name":"P\u00e3o de A\u00e7\u00facar revisa plano de expans\u00e3o e altera proje\u00e7\u00f5es de novas lojas","isPartOf":{"@id":"https:\/\/www.suno.com.br\/noticias\/#website"},"primaryImageOfPage":{"@id":"https:\/\/www.suno.com.br\/noticias\/pao-de-acucar-pcar3-projecoes-gpj\/#primaryimage"},"image":{"@id":"https:\/\/www.suno.com.br\/noticias\/pao-de-acucar-pcar3-projecoes-gpj\/#primaryimage"},"thumbnailUrl":"https:\/\/files.sunoresearch.com.br\/n\/uploads\/2023\/06\/gpa-pcar3-1.jpg","datePublished":"2023-12-12T10:54:56+00:00","dateModified":"2023-12-12T10:55:57+00:00","description":"Segundo o P\u00e3o de A\u00e7\u00facar, as proje\u00e7\u00f5es e estimativas apresentadas refletem o atual plano estrat\u00e9gico e financeiro da companhia.","breadcrumb":{"@id":"https:\/\/www.suno.com.br\/noticias\/pao-de-acucar-pcar3-projecoes-gpj\/#breadcrumb"},"inLanguage":"pt-BR","potentialAction":[{"@type":"ReadAction","target":["https:\/\/www.suno.com.br\/noticias\/pao-de-acucar-pcar3-projecoes-gpj\/"]}]},{"@type":"ImageObject","inLanguage":"pt-BR","@id":"https:\/\/www.suno.com.br\/noticias\/pao-de-acucar-pcar3-projecoes-gpj\/#primaryimage","url":"https:\/\/files.sunoresearch.com.br\/n\/uploads\/2023\/06\/gpa-pcar3-1.jpg","contentUrl":"https:\/\/files.sunoresearch.com.br\/n\/uploads\/2023\/06\/gpa-pcar3-1.jpg","width":1524,"height":770,"caption":"P\u00e3o de A\u00e7\u00facar (PCAR3) - Foto: Divulga\u00e7\u00e3o."},{"@type":"BreadcrumbList","@id":"https:\/\/www.suno.com.br\/noticias\/pao-de-acucar-pcar3-projecoes-gpj\/#breadcrumb","itemListElement":[{"@type":"ListItem","position":1,"name":"Not\u00edcias","item":"https:\/\/www.suno.com.br\/noticias\/"},{"@type":"ListItem","position":2,"name":"Neg\u00f3cios","item":"https:\/\/www.suno.com.br\/noticias\/negocios\/"},{"@type":"ListItem","position":3,"name":"P\u00e3o de A\u00e7\u00facar (PCAR3) revisa plano de expans\u00e3o e altera proje\u00e7\u00f5es de abertura de novas lojas"}]},{"@type":"WebSite","@id":"https:\/\/www.suno.com.br\/noticias\/#website","url":"https:\/\/www.suno.com.br\/noticias\/","name":"Suno Not\u00edcias","description":"Seu portal de informa\u00e7\u00e3o sobre o mundo dos investimentos","publisher":{"@id":"https:\/\/www.suno.com.br\/noticias\/#organization"},"potentialAction":[{"@type":"SearchAction","target":{"@type":"EntryPoint","urlTemplate":"https:\/\/www.suno.com.br\/noticias\/?s={search_term_string}"},"query-input":{"@type":"PropertyValueSpecification","valueRequired":true,"valueName":"search_term_string"}}],"inLanguage":"pt-BR"},{"@type":"Organization","@id":"https:\/\/www.suno.com.br\/noticias\/#organization","name":"Suno Not\u00edcias","url":"https:\/\/www.suno.com.br\/noticias\/","logo":{"@type":"ImageObject","inLanguage":"pt-BR","@id":"https:\/\/www.suno.com.br\/noticias\/#\/schema\/logo\/image\/","url":"https:\/\/files.sunoresearch.com.br\/n\/uploads\/2021\/09\/suno-logo.png","contentUrl":"https:\/\/files.sunoresearch.com.br\/n\/uploads\/2021\/09\/suno-logo.png","width":180,"height":180,"caption":"Suno Not\u00edcias"},"image":{"@id":"https:\/\/www.suno.com.br\/noticias\/#\/schema\/logo\/image\/"},"sameAs":["https:\/\/facebook.com\/sunoresearch","https:\/\/x.com\/sunoresearch","https:\/\/www.instagram.com\/suno","https:\/\/www.linkedin.com\/company\/suno-research\/","https:\/\/www.youtube.com\/c\/sunoresearch"]},{"@type":"Person","@id":"https:\/\/www.suno.com.br\/noticias\/#\/schema\/person\/d0f32748bbca4bee871fa191ee4e2d40","name":"Giovanni Porf\u00edrio Jacomino","image":{"@type":"ImageObject","inLanguage":"pt-BR","@id":"https:\/\/www.suno.com.br\/noticias\/#\/schema\/person\/image\/","url":"https:\/\/secure.gravatar.com\/avatar\/efb32e19b730a121cb7a80f41ffec01a?s=96&r=g","contentUrl":"https:\/\/secure.gravatar.com\/avatar\/efb32e19b730a121cb7a80f41ffec01a?s=96&r=g","caption":"Giovanni Porf\u00edrio Jacomino"},"description":"Giovanni Porf\u00edrio Jacomino \u00e9 jornalista formado pela Universidade Estadual de Londrina (UEL) e p\u00f3s-graduado em Produ\u00e7\u00e3o e Pr\u00e1ticas Jornal\u00edsticas na Contemporaneidade na Faculdade C\u00e1sper L\u00edbero (FCL). Foi editor web no Startupi e no Finsiders, atuando ainda como editor no TC Mover, portal de not\u00edcias da TradersClub, fazendo a cobertura de assuntos relacionados ao mercado financeiro interno e externo. Atualmente, \u00e9 Rep\u00f3rter do Suno Not\u00edcias.","url":"https:\/\/www.suno.com.br\/noticias\/author\/giovanni-porfiriosuno-com-br\/"}]}},"default_loop_html":"<div class=\"cardsPage__listCard__boxs\"><div class=\"cardsPage__listCard__boxs__img\"><a href=\"https:\/\/www.suno.com.br\/noticias\/pao-de-acucar-pcar3-projecoes-gpj\/\"><img class=\"mask\" src=\"https:\/\/www.suno.com.br\/noticias\/wp-content\/themes\/suno\/resources\/images\/spotlight\/spotlight1img\/bg-mask.png\" alt=\"Image Mask\"\/><img src=\"https:\/\/files.sunoresearch.com.br\/n\/uploads\/2023\/06\/gpa-pcar3-1-400x200.jpg\" alt=\"P\u00e3o de A\u00e7\u00facar (PCAR3) revisa plano de expans\u00e3o e altera proje\u00e7\u00f5es de abertura de novas lojas\"\/><\/a><span class=\"spotlightCategory\"><a href=\"https:\/\/www.suno.com.br\/noticias\/negocios\/\">Neg\u00f3cios<\/a><\/span><\/div><div class=\"cardsPage__listCard__boxs__content\"><a href=\"https:\/\/www.suno.com.br\/noticias\/pao-de-acucar-pcar3-projecoes-gpj\/\"><h2 class=\"content__title\">P\u00e3o de A\u00e7\u00facar (PCAR3) revisa plano de expans\u00e3o e altera proje\u00e7\u00f5es de abertura de novas lojas<\/h2><\/a><div class=\"newsContent__article__meta\"><div class=\"newsContent__article__meta__authorBox\"><a href=\"https:\/\/www.suno.com.br\/noticias\/author\/giovanni-porfiriosuno-com-br\/\" class=\"authorBox__avatar noMobi\"><img src=\"https:\/\/files.sunoresearch.com.br\/n\/uploads\/2024\/05\/DSCF4115-1-1-150x150.webp\" alt=\"Giovanni Porf\u00edrio Jacomino\"><\/a><div class=\"authorBox__name\"><span>por\n\t\t\t<a href=\"https:\/\/www.suno.com.br\/noticias\/author\/giovanni-porfiriosuno-com-br\/\"><span itemprop=\"author\">Giovanni Porf\u00edrio Jacomino<\/span><\/a><\/span><time datetime=\"2023-12-12T07:54:56-03:00\" itemprop=\"datePublished\">12\/12\/2023 07:54<\/time><\/div><\/div><\/div><\/div><\/div>","single_layout":"posts","amp_enabled":true,"_links":{"self":[{"href":"https:\/\/www.suno.com.br\/noticias\/wp-json\/wp\/v2\/posts\/498688"}],"collection":[{"href":"https:\/\/www.suno.com.br\/noticias\/wp-json\/wp\/v2\/posts"}],"about":[{"href":"https:\/\/www.suno.com.br\/noticias\/wp-json\/wp\/v2\/types\/post"}],"author":[{"embeddable":true,"href":"https:\/\/www.suno.com.br\/noticias\/wp-json\/wp\/v2\/users\/313"}],"replies":[{"embeddable":true,"href":"https:\/\/www.suno.com.br\/noticias\/wp-json\/wp\/v2\/comments?post=498688"}],"version-history":[{"count":2,"href":"https:\/\/www.suno.com.br\/noticias\/wp-json\/wp\/v2\/posts\/498688\/revisions"}],"predecessor-version":[{"id":498697,"href":"https:\/\/www.suno.com.br\/noticias\/wp-json\/wp\/v2\/posts\/498688\/revisions\/498697"}],"wp:featuredmedia":[{"embeddable":true,"href":"https:\/\/www.suno.com.br\/noticias\/wp-json\/wp\/v2\/media\/422765"}],"wp:attachment":[{"href":"https:\/\/www.suno.com.br\/noticias\/wp-json\/wp\/v2\/media?parent=498688"}],"wp:term":[{"taxonomy":"category","embeddable":true,"href":"https:\/\/www.suno.com.br\/noticias\/wp-json\/wp\/v2\/categories?post=498688"},{"taxonomy":"post_tag","embeddable":true,"href":"https:\/\/www.suno.com.br\/noticias\/wp-json\/wp\/v2\/tags?post=498688"},{"taxonomy":"suno_strategy","embeddable":true,"href":"https:\/\/www.suno.com.br\/noticias\/wp-json\/wp\/v2\/suno_strategy?post=498688"}],"curies":[{"name":"wp","href":"https:\/\/api.w.org\/{rel}","templated":true}]}}