{"id":49866,"date":"2020-01-15T21:39:33","date_gmt":"2020-01-15T23:39:33","guid":{"rendered":"https:\/\/www.suno.com.br\/noticias\/?p=49866"},"modified":"2021-02-18T19:54:57","modified_gmt":"2021-02-18T22:54:57","slug":"anp-diretor-geral-fim-mandato","status":"publish","type":"post","link":"https:\/\/www.suno.com.br\/noticias\/anp-diretor-geral-fim-mandato\/","title":{"rendered":"ANP: Diretor-geral pede para antecipar fim de seu mandato"},"content":{"rendered":"<p>O diretor-geral da <strong>Ag\u00eancia Nacional do Petr\u00f3leo, G\u00e1s Natural e Biocombust\u00edveis <\/strong>(<strong>ANP<\/strong>), D\u00e9cio Oddone, enviou nesta quarta-feira (15) uma carta ao presidente Jair Bolsonaro em que decide antecipar o fim de seu mandato, que terminaria em dezembro de 2020. Oddone afirma que permanecer\u00e1 no cargo at\u00e9 a aprova\u00e7\u00e3o de um substituto.<\/p>\t<div class=\"wrapper-featured-image\">\n\t\t<figure class=\"spotlightImg\">\n\n\t\t\t<picture>\n\t\t\t\t<source media=\"(max-width: 768px)\" srcset=\"https:\/\/files.sunoresearch.com.br\/n\/uploads\/2020\/01\/852eac2d-d\u00e9cio-oddone-400x200.webp\">\n\t\t\t\t<img loading=\"lazy\" decoding=\"async\" class=\"newsContent__article__imgCapa lazyloadDisabled newsContent__article__imgCapa--noCaption\" src=\"https:\/\/files.sunoresearch.com.br\/n\/uploads\/2020\/01\/852eac2d-d\u00e9cio-oddone-800x450.webp\" width=\"800\" height=\"450\" alt=\"ANP: Diretor-geral pede para antecipar fim de seu mandato\" fetchpriority=high \/>\n\t\t\t<\/picture>\n\n\t\t\t<figcaption class=\"wp-caption-text wp-caption-text--hide\">ANP: Diretor-geral pede para antecipar fim de seu mandato<\/figcaption>\n\t\t<\/figure>\n\t<\/div>\n\n\n\n<p>O executivo listou em sua carta diversas realiza\u00e7\u00f5es de seu mandato na ANP, que come\u00e7ou em 2016, afirmando ter cumprido sua miss\u00e3o e de que agora uma nova fase se inicia.<\/p>\n<p>&#8220;O processo de grandes mudan\u00e7as no setor, do qual participei com afinco, encerrou-se com os \u00faltimos leil\u00f5es e a identifica\u00e7\u00e3o das a\u00e7\u00f5es necess\u00e1rias para eliminar as restri\u00e7\u00f5es regulat\u00f3rias e estimular a competi\u00e7\u00e3o nos setores de abastecimento, de distribui\u00e7\u00e3o e revenda de combust\u00edveis automotivos e de avia\u00e7\u00e3o, de g\u00e1s de cozinha e de g\u00e1s natural.&#8221;, afirmou o executivo.<\/p>\n<p>Oddone tamb\u00e9m declarou: \u201cComo o tempo dos mandatos nem sempre casa com os ciclos de mudan\u00e7a, acredito que seja hora de iniciar o processo de composi\u00e7\u00e3o da diretoria colegiada que dever\u00e1 aprovar as altera\u00e7\u00f5es regulat\u00f3rias que v\u00e3o sustentar as transforma\u00e7\u00f5es que come\u00e7amos a construir\u201d.<\/p>\n<p>&#8220;Diferentes desafios demandam profissionais com caracter\u00edsticas distintas. N\u00e3o houve altera\u00e7\u00f5es na composi\u00e7\u00e3o da diretoria colegiada da ANP em 2019. No entanto, tr\u00eas novos diretores dever\u00e3o ser nomeados em 2020.&#8221;, completou o executivo em comunicado.<\/p>\n<h2>Leil\u00e3o da ANP<\/h2>\n<p>As duas empresas asi\u00e1ticas Petronas, da Mal\u00e1sia, e QPI, do Qatar, protagonizaram a 16\u00aa rodada de licita\u00e7\u00f5es de blocos de explora\u00e7\u00e3o de \u00f3leo e g\u00e1s da Ag\u00eancia Nacional do Petr\u00f3leo (ANP), em outubro do ano passado.<\/p>\n<p>Juntas, Petronas e QPI investiram R$ 3,72 bilh\u00f5es na aquisi\u00e7\u00e3o de ativos no leil\u00e3o. O montante \u00e9 equivalente a 43% da arrecada\u00e7\u00e3o da rodada, que ficou em R$ 8,915 bilh\u00f5es. Esse valor total tamb\u00e9m quebrou um recorde para um leil\u00e3o de concess\u00e3o.<\/p>\n<p><a href=\"https:\/\/www.suno.com.br\/noticias\/asiaticas-petronas-e-qpi-se-destacam-em-leilao-da-anp\/\">Saiba mais: Asi\u00e1ticas Petronas e QPI se destacam em leil\u00e3o da ANP<\/a><\/p>\n<p>A Petronas investiu R$ 1,945 bilh\u00e3o para ter tr\u00eas blocos na Bacia de Campos. Com isso, a empresa da Mal\u00e1sia estreou na atividade de explora\u00e7\u00e3o de \u00f3leo e g\u00e1s no Pa\u00eds. A empresa asi\u00e1tica avalia, h\u00e1 alguns anos, fazer aquisi\u00e7\u00f5es no Brasil. Em abril deste ano, a empresa fez um acordo, junto a Petrobras,para obter 50% dos campos de Tartaruga Verde e M\u00f3dulo III de Espadarte. O valor do acordo feito com a estatal brasileira ficou em US$ 1,29 bilh\u00e3o.<\/p>\n<p>Atualmente os ativos negociados pela asi\u00e1tica no come\u00e7o do segundo trimestre produzem aproximadamente 120 mil barris\/dia. Entretanto, o neg\u00f3cio n\u00e3o foi fechado ainda.<\/p>\n\t<p>\n\t\t<a href=\"https:\/\/lp.suno.com.br\/ao\/servico-especializado-suno-tf\/?utm_source=adwords&#038;utm_medium=search&#038;utm_campaign=search.servico.funilconsultoria&#038;utm_content=1147_responsivo-a&#038;hsa_acc=2326072784&#038;hsa_cam=18022897917&#038;hsa_grp=141470255993&#038;hsa_ad=616145467912&#038;hsa_src=g&#038;hsa_tgt=kwd-303658942458&#038;hsa_kw=gestora+de+investimentos&#038;hsa_mt=b&#038;hsa_net=adwords&#038;hsa_ver=3&#038;gad_source=1&#038;gclid=CjwKCAjw1emzBhB8EiwAHwZZxQMvA3xJVRzLGZ70LmuSzR55X-KvxijSay8c5Hm88Sznnq97j8XbORoC-sMQAvD_BwE\" target=\"_blank\" data-element=\"shortcode-suno-banner\" title=\"Banner SUNO, clique e saiba mais\">\n\t\t\t<picture>\n\t\t\t\t<source media=\"(max-width: 500px)\" srcset=\"https:\/\/files.sunoresearch.com.br\/n\/uploads\/2024\/06\/400x300-Mobile-Artigos-5.png\">\n\t\t\t\t<img class=\"newsContent__article__imgCapa newsContent__article__imgCapa--banner\"\n\t\t\t\t\tsrc=\"https:\/\/files.sunoresearch.com.br\/n\/uploads\/2024\/06\/1420x240-Banner-Artigos-1-_-Banner-Materias-3.png\"\n\t\t\t\t\tdata-promo-id=\"563605\"\t\t\t\t\t\t\t\t\t\twidth='1420' height='240'\t\t\t\t\talt=\"https:\/\/files.sunoresearch.com.br\/n\/uploads\/2024\/06\/1420x240-Banner-Artigos-1-_-Banner-Materias-3.png\"\n\t\t\t\t>\n\t\t\t<\/picture>\n\t\t<\/a>\n\t<\/p>\n\n\n<p>Desde 2017, a empresa asi\u00e1tica buscava oportunidades em leil\u00f5es da <strong>ANP<\/strong>. Em 2013, a petroleira at\u00e9 fechou um acordo com a OGX para ter 40% do campo de Tubar\u00e3o Martelo, na Bacia de Campos, por\u00e9m o neg\u00f3cio n\u00e3o foi adiante por uma desist\u00eancia. Isso se deu devido ao fato da petroleira OGX, de Eike Batista, ter entrado em recupera\u00e7\u00e3o judicial.<\/p>\n\n","protected":false},"excerpt":{"rendered":"<p>O diretor-geral da Ag\u00eancia Nacional do Petr\u00f3leo, G\u00e1s Natural e Biocombust\u00edveis (ANP), D\u00e9cio Oddone, enviou nesta quarta-feira (15) uma carta ao presidente Jair Bolsonaro em que decide antecipar o fim de seu mandato, que terminaria em dezembro de 2020. Oddone afirma que permanecer\u00e1 no cargo at\u00e9 a aprova\u00e7\u00e3o de um substituto. ANP: Diretor-geral pede para [&hellip;]<\/p>\n","protected":false},"author":23,"featured_media":49867,"comment_status":"closed","ping_status":"closed","sticky":false,"template":"","format":"standard","meta":[],"categories":[64],"tags":[764,2107],"suno_strategy":[],"class_list":["post-49866","post","type-post","status-publish","format-standard","has-post-thumbnail","hentry","category-negocios","tag-anp","tag-petronas"],"yoast_head":"<!-- This site is optimized with the Yoast SEO plugin v24.4 - https:\/\/yoast.com\/wordpress\/plugins\/seo\/ -->\n<title>ANP: Diretor-geral pede para antecipar fim de seu mandato<\/title>\n<meta name=\"description\" content=\"O diretor-geral da ANP decidiu antecipar o fim de seu mandato, que terminaria em dezembro de 2020. Clique aqui para saber mais.\" \/>\n<meta name=\"robots\" content=\"index, follow, max-snippet:-1, max-image-preview:large, max-video-preview:-1\" \/>\n<link rel=\"canonical\" href=\"https:\/\/www.suno.com.br\/noticias\/anp-diretor-geral-fim-mandato\/\" \/>\n<meta property=\"og:locale\" content=\"pt_BR\" \/>\n<meta property=\"og:type\" content=\"article\" \/>\n<meta property=\"og:title\" content=\"ANP: Diretor-geral pede para antecipar fim de seu mandato\" \/>\n<meta property=\"og:description\" content=\"O diretor-geral da ANP decidiu antecipar o fim de seu mandato, que terminaria em dezembro de 2020. Clique aqui para saber mais.\" \/>\n<meta property=\"og:url\" content=\"https:\/\/www.suno.com.br\/noticias\/anp-diretor-geral-fim-mandato\/\" \/>\n<meta property=\"og:site_name\" content=\"Suno Not\u00edcias\" \/>\n<meta property=\"article:publisher\" content=\"https:\/\/facebook.com\/sunoresearch\" \/>\n<meta property=\"og:image\" content=\"https:\/\/files.sunoresearch.com.br\/n\/uploads\/2020\/01\/852eac2d-d\u00e9cio-oddone.jpg\" \/>\n\t<meta property=\"og:image:width\" content=\"1140\" \/>\n\t<meta property=\"og:image:height\" content=\"760\" \/>\n\t<meta property=\"og:image:type\" content=\"image\/jpeg\" \/>\n<meta name=\"author\" content=\"Rafael Lara\" \/>\n<meta name=\"twitter:card\" content=\"summary_large_image\" \/>\n<meta name=\"twitter:creator\" content=\"@sunoresearch\" \/>\n<meta name=\"twitter:site\" content=\"@sunoresearch\" \/>\n<meta name=\"twitter:label1\" content=\"Escrito por\" \/>\n\t<meta name=\"twitter:data1\" content=\"Rafael Lara\" \/>\n\t<meta name=\"twitter:label2\" content=\"Est. tempo de leitura\" \/>\n\t<meta name=\"twitter:data2\" content=\"3 minutos\" \/>\n<script type=\"application\/ld+json\" class=\"yoast-schema-graph\">{\"@context\":\"https:\/\/schema.org\",\"@graph\":[{\"@type\":\"NewsArticle\",\"@id\":\"https:\/\/www.suno.com.br\/noticias\/anp-diretor-geral-fim-mandato\/#article\",\"isPartOf\":{\"@id\":\"https:\/\/www.suno.com.br\/noticias\/anp-diretor-geral-fim-mandato\/\"},\"author\":{\"name\":\"Rafael Lara\",\"@id\":\"https:\/\/www.suno.com.br\/noticias\/#\/schema\/person\/098743caeed97b37f51315c9576c4078\"},\"headline\":\"ANP: Diretor-geral pede para antecipar fim de seu mandato\",\"datePublished\":\"2020-01-15T23:39:33+00:00\",\"dateModified\":\"2021-02-18T22:54:57+00:00\",\"mainEntityOfPage\":{\"@id\":\"https:\/\/www.suno.com.br\/noticias\/anp-diretor-geral-fim-mandato\/\"},\"wordCount\":554,\"publisher\":{\"@id\":\"https:\/\/www.suno.com.br\/noticias\/#organization\"},\"image\":{\"@id\":\"https:\/\/www.suno.com.br\/noticias\/anp-diretor-geral-fim-mandato\/#primaryimage\"},\"thumbnailUrl\":\"https:\/\/files.sunoresearch.com.br\/n\/uploads\/2020\/01\/852eac2d-d\u00e9cio-oddone-jpg.webp\",\"keywords\":[\"ANP\",\"Petronas\"],\"articleSection\":[\"Neg\u00f3cios\"],\"inLanguage\":\"pt-BR\"},{\"@type\":\"WebPage\",\"@id\":\"https:\/\/www.suno.com.br\/noticias\/anp-diretor-geral-fim-mandato\/\",\"url\":\"https:\/\/www.suno.com.br\/noticias\/anp-diretor-geral-fim-mandato\/\",\"name\":\"ANP: Diretor-geral pede para antecipar fim de seu mandato\",\"isPartOf\":{\"@id\":\"https:\/\/www.suno.com.br\/noticias\/#website\"},\"primaryImageOfPage\":{\"@id\":\"https:\/\/www.suno.com.br\/noticias\/anp-diretor-geral-fim-mandato\/#primaryimage\"},\"image\":{\"@id\":\"https:\/\/www.suno.com.br\/noticias\/anp-diretor-geral-fim-mandato\/#primaryimage\"},\"thumbnailUrl\":\"https:\/\/files.sunoresearch.com.br\/n\/uploads\/2020\/01\/852eac2d-d\u00e9cio-oddone-jpg.webp\",\"datePublished\":\"2020-01-15T23:39:33+00:00\",\"dateModified\":\"2021-02-18T22:54:57+00:00\",\"description\":\"O diretor-geral da ANP decidiu antecipar o fim de seu mandato, que terminaria em dezembro de 2020. Clique aqui para saber mais.\",\"breadcrumb\":{\"@id\":\"https:\/\/www.suno.com.br\/noticias\/anp-diretor-geral-fim-mandato\/#breadcrumb\"},\"inLanguage\":\"pt-BR\",\"potentialAction\":[{\"@type\":\"ReadAction\",\"target\":[\"https:\/\/www.suno.com.br\/noticias\/anp-diretor-geral-fim-mandato\/\"]}]},{\"@type\":\"ImageObject\",\"inLanguage\":\"pt-BR\",\"@id\":\"https:\/\/www.suno.com.br\/noticias\/anp-diretor-geral-fim-mandato\/#primaryimage\",\"url\":\"https:\/\/files.sunoresearch.com.br\/n\/uploads\/2020\/01\/852eac2d-d\u00e9cio-oddone-jpg.webp\",\"contentUrl\":\"https:\/\/files.sunoresearch.com.br\/n\/uploads\/2020\/01\/852eac2d-d\u00e9cio-oddone-jpg.webp\",\"width\":1140,\"height\":760,\"caption\":\"ANP: Diretor-geral pede para antecipar fim de seu mandato\"},{\"@type\":\"BreadcrumbList\",\"@id\":\"https:\/\/www.suno.com.br\/noticias\/anp-diretor-geral-fim-mandato\/#breadcrumb\",\"itemListElement\":[{\"@type\":\"ListItem\",\"position\":1,\"name\":\"Not\u00edcias\",\"item\":\"https:\/\/www.suno.com.br\/noticias\/\"},{\"@type\":\"ListItem\",\"position\":2,\"name\":\"Neg\u00f3cios\",\"item\":\"https:\/\/www.suno.com.br\/noticias\/negocios\/\"},{\"@type\":\"ListItem\",\"position\":3,\"name\":\"ANP: Diretor-geral pede para antecipar fim de seu mandato\"}]},{\"@type\":\"WebSite\",\"@id\":\"https:\/\/www.suno.com.br\/noticias\/#website\",\"url\":\"https:\/\/www.suno.com.br\/noticias\/\",\"name\":\"Suno Not\u00edcias\",\"description\":\"Seu portal de informa\u00e7\u00e3o sobre o mundo dos investimentos\",\"publisher\":{\"@id\":\"https:\/\/www.suno.com.br\/noticias\/#organization\"},\"potentialAction\":[{\"@type\":\"SearchAction\",\"target\":{\"@type\":\"EntryPoint\",\"urlTemplate\":\"https:\/\/www.suno.com.br\/noticias\/?s={search_term_string}\"},\"query-input\":{\"@type\":\"PropertyValueSpecification\",\"valueRequired\":true,\"valueName\":\"search_term_string\"}}],\"inLanguage\":\"pt-BR\"},{\"@type\":\"Organization\",\"@id\":\"https:\/\/www.suno.com.br\/noticias\/#organization\",\"name\":\"Suno Not\u00edcias\",\"url\":\"https:\/\/www.suno.com.br\/noticias\/\",\"logo\":{\"@type\":\"ImageObject\",\"inLanguage\":\"pt-BR\",\"@id\":\"https:\/\/www.suno.com.br\/noticias\/#\/schema\/logo\/image\/\",\"url\":\"https:\/\/files.sunoresearch.com.br\/n\/uploads\/2021\/09\/suno-logo.png\",\"contentUrl\":\"https:\/\/files.sunoresearch.com.br\/n\/uploads\/2021\/09\/suno-logo.png\",\"width\":180,\"height\":180,\"caption\":\"Suno Not\u00edcias\"},\"image\":{\"@id\":\"https:\/\/www.suno.com.br\/noticias\/#\/schema\/logo\/image\/\"},\"sameAs\":[\"https:\/\/facebook.com\/sunoresearch\",\"https:\/\/x.com\/sunoresearch\",\"https:\/\/www.instagram.com\/suno\",\"https:\/\/www.linkedin.com\/company\/suno-research\/\",\"https:\/\/www.youtube.com\/c\/sunoresearch\"]},{\"@type\":\"Person\",\"@id\":\"https:\/\/www.suno.com.br\/noticias\/#\/schema\/person\/098743caeed97b37f51315c9576c4078\",\"name\":\"Rafael Lara\",\"image\":{\"@type\":\"ImageObject\",\"inLanguage\":\"pt-BR\",\"@id\":\"https:\/\/www.suno.com.br\/noticias\/#\/schema\/person\/image\/\",\"url\":\"https:\/\/secure.gravatar.com\/avatar\/dfc254ab9bb2ea1895d98b9e9dae4bdd?s=96&r=g\",\"contentUrl\":\"https:\/\/secure.gravatar.com\/avatar\/dfc254ab9bb2ea1895d98b9e9dae4bdd?s=96&r=g\",\"caption\":\"Rafael Lara\"},\"description\":\"Rafael Lara cursa jornalismo na Faculdade C\u00e1sper L\u00edbero. Escreve sobre pol\u00edtica, economia e neg\u00f3cios para o portal Suno Not\u00edcias. Antes, colaborou na TV Gazeta na produ\u00e7\u00e3o do programa Edi\u00e7\u00e3o Extra.\",\"url\":\"https:\/\/www.suno.com.br\/noticias\/author\/rafael\/\"}]}<\/script>\n<!-- \/ Yoast SEO plugin. -->","yoast_head_json":{"title":"ANP: Diretor-geral pede para antecipar fim de seu mandato","description":"O diretor-geral da ANP decidiu antecipar o fim de seu mandato, que terminaria em dezembro de 2020. Clique aqui para saber mais.","robots":{"index":"index","follow":"follow","max-snippet":"max-snippet:-1","max-image-preview":"max-image-preview:large","max-video-preview":"max-video-preview:-1"},"canonical":"https:\/\/www.suno.com.br\/noticias\/anp-diretor-geral-fim-mandato\/","og_locale":"pt_BR","og_type":"article","og_title":"ANP: Diretor-geral pede para antecipar fim de seu mandato","og_description":"O diretor-geral da ANP decidiu antecipar o fim de seu mandato, que terminaria em dezembro de 2020. Clique aqui para saber mais.","og_url":"https:\/\/www.suno.com.br\/noticias\/anp-diretor-geral-fim-mandato\/","og_site_name":"Suno Not\u00edcias","article_publisher":"https:\/\/facebook.com\/sunoresearch","og_image":[{"width":1140,"height":760,"url":"https:\/\/files.sunoresearch.com.br\/n\/uploads\/2020\/01\/852eac2d-d\u00e9cio-oddone.jpg","type":"image\/jpeg"}],"author":"Rafael Lara","twitter_card":"summary_large_image","twitter_creator":"@sunoresearch","twitter_site":"@sunoresearch","twitter_misc":{"Escrito por":"Rafael Lara","Est. tempo de leitura":"3 minutos"},"schema":{"@context":"https:\/\/schema.org","@graph":[{"@type":"NewsArticle","@id":"https:\/\/www.suno.com.br\/noticias\/anp-diretor-geral-fim-mandato\/#article","isPartOf":{"@id":"https:\/\/www.suno.com.br\/noticias\/anp-diretor-geral-fim-mandato\/"},"author":{"name":"Rafael Lara","@id":"https:\/\/www.suno.com.br\/noticias\/#\/schema\/person\/098743caeed97b37f51315c9576c4078"},"headline":"ANP: Diretor-geral pede para antecipar fim de seu mandato","datePublished":"2020-01-15T23:39:33+00:00","dateModified":"2021-02-18T22:54:57+00:00","mainEntityOfPage":{"@id":"https:\/\/www.suno.com.br\/noticias\/anp-diretor-geral-fim-mandato\/"},"wordCount":554,"publisher":{"@id":"https:\/\/www.suno.com.br\/noticias\/#organization"},"image":{"@id":"https:\/\/www.suno.com.br\/noticias\/anp-diretor-geral-fim-mandato\/#primaryimage"},"thumbnailUrl":"https:\/\/files.sunoresearch.com.br\/n\/uploads\/2020\/01\/852eac2d-d\u00e9cio-oddone-jpg.webp","keywords":["ANP","Petronas"],"articleSection":["Neg\u00f3cios"],"inLanguage":"pt-BR"},{"@type":"WebPage","@id":"https:\/\/www.suno.com.br\/noticias\/anp-diretor-geral-fim-mandato\/","url":"https:\/\/www.suno.com.br\/noticias\/anp-diretor-geral-fim-mandato\/","name":"ANP: Diretor-geral pede para antecipar fim de seu mandato","isPartOf":{"@id":"https:\/\/www.suno.com.br\/noticias\/#website"},"primaryImageOfPage":{"@id":"https:\/\/www.suno.com.br\/noticias\/anp-diretor-geral-fim-mandato\/#primaryimage"},"image":{"@id":"https:\/\/www.suno.com.br\/noticias\/anp-diretor-geral-fim-mandato\/#primaryimage"},"thumbnailUrl":"https:\/\/files.sunoresearch.com.br\/n\/uploads\/2020\/01\/852eac2d-d\u00e9cio-oddone-jpg.webp","datePublished":"2020-01-15T23:39:33+00:00","dateModified":"2021-02-18T22:54:57+00:00","description":"O diretor-geral da ANP decidiu antecipar o fim de seu mandato, que terminaria em dezembro de 2020. Clique aqui para saber mais.","breadcrumb":{"@id":"https:\/\/www.suno.com.br\/noticias\/anp-diretor-geral-fim-mandato\/#breadcrumb"},"inLanguage":"pt-BR","potentialAction":[{"@type":"ReadAction","target":["https:\/\/www.suno.com.br\/noticias\/anp-diretor-geral-fim-mandato\/"]}]},{"@type":"ImageObject","inLanguage":"pt-BR","@id":"https:\/\/www.suno.com.br\/noticias\/anp-diretor-geral-fim-mandato\/#primaryimage","url":"https:\/\/files.sunoresearch.com.br\/n\/uploads\/2020\/01\/852eac2d-d\u00e9cio-oddone-jpg.webp","contentUrl":"https:\/\/files.sunoresearch.com.br\/n\/uploads\/2020\/01\/852eac2d-d\u00e9cio-oddone-jpg.webp","width":1140,"height":760,"caption":"ANP: Diretor-geral pede para antecipar fim de seu mandato"},{"@type":"BreadcrumbList","@id":"https:\/\/www.suno.com.br\/noticias\/anp-diretor-geral-fim-mandato\/#breadcrumb","itemListElement":[{"@type":"ListItem","position":1,"name":"Not\u00edcias","item":"https:\/\/www.suno.com.br\/noticias\/"},{"@type":"ListItem","position":2,"name":"Neg\u00f3cios","item":"https:\/\/www.suno.com.br\/noticias\/negocios\/"},{"@type":"ListItem","position":3,"name":"ANP: Diretor-geral pede para antecipar fim de seu mandato"}]},{"@type":"WebSite","@id":"https:\/\/www.suno.com.br\/noticias\/#website","url":"https:\/\/www.suno.com.br\/noticias\/","name":"Suno Not\u00edcias","description":"Seu portal de informa\u00e7\u00e3o sobre o mundo dos investimentos","publisher":{"@id":"https:\/\/www.suno.com.br\/noticias\/#organization"},"potentialAction":[{"@type":"SearchAction","target":{"@type":"EntryPoint","urlTemplate":"https:\/\/www.suno.com.br\/noticias\/?s={search_term_string}"},"query-input":{"@type":"PropertyValueSpecification","valueRequired":true,"valueName":"search_term_string"}}],"inLanguage":"pt-BR"},{"@type":"Organization","@id":"https:\/\/www.suno.com.br\/noticias\/#organization","name":"Suno Not\u00edcias","url":"https:\/\/www.suno.com.br\/noticias\/","logo":{"@type":"ImageObject","inLanguage":"pt-BR","@id":"https:\/\/www.suno.com.br\/noticias\/#\/schema\/logo\/image\/","url":"https:\/\/files.sunoresearch.com.br\/n\/uploads\/2021\/09\/suno-logo.png","contentUrl":"https:\/\/files.sunoresearch.com.br\/n\/uploads\/2021\/09\/suno-logo.png","width":180,"height":180,"caption":"Suno Not\u00edcias"},"image":{"@id":"https:\/\/www.suno.com.br\/noticias\/#\/schema\/logo\/image\/"},"sameAs":["https:\/\/facebook.com\/sunoresearch","https:\/\/x.com\/sunoresearch","https:\/\/www.instagram.com\/suno","https:\/\/www.linkedin.com\/company\/suno-research\/","https:\/\/www.youtube.com\/c\/sunoresearch"]},{"@type":"Person","@id":"https:\/\/www.suno.com.br\/noticias\/#\/schema\/person\/098743caeed97b37f51315c9576c4078","name":"Rafael Lara","image":{"@type":"ImageObject","inLanguage":"pt-BR","@id":"https:\/\/www.suno.com.br\/noticias\/#\/schema\/person\/image\/","url":"https:\/\/secure.gravatar.com\/avatar\/dfc254ab9bb2ea1895d98b9e9dae4bdd?s=96&r=g","contentUrl":"https:\/\/secure.gravatar.com\/avatar\/dfc254ab9bb2ea1895d98b9e9dae4bdd?s=96&r=g","caption":"Rafael Lara"},"description":"Rafael Lara cursa jornalismo na Faculdade C\u00e1sper L\u00edbero. Escreve sobre pol\u00edtica, economia e neg\u00f3cios para o portal Suno Not\u00edcias. Antes, colaborou na TV Gazeta na produ\u00e7\u00e3o do programa Edi\u00e7\u00e3o Extra.","url":"https:\/\/www.suno.com.br\/noticias\/author\/rafael\/"}]}},"default_loop_html":"<div class=\"cardsPage__listCard__boxs\"><div class=\"cardsPage__listCard__boxs__img\"><a href=\"https:\/\/www.suno.com.br\/noticias\/anp-diretor-geral-fim-mandato\/\"><img class=\"mask\" src=\"https:\/\/www.suno.com.br\/noticias\/wp-content\/themes\/suno\/resources\/images\/spotlight\/spotlight1img\/bg-mask.png\" alt=\"Image Mask\"\/><img src=\"https:\/\/files.sunoresearch.com.br\/n\/uploads\/2020\/01\/852eac2d-d\u00e9cio-oddone-400x200.webp\" alt=\"ANP: Diretor-geral pede para antecipar fim de seu mandato\"\/><\/a><span class=\"spotlightCategory\"><a href=\"https:\/\/www.suno.com.br\/noticias\/negocios\/\">Neg\u00f3cios<\/a><\/span><\/div><div class=\"cardsPage__listCard__boxs__content\"><a href=\"https:\/\/www.suno.com.br\/noticias\/anp-diretor-geral-fim-mandato\/\"><h2 class=\"content__title\">ANP: Diretor-geral pede para antecipar fim de seu mandato<\/h2><\/a><div class=\"newsContent__article__meta\"><div class=\"newsContent__article__meta__authorBox\"><a href=\"https:\/\/www.suno.com.br\/noticias\/author\/rafael\/\" class=\"authorBox__avatar noMobi\"><img src=\"https:\/\/secure.gravatar.com\/avatar\/dfc254ab9bb2ea1895d98b9e9dae4bdd?s=96&#038;r=g\" alt=\"Rafael Lara\"><\/a><div class=\"authorBox__name\"><span>por\n\t\t\t<a href=\"https:\/\/www.suno.com.br\/noticias\/author\/rafael\/\"><span itemprop=\"author\">Rafael Lara<\/span><\/a><\/span><time datetime=\"2020-01-15T21:39:33-03:00\" itemprop=\"datePublished\">15\/01\/2020 21:39<\/time><\/div><\/div><\/div><\/div><\/div>","single_layout":"posts","amp_enabled":true,"_links":{"self":[{"href":"https:\/\/www.suno.com.br\/noticias\/wp-json\/wp\/v2\/posts\/49866"}],"collection":[{"href":"https:\/\/www.suno.com.br\/noticias\/wp-json\/wp\/v2\/posts"}],"about":[{"href":"https:\/\/www.suno.com.br\/noticias\/wp-json\/wp\/v2\/types\/post"}],"author":[{"embeddable":true,"href":"https:\/\/www.suno.com.br\/noticias\/wp-json\/wp\/v2\/users\/23"}],"replies":[{"embeddable":true,"href":"https:\/\/www.suno.com.br\/noticias\/wp-json\/wp\/v2\/comments?post=49866"}],"version-history":[{"count":0,"href":"https:\/\/www.suno.com.br\/noticias\/wp-json\/wp\/v2\/posts\/49866\/revisions"}],"wp:featuredmedia":[{"embeddable":true,"href":"https:\/\/www.suno.com.br\/noticias\/wp-json\/wp\/v2\/media\/49867"}],"wp:attachment":[{"href":"https:\/\/www.suno.com.br\/noticias\/wp-json\/wp\/v2\/media?parent=49866"}],"wp:term":[{"taxonomy":"category","embeddable":true,"href":"https:\/\/www.suno.com.br\/noticias\/wp-json\/wp\/v2\/categories?post=49866"},{"taxonomy":"post_tag","embeddable":true,"href":"https:\/\/www.suno.com.br\/noticias\/wp-json\/wp\/v2\/tags?post=49866"},{"taxonomy":"suno_strategy","embeddable":true,"href":"https:\/\/www.suno.com.br\/noticias\/wp-json\/wp\/v2\/suno_strategy?post=49866"}],"curies":[{"name":"wp","href":"https:\/\/api.w.org\/{rel}","templated":true}]}}