{"id":498580,"date":"2023-12-11T20:53:52","date_gmt":"2023-12-11T23:53:52","guid":{"rendered":"https:\/\/www.suno.com.br\/noticias\/?p=498580"},"modified":"2023-12-11T21:25:23","modified_gmt":"2023-12-12T00:25:23","slug":"fleury-flry3-jcp-acionistas-evm","status":"publish","type":"post","link":"https:\/\/www.suno.com.br\/noticias\/fleury-flry3-jcp-acionistas-evm\/","title":{"rendered":"Fleury (FLRY3) pagar\u00e1 R$ 144 milh\u00f5es em JCP aos seus acionistas"},"content":{"rendered":"<p>A <a class=\"suno-keyword\" data-force=\"yes\" data-priority=\"2\" href=\"https:\/\/www.suno.com.br\/acoes\/FLRY3\/\" target=\"_blank\" rel=\"noopener\"><strong>Fleury<\/strong> (FLRY3)<\/a> pagar\u00e1 R$ 144 milh\u00f5es em <a class=\"suno-keyword\" data-force=\"no\" data-priority=\"1\" href=\"https:\/\/www.suno.com.br\/artigos\/entenda-o-jcp\/\" target=\"_blank\" rel=\"noopener\">Juros Sobre Capital Pr\u00f3prio<\/a> (JCP) aos seus acionistas, segundo <a href=\"https:\/\/www.rad.cvm.gov.br\/ENET\/frmExibirArquivoIPEExterno.aspx?NumeroProtocoloEntrega=1172150\" target=\"_blank\" rel=\"noreferrer noopener\">comunicado arquivado na Comiss\u00e3o de Valores Mobili\u00e1rios (CVM)<\/a> nesta segunda (11).<\/p><div class=\"videoFull \">\n\t\t\t<div class=\"videoWrapper yt-lazyload center\"\n\t\t\t\tdata-width=\"960\"\n\t\t\t\tdata-height=\"540\"\n\t\t\t\tdata-id=\"VYPmrMvnDPU\"\n\t\t\t\tdata-alt=\"V\u00eddeo do YouTube - clique para reproduzir\"\n\t\t\t\tdata-logo=\"3\"\n\t\t\t\tdata-imagequality=\"maxres\">\n\t\t\t<\/div>\n\t\t<\/div><script type=\"application\/ld+json\">{\"@context\":\"https:\/\/schema.org\",\"@type\":\"VideoObject\",\"name\":\"\ud83d\udd34 IBOVESPA 127 MIL PONTOS | PETROBRAS (PETR4) DISPARA COM PETR\u00d3LEO | NOVIDADES DA B3 (B3SA3)\",\"description\":\"#mercadofinanceiro #a\u00e7\u00f5es #investimentos #bolsadevalores #ibovespa #dinheiro #finan\u00e7as #pol\u00edtica #d\u00f3lar #livedas19h #petr4 #petrobras #vale3 #vale #a\u00e7\u00f5es #economia #dividendos #combust\u00edveis #payroll \ud83d\udd34 Por R$1: acesse nossas recomenda\u00e7\u00f5es de FIIs, a\u00e7\u00f5es E MAIS! Experimente agora o Trial do Suno Premium https:\/\/lp.suno.com.br\/pv\/sr-premium\/trial-1-real\/?utm_source=youtube.noticias&utm_medium=live&utm_campaign=RS.TSP23.ns.20231206&utm_content=lives19hnoticias 00:00 In\u00edcio do v\u00eddeo 02:05 Fechamento de preg\u00e3o 05:55 Petr\u00f3leo se recupera e PETR4 sobe 09:04 Desdobramento\u2026\",\"duration\":\"PT26M39S\",\"embedUrl\":\"https:\/\/www.youtube.com\/embed\/VYPmrMvnDPU\",\"regionsAllowed\":\"en-US\",\"interactionStatistic\":{\"@type\":\"InteractionCounter\",\"interactionType\":{\"@type\":\"WatchAction\"},\"userInteractionCount\":1990},\"thumbnailUrl\":\"https:\/\/i.ytimg.com\/vi\/VYPmrMvnDPU\/default.jpg\",\"uploadDate\":\"2023-12-09T10:34:59Z\"}<\/script>\n\n\n\n\n\t<p>\n\t\t<a href=\"\" target=\"_blank\" data-element=\"shortcode-suno-banner\" title=\"Banner SUNO, clique e saiba mais\">\n\t\t\t<picture>\n\t\t\t\t<source media=\"(max-width: 500px)\" srcset=\"\">\n\t\t\t\t<img class=\"newsContent__article__imgCapa newsContent__article__imgCapa--banner\"\n\t\t\t\t\tsrc=\"\"\n\t\t\t\t\tdata-promo-id=\"89005\"\t\t\t\t\t\t\t\t\t\t\t\t\t\t\talt=\"\"\n\t\t\t\t>\n\t\t\t<\/picture>\n\t\t<\/a>\n\t<\/p>\n\n\n\n\n\n\n\n<p>O valor dos <strong>JCP da Fleury<\/strong> por a\u00e7\u00e3o ser\u00e1 de R$ 0,26, que ser\u00e3o pagos em 28 de dezembro.<\/p>\n\n\n\n<p>Apenas os investidores com <strong>a\u00e7\u00f5es da Fleury<\/strong> no dia 15 de dezembro ter\u00e3o direito a receber os <strong>rendimentos<\/strong>.<\/p>\n\n\n\n<p>A partir do dia 18 de dezembro, as a\u00e7\u00f5es <strong>FLRY3<\/strong> ser\u00e3o negociadas sem direito aos JCP.<\/p>\n\n\n\n<p>&#8220;Os juros sobre o <a class=\"suno-keyword\" target=\"_blank\" data-force=\"no\" data-priority=\"1\" href=\"https:\/\/www.suno.com.br\/artigos\/capital-proprio\/\" rel=\"noopener\">capital pr\u00f3prio<\/a>, l\u00edquidos do imposto de renda retido na fonte, ser\u00e3o imputados ao dividendo m\u00ednimo obrigat\u00f3rio do <a class=\"suno-keyword\" target=\"_blank\" data-force=\"no\" data-priority=\"1\" href=\"https:\/\/www.suno.com.br\/artigos\/exercicio-social\/\" rel=\"noopener\">exerc\u00edcio social<\/a> a encerrar em 31 de dezembro de 2023&#8243;, destaca a companhia.<\/p>\n\n\n\n<p>O valor dos JCP ter\u00e1 reten\u00e7\u00e3o do imposto de renda na fonte, com al\u00edquota de 15%, resultando em aproximadamente R$ 0,22 por a\u00e7\u00e3o.<\/p>\n\n\n\n<h2 class=\"wp-block-heading\">JCP da Fleury<\/h2>\n\n\n\n<ul class=\"wp-block-list\">\n<li><strong>Valor total:<\/strong> R$144.751.877,00<\/li>\n\n\n\n<li><strong>Valor por a\u00e7\u00e3o:<\/strong> R$ 0,26557982563 (R$ 0,22 ap\u00f3s reten\u00e7\u00e3o de IR)<\/li>\n\n\n\n<li><strong>Data de corte:<\/strong> 15 de dezembro<\/li>\n\n\n\n<li><strong>Data do pagamento:<\/strong> 28 de dezembro.<\/li>\n<\/ul>\n\n\n\n<p>No preg\u00e3o de hoje, a cota\u00e7\u00e3o das a\u00e7\u00f5es da <strong>Fleury<\/strong> caiu 0,23% a R$ 17,45. No acumulado de 2023 os pap\u00e9is sobem 21%, contudo.<\/p>\n\n\n\n<h2 class=\"wp-block-heading\">Programa de recompra de a\u00e7\u00f5es<\/h2>\n\n\n\n<p>A\u00a0<strong>Fleury (FLRY3)<\/strong>\u00a0informou em novembro que aprovou a cria\u00e7\u00e3o de um programa de aquisi\u00e7\u00e3o de\u00a0<a href=\"https:\/\/www.suno.com.br\/artigos\/o-que-sao-acoes-ordinarias-preferenciais-e-units\/\" target=\"_blank\" rel=\"noreferrer noopener\">a\u00e7\u00f5es ordin\u00e1rias<\/a>\u00a0de sua pr\u00f3pria emiss\u00e3o.<\/p>\n\n\n\n<p>A companhia poder\u00e1 adquirir at\u00e9 1.765.113 a\u00e7\u00f5es, correspondentes a at\u00e9 0,32% do total de a\u00e7\u00f5es de emiss\u00e3o da companhia e at\u00e9 0,72% das a\u00e7\u00f5es em circula\u00e7\u00e3o.\u00a0<\/p>\n\n\n\t<p>\n\t\t<a href=\"https:\/\/lp.suno.com.br\/minicurso-investindo-fiis\/\" target=\"_blank\" data-element=\"shortcode-suno-banner\" title=\"Banner SUNO, clique e saiba mais\">\n\t\t\t<picture>\n\t\t\t\t<source media=\"(max-width: 500px)\" srcset=\"https:\/\/files.sunoresearch.com.br\/n\/uploads\/2023\/03\/400x300-Minicurso-FIIS.png\">\n\t\t\t\t<img class=\"newsContent__article__imgCapa newsContent__article__imgCapa--banner\"\n\t\t\t\t\tsrc=\"https:\/\/files.sunoresearch.com.br\/n\/uploads\/2023\/03\/1420x240-Minicurso-FIIS.png\"\n\t\t\t\t\tdata-promo-id=\"383125\"\t\t\t\t\t\t\t\t\t\twidth='1420' height='240'\t\t\t\t\talt=\"https:\/\/files.sunoresearch.com.br\/n\/uploads\/2023\/03\/1420x240-Minicurso-FIIS.png\"\n\t\t\t\t>\n\t\t\t<\/picture>\n\t\t<\/a>\n\t<\/p>\n\n\n","protected":false},"excerpt":{"rendered":"<p>A Fleury (FLRY3) pagar\u00e1 R$ 144 milh\u00f5es em Juros Sobre Capital Pr\u00f3prio (JCP) aos seus acionistas, segundo comunicado arquivado na Comiss\u00e3o de Valores Mobili\u00e1rios (CVM) nesta segunda (11). O valor dos JCP da Fleury por a\u00e7\u00e3o ser\u00e1 de R$ 0,26, que ser\u00e3o pagos em 28 de dezembro. Apenas os investidores com a\u00e7\u00f5es da Fleury no [&hellip;]<\/p>\n","protected":false},"author":73,"featured_media":143571,"comment_status":"closed","ping_status":"closed","sticky":false,"template":"","format":"standard","meta":[],"categories":[64],"tags":[1957],"suno_strategy":[],"class_list":["post-498580","post","type-post","status-publish","format-standard","has-post-thumbnail","hentry","category-negocios","tag-juros-sobre-capital-proprio-jcp"],"yoast_head":"<!-- This site is optimized with the Yoast SEO plugin v24.4 - https:\/\/yoast.com\/wordpress\/plugins\/seo\/ -->\n<title>Fleury (FLRY3) pagar\u00e1 R$ 144 milh\u00f5es em JCP aos seus acionistas<\/title>\n<meta name=\"description\" content=\"Apenas os investidores com a\u00e7\u00f5es da Fleury no dia 15 de dezembro ter\u00e3o direito a receber os rendimentos anunciados pela companhia\" \/>\n<meta name=\"robots\" content=\"index, follow, max-snippet:-1, max-image-preview:large, max-video-preview:-1\" \/>\n<link rel=\"canonical\" href=\"https:\/\/www.suno.com.br\/noticias\/fleury-flry3-jcp-acionistas-evm\/\" \/>\n<meta property=\"og:locale\" content=\"pt_BR\" \/>\n<meta property=\"og:type\" content=\"article\" \/>\n<meta property=\"og:title\" content=\"Fleury (FLRY3) pagar\u00e1 R$ 144 milh\u00f5es em JCP aos seus acionistas\" \/>\n<meta property=\"og:description\" content=\"Apenas os investidores com a\u00e7\u00f5es da Fleury no dia 15 de dezembro ter\u00e3o direito a receber os rendimentos anunciados pela companhia\" \/>\n<meta property=\"og:url\" content=\"https:\/\/www.suno.com.br\/noticias\/fleury-flry3-jcp-acionistas-evm\/\" \/>\n<meta property=\"og:site_name\" content=\"Suno Not\u00edcias\" \/>\n<meta property=\"article:publisher\" content=\"https:\/\/facebook.com\/sunoresearch\" \/>\n<meta property=\"og:image\" content=\"https:\/\/files.sunoresearch.com.br\/n\/uploads\/2021\/04\/14b74360-c91d-11e9-9b6d-31334e74cc7e-MG5316-1-scaled.jpg\" \/>\n\t<meta property=\"og:image:width\" content=\"2560\" \/>\n\t<meta property=\"og:image:height\" content=\"1706\" \/>\n\t<meta property=\"og:image:type\" content=\"image\/jpeg\" \/>\n<meta name=\"author\" content=\"Eduardo Vargas\" \/>\n<meta name=\"twitter:card\" content=\"summary_large_image\" \/>\n<meta name=\"twitter:creator\" content=\"@sunoresearch\" \/>\n<meta name=\"twitter:site\" content=\"@sunoresearch\" \/>\n<meta name=\"twitter:label1\" content=\"Escrito por\" \/>\n\t<meta name=\"twitter:data1\" content=\"Eduardo Vargas\" \/>\n\t<meta name=\"twitter:label2\" content=\"Est. tempo de leitura\" \/>\n\t<meta name=\"twitter:data2\" content=\"2 minutos\" \/>\n<script type=\"application\/ld+json\" class=\"yoast-schema-graph\">{\"@context\":\"https:\/\/schema.org\",\"@graph\":[{\"@type\":\"NewsArticle\",\"@id\":\"https:\/\/www.suno.com.br\/noticias\/fleury-flry3-jcp-acionistas-evm\/#article\",\"isPartOf\":{\"@id\":\"https:\/\/www.suno.com.br\/noticias\/fleury-flry3-jcp-acionistas-evm\/\"},\"author\":{\"name\":\"Eduardo Vargas\",\"@id\":\"https:\/\/www.suno.com.br\/noticias\/#\/schema\/person\/7f4d362bf3518e76090143ae77bb49a5\"},\"headline\":\"Fleury (FLRY3) pagar\u00e1 R$ 144 milh\u00f5es em JCP aos seus acionistas\",\"datePublished\":\"2023-12-11T23:53:52+00:00\",\"dateModified\":\"2023-12-12T00:25:23+00:00\",\"mainEntityOfPage\":{\"@id\":\"https:\/\/www.suno.com.br\/noticias\/fleury-flry3-jcp-acionistas-evm\/\"},\"wordCount\":278,\"publisher\":{\"@id\":\"https:\/\/www.suno.com.br\/noticias\/#organization\"},\"image\":{\"@id\":\"https:\/\/www.suno.com.br\/noticias\/fleury-flry3-jcp-acionistas-evm\/#primaryimage\"},\"thumbnailUrl\":\"https:\/\/files.sunoresearch.com.br\/n\/uploads\/2021\/04\/14b74360-c91d-11e9-9b6d-31334e74cc7e-MG5316-1-scaled.jpg\",\"keywords\":[\"juros sobre capital pr\u00f3prio (JCP)\"],\"articleSection\":[\"Neg\u00f3cios\"],\"inLanguage\":\"pt-BR\"},{\"@type\":\"WebPage\",\"@id\":\"https:\/\/www.suno.com.br\/noticias\/fleury-flry3-jcp-acionistas-evm\/\",\"url\":\"https:\/\/www.suno.com.br\/noticias\/fleury-flry3-jcp-acionistas-evm\/\",\"name\":\"Fleury (FLRY3) pagar\u00e1 R$ 144 milh\u00f5es em JCP aos seus acionistas\",\"isPartOf\":{\"@id\":\"https:\/\/www.suno.com.br\/noticias\/#website\"},\"primaryImageOfPage\":{\"@id\":\"https:\/\/www.suno.com.br\/noticias\/fleury-flry3-jcp-acionistas-evm\/#primaryimage\"},\"image\":{\"@id\":\"https:\/\/www.suno.com.br\/noticias\/fleury-flry3-jcp-acionistas-evm\/#primaryimage\"},\"thumbnailUrl\":\"https:\/\/files.sunoresearch.com.br\/n\/uploads\/2021\/04\/14b74360-c91d-11e9-9b6d-31334e74cc7e-MG5316-1-scaled.jpg\",\"datePublished\":\"2023-12-11T23:53:52+00:00\",\"dateModified\":\"2023-12-12T00:25:23+00:00\",\"description\":\"Apenas os investidores com a\u00e7\u00f5es da Fleury no dia 15 de dezembro ter\u00e3o direito a receber os rendimentos anunciados pela companhia\",\"breadcrumb\":{\"@id\":\"https:\/\/www.suno.com.br\/noticias\/fleury-flry3-jcp-acionistas-evm\/#breadcrumb\"},\"inLanguage\":\"pt-BR\",\"potentialAction\":[{\"@type\":\"ReadAction\",\"target\":[\"https:\/\/www.suno.com.br\/noticias\/fleury-flry3-jcp-acionistas-evm\/\"]}]},{\"@type\":\"ImageObject\",\"inLanguage\":\"pt-BR\",\"@id\":\"https:\/\/www.suno.com.br\/noticias\/fleury-flry3-jcp-acionistas-evm\/#primaryimage\",\"url\":\"https:\/\/files.sunoresearch.com.br\/n\/uploads\/2021\/04\/14b74360-c91d-11e9-9b6d-31334e74cc7e-MG5316-1-scaled.jpg\",\"contentUrl\":\"https:\/\/files.sunoresearch.com.br\/n\/uploads\/2021\/04\/14b74360-c91d-11e9-9b6d-31334e74cc7e-MG5316-1-scaled.jpg\",\"width\":2560,\"height\":1706,\"caption\":\"Fleury (FLRY3) - Foto: Reprodu\u00e7\u00e3o\/Site\/Fleury\"},{\"@type\":\"BreadcrumbList\",\"@id\":\"https:\/\/www.suno.com.br\/noticias\/fleury-flry3-jcp-acionistas-evm\/#breadcrumb\",\"itemListElement\":[{\"@type\":\"ListItem\",\"position\":1,\"name\":\"Not\u00edcias\",\"item\":\"https:\/\/www.suno.com.br\/noticias\/\"},{\"@type\":\"ListItem\",\"position\":2,\"name\":\"Neg\u00f3cios\",\"item\":\"https:\/\/www.suno.com.br\/noticias\/negocios\/\"},{\"@type\":\"ListItem\",\"position\":3,\"name\":\"Fleury (FLRY3) pagar\u00e1 R$ 144 milh\u00f5es em JCP aos seus acionistas\"}]},{\"@type\":\"WebSite\",\"@id\":\"https:\/\/www.suno.com.br\/noticias\/#website\",\"url\":\"https:\/\/www.suno.com.br\/noticias\/\",\"name\":\"Suno Not\u00edcias\",\"description\":\"Seu portal de informa\u00e7\u00e3o sobre o mundo dos investimentos\",\"publisher\":{\"@id\":\"https:\/\/www.suno.com.br\/noticias\/#organization\"},\"potentialAction\":[{\"@type\":\"SearchAction\",\"target\":{\"@type\":\"EntryPoint\",\"urlTemplate\":\"https:\/\/www.suno.com.br\/noticias\/?s={search_term_string}\"},\"query-input\":{\"@type\":\"PropertyValueSpecification\",\"valueRequired\":true,\"valueName\":\"search_term_string\"}}],\"inLanguage\":\"pt-BR\"},{\"@type\":\"Organization\",\"@id\":\"https:\/\/www.suno.com.br\/noticias\/#organization\",\"name\":\"Suno Not\u00edcias\",\"url\":\"https:\/\/www.suno.com.br\/noticias\/\",\"logo\":{\"@type\":\"ImageObject\",\"inLanguage\":\"pt-BR\",\"@id\":\"https:\/\/www.suno.com.br\/noticias\/#\/schema\/logo\/image\/\",\"url\":\"https:\/\/files.sunoresearch.com.br\/n\/uploads\/2021\/09\/suno-logo.png\",\"contentUrl\":\"https:\/\/files.sunoresearch.com.br\/n\/uploads\/2021\/09\/suno-logo.png\",\"width\":180,\"height\":180,\"caption\":\"Suno Not\u00edcias\"},\"image\":{\"@id\":\"https:\/\/www.suno.com.br\/noticias\/#\/schema\/logo\/image\/\"},\"sameAs\":[\"https:\/\/facebook.com\/sunoresearch\",\"https:\/\/x.com\/sunoresearch\",\"https:\/\/www.instagram.com\/suno\",\"https:\/\/www.linkedin.com\/company\/suno-research\/\",\"https:\/\/www.youtube.com\/c\/sunoresearch\"]},{\"@type\":\"Person\",\"@id\":\"https:\/\/www.suno.com.br\/noticias\/#\/schema\/person\/7f4d362bf3518e76090143ae77bb49a5\",\"name\":\"Eduardo Vargas\",\"image\":{\"@type\":\"ImageObject\",\"inLanguage\":\"pt-BR\",\"@id\":\"https:\/\/www.suno.com.br\/noticias\/#\/schema\/person\/image\/\",\"url\":\"https:\/\/secure.gravatar.com\/avatar\/dac340933427a22924c9f99d1eb2e3f2?s=96&r=g\",\"contentUrl\":\"https:\/\/secure.gravatar.com\/avatar\/dac340933427a22924c9f99d1eb2e3f2?s=96&r=g\",\"caption\":\"Eduardo Vargas\"},\"description\":\"Jornalista formado pela UFSC, cobre macroeconomia, neg\u00f3cios e startups para o Suno Not\u00edcias, escrevendo principalmente not\u00edcias sobre o mercado financeiro e a bolsa de valores. No YouTube e no Instagram, \u00e9 respons\u00e1vel pela produ\u00e7\u00e3o de Reels e Shorts do Suno Not\u00edcias. Anteriormente, trabalhou cobrindo economia e cotidiano no ND+ e para o ND, maior jornal impresso de Santa Catarina. Cursou um semestre letivo de Estudos de M\u00eddia na Universidad de Buenos Aires.\",\"url\":\"https:\/\/www.suno.com.br\/noticias\/author\/eduardo-vargas\/\"}]}<\/script>\n<!-- \/ Yoast SEO plugin. -->","yoast_head_json":{"title":"Fleury (FLRY3) pagar\u00e1 R$ 144 milh\u00f5es em JCP aos seus acionistas","description":"Apenas os investidores com a\u00e7\u00f5es da Fleury no dia 15 de dezembro ter\u00e3o direito a receber os rendimentos anunciados pela companhia","robots":{"index":"index","follow":"follow","max-snippet":"max-snippet:-1","max-image-preview":"max-image-preview:large","max-video-preview":"max-video-preview:-1"},"canonical":"https:\/\/www.suno.com.br\/noticias\/fleury-flry3-jcp-acionistas-evm\/","og_locale":"pt_BR","og_type":"article","og_title":"Fleury (FLRY3) pagar\u00e1 R$ 144 milh\u00f5es em JCP aos seus acionistas","og_description":"Apenas os investidores com a\u00e7\u00f5es da Fleury no dia 15 de dezembro ter\u00e3o direito a receber os rendimentos anunciados pela companhia","og_url":"https:\/\/www.suno.com.br\/noticias\/fleury-flry3-jcp-acionistas-evm\/","og_site_name":"Suno Not\u00edcias","article_publisher":"https:\/\/facebook.com\/sunoresearch","og_image":[{"width":2560,"height":1706,"url":"https:\/\/files.sunoresearch.com.br\/n\/uploads\/2021\/04\/14b74360-c91d-11e9-9b6d-31334e74cc7e-MG5316-1-scaled.jpg","type":"image\/jpeg"}],"author":"Eduardo Vargas","twitter_card":"summary_large_image","twitter_creator":"@sunoresearch","twitter_site":"@sunoresearch","twitter_misc":{"Escrito por":"Eduardo Vargas","Est. tempo de leitura":"2 minutos"},"schema":{"@context":"https:\/\/schema.org","@graph":[{"@type":"NewsArticle","@id":"https:\/\/www.suno.com.br\/noticias\/fleury-flry3-jcp-acionistas-evm\/#article","isPartOf":{"@id":"https:\/\/www.suno.com.br\/noticias\/fleury-flry3-jcp-acionistas-evm\/"},"author":{"name":"Eduardo Vargas","@id":"https:\/\/www.suno.com.br\/noticias\/#\/schema\/person\/7f4d362bf3518e76090143ae77bb49a5"},"headline":"Fleury (FLRY3) pagar\u00e1 R$ 144 milh\u00f5es em JCP aos seus acionistas","datePublished":"2023-12-11T23:53:52+00:00","dateModified":"2023-12-12T00:25:23+00:00","mainEntityOfPage":{"@id":"https:\/\/www.suno.com.br\/noticias\/fleury-flry3-jcp-acionistas-evm\/"},"wordCount":278,"publisher":{"@id":"https:\/\/www.suno.com.br\/noticias\/#organization"},"image":{"@id":"https:\/\/www.suno.com.br\/noticias\/fleury-flry3-jcp-acionistas-evm\/#primaryimage"},"thumbnailUrl":"https:\/\/files.sunoresearch.com.br\/n\/uploads\/2021\/04\/14b74360-c91d-11e9-9b6d-31334e74cc7e-MG5316-1-scaled.jpg","keywords":["juros sobre capital pr\u00f3prio (JCP)"],"articleSection":["Neg\u00f3cios"],"inLanguage":"pt-BR"},{"@type":"WebPage","@id":"https:\/\/www.suno.com.br\/noticias\/fleury-flry3-jcp-acionistas-evm\/","url":"https:\/\/www.suno.com.br\/noticias\/fleury-flry3-jcp-acionistas-evm\/","name":"Fleury (FLRY3) pagar\u00e1 R$ 144 milh\u00f5es em JCP aos seus acionistas","isPartOf":{"@id":"https:\/\/www.suno.com.br\/noticias\/#website"},"primaryImageOfPage":{"@id":"https:\/\/www.suno.com.br\/noticias\/fleury-flry3-jcp-acionistas-evm\/#primaryimage"},"image":{"@id":"https:\/\/www.suno.com.br\/noticias\/fleury-flry3-jcp-acionistas-evm\/#primaryimage"},"thumbnailUrl":"https:\/\/files.sunoresearch.com.br\/n\/uploads\/2021\/04\/14b74360-c91d-11e9-9b6d-31334e74cc7e-MG5316-1-scaled.jpg","datePublished":"2023-12-11T23:53:52+00:00","dateModified":"2023-12-12T00:25:23+00:00","description":"Apenas os investidores com a\u00e7\u00f5es da Fleury no dia 15 de dezembro ter\u00e3o direito a receber os rendimentos anunciados pela companhia","breadcrumb":{"@id":"https:\/\/www.suno.com.br\/noticias\/fleury-flry3-jcp-acionistas-evm\/#breadcrumb"},"inLanguage":"pt-BR","potentialAction":[{"@type":"ReadAction","target":["https:\/\/www.suno.com.br\/noticias\/fleury-flry3-jcp-acionistas-evm\/"]}]},{"@type":"ImageObject","inLanguage":"pt-BR","@id":"https:\/\/www.suno.com.br\/noticias\/fleury-flry3-jcp-acionistas-evm\/#primaryimage","url":"https:\/\/files.sunoresearch.com.br\/n\/uploads\/2021\/04\/14b74360-c91d-11e9-9b6d-31334e74cc7e-MG5316-1-scaled.jpg","contentUrl":"https:\/\/files.sunoresearch.com.br\/n\/uploads\/2021\/04\/14b74360-c91d-11e9-9b6d-31334e74cc7e-MG5316-1-scaled.jpg","width":2560,"height":1706,"caption":"Fleury (FLRY3) - Foto: Reprodu\u00e7\u00e3o\/Site\/Fleury"},{"@type":"BreadcrumbList","@id":"https:\/\/www.suno.com.br\/noticias\/fleury-flry3-jcp-acionistas-evm\/#breadcrumb","itemListElement":[{"@type":"ListItem","position":1,"name":"Not\u00edcias","item":"https:\/\/www.suno.com.br\/noticias\/"},{"@type":"ListItem","position":2,"name":"Neg\u00f3cios","item":"https:\/\/www.suno.com.br\/noticias\/negocios\/"},{"@type":"ListItem","position":3,"name":"Fleury (FLRY3) pagar\u00e1 R$ 144 milh\u00f5es em JCP aos seus acionistas"}]},{"@type":"WebSite","@id":"https:\/\/www.suno.com.br\/noticias\/#website","url":"https:\/\/www.suno.com.br\/noticias\/","name":"Suno Not\u00edcias","description":"Seu portal de informa\u00e7\u00e3o sobre o mundo dos investimentos","publisher":{"@id":"https:\/\/www.suno.com.br\/noticias\/#organization"},"potentialAction":[{"@type":"SearchAction","target":{"@type":"EntryPoint","urlTemplate":"https:\/\/www.suno.com.br\/noticias\/?s={search_term_string}"},"query-input":{"@type":"PropertyValueSpecification","valueRequired":true,"valueName":"search_term_string"}}],"inLanguage":"pt-BR"},{"@type":"Organization","@id":"https:\/\/www.suno.com.br\/noticias\/#organization","name":"Suno Not\u00edcias","url":"https:\/\/www.suno.com.br\/noticias\/","logo":{"@type":"ImageObject","inLanguage":"pt-BR","@id":"https:\/\/www.suno.com.br\/noticias\/#\/schema\/logo\/image\/","url":"https:\/\/files.sunoresearch.com.br\/n\/uploads\/2021\/09\/suno-logo.png","contentUrl":"https:\/\/files.sunoresearch.com.br\/n\/uploads\/2021\/09\/suno-logo.png","width":180,"height":180,"caption":"Suno Not\u00edcias"},"image":{"@id":"https:\/\/www.suno.com.br\/noticias\/#\/schema\/logo\/image\/"},"sameAs":["https:\/\/facebook.com\/sunoresearch","https:\/\/x.com\/sunoresearch","https:\/\/www.instagram.com\/suno","https:\/\/www.linkedin.com\/company\/suno-research\/","https:\/\/www.youtube.com\/c\/sunoresearch"]},{"@type":"Person","@id":"https:\/\/www.suno.com.br\/noticias\/#\/schema\/person\/7f4d362bf3518e76090143ae77bb49a5","name":"Eduardo Vargas","image":{"@type":"ImageObject","inLanguage":"pt-BR","@id":"https:\/\/www.suno.com.br\/noticias\/#\/schema\/person\/image\/","url":"https:\/\/secure.gravatar.com\/avatar\/dac340933427a22924c9f99d1eb2e3f2?s=96&r=g","contentUrl":"https:\/\/secure.gravatar.com\/avatar\/dac340933427a22924c9f99d1eb2e3f2?s=96&r=g","caption":"Eduardo Vargas"},"description":"Jornalista formado pela UFSC, cobre macroeconomia, neg\u00f3cios e startups para o Suno Not\u00edcias, escrevendo principalmente not\u00edcias sobre o mercado financeiro e a bolsa de valores. No YouTube e no Instagram, \u00e9 respons\u00e1vel pela produ\u00e7\u00e3o de Reels e Shorts do Suno Not\u00edcias. Anteriormente, trabalhou cobrindo economia e cotidiano no ND+ e para o ND, maior jornal impresso de Santa Catarina. Cursou um semestre letivo de Estudos de M\u00eddia na Universidad de Buenos Aires.","url":"https:\/\/www.suno.com.br\/noticias\/author\/eduardo-vargas\/"}]}},"default_loop_html":"<div class=\"cardsPage__listCard__boxs\"><div class=\"cardsPage__listCard__boxs__img\"><a href=\"https:\/\/www.suno.com.br\/noticias\/fleury-flry3-jcp-acionistas-evm\/\"><img class=\"mask\" src=\"https:\/\/www.suno.com.br\/noticias\/wp-content\/themes\/suno\/resources\/images\/spotlight\/spotlight1img\/bg-mask.png\" alt=\"Image Mask\"\/><img src=\"https:\/\/files.sunoresearch.com.br\/n\/uploads\/2021\/04\/14b74360-c91d-11e9-9b6d-31334e74cc7e-MG5316-1-400x200.jpg\" alt=\"Fleury (FLRY3) pagar\u00e1 R$ 144 milh\u00f5es em JCP aos seus acionistas\"\/><\/a><span class=\"spotlightCategory\"><a href=\"https:\/\/www.suno.com.br\/noticias\/negocios\/\">Neg\u00f3cios<\/a><\/span><\/div><div class=\"cardsPage__listCard__boxs__content\"><a href=\"https:\/\/www.suno.com.br\/noticias\/fleury-flry3-jcp-acionistas-evm\/\"><h2 class=\"content__title\">Fleury (FLRY3) pagar\u00e1 R$ 144 milh\u00f5es em JCP aos seus acionistas<\/h2><\/a><div class=\"newsContent__article__meta\"><div class=\"newsContent__article__meta__authorBox\"><a href=\"https:\/\/www.suno.com.br\/noticias\/author\/eduardo-vargas\/\" class=\"authorBox__avatar noMobi\"><img src=\"https:\/\/secure.gravatar.com\/avatar\/dac340933427a22924c9f99d1eb2e3f2?s=96&#038;r=g\" alt=\"Eduardo Vargas\"><\/a><div class=\"authorBox__name\"><span>por\n\t\t\t<a href=\"https:\/\/www.suno.com.br\/noticias\/author\/eduardo-vargas\/\"><span itemprop=\"author\">Eduardo Vargas<\/span><\/a><\/span><time datetime=\"2023-12-11T20:53:52-03:00\" itemprop=\"datePublished\">11\/12\/2023 20:53<\/time><\/div><\/div><\/div><\/div><\/div>","single_layout":"posts","amp_enabled":true,"_links":{"self":[{"href":"https:\/\/www.suno.com.br\/noticias\/wp-json\/wp\/v2\/posts\/498580"}],"collection":[{"href":"https:\/\/www.suno.com.br\/noticias\/wp-json\/wp\/v2\/posts"}],"about":[{"href":"https:\/\/www.suno.com.br\/noticias\/wp-json\/wp\/v2\/types\/post"}],"author":[{"embeddable":true,"href":"https:\/\/www.suno.com.br\/noticias\/wp-json\/wp\/v2\/users\/73"}],"replies":[{"embeddable":true,"href":"https:\/\/www.suno.com.br\/noticias\/wp-json\/wp\/v2\/comments?post=498580"}],"version-history":[{"count":2,"href":"https:\/\/www.suno.com.br\/noticias\/wp-json\/wp\/v2\/posts\/498580\/revisions"}],"predecessor-version":[{"id":498607,"href":"https:\/\/www.suno.com.br\/noticias\/wp-json\/wp\/v2\/posts\/498580\/revisions\/498607"}],"wp:featuredmedia":[{"embeddable":true,"href":"https:\/\/www.suno.com.br\/noticias\/wp-json\/wp\/v2\/media\/143571"}],"wp:attachment":[{"href":"https:\/\/www.suno.com.br\/noticias\/wp-json\/wp\/v2\/media?parent=498580"}],"wp:term":[{"taxonomy":"category","embeddable":true,"href":"https:\/\/www.suno.com.br\/noticias\/wp-json\/wp\/v2\/categories?post=498580"},{"taxonomy":"post_tag","embeddable":true,"href":"https:\/\/www.suno.com.br\/noticias\/wp-json\/wp\/v2\/tags?post=498580"},{"taxonomy":"suno_strategy","embeddable":true,"href":"https:\/\/www.suno.com.br\/noticias\/wp-json\/wp\/v2\/suno_strategy?post=498580"}],"curies":[{"name":"wp","href":"https:\/\/api.w.org\/{rel}","templated":true}]}}