{"id":49850,"date":"2020-01-15T19:21:18","date_gmt":"2020-01-15T21:21:18","guid":{"rendered":"https:\/\/www.suno.com.br\/noticias\/?p=49850"},"modified":"2020-01-15T19:21:18","modified_gmt":"2020-01-15T21:21:18","slug":"gol-planos-nao-serao-afetados-compra-twoflex","status":"publish","type":"post","link":"https:\/\/www.suno.com.br\/noticias\/gol-planos-nao-serao-afetados-compra-twoflex\/","title":{"rendered":"Gol diz que planos n\u00e3o ser\u00e3o afetados por compra da TwoFlex"},"content":{"rendered":"<p>A <a href=\"https:\/\/www.suno.com.br\/acoes\/goll4\/\"><strong>Gol<\/strong> (GOLL4)<\/a> informou, nesta quarta-feira (15), que a compra da TwoFlex por uma de suas principais concorrentes, a <a href=\"https:\/\/www.suno.com.br\/acoes\/azul4\/\">Azul (AZUL4<\/a>), n\u00e3o afeta seu plano de expans\u00e3o regional.<\/p>\t<div class=\"wrapper-featured-image\">\n\t\t<figure class=\"spotlightImg\">\n\n\t\t\t<picture>\n\t\t\t\t<source media=\"(max-width: 768px)\" srcset=\"https:\/\/files.sunoresearch.com.br\/n\/uploads\/2019\/03\/1ef17a77-gol-400x200.webp\">\n\t\t\t\t<img loading=\"lazy\" decoding=\"async\" class=\"newsContent__article__imgCapa lazyloadDisabled newsContent__article__imgCapa--noCaption\" src=\"https:\/\/files.sunoresearch.com.br\/n\/uploads\/2019\/03\/1ef17a77-gol-800x450.webp\" width=\"800\" height=\"450\" alt=\"Gol diz que planos n\u00e3o ser\u00e3o afetados por compra da TwoFlex\" fetchpriority=high \/>\n\t\t\t<\/picture>\n\n\t\t\t<figcaption class=\"wp-caption-text wp-caption-text--hide\">A Gol (GOLL4) aprovou a cria\u00e7\u00e3o de uma holding com a Avianca, e companhia pode ter capital fechado<\/figcaption>\n\t\t<\/figure>\n\t<\/div>\n\n\n\n<p>A a\u00e9rea se manifestou sobre a compra pois, em abril de 2019, a Gol assinou um acordo de compartilhamento de <strong>voos<\/strong> com a <strong>TwoFlex<\/strong>. No entanto, de acordo com a companhia, o acordo representou somente 0,007% do n\u00famero de assentos ofertados no ano passado.<\/p>\n<p>Dessa forma, apenas 4.185 passageiros foram transportados pela TwoFlex na parceria entre as duas empresas. O n\u00famero representa 0,012% dos 35 milh\u00f5es de clientes atendidos pela Gol somente em 2019.<\/p>\n<p>No acordo entre as duas empresas, a Gol vende passagens a\u00e9reas para voos que ser\u00e3o operados pela a\u00e9rea regional.<\/p>\n<p>\u201cA aquisi\u00e7\u00e3o da TwoFlex por uma cong\u00eanere em nada afeta seu plano de expans\u00e3o regional e o processo de democratiza\u00e7\u00e3o do acesso ao transporte a\u00e9reo no pa\u00eds, protagonizado pela Gol ao longo dos 19 anos de sua hist\u00f3ria\u201d, diz o comunicado.<\/p>\n<h2>Compra da TwoFlex pela Azul<\/h2>\n<p>A companhia a\u00e9rea <strong>Azul<\/strong> anunciou, na \u00faltima ter\u00e7a-feira (14), a compra da a\u00e9rea regional Twoflex por R$ 123 milh\u00f5es.<\/p>\n<p>Com a aquisi\u00e7\u00e3o, a Azul poder\u00e1 ampliar sua presen\u00e7a no aeroporto de Congonhas, em S\u00e3o Paulo. A a\u00e9rea aguarda a aprova\u00e7\u00e3o da Ag\u00eancia Nacional de Avia\u00e7\u00e3o Civil (ANAC).<\/p>\n\t<p>\n\t\t<a href=\"https:\/\/lp2.suno.com.br\/onde-investir-2026?utm_campaign=_SNC094D2575_rs.ein26&#038;utm_source=suno.com.br&#038;utm_medium=banner.noticias\" target=\"_blank\" data-element=\"shortcode-suno-banner\" title=\"Banner SUNO, clique e saiba mais\">\n\t\t\t<picture>\n\t\t\t\t<source media=\"(max-width: 500px)\" srcset=\"https:\/\/files.sunoresearch.com.br\/n\/uploads\/2026\/01\/Banner-Materias-01-Mbl_-400x300-1-png.webp\">\n\t\t\t\t<img class=\"newsContent__article__imgCapa newsContent__article__imgCapa--banner\"\n\t\t\t\t\tsrc=\"https:\/\/files.sunoresearch.com.br\/n\/uploads\/2026\/01\/Banner-Materias-01-Dkp_-1420x240-1-png.webp\"\n\t\t\t\t\tdata-promo-id=\"638391\"\t\t\t\t\t\t\t\t\t\twidth='1420' height='240'\t\t\t\t\talt=\"https:\/\/files.sunoresearch.com.br\/n\/uploads\/2026\/01\/Banner-Materias-01-Dkp_-1420x240-1-png.webp\"\n\t\t\t\t>\n\t\t\t<\/picture>\n\t\t<\/a>\n\t<\/p>\n\n\n<p>De acordo com o comunicado divulgado pela empresa: &#8220;A TwoFlex oferece servi\u00e7o regular de passageiros e cargas para 39 destinos no Brasil, dos quais apenas tr\u00eas est\u00e3o sendo atendidos pela Azul. A companhia tamb\u00e9m conta com 14 hor\u00e1rios di\u00e1rios de partidas e chegadas na pista auxiliar de Congonhas, o principal terminal dom\u00e9stico do pa\u00eds. Sua frota \u00e9 composta por 17 aeronaves Cessna Caravan pr\u00f3prias, um turbo\u00e9lice regional monomotor com capacidade para nove passageiros.&#8221;<\/p>\n<h2>Gol seguir\u00e1 com planos de adquirir 737 Max<\/h2>\n<p>O vice-presidente de opera\u00e7\u00f5es da Gol, Celso Ferrer, afirmou, na semana passada, que a a\u00e9rea pretende adquirir 51 aeronaves do modelo <strong>Boeing 737 Max<\/strong> at\u00e9 2024.<\/p>\n<p><a href=\"https:\/\/www.suno.com.br\/noticias\/gol-seguira-plano-adquirir-boeing-737-max\/\">Saiba mais: Gol seguir\u00e1 com plano de adquirir aeronaves Boeing 737 Max<\/a><\/p>\n<p>O modelo foi proibido de operar em mar\u00e7o de 2019 ap\u00f3s dois acidentes, um na <strong>Indon\u00e9sia<\/strong>\u00a0e um na <strong>Eti\u00f3pia<\/strong>, que causaram 346 mortes. Desde a proibi\u00e7\u00e3o, a a\u00e9rea mant\u00e9m sete aeronaves do modelo estacionadas.<\/p>\n<p>\u201cO contrato com a Boeing oferece a possibilidade de atrasar a entrega desses avi\u00f5es, se for necess\u00e1rio. O volume de entregas por ano pode ser alterado em 10 a 20 avi\u00f5es, o que nos d\u00e1 flexibilidade para ajustar a frota\u201d, afirmou o vice-presidente da <strong>Gol<\/strong>.<\/p>\n\n","protected":false},"excerpt":{"rendered":"<p>A Gol (GOLL4) informou, nesta quarta-feira (15), que a compra da TwoFlex por uma de suas principais concorrentes, a Azul (AZUL4), n\u00e3o afeta seu plano de expans\u00e3o regional. A Gol (GOLL4) aprovou a cria\u00e7\u00e3o de uma holding com a Avianca, e companhia pode ter capital fechado A a\u00e9rea se manifestou sobre a compra pois, em [&hellip;]<\/p>\n","protected":false},"author":18,"featured_media":17745,"comment_status":"closed","ping_status":"closed","sticky":false,"template":"","format":"standard","meta":[],"categories":[64],"tags":[106932,489],"suno_strategy":[],"class_list":["post-49850","post","type-post","status-publish","format-standard","has-post-thumbnail","hentry","category-negocios","tag-azul-azul4","tag-gol-linhas-aereas-goll11-goll4"],"yoast_head":"<!-- This site is optimized with the Yoast SEO plugin v24.4 - https:\/\/yoast.com\/wordpress\/plugins\/seo\/ -->\n<title>Gol diz que planos n\u00e3o ser\u00e3o afetados por compra da TwoFlex<\/title>\n<meta name=\"description\" content=\"A Gol informou, nesta quarta-feira (15), que a compra da TwoFlex pela Azul n\u00e3o afeta seu plano de expans\u00e3o regional.\u00a0Clique para saber mais.\" \/>\n<meta name=\"robots\" content=\"index, follow, max-snippet:-1, max-image-preview:large, max-video-preview:-1\" \/>\n<link rel=\"canonical\" href=\"https:\/\/www.suno.com.br\/noticias\/gol-planos-nao-serao-afetados-compra-twoflex\/\" \/>\n<meta property=\"og:locale\" content=\"pt_BR\" \/>\n<meta property=\"og:type\" content=\"article\" \/>\n<meta property=\"og:title\" content=\"Gol diz que planos n\u00e3o ser\u00e3o afetados por compra da TwoFlex\" \/>\n<meta property=\"og:description\" content=\"A Gol informou, nesta quarta-feira (15), que a compra da TwoFlex pela Azul n\u00e3o afeta seu plano de expans\u00e3o regional.\u00a0Clique para saber mais.\" \/>\n<meta property=\"og:url\" content=\"https:\/\/www.suno.com.br\/noticias\/gol-planos-nao-serao-afetados-compra-twoflex\/\" \/>\n<meta property=\"og:site_name\" content=\"Suno Not\u00edcias\" \/>\n<meta property=\"article:publisher\" content=\"https:\/\/facebook.com\/sunoresearch\" \/>\n<meta property=\"og:image\" content=\"https:\/\/files.sunoresearch.com.br\/n\/uploads\/2019\/03\/1ef17a77-gol.jpg\" \/>\n\t<meta property=\"og:image:width\" content=\"1536\" \/>\n\t<meta property=\"og:image:height\" content=\"1024\" \/>\n\t<meta property=\"og:image:type\" content=\"image\/jpeg\" \/>\n<meta name=\"author\" content=\"Giovanna Oliveira\" \/>\n<meta name=\"twitter:card\" content=\"summary_large_image\" \/>\n<meta name=\"twitter:creator\" content=\"@sunoresearch\" \/>\n<meta name=\"twitter:site\" content=\"@sunoresearch\" \/>\n<meta name=\"twitter:label1\" content=\"Escrito por\" \/>\n\t<meta name=\"twitter:data1\" content=\"Giovanna Oliveira\" \/>\n\t<meta name=\"twitter:label2\" content=\"Est. tempo de leitura\" \/>\n\t<meta name=\"twitter:data2\" content=\"2 minutos\" \/>\n<script type=\"application\/ld+json\" class=\"yoast-schema-graph\">{\"@context\":\"https:\/\/schema.org\",\"@graph\":[{\"@type\":\"NewsArticle\",\"@id\":\"https:\/\/www.suno.com.br\/noticias\/gol-planos-nao-serao-afetados-compra-twoflex\/#article\",\"isPartOf\":{\"@id\":\"https:\/\/www.suno.com.br\/noticias\/gol-planos-nao-serao-afetados-compra-twoflex\/\"},\"author\":{\"name\":\"Giovanna Oliveira\",\"@id\":\"https:\/\/www.suno.com.br\/noticias\/#\/schema\/person\/4e19e3d2575736e5283d58eb3199d120\"},\"headline\":\"Gol diz que planos n\u00e3o ser\u00e3o afetados por compra da TwoFlex\",\"datePublished\":\"2020-01-15T21:21:18+00:00\",\"mainEntityOfPage\":{\"@id\":\"https:\/\/www.suno.com.br\/noticias\/gol-planos-nao-serao-afetados-compra-twoflex\/\"},\"wordCount\":463,\"publisher\":{\"@id\":\"https:\/\/www.suno.com.br\/noticias\/#organization\"},\"image\":{\"@id\":\"https:\/\/www.suno.com.br\/noticias\/gol-planos-nao-serao-afetados-compra-twoflex\/#primaryimage\"},\"thumbnailUrl\":\"https:\/\/files.sunoresearch.com.br\/n\/uploads\/2019\/03\/1ef17a77-gol-jpg.webp\",\"keywords\":[\"Azul (AZUL4)\",\"Gol Linhas A\u00e9reas (GOLL11\/GOLL4)\"],\"articleSection\":[\"Neg\u00f3cios\"],\"inLanguage\":\"pt-BR\"},{\"@type\":\"WebPage\",\"@id\":\"https:\/\/www.suno.com.br\/noticias\/gol-planos-nao-serao-afetados-compra-twoflex\/\",\"url\":\"https:\/\/www.suno.com.br\/noticias\/gol-planos-nao-serao-afetados-compra-twoflex\/\",\"name\":\"Gol diz que planos n\u00e3o ser\u00e3o afetados por compra da TwoFlex\",\"isPartOf\":{\"@id\":\"https:\/\/www.suno.com.br\/noticias\/#website\"},\"primaryImageOfPage\":{\"@id\":\"https:\/\/www.suno.com.br\/noticias\/gol-planos-nao-serao-afetados-compra-twoflex\/#primaryimage\"},\"image\":{\"@id\":\"https:\/\/www.suno.com.br\/noticias\/gol-planos-nao-serao-afetados-compra-twoflex\/#primaryimage\"},\"thumbnailUrl\":\"https:\/\/files.sunoresearch.com.br\/n\/uploads\/2019\/03\/1ef17a77-gol-jpg.webp\",\"datePublished\":\"2020-01-15T21:21:18+00:00\",\"description\":\"A Gol informou, nesta quarta-feira (15), que a compra da TwoFlex pela Azul n\u00e3o afeta seu plano de expans\u00e3o regional.\u00a0Clique para saber mais.\",\"breadcrumb\":{\"@id\":\"https:\/\/www.suno.com.br\/noticias\/gol-planos-nao-serao-afetados-compra-twoflex\/#breadcrumb\"},\"inLanguage\":\"pt-BR\",\"potentialAction\":[{\"@type\":\"ReadAction\",\"target\":[\"https:\/\/www.suno.com.br\/noticias\/gol-planos-nao-serao-afetados-compra-twoflex\/\"]}]},{\"@type\":\"ImageObject\",\"inLanguage\":\"pt-BR\",\"@id\":\"https:\/\/www.suno.com.br\/noticias\/gol-planos-nao-serao-afetados-compra-twoflex\/#primaryimage\",\"url\":\"https:\/\/files.sunoresearch.com.br\/n\/uploads\/2019\/03\/1ef17a77-gol-jpg.webp\",\"contentUrl\":\"https:\/\/files.sunoresearch.com.br\/n\/uploads\/2019\/03\/1ef17a77-gol-jpg.webp\",\"width\":1536,\"height\":1024,\"caption\":\"A Gol (GOLL4) aprovou a cria\u00e7\u00e3o de uma holding com a Avianca, e companhia pode ter capital fechado\"},{\"@type\":\"BreadcrumbList\",\"@id\":\"https:\/\/www.suno.com.br\/noticias\/gol-planos-nao-serao-afetados-compra-twoflex\/#breadcrumb\",\"itemListElement\":[{\"@type\":\"ListItem\",\"position\":1,\"name\":\"Not\u00edcias\",\"item\":\"https:\/\/www.suno.com.br\/noticias\/\"},{\"@type\":\"ListItem\",\"position\":2,\"name\":\"Neg\u00f3cios\",\"item\":\"https:\/\/www.suno.com.br\/noticias\/negocios\/\"},{\"@type\":\"ListItem\",\"position\":3,\"name\":\"Gol diz que planos n\u00e3o ser\u00e3o afetados por compra da TwoFlex\"}]},{\"@type\":\"WebSite\",\"@id\":\"https:\/\/www.suno.com.br\/noticias\/#website\",\"url\":\"https:\/\/www.suno.com.br\/noticias\/\",\"name\":\"Suno Not\u00edcias\",\"description\":\"Seu portal de informa\u00e7\u00e3o sobre o mundo dos investimentos\",\"publisher\":{\"@id\":\"https:\/\/www.suno.com.br\/noticias\/#organization\"},\"potentialAction\":[{\"@type\":\"SearchAction\",\"target\":{\"@type\":\"EntryPoint\",\"urlTemplate\":\"https:\/\/www.suno.com.br\/noticias\/?s={search_term_string}\"},\"query-input\":{\"@type\":\"PropertyValueSpecification\",\"valueRequired\":true,\"valueName\":\"search_term_string\"}}],\"inLanguage\":\"pt-BR\"},{\"@type\":\"Organization\",\"@id\":\"https:\/\/www.suno.com.br\/noticias\/#organization\",\"name\":\"Suno Not\u00edcias\",\"url\":\"https:\/\/www.suno.com.br\/noticias\/\",\"logo\":{\"@type\":\"ImageObject\",\"inLanguage\":\"pt-BR\",\"@id\":\"https:\/\/www.suno.com.br\/noticias\/#\/schema\/logo\/image\/\",\"url\":\"https:\/\/files.sunoresearch.com.br\/n\/uploads\/2021\/09\/suno-logo.png\",\"contentUrl\":\"https:\/\/files.sunoresearch.com.br\/n\/uploads\/2021\/09\/suno-logo.png\",\"width\":180,\"height\":180,\"caption\":\"Suno Not\u00edcias\"},\"image\":{\"@id\":\"https:\/\/www.suno.com.br\/noticias\/#\/schema\/logo\/image\/\"},\"sameAs\":[\"https:\/\/facebook.com\/sunoresearch\",\"https:\/\/x.com\/sunoresearch\",\"https:\/\/www.instagram.com\/suno\",\"https:\/\/www.linkedin.com\/company\/suno-research\/\",\"https:\/\/www.youtube.com\/c\/sunoresearch\"]},{\"@type\":\"Person\",\"@id\":\"https:\/\/www.suno.com.br\/noticias\/#\/schema\/person\/4e19e3d2575736e5283d58eb3199d120\",\"name\":\"Giovanna Oliveira\",\"image\":{\"@type\":\"ImageObject\",\"inLanguage\":\"pt-BR\",\"@id\":\"https:\/\/www.suno.com.br\/noticias\/#\/schema\/person\/image\/\",\"url\":\"https:\/\/secure.gravatar.com\/avatar\/9a37b3ae208962ac568992d0ffdbc2eb?s=96&r=g\",\"contentUrl\":\"https:\/\/secure.gravatar.com\/avatar\/9a37b3ae208962ac568992d0ffdbc2eb?s=96&r=g\",\"caption\":\"Giovanna Oliveira\"},\"description\":\"Giovanna Oliveira escreve sobre economia e pol\u00edtica. Foi rep\u00f3rter do portal de jornalismo da ESPM-SP e produziu conte\u00fado para a Corinthians TV. \u00c9 estudante da ESPM.\",\"url\":\"https:\/\/www.suno.com.br\/noticias\/author\/giovanna\/\"}]}<\/script>\n<!-- \/ Yoast SEO plugin. -->","yoast_head_json":{"title":"Gol diz que planos n\u00e3o ser\u00e3o afetados por compra da TwoFlex","description":"A Gol informou, nesta quarta-feira (15), que a compra da TwoFlex pela Azul n\u00e3o afeta seu plano de expans\u00e3o regional.\u00a0Clique para saber mais.","robots":{"index":"index","follow":"follow","max-snippet":"max-snippet:-1","max-image-preview":"max-image-preview:large","max-video-preview":"max-video-preview:-1"},"canonical":"https:\/\/www.suno.com.br\/noticias\/gol-planos-nao-serao-afetados-compra-twoflex\/","og_locale":"pt_BR","og_type":"article","og_title":"Gol diz que planos n\u00e3o ser\u00e3o afetados por compra da TwoFlex","og_description":"A Gol informou, nesta quarta-feira (15), que a compra da TwoFlex pela Azul n\u00e3o afeta seu plano de expans\u00e3o regional.\u00a0Clique para saber mais.","og_url":"https:\/\/www.suno.com.br\/noticias\/gol-planos-nao-serao-afetados-compra-twoflex\/","og_site_name":"Suno Not\u00edcias","article_publisher":"https:\/\/facebook.com\/sunoresearch","og_image":[{"width":1536,"height":1024,"url":"https:\/\/files.sunoresearch.com.br\/n\/uploads\/2019\/03\/1ef17a77-gol.jpg","type":"image\/jpeg"}],"author":"Giovanna Oliveira","twitter_card":"summary_large_image","twitter_creator":"@sunoresearch","twitter_site":"@sunoresearch","twitter_misc":{"Escrito por":"Giovanna Oliveira","Est. tempo de leitura":"2 minutos"},"schema":{"@context":"https:\/\/schema.org","@graph":[{"@type":"NewsArticle","@id":"https:\/\/www.suno.com.br\/noticias\/gol-planos-nao-serao-afetados-compra-twoflex\/#article","isPartOf":{"@id":"https:\/\/www.suno.com.br\/noticias\/gol-planos-nao-serao-afetados-compra-twoflex\/"},"author":{"name":"Giovanna Oliveira","@id":"https:\/\/www.suno.com.br\/noticias\/#\/schema\/person\/4e19e3d2575736e5283d58eb3199d120"},"headline":"Gol diz que planos n\u00e3o ser\u00e3o afetados por compra da TwoFlex","datePublished":"2020-01-15T21:21:18+00:00","mainEntityOfPage":{"@id":"https:\/\/www.suno.com.br\/noticias\/gol-planos-nao-serao-afetados-compra-twoflex\/"},"wordCount":463,"publisher":{"@id":"https:\/\/www.suno.com.br\/noticias\/#organization"},"image":{"@id":"https:\/\/www.suno.com.br\/noticias\/gol-planos-nao-serao-afetados-compra-twoflex\/#primaryimage"},"thumbnailUrl":"https:\/\/files.sunoresearch.com.br\/n\/uploads\/2019\/03\/1ef17a77-gol-jpg.webp","keywords":["Azul (AZUL4)","Gol Linhas A\u00e9reas (GOLL11\/GOLL4)"],"articleSection":["Neg\u00f3cios"],"inLanguage":"pt-BR"},{"@type":"WebPage","@id":"https:\/\/www.suno.com.br\/noticias\/gol-planos-nao-serao-afetados-compra-twoflex\/","url":"https:\/\/www.suno.com.br\/noticias\/gol-planos-nao-serao-afetados-compra-twoflex\/","name":"Gol diz que planos n\u00e3o ser\u00e3o afetados por compra da TwoFlex","isPartOf":{"@id":"https:\/\/www.suno.com.br\/noticias\/#website"},"primaryImageOfPage":{"@id":"https:\/\/www.suno.com.br\/noticias\/gol-planos-nao-serao-afetados-compra-twoflex\/#primaryimage"},"image":{"@id":"https:\/\/www.suno.com.br\/noticias\/gol-planos-nao-serao-afetados-compra-twoflex\/#primaryimage"},"thumbnailUrl":"https:\/\/files.sunoresearch.com.br\/n\/uploads\/2019\/03\/1ef17a77-gol-jpg.webp","datePublished":"2020-01-15T21:21:18+00:00","description":"A Gol informou, nesta quarta-feira (15), que a compra da TwoFlex pela Azul n\u00e3o afeta seu plano de expans\u00e3o regional.\u00a0Clique para saber mais.","breadcrumb":{"@id":"https:\/\/www.suno.com.br\/noticias\/gol-planos-nao-serao-afetados-compra-twoflex\/#breadcrumb"},"inLanguage":"pt-BR","potentialAction":[{"@type":"ReadAction","target":["https:\/\/www.suno.com.br\/noticias\/gol-planos-nao-serao-afetados-compra-twoflex\/"]}]},{"@type":"ImageObject","inLanguage":"pt-BR","@id":"https:\/\/www.suno.com.br\/noticias\/gol-planos-nao-serao-afetados-compra-twoflex\/#primaryimage","url":"https:\/\/files.sunoresearch.com.br\/n\/uploads\/2019\/03\/1ef17a77-gol-jpg.webp","contentUrl":"https:\/\/files.sunoresearch.com.br\/n\/uploads\/2019\/03\/1ef17a77-gol-jpg.webp","width":1536,"height":1024,"caption":"A Gol (GOLL4) aprovou a cria\u00e7\u00e3o de uma holding com a Avianca, e companhia pode ter capital fechado"},{"@type":"BreadcrumbList","@id":"https:\/\/www.suno.com.br\/noticias\/gol-planos-nao-serao-afetados-compra-twoflex\/#breadcrumb","itemListElement":[{"@type":"ListItem","position":1,"name":"Not\u00edcias","item":"https:\/\/www.suno.com.br\/noticias\/"},{"@type":"ListItem","position":2,"name":"Neg\u00f3cios","item":"https:\/\/www.suno.com.br\/noticias\/negocios\/"},{"@type":"ListItem","position":3,"name":"Gol diz que planos n\u00e3o ser\u00e3o afetados por compra da TwoFlex"}]},{"@type":"WebSite","@id":"https:\/\/www.suno.com.br\/noticias\/#website","url":"https:\/\/www.suno.com.br\/noticias\/","name":"Suno Not\u00edcias","description":"Seu portal de informa\u00e7\u00e3o sobre o mundo dos investimentos","publisher":{"@id":"https:\/\/www.suno.com.br\/noticias\/#organization"},"potentialAction":[{"@type":"SearchAction","target":{"@type":"EntryPoint","urlTemplate":"https:\/\/www.suno.com.br\/noticias\/?s={search_term_string}"},"query-input":{"@type":"PropertyValueSpecification","valueRequired":true,"valueName":"search_term_string"}}],"inLanguage":"pt-BR"},{"@type":"Organization","@id":"https:\/\/www.suno.com.br\/noticias\/#organization","name":"Suno Not\u00edcias","url":"https:\/\/www.suno.com.br\/noticias\/","logo":{"@type":"ImageObject","inLanguage":"pt-BR","@id":"https:\/\/www.suno.com.br\/noticias\/#\/schema\/logo\/image\/","url":"https:\/\/files.sunoresearch.com.br\/n\/uploads\/2021\/09\/suno-logo.png","contentUrl":"https:\/\/files.sunoresearch.com.br\/n\/uploads\/2021\/09\/suno-logo.png","width":180,"height":180,"caption":"Suno Not\u00edcias"},"image":{"@id":"https:\/\/www.suno.com.br\/noticias\/#\/schema\/logo\/image\/"},"sameAs":["https:\/\/facebook.com\/sunoresearch","https:\/\/x.com\/sunoresearch","https:\/\/www.instagram.com\/suno","https:\/\/www.linkedin.com\/company\/suno-research\/","https:\/\/www.youtube.com\/c\/sunoresearch"]},{"@type":"Person","@id":"https:\/\/www.suno.com.br\/noticias\/#\/schema\/person\/4e19e3d2575736e5283d58eb3199d120","name":"Giovanna Oliveira","image":{"@type":"ImageObject","inLanguage":"pt-BR","@id":"https:\/\/www.suno.com.br\/noticias\/#\/schema\/person\/image\/","url":"https:\/\/secure.gravatar.com\/avatar\/9a37b3ae208962ac568992d0ffdbc2eb?s=96&r=g","contentUrl":"https:\/\/secure.gravatar.com\/avatar\/9a37b3ae208962ac568992d0ffdbc2eb?s=96&r=g","caption":"Giovanna Oliveira"},"description":"Giovanna Oliveira escreve sobre economia e pol\u00edtica. Foi rep\u00f3rter do portal de jornalismo da ESPM-SP e produziu conte\u00fado para a Corinthians TV. \u00c9 estudante da ESPM.","url":"https:\/\/www.suno.com.br\/noticias\/author\/giovanna\/"}]}},"default_loop_html":"<div class=\"cardsPage__listCard__boxs\"><div class=\"cardsPage__listCard__boxs__img\"><a href=\"https:\/\/www.suno.com.br\/noticias\/gol-planos-nao-serao-afetados-compra-twoflex\/\"><img class=\"mask\" src=\"https:\/\/www.suno.com.br\/noticias\/wp-content\/themes\/suno\/resources\/images\/spotlight\/spotlight1img\/bg-mask.png\" alt=\"Image Mask\"\/><img src=\"https:\/\/files.sunoresearch.com.br\/n\/uploads\/2019\/03\/1ef17a77-gol-400x200.webp\" alt=\"Gol diz que planos n\u00e3o ser\u00e3o afetados por compra da TwoFlex\"\/><\/a><span class=\"spotlightCategory\"><a href=\"https:\/\/www.suno.com.br\/noticias\/negocios\/\">Neg\u00f3cios<\/a><\/span><\/div><div class=\"cardsPage__listCard__boxs__content\"><a href=\"https:\/\/www.suno.com.br\/noticias\/gol-planos-nao-serao-afetados-compra-twoflex\/\"><h2 class=\"content__title\">Gol diz que planos n\u00e3o ser\u00e3o afetados por compra da TwoFlex<\/h2><\/a><div class=\"newsContent__article__meta\"><div class=\"newsContent__article__meta__authorBox\"><a href=\"https:\/\/www.suno.com.br\/noticias\/author\/giovanna\/\" class=\"authorBox__avatar noMobi\"><img src=\"https:\/\/files.sunoresearch.com.br\/n\/uploads\/2019\/06\/952a89ca-screenshot_20190608-171507-150x150.webp\" alt=\"Giovanna Oliveira\"><\/a><div class=\"authorBox__name\"><span>por\n\t\t\t<a href=\"https:\/\/www.suno.com.br\/noticias\/author\/giovanna\/\"><span itemprop=\"author\">Giovanna Oliveira<\/span><\/a><\/span><time datetime=\"2020-01-15T19:21:18-03:00\" itemprop=\"datePublished\">15\/01\/2020 19:21<\/time><\/div><\/div><\/div><\/div><\/div>","single_layout":"posts","amp_enabled":true,"_links":{"self":[{"href":"https:\/\/www.suno.com.br\/noticias\/wp-json\/wp\/v2\/posts\/49850"}],"collection":[{"href":"https:\/\/www.suno.com.br\/noticias\/wp-json\/wp\/v2\/posts"}],"about":[{"href":"https:\/\/www.suno.com.br\/noticias\/wp-json\/wp\/v2\/types\/post"}],"author":[{"embeddable":true,"href":"https:\/\/www.suno.com.br\/noticias\/wp-json\/wp\/v2\/users\/18"}],"replies":[{"embeddable":true,"href":"https:\/\/www.suno.com.br\/noticias\/wp-json\/wp\/v2\/comments?post=49850"}],"version-history":[{"count":0,"href":"https:\/\/www.suno.com.br\/noticias\/wp-json\/wp\/v2\/posts\/49850\/revisions"}],"wp:featuredmedia":[{"embeddable":true,"href":"https:\/\/www.suno.com.br\/noticias\/wp-json\/wp\/v2\/media\/17745"}],"wp:attachment":[{"href":"https:\/\/www.suno.com.br\/noticias\/wp-json\/wp\/v2\/media?parent=49850"}],"wp:term":[{"taxonomy":"category","embeddable":true,"href":"https:\/\/www.suno.com.br\/noticias\/wp-json\/wp\/v2\/categories?post=49850"},{"taxonomy":"post_tag","embeddable":true,"href":"https:\/\/www.suno.com.br\/noticias\/wp-json\/wp\/v2\/tags?post=49850"},{"taxonomy":"suno_strategy","embeddable":true,"href":"https:\/\/www.suno.com.br\/noticias\/wp-json\/wp\/v2\/suno_strategy?post=49850"}],"curies":[{"name":"wp","href":"https:\/\/api.w.org\/{rel}","templated":true}]}}