{"id":498334,"date":"2023-12-11T18:11:49","date_gmt":"2023-12-11T21:11:49","guid":{"rendered":"https:\/\/www.suno.com.br\/noticias\/?p=498334"},"modified":"2023-12-11T19:52:48","modified_gmt":"2023-12-11T22:52:48","slug":"tarcisio-governador-sp-reforma-tributaria-evm","status":"publish","type":"post","link":"https:\/\/www.suno.com.br\/noticias\/tarcisio-governador-sp-reforma-tributaria-evm\/","title":{"rendered":"Tarc\u00edsio reitera cr\u00edticas \u00e0 reforma tribut\u00e1ria e &#8216;incentivos equivocados&#8217;"},"content":{"rendered":"<p>O governador de S\u00e3o Paulo (SP), <a href=\"https:\/\/www.suno.com.br\/noticias\/privatizacao-sabesp-sbsp3-sancao-governo-tarcisio-cpf\/\" target=\"_blank\" rel=\"noreferrer noopener\"><strong>Tarc\u00edsio<\/strong> de Freitas (Republicanos)<\/a>, criticou frontalmente &#8211; e n\u00e3o pela primeira vez &#8211; o atual texto da <a class=\"suno-keyword\" data-force=\"no\" data-priority=\"2\" href=\"https:\/\/www.suno.com.br\/artigos\/reforma-tributaria\/\" target=\"_blank\" rel=\"noopener\">reforma tribut\u00e1ria<\/a>.<\/p><div class=\"videoFull \">\n\t\t\t<div class=\"videoWrapper yt-lazyload center\"\n\t\t\t\tdata-width=\"960\"\n\t\t\t\tdata-height=\"540\"\n\t\t\t\tdata-id=\"VYPmrMvnDPU\"\n\t\t\t\tdata-alt=\"V\u00eddeo do YouTube - clique para reproduzir\"\n\t\t\t\tdata-logo=\"3\"\n\t\t\t\tdata-imagequality=\"maxres\">\n\t\t\t<\/div>\n\t\t<\/div><script type=\"application\/ld+json\">{\"@context\":\"https:\/\/schema.org\",\"@type\":\"VideoObject\",\"name\":\"\ud83d\udd34 IBOVESPA 127 MIL PONTOS | PETROBRAS (PETR4) DISPARA COM PETR\u00d3LEO | NOVIDADES DA B3 (B3SA3)\",\"description\":\"#mercadofinanceiro #a\u00e7\u00f5es #investimentos #bolsadevalores #ibovespa #dinheiro #finan\u00e7as #pol\u00edtica #d\u00f3lar #livedas19h #petr4 #petrobras #vale3 #vale #a\u00e7\u00f5es #economia #dividendos #combust\u00edveis #payroll \ud83d\udd34 Por R$1: acesse nossas recomenda\u00e7\u00f5es de FIIs, a\u00e7\u00f5es E MAIS! Experimente agora o Trial do Suno Premium https:\/\/lp.suno.com.br\/pv\/sr-premium\/trial-1-real\/?utm_source=youtube.noticias&utm_medium=live&utm_campaign=RS.TSP23.ns.20231206&utm_content=lives19hnoticias 00:00 In\u00edcio do v\u00eddeo 02:05 Fechamento de preg\u00e3o 05:55 Petr\u00f3leo se recupera e PETR4 sobe 09:04 Desdobramento\u2026\",\"duration\":\"PT26M39S\",\"embedUrl\":\"https:\/\/www.youtube.com\/embed\/VYPmrMvnDPU\",\"regionsAllowed\":\"en-US\",\"interactionStatistic\":{\"@type\":\"InteractionCounter\",\"interactionType\":{\"@type\":\"WatchAction\"},\"userInteractionCount\":1990},\"thumbnailUrl\":\"https:\/\/i.ytimg.com\/vi\/VYPmrMvnDPU\/default.jpg\",\"uploadDate\":\"2023-12-09T10:34:59Z\"}<\/script>\n\n\n\n\n\t<p>\n\t\t<a href=\"\" target=\"_blank\" data-element=\"shortcode-suno-banner\" title=\"Banner SUNO, clique e saiba mais\">\n\t\t\t<picture>\n\t\t\t\t<source media=\"(max-width: 500px)\" srcset=\"\">\n\t\t\t\t<img class=\"newsContent__article__imgCapa newsContent__article__imgCapa--banner\"\n\t\t\t\t\tsrc=\"\"\n\t\t\t\t\tdata-promo-id=\"240038\"\t\t\t\t\t\t\t\t\t\t\t\t\t\t\talt=\"\"\n\t\t\t\t>\n\t\t\t<\/picture>\n\t\t<\/a>\n\t<\/p>\n\n\n\n\n\n\n\n<p>Durante o evento F\u00f3rum Pol\u00edtico, da XP Investimentos, Tarc\u00edsio declarou que a <strong>reforma tribut\u00e1ria<\/strong> cria incentivos equivocados &#8211; em refer\u00eancia aos jabutis aprovados na reta final que desagradaram especialmente os governadores do Sul e Sudeste.<\/p>\n\n\n\n<p>&#8220;Eu disse e digo de novo: o deputado de S\u00e3o Paulo que votar a favor da do<strong> texto da reforma tribut\u00e1ria <\/strong>est\u00e1 votando contra os interesses do estado de S\u00e3o Paulo&#8221;, disse o governador.<\/p>\n\n\n\n<p>Segundo o pol\u00edtico, atualmente os estados t\u00eam que escolher entre &#8220;sangrar mais&#8221; os segmentos que est\u00e3o passando por problemas no momento atual ou abrir m\u00e3o de grandes cifras no futuro.<\/p>\n\n\n\n<p>\u201cCriamos uma proxy ruim na <a class=\"suno-keyword\" target=\"_blank\" data-force=\"no\" data-priority=\"2\" href=\"https:\/\/www.suno.com.br\/artigos\/reforma-tributaria\/\" rel=\"noopener\">reforma tribut\u00e1ria<\/a>. Temos um per\u00edodo de transi\u00e7\u00e3o em que a divis\u00e3o do bolo vai se dar pela participa\u00e7\u00e3o de cada ente em uma fotografia que vai ser tirada no per\u00edodo de 2024 a 2028. Isso incentiva entes a aumentar al\u00edquota&#8221;, declarou durante o <strong>evento da XP Investimentos<\/strong>.<\/p>\n\n\n\n<p>Sobre os benef\u00edcios fiscais criados que beneficiam estados em espec\u00edfico &#8211; como os inseridos na reforma e que criam benef\u00edcios para a ind\u00fastria automotiva em alguns estados, ou mais mudan\u00e7as na <a class=\"suno-keyword\" data-force=\"no\" data-priority=\"1\" href=\"https:\/\/www.suno.com.br\/artigos\/zona-franca\/\" target=\"_blank\" rel=\"noopener\">Zona Franca<\/a> de Manaus -, o governador questionou: &#8220;Vamos criar mais uma imped\u00e2ncia? Mais uma inefici\u00eancia?&#8221;<\/p>\n\n\n\n<p>O l\u00edder do executivo paulista ainda acrescentou que a inser\u00e7\u00e3o de &#8220;puxadinhos&#8221; que d\u00e3o continuidade \u00e0 <a class=\"suno-keyword\" target=\"_blank\" data-force=\"no\" data-priority=\"1\" href=\"https:\/\/www.suno.com.br\/artigos\/guerra-fiscal\/\" rel=\"noopener\">guerra fiscal<\/a> s\u00e3o vistos como uma sinaliza\u00e7\u00e3o negativa e prejudicam S\u00e3o Paulo.<\/p>\n\n\n\t<p>\n\t\t<a href=\"https:\/\/lp.suno.com.br\/ebook-gratuito-investindo-no-exterior\/\" target=\"_blank\" data-element=\"shortcode-suno-banner\" title=\"Banner SUNO, clique e saiba mais\">\n\t\t\t<picture>\n\t\t\t\t<source media=\"(max-width: 500px)\" srcset=\"https:\/\/files.sunoresearch.com.br\/n\/uploads\/2023\/03\/400x300-Investindo-no-exterior.png\">\n\t\t\t\t<img class=\"newsContent__article__imgCapa newsContent__article__imgCapa--banner\"\n\t\t\t\t\tsrc=\"https:\/\/files.sunoresearch.com.br\/n\/uploads\/2023\/03\/1420x240-Investindo-no-exterior.png\"\n\t\t\t\t\tdata-promo-id=\"383161\"\t\t\t\t\t\t\t\t\t\twidth='1420' height='240'\t\t\t\t\talt=\"https:\/\/files.sunoresearch.com.br\/n\/uploads\/2023\/03\/1420x240-Investindo-no-exterior.png\"\n\t\t\t\t>\n\t\t\t<\/picture>\n\t\t<\/a>\n\t<\/p>\n\n\n\n\n\n<h2 class=\"wp-block-heading\">Tarc\u00edsio: Tem ind\u00fastria sem encomenda neste fim de ano e aumentar ICMS agora seria uma covardia<\/h2>\n\n\n\n<p>O governador de S\u00e3o Paulo, Tarc\u00edsio de Freitas (Republicanos), assegurou nesta segunda-feira, 11, que n\u00e3o pretende elevar al\u00edquotas de ICMS do Estado. Durante f\u00f3rum da XP, ele disse que seria covardia aumentar imposto num momento em que algumas ind\u00fastrias est\u00e3o sem encomendas.<\/p>\n\n\n\n<p>Sem motivos para acreditar em aumento estrutural da arrecada\u00e7\u00e3o, que j\u00e1 est\u00e1 em baixa, Tarc\u00edsio prometeu enfrentar a situa\u00e7\u00e3o com cortes de gastos.<\/p>\n\n\n\n<p>&#8220;A quest\u00e3o n\u00e3o \u00e9 mais se cortar gastos \u00e9 poss\u00edvel, temos de cortar gastos&#8221;, declarou.<\/p>\n\n\n\n<h2 class=\"wp-block-heading\">&#8216;Se quiser universalizar saneamento, tem de privatizar Sabesp&#8217;<\/h2>\n\n\n\n<p>O governador de S\u00e3o Paulo, Tarc\u00edsio de Freitas (Republicanos), afirmou nesta segunda-feira, 11, que, o objetivo da privatiza\u00e7\u00e3o da Sabesp, aprovada na semana passada pela Assembleia Legislativa de S\u00e3o Paulo, \u00e9 fazer com que o fornecimento de \u00e1gua pot\u00e1vel e tratamento de esgoto cheguem a todos. &#8220;Para fazer omelete, tem de quebrar ovos. Se quiser universalizar o saneamento, tem de privatizar&#8221;, declarou.<\/p>\n\n\n\n<p>O governador comentou que a privatiza\u00e7\u00e3o da Sabesp n\u00e3o tem objetivo arrecadat\u00f3rio. Se fosse o caso, emendou, o processo n\u00e3o incluiria um fundo para universaliza\u00e7\u00e3o do saneamento, que, conforme o projeto, vai receber 30% do valor levantado com a venda das a\u00e7\u00f5es.<\/p>\n\n\n\n<p>&#8220;Se fosse arrecadat\u00f3rio, vender\u00edamos a Sabesp inteira &#8230; Estamos trazendo um parceiro&#8221;, acrescentou o governador, pontuando que o governo busca um investidor que olhe para o crescimento da empresa no longo prazo.<\/p>\n\n\n\n<p>Segundo o governador, com a privatiza\u00e7\u00e3o da companhia de saneamento, a tarifa dos servi\u00e7os prestados pela Sabesp deve subir, por\u00e9m menos do que subiria sem a desestatiza\u00e7\u00e3o.<\/p>\n\n\n\n<p>Segundo Tarc\u00edsio, a expans\u00e3o da base de ativos da companhia a partir da privatiza\u00e7\u00e3o n\u00e3o implicar\u00e1 em uma expans\u00e3o proporcional de tarifas. O governador n\u00e3o descartou a possibilidade de judicializa\u00e7\u00e3o. Ressaltou, por\u00e9m, que a qualidade do processo deve assegurar a conclus\u00e3o da opera\u00e7\u00e3o.<\/p>\n\n\n\n<p>Tarc\u00edsio tamb\u00e9m disse n\u00e3o ter receio de o processo de venda da Sabesp ser prejudicado pelas elei\u00e7\u00f5es municipais de outubro do ano que vem. &#8220;At\u00e9 l\u00e1, o processo ter\u00e1 ocorrido&#8221;, assinalou.<\/p>\n\n\n\n<h2 class=\"wp-block-heading\">Se estados n\u00e3o cortarem gastos, v\u00e3o quebrar, diz Tarc\u00edsio<\/h2>\n\n\n\n<p>Durante o evento, o <strong>governador de S\u00e3o Paulo<\/strong> ainda declarou que &#8220;se os estados n\u00e3o cortarem gastos, v\u00e3o quebrar, e v\u00e3o quebrar mesmo&#8221;.<\/p>\n\n\n\n<p>Segundo o l\u00edder do executivo estadual, apesar das quest\u00f5es ideol\u00f3gicas, as medidas de autoridade fiscal se fazem plenamente necess\u00e1rios.<\/p>\n\n\n\n<p>&#8220;Temos que cortar gastos, e vamos cortar. \u00c9 dif\u00edcil porque tem oposi\u00e7\u00e3o, tem rea\u00e7\u00e3o, mas independente da dor de cabe\u00e7a temos que cortar, porque do contr\u00e1rio o Estado vai pagar uma conta muito salgada l\u00e1 na frente&#8221;, disse <strong>Tarc\u00edsio<\/strong>.<\/p>\n\n\n\n<p><em>Com Estad\u00e3o Conte\u00fado<\/em><\/p>\n\n\n\t<p>\n\t\t<a href=\"https:\/\/lp.suno.com.br\/planilha-da-vida-financeira\/\" target=\"_blank\" data-element=\"shortcode-suno-banner\" title=\"Banner SUNO, clique e saiba mais\">\n\t\t\t<picture>\n\t\t\t\t<source media=\"(max-width: 500px)\" srcset=\"https:\/\/files.sunoresearch.com.br\/n\/uploads\/2023\/04\/400x300-Planilha-vida-financeira-true.png\">\n\t\t\t\t<img class=\"newsContent__article__imgCapa newsContent__article__imgCapa--banner\"\n\t\t\t\t\tsrc=\"https:\/\/files.sunoresearch.com.br\/n\/uploads\/2023\/04\/1420x240-Planilha-vida-financeira-true.png\"\n\t\t\t\t\tdata-promo-id=\"383123\"\t\t\t\t\t\t\t\t\t\twidth='1420' height='240'\t\t\t\t\talt=\"https:\/\/files.sunoresearch.com.br\/n\/uploads\/2023\/04\/1420x240-Planilha-vida-financeira-true.png\"\n\t\t\t\t>\n\t\t\t<\/picture>\n\t\t<\/a>\n\t<\/p>\n\n\n","protected":false},"excerpt":{"rendered":"<p>O governador de S\u00e3o Paulo (SP), Tarc\u00edsio de Freitas (Republicanos), criticou frontalmente &#8211; e n\u00e3o pela primeira vez &#8211; o atual texto da reforma tribut\u00e1ria. Durante o evento F\u00f3rum Pol\u00edtico, da XP Investimentos, Tarc\u00edsio declarou que a reforma tribut\u00e1ria cria incentivos equivocados &#8211; em refer\u00eancia aos jabutis aprovados na reta final que desagradaram especialmente os [&hellip;]<\/p>\n","protected":false},"author":73,"featured_media":339693,"comment_status":"closed","ping_status":"closed","sticky":false,"template":"","format":"standard","meta":[],"categories":[64],"tags":[105816,843],"suno_strategy":[],"class_list":["post-498334","post","type-post","status-publish","format-standard","has-post-thumbnail","hentry","category-negocios","tag-especialistas","tag-sao-paulo"],"yoast_head":"<!-- This site is optimized with the Yoast SEO plugin v24.4 - https:\/\/yoast.com\/wordpress\/plugins\/seo\/ -->\n<title>Tarc\u00edsio reitera cr\u00edticas \u00e0 reforma tribut\u00e1ria e &#039;incentivos equivocados&#039;<\/title>\n<meta name=\"description\" content=\"Durante o evento F\u00f3rum Pol\u00edtico, da XP Investimentos, Tarc\u00edsio criticou os jabutis aprovados na reta final que prejudicam SP\" \/>\n<meta name=\"robots\" content=\"index, follow, max-snippet:-1, max-image-preview:large, max-video-preview:-1\" \/>\n<link rel=\"canonical\" href=\"https:\/\/www.suno.com.br\/noticias\/tarcisio-governador-sp-reforma-tributaria-evm\/\" \/>\n<meta property=\"og:locale\" content=\"pt_BR\" \/>\n<meta property=\"og:type\" content=\"article\" \/>\n<meta property=\"og:title\" content=\"Tarc\u00edsio reitera cr\u00edticas \u00e0 reforma tribut\u00e1ria e &#039;incentivos equivocados&#039;\" \/>\n<meta property=\"og:description\" content=\"Durante o evento F\u00f3rum Pol\u00edtico, da XP Investimentos, Tarc\u00edsio criticou os jabutis aprovados na reta final que prejudicam SP\" \/>\n<meta property=\"og:url\" content=\"https:\/\/www.suno.com.br\/noticias\/tarcisio-governador-sp-reforma-tributaria-evm\/\" \/>\n<meta property=\"og:site_name\" content=\"Suno Not\u00edcias\" \/>\n<meta property=\"article:publisher\" content=\"https:\/\/facebook.com\/sunoresearch\" \/>\n<meta property=\"og:image\" content=\"https:\/\/files.sunoresearch.com.br\/n\/uploads\/2023\/01\/Tarcisio-de-Freitas.jpg\" \/>\n\t<meta property=\"og:image:width\" content=\"1350\" \/>\n\t<meta property=\"og:image:height\" content=\"808\" \/>\n\t<meta property=\"og:image:type\" content=\"image\/jpeg\" \/>\n<meta name=\"author\" content=\"Eduardo Vargas\" \/>\n<meta name=\"twitter:card\" content=\"summary_large_image\" \/>\n<meta name=\"twitter:creator\" content=\"@sunoresearch\" \/>\n<meta name=\"twitter:site\" content=\"@sunoresearch\" \/>\n<meta name=\"twitter:label1\" content=\"Escrito por\" \/>\n\t<meta name=\"twitter:data1\" content=\"Eduardo Vargas\" \/>\n\t<meta name=\"twitter:label2\" content=\"Est. tempo de leitura\" \/>\n\t<meta name=\"twitter:data2\" content=\"4 minutos\" \/>\n<script type=\"application\/ld+json\" class=\"yoast-schema-graph\">{\"@context\":\"https:\/\/schema.org\",\"@graph\":[{\"@type\":\"NewsArticle\",\"@id\":\"https:\/\/www.suno.com.br\/noticias\/tarcisio-governador-sp-reforma-tributaria-evm\/#article\",\"isPartOf\":{\"@id\":\"https:\/\/www.suno.com.br\/noticias\/tarcisio-governador-sp-reforma-tributaria-evm\/\"},\"author\":{\"name\":\"Eduardo Vargas\",\"@id\":\"https:\/\/www.suno.com.br\/noticias\/#\/schema\/person\/7f4d362bf3518e76090143ae77bb49a5\"},\"headline\":\"Tarc\u00edsio reitera cr\u00edticas \u00e0 reforma tribut\u00e1ria e &#8216;incentivos equivocados&#8217;\",\"datePublished\":\"2023-12-11T21:11:49+00:00\",\"dateModified\":\"2023-12-11T22:52:48+00:00\",\"mainEntityOfPage\":{\"@id\":\"https:\/\/www.suno.com.br\/noticias\/tarcisio-governador-sp-reforma-tributaria-evm\/\"},\"wordCount\":795,\"publisher\":{\"@id\":\"https:\/\/www.suno.com.br\/noticias\/#organization\"},\"image\":{\"@id\":\"https:\/\/www.suno.com.br\/noticias\/tarcisio-governador-sp-reforma-tributaria-evm\/#primaryimage\"},\"thumbnailUrl\":\"https:\/\/files.sunoresearch.com.br\/n\/uploads\/2023\/01\/Tarcisio-de-Freitas.jpg\",\"keywords\":[\"Especialistas\",\"S\u00e3o Paulo\"],\"articleSection\":[\"Neg\u00f3cios\"],\"inLanguage\":\"pt-BR\"},{\"@type\":\"WebPage\",\"@id\":\"https:\/\/www.suno.com.br\/noticias\/tarcisio-governador-sp-reforma-tributaria-evm\/\",\"url\":\"https:\/\/www.suno.com.br\/noticias\/tarcisio-governador-sp-reforma-tributaria-evm\/\",\"name\":\"Tarc\u00edsio reitera cr\u00edticas \u00e0 reforma tribut\u00e1ria e 'incentivos equivocados'\",\"isPartOf\":{\"@id\":\"https:\/\/www.suno.com.br\/noticias\/#website\"},\"primaryImageOfPage\":{\"@id\":\"https:\/\/www.suno.com.br\/noticias\/tarcisio-governador-sp-reforma-tributaria-evm\/#primaryimage\"},\"image\":{\"@id\":\"https:\/\/www.suno.com.br\/noticias\/tarcisio-governador-sp-reforma-tributaria-evm\/#primaryimage\"},\"thumbnailUrl\":\"https:\/\/files.sunoresearch.com.br\/n\/uploads\/2023\/01\/Tarcisio-de-Freitas.jpg\",\"datePublished\":\"2023-12-11T21:11:49+00:00\",\"dateModified\":\"2023-12-11T22:52:48+00:00\",\"description\":\"Durante o evento F\u00f3rum Pol\u00edtico, da XP Investimentos, Tarc\u00edsio criticou os jabutis aprovados na reta final que prejudicam SP\",\"breadcrumb\":{\"@id\":\"https:\/\/www.suno.com.br\/noticias\/tarcisio-governador-sp-reforma-tributaria-evm\/#breadcrumb\"},\"inLanguage\":\"pt-BR\",\"potentialAction\":[{\"@type\":\"ReadAction\",\"target\":[\"https:\/\/www.suno.com.br\/noticias\/tarcisio-governador-sp-reforma-tributaria-evm\/\"]}]},{\"@type\":\"ImageObject\",\"inLanguage\":\"pt-BR\",\"@id\":\"https:\/\/www.suno.com.br\/noticias\/tarcisio-governador-sp-reforma-tributaria-evm\/#primaryimage\",\"url\":\"https:\/\/files.sunoresearch.com.br\/n\/uploads\/2023\/01\/Tarcisio-de-Freitas.jpg\",\"contentUrl\":\"https:\/\/files.sunoresearch.com.br\/n\/uploads\/2023\/01\/Tarcisio-de-Freitas.jpg\",\"width\":1350,\"height\":808,\"caption\":\"Tarcisio de Freitas se reuniu com Lula e discutiu a privatiza\u00e7\u00e3o do Porto de Santos. Foto: Alesp\/Divulga\u00e7\u00e3o\"},{\"@type\":\"BreadcrumbList\",\"@id\":\"https:\/\/www.suno.com.br\/noticias\/tarcisio-governador-sp-reforma-tributaria-evm\/#breadcrumb\",\"itemListElement\":[{\"@type\":\"ListItem\",\"position\":1,\"name\":\"Not\u00edcias\",\"item\":\"https:\/\/www.suno.com.br\/noticias\/\"},{\"@type\":\"ListItem\",\"position\":2,\"name\":\"Neg\u00f3cios\",\"item\":\"https:\/\/www.suno.com.br\/noticias\/negocios\/\"},{\"@type\":\"ListItem\",\"position\":3,\"name\":\"Tarc\u00edsio reitera cr\u00edticas \u00e0 reforma tribut\u00e1ria e &#8216;incentivos equivocados&#8217;\"}]},{\"@type\":\"WebSite\",\"@id\":\"https:\/\/www.suno.com.br\/noticias\/#website\",\"url\":\"https:\/\/www.suno.com.br\/noticias\/\",\"name\":\"Suno Not\u00edcias\",\"description\":\"Seu portal de informa\u00e7\u00e3o sobre o mundo dos investimentos\",\"publisher\":{\"@id\":\"https:\/\/www.suno.com.br\/noticias\/#organization\"},\"potentialAction\":[{\"@type\":\"SearchAction\",\"target\":{\"@type\":\"EntryPoint\",\"urlTemplate\":\"https:\/\/www.suno.com.br\/noticias\/?s={search_term_string}\"},\"query-input\":{\"@type\":\"PropertyValueSpecification\",\"valueRequired\":true,\"valueName\":\"search_term_string\"}}],\"inLanguage\":\"pt-BR\"},{\"@type\":\"Organization\",\"@id\":\"https:\/\/www.suno.com.br\/noticias\/#organization\",\"name\":\"Suno Not\u00edcias\",\"url\":\"https:\/\/www.suno.com.br\/noticias\/\",\"logo\":{\"@type\":\"ImageObject\",\"inLanguage\":\"pt-BR\",\"@id\":\"https:\/\/www.suno.com.br\/noticias\/#\/schema\/logo\/image\/\",\"url\":\"https:\/\/files.sunoresearch.com.br\/n\/uploads\/2021\/09\/suno-logo.png\",\"contentUrl\":\"https:\/\/files.sunoresearch.com.br\/n\/uploads\/2021\/09\/suno-logo.png\",\"width\":180,\"height\":180,\"caption\":\"Suno Not\u00edcias\"},\"image\":{\"@id\":\"https:\/\/www.suno.com.br\/noticias\/#\/schema\/logo\/image\/\"},\"sameAs\":[\"https:\/\/facebook.com\/sunoresearch\",\"https:\/\/x.com\/sunoresearch\",\"https:\/\/www.instagram.com\/suno\",\"https:\/\/www.linkedin.com\/company\/suno-research\/\",\"https:\/\/www.youtube.com\/c\/sunoresearch\"]},{\"@type\":\"Person\",\"@id\":\"https:\/\/www.suno.com.br\/noticias\/#\/schema\/person\/7f4d362bf3518e76090143ae77bb49a5\",\"name\":\"Eduardo Vargas\",\"image\":{\"@type\":\"ImageObject\",\"inLanguage\":\"pt-BR\",\"@id\":\"https:\/\/www.suno.com.br\/noticias\/#\/schema\/person\/image\/\",\"url\":\"https:\/\/secure.gravatar.com\/avatar\/dac340933427a22924c9f99d1eb2e3f2?s=96&r=g\",\"contentUrl\":\"https:\/\/secure.gravatar.com\/avatar\/dac340933427a22924c9f99d1eb2e3f2?s=96&r=g\",\"caption\":\"Eduardo Vargas\"},\"description\":\"Jornalista formado pela UFSC, cobre macroeconomia, neg\u00f3cios e startups para o Suno Not\u00edcias, escrevendo principalmente not\u00edcias sobre o mercado financeiro e a bolsa de valores. No YouTube e no Instagram, \u00e9 respons\u00e1vel pela produ\u00e7\u00e3o de Reels e Shorts do Suno Not\u00edcias. Anteriormente, trabalhou cobrindo economia e cotidiano no ND+ e para o ND, maior jornal impresso de Santa Catarina. Cursou um semestre letivo de Estudos de M\u00eddia na Universidad de Buenos Aires.\",\"url\":\"https:\/\/www.suno.com.br\/noticias\/author\/eduardo-vargas\/\"}]}<\/script>\n<!-- \/ Yoast SEO plugin. -->","yoast_head_json":{"title":"Tarc\u00edsio reitera cr\u00edticas \u00e0 reforma tribut\u00e1ria e 'incentivos equivocados'","description":"Durante o evento F\u00f3rum Pol\u00edtico, da XP Investimentos, Tarc\u00edsio criticou os jabutis aprovados na reta final que prejudicam SP","robots":{"index":"index","follow":"follow","max-snippet":"max-snippet:-1","max-image-preview":"max-image-preview:large","max-video-preview":"max-video-preview:-1"},"canonical":"https:\/\/www.suno.com.br\/noticias\/tarcisio-governador-sp-reforma-tributaria-evm\/","og_locale":"pt_BR","og_type":"article","og_title":"Tarc\u00edsio reitera cr\u00edticas \u00e0 reforma tribut\u00e1ria e 'incentivos equivocados'","og_description":"Durante o evento F\u00f3rum Pol\u00edtico, da XP Investimentos, Tarc\u00edsio criticou os jabutis aprovados na reta final que prejudicam SP","og_url":"https:\/\/www.suno.com.br\/noticias\/tarcisio-governador-sp-reforma-tributaria-evm\/","og_site_name":"Suno Not\u00edcias","article_publisher":"https:\/\/facebook.com\/sunoresearch","og_image":[{"width":1350,"height":808,"url":"https:\/\/files.sunoresearch.com.br\/n\/uploads\/2023\/01\/Tarcisio-de-Freitas.jpg","type":"image\/jpeg"}],"author":"Eduardo Vargas","twitter_card":"summary_large_image","twitter_creator":"@sunoresearch","twitter_site":"@sunoresearch","twitter_misc":{"Escrito por":"Eduardo Vargas","Est. tempo de leitura":"4 minutos"},"schema":{"@context":"https:\/\/schema.org","@graph":[{"@type":"NewsArticle","@id":"https:\/\/www.suno.com.br\/noticias\/tarcisio-governador-sp-reforma-tributaria-evm\/#article","isPartOf":{"@id":"https:\/\/www.suno.com.br\/noticias\/tarcisio-governador-sp-reforma-tributaria-evm\/"},"author":{"name":"Eduardo Vargas","@id":"https:\/\/www.suno.com.br\/noticias\/#\/schema\/person\/7f4d362bf3518e76090143ae77bb49a5"},"headline":"Tarc\u00edsio reitera cr\u00edticas \u00e0 reforma tribut\u00e1ria e &#8216;incentivos equivocados&#8217;","datePublished":"2023-12-11T21:11:49+00:00","dateModified":"2023-12-11T22:52:48+00:00","mainEntityOfPage":{"@id":"https:\/\/www.suno.com.br\/noticias\/tarcisio-governador-sp-reforma-tributaria-evm\/"},"wordCount":795,"publisher":{"@id":"https:\/\/www.suno.com.br\/noticias\/#organization"},"image":{"@id":"https:\/\/www.suno.com.br\/noticias\/tarcisio-governador-sp-reforma-tributaria-evm\/#primaryimage"},"thumbnailUrl":"https:\/\/files.sunoresearch.com.br\/n\/uploads\/2023\/01\/Tarcisio-de-Freitas.jpg","keywords":["Especialistas","S\u00e3o Paulo"],"articleSection":["Neg\u00f3cios"],"inLanguage":"pt-BR"},{"@type":"WebPage","@id":"https:\/\/www.suno.com.br\/noticias\/tarcisio-governador-sp-reforma-tributaria-evm\/","url":"https:\/\/www.suno.com.br\/noticias\/tarcisio-governador-sp-reforma-tributaria-evm\/","name":"Tarc\u00edsio reitera cr\u00edticas \u00e0 reforma tribut\u00e1ria e 'incentivos equivocados'","isPartOf":{"@id":"https:\/\/www.suno.com.br\/noticias\/#website"},"primaryImageOfPage":{"@id":"https:\/\/www.suno.com.br\/noticias\/tarcisio-governador-sp-reforma-tributaria-evm\/#primaryimage"},"image":{"@id":"https:\/\/www.suno.com.br\/noticias\/tarcisio-governador-sp-reforma-tributaria-evm\/#primaryimage"},"thumbnailUrl":"https:\/\/files.sunoresearch.com.br\/n\/uploads\/2023\/01\/Tarcisio-de-Freitas.jpg","datePublished":"2023-12-11T21:11:49+00:00","dateModified":"2023-12-11T22:52:48+00:00","description":"Durante o evento F\u00f3rum Pol\u00edtico, da XP Investimentos, Tarc\u00edsio criticou os jabutis aprovados na reta final que prejudicam SP","breadcrumb":{"@id":"https:\/\/www.suno.com.br\/noticias\/tarcisio-governador-sp-reforma-tributaria-evm\/#breadcrumb"},"inLanguage":"pt-BR","potentialAction":[{"@type":"ReadAction","target":["https:\/\/www.suno.com.br\/noticias\/tarcisio-governador-sp-reforma-tributaria-evm\/"]}]},{"@type":"ImageObject","inLanguage":"pt-BR","@id":"https:\/\/www.suno.com.br\/noticias\/tarcisio-governador-sp-reforma-tributaria-evm\/#primaryimage","url":"https:\/\/files.sunoresearch.com.br\/n\/uploads\/2023\/01\/Tarcisio-de-Freitas.jpg","contentUrl":"https:\/\/files.sunoresearch.com.br\/n\/uploads\/2023\/01\/Tarcisio-de-Freitas.jpg","width":1350,"height":808,"caption":"Tarcisio de Freitas se reuniu com Lula e discutiu a privatiza\u00e7\u00e3o do Porto de Santos. Foto: Alesp\/Divulga\u00e7\u00e3o"},{"@type":"BreadcrumbList","@id":"https:\/\/www.suno.com.br\/noticias\/tarcisio-governador-sp-reforma-tributaria-evm\/#breadcrumb","itemListElement":[{"@type":"ListItem","position":1,"name":"Not\u00edcias","item":"https:\/\/www.suno.com.br\/noticias\/"},{"@type":"ListItem","position":2,"name":"Neg\u00f3cios","item":"https:\/\/www.suno.com.br\/noticias\/negocios\/"},{"@type":"ListItem","position":3,"name":"Tarc\u00edsio reitera cr\u00edticas \u00e0 reforma tribut\u00e1ria e &#8216;incentivos equivocados&#8217;"}]},{"@type":"WebSite","@id":"https:\/\/www.suno.com.br\/noticias\/#website","url":"https:\/\/www.suno.com.br\/noticias\/","name":"Suno Not\u00edcias","description":"Seu portal de informa\u00e7\u00e3o sobre o mundo dos investimentos","publisher":{"@id":"https:\/\/www.suno.com.br\/noticias\/#organization"},"potentialAction":[{"@type":"SearchAction","target":{"@type":"EntryPoint","urlTemplate":"https:\/\/www.suno.com.br\/noticias\/?s={search_term_string}"},"query-input":{"@type":"PropertyValueSpecification","valueRequired":true,"valueName":"search_term_string"}}],"inLanguage":"pt-BR"},{"@type":"Organization","@id":"https:\/\/www.suno.com.br\/noticias\/#organization","name":"Suno Not\u00edcias","url":"https:\/\/www.suno.com.br\/noticias\/","logo":{"@type":"ImageObject","inLanguage":"pt-BR","@id":"https:\/\/www.suno.com.br\/noticias\/#\/schema\/logo\/image\/","url":"https:\/\/files.sunoresearch.com.br\/n\/uploads\/2021\/09\/suno-logo.png","contentUrl":"https:\/\/files.sunoresearch.com.br\/n\/uploads\/2021\/09\/suno-logo.png","width":180,"height":180,"caption":"Suno Not\u00edcias"},"image":{"@id":"https:\/\/www.suno.com.br\/noticias\/#\/schema\/logo\/image\/"},"sameAs":["https:\/\/facebook.com\/sunoresearch","https:\/\/x.com\/sunoresearch","https:\/\/www.instagram.com\/suno","https:\/\/www.linkedin.com\/company\/suno-research\/","https:\/\/www.youtube.com\/c\/sunoresearch"]},{"@type":"Person","@id":"https:\/\/www.suno.com.br\/noticias\/#\/schema\/person\/7f4d362bf3518e76090143ae77bb49a5","name":"Eduardo Vargas","image":{"@type":"ImageObject","inLanguage":"pt-BR","@id":"https:\/\/www.suno.com.br\/noticias\/#\/schema\/person\/image\/","url":"https:\/\/secure.gravatar.com\/avatar\/dac340933427a22924c9f99d1eb2e3f2?s=96&r=g","contentUrl":"https:\/\/secure.gravatar.com\/avatar\/dac340933427a22924c9f99d1eb2e3f2?s=96&r=g","caption":"Eduardo Vargas"},"description":"Jornalista formado pela UFSC, cobre macroeconomia, neg\u00f3cios e startups para o Suno Not\u00edcias, escrevendo principalmente not\u00edcias sobre o mercado financeiro e a bolsa de valores. No YouTube e no Instagram, \u00e9 respons\u00e1vel pela produ\u00e7\u00e3o de Reels e Shorts do Suno Not\u00edcias. Anteriormente, trabalhou cobrindo economia e cotidiano no ND+ e para o ND, maior jornal impresso de Santa Catarina. Cursou um semestre letivo de Estudos de M\u00eddia na Universidad de Buenos Aires.","url":"https:\/\/www.suno.com.br\/noticias\/author\/eduardo-vargas\/"}]}},"default_loop_html":"<div class=\"cardsPage__listCard__boxs\"><div class=\"cardsPage__listCard__boxs__img\"><a href=\"https:\/\/www.suno.com.br\/noticias\/tarcisio-governador-sp-reforma-tributaria-evm\/\"><img class=\"mask\" src=\"https:\/\/www.suno.com.br\/noticias\/wp-content\/themes\/suno\/resources\/images\/spotlight\/spotlight1img\/bg-mask.png\" alt=\"Image Mask\"\/><img src=\"https:\/\/files.sunoresearch.com.br\/n\/uploads\/2023\/01\/Tarcisio-de-Freitas-400x200.jpg\" alt=\"Tarc\u00edsio reitera cr\u00edticas \u00e0 reforma tribut\u00e1ria e &#8216;incentivos equivocados&#8217;\"\/><\/a><span class=\"spotlightCategory\"><a href=\"https:\/\/www.suno.com.br\/noticias\/negocios\/\">Neg\u00f3cios<\/a><\/span><\/div><div class=\"cardsPage__listCard__boxs__content\"><a href=\"https:\/\/www.suno.com.br\/noticias\/tarcisio-governador-sp-reforma-tributaria-evm\/\"><h2 class=\"content__title\">Tarc\u00edsio reitera cr\u00edticas \u00e0 reforma tribut\u00e1ria e &#8216;incentivos equivocados&#8217;<\/h2><\/a><div class=\"newsContent__article__meta\"><div class=\"newsContent__article__meta__authorBox\"><a href=\"https:\/\/www.suno.com.br\/noticias\/author\/eduardo-vargas\/\" class=\"authorBox__avatar noMobi\"><img src=\"https:\/\/secure.gravatar.com\/avatar\/dac340933427a22924c9f99d1eb2e3f2?s=96&#038;r=g\" alt=\"Eduardo Vargas\"><\/a><div class=\"authorBox__name\"><span>por\n\t\t\t<a href=\"https:\/\/www.suno.com.br\/noticias\/author\/eduardo-vargas\/\"><span itemprop=\"author\">Eduardo Vargas<\/span><\/a><\/span><time datetime=\"2023-12-11T18:11:49-03:00\" itemprop=\"datePublished\">11\/12\/2023 18:11<\/time><\/div><\/div><\/div><\/div><\/div>","single_layout":"posts","amp_enabled":true,"_links":{"self":[{"href":"https:\/\/www.suno.com.br\/noticias\/wp-json\/wp\/v2\/posts\/498334"}],"collection":[{"href":"https:\/\/www.suno.com.br\/noticias\/wp-json\/wp\/v2\/posts"}],"about":[{"href":"https:\/\/www.suno.com.br\/noticias\/wp-json\/wp\/v2\/types\/post"}],"author":[{"embeddable":true,"href":"https:\/\/www.suno.com.br\/noticias\/wp-json\/wp\/v2\/users\/73"}],"replies":[{"embeddable":true,"href":"https:\/\/www.suno.com.br\/noticias\/wp-json\/wp\/v2\/comments?post=498334"}],"version-history":[{"count":2,"href":"https:\/\/www.suno.com.br\/noticias\/wp-json\/wp\/v2\/posts\/498334\/revisions"}],"predecessor-version":[{"id":498566,"href":"https:\/\/www.suno.com.br\/noticias\/wp-json\/wp\/v2\/posts\/498334\/revisions\/498566"}],"wp:featuredmedia":[{"embeddable":true,"href":"https:\/\/www.suno.com.br\/noticias\/wp-json\/wp\/v2\/media\/339693"}],"wp:attachment":[{"href":"https:\/\/www.suno.com.br\/noticias\/wp-json\/wp\/v2\/media?parent=498334"}],"wp:term":[{"taxonomy":"category","embeddable":true,"href":"https:\/\/www.suno.com.br\/noticias\/wp-json\/wp\/v2\/categories?post=498334"},{"taxonomy":"post_tag","embeddable":true,"href":"https:\/\/www.suno.com.br\/noticias\/wp-json\/wp\/v2\/tags?post=498334"},{"taxonomy":"suno_strategy","embeddable":true,"href":"https:\/\/www.suno.com.br\/noticias\/wp-json\/wp\/v2\/suno_strategy?post=498334"}],"curies":[{"name":"wp","href":"https:\/\/api.w.org\/{rel}","templated":true}]}}