{"id":498114,"date":"2023-12-11T10:51:08","date_gmt":"2023-12-11T13:51:08","guid":{"rendered":"https:\/\/www.suno.com.br\/noticias\/?p=498114"},"modified":"2023-12-11T10:53:01","modified_gmt":"2023-12-11T13:53:01","slug":"azul-azul4-trafego-passageiros-novembro-gpj","status":"publish","type":"post","link":"https:\/\/www.suno.com.br\/noticias\/azul-azul4-trafego-passageiros-novembro-gpj\/","title":{"rendered":"Azul (AZUL4): tr\u00e1fego total de passageiros aumenta 8,2% em novembro na compara\u00e7\u00e3o anual"},"content":{"rendered":"<p>A\u00a0<strong>Azul\u00a0<\/strong>(<a href=\"https:\/\/www.suno.com.br\/acoes\/azul4\/\" target=\"_blank\" rel=\"noreferrer noopener\">AZUL4<\/a>)\u00a0informou, em comunicado divulgado ao mercado nessa segunda-feira (11), que o tr\u00e1fego de passageiros consolidado (o RPK) aumentou, em novembro, 8,2% na compara\u00e7\u00e3o anual. A\u00a0companhia a\u00e9rea\u00a0anunciou os resultados preliminares do tr\u00e1fego no m\u00eas passado.<\/p>\t<div class=\"wrapper-featured-image\">\n\t\t<figure class=\"spotlightImg\">\n\n\t\t\t<picture>\n\t\t\t\t<source media=\"(max-width: 768px)\" srcset=\"https:\/\/files.sunoresearch.com.br\/n\/uploads\/2023\/05\/azul-aerea-cia-400x200.jpg\">\n\t\t\t\t<img loading=\"lazy\" decoding=\"async\" class=\"newsContent__article__imgCapa lazyloadDisabled \" src=\"https:\/\/files.sunoresearch.com.br\/n\/uploads\/2023\/05\/azul-aerea-cia-800x450.jpg\" width=\"800\" height=\"450\" alt=\"Azul (AZUL4): tr\u00e1fego total de passageiros aumenta 8,2% em novembro na compara\u00e7\u00e3o anual\" fetchpriority=high \/>\n\t\t\t<\/picture>\n\n\t\t\t<figcaption class=\"wp-caption-text wp-caption-text--show\">Azul (AZUL44). Foto: iStock<\/figcaption>\n\t\t<\/figure>\n\t<\/div>\n\n\n\n\n\n\n\n\t<p>\n\t\t<a href=\"https:\/\/lp.suno.com.br\/planilha-da-vida-financeira\/\" target=\"_blank\" data-element=\"shortcode-suno-banner\" title=\"Banner SUNO, clique e saiba mais\">\n\t\t\t<picture>\n\t\t\t\t<source media=\"(max-width: 500px)\" srcset=\"https:\/\/files.sunoresearch.com.br\/n\/uploads\/2023\/04\/400x300-Planilha-vida-financeira-true.png\">\n\t\t\t\t<img class=\"newsContent__article__imgCapa newsContent__article__imgCapa--banner\"\n\t\t\t\t\tsrc=\"https:\/\/files.sunoresearch.com.br\/n\/uploads\/2023\/04\/1420x240-Planilha-vida-financeira-true.png\"\n\t\t\t\t\tdata-promo-id=\"106682\"\t\t\t\t\t\t\t\t\t\twidth='1420' height='240'\t\t\t\t\talt=\"https:\/\/files.sunoresearch.com.br\/n\/uploads\/2023\/04\/1420x240-Planilha-vida-financeira-true.png\"\n\t\t\t\t>\n\t\t\t<\/picture>\n\t\t<\/a>\n\t<\/p>\n\n\n\n\n\n<p>A capacidade (ASKs), por sua vez, apresentou um salto de 8,7% no mesmo intervalo de compara\u00e7\u00e3o. Por outro lado, a\u00a0<strong>taxa de ocupa\u00e7\u00e3o da Azul<\/strong>\u00a0em rela\u00e7\u00e3o a novembro de 2022 caiu 0,3 pontos percentuais, passando para 79,2%.<\/p>\n\n\n\n<p>Segundo a Azul, o\u00a0<strong>tr\u00e1fego de passageiros<\/strong>\u00a0dom\u00e9stico cresceu 1,7% em rela\u00e7\u00e3o a novembro de 2022, enquanto a capacidade apontou uma expans\u00e3o de 3,3%.<\/p>\n\n\n\n<p>Isso resultou em uma taxa de ocupa\u00e7\u00e3o de 78,2%, o que representa uma queda de 1,3 pontos percentuais comparado com o mesmo per\u00edodo de 2022.<\/p>\n\n\n\n<p>&#8220;Em novembro, continuamos a observar melhorias nas tend\u00eancias de vendas em um ambiente de demanda resiliente em ambos os mercados, com uma aloca\u00e7\u00e3o racional de capacidade no mercado dom\u00e9stico e superando os n\u00edveis de 2019 no mercado internacional. Continuamos animados com o per\u00edodo mais forte do ano&#8221;, diz John Rodgerson, <strong>CEO da Azul<\/strong>.<\/p>\n\n\n\t<div data-element=\"shortcode-read-more\" class=\"knowMore\">\n\t\t\t\t<span class=\"knowMore__title\">Leia mais<\/span>\n\t\t\t\t<a class=\"knowMore__link\" href=\"https:\/\/www.suno.com.br\/noticias\/azul-azul4-3t23-gpj\/\">\n\t\t\tAzul (AZUL4): lucro operacional do 3T23 chega a R$ 957,4 milh\u00f5es, alta de 137% em um ano\t\t<\/a>\n\t<\/div>\n\n\n\n\n<h2 class=\"wp-block-heading\">Azul (AZUL4) corta estimativa de capacidade em 2023 para 11%<\/h2>\n\n\n\n<p>A Azul\u00a0anunciou no m\u00eas passado que atualizou suas perspectivas para 2023 e 2024. Agora a companha a\u00e9rea estima aumentar a capacidade (ASK) em aproximadamente 11% em 2023 ante o ano anterior. Na proje\u00e7\u00e3o anterior da Azul, a\u00a0companhia a\u00e9rea\u00a0projetava um crescimento maior, de 14%.<\/p>\n\n\n\n<p>\u201cO ajuste no crescimento da\u00a0capacidade<strong>\u00a0<\/strong>ano contra ano de 14% para 11% deve-se principalmente aos atrasos dos fabricantes na entrega de novas aeronaves e \u00e0 alta nos pre\u00e7os do combust\u00edvel\u201d, disse a companhia.<\/p>\n\n\n\n<p>J\u00e1 a proje\u00e7\u00e3o para a\u00a0<strong><a href=\"https:\/\/www.suno.com.br\/artigos\/receita-operacional\/\" target=\"_blank\" rel=\"noreferrer noopener\">receita operacional<\/a>\u00a0da Azul<\/strong> por assentos-quil\u00f4metro oferecidos (RASK) subiu de est\u00e1vel para entre +3% e +5% no quarto trimestre de 2023 ante mesmo per\u00edodo de 2022, principalmente devido ao ambiente de demanda robusto nos mercados dom\u00e9stico e internacional, em conjunto com o ajuste esperado na capacidade.<\/p>\n\n\n\n<p>A companhia tamb\u00e9m estima Ebitda de 2023 em aproximadamente R$ 5,2 bilh\u00f5es, inferior \u00e0 estimativa anterior de R$ 5,5 bilh\u00f5es, devido \u00e0 recente volatilidade no pre\u00e7o do combust\u00edvel e \u00e0 redu\u00e7\u00e3o na capacidade, juntamente com menores volumes de carga internacional.<\/p>\n\n\n\n<p>J\u00e1 o <strong>Ebitda da Azul<\/strong> de 2024 deve somar R$ 6,5 bilh\u00f5es, maior do que a expectativa anterior de R$ 6,0 bilh\u00f5es por conta da \u201ccontinua for\u00e7a na demanda e a um maior aumento no recebimento de aeronaves de \u00faltima gera\u00e7\u00e3o na frota\u201d.<\/p>\n\n\n\n<p>Al\u00e9m disso, a Azul espera uma\u00a0<a href=\"https:\/\/www.suno.com.br\/artigos\/alavancagem-financeira\/\" target=\"_blank\" rel=\"noreferrer noopener\">alavancagem<\/a>\u00a0em torno de 3,7 vezes no final de 2023 (maior do que a estimativa anterior de 3,5 vezes) e em torno de 3,0 vezes no final de 2024 (igual \u00e0 estimativa anterior). Segundo a companhia, a alavancagem ligeiramente maior em 2023 \u00e9 resultado principalmente do ajuste no Ebitda esperado para 2023.<\/p>\n\n\n\t<p>\n\t\t<a href=\"https:\/\/lp.suno.com.br\/ebook-como-analisar-uma-acao\/\" target=\"_blank\" data-element=\"shortcode-suno-banner\" title=\"Banner SUNO, clique e saiba mais\">\n\t\t\t<picture>\n\t\t\t\t<source media=\"(max-width: 500px)\" srcset=\"https:\/\/files.sunoresearch.com.br\/n\/uploads\/2023\/03\/Ebook-Acoes-Mobile.jpg\">\n\t\t\t\t<img class=\"newsContent__article__imgCapa newsContent__article__imgCapa--banner\"\n\t\t\t\t\tsrc=\"https:\/\/files.sunoresearch.com.br\/n\/uploads\/2023\/03\/Ebook-Acoes-Desktop.jpg\"\n\t\t\t\t\tdata-promo-id=\"378302\"\t\t\t\t\t\t\t\t\t\twidth='1420' height='286'\t\t\t\t\talt=\"https:\/\/files.sunoresearch.com.br\/n\/uploads\/2023\/03\/Ebook-Acoes-Desktop.jpg\"\n\t\t\t\t>\n\t\t\t<\/picture>\n\t\t<\/a>\n\t<\/p>\n\n\n\n\n\n<h2 class=\"wp-block-heading\">Desempenho das a\u00e7\u00f5es da Azul<\/h2>\n\n\n\n<div class=\"pluginQuotation\">\n  <p class=\"ticker\">\n    Cota\u00e7\u00e3o <span>AZUL4<\/span>\n  <\/p>\n  <div class=\"info\">\n    <div class=\"leftSide\">\n      Gr\u00e1fico gerado em: 11\/12\/2023    <\/div>\n\t\t\t\t\t<div class=\"rightSide\">\n\t\t\t\t\t<span class=\"period\">\n\t\t\t\t\t\t1 Dia\t\t\t\t\t<\/span>\n\t\t\t<\/div>\n\t\t  <\/div>\n\n  <div id=\"chart-b3e4cefe2dba71cb77f6d3975b790319\" data-block-hash=\"b3e4cefe2dba71cb77f6d3975b790319\"  class=\"chart\" style=\"width:100%;height:400px;\"><\/div>\n\n  <div class=\"pluginQuotation__footer\">\n    <div class=\"dataChart\">\n\n      <div class=\"dataChart__div1 variation\">\n        <div class=\"value-positive\">\n          0,19 (+0,03%)        <\/div>\n        <div class=\"text\">\n          Varia\u00e7\u00e3o do per\u00edodo\n        <\/div>\n      <\/div>\n\n      <div class=\"dataChart__div2 minMax\">\n        <div class=\"value\">\n          R$\u00a015,89        <\/div>\n        <div class=\"text\">\n          M\u00ednima\n        <\/div>\n      <\/div>\n\n      <div class=\"dataChart__div3 minMax\">\n        <div class=\"value\">\n          R$\u00a016,05        <\/div>\n        <div class=\"text\">\n          M\u00e1xima\n        <\/div>\n      <\/div>\n\n\t\t\t<div class=\"dataChart__div4 rightSide\">\n\t\t\t\t<div class=\"analiticaSource\">\n\t\t\t\t\t<span>\n\t\t\t\t\t\tFonte:\n\t\t\t\t\t<\/span>\n\t\t\t\t\t<img decoding=\"async\" class=\"analiticaLogo\" src=\"https:\/\/www.suno.com.br\/noticias\/wp-content\/plugins\/suno-block-ticker-quotation\/src\/suno-analitica-logo.png\" alt=\"Logo Suno Anal\u00edtica\" \/>\n\t\t\t\t<\/div>\n\n\t\t\t\t<a href=\"https:\/\/www.suno.com.br\/analitica\/acoes\/AZUL4\" target=\"_blank\">\n\t\t\t\t\t<span>\n\t\t\t\t\t\tVer mais cota\u00e7\u00f5es\n\t\t\t\t\t<\/span>\n\t\t\t\t\t<svg xmlns=\"http:\/\/www.w3.org\/2000\/svg\" width=\"9\" height=\"8\" viewBox=\"0 0 9 8\" fill=\"none\">\n\t\t\t\t\t\t<path d=\"M4.20996 0L3.50496 0.705L6.29496 3.5H0.209961V4.5H6.29496L3.50496 7.295L4.20996 8L8.20996 4L4.20996 0Z\" fill=\"#D42126\" \/>\n\t\t\t\t\t<\/svg>\n\t\t\t\t<\/a>\n    <\/div>\n\n    <\/div>\n  <\/div>\n<\/div>\n\n\n<script type=\"text\/javascript\">\n  let chart_b3e4cefe2dba71cb77f6d3975b790319 = document.getElementById('chart-b3e4cefe2dba71cb77f6d3975b790319');\n  let data_json_b3e4cefe2dba71cb77f6d3975b790319 = \"[{\\\"date\\\":\\\"11\\\\\\\/12\\\\\\\/23 10:02\\\",\\\"value\\\":16.02},{\\\"date\\\":\\\"11\\\\\\\/12\\\\\\\/23 10:04\\\",\\\"value\\\":15.97},{\\\"date\\\":\\\"11\\\\\\\/12\\\\\\\/23 10:06\\\",\\\"value\\\":15.92},{\\\"date\\\":\\\"11\\\\\\\/12\\\\\\\/23 10:08\\\",\\\"value\\\":15.9},{\\\"date\\\":\\\"11\\\\\\\/12\\\\\\\/23 10:10\\\",\\\"value\\\":16.05},{\\\"date\\\":\\\"11\\\\\\\/12\\\\\\\/23 10:12\\\",\\\"value\\\":15.89},{\\\"date\\\":\\\"11\\\\\\\/12\\\\\\\/23 10:14\\\",\\\"value\\\":16.05}]\";\n  let isPositive_b3e4cefe2dba71cb77f6d3975b790319 = true;\n\n  let color_b3e4cefe2dba71cb77f6d3975b790319 = isPositive_b3e4cefe2dba71cb77f6d3975b790319 ? '#3AB53A' : '#D92C2D';\n\n  let data_b3e4cefe2dba71cb77f6d3975b790319 = JSON.parse(data_json_b3e4cefe2dba71cb77f6d3975b790319);\n\n  const result_b3e4cefe2dba71cb77f6d3975b790319 = {\n    date: [],\n    value: [],\n  };\n\n  data_b3e4cefe2dba71cb77f6d3975b790319.forEach((item) => {\n    result_b3e4cefe2dba71cb77f6d3975b790319.date.push(item.date);\n    result_b3e4cefe2dba71cb77f6d3975b790319.value.push(Number(item.value));\n  });\n\n  let option_b3e4cefe2dba71cb77f6d3975b790319 = {\n    \/\/ variavel de cor global\n    color: [color_b3e4cefe2dba71cb77f6d3975b790319],\n    title: {\n      text: '',\n    },\n    tooltip: {\n      trigger: 'axis',\n      axisPointer: {\n        type: 'cross',\n        label: {\n          \/\/ cor dos valores em X e Y\n          backgroundColor: color_b3e4cefe2dba71cb77f6d3975b790319,\n          formatter: (value) => {\n            if (typeof value.value === 'number') {\n              return Number(value.value).toLocaleString('pt-br', {\n                style: 'currency',\n                currency: 'BRL'\n              });\n            }\n            return value.value;\n          },\n        },\n      },\n      valueFormatter: (value) => Number(value).toLocaleString('pt-br', {\n        style: 'currency',\n        currency: 'BRL'\n      }),\n    },\n    legend: {\n      \/\/ data: ['Valor de Fechamento'],\n      show: false,\n    },\n    toolbox: {\n      feature: {\n        saveAsImage: {\n          show: false,\n        },\n      },\n    },\n    grid: {\n      left: '0px',\n      right: '0px',\n      bottom: '0px',\n      containLabel: true,\n    },\n    xAxis: [{\n      type: 'category',\n      data: result_b3e4cefe2dba71cb77f6d3975b790319.date,\n      boundaryGap: true,\n    }],\n    yAxis: [{\n      type: 'value',\n      min: Math.min(...result_b3e4cefe2dba71cb77f6d3975b790319.value),\n      max: Math.max(...result_b3e4cefe2dba71cb77f6d3975b790319.value),\n      axisLabel: {\n        formatter: (value) => value.toLocaleString('pt-br', {\n          style: 'currency',\n          currency: 'BRL'\n        }),\n      },\n    }],\n    series: [{\n      name: 'Valor de Fechamento',\n      type: 'line',\n      stack: 'Total',\n      \/\/ cor do grafico\n      areaStyle: {},\n      emphasis: {\n        focus: 'series',\n      },\n      data: result_b3e4cefe2dba71cb77f6d3975b790319.value,\n      \/\/ cor da linha\n      lineStyle: {\n        color: color_b3e4cefe2dba71cb77f6d3975b790319,\n      },\n    }, ],\n  };\n\n\twindow.chart_b3e4cefe2dba71cb77f6d3975b790319 = {\n\t\tel: chart_b3e4cefe2dba71cb77f6d3975b790319,\n\t\toption: option_b3e4cefe2dba71cb77f6d3975b790319\t};\n\n\n<\/script>\n\n\n\t<p>\n\t\t<a href=\"https:\/\/lp.suno.com.br\/planilha-da-vida-financeira\/\" target=\"_blank\" data-element=\"shortcode-suno-banner\" title=\"Banner SUNO, clique e saiba mais\">\n\t\t\t<picture>\n\t\t\t\t<source media=\"(max-width: 500px)\" srcset=\"https:\/\/files.sunoresearch.com.br\/n\/uploads\/2023\/04\/400x300-Planilha-vida-financeira-true.png\">\n\t\t\t\t<img class=\"newsContent__article__imgCapa newsContent__article__imgCapa--banner\"\n\t\t\t\t\tsrc=\"https:\/\/files.sunoresearch.com.br\/n\/uploads\/2023\/04\/1420x240-Planilha-vida-financeira-true.png\"\n\t\t\t\t\tdata-promo-id=\"383123\"\t\t\t\t\t\t\t\t\t\twidth='1420' height='240'\t\t\t\t\talt=\"https:\/\/files.sunoresearch.com.br\/n\/uploads\/2023\/04\/1420x240-Planilha-vida-financeira-true.png\"\n\t\t\t\t>\n\t\t\t<\/picture>\n\t\t<\/a>\n\t<\/p>\n\n\n","protected":false},"excerpt":{"rendered":"<p>A\u00a0Azul\u00a0(AZUL4)\u00a0informou, em comunicado divulgado ao mercado nessa segunda-feira (11), que o tr\u00e1fego de passageiros consolidado (o RPK) aumentou, em novembro, 8,2% na compara\u00e7\u00e3o anual. A\u00a0companhia a\u00e9rea\u00a0anunciou os resultados preliminares do tr\u00e1fego no m\u00eas passado. Azul (AZUL44). Foto: iStock A capacidade (ASKs), por sua vez, apresentou um salto de 8,7% no mesmo intervalo de compara\u00e7\u00e3o. Por [&hellip;]<\/p>\n","protected":false},"author":313,"featured_media":406422,"comment_status":"closed","ping_status":"closed","sticky":false,"template":"","format":"standard","meta":[],"categories":[64],"tags":[106932],"suno_strategy":[],"class_list":["post-498114","post","type-post","status-publish","format-standard","has-post-thumbnail","hentry","category-negocios","tag-azul-azul4"],"yoast_head":"<!-- This site is optimized with the Yoast SEO plugin v24.4 - https:\/\/yoast.com\/wordpress\/plugins\/seo\/ -->\n<title>Azul (AZUL4): tr\u00e1fego total de passageiros aumenta 8,2% em novembro<\/title>\n<meta name=\"description\" content=\"A capacidade (ASKs) da Azul saltou 8,7% no mesmo intervalo de compara\u00e7\u00e3o.\u00a0A Azul anunciou os resultados preliminares do tr\u00e1fego em novembro.\" \/>\n<meta name=\"robots\" content=\"index, follow, max-snippet:-1, max-image-preview:large, max-video-preview:-1\" \/>\n<link rel=\"canonical\" href=\"https:\/\/www.suno.com.br\/noticias\/azul-azul4-trafego-passageiros-novembro-gpj\/\" \/>\n<meta property=\"og:locale\" content=\"pt_BR\" \/>\n<meta property=\"og:type\" content=\"article\" \/>\n<meta property=\"og:title\" content=\"Azul (AZUL4): tr\u00e1fego total de passageiros aumenta 8,2% em novembro\" \/>\n<meta property=\"og:description\" content=\"A capacidade (ASKs) da Azul saltou 8,7% no mesmo intervalo de compara\u00e7\u00e3o.\u00a0A Azul anunciou os resultados preliminares do tr\u00e1fego em novembro.\" \/>\n<meta property=\"og:url\" content=\"https:\/\/www.suno.com.br\/noticias\/azul-azul4-trafego-passageiros-novembro-gpj\/\" \/>\n<meta property=\"og:site_name\" content=\"Suno Not\u00edcias\" \/>\n<meta property=\"article:publisher\" content=\"https:\/\/facebook.com\/sunoresearch\" \/>\n<meta property=\"og:image\" content=\"https:\/\/files.sunoresearch.com.br\/n\/uploads\/2023\/05\/azul-aerea-cia.jpg\" \/>\n\t<meta property=\"og:image:width\" content=\"1200\" \/>\n\t<meta property=\"og:image:height\" content=\"800\" \/>\n\t<meta property=\"og:image:type\" content=\"image\/jpeg\" \/>\n<meta name=\"author\" content=\"Giovanni Porf\u00edrio Jacomino\" \/>\n<meta name=\"twitter:card\" content=\"summary_large_image\" \/>\n<meta name=\"twitter:creator\" content=\"@sunoresearch\" \/>\n<meta name=\"twitter:site\" content=\"@sunoresearch\" \/>\n<meta name=\"twitter:label1\" content=\"Escrito por\" \/>\n\t<meta name=\"twitter:data1\" content=\"Giovanni Porf\u00edrio Jacomino\" \/>\n\t<meta name=\"twitter:label2\" content=\"Est. tempo de leitura\" \/>\n\t<meta name=\"twitter:data2\" content=\"3 minutos\" \/>\n<script type=\"application\/ld+json\" class=\"yoast-schema-graph\">{\"@context\":\"https:\/\/schema.org\",\"@graph\":[{\"@type\":\"NewsArticle\",\"@id\":\"https:\/\/www.suno.com.br\/noticias\/azul-azul4-trafego-passageiros-novembro-gpj\/#article\",\"isPartOf\":{\"@id\":\"https:\/\/www.suno.com.br\/noticias\/azul-azul4-trafego-passageiros-novembro-gpj\/\"},\"author\":{\"name\":\"Giovanni Porf\u00edrio Jacomino\",\"@id\":\"https:\/\/www.suno.com.br\/noticias\/#\/schema\/person\/d0f32748bbca4bee871fa191ee4e2d40\"},\"headline\":\"Azul (AZUL4): tr\u00e1fego total de passageiros aumenta 8,2% em novembro na compara\u00e7\u00e3o anual\",\"datePublished\":\"2023-12-11T13:51:08+00:00\",\"dateModified\":\"2023-12-11T13:53:01+00:00\",\"mainEntityOfPage\":{\"@id\":\"https:\/\/www.suno.com.br\/noticias\/azul-azul4-trafego-passageiros-novembro-gpj\/\"},\"wordCount\":486,\"publisher\":{\"@id\":\"https:\/\/www.suno.com.br\/noticias\/#organization\"},\"image\":{\"@id\":\"https:\/\/www.suno.com.br\/noticias\/azul-azul4-trafego-passageiros-novembro-gpj\/#primaryimage\"},\"thumbnailUrl\":\"https:\/\/files.sunoresearch.com.br\/n\/uploads\/2023\/05\/azul-aerea-cia.jpg\",\"keywords\":[\"Azul (AZUL4)\"],\"articleSection\":[\"Neg\u00f3cios\"],\"inLanguage\":\"pt-BR\"},{\"@type\":\"WebPage\",\"@id\":\"https:\/\/www.suno.com.br\/noticias\/azul-azul4-trafego-passageiros-novembro-gpj\/\",\"url\":\"https:\/\/www.suno.com.br\/noticias\/azul-azul4-trafego-passageiros-novembro-gpj\/\",\"name\":\"Azul (AZUL4): tr\u00e1fego total de passageiros aumenta 8,2% em novembro\",\"isPartOf\":{\"@id\":\"https:\/\/www.suno.com.br\/noticias\/#website\"},\"primaryImageOfPage\":{\"@id\":\"https:\/\/www.suno.com.br\/noticias\/azul-azul4-trafego-passageiros-novembro-gpj\/#primaryimage\"},\"image\":{\"@id\":\"https:\/\/www.suno.com.br\/noticias\/azul-azul4-trafego-passageiros-novembro-gpj\/#primaryimage\"},\"thumbnailUrl\":\"https:\/\/files.sunoresearch.com.br\/n\/uploads\/2023\/05\/azul-aerea-cia.jpg\",\"datePublished\":\"2023-12-11T13:51:08+00:00\",\"dateModified\":\"2023-12-11T13:53:01+00:00\",\"description\":\"A capacidade (ASKs) da Azul saltou 8,7% no mesmo intervalo de compara\u00e7\u00e3o.\u00a0A Azul anunciou os resultados preliminares do tr\u00e1fego em novembro.\",\"breadcrumb\":{\"@id\":\"https:\/\/www.suno.com.br\/noticias\/azul-azul4-trafego-passageiros-novembro-gpj\/#breadcrumb\"},\"inLanguage\":\"pt-BR\",\"potentialAction\":[{\"@type\":\"ReadAction\",\"target\":[\"https:\/\/www.suno.com.br\/noticias\/azul-azul4-trafego-passageiros-novembro-gpj\/\"]}]},{\"@type\":\"ImageObject\",\"inLanguage\":\"pt-BR\",\"@id\":\"https:\/\/www.suno.com.br\/noticias\/azul-azul4-trafego-passageiros-novembro-gpj\/#primaryimage\",\"url\":\"https:\/\/files.sunoresearch.com.br\/n\/uploads\/2023\/05\/azul-aerea-cia.jpg\",\"contentUrl\":\"https:\/\/files.sunoresearch.com.br\/n\/uploads\/2023\/05\/azul-aerea-cia.jpg\",\"width\":1200,\"height\":800,\"caption\":\"Azul (AZUL44). Foto: iStock\"},{\"@type\":\"BreadcrumbList\",\"@id\":\"https:\/\/www.suno.com.br\/noticias\/azul-azul4-trafego-passageiros-novembro-gpj\/#breadcrumb\",\"itemListElement\":[{\"@type\":\"ListItem\",\"position\":1,\"name\":\"Not\u00edcias\",\"item\":\"https:\/\/www.suno.com.br\/noticias\/\"},{\"@type\":\"ListItem\",\"position\":2,\"name\":\"Neg\u00f3cios\",\"item\":\"https:\/\/www.suno.com.br\/noticias\/negocios\/\"},{\"@type\":\"ListItem\",\"position\":3,\"name\":\"Azul (AZUL4): tr\u00e1fego total de passageiros aumenta 8,2% em novembro na compara\u00e7\u00e3o anual\"}]},{\"@type\":\"WebSite\",\"@id\":\"https:\/\/www.suno.com.br\/noticias\/#website\",\"url\":\"https:\/\/www.suno.com.br\/noticias\/\",\"name\":\"Suno Not\u00edcias\",\"description\":\"Seu portal de informa\u00e7\u00e3o sobre o mundo dos investimentos\",\"publisher\":{\"@id\":\"https:\/\/www.suno.com.br\/noticias\/#organization\"},\"potentialAction\":[{\"@type\":\"SearchAction\",\"target\":{\"@type\":\"EntryPoint\",\"urlTemplate\":\"https:\/\/www.suno.com.br\/noticias\/?s={search_term_string}\"},\"query-input\":{\"@type\":\"PropertyValueSpecification\",\"valueRequired\":true,\"valueName\":\"search_term_string\"}}],\"inLanguage\":\"pt-BR\"},{\"@type\":\"Organization\",\"@id\":\"https:\/\/www.suno.com.br\/noticias\/#organization\",\"name\":\"Suno Not\u00edcias\",\"url\":\"https:\/\/www.suno.com.br\/noticias\/\",\"logo\":{\"@type\":\"ImageObject\",\"inLanguage\":\"pt-BR\",\"@id\":\"https:\/\/www.suno.com.br\/noticias\/#\/schema\/logo\/image\/\",\"url\":\"https:\/\/files.sunoresearch.com.br\/n\/uploads\/2021\/09\/suno-logo.png\",\"contentUrl\":\"https:\/\/files.sunoresearch.com.br\/n\/uploads\/2021\/09\/suno-logo.png\",\"width\":180,\"height\":180,\"caption\":\"Suno Not\u00edcias\"},\"image\":{\"@id\":\"https:\/\/www.suno.com.br\/noticias\/#\/schema\/logo\/image\/\"},\"sameAs\":[\"https:\/\/facebook.com\/sunoresearch\",\"https:\/\/x.com\/sunoresearch\",\"https:\/\/www.instagram.com\/suno\",\"https:\/\/www.linkedin.com\/company\/suno-research\/\",\"https:\/\/www.youtube.com\/c\/sunoresearch\"]},{\"@type\":\"Person\",\"@id\":\"https:\/\/www.suno.com.br\/noticias\/#\/schema\/person\/d0f32748bbca4bee871fa191ee4e2d40\",\"name\":\"Giovanni Porf\u00edrio Jacomino\",\"image\":{\"@type\":\"ImageObject\",\"inLanguage\":\"pt-BR\",\"@id\":\"https:\/\/www.suno.com.br\/noticias\/#\/schema\/person\/image\/\",\"url\":\"https:\/\/secure.gravatar.com\/avatar\/efb32e19b730a121cb7a80f41ffec01a?s=96&r=g\",\"contentUrl\":\"https:\/\/secure.gravatar.com\/avatar\/efb32e19b730a121cb7a80f41ffec01a?s=96&r=g\",\"caption\":\"Giovanni Porf\u00edrio Jacomino\"},\"description\":\"Giovanni Porf\u00edrio Jacomino \u00e9 jornalista formado pela Universidade Estadual de Londrina (UEL) e p\u00f3s-graduado em Produ\u00e7\u00e3o e Pr\u00e1ticas Jornal\u00edsticas na Contemporaneidade na Faculdade C\u00e1sper L\u00edbero (FCL). Foi editor web no Startupi e no Finsiders, atuando ainda como editor no TC Mover, portal de not\u00edcias da TradersClub, fazendo a cobertura de assuntos relacionados ao mercado financeiro interno e externo. Atualmente, \u00e9 Rep\u00f3rter do Suno Not\u00edcias.\",\"url\":\"https:\/\/www.suno.com.br\/noticias\/author\/giovanni-porfiriosuno-com-br\/\"}]}<\/script>\n<!-- \/ Yoast SEO plugin. -->","yoast_head_json":{"title":"Azul (AZUL4): tr\u00e1fego total de passageiros aumenta 8,2% em novembro","description":"A capacidade (ASKs) da Azul saltou 8,7% no mesmo intervalo de compara\u00e7\u00e3o.\u00a0A Azul anunciou os resultados preliminares do tr\u00e1fego em novembro.","robots":{"index":"index","follow":"follow","max-snippet":"max-snippet:-1","max-image-preview":"max-image-preview:large","max-video-preview":"max-video-preview:-1"},"canonical":"https:\/\/www.suno.com.br\/noticias\/azul-azul4-trafego-passageiros-novembro-gpj\/","og_locale":"pt_BR","og_type":"article","og_title":"Azul (AZUL4): tr\u00e1fego total de passageiros aumenta 8,2% em novembro","og_description":"A capacidade (ASKs) da Azul saltou 8,7% no mesmo intervalo de compara\u00e7\u00e3o.\u00a0A Azul anunciou os resultados preliminares do tr\u00e1fego em novembro.","og_url":"https:\/\/www.suno.com.br\/noticias\/azul-azul4-trafego-passageiros-novembro-gpj\/","og_site_name":"Suno Not\u00edcias","article_publisher":"https:\/\/facebook.com\/sunoresearch","og_image":[{"width":1200,"height":800,"url":"https:\/\/files.sunoresearch.com.br\/n\/uploads\/2023\/05\/azul-aerea-cia.jpg","type":"image\/jpeg"}],"author":"Giovanni Porf\u00edrio Jacomino","twitter_card":"summary_large_image","twitter_creator":"@sunoresearch","twitter_site":"@sunoresearch","twitter_misc":{"Escrito por":"Giovanni Porf\u00edrio Jacomino","Est. tempo de leitura":"3 minutos"},"schema":{"@context":"https:\/\/schema.org","@graph":[{"@type":"NewsArticle","@id":"https:\/\/www.suno.com.br\/noticias\/azul-azul4-trafego-passageiros-novembro-gpj\/#article","isPartOf":{"@id":"https:\/\/www.suno.com.br\/noticias\/azul-azul4-trafego-passageiros-novembro-gpj\/"},"author":{"name":"Giovanni Porf\u00edrio Jacomino","@id":"https:\/\/www.suno.com.br\/noticias\/#\/schema\/person\/d0f32748bbca4bee871fa191ee4e2d40"},"headline":"Azul (AZUL4): tr\u00e1fego total de passageiros aumenta 8,2% em novembro na compara\u00e7\u00e3o anual","datePublished":"2023-12-11T13:51:08+00:00","dateModified":"2023-12-11T13:53:01+00:00","mainEntityOfPage":{"@id":"https:\/\/www.suno.com.br\/noticias\/azul-azul4-trafego-passageiros-novembro-gpj\/"},"wordCount":486,"publisher":{"@id":"https:\/\/www.suno.com.br\/noticias\/#organization"},"image":{"@id":"https:\/\/www.suno.com.br\/noticias\/azul-azul4-trafego-passageiros-novembro-gpj\/#primaryimage"},"thumbnailUrl":"https:\/\/files.sunoresearch.com.br\/n\/uploads\/2023\/05\/azul-aerea-cia.jpg","keywords":["Azul (AZUL4)"],"articleSection":["Neg\u00f3cios"],"inLanguage":"pt-BR"},{"@type":"WebPage","@id":"https:\/\/www.suno.com.br\/noticias\/azul-azul4-trafego-passageiros-novembro-gpj\/","url":"https:\/\/www.suno.com.br\/noticias\/azul-azul4-trafego-passageiros-novembro-gpj\/","name":"Azul (AZUL4): tr\u00e1fego total de passageiros aumenta 8,2% em novembro","isPartOf":{"@id":"https:\/\/www.suno.com.br\/noticias\/#website"},"primaryImageOfPage":{"@id":"https:\/\/www.suno.com.br\/noticias\/azul-azul4-trafego-passageiros-novembro-gpj\/#primaryimage"},"image":{"@id":"https:\/\/www.suno.com.br\/noticias\/azul-azul4-trafego-passageiros-novembro-gpj\/#primaryimage"},"thumbnailUrl":"https:\/\/files.sunoresearch.com.br\/n\/uploads\/2023\/05\/azul-aerea-cia.jpg","datePublished":"2023-12-11T13:51:08+00:00","dateModified":"2023-12-11T13:53:01+00:00","description":"A capacidade (ASKs) da Azul saltou 8,7% no mesmo intervalo de compara\u00e7\u00e3o.\u00a0A Azul anunciou os resultados preliminares do tr\u00e1fego em novembro.","breadcrumb":{"@id":"https:\/\/www.suno.com.br\/noticias\/azul-azul4-trafego-passageiros-novembro-gpj\/#breadcrumb"},"inLanguage":"pt-BR","potentialAction":[{"@type":"ReadAction","target":["https:\/\/www.suno.com.br\/noticias\/azul-azul4-trafego-passageiros-novembro-gpj\/"]}]},{"@type":"ImageObject","inLanguage":"pt-BR","@id":"https:\/\/www.suno.com.br\/noticias\/azul-azul4-trafego-passageiros-novembro-gpj\/#primaryimage","url":"https:\/\/files.sunoresearch.com.br\/n\/uploads\/2023\/05\/azul-aerea-cia.jpg","contentUrl":"https:\/\/files.sunoresearch.com.br\/n\/uploads\/2023\/05\/azul-aerea-cia.jpg","width":1200,"height":800,"caption":"Azul (AZUL44). Foto: iStock"},{"@type":"BreadcrumbList","@id":"https:\/\/www.suno.com.br\/noticias\/azul-azul4-trafego-passageiros-novembro-gpj\/#breadcrumb","itemListElement":[{"@type":"ListItem","position":1,"name":"Not\u00edcias","item":"https:\/\/www.suno.com.br\/noticias\/"},{"@type":"ListItem","position":2,"name":"Neg\u00f3cios","item":"https:\/\/www.suno.com.br\/noticias\/negocios\/"},{"@type":"ListItem","position":3,"name":"Azul (AZUL4): tr\u00e1fego total de passageiros aumenta 8,2% em novembro na compara\u00e7\u00e3o anual"}]},{"@type":"WebSite","@id":"https:\/\/www.suno.com.br\/noticias\/#website","url":"https:\/\/www.suno.com.br\/noticias\/","name":"Suno Not\u00edcias","description":"Seu portal de informa\u00e7\u00e3o sobre o mundo dos investimentos","publisher":{"@id":"https:\/\/www.suno.com.br\/noticias\/#organization"},"potentialAction":[{"@type":"SearchAction","target":{"@type":"EntryPoint","urlTemplate":"https:\/\/www.suno.com.br\/noticias\/?s={search_term_string}"},"query-input":{"@type":"PropertyValueSpecification","valueRequired":true,"valueName":"search_term_string"}}],"inLanguage":"pt-BR"},{"@type":"Organization","@id":"https:\/\/www.suno.com.br\/noticias\/#organization","name":"Suno Not\u00edcias","url":"https:\/\/www.suno.com.br\/noticias\/","logo":{"@type":"ImageObject","inLanguage":"pt-BR","@id":"https:\/\/www.suno.com.br\/noticias\/#\/schema\/logo\/image\/","url":"https:\/\/files.sunoresearch.com.br\/n\/uploads\/2021\/09\/suno-logo.png","contentUrl":"https:\/\/files.sunoresearch.com.br\/n\/uploads\/2021\/09\/suno-logo.png","width":180,"height":180,"caption":"Suno Not\u00edcias"},"image":{"@id":"https:\/\/www.suno.com.br\/noticias\/#\/schema\/logo\/image\/"},"sameAs":["https:\/\/facebook.com\/sunoresearch","https:\/\/x.com\/sunoresearch","https:\/\/www.instagram.com\/suno","https:\/\/www.linkedin.com\/company\/suno-research\/","https:\/\/www.youtube.com\/c\/sunoresearch"]},{"@type":"Person","@id":"https:\/\/www.suno.com.br\/noticias\/#\/schema\/person\/d0f32748bbca4bee871fa191ee4e2d40","name":"Giovanni Porf\u00edrio Jacomino","image":{"@type":"ImageObject","inLanguage":"pt-BR","@id":"https:\/\/www.suno.com.br\/noticias\/#\/schema\/person\/image\/","url":"https:\/\/secure.gravatar.com\/avatar\/efb32e19b730a121cb7a80f41ffec01a?s=96&r=g","contentUrl":"https:\/\/secure.gravatar.com\/avatar\/efb32e19b730a121cb7a80f41ffec01a?s=96&r=g","caption":"Giovanni Porf\u00edrio Jacomino"},"description":"Giovanni Porf\u00edrio Jacomino \u00e9 jornalista formado pela Universidade Estadual de Londrina (UEL) e p\u00f3s-graduado em Produ\u00e7\u00e3o e Pr\u00e1ticas Jornal\u00edsticas na Contemporaneidade na Faculdade C\u00e1sper L\u00edbero (FCL). Foi editor web no Startupi e no Finsiders, atuando ainda como editor no TC Mover, portal de not\u00edcias da TradersClub, fazendo a cobertura de assuntos relacionados ao mercado financeiro interno e externo. Atualmente, \u00e9 Rep\u00f3rter do Suno Not\u00edcias.","url":"https:\/\/www.suno.com.br\/noticias\/author\/giovanni-porfiriosuno-com-br\/"}]}},"default_loop_html":"<div class=\"cardsPage__listCard__boxs\"><div class=\"cardsPage__listCard__boxs__img\"><a href=\"https:\/\/www.suno.com.br\/noticias\/azul-azul4-trafego-passageiros-novembro-gpj\/\"><img class=\"mask\" src=\"https:\/\/www.suno.com.br\/noticias\/wp-content\/themes\/suno\/resources\/images\/spotlight\/spotlight1img\/bg-mask.png\" alt=\"Image Mask\"\/><img src=\"https:\/\/files.sunoresearch.com.br\/n\/uploads\/2023\/05\/azul-aerea-cia-400x200.jpg\" alt=\"Azul (AZUL4): tr\u00e1fego total de passageiros aumenta 8,2% em novembro na compara\u00e7\u00e3o anual\"\/><\/a><span class=\"spotlightCategory\"><a href=\"https:\/\/www.suno.com.br\/noticias\/negocios\/\">Neg\u00f3cios<\/a><\/span><\/div><div class=\"cardsPage__listCard__boxs__content\"><a href=\"https:\/\/www.suno.com.br\/noticias\/azul-azul4-trafego-passageiros-novembro-gpj\/\"><h2 class=\"content__title\">Azul (AZUL4): tr\u00e1fego total de passageiros aumenta 8,2% em novembro na compara\u00e7\u00e3o anual<\/h2><\/a><div class=\"newsContent__article__meta\"><div class=\"newsContent__article__meta__authorBox\"><a href=\"https:\/\/www.suno.com.br\/noticias\/author\/giovanni-porfiriosuno-com-br\/\" class=\"authorBox__avatar noMobi\"><img src=\"https:\/\/files.sunoresearch.com.br\/n\/uploads\/2024\/05\/DSCF4115-1-1-150x150.webp\" alt=\"Giovanni Porf\u00edrio Jacomino\"><\/a><div class=\"authorBox__name\"><span>por\n\t\t\t<a href=\"https:\/\/www.suno.com.br\/noticias\/author\/giovanni-porfiriosuno-com-br\/\"><span itemprop=\"author\">Giovanni Porf\u00edrio Jacomino<\/span><\/a><\/span><time datetime=\"2023-12-11T10:51:08-03:00\" itemprop=\"datePublished\">11\/12\/2023 10:51<\/time><\/div><\/div><\/div><\/div><\/div>","single_layout":"posts","amp_enabled":true,"_links":{"self":[{"href":"https:\/\/www.suno.com.br\/noticias\/wp-json\/wp\/v2\/posts\/498114"}],"collection":[{"href":"https:\/\/www.suno.com.br\/noticias\/wp-json\/wp\/v2\/posts"}],"about":[{"href":"https:\/\/www.suno.com.br\/noticias\/wp-json\/wp\/v2\/types\/post"}],"author":[{"embeddable":true,"href":"https:\/\/www.suno.com.br\/noticias\/wp-json\/wp\/v2\/users\/313"}],"replies":[{"embeddable":true,"href":"https:\/\/www.suno.com.br\/noticias\/wp-json\/wp\/v2\/comments?post=498114"}],"version-history":[{"count":3,"href":"https:\/\/www.suno.com.br\/noticias\/wp-json\/wp\/v2\/posts\/498114\/revisions"}],"predecessor-version":[{"id":498154,"href":"https:\/\/www.suno.com.br\/noticias\/wp-json\/wp\/v2\/posts\/498114\/revisions\/498154"}],"wp:featuredmedia":[{"embeddable":true,"href":"https:\/\/www.suno.com.br\/noticias\/wp-json\/wp\/v2\/media\/406422"}],"wp:attachment":[{"href":"https:\/\/www.suno.com.br\/noticias\/wp-json\/wp\/v2\/media?parent=498114"}],"wp:term":[{"taxonomy":"category","embeddable":true,"href":"https:\/\/www.suno.com.br\/noticias\/wp-json\/wp\/v2\/categories?post=498114"},{"taxonomy":"post_tag","embeddable":true,"href":"https:\/\/www.suno.com.br\/noticias\/wp-json\/wp\/v2\/tags?post=498114"},{"taxonomy":"suno_strategy","embeddable":true,"href":"https:\/\/www.suno.com.br\/noticias\/wp-json\/wp\/v2\/suno_strategy?post=498114"}],"curies":[{"name":"wp","href":"https:\/\/api.w.org\/{rel}","templated":true}]}}