{"id":497866,"date":"2023-12-10T15:39:48","date_gmt":"2023-12-10T18:39:48","guid":{"rendered":"https:\/\/www.suno.com.br\/noticias\/?p=497866"},"modified":"2023-12-10T15:39:50","modified_gmt":"2023-12-10T18:39:50","slug":"javier-milei-presidente-argentina-posse","status":"publish","type":"post","link":"https:\/\/www.suno.com.br\/noticias\/javier-milei-presidente-argentina-posse\/","title":{"rendered":"Milei toma posse na Argentina, diz que &#8220;n\u00e3o h\u00e1 dinheiro&#8221; e que ajustes ser\u00e3o no Estado e n\u00e3o no setor privado"},"content":{"rendered":"<p>O novo presidente da Argentina, Javier <strong>Milei<\/strong>, tomou posse hoje (10) ap\u00f3s vencer as elei\u00e7\u00f5es do pa\u00eds latino-americano.<\/p>\t<div class=\"wrapper-featured-image\">\n\t\t<figure class=\"spotlightImg\">\n\n\t\t\t<picture>\n\t\t\t\t<source media=\"(max-width: 768px)\" srcset=\"https:\/\/files.sunoresearch.com.br\/n\/uploads\/2023\/11\/Milei-vit\u00b4pori-400x200.jpg\">\n\t\t\t\t<img loading=\"lazy\" decoding=\"async\" class=\"newsContent__article__imgCapa lazyloadDisabled \" src=\"https:\/\/files.sunoresearch.com.br\/n\/uploads\/2023\/11\/Milei-vit\u00b4pori-800x450.jpg\" width=\"800\" height=\"450\" alt=\"Milei toma posse na Argentina, diz que &#8220;n\u00e3o h\u00e1 dinheiro&#8221; e que ajustes ser\u00e3o no Estado e n\u00e3o no setor privado\" fetchpriority=high \/>\n\t\t\t<\/picture>\n\n\t\t\t<figcaption class=\"wp-caption-text wp-caption-text--show\">Javier Milei. Foto: Reprodu\u00e7\u00e3o<\/figcaption>\n\t\t<\/figure>\n\t<\/div>\n\n\n\n\n\n\t<p>\n\t\t<a href=\"https:\/\/lp.suno.com.br\/ebook-como-analisar-uma-acao\/\" target=\"_blank\" data-element=\"shortcode-suno-banner\" title=\"Banner SUNO, clique e saiba mais\">\n\t\t\t<picture>\n\t\t\t\t<source media=\"(max-width: 500px)\" srcset=\"https:\/\/files.sunoresearch.com.br\/n\/uploads\/2023\/12\/Ebook-Acoes-Mobile.jpg\">\n\t\t\t\t<img class=\"newsContent__article__imgCapa newsContent__article__imgCapa--banner\"\n\t\t\t\t\tsrc=\"https:\/\/files.sunoresearch.com.br\/n\/uploads\/2023\/12\/Ebook-Acoes-Desktop.webp\"\n\t\t\t\t\tdata-promo-id=\"311260\"\t\t\t\t\t\t\t\t\t\twidth='1420' height='286'\t\t\t\t\talt=\"https:\/\/files.sunoresearch.com.br\/n\/uploads\/2023\/12\/Ebook-Acoes-Desktop.webp\"\n\t\t\t\t>\n\t\t\t<\/picture>\n\t\t<\/a>\n\t<\/p>\n\n\n\n\n\n<p>Durante o evento de <strong>posse de Javier Milei<\/strong>, v\u00e1rios governantes de diferentes pa\u00edses estiveram presentes. Na escadaria do Congresso argentino, o novo presidente realizou seu 1\u00ba primeiro discurso no governo e teceu cr\u00edticas ao governo anterior.<\/p>\n\n\n\n<p>Al\u00e9m disso, destacou os principais desafios que vivem a Argentina nesse momento, como o avan\u00e7o da infla\u00e7\u00e3o.<\/p>\n\n\n\t<div data-element=\"shortcode-read-more\" class=\"knowMore\">\n\t\t\t\t<span class=\"knowMore__title\">Leia mais<\/span>\n\t\t\t\t<a class=\"knowMore__link\" href=\"https:\/\/www.suno.com.br\/noticias\/fundo-imobiliario-btlg11-lucro-cai-jvj\/\">\n\t\t\tBTLG11 v\u00ea lucro cair 41,2% e retorno beira os 20% em 3 anos; Veja valores\t\t<\/a>\n\t<\/div>\n\n\n\n\n<p>Milei afirma que \u201choje come\u00e7a uma nova era na Argentina. Hoje, terminamos uma longa e triste hist\u00f3ria de decad\u00eancia e come\u00e7amos o caminho de reconstru\u00e7\u00e3o do nosso pa\u00eds\u201d.<\/p>\n\n\n\n<p>Ele diz que nenhum outro <strong>presidente da Argentina<\/strong> chegou a iniciar seu mandato com uma situa\u00e7\u00e3o t\u00e3o ruim quanto agora. Para resolver os problemas financeiros da Argentina, Milei prop\u00f5e que sejam feitos ajustes fiscais sobre o Estado, mas n\u00e3o no setor privado.<\/p>\n\n\n\n<p>Sobre o avan\u00e7o da<strong> infla\u00e7\u00e3o na Argentina<\/strong>, que chega a 142,7% ao ano, Milei diz que vai \u201clutar com unhas e dentes\u201d para erradic\u00e1-la, mas tamb\u00e9m diz que \u201cn\u00e3o h\u00e1 dinheiro\u201d.<\/p>\n\n\n\n<p>\u201cTemos que emitir dinheiro. Continuaremos pagando os custos do caos monet\u00e1rio do governo anterior. Tendo emitido por 20 pontos do PIB, como foi no governo anterior. N\u00e3o \u00e9 gr\u00e1tis, vamos pagar por isso com a infla\u00e7\u00e3o. Por sua vez, a taxa de c\u00e2mbio\u201d, diz Milei.<\/p>\n\n\n\n<h2 class=\"wp-block-heading\"><a><\/a>Detalhes sobre a posse de Milei<\/h2>\n\n\n\n<p>A cerim\u00f4nia de posse de Milei se iniciou \u00e0s 11h (hor\u00e1rio de Bras\u00edlia) deste domingo (10). O evento aconteceu no Congresso Nacional, na capital Buenos Aires.<\/p>\n\n\n\n<p>Javier Milei recebeu a faixa do agora ex-presidente, Alberto Fern\u00e1ndez, fez o juramento e realizou seu discurso de posse.<\/p>\n\n\n\n<p>No evento estavam diversos convidados, como Vladimir Zelensky, presidente da Ucr\u00e2nia, e o rei da Espanha, Felipe VI. Entre os representantes brasileiros na <strong>posse de Milei<\/strong> estava o ministro das Rela\u00e7\u00f5es Exteriores do governo Lula, Mauro Vieira, assim como Tarc\u00edsio de Freitas e o ex-presidente do Brasil, Jair Bolsonaro.<\/p>\n\n\n\n<p>Javier <strong>Milei<\/strong> venceu as elei\u00e7\u00f5es na Argentina no dia 19 de novembro de 2023, quando seu n\u00famero de votos superou o de seu oponente, Sergio Massa.<\/p>\n\n\n\t<p>\n\t\t<a href=\"https:\/\/lp2.suno.com.br\/cl\/black-friday-2025\/?utm_campaign=_SNCDF0E4858_\" target=\"_blank\" data-element=\"shortcode-suno-banner\" title=\"Banner SUNO, clique e saiba mais\">\n\t\t\t<picture>\n\t\t\t\t<source media=\"(max-width: 500px)\" srcset=\"https:\/\/files.sunoresearch.com.br\/n\/uploads\/2025\/10\/Artigos-e-Noticias-Banner-Home-artigos-01-Mobile_-400x300-1-png.webp\">\n\t\t\t\t<img class=\"newsContent__article__imgCapa newsContent__article__imgCapa--banner\"\n\t\t\t\t\tsrc=\"https:\/\/files.sunoresearch.com.br\/n\/uploads\/2025\/10\/Artigos-e-Noticias-Banner-Home-artigos-01-Desktop_-1420x240-1-png.webp\"\n\t\t\t\t\tdata-promo-id=\"311259\"\t\t\t\t\t\t\t\t\t\twidth='1420' height='240'\t\t\t\t\talt=\"https:\/\/files.sunoresearch.com.br\/n\/uploads\/2025\/10\/Artigos-e-Noticias-Banner-Home-artigos-01-Desktop_-1420x240-1-png.webp\"\n\t\t\t\t>\n\t\t\t<\/picture>\n\t\t<\/a>\n\t<\/p>\n\n\n","protected":false},"excerpt":{"rendered":"<p>O novo presidente da Argentina, Javier Milei, tomou posse hoje (10) ap\u00f3s vencer as elei\u00e7\u00f5es do pa\u00eds latino-americano. Javier Milei. Foto: Reprodu\u00e7\u00e3o Durante o evento de posse de Javier Milei, v\u00e1rios governantes de diferentes pa\u00edses estiveram presentes. Na escadaria do Congresso argentino, o novo presidente realizou seu 1\u00ba primeiro discurso no governo e teceu cr\u00edticas [&hellip;]<\/p>\n","protected":false},"author":173,"featured_media":487888,"comment_status":"closed","ping_status":"closed","sticky":false,"template":"","format":"standard","meta":[],"categories":[64],"tags":[699],"suno_strategy":[],"class_list":["post-497866","post","type-post","status-publish","format-standard","has-post-thumbnail","hentry","category-negocios","tag-argentina"],"yoast_head":"<!-- This site is optimized with the Yoast SEO plugin v24.4 - https:\/\/yoast.com\/wordpress\/plugins\/seo\/ -->\n<title>Milei toma posse na Argentina e diz que &quot;n\u00e3o h\u00e1 dinheiro&quot;; Veja o discurso<\/title>\n<meta name=\"description\" content=\"Em seu discurso de posse como presidente da Argentina, Javier Milei disse que &quot;n\u00e3o h\u00e1 dinheiro&quot; no pa\u00eds e que ajustes ser\u00e3o no Estado.\" \/>\n<meta name=\"robots\" content=\"index, follow, max-snippet:-1, max-image-preview:large, max-video-preview:-1\" \/>\n<link rel=\"canonical\" href=\"https:\/\/www.suno.com.br\/noticias\/javier-milei-presidente-argentina-posse\/\" \/>\n<meta property=\"og:locale\" content=\"pt_BR\" \/>\n<meta property=\"og:type\" content=\"article\" \/>\n<meta property=\"og:title\" content=\"Milei toma posse na Argentina e diz que &quot;n\u00e3o h\u00e1 dinheiro&quot;; Veja o discurso\" \/>\n<meta property=\"og:description\" content=\"Em seu discurso de posse como presidente da Argentina, Javier Milei disse que &quot;n\u00e3o h\u00e1 dinheiro&quot; no pa\u00eds e que ajustes ser\u00e3o no Estado.\" \/>\n<meta property=\"og:url\" content=\"https:\/\/www.suno.com.br\/noticias\/javier-milei-presidente-argentina-posse\/\" \/>\n<meta property=\"og:site_name\" content=\"Suno Not\u00edcias\" \/>\n<meta property=\"article:publisher\" content=\"https:\/\/facebook.com\/sunoresearch\" \/>\n<meta property=\"og:image\" content=\"https:\/\/files.sunoresearch.com.br\/n\/uploads\/2023\/11\/Milei-vit\u00b4pori.jpg\" \/>\n\t<meta property=\"og:image:width\" content=\"1350\" \/>\n\t<meta property=\"og:image:height\" content=\"807\" \/>\n\t<meta property=\"og:image:type\" content=\"image\/jpeg\" \/>\n<meta name=\"author\" content=\"Jo\u00e3o Vitor\" \/>\n<meta name=\"twitter:card\" content=\"summary_large_image\" \/>\n<meta name=\"twitter:creator\" content=\"@sunoresearch\" \/>\n<meta name=\"twitter:site\" content=\"@sunoresearch\" \/>\n<meta name=\"twitter:label1\" content=\"Escrito por\" \/>\n\t<meta name=\"twitter:data1\" content=\"Jo\u00e3o Vitor\" \/>\n\t<meta name=\"twitter:label2\" content=\"Est. tempo de leitura\" \/>\n\t<meta name=\"twitter:data2\" content=\"2 minutos\" \/>\n<script type=\"application\/ld+json\" class=\"yoast-schema-graph\">{\"@context\":\"https:\/\/schema.org\",\"@graph\":[{\"@type\":\"NewsArticle\",\"@id\":\"https:\/\/www.suno.com.br\/noticias\/javier-milei-presidente-argentina-posse\/#article\",\"isPartOf\":{\"@id\":\"https:\/\/www.suno.com.br\/noticias\/javier-milei-presidente-argentina-posse\/\"},\"author\":{\"name\":\"Jo\u00e3o Vitor\",\"@id\":\"https:\/\/www.suno.com.br\/noticias\/#\/schema\/person\/87fc6973867c52dd884811905c43afba\"},\"headline\":\"Milei toma posse na Argentina, diz que &#8220;n\u00e3o h\u00e1 dinheiro&#8221; e que ajustes ser\u00e3o no Estado e n\u00e3o no setor privado\",\"datePublished\":\"2023-12-10T18:39:48+00:00\",\"dateModified\":\"2023-12-10T18:39:50+00:00\",\"mainEntityOfPage\":{\"@id\":\"https:\/\/www.suno.com.br\/noticias\/javier-milei-presidente-argentina-posse\/\"},\"wordCount\":403,\"publisher\":{\"@id\":\"https:\/\/www.suno.com.br\/noticias\/#organization\"},\"image\":{\"@id\":\"https:\/\/www.suno.com.br\/noticias\/javier-milei-presidente-argentina-posse\/#primaryimage\"},\"thumbnailUrl\":\"https:\/\/files.sunoresearch.com.br\/n\/uploads\/2023\/11\/Milei-vit\u00b4pori.jpg\",\"keywords\":[\"Argentina\"],\"articleSection\":[\"Neg\u00f3cios\"],\"inLanguage\":\"pt-BR\"},{\"@type\":\"WebPage\",\"@id\":\"https:\/\/www.suno.com.br\/noticias\/javier-milei-presidente-argentina-posse\/\",\"url\":\"https:\/\/www.suno.com.br\/noticias\/javier-milei-presidente-argentina-posse\/\",\"name\":\"Milei toma posse na Argentina e diz que \\\"n\u00e3o h\u00e1 dinheiro\\\"; Veja o discurso\",\"isPartOf\":{\"@id\":\"https:\/\/www.suno.com.br\/noticias\/#website\"},\"primaryImageOfPage\":{\"@id\":\"https:\/\/www.suno.com.br\/noticias\/javier-milei-presidente-argentina-posse\/#primaryimage\"},\"image\":{\"@id\":\"https:\/\/www.suno.com.br\/noticias\/javier-milei-presidente-argentina-posse\/#primaryimage\"},\"thumbnailUrl\":\"https:\/\/files.sunoresearch.com.br\/n\/uploads\/2023\/11\/Milei-vit\u00b4pori.jpg\",\"datePublished\":\"2023-12-10T18:39:48+00:00\",\"dateModified\":\"2023-12-10T18:39:50+00:00\",\"description\":\"Em seu discurso de posse como presidente da Argentina, Javier Milei disse que \\\"n\u00e3o h\u00e1 dinheiro\\\" no pa\u00eds e que ajustes ser\u00e3o no Estado.\",\"breadcrumb\":{\"@id\":\"https:\/\/www.suno.com.br\/noticias\/javier-milei-presidente-argentina-posse\/#breadcrumb\"},\"inLanguage\":\"pt-BR\",\"potentialAction\":[{\"@type\":\"ReadAction\",\"target\":[\"https:\/\/www.suno.com.br\/noticias\/javier-milei-presidente-argentina-posse\/\"]}]},{\"@type\":\"ImageObject\",\"inLanguage\":\"pt-BR\",\"@id\":\"https:\/\/www.suno.com.br\/noticias\/javier-milei-presidente-argentina-posse\/#primaryimage\",\"url\":\"https:\/\/files.sunoresearch.com.br\/n\/uploads\/2023\/11\/Milei-vit\u00b4pori.jpg\",\"contentUrl\":\"https:\/\/files.sunoresearch.com.br\/n\/uploads\/2023\/11\/Milei-vit\u00b4pori.jpg\",\"width\":1350,\"height\":807,\"caption\":\"Javier Milei. Foto: Reprodu\u00e7\u00e3o\"},{\"@type\":\"BreadcrumbList\",\"@id\":\"https:\/\/www.suno.com.br\/noticias\/javier-milei-presidente-argentina-posse\/#breadcrumb\",\"itemListElement\":[{\"@type\":\"ListItem\",\"position\":1,\"name\":\"Not\u00edcias\",\"item\":\"https:\/\/www.suno.com.br\/noticias\/\"},{\"@type\":\"ListItem\",\"position\":2,\"name\":\"Neg\u00f3cios\",\"item\":\"https:\/\/www.suno.com.br\/noticias\/negocios\/\"},{\"@type\":\"ListItem\",\"position\":3,\"name\":\"Milei toma posse na Argentina, diz que &#8220;n\u00e3o h\u00e1 dinheiro&#8221; e que ajustes ser\u00e3o no Estado e n\u00e3o no setor privado\"}]},{\"@type\":\"WebSite\",\"@id\":\"https:\/\/www.suno.com.br\/noticias\/#website\",\"url\":\"https:\/\/www.suno.com.br\/noticias\/\",\"name\":\"Suno Not\u00edcias\",\"description\":\"Seu portal de informa\u00e7\u00e3o sobre o mundo dos investimentos\",\"publisher\":{\"@id\":\"https:\/\/www.suno.com.br\/noticias\/#organization\"},\"potentialAction\":[{\"@type\":\"SearchAction\",\"target\":{\"@type\":\"EntryPoint\",\"urlTemplate\":\"https:\/\/www.suno.com.br\/noticias\/?s={search_term_string}\"},\"query-input\":{\"@type\":\"PropertyValueSpecification\",\"valueRequired\":true,\"valueName\":\"search_term_string\"}}],\"inLanguage\":\"pt-BR\"},{\"@type\":\"Organization\",\"@id\":\"https:\/\/www.suno.com.br\/noticias\/#organization\",\"name\":\"Suno Not\u00edcias\",\"url\":\"https:\/\/www.suno.com.br\/noticias\/\",\"logo\":{\"@type\":\"ImageObject\",\"inLanguage\":\"pt-BR\",\"@id\":\"https:\/\/www.suno.com.br\/noticias\/#\/schema\/logo\/image\/\",\"url\":\"https:\/\/files.sunoresearch.com.br\/n\/uploads\/2021\/09\/suno-logo.png\",\"contentUrl\":\"https:\/\/files.sunoresearch.com.br\/n\/uploads\/2021\/09\/suno-logo.png\",\"width\":180,\"height\":180,\"caption\":\"Suno Not\u00edcias\"},\"image\":{\"@id\":\"https:\/\/www.suno.com.br\/noticias\/#\/schema\/logo\/image\/\"},\"sameAs\":[\"https:\/\/facebook.com\/sunoresearch\",\"https:\/\/x.com\/sunoresearch\",\"https:\/\/www.instagram.com\/suno\",\"https:\/\/www.linkedin.com\/company\/suno-research\/\",\"https:\/\/www.youtube.com\/c\/sunoresearch\"]},{\"@type\":\"Person\",\"@id\":\"https:\/\/www.suno.com.br\/noticias\/#\/schema\/person\/87fc6973867c52dd884811905c43afba\",\"name\":\"Jo\u00e3o Vitor\",\"image\":{\"@type\":\"ImageObject\",\"inLanguage\":\"pt-BR\",\"@id\":\"https:\/\/www.suno.com.br\/noticias\/#\/schema\/person\/image\/\",\"url\":\"https:\/\/secure.gravatar.com\/avatar\/2843227ca03ccf8cc7ccca45204c127e?s=96&r=g\",\"contentUrl\":\"https:\/\/secure.gravatar.com\/avatar\/2843227ca03ccf8cc7ccca45204c127e?s=96&r=g\",\"caption\":\"Jo\u00e3o Vitor\"},\"description\":\"Redator profissional, com atua\u00e7\u00e3o no mercado editorial na produ\u00e7\u00e3o de not\u00edcias e conte\u00fados sobre o mercado de a\u00e7\u00f5es, fundos imobili\u00e1rios e economia popular. Graduando em Engenharia Qu\u00edmica pela Unesp, tamb\u00e9m j\u00e1 atuou como consultor financeiro.\",\"url\":\"https:\/\/www.suno.com.br\/noticias\/author\/joao-vitor-jacintho\/\"}]}<\/script>\n<!-- \/ Yoast SEO plugin. -->","yoast_head_json":{"title":"Milei toma posse na Argentina e diz que \"n\u00e3o h\u00e1 dinheiro\"; Veja o discurso","description":"Em seu discurso de posse como presidente da Argentina, Javier Milei disse que \"n\u00e3o h\u00e1 dinheiro\" no pa\u00eds e que ajustes ser\u00e3o no Estado.","robots":{"index":"index","follow":"follow","max-snippet":"max-snippet:-1","max-image-preview":"max-image-preview:large","max-video-preview":"max-video-preview:-1"},"canonical":"https:\/\/www.suno.com.br\/noticias\/javier-milei-presidente-argentina-posse\/","og_locale":"pt_BR","og_type":"article","og_title":"Milei toma posse na Argentina e diz que \"n\u00e3o h\u00e1 dinheiro\"; Veja o discurso","og_description":"Em seu discurso de posse como presidente da Argentina, Javier Milei disse que \"n\u00e3o h\u00e1 dinheiro\" no pa\u00eds e que ajustes ser\u00e3o no Estado.","og_url":"https:\/\/www.suno.com.br\/noticias\/javier-milei-presidente-argentina-posse\/","og_site_name":"Suno Not\u00edcias","article_publisher":"https:\/\/facebook.com\/sunoresearch","og_image":[{"width":1350,"height":807,"url":"https:\/\/files.sunoresearch.com.br\/n\/uploads\/2023\/11\/Milei-vit\u00b4pori.jpg","type":"image\/jpeg"}],"author":"Jo\u00e3o Vitor","twitter_card":"summary_large_image","twitter_creator":"@sunoresearch","twitter_site":"@sunoresearch","twitter_misc":{"Escrito por":"Jo\u00e3o Vitor","Est. tempo de leitura":"2 minutos"},"schema":{"@context":"https:\/\/schema.org","@graph":[{"@type":"NewsArticle","@id":"https:\/\/www.suno.com.br\/noticias\/javier-milei-presidente-argentina-posse\/#article","isPartOf":{"@id":"https:\/\/www.suno.com.br\/noticias\/javier-milei-presidente-argentina-posse\/"},"author":{"name":"Jo\u00e3o Vitor","@id":"https:\/\/www.suno.com.br\/noticias\/#\/schema\/person\/87fc6973867c52dd884811905c43afba"},"headline":"Milei toma posse na Argentina, diz que &#8220;n\u00e3o h\u00e1 dinheiro&#8221; e que ajustes ser\u00e3o no Estado e n\u00e3o no setor privado","datePublished":"2023-12-10T18:39:48+00:00","dateModified":"2023-12-10T18:39:50+00:00","mainEntityOfPage":{"@id":"https:\/\/www.suno.com.br\/noticias\/javier-milei-presidente-argentina-posse\/"},"wordCount":403,"publisher":{"@id":"https:\/\/www.suno.com.br\/noticias\/#organization"},"image":{"@id":"https:\/\/www.suno.com.br\/noticias\/javier-milei-presidente-argentina-posse\/#primaryimage"},"thumbnailUrl":"https:\/\/files.sunoresearch.com.br\/n\/uploads\/2023\/11\/Milei-vit\u00b4pori.jpg","keywords":["Argentina"],"articleSection":["Neg\u00f3cios"],"inLanguage":"pt-BR"},{"@type":"WebPage","@id":"https:\/\/www.suno.com.br\/noticias\/javier-milei-presidente-argentina-posse\/","url":"https:\/\/www.suno.com.br\/noticias\/javier-milei-presidente-argentina-posse\/","name":"Milei toma posse na Argentina e diz que \"n\u00e3o h\u00e1 dinheiro\"; Veja o discurso","isPartOf":{"@id":"https:\/\/www.suno.com.br\/noticias\/#website"},"primaryImageOfPage":{"@id":"https:\/\/www.suno.com.br\/noticias\/javier-milei-presidente-argentina-posse\/#primaryimage"},"image":{"@id":"https:\/\/www.suno.com.br\/noticias\/javier-milei-presidente-argentina-posse\/#primaryimage"},"thumbnailUrl":"https:\/\/files.sunoresearch.com.br\/n\/uploads\/2023\/11\/Milei-vit\u00b4pori.jpg","datePublished":"2023-12-10T18:39:48+00:00","dateModified":"2023-12-10T18:39:50+00:00","description":"Em seu discurso de posse como presidente da Argentina, Javier Milei disse que \"n\u00e3o h\u00e1 dinheiro\" no pa\u00eds e que ajustes ser\u00e3o no Estado.","breadcrumb":{"@id":"https:\/\/www.suno.com.br\/noticias\/javier-milei-presidente-argentina-posse\/#breadcrumb"},"inLanguage":"pt-BR","potentialAction":[{"@type":"ReadAction","target":["https:\/\/www.suno.com.br\/noticias\/javier-milei-presidente-argentina-posse\/"]}]},{"@type":"ImageObject","inLanguage":"pt-BR","@id":"https:\/\/www.suno.com.br\/noticias\/javier-milei-presidente-argentina-posse\/#primaryimage","url":"https:\/\/files.sunoresearch.com.br\/n\/uploads\/2023\/11\/Milei-vit\u00b4pori.jpg","contentUrl":"https:\/\/files.sunoresearch.com.br\/n\/uploads\/2023\/11\/Milei-vit\u00b4pori.jpg","width":1350,"height":807,"caption":"Javier Milei. Foto: Reprodu\u00e7\u00e3o"},{"@type":"BreadcrumbList","@id":"https:\/\/www.suno.com.br\/noticias\/javier-milei-presidente-argentina-posse\/#breadcrumb","itemListElement":[{"@type":"ListItem","position":1,"name":"Not\u00edcias","item":"https:\/\/www.suno.com.br\/noticias\/"},{"@type":"ListItem","position":2,"name":"Neg\u00f3cios","item":"https:\/\/www.suno.com.br\/noticias\/negocios\/"},{"@type":"ListItem","position":3,"name":"Milei toma posse na Argentina, diz que &#8220;n\u00e3o h\u00e1 dinheiro&#8221; e que ajustes ser\u00e3o no Estado e n\u00e3o no setor privado"}]},{"@type":"WebSite","@id":"https:\/\/www.suno.com.br\/noticias\/#website","url":"https:\/\/www.suno.com.br\/noticias\/","name":"Suno Not\u00edcias","description":"Seu portal de informa\u00e7\u00e3o sobre o mundo dos investimentos","publisher":{"@id":"https:\/\/www.suno.com.br\/noticias\/#organization"},"potentialAction":[{"@type":"SearchAction","target":{"@type":"EntryPoint","urlTemplate":"https:\/\/www.suno.com.br\/noticias\/?s={search_term_string}"},"query-input":{"@type":"PropertyValueSpecification","valueRequired":true,"valueName":"search_term_string"}}],"inLanguage":"pt-BR"},{"@type":"Organization","@id":"https:\/\/www.suno.com.br\/noticias\/#organization","name":"Suno Not\u00edcias","url":"https:\/\/www.suno.com.br\/noticias\/","logo":{"@type":"ImageObject","inLanguage":"pt-BR","@id":"https:\/\/www.suno.com.br\/noticias\/#\/schema\/logo\/image\/","url":"https:\/\/files.sunoresearch.com.br\/n\/uploads\/2021\/09\/suno-logo.png","contentUrl":"https:\/\/files.sunoresearch.com.br\/n\/uploads\/2021\/09\/suno-logo.png","width":180,"height":180,"caption":"Suno Not\u00edcias"},"image":{"@id":"https:\/\/www.suno.com.br\/noticias\/#\/schema\/logo\/image\/"},"sameAs":["https:\/\/facebook.com\/sunoresearch","https:\/\/x.com\/sunoresearch","https:\/\/www.instagram.com\/suno","https:\/\/www.linkedin.com\/company\/suno-research\/","https:\/\/www.youtube.com\/c\/sunoresearch"]},{"@type":"Person","@id":"https:\/\/www.suno.com.br\/noticias\/#\/schema\/person\/87fc6973867c52dd884811905c43afba","name":"Jo\u00e3o Vitor","image":{"@type":"ImageObject","inLanguage":"pt-BR","@id":"https:\/\/www.suno.com.br\/noticias\/#\/schema\/person\/image\/","url":"https:\/\/secure.gravatar.com\/avatar\/2843227ca03ccf8cc7ccca45204c127e?s=96&r=g","contentUrl":"https:\/\/secure.gravatar.com\/avatar\/2843227ca03ccf8cc7ccca45204c127e?s=96&r=g","caption":"Jo\u00e3o Vitor"},"description":"Redator profissional, com atua\u00e7\u00e3o no mercado editorial na produ\u00e7\u00e3o de not\u00edcias e conte\u00fados sobre o mercado de a\u00e7\u00f5es, fundos imobili\u00e1rios e economia popular. Graduando em Engenharia Qu\u00edmica pela Unesp, tamb\u00e9m j\u00e1 atuou como consultor financeiro.","url":"https:\/\/www.suno.com.br\/noticias\/author\/joao-vitor-jacintho\/"}]}},"default_loop_html":"<div class=\"cardsPage__listCard__boxs\"><div class=\"cardsPage__listCard__boxs__img\"><a href=\"https:\/\/www.suno.com.br\/noticias\/javier-milei-presidente-argentina-posse\/\"><img class=\"mask\" src=\"https:\/\/www.suno.com.br\/noticias\/wp-content\/themes\/suno\/resources\/images\/spotlight\/spotlight1img\/bg-mask.png\" alt=\"Image Mask\"\/><img src=\"https:\/\/files.sunoresearch.com.br\/n\/uploads\/2023\/11\/Milei-vit\u00b4pori-400x200.jpg\" alt=\"Milei toma posse na Argentina, diz que &#8220;n\u00e3o h\u00e1 dinheiro&#8221; e que ajustes ser\u00e3o no Estado e n\u00e3o no setor privado\"\/><\/a><span class=\"spotlightCategory\"><a href=\"https:\/\/www.suno.com.br\/noticias\/negocios\/\">Neg\u00f3cios<\/a><\/span><\/div><div class=\"cardsPage__listCard__boxs__content\"><a href=\"https:\/\/www.suno.com.br\/noticias\/javier-milei-presidente-argentina-posse\/\"><h2 class=\"content__title\">Milei toma posse na Argentina, diz que &#8220;n\u00e3o h\u00e1 dinheiro&#8221; e que ajustes ser\u00e3o no Estado e n\u00e3o no setor privado<\/h2><\/a><div class=\"newsContent__article__meta\"><div class=\"newsContent__article__meta__authorBox\"><a href=\"https:\/\/www.suno.com.br\/noticias\/author\/joao-vitor-jacintho\/\" class=\"authorBox__avatar noMobi\"><img src=\"https:\/\/secure.gravatar.com\/avatar\/2843227ca03ccf8cc7ccca45204c127e?s=96&#038;r=g\" alt=\"Jo\u00e3o Vitor Jacintho\"><\/a><div class=\"authorBox__name\"><span>por\n\t\t\t<a href=\"https:\/\/www.suno.com.br\/noticias\/author\/joao-vitor-jacintho\/\"><span itemprop=\"author\">Jo\u00e3o Vitor Jacintho<\/span><\/a><\/span><time datetime=\"2023-12-10T15:39:48-03:00\" itemprop=\"datePublished\">10\/12\/2023 15:39<\/time><\/div><\/div><\/div><\/div><\/div>","single_layout":"posts","amp_enabled":true,"_links":{"self":[{"href":"https:\/\/www.suno.com.br\/noticias\/wp-json\/wp\/v2\/posts\/497866"}],"collection":[{"href":"https:\/\/www.suno.com.br\/noticias\/wp-json\/wp\/v2\/posts"}],"about":[{"href":"https:\/\/www.suno.com.br\/noticias\/wp-json\/wp\/v2\/types\/post"}],"author":[{"embeddable":true,"href":"https:\/\/www.suno.com.br\/noticias\/wp-json\/wp\/v2\/users\/173"}],"replies":[{"embeddable":true,"href":"https:\/\/www.suno.com.br\/noticias\/wp-json\/wp\/v2\/comments?post=497866"}],"version-history":[{"count":2,"href":"https:\/\/www.suno.com.br\/noticias\/wp-json\/wp\/v2\/posts\/497866\/revisions"}],"predecessor-version":[{"id":497868,"href":"https:\/\/www.suno.com.br\/noticias\/wp-json\/wp\/v2\/posts\/497866\/revisions\/497868"}],"wp:featuredmedia":[{"embeddable":true,"href":"https:\/\/www.suno.com.br\/noticias\/wp-json\/wp\/v2\/media\/487888"}],"wp:attachment":[{"href":"https:\/\/www.suno.com.br\/noticias\/wp-json\/wp\/v2\/media?parent=497866"}],"wp:term":[{"taxonomy":"category","embeddable":true,"href":"https:\/\/www.suno.com.br\/noticias\/wp-json\/wp\/v2\/categories?post=497866"},{"taxonomy":"post_tag","embeddable":true,"href":"https:\/\/www.suno.com.br\/noticias\/wp-json\/wp\/v2\/tags?post=497866"},{"taxonomy":"suno_strategy","embeddable":true,"href":"https:\/\/www.suno.com.br\/noticias\/wp-json\/wp\/v2\/suno_strategy?post=497866"}],"curies":[{"name":"wp","href":"https:\/\/api.w.org\/{rel}","templated":true}]}}