{"id":497764,"date":"2023-12-09T10:43:04","date_gmt":"2023-12-09T13:43:04","guid":{"rendered":"https:\/\/www.suno.com.br\/noticias\/?p=497764"},"modified":"2023-12-09T11:19:26","modified_gmt":"2023-12-09T14:19:26","slug":"prio-prio3-distribuir-dividendos-intermediarios-60mi-cpf","status":"publish","type":"post","link":"https:\/\/www.suno.com.br\/noticias\/prio-prio3-distribuir-dividendos-intermediarios-60mi-cpf\/","title":{"rendered":"Prio (PRIO3) vai distribuir R$ 60,6 milh\u00f5es em dividendos intermedi\u00e1rios"},"content":{"rendered":"<p>A<strong> Prio (PRIO3)<\/strong>, ex-PetroRio, vai pagar R$ 60.615.773,09 em <a class=\"suno-keyword\" target=\"_blank\" data-force=\"no\" data-priority=\"1\" href=\"https:\/\/www.suno.com.br\/guias\/dividendos\/\" rel=\"noopener\">dividendos<\/a> intermedi\u00e1rios aos seus acionistas, de acordo com o <a class=\"suno-keyword\" target=\"_blank\" data-force=\"no\" data-priority=\"1\" href=\"https:\/\/www.suno.com.br\/artigos\/fato-relevante\/\" rel=\"noopener\">fato relevante<\/a> divulgado pela companhia nesta sexta-feira (8).<\/p>\t<div class=\"wrapper-featured-image\">\n\t\t<figure class=\"spotlightImg\">\n\n\t\t\t<picture>\n\t\t\t\t<source media=\"(max-width: 768px)\" srcset=\"https:\/\/files.sunoresearch.com.br\/n\/uploads\/2021\/03\/00c99b5b-frade-216993-400x200.jpg\">\n\t\t\t\t<img loading=\"lazy\" decoding=\"async\" class=\"newsContent__article__imgCapa lazyloadDisabled \" src=\"https:\/\/files.sunoresearch.com.br\/n\/uploads\/2021\/03\/00c99b5b-frade-216993-800x450.jpg\" width=\"800\" height=\"450\" alt=\"Prio (PRIO3) vai distribuir R$ 60,6 milh\u00f5es em dividendos intermedi\u00e1rios\" fetchpriority=high \/>\n\t\t\t<\/picture>\n\n\t\t\t<figcaption class=\"wp-caption-text wp-caption-text--show\">Prio (PRIO3). Foto: Divulga\u00e7\u00e3o<\/figcaption>\n\t\t<\/figure>\n\t<\/div>\n\n\n\n\n\n\n\n\t<p>\n\t\t<a href=\"\" target=\"_blank\" data-element=\"shortcode-suno-banner\" title=\"Banner SUNO, clique e saiba mais\">\n\t\t\t<picture>\n\t\t\t\t<source media=\"(max-width: 500px)\" srcset=\"\">\n\t\t\t\t<img class=\"newsContent__article__imgCapa newsContent__article__imgCapa--banner\"\n\t\t\t\t\tsrc=\"\"\n\t\t\t\t\tdata-promo-id=\"254218\"\t\t\t\t\t\t\t\t\t\t\t\t\t\t\talt=\"\"\n\t\t\t\t>\n\t\t\t<\/picture>\n\t\t<\/a>\n\t<\/p>\n\n\n\n\n\n<p>O valor dos <strong>proventos da Prio<\/strong> por a\u00e7\u00e3o ordin\u00e1ria (ON) da companhia petroleira ser\u00e1 de R$ 0,07264350. Segundo o comunicado, o pagamento de <strong>dividendos da Prio <\/strong>ser\u00e3o pagos no pr\u00f3ximo dia 22 de dezembro do ano corrente.<\/p>\n\n\n\n<p>A base acion\u00e1ria beneficiada com os <a class=\"suno-keyword\" data-force=\"no\" data-priority=\"1\" href=\"https:\/\/www.suno.com.br\/guias\/dividendos\/\" target=\"_blank\" rel=\"noopener\">dividendos<\/a> levar\u00e1 em conta apenas os investidores com <strong>a\u00e7\u00f5es da Prio (PRIO3)<\/strong> at\u00e9 o dia 13 de dezembro (pr\u00f3xima quarta-feira). A partir do dia 14 de dezembro, as a\u00e7\u00f5es da petroleira ser\u00e3o negociadas sem direito a esta parte dos dividendos.<\/p>\n\n\n\n<p>Segundo documento arquivado na Comiss\u00e3o de Valores Mobili\u00e1rios (CVM), o pagamento aprovado pelo <a class=\"suno-keyword\" target=\"_blank\" data-force=\"no\" data-priority=\"1\" href=\"https:\/\/www.suno.com.br\/artigos\/conselho-administracao\/\" rel=\"noopener\">Conselho de Administra\u00e7\u00e3o<\/a> da empresa fazem parte dos <strong>dividendos intermedi\u00e1rios<\/strong> \u00e0 conta da <a class=\"suno-keyword\" target=\"_blank\" data-force=\"no\" data-priority=\"1\" href=\"https:\/\/www.suno.com.br\/artigos\/reserva-de-lucros\/\" rel=\"noopener\">reserva de lucros<\/a> a realizar, conforme o lucro do exerc\u00edcio encerrado em 2021.<\/p>\n\n\n\n<p>O pagamento dos <a class=\"suno-keyword\" target=\"_blank\" data-force=\"no\" data-priority=\"1\" href=\"https:\/\/www.suno.com.br\/guias\/dividendos\/\" rel=\"noopener\">dividendos<\/a> foi definido em <a class=\"suno-keyword\" target=\"_blank\" data-force=\"no\" data-priority=\"1\" href=\"https:\/\/www.suno.com.br\/artigos\/assembleia-geral-ordinaria\/\" rel=\"noopener\">Assembleia Geral Ordin\u00e1ria<\/a> da Prio em abril de 2022 e agora d\u00e1 continuidade \u00e0s parcelas de pagamentos aos acionistas. <\/p>\n\n\n\n<p>Segundo a companhia, considerando o Programa de <a class=\"suno-keyword\" target=\"_blank\" data-force=\"no\" data-priority=\"1\" href=\"https:\/\/www.suno.com.br\/artigos\/recompra-de-acoes\/\" rel=\"noopener\">Recompra de A\u00e7\u00f5es<\/a>, aprovado em 03 de outubro de 2022, o valor dos <strong>dividendos da PRIO3<\/strong> por a\u00e7\u00e3o mencionado poder\u00e1 ser alterado em fun\u00e7\u00e3o da  quantidade de a\u00e7\u00f5es em circula\u00e7\u00e3o at\u00e9 a data de corte. Caso haja alguma altera\u00e7\u00e3o, a companhia dever\u00e1 divulgar em forma de Aviso aos Acionistas, informando o valor final por a\u00e7\u00e3o ajustado.<\/p>\n\n\n\t<p>\n\t\t<a href=\"https:\/\/lp.suno.com.br\/ebook-como-analisar-uma-acao\/\" target=\"_blank\" data-element=\"shortcode-suno-banner\" title=\"Banner SUNO, clique e saiba mais\">\n\t\t\t<picture>\n\t\t\t\t<source media=\"(max-width: 500px)\" srcset=\"https:\/\/files.sunoresearch.com.br\/n\/uploads\/2023\/03\/Ebook-Acoes-Mobile.jpg\">\n\t\t\t\t<img class=\"newsContent__article__imgCapa newsContent__article__imgCapa--banner\"\n\t\t\t\t\tsrc=\"https:\/\/files.sunoresearch.com.br\/n\/uploads\/2023\/03\/Ebook-Acoes-Desktop.jpg\"\n\t\t\t\t\tdata-promo-id=\"378302\"\t\t\t\t\t\t\t\t\t\twidth='1420' height='286'\t\t\t\t\talt=\"https:\/\/files.sunoresearch.com.br\/n\/uploads\/2023\/03\/Ebook-Acoes-Desktop.jpg\"\n\t\t\t\t>\n\t\t\t<\/picture>\n\t\t<\/a>\n\t<\/p>\n\n\n\n\n\n<h2 class=\"wp-block-heading\">Dividendos da PRIO (PRIO3)<\/h2>\n\n\n\n<ul class=\"wp-block-list\">\n<li>Valor total: R$ 60.615.773,09 <\/li>\n\n\n\n<li>Valor por a\u00e7\u00e3o: R$ 0,07264350<\/li>\n\n\n\n<li>Data de corte: 13 de dezembro<\/li>\n\n\n\n<li>Data do pagamento: 22 de dezembro<\/li>\n<\/ul>\n\n\n\n<p>No preg\u00e3o desta sexta-feira (8), a cota\u00e7\u00e3o das a\u00e7\u00f5es da PRIO registraram uma alta de 3,60%, fechenaod o dia na casa dos R$ 44,55 por papel. No ano, a a\u00e7\u00e3o acumula alta de 21,19%.<\/p>\n\n\n\n<div class=\"pluginQuotation\">\n  <p class=\"ticker\">\n    Cota\u00e7\u00e3o <span>PRIO3<\/span>\n  <\/p>\n  <div class=\"info\">\n    <div class=\"leftSide\">\n      Gr\u00e1fico gerado em: 09\/12\/2023    <\/div>\n\t\t\t\t\t<div class=\"rightSide\">\n\t\t\t\t\t<span class=\"period\">\n\t\t\t\t\t\t6 Meses\t\t\t\t\t<\/span>\n\t\t\t<\/div>\n\t\t  <\/div>\n\n  <div id=\"chart-d6fb2d865ecda15b05c0a6e01382bf41\" data-block-hash=\"d6fb2d865ecda15b05c0a6e01382bf41\"  class=\"chart\" style=\"width:100%;height:400px;\"><\/div>\n\n  <div class=\"pluginQuotation__footer\">\n    <div class=\"dataChart\">\n\n      <div class=\"dataChart__div1 variation\">\n        <div class=\"value-positive\">\n          29,21 (+10,07%)        <\/div>\n        <div class=\"text\">\n          Varia\u00e7\u00e3o do per\u00edodo\n        <\/div>\n      <\/div>\n\n      <div class=\"dataChart__div2 minMax\">\n        <div class=\"value\">\n          R$\u00a033,14        <\/div>\n        <div class=\"text\">\n          M\u00ednima\n        <\/div>\n      <\/div>\n\n      <div class=\"dataChart__div3 minMax\">\n        <div class=\"value\">\n          R$\u00a050,20        <\/div>\n        <div class=\"text\">\n          M\u00e1xima\n        <\/div>\n      <\/div>\n\n\t\t\t<div class=\"dataChart__div4 rightSide\">\n\t\t\t\t<div class=\"analiticaSource\">\n\t\t\t\t\t<span>\n\t\t\t\t\t\tFonte:\n\t\t\t\t\t<\/span>\n\t\t\t\t\t<img decoding=\"async\" class=\"analiticaLogo\" src=\"https:\/\/www.suno.com.br\/noticias\/wp-content\/plugins\/suno-block-ticker-quotation\/src\/suno-analitica-logo.png\" alt=\"Logo Suno Anal\u00edtica\" \/>\n\t\t\t\t<\/div>\n\n\t\t\t\t<a href=\"https:\/\/www.suno.com.br\/analitica\/acoes\/PRIO3\" target=\"_blank\">\n\t\t\t\t\t<span>\n\t\t\t\t\t\tVer mais cota\u00e7\u00f5es\n\t\t\t\t\t<\/span>\n\t\t\t\t\t<svg xmlns=\"http:\/\/www.w3.org\/2000\/svg\" width=\"9\" height=\"8\" viewBox=\"0 0 9 8\" fill=\"none\">\n\t\t\t\t\t\t<path d=\"M4.20996 0L3.50496 0.705L6.29496 3.5H0.209961V4.5H6.29496L3.50496 7.295L4.20996 8L8.20996 4L4.20996 0Z\" fill=\"#D42126\" \/>\n\t\t\t\t\t<\/svg>\n\t\t\t\t<\/a>\n    <\/div>\n\n    <\/div>\n  <\/div>\n<\/div>\n\n\n<script type=\"text\/javascript\">\n  let chart_d6fb2d865ecda15b05c0a6e01382bf41 = document.getElementById('chart-d6fb2d865ecda15b05c0a6e01382bf41');\n  let data_json_d6fb2d865ecda15b05c0a6e01382bf41 = \"[{\\\"date\\\":\\\"09\\\\\\\/06\\\\\\\/23 \\\",\\\"value\\\":34.48},{\\\"date\\\":\\\"12\\\\\\\/06\\\\\\\/23 \\\",\\\"value\\\":33.14},{\\\"date\\\":\\\"13\\\\\\\/06\\\\\\\/23 \\\",\\\"value\\\":34.34},{\\\"date\\\":\\\"14\\\\\\\/06\\\\\\\/23 \\\",\\\"value\\\":35.4},{\\\"date\\\":\\\"15\\\\\\\/06\\\\\\\/23 \\\",\\\"value\\\":35.6},{\\\"date\\\":\\\"16\\\\\\\/06\\\\\\\/23 \\\",\\\"value\\\":36.27},{\\\"date\\\":\\\"19\\\\\\\/06\\\\\\\/23 \\\",\\\"value\\\":36.06},{\\\"date\\\":\\\"20\\\\\\\/06\\\\\\\/23 \\\",\\\"value\\\":36.16},{\\\"date\\\":\\\"21\\\\\\\/06\\\\\\\/23 \\\",\\\"value\\\":38.67},{\\\"date\\\":\\\"22\\\\\\\/06\\\\\\\/23 \\\",\\\"value\\\":38.3},{\\\"date\\\":\\\"23\\\\\\\/06\\\\\\\/23 \\\",\\\"value\\\":38.21},{\\\"date\\\":\\\"26\\\\\\\/06\\\\\\\/23 \\\",\\\"value\\\":37.04},{\\\"date\\\":\\\"27\\\\\\\/06\\\\\\\/23 \\\",\\\"value\\\":35.8},{\\\"date\\\":\\\"28\\\\\\\/06\\\\\\\/23 \\\",\\\"value\\\":36.14},{\\\"date\\\":\\\"29\\\\\\\/06\\\\\\\/23 \\\",\\\"value\\\":36.29},{\\\"date\\\":\\\"30\\\\\\\/06\\\\\\\/23 \\\",\\\"value\\\":37.08},{\\\"date\\\":\\\"03\\\\\\\/07\\\\\\\/23 \\\",\\\"value\\\":37.42},{\\\"date\\\":\\\"04\\\\\\\/07\\\\\\\/23 \\\",\\\"value\\\":38.04},{\\\"date\\\":\\\"05\\\\\\\/07\\\\\\\/23 \\\",\\\"value\\\":38.62},{\\\"date\\\":\\\"06\\\\\\\/07\\\\\\\/23 \\\",\\\"value\\\":38.15},{\\\"date\\\":\\\"07\\\\\\\/07\\\\\\\/23 \\\",\\\"value\\\":39.35},{\\\"date\\\":\\\"10\\\\\\\/07\\\\\\\/23 \\\",\\\"value\\\":39.49},{\\\"date\\\":\\\"11\\\\\\\/07\\\\\\\/23 \\\",\\\"value\\\":40.7},{\\\"date\\\":\\\"12\\\\\\\/07\\\\\\\/23 \\\",\\\"value\\\":41.55},{\\\"date\\\":\\\"13\\\\\\\/07\\\\\\\/23 \\\",\\\"value\\\":42.89},{\\\"date\\\":\\\"14\\\\\\\/07\\\\\\\/23 \\\",\\\"value\\\":41.52},{\\\"date\\\":\\\"17\\\\\\\/07\\\\\\\/23 \\\",\\\"value\\\":41.99},{\\\"date\\\":\\\"18\\\\\\\/07\\\\\\\/23 \\\",\\\"value\\\":43.18},{\\\"date\\\":\\\"19\\\\\\\/07\\\\\\\/23 \\\",\\\"value\\\":44.14},{\\\"date\\\":\\\"20\\\\\\\/07\\\\\\\/23 \\\",\\\"value\\\":44.2},{\\\"date\\\":\\\"21\\\\\\\/07\\\\\\\/23 \\\",\\\"value\\\":45.17},{\\\"date\\\":\\\"24\\\\\\\/07\\\\\\\/23 \\\",\\\"value\\\":46.17},{\\\"date\\\":\\\"25\\\\\\\/07\\\\\\\/23 \\\",\\\"value\\\":44.96},{\\\"date\\\":\\\"26\\\\\\\/07\\\\\\\/23 \\\",\\\"value\\\":45.59},{\\\"date\\\":\\\"27\\\\\\\/07\\\\\\\/23 \\\",\\\"value\\\":45.09},{\\\"date\\\":\\\"28\\\\\\\/07\\\\\\\/23 \\\",\\\"value\\\":45.16},{\\\"date\\\":\\\"31\\\\\\\/07\\\\\\\/23 \\\",\\\"value\\\":45.62},{\\\"date\\\":\\\"01\\\\\\\/08\\\\\\\/23 \\\",\\\"value\\\":45.8},{\\\"date\\\":\\\"02\\\\\\\/08\\\\\\\/23 \\\",\\\"value\\\":45.25},{\\\"date\\\":\\\"03\\\\\\\/08\\\\\\\/23 \\\",\\\"value\\\":47.16},{\\\"date\\\":\\\"04\\\\\\\/08\\\\\\\/23 \\\",\\\"value\\\":47.57},{\\\"date\\\":\\\"07\\\\\\\/08\\\\\\\/23 \\\",\\\"value\\\":47.81},{\\\"date\\\":\\\"08\\\\\\\/08\\\\\\\/23 \\\",\\\"value\\\":47.86},{\\\"date\\\":\\\"09\\\\\\\/08\\\\\\\/23 \\\",\\\"value\\\":48.12},{\\\"date\\\":\\\"10\\\\\\\/08\\\\\\\/23 \\\",\\\"value\\\":47.38},{\\\"date\\\":\\\"11\\\\\\\/08\\\\\\\/23 \\\",\\\"value\\\":48.36},{\\\"date\\\":\\\"14\\\\\\\/08\\\\\\\/23 \\\",\\\"value\\\":48.59},{\\\"date\\\":\\\"15\\\\\\\/08\\\\\\\/23 \\\",\\\"value\\\":46.82},{\\\"date\\\":\\\"16\\\\\\\/08\\\\\\\/23 \\\",\\\"value\\\":45.98},{\\\"date\\\":\\\"17\\\\\\\/08\\\\\\\/23 \\\",\\\"value\\\":45.38},{\\\"date\\\":\\\"18\\\\\\\/08\\\\\\\/23 \\\",\\\"value\\\":45.17},{\\\"date\\\":\\\"21\\\\\\\/08\\\\\\\/23 \\\",\\\"value\\\":44.75},{\\\"date\\\":\\\"22\\\\\\\/08\\\\\\\/23 \\\",\\\"value\\\":45.1},{\\\"date\\\":\\\"23\\\\\\\/08\\\\\\\/23 \\\",\\\"value\\\":45.85},{\\\"date\\\":\\\"24\\\\\\\/08\\\\\\\/23 \\\",\\\"value\\\":46.06},{\\\"date\\\":\\\"25\\\\\\\/08\\\\\\\/23 \\\",\\\"value\\\":46.39},{\\\"date\\\":\\\"28\\\\\\\/08\\\\\\\/23 \\\",\\\"value\\\":46.69},{\\\"date\\\":\\\"29\\\\\\\/08\\\\\\\/23 \\\",\\\"value\\\":45.85},{\\\"date\\\":\\\"30\\\\\\\/08\\\\\\\/23 \\\",\\\"value\\\":45.81},{\\\"date\\\":\\\"31\\\\\\\/08\\\\\\\/23 \\\",\\\"value\\\":46.42},{\\\"date\\\":\\\"01\\\\\\\/09\\\\\\\/23 \\\",\\\"value\\\":46.95},{\\\"date\\\":\\\"04\\\\\\\/09\\\\\\\/23 \\\",\\\"value\\\":46.61},{\\\"date\\\":\\\"05\\\\\\\/09\\\\\\\/23 \\\",\\\"value\\\":47.49},{\\\"date\\\":\\\"06\\\\\\\/09\\\\\\\/23 \\\",\\\"value\\\":46.79},{\\\"date\\\":\\\"08\\\\\\\/09\\\\\\\/23 \\\",\\\"value\\\":47.49},{\\\"date\\\":\\\"11\\\\\\\/09\\\\\\\/23 \\\",\\\"value\\\":47.71},{\\\"date\\\":\\\"12\\\\\\\/09\\\\\\\/23 \\\",\\\"value\\\":48.11},{\\\"date\\\":\\\"13\\\\\\\/09\\\\\\\/23 \\\",\\\"value\\\":48.2},{\\\"date\\\":\\\"14\\\\\\\/09\\\\\\\/23 \\\",\\\"value\\\":49.25},{\\\"date\\\":\\\"15\\\\\\\/09\\\\\\\/23 \\\",\\\"value\\\":49.4},{\\\"date\\\":\\\"18\\\\\\\/09\\\\\\\/23 \\\",\\\"value\\\":48.16},{\\\"date\\\":\\\"19\\\\\\\/09\\\\\\\/23 \\\",\\\"value\\\":48.71},{\\\"date\\\":\\\"20\\\\\\\/09\\\\\\\/23 \\\",\\\"value\\\":48.71},{\\\"date\\\":\\\"21\\\\\\\/09\\\\\\\/23 \\\",\\\"value\\\":46.44},{\\\"date\\\":\\\"22\\\\\\\/09\\\\\\\/23 \\\",\\\"value\\\":46.76},{\\\"date\\\":\\\"25\\\\\\\/09\\\\\\\/23 \\\",\\\"value\\\":46.98},{\\\"date\\\":\\\"26\\\\\\\/09\\\\\\\/23 \\\",\\\"value\\\":46.93},{\\\"date\\\":\\\"27\\\\\\\/09\\\\\\\/23 \\\",\\\"value\\\":48.3},{\\\"date\\\":\\\"28\\\\\\\/09\\\\\\\/23 \\\",\\\"value\\\":47.24},{\\\"date\\\":\\\"29\\\\\\\/09\\\\\\\/23 \\\",\\\"value\\\":47.04},{\\\"date\\\":\\\"02\\\\\\\/10\\\\\\\/23 \\\",\\\"value\\\":45.4},{\\\"date\\\":\\\"03\\\\\\\/10\\\\\\\/23 \\\",\\\"value\\\":45.17},{\\\"date\\\":\\\"04\\\\\\\/10\\\\\\\/23 \\\",\\\"value\\\":43.9},{\\\"date\\\":\\\"05\\\\\\\/10\\\\\\\/23 \\\",\\\"value\\\":43.71},{\\\"date\\\":\\\"06\\\\\\\/10\\\\\\\/23 \\\",\\\"value\\\":44.54},{\\\"date\\\":\\\"09\\\\\\\/10\\\\\\\/23 \\\",\\\"value\\\":48.45},{\\\"date\\\":\\\"10\\\\\\\/10\\\\\\\/23 \\\",\\\"value\\\":48.25},{\\\"date\\\":\\\"11\\\\\\\/10\\\\\\\/23 \\\",\\\"value\\\":47.6},{\\\"date\\\":\\\"13\\\\\\\/10\\\\\\\/23 \\\",\\\"value\\\":50},{\\\"date\\\":\\\"16\\\\\\\/10\\\\\\\/23 \\\",\\\"value\\\":49.8},{\\\"date\\\":\\\"17\\\\\\\/10\\\\\\\/23 \\\",\\\"value\\\":50.2},{\\\"date\\\":\\\"18\\\\\\\/10\\\\\\\/23 \\\",\\\"value\\\":50.2},{\\\"date\\\":\\\"19\\\\\\\/10\\\\\\\/23 \\\",\\\"value\\\":50.03},{\\\"date\\\":\\\"20\\\\\\\/10\\\\\\\/23 \\\",\\\"value\\\":49.7},{\\\"date\\\":\\\"23\\\\\\\/10\\\\\\\/23 \\\",\\\"value\\\":48.84},{\\\"date\\\":\\\"24\\\\\\\/10\\\\\\\/23 \\\",\\\"value\\\":48.85},{\\\"date\\\":\\\"25\\\\\\\/10\\\\\\\/23 \\\",\\\"value\\\":48.36},{\\\"date\\\":\\\"26\\\\\\\/10\\\\\\\/23 \\\",\\\"value\\\":48},{\\\"date\\\":\\\"27\\\\\\\/10\\\\\\\/23 \\\",\\\"value\\\":47.77},{\\\"date\\\":\\\"30\\\\\\\/10\\\\\\\/23 \\\",\\\"value\\\":46.36},{\\\"date\\\":\\\"31\\\\\\\/10\\\\\\\/23 \\\",\\\"value\\\":47.7},{\\\"date\\\":\\\"01\\\\\\\/11\\\\\\\/23 \\\",\\\"value\\\":48.07},{\\\"date\\\":\\\"03\\\\\\\/11\\\\\\\/23 \\\",\\\"value\\\":48.2},{\\\"date\\\":\\\"06\\\\\\\/11\\\\\\\/23 \\\",\\\"value\\\":48.01},{\\\"date\\\":\\\"07\\\\\\\/11\\\\\\\/23 \\\",\\\"value\\\":47.04},{\\\"date\\\":\\\"08\\\\\\\/11\\\\\\\/23 \\\",\\\"value\\\":45.48},{\\\"date\\\":\\\"09\\\\\\\/11\\\\\\\/23 \\\",\\\"value\\\":44.73},{\\\"date\\\":\\\"10\\\\\\\/11\\\\\\\/23 \\\",\\\"value\\\":46.47},{\\\"date\\\":\\\"13\\\\\\\/11\\\\\\\/23 \\\",\\\"value\\\":46.3},{\\\"date\\\":\\\"14\\\\\\\/11\\\\\\\/23 \\\",\\\"value\\\":46.99},{\\\"date\\\":\\\"16\\\\\\\/11\\\\\\\/23 \\\",\\\"value\\\":45.33},{\\\"date\\\":\\\"17\\\\\\\/11\\\\\\\/23 \\\",\\\"value\\\":46.48},{\\\"date\\\":\\\"20\\\\\\\/11\\\\\\\/23 \\\",\\\"value\\\":47.53},{\\\"date\\\":\\\"21\\\\\\\/11\\\\\\\/23 \\\",\\\"value\\\":47.98},{\\\"date\\\":\\\"22\\\\\\\/11\\\\\\\/23 \\\",\\\"value\\\":47.24},{\\\"date\\\":\\\"23\\\\\\\/11\\\\\\\/23 \\\",\\\"value\\\":47.24},{\\\"date\\\":\\\"24\\\\\\\/11\\\\\\\/23 \\\",\\\"value\\\":47.21},{\\\"date\\\":\\\"27\\\\\\\/11\\\\\\\/23 \\\",\\\"value\\\":46.22},{\\\"date\\\":\\\"28\\\\\\\/11\\\\\\\/23 \\\",\\\"value\\\":46.09},{\\\"date\\\":\\\"29\\\\\\\/11\\\\\\\/23 \\\",\\\"value\\\":45.91},{\\\"date\\\":\\\"30\\\\\\\/11\\\\\\\/23 \\\",\\\"value\\\":45.93},{\\\"date\\\":\\\"01\\\\\\\/12\\\\\\\/23 \\\",\\\"value\\\":44.57},{\\\"date\\\":\\\"04\\\\\\\/12\\\\\\\/23 \\\",\\\"value\\\":44.22},{\\\"date\\\":\\\"05\\\\\\\/12\\\\\\\/23 \\\",\\\"value\\\":43.16},{\\\"date\\\":\\\"06\\\\\\\/12\\\\\\\/23 \\\",\\\"value\\\":41.44},{\\\"date\\\":\\\"07\\\\\\\/12\\\\\\\/23 \\\",\\\"value\\\":42.42},{\\\"date\\\":\\\"08\\\\\\\/12\\\\\\\/23 \\\",\\\"value\\\":44.55}]\";\n  let isPositive_d6fb2d865ecda15b05c0a6e01382bf41 = true;\n\n  let color_d6fb2d865ecda15b05c0a6e01382bf41 = isPositive_d6fb2d865ecda15b05c0a6e01382bf41 ? '#3AB53A' : '#D92C2D';\n\n  let data_d6fb2d865ecda15b05c0a6e01382bf41 = JSON.parse(data_json_d6fb2d865ecda15b05c0a6e01382bf41);\n\n  const result_d6fb2d865ecda15b05c0a6e01382bf41 = {\n    date: [],\n    value: [],\n  };\n\n  data_d6fb2d865ecda15b05c0a6e01382bf41.forEach((item) => {\n    result_d6fb2d865ecda15b05c0a6e01382bf41.date.push(item.date);\n    result_d6fb2d865ecda15b05c0a6e01382bf41.value.push(Number(item.value));\n  });\n\n  let option_d6fb2d865ecda15b05c0a6e01382bf41 = {\n    \/\/ variavel de cor global\n    color: [color_d6fb2d865ecda15b05c0a6e01382bf41],\n    title: {\n      text: '',\n    },\n    tooltip: {\n      trigger: 'axis',\n      axisPointer: {\n        type: 'cross',\n        label: {\n          \/\/ cor dos valores em X e Y\n          backgroundColor: color_d6fb2d865ecda15b05c0a6e01382bf41,\n          formatter: (value) => {\n            if (typeof value.value === 'number') {\n              return Number(value.value).toLocaleString('pt-br', {\n                style: 'currency',\n                currency: 'BRL'\n              });\n            }\n            return value.value;\n          },\n        },\n      },\n      valueFormatter: (value) => Number(value).toLocaleString('pt-br', {\n        style: 'currency',\n        currency: 'BRL'\n      }),\n    },\n    legend: {\n      \/\/ data: ['Valor de Fechamento'],\n      show: false,\n    },\n    toolbox: {\n      feature: {\n        saveAsImage: {\n          show: false,\n        },\n      },\n    },\n    grid: {\n      left: '0px',\n      right: '0px',\n      bottom: '0px',\n      containLabel: true,\n    },\n    xAxis: [{\n      type: 'category',\n      data: result_d6fb2d865ecda15b05c0a6e01382bf41.date,\n      boundaryGap: true,\n    }],\n    yAxis: [{\n      type: 'value',\n      min: Math.min(...result_d6fb2d865ecda15b05c0a6e01382bf41.value),\n      max: Math.max(...result_d6fb2d865ecda15b05c0a6e01382bf41.value),\n      axisLabel: {\n        formatter: (value) => value.toLocaleString('pt-br', {\n          style: 'currency',\n          currency: 'BRL'\n        }),\n      },\n    }],\n    series: [{\n      name: 'Valor de Fechamento',\n      type: 'line',\n      stack: 'Total',\n      \/\/ cor do grafico\n      areaStyle: {},\n      emphasis: {\n        focus: 'series',\n      },\n      data: result_d6fb2d865ecda15b05c0a6e01382bf41.value,\n      \/\/ cor da linha\n      lineStyle: {\n        color: color_d6fb2d865ecda15b05c0a6e01382bf41,\n      },\n    }, ],\n  };\n\n\twindow.chart_d6fb2d865ecda15b05c0a6e01382bf41 = {\n\t\tel: chart_d6fb2d865ecda15b05c0a6e01382bf41,\n\t\toption: option_d6fb2d865ecda15b05c0a6e01382bf41\t};\n\n\n<\/script>\n\n\n\t<p>\n\t\t<a href=\"https:\/\/lp.suno.com.br\/plataforma-de-controle-de-investimentos\/\" target=\"_blank\" data-element=\"shortcode-suno-banner\" title=\"Banner SUNO, clique e saiba mais\">\n\t\t\t<picture>\n\t\t\t\t<source media=\"(max-width: 500px)\" srcset=\"https:\/\/files.sunoresearch.com.br\/n\/uploads\/2023\/03\/400x300-Controle-de-Investimentos.png\">\n\t\t\t\t<img class=\"newsContent__article__imgCapa newsContent__article__imgCapa--banner\"\n\t\t\t\t\tsrc=\"https:\/\/files.sunoresearch.com.br\/n\/uploads\/2023\/03\/1420x240-Controle-de-Investimentos.png\"\n\t\t\t\t\tdata-promo-id=\"383162\"\t\t\t\t\t\t\t\t\t\twidth='1420' height='240'\t\t\t\t\talt=\"https:\/\/files.sunoresearch.com.br\/n\/uploads\/2023\/03\/1420x240-Controle-de-Investimentos.png\"\n\t\t\t\t>\n\t\t\t<\/picture>\n\t\t<\/a>\n\t<\/p>\n\n\n","protected":false},"excerpt":{"rendered":"<p>A Prio (PRIO3), ex-PetroRio, vai pagar R$ 60.615.773,09 em dividendos intermedi\u00e1rios aos seus acionistas, de acordo com o fato relevante divulgado pela companhia nesta sexta-feira (8). Prio (PRIO3). Foto: Divulga\u00e7\u00e3o O valor dos proventos da Prio por a\u00e7\u00e3o ordin\u00e1ria (ON) da companhia petroleira ser\u00e1 de R$ 0,07264350. Segundo o comunicado, o pagamento de dividendos da [&hellip;]<\/p>\n","protected":false},"author":283,"featured_media":129414,"comment_status":"closed","ping_status":"closed","sticky":false,"template":"","format":"standard","meta":[],"categories":[64],"tags":[295,597,107114],"suno_strategy":[],"class_list":["post-497764","post","type-post","status-publish","format-standard","has-post-thumbnail","hentry","category-negocios","tag-dividendos","tag-petrorio-prio3","tag-prio-prio3"],"yoast_head":"<!-- This site is optimized with the Yoast SEO plugin v24.4 - https:\/\/yoast.com\/wordpress\/plugins\/seo\/ -->\n<title>Prio (PRIO3) vai distribuir R$ 60,6 milh\u00f5es em dividendos intermedi\u00e1rios<\/title>\n<meta name=\"description\" content=\"A ex-PetroRio, PRIO (PRIO3) anunciou o pagamento de dividendos at\u00e9 o final de 2023. Veja a data de corte para os proventos e o valor por a\u00e7\u00e3o.\" \/>\n<meta name=\"robots\" content=\"index, follow, max-snippet:-1, max-image-preview:large, max-video-preview:-1\" \/>\n<link rel=\"canonical\" href=\"https:\/\/www.suno.com.br\/noticias\/prio-prio3-distribuir-dividendos-intermediarios-60mi-cpf\/\" \/>\n<meta property=\"og:locale\" content=\"pt_BR\" \/>\n<meta property=\"og:type\" content=\"article\" \/>\n<meta property=\"og:title\" content=\"Prio (PRIO3) vai distribuir R$ 60,6 milh\u00f5es em dividendos intermedi\u00e1rios\" \/>\n<meta property=\"og:description\" content=\"A ex-PetroRio, PRIO (PRIO3) anunciou o pagamento de dividendos at\u00e9 o final de 2023. Veja a data de corte para os proventos e o valor por a\u00e7\u00e3o.\" \/>\n<meta property=\"og:url\" content=\"https:\/\/www.suno.com.br\/noticias\/prio-prio3-distribuir-dividendos-intermediarios-60mi-cpf\/\" \/>\n<meta property=\"og:site_name\" content=\"Suno Not\u00edcias\" \/>\n<meta property=\"article:publisher\" content=\"https:\/\/facebook.com\/sunoresearch\" \/>\n<meta property=\"og:image\" content=\"https:\/\/files.sunoresearch.com.br\/n\/uploads\/2021\/03\/00c99b5b-frade-216993-scaled.jpg\" \/>\n\t<meta property=\"og:image:width\" content=\"2560\" \/>\n\t<meta property=\"og:image:height\" content=\"1440\" \/>\n\t<meta property=\"og:image:type\" content=\"image\/jpeg\" \/>\n<meta name=\"author\" content=\"Camila Paim\" \/>\n<meta name=\"twitter:card\" content=\"summary_large_image\" \/>\n<meta name=\"twitter:creator\" content=\"@sunoresearch\" \/>\n<meta name=\"twitter:site\" content=\"@sunoresearch\" \/>\n<meta name=\"twitter:label1\" content=\"Escrito por\" \/>\n\t<meta name=\"twitter:data1\" content=\"Camila Paim\" \/>\n\t<meta name=\"twitter:label2\" content=\"Est. tempo de leitura\" \/>\n\t<meta name=\"twitter:data2\" content=\"2 minutos\" \/>\n<script type=\"application\/ld+json\" class=\"yoast-schema-graph\">{\"@context\":\"https:\/\/schema.org\",\"@graph\":[{\"@type\":\"NewsArticle\",\"@id\":\"https:\/\/www.suno.com.br\/noticias\/prio-prio3-distribuir-dividendos-intermediarios-60mi-cpf\/#article\",\"isPartOf\":{\"@id\":\"https:\/\/www.suno.com.br\/noticias\/prio-prio3-distribuir-dividendos-intermediarios-60mi-cpf\/\"},\"author\":{\"name\":\"Camila Paim\",\"@id\":\"https:\/\/www.suno.com.br\/noticias\/#\/schema\/person\/f341d3ae5d1cc685176c9a5327cdfdbb\"},\"headline\":\"Prio (PRIO3) vai distribuir R$ 60,6 milh\u00f5es em dividendos intermedi\u00e1rios\",\"datePublished\":\"2023-12-09T13:43:04+00:00\",\"dateModified\":\"2023-12-09T14:19:26+00:00\",\"mainEntityOfPage\":{\"@id\":\"https:\/\/www.suno.com.br\/noticias\/prio-prio3-distribuir-dividendos-intermediarios-60mi-cpf\/\"},\"wordCount\":325,\"publisher\":{\"@id\":\"https:\/\/www.suno.com.br\/noticias\/#organization\"},\"image\":{\"@id\":\"https:\/\/www.suno.com.br\/noticias\/prio-prio3-distribuir-dividendos-intermediarios-60mi-cpf\/#primaryimage\"},\"thumbnailUrl\":\"https:\/\/files.sunoresearch.com.br\/n\/uploads\/2021\/03\/00c99b5b-frade-216993-scaled.jpg\",\"keywords\":[\"dividendos\",\"PetroRio (PRIO3)\",\"Prio (PRIO3)\"],\"articleSection\":[\"Neg\u00f3cios\"],\"inLanguage\":\"pt-BR\"},{\"@type\":\"WebPage\",\"@id\":\"https:\/\/www.suno.com.br\/noticias\/prio-prio3-distribuir-dividendos-intermediarios-60mi-cpf\/\",\"url\":\"https:\/\/www.suno.com.br\/noticias\/prio-prio3-distribuir-dividendos-intermediarios-60mi-cpf\/\",\"name\":\"Prio (PRIO3) vai distribuir R$ 60,6 milh\u00f5es em dividendos intermedi\u00e1rios\",\"isPartOf\":{\"@id\":\"https:\/\/www.suno.com.br\/noticias\/#website\"},\"primaryImageOfPage\":{\"@id\":\"https:\/\/www.suno.com.br\/noticias\/prio-prio3-distribuir-dividendos-intermediarios-60mi-cpf\/#primaryimage\"},\"image\":{\"@id\":\"https:\/\/www.suno.com.br\/noticias\/prio-prio3-distribuir-dividendos-intermediarios-60mi-cpf\/#primaryimage\"},\"thumbnailUrl\":\"https:\/\/files.sunoresearch.com.br\/n\/uploads\/2021\/03\/00c99b5b-frade-216993-scaled.jpg\",\"datePublished\":\"2023-12-09T13:43:04+00:00\",\"dateModified\":\"2023-12-09T14:19:26+00:00\",\"description\":\"A ex-PetroRio, PRIO (PRIO3) anunciou o pagamento de dividendos at\u00e9 o final de 2023. Veja a data de corte para os proventos e o valor por a\u00e7\u00e3o.\",\"breadcrumb\":{\"@id\":\"https:\/\/www.suno.com.br\/noticias\/prio-prio3-distribuir-dividendos-intermediarios-60mi-cpf\/#breadcrumb\"},\"inLanguage\":\"pt-BR\",\"potentialAction\":[{\"@type\":\"ReadAction\",\"target\":[\"https:\/\/www.suno.com.br\/noticias\/prio-prio3-distribuir-dividendos-intermediarios-60mi-cpf\/\"]}]},{\"@type\":\"ImageObject\",\"inLanguage\":\"pt-BR\",\"@id\":\"https:\/\/www.suno.com.br\/noticias\/prio-prio3-distribuir-dividendos-intermediarios-60mi-cpf\/#primaryimage\",\"url\":\"https:\/\/files.sunoresearch.com.br\/n\/uploads\/2021\/03\/00c99b5b-frade-216993-scaled.jpg\",\"contentUrl\":\"https:\/\/files.sunoresearch.com.br\/n\/uploads\/2021\/03\/00c99b5b-frade-216993-scaled.jpg\",\"width\":2560,\"height\":1440,\"caption\":\"Prio (PRIO3). Foto: Divulga\u00e7\u00e3o\"},{\"@type\":\"BreadcrumbList\",\"@id\":\"https:\/\/www.suno.com.br\/noticias\/prio-prio3-distribuir-dividendos-intermediarios-60mi-cpf\/#breadcrumb\",\"itemListElement\":[{\"@type\":\"ListItem\",\"position\":1,\"name\":\"Not\u00edcias\",\"item\":\"https:\/\/www.suno.com.br\/noticias\/\"},{\"@type\":\"ListItem\",\"position\":2,\"name\":\"Neg\u00f3cios\",\"item\":\"https:\/\/www.suno.com.br\/noticias\/negocios\/\"},{\"@type\":\"ListItem\",\"position\":3,\"name\":\"Prio (PRIO3) vai distribuir R$ 60,6 milh\u00f5es em dividendos intermedi\u00e1rios\"}]},{\"@type\":\"WebSite\",\"@id\":\"https:\/\/www.suno.com.br\/noticias\/#website\",\"url\":\"https:\/\/www.suno.com.br\/noticias\/\",\"name\":\"Suno Not\u00edcias\",\"description\":\"Seu portal de informa\u00e7\u00e3o sobre o mundo dos investimentos\",\"publisher\":{\"@id\":\"https:\/\/www.suno.com.br\/noticias\/#organization\"},\"potentialAction\":[{\"@type\":\"SearchAction\",\"target\":{\"@type\":\"EntryPoint\",\"urlTemplate\":\"https:\/\/www.suno.com.br\/noticias\/?s={search_term_string}\"},\"query-input\":{\"@type\":\"PropertyValueSpecification\",\"valueRequired\":true,\"valueName\":\"search_term_string\"}}],\"inLanguage\":\"pt-BR\"},{\"@type\":\"Organization\",\"@id\":\"https:\/\/www.suno.com.br\/noticias\/#organization\",\"name\":\"Suno Not\u00edcias\",\"url\":\"https:\/\/www.suno.com.br\/noticias\/\",\"logo\":{\"@type\":\"ImageObject\",\"inLanguage\":\"pt-BR\",\"@id\":\"https:\/\/www.suno.com.br\/noticias\/#\/schema\/logo\/image\/\",\"url\":\"https:\/\/files.sunoresearch.com.br\/n\/uploads\/2021\/09\/suno-logo.png\",\"contentUrl\":\"https:\/\/files.sunoresearch.com.br\/n\/uploads\/2021\/09\/suno-logo.png\",\"width\":180,\"height\":180,\"caption\":\"Suno Not\u00edcias\"},\"image\":{\"@id\":\"https:\/\/www.suno.com.br\/noticias\/#\/schema\/logo\/image\/\"},\"sameAs\":[\"https:\/\/facebook.com\/sunoresearch\",\"https:\/\/x.com\/sunoresearch\",\"https:\/\/www.instagram.com\/suno\",\"https:\/\/www.linkedin.com\/company\/suno-research\/\",\"https:\/\/www.youtube.com\/c\/sunoresearch\"]},{\"@type\":\"Person\",\"@id\":\"https:\/\/www.suno.com.br\/noticias\/#\/schema\/person\/f341d3ae5d1cc685176c9a5327cdfdbb\",\"name\":\"Camila Paim\",\"image\":{\"@type\":\"ImageObject\",\"inLanguage\":\"pt-BR\",\"@id\":\"https:\/\/www.suno.com.br\/noticias\/#\/schema\/person\/image\/\",\"url\":\"https:\/\/secure.gravatar.com\/avatar\/f33728e65febb1aa7ecf6792956f9b20?s=96&r=g\",\"contentUrl\":\"https:\/\/secure.gravatar.com\/avatar\/f33728e65febb1aa7ecf6792956f9b20?s=96&r=g\",\"caption\":\"Camila Paim\"},\"description\":\"Jornalista formada pela USP, tem experi\u00eancia em reda\u00e7\u00f5es, SEO, Branded Content e Webdesign. Com passagem pelo Jornal da USP, Empiricus e C6 Bank, hoje \u00e9 rep\u00f3rter no Suno Not\u00edcias cobrindo macroeconomia, finan\u00e7as pessoais e startups.\",\"url\":\"https:\/\/www.suno.com.br\/noticias\/author\/camila-figueiredosuno-com-br\/\"}]}<\/script>\n<!-- \/ Yoast SEO plugin. -->","yoast_head_json":{"title":"Prio (PRIO3) vai distribuir R$ 60,6 milh\u00f5es em dividendos intermedi\u00e1rios","description":"A ex-PetroRio, PRIO (PRIO3) anunciou o pagamento de dividendos at\u00e9 o final de 2023. Veja a data de corte para os proventos e o valor por a\u00e7\u00e3o.","robots":{"index":"index","follow":"follow","max-snippet":"max-snippet:-1","max-image-preview":"max-image-preview:large","max-video-preview":"max-video-preview:-1"},"canonical":"https:\/\/www.suno.com.br\/noticias\/prio-prio3-distribuir-dividendos-intermediarios-60mi-cpf\/","og_locale":"pt_BR","og_type":"article","og_title":"Prio (PRIO3) vai distribuir R$ 60,6 milh\u00f5es em dividendos intermedi\u00e1rios","og_description":"A ex-PetroRio, PRIO (PRIO3) anunciou o pagamento de dividendos at\u00e9 o final de 2023. Veja a data de corte para os proventos e o valor por a\u00e7\u00e3o.","og_url":"https:\/\/www.suno.com.br\/noticias\/prio-prio3-distribuir-dividendos-intermediarios-60mi-cpf\/","og_site_name":"Suno Not\u00edcias","article_publisher":"https:\/\/facebook.com\/sunoresearch","og_image":[{"width":2560,"height":1440,"url":"https:\/\/files.sunoresearch.com.br\/n\/uploads\/2021\/03\/00c99b5b-frade-216993-scaled.jpg","type":"image\/jpeg"}],"author":"Camila Paim","twitter_card":"summary_large_image","twitter_creator":"@sunoresearch","twitter_site":"@sunoresearch","twitter_misc":{"Escrito por":"Camila Paim","Est. tempo de leitura":"2 minutos"},"schema":{"@context":"https:\/\/schema.org","@graph":[{"@type":"NewsArticle","@id":"https:\/\/www.suno.com.br\/noticias\/prio-prio3-distribuir-dividendos-intermediarios-60mi-cpf\/#article","isPartOf":{"@id":"https:\/\/www.suno.com.br\/noticias\/prio-prio3-distribuir-dividendos-intermediarios-60mi-cpf\/"},"author":{"name":"Camila Paim","@id":"https:\/\/www.suno.com.br\/noticias\/#\/schema\/person\/f341d3ae5d1cc685176c9a5327cdfdbb"},"headline":"Prio (PRIO3) vai distribuir R$ 60,6 milh\u00f5es em dividendos intermedi\u00e1rios","datePublished":"2023-12-09T13:43:04+00:00","dateModified":"2023-12-09T14:19:26+00:00","mainEntityOfPage":{"@id":"https:\/\/www.suno.com.br\/noticias\/prio-prio3-distribuir-dividendos-intermediarios-60mi-cpf\/"},"wordCount":325,"publisher":{"@id":"https:\/\/www.suno.com.br\/noticias\/#organization"},"image":{"@id":"https:\/\/www.suno.com.br\/noticias\/prio-prio3-distribuir-dividendos-intermediarios-60mi-cpf\/#primaryimage"},"thumbnailUrl":"https:\/\/files.sunoresearch.com.br\/n\/uploads\/2021\/03\/00c99b5b-frade-216993-scaled.jpg","keywords":["dividendos","PetroRio (PRIO3)","Prio (PRIO3)"],"articleSection":["Neg\u00f3cios"],"inLanguage":"pt-BR"},{"@type":"WebPage","@id":"https:\/\/www.suno.com.br\/noticias\/prio-prio3-distribuir-dividendos-intermediarios-60mi-cpf\/","url":"https:\/\/www.suno.com.br\/noticias\/prio-prio3-distribuir-dividendos-intermediarios-60mi-cpf\/","name":"Prio (PRIO3) vai distribuir R$ 60,6 milh\u00f5es em dividendos intermedi\u00e1rios","isPartOf":{"@id":"https:\/\/www.suno.com.br\/noticias\/#website"},"primaryImageOfPage":{"@id":"https:\/\/www.suno.com.br\/noticias\/prio-prio3-distribuir-dividendos-intermediarios-60mi-cpf\/#primaryimage"},"image":{"@id":"https:\/\/www.suno.com.br\/noticias\/prio-prio3-distribuir-dividendos-intermediarios-60mi-cpf\/#primaryimage"},"thumbnailUrl":"https:\/\/files.sunoresearch.com.br\/n\/uploads\/2021\/03\/00c99b5b-frade-216993-scaled.jpg","datePublished":"2023-12-09T13:43:04+00:00","dateModified":"2023-12-09T14:19:26+00:00","description":"A ex-PetroRio, PRIO (PRIO3) anunciou o pagamento de dividendos at\u00e9 o final de 2023. Veja a data de corte para os proventos e o valor por a\u00e7\u00e3o.","breadcrumb":{"@id":"https:\/\/www.suno.com.br\/noticias\/prio-prio3-distribuir-dividendos-intermediarios-60mi-cpf\/#breadcrumb"},"inLanguage":"pt-BR","potentialAction":[{"@type":"ReadAction","target":["https:\/\/www.suno.com.br\/noticias\/prio-prio3-distribuir-dividendos-intermediarios-60mi-cpf\/"]}]},{"@type":"ImageObject","inLanguage":"pt-BR","@id":"https:\/\/www.suno.com.br\/noticias\/prio-prio3-distribuir-dividendos-intermediarios-60mi-cpf\/#primaryimage","url":"https:\/\/files.sunoresearch.com.br\/n\/uploads\/2021\/03\/00c99b5b-frade-216993-scaled.jpg","contentUrl":"https:\/\/files.sunoresearch.com.br\/n\/uploads\/2021\/03\/00c99b5b-frade-216993-scaled.jpg","width":2560,"height":1440,"caption":"Prio (PRIO3). Foto: Divulga\u00e7\u00e3o"},{"@type":"BreadcrumbList","@id":"https:\/\/www.suno.com.br\/noticias\/prio-prio3-distribuir-dividendos-intermediarios-60mi-cpf\/#breadcrumb","itemListElement":[{"@type":"ListItem","position":1,"name":"Not\u00edcias","item":"https:\/\/www.suno.com.br\/noticias\/"},{"@type":"ListItem","position":2,"name":"Neg\u00f3cios","item":"https:\/\/www.suno.com.br\/noticias\/negocios\/"},{"@type":"ListItem","position":3,"name":"Prio (PRIO3) vai distribuir R$ 60,6 milh\u00f5es em dividendos intermedi\u00e1rios"}]},{"@type":"WebSite","@id":"https:\/\/www.suno.com.br\/noticias\/#website","url":"https:\/\/www.suno.com.br\/noticias\/","name":"Suno Not\u00edcias","description":"Seu portal de informa\u00e7\u00e3o sobre o mundo dos investimentos","publisher":{"@id":"https:\/\/www.suno.com.br\/noticias\/#organization"},"potentialAction":[{"@type":"SearchAction","target":{"@type":"EntryPoint","urlTemplate":"https:\/\/www.suno.com.br\/noticias\/?s={search_term_string}"},"query-input":{"@type":"PropertyValueSpecification","valueRequired":true,"valueName":"search_term_string"}}],"inLanguage":"pt-BR"},{"@type":"Organization","@id":"https:\/\/www.suno.com.br\/noticias\/#organization","name":"Suno Not\u00edcias","url":"https:\/\/www.suno.com.br\/noticias\/","logo":{"@type":"ImageObject","inLanguage":"pt-BR","@id":"https:\/\/www.suno.com.br\/noticias\/#\/schema\/logo\/image\/","url":"https:\/\/files.sunoresearch.com.br\/n\/uploads\/2021\/09\/suno-logo.png","contentUrl":"https:\/\/files.sunoresearch.com.br\/n\/uploads\/2021\/09\/suno-logo.png","width":180,"height":180,"caption":"Suno Not\u00edcias"},"image":{"@id":"https:\/\/www.suno.com.br\/noticias\/#\/schema\/logo\/image\/"},"sameAs":["https:\/\/facebook.com\/sunoresearch","https:\/\/x.com\/sunoresearch","https:\/\/www.instagram.com\/suno","https:\/\/www.linkedin.com\/company\/suno-research\/","https:\/\/www.youtube.com\/c\/sunoresearch"]},{"@type":"Person","@id":"https:\/\/www.suno.com.br\/noticias\/#\/schema\/person\/f341d3ae5d1cc685176c9a5327cdfdbb","name":"Camila Paim","image":{"@type":"ImageObject","inLanguage":"pt-BR","@id":"https:\/\/www.suno.com.br\/noticias\/#\/schema\/person\/image\/","url":"https:\/\/secure.gravatar.com\/avatar\/f33728e65febb1aa7ecf6792956f9b20?s=96&r=g","contentUrl":"https:\/\/secure.gravatar.com\/avatar\/f33728e65febb1aa7ecf6792956f9b20?s=96&r=g","caption":"Camila Paim"},"description":"Jornalista formada pela USP, tem experi\u00eancia em reda\u00e7\u00f5es, SEO, Branded Content e Webdesign. Com passagem pelo Jornal da USP, Empiricus e C6 Bank, hoje \u00e9 rep\u00f3rter no Suno Not\u00edcias cobrindo macroeconomia, finan\u00e7as pessoais e startups.","url":"https:\/\/www.suno.com.br\/noticias\/author\/camila-figueiredosuno-com-br\/"}]}},"default_loop_html":"<div class=\"cardsPage__listCard__boxs\"><div class=\"cardsPage__listCard__boxs__img\"><a href=\"https:\/\/www.suno.com.br\/noticias\/prio-prio3-distribuir-dividendos-intermediarios-60mi-cpf\/\"><img class=\"mask\" src=\"https:\/\/www.suno.com.br\/noticias\/wp-content\/themes\/suno\/resources\/images\/spotlight\/spotlight1img\/bg-mask.png\" alt=\"Image Mask\"\/><img src=\"https:\/\/files.sunoresearch.com.br\/n\/uploads\/2021\/03\/00c99b5b-frade-216993-400x200.jpg\" alt=\"Prio (PRIO3) vai distribuir R$ 60,6 milh\u00f5es em dividendos intermedi\u00e1rios\"\/><\/a><span class=\"spotlightCategory\"><a href=\"https:\/\/www.suno.com.br\/noticias\/negocios\/\">Neg\u00f3cios<\/a><\/span><\/div><div class=\"cardsPage__listCard__boxs__content\"><a href=\"https:\/\/www.suno.com.br\/noticias\/prio-prio3-distribuir-dividendos-intermediarios-60mi-cpf\/\"><h2 class=\"content__title\">Prio (PRIO3) vai distribuir R$ 60,6 milh\u00f5es em dividendos intermedi\u00e1rios<\/h2><\/a><div class=\"newsContent__article__meta\"><div class=\"newsContent__article__meta__authorBox\"><a href=\"https:\/\/www.suno.com.br\/noticias\/author\/camila-figueiredosuno-com-br\/\" class=\"authorBox__avatar noMobi\"><img src=\"https:\/\/files.sunoresearch.com.br\/n\/uploads\/2024\/05\/camila-paim-square-150x150.jpg\" alt=\"Camila Paim\"><\/a><div class=\"authorBox__name\"><span>por\n\t\t\t<a href=\"https:\/\/www.suno.com.br\/noticias\/author\/camila-figueiredosuno-com-br\/\"><span itemprop=\"author\">Camila Paim<\/span><\/a><\/span><time datetime=\"2023-12-09T10:43:04-03:00\" itemprop=\"datePublished\">09\/12\/2023 10:43<\/time><\/div><\/div><\/div><\/div><\/div>","single_layout":"posts","amp_enabled":true,"_links":{"self":[{"href":"https:\/\/www.suno.com.br\/noticias\/wp-json\/wp\/v2\/posts\/497764"}],"collection":[{"href":"https:\/\/www.suno.com.br\/noticias\/wp-json\/wp\/v2\/posts"}],"about":[{"href":"https:\/\/www.suno.com.br\/noticias\/wp-json\/wp\/v2\/types\/post"}],"author":[{"embeddable":true,"href":"https:\/\/www.suno.com.br\/noticias\/wp-json\/wp\/v2\/users\/283"}],"replies":[{"embeddable":true,"href":"https:\/\/www.suno.com.br\/noticias\/wp-json\/wp\/v2\/comments?post=497764"}],"version-history":[{"count":3,"href":"https:\/\/www.suno.com.br\/noticias\/wp-json\/wp\/v2\/posts\/497764\/revisions"}],"predecessor-version":[{"id":497778,"href":"https:\/\/www.suno.com.br\/noticias\/wp-json\/wp\/v2\/posts\/497764\/revisions\/497778"}],"wp:featuredmedia":[{"embeddable":true,"href":"https:\/\/www.suno.com.br\/noticias\/wp-json\/wp\/v2\/media\/129414"}],"wp:attachment":[{"href":"https:\/\/www.suno.com.br\/noticias\/wp-json\/wp\/v2\/media?parent=497764"}],"wp:term":[{"taxonomy":"category","embeddable":true,"href":"https:\/\/www.suno.com.br\/noticias\/wp-json\/wp\/v2\/categories?post=497764"},{"taxonomy":"post_tag","embeddable":true,"href":"https:\/\/www.suno.com.br\/noticias\/wp-json\/wp\/v2\/tags?post=497764"},{"taxonomy":"suno_strategy","embeddable":true,"href":"https:\/\/www.suno.com.br\/noticias\/wp-json\/wp\/v2\/suno_strategy?post=497764"}],"curies":[{"name":"wp","href":"https:\/\/api.w.org\/{rel}","templated":true}]}}