{"id":49730,"date":"2020-01-15T10:25:57","date_gmt":"2020-01-15T12:25:57","guid":{"rendered":"https:\/\/www.suno.com.br\/noticias\/?p=49730"},"modified":"2020-01-15T10:44:45","modified_gmt":"2020-01-15T12:44:45","slug":"dolar-guerra-comercial-varejo-ocde-15012020","status":"publish","type":"post","link":"https:\/\/www.suno.com.br\/noticias\/dolar-guerra-comercial-varejo-ocde-15012020\/","title":{"rendered":"D\u00f3lar abre em alta; acordo entre EUA e China no radar"},"content":{"rendered":"<p>O <strong>d\u00f3lar <\/strong>inicia em alta nesta quarta-feira (15). O dia come\u00e7a agitado com a expectativa pela assinatura do acordo preliminar na <strong>guerra comercial<\/strong>.<\/p>\t<div class=\"wrapper-featured-image\">\n\t\t<figure class=\"spotlightImg\">\n\n\t\t\t<picture>\n\t\t\t\t<source media=\"(max-width: 768px)\" srcset=\"https:\/\/files.sunoresearch.com.br\/n\/uploads\/2019\/03\/de905e16-d\u00f3lar-400x200.webp\">\n\t\t\t\t<img loading=\"lazy\" decoding=\"async\" class=\"newsContent__article__imgCapa lazyloadDisabled newsContent__article__imgCapa--noCaption\" src=\"https:\/\/files.sunoresearch.com.br\/n\/uploads\/2019\/03\/de905e16-d\u00f3lar-800x450.webp\" width=\"800\" height=\"450\" alt=\"D\u00f3lar abre em alta; acordo entre EUA e China no radar\" fetchpriority=high \/>\n\t\t\t<\/picture>\n\n\t\t\t<figcaption class=\"wp-caption-text wp-caption-text--hide\">O d\u00f3lar hoje teve um dia de forte volatilidade, respercutindo a vit\u00f3ria de Biden e as not\u00edcias sobre a vacina da Pfizer<\/figcaption>\n\t\t<\/figure>\n\t<\/div>\n\n\n\n<p>Por volta das 9h20, a cota\u00e7\u00e3o da <a href=\"https:\/\/www.suno.com.br\/artigos\/investir-em-dolar\/\">moeda norte-americana<\/a> variava positivamente 0,329% sendo <a href=\"https:\/\/www.youtube.com\/channel\/UCWDeEIDAIi_oYKDiqwfGyRg\">negociado<\/a> a R$ 4,1431. Os investidores est\u00e3o atentos aos resultados do <strong>com\u00e9rcio brasileiro<\/strong> em novembro.<\/p>\n<p>Al\u00e9m disso, veio \u00e0 tona a not\u00edcia da poss\u00edvel entrada do Brasil na <strong>OCDE<\/strong>, apoiada pelos norte-americanos.<\/p>\n<h2>Disputa comercial<\/h2>\n<p>A <strong>China<\/strong> e os <strong>Estados Unidos<\/strong> devem assinar nesta quarta-feira (15) a primeira fase de um <strong>acordo comercial<\/strong>. No documento, o pa\u00eds asi\u00e1tico se compromete a importar US$ 200 bilh\u00f5es de produtos norte-americanos para reduzir o d\u00e9ficit comercial entre os dois pa\u00edses.<\/p>\n\t<p>\n\t\t<a href=\"https:\/\/lp.suno.com.br\/plataforma-de-controle-de-investimentos\/\" target=\"_blank\" data-element=\"shortcode-suno-banner\" title=\"Banner SUNO, clique e saiba mais\">\n\t\t\t<picture>\n\t\t\t\t<source media=\"(max-width: 500px)\" srcset=\"https:\/\/files.sunoresearch.com.br\/n\/uploads\/2023\/03\/400x300-Controle-de-Investimentos.png\">\n\t\t\t\t<img class=\"newsContent__article__imgCapa newsContent__article__imgCapa--banner\"\n\t\t\t\t\tsrc=\"https:\/\/files.sunoresearch.com.br\/n\/uploads\/2023\/03\/1420x240-Controle-de-Investimentos.png\"\n\t\t\t\t\tdata-promo-id=\"383162\"\t\t\t\t\t\t\t\t\t\twidth='1420' height='240'\t\t\t\t\talt=\"https:\/\/files.sunoresearch.com.br\/n\/uploads\/2023\/03\/1420x240-Controle-de-Investimentos.png\"\n\t\t\t\t>\n\t\t\t<\/picture>\n\t\t<\/a>\n\t<\/p>\n\n\n<p>Apesar do acordo, a primeira fase de uma concilia\u00e7\u00e3o entre os dois pa\u00edses n\u00e3o excluem as <a href=\"https:\/\/www.suno.com.br\/artigos\/acordo-geral-tarifas-comercio-gatt\/\"><strong>tarifas alfandegarias<\/strong><\/a> norte-americanas adicionais de 25% sobre US$ 250 bilh\u00f5es de produtos chineses. Ademais, a rivalidade tecnol\u00f3gica entre as duas potencias, como a disputa pelo 5G ou a intelig\u00eancia artificial, tamb\u00e9m n\u00e3o deve ser cessada.<\/p>\n<p>Al\u00e9m disso, de acordo com as informa\u00e7\u00f5es divulgadas pela ag\u00eancia de not\u00edcias &#8220;Bloomberg&#8221;, as tarifas comerciais impostas pelos Estados Unidos sobre produtos da China durante a <a href=\"https:\/\/www.suno.com.br\/artigos\/a-guerra-comercial\/\">guerra comercial<\/a> dever\u00e3o continuar em vigor at\u00e9 as elei\u00e7\u00f5es presidenciais norte-americanas, mesmo com a assinatura da primeira fase do acordo da guerra comercial.<\/p>\n<h2>Varejo brasileiro<\/h2>\n<p>Em novembro do ano passado, o volume de vendas do <strong>com\u00e9rcio varejista nacional<\/strong> cresceu 0,6% ante ao m\u00eas anterior, na s\u00e9rie livre de influ\u00eancias sazonais, s\u00e9tima taxa positiva seguida, intervalo em que o varejo acumulou ganho de 3,3%.<\/p>\n<p><a href=\"https:\/\/www.suno.com.br\/noticias\/salario-minimo-sobe-1045-a-partir-fevereiro\/\">Veja tamb\u00e9m: Sal\u00e1rio m\u00ednimo sobe para R$ 1.045 a partir de fevereiro, diz Bolsonaro<\/a><\/p>\n<p>O \u00edndice de m\u00e9dia m\u00f3vel trimestral, depois de uma alta de 0,4% no trimestre encerrado em outubro, cresceu 0,5% no trimestre encerrado no m\u00eas posterior.<\/p>\n<p>O volume de vendas do com\u00e9rcio varejista ampliado, que inclui as atividades de Ve\u00edculos, motos, partes e pe\u00e7as e de Material de constru\u00e7\u00e3o, registrou queda de 0,5% em rela\u00e7\u00e3o a outubro do ano passado, quebrando a sequ\u00eancia de oito meses de crescimento consecutivo, per\u00edodo em que o varejo ampliado cresceu 5,1%.<\/p>\n<h2>Brasil na OCDE<\/h2>\n<p>Os Estados Unidos consideram como prioridade o ingresso do <strong>Brasil<\/strong> na <a href=\"https:\/\/www.suno.com.br\/artigos\/ocde\/\"><strong>Organiza\u00e7\u00e3o para a Coopera\u00e7\u00e3o e Desenvolvimento Econ\u00f4mico<\/strong> (OCDE)<\/a>. Dessa forma, o Pa\u00eds ocupa a vaga que era da <strong>Argentina<\/strong> na fila de postulantes a entrar na organiza\u00e7\u00e3o de pa\u00edses ricos.<\/p>\n<p>Em mar\u00e7o do ano passado, o presidente norte-americano, <a href=\"https:\/\/www.suno.com.br\/tudo-sobre\/donald-trump\/\">Donald Trump<\/a>, havia afirmado na presen\u00e7a do presidente da Rep\u00fablica, <strong>Jair Bolsonaro<\/strong>, que apoiava a entrada do Brasil na <strong>OCDE<\/strong>. No entanto, meses depois, uma carta do Secret\u00e1rio de Estado, <strong>Mike Pompeo<\/strong>, se tornou p\u00fablica e no documento dizia que os EUA apoiariam somente os pedidos de acesso da Argentina e da Rom\u00eania.<\/p>\n<p><a href=\"https:\/\/www.suno.com.br\/noticias\/eua-apoiam-brasil-para-entrada-na-ocde-no-lugar-da-argentina\/\">Confira: EUA apoiam Brasil para entrada na OCDE no lugar da Argentina<\/a><\/p>\n<p>Ap\u00f3s a carta ter se tornado p\u00fablica, Trump se explicou e disse que o apoio \u00e0 candidatura brasileira permanecia, mas que ainda o pa\u00eds norte-americano n\u00e3o havia oficialmente alterado sua recomenda\u00e7\u00e3o.<\/p>\n<h2>\u00daltima cota\u00e7\u00e3o do d\u00f3lar<\/h2>\n<p>Na \u00faltima sess\u00e3o, ter\u00e7a-feira (14), o d\u00f3lar encerrou em queda de 0,266% sendo cotado a R$ 4,1313.<\/p>\n\n","protected":false},"excerpt":{"rendered":"<p>O d\u00f3lar inicia em alta nesta quarta-feira (15). O dia come\u00e7a agitado com a expectativa pela assinatura do acordo preliminar na guerra comercial. O d\u00f3lar hoje teve um dia de forte volatilidade, respercutindo a vit\u00f3ria de Biden e as not\u00edcias sobre a vacina da Pfizer Por volta das 9h20, a cota\u00e7\u00e3o da moeda norte-americana variava [&hellip;]<\/p>\n","protected":false},"author":24,"featured_media":19509,"comment_status":"closed","ping_status":"closed","sticky":false,"template":"","format":"standard","meta":[],"categories":[60],"tags":[326,980,803],"suno_strategy":[],"class_list":["post-49730","post","type-post","status-publish","format-standard","has-post-thumbnail","hentry","category-mercado","tag-dolar","tag-guerra-comercial","tag-varejo"],"yoast_head":"<!-- This site is optimized with the Yoast SEO plugin v24.4 - https:\/\/yoast.com\/wordpress\/plugins\/seo\/ -->\n<title>D\u00f3lar abre em alta; acordo entre EUA e China no radar<\/title>\n<meta name=\"description\" content=\"O d\u00f3lar inicia em alta nesta quarta. O dia come\u00e7a agitado com a expectativa pela assinatura do acordo na guerra comercial.\u00a0Saiba mais.\u00a0\" \/>\n<meta name=\"robots\" content=\"index, follow, max-snippet:-1, max-image-preview:large, max-video-preview:-1\" \/>\n<link rel=\"canonical\" href=\"https:\/\/www.suno.com.br\/noticias\/dolar-guerra-comercial-varejo-ocde-15012020\/\" \/>\n<meta property=\"og:locale\" content=\"pt_BR\" \/>\n<meta property=\"og:type\" content=\"article\" \/>\n<meta property=\"og:title\" content=\"D\u00f3lar abre em alta; acordo entre EUA e China no radar\" \/>\n<meta property=\"og:description\" content=\"O d\u00f3lar inicia em alta nesta quarta. O dia come\u00e7a agitado com a expectativa pela assinatura do acordo na guerra comercial.\u00a0Saiba mais.\u00a0\" \/>\n<meta property=\"og:url\" content=\"https:\/\/www.suno.com.br\/noticias\/dolar-guerra-comercial-varejo-ocde-15012020\/\" \/>\n<meta property=\"og:site_name\" content=\"Suno Not\u00edcias\" \/>\n<meta property=\"article:publisher\" content=\"https:\/\/facebook.com\/sunoresearch\" \/>\n<meta property=\"og:image\" content=\"https:\/\/files.sunoresearch.com.br\/n\/uploads\/2019\/03\/de905e16-d\u00f3lar.jpg\" \/>\n\t<meta property=\"og:image:width\" content=\"960\" \/>\n\t<meta property=\"og:image:height\" content=\"617\" \/>\n\t<meta property=\"og:image:type\" content=\"image\/jpeg\" \/>\n<meta name=\"author\" content=\"Jader Lazarini\" \/>\n<meta name=\"twitter:card\" content=\"summary_large_image\" \/>\n<meta name=\"twitter:creator\" content=\"@sunoresearch\" \/>\n<meta name=\"twitter:site\" content=\"@sunoresearch\" \/>\n<meta name=\"twitter:label1\" content=\"Escrito por\" \/>\n\t<meta name=\"twitter:data1\" content=\"Jader Lazarini\" \/>\n\t<meta name=\"twitter:label2\" content=\"Est. tempo de leitura\" \/>\n\t<meta name=\"twitter:data2\" content=\"3 minutos\" \/>\n<script type=\"application\/ld+json\" class=\"yoast-schema-graph\">{\"@context\":\"https:\/\/schema.org\",\"@graph\":[{\"@type\":\"NewsArticle\",\"@id\":\"https:\/\/www.suno.com.br\/noticias\/dolar-guerra-comercial-varejo-ocde-15012020\/#article\",\"isPartOf\":{\"@id\":\"https:\/\/www.suno.com.br\/noticias\/dolar-guerra-comercial-varejo-ocde-15012020\/\"},\"author\":{\"name\":\"Jader Lazarini\",\"@id\":\"https:\/\/www.suno.com.br\/noticias\/#\/schema\/person\/918d79de1f0281f01599b93f9ea6e23f\"},\"headline\":\"D\u00f3lar abre em alta; acordo entre EUA e China no radar\",\"datePublished\":\"2020-01-15T12:25:57+00:00\",\"dateModified\":\"2020-01-15T12:44:45+00:00\",\"mainEntityOfPage\":{\"@id\":\"https:\/\/www.suno.com.br\/noticias\/dolar-guerra-comercial-varejo-ocde-15012020\/\"},\"wordCount\":582,\"publisher\":{\"@id\":\"https:\/\/www.suno.com.br\/noticias\/#organization\"},\"image\":{\"@id\":\"https:\/\/www.suno.com.br\/noticias\/dolar-guerra-comercial-varejo-ocde-15012020\/#primaryimage\"},\"thumbnailUrl\":\"https:\/\/files.sunoresearch.com.br\/n\/uploads\/2019\/03\/de905e16-d\u00f3lar-jpg.webp\",\"keywords\":[\"d\u00f3lar\",\"guerra comercial\",\"varejo\"],\"articleSection\":[\"Mercado\"],\"inLanguage\":\"pt-BR\"},{\"@type\":\"WebPage\",\"@id\":\"https:\/\/www.suno.com.br\/noticias\/dolar-guerra-comercial-varejo-ocde-15012020\/\",\"url\":\"https:\/\/www.suno.com.br\/noticias\/dolar-guerra-comercial-varejo-ocde-15012020\/\",\"name\":\"D\u00f3lar abre em alta; acordo entre EUA e China no radar\",\"isPartOf\":{\"@id\":\"https:\/\/www.suno.com.br\/noticias\/#website\"},\"primaryImageOfPage\":{\"@id\":\"https:\/\/www.suno.com.br\/noticias\/dolar-guerra-comercial-varejo-ocde-15012020\/#primaryimage\"},\"image\":{\"@id\":\"https:\/\/www.suno.com.br\/noticias\/dolar-guerra-comercial-varejo-ocde-15012020\/#primaryimage\"},\"thumbnailUrl\":\"https:\/\/files.sunoresearch.com.br\/n\/uploads\/2019\/03\/de905e16-d\u00f3lar-jpg.webp\",\"datePublished\":\"2020-01-15T12:25:57+00:00\",\"dateModified\":\"2020-01-15T12:44:45+00:00\",\"description\":\"O d\u00f3lar inicia em alta nesta quarta. O dia come\u00e7a agitado com a expectativa pela assinatura do acordo na guerra comercial.\u00a0Saiba mais.\u00a0\",\"breadcrumb\":{\"@id\":\"https:\/\/www.suno.com.br\/noticias\/dolar-guerra-comercial-varejo-ocde-15012020\/#breadcrumb\"},\"inLanguage\":\"pt-BR\",\"potentialAction\":[{\"@type\":\"ReadAction\",\"target\":[\"https:\/\/www.suno.com.br\/noticias\/dolar-guerra-comercial-varejo-ocde-15012020\/\"]}]},{\"@type\":\"ImageObject\",\"inLanguage\":\"pt-BR\",\"@id\":\"https:\/\/www.suno.com.br\/noticias\/dolar-guerra-comercial-varejo-ocde-15012020\/#primaryimage\",\"url\":\"https:\/\/files.sunoresearch.com.br\/n\/uploads\/2019\/03\/de905e16-d\u00f3lar-jpg.webp\",\"contentUrl\":\"https:\/\/files.sunoresearch.com.br\/n\/uploads\/2019\/03\/de905e16-d\u00f3lar-jpg.webp\",\"width\":960,\"height\":617,\"caption\":\"O d\u00f3lar hoje teve um dia de forte volatilidade, respercutindo a vit\u00f3ria de Biden e as not\u00edcias sobre a vacina da Pfizer\"},{\"@type\":\"BreadcrumbList\",\"@id\":\"https:\/\/www.suno.com.br\/noticias\/dolar-guerra-comercial-varejo-ocde-15012020\/#breadcrumb\",\"itemListElement\":[{\"@type\":\"ListItem\",\"position\":1,\"name\":\"Not\u00edcias\",\"item\":\"https:\/\/www.suno.com.br\/noticias\/\"},{\"@type\":\"ListItem\",\"position\":2,\"name\":\"Mercado\",\"item\":\"https:\/\/www.suno.com.br\/noticias\/mercado\/\"},{\"@type\":\"ListItem\",\"position\":3,\"name\":\"D\u00f3lar abre em alta; acordo entre EUA e China no radar\"}]},{\"@type\":\"WebSite\",\"@id\":\"https:\/\/www.suno.com.br\/noticias\/#website\",\"url\":\"https:\/\/www.suno.com.br\/noticias\/\",\"name\":\"Suno Not\u00edcias\",\"description\":\"Seu portal de informa\u00e7\u00e3o sobre o mundo dos investimentos\",\"publisher\":{\"@id\":\"https:\/\/www.suno.com.br\/noticias\/#organization\"},\"potentialAction\":[{\"@type\":\"SearchAction\",\"target\":{\"@type\":\"EntryPoint\",\"urlTemplate\":\"https:\/\/www.suno.com.br\/noticias\/?s={search_term_string}\"},\"query-input\":{\"@type\":\"PropertyValueSpecification\",\"valueRequired\":true,\"valueName\":\"search_term_string\"}}],\"inLanguage\":\"pt-BR\"},{\"@type\":\"Organization\",\"@id\":\"https:\/\/www.suno.com.br\/noticias\/#organization\",\"name\":\"Suno Not\u00edcias\",\"url\":\"https:\/\/www.suno.com.br\/noticias\/\",\"logo\":{\"@type\":\"ImageObject\",\"inLanguage\":\"pt-BR\",\"@id\":\"https:\/\/www.suno.com.br\/noticias\/#\/schema\/logo\/image\/\",\"url\":\"https:\/\/files.sunoresearch.com.br\/n\/uploads\/2021\/09\/suno-logo.png\",\"contentUrl\":\"https:\/\/files.sunoresearch.com.br\/n\/uploads\/2021\/09\/suno-logo.png\",\"width\":180,\"height\":180,\"caption\":\"Suno Not\u00edcias\"},\"image\":{\"@id\":\"https:\/\/www.suno.com.br\/noticias\/#\/schema\/logo\/image\/\"},\"sameAs\":[\"https:\/\/facebook.com\/sunoresearch\",\"https:\/\/x.com\/sunoresearch\",\"https:\/\/www.instagram.com\/suno\",\"https:\/\/www.linkedin.com\/company\/suno-research\/\",\"https:\/\/www.youtube.com\/c\/sunoresearch\"]},{\"@type\":\"Person\",\"@id\":\"https:\/\/www.suno.com.br\/noticias\/#\/schema\/person\/918d79de1f0281f01599b93f9ea6e23f\",\"name\":\"Jader Lazarini\",\"image\":{\"@type\":\"ImageObject\",\"inLanguage\":\"pt-BR\",\"@id\":\"https:\/\/www.suno.com.br\/noticias\/#\/schema\/person\/image\/\",\"url\":\"https:\/\/secure.gravatar.com\/avatar\/3c1ad8caa51589841baeb923fcddea97?s=96&r=g\",\"contentUrl\":\"https:\/\/secure.gravatar.com\/avatar\/3c1ad8caa51589841baeb923fcddea97?s=96&r=g\",\"caption\":\"Jader Lazarini\"},\"description\":\"Jader Lazarini escreve sobre investimentos, finan\u00e7as, economia e neg\u00f3cios. \u00c9 bacharel em Rela\u00e7\u00f5es Internacionais e analista CNPI (2619).\",\"url\":\"https:\/\/www.suno.com.br\/noticias\/author\/jader-lazarini\/\"}]}<\/script>\n<!-- \/ Yoast SEO plugin. -->","yoast_head_json":{"title":"D\u00f3lar abre em alta; acordo entre EUA e China no radar","description":"O d\u00f3lar inicia em alta nesta quarta. O dia come\u00e7a agitado com a expectativa pela assinatura do acordo na guerra comercial.\u00a0Saiba mais.\u00a0","robots":{"index":"index","follow":"follow","max-snippet":"max-snippet:-1","max-image-preview":"max-image-preview:large","max-video-preview":"max-video-preview:-1"},"canonical":"https:\/\/www.suno.com.br\/noticias\/dolar-guerra-comercial-varejo-ocde-15012020\/","og_locale":"pt_BR","og_type":"article","og_title":"D\u00f3lar abre em alta; acordo entre EUA e China no radar","og_description":"O d\u00f3lar inicia em alta nesta quarta. O dia come\u00e7a agitado com a expectativa pela assinatura do acordo na guerra comercial.\u00a0Saiba mais.\u00a0","og_url":"https:\/\/www.suno.com.br\/noticias\/dolar-guerra-comercial-varejo-ocde-15012020\/","og_site_name":"Suno Not\u00edcias","article_publisher":"https:\/\/facebook.com\/sunoresearch","og_image":[{"width":960,"height":617,"url":"https:\/\/files.sunoresearch.com.br\/n\/uploads\/2019\/03\/de905e16-d\u00f3lar.jpg","type":"image\/jpeg"}],"author":"Jader Lazarini","twitter_card":"summary_large_image","twitter_creator":"@sunoresearch","twitter_site":"@sunoresearch","twitter_misc":{"Escrito por":"Jader Lazarini","Est. tempo de leitura":"3 minutos"},"schema":{"@context":"https:\/\/schema.org","@graph":[{"@type":"NewsArticle","@id":"https:\/\/www.suno.com.br\/noticias\/dolar-guerra-comercial-varejo-ocde-15012020\/#article","isPartOf":{"@id":"https:\/\/www.suno.com.br\/noticias\/dolar-guerra-comercial-varejo-ocde-15012020\/"},"author":{"name":"Jader Lazarini","@id":"https:\/\/www.suno.com.br\/noticias\/#\/schema\/person\/918d79de1f0281f01599b93f9ea6e23f"},"headline":"D\u00f3lar abre em alta; acordo entre EUA e China no radar","datePublished":"2020-01-15T12:25:57+00:00","dateModified":"2020-01-15T12:44:45+00:00","mainEntityOfPage":{"@id":"https:\/\/www.suno.com.br\/noticias\/dolar-guerra-comercial-varejo-ocde-15012020\/"},"wordCount":582,"publisher":{"@id":"https:\/\/www.suno.com.br\/noticias\/#organization"},"image":{"@id":"https:\/\/www.suno.com.br\/noticias\/dolar-guerra-comercial-varejo-ocde-15012020\/#primaryimage"},"thumbnailUrl":"https:\/\/files.sunoresearch.com.br\/n\/uploads\/2019\/03\/de905e16-d\u00f3lar-jpg.webp","keywords":["d\u00f3lar","guerra comercial","varejo"],"articleSection":["Mercado"],"inLanguage":"pt-BR"},{"@type":"WebPage","@id":"https:\/\/www.suno.com.br\/noticias\/dolar-guerra-comercial-varejo-ocde-15012020\/","url":"https:\/\/www.suno.com.br\/noticias\/dolar-guerra-comercial-varejo-ocde-15012020\/","name":"D\u00f3lar abre em alta; acordo entre EUA e China no radar","isPartOf":{"@id":"https:\/\/www.suno.com.br\/noticias\/#website"},"primaryImageOfPage":{"@id":"https:\/\/www.suno.com.br\/noticias\/dolar-guerra-comercial-varejo-ocde-15012020\/#primaryimage"},"image":{"@id":"https:\/\/www.suno.com.br\/noticias\/dolar-guerra-comercial-varejo-ocde-15012020\/#primaryimage"},"thumbnailUrl":"https:\/\/files.sunoresearch.com.br\/n\/uploads\/2019\/03\/de905e16-d\u00f3lar-jpg.webp","datePublished":"2020-01-15T12:25:57+00:00","dateModified":"2020-01-15T12:44:45+00:00","description":"O d\u00f3lar inicia em alta nesta quarta. O dia come\u00e7a agitado com a expectativa pela assinatura do acordo na guerra comercial.\u00a0Saiba mais.\u00a0","breadcrumb":{"@id":"https:\/\/www.suno.com.br\/noticias\/dolar-guerra-comercial-varejo-ocde-15012020\/#breadcrumb"},"inLanguage":"pt-BR","potentialAction":[{"@type":"ReadAction","target":["https:\/\/www.suno.com.br\/noticias\/dolar-guerra-comercial-varejo-ocde-15012020\/"]}]},{"@type":"ImageObject","inLanguage":"pt-BR","@id":"https:\/\/www.suno.com.br\/noticias\/dolar-guerra-comercial-varejo-ocde-15012020\/#primaryimage","url":"https:\/\/files.sunoresearch.com.br\/n\/uploads\/2019\/03\/de905e16-d\u00f3lar-jpg.webp","contentUrl":"https:\/\/files.sunoresearch.com.br\/n\/uploads\/2019\/03\/de905e16-d\u00f3lar-jpg.webp","width":960,"height":617,"caption":"O d\u00f3lar hoje teve um dia de forte volatilidade, respercutindo a vit\u00f3ria de Biden e as not\u00edcias sobre a vacina da Pfizer"},{"@type":"BreadcrumbList","@id":"https:\/\/www.suno.com.br\/noticias\/dolar-guerra-comercial-varejo-ocde-15012020\/#breadcrumb","itemListElement":[{"@type":"ListItem","position":1,"name":"Not\u00edcias","item":"https:\/\/www.suno.com.br\/noticias\/"},{"@type":"ListItem","position":2,"name":"Mercado","item":"https:\/\/www.suno.com.br\/noticias\/mercado\/"},{"@type":"ListItem","position":3,"name":"D\u00f3lar abre em alta; acordo entre EUA e China no radar"}]},{"@type":"WebSite","@id":"https:\/\/www.suno.com.br\/noticias\/#website","url":"https:\/\/www.suno.com.br\/noticias\/","name":"Suno Not\u00edcias","description":"Seu portal de informa\u00e7\u00e3o sobre o mundo dos investimentos","publisher":{"@id":"https:\/\/www.suno.com.br\/noticias\/#organization"},"potentialAction":[{"@type":"SearchAction","target":{"@type":"EntryPoint","urlTemplate":"https:\/\/www.suno.com.br\/noticias\/?s={search_term_string}"},"query-input":{"@type":"PropertyValueSpecification","valueRequired":true,"valueName":"search_term_string"}}],"inLanguage":"pt-BR"},{"@type":"Organization","@id":"https:\/\/www.suno.com.br\/noticias\/#organization","name":"Suno Not\u00edcias","url":"https:\/\/www.suno.com.br\/noticias\/","logo":{"@type":"ImageObject","inLanguage":"pt-BR","@id":"https:\/\/www.suno.com.br\/noticias\/#\/schema\/logo\/image\/","url":"https:\/\/files.sunoresearch.com.br\/n\/uploads\/2021\/09\/suno-logo.png","contentUrl":"https:\/\/files.sunoresearch.com.br\/n\/uploads\/2021\/09\/suno-logo.png","width":180,"height":180,"caption":"Suno Not\u00edcias"},"image":{"@id":"https:\/\/www.suno.com.br\/noticias\/#\/schema\/logo\/image\/"},"sameAs":["https:\/\/facebook.com\/sunoresearch","https:\/\/x.com\/sunoresearch","https:\/\/www.instagram.com\/suno","https:\/\/www.linkedin.com\/company\/suno-research\/","https:\/\/www.youtube.com\/c\/sunoresearch"]},{"@type":"Person","@id":"https:\/\/www.suno.com.br\/noticias\/#\/schema\/person\/918d79de1f0281f01599b93f9ea6e23f","name":"Jader Lazarini","image":{"@type":"ImageObject","inLanguage":"pt-BR","@id":"https:\/\/www.suno.com.br\/noticias\/#\/schema\/person\/image\/","url":"https:\/\/secure.gravatar.com\/avatar\/3c1ad8caa51589841baeb923fcddea97?s=96&r=g","contentUrl":"https:\/\/secure.gravatar.com\/avatar\/3c1ad8caa51589841baeb923fcddea97?s=96&r=g","caption":"Jader Lazarini"},"description":"Jader Lazarini escreve sobre investimentos, finan\u00e7as, economia e neg\u00f3cios. \u00c9 bacharel em Rela\u00e7\u00f5es Internacionais e analista CNPI (2619).","url":"https:\/\/www.suno.com.br\/noticias\/author\/jader-lazarini\/"}]}},"default_loop_html":"<div class=\"cardsPage__listCard__boxs\"><div class=\"cardsPage__listCard__boxs__img\"><a href=\"https:\/\/www.suno.com.br\/noticias\/dolar-guerra-comercial-varejo-ocde-15012020\/\"><img class=\"mask\" src=\"https:\/\/www.suno.com.br\/noticias\/wp-content\/themes\/suno\/resources\/images\/spotlight\/spotlight1img\/bg-mask.png\" alt=\"Image Mask\"\/><img src=\"https:\/\/files.sunoresearch.com.br\/n\/uploads\/2019\/03\/de905e16-d\u00f3lar-400x200.webp\" alt=\"D\u00f3lar abre em alta; acordo entre EUA e China no radar\"\/><\/a><span class=\"spotlightCategory\"><a href=\"https:\/\/www.suno.com.br\/noticias\/mercado\/\">Mercado<\/a><\/span><\/div><div class=\"cardsPage__listCard__boxs__content\"><a href=\"https:\/\/www.suno.com.br\/noticias\/dolar-guerra-comercial-varejo-ocde-15012020\/\"><h2 class=\"content__title\">D\u00f3lar abre em alta; acordo entre EUA e China no radar<\/h2><\/a><div class=\"newsContent__article__meta\"><div class=\"newsContent__article__meta__authorBox\"><a href=\"https:\/\/www.suno.com.br\/noticias\/author\/jader-lazarini\/\" class=\"authorBox__avatar noMobi\"><img src=\"https:\/\/files.sunoresearch.com.br\/n\/uploads\/2021\/01\/178e6598-foto-perfil-2-150x150.jpg\" alt=\"Jader Lazarini\"><\/a><div class=\"authorBox__name\"><span>por\n\t\t\t<a href=\"https:\/\/www.suno.com.br\/noticias\/author\/jader-lazarini\/\"><span itemprop=\"author\">Jader Lazarini<\/span><\/a><\/span><time datetime=\"2020-01-15T10:25:57-03:00\" itemprop=\"datePublished\">15\/01\/2020 10:25<\/time><\/div><\/div><\/div><\/div><\/div>","single_layout":"posts","amp_enabled":true,"_links":{"self":[{"href":"https:\/\/www.suno.com.br\/noticias\/wp-json\/wp\/v2\/posts\/49730"}],"collection":[{"href":"https:\/\/www.suno.com.br\/noticias\/wp-json\/wp\/v2\/posts"}],"about":[{"href":"https:\/\/www.suno.com.br\/noticias\/wp-json\/wp\/v2\/types\/post"}],"author":[{"embeddable":true,"href":"https:\/\/www.suno.com.br\/noticias\/wp-json\/wp\/v2\/users\/24"}],"replies":[{"embeddable":true,"href":"https:\/\/www.suno.com.br\/noticias\/wp-json\/wp\/v2\/comments?post=49730"}],"version-history":[{"count":0,"href":"https:\/\/www.suno.com.br\/noticias\/wp-json\/wp\/v2\/posts\/49730\/revisions"}],"wp:featuredmedia":[{"embeddable":true,"href":"https:\/\/www.suno.com.br\/noticias\/wp-json\/wp\/v2\/media\/19509"}],"wp:attachment":[{"href":"https:\/\/www.suno.com.br\/noticias\/wp-json\/wp\/v2\/media?parent=49730"}],"wp:term":[{"taxonomy":"category","embeddable":true,"href":"https:\/\/www.suno.com.br\/noticias\/wp-json\/wp\/v2\/categories?post=49730"},{"taxonomy":"post_tag","embeddable":true,"href":"https:\/\/www.suno.com.br\/noticias\/wp-json\/wp\/v2\/tags?post=49730"},{"taxonomy":"suno_strategy","embeddable":true,"href":"https:\/\/www.suno.com.br\/noticias\/wp-json\/wp\/v2\/suno_strategy?post=49730"}],"curies":[{"name":"wp","href":"https:\/\/api.w.org\/{rel}","templated":true}]}}