{"id":497197,"date":"2023-12-08T10:06:27","date_gmt":"2023-12-08T13:06:27","guid":{"rendered":"https:\/\/www.suno.com.br\/noticias\/?p=497197"},"modified":"2023-12-08T10:06:33","modified_gmt":"2023-12-08T13:06:33","slug":"grupo-casas-bahia-bhia3-adianta-grupamento-acoes-cpf","status":"publish","type":"post","link":"https:\/\/www.suno.com.br\/noticias\/grupo-casas-bahia-bhia3-adianta-grupamento-acoes-cpf\/","title":{"rendered":"Casas Bahia (BHIA3) adianta grupamento de a\u00e7\u00f5es para 15 de dezembro; varejista teme sa\u00edda do Ibovespa"},"content":{"rendered":"<p>O <strong>Grupo Casas Bahia (BHIA3)<\/strong>, sob risco de sair do Ibovespa, vai adiantar a negocia\u00e7\u00e3o de <a class=\"suno-keyword\" target=\"_blank\" data-force=\"no\" data-priority=\"1\" href=\"https:\/\/www.suno.com.br\/artigos\/grupamento-de-acoes\/\" rel=\"noopener\">grupamento de a\u00e7\u00f5es<\/a> antes do prazo estimado, para ser conclu\u00edda at\u00e9 a pr\u00f3xima sexta-feira (15). Previsto para acontecer em 28 de dezembro, as a\u00e7\u00f5es de BHIA3 ser\u00e3o agrupadas na raz\u00e3o de 25 para 1. <\/p>\t<div class=\"wrapper-featured-image\">\n\t\t<figure class=\"spotlightImg\">\n\n\t\t\t<picture>\n\t\t\t\t<source media=\"(max-width: 768px)\" srcset=\"https:\/\/files.sunoresearch.com.br\/n\/uploads\/2023\/04\/via-viia3-casas-bahia-cb-loja-foto-divulgacao-400x200.jpg\">\n\t\t\t\t<img loading=\"lazy\" decoding=\"async\" class=\"newsContent__article__imgCapa lazyloadDisabled \" src=\"https:\/\/files.sunoresearch.com.br\/n\/uploads\/2023\/04\/via-viia3-casas-bahia-cb-loja-foto-divulgacao-800x450.jpg\" width=\"800\" height=\"450\" alt=\"Casas Bahia (BHIA3) adianta grupamento de a\u00e7\u00f5es para 15 de dezembro; varejista teme sa\u00edda do Ibovespa\" fetchpriority=high \/>\n\t\t\t<\/picture>\n\n\t\t\t<figcaption class=\"wp-caption-text wp-caption-text--show\">Casas Bahia (BHIA3). Foto: Divulga\u00e7\u00e3o<\/figcaption>\n\t\t<\/figure>\n\t<\/div>\n\n\n\n\n\n\t<p>\n\t\t<a href=\"\" target=\"_blank\" data-element=\"shortcode-suno-banner\" title=\"Banner SUNO, clique e saiba mais\">\n\t\t\t<picture>\n\t\t\t\t<source media=\"(max-width: 500px)\" srcset=\"\">\n\t\t\t\t<img class=\"newsContent__article__imgCapa newsContent__article__imgCapa--banner\"\n\t\t\t\t\tsrc=\"\"\n\t\t\t\t\tdata-promo-id=\"250707\"\t\t\t\t\t\t\t\t\t\t\t\t\t\t\talt=\"\"\n\t\t\t\t>\n\t\t\t<\/picture>\n\t\t<\/a>\n\t<\/p>\n\n\n\n\n\n<p>O an\u00fancio de <strong>grupamento das a\u00e7\u00f5es das Casas Bahia (BHIA3) <\/strong>foi divulgado em <a class=\"suno-keyword\" target=\"_blank\" data-force=\"no\" data-priority=\"1\" href=\"https:\/\/www.suno.com.br\/artigos\/fato-relevante\/\" rel=\"noopener\">Fato Relevante<\/a> ao mercado nesta quinta-feira (7). <\/p>\n\n\n\n<p>Segundo a companhia, um ve\u00edculo de investimento \u201cvinculado a membro da administra\u00e7\u00e3o da companhia\u201d far\u00e1 a doa\u00e7\u00e3o das a\u00e7\u00f5es necess\u00e1rias para completar a carteira de acionistas que detenham um n\u00famero de pap\u00e9is da varejista que n\u00e3o seja m\u00faltiplo de 25. <\/p>\n\n\n\n<p>Assim, os acionistas que n\u00e3o possuem um volume de <strong>a\u00e7\u00f5es de BHIA3 <\/strong>m\u00faltiplo de 25 n\u00e3o ter\u00e3o fra\u00e7\u00f5es de a\u00e7\u00f5es ap\u00f3s o agrupamento. <\/p>\n\n\n\n<p>&#8220;Dessa maneira, o grupamento ser\u00e1 operacionalizado e efetivado de modo a n\u00e3o alterar a participa\u00e7\u00e3o proporcional dos acionistas no capital social da companhia e n\u00e3o afetar\u00e1 os direitos patrimoniais e pol\u00edticos das a\u00e7\u00f5es\u201d, assegurou a<strong> Casas Bahia<\/strong> ao mercado. <\/p>\n\n\n\n\t<div data-element=\"shortcode-read-more\" class=\"readToo\">\n\t\t\t\t<span class=\"readToo__title\">Leia mais<\/span>\n\t\t\t\t<ul class=\"readToo__list\">\n\t\t\t<li><a href=\"https:\/\/www.suno.com.br\/noticias\/banco-do-brasil-bbas3-desdobramento-acoes-gpj\/\">Banco do Brasil (BBAS3) prop\u00f5e desdobramento de 100% das a\u00e7\u00f5es; veja detalhes<\/a><\/li><li><a href=\"https:\/\/www.suno.com.br\/noticias\/agenda-dividendos-fundo-imobiliario-bcff11-dezembro-cpf\/\">BCFF11: FII anuncia o pagamento de rendimentos em dezembro, com valor est\u00e1vel no ano<\/a><\/li><li><a href=\"https:\/\/www.suno.com.br\/noticias\/weg-wege3-novo-diretor-presidente-gpj\/\">Weg (WEGE3) anuncia novo diretor-presidente; saiba quem \u00e9<\/a><\/li>\t\t<\/ul>\n\t<\/div>\n\n\n\n\t<p>\n\t\t<a href=\"https:\/\/lp.suno.com.br\/planilha-controle-gastos\/\" target=\"_blank\" data-element=\"shortcode-suno-banner\" title=\"Banner SUNO, clique e saiba mais\">\n\t\t\t<picture>\n\t\t\t\t<source media=\"(max-width: 500px)\" srcset=\"https:\/\/files.sunoresearch.com.br\/n\/uploads\/2023\/03\/400x300-Planilha-controle-de-gastos.png\">\n\t\t\t\t<img class=\"newsContent__article__imgCapa newsContent__article__imgCapa--banner\"\n\t\t\t\t\tsrc=\"https:\/\/files.sunoresearch.com.br\/n\/uploads\/2023\/03\/1420x240-Planilha-controle-de-gastos.png\"\n\t\t\t\t\tdata-promo-id=\"101751\"\t\t\t\t\t\t\t\t\t\twidth='1420' height='240'\t\t\t\t\talt=\"https:\/\/files.sunoresearch.com.br\/n\/uploads\/2023\/03\/1420x240-Planilha-controle-de-gastos.png\"\n\t\t\t\t>\n\t\t\t<\/picture>\n\t\t<\/a>\n\t<\/p>\n\n\n\n\n\n<h2 class=\"wp-block-heading\">Casas Bahia (BHIA3) vai sair do Ibovespa?<\/h2>\n\n\n\n<p>Atualmente composto pelas <strong>lojas Casas Bahia<\/strong> e Ponto (ex-Ponto Frio), o e-commerce do Extra.com.br e a fabricante de m\u00f3veis Bartira, o <strong>Grupo Casas Bahia <\/strong>recentemente ficou de frente \u00e0 uma situa\u00e7\u00e3o arriscada: a sa\u00edda do principal \u00edndice da <a class=\"suno-keyword\" target=\"_blank\" data-force=\"no\" data-priority=\"3\" href=\"https:\/\/www.suno.com.br\/guias\/bolsa-de-valores\/\" rel=\"noopener\">bolsa de valores<\/a> brasileira, o Ibovespa. <\/p>\n\n\n\n<p>Na primeira pr\u00e9via do Ibovespa em 2024 (de janeiro a abril) ilustrou-se a exclus\u00e3o dos <strong>papeis de BHIA3 <\/strong>\u2013 e a entrada da <a class=\"suno-keyword\" target=\"_blank\" data-force=\"yes\" data-priority=\"2\" href=\"https:\/\/www.suno.com.br\/acoes\/TRPL4\/\" rel=\"noopener\">ISA Cteep (TRPL4)<\/a> de energia el\u00e9trica.<\/p>\n\n\n\n<p>No fato relevante publicado nesta quinta-feira (7), a <strong>Casas Bahia<\/strong> demonstrou que o <a class=\"suno-keyword\" target=\"_blank\" data-force=\"no\" data-priority=\"1\" href=\"https:\/\/www.suno.com.br\/artigos\/grupamento-de-acoes\/\" rel=\"noopener\">grupamento de a\u00e7\u00f5es<\/a> antecipado \u00e9 uma das medidas para que n\u00e3o saia da sele\u00e7\u00e3o de a\u00e7\u00f5es do \u00edndice. <\/p>\n\n\n\n<p>&#8220;Com isso, a administra\u00e7\u00e3o da companhia espera que suas a\u00e7\u00f5es voltem a cumprir com os crit\u00e9rios de sele\u00e7\u00e3o para fazer parte do Ibovespa, \u00edndice da B3, no rebalanceamento do final deste ano de 2023\u201d, afirma o texto do fato relevante da varejista.<\/p>\n\n\n\n<p>Nesta corrida contra o tempo, o novo procedimento dever\u00e1 adiantar as negocia\u00e7\u00f5es de a\u00e7\u00f5es &#8220;exgrupamento&#8221; e impulsionar para que &#8220;a cota\u00e7\u00e3o das a\u00e7\u00f5es retorne a patamar superior a 1 real o mais breve poss\u00edvel\u201d, disse o <strong>Grupo Casas Bahia (BHIA3) <\/strong>comunicado. <\/p>\n\n\n\n\n\t<p>\n\t\t<a href=\"https:\/\/lp.suno.com.br\/planilha-de-controle-de-investimentos\/\" target=\"_blank\" data-element=\"shortcode-suno-banner\" title=\"Banner SUNO, clique e saiba mais\">\n\t\t\t<picture>\n\t\t\t\t<source media=\"(max-width: 500px)\" srcset=\"https:\/\/files.sunoresearch.com.br\/n\/uploads\/2023\/03\/400x300-Controle-de-Investimentos.png\">\n\t\t\t\t<img class=\"newsContent__article__imgCapa newsContent__article__imgCapa--banner\"\n\t\t\t\t\tsrc=\"https:\/\/files.sunoresearch.com.br\/n\/uploads\/2023\/03\/1420x240-Controle-de-Investimentos.png\"\n\t\t\t\t\tdata-promo-id=\"75934\"\t\t\t\t\t\t\t\t\t\twidth='1420' height='240'\t\t\t\t\talt=\"https:\/\/files.sunoresearch.com.br\/n\/uploads\/2023\/03\/1420x240-Controle-de-Investimentos.png\"\n\t\t\t\t>\n\t\t\t<\/picture>\n\t\t<\/a>\n\t<\/p>\n\n\n","protected":false},"excerpt":{"rendered":"<p>O Grupo Casas Bahia (BHIA3), sob risco de sair do Ibovespa, vai adiantar a negocia\u00e7\u00e3o de grupamento de a\u00e7\u00f5es antes do prazo estimado, para ser conclu\u00edda at\u00e9 a pr\u00f3xima sexta-feira (15). Previsto para acontecer em 28 de dezembro, as a\u00e7\u00f5es de BHIA3 ser\u00e3o agrupadas na raz\u00e3o de 25 para 1. Casas Bahia (BHIA3). Foto: Divulga\u00e7\u00e3o [&hellip;]<\/p>\n","protected":false},"author":283,"featured_media":385865,"comment_status":"closed","ping_status":"closed","sticky":false,"template":"","format":"standard","meta":[],"categories":[64],"tags":[2046,107138,106935],"suno_strategy":[],"class_list":["post-497197","post","type-post","status-publish","format-standard","has-post-thumbnail","hentry","category-negocios","tag-casas-bahia","tag-casas-bahia-bhia3","tag-via-viia3"],"yoast_head":"<!-- This site is optimized with the Yoast SEO plugin v24.4 - https:\/\/yoast.com\/wordpress\/plugins\/seo\/ -->\n<title>Casas Bahia (BHIA3) adianta grupamento de a\u00e7\u00f5es para pr\u00f3xima semana<\/title>\n<meta name=\"description\" content=\"Sob o risco de sair do Ibovespa, o Grupo Casas Bahia (BHIA3) antecipou o grupamento de a\u00e7\u00f5es para a pr\u00f3xima semana. Confira detalhes.\" \/>\n<meta name=\"robots\" content=\"index, follow, max-snippet:-1, max-image-preview:large, max-video-preview:-1\" \/>\n<link rel=\"canonical\" href=\"https:\/\/www.suno.com.br\/noticias\/grupo-casas-bahia-bhia3-adianta-grupamento-acoes-cpf\/\" \/>\n<meta property=\"og:locale\" content=\"pt_BR\" \/>\n<meta property=\"og:type\" content=\"article\" \/>\n<meta property=\"og:title\" content=\"Casas Bahia (BHIA3) adianta grupamento de a\u00e7\u00f5es para pr\u00f3xima semana\" \/>\n<meta property=\"og:description\" content=\"Sob o risco de sair do Ibovespa, o Grupo Casas Bahia (BHIA3) antecipou o grupamento de a\u00e7\u00f5es para a pr\u00f3xima semana. Confira detalhes.\" \/>\n<meta property=\"og:url\" content=\"https:\/\/www.suno.com.br\/noticias\/grupo-casas-bahia-bhia3-adianta-grupamento-acoes-cpf\/\" \/>\n<meta property=\"og:site_name\" content=\"Suno Not\u00edcias\" \/>\n<meta property=\"article:publisher\" content=\"https:\/\/facebook.com\/sunoresearch\" \/>\n<meta property=\"og:image\" content=\"https:\/\/files.sunoresearch.com.br\/n\/uploads\/2023\/04\/via-viia3-casas-bahia-cb-loja-foto-divulgacao.jpg\" \/>\n\t<meta property=\"og:image:width\" content=\"1200\" \/>\n\t<meta property=\"og:image:height\" content=\"675\" \/>\n\t<meta property=\"og:image:type\" content=\"image\/jpeg\" \/>\n<meta name=\"author\" content=\"Camila Paim\" \/>\n<meta name=\"twitter:card\" content=\"summary_large_image\" \/>\n<meta name=\"twitter:creator\" content=\"@sunoresearch\" \/>\n<meta name=\"twitter:site\" content=\"@sunoresearch\" \/>\n<meta name=\"twitter:label1\" content=\"Escrito por\" \/>\n\t<meta name=\"twitter:data1\" content=\"Camila Paim\" \/>\n\t<meta name=\"twitter:label2\" content=\"Est. tempo de leitura\" \/>\n\t<meta name=\"twitter:data2\" content=\"3 minutos\" \/>\n<script type=\"application\/ld+json\" class=\"yoast-schema-graph\">{\"@context\":\"https:\/\/schema.org\",\"@graph\":[{\"@type\":\"NewsArticle\",\"@id\":\"https:\/\/www.suno.com.br\/noticias\/grupo-casas-bahia-bhia3-adianta-grupamento-acoes-cpf\/#article\",\"isPartOf\":{\"@id\":\"https:\/\/www.suno.com.br\/noticias\/grupo-casas-bahia-bhia3-adianta-grupamento-acoes-cpf\/\"},\"author\":{\"name\":\"Camila Paim\",\"@id\":\"https:\/\/www.suno.com.br\/noticias\/#\/schema\/person\/f341d3ae5d1cc685176c9a5327cdfdbb\"},\"headline\":\"Casas Bahia (BHIA3) adianta grupamento de a\u00e7\u00f5es para 15 de dezembro; varejista teme sa\u00edda do Ibovespa\",\"datePublished\":\"2023-12-08T13:06:27+00:00\",\"dateModified\":\"2023-12-08T13:06:33+00:00\",\"mainEntityOfPage\":{\"@id\":\"https:\/\/www.suno.com.br\/noticias\/grupo-casas-bahia-bhia3-adianta-grupamento-acoes-cpf\/\"},\"wordCount\":430,\"publisher\":{\"@id\":\"https:\/\/www.suno.com.br\/noticias\/#organization\"},\"image\":{\"@id\":\"https:\/\/www.suno.com.br\/noticias\/grupo-casas-bahia-bhia3-adianta-grupamento-acoes-cpf\/#primaryimage\"},\"thumbnailUrl\":\"https:\/\/files.sunoresearch.com.br\/n\/uploads\/2023\/04\/via-viia3-casas-bahia-cb-loja-foto-divulgacao.jpg\",\"keywords\":[\"Casas Bahia\",\"Casas Bahia (BHIA3)\",\"Via (VIIA3)\"],\"articleSection\":[\"Neg\u00f3cios\"],\"inLanguage\":\"pt-BR\"},{\"@type\":\"WebPage\",\"@id\":\"https:\/\/www.suno.com.br\/noticias\/grupo-casas-bahia-bhia3-adianta-grupamento-acoes-cpf\/\",\"url\":\"https:\/\/www.suno.com.br\/noticias\/grupo-casas-bahia-bhia3-adianta-grupamento-acoes-cpf\/\",\"name\":\"Casas Bahia (BHIA3) adianta grupamento de a\u00e7\u00f5es para pr\u00f3xima semana\",\"isPartOf\":{\"@id\":\"https:\/\/www.suno.com.br\/noticias\/#website\"},\"primaryImageOfPage\":{\"@id\":\"https:\/\/www.suno.com.br\/noticias\/grupo-casas-bahia-bhia3-adianta-grupamento-acoes-cpf\/#primaryimage\"},\"image\":{\"@id\":\"https:\/\/www.suno.com.br\/noticias\/grupo-casas-bahia-bhia3-adianta-grupamento-acoes-cpf\/#primaryimage\"},\"thumbnailUrl\":\"https:\/\/files.sunoresearch.com.br\/n\/uploads\/2023\/04\/via-viia3-casas-bahia-cb-loja-foto-divulgacao.jpg\",\"datePublished\":\"2023-12-08T13:06:27+00:00\",\"dateModified\":\"2023-12-08T13:06:33+00:00\",\"description\":\"Sob o risco de sair do Ibovespa, o Grupo Casas Bahia (BHIA3) antecipou o grupamento de a\u00e7\u00f5es para a pr\u00f3xima semana. Confira detalhes.\",\"breadcrumb\":{\"@id\":\"https:\/\/www.suno.com.br\/noticias\/grupo-casas-bahia-bhia3-adianta-grupamento-acoes-cpf\/#breadcrumb\"},\"inLanguage\":\"pt-BR\",\"potentialAction\":[{\"@type\":\"ReadAction\",\"target\":[\"https:\/\/www.suno.com.br\/noticias\/grupo-casas-bahia-bhia3-adianta-grupamento-acoes-cpf\/\"]}]},{\"@type\":\"ImageObject\",\"inLanguage\":\"pt-BR\",\"@id\":\"https:\/\/www.suno.com.br\/noticias\/grupo-casas-bahia-bhia3-adianta-grupamento-acoes-cpf\/#primaryimage\",\"url\":\"https:\/\/files.sunoresearch.com.br\/n\/uploads\/2023\/04\/via-viia3-casas-bahia-cb-loja-foto-divulgacao.jpg\",\"contentUrl\":\"https:\/\/files.sunoresearch.com.br\/n\/uploads\/2023\/04\/via-viia3-casas-bahia-cb-loja-foto-divulgacao.jpg\",\"width\":1200,\"height\":675,\"caption\":\"Casas Bahia (BHIA3). Foto: Divulga\u00e7\u00e3o\"},{\"@type\":\"BreadcrumbList\",\"@id\":\"https:\/\/www.suno.com.br\/noticias\/grupo-casas-bahia-bhia3-adianta-grupamento-acoes-cpf\/#breadcrumb\",\"itemListElement\":[{\"@type\":\"ListItem\",\"position\":1,\"name\":\"Not\u00edcias\",\"item\":\"https:\/\/www.suno.com.br\/noticias\/\"},{\"@type\":\"ListItem\",\"position\":2,\"name\":\"Neg\u00f3cios\",\"item\":\"https:\/\/www.suno.com.br\/noticias\/negocios\/\"},{\"@type\":\"ListItem\",\"position\":3,\"name\":\"Casas Bahia (BHIA3) adianta grupamento de a\u00e7\u00f5es para 15 de dezembro; varejista teme sa\u00edda do Ibovespa\"}]},{\"@type\":\"WebSite\",\"@id\":\"https:\/\/www.suno.com.br\/noticias\/#website\",\"url\":\"https:\/\/www.suno.com.br\/noticias\/\",\"name\":\"Suno Not\u00edcias\",\"description\":\"Seu portal de informa\u00e7\u00e3o sobre o mundo dos investimentos\",\"publisher\":{\"@id\":\"https:\/\/www.suno.com.br\/noticias\/#organization\"},\"potentialAction\":[{\"@type\":\"SearchAction\",\"target\":{\"@type\":\"EntryPoint\",\"urlTemplate\":\"https:\/\/www.suno.com.br\/noticias\/?s={search_term_string}\"},\"query-input\":{\"@type\":\"PropertyValueSpecification\",\"valueRequired\":true,\"valueName\":\"search_term_string\"}}],\"inLanguage\":\"pt-BR\"},{\"@type\":\"Organization\",\"@id\":\"https:\/\/www.suno.com.br\/noticias\/#organization\",\"name\":\"Suno Not\u00edcias\",\"url\":\"https:\/\/www.suno.com.br\/noticias\/\",\"logo\":{\"@type\":\"ImageObject\",\"inLanguage\":\"pt-BR\",\"@id\":\"https:\/\/www.suno.com.br\/noticias\/#\/schema\/logo\/image\/\",\"url\":\"https:\/\/files.sunoresearch.com.br\/n\/uploads\/2021\/09\/suno-logo.png\",\"contentUrl\":\"https:\/\/files.sunoresearch.com.br\/n\/uploads\/2021\/09\/suno-logo.png\",\"width\":180,\"height\":180,\"caption\":\"Suno Not\u00edcias\"},\"image\":{\"@id\":\"https:\/\/www.suno.com.br\/noticias\/#\/schema\/logo\/image\/\"},\"sameAs\":[\"https:\/\/facebook.com\/sunoresearch\",\"https:\/\/x.com\/sunoresearch\",\"https:\/\/www.instagram.com\/suno\",\"https:\/\/www.linkedin.com\/company\/suno-research\/\",\"https:\/\/www.youtube.com\/c\/sunoresearch\"]},{\"@type\":\"Person\",\"@id\":\"https:\/\/www.suno.com.br\/noticias\/#\/schema\/person\/f341d3ae5d1cc685176c9a5327cdfdbb\",\"name\":\"Camila Paim\",\"image\":{\"@type\":\"ImageObject\",\"inLanguage\":\"pt-BR\",\"@id\":\"https:\/\/www.suno.com.br\/noticias\/#\/schema\/person\/image\/\",\"url\":\"https:\/\/secure.gravatar.com\/avatar\/f33728e65febb1aa7ecf6792956f9b20?s=96&r=g\",\"contentUrl\":\"https:\/\/secure.gravatar.com\/avatar\/f33728e65febb1aa7ecf6792956f9b20?s=96&r=g\",\"caption\":\"Camila Paim\"},\"description\":\"Jornalista formada pela USP, tem experi\u00eancia em reda\u00e7\u00f5es, SEO, Branded Content e Webdesign. Com passagem pelo Jornal da USP, Empiricus e C6 Bank, hoje \u00e9 rep\u00f3rter no Suno Not\u00edcias cobrindo macroeconomia, finan\u00e7as pessoais e startups.\",\"url\":\"https:\/\/www.suno.com.br\/noticias\/author\/camila-figueiredosuno-com-br\/\"}]}<\/script>\n<!-- \/ Yoast SEO plugin. -->","yoast_head_json":{"title":"Casas Bahia (BHIA3) adianta grupamento de a\u00e7\u00f5es para pr\u00f3xima semana","description":"Sob o risco de sair do Ibovespa, o Grupo Casas Bahia (BHIA3) antecipou o grupamento de a\u00e7\u00f5es para a pr\u00f3xima semana. Confira detalhes.","robots":{"index":"index","follow":"follow","max-snippet":"max-snippet:-1","max-image-preview":"max-image-preview:large","max-video-preview":"max-video-preview:-1"},"canonical":"https:\/\/www.suno.com.br\/noticias\/grupo-casas-bahia-bhia3-adianta-grupamento-acoes-cpf\/","og_locale":"pt_BR","og_type":"article","og_title":"Casas Bahia (BHIA3) adianta grupamento de a\u00e7\u00f5es para pr\u00f3xima semana","og_description":"Sob o risco de sair do Ibovespa, o Grupo Casas Bahia (BHIA3) antecipou o grupamento de a\u00e7\u00f5es para a pr\u00f3xima semana. Confira detalhes.","og_url":"https:\/\/www.suno.com.br\/noticias\/grupo-casas-bahia-bhia3-adianta-grupamento-acoes-cpf\/","og_site_name":"Suno Not\u00edcias","article_publisher":"https:\/\/facebook.com\/sunoresearch","og_image":[{"width":1200,"height":675,"url":"https:\/\/files.sunoresearch.com.br\/n\/uploads\/2023\/04\/via-viia3-casas-bahia-cb-loja-foto-divulgacao.jpg","type":"image\/jpeg"}],"author":"Camila Paim","twitter_card":"summary_large_image","twitter_creator":"@sunoresearch","twitter_site":"@sunoresearch","twitter_misc":{"Escrito por":"Camila Paim","Est. tempo de leitura":"3 minutos"},"schema":{"@context":"https:\/\/schema.org","@graph":[{"@type":"NewsArticle","@id":"https:\/\/www.suno.com.br\/noticias\/grupo-casas-bahia-bhia3-adianta-grupamento-acoes-cpf\/#article","isPartOf":{"@id":"https:\/\/www.suno.com.br\/noticias\/grupo-casas-bahia-bhia3-adianta-grupamento-acoes-cpf\/"},"author":{"name":"Camila Paim","@id":"https:\/\/www.suno.com.br\/noticias\/#\/schema\/person\/f341d3ae5d1cc685176c9a5327cdfdbb"},"headline":"Casas Bahia (BHIA3) adianta grupamento de a\u00e7\u00f5es para 15 de dezembro; varejista teme sa\u00edda do Ibovespa","datePublished":"2023-12-08T13:06:27+00:00","dateModified":"2023-12-08T13:06:33+00:00","mainEntityOfPage":{"@id":"https:\/\/www.suno.com.br\/noticias\/grupo-casas-bahia-bhia3-adianta-grupamento-acoes-cpf\/"},"wordCount":430,"publisher":{"@id":"https:\/\/www.suno.com.br\/noticias\/#organization"},"image":{"@id":"https:\/\/www.suno.com.br\/noticias\/grupo-casas-bahia-bhia3-adianta-grupamento-acoes-cpf\/#primaryimage"},"thumbnailUrl":"https:\/\/files.sunoresearch.com.br\/n\/uploads\/2023\/04\/via-viia3-casas-bahia-cb-loja-foto-divulgacao.jpg","keywords":["Casas Bahia","Casas Bahia (BHIA3)","Via (VIIA3)"],"articleSection":["Neg\u00f3cios"],"inLanguage":"pt-BR"},{"@type":"WebPage","@id":"https:\/\/www.suno.com.br\/noticias\/grupo-casas-bahia-bhia3-adianta-grupamento-acoes-cpf\/","url":"https:\/\/www.suno.com.br\/noticias\/grupo-casas-bahia-bhia3-adianta-grupamento-acoes-cpf\/","name":"Casas Bahia (BHIA3) adianta grupamento de a\u00e7\u00f5es para pr\u00f3xima semana","isPartOf":{"@id":"https:\/\/www.suno.com.br\/noticias\/#website"},"primaryImageOfPage":{"@id":"https:\/\/www.suno.com.br\/noticias\/grupo-casas-bahia-bhia3-adianta-grupamento-acoes-cpf\/#primaryimage"},"image":{"@id":"https:\/\/www.suno.com.br\/noticias\/grupo-casas-bahia-bhia3-adianta-grupamento-acoes-cpf\/#primaryimage"},"thumbnailUrl":"https:\/\/files.sunoresearch.com.br\/n\/uploads\/2023\/04\/via-viia3-casas-bahia-cb-loja-foto-divulgacao.jpg","datePublished":"2023-12-08T13:06:27+00:00","dateModified":"2023-12-08T13:06:33+00:00","description":"Sob o risco de sair do Ibovespa, o Grupo Casas Bahia (BHIA3) antecipou o grupamento de a\u00e7\u00f5es para a pr\u00f3xima semana. Confira detalhes.","breadcrumb":{"@id":"https:\/\/www.suno.com.br\/noticias\/grupo-casas-bahia-bhia3-adianta-grupamento-acoes-cpf\/#breadcrumb"},"inLanguage":"pt-BR","potentialAction":[{"@type":"ReadAction","target":["https:\/\/www.suno.com.br\/noticias\/grupo-casas-bahia-bhia3-adianta-grupamento-acoes-cpf\/"]}]},{"@type":"ImageObject","inLanguage":"pt-BR","@id":"https:\/\/www.suno.com.br\/noticias\/grupo-casas-bahia-bhia3-adianta-grupamento-acoes-cpf\/#primaryimage","url":"https:\/\/files.sunoresearch.com.br\/n\/uploads\/2023\/04\/via-viia3-casas-bahia-cb-loja-foto-divulgacao.jpg","contentUrl":"https:\/\/files.sunoresearch.com.br\/n\/uploads\/2023\/04\/via-viia3-casas-bahia-cb-loja-foto-divulgacao.jpg","width":1200,"height":675,"caption":"Casas Bahia (BHIA3). Foto: Divulga\u00e7\u00e3o"},{"@type":"BreadcrumbList","@id":"https:\/\/www.suno.com.br\/noticias\/grupo-casas-bahia-bhia3-adianta-grupamento-acoes-cpf\/#breadcrumb","itemListElement":[{"@type":"ListItem","position":1,"name":"Not\u00edcias","item":"https:\/\/www.suno.com.br\/noticias\/"},{"@type":"ListItem","position":2,"name":"Neg\u00f3cios","item":"https:\/\/www.suno.com.br\/noticias\/negocios\/"},{"@type":"ListItem","position":3,"name":"Casas Bahia (BHIA3) adianta grupamento de a\u00e7\u00f5es para 15 de dezembro; varejista teme sa\u00edda do Ibovespa"}]},{"@type":"WebSite","@id":"https:\/\/www.suno.com.br\/noticias\/#website","url":"https:\/\/www.suno.com.br\/noticias\/","name":"Suno Not\u00edcias","description":"Seu portal de informa\u00e7\u00e3o sobre o mundo dos investimentos","publisher":{"@id":"https:\/\/www.suno.com.br\/noticias\/#organization"},"potentialAction":[{"@type":"SearchAction","target":{"@type":"EntryPoint","urlTemplate":"https:\/\/www.suno.com.br\/noticias\/?s={search_term_string}"},"query-input":{"@type":"PropertyValueSpecification","valueRequired":true,"valueName":"search_term_string"}}],"inLanguage":"pt-BR"},{"@type":"Organization","@id":"https:\/\/www.suno.com.br\/noticias\/#organization","name":"Suno Not\u00edcias","url":"https:\/\/www.suno.com.br\/noticias\/","logo":{"@type":"ImageObject","inLanguage":"pt-BR","@id":"https:\/\/www.suno.com.br\/noticias\/#\/schema\/logo\/image\/","url":"https:\/\/files.sunoresearch.com.br\/n\/uploads\/2021\/09\/suno-logo.png","contentUrl":"https:\/\/files.sunoresearch.com.br\/n\/uploads\/2021\/09\/suno-logo.png","width":180,"height":180,"caption":"Suno Not\u00edcias"},"image":{"@id":"https:\/\/www.suno.com.br\/noticias\/#\/schema\/logo\/image\/"},"sameAs":["https:\/\/facebook.com\/sunoresearch","https:\/\/x.com\/sunoresearch","https:\/\/www.instagram.com\/suno","https:\/\/www.linkedin.com\/company\/suno-research\/","https:\/\/www.youtube.com\/c\/sunoresearch"]},{"@type":"Person","@id":"https:\/\/www.suno.com.br\/noticias\/#\/schema\/person\/f341d3ae5d1cc685176c9a5327cdfdbb","name":"Camila Paim","image":{"@type":"ImageObject","inLanguage":"pt-BR","@id":"https:\/\/www.suno.com.br\/noticias\/#\/schema\/person\/image\/","url":"https:\/\/secure.gravatar.com\/avatar\/f33728e65febb1aa7ecf6792956f9b20?s=96&r=g","contentUrl":"https:\/\/secure.gravatar.com\/avatar\/f33728e65febb1aa7ecf6792956f9b20?s=96&r=g","caption":"Camila Paim"},"description":"Jornalista formada pela USP, tem experi\u00eancia em reda\u00e7\u00f5es, SEO, Branded Content e Webdesign. Com passagem pelo Jornal da USP, Empiricus e C6 Bank, hoje \u00e9 rep\u00f3rter no Suno Not\u00edcias cobrindo macroeconomia, finan\u00e7as pessoais e startups.","url":"https:\/\/www.suno.com.br\/noticias\/author\/camila-figueiredosuno-com-br\/"}]}},"default_loop_html":"<div class=\"cardsPage__listCard__boxs\"><div class=\"cardsPage__listCard__boxs__img\"><a href=\"https:\/\/www.suno.com.br\/noticias\/grupo-casas-bahia-bhia3-adianta-grupamento-acoes-cpf\/\"><img class=\"mask\" src=\"https:\/\/www.suno.com.br\/noticias\/wp-content\/themes\/suno\/resources\/images\/spotlight\/spotlight1img\/bg-mask.png\" alt=\"Image Mask\"\/><img src=\"https:\/\/files.sunoresearch.com.br\/n\/uploads\/2023\/04\/via-viia3-casas-bahia-cb-loja-foto-divulgacao-400x200.jpg\" alt=\"Casas Bahia (BHIA3) adianta grupamento de a\u00e7\u00f5es para 15 de dezembro; varejista teme sa\u00edda do Ibovespa\"\/><\/a><span class=\"spotlightCategory\"><a href=\"https:\/\/www.suno.com.br\/noticias\/negocios\/\">Neg\u00f3cios<\/a><\/span><\/div><div class=\"cardsPage__listCard__boxs__content\"><a href=\"https:\/\/www.suno.com.br\/noticias\/grupo-casas-bahia-bhia3-adianta-grupamento-acoes-cpf\/\"><h2 class=\"content__title\">Casas Bahia (BHIA3) adianta grupamento de a\u00e7\u00f5es para 15 de dezembro; varejista teme sa\u00edda do Ibovespa<\/h2><\/a><div class=\"newsContent__article__meta\"><div class=\"newsContent__article__meta__authorBox\"><a href=\"https:\/\/www.suno.com.br\/noticias\/author\/giovanni-porfiriosuno-com-br\/\" class=\"authorBox__avatar noMobi\"><img src=\"https:\/\/files.sunoresearch.com.br\/n\/uploads\/2024\/05\/DSCF4115-1-1-150x150.webp\" alt=\"Giovanni Porf\u00edrio Jacomino\"><\/a><div class=\"authorBox__name\"><span>por\n\t\t\t<a href=\"https:\/\/www.suno.com.br\/noticias\/author\/giovanni-porfiriosuno-com-br\/\"><span itemprop=\"author\">Giovanni Porf\u00edrio Jacomino<\/span><\/a><\/span><time datetime=\"2023-12-08T10:06:27-03:00\" itemprop=\"datePublished\">08\/12\/2023 10:06<\/time><\/div><\/div><\/div><\/div><\/div>","single_layout":"posts","amp_enabled":true,"_links":{"self":[{"href":"https:\/\/www.suno.com.br\/noticias\/wp-json\/wp\/v2\/posts\/497197"}],"collection":[{"href":"https:\/\/www.suno.com.br\/noticias\/wp-json\/wp\/v2\/posts"}],"about":[{"href":"https:\/\/www.suno.com.br\/noticias\/wp-json\/wp\/v2\/types\/post"}],"author":[{"embeddable":true,"href":"https:\/\/www.suno.com.br\/noticias\/wp-json\/wp\/v2\/users\/283"}],"replies":[{"embeddable":true,"href":"https:\/\/www.suno.com.br\/noticias\/wp-json\/wp\/v2\/comments?post=497197"}],"version-history":[{"count":3,"href":"https:\/\/www.suno.com.br\/noticias\/wp-json\/wp\/v2\/posts\/497197\/revisions"}],"predecessor-version":[{"id":497210,"href":"https:\/\/www.suno.com.br\/noticias\/wp-json\/wp\/v2\/posts\/497197\/revisions\/497210"}],"wp:featuredmedia":[{"embeddable":true,"href":"https:\/\/www.suno.com.br\/noticias\/wp-json\/wp\/v2\/media\/385865"}],"wp:attachment":[{"href":"https:\/\/www.suno.com.br\/noticias\/wp-json\/wp\/v2\/media?parent=497197"}],"wp:term":[{"taxonomy":"category","embeddable":true,"href":"https:\/\/www.suno.com.br\/noticias\/wp-json\/wp\/v2\/categories?post=497197"},{"taxonomy":"post_tag","embeddable":true,"href":"https:\/\/www.suno.com.br\/noticias\/wp-json\/wp\/v2\/tags?post=497197"},{"taxonomy":"suno_strategy","embeddable":true,"href":"https:\/\/www.suno.com.br\/noticias\/wp-json\/wp\/v2\/suno_strategy?post=497197"}],"curies":[{"name":"wp","href":"https:\/\/api.w.org\/{rel}","templated":true}]}}