{"id":49682,"date":"2020-01-14T18:41:25","date_gmt":"2020-01-14T20:41:25","guid":{"rendered":"https:\/\/www.suno.com.br\/noticias\/?p=49682"},"modified":"2020-01-14T21:29:43","modified_gmt":"2020-01-14T23:29:43","slug":"privatizacao-governo-projeto","status":"publish","type":"post","link":"https:\/\/www.suno.com.br\/noticias\/privatizacao-governo-projeto\/","title":{"rendered":"Privatiza\u00e7\u00e3o: Governo pretende obter R$ 150 bi com projeto"},"content":{"rendered":"<p>O Minist\u00e9rio da Economia anunciou, nesta ter\u00e7a-feira (14), que o governo pretende vender aproximadamente 300 ativos p\u00fablicos em 2020. A proje\u00e7\u00e3o inclui companhias controladas pelo governo, subsidi\u00e1rias, coligadas e participa\u00e7\u00f5es societ\u00e1rias. Desta forma, o governo pretende obter R$ 150 bilh\u00f5es com o projeto de <strong>privatiza\u00e7\u00e3o<\/strong>.<\/p>\t<div class=\"wrapper-featured-image\">\n\t\t<figure class=\"spotlightImg\">\n\n\t\t\t<picture>\n\t\t\t\t<source media=\"(max-width: 768px)\" srcset=\"https:\/\/files.sunoresearch.com.br\/n\/uploads\/2019\/07\/68f86aaa-eletrobras-400x200.webp\">\n\t\t\t\t<img loading=\"lazy\" decoding=\"async\" class=\"newsContent__article__imgCapa lazyloadDisabled newsContent__article__imgCapa--noCaption\" src=\"https:\/\/files.sunoresearch.com.br\/n\/uploads\/2019\/07\/68f86aaa-eletrobras-800x450.webp\" width=\"800\" height=\"450\" alt=\"Privatiza\u00e7\u00e3o: Governo pretende obter R$ 150 bi com projeto\" fetchpriority=high \/>\n\t\t\t<\/picture>\n\n\t\t\t<figcaption class=\"wp-caption-text wp-caption-text--hide\">Eletrobras <\/figcaption>\n\t\t<\/figure>\n\t<\/div>\n\n\n\n<p>O an\u00fancio foi realizado pelo secret\u00e1rio-especial de <strong>Desestatiza\u00e7\u00e3o<\/strong> e Desinvestimento, Salim Mattar. De acordo com o secret\u00e1rio, o Banco do Brasil, a Caixa Econ\u00f4mica Federal e a Petrobras n\u00e3o ser\u00e3o desestatizadas. Os Correios, que est\u00e3o na lista de privatiza\u00e7\u00f5<span style=\"font-size: 1.21429rem;\">es, devem ser vendidos no fim de 2021.<\/span><\/p>\n<p><iframe loading=\"lazy\" title=\"?Azul compra a\u00e9rea regional; B2W entra em e-commerce aliment\u00edcio; Sal\u00e1rio m\u00ednimo e privatiza\u00e7\u00f5es\" width=\"200\" height=\"113\" src=\"https:\/\/www.youtube.com\/embed\/l3obIHFuGQY?feature=oembed\" frameborder=\"0\" allow=\"accelerometer; autoplay; encrypted-media; gyroscope; picture-in-picture\" allowfullscreen><\/iframe><\/p>\n<p>&#8220;Em 2020, vamos ter uma meta ousada para atingir em termos de valor e de empresas&#8221;, afirmou Salim.<\/p>\n<p><a href=\"https:\/\/www.suno.com.br\/noticias\/azul-compra-aerea-twoflex\/\">Confira tamb\u00e9m: Azul acerta compra de a\u00e9rea regional TwoFlex por R$ 123 milh\u00f5es<\/a><\/p>\n<p>Ainda segundo o secret\u00e1rio-especial: &#8220;\u00c9 uma forma de acelerar esse processo de venda. A meta [para 2020] depende de o &#8216;fast track&#8217; passar. O &#8216;fast track&#8217; \u00e9 fundamental para atingirmos essa meta. Seria como se fosse um atalhozinho, \u00e9 um projeto de lei. J\u00e1 esta pronto. Esperando o Congresso abrir, e a melhor forma de conseguir apoio&#8221;.<\/p>\n<p>O projeto, segundo Mattar, colocaria as empresas a serem privatizadas diretamente no Programa Nacional de Desestatiza\u00e7\u00e3o (PND). O plano tamb\u00e9m reduziria o tempo de atua\u00e7\u00e3o de escrit\u00f3rios de advocacia e de bancos no processo de modelagem destas negocia\u00e7\u00f5es.<\/p>\n<h2>Venda de ativos da Eletrobras \u00e9 prioridade<\/h2>\n<p>A principal meta do governo para 2020 \u00e9 vender os ativos da Eletrobras, afirmou Mattar. Mais de 200 ativos, dos 300 na lista, correspondem \u00e0 estatal.<\/p>\n<p>&#8220;Para manter a sua participa\u00e7\u00e3o no mercado, a Eletrobras tem que investir R$ 14 bilh\u00f5es nos pr\u00f3ximos 4 anos. O governo federal n\u00e3o tem esse dinheiro&#8221;, disse Mattar.<\/p>\n<p>O governo possui atualmente 624 ativos, al\u00e9m das 46 empresas estatais, o n\u00famero inclui 151 subsidi\u00e1rias, 218 empresas coligadas e 209 participa\u00e7\u00f5es.<\/p>\n<h2>Processo de privatiza\u00e7\u00e3o arrecadou R$ 105,4 bi em 2019<\/h2>\n<p>Os c\u00e1lculos da \u00e1rea econ\u00f4mica mostraram que a desestatiza\u00e7\u00e3o federal arrecadou R$ 105,4 bilh\u00f5es no ano passado, ap\u00f3s a venda de 71 ativos p\u00fablicos.<\/p>\n<p>De acordo com Mattar, o governo ficou muito focado na reforma da Previd\u00eancia. &#8220;Aconteceu mais ou menos dentro de um padr\u00e3o que a gente esperava. Depois, a gente acelerou um pouco mais&#8221;, afirmou.<\/p>\n\t<p>\n\t\t<a href=\"https:\/\/lp2.suno.com.br\/pv\/eu-invisto-2026\/?utm_source=suno-noticias&#038;utm_medium=banner&#038;utm_campaign=_SNC4CCF8112_\" target=\"_blank\" data-element=\"shortcode-suno-banner\" title=\"Banner SUNO, clique e saiba mais\">\n\t\t\t<picture>\n\t\t\t\t<source media=\"(max-width: 500px)\" srcset=\"https:\/\/files.sunoresearch.com.br\/n\/uploads\/2025\/12\/Banner-Materias-01-Mbl_-400x300-1-png.webp\">\n\t\t\t\t<img class=\"newsContent__article__imgCapa newsContent__article__imgCapa--banner\"\n\t\t\t\t\tsrc=\"https:\/\/files.sunoresearch.com.br\/n\/uploads\/2025\/12\/Banner-Materias-01-Dkp_-1420x240-1-png.webp\"\n\t\t\t\t\tdata-promo-id=\"635514\"\t\t\t\t\t\t\t\t\t\twidth='1420' height='240'\t\t\t\t\talt=\"https:\/\/files.sunoresearch.com.br\/n\/uploads\/2025\/12\/Banner-Materias-01-Dkp_-1420x240-1-png.webp\"\n\t\t\t\t>\n\t\t\t<\/picture>\n\t\t<\/a>\n\t<\/p>\n\n\n<p>&#8220;Temos que fazer uma den\u00fancia ao TCU. Foi um mau investimento. Esse banco virou p\u00f3. Quem faz o processo tem de ser o Minist\u00e9rio P\u00fablico, ou a Corregedoria. Vamos levantar as informa\u00e7\u00f5es e passar para frente. Quem fez m\u00e1 aplica\u00e7\u00e3o de recursos p\u00fablicos, deveria responder por isso&#8221;, completou Mattar, defendendo a <strong>privatiza\u00e7\u00e3o<\/strong> no governo.<\/p>\n\n","protected":false},"excerpt":{"rendered":"<p>O Minist\u00e9rio da Economia anunciou, nesta ter\u00e7a-feira (14), que o governo pretende vender aproximadamente 300 ativos p\u00fablicos em 2020. A proje\u00e7\u00e3o inclui companhias controladas pelo governo, subsidi\u00e1rias, coligadas e participa\u00e7\u00f5es societ\u00e1rias. Desta forma, o governo pretende obter R$ 150 bilh\u00f5es com o projeto de privatiza\u00e7\u00e3o. Eletrobras O an\u00fancio foi realizado pelo secret\u00e1rio-especial de Desestatiza\u00e7\u00e3o e [&hellip;]<\/p>\n","protected":false},"author":23,"featured_media":29680,"comment_status":"closed","ping_status":"closed","sticky":false,"template":"","format":"standard","meta":[],"categories":[62],"tags":[455,909,945],"suno_strategy":[],"class_list":["post-49682","post","type-post","status-publish","format-standard","has-post-thumbnail","hentry","category-economia","tag-eletrobras-elet3-elet5-elet6","tag-ministerio-da-economia","tag-privatizacoes"],"yoast_head":"<!-- This site is optimized with the Yoast SEO plugin v24.4 - https:\/\/yoast.com\/wordpress\/plugins\/seo\/ -->\n<title>Privatiza\u00e7\u00e3o: Governo pretende obter R$ 150 bi com projeto<\/title>\n<meta name=\"description\" content=\"O Minist\u00e9rio da Economia vender\u00e1 300 ativos p\u00fablicos em 2020. Assim, obter\u00e1 R$ 150 bilh\u00f5es com o projeto de privatiza\u00e7\u00e3o. Clique para mais.\" \/>\n<meta name=\"robots\" content=\"index, follow, max-snippet:-1, max-image-preview:large, max-video-preview:-1\" \/>\n<link rel=\"canonical\" href=\"https:\/\/www.suno.com.br\/noticias\/privatizacao-governo-projeto\/\" \/>\n<meta property=\"og:locale\" content=\"pt_BR\" \/>\n<meta property=\"og:type\" content=\"article\" \/>\n<meta property=\"og:title\" content=\"Privatiza\u00e7\u00e3o: Governo pretende obter R$ 150 bi com projeto\" \/>\n<meta property=\"og:description\" content=\"O Minist\u00e9rio da Economia vender\u00e1 300 ativos p\u00fablicos em 2020. Assim, obter\u00e1 R$ 150 bilh\u00f5es com o projeto de privatiza\u00e7\u00e3o. Clique para mais.\" \/>\n<meta property=\"og:url\" content=\"https:\/\/www.suno.com.br\/noticias\/privatizacao-governo-projeto\/\" \/>\n<meta property=\"og:site_name\" content=\"Suno Not\u00edcias\" \/>\n<meta property=\"article:publisher\" content=\"https:\/\/facebook.com\/sunoresearch\" \/>\n<meta property=\"og:image\" content=\"https:\/\/files.sunoresearch.com.br\/n\/uploads\/2019\/07\/68f86aaa-eletrobras.jpeg\" \/>\n\t<meta property=\"og:image:width\" content=\"868\" \/>\n\t<meta property=\"og:image:height\" content=\"644\" \/>\n\t<meta property=\"og:image:type\" content=\"image\/jpeg\" \/>\n<meta name=\"author\" content=\"Rafael Lara\" \/>\n<meta name=\"twitter:card\" content=\"summary_large_image\" \/>\n<meta name=\"twitter:creator\" content=\"@sunoresearch\" \/>\n<meta name=\"twitter:site\" content=\"@sunoresearch\" \/>\n<meta name=\"twitter:label1\" content=\"Escrito por\" \/>\n\t<meta name=\"twitter:data1\" content=\"Rafael Lara\" \/>\n\t<meta name=\"twitter:label2\" content=\"Est. tempo de leitura\" \/>\n\t<meta name=\"twitter:data2\" content=\"2 minutos\" \/>\n<script type=\"application\/ld+json\" class=\"yoast-schema-graph\">{\"@context\":\"https:\/\/schema.org\",\"@graph\":[{\"@type\":\"NewsArticle\",\"@id\":\"https:\/\/www.suno.com.br\/noticias\/privatizacao-governo-projeto\/#article\",\"isPartOf\":{\"@id\":\"https:\/\/www.suno.com.br\/noticias\/privatizacao-governo-projeto\/\"},\"author\":{\"name\":\"Rafael Lara\",\"@id\":\"https:\/\/www.suno.com.br\/noticias\/#\/schema\/person\/098743caeed97b37f51315c9576c4078\"},\"headline\":\"Privatiza\u00e7\u00e3o: Governo pretende obter R$ 150 bi com projeto\",\"datePublished\":\"2020-01-14T20:41:25+00:00\",\"dateModified\":\"2020-01-14T23:29:43+00:00\",\"mainEntityOfPage\":{\"@id\":\"https:\/\/www.suno.com.br\/noticias\/privatizacao-governo-projeto\/\"},\"wordCount\":474,\"publisher\":{\"@id\":\"https:\/\/www.suno.com.br\/noticias\/#organization\"},\"image\":{\"@id\":\"https:\/\/www.suno.com.br\/noticias\/privatizacao-governo-projeto\/#primaryimage\"},\"thumbnailUrl\":\"https:\/\/files.sunoresearch.com.br\/n\/uploads\/2019\/07\/68f86aaa-eletrobras-jpeg.webp\",\"keywords\":[\"Eletrobras (ELET3\/ELET5\/ELET6)\",\"Minist\u00e9rio da Economia\",\"privatiza\u00e7\u00f5es\"],\"articleSection\":[\"Economia\"],\"inLanguage\":\"pt-BR\"},{\"@type\":\"WebPage\",\"@id\":\"https:\/\/www.suno.com.br\/noticias\/privatizacao-governo-projeto\/\",\"url\":\"https:\/\/www.suno.com.br\/noticias\/privatizacao-governo-projeto\/\",\"name\":\"Privatiza\u00e7\u00e3o: Governo pretende obter R$ 150 bi com projeto\",\"isPartOf\":{\"@id\":\"https:\/\/www.suno.com.br\/noticias\/#website\"},\"primaryImageOfPage\":{\"@id\":\"https:\/\/www.suno.com.br\/noticias\/privatizacao-governo-projeto\/#primaryimage\"},\"image\":{\"@id\":\"https:\/\/www.suno.com.br\/noticias\/privatizacao-governo-projeto\/#primaryimage\"},\"thumbnailUrl\":\"https:\/\/files.sunoresearch.com.br\/n\/uploads\/2019\/07\/68f86aaa-eletrobras-jpeg.webp\",\"datePublished\":\"2020-01-14T20:41:25+00:00\",\"dateModified\":\"2020-01-14T23:29:43+00:00\",\"description\":\"O Minist\u00e9rio da Economia vender\u00e1 300 ativos p\u00fablicos em 2020. Assim, obter\u00e1 R$ 150 bilh\u00f5es com o projeto de privatiza\u00e7\u00e3o. Clique para mais.\",\"breadcrumb\":{\"@id\":\"https:\/\/www.suno.com.br\/noticias\/privatizacao-governo-projeto\/#breadcrumb\"},\"inLanguage\":\"pt-BR\",\"potentialAction\":[{\"@type\":\"ReadAction\",\"target\":[\"https:\/\/www.suno.com.br\/noticias\/privatizacao-governo-projeto\/\"]}]},{\"@type\":\"ImageObject\",\"inLanguage\":\"pt-BR\",\"@id\":\"https:\/\/www.suno.com.br\/noticias\/privatizacao-governo-projeto\/#primaryimage\",\"url\":\"https:\/\/files.sunoresearch.com.br\/n\/uploads\/2019\/07\/68f86aaa-eletrobras-jpeg.webp\",\"contentUrl\":\"https:\/\/files.sunoresearch.com.br\/n\/uploads\/2019\/07\/68f86aaa-eletrobras-jpeg.webp\",\"width\":868,\"height\":644,\"caption\":\"Eletrobras\"},{\"@type\":\"BreadcrumbList\",\"@id\":\"https:\/\/www.suno.com.br\/noticias\/privatizacao-governo-projeto\/#breadcrumb\",\"itemListElement\":[{\"@type\":\"ListItem\",\"position\":1,\"name\":\"Not\u00edcias\",\"item\":\"https:\/\/www.suno.com.br\/noticias\/\"},{\"@type\":\"ListItem\",\"position\":2,\"name\":\"Economia\",\"item\":\"https:\/\/www.suno.com.br\/noticias\/economia\/\"},{\"@type\":\"ListItem\",\"position\":3,\"name\":\"Privatiza\u00e7\u00e3o: Governo pretende obter R$ 150 bi com projeto\"}]},{\"@type\":\"WebSite\",\"@id\":\"https:\/\/www.suno.com.br\/noticias\/#website\",\"url\":\"https:\/\/www.suno.com.br\/noticias\/\",\"name\":\"Suno Not\u00edcias\",\"description\":\"Seu portal de informa\u00e7\u00e3o sobre o mundo dos investimentos\",\"publisher\":{\"@id\":\"https:\/\/www.suno.com.br\/noticias\/#organization\"},\"potentialAction\":[{\"@type\":\"SearchAction\",\"target\":{\"@type\":\"EntryPoint\",\"urlTemplate\":\"https:\/\/www.suno.com.br\/noticias\/?s={search_term_string}\"},\"query-input\":{\"@type\":\"PropertyValueSpecification\",\"valueRequired\":true,\"valueName\":\"search_term_string\"}}],\"inLanguage\":\"pt-BR\"},{\"@type\":\"Organization\",\"@id\":\"https:\/\/www.suno.com.br\/noticias\/#organization\",\"name\":\"Suno Not\u00edcias\",\"url\":\"https:\/\/www.suno.com.br\/noticias\/\",\"logo\":{\"@type\":\"ImageObject\",\"inLanguage\":\"pt-BR\",\"@id\":\"https:\/\/www.suno.com.br\/noticias\/#\/schema\/logo\/image\/\",\"url\":\"https:\/\/files.sunoresearch.com.br\/n\/uploads\/2021\/09\/suno-logo.png\",\"contentUrl\":\"https:\/\/files.sunoresearch.com.br\/n\/uploads\/2021\/09\/suno-logo.png\",\"width\":180,\"height\":180,\"caption\":\"Suno Not\u00edcias\"},\"image\":{\"@id\":\"https:\/\/www.suno.com.br\/noticias\/#\/schema\/logo\/image\/\"},\"sameAs\":[\"https:\/\/facebook.com\/sunoresearch\",\"https:\/\/x.com\/sunoresearch\",\"https:\/\/www.instagram.com\/suno\",\"https:\/\/www.linkedin.com\/company\/suno-research\/\",\"https:\/\/www.youtube.com\/c\/sunoresearch\"]},{\"@type\":\"Person\",\"@id\":\"https:\/\/www.suno.com.br\/noticias\/#\/schema\/person\/098743caeed97b37f51315c9576c4078\",\"name\":\"Rafael Lara\",\"image\":{\"@type\":\"ImageObject\",\"inLanguage\":\"pt-BR\",\"@id\":\"https:\/\/www.suno.com.br\/noticias\/#\/schema\/person\/image\/\",\"url\":\"https:\/\/secure.gravatar.com\/avatar\/dfc254ab9bb2ea1895d98b9e9dae4bdd?s=96&r=g\",\"contentUrl\":\"https:\/\/secure.gravatar.com\/avatar\/dfc254ab9bb2ea1895d98b9e9dae4bdd?s=96&r=g\",\"caption\":\"Rafael Lara\"},\"description\":\"Rafael Lara cursa jornalismo na Faculdade C\u00e1sper L\u00edbero. Escreve sobre pol\u00edtica, economia e neg\u00f3cios para o portal Suno Not\u00edcias. Antes, colaborou na TV Gazeta na produ\u00e7\u00e3o do programa Edi\u00e7\u00e3o Extra.\",\"url\":\"https:\/\/www.suno.com.br\/noticias\/author\/rafael\/\"}]}<\/script>\n<!-- \/ Yoast SEO plugin. -->","yoast_head_json":{"title":"Privatiza\u00e7\u00e3o: Governo pretende obter R$ 150 bi com projeto","description":"O Minist\u00e9rio da Economia vender\u00e1 300 ativos p\u00fablicos em 2020. Assim, obter\u00e1 R$ 150 bilh\u00f5es com o projeto de privatiza\u00e7\u00e3o. Clique para mais.","robots":{"index":"index","follow":"follow","max-snippet":"max-snippet:-1","max-image-preview":"max-image-preview:large","max-video-preview":"max-video-preview:-1"},"canonical":"https:\/\/www.suno.com.br\/noticias\/privatizacao-governo-projeto\/","og_locale":"pt_BR","og_type":"article","og_title":"Privatiza\u00e7\u00e3o: Governo pretende obter R$ 150 bi com projeto","og_description":"O Minist\u00e9rio da Economia vender\u00e1 300 ativos p\u00fablicos em 2020. Assim, obter\u00e1 R$ 150 bilh\u00f5es com o projeto de privatiza\u00e7\u00e3o. Clique para mais.","og_url":"https:\/\/www.suno.com.br\/noticias\/privatizacao-governo-projeto\/","og_site_name":"Suno Not\u00edcias","article_publisher":"https:\/\/facebook.com\/sunoresearch","og_image":[{"width":868,"height":644,"url":"https:\/\/files.sunoresearch.com.br\/n\/uploads\/2019\/07\/68f86aaa-eletrobras.jpeg","type":"image\/jpeg"}],"author":"Rafael Lara","twitter_card":"summary_large_image","twitter_creator":"@sunoresearch","twitter_site":"@sunoresearch","twitter_misc":{"Escrito por":"Rafael Lara","Est. tempo de leitura":"2 minutos"},"schema":{"@context":"https:\/\/schema.org","@graph":[{"@type":"NewsArticle","@id":"https:\/\/www.suno.com.br\/noticias\/privatizacao-governo-projeto\/#article","isPartOf":{"@id":"https:\/\/www.suno.com.br\/noticias\/privatizacao-governo-projeto\/"},"author":{"name":"Rafael Lara","@id":"https:\/\/www.suno.com.br\/noticias\/#\/schema\/person\/098743caeed97b37f51315c9576c4078"},"headline":"Privatiza\u00e7\u00e3o: Governo pretende obter R$ 150 bi com projeto","datePublished":"2020-01-14T20:41:25+00:00","dateModified":"2020-01-14T23:29:43+00:00","mainEntityOfPage":{"@id":"https:\/\/www.suno.com.br\/noticias\/privatizacao-governo-projeto\/"},"wordCount":474,"publisher":{"@id":"https:\/\/www.suno.com.br\/noticias\/#organization"},"image":{"@id":"https:\/\/www.suno.com.br\/noticias\/privatizacao-governo-projeto\/#primaryimage"},"thumbnailUrl":"https:\/\/files.sunoresearch.com.br\/n\/uploads\/2019\/07\/68f86aaa-eletrobras-jpeg.webp","keywords":["Eletrobras (ELET3\/ELET5\/ELET6)","Minist\u00e9rio da Economia","privatiza\u00e7\u00f5es"],"articleSection":["Economia"],"inLanguage":"pt-BR"},{"@type":"WebPage","@id":"https:\/\/www.suno.com.br\/noticias\/privatizacao-governo-projeto\/","url":"https:\/\/www.suno.com.br\/noticias\/privatizacao-governo-projeto\/","name":"Privatiza\u00e7\u00e3o: Governo pretende obter R$ 150 bi com projeto","isPartOf":{"@id":"https:\/\/www.suno.com.br\/noticias\/#website"},"primaryImageOfPage":{"@id":"https:\/\/www.suno.com.br\/noticias\/privatizacao-governo-projeto\/#primaryimage"},"image":{"@id":"https:\/\/www.suno.com.br\/noticias\/privatizacao-governo-projeto\/#primaryimage"},"thumbnailUrl":"https:\/\/files.sunoresearch.com.br\/n\/uploads\/2019\/07\/68f86aaa-eletrobras-jpeg.webp","datePublished":"2020-01-14T20:41:25+00:00","dateModified":"2020-01-14T23:29:43+00:00","description":"O Minist\u00e9rio da Economia vender\u00e1 300 ativos p\u00fablicos em 2020. Assim, obter\u00e1 R$ 150 bilh\u00f5es com o projeto de privatiza\u00e7\u00e3o. Clique para mais.","breadcrumb":{"@id":"https:\/\/www.suno.com.br\/noticias\/privatizacao-governo-projeto\/#breadcrumb"},"inLanguage":"pt-BR","potentialAction":[{"@type":"ReadAction","target":["https:\/\/www.suno.com.br\/noticias\/privatizacao-governo-projeto\/"]}]},{"@type":"ImageObject","inLanguage":"pt-BR","@id":"https:\/\/www.suno.com.br\/noticias\/privatizacao-governo-projeto\/#primaryimage","url":"https:\/\/files.sunoresearch.com.br\/n\/uploads\/2019\/07\/68f86aaa-eletrobras-jpeg.webp","contentUrl":"https:\/\/files.sunoresearch.com.br\/n\/uploads\/2019\/07\/68f86aaa-eletrobras-jpeg.webp","width":868,"height":644,"caption":"Eletrobras"},{"@type":"BreadcrumbList","@id":"https:\/\/www.suno.com.br\/noticias\/privatizacao-governo-projeto\/#breadcrumb","itemListElement":[{"@type":"ListItem","position":1,"name":"Not\u00edcias","item":"https:\/\/www.suno.com.br\/noticias\/"},{"@type":"ListItem","position":2,"name":"Economia","item":"https:\/\/www.suno.com.br\/noticias\/economia\/"},{"@type":"ListItem","position":3,"name":"Privatiza\u00e7\u00e3o: Governo pretende obter R$ 150 bi com projeto"}]},{"@type":"WebSite","@id":"https:\/\/www.suno.com.br\/noticias\/#website","url":"https:\/\/www.suno.com.br\/noticias\/","name":"Suno Not\u00edcias","description":"Seu portal de informa\u00e7\u00e3o sobre o mundo dos investimentos","publisher":{"@id":"https:\/\/www.suno.com.br\/noticias\/#organization"},"potentialAction":[{"@type":"SearchAction","target":{"@type":"EntryPoint","urlTemplate":"https:\/\/www.suno.com.br\/noticias\/?s={search_term_string}"},"query-input":{"@type":"PropertyValueSpecification","valueRequired":true,"valueName":"search_term_string"}}],"inLanguage":"pt-BR"},{"@type":"Organization","@id":"https:\/\/www.suno.com.br\/noticias\/#organization","name":"Suno Not\u00edcias","url":"https:\/\/www.suno.com.br\/noticias\/","logo":{"@type":"ImageObject","inLanguage":"pt-BR","@id":"https:\/\/www.suno.com.br\/noticias\/#\/schema\/logo\/image\/","url":"https:\/\/files.sunoresearch.com.br\/n\/uploads\/2021\/09\/suno-logo.png","contentUrl":"https:\/\/files.sunoresearch.com.br\/n\/uploads\/2021\/09\/suno-logo.png","width":180,"height":180,"caption":"Suno Not\u00edcias"},"image":{"@id":"https:\/\/www.suno.com.br\/noticias\/#\/schema\/logo\/image\/"},"sameAs":["https:\/\/facebook.com\/sunoresearch","https:\/\/x.com\/sunoresearch","https:\/\/www.instagram.com\/suno","https:\/\/www.linkedin.com\/company\/suno-research\/","https:\/\/www.youtube.com\/c\/sunoresearch"]},{"@type":"Person","@id":"https:\/\/www.suno.com.br\/noticias\/#\/schema\/person\/098743caeed97b37f51315c9576c4078","name":"Rafael Lara","image":{"@type":"ImageObject","inLanguage":"pt-BR","@id":"https:\/\/www.suno.com.br\/noticias\/#\/schema\/person\/image\/","url":"https:\/\/secure.gravatar.com\/avatar\/dfc254ab9bb2ea1895d98b9e9dae4bdd?s=96&r=g","contentUrl":"https:\/\/secure.gravatar.com\/avatar\/dfc254ab9bb2ea1895d98b9e9dae4bdd?s=96&r=g","caption":"Rafael Lara"},"description":"Rafael Lara cursa jornalismo na Faculdade C\u00e1sper L\u00edbero. Escreve sobre pol\u00edtica, economia e neg\u00f3cios para o portal Suno Not\u00edcias. Antes, colaborou na TV Gazeta na produ\u00e7\u00e3o do programa Edi\u00e7\u00e3o Extra.","url":"https:\/\/www.suno.com.br\/noticias\/author\/rafael\/"}]}},"default_loop_html":"<div class=\"cardsPage__listCard__boxs\"><div class=\"cardsPage__listCard__boxs__img\"><a href=\"https:\/\/www.suno.com.br\/noticias\/privatizacao-governo-projeto\/\"><img class=\"mask\" src=\"https:\/\/www.suno.com.br\/noticias\/wp-content\/themes\/suno\/resources\/images\/spotlight\/spotlight1img\/bg-mask.png\" alt=\"Image Mask\"\/><img src=\"https:\/\/files.sunoresearch.com.br\/n\/uploads\/2019\/07\/68f86aaa-eletrobras-400x200.webp\" alt=\"Privatiza\u00e7\u00e3o: Governo pretende obter R$ 150 bi com projeto\"\/><\/a><span class=\"spotlightCategory\"><a href=\"https:\/\/www.suno.com.br\/noticias\/economia\/\">Economia<\/a><\/span><\/div><div class=\"cardsPage__listCard__boxs__content\"><a href=\"https:\/\/www.suno.com.br\/noticias\/privatizacao-governo-projeto\/\"><h2 class=\"content__title\">Privatiza\u00e7\u00e3o: Governo pretende obter R$ 150 bi com projeto<\/h2><\/a><div class=\"newsContent__article__meta\"><div class=\"newsContent__article__meta__authorBox\"><a href=\"https:\/\/www.suno.com.br\/noticias\/author\/rafael\/\" class=\"authorBox__avatar noMobi\"><img src=\"https:\/\/secure.gravatar.com\/avatar\/dfc254ab9bb2ea1895d98b9e9dae4bdd?s=96&#038;r=g\" alt=\"Rafael Lara\"><\/a><div class=\"authorBox__name\"><span>por\n\t\t\t<a href=\"https:\/\/www.suno.com.br\/noticias\/author\/rafael\/\"><span itemprop=\"author\">Rafael Lara<\/span><\/a><\/span><time datetime=\"2020-01-14T18:41:25-03:00\" itemprop=\"datePublished\">14\/01\/2020 18:41<\/time><\/div><\/div><\/div><\/div><\/div>","single_layout":"posts","amp_enabled":true,"_links":{"self":[{"href":"https:\/\/www.suno.com.br\/noticias\/wp-json\/wp\/v2\/posts\/49682"}],"collection":[{"href":"https:\/\/www.suno.com.br\/noticias\/wp-json\/wp\/v2\/posts"}],"about":[{"href":"https:\/\/www.suno.com.br\/noticias\/wp-json\/wp\/v2\/types\/post"}],"author":[{"embeddable":true,"href":"https:\/\/www.suno.com.br\/noticias\/wp-json\/wp\/v2\/users\/23"}],"replies":[{"embeddable":true,"href":"https:\/\/www.suno.com.br\/noticias\/wp-json\/wp\/v2\/comments?post=49682"}],"version-history":[{"count":0,"href":"https:\/\/www.suno.com.br\/noticias\/wp-json\/wp\/v2\/posts\/49682\/revisions"}],"wp:featuredmedia":[{"embeddable":true,"href":"https:\/\/www.suno.com.br\/noticias\/wp-json\/wp\/v2\/media\/29680"}],"wp:attachment":[{"href":"https:\/\/www.suno.com.br\/noticias\/wp-json\/wp\/v2\/media?parent=49682"}],"wp:term":[{"taxonomy":"category","embeddable":true,"href":"https:\/\/www.suno.com.br\/noticias\/wp-json\/wp\/v2\/categories?post=49682"},{"taxonomy":"post_tag","embeddable":true,"href":"https:\/\/www.suno.com.br\/noticias\/wp-json\/wp\/v2\/tags?post=49682"},{"taxonomy":"suno_strategy","embeddable":true,"href":"https:\/\/www.suno.com.br\/noticias\/wp-json\/wp\/v2\/suno_strategy?post=49682"}],"curies":[{"name":"wp","href":"https:\/\/api.w.org\/{rel}","templated":true}]}}