{"id":496733,"date":"2023-12-07T16:24:52","date_gmt":"2023-12-07T19:24:52","guid":{"rendered":"https:\/\/www.suno.com.br\/noticias\/?p=496733"},"modified":"2023-12-07T17:14:36","modified_gmt":"2023-12-07T20:14:36","slug":"petrobras-petr4-mais-esg-menos-dividendos-evm","status":"publish","type":"post","link":"https:\/\/www.suno.com.br\/noticias\/petrobras-petr4-mais-esg-menos-dividendos-evm\/","title":{"rendered":"Petrobras (PETR4): combate \u00e0 crise clim\u00e1tica com investimentos de baixo carbono impacta os dividendos?"},"content":{"rendered":"<p>Desde o in\u00edcio do ano, a <a class=\"suno-keyword\" data-force=\"yes\" data-priority=\"2\" href=\"https:\/\/www.suno.com.br\/acoes\/PETR4\/\" target=\"_blank\" rel=\"noopener\"><strong>Petrobras<\/strong> (PETR4)<\/a> passou a ocupar manchetes em fun\u00e7\u00e3o de investimentos mais sustent\u00e1veis e voltados para descarboniza\u00e7\u00e3o, tanto por sinaliza\u00e7\u00f5es diretas de executivos quanto por movimentos de aloca\u00e7\u00f5es de capital.<\/p><div class=\"videoFull \">\n\t\t\t<div class=\"videoWrapper yt-lazyload center\"\n\t\t\t\tdata-width=\"960\"\n\t\t\t\tdata-height=\"540\"\n\t\t\t\tdata-id=\"md5fMGZ_6S0\"\n\t\t\t\tdata-alt=\"V\u00eddeo do YouTube - clique para reproduzir\"\n\t\t\t\tdata-logo=\"3\"\n\t\t\t\tdata-imagequality=\"maxres\">\n\t\t\t<\/div>\n\t\t<\/div><script type=\"application\/ld+json\">{\"@context\":\"https:\/\/schema.org\",\"@type\":\"VideoObject\",\"name\":\"\ud83d\udd34PETROBRAS (PETR4) AFUNDA NA BOLSA | IBOVESPA CAI | PRIVATIZA\u00c7\u00c3O DA SABESP (SBSP3) \u00c9 VOTADA\",\"description\":\"#mercadofinanceiro #a\u00e7\u00f5es #investimentos #bolsadevalores #ibovespa #dinheiro #finan\u00e7as #pol\u00edtica #d\u00f3lar #livedas19h #petr4 #petrobras #vale3 #vale #a\u00e7\u00f5es #economia #dividendos #petroleo #taesa #taee11 #sabes #sbsp3 #privatiza\u00e7\u00e3o \ud83d\udd34SNME11, FII Multiestrat\u00e9gia para quem busca ir al\u00e9m do Dividend Yield: https:\/\/lp.suno.com.br\/asset\/emissao-snme11\/?utm_source=youtube.noticias&utm_medium=live&utm_campaign=SA.SNME11.ns.20231201&utm_content=livedas19h 00:00 In\u00edcio de v\u00eddeo 02:26 Fechamento de mercado 05:40 Entenda a queda de PETR4 09:12 Privatiza\u00e7\u00e3o da Sabesp ser\u00e1 votada\u2026\",\"duration\":\"PT24M52S\",\"embedUrl\":\"https:\/\/www.youtube.com\/embed\/md5fMGZ_6S0\",\"regionsAllowed\":\"en-US\",\"interactionStatistic\":{\"@type\":\"InteractionCounter\",\"interactionType\":{\"@type\":\"WatchAction\"},\"userInteractionCount\":6606},\"thumbnailUrl\":\"https:\/\/i.ytimg.com\/vi\/md5fMGZ_6S0\/default.jpg\",\"uploadDate\":\"2023-12-06T22:38:10Z\"}<\/script>\n\n\n\n\n\t<p>\n\t\t<a href=\"\" target=\"_blank\" data-element=\"shortcode-suno-banner\" title=\"Banner SUNO, clique e saiba mais\">\n\t\t\t<picture>\n\t\t\t\t<source media=\"(max-width: 500px)\" srcset=\"\">\n\t\t\t\t<img class=\"newsContent__article__imgCapa newsContent__article__imgCapa--banner\"\n\t\t\t\t\tsrc=\"\"\n\t\t\t\t\tdata-promo-id=\"254218\"\t\t\t\t\t\t\t\t\t\t\t\t\t\t\talt=\"\"\n\t\t\t\t>\n\t\t\t<\/picture>\n\t\t<\/a>\n\t<\/p>\n\n\n\n\n\n\n\n<p>As \u00faltimas novidades sobre o tema <strong>descarboniza\u00e7\u00e3o<\/strong> incluem um aumento de cerca de 160% no or\u00e7amento direcionado pela Petrobras para investimentos de baixo carbono, conforme o <strong>plano estrat\u00e9gico<\/strong> mais recente da companhia.<\/p>\n\n\n\n<p>Al\u00e9m disso, na toada da COP28, a petroleira estatal assinou juntamente com outras gigantes globais do setor um acordo para <strong>reduzir as emiss\u00f5es<\/strong> <strong>de carbono<\/strong> das suas pr\u00f3prias opera\u00e7\u00f5es.<\/p>\n\n\n\n<p>O pr\u00f3prio <strong>presidente da Petrobras<\/strong>, Jean Paul Prates, defendeu substitui\u00e7\u00e3o gradual dos combust\u00edveis e fontes de energia f\u00f3sseis rumo \u00e0 descarboniza\u00e7\u00e3o.<\/p>\n\n\n\n<p>\u201cTemos a obriga\u00e7\u00e3o de nos reunir sobre essa bandeira, para melhorar o planeta passo a passo, sem solu\u00e7\u00f5es m\u00e1gicas, com base na necessidade do mundo real e das pessoas reais. Precisamos nos preocupar com as pessoas, porque a transi\u00e7\u00e3o energ\u00e9tica s\u00f3 ser\u00e1 v\u00e1lida se for justa&#8221;, declarou o CEO da estatal em Dubai, durante a COP28.<\/p>\n\n\n\n<p>O que causa d\u00favidas no mercado \u00e9 o futuro da rentabilidade da companhia. Isso porque mais recursos direcionados a investimentos em projetos de baixo carbono podem significar menos lucro, e consequentemente menos <strong>dividendos da Petrobras<\/strong>.<\/p>\n\n\n\n\t<div data-element=\"shortcode-read-more\" class=\"readToo\">\n\t\t\t\t<span class=\"readToo__title\">Leia mais<\/span>\n\t\t\t\t<ul class=\"readToo__list\">\n\t\t\t<li><a href=\"https:\/\/www.suno.com.br\/noticias\/petrobras-petr4-corta-preco-diesel-distribuidoras-cpf\/\">Petrobras (PETR4) corta pre\u00e7o do diesel a R$ 3,78 para distribuidoras<\/a><\/li><li><a href=\"https:\/\/www.suno.com.br\/noticias\/sabesp-sbsp3-privatizacao-gpj-2\/\">Sabesp (SBSP3): o que acontece agora ap\u00f3s aprova\u00e7\u00e3o do projeto de privatiza\u00e7\u00e3o?<\/a><\/li><li><a href=\"https:\/\/www.suno.com.br\/noticias\/oito-a-cada-dez-brasileiros-endividados-pesquisa-evm\/\">Oito a cada dez brasileiros est\u00e3o endividados, mostra pesquisa<\/a><\/li><li><a href=\"https:\/\/www.suno.com.br\/noticias\/prio-prio3-empresa-feita-vencer-xp-evm\/\">Prio (PRIO3) \u00e9 &#8216;empresa feita para vencer&#8217;, diz XP; analistas veem valoriza\u00e7\u00e3o de 33%<\/a><\/li>\t\t<\/ul>\n\t<\/div>\n\n\n\n\n<p>Atualmente a produ\u00e7\u00e3o de petr\u00f3leo \u00e9 extremamente rent\u00e1vel para a companhia &#8211; como exemplo, o petr\u00f3leo produzido no pr\u00e9-sal custa cerca de US$ 5 por barril para a <strong>PETR4<\/strong>.<\/p>\n\n\n\n<p>Frederico Nobre, l\u00edder da \u00e1rea de analise de a\u00e7\u00f5es da Warren&nbsp;Investimentos, aponta que &#8220;as empresas est\u00e3o seguindo esse mantra&#8221; de redu\u00e7\u00e3o de emiss\u00f5es, mas o mercado segue atento \u00e0 rentabilidade.<\/p>\n\n\n\n<p>O especialista relata, inclusive, que muito recentemente a casa zerou a posi\u00e7\u00e3o em <strong>a\u00e7\u00f5es da Petrobras<\/strong>.<\/p>\n\n\n\n<p>&#8220;Todas as grandes petroleiras, as global majors, incluindo Shell e Chevron, est\u00e3o direcionando mais investimentos para<strong> iniciativa ESG<\/strong>. N\u00e3o \u00e0 toa, o Capex para explora\u00e7\u00e3o e produ\u00e7\u00e3o de petr\u00f3leo est\u00e1 nas m\u00ednimas dos \u00faltimos anos&#8221;, explica.<\/p>\n\n\n\n<p>&#8220;Isso tem impacto na rentabilidade, porque quando se olha para essa iniciativa tem-se um retorno mais baixo do que explora\u00e7\u00e3o e <strong>produ\u00e7\u00e3o de petr\u00f3leo<\/strong>. Existe muita novidade no que tange \u00e0 tecnologia e ainda pouca previsibilidade. N\u00e3o sabemos a <a class=\"suno-keyword\" data-force=\"no\" data-priority=\"1\" href=\"https:\/\/www.suno.com.br\/artigos\/taxa-de-retorno\/\" target=\"_blank\" rel=\"noopener\">taxa de retorno<\/a> exata, mas com certeza ela \u00e9 menor do que explora\u00e7\u00e3o e produ\u00e7\u00e3o de petr\u00f3leo&#8221;, completa.<\/p>\n\n\n\n<p>Analistas da XP, da mesma forma, destacam que a <strong>nova din\u00e2mica de aloca\u00e7\u00e3o de capital da Petrobras<\/strong> &#8211; que vai al\u00e9m do aumento de investimentos em iniciativas de descarboniza\u00e7\u00e3o &#8211; deve impactar os proventos da companhia.<\/p>\n\n\n\n<p>Segundo Andr\u00e9 Vidal, Head de \u00d3leo, G\u00e1s e Petroqu\u00edmicos da research da XP, e Helena Kelm, Analista da casa de \u00d3leo, G\u00e1s e Petroqu\u00edmicos, &#8220;os <a class=\"suno-keyword\" target=\"_blank\" data-force=\"no\" data-priority=\"1\" href=\"https:\/\/www.suno.com.br\/guias\/dividendos\/\" rel=\"noopener\">dividendos<\/a> n\u00e3o s\u00e3o mais como costumavam ser&#8221;.<\/p>\n\n\n\n<p>&#8220;Considerando suas premissas macroecon\u00f4micas, com pre\u00e7os do Brent superiores ao SP anterior, a empresa espera que os pagamentos de <a class=\"suno-keyword\" data-force=\"no\" data-priority=\"1\" href=\"https:\/\/www.suno.com.br\/guias\/dividendos\/\" target=\"_blank\" rel=\"noopener\">dividendos<\/a> nos pr\u00f3ximos anos totalizem US$ 40-45 bilh\u00f5es (em compara\u00e7\u00e3o com US$ 65-70 bilh\u00f5es do SP anterior), o que pode incluir <a class=\"suno-keyword\" data-force=\"no\" data-priority=\"1\" href=\"https:\/\/www.suno.com.br\/artigos\/recompra-de-acoes\/\" target=\"_blank\" rel=\"noopener\">recompra de a\u00e7\u00f5es<\/a>, com potencial para mais US$ 5-10 bilh\u00f5es de dividendos extraordin\u00e1rios&#8221;, dizem os especialistas.<\/p>\n\n\n\n<p>&#8220;Os valores implicam em um dividend yield de aproximadamente 8%-9% em rela\u00e7\u00e3o ao market cap atual e 9%-11% incluindo <a class=\"suno-keyword\" target=\"_blank\" data-force=\"no\" data-priority=\"1\" href=\"https:\/\/www.suno.com.br\/guias\/dividendos\/\" rel=\"noopener\">dividendos<\/a> extraordin\u00e1rios, em compara\u00e7\u00e3o com 13%-14% no m\u00ednimo e 15%-17% incluindo dividendos extraordin\u00e1rios do plano anterior&#8221;, completam.<\/p>\n\n\n\t<p>\n\t\t<a href=\"https:\/\/lp.suno.com.br\/ebook-como-analisar-uma-acao\/\" target=\"_blank\" data-element=\"shortcode-suno-banner\" title=\"Banner SUNO, clique e saiba mais\">\n\t\t\t<picture>\n\t\t\t\t<source media=\"(max-width: 500px)\" srcset=\"https:\/\/files.sunoresearch.com.br\/n\/uploads\/2023\/03\/Ebook-Acoes-Mobile.jpg\">\n\t\t\t\t<img class=\"newsContent__article__imgCapa newsContent__article__imgCapa--banner\"\n\t\t\t\t\tsrc=\"https:\/\/files.sunoresearch.com.br\/n\/uploads\/2023\/03\/Ebook-Acoes-Desktop.jpg\"\n\t\t\t\t\tdata-promo-id=\"378302\"\t\t\t\t\t\t\t\t\t\twidth='1420' height='286'\t\t\t\t\talt=\"https:\/\/files.sunoresearch.com.br\/n\/uploads\/2023\/03\/Ebook-Acoes-Desktop.jpg\"\n\t\t\t\t>\n\t\t\t<\/picture>\n\t\t<\/a>\n\t<\/p>\n\n\n\n\n\n<h2 class=\"wp-block-heading\">Petrobras \u00e9 &#8216;mais sustent\u00e1vel&#8217; do que petroleiras globais<\/h2>\n\n\n\n<p>Nobre, da Warren, observa que apesar dessas mudan\u00e7as, a companhia deve ainda manter um investimento relevante em <strong>produ\u00e7\u00e3o de petr\u00f3leo<\/strong>.<\/p>\n\n\n\n<p>&#8220;A Petrobras, diferentemente mente das global majors, ainda ir\u00e1 incrementar mais sua produ\u00e7\u00e3o e explora\u00e7\u00e3o de petr\u00f3leo nos pr\u00f3ximos anos, j\u00e1 que temos uma alavanca muito grande no pr\u00e9-sal, e a margem equatorial que ela come\u00e7ar\u00e1 a explorar&#8221;.<\/p>\n\n\n\n<p>Al\u00e9m disso, observa que a Petrobras \u00e9 uma petroleira &#8216;mais sustent\u00e1vel&#8217; do que seus pares globais, dado que o petr\u00f3leo brasileiro emite menos CO2 por barril do que a m\u00e9dia global. <\/p>\n\n\n\n<p>&#8220;Isso por si s\u00f3 j\u00e1 torna o petr\u00f3leo brasileiro mais sustent\u00e1vel, de uma certa forma&#8221;, conclui.<\/p>\n\n\n\n<h2 class=\"wp-block-heading\">Desempenho de PETR4<\/h2>\n\n\n\n<p>Conforme dados do Status Invest, as a\u00e7\u00f5es da Petrobras acumulam alta de cerca de 46% em 2023. O dividend yield (DY) da companhia \u00e9 de 21%, com R$ 7,25 pagos por a\u00e7\u00e3o preferencial nos \u00faltimos 12 meses.<\/p>\n\n\n\t<p>\n\t\t<a href=\"https:\/\/lp.suno.com.br\/plataforma-de-controle-de-investimentos\/\" target=\"_blank\" data-element=\"shortcode-suno-banner\" title=\"Banner SUNO, clique e saiba mais\">\n\t\t\t<picture>\n\t\t\t\t<source media=\"(max-width: 500px)\" srcset=\"https:\/\/files.sunoresearch.com.br\/n\/uploads\/2023\/03\/400x300-Controle-de-Investimentos.png\">\n\t\t\t\t<img class=\"newsContent__article__imgCapa newsContent__article__imgCapa--banner\"\n\t\t\t\t\tsrc=\"https:\/\/files.sunoresearch.com.br\/n\/uploads\/2023\/03\/1420x240-Controle-de-Investimentos.png\"\n\t\t\t\t\tdata-promo-id=\"383162\"\t\t\t\t\t\t\t\t\t\twidth='1420' height='240'\t\t\t\t\talt=\"https:\/\/files.sunoresearch.com.br\/n\/uploads\/2023\/03\/1420x240-Controle-de-Investimentos.png\"\n\t\t\t\t>\n\t\t\t<\/picture>\n\t\t<\/a>\n\t<\/p>\n\n\n","protected":false},"excerpt":{"rendered":"<p>Desde o in\u00edcio do ano, a Petrobras (PETR4) passou a ocupar manchetes em fun\u00e7\u00e3o de investimentos mais sustent\u00e1veis e voltados para descarboniza\u00e7\u00e3o, tanto por sinaliza\u00e7\u00f5es diretas de executivos quanto por movimentos de aloca\u00e7\u00f5es de capital. As \u00faltimas novidades sobre o tema descarboniza\u00e7\u00e3o incluem um aumento de cerca de 160% no or\u00e7amento direcionado pela Petrobras para [&hellip;]<\/p>\n","protected":false},"author":73,"featured_media":380034,"comment_status":"closed","ping_status":"closed","sticky":false,"template":"","format":"standard","meta":[],"categories":[64],"tags":[],"suno_strategy":[],"class_list":["post-496733","post","type-post","status-publish","format-standard","has-post-thumbnail","hentry","category-negocios"],"yoast_head":"<!-- This site is optimized with the Yoast SEO plugin v24.4 - https:\/\/yoast.com\/wordpress\/plugins\/seo\/ -->\n<title>Petrobras (PETR4): Combate \u00e0 crise clim\u00e1tica significa menos dividendos?<\/title>\n<meta name=\"description\" content=\"Com revis\u00f5es na aloca\u00e7\u00e3o de capital e de sinaliza\u00e7\u00f5es da gest\u00e3o, Petrobras tem direcionado mais investimentos para projetos de baixo carbono\" \/>\n<meta name=\"robots\" content=\"index, follow, max-snippet:-1, max-image-preview:large, max-video-preview:-1\" \/>\n<link rel=\"canonical\" href=\"https:\/\/www.suno.com.br\/noticias\/petrobras-petr4-mais-esg-menos-dividendos-evm\/\" \/>\n<meta property=\"og:locale\" content=\"pt_BR\" \/>\n<meta property=\"og:type\" content=\"article\" \/>\n<meta property=\"og:title\" content=\"Petrobras (PETR4): Combate \u00e0 crise clim\u00e1tica significa menos dividendos?\" \/>\n<meta property=\"og:description\" content=\"Com revis\u00f5es na aloca\u00e7\u00e3o de capital e de sinaliza\u00e7\u00f5es da gest\u00e3o, Petrobras tem direcionado mais investimentos para projetos de baixo carbono\" \/>\n<meta property=\"og:url\" content=\"https:\/\/www.suno.com.br\/noticias\/petrobras-petr4-mais-esg-menos-dividendos-evm\/\" \/>\n<meta property=\"og:site_name\" content=\"Suno Not\u00edcias\" \/>\n<meta property=\"article:publisher\" content=\"https:\/\/facebook.com\/sunoresearch\" \/>\n<meta property=\"og:image\" content=\"https:\/\/files.sunoresearch.com.br\/n\/uploads\/2023\/03\/jean_paul_prates-petrobras-petr4-fgv.jpg\" \/>\n\t<meta property=\"og:image:width\" content=\"1200\" \/>\n\t<meta property=\"og:image:height\" content=\"800\" \/>\n\t<meta property=\"og:image:type\" content=\"image\/jpeg\" \/>\n<meta name=\"author\" content=\"Eduardo Vargas\" \/>\n<meta name=\"twitter:card\" content=\"summary_large_image\" \/>\n<meta name=\"twitter:creator\" content=\"@sunoresearch\" \/>\n<meta name=\"twitter:site\" content=\"@sunoresearch\" \/>\n<meta name=\"twitter:label1\" content=\"Escrito por\" \/>\n\t<meta name=\"twitter:data1\" content=\"Eduardo Vargas\" \/>\n\t<meta name=\"twitter:label2\" content=\"Est. tempo de leitura\" \/>\n\t<meta name=\"twitter:data2\" content=\"4 minutos\" \/>\n<script type=\"application\/ld+json\" class=\"yoast-schema-graph\">{\"@context\":\"https:\/\/schema.org\",\"@graph\":[{\"@type\":\"NewsArticle\",\"@id\":\"https:\/\/www.suno.com.br\/noticias\/petrobras-petr4-mais-esg-menos-dividendos-evm\/#article\",\"isPartOf\":{\"@id\":\"https:\/\/www.suno.com.br\/noticias\/petrobras-petr4-mais-esg-menos-dividendos-evm\/\"},\"author\":{\"name\":\"Eduardo Vargas\",\"@id\":\"https:\/\/www.suno.com.br\/noticias\/#\/schema\/person\/7f4d362bf3518e76090143ae77bb49a5\"},\"headline\":\"Petrobras (PETR4): combate \u00e0 crise clim\u00e1tica com investimentos de baixo carbono impacta os dividendos?\",\"datePublished\":\"2023-12-07T19:24:52+00:00\",\"dateModified\":\"2023-12-07T20:14:36+00:00\",\"mainEntityOfPage\":{\"@id\":\"https:\/\/www.suno.com.br\/noticias\/petrobras-petr4-mais-esg-menos-dividendos-evm\/\"},\"wordCount\":789,\"publisher\":{\"@id\":\"https:\/\/www.suno.com.br\/noticias\/#organization\"},\"image\":{\"@id\":\"https:\/\/www.suno.com.br\/noticias\/petrobras-petr4-mais-esg-menos-dividendos-evm\/#primaryimage\"},\"thumbnailUrl\":\"https:\/\/files.sunoresearch.com.br\/n\/uploads\/2023\/03\/jean_paul_prates-petrobras-petr4-fgv.jpg\",\"articleSection\":[\"Neg\u00f3cios\"],\"inLanguage\":\"pt-BR\"},{\"@type\":\"WebPage\",\"@id\":\"https:\/\/www.suno.com.br\/noticias\/petrobras-petr4-mais-esg-menos-dividendos-evm\/\",\"url\":\"https:\/\/www.suno.com.br\/noticias\/petrobras-petr4-mais-esg-menos-dividendos-evm\/\",\"name\":\"Petrobras (PETR4): Combate \u00e0 crise clim\u00e1tica significa menos dividendos?\",\"isPartOf\":{\"@id\":\"https:\/\/www.suno.com.br\/noticias\/#website\"},\"primaryImageOfPage\":{\"@id\":\"https:\/\/www.suno.com.br\/noticias\/petrobras-petr4-mais-esg-menos-dividendos-evm\/#primaryimage\"},\"image\":{\"@id\":\"https:\/\/www.suno.com.br\/noticias\/petrobras-petr4-mais-esg-menos-dividendos-evm\/#primaryimage\"},\"thumbnailUrl\":\"https:\/\/files.sunoresearch.com.br\/n\/uploads\/2023\/03\/jean_paul_prates-petrobras-petr4-fgv.jpg\",\"datePublished\":\"2023-12-07T19:24:52+00:00\",\"dateModified\":\"2023-12-07T20:14:36+00:00\",\"description\":\"Com revis\u00f5es na aloca\u00e7\u00e3o de capital e de sinaliza\u00e7\u00f5es da gest\u00e3o, Petrobras tem direcionado mais investimentos para projetos de baixo carbono\",\"breadcrumb\":{\"@id\":\"https:\/\/www.suno.com.br\/noticias\/petrobras-petr4-mais-esg-menos-dividendos-evm\/#breadcrumb\"},\"inLanguage\":\"pt-BR\",\"potentialAction\":[{\"@type\":\"ReadAction\",\"target\":[\"https:\/\/www.suno.com.br\/noticias\/petrobras-petr4-mais-esg-menos-dividendos-evm\/\"]}]},{\"@type\":\"ImageObject\",\"inLanguage\":\"pt-BR\",\"@id\":\"https:\/\/www.suno.com.br\/noticias\/petrobras-petr4-mais-esg-menos-dividendos-evm\/#primaryimage\",\"url\":\"https:\/\/files.sunoresearch.com.br\/n\/uploads\/2023\/03\/jean_paul_prates-petrobras-petr4-fgv.jpg\",\"contentUrl\":\"https:\/\/files.sunoresearch.com.br\/n\/uploads\/2023\/03\/jean_paul_prates-petrobras-petr4-fgv.jpg\",\"width\":1200,\"height\":800,\"caption\":\"Presidente da Petrobras (PETR4), Jean Paul Prates. Foto: Divulga\u00e7\u00e3o\/Petrobras\"},{\"@type\":\"BreadcrumbList\",\"@id\":\"https:\/\/www.suno.com.br\/noticias\/petrobras-petr4-mais-esg-menos-dividendos-evm\/#breadcrumb\",\"itemListElement\":[{\"@type\":\"ListItem\",\"position\":1,\"name\":\"Not\u00edcias\",\"item\":\"https:\/\/www.suno.com.br\/noticias\/\"},{\"@type\":\"ListItem\",\"position\":2,\"name\":\"Neg\u00f3cios\",\"item\":\"https:\/\/www.suno.com.br\/noticias\/negocios\/\"},{\"@type\":\"ListItem\",\"position\":3,\"name\":\"Petrobras (PETR4): combate \u00e0 crise clim\u00e1tica com investimentos de baixo carbono impacta os dividendos?\"}]},{\"@type\":\"WebSite\",\"@id\":\"https:\/\/www.suno.com.br\/noticias\/#website\",\"url\":\"https:\/\/www.suno.com.br\/noticias\/\",\"name\":\"Suno Not\u00edcias\",\"description\":\"Seu portal de informa\u00e7\u00e3o sobre o mundo dos investimentos\",\"publisher\":{\"@id\":\"https:\/\/www.suno.com.br\/noticias\/#organization\"},\"potentialAction\":[{\"@type\":\"SearchAction\",\"target\":{\"@type\":\"EntryPoint\",\"urlTemplate\":\"https:\/\/www.suno.com.br\/noticias\/?s={search_term_string}\"},\"query-input\":{\"@type\":\"PropertyValueSpecification\",\"valueRequired\":true,\"valueName\":\"search_term_string\"}}],\"inLanguage\":\"pt-BR\"},{\"@type\":\"Organization\",\"@id\":\"https:\/\/www.suno.com.br\/noticias\/#organization\",\"name\":\"Suno Not\u00edcias\",\"url\":\"https:\/\/www.suno.com.br\/noticias\/\",\"logo\":{\"@type\":\"ImageObject\",\"inLanguage\":\"pt-BR\",\"@id\":\"https:\/\/www.suno.com.br\/noticias\/#\/schema\/logo\/image\/\",\"url\":\"https:\/\/files.sunoresearch.com.br\/n\/uploads\/2021\/09\/suno-logo.png\",\"contentUrl\":\"https:\/\/files.sunoresearch.com.br\/n\/uploads\/2021\/09\/suno-logo.png\",\"width\":180,\"height\":180,\"caption\":\"Suno Not\u00edcias\"},\"image\":{\"@id\":\"https:\/\/www.suno.com.br\/noticias\/#\/schema\/logo\/image\/\"},\"sameAs\":[\"https:\/\/facebook.com\/sunoresearch\",\"https:\/\/x.com\/sunoresearch\",\"https:\/\/www.instagram.com\/suno\",\"https:\/\/www.linkedin.com\/company\/suno-research\/\",\"https:\/\/www.youtube.com\/c\/sunoresearch\"]},{\"@type\":\"Person\",\"@id\":\"https:\/\/www.suno.com.br\/noticias\/#\/schema\/person\/7f4d362bf3518e76090143ae77bb49a5\",\"name\":\"Eduardo Vargas\",\"image\":{\"@type\":\"ImageObject\",\"inLanguage\":\"pt-BR\",\"@id\":\"https:\/\/www.suno.com.br\/noticias\/#\/schema\/person\/image\/\",\"url\":\"https:\/\/secure.gravatar.com\/avatar\/dac340933427a22924c9f99d1eb2e3f2?s=96&r=g\",\"contentUrl\":\"https:\/\/secure.gravatar.com\/avatar\/dac340933427a22924c9f99d1eb2e3f2?s=96&r=g\",\"caption\":\"Eduardo Vargas\"},\"description\":\"Jornalista formado pela UFSC, cobre macroeconomia, neg\u00f3cios e startups para o Suno Not\u00edcias, escrevendo principalmente not\u00edcias sobre o mercado financeiro e a bolsa de valores. No YouTube e no Instagram, \u00e9 respons\u00e1vel pela produ\u00e7\u00e3o de Reels e Shorts do Suno Not\u00edcias. Anteriormente, trabalhou cobrindo economia e cotidiano no ND+ e para o ND, maior jornal impresso de Santa Catarina. Cursou um semestre letivo de Estudos de M\u00eddia na Universidad de Buenos Aires.\",\"url\":\"https:\/\/www.suno.com.br\/noticias\/author\/eduardo-vargas\/\"}]}<\/script>\n<!-- \/ Yoast SEO plugin. -->","yoast_head_json":{"title":"Petrobras (PETR4): Combate \u00e0 crise clim\u00e1tica significa menos dividendos?","description":"Com revis\u00f5es na aloca\u00e7\u00e3o de capital e de sinaliza\u00e7\u00f5es da gest\u00e3o, Petrobras tem direcionado mais investimentos para projetos de baixo carbono","robots":{"index":"index","follow":"follow","max-snippet":"max-snippet:-1","max-image-preview":"max-image-preview:large","max-video-preview":"max-video-preview:-1"},"canonical":"https:\/\/www.suno.com.br\/noticias\/petrobras-petr4-mais-esg-menos-dividendos-evm\/","og_locale":"pt_BR","og_type":"article","og_title":"Petrobras (PETR4): Combate \u00e0 crise clim\u00e1tica significa menos dividendos?","og_description":"Com revis\u00f5es na aloca\u00e7\u00e3o de capital e de sinaliza\u00e7\u00f5es da gest\u00e3o, Petrobras tem direcionado mais investimentos para projetos de baixo carbono","og_url":"https:\/\/www.suno.com.br\/noticias\/petrobras-petr4-mais-esg-menos-dividendos-evm\/","og_site_name":"Suno Not\u00edcias","article_publisher":"https:\/\/facebook.com\/sunoresearch","og_image":[{"width":1200,"height":800,"url":"https:\/\/files.sunoresearch.com.br\/n\/uploads\/2023\/03\/jean_paul_prates-petrobras-petr4-fgv.jpg","type":"image\/jpeg"}],"author":"Eduardo Vargas","twitter_card":"summary_large_image","twitter_creator":"@sunoresearch","twitter_site":"@sunoresearch","twitter_misc":{"Escrito por":"Eduardo Vargas","Est. tempo de leitura":"4 minutos"},"schema":{"@context":"https:\/\/schema.org","@graph":[{"@type":"NewsArticle","@id":"https:\/\/www.suno.com.br\/noticias\/petrobras-petr4-mais-esg-menos-dividendos-evm\/#article","isPartOf":{"@id":"https:\/\/www.suno.com.br\/noticias\/petrobras-petr4-mais-esg-menos-dividendos-evm\/"},"author":{"name":"Eduardo Vargas","@id":"https:\/\/www.suno.com.br\/noticias\/#\/schema\/person\/7f4d362bf3518e76090143ae77bb49a5"},"headline":"Petrobras (PETR4): combate \u00e0 crise clim\u00e1tica com investimentos de baixo carbono impacta os dividendos?","datePublished":"2023-12-07T19:24:52+00:00","dateModified":"2023-12-07T20:14:36+00:00","mainEntityOfPage":{"@id":"https:\/\/www.suno.com.br\/noticias\/petrobras-petr4-mais-esg-menos-dividendos-evm\/"},"wordCount":789,"publisher":{"@id":"https:\/\/www.suno.com.br\/noticias\/#organization"},"image":{"@id":"https:\/\/www.suno.com.br\/noticias\/petrobras-petr4-mais-esg-menos-dividendos-evm\/#primaryimage"},"thumbnailUrl":"https:\/\/files.sunoresearch.com.br\/n\/uploads\/2023\/03\/jean_paul_prates-petrobras-petr4-fgv.jpg","articleSection":["Neg\u00f3cios"],"inLanguage":"pt-BR"},{"@type":"WebPage","@id":"https:\/\/www.suno.com.br\/noticias\/petrobras-petr4-mais-esg-menos-dividendos-evm\/","url":"https:\/\/www.suno.com.br\/noticias\/petrobras-petr4-mais-esg-menos-dividendos-evm\/","name":"Petrobras (PETR4): Combate \u00e0 crise clim\u00e1tica significa menos dividendos?","isPartOf":{"@id":"https:\/\/www.suno.com.br\/noticias\/#website"},"primaryImageOfPage":{"@id":"https:\/\/www.suno.com.br\/noticias\/petrobras-petr4-mais-esg-menos-dividendos-evm\/#primaryimage"},"image":{"@id":"https:\/\/www.suno.com.br\/noticias\/petrobras-petr4-mais-esg-menos-dividendos-evm\/#primaryimage"},"thumbnailUrl":"https:\/\/files.sunoresearch.com.br\/n\/uploads\/2023\/03\/jean_paul_prates-petrobras-petr4-fgv.jpg","datePublished":"2023-12-07T19:24:52+00:00","dateModified":"2023-12-07T20:14:36+00:00","description":"Com revis\u00f5es na aloca\u00e7\u00e3o de capital e de sinaliza\u00e7\u00f5es da gest\u00e3o, Petrobras tem direcionado mais investimentos para projetos de baixo carbono","breadcrumb":{"@id":"https:\/\/www.suno.com.br\/noticias\/petrobras-petr4-mais-esg-menos-dividendos-evm\/#breadcrumb"},"inLanguage":"pt-BR","potentialAction":[{"@type":"ReadAction","target":["https:\/\/www.suno.com.br\/noticias\/petrobras-petr4-mais-esg-menos-dividendos-evm\/"]}]},{"@type":"ImageObject","inLanguage":"pt-BR","@id":"https:\/\/www.suno.com.br\/noticias\/petrobras-petr4-mais-esg-menos-dividendos-evm\/#primaryimage","url":"https:\/\/files.sunoresearch.com.br\/n\/uploads\/2023\/03\/jean_paul_prates-petrobras-petr4-fgv.jpg","contentUrl":"https:\/\/files.sunoresearch.com.br\/n\/uploads\/2023\/03\/jean_paul_prates-petrobras-petr4-fgv.jpg","width":1200,"height":800,"caption":"Presidente da Petrobras (PETR4), Jean Paul Prates. Foto: Divulga\u00e7\u00e3o\/Petrobras"},{"@type":"BreadcrumbList","@id":"https:\/\/www.suno.com.br\/noticias\/petrobras-petr4-mais-esg-menos-dividendos-evm\/#breadcrumb","itemListElement":[{"@type":"ListItem","position":1,"name":"Not\u00edcias","item":"https:\/\/www.suno.com.br\/noticias\/"},{"@type":"ListItem","position":2,"name":"Neg\u00f3cios","item":"https:\/\/www.suno.com.br\/noticias\/negocios\/"},{"@type":"ListItem","position":3,"name":"Petrobras (PETR4): combate \u00e0 crise clim\u00e1tica com investimentos de baixo carbono impacta os dividendos?"}]},{"@type":"WebSite","@id":"https:\/\/www.suno.com.br\/noticias\/#website","url":"https:\/\/www.suno.com.br\/noticias\/","name":"Suno Not\u00edcias","description":"Seu portal de informa\u00e7\u00e3o sobre o mundo dos investimentos","publisher":{"@id":"https:\/\/www.suno.com.br\/noticias\/#organization"},"potentialAction":[{"@type":"SearchAction","target":{"@type":"EntryPoint","urlTemplate":"https:\/\/www.suno.com.br\/noticias\/?s={search_term_string}"},"query-input":{"@type":"PropertyValueSpecification","valueRequired":true,"valueName":"search_term_string"}}],"inLanguage":"pt-BR"},{"@type":"Organization","@id":"https:\/\/www.suno.com.br\/noticias\/#organization","name":"Suno Not\u00edcias","url":"https:\/\/www.suno.com.br\/noticias\/","logo":{"@type":"ImageObject","inLanguage":"pt-BR","@id":"https:\/\/www.suno.com.br\/noticias\/#\/schema\/logo\/image\/","url":"https:\/\/files.sunoresearch.com.br\/n\/uploads\/2021\/09\/suno-logo.png","contentUrl":"https:\/\/files.sunoresearch.com.br\/n\/uploads\/2021\/09\/suno-logo.png","width":180,"height":180,"caption":"Suno Not\u00edcias"},"image":{"@id":"https:\/\/www.suno.com.br\/noticias\/#\/schema\/logo\/image\/"},"sameAs":["https:\/\/facebook.com\/sunoresearch","https:\/\/x.com\/sunoresearch","https:\/\/www.instagram.com\/suno","https:\/\/www.linkedin.com\/company\/suno-research\/","https:\/\/www.youtube.com\/c\/sunoresearch"]},{"@type":"Person","@id":"https:\/\/www.suno.com.br\/noticias\/#\/schema\/person\/7f4d362bf3518e76090143ae77bb49a5","name":"Eduardo Vargas","image":{"@type":"ImageObject","inLanguage":"pt-BR","@id":"https:\/\/www.suno.com.br\/noticias\/#\/schema\/person\/image\/","url":"https:\/\/secure.gravatar.com\/avatar\/dac340933427a22924c9f99d1eb2e3f2?s=96&r=g","contentUrl":"https:\/\/secure.gravatar.com\/avatar\/dac340933427a22924c9f99d1eb2e3f2?s=96&r=g","caption":"Eduardo Vargas"},"description":"Jornalista formado pela UFSC, cobre macroeconomia, neg\u00f3cios e startups para o Suno Not\u00edcias, escrevendo principalmente not\u00edcias sobre o mercado financeiro e a bolsa de valores. No YouTube e no Instagram, \u00e9 respons\u00e1vel pela produ\u00e7\u00e3o de Reels e Shorts do Suno Not\u00edcias. Anteriormente, trabalhou cobrindo economia e cotidiano no ND+ e para o ND, maior jornal impresso de Santa Catarina. Cursou um semestre letivo de Estudos de M\u00eddia na Universidad de Buenos Aires.","url":"https:\/\/www.suno.com.br\/noticias\/author\/eduardo-vargas\/"}]}},"default_loop_html":"<div class=\"cardsPage__listCard__boxs\"><div class=\"cardsPage__listCard__boxs__img\"><a href=\"https:\/\/www.suno.com.br\/noticias\/petrobras-petr4-mais-esg-menos-dividendos-evm\/\"><img class=\"mask\" src=\"https:\/\/www.suno.com.br\/noticias\/wp-content\/themes\/suno\/resources\/images\/spotlight\/spotlight1img\/bg-mask.png\" alt=\"Image Mask\"\/><img src=\"https:\/\/files.sunoresearch.com.br\/n\/uploads\/2023\/03\/jean_paul_prates-petrobras-petr4-fgv-400x200.jpg\" alt=\"Petrobras (PETR4): combate \u00e0 crise clim\u00e1tica com investimentos de baixo carbono impacta os dividendos?\"\/><\/a><span class=\"spotlightCategory\"><a href=\"https:\/\/www.suno.com.br\/noticias\/negocios\/\">Neg\u00f3cios<\/a><\/span><\/div><div class=\"cardsPage__listCard__boxs__content\"><a href=\"https:\/\/www.suno.com.br\/noticias\/petrobras-petr4-mais-esg-menos-dividendos-evm\/\"><h2 class=\"content__title\">Petrobras (PETR4): combate \u00e0 crise clim\u00e1tica com investimentos de baixo carbono impacta os dividendos?<\/h2><\/a><div class=\"newsContent__article__meta\"><div class=\"newsContent__article__meta__authorBox\"><a href=\"https:\/\/www.suno.com.br\/noticias\/author\/eduardo-vargas\/\" class=\"authorBox__avatar noMobi\"><img src=\"https:\/\/secure.gravatar.com\/avatar\/dac340933427a22924c9f99d1eb2e3f2?s=96&#038;r=g\" alt=\"Eduardo Vargas\"><\/a><div class=\"authorBox__name\"><span>por\n\t\t\t<a href=\"https:\/\/www.suno.com.br\/noticias\/author\/eduardo-vargas\/\"><span itemprop=\"author\">Eduardo Vargas<\/span><\/a><\/span><time datetime=\"2023-12-07T16:24:52-03:00\" itemprop=\"datePublished\">07\/12\/2023 16:24<\/time><\/div><\/div><\/div><\/div><\/div>","single_layout":"posts","amp_enabled":true,"_links":{"self":[{"href":"https:\/\/www.suno.com.br\/noticias\/wp-json\/wp\/v2\/posts\/496733"}],"collection":[{"href":"https:\/\/www.suno.com.br\/noticias\/wp-json\/wp\/v2\/posts"}],"about":[{"href":"https:\/\/www.suno.com.br\/noticias\/wp-json\/wp\/v2\/types\/post"}],"author":[{"embeddable":true,"href":"https:\/\/www.suno.com.br\/noticias\/wp-json\/wp\/v2\/users\/73"}],"replies":[{"embeddable":true,"href":"https:\/\/www.suno.com.br\/noticias\/wp-json\/wp\/v2\/comments?post=496733"}],"version-history":[{"count":3,"href":"https:\/\/www.suno.com.br\/noticias\/wp-json\/wp\/v2\/posts\/496733\/revisions"}],"predecessor-version":[{"id":496858,"href":"https:\/\/www.suno.com.br\/noticias\/wp-json\/wp\/v2\/posts\/496733\/revisions\/496858"}],"wp:featuredmedia":[{"embeddable":true,"href":"https:\/\/www.suno.com.br\/noticias\/wp-json\/wp\/v2\/media\/380034"}],"wp:attachment":[{"href":"https:\/\/www.suno.com.br\/noticias\/wp-json\/wp\/v2\/media?parent=496733"}],"wp:term":[{"taxonomy":"category","embeddable":true,"href":"https:\/\/www.suno.com.br\/noticias\/wp-json\/wp\/v2\/categories?post=496733"},{"taxonomy":"post_tag","embeddable":true,"href":"https:\/\/www.suno.com.br\/noticias\/wp-json\/wp\/v2\/tags?post=496733"},{"taxonomy":"suno_strategy","embeddable":true,"href":"https:\/\/www.suno.com.br\/noticias\/wp-json\/wp\/v2\/suno_strategy?post=496733"}],"curies":[{"name":"wp","href":"https:\/\/api.w.org\/{rel}","templated":true}]}}