{"id":496622,"date":"2023-12-07T13:42:13","date_gmt":"2023-12-07T16:42:13","guid":{"rendered":"https:\/\/www.suno.com.br\/noticias\/?p=496622"},"modified":"2023-12-07T13:42:20","modified_gmt":"2023-12-07T16:42:20","slug":"sabesp-sbsp3-privatizacao-gpj-2","status":"publish","type":"post","link":"https:\/\/www.suno.com.br\/noticias\/sabesp-sbsp3-privatizacao-gpj-2\/","title":{"rendered":"Sabesp (SBSP3): o que acontece agora ap\u00f3s aprova\u00e7\u00e3o do projeto de privatiza\u00e7\u00e3o?"},"content":{"rendered":"<p>Nesta quinta-feira (7), o mercado discute o que pode acontecer daqui para a frente com a <strong>Sabesp<\/strong> (SBSP3) ap\u00f3s a aprova\u00e7\u00e3o do projeto de lei sobre sua desestatiza\u00e7\u00e3o, ocorrido na v\u00e9spera na Assembleia Legislativa. Na vis\u00e3o de alguns analistas, a valida\u00e7\u00e3o j\u00e1 era amplamente esperada e simboliza um grande passo para a concretiza\u00e7\u00e3o do neg\u00f3cio, que deve sair em meados do ano que vem.  <\/p>\t<div class=\"wrapper-featured-image\">\n\t\t<figure class=\"spotlightImg\">\n\n\t\t\t<picture>\n\t\t\t\t<source media=\"(max-width: 768px)\" srcset=\"https:\/\/files.sunoresearch.com.br\/n\/uploads\/2023\/09\/sabesp-sbsp3-400x200.jpg\">\n\t\t\t\t<img loading=\"lazy\" decoding=\"async\" class=\"newsContent__article__imgCapa lazyloadDisabled \" src=\"https:\/\/files.sunoresearch.com.br\/n\/uploads\/2023\/09\/sabesp-sbsp3-800x450.jpg\" width=\"800\" height=\"450\" alt=\"Sabesp (SBSP3): o que acontece agora ap\u00f3s aprova\u00e7\u00e3o do projeto de privatiza\u00e7\u00e3o?\" fetchpriority=high \/>\n\t\t\t<\/picture>\n\n\t\t\t<figcaption class=\"wp-caption-text wp-caption-text--show\">Sabesp (SBSP3). Foto: Divulga\u00e7\u00e3o<\/figcaption>\n\t\t<\/figure>\n\t<\/div>\n\n\n\n\n\n\n\n\t<p>\n\t\t<a href=\"https:\/\/lp.suno.com.br\/planilha-da-vida-financeira\/\" target=\"_blank\" data-element=\"shortcode-suno-banner\" title=\"Banner SUNO, clique e saiba mais\">\n\t\t\t<picture>\n\t\t\t\t<source media=\"(max-width: 500px)\" srcset=\"https:\/\/files.sunoresearch.com.br\/n\/uploads\/2023\/04\/400x300-Planilha-vida-financeira-true.png\">\n\t\t\t\t<img class=\"newsContent__article__imgCapa newsContent__article__imgCapa--banner\"\n\t\t\t\t\tsrc=\"https:\/\/files.sunoresearch.com.br\/n\/uploads\/2023\/04\/1420x240-Planilha-vida-financeira-true.png\"\n\t\t\t\t\tdata-promo-id=\"106682\"\t\t\t\t\t\t\t\t\t\twidth='1420' height='240'\t\t\t\t\talt=\"https:\/\/files.sunoresearch.com.br\/n\/uploads\/2023\/04\/1420x240-Planilha-vida-financeira-true.png\"\n\t\t\t\t>\n\t\t\t<\/picture>\n\t\t<\/a>\n\t<\/p>\n\n\n\n\n\n<p>O<strong> PL da Sabesp<\/strong> recebeu 62 votos favor\u00e1veis dos deputados e 1 contra.&nbsp;Precisava de maioria simples de 48 votos para ser aprovado.&nbsp;A <strong>vota\u00e7\u00e3o sobre a privatiza\u00e7\u00e3o da Sabesp<\/strong> ocorreu ap\u00f3s confronto entre manifestantes e a pol\u00edcia na Alesp.<\/p>\n\n\n\n<p>Para a <strong>XP<\/strong>, embora a aprova\u00e7\u00e3o da <strong>privatiza\u00e7\u00e3o da Sabesp<\/strong> seja uma not\u00edcia importante e positiva para a empresa, a casa acredita que ela era amplamente esperada pelo mercado. &#8220;Foi um indicador importante para mostrar o quanto o governo estadual est\u00e1 comprometido e que a privatiza\u00e7\u00e3o est\u00e1 andando dentro do cronograma. Mantemos nossa recomenda\u00e7\u00e3o de compra da a\u00e7\u00e3o&#8221;, disseram os analistas Vladimir Pinto e Ma\u00edra Maldonado.<\/p>\n\n\n\n<p>J\u00e1 para a <strong>Genial Investimentos<\/strong>, um dos pontos cruciais de todo o <a href=\"https:\/\/www.suno.com.br\/artigos\/privatizacao\/\">processo de privatiza\u00e7\u00e3o<\/a> &#8216;finalmente aconteceu&#8217;, mas que ele ainda apresenta alguns riscos como:<\/p>\n\n\n\n<ul class=\"wp-block-list\">\n<li>Risco de pre\u00e7o: uma queda no pre\u00e7o dos ativos pode fazer com que a opera\u00e7\u00e3o deixe de ser interessante;<\/li>\n\n\n\n<li>Risco pol\u00edtico de esc\u00e2ndalos;<\/li>\n\n\n\n<li>Risco Jur\u00eddico: como a empresa pretende se transformar em uma corporation (Governo do Estado de SP pretende ficar com uma participa\u00e7\u00e3o de 15-30% no ativo), uma eventual decis\u00e3o do supremo favor\u00e1vel ao fim dos voting rights\u00a0da <strong>Eletrobras <\/strong>(ELET3) (em que a empresa tem um direito a voto limitado a 10% vs uma participa\u00e7\u00e3o de 40%) pode acabar por trazer uma maior percep\u00e7\u00e3o de risco ao case da Sabesp;<\/li>\n\n\n\n<li>N\u00e3o ades\u00e3o dos munic\u00edpios ao URAE (principalmente do estado de S\u00e3o Paulo) pode retirar grande parte da atratividade da opera\u00e7\u00e3o.<\/li>\n<\/ul>\n\n\n\n<p>Ainda de acordo com a casa, n\u00e3o existe uma f\u00f3rmula precisa para estimar o tempo da aprova\u00e7\u00e3o do <strong>projeto de lei da Sabesp<\/strong> at\u00e9 a conclus\u00e3o da opera\u00e7\u00e3o. Para ela, a proximidade com as <strong>elei\u00e7\u00f5es municipais de 2024<\/strong> deve &#8220;poluir&#8221; o debate em rela\u00e7\u00e3o ao processo de <strong>desestatiza\u00e7\u00e3o da Sabesp<\/strong> como um todo.<\/p>\n\n\n\n<p>&#8220;Observando o tempo m\u00e9dio que levou at\u00e9 a conclus\u00e3o da opera\u00e7\u00e3o, \u00e9 bem poss\u00edvel que caso tudo aconte\u00e7a conforme o esperado, a privatiza\u00e7\u00e3o n\u00e3o aconte\u00e7a at\u00e9 meio do ano que vem&#8221;, pontuou Vitor Sousa, analista de setor el\u00e9trico e saneamento da Genial.<\/p>\n\n\n\n<p>Ainda conforme Souza, o verdadeiro valor a ser destravado pela Sabesp vem da materializa\u00e7\u00e3o de sua privatiza\u00e7\u00e3o. &#8220;Nos termos atuais, vemos uma empresa que opera com n\u00fameros abaixo daqueles estabelecidos em suas tarifas, ocasionando um <a href=\"https:\/\/www.suno.com.br\/artigos\/fluxo-de-caixa\/\">fluxo de caixa<\/a> magro ap\u00f3s pagamento de juros e investimentos, que por sua vez ainda n\u00e3o foram suficientes para universalizar os servi\u00e7os de \u00e1gua e esgoto no estado ap\u00f3s quase meio s\u00e9culo de hist\u00f3ria&#8221;, acrescenta.<\/p>\n\n\n\n\t<div data-element=\"shortcode-read-more\" class=\"readToo\">\n\t\t\t\t<span class=\"readToo__title\">Leia mais<\/span>\n\t\t\t\t<ul class=\"readToo__list\">\n\t\t\t<li><a href=\"https:\/\/www.suno.com.br\/noticias\/sabesp-sbsp3-oposicao-privatizacao-gpj\/\">Sabesp (SBSP3): oposi\u00e7\u00e3o fala em impetrar mandado de seguran\u00e7a para anular sess\u00e3o de privatiza\u00e7\u00e3o<\/a><\/li><li><a href=\"https:\/\/www.suno.com.br\/noticias\/sabesp-sbsp3-privatizacao-aprovada-alesp\/\">Privatiza\u00e7\u00e3o da Sabesp (SBSP3) \u00e9 aprovada ap\u00f3s confronto na Assembleia Legislativa<\/a><\/li>\t\t<\/ul>\n\t<\/div>\n\n\n\n\n<p>Por sua vez, para a <strong>Ativa Investimentos<\/strong>, ainda que a aprova\u00e7\u00e3o fosse esperada pelo mercado e embora acredite que as a\u00e7\u00f5es devam repercutir de forma mais moderada ao ocorrido, dado o movimento de precifica\u00e7\u00e3o que vem ocorrendo com o papel nos \u00faltimos meses, a passagem pela <strong>Alesp<\/strong> \u00e9 extremamente relevante para o <a href=\"https:\/\/www.suno.com.br\/artigos\/privatizacao\/\">processo de privatiza\u00e7\u00e3o<\/a> da companhia.<\/p>\n\n\n\n<p>Segundo a casa, agora a Sabesp &#8220;focar\u00e1 as suas aten\u00e7\u00f5es nas negocia\u00e7\u00f5es com os 375 munic\u00edpios que atende, na estrutura\u00e7\u00e3o com a ARSESP (Ag\u00eancia Reguladora de Servi\u00e7os P\u00fablicos do Estado de S\u00e3o Paulo) do modelo tarif\u00e1rio vigente a partir da privatiza\u00e7\u00e3o e dos pormenores da transa\u00e7\u00e3o, como o stake que o Estado colocar\u00e1 a venda e o seu valuation&#8221;. <\/p>\n\n\n\n<p>&#8220;Com os munic\u00edpios tendo at\u00e9 mar\u00e7o para firmar se continuam ou n\u00e3o sendo atendidos pela companhia, continuamos estimando que o fim do processo possa ocorrer at\u00e9 o final do primeiro semestre de 2024&#8221;, acrescentou a Ativa sobre a aprova\u00e7\u00e3o do PL da privatiza\u00e7\u00e3o da <strong>Sabesp<\/strong>.<\/p>\n\n\n\t<p>\n\t\t<a href=\"https:\/\/lp.suno.com.br\/ebook-como-analisar-uma-acao\/\" target=\"_blank\" data-element=\"shortcode-suno-banner\" title=\"Banner SUNO, clique e saiba mais\">\n\t\t\t<picture>\n\t\t\t\t<source media=\"(max-width: 500px)\" srcset=\"https:\/\/files.sunoresearch.com.br\/n\/uploads\/2023\/03\/Ebook-Acoes-Mobile.jpg\">\n\t\t\t\t<img class=\"newsContent__article__imgCapa newsContent__article__imgCapa--banner\"\n\t\t\t\t\tsrc=\"https:\/\/files.sunoresearch.com.br\/n\/uploads\/2023\/03\/Ebook-Acoes-Desktop.jpg\"\n\t\t\t\t\tdata-promo-id=\"378302\"\t\t\t\t\t\t\t\t\t\twidth='1420' height='286'\t\t\t\t\talt=\"https:\/\/files.sunoresearch.com.br\/n\/uploads\/2023\/03\/Ebook-Acoes-Desktop.jpg\"\n\t\t\t\t>\n\t\t\t<\/picture>\n\t\t<\/a>\n\t<\/p>\n\n\n\n\n\n<h2 class=\"wp-block-heading\">Desempenho das a\u00e7\u00f5es da Sabesp<\/h2>\n\n\n\n<div class=\"pluginQuotation\">\n  <p class=\"ticker\">\n    Cota\u00e7\u00e3o <span>SBSP3<\/span>\n  <\/p>\n  <div class=\"info\">\n    <div class=\"leftSide\">\n      Gr\u00e1fico gerado em: 07\/12\/2023    <\/div>\n\t\t\t\t\t<div class=\"rightSide\">\n\t\t\t\t\t<span class=\"period\">\n\t\t\t\t\t\t1 Dia\t\t\t\t\t<\/span>\n\t\t\t<\/div>\n\t\t  <\/div>\n\n  <div id=\"chart-985a5b48517edb2c936820aecd2af255\" data-block-hash=\"985a5b48517edb2c936820aecd2af255\"  class=\"chart\" style=\"width:100%;height:400px;\"><\/div>\n\n  <div class=\"pluginQuotation__footer\">\n    <div class=\"dataChart\">\n\n      <div class=\"dataChart__div1 variation\">\n        <div class=\"value-positive\">\n          0,73 (+0,50%)        <\/div>\n        <div class=\"text\">\n          Varia\u00e7\u00e3o do per\u00edodo\n        <\/div>\n      <\/div>\n\n      <div class=\"dataChart__div2 minMax\">\n        <div class=\"value\">\n          R$\u00a067,80        <\/div>\n        <div class=\"text\">\n          M\u00ednima\n        <\/div>\n      <\/div>\n\n      <div class=\"dataChart__div3 minMax\">\n        <div class=\"value\">\n          R$\u00a068,82        <\/div>\n        <div class=\"text\">\n          M\u00e1xima\n        <\/div>\n      <\/div>\n\n\t\t\t<div class=\"dataChart__div4 rightSide\">\n\t\t\t\t<div class=\"analiticaSource\">\n\t\t\t\t\t<span>\n\t\t\t\t\t\tFonte:\n\t\t\t\t\t<\/span>\n\t\t\t\t\t<img decoding=\"async\" class=\"analiticaLogo\" src=\"https:\/\/www.suno.com.br\/noticias\/wp-content\/plugins\/suno-block-ticker-quotation\/src\/suno-analitica-logo.png\" alt=\"Logo Suno Anal\u00edtica\" \/>\n\t\t\t\t<\/div>\n\n\t\t\t\t<a href=\"https:\/\/www.suno.com.br\/analitica\/acoes\/SBSP3\" target=\"_blank\">\n\t\t\t\t\t<span>\n\t\t\t\t\t\tVer mais cota\u00e7\u00f5es\n\t\t\t\t\t<\/span>\n\t\t\t\t\t<svg xmlns=\"http:\/\/www.w3.org\/2000\/svg\" width=\"9\" height=\"8\" viewBox=\"0 0 9 8\" fill=\"none\">\n\t\t\t\t\t\t<path d=\"M4.20996 0L3.50496 0.705L6.29496 3.5H0.209961V4.5H6.29496L3.50496 7.295L4.20996 8L8.20996 4L4.20996 0Z\" fill=\"#D42126\" \/>\n\t\t\t\t\t<\/svg>\n\t\t\t\t<\/a>\n    <\/div>\n\n    <\/div>\n  <\/div>\n<\/div>\n\n\n<script type=\"text\/javascript\">\n  let chart_985a5b48517edb2c936820aecd2af255 = document.getElementById('chart-985a5b48517edb2c936820aecd2af255');\n  let data_json_985a5b48517edb2c936820aecd2af255 = \"[{\\\"date\\\":\\\"07\\\\\\\/12\\\\\\\/23 10:24\\\",\\\"value\\\":68.29},{\\\"date\\\":\\\"07\\\\\\\/12\\\\\\\/23 10:26\\\",\\\"value\\\":68.07},{\\\"date\\\":\\\"07\\\\\\\/12\\\\\\\/23 10:28\\\",\\\"value\\\":68.09},{\\\"date\\\":\\\"07\\\\\\\/12\\\\\\\/23 10:30\\\",\\\"value\\\":67.8},{\\\"date\\\":\\\"07\\\\\\\/12\\\\\\\/23 10:32\\\",\\\"value\\\":67.87},{\\\"date\\\":\\\"07\\\\\\\/12\\\\\\\/23 10:34\\\",\\\"value\\\":67.92},{\\\"date\\\":\\\"07\\\\\\\/12\\\\\\\/23 10:36\\\",\\\"value\\\":68.1},{\\\"date\\\":\\\"07\\\\\\\/12\\\\\\\/23 10:38\\\",\\\"value\\\":68.07},{\\\"date\\\":\\\"07\\\\\\\/12\\\\\\\/23 10:40\\\",\\\"value\\\":68.15},{\\\"date\\\":\\\"07\\\\\\\/12\\\\\\\/23 10:42\\\",\\\"value\\\":68.17},{\\\"date\\\":\\\"07\\\\\\\/12\\\\\\\/23 10:44\\\",\\\"value\\\":68.53},{\\\"date\\\":\\\"07\\\\\\\/12\\\\\\\/23 10:46\\\",\\\"value\\\":68.66},{\\\"date\\\":\\\"07\\\\\\\/12\\\\\\\/23 10:48\\\",\\\"value\\\":68.82},{\\\"date\\\":\\\"07\\\\\\\/12\\\\\\\/23 10:50\\\",\\\"value\\\":68.79},{\\\"date\\\":\\\"07\\\\\\\/12\\\\\\\/23 10:52\\\",\\\"value\\\":68.74},{\\\"date\\\":\\\"07\\\\\\\/12\\\\\\\/23 10:54\\\",\\\"value\\\":68.57},{\\\"date\\\":\\\"07\\\\\\\/12\\\\\\\/23 10:56\\\",\\\"value\\\":68.79}]\";\n  let isPositive_985a5b48517edb2c936820aecd2af255 = true;\n\n  let color_985a5b48517edb2c936820aecd2af255 = isPositive_985a5b48517edb2c936820aecd2af255 ? '#3AB53A' : '#D92C2D';\n\n  let data_985a5b48517edb2c936820aecd2af255 = JSON.parse(data_json_985a5b48517edb2c936820aecd2af255);\n\n  const result_985a5b48517edb2c936820aecd2af255 = {\n    date: [],\n    value: [],\n  };\n\n  data_985a5b48517edb2c936820aecd2af255.forEach((item) => {\n    result_985a5b48517edb2c936820aecd2af255.date.push(item.date);\n    result_985a5b48517edb2c936820aecd2af255.value.push(Number(item.value));\n  });\n\n  let option_985a5b48517edb2c936820aecd2af255 = {\n    \/\/ variavel de cor global\n    color: [color_985a5b48517edb2c936820aecd2af255],\n    title: {\n      text: '',\n    },\n    tooltip: {\n      trigger: 'axis',\n      axisPointer: {\n        type: 'cross',\n        label: {\n          \/\/ cor dos valores em X e Y\n          backgroundColor: color_985a5b48517edb2c936820aecd2af255,\n          formatter: (value) => {\n            if (typeof value.value === 'number') {\n              return Number(value.value).toLocaleString('pt-br', {\n                style: 'currency',\n                currency: 'BRL'\n              });\n            }\n            return value.value;\n          },\n        },\n      },\n      valueFormatter: (value) => Number(value).toLocaleString('pt-br', {\n        style: 'currency',\n        currency: 'BRL'\n      }),\n    },\n    legend: {\n      \/\/ data: ['Valor de Fechamento'],\n      show: false,\n    },\n    toolbox: {\n      feature: {\n        saveAsImage: {\n          show: false,\n        },\n      },\n    },\n    grid: {\n      left: '0px',\n      right: '0px',\n      bottom: '0px',\n      containLabel: true,\n    },\n    xAxis: [{\n      type: 'category',\n      data: result_985a5b48517edb2c936820aecd2af255.date,\n      boundaryGap: true,\n    }],\n    yAxis: [{\n      type: 'value',\n      min: Math.min(...result_985a5b48517edb2c936820aecd2af255.value),\n      max: Math.max(...result_985a5b48517edb2c936820aecd2af255.value),\n      axisLabel: {\n        formatter: (value) => value.toLocaleString('pt-br', {\n          style: 'currency',\n          currency: 'BRL'\n        }),\n      },\n    }],\n    series: [{\n      name: 'Valor de Fechamento',\n      type: 'line',\n      stack: 'Total',\n      \/\/ cor do grafico\n      areaStyle: {},\n      emphasis: {\n        focus: 'series',\n      },\n      data: result_985a5b48517edb2c936820aecd2af255.value,\n      \/\/ cor da linha\n      lineStyle: {\n        color: color_985a5b48517edb2c936820aecd2af255,\n      },\n    }, ],\n  };\n\n\twindow.chart_985a5b48517edb2c936820aecd2af255 = {\n\t\tel: chart_985a5b48517edb2c936820aecd2af255,\n\t\toption: option_985a5b48517edb2c936820aecd2af255\t};\n\n\n<\/script>\n\n\n\t<p>\n\t\t<a href=\"https:\/\/lp.suno.com.br\/planilha-da-vida-financeira\/\" target=\"_blank\" data-element=\"shortcode-suno-banner\" title=\"Banner SUNO, clique e saiba mais\">\n\t\t\t<picture>\n\t\t\t\t<source media=\"(max-width: 500px)\" srcset=\"https:\/\/files.sunoresearch.com.br\/n\/uploads\/2023\/04\/400x300-Planilha-vida-financeira-true.png\">\n\t\t\t\t<img class=\"newsContent__article__imgCapa newsContent__article__imgCapa--banner\"\n\t\t\t\t\tsrc=\"https:\/\/files.sunoresearch.com.br\/n\/uploads\/2023\/04\/1420x240-Planilha-vida-financeira-true.png\"\n\t\t\t\t\tdata-promo-id=\"383123\"\t\t\t\t\t\t\t\t\t\twidth='1420' height='240'\t\t\t\t\talt=\"https:\/\/files.sunoresearch.com.br\/n\/uploads\/2023\/04\/1420x240-Planilha-vida-financeira-true.png\"\n\t\t\t\t>\n\t\t\t<\/picture>\n\t\t<\/a>\n\t<\/p>\n\n\n","protected":false},"excerpt":{"rendered":"<p>Nesta quinta-feira (7), o mercado discute o que pode acontecer daqui para a frente com a Sabesp (SBSP3) ap\u00f3s a aprova\u00e7\u00e3o do projeto de lei sobre sua desestatiza\u00e7\u00e3o, ocorrido na v\u00e9spera na Assembleia Legislativa. Na vis\u00e3o de alguns analistas, a valida\u00e7\u00e3o j\u00e1 era amplamente esperada e simboliza um grande passo para a concretiza\u00e7\u00e3o do neg\u00f3cio, [&hellip;]<\/p>\n","protected":false},"author":313,"featured_media":452743,"comment_status":"closed","ping_status":"closed","sticky":false,"template":"","format":"standard","meta":[],"categories":[64],"tags":[286,105816,106765],"suno_strategy":[],"class_list":["post-496622","post","type-post","status-publish","format-standard","has-post-thumbnail","hentry","category-negocios","tag-acoes","tag-especialistas","tag-sabesp-sbsp3"],"yoast_head":"<!-- This site is optimized with the Yoast SEO plugin v24.4 - https:\/\/yoast.com\/wordpress\/plugins\/seo\/ -->\n<title>Sabesp: o que acontece ap\u00f3s aprova\u00e7\u00e3o de PL sobre privatiza\u00e7\u00e3o?<\/title>\n<meta name=\"description\" content=\"Para o mercado, a aprova\u00e7\u00e3o simboliza um grande passo para a concretiza\u00e7\u00e3o da privatiza\u00e7\u00e3o da Sabesp, que deve sair em meados do ano que vem.\" \/>\n<meta name=\"robots\" content=\"index, follow, max-snippet:-1, max-image-preview:large, max-video-preview:-1\" \/>\n<link rel=\"canonical\" href=\"https:\/\/www.suno.com.br\/noticias\/sabesp-sbsp3-privatizacao-gpj-2\/\" \/>\n<meta property=\"og:locale\" content=\"pt_BR\" \/>\n<meta property=\"og:type\" content=\"article\" \/>\n<meta property=\"og:title\" content=\"Sabesp: o que acontece ap\u00f3s aprova\u00e7\u00e3o de PL sobre privatiza\u00e7\u00e3o?\" \/>\n<meta property=\"og:description\" content=\"Para o mercado, a aprova\u00e7\u00e3o simboliza um grande passo para a concretiza\u00e7\u00e3o da privatiza\u00e7\u00e3o da Sabesp, que deve sair em meados do ano que vem.\" \/>\n<meta property=\"og:url\" content=\"https:\/\/www.suno.com.br\/noticias\/sabesp-sbsp3-privatizacao-gpj-2\/\" \/>\n<meta property=\"og:site_name\" content=\"Suno Not\u00edcias\" \/>\n<meta property=\"article:publisher\" content=\"https:\/\/facebook.com\/sunoresearch\" \/>\n<meta property=\"og:image\" content=\"https:\/\/files.sunoresearch.com.br\/n\/uploads\/2023\/09\/sabesp-sbsp3.jpg\" \/>\n\t<meta property=\"og:image:width\" content=\"1200\" \/>\n\t<meta property=\"og:image:height\" content=\"800\" \/>\n\t<meta property=\"og:image:type\" content=\"image\/jpeg\" \/>\n<meta name=\"author\" content=\"Giovanni Porf\u00edrio Jacomino\" \/>\n<meta name=\"twitter:card\" content=\"summary_large_image\" \/>\n<meta name=\"twitter:creator\" content=\"@sunoresearch\" \/>\n<meta name=\"twitter:site\" content=\"@sunoresearch\" \/>\n<meta name=\"twitter:label1\" content=\"Escrito por\" \/>\n\t<meta name=\"twitter:data1\" content=\"Giovanni Porf\u00edrio Jacomino\" \/>\n\t<meta name=\"twitter:label2\" content=\"Est. tempo de leitura\" \/>\n\t<meta name=\"twitter:data2\" content=\"4 minutos\" \/>\n<script type=\"application\/ld+json\" class=\"yoast-schema-graph\">{\"@context\":\"https:\/\/schema.org\",\"@graph\":[{\"@type\":\"NewsArticle\",\"@id\":\"https:\/\/www.suno.com.br\/noticias\/sabesp-sbsp3-privatizacao-gpj-2\/#article\",\"isPartOf\":{\"@id\":\"https:\/\/www.suno.com.br\/noticias\/sabesp-sbsp3-privatizacao-gpj-2\/\"},\"author\":{\"name\":\"Giovanni Porf\u00edrio Jacomino\",\"@id\":\"https:\/\/www.suno.com.br\/noticias\/#\/schema\/person\/d0f32748bbca4bee871fa191ee4e2d40\"},\"headline\":\"Sabesp (SBSP3): o que acontece agora ap\u00f3s aprova\u00e7\u00e3o do projeto de privatiza\u00e7\u00e3o?\",\"datePublished\":\"2023-12-07T16:42:13+00:00\",\"dateModified\":\"2023-12-07T16:42:20+00:00\",\"mainEntityOfPage\":{\"@id\":\"https:\/\/www.suno.com.br\/noticias\/sabesp-sbsp3-privatizacao-gpj-2\/\"},\"wordCount\":737,\"publisher\":{\"@id\":\"https:\/\/www.suno.com.br\/noticias\/#organization\"},\"image\":{\"@id\":\"https:\/\/www.suno.com.br\/noticias\/sabesp-sbsp3-privatizacao-gpj-2\/#primaryimage\"},\"thumbnailUrl\":\"https:\/\/files.sunoresearch.com.br\/n\/uploads\/2023\/09\/sabesp-sbsp3.jpg\",\"keywords\":[\"A\u00e7\u00f5es\",\"Especialistas\",\"Sabesp (SBSP3)\"],\"articleSection\":[\"Neg\u00f3cios\"],\"inLanguage\":\"pt-BR\"},{\"@type\":\"WebPage\",\"@id\":\"https:\/\/www.suno.com.br\/noticias\/sabesp-sbsp3-privatizacao-gpj-2\/\",\"url\":\"https:\/\/www.suno.com.br\/noticias\/sabesp-sbsp3-privatizacao-gpj-2\/\",\"name\":\"Sabesp: o que acontece ap\u00f3s aprova\u00e7\u00e3o de PL sobre privatiza\u00e7\u00e3o?\",\"isPartOf\":{\"@id\":\"https:\/\/www.suno.com.br\/noticias\/#website\"},\"primaryImageOfPage\":{\"@id\":\"https:\/\/www.suno.com.br\/noticias\/sabesp-sbsp3-privatizacao-gpj-2\/#primaryimage\"},\"image\":{\"@id\":\"https:\/\/www.suno.com.br\/noticias\/sabesp-sbsp3-privatizacao-gpj-2\/#primaryimage\"},\"thumbnailUrl\":\"https:\/\/files.sunoresearch.com.br\/n\/uploads\/2023\/09\/sabesp-sbsp3.jpg\",\"datePublished\":\"2023-12-07T16:42:13+00:00\",\"dateModified\":\"2023-12-07T16:42:20+00:00\",\"description\":\"Para o mercado, a aprova\u00e7\u00e3o simboliza um grande passo para a concretiza\u00e7\u00e3o da privatiza\u00e7\u00e3o da Sabesp, que deve sair em meados do ano que vem.\",\"breadcrumb\":{\"@id\":\"https:\/\/www.suno.com.br\/noticias\/sabesp-sbsp3-privatizacao-gpj-2\/#breadcrumb\"},\"inLanguage\":\"pt-BR\",\"potentialAction\":[{\"@type\":\"ReadAction\",\"target\":[\"https:\/\/www.suno.com.br\/noticias\/sabesp-sbsp3-privatizacao-gpj-2\/\"]}]},{\"@type\":\"ImageObject\",\"inLanguage\":\"pt-BR\",\"@id\":\"https:\/\/www.suno.com.br\/noticias\/sabesp-sbsp3-privatizacao-gpj-2\/#primaryimage\",\"url\":\"https:\/\/files.sunoresearch.com.br\/n\/uploads\/2023\/09\/sabesp-sbsp3.jpg\",\"contentUrl\":\"https:\/\/files.sunoresearch.com.br\/n\/uploads\/2023\/09\/sabesp-sbsp3.jpg\",\"width\":1200,\"height\":800,\"caption\":\"Sabesp (SBSP3). Foto: Divulga\u00e7\u00e3o\"},{\"@type\":\"BreadcrumbList\",\"@id\":\"https:\/\/www.suno.com.br\/noticias\/sabesp-sbsp3-privatizacao-gpj-2\/#breadcrumb\",\"itemListElement\":[{\"@type\":\"ListItem\",\"position\":1,\"name\":\"Not\u00edcias\",\"item\":\"https:\/\/www.suno.com.br\/noticias\/\"},{\"@type\":\"ListItem\",\"position\":2,\"name\":\"Neg\u00f3cios\",\"item\":\"https:\/\/www.suno.com.br\/noticias\/negocios\/\"},{\"@type\":\"ListItem\",\"position\":3,\"name\":\"Sabesp (SBSP3): o que acontece agora ap\u00f3s aprova\u00e7\u00e3o do projeto de privatiza\u00e7\u00e3o?\"}]},{\"@type\":\"WebSite\",\"@id\":\"https:\/\/www.suno.com.br\/noticias\/#website\",\"url\":\"https:\/\/www.suno.com.br\/noticias\/\",\"name\":\"Suno Not\u00edcias\",\"description\":\"Seu portal de informa\u00e7\u00e3o sobre o mundo dos investimentos\",\"publisher\":{\"@id\":\"https:\/\/www.suno.com.br\/noticias\/#organization\"},\"potentialAction\":[{\"@type\":\"SearchAction\",\"target\":{\"@type\":\"EntryPoint\",\"urlTemplate\":\"https:\/\/www.suno.com.br\/noticias\/?s={search_term_string}\"},\"query-input\":{\"@type\":\"PropertyValueSpecification\",\"valueRequired\":true,\"valueName\":\"search_term_string\"}}],\"inLanguage\":\"pt-BR\"},{\"@type\":\"Organization\",\"@id\":\"https:\/\/www.suno.com.br\/noticias\/#organization\",\"name\":\"Suno Not\u00edcias\",\"url\":\"https:\/\/www.suno.com.br\/noticias\/\",\"logo\":{\"@type\":\"ImageObject\",\"inLanguage\":\"pt-BR\",\"@id\":\"https:\/\/www.suno.com.br\/noticias\/#\/schema\/logo\/image\/\",\"url\":\"https:\/\/files.sunoresearch.com.br\/n\/uploads\/2021\/09\/suno-logo.png\",\"contentUrl\":\"https:\/\/files.sunoresearch.com.br\/n\/uploads\/2021\/09\/suno-logo.png\",\"width\":180,\"height\":180,\"caption\":\"Suno Not\u00edcias\"},\"image\":{\"@id\":\"https:\/\/www.suno.com.br\/noticias\/#\/schema\/logo\/image\/\"},\"sameAs\":[\"https:\/\/facebook.com\/sunoresearch\",\"https:\/\/x.com\/sunoresearch\",\"https:\/\/www.instagram.com\/suno\",\"https:\/\/www.linkedin.com\/company\/suno-research\/\",\"https:\/\/www.youtube.com\/c\/sunoresearch\"]},{\"@type\":\"Person\",\"@id\":\"https:\/\/www.suno.com.br\/noticias\/#\/schema\/person\/d0f32748bbca4bee871fa191ee4e2d40\",\"name\":\"Giovanni Porf\u00edrio Jacomino\",\"image\":{\"@type\":\"ImageObject\",\"inLanguage\":\"pt-BR\",\"@id\":\"https:\/\/www.suno.com.br\/noticias\/#\/schema\/person\/image\/\",\"url\":\"https:\/\/secure.gravatar.com\/avatar\/efb32e19b730a121cb7a80f41ffec01a?s=96&r=g\",\"contentUrl\":\"https:\/\/secure.gravatar.com\/avatar\/efb32e19b730a121cb7a80f41ffec01a?s=96&r=g\",\"caption\":\"Giovanni Porf\u00edrio Jacomino\"},\"description\":\"Giovanni Porf\u00edrio Jacomino \u00e9 jornalista formado pela Universidade Estadual de Londrina (UEL) e p\u00f3s-graduado em Produ\u00e7\u00e3o e Pr\u00e1ticas Jornal\u00edsticas na Contemporaneidade na Faculdade C\u00e1sper L\u00edbero (FCL). Foi editor web no Startupi e no Finsiders, atuando ainda como editor no TC Mover, portal de not\u00edcias da TradersClub, fazendo a cobertura de assuntos relacionados ao mercado financeiro interno e externo. Atualmente, \u00e9 Rep\u00f3rter do Suno Not\u00edcias.\",\"url\":\"https:\/\/www.suno.com.br\/noticias\/author\/giovanni-porfiriosuno-com-br\/\"}]}<\/script>\n<!-- \/ Yoast SEO plugin. -->","yoast_head_json":{"title":"Sabesp: o que acontece ap\u00f3s aprova\u00e7\u00e3o de PL sobre privatiza\u00e7\u00e3o?","description":"Para o mercado, a aprova\u00e7\u00e3o simboliza um grande passo para a concretiza\u00e7\u00e3o da privatiza\u00e7\u00e3o da Sabesp, que deve sair em meados do ano que vem.","robots":{"index":"index","follow":"follow","max-snippet":"max-snippet:-1","max-image-preview":"max-image-preview:large","max-video-preview":"max-video-preview:-1"},"canonical":"https:\/\/www.suno.com.br\/noticias\/sabesp-sbsp3-privatizacao-gpj-2\/","og_locale":"pt_BR","og_type":"article","og_title":"Sabesp: o que acontece ap\u00f3s aprova\u00e7\u00e3o de PL sobre privatiza\u00e7\u00e3o?","og_description":"Para o mercado, a aprova\u00e7\u00e3o simboliza um grande passo para a concretiza\u00e7\u00e3o da privatiza\u00e7\u00e3o da Sabesp, que deve sair em meados do ano que vem.","og_url":"https:\/\/www.suno.com.br\/noticias\/sabesp-sbsp3-privatizacao-gpj-2\/","og_site_name":"Suno Not\u00edcias","article_publisher":"https:\/\/facebook.com\/sunoresearch","og_image":[{"width":1200,"height":800,"url":"https:\/\/files.sunoresearch.com.br\/n\/uploads\/2023\/09\/sabesp-sbsp3.jpg","type":"image\/jpeg"}],"author":"Giovanni Porf\u00edrio Jacomino","twitter_card":"summary_large_image","twitter_creator":"@sunoresearch","twitter_site":"@sunoresearch","twitter_misc":{"Escrito por":"Giovanni Porf\u00edrio Jacomino","Est. tempo de leitura":"4 minutos"},"schema":{"@context":"https:\/\/schema.org","@graph":[{"@type":"NewsArticle","@id":"https:\/\/www.suno.com.br\/noticias\/sabesp-sbsp3-privatizacao-gpj-2\/#article","isPartOf":{"@id":"https:\/\/www.suno.com.br\/noticias\/sabesp-sbsp3-privatizacao-gpj-2\/"},"author":{"name":"Giovanni Porf\u00edrio Jacomino","@id":"https:\/\/www.suno.com.br\/noticias\/#\/schema\/person\/d0f32748bbca4bee871fa191ee4e2d40"},"headline":"Sabesp (SBSP3): o que acontece agora ap\u00f3s aprova\u00e7\u00e3o do projeto de privatiza\u00e7\u00e3o?","datePublished":"2023-12-07T16:42:13+00:00","dateModified":"2023-12-07T16:42:20+00:00","mainEntityOfPage":{"@id":"https:\/\/www.suno.com.br\/noticias\/sabesp-sbsp3-privatizacao-gpj-2\/"},"wordCount":737,"publisher":{"@id":"https:\/\/www.suno.com.br\/noticias\/#organization"},"image":{"@id":"https:\/\/www.suno.com.br\/noticias\/sabesp-sbsp3-privatizacao-gpj-2\/#primaryimage"},"thumbnailUrl":"https:\/\/files.sunoresearch.com.br\/n\/uploads\/2023\/09\/sabesp-sbsp3.jpg","keywords":["A\u00e7\u00f5es","Especialistas","Sabesp (SBSP3)"],"articleSection":["Neg\u00f3cios"],"inLanguage":"pt-BR"},{"@type":"WebPage","@id":"https:\/\/www.suno.com.br\/noticias\/sabesp-sbsp3-privatizacao-gpj-2\/","url":"https:\/\/www.suno.com.br\/noticias\/sabesp-sbsp3-privatizacao-gpj-2\/","name":"Sabesp: o que acontece ap\u00f3s aprova\u00e7\u00e3o de PL sobre privatiza\u00e7\u00e3o?","isPartOf":{"@id":"https:\/\/www.suno.com.br\/noticias\/#website"},"primaryImageOfPage":{"@id":"https:\/\/www.suno.com.br\/noticias\/sabesp-sbsp3-privatizacao-gpj-2\/#primaryimage"},"image":{"@id":"https:\/\/www.suno.com.br\/noticias\/sabesp-sbsp3-privatizacao-gpj-2\/#primaryimage"},"thumbnailUrl":"https:\/\/files.sunoresearch.com.br\/n\/uploads\/2023\/09\/sabesp-sbsp3.jpg","datePublished":"2023-12-07T16:42:13+00:00","dateModified":"2023-12-07T16:42:20+00:00","description":"Para o mercado, a aprova\u00e7\u00e3o simboliza um grande passo para a concretiza\u00e7\u00e3o da privatiza\u00e7\u00e3o da Sabesp, que deve sair em meados do ano que vem.","breadcrumb":{"@id":"https:\/\/www.suno.com.br\/noticias\/sabesp-sbsp3-privatizacao-gpj-2\/#breadcrumb"},"inLanguage":"pt-BR","potentialAction":[{"@type":"ReadAction","target":["https:\/\/www.suno.com.br\/noticias\/sabesp-sbsp3-privatizacao-gpj-2\/"]}]},{"@type":"ImageObject","inLanguage":"pt-BR","@id":"https:\/\/www.suno.com.br\/noticias\/sabesp-sbsp3-privatizacao-gpj-2\/#primaryimage","url":"https:\/\/files.sunoresearch.com.br\/n\/uploads\/2023\/09\/sabesp-sbsp3.jpg","contentUrl":"https:\/\/files.sunoresearch.com.br\/n\/uploads\/2023\/09\/sabesp-sbsp3.jpg","width":1200,"height":800,"caption":"Sabesp (SBSP3). Foto: Divulga\u00e7\u00e3o"},{"@type":"BreadcrumbList","@id":"https:\/\/www.suno.com.br\/noticias\/sabesp-sbsp3-privatizacao-gpj-2\/#breadcrumb","itemListElement":[{"@type":"ListItem","position":1,"name":"Not\u00edcias","item":"https:\/\/www.suno.com.br\/noticias\/"},{"@type":"ListItem","position":2,"name":"Neg\u00f3cios","item":"https:\/\/www.suno.com.br\/noticias\/negocios\/"},{"@type":"ListItem","position":3,"name":"Sabesp (SBSP3): o que acontece agora ap\u00f3s aprova\u00e7\u00e3o do projeto de privatiza\u00e7\u00e3o?"}]},{"@type":"WebSite","@id":"https:\/\/www.suno.com.br\/noticias\/#website","url":"https:\/\/www.suno.com.br\/noticias\/","name":"Suno Not\u00edcias","description":"Seu portal de informa\u00e7\u00e3o sobre o mundo dos investimentos","publisher":{"@id":"https:\/\/www.suno.com.br\/noticias\/#organization"},"potentialAction":[{"@type":"SearchAction","target":{"@type":"EntryPoint","urlTemplate":"https:\/\/www.suno.com.br\/noticias\/?s={search_term_string}"},"query-input":{"@type":"PropertyValueSpecification","valueRequired":true,"valueName":"search_term_string"}}],"inLanguage":"pt-BR"},{"@type":"Organization","@id":"https:\/\/www.suno.com.br\/noticias\/#organization","name":"Suno Not\u00edcias","url":"https:\/\/www.suno.com.br\/noticias\/","logo":{"@type":"ImageObject","inLanguage":"pt-BR","@id":"https:\/\/www.suno.com.br\/noticias\/#\/schema\/logo\/image\/","url":"https:\/\/files.sunoresearch.com.br\/n\/uploads\/2021\/09\/suno-logo.png","contentUrl":"https:\/\/files.sunoresearch.com.br\/n\/uploads\/2021\/09\/suno-logo.png","width":180,"height":180,"caption":"Suno Not\u00edcias"},"image":{"@id":"https:\/\/www.suno.com.br\/noticias\/#\/schema\/logo\/image\/"},"sameAs":["https:\/\/facebook.com\/sunoresearch","https:\/\/x.com\/sunoresearch","https:\/\/www.instagram.com\/suno","https:\/\/www.linkedin.com\/company\/suno-research\/","https:\/\/www.youtube.com\/c\/sunoresearch"]},{"@type":"Person","@id":"https:\/\/www.suno.com.br\/noticias\/#\/schema\/person\/d0f32748bbca4bee871fa191ee4e2d40","name":"Giovanni Porf\u00edrio Jacomino","image":{"@type":"ImageObject","inLanguage":"pt-BR","@id":"https:\/\/www.suno.com.br\/noticias\/#\/schema\/person\/image\/","url":"https:\/\/secure.gravatar.com\/avatar\/efb32e19b730a121cb7a80f41ffec01a?s=96&r=g","contentUrl":"https:\/\/secure.gravatar.com\/avatar\/efb32e19b730a121cb7a80f41ffec01a?s=96&r=g","caption":"Giovanni Porf\u00edrio Jacomino"},"description":"Giovanni Porf\u00edrio Jacomino \u00e9 jornalista formado pela Universidade Estadual de Londrina (UEL) e p\u00f3s-graduado em Produ\u00e7\u00e3o e Pr\u00e1ticas Jornal\u00edsticas na Contemporaneidade na Faculdade C\u00e1sper L\u00edbero (FCL). Foi editor web no Startupi e no Finsiders, atuando ainda como editor no TC Mover, portal de not\u00edcias da TradersClub, fazendo a cobertura de assuntos relacionados ao mercado financeiro interno e externo. Atualmente, \u00e9 Rep\u00f3rter do Suno Not\u00edcias.","url":"https:\/\/www.suno.com.br\/noticias\/author\/giovanni-porfiriosuno-com-br\/"}]}},"default_loop_html":"<div class=\"cardsPage__listCard__boxs\"><div class=\"cardsPage__listCard__boxs__img\"><a href=\"https:\/\/www.suno.com.br\/noticias\/sabesp-sbsp3-privatizacao-gpj-2\/\"><img class=\"mask\" src=\"https:\/\/www.suno.com.br\/noticias\/wp-content\/themes\/suno\/resources\/images\/spotlight\/spotlight1img\/bg-mask.png\" alt=\"Image Mask\"\/><img src=\"https:\/\/files.sunoresearch.com.br\/n\/uploads\/2023\/09\/sabesp-sbsp3-400x200.jpg\" alt=\"Sabesp (SBSP3): o que acontece agora ap\u00f3s aprova\u00e7\u00e3o do projeto de privatiza\u00e7\u00e3o?\"\/><\/a><span class=\"spotlightCategory\"><a href=\"https:\/\/www.suno.com.br\/noticias\/negocios\/\">Neg\u00f3cios<\/a><\/span><\/div><div class=\"cardsPage__listCard__boxs__content\"><a href=\"https:\/\/www.suno.com.br\/noticias\/sabesp-sbsp3-privatizacao-gpj-2\/\"><h2 class=\"content__title\">Sabesp (SBSP3): o que acontece agora ap\u00f3s aprova\u00e7\u00e3o do projeto de privatiza\u00e7\u00e3o?<\/h2><\/a><div class=\"newsContent__article__meta\"><div class=\"newsContent__article__meta__authorBox\"><a href=\"https:\/\/www.suno.com.br\/noticias\/author\/redacao-suno\/\" class=\"authorBox__avatar noMobi\"><img src=\"https:\/\/files.sunoresearch.com.br\/n\/uploads\/2020\/08\/0ace682d-redacao-1-150x150.webp\" alt=\"Reda\u00e7\u00e3o Suno Not\u00edcias\"><\/a><div class=\"authorBox__name\"><span>por\n\t\t\t<a href=\"https:\/\/www.suno.com.br\/noticias\/author\/redacao-suno\/\"><span itemprop=\"author\">Reda\u00e7\u00e3o Suno Not\u00edcias<\/span><\/a><\/span><time datetime=\"2023-12-07T13:42:13-03:00\" itemprop=\"datePublished\">07\/12\/2023 13:42<\/time><\/div><\/div><\/div><\/div><\/div>","single_layout":"posts","amp_enabled":true,"_links":{"self":[{"href":"https:\/\/www.suno.com.br\/noticias\/wp-json\/wp\/v2\/posts\/496622"}],"collection":[{"href":"https:\/\/www.suno.com.br\/noticias\/wp-json\/wp\/v2\/posts"}],"about":[{"href":"https:\/\/www.suno.com.br\/noticias\/wp-json\/wp\/v2\/types\/post"}],"author":[{"embeddable":true,"href":"https:\/\/www.suno.com.br\/noticias\/wp-json\/wp\/v2\/users\/313"}],"replies":[{"embeddable":true,"href":"https:\/\/www.suno.com.br\/noticias\/wp-json\/wp\/v2\/comments?post=496622"}],"version-history":[{"count":2,"href":"https:\/\/www.suno.com.br\/noticias\/wp-json\/wp\/v2\/posts\/496622\/revisions"}],"predecessor-version":[{"id":496704,"href":"https:\/\/www.suno.com.br\/noticias\/wp-json\/wp\/v2\/posts\/496622\/revisions\/496704"}],"wp:featuredmedia":[{"embeddable":true,"href":"https:\/\/www.suno.com.br\/noticias\/wp-json\/wp\/v2\/media\/452743"}],"wp:attachment":[{"href":"https:\/\/www.suno.com.br\/noticias\/wp-json\/wp\/v2\/media?parent=496622"}],"wp:term":[{"taxonomy":"category","embeddable":true,"href":"https:\/\/www.suno.com.br\/noticias\/wp-json\/wp\/v2\/categories?post=496622"},{"taxonomy":"post_tag","embeddable":true,"href":"https:\/\/www.suno.com.br\/noticias\/wp-json\/wp\/v2\/tags?post=496622"},{"taxonomy":"suno_strategy","embeddable":true,"href":"https:\/\/www.suno.com.br\/noticias\/wp-json\/wp\/v2\/suno_strategy?post=496622"}],"curies":[{"name":"wp","href":"https:\/\/api.w.org\/{rel}","templated":true}]}}