{"id":496556,"date":"2023-12-07T09:45:53","date_gmt":"2023-12-07T12:45:53","guid":{"rendered":"https:\/\/www.suno.com.br\/noticias\/?p=496556"},"modified":"2023-12-07T09:49:50","modified_gmt":"2023-12-07T12:49:50","slug":"dasa-dasa3-diretor-presidente-gpj","status":"publish","type":"post","link":"https:\/\/www.suno.com.br\/noticias\/dasa-dasa3-diretor-presidente-gpj\/","title":{"rendered":"Dasa (DASA3) antecipa processo e novo diretor-presidente assume cargo em 1\u00ba de janeiro"},"content":{"rendered":"<p>A<strong> Dasa<\/strong> (<a href=\"https:\/\/www.suno.com.br\/acoes\/dasa3\/\">DASA3<\/a>) anunciou por meio de <a href=\"https:\/\/www.suno.com.br\/artigos\/fato-relevante\/\">fato relevante<\/a> nesta quinta-feira (7) que antecipou o processo sucess\u00f3rio na lideran\u00e7a da empresa, antes planejado para ocorrer em fevereiro de 2024, para o in\u00edcio de janeiro.<\/p>\t<div class=\"wrapper-featured-image\">\n\t\t<figure class=\"spotlightImg\">\n\n\t\t\t<picture>\n\t\t\t\t<source media=\"(max-width: 768px)\" srcset=\"https:\/\/files.sunoresearch.com.br\/n\/uploads\/2022\/12\/dasa-dasa3-laboratorios-400x200.jpg\">\n\t\t\t\t<img loading=\"lazy\" decoding=\"async\" class=\"newsContent__article__imgCapa lazyloadDisabled \" src=\"https:\/\/files.sunoresearch.com.br\/n\/uploads\/2022\/12\/dasa-dasa3-laboratorios-800x450.jpg\" width=\"800\" height=\"450\" alt=\"Dasa (DASA3) antecipa processo e novo diretor-presidente assume cargo em 1\u00ba de janeiro\" fetchpriority=high \/>\n\t\t\t<\/picture>\n\n\t\t\t<figcaption class=\"wp-caption-text wp-caption-text--show\">Grupo Dasa (DASA3) Foto: Unsplash<\/figcaption>\n\t\t<\/figure>\n\t<\/div>\n\n\n\n\n\n\n\n\t<p>\n\t\t<a href=\"https:\/\/lp.suno.com.br\/planilha-da-vida-financeira\/\" target=\"_blank\" data-element=\"shortcode-suno-banner\" title=\"Banner SUNO, clique e saiba mais\">\n\t\t\t<picture>\n\t\t\t\t<source media=\"(max-width: 500px)\" srcset=\"https:\/\/files.sunoresearch.com.br\/n\/uploads\/2023\/04\/400x300-Planilha-vida-financeira-true.png\">\n\t\t\t\t<img class=\"newsContent__article__imgCapa newsContent__article__imgCapa--banner\"\n\t\t\t\t\tsrc=\"https:\/\/files.sunoresearch.com.br\/n\/uploads\/2023\/04\/1420x240-Planilha-vida-financeira-true.png\"\n\t\t\t\t\tdata-promo-id=\"106682\"\t\t\t\t\t\t\t\t\t\twidth='1420' height='240'\t\t\t\t\talt=\"https:\/\/files.sunoresearch.com.br\/n\/uploads\/2023\/04\/1420x240-Planilha-vida-financeira-true.png\"\n\t\t\t\t>\n\t\t\t<\/picture>\n\t\t<\/a>\n\t<\/p>\n\n\n\n\n\n<p>Assim, no pr\u00f3ximo dia 1\u00ba de janeiro, o atual diretor-presidente, Pedro de Godoy Bueno, deixa o cargo. Em seu lugar, assume L\u00edcio Tavares \u00c2ngelo Cintra, eleito pelo conselho de administra\u00e7\u00e3o.<\/p>\n\n\n\n<p>As mudan\u00e7as haviam sido anunciadas no fim de junho deste ano e, desde agosto, Bruno j\u00e1 trabalhava ao lado do futuro CEO na transi\u00e7\u00e3o.<\/p>\n\n\n\n<p>Ainda de acordo com a <strong>Dasa<\/strong>, Bueno tamb\u00e9m foi eleito para um cargo no conselho de administra\u00e7\u00e3o<strong>,<\/strong> em substitui\u00e7\u00e3o \u00e0 Carlos de Barros Jorge Neto, que apresentou carta de ren\u00fancia ao colegiado.<\/p>\n\n\n\t<p>\n\t\t<a href=\"https:\/\/lp.suno.com.br\/ebook-como-analisar-uma-acao\/\" target=\"_blank\" data-element=\"shortcode-suno-banner\" title=\"Banner SUNO, clique e saiba mais\">\n\t\t\t<picture>\n\t\t\t\t<source media=\"(max-width: 500px)\" srcset=\"https:\/\/files.sunoresearch.com.br\/n\/uploads\/2023\/03\/Ebook-Acoes-Mobile.jpg\">\n\t\t\t\t<img class=\"newsContent__article__imgCapa newsContent__article__imgCapa--banner\"\n\t\t\t\t\tsrc=\"https:\/\/files.sunoresearch.com.br\/n\/uploads\/2023\/03\/Ebook-Acoes-Desktop.jpg\"\n\t\t\t\t\tdata-promo-id=\"378302\"\t\t\t\t\t\t\t\t\t\twidth='1420' height='286'\t\t\t\t\talt=\"https:\/\/files.sunoresearch.com.br\/n\/uploads\/2023\/03\/Ebook-Acoes-Desktop.jpg\"\n\t\t\t\t>\n\t\t\t<\/picture>\n\t\t<\/a>\n\t<\/p>\n\n\n\n\n\n<h2 class=\"wp-block-heading\">Desempenho das a\u00e7\u00f5es da Dasa<\/h2>\n\n\n\n<div class=\"pluginQuotation\">\n  <p class=\"ticker\">\n    Cota\u00e7\u00e3o <span>DASA3<\/span>\n  <\/p>\n  <div class=\"info\">\n    <div class=\"leftSide\">\n      Gr\u00e1fico gerado em: 07\/12\/2023    <\/div>\n\t\t\t\t\t<div class=\"rightSide\">\n\t\t\t\t\t<span class=\"period\">\n\t\t\t\t\t\t1 Dia\t\t\t\t\t<\/span>\n\t\t\t<\/div>\n\t\t  <\/div>\n\n  <div id=\"chart-1298f549f611d641d0f002671fa753be\" data-block-hash=\"1298f549f611d641d0f002671fa753be\"  class=\"chart\" style=\"width:100%;height:400px;\"><\/div>\n\n  <div class=\"pluginQuotation__footer\">\n    <div class=\"dataChart\">\n\n      <div class=\"dataChart__div1 variation\">\n        <div class=\"value-negative\">\n          -0,21 (-0,02%)        <\/div>\n        <div class=\"text\">\n          Varia\u00e7\u00e3o do per\u00edodo\n        <\/div>\n      <\/div>\n\n      <div class=\"dataChart__div2 minMax\">\n        <div class=\"value\">\n          R$\u00a09,29        <\/div>\n        <div class=\"text\">\n          M\u00ednima\n        <\/div>\n      <\/div>\n\n      <div class=\"dataChart__div3 minMax\">\n        <div class=\"value\">\n          R$\u00a09,45        <\/div>\n        <div class=\"text\">\n          M\u00e1xima\n        <\/div>\n      <\/div>\n\n\t\t\t<div class=\"dataChart__div4 rightSide\">\n\t\t\t\t<div class=\"analiticaSource\">\n\t\t\t\t\t<span>\n\t\t\t\t\t\tFonte:\n\t\t\t\t\t<\/span>\n\t\t\t\t\t<img decoding=\"async\" class=\"analiticaLogo\" src=\"https:\/\/www.suno.com.br\/noticias\/wp-content\/plugins\/suno-block-ticker-quotation\/src\/suno-analitica-logo.png\" alt=\"Logo Suno Anal\u00edtica\" \/>\n\t\t\t\t<\/div>\n\n\t\t\t\t<a href=\"https:\/\/www.suno.com.br\/analitica\/acoes\/DASA3\" target=\"_blank\">\n\t\t\t\t\t<span>\n\t\t\t\t\t\tVer mais cota\u00e7\u00f5es\n\t\t\t\t\t<\/span>\n\t\t\t\t\t<svg xmlns=\"http:\/\/www.w3.org\/2000\/svg\" width=\"9\" height=\"8\" viewBox=\"0 0 9 8\" fill=\"none\">\n\t\t\t\t\t\t<path d=\"M4.20996 0L3.50496 0.705L6.29496 3.5H0.209961V4.5H6.29496L3.50496 7.295L4.20996 8L8.20996 4L4.20996 0Z\" fill=\"#D42126\" \/>\n\t\t\t\t\t<\/svg>\n\t\t\t\t<\/a>\n    <\/div>\n\n    <\/div>\n  <\/div>\n<\/div>\n\n\n<script type=\"text\/javascript\">\n  let chart_1298f549f611d641d0f002671fa753be = document.getElementById('chart-1298f549f611d641d0f002671fa753be');\n  let data_json_1298f549f611d641d0f002671fa753be = \"[{\\\"date\\\":\\\"06\\\\\\\/12\\\\\\\/23 10:02\\\",\\\"value\\\":9.31},{\\\"date\\\":\\\"06\\\\\\\/12\\\\\\\/23 10:06\\\",\\\"value\\\":9.37},{\\\"date\\\":\\\"06\\\\\\\/12\\\\\\\/23 10:12\\\",\\\"value\\\":9.39},{\\\"date\\\":\\\"06\\\\\\\/12\\\\\\\/23 10:14\\\",\\\"value\\\":9.45},{\\\"date\\\":\\\"06\\\\\\\/12\\\\\\\/23 10:18\\\",\\\"value\\\":9.42},{\\\"date\\\":\\\"06\\\\\\\/12\\\\\\\/23 10:20\\\",\\\"value\\\":9.42},{\\\"date\\\":\\\"06\\\\\\\/12\\\\\\\/23 10:24\\\",\\\"value\\\":9.4},{\\\"date\\\":\\\"06\\\\\\\/12\\\\\\\/23 10:26\\\",\\\"value\\\":9.42},{\\\"date\\\":\\\"06\\\\\\\/12\\\\\\\/23 10:28\\\",\\\"value\\\":9.34},{\\\"date\\\":\\\"06\\\\\\\/12\\\\\\\/23 10:30\\\",\\\"value\\\":9.37},{\\\"date\\\":\\\"06\\\\\\\/12\\\\\\\/23 14:54\\\",\\\"value\\\":9.4},{\\\"date\\\":\\\"06\\\\\\\/12\\\\\\\/23 14:56\\\",\\\"value\\\":9.4},{\\\"date\\\":\\\"06\\\\\\\/12\\\\\\\/23 14:58\\\",\\\"value\\\":9.4},{\\\"date\\\":\\\"06\\\\\\\/12\\\\\\\/23 15:04\\\",\\\"value\\\":9.38},{\\\"date\\\":\\\"06\\\\\\\/12\\\\\\\/23 15:08\\\",\\\"value\\\":9.37},{\\\"date\\\":\\\"06\\\\\\\/12\\\\\\\/23 15:10\\\",\\\"value\\\":9.39},{\\\"date\\\":\\\"06\\\\\\\/12\\\\\\\/23 15:12\\\",\\\"value\\\":9.37},{\\\"date\\\":\\\"06\\\\\\\/12\\\\\\\/23 15:26\\\",\\\"value\\\":9.35},{\\\"date\\\":\\\"06\\\\\\\/12\\\\\\\/23 15:32\\\",\\\"value\\\":9.35},{\\\"date\\\":\\\"06\\\\\\\/12\\\\\\\/23 15:34\\\",\\\"value\\\":9.36},{\\\"date\\\":\\\"06\\\\\\\/12\\\\\\\/23 15:42\\\",\\\"value\\\":9.35},{\\\"date\\\":\\\"06\\\\\\\/12\\\\\\\/23 15:44\\\",\\\"value\\\":9.36},{\\\"date\\\":\\\"06\\\\\\\/12\\\\\\\/23 15:58\\\",\\\"value\\\":9.35},{\\\"date\\\":\\\"06\\\\\\\/12\\\\\\\/23 16:04\\\",\\\"value\\\":9.35},{\\\"date\\\":\\\"06\\\\\\\/12\\\\\\\/23 16:10\\\",\\\"value\\\":9.29},{\\\"date\\\":\\\"06\\\\\\\/12\\\\\\\/23 16:14\\\",\\\"value\\\":9.29}]\";\n  let isPositive_1298f549f611d641d0f002671fa753be = \"\";\n\n  let color_1298f549f611d641d0f002671fa753be = isPositive_1298f549f611d641d0f002671fa753be ? '#3AB53A' : '#D92C2D';\n\n  let data_1298f549f611d641d0f002671fa753be = JSON.parse(data_json_1298f549f611d641d0f002671fa753be);\n\n  const result_1298f549f611d641d0f002671fa753be = {\n    date: [],\n    value: [],\n  };\n\n  data_1298f549f611d641d0f002671fa753be.forEach((item) => {\n    result_1298f549f611d641d0f002671fa753be.date.push(item.date);\n    result_1298f549f611d641d0f002671fa753be.value.push(Number(item.value));\n  });\n\n  let option_1298f549f611d641d0f002671fa753be = {\n    \/\/ variavel de cor global\n    color: [color_1298f549f611d641d0f002671fa753be],\n    title: {\n      text: '',\n    },\n    tooltip: {\n      trigger: 'axis',\n      axisPointer: {\n        type: 'cross',\n        label: {\n          \/\/ cor dos valores em X e Y\n          backgroundColor: color_1298f549f611d641d0f002671fa753be,\n          formatter: (value) => {\n            if (typeof value.value === 'number') {\n              return Number(value.value).toLocaleString('pt-br', {\n                style: 'currency',\n                currency: 'BRL'\n              });\n            }\n            return value.value;\n          },\n        },\n      },\n      valueFormatter: (value) => Number(value).toLocaleString('pt-br', {\n        style: 'currency',\n        currency: 'BRL'\n      }),\n    },\n    legend: {\n      \/\/ data: ['Valor de Fechamento'],\n      show: false,\n    },\n    toolbox: {\n      feature: {\n        saveAsImage: {\n          show: false,\n        },\n      },\n    },\n    grid: {\n      left: '0px',\n      right: '0px',\n      bottom: '0px',\n      containLabel: true,\n    },\n    xAxis: [{\n      type: 'category',\n      data: result_1298f549f611d641d0f002671fa753be.date,\n      boundaryGap: true,\n    }],\n    yAxis: [{\n      type: 'value',\n      min: Math.min(...result_1298f549f611d641d0f002671fa753be.value),\n      max: Math.max(...result_1298f549f611d641d0f002671fa753be.value),\n      axisLabel: {\n        formatter: (value) => value.toLocaleString('pt-br', {\n          style: 'currency',\n          currency: 'BRL'\n        }),\n      },\n    }],\n    series: [{\n      name: 'Valor de Fechamento',\n      type: 'line',\n      stack: 'Total',\n      \/\/ cor do grafico\n      areaStyle: {},\n      emphasis: {\n        focus: 'series',\n      },\n      data: result_1298f549f611d641d0f002671fa753be.value,\n      \/\/ cor da linha\n      lineStyle: {\n        color: color_1298f549f611d641d0f002671fa753be,\n      },\n    }, ],\n  };\n\n\twindow.chart_1298f549f611d641d0f002671fa753be = {\n\t\tel: chart_1298f549f611d641d0f002671fa753be,\n\t\toption: option_1298f549f611d641d0f002671fa753be\t};\n\n\n<\/script>\n\n\n\t<p>\n\t\t<a href=\"https:\/\/lp.suno.com.br\/planilha-da-vida-financeira\/\" target=\"_blank\" data-element=\"shortcode-suno-banner\" title=\"Banner SUNO, clique e saiba mais\">\n\t\t\t<picture>\n\t\t\t\t<source media=\"(max-width: 500px)\" srcset=\"https:\/\/files.sunoresearch.com.br\/n\/uploads\/2023\/04\/400x300-Planilha-vida-financeira-true.png\">\n\t\t\t\t<img class=\"newsContent__article__imgCapa newsContent__article__imgCapa--banner\"\n\t\t\t\t\tsrc=\"https:\/\/files.sunoresearch.com.br\/n\/uploads\/2023\/04\/1420x240-Planilha-vida-financeira-true.png\"\n\t\t\t\t\tdata-promo-id=\"383123\"\t\t\t\t\t\t\t\t\t\twidth='1420' height='240'\t\t\t\t\talt=\"https:\/\/files.sunoresearch.com.br\/n\/uploads\/2023\/04\/1420x240-Planilha-vida-financeira-true.png\"\n\t\t\t\t>\n\t\t\t<\/picture>\n\t\t<\/a>\n\t<\/p>\n\n\n","protected":false},"excerpt":{"rendered":"<p>A Dasa (DASA3) anunciou por meio de fato relevante nesta quinta-feira (7) que antecipou o processo sucess\u00f3rio na lideran\u00e7a da empresa, antes planejado para ocorrer em fevereiro de 2024, para o in\u00edcio de janeiro. Grupo Dasa (DASA3) Foto: Unsplash Assim, no pr\u00f3ximo dia 1\u00ba de janeiro, o atual diretor-presidente, Pedro de Godoy Bueno, deixa o [&hellip;]<\/p>\n","protected":false},"author":313,"featured_media":330606,"comment_status":"closed","ping_status":"closed","sticky":false,"template":"","format":"standard","meta":[],"categories":[64],"tags":[444],"suno_strategy":[],"class_list":["post-496556","post","type-post","status-publish","format-standard","has-post-thumbnail","hentry","category-negocios","tag-dasa-dasa3"],"yoast_head":"<!-- This site is optimized with the Yoast SEO plugin v24.4 - https:\/\/yoast.com\/wordpress\/plugins\/seo\/ -->\n<title>Dasa (DASA3) antecipa processo e novo CEO assume em 1\u00ba de janeiro<\/title>\n<meta name=\"description\" content=\"A Dasa (DASA3) antecipou o processo sucess\u00f3rio na lideran\u00e7a da empresa, antes planejado para ocorrer em fevereiro de 2024.\" \/>\n<meta name=\"robots\" content=\"index, follow, max-snippet:-1, max-image-preview:large, max-video-preview:-1\" \/>\n<link rel=\"canonical\" href=\"https:\/\/www.suno.com.br\/noticias\/dasa-dasa3-diretor-presidente-gpj\/\" \/>\n<meta property=\"og:locale\" content=\"pt_BR\" \/>\n<meta property=\"og:type\" content=\"article\" \/>\n<meta property=\"og:title\" content=\"Dasa (DASA3) antecipa processo e novo CEO assume em 1\u00ba de janeiro\" \/>\n<meta property=\"og:description\" content=\"A Dasa (DASA3) antecipou o processo sucess\u00f3rio na lideran\u00e7a da empresa, antes planejado para ocorrer em fevereiro de 2024.\" \/>\n<meta property=\"og:url\" content=\"https:\/\/www.suno.com.br\/noticias\/dasa-dasa3-diretor-presidente-gpj\/\" \/>\n<meta property=\"og:site_name\" content=\"Suno Not\u00edcias\" \/>\n<meta property=\"article:publisher\" content=\"https:\/\/facebook.com\/sunoresearch\" \/>\n<meta property=\"og:image\" content=\"https:\/\/files.sunoresearch.com.br\/n\/uploads\/2022\/12\/dasa-dasa3-laboratorios-scaled.jpg\" \/>\n\t<meta property=\"og:image:width\" content=\"2560\" \/>\n\t<meta property=\"og:image:height\" content=\"1606\" \/>\n\t<meta property=\"og:image:type\" content=\"image\/jpeg\" \/>\n<meta name=\"author\" content=\"Giovanni Porf\u00edrio Jacomino\" \/>\n<meta name=\"twitter:card\" content=\"summary_large_image\" \/>\n<meta name=\"twitter:creator\" content=\"@sunoresearch\" \/>\n<meta name=\"twitter:site\" content=\"@sunoresearch\" \/>\n<meta name=\"twitter:label1\" content=\"Escrito por\" \/>\n\t<meta name=\"twitter:data1\" content=\"Giovanni Porf\u00edrio Jacomino\" \/>\n\t<meta name=\"twitter:label2\" content=\"Est. tempo de leitura\" \/>\n\t<meta name=\"twitter:data2\" content=\"1 minuto\" \/>\n<script type=\"application\/ld+json\" class=\"yoast-schema-graph\">{\"@context\":\"https:\/\/schema.org\",\"@graph\":[{\"@type\":\"NewsArticle\",\"@id\":\"https:\/\/www.suno.com.br\/noticias\/dasa-dasa3-diretor-presidente-gpj\/#article\",\"isPartOf\":{\"@id\":\"https:\/\/www.suno.com.br\/noticias\/dasa-dasa3-diretor-presidente-gpj\/\"},\"author\":{\"name\":\"Giovanni Porf\u00edrio Jacomino\",\"@id\":\"https:\/\/www.suno.com.br\/noticias\/#\/schema\/person\/d0f32748bbca4bee871fa191ee4e2d40\"},\"headline\":\"Dasa (DASA3) antecipa processo e novo diretor-presidente assume cargo em 1\u00ba de janeiro\",\"datePublished\":\"2023-12-07T12:45:53+00:00\",\"dateModified\":\"2023-12-07T12:49:50+00:00\",\"mainEntityOfPage\":{\"@id\":\"https:\/\/www.suno.com.br\/noticias\/dasa-dasa3-diretor-presidente-gpj\/\"},\"wordCount\":155,\"publisher\":{\"@id\":\"https:\/\/www.suno.com.br\/noticias\/#organization\"},\"image\":{\"@id\":\"https:\/\/www.suno.com.br\/noticias\/dasa-dasa3-diretor-presidente-gpj\/#primaryimage\"},\"thumbnailUrl\":\"https:\/\/files.sunoresearch.com.br\/n\/uploads\/2022\/12\/dasa-dasa3-laboratorios-scaled.jpg\",\"keywords\":[\"Dasa (DASA3)\"],\"articleSection\":[\"Neg\u00f3cios\"],\"inLanguage\":\"pt-BR\"},{\"@type\":\"WebPage\",\"@id\":\"https:\/\/www.suno.com.br\/noticias\/dasa-dasa3-diretor-presidente-gpj\/\",\"url\":\"https:\/\/www.suno.com.br\/noticias\/dasa-dasa3-diretor-presidente-gpj\/\",\"name\":\"Dasa (DASA3) antecipa processo e novo CEO assume em 1\u00ba de janeiro\",\"isPartOf\":{\"@id\":\"https:\/\/www.suno.com.br\/noticias\/#website\"},\"primaryImageOfPage\":{\"@id\":\"https:\/\/www.suno.com.br\/noticias\/dasa-dasa3-diretor-presidente-gpj\/#primaryimage\"},\"image\":{\"@id\":\"https:\/\/www.suno.com.br\/noticias\/dasa-dasa3-diretor-presidente-gpj\/#primaryimage\"},\"thumbnailUrl\":\"https:\/\/files.sunoresearch.com.br\/n\/uploads\/2022\/12\/dasa-dasa3-laboratorios-scaled.jpg\",\"datePublished\":\"2023-12-07T12:45:53+00:00\",\"dateModified\":\"2023-12-07T12:49:50+00:00\",\"description\":\"A Dasa (DASA3) antecipou o processo sucess\u00f3rio na lideran\u00e7a da empresa, antes planejado para ocorrer em fevereiro de 2024.\",\"breadcrumb\":{\"@id\":\"https:\/\/www.suno.com.br\/noticias\/dasa-dasa3-diretor-presidente-gpj\/#breadcrumb\"},\"inLanguage\":\"pt-BR\",\"potentialAction\":[{\"@type\":\"ReadAction\",\"target\":[\"https:\/\/www.suno.com.br\/noticias\/dasa-dasa3-diretor-presidente-gpj\/\"]}]},{\"@type\":\"ImageObject\",\"inLanguage\":\"pt-BR\",\"@id\":\"https:\/\/www.suno.com.br\/noticias\/dasa-dasa3-diretor-presidente-gpj\/#primaryimage\",\"url\":\"https:\/\/files.sunoresearch.com.br\/n\/uploads\/2022\/12\/dasa-dasa3-laboratorios-scaled.jpg\",\"contentUrl\":\"https:\/\/files.sunoresearch.com.br\/n\/uploads\/2022\/12\/dasa-dasa3-laboratorios-scaled.jpg\",\"width\":2560,\"height\":1606,\"caption\":\"Grupo Dasa (DASA3) Foto: Unsplash\"},{\"@type\":\"BreadcrumbList\",\"@id\":\"https:\/\/www.suno.com.br\/noticias\/dasa-dasa3-diretor-presidente-gpj\/#breadcrumb\",\"itemListElement\":[{\"@type\":\"ListItem\",\"position\":1,\"name\":\"Not\u00edcias\",\"item\":\"https:\/\/www.suno.com.br\/noticias\/\"},{\"@type\":\"ListItem\",\"position\":2,\"name\":\"Neg\u00f3cios\",\"item\":\"https:\/\/www.suno.com.br\/noticias\/negocios\/\"},{\"@type\":\"ListItem\",\"position\":3,\"name\":\"Dasa (DASA3) antecipa processo e novo diretor-presidente assume cargo em 1\u00ba de janeiro\"}]},{\"@type\":\"WebSite\",\"@id\":\"https:\/\/www.suno.com.br\/noticias\/#website\",\"url\":\"https:\/\/www.suno.com.br\/noticias\/\",\"name\":\"Suno Not\u00edcias\",\"description\":\"Seu portal de informa\u00e7\u00e3o sobre o mundo dos investimentos\",\"publisher\":{\"@id\":\"https:\/\/www.suno.com.br\/noticias\/#organization\"},\"potentialAction\":[{\"@type\":\"SearchAction\",\"target\":{\"@type\":\"EntryPoint\",\"urlTemplate\":\"https:\/\/www.suno.com.br\/noticias\/?s={search_term_string}\"},\"query-input\":{\"@type\":\"PropertyValueSpecification\",\"valueRequired\":true,\"valueName\":\"search_term_string\"}}],\"inLanguage\":\"pt-BR\"},{\"@type\":\"Organization\",\"@id\":\"https:\/\/www.suno.com.br\/noticias\/#organization\",\"name\":\"Suno Not\u00edcias\",\"url\":\"https:\/\/www.suno.com.br\/noticias\/\",\"logo\":{\"@type\":\"ImageObject\",\"inLanguage\":\"pt-BR\",\"@id\":\"https:\/\/www.suno.com.br\/noticias\/#\/schema\/logo\/image\/\",\"url\":\"https:\/\/files.sunoresearch.com.br\/n\/uploads\/2021\/09\/suno-logo.png\",\"contentUrl\":\"https:\/\/files.sunoresearch.com.br\/n\/uploads\/2021\/09\/suno-logo.png\",\"width\":180,\"height\":180,\"caption\":\"Suno Not\u00edcias\"},\"image\":{\"@id\":\"https:\/\/www.suno.com.br\/noticias\/#\/schema\/logo\/image\/\"},\"sameAs\":[\"https:\/\/facebook.com\/sunoresearch\",\"https:\/\/x.com\/sunoresearch\",\"https:\/\/www.instagram.com\/suno\",\"https:\/\/www.linkedin.com\/company\/suno-research\/\",\"https:\/\/www.youtube.com\/c\/sunoresearch\"]},{\"@type\":\"Person\",\"@id\":\"https:\/\/www.suno.com.br\/noticias\/#\/schema\/person\/d0f32748bbca4bee871fa191ee4e2d40\",\"name\":\"Giovanni Porf\u00edrio Jacomino\",\"image\":{\"@type\":\"ImageObject\",\"inLanguage\":\"pt-BR\",\"@id\":\"https:\/\/www.suno.com.br\/noticias\/#\/schema\/person\/image\/\",\"url\":\"https:\/\/secure.gravatar.com\/avatar\/efb32e19b730a121cb7a80f41ffec01a?s=96&r=g\",\"contentUrl\":\"https:\/\/secure.gravatar.com\/avatar\/efb32e19b730a121cb7a80f41ffec01a?s=96&r=g\",\"caption\":\"Giovanni Porf\u00edrio Jacomino\"},\"description\":\"Giovanni Porf\u00edrio Jacomino \u00e9 jornalista formado pela Universidade Estadual de Londrina (UEL) e p\u00f3s-graduado em Produ\u00e7\u00e3o e Pr\u00e1ticas Jornal\u00edsticas na Contemporaneidade na Faculdade C\u00e1sper L\u00edbero (FCL). Foi editor web no Startupi e no Finsiders, atuando ainda como editor no TC Mover, portal de not\u00edcias da TradersClub, fazendo a cobertura de assuntos relacionados ao mercado financeiro interno e externo. Atualmente, \u00e9 Rep\u00f3rter do Suno Not\u00edcias.\",\"url\":\"https:\/\/www.suno.com.br\/noticias\/author\/giovanni-porfiriosuno-com-br\/\"}]}<\/script>\n<!-- \/ Yoast SEO plugin. -->","yoast_head_json":{"title":"Dasa (DASA3) antecipa processo e novo CEO assume em 1\u00ba de janeiro","description":"A Dasa (DASA3) antecipou o processo sucess\u00f3rio na lideran\u00e7a da empresa, antes planejado para ocorrer em fevereiro de 2024.","robots":{"index":"index","follow":"follow","max-snippet":"max-snippet:-1","max-image-preview":"max-image-preview:large","max-video-preview":"max-video-preview:-1"},"canonical":"https:\/\/www.suno.com.br\/noticias\/dasa-dasa3-diretor-presidente-gpj\/","og_locale":"pt_BR","og_type":"article","og_title":"Dasa (DASA3) antecipa processo e novo CEO assume em 1\u00ba de janeiro","og_description":"A Dasa (DASA3) antecipou o processo sucess\u00f3rio na lideran\u00e7a da empresa, antes planejado para ocorrer em fevereiro de 2024.","og_url":"https:\/\/www.suno.com.br\/noticias\/dasa-dasa3-diretor-presidente-gpj\/","og_site_name":"Suno Not\u00edcias","article_publisher":"https:\/\/facebook.com\/sunoresearch","og_image":[{"width":2560,"height":1606,"url":"https:\/\/files.sunoresearch.com.br\/n\/uploads\/2022\/12\/dasa-dasa3-laboratorios-scaled.jpg","type":"image\/jpeg"}],"author":"Giovanni Porf\u00edrio Jacomino","twitter_card":"summary_large_image","twitter_creator":"@sunoresearch","twitter_site":"@sunoresearch","twitter_misc":{"Escrito por":"Giovanni Porf\u00edrio Jacomino","Est. tempo de leitura":"1 minuto"},"schema":{"@context":"https:\/\/schema.org","@graph":[{"@type":"NewsArticle","@id":"https:\/\/www.suno.com.br\/noticias\/dasa-dasa3-diretor-presidente-gpj\/#article","isPartOf":{"@id":"https:\/\/www.suno.com.br\/noticias\/dasa-dasa3-diretor-presidente-gpj\/"},"author":{"name":"Giovanni Porf\u00edrio Jacomino","@id":"https:\/\/www.suno.com.br\/noticias\/#\/schema\/person\/d0f32748bbca4bee871fa191ee4e2d40"},"headline":"Dasa (DASA3) antecipa processo e novo diretor-presidente assume cargo em 1\u00ba de janeiro","datePublished":"2023-12-07T12:45:53+00:00","dateModified":"2023-12-07T12:49:50+00:00","mainEntityOfPage":{"@id":"https:\/\/www.suno.com.br\/noticias\/dasa-dasa3-diretor-presidente-gpj\/"},"wordCount":155,"publisher":{"@id":"https:\/\/www.suno.com.br\/noticias\/#organization"},"image":{"@id":"https:\/\/www.suno.com.br\/noticias\/dasa-dasa3-diretor-presidente-gpj\/#primaryimage"},"thumbnailUrl":"https:\/\/files.sunoresearch.com.br\/n\/uploads\/2022\/12\/dasa-dasa3-laboratorios-scaled.jpg","keywords":["Dasa (DASA3)"],"articleSection":["Neg\u00f3cios"],"inLanguage":"pt-BR"},{"@type":"WebPage","@id":"https:\/\/www.suno.com.br\/noticias\/dasa-dasa3-diretor-presidente-gpj\/","url":"https:\/\/www.suno.com.br\/noticias\/dasa-dasa3-diretor-presidente-gpj\/","name":"Dasa (DASA3) antecipa processo e novo CEO assume em 1\u00ba de janeiro","isPartOf":{"@id":"https:\/\/www.suno.com.br\/noticias\/#website"},"primaryImageOfPage":{"@id":"https:\/\/www.suno.com.br\/noticias\/dasa-dasa3-diretor-presidente-gpj\/#primaryimage"},"image":{"@id":"https:\/\/www.suno.com.br\/noticias\/dasa-dasa3-diretor-presidente-gpj\/#primaryimage"},"thumbnailUrl":"https:\/\/files.sunoresearch.com.br\/n\/uploads\/2022\/12\/dasa-dasa3-laboratorios-scaled.jpg","datePublished":"2023-12-07T12:45:53+00:00","dateModified":"2023-12-07T12:49:50+00:00","description":"A Dasa (DASA3) antecipou o processo sucess\u00f3rio na lideran\u00e7a da empresa, antes planejado para ocorrer em fevereiro de 2024.","breadcrumb":{"@id":"https:\/\/www.suno.com.br\/noticias\/dasa-dasa3-diretor-presidente-gpj\/#breadcrumb"},"inLanguage":"pt-BR","potentialAction":[{"@type":"ReadAction","target":["https:\/\/www.suno.com.br\/noticias\/dasa-dasa3-diretor-presidente-gpj\/"]}]},{"@type":"ImageObject","inLanguage":"pt-BR","@id":"https:\/\/www.suno.com.br\/noticias\/dasa-dasa3-diretor-presidente-gpj\/#primaryimage","url":"https:\/\/files.sunoresearch.com.br\/n\/uploads\/2022\/12\/dasa-dasa3-laboratorios-scaled.jpg","contentUrl":"https:\/\/files.sunoresearch.com.br\/n\/uploads\/2022\/12\/dasa-dasa3-laboratorios-scaled.jpg","width":2560,"height":1606,"caption":"Grupo Dasa (DASA3) Foto: Unsplash"},{"@type":"BreadcrumbList","@id":"https:\/\/www.suno.com.br\/noticias\/dasa-dasa3-diretor-presidente-gpj\/#breadcrumb","itemListElement":[{"@type":"ListItem","position":1,"name":"Not\u00edcias","item":"https:\/\/www.suno.com.br\/noticias\/"},{"@type":"ListItem","position":2,"name":"Neg\u00f3cios","item":"https:\/\/www.suno.com.br\/noticias\/negocios\/"},{"@type":"ListItem","position":3,"name":"Dasa (DASA3) antecipa processo e novo diretor-presidente assume cargo em 1\u00ba de janeiro"}]},{"@type":"WebSite","@id":"https:\/\/www.suno.com.br\/noticias\/#website","url":"https:\/\/www.suno.com.br\/noticias\/","name":"Suno Not\u00edcias","description":"Seu portal de informa\u00e7\u00e3o sobre o mundo dos investimentos","publisher":{"@id":"https:\/\/www.suno.com.br\/noticias\/#organization"},"potentialAction":[{"@type":"SearchAction","target":{"@type":"EntryPoint","urlTemplate":"https:\/\/www.suno.com.br\/noticias\/?s={search_term_string}"},"query-input":{"@type":"PropertyValueSpecification","valueRequired":true,"valueName":"search_term_string"}}],"inLanguage":"pt-BR"},{"@type":"Organization","@id":"https:\/\/www.suno.com.br\/noticias\/#organization","name":"Suno Not\u00edcias","url":"https:\/\/www.suno.com.br\/noticias\/","logo":{"@type":"ImageObject","inLanguage":"pt-BR","@id":"https:\/\/www.suno.com.br\/noticias\/#\/schema\/logo\/image\/","url":"https:\/\/files.sunoresearch.com.br\/n\/uploads\/2021\/09\/suno-logo.png","contentUrl":"https:\/\/files.sunoresearch.com.br\/n\/uploads\/2021\/09\/suno-logo.png","width":180,"height":180,"caption":"Suno Not\u00edcias"},"image":{"@id":"https:\/\/www.suno.com.br\/noticias\/#\/schema\/logo\/image\/"},"sameAs":["https:\/\/facebook.com\/sunoresearch","https:\/\/x.com\/sunoresearch","https:\/\/www.instagram.com\/suno","https:\/\/www.linkedin.com\/company\/suno-research\/","https:\/\/www.youtube.com\/c\/sunoresearch"]},{"@type":"Person","@id":"https:\/\/www.suno.com.br\/noticias\/#\/schema\/person\/d0f32748bbca4bee871fa191ee4e2d40","name":"Giovanni Porf\u00edrio Jacomino","image":{"@type":"ImageObject","inLanguage":"pt-BR","@id":"https:\/\/www.suno.com.br\/noticias\/#\/schema\/person\/image\/","url":"https:\/\/secure.gravatar.com\/avatar\/efb32e19b730a121cb7a80f41ffec01a?s=96&r=g","contentUrl":"https:\/\/secure.gravatar.com\/avatar\/efb32e19b730a121cb7a80f41ffec01a?s=96&r=g","caption":"Giovanni Porf\u00edrio Jacomino"},"description":"Giovanni Porf\u00edrio Jacomino \u00e9 jornalista formado pela Universidade Estadual de Londrina (UEL) e p\u00f3s-graduado em Produ\u00e7\u00e3o e Pr\u00e1ticas Jornal\u00edsticas na Contemporaneidade na Faculdade C\u00e1sper L\u00edbero (FCL). Foi editor web no Startupi e no Finsiders, atuando ainda como editor no TC Mover, portal de not\u00edcias da TradersClub, fazendo a cobertura de assuntos relacionados ao mercado financeiro interno e externo. Atualmente, \u00e9 Rep\u00f3rter do Suno Not\u00edcias.","url":"https:\/\/www.suno.com.br\/noticias\/author\/giovanni-porfiriosuno-com-br\/"}]}},"default_loop_html":"<div class=\"cardsPage__listCard__boxs\"><div class=\"cardsPage__listCard__boxs__img\"><a href=\"https:\/\/www.suno.com.br\/noticias\/dasa-dasa3-diretor-presidente-gpj\/\"><img class=\"mask\" src=\"https:\/\/www.suno.com.br\/noticias\/wp-content\/themes\/suno\/resources\/images\/spotlight\/spotlight1img\/bg-mask.png\" alt=\"Image Mask\"\/><img src=\"https:\/\/files.sunoresearch.com.br\/n\/uploads\/2022\/12\/dasa-dasa3-laboratorios-400x200.jpg\" alt=\"Dasa (DASA3) antecipa processo e novo diretor-presidente assume cargo em 1\u00ba de janeiro\"\/><\/a><span class=\"spotlightCategory\"><a href=\"https:\/\/www.suno.com.br\/noticias\/negocios\/\">Neg\u00f3cios<\/a><\/span><\/div><div class=\"cardsPage__listCard__boxs__content\"><a href=\"https:\/\/www.suno.com.br\/noticias\/dasa-dasa3-diretor-presidente-gpj\/\"><h2 class=\"content__title\">Dasa (DASA3) antecipa processo e novo diretor-presidente assume cargo em 1\u00ba de janeiro<\/h2><\/a><div class=\"newsContent__article__meta\"><div class=\"newsContent__article__meta__authorBox\"><a href=\"https:\/\/www.suno.com.br\/noticias\/author\/giovanni-porfiriosuno-com-br\/\" class=\"authorBox__avatar noMobi\"><img src=\"https:\/\/files.sunoresearch.com.br\/n\/uploads\/2024\/05\/DSCF4115-1-1-150x150.webp\" alt=\"Giovanni Porf\u00edrio Jacomino\"><\/a><div class=\"authorBox__name\"><span>por\n\t\t\t<a href=\"https:\/\/www.suno.com.br\/noticias\/author\/giovanni-porfiriosuno-com-br\/\"><span itemprop=\"author\">Giovanni Porf\u00edrio Jacomino<\/span><\/a><\/span><time datetime=\"2023-12-07T09:45:53-03:00\" itemprop=\"datePublished\">07\/12\/2023 09:45<\/time><\/div><\/div><\/div><\/div><\/div>","single_layout":"posts","amp_enabled":true,"_links":{"self":[{"href":"https:\/\/www.suno.com.br\/noticias\/wp-json\/wp\/v2\/posts\/496556"}],"collection":[{"href":"https:\/\/www.suno.com.br\/noticias\/wp-json\/wp\/v2\/posts"}],"about":[{"href":"https:\/\/www.suno.com.br\/noticias\/wp-json\/wp\/v2\/types\/post"}],"author":[{"embeddable":true,"href":"https:\/\/www.suno.com.br\/noticias\/wp-json\/wp\/v2\/users\/313"}],"replies":[{"embeddable":true,"href":"https:\/\/www.suno.com.br\/noticias\/wp-json\/wp\/v2\/comments?post=496556"}],"version-history":[{"count":3,"href":"https:\/\/www.suno.com.br\/noticias\/wp-json\/wp\/v2\/posts\/496556\/revisions"}],"predecessor-version":[{"id":496570,"href":"https:\/\/www.suno.com.br\/noticias\/wp-json\/wp\/v2\/posts\/496556\/revisions\/496570"}],"wp:featuredmedia":[{"embeddable":true,"href":"https:\/\/www.suno.com.br\/noticias\/wp-json\/wp\/v2\/media\/330606"}],"wp:attachment":[{"href":"https:\/\/www.suno.com.br\/noticias\/wp-json\/wp\/v2\/media?parent=496556"}],"wp:term":[{"taxonomy":"category","embeddable":true,"href":"https:\/\/www.suno.com.br\/noticias\/wp-json\/wp\/v2\/categories?post=496556"},{"taxonomy":"post_tag","embeddable":true,"href":"https:\/\/www.suno.com.br\/noticias\/wp-json\/wp\/v2\/tags?post=496556"},{"taxonomy":"suno_strategy","embeddable":true,"href":"https:\/\/www.suno.com.br\/noticias\/wp-json\/wp\/v2\/suno_strategy?post=496556"}],"curies":[{"name":"wp","href":"https:\/\/api.w.org\/{rel}","templated":true}]}}