{"id":496493,"date":"2023-12-07T08:29:08","date_gmt":"2023-12-07T11:29:08","guid":{"rendered":"https:\/\/www.suno.com.br\/noticias\/?p=496493"},"modified":"2023-12-07T08:29:12","modified_gmt":"2023-12-07T11:29:12","slug":"sabesp-sbsp3-oposicao-privatizacao-gpj","status":"publish","type":"post","link":"https:\/\/www.suno.com.br\/noticias\/sabesp-sbsp3-oposicao-privatizacao-gpj\/","title":{"rendered":"Sabesp (SBSP3): oposi\u00e7\u00e3o fala em impetrar mandado de seguran\u00e7a para anular sess\u00e3o de privatiza\u00e7\u00e3o"},"content":{"rendered":"<p>A bancada de oposi\u00e7\u00e3o da Assembleia Legislativa do Estado de S\u00e3o Paulo (Alesp), que engloba PT, PSOL, Rede, PSB, PCdoB, PDT, declarou que sua aus\u00eancia na vota\u00e7\u00e3o do projeto de lei (PL) de privatiza\u00e7\u00e3o da <strong>Sabesp<\/strong> (SBSP3) &#8211; aprovada na noite desta quarta-feira, 6, com 62 votos favor\u00e1veis -, foi por n\u00e3o reconhecer a legitimidade da sess\u00e3o, e sugere impetrar um mandado de seguran\u00e7a para anul\u00e1-la.<\/p>\t<div class=\"wrapper-featured-image\">\n\t\t<figure class=\"spotlightImg\">\n\n\t\t\t<picture>\n\t\t\t\t<source media=\"(max-width: 768px)\" srcset=\"https:\/\/files.sunoresearch.com.br\/n\/uploads\/2021\/03\/bc798517-sabesp_2-400x200.webp\">\n\t\t\t\t<img loading=\"lazy\" decoding=\"async\" class=\"newsContent__article__imgCapa lazyloadDisabled \" src=\"https:\/\/files.sunoresearch.com.br\/n\/uploads\/2021\/03\/bc798517-sabesp_2-800x450.webp\" width=\"800\" height=\"450\" alt=\"Sabesp (SBSP3): oposi\u00e7\u00e3o fala em impetrar mandado de seguran\u00e7a para anular sess\u00e3o de privatiza\u00e7\u00e3o\" fetchpriority=high \/>\n\t\t\t<\/picture>\n\n\t\t\t<figcaption class=\"wp-caption-text wp-caption-text--show\">Sabesp (SBSP3) - Foto: Divulga\u00e7\u00e3o<\/figcaption>\n\t\t<\/figure>\n\t<\/div>\n\n\n\n\n\n\n\n\t<p>\n\t\t<a href=\"https:\/\/lp.suno.com.br\/planilha-da-vida-financeira\/\" target=\"_blank\" data-element=\"shortcode-suno-banner\" title=\"Banner SUNO, clique e saiba mais\">\n\t\t\t<picture>\n\t\t\t\t<source media=\"(max-width: 500px)\" srcset=\"https:\/\/files.sunoresearch.com.br\/n\/uploads\/2023\/04\/400x300-Planilha-vida-financeira-true.png\">\n\t\t\t\t<img class=\"newsContent__article__imgCapa newsContent__article__imgCapa--banner\"\n\t\t\t\t\tsrc=\"https:\/\/files.sunoresearch.com.br\/n\/uploads\/2023\/04\/1420x240-Planilha-vida-financeira-true.png\"\n\t\t\t\t\tdata-promo-id=\"106682\"\t\t\t\t\t\t\t\t\t\twidth='1420' height='240'\t\t\t\t\talt=\"https:\/\/files.sunoresearch.com.br\/n\/uploads\/2023\/04\/1420x240-Planilha-vida-financeira-true.png\"\n\t\t\t\t>\n\t\t\t<\/picture>\n\t\t<\/a>\n\t<\/p>\n\n\n\n\n\n<p>Em meio \u00e0 <strong>confus\u00e3o na Alesp<\/strong> que envolveu manifestantes e a Pol\u00edcia Militar, o uso de bombas de g\u00e1s e spray de pimenta impediu a perman\u00eancia de todos no plen\u00e1rio.<\/p>\n\n\n\n<p>&#8220;Durante o processo de discuss\u00e3o e vota\u00e7\u00e3o, manifestantes na galeria &#8211; inclusive adolescentes &#8211; foram agredidos violentamente pela pol\u00edcia. O plen\u00e1rio foi tomado pelo g\u00e1s e spray utilizado pelos agentes de seguran\u00e7a, impossibilitando a perman\u00eancia de servidores, deputados &#8211; inclusive parlamentares idosas e gr\u00e1vidas e imprensa no espa\u00e7o&#8221;, diz nota da oposi\u00e7\u00e3o.<\/p>\n\n\n\n<p>&#8220;O que aconteceu representa bem o governo Tarc\u00edsio, que usa o autoritarismo para impor o que tem de pior para a popula\u00e7\u00e3o de S\u00e3o Paulo&#8221;, afirmou o deputado Guilherme Cortez (PSOL). &#8220;O futuro da nossa \u00e1gua foi decidido com agressividade, aos atropelos e sem o povo e a imprensa fiscalizando&#8221;, continuou.<\/p>\n\n\n\n<p>Se a <strong>vota\u00e7\u00e3o da privatiza\u00e7\u00e3o da Sabesp<\/strong> for mantida, o deputado fala em entrar com uma a\u00e7\u00e3o direta de inconstitucionalidade (ADIn) &#8220;para anular a lei inconstitucional aprovada&#8221;.<\/p>\n\n\n\n<h2 class=\"wp-block-heading\">Privatiza\u00e7\u00e3o da Sabesp (SBSP3) \u00e9 aprovada ap\u00f3s confronto na Assembleia Legislativa<\/h2>\n\n\n\n<p>A Assembleia Legislativa do Estado de S\u00e3o Paulo (Alesp) aprovou nesta quarta (6) o projeto de lei (PL) sobre a<strong> privatiza\u00e7\u00e3o da\u00a0Sabesp<\/strong>. O PL recebeu 62 votos favor\u00e1veis dos deputados e 1 contra.\u00a0Precisava de maioria simples de 48 votos para ser aprovado.\u00a0A vota\u00e7\u00e3o ocorreu ap\u00f3s confronto entre manifestantes e a pol\u00edcia na Alesp.<\/p>\n\n\n\n<p>A oposi\u00e7\u00e3o estava ausente da vota\u00e7\u00e3o da&nbsp;<strong>Sabesp na Alesp<\/strong>&nbsp;e indica que pode questionar judicialmente a realiza\u00e7\u00e3o da vota\u00e7\u00e3o ainda na noite desta quarta-feira, 6 \u2013 houve tumulto, uso de g\u00e1s de pimenta e confronto no plen\u00e1rio.<\/p>\n\n\n\n<p>Manifestantes contra a&nbsp;<strong>privatiza\u00e7\u00e3o da Sabesp<\/strong>&nbsp;for\u00e7aram um vidro que separa o plen\u00e1rio da plateia e tentaram invadir o local. Para cont\u00ea-los, agentes da PM usaram g\u00e1s de pimenta. A subst\u00e2ncia se espalhou por todo o plen\u00e1rio e fez deputados esvaziarem o local \u00e0s pressas. Parlamentares e manifestantes tiveram de deixar o pr\u00e9dio da Alesp e muitos deles tiveram de receber atendimento m\u00e9dico.<\/p>\n\n\n\n<p>Deputados da oposi\u00e7\u00e3o disseram que haveria cerceamento da atividade parlamentar se o presidente da Casa, Andr\u00e9 do Prado (PL-SP), insistisse na continuidade dos debates sobre a<strong>&nbsp;desestatiza\u00e7\u00e3o da Sabesp<\/strong>.<\/p>\n\n\n\n<p>A vota\u00e7\u00e3o foi retomada sem a presen\u00e7a de deputados contr\u00e1rios ao PL e o projeto apoiado pelo&nbsp;<strong>governador Tarc\u00edsio de Freitas<\/strong>&nbsp;foi chancelado em plen\u00e1rio. Algumas emendas ter\u00e3o de ser debatidas \u2013 mas o&nbsp;<strong>PL da Sabesp<\/strong>, que prev\u00ea venda de a\u00e7\u00f5es da Sabesp, j\u00e1 foi aprovado.&nbsp;<\/p>\n\n\n\n<p>Com a lei sancionada, a oposi\u00e7\u00e3o j\u00e1 afirmou a inten\u00e7\u00e3o de judicializar o caso. Os contr\u00e1rios \u00e0\u00a0<strong>privatiza\u00e7\u00e3o da companhia de saneamento de S\u00e3o Paulo\u00a0<\/strong>pretendem dar in\u00edcio a uma A\u00e7\u00e3o Direta de Inconstitucionalidade (ADI). A justificativa \u00e9 que a futura lei aprovada contraria o 2\u00ba par\u00e1grafo do Art. 216 da Constitui\u00e7\u00e3o Estadual, que diz: \u201cO Estado assegurar\u00e1 condi\u00e7\u00f5es para a correta opera\u00e7\u00e3o, necess\u00e1ria amplia\u00e7\u00e3o e eficiente administra\u00e7\u00e3o dos servi\u00e7os de saneamento b\u00e1sico prestados por concession\u00e1ria sob seu <a href=\"https:\/\/www.suno.com.br\/artigos\/controle-acionario\/\">controle acion\u00e1rio<\/a>\u201d.<\/p>\n\n\n\n<p>Imagens de policiais militares agredindo manifestantes com cassetetes passaram a circular nas redes sociais e foram divulgadas pela oposi\u00e7\u00e3o. O debate chegou a ser interrompido por cerca de 40 minutos. Deputados da oposi\u00e7\u00e3o disseram n\u00e3o haver condi\u00e7\u00f5es de retomar a vota\u00e7\u00e3o nesta quarta-feira e afirmaram que haveria cerceamento da atividade parlamentar se o presidente da Casa, Andr\u00e9 do Prado (PL-SP), insistisse na continuidade dos debates.<\/p>\n\n\n\n<p>Prado, no entanto, retomou a sess\u00e3o ap\u00f3s as 20h. A base de Tarc\u00edsio acusou a oposi\u00e7\u00e3o de \u201corquestrar\u201d a situa\u00e7\u00e3o para protelar a vota\u00e7\u00e3o. Deputados da base aliada fizeram seus pronunciamentos no microfone com a voz tr\u00eamula, em raz\u00e3o do g\u00e1s presente, e relataram a dificuldade em permanecer no local. \u201cIsso foi preparado, foi orquestrado\u201d, disse o deputado Barros Munhoz (PL).<\/p>\n\n\n\n<p>\u201cPT, PCdoB, PV, PSOL, PV, PSB tomamos a decis\u00e3o de que \u00e9 imposs\u00edvel voltar para o plen\u00e1rio nas condi\u00e7\u00f5es que n\u00f3s temos l\u00e1 dentro\u201d, disse o deputado Paulo Fiorilo (PT). \u201cTemos deputados e deputadas que n\u00e3o podem participar nessa situa\u00e7\u00e3o\u201d, disse o petista, que mencionou o caso de uma deputada gr\u00e1vida e deputados de idosos. \u201c\u00c9 um erro e um equ\u00edvoco continuar esse processo hoje\u201d, afirmou. Eles pediam que o presidente da casa adiasse a vota\u00e7\u00e3o para a ter\u00e7a-feira, 12.<\/p>\n\n\n\n<p>A oposi\u00e7\u00e3o deve se reunir nesta quinta-feira, 7, para deliberar o que pode ser feito. Apesar das acusa\u00e7\u00f5es de que houve cerceamento da atividade parlamentar, integrantes do PT ouvidos pela reportagem dizem acreditar n\u00e3o haver\u00e1 um caminho para questionar a realiza\u00e7\u00e3o da vota\u00e7\u00e3o, que deu vit\u00f3ria folgada a Tarc\u00edsio.<\/p>\n\n\n\n<h2 class=\"wp-block-heading\">Privatiza\u00e7\u00e3o aprovada em plen\u00e1rio<\/h2>\n\n\n\n<p>Com a\u00a0<strong>aprova\u00e7\u00e3o da privatiza\u00e7\u00e3o<\/strong>, o Estado de S\u00e3o Paulo pretende reduzir sua participa\u00e7\u00e3o na companhia (hoje correspondente a 50,3%) para algo em torno de 15% a 30%. O modelo ser\u00e1 o de follow on, oferta de\u00a0<strong>a\u00e7\u00f5es subsequentes da Sabesp<\/strong>. Seu <a href=\"https:\/\/www.suno.com.br\/artigos\/valor-de-mercado\/\">valor de mercado<\/a> hoje \u00e9 de cerca de R$ 46 bilh\u00f5es.<\/p>\n\n\n\n<p>A aprova\u00e7\u00e3o da Alesp \u00e9 uma licen\u00e7a para o governo do Estado seguir com os planos, mas ainda n\u00e3o h\u00e1 indica\u00e7\u00e3o por parte do Pal\u00e1cio dos Bandeirantes de quanto pretende arrecadar com a venda, pois o governo n\u00e3o indicou qual deve ser sua participa\u00e7\u00e3o. A promessa do governo paulista \u00e9 fazer isso at\u00e9 janeiro.<\/p>\n\n\n\n<p>A Sabesp \u00e9 uma empresa de economia mista, respons\u00e1vel pelo fornecimento de \u00e1gua, coleta e tratamento de esgoto de 375 munic\u00edpios paulistas. A empresa atende 28,4 milh\u00f5es de pessoas com abastecimento de \u00e1gua e 25,2 milh\u00f5es com coleta de esgotos.<\/p>\n\n\n\n<p>A vota\u00e7\u00e3o foi uma vit\u00f3ria pol\u00edtica do governador Tarc\u00edsio de Freitas, que fez a promessa de privatizar a companhia durante a campanha eleitoral do ano passado. Ele promete transformar a Sabesp em uma multinacional de saneamento. Tarc\u00edsio comemorou no Twitter.<\/p>\n\n\n\n<figure class=\"wp-block-embed is-type-rich is-provider-twitter wp-block-embed-twitter\"><div class=\"wp-block-embed__wrapper\">\n<blockquote class=\"twitter-tweet\" data-width=\"550\" data-dnt=\"true\"><p lang=\"pt\" dir=\"ltr\">Dia hist\u00f3rico para S\u00e3o Paulo! Parab\u00e9ns aos bravos parlamentares da <a href=\"https:\/\/twitter.com\/AssembleiaSP?ref_src=twsrc%5Etfw\">@AssembleiaSP<\/a> que aprovaram a privatiza\u00e7\u00e3o da Sabesp. A coragem com que enfrentaram os ataques dos que n\u00e3o t\u00eam argumentos ajudar\u00e1 a construir um legado de universaliza\u00e7\u00e3o do saneamento, de despolui\u00e7\u00e3o de\u2026<\/p>&mdash; Tarc\u00edsio Gomes de Freitas (@tarcisiogdf) <a href=\"https:\/\/twitter.com\/tarcisiogdf\/status\/1732550193847914525?ref_src=twsrc%5Etfw\">December 6, 2023<\/a><\/blockquote>\n<\/div><\/figure>\n\n\n\n<p>O principal argumento do governo e da base aliada a favor da privatiza\u00e7\u00e3o \u00e9 a antecipa\u00e7\u00e3o da&nbsp;<strong>universaliza\u00e7\u00e3o do saneamento<\/strong>, prevista no Marco Legal do Saneamento B\u00e1sico, de 2033 para 2029. O governo tamb\u00e9m promete incluir \u00e1reas rurais e urbanas hoje n\u00e3o contempladas, incluindo 1 milh\u00e3o de pessoas na \u00e1rea de cobertura da Sabesp.<\/p>\n\n\n\n<h2 class=\"wp-block-heading\">Investimento bilion\u00e1rio<\/h2>\n\n\n\n<p>A empresa previa investimentos de R$ 56 bilh\u00f5es para atingir as metas de universaliza\u00e7\u00e3o at\u00e9 2033. Com a privatiza\u00e7\u00e3o, o governo diz que ir\u00e1 garantir R$ 10 bilh\u00f5es extras para antecipar e ampliar os servi\u00e7os e para destinar recursos a um fundo usado para redu\u00e7\u00e3o da tarifa cobrada do consumidor.<\/p>\n\n\n\n<p>O projeto de lei aprovado prev\u00ea que 30% do valor obtido com a privatiza\u00e7\u00e3o seja destinado ao Fundo de Apoio \u00e0 Universaliza\u00e7\u00e3o do Saneamento no Estado de S\u00e3o Paulo (chamado Fausp), vinculado \u00e0 Secretaria de Meio Ambiente, Infraestrutura e Log\u00edstica. A inten\u00e7\u00e3o \u00e9 garantir tarifas baixas com o fundo, mas o governo \u00e9 criticado por n\u00e3o indicar por quanto tempo esse fundo deve segurar o aumento na conta de \u00e1gua.<\/p>\n\n\n\n<p>Na proposta enviada \u00e0 Assembleia, o governo do Estado estabelece que pode vetar algumas decis\u00f5es relativas \u00e0 companhia, mesmo depois da privatiza\u00e7\u00e3o. Isso inclui decis\u00f5es sobre mudan\u00e7a de nome, da sede, da atividade econ\u00f4mica ou o limite m\u00e1ximo de votos que um acionista pode ter na empresa.<\/p>\n\n\n\n<p>A oposi\u00e7\u00e3o a Tarc\u00edsio promete brigar na justi\u00e7a para impedir que a privatiza\u00e7\u00e3o v\u00e1 adiante. A oposi\u00e7\u00e3o j\u00e1 recorreu, sem sucesso, ao judici\u00e1rio na tentativa de barrar a tramita\u00e7\u00e3o do projeto de lei. Um dos argumentos levantados por deputados do PT \u00e9 o de que a privatiza\u00e7\u00e3o n\u00e3o poderia ocorrer por projeto de lei ordin\u00e1ria e depende de uma Proposta de Emenda \u00e0 Constitui\u00e7\u00e3o (PEC) estadual.<\/p>\n\n\n\t<p>\n\t\t<a href=\"https:\/\/lp.suno.com.br\/ebook-como-analisar-uma-acao\/\" target=\"_blank\" data-element=\"shortcode-suno-banner\" title=\"Banner SUNO, clique e saiba mais\">\n\t\t\t<picture>\n\t\t\t\t<source media=\"(max-width: 500px)\" srcset=\"https:\/\/files.sunoresearch.com.br\/n\/uploads\/2023\/03\/Ebook-Acoes-Mobile.jpg\">\n\t\t\t\t<img class=\"newsContent__article__imgCapa newsContent__article__imgCapa--banner\"\n\t\t\t\t\tsrc=\"https:\/\/files.sunoresearch.com.br\/n\/uploads\/2023\/03\/Ebook-Acoes-Desktop.jpg\"\n\t\t\t\t\tdata-promo-id=\"378302\"\t\t\t\t\t\t\t\t\t\twidth='1420' height='286'\t\t\t\t\talt=\"https:\/\/files.sunoresearch.com.br\/n\/uploads\/2023\/03\/Ebook-Acoes-Desktop.jpg\"\n\t\t\t\t>\n\t\t\t<\/picture>\n\t\t<\/a>\n\t<\/p>\n\n\n\n\n\n<h2 class=\"wp-block-heading\">O muda com a privatiza\u00e7\u00e3o da Sabesp?<\/h2>\n\n\n\n<p>A privatiza\u00e7\u00e3o da&nbsp;<strong>Sabesp (SBSP3)<\/strong>&nbsp;est\u00e1 no radar do&nbsp;<a href=\"https:\/\/www.suno.com.br\/guias\/mercado-financeiro\/\" target=\"_blank\" rel=\"noreferrer noopener\">mercado financeiro<\/a>, da popula\u00e7\u00e3o e de estudiosos do tema, porque envolve um dos principais servi\u00e7os p\u00fablicos essenciais: o saneamento b\u00e1sico em S\u00e3o Paulo.<\/p>\n\n\n\n<p>Entre argumentos a favor e contra a&nbsp;<strong>privatiza\u00e7\u00e3o da Sabesp<\/strong>, a pergunta que fica \u00e9: quais seriam as mudan\u00e7as concretas com a redu\u00e7\u00e3o da fatia estatal da companhia e passagem para&nbsp;<a href=\"https:\/\/www.suno.com.br\/artigos\/iniciativa-privada\/\" target=\"_blank\" rel=\"noreferrer noopener\">iniciativa privada<\/a>?<\/p>\n\n\n\n<p>Os recentes apag\u00f5es em S\u00e3o Paulo \u2013 como o de 3 de novembro, que deixou boa parte da cidade e regi\u00e3o metropolitana \u00e0s escuras \u2013 levantaram quest\u00f5es sobre a pr\u00f3pria privatiza\u00e7\u00e3o. A Enel, que assumiu o controle da distribui\u00e7\u00e3o de energia em S\u00e3o Paulo em 2018 (20 anos ap\u00f3s a privatiza\u00e7\u00e3o da antiga Eletropaulo), foi criticada pela demora em restabelecer a energia e no atendimento aos clientes, recebendo milhares de reclama\u00e7\u00f5es<\/p>\n\n\n\n<p>O prefeito de S\u00e3o Paulo,&nbsp;Ricardo Nunes&nbsp;(MDB), pediu \u00e0 Ag\u00eancia Nacional de Energia El\u00e9trica (Aneel) o cancelamento do contrato de concess\u00e3o da&nbsp;Enel, que cuida da distribui\u00e7\u00e3o de energia el\u00e9trica na capital e em mais 23 munic\u00edpios da regi\u00e3o metropolitana. Isso pode complicar ou travar o&nbsp;<strong>processo de privatiza\u00e7\u00e3o&nbsp;<\/strong>da companhia de S\u00e3o Paulo?<\/p>\n\n\n\n<p>Para elucidar a quest\u00e3o da privatiza\u00e7\u00e3o da Sabesp, o tema foi discutido com economistas, analistas do mercado e a Secretaria de Meio Ambiente, Infraestrutura e Log\u00edstica do Estado de S\u00e3o Paulo (SEMIL), que responde pela<strong>\u00a0Companhia de Saneamento B\u00e1sico do Estado de S\u00e3o Paulo<\/strong>, a Sabesp.<\/p>\n\n\n\n<h2 class=\"wp-block-heading\">Quais as principais vantagens na privatiza\u00e7\u00e3o da Sabesp?<\/h2>\n\n\n\n<p>Em um quadro geral, os principais pontos positivos em uma&nbsp;<strong>privatiza\u00e7\u00e3o&nbsp;<\/strong>est\u00e3o associados a tr\u00eas aspectos, como lista o professor da economia da FEA-USP com especializa\u00e7\u00e3o em organiza\u00e7\u00e3o industrial e regula\u00e7\u00e3o de mercado, Rodrigo Moita:<\/p>\n\n\n\n<ul class=\"wp-block-list\">\n<li>Gest\u00e3o mais profissional;<\/li>\n\n\n\n<li>Menos interfer\u00eancia pol\u00edtica;<\/li>\n\n\n\n<li>Lucro para o governo.<\/li>\n<\/ul>\n\n\n\n<p>No caso da Sabesp, Moita ressalta que devido ao alto n\u00edvel de abastecimento de \u00e1gua estatal e, em n\u00edveis mais baixos, \u00e0 coleta e tratamento de esgoto seriam contemplados com melhorias a partir de novos financiamentos, mais flex\u00edveis com uma privatiza\u00e7\u00e3o.<\/p>\n\n\n\n<p>A&nbsp;<strong>desestatiza\u00e7\u00e3o da Sabesp&nbsp;<\/strong>ainda permitir\u00e1 uma renova\u00e7\u00e3o dos contratos de concess\u00e3o por um prazo mais longo, nos termos do artigo 14 do<strong>&nbsp;Novo Marco Legal do Saneamento<\/strong>. \u201cIsso salva o futuro da empresa, sem o risco de perder os contratos vigentes que devem vencer nos pr\u00f3ximos anos. A desestatiza\u00e7\u00e3o tamb\u00e9m torna a Sabesp mais eficiente, permitindo que a empresa cres\u00e7a e se torne uma plataforma multinacional de saneamento\u201d, ressalta a Semil, em entrevista ao Suno Not\u00edcias.<\/p>\n\n\n\n<p>Al\u00e9m disso, a pasta aponta que a&nbsp;<strong>privatiza\u00e7\u00e3o da empresa de saneamento de S\u00e3o Paulo&nbsp;<\/strong>dever\u00e1 permitir uma redu\u00e7\u00e3o da tarifa mensal, inicialmente com o uso dos&nbsp;<a href=\"https:\/\/www.suno.com.br\/artigos\/recursos-financeiros\/\" target=\"_blank\" rel=\"noreferrer noopener\">recursos financeiros<\/a>&nbsp;levantados pelo governo com a desestatiza\u00e7\u00e3o e depois \u201ccom os ganhos de efici\u00eancia que a empresa vai obter com a gest\u00e3o privada\u201d, informa.<\/p>\n\n\n\n<p>Para o professor de economia da FEA-USP, Cl\u00e1udio Lucinda, especializado em estrutura de mercado, performance de mercado e organiza\u00e7\u00e3o industrial, ainda que S\u00e3o Paulo seja um dos melhores estados brasileiros em quest\u00e3o de saneamento, ainda tem muito a melhorar. \u201cExiste uma inefici\u00eancia na distribui\u00e7\u00e3o de \u00e1gua, com n\u00edveis de perda ainda bastante elevados. Para resolver isso, \u00e9 preciso investir e n\u00e3o \u00e9 pouco dinheiro\u201d, ressalta o professor.<\/p>\n\n\n\n<blockquote class=\"wp-block-quote is-layout-flow wp-block-quote-is-layout-flow\">\n<p>\u201c\u00c9 como discutir qual \u00e9 o an\u00e3o mais alto da Branca de Neve. Dentro das operadoras de saneamento do Brasil, o padr\u00e3o que temos \u00e9 t\u00e3o baixo que mesmo a melhor entre elas ainda tem um caminho muito grande a seguir,\u201d Cl\u00e1udio Lucinda, FEA-USP.<\/p>\n<\/blockquote>\n\n\n\n<p>\u201cCom a&nbsp;<strong>privatiza\u00e7\u00e3o<\/strong>, ser\u00e3o levantados recursos para serem usados no poder p\u00fablico que s\u00e3o centrais para o funcionamento do estado, ao mesmo tempo que a empresa adquire mais flexibilidade pra empresa realizar programas de investimento,\u201d complementa Lucinda.<\/p>\n\n\n\n<p>Otimista, Bernardo Viero, analista CNPI da Suno Research, aponta que os consumidores dever\u00e3o sentir um reflexo positivo no aumento da cobertura dos&nbsp;<strong>servi\u00e7os de saneamento<\/strong>, ao mesmo tempo em que os acionistas ser\u00e3o contemplados por um crescimento mais acelerado na base de ativos, \u201cpedra fundamental dos retornos\u201d.<\/p>\n\n\n\n<p>\u201cOutro efeito colateral positivo \u00e9 a maior previsibilidade no que tange a gest\u00e3o e planejamento estrat\u00e9gico do neg\u00f3cio. Sem o risco de mudan\u00e7as bruscas na orienta\u00e7\u00e3o a cada elei\u00e7\u00e3o, a tese fica mais atrativa pois poder\u00e1 ser projetada com um menor grau de incertezas\u201d, ressalta Viero.<\/p>\n\n\n\n<h2 class=\"wp-block-heading\">Pontos negativos da desestatiza\u00e7\u00e3o<\/h2>\n\n\n\n<p>Em meio a greves e um processo ainda em tramita\u00e7\u00e3o, a desestatiza\u00e7\u00e3o da Sabesp levanta alguns pontos que colocam em cheque seus benef\u00edcios.<\/p>\n\n\n\n<p>Um deles \u00e9 a estrat\u00e9gia tradicional da i<strong>niciativa privada<\/strong>, que, em busca de um aumento de lucratividade, tende a gerar alguns cortes. \u201cCom a privatiza\u00e7\u00e3o, s\u00e3o implementadas economias de custos que n\u00e3o v\u00e3o agradar algumas pessoas, como&nbsp;<strong>demiss\u00f5es&nbsp;<\/strong>e&nbsp;<strong>cortes de gastos<\/strong>,\u201d explica Lucinda.<\/p>\n\n\n\n<p>Questionada sobre as supostas<strong>&nbsp;demiss\u00f5es na Sabesp,<\/strong>&nbsp;a Semil afirmou que \u201co Governo de S\u00e3o Paulo est\u00e1 construindo um<strong>&nbsp;modelo de desestatiza\u00e7\u00e3o<\/strong>&nbsp;que valoriza os colaboradores.\u201d<\/p>\n\n\n\n<p>Segundo a Secretaria, a incorpora\u00e7\u00e3o da companhia n\u00e3o ser\u00e1 por um grupo econ\u00f4mico, mas ela se tornar\u00e1 independente.<\/p>\n\n\n\n<blockquote class=\"wp-block-quote is-layout-flow wp-block-quote-is-layout-flow\">\n<p>\u201cCom isso, o novo ciclo de crescimento da Sabesp ser\u00e1 liderado pelos trabalhadores que est\u00e3o na empresa\u201d, afirmou a Secretaria de Meio Ambiente, Infraestrutura e Log\u00edstica do Estado de S\u00e3o Paulo.<\/p>\n<\/blockquote>\n\n\n\n<p>\u201cIsso j\u00e1 aconteceu em outros casos, como na&nbsp;<a target=\"_blank\" href=\"https:\/\/www.suno.com.br\/acoes\/EMBR3\/\" rel=\"noreferrer noopener\">Embraer (EMBR3)<\/a>, que se tornou uma das maiores fabricantes de aeronaves do mundo ap\u00f3s a desestatiza\u00e7\u00e3o, e quem liderou esse processo foram os trabalhadores da empresa\u201d, exemplifica a Semil.<\/p>\n\n\n\n<p>Para o analista da Suno, tamb\u00e9m n\u00e3o existem pontos negativos relevantes a serem mencionados a respeito da privatiza\u00e7\u00e3o da<strong>&nbsp;empresa de saneamento<\/strong>&nbsp;de S\u00e3o Paulo.<\/p>\n\n\n\n<h2 class=\"wp-block-heading\">Desempenho das a\u00e7\u00f5es da Sabesp<\/h2>\n\n\n\n<div class=\"pluginQuotation\">\n  <p class=\"ticker\">\n    Cota\u00e7\u00e3o <span>SBSP3<\/span>\n  <\/p>\n  <div class=\"info\">\n    <div class=\"leftSide\">\n      Gr\u00e1fico gerado em: 07\/12\/2023    <\/div>\n\t\t\t\t\t<div class=\"rightSide\">\n\t\t\t\t\t<span class=\"period\">\n\t\t\t\t\t\t1 Dia\t\t\t\t\t<\/span>\n\t\t\t<\/div>\n\t\t  <\/div>\n\n  <div id=\"chart-985a5b48517edb2c936820aecd2af255\" data-block-hash=\"985a5b48517edb2c936820aecd2af255\"  class=\"chart\" style=\"width:100%;height:400px;\"><\/div>\n\n  <div class=\"pluginQuotation__footer\">\n    <div class=\"dataChart\">\n\n      <div class=\"dataChart__div1 variation\">\n        <div class=\"value-positive\">\n          0,88 (+0,60%)        <\/div>\n        <div class=\"text\">\n          Varia\u00e7\u00e3o do per\u00edodo\n        <\/div>\n      <\/div>\n\n      <div class=\"dataChart__div2 minMax\">\n        <div class=\"value\">\n          R$\u00a068,20        <\/div>\n        <div class=\"text\">\n          M\u00ednima\n        <\/div>\n      <\/div>\n\n      <div class=\"dataChart__div3 minMax\">\n        <div class=\"value\">\n          R$\u00a068,99        <\/div>\n        <div class=\"text\">\n          M\u00e1xima\n        <\/div>\n      <\/div>\n\n\t\t\t<div class=\"dataChart__div4 rightSide\">\n\t\t\t\t<div class=\"analiticaSource\">\n\t\t\t\t\t<span>\n\t\t\t\t\t\tFonte:\n\t\t\t\t\t<\/span>\n\t\t\t\t\t<img decoding=\"async\" class=\"analiticaLogo\" src=\"https:\/\/www.suno.com.br\/noticias\/wp-content\/plugins\/suno-block-ticker-quotation\/src\/suno-analitica-logo.png\" alt=\"Logo Suno Anal\u00edtica\" \/>\n\t\t\t\t<\/div>\n\n\t\t\t\t<a href=\"https:\/\/www.suno.com.br\/analitica\/acoes\/SBSP3\" target=\"_blank\">\n\t\t\t\t\t<span>\n\t\t\t\t\t\tVer mais cota\u00e7\u00f5es\n\t\t\t\t\t<\/span>\n\t\t\t\t\t<svg xmlns=\"http:\/\/www.w3.org\/2000\/svg\" width=\"9\" height=\"8\" viewBox=\"0 0 9 8\" fill=\"none\">\n\t\t\t\t\t\t<path d=\"M4.20996 0L3.50496 0.705L6.29496 3.5H0.209961V4.5H6.29496L3.50496 7.295L4.20996 8L8.20996 4L4.20996 0Z\" fill=\"#D42126\" \/>\n\t\t\t\t\t<\/svg>\n\t\t\t\t<\/a>\n    <\/div>\n\n    <\/div>\n  <\/div>\n<\/div>\n\n\n<script type=\"text\/javascript\">\n  let chart_985a5b48517edb2c936820aecd2af255 = document.getElementById('chart-985a5b48517edb2c936820aecd2af255');\n  let data_json_985a5b48517edb2c936820aecd2af255 = \"[{\\\"date\\\":\\\"06\\\\\\\/12\\\\\\\/23 10:02\\\",\\\"value\\\":68.39},{\\\"date\\\":\\\"06\\\\\\\/12\\\\\\\/23 10:04\\\",\\\"value\\\":68.4},{\\\"date\\\":\\\"06\\\\\\\/12\\\\\\\/23 10:06\\\",\\\"value\\\":68.2},{\\\"date\\\":\\\"06\\\\\\\/12\\\\\\\/23 10:08\\\",\\\"value\\\":68.2},{\\\"date\\\":\\\"06\\\\\\\/12\\\\\\\/23 10:10\\\",\\\"value\\\":68.54},{\\\"date\\\":\\\"06\\\\\\\/12\\\\\\\/23 10:12\\\",\\\"value\\\":68.47},{\\\"date\\\":\\\"06\\\\\\\/12\\\\\\\/23 10:14\\\",\\\"value\\\":68.79},{\\\"date\\\":\\\"06\\\\\\\/12\\\\\\\/23 10:16\\\",\\\"value\\\":68.72},{\\\"date\\\":\\\"06\\\\\\\/12\\\\\\\/23 10:18\\\",\\\"value\\\":68.48},{\\\"date\\\":\\\"06\\\\\\\/12\\\\\\\/23 10:20\\\",\\\"value\\\":68.5},{\\\"date\\\":\\\"06\\\\\\\/12\\\\\\\/23 10:22\\\",\\\"value\\\":68.58},{\\\"date\\\":\\\"06\\\\\\\/12\\\\\\\/23 10:24\\\",\\\"value\\\":68.47},{\\\"date\\\":\\\"06\\\\\\\/12\\\\\\\/23 10:26\\\",\\\"value\\\":68.44},{\\\"date\\\":\\\"06\\\\\\\/12\\\\\\\/23 10:28\\\",\\\"value\\\":68.51},{\\\"date\\\":\\\"06\\\\\\\/12\\\\\\\/23 10:30\\\",\\\"value\\\":68.48},{\\\"date\\\":\\\"06\\\\\\\/12\\\\\\\/23 10:32\\\",\\\"value\\\":68.45},{\\\"date\\\":\\\"06\\\\\\\/12\\\\\\\/23 14:54\\\",\\\"value\\\":68.58},{\\\"date\\\":\\\"06\\\\\\\/12\\\\\\\/23 14:56\\\",\\\"value\\\":68.58},{\\\"date\\\":\\\"06\\\\\\\/12\\\\\\\/23 14:58\\\",\\\"value\\\":68.58},{\\\"date\\\":\\\"06\\\\\\\/12\\\\\\\/23 15:00\\\",\\\"value\\\":68.56},{\\\"date\\\":\\\"06\\\\\\\/12\\\\\\\/23 15:02\\\",\\\"value\\\":68.59},{\\\"date\\\":\\\"06\\\\\\\/12\\\\\\\/23 15:04\\\",\\\"value\\\":68.47},{\\\"date\\\":\\\"06\\\\\\\/12\\\\\\\/23 15:06\\\",\\\"value\\\":68.47},{\\\"date\\\":\\\"06\\\\\\\/12\\\\\\\/23 15:08\\\",\\\"value\\\":68.43},{\\\"date\\\":\\\"06\\\\\\\/12\\\\\\\/23 15:10\\\",\\\"value\\\":68.5},{\\\"date\\\":\\\"06\\\\\\\/12\\\\\\\/23 15:12\\\",\\\"value\\\":68.48},{\\\"date\\\":\\\"06\\\\\\\/12\\\\\\\/23 15:14\\\",\\\"value\\\":68.45},{\\\"date\\\":\\\"06\\\\\\\/12\\\\\\\/23 15:16\\\",\\\"value\\\":68.5},{\\\"date\\\":\\\"06\\\\\\\/12\\\\\\\/23 15:18\\\",\\\"value\\\":68.52},{\\\"date\\\":\\\"06\\\\\\\/12\\\\\\\/23 15:20\\\",\\\"value\\\":68.53},{\\\"date\\\":\\\"06\\\\\\\/12\\\\\\\/23 15:22\\\",\\\"value\\\":68.5},{\\\"date\\\":\\\"06\\\\\\\/12\\\\\\\/23 15:24\\\",\\\"value\\\":68.63},{\\\"date\\\":\\\"06\\\\\\\/12\\\\\\\/23 15:26\\\",\\\"value\\\":68.72},{\\\"date\\\":\\\"06\\\\\\\/12\\\\\\\/23 15:28\\\",\\\"value\\\":68.83},{\\\"date\\\":\\\"06\\\\\\\/12\\\\\\\/23 15:30\\\",\\\"value\\\":68.81},{\\\"date\\\":\\\"06\\\\\\\/12\\\\\\\/23 15:32\\\",\\\"value\\\":68.68},{\\\"date\\\":\\\"06\\\\\\\/12\\\\\\\/23 15:34\\\",\\\"value\\\":68.75},{\\\"date\\\":\\\"06\\\\\\\/12\\\\\\\/23 15:36\\\",\\\"value\\\":68.73},{\\\"date\\\":\\\"06\\\\\\\/12\\\\\\\/23 15:38\\\",\\\"value\\\":68.71},{\\\"date\\\":\\\"06\\\\\\\/12\\\\\\\/23 15:40\\\",\\\"value\\\":68.75},{\\\"date\\\":\\\"06\\\\\\\/12\\\\\\\/23 15:42\\\",\\\"value\\\":68.7},{\\\"date\\\":\\\"06\\\\\\\/12\\\\\\\/23 15:44\\\",\\\"value\\\":68.72},{\\\"date\\\":\\\"06\\\\\\\/12\\\\\\\/23 15:46\\\",\\\"value\\\":68.76},{\\\"date\\\":\\\"06\\\\\\\/12\\\\\\\/23 15:48\\\",\\\"value\\\":68.7},{\\\"date\\\":\\\"06\\\\\\\/12\\\\\\\/23 15:50\\\",\\\"value\\\":68.75},{\\\"date\\\":\\\"06\\\\\\\/12\\\\\\\/23 15:52\\\",\\\"value\\\":68.75},{\\\"date\\\":\\\"06\\\\\\\/12\\\\\\\/23 15:54\\\",\\\"value\\\":68.77},{\\\"date\\\":\\\"06\\\\\\\/12\\\\\\\/23 15:56\\\",\\\"value\\\":68.77},{\\\"date\\\":\\\"06\\\\\\\/12\\\\\\\/23 15:58\\\",\\\"value\\\":68.76},{\\\"date\\\":\\\"06\\\\\\\/12\\\\\\\/23 16:00\\\",\\\"value\\\":68.77},{\\\"date\\\":\\\"06\\\\\\\/12\\\\\\\/23 16:02\\\",\\\"value\\\":68.8},{\\\"date\\\":\\\"06\\\\\\\/12\\\\\\\/23 16:04\\\",\\\"value\\\":68.76},{\\\"date\\\":\\\"06\\\\\\\/12\\\\\\\/23 16:06\\\",\\\"value\\\":68.71},{\\\"date\\\":\\\"06\\\\\\\/12\\\\\\\/23 16:08\\\",\\\"value\\\":68.7},{\\\"date\\\":\\\"06\\\\\\\/12\\\\\\\/23 16:10\\\",\\\"value\\\":68.99},{\\\"date\\\":\\\"06\\\\\\\/12\\\\\\\/23 16:12\\\",\\\"value\\\":68.61},{\\\"date\\\":\\\"06\\\\\\\/12\\\\\\\/23 16:14\\\",\\\"value\\\":68.99}]\";\n  let isPositive_985a5b48517edb2c936820aecd2af255 = true;\n\n  let color_985a5b48517edb2c936820aecd2af255 = isPositive_985a5b48517edb2c936820aecd2af255 ? '#3AB53A' : '#D92C2D';\n\n  let data_985a5b48517edb2c936820aecd2af255 = JSON.parse(data_json_985a5b48517edb2c936820aecd2af255);\n\n  const result_985a5b48517edb2c936820aecd2af255 = {\n    date: [],\n    value: [],\n  };\n\n  data_985a5b48517edb2c936820aecd2af255.forEach((item) => {\n    result_985a5b48517edb2c936820aecd2af255.date.push(item.date);\n    result_985a5b48517edb2c936820aecd2af255.value.push(Number(item.value));\n  });\n\n  let option_985a5b48517edb2c936820aecd2af255 = {\n    \/\/ variavel de cor global\n    color: [color_985a5b48517edb2c936820aecd2af255],\n    title: {\n      text: '',\n    },\n    tooltip: {\n      trigger: 'axis',\n      axisPointer: {\n        type: 'cross',\n        label: {\n          \/\/ cor dos valores em X e Y\n          backgroundColor: color_985a5b48517edb2c936820aecd2af255,\n          formatter: (value) => {\n            if (typeof value.value === 'number') {\n              return Number(value.value).toLocaleString('pt-br', {\n                style: 'currency',\n                currency: 'BRL'\n              });\n            }\n            return value.value;\n          },\n        },\n      },\n      valueFormatter: (value) => Number(value).toLocaleString('pt-br', {\n        style: 'currency',\n        currency: 'BRL'\n      }),\n    },\n    legend: {\n      \/\/ data: ['Valor de Fechamento'],\n      show: false,\n    },\n    toolbox: {\n      feature: {\n        saveAsImage: {\n          show: false,\n        },\n      },\n    },\n    grid: {\n      left: '0px',\n      right: '0px',\n      bottom: '0px',\n      containLabel: true,\n    },\n    xAxis: [{\n      type: 'category',\n      data: result_985a5b48517edb2c936820aecd2af255.date,\n      boundaryGap: true,\n    }],\n    yAxis: [{\n      type: 'value',\n      min: Math.min(...result_985a5b48517edb2c936820aecd2af255.value),\n      max: Math.max(...result_985a5b48517edb2c936820aecd2af255.value),\n      axisLabel: {\n        formatter: (value) => value.toLocaleString('pt-br', {\n          style: 'currency',\n          currency: 'BRL'\n        }),\n      },\n    }],\n    series: [{\n      name: 'Valor de Fechamento',\n      type: 'line',\n      stack: 'Total',\n      \/\/ cor do grafico\n      areaStyle: {},\n      emphasis: {\n        focus: 'series',\n      },\n      data: result_985a5b48517edb2c936820aecd2af255.value,\n      \/\/ cor da linha\n      lineStyle: {\n        color: color_985a5b48517edb2c936820aecd2af255,\n      },\n    }, ],\n  };\n\n\twindow.chart_985a5b48517edb2c936820aecd2af255 = {\n\t\tel: chart_985a5b48517edb2c936820aecd2af255,\n\t\toption: option_985a5b48517edb2c936820aecd2af255\t};\n\n\n<\/script>\n\n\n\n<p>*<em>Com informa\u00e7\u00f5es de Estad\u00e3o Conte\u00fado<\/em><\/p>\n\n\n\t<p>\n\t\t<a href=\"https:\/\/lp.suno.com.br\/planilha-da-vida-financeira\/\" target=\"_blank\" data-element=\"shortcode-suno-banner\" title=\"Banner SUNO, clique e saiba mais\">\n\t\t\t<picture>\n\t\t\t\t<source media=\"(max-width: 500px)\" srcset=\"https:\/\/files.sunoresearch.com.br\/n\/uploads\/2023\/04\/400x300-Planilha-vida-financeira-true.png\">\n\t\t\t\t<img class=\"newsContent__article__imgCapa newsContent__article__imgCapa--banner\"\n\t\t\t\t\tsrc=\"https:\/\/files.sunoresearch.com.br\/n\/uploads\/2023\/04\/1420x240-Planilha-vida-financeira-true.png\"\n\t\t\t\t\tdata-promo-id=\"383123\"\t\t\t\t\t\t\t\t\t\twidth='1420' height='240'\t\t\t\t\talt=\"https:\/\/files.sunoresearch.com.br\/n\/uploads\/2023\/04\/1420x240-Planilha-vida-financeira-true.png\"\n\t\t\t\t>\n\t\t\t<\/picture>\n\t\t<\/a>\n\t<\/p>\n\n\n","protected":false},"excerpt":{"rendered":"<p>A bancada de oposi\u00e7\u00e3o da Assembleia Legislativa do Estado de S\u00e3o Paulo (Alesp), que engloba PT, PSOL, Rede, PSB, PCdoB, PDT, declarou que sua aus\u00eancia na vota\u00e7\u00e3o do projeto de lei (PL) de privatiza\u00e7\u00e3o da Sabesp (SBSP3) &#8211; aprovada na noite desta quarta-feira, 6, com 62 votos favor\u00e1veis -, foi por n\u00e3o reconhecer a legitimidade [&hellip;]<\/p>\n","protected":false},"author":43,"featured_media":130442,"comment_status":"closed","ping_status":"closed","sticky":false,"template":"","format":"standard","meta":[],"categories":[64],"tags":[286,945,106765],"suno_strategy":[],"class_list":["post-496493","post","type-post","status-publish","format-standard","has-post-thumbnail","hentry","category-negocios","tag-acoes","tag-privatizacoes","tag-sabesp-sbsp3"],"yoast_head":"<!-- This site is optimized with the Yoast SEO plugin v24.4 - https:\/\/yoast.com\/wordpress\/plugins\/seo\/ -->\n<title>Sabesp (SBSP3): oposi\u00e7\u00e3o sugere anular sess\u00e3o de privatiza\u00e7\u00e3o<\/title>\n<meta name=\"description\" content=\"A oposi\u00e7\u00e3o da Alesp declarou que sua aus\u00eancia na vota\u00e7\u00e3o do PL de privatiza\u00e7\u00e3o da Sabesp foi por n\u00e3o reconhecer a legitimidade da sess\u00e3o.\" \/>\n<meta name=\"robots\" content=\"index, follow, max-snippet:-1, max-image-preview:large, max-video-preview:-1\" \/>\n<link rel=\"canonical\" href=\"https:\/\/www.suno.com.br\/noticias\/sabesp-sbsp3-oposicao-privatizacao-gpj\/\" \/>\n<meta property=\"og:locale\" content=\"pt_BR\" \/>\n<meta property=\"og:type\" content=\"article\" \/>\n<meta property=\"og:title\" content=\"Sabesp (SBSP3): oposi\u00e7\u00e3o sugere anular sess\u00e3o de privatiza\u00e7\u00e3o\" \/>\n<meta property=\"og:description\" content=\"A oposi\u00e7\u00e3o da Alesp declarou que sua aus\u00eancia na vota\u00e7\u00e3o do PL de privatiza\u00e7\u00e3o da Sabesp foi por n\u00e3o reconhecer a legitimidade da sess\u00e3o.\" \/>\n<meta property=\"og:url\" content=\"https:\/\/www.suno.com.br\/noticias\/sabesp-sbsp3-oposicao-privatizacao-gpj\/\" \/>\n<meta property=\"og:site_name\" content=\"Suno Not\u00edcias\" \/>\n<meta property=\"article:publisher\" content=\"https:\/\/facebook.com\/sunoresearch\" \/>\n<meta property=\"article:author\" content=\"https:\/\/www.facebook.com\/sunonoticias\/\" \/>\n<meta property=\"og:image\" content=\"https:\/\/files.sunoresearch.com.br\/n\/uploads\/2021\/03\/bc798517-sabesp_2.jpg\" \/>\n\t<meta property=\"og:image:width\" content=\"1200\" \/>\n\t<meta property=\"og:image:height\" content=\"900\" \/>\n\t<meta property=\"og:image:type\" content=\"image\/jpeg\" \/>\n<meta name=\"author\" content=\"Reda\u00e7\u00e3o Suno Not\u00edcias\" \/>\n<meta name=\"twitter:card\" content=\"summary_large_image\" \/>\n<meta name=\"twitter:creator\" content=\"@https:\/\/twitter.com\/sunoresearch\" \/>\n<meta name=\"twitter:site\" content=\"@sunoresearch\" \/>\n<meta name=\"twitter:label1\" content=\"Escrito por\" \/>\n\t<meta name=\"twitter:data1\" content=\"Reda\u00e7\u00e3o Suno Not\u00edcias\" \/>\n\t<meta name=\"twitter:label2\" content=\"Est. tempo de leitura\" \/>\n\t<meta name=\"twitter:data2\" content=\"13 minutos\" \/>\n<script type=\"application\/ld+json\" class=\"yoast-schema-graph\">{\"@context\":\"https:\/\/schema.org\",\"@graph\":[{\"@type\":\"NewsArticle\",\"@id\":\"https:\/\/www.suno.com.br\/noticias\/sabesp-sbsp3-oposicao-privatizacao-gpj\/#article\",\"isPartOf\":{\"@id\":\"https:\/\/www.suno.com.br\/noticias\/sabesp-sbsp3-oposicao-privatizacao-gpj\/\"},\"author\":{\"name\":\"Reda\u00e7\u00e3o Suno Not\u00edcias\",\"@id\":\"https:\/\/www.suno.com.br\/noticias\/#\/schema\/person\/c1b1bd3727fa852bd045e9dbff3673ea\"},\"headline\":\"Sabesp (SBSP3): oposi\u00e7\u00e3o fala em impetrar mandado de seguran\u00e7a para anular sess\u00e3o de privatiza\u00e7\u00e3o\",\"datePublished\":\"2023-12-07T11:29:08+00:00\",\"dateModified\":\"2023-12-07T11:29:12+00:00\",\"mainEntityOfPage\":{\"@id\":\"https:\/\/www.suno.com.br\/noticias\/sabesp-sbsp3-oposicao-privatizacao-gpj\/\"},\"wordCount\":2514,\"publisher\":{\"@id\":\"https:\/\/www.suno.com.br\/noticias\/#organization\"},\"image\":{\"@id\":\"https:\/\/www.suno.com.br\/noticias\/sabesp-sbsp3-oposicao-privatizacao-gpj\/#primaryimage\"},\"thumbnailUrl\":\"https:\/\/files.sunoresearch.com.br\/n\/uploads\/2021\/03\/bc798517-sabesp_2-jpg.webp\",\"keywords\":[\"A\u00e7\u00f5es\",\"privatiza\u00e7\u00f5es\",\"Sabesp (SBSP3)\"],\"articleSection\":[\"Neg\u00f3cios\"],\"inLanguage\":\"pt-BR\"},{\"@type\":\"WebPage\",\"@id\":\"https:\/\/www.suno.com.br\/noticias\/sabesp-sbsp3-oposicao-privatizacao-gpj\/\",\"url\":\"https:\/\/www.suno.com.br\/noticias\/sabesp-sbsp3-oposicao-privatizacao-gpj\/\",\"name\":\"Sabesp (SBSP3): oposi\u00e7\u00e3o sugere anular sess\u00e3o de privatiza\u00e7\u00e3o\",\"isPartOf\":{\"@id\":\"https:\/\/www.suno.com.br\/noticias\/#website\"},\"primaryImageOfPage\":{\"@id\":\"https:\/\/www.suno.com.br\/noticias\/sabesp-sbsp3-oposicao-privatizacao-gpj\/#primaryimage\"},\"image\":{\"@id\":\"https:\/\/www.suno.com.br\/noticias\/sabesp-sbsp3-oposicao-privatizacao-gpj\/#primaryimage\"},\"thumbnailUrl\":\"https:\/\/files.sunoresearch.com.br\/n\/uploads\/2021\/03\/bc798517-sabesp_2-jpg.webp\",\"datePublished\":\"2023-12-07T11:29:08+00:00\",\"dateModified\":\"2023-12-07T11:29:12+00:00\",\"description\":\"A oposi\u00e7\u00e3o da Alesp declarou que sua aus\u00eancia na vota\u00e7\u00e3o do PL de privatiza\u00e7\u00e3o da Sabesp foi por n\u00e3o reconhecer a legitimidade da sess\u00e3o.\",\"breadcrumb\":{\"@id\":\"https:\/\/www.suno.com.br\/noticias\/sabesp-sbsp3-oposicao-privatizacao-gpj\/#breadcrumb\"},\"inLanguage\":\"pt-BR\",\"potentialAction\":[{\"@type\":\"ReadAction\",\"target\":[\"https:\/\/www.suno.com.br\/noticias\/sabesp-sbsp3-oposicao-privatizacao-gpj\/\"]}]},{\"@type\":\"ImageObject\",\"inLanguage\":\"pt-BR\",\"@id\":\"https:\/\/www.suno.com.br\/noticias\/sabesp-sbsp3-oposicao-privatizacao-gpj\/#primaryimage\",\"url\":\"https:\/\/files.sunoresearch.com.br\/n\/uploads\/2021\/03\/bc798517-sabesp_2-jpg.webp\",\"contentUrl\":\"https:\/\/files.sunoresearch.com.br\/n\/uploads\/2021\/03\/bc798517-sabesp_2-jpg.webp\",\"width\":1200,\"height\":900,\"caption\":\"Sabesp (SBSP3) - Foto: Divulga\u00e7\u00e3o\"},{\"@type\":\"BreadcrumbList\",\"@id\":\"https:\/\/www.suno.com.br\/noticias\/sabesp-sbsp3-oposicao-privatizacao-gpj\/#breadcrumb\",\"itemListElement\":[{\"@type\":\"ListItem\",\"position\":1,\"name\":\"Not\u00edcias\",\"item\":\"https:\/\/www.suno.com.br\/noticias\/\"},{\"@type\":\"ListItem\",\"position\":2,\"name\":\"Neg\u00f3cios\",\"item\":\"https:\/\/www.suno.com.br\/noticias\/negocios\/\"},{\"@type\":\"ListItem\",\"position\":3,\"name\":\"Sabesp (SBSP3): oposi\u00e7\u00e3o fala em impetrar mandado de seguran\u00e7a para anular sess\u00e3o de privatiza\u00e7\u00e3o\"}]},{\"@type\":\"WebSite\",\"@id\":\"https:\/\/www.suno.com.br\/noticias\/#website\",\"url\":\"https:\/\/www.suno.com.br\/noticias\/\",\"name\":\"Suno Not\u00edcias\",\"description\":\"Seu portal de informa\u00e7\u00e3o sobre o mundo dos investimentos\",\"publisher\":{\"@id\":\"https:\/\/www.suno.com.br\/noticias\/#organization\"},\"potentialAction\":[{\"@type\":\"SearchAction\",\"target\":{\"@type\":\"EntryPoint\",\"urlTemplate\":\"https:\/\/www.suno.com.br\/noticias\/?s={search_term_string}\"},\"query-input\":{\"@type\":\"PropertyValueSpecification\",\"valueRequired\":true,\"valueName\":\"search_term_string\"}}],\"inLanguage\":\"pt-BR\"},{\"@type\":\"Organization\",\"@id\":\"https:\/\/www.suno.com.br\/noticias\/#organization\",\"name\":\"Suno Not\u00edcias\",\"url\":\"https:\/\/www.suno.com.br\/noticias\/\",\"logo\":{\"@type\":\"ImageObject\",\"inLanguage\":\"pt-BR\",\"@id\":\"https:\/\/www.suno.com.br\/noticias\/#\/schema\/logo\/image\/\",\"url\":\"https:\/\/files.sunoresearch.com.br\/n\/uploads\/2021\/09\/suno-logo.png\",\"contentUrl\":\"https:\/\/files.sunoresearch.com.br\/n\/uploads\/2021\/09\/suno-logo.png\",\"width\":180,\"height\":180,\"caption\":\"Suno Not\u00edcias\"},\"image\":{\"@id\":\"https:\/\/www.suno.com.br\/noticias\/#\/schema\/logo\/image\/\"},\"sameAs\":[\"https:\/\/facebook.com\/sunoresearch\",\"https:\/\/x.com\/sunoresearch\",\"https:\/\/www.instagram.com\/suno\",\"https:\/\/www.linkedin.com\/company\/suno-research\/\",\"https:\/\/www.youtube.com\/c\/sunoresearch\"]},{\"@type\":\"Person\",\"@id\":\"https:\/\/www.suno.com.br\/noticias\/#\/schema\/person\/c1b1bd3727fa852bd045e9dbff3673ea\",\"name\":\"Reda\u00e7\u00e3o Suno Not\u00edcias\",\"image\":{\"@type\":\"ImageObject\",\"inLanguage\":\"pt-BR\",\"@id\":\"https:\/\/www.suno.com.br\/noticias\/#\/schema\/person\/image\/\",\"url\":\"https:\/\/secure.gravatar.com\/avatar\/b8104b9b5a71985d5238ee59fbe418af?s=96&r=g\",\"contentUrl\":\"https:\/\/secure.gravatar.com\/avatar\/b8104b9b5a71985d5238ee59fbe418af?s=96&r=g\",\"caption\":\"Reda\u00e7\u00e3o Suno Not\u00edcias\"},\"description\":\"O Suno Not\u00edcias \u00e9 um portal de informa\u00e7\u00f5es sobre Mercado Financeiro, Pol\u00edtica, Neg\u00f3cios, Economia e Finan\u00e7as Pessoais.\",\"sameAs\":[\"https:\/\/www.suno.com.br\/noticias\",\"https:\/\/www.facebook.com\/sunonoticias\/\",\"https:\/\/www.instagram.com\/sunonoticias\/\",\"https:\/\/x.com\/https:\/\/twitter.com\/sunoresearch\",\"https:\/\/www.youtube.com\/sunonoticias\"],\"url\":\"https:\/\/www.suno.com.br\/noticias\/author\/redacao-suno\/\"}]}<\/script>\n<!-- \/ Yoast SEO plugin. -->","yoast_head_json":{"title":"Sabesp (SBSP3): oposi\u00e7\u00e3o sugere anular sess\u00e3o de privatiza\u00e7\u00e3o","description":"A oposi\u00e7\u00e3o da Alesp declarou que sua aus\u00eancia na vota\u00e7\u00e3o do PL de privatiza\u00e7\u00e3o da Sabesp foi por n\u00e3o reconhecer a legitimidade da sess\u00e3o.","robots":{"index":"index","follow":"follow","max-snippet":"max-snippet:-1","max-image-preview":"max-image-preview:large","max-video-preview":"max-video-preview:-1"},"canonical":"https:\/\/www.suno.com.br\/noticias\/sabesp-sbsp3-oposicao-privatizacao-gpj\/","og_locale":"pt_BR","og_type":"article","og_title":"Sabesp (SBSP3): oposi\u00e7\u00e3o sugere anular sess\u00e3o de privatiza\u00e7\u00e3o","og_description":"A oposi\u00e7\u00e3o da Alesp declarou que sua aus\u00eancia na vota\u00e7\u00e3o do PL de privatiza\u00e7\u00e3o da Sabesp foi por n\u00e3o reconhecer a legitimidade da sess\u00e3o.","og_url":"https:\/\/www.suno.com.br\/noticias\/sabesp-sbsp3-oposicao-privatizacao-gpj\/","og_site_name":"Suno Not\u00edcias","article_publisher":"https:\/\/facebook.com\/sunoresearch","article_author":"https:\/\/www.facebook.com\/sunonoticias\/","og_image":[{"width":1200,"height":900,"url":"https:\/\/files.sunoresearch.com.br\/n\/uploads\/2021\/03\/bc798517-sabesp_2.jpg","type":"image\/jpeg"}],"author":"Reda\u00e7\u00e3o Suno Not\u00edcias","twitter_card":"summary_large_image","twitter_creator":"@https:\/\/twitter.com\/sunoresearch","twitter_site":"@sunoresearch","twitter_misc":{"Escrito por":"Reda\u00e7\u00e3o Suno Not\u00edcias","Est. tempo de leitura":"13 minutos"},"schema":{"@context":"https:\/\/schema.org","@graph":[{"@type":"NewsArticle","@id":"https:\/\/www.suno.com.br\/noticias\/sabesp-sbsp3-oposicao-privatizacao-gpj\/#article","isPartOf":{"@id":"https:\/\/www.suno.com.br\/noticias\/sabesp-sbsp3-oposicao-privatizacao-gpj\/"},"author":{"name":"Reda\u00e7\u00e3o Suno Not\u00edcias","@id":"https:\/\/www.suno.com.br\/noticias\/#\/schema\/person\/c1b1bd3727fa852bd045e9dbff3673ea"},"headline":"Sabesp (SBSP3): oposi\u00e7\u00e3o fala em impetrar mandado de seguran\u00e7a para anular sess\u00e3o de privatiza\u00e7\u00e3o","datePublished":"2023-12-07T11:29:08+00:00","dateModified":"2023-12-07T11:29:12+00:00","mainEntityOfPage":{"@id":"https:\/\/www.suno.com.br\/noticias\/sabesp-sbsp3-oposicao-privatizacao-gpj\/"},"wordCount":2514,"publisher":{"@id":"https:\/\/www.suno.com.br\/noticias\/#organization"},"image":{"@id":"https:\/\/www.suno.com.br\/noticias\/sabesp-sbsp3-oposicao-privatizacao-gpj\/#primaryimage"},"thumbnailUrl":"https:\/\/files.sunoresearch.com.br\/n\/uploads\/2021\/03\/bc798517-sabesp_2-jpg.webp","keywords":["A\u00e7\u00f5es","privatiza\u00e7\u00f5es","Sabesp (SBSP3)"],"articleSection":["Neg\u00f3cios"],"inLanguage":"pt-BR"},{"@type":"WebPage","@id":"https:\/\/www.suno.com.br\/noticias\/sabesp-sbsp3-oposicao-privatizacao-gpj\/","url":"https:\/\/www.suno.com.br\/noticias\/sabesp-sbsp3-oposicao-privatizacao-gpj\/","name":"Sabesp (SBSP3): oposi\u00e7\u00e3o sugere anular sess\u00e3o de privatiza\u00e7\u00e3o","isPartOf":{"@id":"https:\/\/www.suno.com.br\/noticias\/#website"},"primaryImageOfPage":{"@id":"https:\/\/www.suno.com.br\/noticias\/sabesp-sbsp3-oposicao-privatizacao-gpj\/#primaryimage"},"image":{"@id":"https:\/\/www.suno.com.br\/noticias\/sabesp-sbsp3-oposicao-privatizacao-gpj\/#primaryimage"},"thumbnailUrl":"https:\/\/files.sunoresearch.com.br\/n\/uploads\/2021\/03\/bc798517-sabesp_2-jpg.webp","datePublished":"2023-12-07T11:29:08+00:00","dateModified":"2023-12-07T11:29:12+00:00","description":"A oposi\u00e7\u00e3o da Alesp declarou que sua aus\u00eancia na vota\u00e7\u00e3o do PL de privatiza\u00e7\u00e3o da Sabesp foi por n\u00e3o reconhecer a legitimidade da sess\u00e3o.","breadcrumb":{"@id":"https:\/\/www.suno.com.br\/noticias\/sabesp-sbsp3-oposicao-privatizacao-gpj\/#breadcrumb"},"inLanguage":"pt-BR","potentialAction":[{"@type":"ReadAction","target":["https:\/\/www.suno.com.br\/noticias\/sabesp-sbsp3-oposicao-privatizacao-gpj\/"]}]},{"@type":"ImageObject","inLanguage":"pt-BR","@id":"https:\/\/www.suno.com.br\/noticias\/sabesp-sbsp3-oposicao-privatizacao-gpj\/#primaryimage","url":"https:\/\/files.sunoresearch.com.br\/n\/uploads\/2021\/03\/bc798517-sabesp_2-jpg.webp","contentUrl":"https:\/\/files.sunoresearch.com.br\/n\/uploads\/2021\/03\/bc798517-sabesp_2-jpg.webp","width":1200,"height":900,"caption":"Sabesp (SBSP3) - Foto: Divulga\u00e7\u00e3o"},{"@type":"BreadcrumbList","@id":"https:\/\/www.suno.com.br\/noticias\/sabesp-sbsp3-oposicao-privatizacao-gpj\/#breadcrumb","itemListElement":[{"@type":"ListItem","position":1,"name":"Not\u00edcias","item":"https:\/\/www.suno.com.br\/noticias\/"},{"@type":"ListItem","position":2,"name":"Neg\u00f3cios","item":"https:\/\/www.suno.com.br\/noticias\/negocios\/"},{"@type":"ListItem","position":3,"name":"Sabesp (SBSP3): oposi\u00e7\u00e3o fala em impetrar mandado de seguran\u00e7a para anular sess\u00e3o de privatiza\u00e7\u00e3o"}]},{"@type":"WebSite","@id":"https:\/\/www.suno.com.br\/noticias\/#website","url":"https:\/\/www.suno.com.br\/noticias\/","name":"Suno Not\u00edcias","description":"Seu portal de informa\u00e7\u00e3o sobre o mundo dos investimentos","publisher":{"@id":"https:\/\/www.suno.com.br\/noticias\/#organization"},"potentialAction":[{"@type":"SearchAction","target":{"@type":"EntryPoint","urlTemplate":"https:\/\/www.suno.com.br\/noticias\/?s={search_term_string}"},"query-input":{"@type":"PropertyValueSpecification","valueRequired":true,"valueName":"search_term_string"}}],"inLanguage":"pt-BR"},{"@type":"Organization","@id":"https:\/\/www.suno.com.br\/noticias\/#organization","name":"Suno Not\u00edcias","url":"https:\/\/www.suno.com.br\/noticias\/","logo":{"@type":"ImageObject","inLanguage":"pt-BR","@id":"https:\/\/www.suno.com.br\/noticias\/#\/schema\/logo\/image\/","url":"https:\/\/files.sunoresearch.com.br\/n\/uploads\/2021\/09\/suno-logo.png","contentUrl":"https:\/\/files.sunoresearch.com.br\/n\/uploads\/2021\/09\/suno-logo.png","width":180,"height":180,"caption":"Suno Not\u00edcias"},"image":{"@id":"https:\/\/www.suno.com.br\/noticias\/#\/schema\/logo\/image\/"},"sameAs":["https:\/\/facebook.com\/sunoresearch","https:\/\/x.com\/sunoresearch","https:\/\/www.instagram.com\/suno","https:\/\/www.linkedin.com\/company\/suno-research\/","https:\/\/www.youtube.com\/c\/sunoresearch"]},{"@type":"Person","@id":"https:\/\/www.suno.com.br\/noticias\/#\/schema\/person\/c1b1bd3727fa852bd045e9dbff3673ea","name":"Reda\u00e7\u00e3o Suno Not\u00edcias","image":{"@type":"ImageObject","inLanguage":"pt-BR","@id":"https:\/\/www.suno.com.br\/noticias\/#\/schema\/person\/image\/","url":"https:\/\/secure.gravatar.com\/avatar\/b8104b9b5a71985d5238ee59fbe418af?s=96&r=g","contentUrl":"https:\/\/secure.gravatar.com\/avatar\/b8104b9b5a71985d5238ee59fbe418af?s=96&r=g","caption":"Reda\u00e7\u00e3o Suno Not\u00edcias"},"description":"O Suno Not\u00edcias \u00e9 um portal de informa\u00e7\u00f5es sobre Mercado Financeiro, Pol\u00edtica, Neg\u00f3cios, Economia e Finan\u00e7as Pessoais.","sameAs":["https:\/\/www.suno.com.br\/noticias","https:\/\/www.facebook.com\/sunonoticias\/","https:\/\/www.instagram.com\/sunonoticias\/","https:\/\/x.com\/https:\/\/twitter.com\/sunoresearch","https:\/\/www.youtube.com\/sunonoticias"],"url":"https:\/\/www.suno.com.br\/noticias\/author\/redacao-suno\/"}]}},"default_loop_html":"<div class=\"cardsPage__listCard__boxs\"><div class=\"cardsPage__listCard__boxs__img\"><a href=\"https:\/\/www.suno.com.br\/noticias\/sabesp-sbsp3-oposicao-privatizacao-gpj\/\"><img class=\"mask\" src=\"https:\/\/www.suno.com.br\/noticias\/wp-content\/themes\/suno\/resources\/images\/spotlight\/spotlight1img\/bg-mask.png\" alt=\"Image Mask\"\/><img src=\"https:\/\/files.sunoresearch.com.br\/n\/uploads\/2021\/03\/bc798517-sabesp_2-400x200.webp\" alt=\"Sabesp (SBSP3): oposi\u00e7\u00e3o fala em impetrar mandado de seguran\u00e7a para anular sess\u00e3o de privatiza\u00e7\u00e3o\"\/><\/a><span class=\"spotlightCategory\"><a href=\"https:\/\/www.suno.com.br\/noticias\/negocios\/\">Neg\u00f3cios<\/a><\/span><\/div><div class=\"cardsPage__listCard__boxs__content\"><a href=\"https:\/\/www.suno.com.br\/noticias\/sabesp-sbsp3-oposicao-privatizacao-gpj\/\"><h2 class=\"content__title\">Sabesp (SBSP3): oposi\u00e7\u00e3o fala em impetrar mandado de seguran\u00e7a para anular sess\u00e3o de privatiza\u00e7\u00e3o<\/h2><\/a><div class=\"newsContent__article__meta\"><div class=\"newsContent__article__meta__authorBox\"><a href=\"https:\/\/www.suno.com.br\/noticias\/author\/redacao-suno\/\" class=\"authorBox__avatar noMobi\"><img src=\"https:\/\/files.sunoresearch.com.br\/n\/uploads\/2020\/08\/0ace682d-redacao-1-150x150.webp\" alt=\"Reda\u00e7\u00e3o Suno Not\u00edcias\"><\/a><div class=\"authorBox__name\"><span>por\n\t\t\t<a href=\"https:\/\/www.suno.com.br\/noticias\/author\/redacao-suno\/\"><span itemprop=\"author\">Reda\u00e7\u00e3o Suno Not\u00edcias<\/span><\/a><\/span><time datetime=\"2023-12-07T08:29:08-03:00\" itemprop=\"datePublished\">07\/12\/2023 08:29<\/time><\/div><\/div><\/div><\/div><\/div>","single_layout":"posts","amp_enabled":true,"_links":{"self":[{"href":"https:\/\/www.suno.com.br\/noticias\/wp-json\/wp\/v2\/posts\/496493"}],"collection":[{"href":"https:\/\/www.suno.com.br\/noticias\/wp-json\/wp\/v2\/posts"}],"about":[{"href":"https:\/\/www.suno.com.br\/noticias\/wp-json\/wp\/v2\/types\/post"}],"author":[{"embeddable":true,"href":"https:\/\/www.suno.com.br\/noticias\/wp-json\/wp\/v2\/users\/43"}],"replies":[{"embeddable":true,"href":"https:\/\/www.suno.com.br\/noticias\/wp-json\/wp\/v2\/comments?post=496493"}],"version-history":[{"count":2,"href":"https:\/\/www.suno.com.br\/noticias\/wp-json\/wp\/v2\/posts\/496493\/revisions"}],"predecessor-version":[{"id":496523,"href":"https:\/\/www.suno.com.br\/noticias\/wp-json\/wp\/v2\/posts\/496493\/revisions\/496523"}],"wp:featuredmedia":[{"embeddable":true,"href":"https:\/\/www.suno.com.br\/noticias\/wp-json\/wp\/v2\/media\/130442"}],"wp:attachment":[{"href":"https:\/\/www.suno.com.br\/noticias\/wp-json\/wp\/v2\/media?parent=496493"}],"wp:term":[{"taxonomy":"category","embeddable":true,"href":"https:\/\/www.suno.com.br\/noticias\/wp-json\/wp\/v2\/categories?post=496493"},{"taxonomy":"post_tag","embeddable":true,"href":"https:\/\/www.suno.com.br\/noticias\/wp-json\/wp\/v2\/tags?post=496493"},{"taxonomy":"suno_strategy","embeddable":true,"href":"https:\/\/www.suno.com.br\/noticias\/wp-json\/wp\/v2\/suno_strategy?post=496493"}],"curies":[{"name":"wp","href":"https:\/\/api.w.org\/{rel}","templated":true}]}}