{"id":496440,"date":"2023-12-06T23:22:00","date_gmt":"2023-12-07T02:22:00","guid":{"rendered":"https:\/\/www.suno.com.br\/noticias\/?p=496440"},"modified":"2023-12-07T22:01:19","modified_gmt":"2023-12-08T01:01:19","slug":"radar-smartfit-smft3-alupar-alup11-cyrela-cyre3","status":"publish","type":"post","link":"https:\/\/www.suno.com.br\/noticias\/radar-smartfit-smft3-alupar-alup11-cyrela-cyre3\/","title":{"rendered":"Radar: SmartFit (SMFT3) anuncia JCP milion\u00e1rio, leil\u00e3o de subsidi\u00e1ria da Alupar (ALUP11) na Col\u00f4mbia e Cyrela (CYRE3)\u00a0pagar\u00e1 dividendos de R$ 125 milh\u00f5es"},"content":{"rendered":"<p>O&nbsp;<a href=\"https:\/\/www.suno.com.br\/artigos\/conselho-administracao\/\" target=\"_blank\" rel=\"noreferrer noopener\">conselho de administra\u00e7\u00e3o<\/a>&nbsp;da<strong>&nbsp;SmartFit&nbsp;<\/strong>(SMFT3) aprovou um novo pagamento de&nbsp;<a href=\"https:\/\/www.suno.com.br\/artigos\/entenda-o-jcp\/\" target=\"_blank\" rel=\"noreferrer noopener\">juros sobre capital pr\u00f3prio<\/a>&nbsp;(JCP), no valor de R$ 59,4 milh\u00f5es, conforme anunciado nesta quarta-feira (6).<\/p>\t<div class=\"wrapper-featured-image\">\n\t\t<figure class=\"spotlightImg\">\n\n\t\t\t<picture>\n\t\t\t\t<source media=\"(max-width: 768px)\" srcset=\"https:\/\/files.sunoresearch.com.br\/n\/uploads\/2021\/06\/a284f17d-51571760_2501911846504731_5832045110946168832_n-400x200.webp\">\n\t\t\t\t<img loading=\"lazy\" decoding=\"async\" class=\"newsContent__article__imgCapa lazyloadDisabled \" src=\"https:\/\/files.sunoresearch.com.br\/n\/uploads\/2021\/06\/a284f17d-51571760_2501911846504731_5832045110946168832_n-800x450.webp\" width=\"800\" height=\"450\" alt=\"Radar: SmartFit (SMFT3) anuncia JCP milion\u00e1rio, leil\u00e3o de subsidi\u00e1ria da Alupar (ALUP11) na Col\u00f4mbia e Cyrela (CYRE3)\u00a0pagar\u00e1 dividendos de R$ 125 milh\u00f5es\" fetchpriority=high \/>\n\t\t\t<\/picture>\n\n\t\t\t<figcaption class=\"wp-caption-text wp-caption-text--show\">SmartFit (SMFT3). Foto: Reprodu\u00e7\u00e3o Facebook.<\/figcaption>\n\t\t<\/figure>\n\t<\/div>\n\n\n\n\n\n\t<p>\n\t\t<a href=\"https:\/\/lp.suno.com.br\/planilha-da-vida-financeira\/\" target=\"_blank\" data-element=\"shortcode-suno-banner\" title=\"Banner SUNO, clique e saiba mais\">\n\t\t\t<picture>\n\t\t\t\t<source media=\"(max-width: 500px)\" srcset=\"https:\/\/files.sunoresearch.com.br\/n\/uploads\/2023\/04\/400x300-Planilha-vida-financeira-true.png\">\n\t\t\t\t<img class=\"newsContent__article__imgCapa newsContent__article__imgCapa--banner\"\n\t\t\t\t\tsrc=\"https:\/\/files.sunoresearch.com.br\/n\/uploads\/2023\/04\/1420x240-Planilha-vida-financeira-true.png\"\n\t\t\t\t\tdata-promo-id=\"106682\"\t\t\t\t\t\t\t\t\t\twidth='1420' height='240'\t\t\t\t\talt=\"https:\/\/files.sunoresearch.com.br\/n\/uploads\/2023\/04\/1420x240-Planilha-vida-financeira-true.png\"\n\t\t\t\t>\n\t\t\t<\/picture>\n\t\t<\/a>\n\t<\/p>\n\n\n\n\n\n\n\n<p>Os&nbsp;<strong>JCP da SmartFit<\/strong>&nbsp;representam o valor de R$ 0,1013232943 por a\u00e7\u00e3o. O pagamento dos JCP ser\u00e1 feito em parcela \u00fanica e vai acontecer em 21 de dezembro de 2023.<\/p>\n\n\n\n<p>Os proventos s\u00f3 ser\u00e3o pagos aos investidores que tiverem a\u00e7\u00f5es da empresa at\u00e9 o dia 11 de dezembro de 2023. Sendo assim, a partir do dia 12 de dezembro, os pap\u00e9is adquiridos n\u00e3o ser\u00e3o contabilizados no recebimento de JCP.<\/p>\n\n\n\n<h2 class=\"wp-block-heading\">JCP da SmartFit<\/h2>\n\n\n\n<ul class=\"wp-block-list\">\n<li>Valor: R$ 59.400.000,00<\/li>\n\n\n\n<li>Valor por a\u00e7\u00e3o: R$ 0,1013232943<\/li>\n\n\n\n<li>Data de corte: 11 de dezembro de 2023<\/li>\n\n\n\n<li>Data de pagamento: 21 de dezembro de 2023<\/li>\n<\/ul>\n\n\n\n<p>Os&nbsp;<strong>juros sobre capital pr\u00f3prio da SmartFit<\/strong>&nbsp;ser\u00e3o imputados aos seus&nbsp;<a target=\"_blank\" href=\"https:\/\/www.suno.com.br\/guias\/dividendos\/\" rel=\"noreferrer noopener\">dividendos<\/a>&nbsp;m\u00ednimos obrigat\u00f3rios referentes ao exerc\u00edcio de 2023.<\/p>\n\n\n\n<p>O valor ser\u00e1 creditado na respectiva conta corrente de cada investidor, conforme o domic\u00edlio banc\u00e1rio passado ao&nbsp;<a target=\"_blank\" href=\"https:\/\/www.suno.com.br\/acoes\/ITUB4\/\" rel=\"noreferrer noopener\">Ita\u00fa Unibanco (ITUB4)<\/a>, que \u00e9 a institui\u00e7\u00e3o respons\u00e1vel pela escritura\u00e7\u00e3o das&nbsp;<strong>a\u00e7\u00f5es da SmartFit<\/strong>.<\/p>\n\n\n\n<p>O valor dos proventos est\u00e1 sujeito \u00e0 reten\u00e7\u00e3o de 15% de Imposto de Renda Retido na Fonte (IRRF), conforme legisla\u00e7\u00e3o aplic\u00e1vel. Essa tributa\u00e7\u00e3o s\u00f3 n\u00e3o \u00e9 aplic\u00e1vel aos investidores que forem imunes ou isentos. Por\u00e9m, n\u00e3o est\u00e1 prevista qualquer atualiza\u00e7\u00e3o monet\u00e1ria ou remunera\u00e7\u00e3o.<\/p>\n\n\n\n<p>Segundo o portal Status Invest, o \u00fanico pagamento de proventos realizado pela SmarFit at\u00e9 o momento foi em 27 de outubro de 2023, tamb\u00e9m na forma de juros sobre&nbsp;<a target=\"_blank\" href=\"https:\/\/www.suno.com.br\/artigos\/capital-proprio\/\" rel=\"noreferrer noopener\">capital pr\u00f3prio<\/a>.<\/p>\n\n\n\n<p>Na \u00e9poca, o pagamento foi destinado apenas para os investidores posicionados nas&nbsp;<strong>a\u00e7\u00f5es SMFT3<\/strong>&nbsp;at\u00e9 o dia 11 de outubro, que foi a data de corte. O valor por a\u00e7\u00e3o foi de R$ 0,35241532, superando a distribui\u00e7\u00e3o anunciada hoje (6).<\/p>\n\n\n\n<p>Al\u00e9m de SmartFit, confira outros destaques desta quarta-feira:<\/p>\n\n\n\n<h2 class=\"wp-block-heading\">Alupar (ALUP11): controlada vence leil\u00e3o de projeto com capex de US$ 45 milh\u00f5es na Col\u00f4mbia<\/h2>\n\n\n\n<ul class=\"wp-block-list\">\n<li>A&nbsp;<a href=\"https:\/\/www.suno.com.br\/acoes\/ALUP11\/\" target=\"_blank\" rel=\"noreferrer noopener\"><strong>Alupar<\/strong>&nbsp;(ALUP11)<\/a>&nbsp;anunciou que sua subsidi\u00e1ria Alupar Colombia venceu, nesta quarta-feira (6), o leil\u00e3o UPME 07\/21 realizado na Col\u00f4mbia.<\/li>\n<\/ul>\n\n\n\n<ul class=\"wp-block-list\">\n<li>Segundo o&nbsp;<a href=\"https:\/\/www.suno.com.br\/artigos\/fato-relevante\/\" target=\"_blank\" rel=\"noreferrer noopener\">fato relevante<\/a>&nbsp;divulgado pela Alupar, o investimento total (capex) para o projeto \u00e9 de aproximadamente US$ 45,2 milh\u00f5es, e a receita anual permitida (RAP) atinge US$ 6,178 milh\u00f5es.<\/li>\n<\/ul>\n\n\n\n<ul class=\"wp-block-list\">\n<li>A Alupar j\u00e1 possui presen\u00e7a consolidada na Col\u00f4mbia nos setores de transmiss\u00e3o e gera\u00e7\u00e3o, contando com uma Pequena Central Hidrel\u00e9trica (PCH) de 19,9 MW de&nbsp;<a href=\"https:\/\/www.suno.com.br\/artigos\/capacidade-instalada\/\" target=\"_blank\" rel=\"noreferrer noopener\">capacidade instalada<\/a>&nbsp;e uma linha de transmiss\u00e3o de 235 km em 500 kV.<\/li>\n<\/ul>\n\n\n\n<ul class=\"wp-block-list\">\n<li>\u201cA conquista desse novo projeto refor\u00e7a a posi\u00e7\u00e3o da Alupar como uma empresa consolidada no segmento de transmiss\u00e3o neste pa\u00eds\u201d, declarou a empresa el\u00e9trica.<\/li>\n<\/ul>\n\n\n\n<h2 class=\"wp-block-heading\">Cyrela (CYRE3) anuncia R$ 125 milh\u00f5es em dividendos; veja o valor por a\u00e7\u00e3o<\/h2>\n\n\n\n<ul class=\"wp-block-list\">\n<li>O&nbsp;<a href=\"https:\/\/www.suno.com.br\/artigos\/conselho-administracao\/\" target=\"_blank\" rel=\"noreferrer noopener\">conselho de administra\u00e7\u00e3o<\/a>&nbsp;da&nbsp;<a href=\"https:\/\/www.suno.com.br\/acoes\/CYRE3\/\" target=\"_blank\" rel=\"noreferrer noopener\"><strong>Cyrela<\/strong>&nbsp;(CYRE3)<\/a>&nbsp;aprovou o pagamento de dividendos intermedi\u00e1rios no valor total de R$ 125 milh\u00f5es, conforme comunicado nesta quarta-feira (6).<\/li>\n<\/ul>\n\n\n\n<ul class=\"wp-block-list\">\n<li>Os&nbsp;<strong>dividendos da Cyrela<\/strong>&nbsp;correspondem a R$ 0,3334039 por a\u00e7\u00e3o ordin\u00e1ria, com exce\u00e7\u00e3o dos pap\u00e9is mantidos em tesouraria. A distribui\u00e7\u00e3o ser\u00e1 feita no dia 18 de dezembro de 2023.<\/li>\n<\/ul>\n\n\n\n<ul class=\"wp-block-list\">\n<li>Somente v\u00e3o receber os&nbsp;<a href=\"https:\/\/www.suno.com.br\/guias\/dividendos\/\" target=\"_blank\" rel=\"noreferrer noopener\">dividendos<\/a>&nbsp;da companhia os investidores registrados como acionistas da Cyrela at\u00e9 o final da data de corte, que ser\u00e1 em 11 de dezembro de 2023.<\/li>\n<\/ul>\n\n\n\n<ul class=\"wp-block-list\">\n<li>As<strong>&nbsp;a\u00e7\u00f5es da Cyrela<\/strong>&nbsp;ser\u00e3o negociadas como \u201cex-dividendos\u201d a partir de 12 de dezembro de 2023, quando os pap\u00e9is comprados n\u00e3o ter\u00e3o mais direito ao recebimento de proventos.<\/li>\n<\/ul>\n\n\n\n<h2 class=\"wp-block-heading\"><a><\/a>Dividendos da Cyrela<\/h2>\n\n\n\n<ul class=\"wp-block-list\">\n<li>Valor: R$ 125.000.000,00<\/li>\n\n\n\n<li>Valor por a\u00e7\u00e3o: R$ 0,3334039225<\/li>\n\n\n\n<li>Data de corte: 11 de dezembro de 2023<\/li>\n\n\n\n<li>Data de pagamento: 18 de dezembro de 2023<\/li>\n<\/ul>\n\n\n\n<ul class=\"wp-block-list\">\n<li>Sobre o valor n\u00e3o est\u00e1 prevista atualiza\u00e7\u00e3o monet\u00e1ria ou ent\u00e3o incid\u00eancia de juros, considerando a data da declara\u00e7\u00e3o dos dividendos e do seu efetivo pagamento. Al\u00e9m disso, os&nbsp;<a href=\"https:\/\/www.suno.com.br\/artigos\/dividendos-de-acoes\/\" target=\"_blank\" rel=\"noreferrer noopener\">dividendos de a\u00e7\u00f5es<\/a>&nbsp;s\u00e3o isentos de Imposto de Renda.<\/li>\n<\/ul>\n\n\n\n<ul class=\"wp-block-list\">\n<li>Cada investidor apto a receber ter\u00e1 o valor creditado segundo o n\u00famero de&nbsp;<a href=\"https:\/\/www.suno.com.br\/artigos\/o-que-sao-acoes-ordinarias-preferenciais-e-units\/\" target=\"_blank\" rel=\"noreferrer noopener\">a\u00e7\u00f5es ordin\u00e1rias<\/a>&nbsp;de sua titularidade at\u00e9 a data de corte, conforme o domic\u00edlio banc\u00e1rio fornecido ao BTG Pactual, que \u00e9 a institui\u00e7\u00e3o respons\u00e1vel pela escritura\u00e7\u00e3o das&nbsp;<strong>a\u00e7\u00f5es CYRE3<\/strong>.<\/li>\n<\/ul>\n\n\n\n<ul class=\"wp-block-list\">\n<li>No caso dos acionistas que n\u00e3o tiverem a inscri\u00e7\u00e3o do n\u00famero do CPF\/CNPJ ou da indica\u00e7\u00e3o de banco, ag\u00eancia e conta Corrente, os dividendos apenas ser\u00e3o pagos ap\u00f3s a atualiza\u00e7\u00e3o cadastral, conforme os prazos determinados pelo BTG Pactual.<\/li>\n<\/ul>\n\n\n\n<ul class=\"wp-block-list\">\n<li>Por outro lado, os investidores com a\u00e7\u00f5es da Cyrela depositadas em institui\u00e7\u00f5es prestadoras dos servi\u00e7os de cust\u00f3dia de valores mobili\u00e1rios ter\u00e3o seus dividendos pagos de acordo com os procedimentos usados pelas institui\u00e7\u00f5es deposit\u00e1rias.<\/li>\n<\/ul>\n\n\n\n<ul class=\"wp-block-list\">\n<li>As a\u00e7\u00f5es da&nbsp;<strong>Cyrela<\/strong>, negociadas sob o ticker CYRE3, encerraram a sess\u00e3o de hoje (6) em queda de 1,48%, cotadas a R$ 21,96. Apesar disso, os pap\u00e9is acumulam ganhos de 0,55% em dezembro at\u00e9 agora, mesmo ap\u00f3s encerrar o m\u00eas de novembro com forte alta de 21,40%.<\/li>\n<\/ul>\n\n\n\t<p>\n\t\t<a href=\"https:\/\/lp.suno.com.br\/ebook-como-analisar-uma-acao\/\" target=\"_blank\" data-element=\"shortcode-suno-banner\" title=\"Banner SUNO, clique e saiba mais\">\n\t\t\t<picture>\n\t\t\t\t<source media=\"(max-width: 500px)\" srcset=\"https:\/\/files.sunoresearch.com.br\/n\/uploads\/2023\/03\/Ebook-Acoes-Mobile.jpg\">\n\t\t\t\t<img class=\"newsContent__article__imgCapa newsContent__article__imgCapa--banner\"\n\t\t\t\t\tsrc=\"https:\/\/files.sunoresearch.com.br\/n\/uploads\/2023\/03\/Ebook-Acoes-Desktop.jpg\"\n\t\t\t\t\tdata-promo-id=\"378302\"\t\t\t\t\t\t\t\t\t\twidth='1420' height='286'\t\t\t\t\talt=\"https:\/\/files.sunoresearch.com.br\/n\/uploads\/2023\/03\/Ebook-Acoes-Desktop.jpg\"\n\t\t\t\t>\n\t\t\t<\/picture>\n\t\t<\/a>\n\t<\/p>\n\n\n\n\n\n<h2 class=\"wp-block-heading\">Weg (WEGE3): ap\u00f3s investimento bilion\u00e1rio, banco espera retorno robusto e recomenda compra<\/h2>\n\n\n\n<ul class=\"wp-block-list\">\n<li>A<strong>&nbsp;Weg (WEGE3)&nbsp;<\/strong>anunciou nesta ter\u00e7a (5) que vai investir R$ 1,2 bilh\u00e3o na expans\u00e3o de capacidade de produ\u00e7\u00e3o de transformadores no Brasil, M\u00e9xico e Col\u00f4mbia. Para o BTG Pactual, o investimento bilion\u00e1rio sugere alto retorno nos neg\u00f3cios de transformadores, validando a estrat\u00e9gia de aloca\u00e7\u00e3o de capital. A partir disso, o banco recomenda compra das a\u00e7\u00f5es, com pre\u00e7o-alvo de R$ 50 \u2013 ante a cota\u00e7\u00e3o atual de R$ 35.&nbsp;<\/li>\n<\/ul>\n\n\n\n<ul class=\"wp-block-list\">\n<li>Outro ponto destacado pelo BTG no&nbsp;<strong>investimento da Weg em tr\u00eas pa\u00edses<\/strong>&nbsp;\u00e9 o foco aumentado no M\u00e9xico, alinhado com a robusta demanda por equipamentos de energia devido ao r\u00e1pido crescimento industrial do pa\u00eds. Cerca de R$ 765 milh\u00f5es ser\u00e3o investidos no M\u00e9xico para estabelecer uma nova f\u00e1brica de transformadores de energia em terrenos recentemente adquiridos em Atotonilco de Tula em Hidaldo, regi\u00e3o central do pa\u00eds.<\/li>\n<\/ul>\n\n\n\n<ul class=\"wp-block-list\">\n<li>\u201cIsso permitir\u00e1 que a f\u00e1brica de transformadores de Huehuetoca [tamb\u00e9m na regi\u00e3o central] se concentre em equipamentos de 138 a 230 kV, atendendo \u00e0 crescente&nbsp;<strong>demanda da Weg no M\u00e9xico<\/strong>&nbsp;e nos EUA\u201d, comenta a equipe do BTG.&nbsp;<\/li>\n<\/ul>\n\n\n\n<ul class=\"wp-block-list\">\n<li>Segundo analistas, a expans\u00e3o da<strong>&nbsp;produ\u00e7\u00e3o da Weg<\/strong>&nbsp;no neg\u00f3cio de transformadores aumentou sua relev\u00e2ncia no segmento na Am\u00e9rica do Norte, com participa\u00e7\u00e3o de 4% em transformadores de energia e 7% em transformadores de distribui\u00e7\u00e3o.&nbsp;<\/li>\n<\/ul>\n\n\n\n<ul class=\"wp-block-list\">\n<li>O BTG acredita que a participa\u00e7\u00e3o aumentou durante a pandemia, devido \u00e0 maior flexibilidade industrial da Weg. Al\u00e9m disso, a aquisi\u00e7\u00e3o de novos terrenos no M\u00e9xico sinaliza esse compromisso de expans\u00e3o.&nbsp;<\/li>\n<\/ul>\n\n\n\n<ul class=\"wp-block-list\">\n<li>\u201cO M\u00e9xico serve como principal centro de&nbsp;<strong>produ\u00e7\u00e3o da Weg fora do Brasil<\/strong>, se beneficiando da avan\u00e7ada&nbsp;<a href=\"https:\/\/www.suno.com.br\/artigos\/integracao-vertical\/\" target=\"_blank\" rel=\"noreferrer noopener\">integra\u00e7\u00e3o vertical<\/a>. Essa integra\u00e7\u00e3o melhora a reputa\u00e7\u00e3o da marca e posicionamento de mercado, com 15% de participa\u00e7\u00e3o de mercado em motores el\u00e9tricos de baixa tens\u00e3o na Am\u00e9rica do Norte\u201d, sinaliza o BTG.<\/li>\n<\/ul>\n\n\n\n<ul class=\"wp-block-list\">\n<li>\u00c0 medida que a integra\u00e7\u00e3o vertical progride no M\u00e9xico, dizem os analistas, a expectativa&nbsp;\u00e9 de que a rentabilidade m\u00e9dia na regi\u00e3o se alinhe ainda mais \u00e0 sua unidade brasileira altamente produtiva, como evidenciado nos&nbsp;<strong><a href=\"https:\/\/www.suno.com.br\/noticias\/weg-wege3-lucro-3t23-gpj\/\">resultados da Weg<\/a><\/strong>&nbsp;do terceiro trimestre de 2023.&nbsp;<\/li>\n<\/ul>\n\n\n\n<ul class=\"wp-block-list\">\n<li>Os analistas do BTG lembra que \u201cnos \u00faltimos anos, a Weg realizou diversos investimentos estrat\u00e9gicos no<br>setor de transformadores\u201d e relaciona:<\/li>\n<\/ul>\n\n\n\n<ul class=\"wp-block-list\">\n<li>(i) em 2020, a Weg adquiriu uma das f\u00e1bricas de transformadores da TSEA em Betim, Minas Gerais;<\/li>\n\n\n\n<li>(ii) em 2021, a Weg assumiu a propriedade integral da Balteau, f\u00e1brica especializada em transformadores, em Itajub\u00e1, Minas Gerais;<\/li>\n\n\n\n<li>(iii) tamb\u00e9m em 2021, a companhia inaugurou sua quinta f\u00e1brica de transformadores na Am\u00e9rica do Norte;<\/li>\n\n\n\n<li>e (iv) em 2022, durante sua Investor Day, a empresa tra\u00e7ou planos para adaptar sua f\u00e1brica de transformadores para fontes renov\u00e1veis aplica\u00e7\u00f5es de energia e expandir sua f\u00e1brica de transformadores de pot\u00eancia para lidar com tens\u00e3o varia de 230 a 550 kV.<\/li>\n<\/ul>\n\n\n\n<ul class=\"wp-block-list\">\n<li>\u201cLembramos que ocorreram 26 leil\u00f5es de transmiss\u00e3o em Brasil nos \u00faltimos dez anos, com R$ 217 bilh\u00f5es em investimentos. Em um conservador abordagem, do investimento total para linhas de transmiss\u00e3o, 10-15% referem-se a investimentos em equipamentos de transmiss\u00e3o\u201d, diz o BTG.<\/li>\n<\/ul>\n\n\n\n<ul class=\"wp-block-list\">\n<li>\u201cA participa\u00e7\u00e3o de&nbsp;<strong>mercado da Weg<\/strong>&nbsp;no segmento de transmiss\u00e3o tem variou entre 30% e 40%, significando uma carteira de pedidos de R$ 7 a 13 bilh\u00f5es no \u00faltimo d\u00e9cada, ou 26% da receita de energia\u201d, complementa.<\/li>\n<\/ul>\n\n\n\n<ul class=\"wp-block-list\">\n<li>O projeto de&nbsp;<strong>expans\u00e3o da Weg&nbsp;<\/strong>est\u00e1 previsto para ser conclu\u00eddo at\u00e9 2026, com flexibilidade para capacidade adicional, se necess\u00e1rio, observa o BTG.<\/li>\n<\/ul>\n\n\n\n<ul class=\"wp-block-list\">\n<li>\u201cA empresa vem ampliando sua capacidade de produ\u00e7\u00e3o de transformadores recentemente, incluindo novas f\u00e1bricas nos EUA e no M\u00e9xico, juntamente com as aquisi\u00e7\u00f5es da TSEA e Balteau no Brasil. Este movimento estrat\u00e9gico, sustentado pelo forte poder da marca da empresa e pela ind\u00fastria verticalmente integrada, sugere espa\u00e7o para retornos elevados no neg\u00f3cio de transformadores, validando a estrat\u00e9gia de aloca\u00e7\u00e3o de capital\u201d, lembram os analistas. \u201cEmbora a avalia\u00e7\u00e3o n\u00e3o seja uma pechincha, refor\u00e7amos a recomenda\u00e7\u00e3o de compra para a Weg&#8221;.<\/li>\n<\/ul>\n\n\n\n<h2 class=\"wp-block-heading\">Vale (VALE3): grande avan\u00e7o patrimonial dever\u00e1 ocorrer em 2026, diz BTG Pactual. E em 2024?<\/h2>\n\n\n\n<ul class=\"wp-block-list\">\n<li>Em relat\u00f3rio divulgado ap\u00f3s o Investor Day da&nbsp;<strong>Vale&nbsp;<\/strong>(<a href=\"https:\/\/www.suno.com.br\/acoes\/vale3\/\" target=\"_blank\" rel=\"noreferrer noopener\">VALE3<\/a>), analistas do&nbsp;<a href=\"https:\/\/www.suno.com.br\/acoes\/BPAC11\/\">BTG Pactual (BPAC11)<\/a>&nbsp;consideram que o grande avan\u00e7o na hist\u00f3ria patrimonial da mineradora dever\u00e1 ocorrer apenas em 2026.<\/li>\n<\/ul>\n\n\n\n<ul class=\"wp-block-list\">\n<li>\u201cO grande avan\u00e7o na<strong>&nbsp;<\/strong>hist\u00f3ria patrimonial da Vale (numericamente) dever\u00e1 ocorrer em 2026, com progressos tang\u00edveis no estabelecimento das bases para uma abordagem muito lucrativa pela frente\u201d, pontuaram os analistas Leonardo Correa e Caio Greiner.<\/li>\n<\/ul>\n\n\n\n<ul class=\"wp-block-list\">\n<li>No entanto, apesar de o \u201c<strong>mercado de min\u00e9rio de ferro<\/strong>&nbsp;estar mais apertado no momento\u201d, a institui\u00e7\u00e3o acredita que os&nbsp;<strong>lucros da Vale<\/strong>&nbsp;devem acelerar em 2024.<\/li>\n<\/ul>\n\n\n\n<ul class=\"wp-block-list\">\n<li>A administra\u00e7\u00e3o da companhia acredita, tamb\u00e9m, que diversos temas apresentados durante o Investor Day devem ser traduzidos na cria\u00e7\u00e3o de valor para o&nbsp;<strong>acionista da Vale<\/strong>, disse o BTG. Um dos exemplos foi o acesso da Vale a uma base mais ampla de investidores e aus\u00eancia de barragens no n\u00edvel emergencial 3 at\u00e9 2025.<\/li>\n<\/ul>\n\n\n\n<p>Da SmartFit \u00e0 Cyrela, essas foram as empresas que se destacaram hoje. Para ler todas as mat\u00e9rias&nbsp;<strong><a href=\"https:\/\/www.suno.com.br\/noticias\/todos\/?utm_content=XYOE2ItQuUY.20201113&amp;utm_campaign=Track%2B&amp;utm_medium=video&amp;utm_source=telegram.sunoresearch\" target=\"_blank\" rel=\"noreferrer noopener\">clique aqui<\/a><\/strong>.<a href=\"https:\/\/lp.suno.com.br\/cl\/black-friday-suno-2023\/?_fs=16412753060-15131594205&amp;_fsRef=https%3A%2F%2Fwww.suno.com.br%2Fnoticias%2Fradar-caixa-seguridade-cxse3-itausa-itsa4-pao-de-acucar-pcar3%2F\" target=\"_blank\" rel=\"noreferrer noopener\"><\/a><a href=\"https:\/\/lp.suno.com.br\/cl\/black-friday-suno-2023\/?_fs=16412753060-15131594205&amp;_fsRef=https%3A%2F%2Fwww.suno.com.br%2Fnoticias%2Fcopel-cple6-xp-reitera-recomendacao-compra-va%2F\" target=\"_blank\" rel=\"noreferrer noopener\"><\/a><a href=\"https:\/\/lp.suno.com.br\/cl\/black-friday-suno-2023\/?_fs=16412753060-15131594205&amp;_fsRef=https%3A%2F%2Fwww.suno.com.br%2Fnoticias%2Fradar-magazine-luiza-mglu3-oi-oibr3-copel-cple6%2F\" target=\"_blank\" rel=\"noreferrer noopener\"><\/a><a href=\"https:\/\/lp.suno.com.br\/cl\/black-friday-suno-2023\/?_fs=16412753060-15131594205&amp;_fsRef=https%3A%2F%2Fwww.suno.com.br%2Fnoticias%2Fradar-irb-brasil-irbr3-klabin-klbn11-telefonica-vivt3%2F\" target=\"_blank\" rel=\"noreferrer noopener\"><\/a><a href=\"https:\/\/lp.suno.com.br\/cl\/black-friday-suno-2023\/?_fs=16439326504-15158167008&amp;_fsRef=https%3A%2F%2Fwww.suno.com.br%2Fnoticias%2Fradar-itausa-itsa4-brasilagro-agro3-weg-wege3%2F\" target=\"_blank\" rel=\"noreferrer noopener\"><\/a><a href=\"https:\/\/lp.suno.com.br\/cl\/black-friday-suno-2023\/?_fs=16439326504-15158167008&amp;_fsRef=https%3A%2F%2Fwww.suno.com.br%2Fnoticias%2Fradar-boa-safra-soja3-neoenergia-neoe3-kabin-klbn11%2F\" target=\"_blank\" rel=\"noreferrer noopener\"><\/a><a href=\"https:\/\/lp.suno.com.br\/cl\/black-friday-suno-2023\/?_fs=16439326504-15158167008&amp;_fsRef=https%3A%2F%2Fwww.suno.com.br%2Fnoticias%2Fsuzano-suzb3-3t23-reverte-lucro-prejuizo%2F\" target=\"_blank\" rel=\"noreferrer noopener\"><\/a><a href=\"https:\/\/lp.suno.com.br\/cl\/black-friday-suno-2023\/?_fs=16414994788-15133835730&amp;_fsRef=https%3A%2F%2Fwww.suno.com.br%2Fnoticias%2Fradar-vale-vale3-petrobras-petr4-lojas-marisa-amar3%2F\" target=\"_blank\" rel=\"noreferrer noopener\"><\/a><a href=\"https:\/\/lp.suno.com.br\/cl\/black-friday-suno-2023\/?_fs=16499472459-15218305374&amp;_fsRef=https%3A%2F%2Fwww.suno.com.br%2Fnoticias%2Fradar-engie-egie3-eletrobras-elet3-isa-cteep-trpl4-b3-b3sa3%2F\" target=\"_blank\" rel=\"noreferrer noopener\"><\/a><a href=\"https:\/\/lp.suno.com.br\/cl\/black-friday-suno-2023\/?_fs=16500193927-15219026842&amp;_fsRef=https%3A%2F%2Fwww.suno.com.br%2Fnoticias%2Fradar-prio-prio3-bradespar-brap4-bradesco-bbdc4%2F\" target=\"_blank\" rel=\"noreferrer noopener\"><\/a><a href=\"https:\/\/lp.suno.com.br\/cl\/black-friday-suno-2023\/?_fs=16500193927-15219026842&amp;_fsRef=https%3A%2F%2Fwww.suno.com.br%2Fnoticias%2Fradar-banco-do-brasil-bbas3-ceb-cebr3-cielo-ciel3%2F\" target=\"_blank\" rel=\"noreferrer noopener\"><\/a><a href=\"https:\/\/lp.suno.com.br\/pv\/black-friday-2023\/\" target=\"_blank\" rel=\"noreferrer noopener\"><\/a><a href=\"https:\/\/lp.suno.com.br\/pv\/black-friday-2023\/\" target=\"_blank\" rel=\"noreferrer noopener\"><\/a><a href=\"https:\/\/lp.suno.com.br\/pv\/black-friday-2023\/\" target=\"_blank\" rel=\"noreferrer noopener\"><\/a><a href=\"https:\/\/lp.suno.com.br\/pv\/black-friday-2023\/\" target=\"_blank\" rel=\"noreferrer noopener\"><\/a><a href=\"https:\/\/lp.suno.com.br\/pv\/black-friday-2023\/\" target=\"_blank\" rel=\"noreferrer noopener\"><\/a><a href=\"https:\/\/lp.suno.com.br\/pv\/black-friday-2023\/\" target=\"_blank\" rel=\"noreferrer noopener\"><\/a><a href=\"https:\/\/lp.suno.com.br\/pv\/black-friday-2023\/\" target=\"_blank\" rel=\"noreferrer noopener\"><\/a><a href=\"https:\/\/lp.suno.com.br\/planilha-da-vida-financeira\/\" target=\"_blank\" rel=\"noreferrer noopener\"><\/a><a href=\"https:\/\/lp.suno.com.br\/pv\/black-friday-2023\/\" target=\"_blank\" rel=\"noreferrer noopener\"><\/a><a href=\"https:\/\/lp.suno.com.br\/pv\/black-friday-2023\/\" target=\"_blank\" rel=\"noreferrer noopener\"><\/a><a href=\"https:\/\/lp.suno.com.br\/pv\/black-friday-2023\/\" target=\"_blank\" rel=\"noreferrer noopener\"><\/a><a href=\"https:\/\/lp.suno.com.br\/pv\/black-friday-2023\/\" target=\"_blank\" rel=\"noreferrer noopener\"><\/a><a href=\"https:\/\/lp.suno.com.br\/pv\/black-friday-2023\/\" target=\"_blank\" rel=\"noreferrer noopener\"><\/a><a href=\"https:\/\/lp.suno.com.br\/planilha-da-vida-financeira\/\" target=\"_blank\" rel=\"noreferrer noopener\"><\/a><a href=\"https:\/\/lp.suno.com.br\/planilha-da-vida-financeira\/\" target=\"_blank\" rel=\"noreferrer noopener\"><\/a><a href=\"https:\/\/lp.suno.com.br\/planilha-da-vida-financeira\/\" target=\"_blank\" rel=\"noreferrer noopener\"><\/a><a href=\"https:\/\/lp.suno.com.br\/planilha-da-vida-financeira\/\" target=\"_blank\" rel=\"noreferrer noopener\"><\/a><a href=\"https:\/\/lp.suno.com.br\/planilha-da-vida-financeira\/\" target=\"_blank\" rel=\"noreferrer noopener\"><\/a><a href=\"https:\/\/lp.suno.com.br\/pv\/sr-premium\/trial-1-real\/\" target=\"_blank\" rel=\"noreferrer noopener\"><\/a><a href=\"https:\/\/lp.suno.com.br\/planilha-da-vida-financeira\/\" target=\"_blank\" rel=\"noreferrer noopener\"><\/a><a href=\"https:\/\/lp.suno.com.br\/planilha-da-vida-financeira\/\" target=\"_blank\" rel=\"noreferrer noopener\"><\/a><\/p>\n\n\n\t<p>\n\t\t<a href=\"https:\/\/lp.suno.com.br\/planilha-da-vida-financeira\/\" target=\"_blank\" data-element=\"shortcode-suno-banner\" title=\"Banner SUNO, clique e saiba mais\">\n\t\t\t<picture>\n\t\t\t\t<source media=\"(max-width: 500px)\" srcset=\"https:\/\/files.sunoresearch.com.br\/n\/uploads\/2023\/04\/400x300-Planilha-vida-financeira-true.png\">\n\t\t\t\t<img class=\"newsContent__article__imgCapa newsContent__article__imgCapa--banner\"\n\t\t\t\t\tsrc=\"https:\/\/files.sunoresearch.com.br\/n\/uploads\/2023\/04\/1420x240-Planilha-vida-financeira-true.png\"\n\t\t\t\t\tdata-promo-id=\"383123\"\t\t\t\t\t\t\t\t\t\twidth='1420' height='240'\t\t\t\t\talt=\"https:\/\/files.sunoresearch.com.br\/n\/uploads\/2023\/04\/1420x240-Planilha-vida-financeira-true.png\"\n\t\t\t\t>\n\t\t\t<\/picture>\n\t\t<\/a>\n\t<\/p>\n\n\n","protected":false},"excerpt":{"rendered":"<p>O&nbsp;conselho de administra\u00e7\u00e3o&nbsp;da&nbsp;SmartFit&nbsp;(SMFT3) aprovou um novo pagamento de&nbsp;juros sobre capital pr\u00f3prio&nbsp;(JCP), no valor de R$ 59,4 milh\u00f5es, conforme anunciado nesta quarta-feira (6). SmartFit (SMFT3). Foto: Reprodu\u00e7\u00e3o Facebook. Os&nbsp;JCP da SmartFit&nbsp;representam o valor de R$ 0,1013232943 por a\u00e7\u00e3o. O pagamento dos JCP ser\u00e1 feito em parcela \u00fanica e vai acontecer em 21 de dezembro de 2023. [&hellip;]<\/p>\n","protected":false},"author":227,"featured_media":161996,"comment_status":"closed","ping_status":"closed","sticky":false,"template":"","format":"standard","meta":[],"categories":[64],"tags":[357,443,636,676,681],"suno_strategy":[],"class_list":["post-496440","post","type-post","status-publish","format-standard","has-post-thumbnail","hentry","category-negocios","tag-alupar-alup11-alup3-alup4","tag-cyrela-cyre3","tag-smart-fit-smft3","tag-vale-vale3","tag-weg-wege3"],"yoast_head":"<!-- This site is optimized with the Yoast SEO plugin v24.4 - https:\/\/yoast.com\/wordpress\/plugins\/seo\/ -->\n<title>Radar: SmartFit (SMFT3) anuncia JCP milion\u00e1rio, leil\u00e3o de subsidi\u00e1ria da Alupar (ALUP11) na Col\u00f4mbia e Cyrela (CYRE3)\u00a0pagar\u00e1 dividendos de R$ 125 milh\u00f5es<\/title>\n<meta name=\"description\" content=\"SmartFit divulga JCP milion\u00e1rio, subsidi\u00e1ria da Alupar vende leil\u00e3o na Col\u00f4mbia e Cyrela anuncia dividendos de R$ 125 milh\u00f5es\" \/>\n<meta name=\"robots\" content=\"index, follow, max-snippet:-1, max-image-preview:large, max-video-preview:-1\" \/>\n<link rel=\"canonical\" href=\"https:\/\/www.suno.com.br\/noticias\/radar-smartfit-smft3-alupar-alup11-cyrela-cyre3\/\" \/>\n<meta property=\"og:locale\" content=\"pt_BR\" \/>\n<meta property=\"og:type\" content=\"article\" \/>\n<meta property=\"og:title\" content=\"Radar: SmartFit (SMFT3) anuncia JCP milion\u00e1rio, leil\u00e3o de subsidi\u00e1ria da Alupar (ALUP11) na Col\u00f4mbia e Cyrela (CYRE3)\u00a0pagar\u00e1 dividendos de R$ 125 milh\u00f5es\" \/>\n<meta property=\"og:description\" content=\"SmartFit divulga JCP milion\u00e1rio, subsidi\u00e1ria da Alupar vende leil\u00e3o na Col\u00f4mbia e Cyrela anuncia dividendos de R$ 125 milh\u00f5es\" \/>\n<meta property=\"og:url\" content=\"https:\/\/www.suno.com.br\/noticias\/radar-smartfit-smft3-alupar-alup11-cyrela-cyre3\/\" \/>\n<meta property=\"og:site_name\" content=\"Suno Not\u00edcias\" \/>\n<meta property=\"article:publisher\" content=\"https:\/\/facebook.com\/sunoresearch\" \/>\n<meta property=\"og:image\" content=\"https:\/\/files.sunoresearch.com.br\/n\/uploads\/2021\/06\/a284f17d-51571760_2501911846504731_5832045110946168832_n.jpg\" \/>\n\t<meta property=\"og:image:width\" content=\"1200\" \/>\n\t<meta property=\"og:image:height\" content=\"900\" \/>\n\t<meta property=\"og:image:type\" content=\"image\/jpeg\" \/>\n<meta name=\"author\" content=\"Vanessa Loiola\" \/>\n<meta name=\"twitter:card\" content=\"summary_large_image\" \/>\n<meta name=\"twitter:creator\" content=\"@sunoresearch\" \/>\n<meta name=\"twitter:site\" content=\"@sunoresearch\" \/>\n<meta name=\"twitter:label1\" content=\"Escrito por\" \/>\n\t<meta name=\"twitter:data1\" content=\"Vanessa Loiola\" \/>\n\t<meta name=\"twitter:label2\" content=\"Est. tempo de leitura\" \/>\n\t<meta name=\"twitter:data2\" content=\"9 minutos\" \/>\n<script type=\"application\/ld+json\" class=\"yoast-schema-graph\">{\"@context\":\"https:\/\/schema.org\",\"@graph\":[{\"@type\":\"NewsArticle\",\"@id\":\"https:\/\/www.suno.com.br\/noticias\/radar-smartfit-smft3-alupar-alup11-cyrela-cyre3\/#article\",\"isPartOf\":{\"@id\":\"https:\/\/www.suno.com.br\/noticias\/radar-smartfit-smft3-alupar-alup11-cyrela-cyre3\/\"},\"author\":{\"name\":\"Vanessa Loiola\",\"@id\":\"https:\/\/www.suno.com.br\/noticias\/#\/schema\/person\/450c455ecff319bab1f1a0e643451479\"},\"headline\":\"Radar: SmartFit (SMFT3) anuncia JCP milion\u00e1rio, leil\u00e3o de subsidi\u00e1ria da Alupar (ALUP11) na Col\u00f4mbia e Cyrela (CYRE3)\u00a0pagar\u00e1 dividendos de R$ 125 milh\u00f5es\",\"datePublished\":\"2023-12-07T02:22:00+00:00\",\"dateModified\":\"2023-12-08T01:01:19+00:00\",\"mainEntityOfPage\":{\"@id\":\"https:\/\/www.suno.com.br\/noticias\/radar-smartfit-smft3-alupar-alup11-cyrela-cyre3\/\"},\"wordCount\":1826,\"publisher\":{\"@id\":\"https:\/\/www.suno.com.br\/noticias\/#organization\"},\"image\":{\"@id\":\"https:\/\/www.suno.com.br\/noticias\/radar-smartfit-smft3-alupar-alup11-cyrela-cyre3\/#primaryimage\"},\"thumbnailUrl\":\"https:\/\/files.sunoresearch.com.br\/n\/uploads\/2021\/06\/a284f17d-51571760_2501911846504731_5832045110946168832_n-jpg.webp\",\"keywords\":[\"Alupar (ALUP11\/ALUP3\/ALUP4)\",\"Cyrela (CYRE3)\",\"Smart Fit (SMFT3)\",\"Vale (VALE3)\",\"Weg (WEGE3)\"],\"articleSection\":[\"Neg\u00f3cios\"],\"inLanguage\":\"pt-BR\"},{\"@type\":\"WebPage\",\"@id\":\"https:\/\/www.suno.com.br\/noticias\/radar-smartfit-smft3-alupar-alup11-cyrela-cyre3\/\",\"url\":\"https:\/\/www.suno.com.br\/noticias\/radar-smartfit-smft3-alupar-alup11-cyrela-cyre3\/\",\"name\":\"Radar: SmartFit (SMFT3) anuncia JCP milion\u00e1rio, leil\u00e3o de subsidi\u00e1ria da Alupar (ALUP11) na Col\u00f4mbia e Cyrela (CYRE3)\u00a0pagar\u00e1 dividendos de R$ 125 milh\u00f5es\",\"isPartOf\":{\"@id\":\"https:\/\/www.suno.com.br\/noticias\/#website\"},\"primaryImageOfPage\":{\"@id\":\"https:\/\/www.suno.com.br\/noticias\/radar-smartfit-smft3-alupar-alup11-cyrela-cyre3\/#primaryimage\"},\"image\":{\"@id\":\"https:\/\/www.suno.com.br\/noticias\/radar-smartfit-smft3-alupar-alup11-cyrela-cyre3\/#primaryimage\"},\"thumbnailUrl\":\"https:\/\/files.sunoresearch.com.br\/n\/uploads\/2021\/06\/a284f17d-51571760_2501911846504731_5832045110946168832_n-jpg.webp\",\"datePublished\":\"2023-12-07T02:22:00+00:00\",\"dateModified\":\"2023-12-08T01:01:19+00:00\",\"description\":\"SmartFit divulga JCP milion\u00e1rio, subsidi\u00e1ria da Alupar vende leil\u00e3o na Col\u00f4mbia e Cyrela anuncia dividendos de R$ 125 milh\u00f5es\",\"breadcrumb\":{\"@id\":\"https:\/\/www.suno.com.br\/noticias\/radar-smartfit-smft3-alupar-alup11-cyrela-cyre3\/#breadcrumb\"},\"inLanguage\":\"pt-BR\",\"potentialAction\":[{\"@type\":\"ReadAction\",\"target\":[\"https:\/\/www.suno.com.br\/noticias\/radar-smartfit-smft3-alupar-alup11-cyrela-cyre3\/\"]}]},{\"@type\":\"ImageObject\",\"inLanguage\":\"pt-BR\",\"@id\":\"https:\/\/www.suno.com.br\/noticias\/radar-smartfit-smft3-alupar-alup11-cyrela-cyre3\/#primaryimage\",\"url\":\"https:\/\/files.sunoresearch.com.br\/n\/uploads\/2021\/06\/a284f17d-51571760_2501911846504731_5832045110946168832_n-jpg.webp\",\"contentUrl\":\"https:\/\/files.sunoresearch.com.br\/n\/uploads\/2021\/06\/a284f17d-51571760_2501911846504731_5832045110946168832_n-jpg.webp\",\"width\":1200,\"height\":900,\"caption\":\"SmartFit (SMFT3). Foto: Reprodu\u00e7\u00e3o Facebook.\"},{\"@type\":\"BreadcrumbList\",\"@id\":\"https:\/\/www.suno.com.br\/noticias\/radar-smartfit-smft3-alupar-alup11-cyrela-cyre3\/#breadcrumb\",\"itemListElement\":[{\"@type\":\"ListItem\",\"position\":1,\"name\":\"Not\u00edcias\",\"item\":\"https:\/\/www.suno.com.br\/noticias\/\"},{\"@type\":\"ListItem\",\"position\":2,\"name\":\"Neg\u00f3cios\",\"item\":\"https:\/\/www.suno.com.br\/noticias\/negocios\/\"},{\"@type\":\"ListItem\",\"position\":3,\"name\":\"Radar: SmartFit (SMFT3) anuncia JCP milion\u00e1rio, leil\u00e3o de subsidi\u00e1ria da Alupar (ALUP11) na Col\u00f4mbia e Cyrela (CYRE3)\u00a0pagar\u00e1 dividendos de R$ 125 milh\u00f5es\"}]},{\"@type\":\"WebSite\",\"@id\":\"https:\/\/www.suno.com.br\/noticias\/#website\",\"url\":\"https:\/\/www.suno.com.br\/noticias\/\",\"name\":\"Suno Not\u00edcias\",\"description\":\"Seu portal de informa\u00e7\u00e3o sobre o mundo dos investimentos\",\"publisher\":{\"@id\":\"https:\/\/www.suno.com.br\/noticias\/#organization\"},\"potentialAction\":[{\"@type\":\"SearchAction\",\"target\":{\"@type\":\"EntryPoint\",\"urlTemplate\":\"https:\/\/www.suno.com.br\/noticias\/?s={search_term_string}\"},\"query-input\":{\"@type\":\"PropertyValueSpecification\",\"valueRequired\":true,\"valueName\":\"search_term_string\"}}],\"inLanguage\":\"pt-BR\"},{\"@type\":\"Organization\",\"@id\":\"https:\/\/www.suno.com.br\/noticias\/#organization\",\"name\":\"Suno Not\u00edcias\",\"url\":\"https:\/\/www.suno.com.br\/noticias\/\",\"logo\":{\"@type\":\"ImageObject\",\"inLanguage\":\"pt-BR\",\"@id\":\"https:\/\/www.suno.com.br\/noticias\/#\/schema\/logo\/image\/\",\"url\":\"https:\/\/files.sunoresearch.com.br\/n\/uploads\/2021\/09\/suno-logo.png\",\"contentUrl\":\"https:\/\/files.sunoresearch.com.br\/n\/uploads\/2021\/09\/suno-logo.png\",\"width\":180,\"height\":180,\"caption\":\"Suno Not\u00edcias\"},\"image\":{\"@id\":\"https:\/\/www.suno.com.br\/noticias\/#\/schema\/logo\/image\/\"},\"sameAs\":[\"https:\/\/facebook.com\/sunoresearch\",\"https:\/\/x.com\/sunoresearch\",\"https:\/\/www.instagram.com\/suno\",\"https:\/\/www.linkedin.com\/company\/suno-research\/\",\"https:\/\/www.youtube.com\/c\/sunoresearch\"]},{\"@type\":\"Person\",\"@id\":\"https:\/\/www.suno.com.br\/noticias\/#\/schema\/person\/450c455ecff319bab1f1a0e643451479\",\"name\":\"Vanessa Loiola\",\"image\":{\"@type\":\"ImageObject\",\"inLanguage\":\"pt-BR\",\"@id\":\"https:\/\/www.suno.com.br\/noticias\/#\/schema\/person\/image\/\",\"url\":\"https:\/\/secure.gravatar.com\/avatar\/8b41117f9780831919eb38da349c3f20?s=96&r=g\",\"contentUrl\":\"https:\/\/secure.gravatar.com\/avatar\/8b41117f9780831919eb38da349c3f20?s=96&r=g\",\"caption\":\"Vanessa Loiola\"},\"description\":\"Jornalista formada pela PUC-SP, com experi\u00eancia na cobertura das editorias de economia, finan\u00e7as, bolsa de valores, pol\u00edtica, energia solar e entretenimento. Com passagem pela BM&amp;C News e RedeTV!\",\"url\":\"https:\/\/www.suno.com.br\/noticias\/author\/vanessal-loiolagmail-com\/\"}]}<\/script>\n<!-- \/ Yoast SEO plugin. -->","yoast_head_json":{"title":"Radar: SmartFit (SMFT3) anuncia JCP milion\u00e1rio, leil\u00e3o de subsidi\u00e1ria da Alupar (ALUP11) na Col\u00f4mbia e Cyrela (CYRE3)\u00a0pagar\u00e1 dividendos de R$ 125 milh\u00f5es","description":"SmartFit divulga JCP milion\u00e1rio, subsidi\u00e1ria da Alupar vende leil\u00e3o na Col\u00f4mbia e Cyrela anuncia dividendos de R$ 125 milh\u00f5es","robots":{"index":"index","follow":"follow","max-snippet":"max-snippet:-1","max-image-preview":"max-image-preview:large","max-video-preview":"max-video-preview:-1"},"canonical":"https:\/\/www.suno.com.br\/noticias\/radar-smartfit-smft3-alupar-alup11-cyrela-cyre3\/","og_locale":"pt_BR","og_type":"article","og_title":"Radar: SmartFit (SMFT3) anuncia JCP milion\u00e1rio, leil\u00e3o de subsidi\u00e1ria da Alupar (ALUP11) na Col\u00f4mbia e Cyrela (CYRE3)\u00a0pagar\u00e1 dividendos de R$ 125 milh\u00f5es","og_description":"SmartFit divulga JCP milion\u00e1rio, subsidi\u00e1ria da Alupar vende leil\u00e3o na Col\u00f4mbia e Cyrela anuncia dividendos de R$ 125 milh\u00f5es","og_url":"https:\/\/www.suno.com.br\/noticias\/radar-smartfit-smft3-alupar-alup11-cyrela-cyre3\/","og_site_name":"Suno Not\u00edcias","article_publisher":"https:\/\/facebook.com\/sunoresearch","og_image":[{"width":1200,"height":900,"url":"https:\/\/files.sunoresearch.com.br\/n\/uploads\/2021\/06\/a284f17d-51571760_2501911846504731_5832045110946168832_n.jpg","type":"image\/jpeg"}],"author":"Vanessa Loiola","twitter_card":"summary_large_image","twitter_creator":"@sunoresearch","twitter_site":"@sunoresearch","twitter_misc":{"Escrito por":"Vanessa Loiola","Est. tempo de leitura":"9 minutos"},"schema":{"@context":"https:\/\/schema.org","@graph":[{"@type":"NewsArticle","@id":"https:\/\/www.suno.com.br\/noticias\/radar-smartfit-smft3-alupar-alup11-cyrela-cyre3\/#article","isPartOf":{"@id":"https:\/\/www.suno.com.br\/noticias\/radar-smartfit-smft3-alupar-alup11-cyrela-cyre3\/"},"author":{"name":"Vanessa Loiola","@id":"https:\/\/www.suno.com.br\/noticias\/#\/schema\/person\/450c455ecff319bab1f1a0e643451479"},"headline":"Radar: SmartFit (SMFT3) anuncia JCP milion\u00e1rio, leil\u00e3o de subsidi\u00e1ria da Alupar (ALUP11) na Col\u00f4mbia e Cyrela (CYRE3)\u00a0pagar\u00e1 dividendos de R$ 125 milh\u00f5es","datePublished":"2023-12-07T02:22:00+00:00","dateModified":"2023-12-08T01:01:19+00:00","mainEntityOfPage":{"@id":"https:\/\/www.suno.com.br\/noticias\/radar-smartfit-smft3-alupar-alup11-cyrela-cyre3\/"},"wordCount":1826,"publisher":{"@id":"https:\/\/www.suno.com.br\/noticias\/#organization"},"image":{"@id":"https:\/\/www.suno.com.br\/noticias\/radar-smartfit-smft3-alupar-alup11-cyrela-cyre3\/#primaryimage"},"thumbnailUrl":"https:\/\/files.sunoresearch.com.br\/n\/uploads\/2021\/06\/a284f17d-51571760_2501911846504731_5832045110946168832_n-jpg.webp","keywords":["Alupar (ALUP11\/ALUP3\/ALUP4)","Cyrela (CYRE3)","Smart Fit (SMFT3)","Vale (VALE3)","Weg (WEGE3)"],"articleSection":["Neg\u00f3cios"],"inLanguage":"pt-BR"},{"@type":"WebPage","@id":"https:\/\/www.suno.com.br\/noticias\/radar-smartfit-smft3-alupar-alup11-cyrela-cyre3\/","url":"https:\/\/www.suno.com.br\/noticias\/radar-smartfit-smft3-alupar-alup11-cyrela-cyre3\/","name":"Radar: SmartFit (SMFT3) anuncia JCP milion\u00e1rio, leil\u00e3o de subsidi\u00e1ria da Alupar (ALUP11) na Col\u00f4mbia e Cyrela (CYRE3)\u00a0pagar\u00e1 dividendos de R$ 125 milh\u00f5es","isPartOf":{"@id":"https:\/\/www.suno.com.br\/noticias\/#website"},"primaryImageOfPage":{"@id":"https:\/\/www.suno.com.br\/noticias\/radar-smartfit-smft3-alupar-alup11-cyrela-cyre3\/#primaryimage"},"image":{"@id":"https:\/\/www.suno.com.br\/noticias\/radar-smartfit-smft3-alupar-alup11-cyrela-cyre3\/#primaryimage"},"thumbnailUrl":"https:\/\/files.sunoresearch.com.br\/n\/uploads\/2021\/06\/a284f17d-51571760_2501911846504731_5832045110946168832_n-jpg.webp","datePublished":"2023-12-07T02:22:00+00:00","dateModified":"2023-12-08T01:01:19+00:00","description":"SmartFit divulga JCP milion\u00e1rio, subsidi\u00e1ria da Alupar vende leil\u00e3o na Col\u00f4mbia e Cyrela anuncia dividendos de R$ 125 milh\u00f5es","breadcrumb":{"@id":"https:\/\/www.suno.com.br\/noticias\/radar-smartfit-smft3-alupar-alup11-cyrela-cyre3\/#breadcrumb"},"inLanguage":"pt-BR","potentialAction":[{"@type":"ReadAction","target":["https:\/\/www.suno.com.br\/noticias\/radar-smartfit-smft3-alupar-alup11-cyrela-cyre3\/"]}]},{"@type":"ImageObject","inLanguage":"pt-BR","@id":"https:\/\/www.suno.com.br\/noticias\/radar-smartfit-smft3-alupar-alup11-cyrela-cyre3\/#primaryimage","url":"https:\/\/files.sunoresearch.com.br\/n\/uploads\/2021\/06\/a284f17d-51571760_2501911846504731_5832045110946168832_n-jpg.webp","contentUrl":"https:\/\/files.sunoresearch.com.br\/n\/uploads\/2021\/06\/a284f17d-51571760_2501911846504731_5832045110946168832_n-jpg.webp","width":1200,"height":900,"caption":"SmartFit (SMFT3). Foto: Reprodu\u00e7\u00e3o Facebook."},{"@type":"BreadcrumbList","@id":"https:\/\/www.suno.com.br\/noticias\/radar-smartfit-smft3-alupar-alup11-cyrela-cyre3\/#breadcrumb","itemListElement":[{"@type":"ListItem","position":1,"name":"Not\u00edcias","item":"https:\/\/www.suno.com.br\/noticias\/"},{"@type":"ListItem","position":2,"name":"Neg\u00f3cios","item":"https:\/\/www.suno.com.br\/noticias\/negocios\/"},{"@type":"ListItem","position":3,"name":"Radar: SmartFit (SMFT3) anuncia JCP milion\u00e1rio, leil\u00e3o de subsidi\u00e1ria da Alupar (ALUP11) na Col\u00f4mbia e Cyrela (CYRE3)\u00a0pagar\u00e1 dividendos de R$ 125 milh\u00f5es"}]},{"@type":"WebSite","@id":"https:\/\/www.suno.com.br\/noticias\/#website","url":"https:\/\/www.suno.com.br\/noticias\/","name":"Suno Not\u00edcias","description":"Seu portal de informa\u00e7\u00e3o sobre o mundo dos investimentos","publisher":{"@id":"https:\/\/www.suno.com.br\/noticias\/#organization"},"potentialAction":[{"@type":"SearchAction","target":{"@type":"EntryPoint","urlTemplate":"https:\/\/www.suno.com.br\/noticias\/?s={search_term_string}"},"query-input":{"@type":"PropertyValueSpecification","valueRequired":true,"valueName":"search_term_string"}}],"inLanguage":"pt-BR"},{"@type":"Organization","@id":"https:\/\/www.suno.com.br\/noticias\/#organization","name":"Suno Not\u00edcias","url":"https:\/\/www.suno.com.br\/noticias\/","logo":{"@type":"ImageObject","inLanguage":"pt-BR","@id":"https:\/\/www.suno.com.br\/noticias\/#\/schema\/logo\/image\/","url":"https:\/\/files.sunoresearch.com.br\/n\/uploads\/2021\/09\/suno-logo.png","contentUrl":"https:\/\/files.sunoresearch.com.br\/n\/uploads\/2021\/09\/suno-logo.png","width":180,"height":180,"caption":"Suno Not\u00edcias"},"image":{"@id":"https:\/\/www.suno.com.br\/noticias\/#\/schema\/logo\/image\/"},"sameAs":["https:\/\/facebook.com\/sunoresearch","https:\/\/x.com\/sunoresearch","https:\/\/www.instagram.com\/suno","https:\/\/www.linkedin.com\/company\/suno-research\/","https:\/\/www.youtube.com\/c\/sunoresearch"]},{"@type":"Person","@id":"https:\/\/www.suno.com.br\/noticias\/#\/schema\/person\/450c455ecff319bab1f1a0e643451479","name":"Vanessa Loiola","image":{"@type":"ImageObject","inLanguage":"pt-BR","@id":"https:\/\/www.suno.com.br\/noticias\/#\/schema\/person\/image\/","url":"https:\/\/secure.gravatar.com\/avatar\/8b41117f9780831919eb38da349c3f20?s=96&r=g","contentUrl":"https:\/\/secure.gravatar.com\/avatar\/8b41117f9780831919eb38da349c3f20?s=96&r=g","caption":"Vanessa Loiola"},"description":"Jornalista formada pela PUC-SP, com experi\u00eancia na cobertura das editorias de economia, finan\u00e7as, bolsa de valores, pol\u00edtica, energia solar e entretenimento. Com passagem pela BM&amp;C News e RedeTV!","url":"https:\/\/www.suno.com.br\/noticias\/author\/vanessal-loiolagmail-com\/"}]}},"default_loop_html":"<div class=\"cardsPage__listCard__boxs\"><div class=\"cardsPage__listCard__boxs__img\"><a href=\"https:\/\/www.suno.com.br\/noticias\/radar-smartfit-smft3-alupar-alup11-cyrela-cyre3\/\"><img class=\"mask\" src=\"https:\/\/www.suno.com.br\/noticias\/wp-content\/themes\/suno\/resources\/images\/spotlight\/spotlight1img\/bg-mask.png\" alt=\"Image Mask\"\/><img src=\"https:\/\/files.sunoresearch.com.br\/n\/uploads\/2021\/06\/a284f17d-51571760_2501911846504731_5832045110946168832_n-400x200.webp\" alt=\"Radar: SmartFit (SMFT3) anuncia JCP milion\u00e1rio, leil\u00e3o de subsidi\u00e1ria da Alupar (ALUP11) na Col\u00f4mbia e Cyrela (CYRE3)\u00a0pagar\u00e1 dividendos de R$ 125 milh\u00f5es\"\/><\/a><span class=\"spotlightCategory\"><a href=\"https:\/\/www.suno.com.br\/noticias\/negocios\/\">Neg\u00f3cios<\/a><\/span><\/div><div class=\"cardsPage__listCard__boxs__content\"><a href=\"https:\/\/www.suno.com.br\/noticias\/radar-smartfit-smft3-alupar-alup11-cyrela-cyre3\/\"><h2 class=\"content__title\">Radar: SmartFit (SMFT3) anuncia JCP milion\u00e1rio, leil\u00e3o de subsidi\u00e1ria da Alupar (ALUP11) na Col\u00f4mbia e Cyrela (CYRE3)\u00a0pagar\u00e1 dividendos de R$ 125 milh\u00f5es<\/h2><\/a><div class=\"newsContent__article__meta\"><div class=\"newsContent__article__meta__authorBox\"><a href=\"https:\/\/www.suno.com.br\/noticias\/author\/vanessal-loiolagmail-com\/\" class=\"authorBox__avatar noMobi\"><img src=\"https:\/\/secure.gravatar.com\/avatar\/8b41117f9780831919eb38da349c3f20?s=96&#038;r=g\" alt=\"Vanessa Loiola\"><\/a><div class=\"authorBox__name\"><span>por\n\t\t\t<a href=\"https:\/\/www.suno.com.br\/noticias\/author\/vanessal-loiolagmail-com\/\"><span itemprop=\"author\">Vanessa Loiola<\/span><\/a><\/span><time datetime=\"2023-12-06T23:22:00-03:00\" itemprop=\"datePublished\">06\/12\/2023 23:22<\/time><\/div><\/div><\/div><\/div><\/div>","single_layout":"posts","amp_enabled":true,"_links":{"self":[{"href":"https:\/\/www.suno.com.br\/noticias\/wp-json\/wp\/v2\/posts\/496440"}],"collection":[{"href":"https:\/\/www.suno.com.br\/noticias\/wp-json\/wp\/v2\/posts"}],"about":[{"href":"https:\/\/www.suno.com.br\/noticias\/wp-json\/wp\/v2\/types\/post"}],"author":[{"embeddable":true,"href":"https:\/\/www.suno.com.br\/noticias\/wp-json\/wp\/v2\/users\/227"}],"replies":[{"embeddable":true,"href":"https:\/\/www.suno.com.br\/noticias\/wp-json\/wp\/v2\/comments?post=496440"}],"version-history":[{"count":3,"href":"https:\/\/www.suno.com.br\/noticias\/wp-json\/wp\/v2\/posts\/496440\/revisions"}],"predecessor-version":[{"id":497065,"href":"https:\/\/www.suno.com.br\/noticias\/wp-json\/wp\/v2\/posts\/496440\/revisions\/497065"}],"wp:featuredmedia":[{"embeddable":true,"href":"https:\/\/www.suno.com.br\/noticias\/wp-json\/wp\/v2\/media\/161996"}],"wp:attachment":[{"href":"https:\/\/www.suno.com.br\/noticias\/wp-json\/wp\/v2\/media?parent=496440"}],"wp:term":[{"taxonomy":"category","embeddable":true,"href":"https:\/\/www.suno.com.br\/noticias\/wp-json\/wp\/v2\/categories?post=496440"},{"taxonomy":"post_tag","embeddable":true,"href":"https:\/\/www.suno.com.br\/noticias\/wp-json\/wp\/v2\/tags?post=496440"},{"taxonomy":"suno_strategy","embeddable":true,"href":"https:\/\/www.suno.com.br\/noticias\/wp-json\/wp\/v2\/suno_strategy?post=496440"}],"curies":[{"name":"wp","href":"https:\/\/api.w.org\/{rel}","templated":true}]}}