{"id":496385,"date":"2023-12-06T20:30:11","date_gmt":"2023-12-06T23:30:11","guid":{"rendered":"https:\/\/www.suno.com.br\/noticias\/?p=496385"},"modified":"2023-12-06T21:31:31","modified_gmt":"2023-12-07T00:31:31","slug":"credit-suisse-patria-compra-fiis-evm","status":"publish","type":"post","link":"https:\/\/www.suno.com.br\/noticias\/credit-suisse-patria-compra-fiis-evm\/","title":{"rendered":"P\u00e1tria confirma compra da gestora de fundos imobili\u00e1rios do Credit Suisse por R$ 650 milh\u00f5es"},"content":{"rendered":"<p>O <strong>Credit Suisse <\/strong>anunciou que fechou um acordo para vender seu neg\u00f3cio de <a class=\"suno-keyword\" data-force=\"no\" data-priority=\"2\" href=\"https:\/\/www.suno.com.br\/fundos-imobiliarios\/\" target=\"_blank\" rel=\"noopener\">fundos imobili\u00e1rios<\/a> (FIIs) no Brasil, a Credit Suisse Hedging-Griffo Real Estate, para o P\u00e1tria Investimentos por at\u00e9 R$ 650 milh\u00f5es (US$ 130 milh\u00f5es). <\/p><div class=\"videoFull \">\n\t\t\t<div class=\"videoWrapper yt-lazyload center\"\n\t\t\t\tdata-width=\"960\"\n\t\t\t\tdata-height=\"540\"\n\t\t\t\tdata-id=\"md5fMGZ_6S0\"\n\t\t\t\tdata-alt=\"V\u00eddeo do YouTube - clique para reproduzir\"\n\t\t\t\tdata-logo=\"3\"\n\t\t\t\tdata-imagequality=\"maxres\">\n\t\t\t<\/div>\n\t\t<\/div><script type=\"application\/ld+json\">{\"@context\":\"https:\/\/schema.org\",\"@type\":\"VideoObject\",\"name\":\"\ud83d\udd34PETROBRAS (PETR4) AFUNDA NA BOLSA | IBOVESPA CAI | PRIVATIZA\u00c7\u00c3O DA SABESP (SBSP3) \u00c9 VOTADA\",\"description\":\"#mercadofinanceiro #a\u00e7\u00f5es #investimentos #bolsadevalores #ibovespa #dinheiro #finan\u00e7as #pol\u00edtica #d\u00f3lar #livedas19h #petr4 #petrobras #vale3 #vale #a\u00e7\u00f5es #economia #dividendos #petroleo #taesa #taee11 #sabes #sbsp3 #privatiza\u00e7\u00e3o \ud83d\udd34SNME11, FII Multiestrat\u00e9gia para quem busca ir al\u00e9m do Dividend Yield: https:\/\/lp.suno.com.br\/asset\/emissao-snme11\/?utm_source=youtube.noticias&utm_medium=live&utm_campaign=SA.SNME11.ns.20231201&utm_content=livedas19h 00:00 In\u00edcio de v\u00eddeo 02:26 Fechamento de mercado 05:40 Entenda a queda de PETR4 09:12 Privatiza\u00e7\u00e3o da Sabesp ser\u00e1 votada\u2026\",\"duration\":\"PT24M52S\",\"embedUrl\":\"https:\/\/www.youtube.com\/embed\/md5fMGZ_6S0\",\"regionsAllowed\":\"en-US\",\"interactionStatistic\":{\"@type\":\"InteractionCounter\",\"interactionType\":{\"@type\":\"WatchAction\"},\"userInteractionCount\":6606},\"thumbnailUrl\":\"https:\/\/i.ytimg.com\/vi\/md5fMGZ_6S0\/default.jpg\",\"uploadDate\":\"2023-12-06T22:38:10Z\"}<\/script>\n\n\n\n\n\t<p>\n\t\t<a href=\"https:\/\/lp.suno.com.br\/plataforma-de-controle-de-investimentos\/\" target=\"_blank\" data-element=\"shortcode-suno-banner\" title=\"Banner SUNO, clique e saiba mais\">\n\t\t\t<picture>\n\t\t\t\t<source media=\"(max-width: 500px)\" srcset=\"https:\/\/files.sunoresearch.com.br\/n\/uploads\/2023\/03\/400x300-Controle-de-Investimentos.png\">\n\t\t\t\t<img class=\"newsContent__article__imgCapa newsContent__article__imgCapa--banner\"\n\t\t\t\t\tsrc=\"https:\/\/files.sunoresearch.com.br\/n\/uploads\/2023\/03\/1420x240-Controle-de-Investimentos.png\"\n\t\t\t\t\tdata-promo-id=\"383162\"\t\t\t\t\t\t\t\t\t\twidth='1420' height='240'\t\t\t\t\talt=\"https:\/\/files.sunoresearch.com.br\/n\/uploads\/2023\/03\/1420x240-Controle-de-Investimentos.png\"\n\t\t\t\t>\n\t\t\t<\/picture>\n\t\t<\/a>\n\t<\/p>\n\n\n\n\n\n\n\n<p>A transa\u00e7\u00e3o entre o Credit Suisse e o P\u00e1tria abrange os <strong>fundos imobili\u00e1rios<\/strong> listados da gestora na B3, totalizando aproximadamente US$ 2,4 bilh\u00f5es em ativos, ou R$ 12 bilh\u00f5es.<\/p>\n\n\n\n<p>A equipe da <strong>CSHG Real Estate<\/strong> e a gest\u00e3o dos fundos ser\u00e3o transferidas para o P\u00e1tria, que possui US$ 28,4 bilh\u00f5es em ativos sob gest\u00e3o. <\/p>\n\n\n\n<p>Ap\u00f3s a conclus\u00e3o da aquisi\u00e7\u00e3o, o <strong>P\u00e1tria <\/strong>dever\u00e1 tornar-se o maior gestor independente de <a class=\"suno-keyword\" data-force=\"no\" data-priority=\"2\" href=\"https:\/\/www.suno.com.br\/fundos-imobiliarios\/\" target=\"_blank\" rel=\"noopener\">fundos imobili\u00e1rios<\/a> no Brasil.<\/p>\n\n\n\n<p>O P\u00e1tria, que j\u00e1 conta com mais de R$ 18 bilh\u00f5es em ativos sob gest\u00e3o no segmento de ativos imobili\u00e1rios, com presen\u00e7a no Brasil, Chile e Col\u00f4mbia, busca com essa transa\u00e7\u00e3o consolidar sua \u00e1rea imobili\u00e1ria (Real Estate, em ingl\u00eas) como uma das l\u00edderes desse mercado, de acordo com o comunicado.<\/p>\n\n\n\n<p>Al\u00e9m de fortalecer sua plataforma com a equipe que gerencia os fundos, a incorpora\u00e7\u00e3o dos fundos de receb\u00edveis do<strong> Credit Suisse<\/strong> no Brasil ter\u00e1 como destaques fundos de Log\u00edstica e Renda Urbana.<\/p>\n\n\n\n<p>Sylvia Coutinho, chefe do <strong>UBS <\/strong>no Brasil e Am\u00e9rica Latina, mencionou em nota enviada ao Valor Econ\u00f4mico que o processo competitivo resultou na escolha do P\u00e1tria como comprador.<\/p>\n\n\n\n<p>Marcello Chilov, presidente do Credit Suisse Brasil e chefe do UBS Global <a class=\"suno-keyword\" target=\"_blank\" data-force=\"no\" data-priority=\"1\" href=\"https:\/\/www.suno.com.br\/artigos\/wealth-management\/\" rel=\"noopener\">Wealth Management<\/a> na regi\u00e3o, expressou confian\u00e7a na capacidade do P\u00e1tria de continuar a servir os investidores dos fundos e levar adiante o neg\u00f3cio. <\/p>\n\n\n\n<p>A divis\u00e3o de gest\u00e3o de riqueza global do UBS continuar\u00e1 a oferecer os fundos do P\u00e1tria aos seus clientes no Brasil.<\/p>\n\n\n\n<p>O UBS BB atuou como assessor financeiro exclusivo, e o BMA Advogados atuou como assessor jur\u00eddico do <strong>Credit Suisse <\/strong>na transa\u00e7\u00e3o.<\/p>\n\n\n\n<p>A conclus\u00e3o da transa\u00e7\u00e3o e a transfer\u00eancias dos fundos est\u00e3o sujeitos \u00e0 aprova\u00e7\u00e3o do Conselho Administrativo de Defesa Econ\u00f4mica (Cade) e de assembleia dos investidores dos FIIs.<\/p>\n\n\n\n<p>O <strong>mercado de fundos imobili\u00e1rios<\/strong> listados no Brasil inclui mais de R$ 161 bilh\u00f5es, com crescimento de 27% ao ano desde 2018, conforme dados da Associa\u00e7\u00e3o Brasileira das Entidades dos Mercados Financeiro e de Capitais (Anbima).<\/p>\n\n\n\n<p>O UBS BB atuou como assessor financeiro exclusivo da opera\u00e7\u00e3o. O BMA Advogados atuou como assessor jur\u00eddico do Credit Suisse na transa\u00e7\u00e3o.<\/p>\n\n\n\n<p><em>Com Estad\u00e3o Conte\u00fado<\/em><\/p>\n\n\n\t<p>\n\t\t<a href=\"\" target=\"_blank\" data-element=\"shortcode-suno-banner\" title=\"Banner SUNO, clique e saiba mais\">\n\t\t\t<picture>\n\t\t\t\t<source media=\"(max-width: 500px)\" srcset=\"\">\n\t\t\t\t<img class=\"newsContent__article__imgCapa newsContent__article__imgCapa--banner\"\n\t\t\t\t\tsrc=\"\"\n\t\t\t\t\tdata-promo-id=\"77014\"\t\t\t\t\t\t\t\t\t\t\t\t\t\t\talt=\"\"\n\t\t\t\t>\n\t\t\t<\/picture>\n\t\t<\/a>\n\t<\/p>\n\n\n","protected":false},"excerpt":{"rendered":"<p>O Credit Suisse anunciou que fechou um acordo para vender seu neg\u00f3cio de fundos imobili\u00e1rios (FIIs) no Brasil, a Credit Suisse Hedging-Griffo Real Estate, para o P\u00e1tria Investimentos por at\u00e9 R$ 650 milh\u00f5es (US$ 130 milh\u00f5es). A transa\u00e7\u00e3o entre o Credit Suisse e o P\u00e1tria abrange os fundos imobili\u00e1rios listados da gestora na B3, totalizando [&hellip;]<\/p>\n","protected":false},"author":73,"featured_media":182339,"comment_status":"closed","ping_status":"closed","sticky":false,"template":"","format":"standard","meta":[],"categories":[64],"tags":[1788,315,1139],"suno_strategy":[],"class_list":["post-496385","post","type-post","status-publish","format-standard","has-post-thumbnail","hentry","category-negocios","tag-credit-suisse-c1su34","tag-fundos-imobiliarios-fiis","tag-patria-investimentos"],"yoast_head":"<!-- This site is optimized with the Yoast SEO plugin v24.4 - https:\/\/yoast.com\/wordpress\/plugins\/seo\/ -->\n<title>P\u00e1tria compra \u00e1rea de FIIs do do Credit Suisse por at\u00e9 R$ 650 milh\u00f5es<\/title>\n<meta name=\"description\" content=\"A transa\u00e7\u00e3o entre o Credit Suisse e o P\u00e1tria abrange os fundos imobili\u00e1rios listados da gestora na B3, totalizando US$ 2,4 bilh\u00f5es em ativos\" \/>\n<meta name=\"robots\" content=\"index, follow, max-snippet:-1, max-image-preview:large, max-video-preview:-1\" \/>\n<link rel=\"canonical\" href=\"https:\/\/www.suno.com.br\/noticias\/credit-suisse-patria-compra-fiis-evm\/\" \/>\n<meta property=\"og:locale\" content=\"pt_BR\" \/>\n<meta property=\"og:type\" content=\"article\" \/>\n<meta property=\"og:title\" content=\"P\u00e1tria compra \u00e1rea de FIIs do do Credit Suisse por at\u00e9 R$ 650 milh\u00f5es\" \/>\n<meta property=\"og:description\" content=\"A transa\u00e7\u00e3o entre o Credit Suisse e o P\u00e1tria abrange os fundos imobili\u00e1rios listados da gestora na B3, totalizando US$ 2,4 bilh\u00f5es em ativos\" \/>\n<meta property=\"og:url\" content=\"https:\/\/www.suno.com.br\/noticias\/credit-suisse-patria-compra-fiis-evm\/\" \/>\n<meta property=\"og:site_name\" content=\"Suno Not\u00edcias\" \/>\n<meta property=\"article:publisher\" content=\"https:\/\/facebook.com\/sunoresearch\" \/>\n<meta property=\"og:image\" content=\"https:\/\/files.sunoresearch.com.br\/n\/uploads\/2021\/09\/patria-investimentos.jpg\" \/>\n\t<meta property=\"og:image:width\" content=\"1262\" \/>\n\t<meta property=\"og:image:height\" content=\"860\" \/>\n\t<meta property=\"og:image:type\" content=\"image\/jpeg\" \/>\n<meta name=\"author\" content=\"Eduardo Vargas\" \/>\n<meta name=\"twitter:card\" content=\"summary_large_image\" \/>\n<meta name=\"twitter:creator\" content=\"@sunoresearch\" \/>\n<meta name=\"twitter:site\" content=\"@sunoresearch\" \/>\n<meta name=\"twitter:label1\" content=\"Escrito por\" \/>\n\t<meta name=\"twitter:data1\" content=\"Eduardo Vargas\" \/>\n\t<meta name=\"twitter:label2\" content=\"Est. tempo de leitura\" \/>\n\t<meta name=\"twitter:data2\" content=\"3 minutos\" \/>\n<script type=\"application\/ld+json\" class=\"yoast-schema-graph\">{\"@context\":\"https:\/\/schema.org\",\"@graph\":[{\"@type\":\"NewsArticle\",\"@id\":\"https:\/\/www.suno.com.br\/noticias\/credit-suisse-patria-compra-fiis-evm\/#article\",\"isPartOf\":{\"@id\":\"https:\/\/www.suno.com.br\/noticias\/credit-suisse-patria-compra-fiis-evm\/\"},\"author\":{\"name\":\"Eduardo Vargas\",\"@id\":\"https:\/\/www.suno.com.br\/noticias\/#\/schema\/person\/7f4d362bf3518e76090143ae77bb49a5\"},\"headline\":\"P\u00e1tria confirma compra da gestora de fundos imobili\u00e1rios do Credit Suisse por R$ 650 milh\u00f5es\",\"datePublished\":\"2023-12-06T23:30:11+00:00\",\"dateModified\":\"2023-12-07T00:31:31+00:00\",\"mainEntityOfPage\":{\"@id\":\"https:\/\/www.suno.com.br\/noticias\/credit-suisse-patria-compra-fiis-evm\/\"},\"wordCount\":456,\"publisher\":{\"@id\":\"https:\/\/www.suno.com.br\/noticias\/#organization\"},\"image\":{\"@id\":\"https:\/\/www.suno.com.br\/noticias\/credit-suisse-patria-compra-fiis-evm\/#primaryimage\"},\"thumbnailUrl\":\"https:\/\/files.sunoresearch.com.br\/n\/uploads\/2021\/09\/patria-investimentos.jpg\",\"keywords\":[\"Credit Suisse (C1SU34)\",\"Fundos Imobili\u00e1rios (FIIs)\",\"P\u00e1tria Investimentos\"],\"articleSection\":[\"Neg\u00f3cios\"],\"inLanguage\":\"pt-BR\"},{\"@type\":\"WebPage\",\"@id\":\"https:\/\/www.suno.com.br\/noticias\/credit-suisse-patria-compra-fiis-evm\/\",\"url\":\"https:\/\/www.suno.com.br\/noticias\/credit-suisse-patria-compra-fiis-evm\/\",\"name\":\"P\u00e1tria compra \u00e1rea de FIIs do do Credit Suisse por at\u00e9 R$ 650 milh\u00f5es\",\"isPartOf\":{\"@id\":\"https:\/\/www.suno.com.br\/noticias\/#website\"},\"primaryImageOfPage\":{\"@id\":\"https:\/\/www.suno.com.br\/noticias\/credit-suisse-patria-compra-fiis-evm\/#primaryimage\"},\"image\":{\"@id\":\"https:\/\/www.suno.com.br\/noticias\/credit-suisse-patria-compra-fiis-evm\/#primaryimage\"},\"thumbnailUrl\":\"https:\/\/files.sunoresearch.com.br\/n\/uploads\/2021\/09\/patria-investimentos.jpg\",\"datePublished\":\"2023-12-06T23:30:11+00:00\",\"dateModified\":\"2023-12-07T00:31:31+00:00\",\"description\":\"A transa\u00e7\u00e3o entre o Credit Suisse e o P\u00e1tria abrange os fundos imobili\u00e1rios listados da gestora na B3, totalizando US$ 2,4 bilh\u00f5es em ativos\",\"breadcrumb\":{\"@id\":\"https:\/\/www.suno.com.br\/noticias\/credit-suisse-patria-compra-fiis-evm\/#breadcrumb\"},\"inLanguage\":\"pt-BR\",\"potentialAction\":[{\"@type\":\"ReadAction\",\"target\":[\"https:\/\/www.suno.com.br\/noticias\/credit-suisse-patria-compra-fiis-evm\/\"]}]},{\"@type\":\"ImageObject\",\"inLanguage\":\"pt-BR\",\"@id\":\"https:\/\/www.suno.com.br\/noticias\/credit-suisse-patria-compra-fiis-evm\/#primaryimage\",\"url\":\"https:\/\/files.sunoresearch.com.br\/n\/uploads\/2021\/09\/patria-investimentos.jpg\",\"contentUrl\":\"https:\/\/files.sunoresearch.com.br\/n\/uploads\/2021\/09\/patria-investimentos.jpg\",\"width\":1262,\"height\":860,\"caption\":\"P\u00e1tria Investimentos Foto: Divulga\u00e7\u00e3o\"},{\"@type\":\"BreadcrumbList\",\"@id\":\"https:\/\/www.suno.com.br\/noticias\/credit-suisse-patria-compra-fiis-evm\/#breadcrumb\",\"itemListElement\":[{\"@type\":\"ListItem\",\"position\":1,\"name\":\"Not\u00edcias\",\"item\":\"https:\/\/www.suno.com.br\/noticias\/\"},{\"@type\":\"ListItem\",\"position\":2,\"name\":\"Neg\u00f3cios\",\"item\":\"https:\/\/www.suno.com.br\/noticias\/negocios\/\"},{\"@type\":\"ListItem\",\"position\":3,\"name\":\"P\u00e1tria confirma compra da gestora de fundos imobili\u00e1rios do Credit Suisse por R$ 650 milh\u00f5es\"}]},{\"@type\":\"WebSite\",\"@id\":\"https:\/\/www.suno.com.br\/noticias\/#website\",\"url\":\"https:\/\/www.suno.com.br\/noticias\/\",\"name\":\"Suno Not\u00edcias\",\"description\":\"Seu portal de informa\u00e7\u00e3o sobre o mundo dos investimentos\",\"publisher\":{\"@id\":\"https:\/\/www.suno.com.br\/noticias\/#organization\"},\"potentialAction\":[{\"@type\":\"SearchAction\",\"target\":{\"@type\":\"EntryPoint\",\"urlTemplate\":\"https:\/\/www.suno.com.br\/noticias\/?s={search_term_string}\"},\"query-input\":{\"@type\":\"PropertyValueSpecification\",\"valueRequired\":true,\"valueName\":\"search_term_string\"}}],\"inLanguage\":\"pt-BR\"},{\"@type\":\"Organization\",\"@id\":\"https:\/\/www.suno.com.br\/noticias\/#organization\",\"name\":\"Suno Not\u00edcias\",\"url\":\"https:\/\/www.suno.com.br\/noticias\/\",\"logo\":{\"@type\":\"ImageObject\",\"inLanguage\":\"pt-BR\",\"@id\":\"https:\/\/www.suno.com.br\/noticias\/#\/schema\/logo\/image\/\",\"url\":\"https:\/\/files.sunoresearch.com.br\/n\/uploads\/2021\/09\/suno-logo.png\",\"contentUrl\":\"https:\/\/files.sunoresearch.com.br\/n\/uploads\/2021\/09\/suno-logo.png\",\"width\":180,\"height\":180,\"caption\":\"Suno Not\u00edcias\"},\"image\":{\"@id\":\"https:\/\/www.suno.com.br\/noticias\/#\/schema\/logo\/image\/\"},\"sameAs\":[\"https:\/\/facebook.com\/sunoresearch\",\"https:\/\/x.com\/sunoresearch\",\"https:\/\/www.instagram.com\/suno\",\"https:\/\/www.linkedin.com\/company\/suno-research\/\",\"https:\/\/www.youtube.com\/c\/sunoresearch\"]},{\"@type\":\"Person\",\"@id\":\"https:\/\/www.suno.com.br\/noticias\/#\/schema\/person\/7f4d362bf3518e76090143ae77bb49a5\",\"name\":\"Eduardo Vargas\",\"image\":{\"@type\":\"ImageObject\",\"inLanguage\":\"pt-BR\",\"@id\":\"https:\/\/www.suno.com.br\/noticias\/#\/schema\/person\/image\/\",\"url\":\"https:\/\/secure.gravatar.com\/avatar\/dac340933427a22924c9f99d1eb2e3f2?s=96&r=g\",\"contentUrl\":\"https:\/\/secure.gravatar.com\/avatar\/dac340933427a22924c9f99d1eb2e3f2?s=96&r=g\",\"caption\":\"Eduardo Vargas\"},\"description\":\"Jornalista formado pela UFSC, cobre macroeconomia, neg\u00f3cios e startups para o Suno Not\u00edcias, escrevendo principalmente not\u00edcias sobre o mercado financeiro e a bolsa de valores. No YouTube e no Instagram, \u00e9 respons\u00e1vel pela produ\u00e7\u00e3o de Reels e Shorts do Suno Not\u00edcias. Anteriormente, trabalhou cobrindo economia e cotidiano no ND+ e para o ND, maior jornal impresso de Santa Catarina. Cursou um semestre letivo de Estudos de M\u00eddia na Universidad de Buenos Aires.\",\"url\":\"https:\/\/www.suno.com.br\/noticias\/author\/eduardo-vargas\/\"}]}<\/script>\n<!-- \/ Yoast SEO plugin. -->","yoast_head_json":{"title":"P\u00e1tria compra \u00e1rea de FIIs do do Credit Suisse por at\u00e9 R$ 650 milh\u00f5es","description":"A transa\u00e7\u00e3o entre o Credit Suisse e o P\u00e1tria abrange os fundos imobili\u00e1rios listados da gestora na B3, totalizando US$ 2,4 bilh\u00f5es em ativos","robots":{"index":"index","follow":"follow","max-snippet":"max-snippet:-1","max-image-preview":"max-image-preview:large","max-video-preview":"max-video-preview:-1"},"canonical":"https:\/\/www.suno.com.br\/noticias\/credit-suisse-patria-compra-fiis-evm\/","og_locale":"pt_BR","og_type":"article","og_title":"P\u00e1tria compra \u00e1rea de FIIs do do Credit Suisse por at\u00e9 R$ 650 milh\u00f5es","og_description":"A transa\u00e7\u00e3o entre o Credit Suisse e o P\u00e1tria abrange os fundos imobili\u00e1rios listados da gestora na B3, totalizando US$ 2,4 bilh\u00f5es em ativos","og_url":"https:\/\/www.suno.com.br\/noticias\/credit-suisse-patria-compra-fiis-evm\/","og_site_name":"Suno Not\u00edcias","article_publisher":"https:\/\/facebook.com\/sunoresearch","og_image":[{"width":1262,"height":860,"url":"https:\/\/files.sunoresearch.com.br\/n\/uploads\/2021\/09\/patria-investimentos.jpg","type":"image\/jpeg"}],"author":"Eduardo Vargas","twitter_card":"summary_large_image","twitter_creator":"@sunoresearch","twitter_site":"@sunoresearch","twitter_misc":{"Escrito por":"Eduardo Vargas","Est. tempo de leitura":"3 minutos"},"schema":{"@context":"https:\/\/schema.org","@graph":[{"@type":"NewsArticle","@id":"https:\/\/www.suno.com.br\/noticias\/credit-suisse-patria-compra-fiis-evm\/#article","isPartOf":{"@id":"https:\/\/www.suno.com.br\/noticias\/credit-suisse-patria-compra-fiis-evm\/"},"author":{"name":"Eduardo Vargas","@id":"https:\/\/www.suno.com.br\/noticias\/#\/schema\/person\/7f4d362bf3518e76090143ae77bb49a5"},"headline":"P\u00e1tria confirma compra da gestora de fundos imobili\u00e1rios do Credit Suisse por R$ 650 milh\u00f5es","datePublished":"2023-12-06T23:30:11+00:00","dateModified":"2023-12-07T00:31:31+00:00","mainEntityOfPage":{"@id":"https:\/\/www.suno.com.br\/noticias\/credit-suisse-patria-compra-fiis-evm\/"},"wordCount":456,"publisher":{"@id":"https:\/\/www.suno.com.br\/noticias\/#organization"},"image":{"@id":"https:\/\/www.suno.com.br\/noticias\/credit-suisse-patria-compra-fiis-evm\/#primaryimage"},"thumbnailUrl":"https:\/\/files.sunoresearch.com.br\/n\/uploads\/2021\/09\/patria-investimentos.jpg","keywords":["Credit Suisse (C1SU34)","Fundos Imobili\u00e1rios (FIIs)","P\u00e1tria Investimentos"],"articleSection":["Neg\u00f3cios"],"inLanguage":"pt-BR"},{"@type":"WebPage","@id":"https:\/\/www.suno.com.br\/noticias\/credit-suisse-patria-compra-fiis-evm\/","url":"https:\/\/www.suno.com.br\/noticias\/credit-suisse-patria-compra-fiis-evm\/","name":"P\u00e1tria compra \u00e1rea de FIIs do do Credit Suisse por at\u00e9 R$ 650 milh\u00f5es","isPartOf":{"@id":"https:\/\/www.suno.com.br\/noticias\/#website"},"primaryImageOfPage":{"@id":"https:\/\/www.suno.com.br\/noticias\/credit-suisse-patria-compra-fiis-evm\/#primaryimage"},"image":{"@id":"https:\/\/www.suno.com.br\/noticias\/credit-suisse-patria-compra-fiis-evm\/#primaryimage"},"thumbnailUrl":"https:\/\/files.sunoresearch.com.br\/n\/uploads\/2021\/09\/patria-investimentos.jpg","datePublished":"2023-12-06T23:30:11+00:00","dateModified":"2023-12-07T00:31:31+00:00","description":"A transa\u00e7\u00e3o entre o Credit Suisse e o P\u00e1tria abrange os fundos imobili\u00e1rios listados da gestora na B3, totalizando US$ 2,4 bilh\u00f5es em ativos","breadcrumb":{"@id":"https:\/\/www.suno.com.br\/noticias\/credit-suisse-patria-compra-fiis-evm\/#breadcrumb"},"inLanguage":"pt-BR","potentialAction":[{"@type":"ReadAction","target":["https:\/\/www.suno.com.br\/noticias\/credit-suisse-patria-compra-fiis-evm\/"]}]},{"@type":"ImageObject","inLanguage":"pt-BR","@id":"https:\/\/www.suno.com.br\/noticias\/credit-suisse-patria-compra-fiis-evm\/#primaryimage","url":"https:\/\/files.sunoresearch.com.br\/n\/uploads\/2021\/09\/patria-investimentos.jpg","contentUrl":"https:\/\/files.sunoresearch.com.br\/n\/uploads\/2021\/09\/patria-investimentos.jpg","width":1262,"height":860,"caption":"P\u00e1tria Investimentos Foto: Divulga\u00e7\u00e3o"},{"@type":"BreadcrumbList","@id":"https:\/\/www.suno.com.br\/noticias\/credit-suisse-patria-compra-fiis-evm\/#breadcrumb","itemListElement":[{"@type":"ListItem","position":1,"name":"Not\u00edcias","item":"https:\/\/www.suno.com.br\/noticias\/"},{"@type":"ListItem","position":2,"name":"Neg\u00f3cios","item":"https:\/\/www.suno.com.br\/noticias\/negocios\/"},{"@type":"ListItem","position":3,"name":"P\u00e1tria confirma compra da gestora de fundos imobili\u00e1rios do Credit Suisse por R$ 650 milh\u00f5es"}]},{"@type":"WebSite","@id":"https:\/\/www.suno.com.br\/noticias\/#website","url":"https:\/\/www.suno.com.br\/noticias\/","name":"Suno Not\u00edcias","description":"Seu portal de informa\u00e7\u00e3o sobre o mundo dos investimentos","publisher":{"@id":"https:\/\/www.suno.com.br\/noticias\/#organization"},"potentialAction":[{"@type":"SearchAction","target":{"@type":"EntryPoint","urlTemplate":"https:\/\/www.suno.com.br\/noticias\/?s={search_term_string}"},"query-input":{"@type":"PropertyValueSpecification","valueRequired":true,"valueName":"search_term_string"}}],"inLanguage":"pt-BR"},{"@type":"Organization","@id":"https:\/\/www.suno.com.br\/noticias\/#organization","name":"Suno Not\u00edcias","url":"https:\/\/www.suno.com.br\/noticias\/","logo":{"@type":"ImageObject","inLanguage":"pt-BR","@id":"https:\/\/www.suno.com.br\/noticias\/#\/schema\/logo\/image\/","url":"https:\/\/files.sunoresearch.com.br\/n\/uploads\/2021\/09\/suno-logo.png","contentUrl":"https:\/\/files.sunoresearch.com.br\/n\/uploads\/2021\/09\/suno-logo.png","width":180,"height":180,"caption":"Suno Not\u00edcias"},"image":{"@id":"https:\/\/www.suno.com.br\/noticias\/#\/schema\/logo\/image\/"},"sameAs":["https:\/\/facebook.com\/sunoresearch","https:\/\/x.com\/sunoresearch","https:\/\/www.instagram.com\/suno","https:\/\/www.linkedin.com\/company\/suno-research\/","https:\/\/www.youtube.com\/c\/sunoresearch"]},{"@type":"Person","@id":"https:\/\/www.suno.com.br\/noticias\/#\/schema\/person\/7f4d362bf3518e76090143ae77bb49a5","name":"Eduardo Vargas","image":{"@type":"ImageObject","inLanguage":"pt-BR","@id":"https:\/\/www.suno.com.br\/noticias\/#\/schema\/person\/image\/","url":"https:\/\/secure.gravatar.com\/avatar\/dac340933427a22924c9f99d1eb2e3f2?s=96&r=g","contentUrl":"https:\/\/secure.gravatar.com\/avatar\/dac340933427a22924c9f99d1eb2e3f2?s=96&r=g","caption":"Eduardo Vargas"},"description":"Jornalista formado pela UFSC, cobre macroeconomia, neg\u00f3cios e startups para o Suno Not\u00edcias, escrevendo principalmente not\u00edcias sobre o mercado financeiro e a bolsa de valores. No YouTube e no Instagram, \u00e9 respons\u00e1vel pela produ\u00e7\u00e3o de Reels e Shorts do Suno Not\u00edcias. Anteriormente, trabalhou cobrindo economia e cotidiano no ND+ e para o ND, maior jornal impresso de Santa Catarina. Cursou um semestre letivo de Estudos de M\u00eddia na Universidad de Buenos Aires.","url":"https:\/\/www.suno.com.br\/noticias\/author\/eduardo-vargas\/"}]}},"default_loop_html":"<div class=\"cardsPage__listCard__boxs\"><div class=\"cardsPage__listCard__boxs__img\"><a href=\"https:\/\/www.suno.com.br\/noticias\/credit-suisse-patria-compra-fiis-evm\/\"><img class=\"mask\" src=\"https:\/\/www.suno.com.br\/noticias\/wp-content\/themes\/suno\/resources\/images\/spotlight\/spotlight1img\/bg-mask.png\" alt=\"Image Mask\"\/><img src=\"https:\/\/files.sunoresearch.com.br\/n\/uploads\/2021\/09\/patria-investimentos-400x200.jpg\" alt=\"P\u00e1tria confirma compra da gestora de fundos imobili\u00e1rios do Credit Suisse por R$ 650 milh\u00f5es\"\/><\/a><span class=\"spotlightCategory\"><a href=\"https:\/\/www.suno.com.br\/noticias\/negocios\/\">Neg\u00f3cios<\/a><\/span><\/div><div class=\"cardsPage__listCard__boxs__content\"><a href=\"https:\/\/www.suno.com.br\/noticias\/credit-suisse-patria-compra-fiis-evm\/\"><h2 class=\"content__title\">P\u00e1tria confirma compra da gestora de fundos imobili\u00e1rios do Credit Suisse por R$ 650 milh\u00f5es<\/h2><\/a><div class=\"newsContent__article__meta\"><div class=\"newsContent__article__meta__authorBox\"><a href=\"https:\/\/www.suno.com.br\/noticias\/author\/eduardo-vargas\/\" class=\"authorBox__avatar noMobi\"><img src=\"https:\/\/secure.gravatar.com\/avatar\/dac340933427a22924c9f99d1eb2e3f2?s=96&#038;r=g\" alt=\"Eduardo Vargas\"><\/a><div class=\"authorBox__name\"><span>por\n\t\t\t<a href=\"https:\/\/www.suno.com.br\/noticias\/author\/eduardo-vargas\/\"><span itemprop=\"author\">Eduardo Vargas<\/span><\/a><\/span><time datetime=\"2023-12-06T20:30:11-03:00\" itemprop=\"datePublished\">06\/12\/2023 20:30<\/time><\/div><\/div><\/div><\/div><\/div>","single_layout":"posts","amp_enabled":true,"_links":{"self":[{"href":"https:\/\/www.suno.com.br\/noticias\/wp-json\/wp\/v2\/posts\/496385"}],"collection":[{"href":"https:\/\/www.suno.com.br\/noticias\/wp-json\/wp\/v2\/posts"}],"about":[{"href":"https:\/\/www.suno.com.br\/noticias\/wp-json\/wp\/v2\/types\/post"}],"author":[{"embeddable":true,"href":"https:\/\/www.suno.com.br\/noticias\/wp-json\/wp\/v2\/users\/73"}],"replies":[{"embeddable":true,"href":"https:\/\/www.suno.com.br\/noticias\/wp-json\/wp\/v2\/comments?post=496385"}],"version-history":[{"count":3,"href":"https:\/\/www.suno.com.br\/noticias\/wp-json\/wp\/v2\/posts\/496385\/revisions"}],"predecessor-version":[{"id":496435,"href":"https:\/\/www.suno.com.br\/noticias\/wp-json\/wp\/v2\/posts\/496385\/revisions\/496435"}],"wp:featuredmedia":[{"embeddable":true,"href":"https:\/\/www.suno.com.br\/noticias\/wp-json\/wp\/v2\/media\/182339"}],"wp:attachment":[{"href":"https:\/\/www.suno.com.br\/noticias\/wp-json\/wp\/v2\/media?parent=496385"}],"wp:term":[{"taxonomy":"category","embeddable":true,"href":"https:\/\/www.suno.com.br\/noticias\/wp-json\/wp\/v2\/categories?post=496385"},{"taxonomy":"post_tag","embeddable":true,"href":"https:\/\/www.suno.com.br\/noticias\/wp-json\/wp\/v2\/tags?post=496385"},{"taxonomy":"suno_strategy","embeddable":true,"href":"https:\/\/www.suno.com.br\/noticias\/wp-json\/wp\/v2\/suno_strategy?post=496385"}],"curies":[{"name":"wp","href":"https:\/\/api.w.org\/{rel}","templated":true}]}}