{"id":495999,"date":"2023-12-06T12:09:58","date_gmt":"2023-12-06T15:09:58","guid":{"rendered":"https:\/\/www.suno.com.br\/noticias\/?p=495999"},"modified":"2023-12-06T15:43:25","modified_gmt":"2023-12-06T18:43:25","slug":"tarciana-medeiros-banco-brasil-bbas3-mulheres-mais-poderosas-forbes-cpf","status":"publish","type":"post","link":"https:\/\/www.suno.com.br\/noticias\/tarciana-medeiros-banco-brasil-bbas3-mulheres-mais-poderosas-forbes-cpf\/","title":{"rendered":"Tarciana Medeiros, presidente do Banco do Brasil (BBAS3) est\u00e1 entre as Mulheres mais Poderosas do Mundo, segundo a Forbes"},"content":{"rendered":"<p>A presidente do <a class=\"suno-keyword\" target=\"_blank\" data-force=\"yes\" data-priority=\"2\" href=\"https:\/\/www.suno.com.br\/acoes\/BBAS3\/\" rel=\"noopener\">Banco do Brasil (BBAS3)<\/a>, <strong>Tarciana Medeiros<\/strong>, foi selecionada na lista da revista Forbes como uma das Mulheres mais Poderosas do Mundo em 2023. <\/p>\t<div class=\"wrapper-featured-image\">\n\t\t<figure class=\"spotlightImg\">\n\n\t\t\t<picture>\n\t\t\t\t<source media=\"(max-width: 768px)\" srcset=\"https:\/\/files.sunoresearch.com.br\/n\/uploads\/2023\/10\/banco-do-brasil-presidente-tarciana-medeiros-400x200.jpg\">\n\t\t\t\t<img loading=\"lazy\" decoding=\"async\" class=\"newsContent__article__imgCapa lazyloadDisabled \" src=\"https:\/\/files.sunoresearch.com.br\/n\/uploads\/2023\/10\/banco-do-brasil-presidente-tarciana-medeiros-800x450.jpg\" width=\"800\" height=\"450\" alt=\"Tarciana Medeiros, presidente do Banco do Brasil (BBAS3) est\u00e1 entre as Mulheres mais Poderosas do Mundo, segundo a Forbes\" fetchpriority=high \/>\n\t\t\t<\/picture>\n\n\t\t\t<figcaption class=\"wp-caption-text wp-caption-text--show\">Tarciana Medeiros, a atual Presidente do Banco do Brasil - Foto: Divulga\u00e7\u00e3o<\/figcaption>\n\t\t<\/figure>\n\t<\/div>\n\n\n\n\n\n\n\n\t<p>\n\t\t<a href=\"\" target=\"_blank\" data-element=\"shortcode-suno-banner\" title=\"Banner SUNO, clique e saiba mais\">\n\t\t\t<picture>\n\t\t\t\t<source media=\"(max-width: 500px)\" srcset=\"\">\n\t\t\t\t<img class=\"newsContent__article__imgCapa newsContent__article__imgCapa--banner\"\n\t\t\t\t\tsrc=\"\"\n\t\t\t\t\tdata-promo-id=\"250678\"\t\t\t\t\t\t\t\t\t\t\t\t\t\t\talt=\"\"\n\t\t\t\t>\n\t\t\t<\/picture>\n\t\t<\/a>\n\t<\/p>\n\n\n\n\n\n<p>Em sua estreia na lista, <strong>Tarciana <\/strong>se destacou em 24\u00ba lugar, sendo a \u00fanica brasileira citada. Presidente do segundo maior banco da Am\u00e9rica Latina, a paraibana assumiu a lideran\u00e7a do <strong>Banco do Brasil (BBAS3) <\/strong>em janeiro deste ano. <\/p>\n\n\n\n<h2 class=\"wp-block-heading\">Jornada de Tarciana Medeiros no Banco do Brasil (BBAS3)<\/h2>\n\n\n\n<p>Em 215 anos de banco, <strong>Tarciana<\/strong> \u00e9 a primeira mulher a assumir a <strong>presid\u00eancia do BB<\/strong>, al\u00e9m de ser a \u00fanica \u00e0 frente de uma das empresas brasileiras da Forbes Global 200 (lista que re\u00fane as maiores companhias de capital aberto do mundo), segundo a revista. <\/p>\n\n\n\n<p>A <strong>presidente do banco <\/strong>se qualificou como funcion\u00e1ria de carreira no <strong>BBAS3<\/strong>, indicada pelo presidente Luiz In\u00e1cio Lula da Silva (PT). Antes dela, o cargo era ocupado por Fausto Ribeiro.<\/p>\n\n\n\n<p>Nos \u00faltimos dois anos, desde 2021, <strong>Tarciana Medeiros <\/strong>atuou como Gerente Executiva na Diretoria de Clientes <a class=\"suno-keyword\" data-force=\"no\" data-priority=\"1\" href=\"https:\/\/www.suno.com.br\/artigos\/pessoa-fisica\/\" target=\"_blank\" rel=\"noopener\">Pessoa F\u00edsica<\/a> (PF) e Micro e Pequenas Empresas (MPE) do BB, respons\u00e1vel pelos ciclos de relacionamento com clientes. Al\u00e9m disso, havia trabalhado no BB Seguros e, em 2017, recebeu uma qualifica\u00e7\u00e3o do Programa de Ascens\u00e3o Profissional de Executivos do BB.<\/p>\n\n\n\n<h2 class=\"wp-block-heading\">Quem s\u00e3o as 10 Mulheres mais Poderosas do Mundo?<\/h2>\n\n\n\n<p>Segundo a lista da revista Forbes, algumas mulheres ao longo deste ano se destacaram gra\u00e7as \u00e0 sua influ\u00eancia e poder. Entre elas, empres\u00e1rias, executivas e pol\u00edticas s\u00e3o os maiores destaques, al\u00e9m de artistas. <\/p>\n\n\n\n<p>Para a lista, foram utilizadas quatro m\u00e9tricas principais: dinheiro, m\u00eddia, impacto e esferas de influ\u00eancia. Veja a seguir os dez primeiros nomes selecionados como as <strong>Mulheres mais Poderosas do Mundo<\/strong>:<\/p>\n\n\n\n<ol class=\"wp-block-list\">\n<li>Ursula Von der Leyen, presidente da Comiss\u00e3o Europeia (65 anos)<\/li>\n\n\n\n<li>Christine Lagarde, presidente do Banco Central Europeu (67)<\/li>\n\n\n\n<li>Kamala Harris, vice-presidente dos Estados Unidos (59)<\/li>\n\n\n\n<li>Giorgia Meloni, primeira-ministra da It\u00e1lia (46)<\/li>\n\n\n\n<li>Taylor Swift, cantora (33)<\/li>\n\n\n\n<li>Karen Lynch, presidente da CVS Health (59)<\/li>\n\n\n\n<li>Jane Fraser, diretora-executiva do Citigroup (56)<\/li>\n\n\n\n<li>Abigail Johnson, CEO da Fidelity Investments (61)<\/li>\n\n\n\n<li>Mary Barra, CEO da General Motors (61)<\/li>\n\n\n\n<li>Melinda French Gates, filantropa (59)<\/li>\n<\/ol>\n\n\n\n<p><\/p>\n\n\n\n<p>A depender do setor de inser\u00e7\u00e3o de cada uma, alguns outros crit\u00e9rios tamb\u00e9m foram adotados: para l\u00edderes pol\u00edticas, foram considerados o <a class=\"suno-keyword\" data-force=\"no\" data-priority=\"2\" href=\"https:\/\/www.suno.com.br\/artigos\/pib-produto-interno-bruto\/\" target=\"_blank\" rel=\"noopener\">Produto Interno Bruto (PIB)<\/a> e as popula\u00e7\u00f5es dos pa\u00edses que lideram; para l\u00edderes corporativas, foi contabilizado receitas, avalia\u00e7\u00f5es e o n\u00famero de funcion\u00e1rios em suas organiza\u00e7\u00f5es. Al\u00e9m disso, men\u00e7\u00f5es na m\u00eddia e alcance social foram crit\u00e9rios analisados para todas as mulheres listadas. <\/p>\n\n\n\n<p>Assim, a <strong>Forbes <\/strong>listou as 100 mulheres que desempenharam pap\u00e9is relevantes em moldar os neg\u00f3cios, produtos e as quest\u00f5es pol\u00edticas que definem nosso mundo.<\/p>\n\n\n\n<p>&#8220;Quando as mulheres chegam suficientemente longe em assentos de poder em v\u00e1rios lugares do mundo, as coisas come\u00e7am a mudar,\u201d afirmou <strong>Melinda Gates<\/strong>, filantropa e bilion\u00e1ria, em entrevista \u00e0 Forbes. <\/p>\n\n\n\t<p>\n\t\t<a href=\"https:\/\/lp.suno.com.br\/ebook-como-analisar-uma-acao\/\" target=\"_blank\" data-element=\"shortcode-suno-banner\" title=\"Banner SUNO, clique e saiba mais\">\n\t\t\t<picture>\n\t\t\t\t<source media=\"(max-width: 500px)\" srcset=\"https:\/\/files.sunoresearch.com.br\/n\/uploads\/2023\/03\/Ebook-Acoes-Mobile.jpg\">\n\t\t\t\t<img class=\"newsContent__article__imgCapa newsContent__article__imgCapa--banner\"\n\t\t\t\t\tsrc=\"https:\/\/files.sunoresearch.com.br\/n\/uploads\/2023\/03\/Ebook-Acoes-Desktop.jpg\"\n\t\t\t\t\tdata-promo-id=\"378302\"\t\t\t\t\t\t\t\t\t\twidth='1420' height='286'\t\t\t\t\talt=\"https:\/\/files.sunoresearch.com.br\/n\/uploads\/2023\/03\/Ebook-Acoes-Desktop.jpg\"\n\t\t\t\t>\n\t\t\t<\/picture>\n\t\t<\/a>\n\t<\/p>\n\n\n\n\n\n<h2 class=\"wp-block-heading\">Mulheres perderam lugares de lideran\u00e7a nos \u00faltimos meses<\/h2>\n\n\n\n<p>Nos primeiros meses de 2023, houve uma redu\u00e7\u00e3o na <strong>presen\u00e7a feminina<\/strong> em postos de lideran\u00e7as e espa\u00e7os de influ\u00eancia em empresas e governos em todo o mundo.<\/p>\n\n\n\n<p>Durante o per\u00edodo de janeiro a abril, l\u00edderes pol\u00edticas, como Sanna Marin, Jacinda Ardern e Nicola Sturgeon, perderam ou deixaram suas posi\u00e7\u00f5es nos governos da Finl\u00e2ndia, Nova Zel\u00e2ndia e Esc\u00f3cia. <a class=\"suno-keyword\" target=\"_blank\" data-force=\"no\" data-priority=\"2\" href=\"https:\/\/www.suno.com.br\/tudo-sobre\/susan-wojcicki\/\" rel=\"noopener\">Susan Wojcicki<\/a> tamb\u00e9m saiu do cargo de CEO do YouTube, ap\u00f3s liderar a empresa por nove anos, assim como Martina Merz, que deixou a presid\u00eancia-executiva do conglomerado alem\u00e3o Thyssenkrupp. Todas foram substitu\u00eddas por homens.<\/p>\n\n\n\n<p><strong>Hillary Clinton<\/strong>, ex-candidata \u00e0 presidente dos EUA do partido democrata, compartilhou uma perspectiva sobre esse cen\u00e1rio em mar\u00e7o, em entrevista \u00e0 Forbes USA: &#8220;Nem sempre voc\u00ea ser\u00e1 sucedida por uma mulher s\u00f3 porque uma mulher ocupou o cargo. Ainda temos trabalho a fazer para [colocar] as mulheres em posi\u00e7\u00e3o de assumir cargos de lideran\u00e7a.&#8221;<\/p>\n\n\n\t<p>\n\t\t<a href=\"https:\/\/lp.suno.com.br\/plataforma-de-controle-de-investimentos\/\" target=\"_blank\" data-element=\"shortcode-suno-banner\" title=\"Banner SUNO, clique e saiba mais\">\n\t\t\t<picture>\n\t\t\t\t<source media=\"(max-width: 500px)\" srcset=\"https:\/\/files.sunoresearch.com.br\/n\/uploads\/2023\/03\/400x300-Controle-de-Investimentos.png\">\n\t\t\t\t<img class=\"newsContent__article__imgCapa newsContent__article__imgCapa--banner\"\n\t\t\t\t\tsrc=\"https:\/\/files.sunoresearch.com.br\/n\/uploads\/2023\/03\/1420x240-Controle-de-Investimentos.png\"\n\t\t\t\t\tdata-promo-id=\"383162\"\t\t\t\t\t\t\t\t\t\twidth='1420' height='240'\t\t\t\t\talt=\"https:\/\/files.sunoresearch.com.br\/n\/uploads\/2023\/03\/1420x240-Controle-de-Investimentos.png\"\n\t\t\t\t>\n\t\t\t<\/picture>\n\t\t<\/a>\n\t<\/p>\n\n\n","protected":false},"excerpt":{"rendered":"<p>A presidente do Banco do Brasil (BBAS3), Tarciana Medeiros, foi selecionada na lista da revista Forbes como uma das Mulheres mais Poderosas do Mundo em 2023. Tarciana Medeiros, a atual Presidente do Banco do Brasil &#8211; Foto: Divulga\u00e7\u00e3o Em sua estreia na lista, Tarciana se destacou em 24\u00ba lugar, sendo a \u00fanica brasileira citada. Presidente [&hellip;]<\/p>\n","protected":false},"author":283,"featured_media":470676,"comment_status":"closed","ping_status":"closed","sticky":false,"template":"","format":"standard","meta":[],"categories":[64],"tags":[732,1219,105945],"suno_strategy":[],"class_list":["post-495999","post","type-post","status-publish","format-standard","has-post-thumbnail","hentry","category-negocios","tag-banco-do-brasil-bbas3","tag-forbes","tag-mulheres"],"yoast_head":"<!-- This site is optimized with the Yoast SEO plugin v24.4 - https:\/\/yoast.com\/wordpress\/plugins\/seo\/ -->\n<title>Tarciana Medeiros, Banco do Brasil (BBAS3), \u00e9 uma das Mulheres mais Poderosas do Mundo<\/title>\n<meta name=\"description\" content=\"A presidente do Banco do Brasil (BBAS3), Tarciana Medeiros, est\u00e1 na lista da Forbes como uma das Mulheres mais Poderosas do Mundo em 2023.\" \/>\n<meta name=\"robots\" content=\"index, follow, max-snippet:-1, max-image-preview:large, max-video-preview:-1\" \/>\n<link rel=\"canonical\" href=\"https:\/\/www.suno.com.br\/noticias\/tarciana-medeiros-banco-brasil-bbas3-mulheres-mais-poderosas-forbes-cpf\/\" \/>\n<meta property=\"og:locale\" content=\"pt_BR\" \/>\n<meta property=\"og:type\" content=\"article\" \/>\n<meta property=\"og:title\" content=\"Tarciana Medeiros, Banco do Brasil (BBAS3), \u00e9 uma das Mulheres mais Poderosas do Mundo\" \/>\n<meta property=\"og:description\" content=\"A presidente do Banco do Brasil (BBAS3), Tarciana Medeiros, est\u00e1 na lista da Forbes como uma das Mulheres mais Poderosas do Mundo em 2023.\" \/>\n<meta property=\"og:url\" content=\"https:\/\/www.suno.com.br\/noticias\/tarciana-medeiros-banco-brasil-bbas3-mulheres-mais-poderosas-forbes-cpf\/\" \/>\n<meta property=\"og:site_name\" content=\"Suno Not\u00edcias\" \/>\n<meta property=\"article:publisher\" content=\"https:\/\/facebook.com\/sunoresearch\" \/>\n<meta property=\"og:image\" content=\"https:\/\/files.sunoresearch.com.br\/n\/uploads\/2023\/10\/banco-do-brasil-presidente-tarciana-medeiros.jpg\" \/>\n\t<meta property=\"og:image:width\" content=\"1600\" \/>\n\t<meta property=\"og:image:height\" content=\"1067\" \/>\n\t<meta property=\"og:image:type\" content=\"image\/jpeg\" \/>\n<meta name=\"author\" content=\"Camila Paim\" \/>\n<meta name=\"twitter:card\" content=\"summary_large_image\" \/>\n<meta name=\"twitter:creator\" content=\"@sunoresearch\" \/>\n<meta name=\"twitter:site\" content=\"@sunoresearch\" \/>\n<meta name=\"twitter:label1\" content=\"Escrito por\" \/>\n\t<meta name=\"twitter:data1\" content=\"Camila Paim\" \/>\n\t<meta name=\"twitter:label2\" content=\"Est. tempo de leitura\" \/>\n\t<meta name=\"twitter:data2\" content=\"4 minutos\" \/>\n<script type=\"application\/ld+json\" class=\"yoast-schema-graph\">{\"@context\":\"https:\/\/schema.org\",\"@graph\":[{\"@type\":\"NewsArticle\",\"@id\":\"https:\/\/www.suno.com.br\/noticias\/tarciana-medeiros-banco-brasil-bbas3-mulheres-mais-poderosas-forbes-cpf\/#article\",\"isPartOf\":{\"@id\":\"https:\/\/www.suno.com.br\/noticias\/tarciana-medeiros-banco-brasil-bbas3-mulheres-mais-poderosas-forbes-cpf\/\"},\"author\":{\"name\":\"Camila Paim\",\"@id\":\"https:\/\/www.suno.com.br\/noticias\/#\/schema\/person\/f341d3ae5d1cc685176c9a5327cdfdbb\"},\"headline\":\"Tarciana Medeiros, presidente do Banco do Brasil (BBAS3) est\u00e1 entre as Mulheres mais Poderosas do Mundo, segundo a Forbes\",\"datePublished\":\"2023-12-06T15:09:58+00:00\",\"dateModified\":\"2023-12-06T18:43:25+00:00\",\"mainEntityOfPage\":{\"@id\":\"https:\/\/www.suno.com.br\/noticias\/tarciana-medeiros-banco-brasil-bbas3-mulheres-mais-poderosas-forbes-cpf\/\"},\"wordCount\":686,\"publisher\":{\"@id\":\"https:\/\/www.suno.com.br\/noticias\/#organization\"},\"image\":{\"@id\":\"https:\/\/www.suno.com.br\/noticias\/tarciana-medeiros-banco-brasil-bbas3-mulheres-mais-poderosas-forbes-cpf\/#primaryimage\"},\"thumbnailUrl\":\"https:\/\/files.sunoresearch.com.br\/n\/uploads\/2023\/10\/banco-do-brasil-presidente-tarciana-medeiros.jpg\",\"keywords\":[\"Banco do Brasil (BBAS3)\",\"Forbes\",\"mulheres\"],\"articleSection\":[\"Neg\u00f3cios\"],\"inLanguage\":\"pt-BR\"},{\"@type\":\"WebPage\",\"@id\":\"https:\/\/www.suno.com.br\/noticias\/tarciana-medeiros-banco-brasil-bbas3-mulheres-mais-poderosas-forbes-cpf\/\",\"url\":\"https:\/\/www.suno.com.br\/noticias\/tarciana-medeiros-banco-brasil-bbas3-mulheres-mais-poderosas-forbes-cpf\/\",\"name\":\"Tarciana Medeiros, Banco do Brasil (BBAS3), \u00e9 uma das Mulheres mais Poderosas do Mundo\",\"isPartOf\":{\"@id\":\"https:\/\/www.suno.com.br\/noticias\/#website\"},\"primaryImageOfPage\":{\"@id\":\"https:\/\/www.suno.com.br\/noticias\/tarciana-medeiros-banco-brasil-bbas3-mulheres-mais-poderosas-forbes-cpf\/#primaryimage\"},\"image\":{\"@id\":\"https:\/\/www.suno.com.br\/noticias\/tarciana-medeiros-banco-brasil-bbas3-mulheres-mais-poderosas-forbes-cpf\/#primaryimage\"},\"thumbnailUrl\":\"https:\/\/files.sunoresearch.com.br\/n\/uploads\/2023\/10\/banco-do-brasil-presidente-tarciana-medeiros.jpg\",\"datePublished\":\"2023-12-06T15:09:58+00:00\",\"dateModified\":\"2023-12-06T18:43:25+00:00\",\"description\":\"A presidente do Banco do Brasil (BBAS3), Tarciana Medeiros, est\u00e1 na lista da Forbes como uma das Mulheres mais Poderosas do Mundo em 2023.\",\"breadcrumb\":{\"@id\":\"https:\/\/www.suno.com.br\/noticias\/tarciana-medeiros-banco-brasil-bbas3-mulheres-mais-poderosas-forbes-cpf\/#breadcrumb\"},\"inLanguage\":\"pt-BR\",\"potentialAction\":[{\"@type\":\"ReadAction\",\"target\":[\"https:\/\/www.suno.com.br\/noticias\/tarciana-medeiros-banco-brasil-bbas3-mulheres-mais-poderosas-forbes-cpf\/\"]}]},{\"@type\":\"ImageObject\",\"inLanguage\":\"pt-BR\",\"@id\":\"https:\/\/www.suno.com.br\/noticias\/tarciana-medeiros-banco-brasil-bbas3-mulheres-mais-poderosas-forbes-cpf\/#primaryimage\",\"url\":\"https:\/\/files.sunoresearch.com.br\/n\/uploads\/2023\/10\/banco-do-brasil-presidente-tarciana-medeiros.jpg\",\"contentUrl\":\"https:\/\/files.sunoresearch.com.br\/n\/uploads\/2023\/10\/banco-do-brasil-presidente-tarciana-medeiros.jpg\",\"width\":1600,\"height\":1067,\"caption\":\"Tarciana Medeiros, a atual Presidente do Banco do Brasil - Foto: Divulga\u00e7\u00e3o\"},{\"@type\":\"BreadcrumbList\",\"@id\":\"https:\/\/www.suno.com.br\/noticias\/tarciana-medeiros-banco-brasil-bbas3-mulheres-mais-poderosas-forbes-cpf\/#breadcrumb\",\"itemListElement\":[{\"@type\":\"ListItem\",\"position\":1,\"name\":\"Not\u00edcias\",\"item\":\"https:\/\/www.suno.com.br\/noticias\/\"},{\"@type\":\"ListItem\",\"position\":2,\"name\":\"Neg\u00f3cios\",\"item\":\"https:\/\/www.suno.com.br\/noticias\/negocios\/\"},{\"@type\":\"ListItem\",\"position\":3,\"name\":\"Tarciana Medeiros, presidente do Banco do Brasil (BBAS3) est\u00e1 entre as Mulheres mais Poderosas do Mundo, segundo a Forbes\"}]},{\"@type\":\"WebSite\",\"@id\":\"https:\/\/www.suno.com.br\/noticias\/#website\",\"url\":\"https:\/\/www.suno.com.br\/noticias\/\",\"name\":\"Suno Not\u00edcias\",\"description\":\"Seu portal de informa\u00e7\u00e3o sobre o mundo dos investimentos\",\"publisher\":{\"@id\":\"https:\/\/www.suno.com.br\/noticias\/#organization\"},\"potentialAction\":[{\"@type\":\"SearchAction\",\"target\":{\"@type\":\"EntryPoint\",\"urlTemplate\":\"https:\/\/www.suno.com.br\/noticias\/?s={search_term_string}\"},\"query-input\":{\"@type\":\"PropertyValueSpecification\",\"valueRequired\":true,\"valueName\":\"search_term_string\"}}],\"inLanguage\":\"pt-BR\"},{\"@type\":\"Organization\",\"@id\":\"https:\/\/www.suno.com.br\/noticias\/#organization\",\"name\":\"Suno Not\u00edcias\",\"url\":\"https:\/\/www.suno.com.br\/noticias\/\",\"logo\":{\"@type\":\"ImageObject\",\"inLanguage\":\"pt-BR\",\"@id\":\"https:\/\/www.suno.com.br\/noticias\/#\/schema\/logo\/image\/\",\"url\":\"https:\/\/files.sunoresearch.com.br\/n\/uploads\/2021\/09\/suno-logo.png\",\"contentUrl\":\"https:\/\/files.sunoresearch.com.br\/n\/uploads\/2021\/09\/suno-logo.png\",\"width\":180,\"height\":180,\"caption\":\"Suno Not\u00edcias\"},\"image\":{\"@id\":\"https:\/\/www.suno.com.br\/noticias\/#\/schema\/logo\/image\/\"},\"sameAs\":[\"https:\/\/facebook.com\/sunoresearch\",\"https:\/\/x.com\/sunoresearch\",\"https:\/\/www.instagram.com\/suno\",\"https:\/\/www.linkedin.com\/company\/suno-research\/\",\"https:\/\/www.youtube.com\/c\/sunoresearch\"]},{\"@type\":\"Person\",\"@id\":\"https:\/\/www.suno.com.br\/noticias\/#\/schema\/person\/f341d3ae5d1cc685176c9a5327cdfdbb\",\"name\":\"Camila Paim\",\"image\":{\"@type\":\"ImageObject\",\"inLanguage\":\"pt-BR\",\"@id\":\"https:\/\/www.suno.com.br\/noticias\/#\/schema\/person\/image\/\",\"url\":\"https:\/\/secure.gravatar.com\/avatar\/f33728e65febb1aa7ecf6792956f9b20?s=96&r=g\",\"contentUrl\":\"https:\/\/secure.gravatar.com\/avatar\/f33728e65febb1aa7ecf6792956f9b20?s=96&r=g\",\"caption\":\"Camila Paim\"},\"description\":\"Jornalista formada pela USP, tem experi\u00eancia em reda\u00e7\u00f5es, SEO, Branded Content e Webdesign. Com passagem pelo Jornal da USP, Empiricus e C6 Bank, hoje \u00e9 rep\u00f3rter no Suno Not\u00edcias cobrindo macroeconomia, finan\u00e7as pessoais e startups.\",\"url\":\"https:\/\/www.suno.com.br\/noticias\/author\/camila-figueiredosuno-com-br\/\"}]}<\/script>\n<!-- \/ Yoast SEO plugin. -->","yoast_head_json":{"title":"Tarciana Medeiros, Banco do Brasil (BBAS3), \u00e9 uma das Mulheres mais Poderosas do Mundo","description":"A presidente do Banco do Brasil (BBAS3), Tarciana Medeiros, est\u00e1 na lista da Forbes como uma das Mulheres mais Poderosas do Mundo em 2023.","robots":{"index":"index","follow":"follow","max-snippet":"max-snippet:-1","max-image-preview":"max-image-preview:large","max-video-preview":"max-video-preview:-1"},"canonical":"https:\/\/www.suno.com.br\/noticias\/tarciana-medeiros-banco-brasil-bbas3-mulheres-mais-poderosas-forbes-cpf\/","og_locale":"pt_BR","og_type":"article","og_title":"Tarciana Medeiros, Banco do Brasil (BBAS3), \u00e9 uma das Mulheres mais Poderosas do Mundo","og_description":"A presidente do Banco do Brasil (BBAS3), Tarciana Medeiros, est\u00e1 na lista da Forbes como uma das Mulheres mais Poderosas do Mundo em 2023.","og_url":"https:\/\/www.suno.com.br\/noticias\/tarciana-medeiros-banco-brasil-bbas3-mulheres-mais-poderosas-forbes-cpf\/","og_site_name":"Suno Not\u00edcias","article_publisher":"https:\/\/facebook.com\/sunoresearch","og_image":[{"width":1600,"height":1067,"url":"https:\/\/files.sunoresearch.com.br\/n\/uploads\/2023\/10\/banco-do-brasil-presidente-tarciana-medeiros.jpg","type":"image\/jpeg"}],"author":"Camila Paim","twitter_card":"summary_large_image","twitter_creator":"@sunoresearch","twitter_site":"@sunoresearch","twitter_misc":{"Escrito por":"Camila Paim","Est. tempo de leitura":"4 minutos"},"schema":{"@context":"https:\/\/schema.org","@graph":[{"@type":"NewsArticle","@id":"https:\/\/www.suno.com.br\/noticias\/tarciana-medeiros-banco-brasil-bbas3-mulheres-mais-poderosas-forbes-cpf\/#article","isPartOf":{"@id":"https:\/\/www.suno.com.br\/noticias\/tarciana-medeiros-banco-brasil-bbas3-mulheres-mais-poderosas-forbes-cpf\/"},"author":{"name":"Camila Paim","@id":"https:\/\/www.suno.com.br\/noticias\/#\/schema\/person\/f341d3ae5d1cc685176c9a5327cdfdbb"},"headline":"Tarciana Medeiros, presidente do Banco do Brasil (BBAS3) est\u00e1 entre as Mulheres mais Poderosas do Mundo, segundo a Forbes","datePublished":"2023-12-06T15:09:58+00:00","dateModified":"2023-12-06T18:43:25+00:00","mainEntityOfPage":{"@id":"https:\/\/www.suno.com.br\/noticias\/tarciana-medeiros-banco-brasil-bbas3-mulheres-mais-poderosas-forbes-cpf\/"},"wordCount":686,"publisher":{"@id":"https:\/\/www.suno.com.br\/noticias\/#organization"},"image":{"@id":"https:\/\/www.suno.com.br\/noticias\/tarciana-medeiros-banco-brasil-bbas3-mulheres-mais-poderosas-forbes-cpf\/#primaryimage"},"thumbnailUrl":"https:\/\/files.sunoresearch.com.br\/n\/uploads\/2023\/10\/banco-do-brasil-presidente-tarciana-medeiros.jpg","keywords":["Banco do Brasil (BBAS3)","Forbes","mulheres"],"articleSection":["Neg\u00f3cios"],"inLanguage":"pt-BR"},{"@type":"WebPage","@id":"https:\/\/www.suno.com.br\/noticias\/tarciana-medeiros-banco-brasil-bbas3-mulheres-mais-poderosas-forbes-cpf\/","url":"https:\/\/www.suno.com.br\/noticias\/tarciana-medeiros-banco-brasil-bbas3-mulheres-mais-poderosas-forbes-cpf\/","name":"Tarciana Medeiros, Banco do Brasil (BBAS3), \u00e9 uma das Mulheres mais Poderosas do Mundo","isPartOf":{"@id":"https:\/\/www.suno.com.br\/noticias\/#website"},"primaryImageOfPage":{"@id":"https:\/\/www.suno.com.br\/noticias\/tarciana-medeiros-banco-brasil-bbas3-mulheres-mais-poderosas-forbes-cpf\/#primaryimage"},"image":{"@id":"https:\/\/www.suno.com.br\/noticias\/tarciana-medeiros-banco-brasil-bbas3-mulheres-mais-poderosas-forbes-cpf\/#primaryimage"},"thumbnailUrl":"https:\/\/files.sunoresearch.com.br\/n\/uploads\/2023\/10\/banco-do-brasil-presidente-tarciana-medeiros.jpg","datePublished":"2023-12-06T15:09:58+00:00","dateModified":"2023-12-06T18:43:25+00:00","description":"A presidente do Banco do Brasil (BBAS3), Tarciana Medeiros, est\u00e1 na lista da Forbes como uma das Mulheres mais Poderosas do Mundo em 2023.","breadcrumb":{"@id":"https:\/\/www.suno.com.br\/noticias\/tarciana-medeiros-banco-brasil-bbas3-mulheres-mais-poderosas-forbes-cpf\/#breadcrumb"},"inLanguage":"pt-BR","potentialAction":[{"@type":"ReadAction","target":["https:\/\/www.suno.com.br\/noticias\/tarciana-medeiros-banco-brasil-bbas3-mulheres-mais-poderosas-forbes-cpf\/"]}]},{"@type":"ImageObject","inLanguage":"pt-BR","@id":"https:\/\/www.suno.com.br\/noticias\/tarciana-medeiros-banco-brasil-bbas3-mulheres-mais-poderosas-forbes-cpf\/#primaryimage","url":"https:\/\/files.sunoresearch.com.br\/n\/uploads\/2023\/10\/banco-do-brasil-presidente-tarciana-medeiros.jpg","contentUrl":"https:\/\/files.sunoresearch.com.br\/n\/uploads\/2023\/10\/banco-do-brasil-presidente-tarciana-medeiros.jpg","width":1600,"height":1067,"caption":"Tarciana Medeiros, a atual Presidente do Banco do Brasil - Foto: Divulga\u00e7\u00e3o"},{"@type":"BreadcrumbList","@id":"https:\/\/www.suno.com.br\/noticias\/tarciana-medeiros-banco-brasil-bbas3-mulheres-mais-poderosas-forbes-cpf\/#breadcrumb","itemListElement":[{"@type":"ListItem","position":1,"name":"Not\u00edcias","item":"https:\/\/www.suno.com.br\/noticias\/"},{"@type":"ListItem","position":2,"name":"Neg\u00f3cios","item":"https:\/\/www.suno.com.br\/noticias\/negocios\/"},{"@type":"ListItem","position":3,"name":"Tarciana Medeiros, presidente do Banco do Brasil (BBAS3) est\u00e1 entre as Mulheres mais Poderosas do Mundo, segundo a Forbes"}]},{"@type":"WebSite","@id":"https:\/\/www.suno.com.br\/noticias\/#website","url":"https:\/\/www.suno.com.br\/noticias\/","name":"Suno Not\u00edcias","description":"Seu portal de informa\u00e7\u00e3o sobre o mundo dos investimentos","publisher":{"@id":"https:\/\/www.suno.com.br\/noticias\/#organization"},"potentialAction":[{"@type":"SearchAction","target":{"@type":"EntryPoint","urlTemplate":"https:\/\/www.suno.com.br\/noticias\/?s={search_term_string}"},"query-input":{"@type":"PropertyValueSpecification","valueRequired":true,"valueName":"search_term_string"}}],"inLanguage":"pt-BR"},{"@type":"Organization","@id":"https:\/\/www.suno.com.br\/noticias\/#organization","name":"Suno Not\u00edcias","url":"https:\/\/www.suno.com.br\/noticias\/","logo":{"@type":"ImageObject","inLanguage":"pt-BR","@id":"https:\/\/www.suno.com.br\/noticias\/#\/schema\/logo\/image\/","url":"https:\/\/files.sunoresearch.com.br\/n\/uploads\/2021\/09\/suno-logo.png","contentUrl":"https:\/\/files.sunoresearch.com.br\/n\/uploads\/2021\/09\/suno-logo.png","width":180,"height":180,"caption":"Suno Not\u00edcias"},"image":{"@id":"https:\/\/www.suno.com.br\/noticias\/#\/schema\/logo\/image\/"},"sameAs":["https:\/\/facebook.com\/sunoresearch","https:\/\/x.com\/sunoresearch","https:\/\/www.instagram.com\/suno","https:\/\/www.linkedin.com\/company\/suno-research\/","https:\/\/www.youtube.com\/c\/sunoresearch"]},{"@type":"Person","@id":"https:\/\/www.suno.com.br\/noticias\/#\/schema\/person\/f341d3ae5d1cc685176c9a5327cdfdbb","name":"Camila Paim","image":{"@type":"ImageObject","inLanguage":"pt-BR","@id":"https:\/\/www.suno.com.br\/noticias\/#\/schema\/person\/image\/","url":"https:\/\/secure.gravatar.com\/avatar\/f33728e65febb1aa7ecf6792956f9b20?s=96&r=g","contentUrl":"https:\/\/secure.gravatar.com\/avatar\/f33728e65febb1aa7ecf6792956f9b20?s=96&r=g","caption":"Camila Paim"},"description":"Jornalista formada pela USP, tem experi\u00eancia em reda\u00e7\u00f5es, SEO, Branded Content e Webdesign. Com passagem pelo Jornal da USP, Empiricus e C6 Bank, hoje \u00e9 rep\u00f3rter no Suno Not\u00edcias cobrindo macroeconomia, finan\u00e7as pessoais e startups.","url":"https:\/\/www.suno.com.br\/noticias\/author\/camila-figueiredosuno-com-br\/"}]}},"default_loop_html":"<div class=\"cardsPage__listCard__boxs\"><div class=\"cardsPage__listCard__boxs__img\"><a href=\"https:\/\/www.suno.com.br\/noticias\/tarciana-medeiros-banco-brasil-bbas3-mulheres-mais-poderosas-forbes-cpf\/\"><img class=\"mask\" src=\"https:\/\/www.suno.com.br\/noticias\/wp-content\/themes\/suno\/resources\/images\/spotlight\/spotlight1img\/bg-mask.png\" alt=\"Image Mask\"\/><img src=\"https:\/\/files.sunoresearch.com.br\/n\/uploads\/2023\/10\/banco-do-brasil-presidente-tarciana-medeiros-400x200.jpg\" alt=\"Tarciana Medeiros, presidente do Banco do Brasil (BBAS3) est\u00e1 entre as Mulheres mais Poderosas do Mundo, segundo a Forbes\"\/><\/a><span class=\"spotlightCategory\"><a href=\"https:\/\/www.suno.com.br\/noticias\/negocios\/\">Neg\u00f3cios<\/a><\/span><\/div><div class=\"cardsPage__listCard__boxs__content\"><a href=\"https:\/\/www.suno.com.br\/noticias\/tarciana-medeiros-banco-brasil-bbas3-mulheres-mais-poderosas-forbes-cpf\/\"><h2 class=\"content__title\">Tarciana Medeiros, presidente do Banco do Brasil (BBAS3) est\u00e1 entre as Mulheres mais Poderosas do Mundo, segundo a Forbes<\/h2><\/a><div class=\"newsContent__article__meta\"><div class=\"newsContent__article__meta__authorBox\"><a href=\"https:\/\/www.suno.com.br\/noticias\/author\/camila-figueiredosuno-com-br\/\" class=\"authorBox__avatar noMobi\"><img src=\"https:\/\/files.sunoresearch.com.br\/n\/uploads\/2024\/05\/camila-paim-square-150x150.jpg\" alt=\"Camila Paim\"><\/a><div class=\"authorBox__name\"><span>por\n\t\t\t<a href=\"https:\/\/www.suno.com.br\/noticias\/author\/camila-figueiredosuno-com-br\/\"><span itemprop=\"author\">Camila Paim<\/span><\/a><\/span><time datetime=\"2023-12-06T12:09:58-03:00\" itemprop=\"datePublished\">06\/12\/2023 12:09<\/time><\/div><\/div><\/div><\/div><\/div>","single_layout":"posts","amp_enabled":true,"_links":{"self":[{"href":"https:\/\/www.suno.com.br\/noticias\/wp-json\/wp\/v2\/posts\/495999"}],"collection":[{"href":"https:\/\/www.suno.com.br\/noticias\/wp-json\/wp\/v2\/posts"}],"about":[{"href":"https:\/\/www.suno.com.br\/noticias\/wp-json\/wp\/v2\/types\/post"}],"author":[{"embeddable":true,"href":"https:\/\/www.suno.com.br\/noticias\/wp-json\/wp\/v2\/users\/283"}],"replies":[{"embeddable":true,"href":"https:\/\/www.suno.com.br\/noticias\/wp-json\/wp\/v2\/comments?post=495999"}],"version-history":[{"count":3,"href":"https:\/\/www.suno.com.br\/noticias\/wp-json\/wp\/v2\/posts\/495999\/revisions"}],"predecessor-version":[{"id":496211,"href":"https:\/\/www.suno.com.br\/noticias\/wp-json\/wp\/v2\/posts\/495999\/revisions\/496211"}],"wp:featuredmedia":[{"embeddable":true,"href":"https:\/\/www.suno.com.br\/noticias\/wp-json\/wp\/v2\/media\/470676"}],"wp:attachment":[{"href":"https:\/\/www.suno.com.br\/noticias\/wp-json\/wp\/v2\/media?parent=495999"}],"wp:term":[{"taxonomy":"category","embeddable":true,"href":"https:\/\/www.suno.com.br\/noticias\/wp-json\/wp\/v2\/categories?post=495999"},{"taxonomy":"post_tag","embeddable":true,"href":"https:\/\/www.suno.com.br\/noticias\/wp-json\/wp\/v2\/tags?post=495999"},{"taxonomy":"suno_strategy","embeddable":true,"href":"https:\/\/www.suno.com.br\/noticias\/wp-json\/wp\/v2\/suno_strategy?post=495999"}],"curies":[{"name":"wp","href":"https:\/\/api.w.org\/{rel}","templated":true}]}}