{"id":495922,"date":"2023-12-06T08:44:55","date_gmt":"2023-12-06T11:44:55","guid":{"rendered":"https:\/\/www.suno.com.br\/noticias\/?p=495922"},"modified":"2023-12-06T09:47:44","modified_gmt":"2023-12-06T12:47:44","slug":"braskem-brkm5-rating-moodys-gpj","status":"publish","type":"post","link":"https:\/\/www.suno.com.br\/noticias\/braskem-brkm5-rating-moodys-gpj\/","title":{"rendered":"Braskem (BRKM5) cancela rating de cr\u00e9dito em escala global emitido pela Moody&#8217;s"},"content":{"rendered":"<p>A <strong>Braskem <\/strong>(<a href=\"https:\/\/www.suno.com.br\/acoes\/brkm5\/\">BRKM5<\/a>) informou na ter\u00e7a-feira (5) que cancelou o rating de cr\u00e9dito corporativo em escala global emitido pela ag\u00eancia de classifica\u00e7\u00e3o de risco Moody&#8217;s.<\/p>\t<div class=\"wrapper-featured-image\">\n\t\t<figure class=\"spotlightImg\">\n\n\t\t\t<picture>\n\t\t\t\t<source media=\"(max-width: 768px)\" srcset=\"https:\/\/files.sunoresearch.com.br\/n\/uploads\/2023\/06\/petrobras-petr4-compra-braskem-brkm5-acionista-400x200.jpg\">\n\t\t\t\t<img loading=\"lazy\" decoding=\"async\" class=\"newsContent__article__imgCapa lazyloadDisabled \" src=\"https:\/\/files.sunoresearch.com.br\/n\/uploads\/2023\/06\/petrobras-petr4-compra-braskem-brkm5-acionista-800x450.jpg\" width=\"800\" height=\"450\" alt=\"Braskem (BRKM5) cancela rating de cr\u00e9dito em escala global emitido pela Moody&#8217;s\" fetchpriority=high \/>\n\t\t\t<\/picture>\n\n\t\t\t<figcaption class=\"wp-caption-text wp-caption-text--show\">Braskem (BRKM5) - Foto: Divulga\u00e7\u00e3o.<\/figcaption>\n\t\t<\/figure>\n\t<\/div>\n\n\n\n\n\n\n\n\t<p>\n\t\t<a href=\"https:\/\/lp.suno.com.br\/planilha-da-vida-financeira\/\" target=\"_blank\" data-element=\"shortcode-suno-banner\" title=\"Banner SUNO, clique e saiba mais\">\n\t\t\t<picture>\n\t\t\t\t<source media=\"(max-width: 500px)\" srcset=\"https:\/\/files.sunoresearch.com.br\/n\/uploads\/2023\/04\/400x300-Planilha-vida-financeira-true.png\">\n\t\t\t\t<img class=\"newsContent__article__imgCapa newsContent__article__imgCapa--banner\"\n\t\t\t\t\tsrc=\"https:\/\/files.sunoresearch.com.br\/n\/uploads\/2023\/04\/1420x240-Planilha-vida-financeira-true.png\"\n\t\t\t\t\tdata-promo-id=\"106682\"\t\t\t\t\t\t\t\t\t\twidth='1420' height='240'\t\t\t\t\talt=\"https:\/\/files.sunoresearch.com.br\/n\/uploads\/2023\/04\/1420x240-Planilha-vida-financeira-true.png\"\n\t\t\t\t>\n\t\t\t<\/picture>\n\t\t<\/a>\n\t<\/p>\n\n\n\n\n\n<p>Em comunicado, a Braskem afirmou que a decis\u00e3o ocorreu &#8220;em fun\u00e7\u00e3o de implementa\u00e7\u00e3o das iniciativas corporativas com foco na disciplina de custos que vem sendo divulgada pela companhia&#8221;. <\/p>\n\n\n\n<p>A <strong>Moody&#8217;s<\/strong> tinha uma perspectiva est\u00e1vel para a companhia, com rating em &#8220;Ba1&#8221;, segundo informa\u00e7\u00f5es no site da Braskem.<\/p>\n\n\n\n<p>Na \u00faltima quarta-feira (29), a&nbsp;<strong>capital de Alagoas<\/strong>&nbsp;decretou estado de emerg\u00eancia diante do risco iminente de rompimento em um dos po\u00e7os da antiga&nbsp;<strong>mina de sal-gema da Braskem<\/strong>.<\/p>\n\n\n\n<p>No dia seguinte, a Braskem comunicou por meio de <a href=\"https:\/\/www.suno.com.br\/artigos\/fato-relevante\/\">fato relevante<\/a> que foi intimada, em deferimento de tutela de urg\u00eancia em a\u00e7\u00e3o civil p\u00fablica, sobre o <strong>colapso em Macei\u00f3<\/strong>. O valor atribu\u00eddo \u00e0 causa pelos autores da a\u00e7\u00e3o \u00e9 de R$ 1 bilh\u00e3o, segundo a petroqu\u00edmica.<\/p>\n\n\n\n<p>O Instituto do Meio Ambiente do Estado de Alagoas (IMA-AL) tamb\u00e9m autuou a&nbsp;Braskem em mais de R$ 72 milh\u00f5es por omiss\u00e3o de informa\u00e7\u00f5es, danos ambientais e pelo risco de colapso e desabamento da mina 18, na regi\u00e3o do <strong>bairro Mutange<\/strong>, em Macei\u00f3. Conforme divulgado pelo IMA na ter\u00e7a, desde 2018, a Braskem j\u00e1 foi autuada 20 vezes pelo instituto.<\/p>\n\n\n\n<p>Segundo o \u00faltimo boletim emitido pela Defesa Civil de Macei\u00f3 emitido \u00e0s 17h da ter\u00e7a-feira (5), o deslocamento vertical acumulado da mina 18 \u00e9 de 1,87 metros (m) e a velocidade vertical \u00e9 de 0,22 cent\u00edmetros por hora, apresentando um movimento de 5,5 cent\u00edmetros nas \u00faltimas 24 horas.<\/p>\n\n\n\n\t<div data-element=\"shortcode-read-more\" class=\"readToo\">\n\t\t\t\t<span class=\"readToo__title\">Leia mais<\/span>\n\t\t\t\t<ul class=\"readToo__list\">\n\t\t\t<li><a href=\"https:\/\/www.suno.com.br\/noticias\/braskem-brkm5-multada-alagoas-danos-ambientais\/\">Braskem (BRKM5): Alagoas multa empresa em mais de R$ 72 milh\u00f5es por danos ambientais<\/a><\/li><li><a href=\"https:\/\/www.suno.com.br\/noticias\/braskem-brkm5-acoes-maceio-gpj\/\">Braskem (BRKM5): como o colapso ambiental pode afetar as a\u00e7\u00f5es da petroqu\u00edmica?<\/a><\/li><li><a href=\"https:\/\/www.suno.com.br\/noticias\/braskem-brkm5-maceio-gpj-2\/\">Braskem (BRKM5) cancela participa\u00e7\u00e3o na COP28 e cita &#8216;agravamento&#8217; da crise de Macei\u00f3<\/a><\/li>\t\t<\/ul>\n\t<\/div>\n\n\n\n\t<p>\n\t\t<a href=\"https:\/\/lp.suno.com.br\/planilha-da-vida-financeira\/\" target=\"_blank\" data-element=\"shortcode-suno-banner\" title=\"Banner SUNO, clique e saiba mais\">\n\t\t\t<picture>\n\t\t\t\t<source media=\"(max-width: 500px)\" srcset=\"https:\/\/files.sunoresearch.com.br\/n\/uploads\/2023\/04\/400x300-Planilha-vida-financeira-true.png\">\n\t\t\t\t<img class=\"newsContent__article__imgCapa newsContent__article__imgCapa--banner\"\n\t\t\t\t\tsrc=\"https:\/\/files.sunoresearch.com.br\/n\/uploads\/2023\/04\/1420x240-Planilha-vida-financeira-true.png\"\n\t\t\t\t\tdata-promo-id=\"383123\"\t\t\t\t\t\t\t\t\t\twidth='1420' height='240'\t\t\t\t\talt=\"https:\/\/files.sunoresearch.com.br\/n\/uploads\/2023\/04\/1420x240-Planilha-vida-financeira-true.png\"\n\t\t\t\t>\n\t\t\t<\/picture>\n\t\t<\/a>\n\t<\/p>\n\n\n\n\n\n<h2 class=\"wp-block-heading\">Braskem \u00e9 retirada de \u00edndice de sustentabilidade da B3 (B3SA3)<\/h2>\n\n\n\n<p>Tamb\u00e9m na ter\u00e7a-feira, a<strong>&nbsp;B3<\/strong>&nbsp;(B3SA3) anunciou que a Braskem ser\u00e1 exclu\u00edda do <a href=\"https:\/\/www.suno.com.br\/artigos\/indice-sustentabilidade-empresarial\/\">\u00cdndice de Sustentabilidade Empresarial<\/a> (ISE B3) a partir da pr\u00f3xima sexta-feira (8). Segundo a operadora, a participa\u00e7\u00e3o das&nbsp;<strong>a\u00e7\u00f5es da Braskem<\/strong>&nbsp;ser\u00e1 distribu\u00edda proporcionalmente aos demais ativos da carteira do ISE.<\/p>\n\n\n\n<p>A decis\u00e3o ocorre devido ao agravamento da situa\u00e7\u00e3o na\u00a0mina de sal-gema em Macei\u00f3.<\/p>\n\n\n\n<p>Ainda de acordo com a B3, a exclus\u00e3o da Braskem levou em conta quatro pilares do plano: o impacto ESG da crise, gest\u00e3o da crise pela companhia, impacto de imagem da crise na companhia e resposta da companhia \u00e0 crise.<\/p>\n\n\n\n<p>\u201cA decis\u00e3o n\u00e3o deve ser tomada como pr\u00e9-julgamento das responsabilidades da companhia, mas decorre da aplica\u00e7\u00e3o do disposto na metodologia do ISE B3, item 5.3, que estabelece a exclus\u00e3o de ativos que \u2018durante a vig\u00eancia da carteira se envolvam em incidentes que as tornem incompat\u00edveis com os objetivos do ISE B3, conforme crit\u00e9rios estabelecidos na pol\u00edtica de <a href=\"https:\/\/www.suno.com.br\/artigos\/gestao-de-riscos\/\">gest\u00e3o de riscos<\/a> do \u00edndice\u2019, informou a&nbsp;<strong>bolsa brasileira<\/strong>.<\/p>\n\n\n\n<h2 class=\"wp-block-heading\">Fitch Ratings: evento em Macei\u00f3 pode impactar fluxo de caixa da Braskem<\/h2>\n\n\n\n<p>Em relat\u00f3rio divulgado na \u00faltima sexta-feira (1), a Fitch Ratings avalia que o iminente&nbsp;<strong>colapso da mina em Macei\u00f3<\/strong>&nbsp;pode ter impacto significativo no&nbsp;<strong>fluxo de caixa da Braskem<\/strong>&nbsp;e pressionar seus ratings. \u201cAs consequ\u00eancias de um potencial incidente ainda s\u00e3o incertas\u201d, diz.<\/p>\n\n\n\n<p>Ainda de acordo com a ag\u00eancia de classifica\u00e7\u00e3o de risco, um novo evento geol\u00f3gico na \u00e1rea da Braskem pode levar a novas a\u00e7\u00f5es judiciais contra a companhia e afetar sua capacidade de acessar recursos no mercado, j\u00e1 que os investidores est\u00e3o mais restritivos e preocupados com quest\u00f5es ambientais, sociais e governamentais (<a href=\"https:\/\/www.suno.com.br\/guias\/esg\/\">ESG<\/a>).<\/p>\n\n\n\n<p>A <strong>Braskem<\/strong> tem nota de&nbsp;<a href=\"https:\/\/www.suno.com.br\/artigos\/grau-de-investimento\/\">grau de investimento<\/a>&nbsp;(BBB-), com perspectiva negativa.<\/p>\n\n\n\t<p>\n\t\t<a href=\"https:\/\/lp.suno.com.br\/ebook-como-analisar-uma-acao\/\" target=\"_blank\" data-element=\"shortcode-suno-banner\" title=\"Banner SUNO, clique e saiba mais\">\n\t\t\t<picture>\n\t\t\t\t<source media=\"(max-width: 500px)\" srcset=\"https:\/\/files.sunoresearch.com.br\/n\/uploads\/2023\/03\/Ebook-Acoes-Mobile.jpg\">\n\t\t\t\t<img class=\"newsContent__article__imgCapa newsContent__article__imgCapa--banner\"\n\t\t\t\t\tsrc=\"https:\/\/files.sunoresearch.com.br\/n\/uploads\/2023\/03\/Ebook-Acoes-Desktop.jpg\"\n\t\t\t\t\tdata-promo-id=\"378302\"\t\t\t\t\t\t\t\t\t\twidth='1420' height='286'\t\t\t\t\talt=\"https:\/\/files.sunoresearch.com.br\/n\/uploads\/2023\/03\/Ebook-Acoes-Desktop.jpg\"\n\t\t\t\t>\n\t\t\t<\/picture>\n\t\t<\/a>\n\t<\/p>\n\n\n","protected":false},"excerpt":{"rendered":"<p>A Braskem (BRKM5) informou na ter\u00e7a-feira (5) que cancelou o rating de cr\u00e9dito corporativo em escala global emitido pela ag\u00eancia de classifica\u00e7\u00e3o de risco Moody&#8217;s. Braskem (BRKM5) &#8211; Foto: Divulga\u00e7\u00e3o. Em comunicado, a Braskem afirmou que a decis\u00e3o ocorreu &#8220;em fun\u00e7\u00e3o de implementa\u00e7\u00e3o das iniciativas corporativas com foco na disciplina de custos que vem sendo [&hellip;]<\/p>\n","protected":false},"author":313,"featured_media":417316,"comment_status":"closed","ping_status":"closed","sticky":false,"template":"","format":"standard","meta":[],"categories":[64],"tags":[395],"suno_strategy":[],"class_list":["post-495922","post","type-post","status-publish","format-standard","has-post-thumbnail","hentry","category-negocios","tag-braskem-brkm3-brkm5-brkm6"],"yoast_head":"<!-- This site is optimized with the Yoast SEO plugin v24.4 - https:\/\/yoast.com\/wordpress\/plugins\/seo\/ -->\n<title>Braskem (BRKM5) cancela rating de cr\u00e9dito emitido pela Moody&#039;s<\/title>\n<meta name=\"description\" content=\"A Moody&#039;s tinha uma perspectiva est\u00e1vel para a companhia, com rating em &quot;Ba1&quot;, segundo informa\u00e7\u00f5es no site da Braskem.\" \/>\n<meta name=\"robots\" content=\"index, follow, max-snippet:-1, max-image-preview:large, max-video-preview:-1\" \/>\n<link rel=\"canonical\" href=\"https:\/\/www.suno.com.br\/noticias\/braskem-brkm5-rating-moodys-gpj\/\" \/>\n<meta property=\"og:locale\" content=\"pt_BR\" \/>\n<meta property=\"og:type\" content=\"article\" \/>\n<meta property=\"og:title\" content=\"Braskem (BRKM5) cancela rating de cr\u00e9dito emitido pela Moody&#039;s\" \/>\n<meta property=\"og:description\" content=\"A Moody&#039;s tinha uma perspectiva est\u00e1vel para a companhia, com rating em &quot;Ba1&quot;, segundo informa\u00e7\u00f5es no site da Braskem.\" \/>\n<meta property=\"og:url\" content=\"https:\/\/www.suno.com.br\/noticias\/braskem-brkm5-rating-moodys-gpj\/\" \/>\n<meta property=\"og:site_name\" content=\"Suno Not\u00edcias\" \/>\n<meta property=\"article:publisher\" content=\"https:\/\/facebook.com\/sunoresearch\" \/>\n<meta property=\"og:image\" content=\"https:\/\/files.sunoresearch.com.br\/n\/uploads\/2023\/06\/petrobras-petr4-compra-braskem-brkm5-acionista.jpg\" \/>\n\t<meta property=\"og:image:width\" content=\"1200\" \/>\n\t<meta property=\"og:image:height\" content=\"800\" \/>\n\t<meta property=\"og:image:type\" content=\"image\/jpeg\" \/>\n<meta name=\"author\" content=\"Giovanni Porf\u00edrio Jacomino\" \/>\n<meta name=\"twitter:card\" content=\"summary_large_image\" \/>\n<meta name=\"twitter:creator\" content=\"@sunoresearch\" \/>\n<meta name=\"twitter:site\" content=\"@sunoresearch\" \/>\n<meta name=\"twitter:label1\" content=\"Escrito por\" \/>\n\t<meta name=\"twitter:data1\" content=\"Giovanni Porf\u00edrio Jacomino\" \/>\n\t<meta name=\"twitter:label2\" content=\"Est. tempo de leitura\" \/>\n\t<meta name=\"twitter:data2\" content=\"4 minutos\" \/>\n<script type=\"application\/ld+json\" class=\"yoast-schema-graph\">{\"@context\":\"https:\/\/schema.org\",\"@graph\":[{\"@type\":\"NewsArticle\",\"@id\":\"https:\/\/www.suno.com.br\/noticias\/braskem-brkm5-rating-moodys-gpj\/#article\",\"isPartOf\":{\"@id\":\"https:\/\/www.suno.com.br\/noticias\/braskem-brkm5-rating-moodys-gpj\/\"},\"author\":{\"name\":\"Giovanni Porf\u00edrio Jacomino\",\"@id\":\"https:\/\/www.suno.com.br\/noticias\/#\/schema\/person\/d0f32748bbca4bee871fa191ee4e2d40\"},\"headline\":\"Braskem (BRKM5) cancela rating de cr\u00e9dito em escala global emitido pela Moody&#8217;s\",\"datePublished\":\"2023-12-06T11:44:55+00:00\",\"dateModified\":\"2023-12-06T12:47:44+00:00\",\"mainEntityOfPage\":{\"@id\":\"https:\/\/www.suno.com.br\/noticias\/braskem-brkm5-rating-moodys-gpj\/\"},\"wordCount\":625,\"publisher\":{\"@id\":\"https:\/\/www.suno.com.br\/noticias\/#organization\"},\"image\":{\"@id\":\"https:\/\/www.suno.com.br\/noticias\/braskem-brkm5-rating-moodys-gpj\/#primaryimage\"},\"thumbnailUrl\":\"https:\/\/files.sunoresearch.com.br\/n\/uploads\/2023\/06\/petrobras-petr4-compra-braskem-brkm5-acionista.jpg\",\"keywords\":[\"Braskem (BRKM3\/BRKM5\/BRKM6)\"],\"articleSection\":[\"Neg\u00f3cios\"],\"inLanguage\":\"pt-BR\"},{\"@type\":\"WebPage\",\"@id\":\"https:\/\/www.suno.com.br\/noticias\/braskem-brkm5-rating-moodys-gpj\/\",\"url\":\"https:\/\/www.suno.com.br\/noticias\/braskem-brkm5-rating-moodys-gpj\/\",\"name\":\"Braskem (BRKM5) cancela rating de cr\u00e9dito emitido pela Moody's\",\"isPartOf\":{\"@id\":\"https:\/\/www.suno.com.br\/noticias\/#website\"},\"primaryImageOfPage\":{\"@id\":\"https:\/\/www.suno.com.br\/noticias\/braskem-brkm5-rating-moodys-gpj\/#primaryimage\"},\"image\":{\"@id\":\"https:\/\/www.suno.com.br\/noticias\/braskem-brkm5-rating-moodys-gpj\/#primaryimage\"},\"thumbnailUrl\":\"https:\/\/files.sunoresearch.com.br\/n\/uploads\/2023\/06\/petrobras-petr4-compra-braskem-brkm5-acionista.jpg\",\"datePublished\":\"2023-12-06T11:44:55+00:00\",\"dateModified\":\"2023-12-06T12:47:44+00:00\",\"description\":\"A Moody's tinha uma perspectiva est\u00e1vel para a companhia, com rating em \\\"Ba1\\\", segundo informa\u00e7\u00f5es no site da Braskem.\",\"breadcrumb\":{\"@id\":\"https:\/\/www.suno.com.br\/noticias\/braskem-brkm5-rating-moodys-gpj\/#breadcrumb\"},\"inLanguage\":\"pt-BR\",\"potentialAction\":[{\"@type\":\"ReadAction\",\"target\":[\"https:\/\/www.suno.com.br\/noticias\/braskem-brkm5-rating-moodys-gpj\/\"]}]},{\"@type\":\"ImageObject\",\"inLanguage\":\"pt-BR\",\"@id\":\"https:\/\/www.suno.com.br\/noticias\/braskem-brkm5-rating-moodys-gpj\/#primaryimage\",\"url\":\"https:\/\/files.sunoresearch.com.br\/n\/uploads\/2023\/06\/petrobras-petr4-compra-braskem-brkm5-acionista.jpg\",\"contentUrl\":\"https:\/\/files.sunoresearch.com.br\/n\/uploads\/2023\/06\/petrobras-petr4-compra-braskem-brkm5-acionista.jpg\",\"width\":1200,\"height\":800,\"caption\":\"Braskem (BRKM5) - Foto: Divulga\u00e7\u00e3o.\"},{\"@type\":\"BreadcrumbList\",\"@id\":\"https:\/\/www.suno.com.br\/noticias\/braskem-brkm5-rating-moodys-gpj\/#breadcrumb\",\"itemListElement\":[{\"@type\":\"ListItem\",\"position\":1,\"name\":\"Not\u00edcias\",\"item\":\"https:\/\/www.suno.com.br\/noticias\/\"},{\"@type\":\"ListItem\",\"position\":2,\"name\":\"Neg\u00f3cios\",\"item\":\"https:\/\/www.suno.com.br\/noticias\/negocios\/\"},{\"@type\":\"ListItem\",\"position\":3,\"name\":\"Braskem (BRKM5) cancela rating de cr\u00e9dito em escala global emitido pela Moody&#8217;s\"}]},{\"@type\":\"WebSite\",\"@id\":\"https:\/\/www.suno.com.br\/noticias\/#website\",\"url\":\"https:\/\/www.suno.com.br\/noticias\/\",\"name\":\"Suno Not\u00edcias\",\"description\":\"Seu portal de informa\u00e7\u00e3o sobre o mundo dos investimentos\",\"publisher\":{\"@id\":\"https:\/\/www.suno.com.br\/noticias\/#organization\"},\"potentialAction\":[{\"@type\":\"SearchAction\",\"target\":{\"@type\":\"EntryPoint\",\"urlTemplate\":\"https:\/\/www.suno.com.br\/noticias\/?s={search_term_string}\"},\"query-input\":{\"@type\":\"PropertyValueSpecification\",\"valueRequired\":true,\"valueName\":\"search_term_string\"}}],\"inLanguage\":\"pt-BR\"},{\"@type\":\"Organization\",\"@id\":\"https:\/\/www.suno.com.br\/noticias\/#organization\",\"name\":\"Suno Not\u00edcias\",\"url\":\"https:\/\/www.suno.com.br\/noticias\/\",\"logo\":{\"@type\":\"ImageObject\",\"inLanguage\":\"pt-BR\",\"@id\":\"https:\/\/www.suno.com.br\/noticias\/#\/schema\/logo\/image\/\",\"url\":\"https:\/\/files.sunoresearch.com.br\/n\/uploads\/2021\/09\/suno-logo.png\",\"contentUrl\":\"https:\/\/files.sunoresearch.com.br\/n\/uploads\/2021\/09\/suno-logo.png\",\"width\":180,\"height\":180,\"caption\":\"Suno Not\u00edcias\"},\"image\":{\"@id\":\"https:\/\/www.suno.com.br\/noticias\/#\/schema\/logo\/image\/\"},\"sameAs\":[\"https:\/\/facebook.com\/sunoresearch\",\"https:\/\/x.com\/sunoresearch\",\"https:\/\/www.instagram.com\/suno\",\"https:\/\/www.linkedin.com\/company\/suno-research\/\",\"https:\/\/www.youtube.com\/c\/sunoresearch\"]},{\"@type\":\"Person\",\"@id\":\"https:\/\/www.suno.com.br\/noticias\/#\/schema\/person\/d0f32748bbca4bee871fa191ee4e2d40\",\"name\":\"Giovanni Porf\u00edrio Jacomino\",\"image\":{\"@type\":\"ImageObject\",\"inLanguage\":\"pt-BR\",\"@id\":\"https:\/\/www.suno.com.br\/noticias\/#\/schema\/person\/image\/\",\"url\":\"https:\/\/secure.gravatar.com\/avatar\/efb32e19b730a121cb7a80f41ffec01a?s=96&r=g\",\"contentUrl\":\"https:\/\/secure.gravatar.com\/avatar\/efb32e19b730a121cb7a80f41ffec01a?s=96&r=g\",\"caption\":\"Giovanni Porf\u00edrio Jacomino\"},\"description\":\"Giovanni Porf\u00edrio Jacomino \u00e9 jornalista formado pela Universidade Estadual de Londrina (UEL) e p\u00f3s-graduado em Produ\u00e7\u00e3o e Pr\u00e1ticas Jornal\u00edsticas na Contemporaneidade na Faculdade C\u00e1sper L\u00edbero (FCL). Foi editor web no Startupi e no Finsiders, atuando ainda como editor no TC Mover, portal de not\u00edcias da TradersClub, fazendo a cobertura de assuntos relacionados ao mercado financeiro interno e externo. Atualmente, \u00e9 Rep\u00f3rter do Suno Not\u00edcias.\",\"url\":\"https:\/\/www.suno.com.br\/noticias\/author\/giovanni-porfiriosuno-com-br\/\"}]}<\/script>\n<!-- \/ Yoast SEO plugin. -->","yoast_head_json":{"title":"Braskem (BRKM5) cancela rating de cr\u00e9dito emitido pela Moody's","description":"A Moody's tinha uma perspectiva est\u00e1vel para a companhia, com rating em \"Ba1\", segundo informa\u00e7\u00f5es no site da Braskem.","robots":{"index":"index","follow":"follow","max-snippet":"max-snippet:-1","max-image-preview":"max-image-preview:large","max-video-preview":"max-video-preview:-1"},"canonical":"https:\/\/www.suno.com.br\/noticias\/braskem-brkm5-rating-moodys-gpj\/","og_locale":"pt_BR","og_type":"article","og_title":"Braskem (BRKM5) cancela rating de cr\u00e9dito emitido pela Moody's","og_description":"A Moody's tinha uma perspectiva est\u00e1vel para a companhia, com rating em \"Ba1\", segundo informa\u00e7\u00f5es no site da Braskem.","og_url":"https:\/\/www.suno.com.br\/noticias\/braskem-brkm5-rating-moodys-gpj\/","og_site_name":"Suno Not\u00edcias","article_publisher":"https:\/\/facebook.com\/sunoresearch","og_image":[{"width":1200,"height":800,"url":"https:\/\/files.sunoresearch.com.br\/n\/uploads\/2023\/06\/petrobras-petr4-compra-braskem-brkm5-acionista.jpg","type":"image\/jpeg"}],"author":"Giovanni Porf\u00edrio Jacomino","twitter_card":"summary_large_image","twitter_creator":"@sunoresearch","twitter_site":"@sunoresearch","twitter_misc":{"Escrito por":"Giovanni Porf\u00edrio Jacomino","Est. tempo de leitura":"4 minutos"},"schema":{"@context":"https:\/\/schema.org","@graph":[{"@type":"NewsArticle","@id":"https:\/\/www.suno.com.br\/noticias\/braskem-brkm5-rating-moodys-gpj\/#article","isPartOf":{"@id":"https:\/\/www.suno.com.br\/noticias\/braskem-brkm5-rating-moodys-gpj\/"},"author":{"name":"Giovanni Porf\u00edrio Jacomino","@id":"https:\/\/www.suno.com.br\/noticias\/#\/schema\/person\/d0f32748bbca4bee871fa191ee4e2d40"},"headline":"Braskem (BRKM5) cancela rating de cr\u00e9dito em escala global emitido pela Moody&#8217;s","datePublished":"2023-12-06T11:44:55+00:00","dateModified":"2023-12-06T12:47:44+00:00","mainEntityOfPage":{"@id":"https:\/\/www.suno.com.br\/noticias\/braskem-brkm5-rating-moodys-gpj\/"},"wordCount":625,"publisher":{"@id":"https:\/\/www.suno.com.br\/noticias\/#organization"},"image":{"@id":"https:\/\/www.suno.com.br\/noticias\/braskem-brkm5-rating-moodys-gpj\/#primaryimage"},"thumbnailUrl":"https:\/\/files.sunoresearch.com.br\/n\/uploads\/2023\/06\/petrobras-petr4-compra-braskem-brkm5-acionista.jpg","keywords":["Braskem (BRKM3\/BRKM5\/BRKM6)"],"articleSection":["Neg\u00f3cios"],"inLanguage":"pt-BR"},{"@type":"WebPage","@id":"https:\/\/www.suno.com.br\/noticias\/braskem-brkm5-rating-moodys-gpj\/","url":"https:\/\/www.suno.com.br\/noticias\/braskem-brkm5-rating-moodys-gpj\/","name":"Braskem (BRKM5) cancela rating de cr\u00e9dito emitido pela Moody's","isPartOf":{"@id":"https:\/\/www.suno.com.br\/noticias\/#website"},"primaryImageOfPage":{"@id":"https:\/\/www.suno.com.br\/noticias\/braskem-brkm5-rating-moodys-gpj\/#primaryimage"},"image":{"@id":"https:\/\/www.suno.com.br\/noticias\/braskem-brkm5-rating-moodys-gpj\/#primaryimage"},"thumbnailUrl":"https:\/\/files.sunoresearch.com.br\/n\/uploads\/2023\/06\/petrobras-petr4-compra-braskem-brkm5-acionista.jpg","datePublished":"2023-12-06T11:44:55+00:00","dateModified":"2023-12-06T12:47:44+00:00","description":"A Moody's tinha uma perspectiva est\u00e1vel para a companhia, com rating em \"Ba1\", segundo informa\u00e7\u00f5es no site da Braskem.","breadcrumb":{"@id":"https:\/\/www.suno.com.br\/noticias\/braskem-brkm5-rating-moodys-gpj\/#breadcrumb"},"inLanguage":"pt-BR","potentialAction":[{"@type":"ReadAction","target":["https:\/\/www.suno.com.br\/noticias\/braskem-brkm5-rating-moodys-gpj\/"]}]},{"@type":"ImageObject","inLanguage":"pt-BR","@id":"https:\/\/www.suno.com.br\/noticias\/braskem-brkm5-rating-moodys-gpj\/#primaryimage","url":"https:\/\/files.sunoresearch.com.br\/n\/uploads\/2023\/06\/petrobras-petr4-compra-braskem-brkm5-acionista.jpg","contentUrl":"https:\/\/files.sunoresearch.com.br\/n\/uploads\/2023\/06\/petrobras-petr4-compra-braskem-brkm5-acionista.jpg","width":1200,"height":800,"caption":"Braskem (BRKM5) - Foto: Divulga\u00e7\u00e3o."},{"@type":"BreadcrumbList","@id":"https:\/\/www.suno.com.br\/noticias\/braskem-brkm5-rating-moodys-gpj\/#breadcrumb","itemListElement":[{"@type":"ListItem","position":1,"name":"Not\u00edcias","item":"https:\/\/www.suno.com.br\/noticias\/"},{"@type":"ListItem","position":2,"name":"Neg\u00f3cios","item":"https:\/\/www.suno.com.br\/noticias\/negocios\/"},{"@type":"ListItem","position":3,"name":"Braskem (BRKM5) cancela rating de cr\u00e9dito em escala global emitido pela Moody&#8217;s"}]},{"@type":"WebSite","@id":"https:\/\/www.suno.com.br\/noticias\/#website","url":"https:\/\/www.suno.com.br\/noticias\/","name":"Suno Not\u00edcias","description":"Seu portal de informa\u00e7\u00e3o sobre o mundo dos investimentos","publisher":{"@id":"https:\/\/www.suno.com.br\/noticias\/#organization"},"potentialAction":[{"@type":"SearchAction","target":{"@type":"EntryPoint","urlTemplate":"https:\/\/www.suno.com.br\/noticias\/?s={search_term_string}"},"query-input":{"@type":"PropertyValueSpecification","valueRequired":true,"valueName":"search_term_string"}}],"inLanguage":"pt-BR"},{"@type":"Organization","@id":"https:\/\/www.suno.com.br\/noticias\/#organization","name":"Suno Not\u00edcias","url":"https:\/\/www.suno.com.br\/noticias\/","logo":{"@type":"ImageObject","inLanguage":"pt-BR","@id":"https:\/\/www.suno.com.br\/noticias\/#\/schema\/logo\/image\/","url":"https:\/\/files.sunoresearch.com.br\/n\/uploads\/2021\/09\/suno-logo.png","contentUrl":"https:\/\/files.sunoresearch.com.br\/n\/uploads\/2021\/09\/suno-logo.png","width":180,"height":180,"caption":"Suno Not\u00edcias"},"image":{"@id":"https:\/\/www.suno.com.br\/noticias\/#\/schema\/logo\/image\/"},"sameAs":["https:\/\/facebook.com\/sunoresearch","https:\/\/x.com\/sunoresearch","https:\/\/www.instagram.com\/suno","https:\/\/www.linkedin.com\/company\/suno-research\/","https:\/\/www.youtube.com\/c\/sunoresearch"]},{"@type":"Person","@id":"https:\/\/www.suno.com.br\/noticias\/#\/schema\/person\/d0f32748bbca4bee871fa191ee4e2d40","name":"Giovanni Porf\u00edrio Jacomino","image":{"@type":"ImageObject","inLanguage":"pt-BR","@id":"https:\/\/www.suno.com.br\/noticias\/#\/schema\/person\/image\/","url":"https:\/\/secure.gravatar.com\/avatar\/efb32e19b730a121cb7a80f41ffec01a?s=96&r=g","contentUrl":"https:\/\/secure.gravatar.com\/avatar\/efb32e19b730a121cb7a80f41ffec01a?s=96&r=g","caption":"Giovanni Porf\u00edrio Jacomino"},"description":"Giovanni Porf\u00edrio Jacomino \u00e9 jornalista formado pela Universidade Estadual de Londrina (UEL) e p\u00f3s-graduado em Produ\u00e7\u00e3o e Pr\u00e1ticas Jornal\u00edsticas na Contemporaneidade na Faculdade C\u00e1sper L\u00edbero (FCL). Foi editor web no Startupi e no Finsiders, atuando ainda como editor no TC Mover, portal de not\u00edcias da TradersClub, fazendo a cobertura de assuntos relacionados ao mercado financeiro interno e externo. Atualmente, \u00e9 Rep\u00f3rter do Suno Not\u00edcias.","url":"https:\/\/www.suno.com.br\/noticias\/author\/giovanni-porfiriosuno-com-br\/"}]}},"default_loop_html":"<div class=\"cardsPage__listCard__boxs\"><div class=\"cardsPage__listCard__boxs__img\"><a href=\"https:\/\/www.suno.com.br\/noticias\/braskem-brkm5-rating-moodys-gpj\/\"><img class=\"mask\" src=\"https:\/\/www.suno.com.br\/noticias\/wp-content\/themes\/suno\/resources\/images\/spotlight\/spotlight1img\/bg-mask.png\" alt=\"Image Mask\"\/><img src=\"https:\/\/files.sunoresearch.com.br\/n\/uploads\/2023\/06\/petrobras-petr4-compra-braskem-brkm5-acionista-400x200.jpg\" alt=\"Braskem (BRKM5) cancela rating de cr\u00e9dito em escala global emitido pela Moody&#8217;s\"\/><\/a><span class=\"spotlightCategory\"><a href=\"https:\/\/www.suno.com.br\/noticias\/negocios\/\">Neg\u00f3cios<\/a><\/span><\/div><div class=\"cardsPage__listCard__boxs__content\"><a href=\"https:\/\/www.suno.com.br\/noticias\/braskem-brkm5-rating-moodys-gpj\/\"><h2 class=\"content__title\">Braskem (BRKM5) cancela rating de cr\u00e9dito em escala global emitido pela Moody&#8217;s<\/h2><\/a><div class=\"newsContent__article__meta\"><div class=\"newsContent__article__meta__authorBox\"><a href=\"https:\/\/www.suno.com.br\/noticias\/author\/giovanni-porfiriosuno-com-br\/\" class=\"authorBox__avatar noMobi\"><img src=\"https:\/\/files.sunoresearch.com.br\/n\/uploads\/2024\/05\/DSCF4115-1-1-150x150.webp\" alt=\"Giovanni Porf\u00edrio Jacomino\"><\/a><div class=\"authorBox__name\"><span>por\n\t\t\t<a href=\"https:\/\/www.suno.com.br\/noticias\/author\/giovanni-porfiriosuno-com-br\/\"><span itemprop=\"author\">Giovanni Porf\u00edrio Jacomino<\/span><\/a><\/span><time datetime=\"2023-12-06T08:44:55-03:00\" itemprop=\"datePublished\">06\/12\/2023 08:44<\/time><\/div><\/div><\/div><\/div><\/div>","single_layout":"posts","amp_enabled":true,"_links":{"self":[{"href":"https:\/\/www.suno.com.br\/noticias\/wp-json\/wp\/v2\/posts\/495922"}],"collection":[{"href":"https:\/\/www.suno.com.br\/noticias\/wp-json\/wp\/v2\/posts"}],"about":[{"href":"https:\/\/www.suno.com.br\/noticias\/wp-json\/wp\/v2\/types\/post"}],"author":[{"embeddable":true,"href":"https:\/\/www.suno.com.br\/noticias\/wp-json\/wp\/v2\/users\/313"}],"replies":[{"embeddable":true,"href":"https:\/\/www.suno.com.br\/noticias\/wp-json\/wp\/v2\/comments?post=495922"}],"version-history":[{"count":3,"href":"https:\/\/www.suno.com.br\/noticias\/wp-json\/wp\/v2\/posts\/495922\/revisions"}],"predecessor-version":[{"id":495998,"href":"https:\/\/www.suno.com.br\/noticias\/wp-json\/wp\/v2\/posts\/495922\/revisions\/495998"}],"wp:featuredmedia":[{"embeddable":true,"href":"https:\/\/www.suno.com.br\/noticias\/wp-json\/wp\/v2\/media\/417316"}],"wp:attachment":[{"href":"https:\/\/www.suno.com.br\/noticias\/wp-json\/wp\/v2\/media?parent=495922"}],"wp:term":[{"taxonomy":"category","embeddable":true,"href":"https:\/\/www.suno.com.br\/noticias\/wp-json\/wp\/v2\/categories?post=495922"},{"taxonomy":"post_tag","embeddable":true,"href":"https:\/\/www.suno.com.br\/noticias\/wp-json\/wp\/v2\/tags?post=495922"},{"taxonomy":"suno_strategy","embeddable":true,"href":"https:\/\/www.suno.com.br\/noticias\/wp-json\/wp\/v2\/suno_strategy?post=495922"}],"curies":[{"name":"wp","href":"https:\/\/api.w.org\/{rel}","templated":true}]}}