{"id":495767,"date":"2023-12-06T15:45:00","date_gmt":"2023-12-06T18:45:00","guid":{"rendered":"https:\/\/www.suno.com.br\/noticias\/?p=495767"},"modified":"2023-12-06T17:41:17","modified_gmt":"2023-12-06T20:41:17","slug":"credito-privado-investir-debentures-ar","status":"publish","type":"post","link":"https:\/\/www.suno.com.br\/noticias\/credito-privado-investir-debentures-ar\/","title":{"rendered":"Mercado em recupera\u00e7\u00e3o: fundos de cr\u00e9dito privado t\u00eam retorno de at\u00e9 284% do CDI em novembro, diz estudo"},"content":{"rendered":"<p>O mercado de <strong>cr\u00e9dito privado<\/strong> est\u00e1 em recupera\u00e7\u00e3o. De acordo com estudo publicado pela XP, os<strong> <\/strong>fundos de Cr\u00e9dito High Grade, em novembro, apresentaram uma performance de 123% do CDI. J\u00e1 nos fundos com deb\u00eantures incentivadas, com retornos de 284% do CDI no m\u00eas de novembro.<\/p>\t<div class=\"wrapper-featured-image\">\n\t\t<figure class=\"spotlightImg\">\n\n\t\t\t<picture>\n\t\t\t\t<source media=\"(max-width: 768px)\" srcset=\"https:\/\/files.sunoresearch.com.br\/n\/uploads\/2023\/11\/fundos-ETF-400x200.jpg\">\n\t\t\t\t<img loading=\"lazy\" decoding=\"async\" class=\"newsContent__article__imgCapa lazyloadDisabled \" src=\"https:\/\/files.sunoresearch.com.br\/n\/uploads\/2023\/11\/fundos-ETF-800x450.jpg\" width=\"800\" height=\"450\" alt=\"Mercado em recupera\u00e7\u00e3o: fundos de cr\u00e9dito privado t\u00eam retorno de at\u00e9 284% do CDI em novembro, diz estudo\" fetchpriority=high \/>\n\t\t\t<\/picture>\n\n\t\t\t<figcaption class=\"wp-caption-text wp-caption-text--show\">SNID11. Foto: iStock.<\/figcaption>\n\t\t<\/figure>\n\t<\/div>\n\n\n\n\n\n\t<p>\n\t\t<a href=\"https:\/\/lp.suno.com.br\/planilha-da-vida-financeira\/\" target=\"_blank\" data-element=\"shortcode-suno-banner\" title=\"Banner SUNO, clique e saiba mais\">\n\t\t\t<picture>\n\t\t\t\t<source media=\"(max-width: 500px)\" srcset=\"https:\/\/files.sunoresearch.com.br\/n\/uploads\/2023\/04\/400x300-Planilha-vida-financeira-true.png\">\n\t\t\t\t<img class=\"newsContent__article__imgCapa newsContent__article__imgCapa--banner\"\n\t\t\t\t\tsrc=\"https:\/\/files.sunoresearch.com.br\/n\/uploads\/2023\/04\/1420x240-Planilha-vida-financeira-true.png\"\n\t\t\t\t\tdata-promo-id=\"106682\"\t\t\t\t\t\t\t\t\t\twidth='1420' height='240'\t\t\t\t\talt=\"https:\/\/files.sunoresearch.com.br\/n\/uploads\/2023\/04\/1420x240-Planilha-vida-financeira-true.png\"\n\t\t\t\t>\n\t\t\t<\/picture>\n\t\t<\/a>\n\t<\/p>\n\n\n\n\n\n\n\n<p>Al\u00e9m da melhora na performance dos t\u00edtulos, a acelera\u00e7\u00e3o no segundo semestre mostra uma recupera\u00e7\u00e3o das <strong>ofertas no mercado de cr\u00e9dito<\/strong> ap\u00f3s um per\u00edodo de escassez, agravado por eventos no in\u00edcio deste ano, como as descobertas de fraude na Americanas (AMER3) e a <a class=\"suno-keyword\" data-force=\"yes\" data-priority=\"2\" href=\"https:\/\/www.suno.com.br\/acoes\/LIGT3\/\" target=\"_blank\" rel=\"noopener\">Light (LIGT3)<\/a>.<\/p>\n\n\n\n<p>A XP Investimentos destaca que a \u00faltima vez que deb\u00eantures de institui\u00e7\u00f5es s\u00f3lidas e com alto n\u00edvel de qualidade de cr\u00e9dito passaram por um per\u00edodo de corre\u00e7\u00e3o foi em mar\u00e7o de 2020. Antes disso, em 2019, outro ajuste no mercado ocorreu gerando uma precifica\u00e7\u00e3o negativa nesses papeis e consequentemente nos fundos de investimentos em cr\u00e9dito.<\/p>\n\n\n\n<p>\u201cDe l\u00e1 para c\u00e1, a recupera\u00e7\u00e3o dos<strong> fundos de cr\u00e9dito<\/strong> foi not\u00e1vel, de forma que essas estrat\u00e9gias v\u00eam apresentando retornos excedentes ao CDI m\u00eas ap\u00f3s m\u00eas\u201d, apontou relat\u00f3rio da corretora.<\/p>\n\n\n\n<p>No m\u00eas de novembro houve uma continuidade do movimento de recupera\u00e7\u00e3o desses fundos, movimento que pode ser observado tanto no fluxo, quanto no retorno.<\/p>\n\n\n\n<h2 class=\"wp-block-heading\">O cen\u00e1rio est\u00e1 positivo para investir em cr\u00e9dito privado: gestor explica por qu\u00ea<\/h2>\n\n\n\n<p>A perspectiva de que as taxas de juros no Brasil devam se situar abaixo de 10% at\u00e9 o final de 2024 tem contribu\u00eddo para tornar as emiss\u00f5es locais ainda mais atraentes para as empresas, reduzindo seus custos financeiros.<\/p>\n\n\n\n<p>A expectativa \u00e9 de que o <strong>mercado de cr\u00e9dito<\/strong>, que contempla as deb\u00eantures, ofere\u00e7a boas oportunidades no cen\u00e1rio local, especialmente em nomes de m\u00e9dio risco e retorno.<\/p>\n\n\n\n<p>\u201cO mercado de <a class=\"suno-keyword\" data-force=\"no\" data-priority=\"1\" href=\"https:\/\/www.suno.com.br\/artigos\/juros-futuros\/\" target=\"_blank\" rel=\"noopener\">juros futuros<\/a> est\u00e1 embutindo que a Selic deva recuar para um pouco abaixo de 10%, sendo pouco prov\u00e1vel que a <a class=\"suno-keyword\" data-force=\"no\" data-priority=\"1\" href=\"https:\/\/www.suno.com.br\/artigos\/taxa-de-juros\/\" target=\"_blank\" rel=\"noopener\">taxa b\u00e1sica de juros<\/a> rompa um n\u00edvel muito menor do que esse\u201d, afirmou Alexandre Muller, gestor de<strong> cr\u00e9dito da JGP<\/strong>.<\/p>\n\n\n\n<p>Muller afirmou que o Brasil vai continuar convivendo com a taxa de juros flertando com os dois d\u00edgitos, o que torna a <strong>renda fixa competitiva<\/strong> nas carteiras de investimentos.<\/p>\n\n\n\n<p>\u201cOs desafios fiscais s\u00e3o relevantes, ent\u00e3o a renda fixa e a prote\u00e7\u00e3o inflacion\u00e1ria s\u00e3o bem-vindas\u201d, afirmou o gestor.<\/p>\n\n\n\n<p>O gestor disse ainda que o <strong>mercado de deb\u00eanture<\/strong>s se ampliou bastante e que as oportunidades est\u00e3o misturadas com t\u00edtulos n\u00e3o t\u00e3o bons. Ou seja, o investidor precisar ficar &#8220;de olho&#8221; para escolher ativos de qualidade para obter ganhos no longo prazo. <\/p>\n\n\n\n<p>A carteira do indicador<strong> Idex-CDI Geral<\/strong>, refer\u00eancia para o mercado de cr\u00e9dito privado criada pela <strong>gestora JGP<\/strong>, conta com 320 deb\u00eantures. A taxa m\u00e9dia das deb\u00eantures est\u00e1 alcan\u00e7ando CDI mais 2,20%, e algumas est\u00e3o rendendo ainda mais.<\/p>\n\n\n\n<p>O <strong>retorno dos <\/strong><a href=\"https:\/\/www.suno.com.br\/artigos\/titulos-de-credito\/\"><strong>t\u00edtulos de cr\u00e9dito<\/strong><\/a><strong> privado<\/strong>, como de deb\u00eantures, CRIs e CRAs &#8211; costuma apresentar maior atratividade em fun\u00e7\u00e3o dos prazos mais longos, isen\u00e7\u00e3o de imposto sobre rendimentos em alguns casos e principalmente pelo maior \u201crisco\u201d.<\/p>\n\n\n\t<p>\n\t\t<a href=\"https:\/\/lp.suno.com.br\/planilha-da-vida-financeira\/\" target=\"_blank\" data-element=\"shortcode-suno-banner\" title=\"Banner SUNO, clique e saiba mais\">\n\t\t\t<picture>\n\t\t\t\t<source media=\"(max-width: 500px)\" srcset=\"https:\/\/files.sunoresearch.com.br\/n\/uploads\/2023\/04\/400x300-Planilha-vida-financeira-true.png\">\n\t\t\t\t<img class=\"newsContent__article__imgCapa newsContent__article__imgCapa--banner\"\n\t\t\t\t\tsrc=\"https:\/\/files.sunoresearch.com.br\/n\/uploads\/2023\/04\/1420x240-Planilha-vida-financeira-true.png\"\n\t\t\t\t\tdata-promo-id=\"383123\"\t\t\t\t\t\t\t\t\t\twidth='1420' height='240'\t\t\t\t\talt=\"https:\/\/files.sunoresearch.com.br\/n\/uploads\/2023\/04\/1420x240-Planilha-vida-financeira-true.png\"\n\t\t\t\t>\n\t\t\t<\/picture>\n\t\t<\/a>\n\t<\/p>\n\n\n","protected":false},"excerpt":{"rendered":"<p>O mercado de cr\u00e9dito privado est\u00e1 em recupera\u00e7\u00e3o. De acordo com estudo publicado pela XP, os fundos de Cr\u00e9dito High Grade, em novembro, apresentaram uma performance de 123% do CDI. J\u00e1 nos fundos com deb\u00eantures incentivadas, com retornos de 284% do CDI no m\u00eas de novembro. SNID11. Foto: iStock. Al\u00e9m da melhora na performance dos [&hellip;]<\/p>\n","protected":false},"author":43,"featured_media":492834,"comment_status":"closed","ping_status":"closed","sticky":false,"template":"","format":"standard","meta":[],"categories":[65],"tags":[1897,106336,1151,1560,38650],"suno_strategy":[],"class_list":["post-495767","post","type-post","status-publish","format-standard","has-post-thumbnail","hentry","category-financas-pessoais","tag-cra","tag-cri","tag-debentures","tag-debentures-incentivadas","tag-fidc"],"yoast_head":"<!-- This site is optimized with the Yoast SEO plugin v24.4 - https:\/\/yoast.com\/wordpress\/plugins\/seo\/ -->\n<title>Fundos de cr\u00e9dito privado t\u00eam retorno de at\u00e9 284% do CDI em novembro<\/title>\n<meta name=\"description\" content=\"Maior emiss\u00e3o de deb\u00eantures no 2\u00ba semestre deste ano pode fazer o volume total desses t\u00edtulos de cr\u00e9dito privado ultrapassar R$ 230 bi no ano\" \/>\n<meta name=\"robots\" content=\"index, follow, max-snippet:-1, max-image-preview:large, max-video-preview:-1\" \/>\n<link rel=\"canonical\" href=\"https:\/\/www.suno.com.br\/noticias\/credito-privado-investir-debentures-ar\/\" \/>\n<meta property=\"og:locale\" content=\"pt_BR\" \/>\n<meta property=\"og:type\" content=\"article\" \/>\n<meta property=\"og:title\" content=\"Fundos de cr\u00e9dito privado t\u00eam retorno de at\u00e9 284% do CDI em novembro\" \/>\n<meta property=\"og:description\" content=\"Maior emiss\u00e3o de deb\u00eantures no 2\u00ba semestre deste ano pode fazer o volume total desses t\u00edtulos de cr\u00e9dito privado ultrapassar R$ 230 bi no ano\" \/>\n<meta property=\"og:url\" content=\"https:\/\/www.suno.com.br\/noticias\/credito-privado-investir-debentures-ar\/\" \/>\n<meta property=\"og:site_name\" content=\"Suno Not\u00edcias\" \/>\n<meta property=\"article:publisher\" content=\"https:\/\/facebook.com\/sunoresearch\" \/>\n<meta property=\"article:author\" content=\"https:\/\/www.facebook.com\/sunonoticias\/\" \/>\n<meta property=\"og:image\" content=\"https:\/\/files.sunoresearch.com.br\/n\/uploads\/2023\/11\/fundos-ETF.jpg\" \/>\n\t<meta property=\"og:image:width\" content=\"1200\" \/>\n\t<meta property=\"og:image:height\" content=\"800\" \/>\n\t<meta property=\"og:image:type\" content=\"image\/jpeg\" \/>\n<meta name=\"author\" content=\"Reda\u00e7\u00e3o Suno Not\u00edcias\" \/>\n<meta name=\"twitter:card\" content=\"summary_large_image\" \/>\n<meta name=\"twitter:creator\" content=\"@https:\/\/twitter.com\/sunoresearch\" \/>\n<meta name=\"twitter:site\" content=\"@sunoresearch\" \/>\n<meta name=\"twitter:label1\" content=\"Escrito por\" \/>\n\t<meta name=\"twitter:data1\" content=\"Reda\u00e7\u00e3o Suno Not\u00edcias\" \/>\n\t<meta name=\"twitter:label2\" content=\"Est. tempo de leitura\" \/>\n\t<meta name=\"twitter:data2\" content=\"3 minutos\" \/>\n<script type=\"application\/ld+json\" class=\"yoast-schema-graph\">{\"@context\":\"https:\/\/schema.org\",\"@graph\":[{\"@type\":\"NewsArticle\",\"@id\":\"https:\/\/www.suno.com.br\/noticias\/credito-privado-investir-debentures-ar\/#article\",\"isPartOf\":{\"@id\":\"https:\/\/www.suno.com.br\/noticias\/credito-privado-investir-debentures-ar\/\"},\"author\":{\"name\":\"Reda\u00e7\u00e3o Suno Not\u00edcias\",\"@id\":\"https:\/\/www.suno.com.br\/noticias\/#\/schema\/person\/c1b1bd3727fa852bd045e9dbff3673ea\"},\"headline\":\"Mercado em recupera\u00e7\u00e3o: fundos de cr\u00e9dito privado t\u00eam retorno de at\u00e9 284% do CDI em novembro, diz estudo\",\"datePublished\":\"2023-12-06T18:45:00+00:00\",\"dateModified\":\"2023-12-06T20:41:17+00:00\",\"mainEntityOfPage\":{\"@id\":\"https:\/\/www.suno.com.br\/noticias\/credito-privado-investir-debentures-ar\/\"},\"wordCount\":570,\"publisher\":{\"@id\":\"https:\/\/www.suno.com.br\/noticias\/#organization\"},\"image\":{\"@id\":\"https:\/\/www.suno.com.br\/noticias\/credito-privado-investir-debentures-ar\/#primaryimage\"},\"thumbnailUrl\":\"https:\/\/files.sunoresearch.com.br\/n\/uploads\/2023\/11\/fundos-ETF.jpg\",\"keywords\":[\"CRA\",\"CRI\",\"deb\u00eantures\",\"deb\u00eantures incentivadas\",\"FIDC\"],\"articleSection\":[\"Finan\u00e7as Pessoais\"],\"inLanguage\":\"pt-BR\"},{\"@type\":\"WebPage\",\"@id\":\"https:\/\/www.suno.com.br\/noticias\/credito-privado-investir-debentures-ar\/\",\"url\":\"https:\/\/www.suno.com.br\/noticias\/credito-privado-investir-debentures-ar\/\",\"name\":\"Fundos de cr\u00e9dito privado t\u00eam retorno de at\u00e9 284% do CDI em novembro\",\"isPartOf\":{\"@id\":\"https:\/\/www.suno.com.br\/noticias\/#website\"},\"primaryImageOfPage\":{\"@id\":\"https:\/\/www.suno.com.br\/noticias\/credito-privado-investir-debentures-ar\/#primaryimage\"},\"image\":{\"@id\":\"https:\/\/www.suno.com.br\/noticias\/credito-privado-investir-debentures-ar\/#primaryimage\"},\"thumbnailUrl\":\"https:\/\/files.sunoresearch.com.br\/n\/uploads\/2023\/11\/fundos-ETF.jpg\",\"datePublished\":\"2023-12-06T18:45:00+00:00\",\"dateModified\":\"2023-12-06T20:41:17+00:00\",\"description\":\"Maior emiss\u00e3o de deb\u00eantures no 2\u00ba semestre deste ano pode fazer o volume total desses t\u00edtulos de cr\u00e9dito privado ultrapassar R$ 230 bi no ano\",\"breadcrumb\":{\"@id\":\"https:\/\/www.suno.com.br\/noticias\/credito-privado-investir-debentures-ar\/#breadcrumb\"},\"inLanguage\":\"pt-BR\",\"potentialAction\":[{\"@type\":\"ReadAction\",\"target\":[\"https:\/\/www.suno.com.br\/noticias\/credito-privado-investir-debentures-ar\/\"]}]},{\"@type\":\"ImageObject\",\"inLanguage\":\"pt-BR\",\"@id\":\"https:\/\/www.suno.com.br\/noticias\/credito-privado-investir-debentures-ar\/#primaryimage\",\"url\":\"https:\/\/files.sunoresearch.com.br\/n\/uploads\/2023\/11\/fundos-ETF.jpg\",\"contentUrl\":\"https:\/\/files.sunoresearch.com.br\/n\/uploads\/2023\/11\/fundos-ETF.jpg\",\"width\":1200,\"height\":800,\"caption\":\"SNID11. Foto: iStock.\"},{\"@type\":\"BreadcrumbList\",\"@id\":\"https:\/\/www.suno.com.br\/noticias\/credito-privado-investir-debentures-ar\/#breadcrumb\",\"itemListElement\":[{\"@type\":\"ListItem\",\"position\":1,\"name\":\"Not\u00edcias\",\"item\":\"https:\/\/www.suno.com.br\/noticias\/\"},{\"@type\":\"ListItem\",\"position\":2,\"name\":\"Finan\u00e7as Pessoais\",\"item\":\"https:\/\/www.suno.com.br\/noticias\/financas-pessoais\/\"},{\"@type\":\"ListItem\",\"position\":3,\"name\":\"Mercado em recupera\u00e7\u00e3o: fundos de cr\u00e9dito privado t\u00eam retorno de at\u00e9 284% do CDI em novembro, diz estudo\"}]},{\"@type\":\"WebSite\",\"@id\":\"https:\/\/www.suno.com.br\/noticias\/#website\",\"url\":\"https:\/\/www.suno.com.br\/noticias\/\",\"name\":\"Suno Not\u00edcias\",\"description\":\"Seu portal de informa\u00e7\u00e3o sobre o mundo dos investimentos\",\"publisher\":{\"@id\":\"https:\/\/www.suno.com.br\/noticias\/#organization\"},\"potentialAction\":[{\"@type\":\"SearchAction\",\"target\":{\"@type\":\"EntryPoint\",\"urlTemplate\":\"https:\/\/www.suno.com.br\/noticias\/?s={search_term_string}\"},\"query-input\":{\"@type\":\"PropertyValueSpecification\",\"valueRequired\":true,\"valueName\":\"search_term_string\"}}],\"inLanguage\":\"pt-BR\"},{\"@type\":\"Organization\",\"@id\":\"https:\/\/www.suno.com.br\/noticias\/#organization\",\"name\":\"Suno Not\u00edcias\",\"url\":\"https:\/\/www.suno.com.br\/noticias\/\",\"logo\":{\"@type\":\"ImageObject\",\"inLanguage\":\"pt-BR\",\"@id\":\"https:\/\/www.suno.com.br\/noticias\/#\/schema\/logo\/image\/\",\"url\":\"https:\/\/files.sunoresearch.com.br\/n\/uploads\/2021\/09\/suno-logo.png\",\"contentUrl\":\"https:\/\/files.sunoresearch.com.br\/n\/uploads\/2021\/09\/suno-logo.png\",\"width\":180,\"height\":180,\"caption\":\"Suno Not\u00edcias\"},\"image\":{\"@id\":\"https:\/\/www.suno.com.br\/noticias\/#\/schema\/logo\/image\/\"},\"sameAs\":[\"https:\/\/facebook.com\/sunoresearch\",\"https:\/\/x.com\/sunoresearch\",\"https:\/\/www.instagram.com\/suno\",\"https:\/\/www.linkedin.com\/company\/suno-research\/\",\"https:\/\/www.youtube.com\/c\/sunoresearch\"]},{\"@type\":\"Person\",\"@id\":\"https:\/\/www.suno.com.br\/noticias\/#\/schema\/person\/c1b1bd3727fa852bd045e9dbff3673ea\",\"name\":\"Reda\u00e7\u00e3o Suno Not\u00edcias\",\"image\":{\"@type\":\"ImageObject\",\"inLanguage\":\"pt-BR\",\"@id\":\"https:\/\/www.suno.com.br\/noticias\/#\/schema\/person\/image\/\",\"url\":\"https:\/\/secure.gravatar.com\/avatar\/b8104b9b5a71985d5238ee59fbe418af?s=96&r=g\",\"contentUrl\":\"https:\/\/secure.gravatar.com\/avatar\/b8104b9b5a71985d5238ee59fbe418af?s=96&r=g\",\"caption\":\"Reda\u00e7\u00e3o Suno Not\u00edcias\"},\"description\":\"O Suno Not\u00edcias \u00e9 um portal de informa\u00e7\u00f5es sobre Mercado Financeiro, Pol\u00edtica, Neg\u00f3cios, Economia e Finan\u00e7as Pessoais.\",\"sameAs\":[\"https:\/\/www.suno.com.br\/noticias\",\"https:\/\/www.facebook.com\/sunonoticias\/\",\"https:\/\/www.instagram.com\/sunonoticias\/\",\"https:\/\/x.com\/https:\/\/twitter.com\/sunoresearch\",\"https:\/\/www.youtube.com\/sunonoticias\"],\"url\":\"https:\/\/www.suno.com.br\/noticias\/author\/redacao-suno\/\"}]}<\/script>\n<!-- \/ Yoast SEO plugin. -->","yoast_head_json":{"title":"Fundos de cr\u00e9dito privado t\u00eam retorno de at\u00e9 284% do CDI em novembro","description":"Maior emiss\u00e3o de deb\u00eantures no 2\u00ba semestre deste ano pode fazer o volume total desses t\u00edtulos de cr\u00e9dito privado ultrapassar R$ 230 bi no ano","robots":{"index":"index","follow":"follow","max-snippet":"max-snippet:-1","max-image-preview":"max-image-preview:large","max-video-preview":"max-video-preview:-1"},"canonical":"https:\/\/www.suno.com.br\/noticias\/credito-privado-investir-debentures-ar\/","og_locale":"pt_BR","og_type":"article","og_title":"Fundos de cr\u00e9dito privado t\u00eam retorno de at\u00e9 284% do CDI em novembro","og_description":"Maior emiss\u00e3o de deb\u00eantures no 2\u00ba semestre deste ano pode fazer o volume total desses t\u00edtulos de cr\u00e9dito privado ultrapassar R$ 230 bi no ano","og_url":"https:\/\/www.suno.com.br\/noticias\/credito-privado-investir-debentures-ar\/","og_site_name":"Suno Not\u00edcias","article_publisher":"https:\/\/facebook.com\/sunoresearch","article_author":"https:\/\/www.facebook.com\/sunonoticias\/","og_image":[{"width":1200,"height":800,"url":"https:\/\/files.sunoresearch.com.br\/n\/uploads\/2023\/11\/fundos-ETF.jpg","type":"image\/jpeg"}],"author":"Reda\u00e7\u00e3o Suno Not\u00edcias","twitter_card":"summary_large_image","twitter_creator":"@https:\/\/twitter.com\/sunoresearch","twitter_site":"@sunoresearch","twitter_misc":{"Escrito por":"Reda\u00e7\u00e3o Suno Not\u00edcias","Est. tempo de leitura":"3 minutos"},"schema":{"@context":"https:\/\/schema.org","@graph":[{"@type":"NewsArticle","@id":"https:\/\/www.suno.com.br\/noticias\/credito-privado-investir-debentures-ar\/#article","isPartOf":{"@id":"https:\/\/www.suno.com.br\/noticias\/credito-privado-investir-debentures-ar\/"},"author":{"name":"Reda\u00e7\u00e3o Suno Not\u00edcias","@id":"https:\/\/www.suno.com.br\/noticias\/#\/schema\/person\/c1b1bd3727fa852bd045e9dbff3673ea"},"headline":"Mercado em recupera\u00e7\u00e3o: fundos de cr\u00e9dito privado t\u00eam retorno de at\u00e9 284% do CDI em novembro, diz estudo","datePublished":"2023-12-06T18:45:00+00:00","dateModified":"2023-12-06T20:41:17+00:00","mainEntityOfPage":{"@id":"https:\/\/www.suno.com.br\/noticias\/credito-privado-investir-debentures-ar\/"},"wordCount":570,"publisher":{"@id":"https:\/\/www.suno.com.br\/noticias\/#organization"},"image":{"@id":"https:\/\/www.suno.com.br\/noticias\/credito-privado-investir-debentures-ar\/#primaryimage"},"thumbnailUrl":"https:\/\/files.sunoresearch.com.br\/n\/uploads\/2023\/11\/fundos-ETF.jpg","keywords":["CRA","CRI","deb\u00eantures","deb\u00eantures incentivadas","FIDC"],"articleSection":["Finan\u00e7as Pessoais"],"inLanguage":"pt-BR"},{"@type":"WebPage","@id":"https:\/\/www.suno.com.br\/noticias\/credito-privado-investir-debentures-ar\/","url":"https:\/\/www.suno.com.br\/noticias\/credito-privado-investir-debentures-ar\/","name":"Fundos de cr\u00e9dito privado t\u00eam retorno de at\u00e9 284% do CDI em novembro","isPartOf":{"@id":"https:\/\/www.suno.com.br\/noticias\/#website"},"primaryImageOfPage":{"@id":"https:\/\/www.suno.com.br\/noticias\/credito-privado-investir-debentures-ar\/#primaryimage"},"image":{"@id":"https:\/\/www.suno.com.br\/noticias\/credito-privado-investir-debentures-ar\/#primaryimage"},"thumbnailUrl":"https:\/\/files.sunoresearch.com.br\/n\/uploads\/2023\/11\/fundos-ETF.jpg","datePublished":"2023-12-06T18:45:00+00:00","dateModified":"2023-12-06T20:41:17+00:00","description":"Maior emiss\u00e3o de deb\u00eantures no 2\u00ba semestre deste ano pode fazer o volume total desses t\u00edtulos de cr\u00e9dito privado ultrapassar R$ 230 bi no ano","breadcrumb":{"@id":"https:\/\/www.suno.com.br\/noticias\/credito-privado-investir-debentures-ar\/#breadcrumb"},"inLanguage":"pt-BR","potentialAction":[{"@type":"ReadAction","target":["https:\/\/www.suno.com.br\/noticias\/credito-privado-investir-debentures-ar\/"]}]},{"@type":"ImageObject","inLanguage":"pt-BR","@id":"https:\/\/www.suno.com.br\/noticias\/credito-privado-investir-debentures-ar\/#primaryimage","url":"https:\/\/files.sunoresearch.com.br\/n\/uploads\/2023\/11\/fundos-ETF.jpg","contentUrl":"https:\/\/files.sunoresearch.com.br\/n\/uploads\/2023\/11\/fundos-ETF.jpg","width":1200,"height":800,"caption":"SNID11. Foto: iStock."},{"@type":"BreadcrumbList","@id":"https:\/\/www.suno.com.br\/noticias\/credito-privado-investir-debentures-ar\/#breadcrumb","itemListElement":[{"@type":"ListItem","position":1,"name":"Not\u00edcias","item":"https:\/\/www.suno.com.br\/noticias\/"},{"@type":"ListItem","position":2,"name":"Finan\u00e7as Pessoais","item":"https:\/\/www.suno.com.br\/noticias\/financas-pessoais\/"},{"@type":"ListItem","position":3,"name":"Mercado em recupera\u00e7\u00e3o: fundos de cr\u00e9dito privado t\u00eam retorno de at\u00e9 284% do CDI em novembro, diz estudo"}]},{"@type":"WebSite","@id":"https:\/\/www.suno.com.br\/noticias\/#website","url":"https:\/\/www.suno.com.br\/noticias\/","name":"Suno Not\u00edcias","description":"Seu portal de informa\u00e7\u00e3o sobre o mundo dos investimentos","publisher":{"@id":"https:\/\/www.suno.com.br\/noticias\/#organization"},"potentialAction":[{"@type":"SearchAction","target":{"@type":"EntryPoint","urlTemplate":"https:\/\/www.suno.com.br\/noticias\/?s={search_term_string}"},"query-input":{"@type":"PropertyValueSpecification","valueRequired":true,"valueName":"search_term_string"}}],"inLanguage":"pt-BR"},{"@type":"Organization","@id":"https:\/\/www.suno.com.br\/noticias\/#organization","name":"Suno Not\u00edcias","url":"https:\/\/www.suno.com.br\/noticias\/","logo":{"@type":"ImageObject","inLanguage":"pt-BR","@id":"https:\/\/www.suno.com.br\/noticias\/#\/schema\/logo\/image\/","url":"https:\/\/files.sunoresearch.com.br\/n\/uploads\/2021\/09\/suno-logo.png","contentUrl":"https:\/\/files.sunoresearch.com.br\/n\/uploads\/2021\/09\/suno-logo.png","width":180,"height":180,"caption":"Suno Not\u00edcias"},"image":{"@id":"https:\/\/www.suno.com.br\/noticias\/#\/schema\/logo\/image\/"},"sameAs":["https:\/\/facebook.com\/sunoresearch","https:\/\/x.com\/sunoresearch","https:\/\/www.instagram.com\/suno","https:\/\/www.linkedin.com\/company\/suno-research\/","https:\/\/www.youtube.com\/c\/sunoresearch"]},{"@type":"Person","@id":"https:\/\/www.suno.com.br\/noticias\/#\/schema\/person\/c1b1bd3727fa852bd045e9dbff3673ea","name":"Reda\u00e7\u00e3o Suno Not\u00edcias","image":{"@type":"ImageObject","inLanguage":"pt-BR","@id":"https:\/\/www.suno.com.br\/noticias\/#\/schema\/person\/image\/","url":"https:\/\/secure.gravatar.com\/avatar\/b8104b9b5a71985d5238ee59fbe418af?s=96&r=g","contentUrl":"https:\/\/secure.gravatar.com\/avatar\/b8104b9b5a71985d5238ee59fbe418af?s=96&r=g","caption":"Reda\u00e7\u00e3o Suno Not\u00edcias"},"description":"O Suno Not\u00edcias \u00e9 um portal de informa\u00e7\u00f5es sobre Mercado Financeiro, Pol\u00edtica, Neg\u00f3cios, Economia e Finan\u00e7as Pessoais.","sameAs":["https:\/\/www.suno.com.br\/noticias","https:\/\/www.facebook.com\/sunonoticias\/","https:\/\/www.instagram.com\/sunonoticias\/","https:\/\/x.com\/https:\/\/twitter.com\/sunoresearch","https:\/\/www.youtube.com\/sunonoticias"],"url":"https:\/\/www.suno.com.br\/noticias\/author\/redacao-suno\/"}]}},"default_loop_html":"<div class=\"cardsPage__listCard__boxs\"><div class=\"cardsPage__listCard__boxs__img\"><a href=\"https:\/\/www.suno.com.br\/noticias\/credito-privado-investir-debentures-ar\/\"><img class=\"mask\" src=\"https:\/\/www.suno.com.br\/noticias\/wp-content\/themes\/suno\/resources\/images\/spotlight\/spotlight1img\/bg-mask.png\" alt=\"Image Mask\"\/><img src=\"https:\/\/files.sunoresearch.com.br\/n\/uploads\/2023\/11\/fundos-ETF-400x200.jpg\" alt=\"Mercado em recupera\u00e7\u00e3o: fundos de cr\u00e9dito privado t\u00eam retorno de at\u00e9 284% do CDI em novembro, diz estudo\"\/><\/a><span class=\"spotlightCategory\"><a href=\"https:\/\/www.suno.com.br\/noticias\/financas-pessoais\/\">Finan\u00e7as Pessoais<\/a><\/span><\/div><div class=\"cardsPage__listCard__boxs__content\"><a href=\"https:\/\/www.suno.com.br\/noticias\/credito-privado-investir-debentures-ar\/\"><h2 class=\"content__title\">Mercado em recupera\u00e7\u00e3o: fundos de cr\u00e9dito privado t\u00eam retorno de at\u00e9 284% do CDI em novembro, diz estudo<\/h2><\/a><div class=\"newsContent__article__meta\"><div class=\"newsContent__article__meta__authorBox\"><a href=\"https:\/\/www.suno.com.br\/noticias\/author\/redacao-suno\/\" class=\"authorBox__avatar noMobi\"><img src=\"https:\/\/files.sunoresearch.com.br\/n\/uploads\/2020\/08\/0ace682d-redacao-1-150x150.webp\" alt=\"Reda\u00e7\u00e3o Suno Not\u00edcias\"><\/a><div class=\"authorBox__name\"><span>por\n\t\t\t<a href=\"https:\/\/www.suno.com.br\/noticias\/author\/redacao-suno\/\"><span itemprop=\"author\">Reda\u00e7\u00e3o Suno Not\u00edcias<\/span><\/a><\/span><time datetime=\"2023-12-06T15:45:00-03:00\" itemprop=\"datePublished\">06\/12\/2023 15:45<\/time><\/div><\/div><\/div><\/div><\/div>","single_layout":"posts","amp_enabled":true,"_links":{"self":[{"href":"https:\/\/www.suno.com.br\/noticias\/wp-json\/wp\/v2\/posts\/495767"}],"collection":[{"href":"https:\/\/www.suno.com.br\/noticias\/wp-json\/wp\/v2\/posts"}],"about":[{"href":"https:\/\/www.suno.com.br\/noticias\/wp-json\/wp\/v2\/types\/post"}],"author":[{"embeddable":true,"href":"https:\/\/www.suno.com.br\/noticias\/wp-json\/wp\/v2\/users\/43"}],"replies":[{"embeddable":true,"href":"https:\/\/www.suno.com.br\/noticias\/wp-json\/wp\/v2\/comments?post=495767"}],"version-history":[{"count":3,"href":"https:\/\/www.suno.com.br\/noticias\/wp-json\/wp\/v2\/posts\/495767\/revisions"}],"predecessor-version":[{"id":496313,"href":"https:\/\/www.suno.com.br\/noticias\/wp-json\/wp\/v2\/posts\/495767\/revisions\/496313"}],"wp:featuredmedia":[{"embeddable":true,"href":"https:\/\/www.suno.com.br\/noticias\/wp-json\/wp\/v2\/media\/492834"}],"wp:attachment":[{"href":"https:\/\/www.suno.com.br\/noticias\/wp-json\/wp\/v2\/media?parent=495767"}],"wp:term":[{"taxonomy":"category","embeddable":true,"href":"https:\/\/www.suno.com.br\/noticias\/wp-json\/wp\/v2\/categories?post=495767"},{"taxonomy":"post_tag","embeddable":true,"href":"https:\/\/www.suno.com.br\/noticias\/wp-json\/wp\/v2\/tags?post=495767"},{"taxonomy":"suno_strategy","embeddable":true,"href":"https:\/\/www.suno.com.br\/noticias\/wp-json\/wp\/v2\/suno_strategy?post=495767"}],"curies":[{"name":"wp","href":"https:\/\/api.w.org\/{rel}","templated":true}]}}