{"id":49526,"date":"2020-01-13T16:09:09","date_gmt":"2020-01-13T18:09:09","guid":{"rendered":"https:\/\/www.suno.com.br\/noticias\/?p=49526"},"modified":"2020-01-13T16:09:09","modified_gmt":"2020-01-13T18:09:09","slug":"caoa-desistiu-fabrica-ford-sao-bernardo-diz-doria","status":"publish","type":"post","link":"https:\/\/www.suno.com.br\/noticias\/caoa-desistiu-fabrica-ford-sao-bernardo-diz-doria\/","title":{"rendered":"Caoa desistiu de comprar f\u00e1brica da Ford em S\u00e3o Bernardo, diz Doria"},"content":{"rendered":"<p>O governador de S\u00e3o Paulo, <strong>Jo\u00e3o Doria<\/strong> (PSDB), afirmou, nesta segunda-feira (13), que o <strong>Grupo Caoa<\/strong>\u00a0desistiu de comprar a f\u00e1brica da <strong>Ford<\/strong> em S\u00e3o Bernardo do Campo, em S\u00e3o Paulo. O governador salientou que existem outras duas empresas que estudam a aquisi\u00e7\u00e3o da unidade.<\/p>\t<div class=\"wrapper-featured-image\">\n\t\t<figure class=\"spotlightImg\">\n\n\t\t\t<picture>\n\t\t\t\t<source media=\"(max-width: 768px)\" srcset=\"https:\/\/files.sunoresearch.com.br\/n\/uploads\/2019\/09\/1f9719a6-ford-caoa-400x200.webp\">\n\t\t\t\t<img loading=\"lazy\" decoding=\"async\" class=\"newsContent__article__imgCapa lazyloadDisabled newsContent__article__imgCapa--noCaption\" src=\"https:\/\/files.sunoresearch.com.br\/n\/uploads\/2019\/09\/1f9719a6-ford-caoa-jpg.webp\" width=\"800\" height=\"450\" alt=\"Caoa desistiu de comprar f\u00e1brica da Ford em S\u00e3o Bernardo, diz Doria\" fetchpriority=high \/>\n\t\t\t<\/picture>\n\n\t\t\t<figcaption class=\"wp-caption-text wp-caption-text--hide\">Caoa desistiu de comprar f\u00e1brica da Ford em S\u00e3o Bernardo, diz D\u00f3ria<\/figcaption>\n\t\t<\/figure>\n\t<\/div>\n\n\n\n<p>De acordo com Doria, a Caoa decidiu investir em uma nova f\u00e1brica da ind\u00fastria automobil\u00edstica chinesa que ser\u00e1 constru\u00edda em <strong>S\u00e3o Paulo<\/strong>. O governador afirmou que a distribuidora de <strong>autom\u00f3veis<\/strong> dever\u00e1 anunciar o novo investimento ainda neste ano.<\/p>\n<p>&#8220;N\u00f3s n\u00e3o desistimos do tema da Ford ainda. H\u00e1 um entendimento novo com dois fabricantes chineses, entendimentos que est\u00e3o em curso. N\u00e3o temos propagado at\u00e9 para que eles possam seguir com tranquilidade, sem a press\u00e3o do tempo&#8221;, afirmou o governador.<\/p>\n<p>Doria ressaltou que, para o governo, \u00e9 mais f\u00e1cil incentivar a implanta\u00e7\u00e3o de uma nova f\u00e1brica do que vender uma que j\u00e1 est\u00e1 instalada, como a Ford, por exemplo.<\/p>\n<p>Al\u00e9m disso, o governador afirmou que compra n\u00e3o foi concretizada pois o investidor chin\u00eas buscava um espa\u00e7o maior em compara\u00e7\u00e3o ao oferecido pela planta da f\u00e1brica da montadora norte-americana.<\/p>\n\t<p>\n\t\t<a href=\"https:\/\/lp.suno.com.br\/suno-one\/?utm_campaign=_SNC6964518A_\" target=\"_blank\" data-element=\"shortcode-suno-banner\" title=\"Banner SUNO, clique e saiba mais\">\n\t\t\t<picture>\n\t\t\t\t<source media=\"(max-width: 500px)\" srcset=\"https:\/\/files.sunoresearch.com.br\/n\/uploads\/2025\/09\/400x300-Suno-One-png.webp\">\n\t\t\t\t<img class=\"newsContent__article__imgCapa newsContent__article__imgCapa--banner\"\n\t\t\t\t\tsrc=\"https:\/\/files.sunoresearch.com.br\/n\/uploads\/2025\/09\/1420x240-Suno-One-png.webp\"\n\t\t\t\t\tdata-promo-id=\"85810\"\t\t\t\t\t\t\t\t\t\twidth='1420' height='240'\t\t\t\t\talt=\"https:\/\/files.sunoresearch.com.br\/n\/uploads\/2025\/09\/1420x240-Suno-One-png.webp\"\n\t\t\t\t>\n\t\t\t<\/picture>\n\t\t<\/a>\n\t<\/p>\n\n\n<p>&#8220;Caoa acabou n\u00e3o consolidando a compra da f\u00e1brica da Ford exatamente porque o grande investidor chin\u00eas queria um espa\u00e7o maior para produ\u00e7\u00e3o automobil\u00edstica&#8221;, disse Doria.<\/p>\n<h2>F\u00e1brica da Ford que seria adquirida pela Caoa<\/h2>\n<p>A f\u00e1brica da Ford, localizada em S\u00e3o Bernardo do Campo, foi colocada \u00e0 venda em fevereiro. Vale destacar que esta era a \u00fanica f\u00e1brica da marca que produzia caminh\u00f5es. O \u00fanico carro que era feito no local era o <strong>Ford<\/strong> <strong>Fiesta<\/strong>.<\/p>\n<p><a href=\"https:\/\/www.suno.com.br\/noticias\/grupo-caoa-esfria-expectativa-compra-fabrica-ford\/\">Saiba mais: Presidente do Grupo Caoa esfria expectativa sobre compra de f\u00e1brica da Ford<\/a><\/p>\n<p>Com o fechamento da unidade, a <a href=\"https:\/\/www.youtube.com\/channel\/UCWDeEIDAIi_oYKDiqwfGyRg\">empresa<\/a> mostra que quer sair do mercado de caminh\u00f5es no Brasil, al\u00e9m de parar com a produ\u00e7\u00e3o de <strong>Fiesta<\/strong> no Pa\u00eds. A montadora, entretanto, permanece no Brasil com f\u00e1bricas em:<\/p>\n<ul>\n<li>Taubat\u00e9 (produz motores)<\/li>\n<li>Bahia (produz os autom\u00f3veis <strong>Ka<\/strong> e <strong>EcoSport<\/strong>)<\/li>\n<\/ul>\n<p>Em contrapartida a desist\u00eancia anunciada nesta segunda-feira, \u00e9 importante destacar que em setembro de 2019, o governador Jo\u00e3o D\u00f3ria admitiu que a Ford e a <strong>Caoa<\/strong> j\u00e1 haviam chegado a um acordo e que a compra seria exercida em duas etapas.<\/p>\n\n","protected":false},"excerpt":{"rendered":"<p>O governador de S\u00e3o Paulo, Jo\u00e3o Doria (PSDB), afirmou, nesta segunda-feira (13), que o Grupo Caoa\u00a0desistiu de comprar a f\u00e1brica da Ford em S\u00e3o Bernardo do Campo, em S\u00e3o Paulo. O governador salientou que existem outras duas empresas que estudam a aquisi\u00e7\u00e3o da unidade. Caoa desistiu de comprar f\u00e1brica da Ford em S\u00e3o Bernardo, diz [&hellip;]<\/p>\n","protected":false},"author":18,"featured_media":36347,"comment_status":"closed","ping_status":"closed","sticky":false,"template":"","format":"standard","meta":[],"categories":[64],"tags":[870],"suno_strategy":[],"class_list":["post-49526","post","type-post","status-publish","format-standard","has-post-thumbnail","hentry","category-negocios","tag-ford-fdmo34"],"yoast_head":"<!-- This site is optimized with the Yoast SEO plugin v24.4 - https:\/\/yoast.com\/wordpress\/plugins\/seo\/ -->\n<title>Caoa desiste de comprar f\u00e1brica da Ford em S\u00e3o Bernardo<\/title>\n<meta name=\"description\" content=\"Jo\u00e3o Doria afirmou que a Caoa desistiu de comprar a f\u00e1brica da Ford em S\u00e3o Bernardo do Campo, em S\u00e3o Paulo. Clique para saber mais.\" \/>\n<meta name=\"robots\" content=\"index, follow, max-snippet:-1, max-image-preview:large, max-video-preview:-1\" \/>\n<link rel=\"canonical\" href=\"https:\/\/www.suno.com.br\/noticias\/caoa-desistiu-fabrica-ford-sao-bernardo-diz-doria\/\" \/>\n<meta property=\"og:locale\" content=\"pt_BR\" \/>\n<meta property=\"og:type\" content=\"article\" \/>\n<meta property=\"og:title\" content=\"Caoa desiste de comprar f\u00e1brica da Ford em S\u00e3o Bernardo\" \/>\n<meta property=\"og:description\" content=\"Jo\u00e3o Doria afirmou que a Caoa desistiu de comprar a f\u00e1brica da Ford em S\u00e3o Bernardo do Campo, em S\u00e3o Paulo. Clique para saber mais.\" \/>\n<meta property=\"og:url\" content=\"https:\/\/www.suno.com.br\/noticias\/caoa-desistiu-fabrica-ford-sao-bernardo-diz-doria\/\" \/>\n<meta property=\"og:site_name\" content=\"Suno Not\u00edcias\" \/>\n<meta property=\"article:publisher\" content=\"https:\/\/facebook.com\/sunoresearch\" \/>\n<meta property=\"og:image\" content=\"https:\/\/files.sunoresearch.com.br\/n\/uploads\/2019\/09\/1f9719a6-ford-caoa.jpg\" \/>\n\t<meta property=\"og:image:width\" content=\"620\" \/>\n\t<meta property=\"og:image:height\" content=\"413\" \/>\n\t<meta property=\"og:image:type\" content=\"image\/jpeg\" \/>\n<meta name=\"author\" content=\"Giovanna Oliveira\" \/>\n<meta name=\"twitter:card\" content=\"summary_large_image\" \/>\n<meta name=\"twitter:creator\" content=\"@sunoresearch\" \/>\n<meta name=\"twitter:site\" content=\"@sunoresearch\" \/>\n<meta name=\"twitter:label1\" content=\"Escrito por\" \/>\n\t<meta name=\"twitter:data1\" content=\"Giovanna Oliveira\" \/>\n\t<meta name=\"twitter:label2\" content=\"Est. tempo de leitura\" \/>\n\t<meta name=\"twitter:data2\" content=\"2 minutos\" \/>\n<script type=\"application\/ld+json\" class=\"yoast-schema-graph\">{\"@context\":\"https:\/\/schema.org\",\"@graph\":[{\"@type\":\"NewsArticle\",\"@id\":\"https:\/\/www.suno.com.br\/noticias\/caoa-desistiu-fabrica-ford-sao-bernardo-diz-doria\/#article\",\"isPartOf\":{\"@id\":\"https:\/\/www.suno.com.br\/noticias\/caoa-desistiu-fabrica-ford-sao-bernardo-diz-doria\/\"},\"author\":{\"name\":\"Giovanna Oliveira\",\"@id\":\"https:\/\/www.suno.com.br\/noticias\/#\/schema\/person\/4e19e3d2575736e5283d58eb3199d120\"},\"headline\":\"Caoa desistiu de comprar f\u00e1brica da Ford em S\u00e3o Bernardo, diz Doria\",\"datePublished\":\"2020-01-13T18:09:09+00:00\",\"mainEntityOfPage\":{\"@id\":\"https:\/\/www.suno.com.br\/noticias\/caoa-desistiu-fabrica-ford-sao-bernardo-diz-doria\/\"},\"wordCount\":423,\"publisher\":{\"@id\":\"https:\/\/www.suno.com.br\/noticias\/#organization\"},\"image\":{\"@id\":\"https:\/\/www.suno.com.br\/noticias\/caoa-desistiu-fabrica-ford-sao-bernardo-diz-doria\/#primaryimage\"},\"thumbnailUrl\":\"https:\/\/files.sunoresearch.com.br\/n\/uploads\/2019\/09\/1f9719a6-ford-caoa-jpg.webp\",\"keywords\":[\"Ford (FDMO34)\"],\"articleSection\":[\"Neg\u00f3cios\"],\"inLanguage\":\"pt-BR\"},{\"@type\":\"WebPage\",\"@id\":\"https:\/\/www.suno.com.br\/noticias\/caoa-desistiu-fabrica-ford-sao-bernardo-diz-doria\/\",\"url\":\"https:\/\/www.suno.com.br\/noticias\/caoa-desistiu-fabrica-ford-sao-bernardo-diz-doria\/\",\"name\":\"Caoa desiste de comprar f\u00e1brica da Ford em S\u00e3o Bernardo\",\"isPartOf\":{\"@id\":\"https:\/\/www.suno.com.br\/noticias\/#website\"},\"primaryImageOfPage\":{\"@id\":\"https:\/\/www.suno.com.br\/noticias\/caoa-desistiu-fabrica-ford-sao-bernardo-diz-doria\/#primaryimage\"},\"image\":{\"@id\":\"https:\/\/www.suno.com.br\/noticias\/caoa-desistiu-fabrica-ford-sao-bernardo-diz-doria\/#primaryimage\"},\"thumbnailUrl\":\"https:\/\/files.sunoresearch.com.br\/n\/uploads\/2019\/09\/1f9719a6-ford-caoa-jpg.webp\",\"datePublished\":\"2020-01-13T18:09:09+00:00\",\"description\":\"Jo\u00e3o Doria afirmou que a Caoa desistiu de comprar a f\u00e1brica da Ford em S\u00e3o Bernardo do Campo, em S\u00e3o Paulo. Clique para saber mais.\",\"breadcrumb\":{\"@id\":\"https:\/\/www.suno.com.br\/noticias\/caoa-desistiu-fabrica-ford-sao-bernardo-diz-doria\/#breadcrumb\"},\"inLanguage\":\"pt-BR\",\"potentialAction\":[{\"@type\":\"ReadAction\",\"target\":[\"https:\/\/www.suno.com.br\/noticias\/caoa-desistiu-fabrica-ford-sao-bernardo-diz-doria\/\"]}]},{\"@type\":\"ImageObject\",\"inLanguage\":\"pt-BR\",\"@id\":\"https:\/\/www.suno.com.br\/noticias\/caoa-desistiu-fabrica-ford-sao-bernardo-diz-doria\/#primaryimage\",\"url\":\"https:\/\/files.sunoresearch.com.br\/n\/uploads\/2019\/09\/1f9719a6-ford-caoa-jpg.webp\",\"contentUrl\":\"https:\/\/files.sunoresearch.com.br\/n\/uploads\/2019\/09\/1f9719a6-ford-caoa-jpg.webp\",\"width\":620,\"height\":413,\"caption\":\"Caoa desistiu de comprar f\u00e1brica da Ford em S\u00e3o Bernardo, diz D\u00f3ria\"},{\"@type\":\"BreadcrumbList\",\"@id\":\"https:\/\/www.suno.com.br\/noticias\/caoa-desistiu-fabrica-ford-sao-bernardo-diz-doria\/#breadcrumb\",\"itemListElement\":[{\"@type\":\"ListItem\",\"position\":1,\"name\":\"Not\u00edcias\",\"item\":\"https:\/\/www.suno.com.br\/noticias\/\"},{\"@type\":\"ListItem\",\"position\":2,\"name\":\"Neg\u00f3cios\",\"item\":\"https:\/\/www.suno.com.br\/noticias\/negocios\/\"},{\"@type\":\"ListItem\",\"position\":3,\"name\":\"Caoa desistiu de comprar f\u00e1brica da Ford em S\u00e3o Bernardo, diz Doria\"}]},{\"@type\":\"WebSite\",\"@id\":\"https:\/\/www.suno.com.br\/noticias\/#website\",\"url\":\"https:\/\/www.suno.com.br\/noticias\/\",\"name\":\"Suno Not\u00edcias\",\"description\":\"Seu portal de informa\u00e7\u00e3o sobre o mundo dos investimentos\",\"publisher\":{\"@id\":\"https:\/\/www.suno.com.br\/noticias\/#organization\"},\"potentialAction\":[{\"@type\":\"SearchAction\",\"target\":{\"@type\":\"EntryPoint\",\"urlTemplate\":\"https:\/\/www.suno.com.br\/noticias\/?s={search_term_string}\"},\"query-input\":{\"@type\":\"PropertyValueSpecification\",\"valueRequired\":true,\"valueName\":\"search_term_string\"}}],\"inLanguage\":\"pt-BR\"},{\"@type\":\"Organization\",\"@id\":\"https:\/\/www.suno.com.br\/noticias\/#organization\",\"name\":\"Suno Not\u00edcias\",\"url\":\"https:\/\/www.suno.com.br\/noticias\/\",\"logo\":{\"@type\":\"ImageObject\",\"inLanguage\":\"pt-BR\",\"@id\":\"https:\/\/www.suno.com.br\/noticias\/#\/schema\/logo\/image\/\",\"url\":\"https:\/\/files.sunoresearch.com.br\/n\/uploads\/2021\/09\/suno-logo.png\",\"contentUrl\":\"https:\/\/files.sunoresearch.com.br\/n\/uploads\/2021\/09\/suno-logo.png\",\"width\":180,\"height\":180,\"caption\":\"Suno Not\u00edcias\"},\"image\":{\"@id\":\"https:\/\/www.suno.com.br\/noticias\/#\/schema\/logo\/image\/\"},\"sameAs\":[\"https:\/\/facebook.com\/sunoresearch\",\"https:\/\/x.com\/sunoresearch\",\"https:\/\/www.instagram.com\/suno\",\"https:\/\/www.linkedin.com\/company\/suno-research\/\",\"https:\/\/www.youtube.com\/c\/sunoresearch\"]},{\"@type\":\"Person\",\"@id\":\"https:\/\/www.suno.com.br\/noticias\/#\/schema\/person\/4e19e3d2575736e5283d58eb3199d120\",\"name\":\"Giovanna Oliveira\",\"image\":{\"@type\":\"ImageObject\",\"inLanguage\":\"pt-BR\",\"@id\":\"https:\/\/www.suno.com.br\/noticias\/#\/schema\/person\/image\/\",\"url\":\"https:\/\/secure.gravatar.com\/avatar\/9a37b3ae208962ac568992d0ffdbc2eb?s=96&r=g\",\"contentUrl\":\"https:\/\/secure.gravatar.com\/avatar\/9a37b3ae208962ac568992d0ffdbc2eb?s=96&r=g\",\"caption\":\"Giovanna Oliveira\"},\"description\":\"Giovanna Oliveira escreve sobre economia e pol\u00edtica. Foi rep\u00f3rter do portal de jornalismo da ESPM-SP e produziu conte\u00fado para a Corinthians TV. \u00c9 estudante da ESPM.\",\"url\":\"https:\/\/www.suno.com.br\/noticias\/author\/giovanna\/\"}]}<\/script>\n<!-- \/ Yoast SEO plugin. -->","yoast_head_json":{"title":"Caoa desiste de comprar f\u00e1brica da Ford em S\u00e3o Bernardo","description":"Jo\u00e3o Doria afirmou que a Caoa desistiu de comprar a f\u00e1brica da Ford em S\u00e3o Bernardo do Campo, em S\u00e3o Paulo. Clique para saber mais.","robots":{"index":"index","follow":"follow","max-snippet":"max-snippet:-1","max-image-preview":"max-image-preview:large","max-video-preview":"max-video-preview:-1"},"canonical":"https:\/\/www.suno.com.br\/noticias\/caoa-desistiu-fabrica-ford-sao-bernardo-diz-doria\/","og_locale":"pt_BR","og_type":"article","og_title":"Caoa desiste de comprar f\u00e1brica da Ford em S\u00e3o Bernardo","og_description":"Jo\u00e3o Doria afirmou que a Caoa desistiu de comprar a f\u00e1brica da Ford em S\u00e3o Bernardo do Campo, em S\u00e3o Paulo. Clique para saber mais.","og_url":"https:\/\/www.suno.com.br\/noticias\/caoa-desistiu-fabrica-ford-sao-bernardo-diz-doria\/","og_site_name":"Suno Not\u00edcias","article_publisher":"https:\/\/facebook.com\/sunoresearch","og_image":[{"width":620,"height":413,"url":"https:\/\/files.sunoresearch.com.br\/n\/uploads\/2019\/09\/1f9719a6-ford-caoa.jpg","type":"image\/jpeg"}],"author":"Giovanna Oliveira","twitter_card":"summary_large_image","twitter_creator":"@sunoresearch","twitter_site":"@sunoresearch","twitter_misc":{"Escrito por":"Giovanna Oliveira","Est. tempo de leitura":"2 minutos"},"schema":{"@context":"https:\/\/schema.org","@graph":[{"@type":"NewsArticle","@id":"https:\/\/www.suno.com.br\/noticias\/caoa-desistiu-fabrica-ford-sao-bernardo-diz-doria\/#article","isPartOf":{"@id":"https:\/\/www.suno.com.br\/noticias\/caoa-desistiu-fabrica-ford-sao-bernardo-diz-doria\/"},"author":{"name":"Giovanna Oliveira","@id":"https:\/\/www.suno.com.br\/noticias\/#\/schema\/person\/4e19e3d2575736e5283d58eb3199d120"},"headline":"Caoa desistiu de comprar f\u00e1brica da Ford em S\u00e3o Bernardo, diz Doria","datePublished":"2020-01-13T18:09:09+00:00","mainEntityOfPage":{"@id":"https:\/\/www.suno.com.br\/noticias\/caoa-desistiu-fabrica-ford-sao-bernardo-diz-doria\/"},"wordCount":423,"publisher":{"@id":"https:\/\/www.suno.com.br\/noticias\/#organization"},"image":{"@id":"https:\/\/www.suno.com.br\/noticias\/caoa-desistiu-fabrica-ford-sao-bernardo-diz-doria\/#primaryimage"},"thumbnailUrl":"https:\/\/files.sunoresearch.com.br\/n\/uploads\/2019\/09\/1f9719a6-ford-caoa-jpg.webp","keywords":["Ford (FDMO34)"],"articleSection":["Neg\u00f3cios"],"inLanguage":"pt-BR"},{"@type":"WebPage","@id":"https:\/\/www.suno.com.br\/noticias\/caoa-desistiu-fabrica-ford-sao-bernardo-diz-doria\/","url":"https:\/\/www.suno.com.br\/noticias\/caoa-desistiu-fabrica-ford-sao-bernardo-diz-doria\/","name":"Caoa desiste de comprar f\u00e1brica da Ford em S\u00e3o Bernardo","isPartOf":{"@id":"https:\/\/www.suno.com.br\/noticias\/#website"},"primaryImageOfPage":{"@id":"https:\/\/www.suno.com.br\/noticias\/caoa-desistiu-fabrica-ford-sao-bernardo-diz-doria\/#primaryimage"},"image":{"@id":"https:\/\/www.suno.com.br\/noticias\/caoa-desistiu-fabrica-ford-sao-bernardo-diz-doria\/#primaryimage"},"thumbnailUrl":"https:\/\/files.sunoresearch.com.br\/n\/uploads\/2019\/09\/1f9719a6-ford-caoa-jpg.webp","datePublished":"2020-01-13T18:09:09+00:00","description":"Jo\u00e3o Doria afirmou que a Caoa desistiu de comprar a f\u00e1brica da Ford em S\u00e3o Bernardo do Campo, em S\u00e3o Paulo. Clique para saber mais.","breadcrumb":{"@id":"https:\/\/www.suno.com.br\/noticias\/caoa-desistiu-fabrica-ford-sao-bernardo-diz-doria\/#breadcrumb"},"inLanguage":"pt-BR","potentialAction":[{"@type":"ReadAction","target":["https:\/\/www.suno.com.br\/noticias\/caoa-desistiu-fabrica-ford-sao-bernardo-diz-doria\/"]}]},{"@type":"ImageObject","inLanguage":"pt-BR","@id":"https:\/\/www.suno.com.br\/noticias\/caoa-desistiu-fabrica-ford-sao-bernardo-diz-doria\/#primaryimage","url":"https:\/\/files.sunoresearch.com.br\/n\/uploads\/2019\/09\/1f9719a6-ford-caoa-jpg.webp","contentUrl":"https:\/\/files.sunoresearch.com.br\/n\/uploads\/2019\/09\/1f9719a6-ford-caoa-jpg.webp","width":620,"height":413,"caption":"Caoa desistiu de comprar f\u00e1brica da Ford em S\u00e3o Bernardo, diz D\u00f3ria"},{"@type":"BreadcrumbList","@id":"https:\/\/www.suno.com.br\/noticias\/caoa-desistiu-fabrica-ford-sao-bernardo-diz-doria\/#breadcrumb","itemListElement":[{"@type":"ListItem","position":1,"name":"Not\u00edcias","item":"https:\/\/www.suno.com.br\/noticias\/"},{"@type":"ListItem","position":2,"name":"Neg\u00f3cios","item":"https:\/\/www.suno.com.br\/noticias\/negocios\/"},{"@type":"ListItem","position":3,"name":"Caoa desistiu de comprar f\u00e1brica da Ford em S\u00e3o Bernardo, diz Doria"}]},{"@type":"WebSite","@id":"https:\/\/www.suno.com.br\/noticias\/#website","url":"https:\/\/www.suno.com.br\/noticias\/","name":"Suno Not\u00edcias","description":"Seu portal de informa\u00e7\u00e3o sobre o mundo dos investimentos","publisher":{"@id":"https:\/\/www.suno.com.br\/noticias\/#organization"},"potentialAction":[{"@type":"SearchAction","target":{"@type":"EntryPoint","urlTemplate":"https:\/\/www.suno.com.br\/noticias\/?s={search_term_string}"},"query-input":{"@type":"PropertyValueSpecification","valueRequired":true,"valueName":"search_term_string"}}],"inLanguage":"pt-BR"},{"@type":"Organization","@id":"https:\/\/www.suno.com.br\/noticias\/#organization","name":"Suno Not\u00edcias","url":"https:\/\/www.suno.com.br\/noticias\/","logo":{"@type":"ImageObject","inLanguage":"pt-BR","@id":"https:\/\/www.suno.com.br\/noticias\/#\/schema\/logo\/image\/","url":"https:\/\/files.sunoresearch.com.br\/n\/uploads\/2021\/09\/suno-logo.png","contentUrl":"https:\/\/files.sunoresearch.com.br\/n\/uploads\/2021\/09\/suno-logo.png","width":180,"height":180,"caption":"Suno Not\u00edcias"},"image":{"@id":"https:\/\/www.suno.com.br\/noticias\/#\/schema\/logo\/image\/"},"sameAs":["https:\/\/facebook.com\/sunoresearch","https:\/\/x.com\/sunoresearch","https:\/\/www.instagram.com\/suno","https:\/\/www.linkedin.com\/company\/suno-research\/","https:\/\/www.youtube.com\/c\/sunoresearch"]},{"@type":"Person","@id":"https:\/\/www.suno.com.br\/noticias\/#\/schema\/person\/4e19e3d2575736e5283d58eb3199d120","name":"Giovanna Oliveira","image":{"@type":"ImageObject","inLanguage":"pt-BR","@id":"https:\/\/www.suno.com.br\/noticias\/#\/schema\/person\/image\/","url":"https:\/\/secure.gravatar.com\/avatar\/9a37b3ae208962ac568992d0ffdbc2eb?s=96&r=g","contentUrl":"https:\/\/secure.gravatar.com\/avatar\/9a37b3ae208962ac568992d0ffdbc2eb?s=96&r=g","caption":"Giovanna Oliveira"},"description":"Giovanna Oliveira escreve sobre economia e pol\u00edtica. Foi rep\u00f3rter do portal de jornalismo da ESPM-SP e produziu conte\u00fado para a Corinthians TV. \u00c9 estudante da ESPM.","url":"https:\/\/www.suno.com.br\/noticias\/author\/giovanna\/"}]}},"default_loop_html":"<div class=\"cardsPage__listCard__boxs\"><div class=\"cardsPage__listCard__boxs__img\"><a href=\"https:\/\/www.suno.com.br\/noticias\/caoa-desistiu-fabrica-ford-sao-bernardo-diz-doria\/\"><img class=\"mask\" src=\"https:\/\/www.suno.com.br\/noticias\/wp-content\/themes\/suno\/resources\/images\/spotlight\/spotlight1img\/bg-mask.png\" alt=\"Image Mask\"\/><img src=\"https:\/\/files.sunoresearch.com.br\/n\/uploads\/2019\/09\/1f9719a6-ford-caoa-400x200.webp\" alt=\"Caoa desistiu de comprar f\u00e1brica da Ford em S\u00e3o Bernardo, diz Doria\"\/><\/a><span class=\"spotlightCategory\"><a href=\"https:\/\/www.suno.com.br\/noticias\/negocios\/\">Neg\u00f3cios<\/a><\/span><\/div><div class=\"cardsPage__listCard__boxs__content\"><a href=\"https:\/\/www.suno.com.br\/noticias\/caoa-desistiu-fabrica-ford-sao-bernardo-diz-doria\/\"><h2 class=\"content__title\">Caoa desistiu de comprar f\u00e1brica da Ford em S\u00e3o Bernardo, diz Doria<\/h2><\/a><div class=\"newsContent__article__meta\"><div class=\"newsContent__article__meta__authorBox\"><a href=\"https:\/\/www.suno.com.br\/noticias\/author\/giovanna\/\" class=\"authorBox__avatar noMobi\"><img src=\"https:\/\/files.sunoresearch.com.br\/n\/uploads\/2019\/06\/952a89ca-screenshot_20190608-171507-150x150.webp\" alt=\"Giovanna Oliveira\"><\/a><div class=\"authorBox__name\"><span>por\n\t\t\t<a href=\"https:\/\/www.suno.com.br\/noticias\/author\/giovanna\/\"><span itemprop=\"author\">Giovanna Oliveira<\/span><\/a><\/span><time datetime=\"2020-01-13T16:09:09-03:00\" itemprop=\"datePublished\">13\/01\/2020 16:09<\/time><\/div><\/div><\/div><\/div><\/div>","single_layout":"posts","amp_enabled":true,"_links":{"self":[{"href":"https:\/\/www.suno.com.br\/noticias\/wp-json\/wp\/v2\/posts\/49526"}],"collection":[{"href":"https:\/\/www.suno.com.br\/noticias\/wp-json\/wp\/v2\/posts"}],"about":[{"href":"https:\/\/www.suno.com.br\/noticias\/wp-json\/wp\/v2\/types\/post"}],"author":[{"embeddable":true,"href":"https:\/\/www.suno.com.br\/noticias\/wp-json\/wp\/v2\/users\/18"}],"replies":[{"embeddable":true,"href":"https:\/\/www.suno.com.br\/noticias\/wp-json\/wp\/v2\/comments?post=49526"}],"version-history":[{"count":0,"href":"https:\/\/www.suno.com.br\/noticias\/wp-json\/wp\/v2\/posts\/49526\/revisions"}],"wp:featuredmedia":[{"embeddable":true,"href":"https:\/\/www.suno.com.br\/noticias\/wp-json\/wp\/v2\/media\/36347"}],"wp:attachment":[{"href":"https:\/\/www.suno.com.br\/noticias\/wp-json\/wp\/v2\/media?parent=49526"}],"wp:term":[{"taxonomy":"category","embeddable":true,"href":"https:\/\/www.suno.com.br\/noticias\/wp-json\/wp\/v2\/categories?post=49526"},{"taxonomy":"post_tag","embeddable":true,"href":"https:\/\/www.suno.com.br\/noticias\/wp-json\/wp\/v2\/tags?post=49526"},{"taxonomy":"suno_strategy","embeddable":true,"href":"https:\/\/www.suno.com.br\/noticias\/wp-json\/wp\/v2\/suno_strategy?post=49526"}],"curies":[{"name":"wp","href":"https:\/\/api.w.org\/{rel}","templated":true}]}}