{"id":495188,"date":"2023-12-04T22:23:50","date_gmt":"2023-12-05T01:23:50","guid":{"rendered":"https:\/\/www.suno.com.br\/noticias\/?p=495188"},"modified":"2023-12-04T22:24:05","modified_gmt":"2023-12-05T01:24:05","slug":"radar-taesa-taee11-braskem-brkm5-nubank-roxo34","status":"publish","type":"post","link":"https:\/\/www.suno.com.br\/noticias\/radar-taesa-taee11-braskem-brkm5-nubank-roxo34\/","title":{"rendered":"Radar: Taesa (TAEE11) recebe recomenda\u00e7\u00e3o de venda de a\u00e7\u00f5es, Braskem (BRKM5) tenta atenuar preocupa\u00e7\u00f5es sobre Macei\u00f3 e a surpresa do Nubank (ROXO34)"},"content":{"rendered":"<p>Ap\u00f3s investor day da&nbsp;<strong>Taesa<\/strong>&nbsp;(TAEE11), o BTG Pactual manteve recomenda\u00e7\u00e3o de venda para a companhia, com pre\u00e7o-alvo de R$ 34, ante a cota\u00e7\u00e3o atual de R$ 36. Segundo o banco, os leil\u00f5es de transmiss\u00e3o ainda s\u00e3o o principal impulsionador de crescimento da empresa.<\/p>\t<div class=\"wrapper-featured-image\">\n\t\t<figure class=\"spotlightImg\">\n\n\t\t\t<picture>\n\t\t\t\t<source media=\"(max-width: 768px)\" srcset=\"https:\/\/files.sunoresearch.com.br\/n\/uploads\/2023\/12\/Taesa-400x200.jpg\">\n\t\t\t\t<img loading=\"lazy\" decoding=\"async\" class=\"newsContent__article__imgCapa lazyloadDisabled \" src=\"https:\/\/files.sunoresearch.com.br\/n\/uploads\/2023\/12\/Taesa-800x450.jpg\" width=\"800\" height=\"450\" alt=\"Radar: Taesa (TAEE11) recebe recomenda\u00e7\u00e3o de venda de a\u00e7\u00f5es, Braskem (BRKM5) tenta atenuar preocupa\u00e7\u00f5es sobre Macei\u00f3 e a surpresa do Nubank (ROXO34)\" fetchpriority=high \/>\n\t\t\t<\/picture>\n\n\t\t\t<figcaption class=\"wp-caption-text wp-caption-text--show\">Ibovespa. Foto: iStock<\/figcaption>\n\t\t<\/figure>\n\t<\/div>\n\n\n\n\n\n\t<p>\n\t\t<a href=\"https:\/\/lp.suno.com.br\/planilha-da-vida-financeira\/\" target=\"_blank\" data-element=\"shortcode-suno-banner\" title=\"Banner SUNO, clique e saiba mais\">\n\t\t\t<picture>\n\t\t\t\t<source media=\"(max-width: 500px)\" srcset=\"https:\/\/files.sunoresearch.com.br\/n\/uploads\/2023\/04\/400x300-Planilha-vida-financeira-true.png\">\n\t\t\t\t<img class=\"newsContent__article__imgCapa newsContent__article__imgCapa--banner\"\n\t\t\t\t\tsrc=\"https:\/\/files.sunoresearch.com.br\/n\/uploads\/2023\/04\/1420x240-Planilha-vida-financeira-true.png\"\n\t\t\t\t\tdata-promo-id=\"106682\"\t\t\t\t\t\t\t\t\t\twidth='1420' height='240'\t\t\t\t\talt=\"https:\/\/files.sunoresearch.com.br\/n\/uploads\/2023\/04\/1420x240-Planilha-vida-financeira-true.png\"\n\t\t\t\t>\n\t\t\t<\/picture>\n\t\t<\/a>\n\t<\/p>\n\n\n\n\n\n\n\n<p>Contudo, a Taesa informou que n\u00e3o vai participar do&nbsp;<strong>leil\u00e3o de linhas de transmiss\u00e3o<\/strong>&nbsp;realizado pela Ag\u00eancia Nacional de Energia El\u00e9trica (Aneel) em dezembro.&nbsp;\u201cA companhia espera que seja dominado por empresas que j\u00e1 operam linhas de alta voltagem (ou seja, Eletrobras (ELET3) e State Grid)\u201d, diz o BTG.&nbsp;<\/p>\n\n\n\n<p>No investor day, a Taesa informou que iniciou estudos para o leil\u00e3o de mar\u00e7o de 2024, que contar\u00e1 com R$ 18 bilh\u00f5es em<strong>&nbsp;RAP (Receita Anual Permitida)&nbsp;<\/strong>distribu\u00eddos em 15 blocos de tamanhos variados. A competi\u00e7\u00e3o deve ser intensa, segundo o BTG, com cortes m\u00e9dios de 40 a 50% no RAP.<\/p>\n\n\n\n<p>\u201cA administra\u00e7\u00e3o da Taesa acredita que pode garantir bons retornos por meio de uma extensa&nbsp;<a target=\"_blank\" href=\"https:\/\/www.suno.com.br\/artigos\/due-diligence\/\" rel=\"noreferrer noopener\">due diligence<\/a>&nbsp;pr\u00e9-leil\u00e3o, incluindo acordos preliminares com fornecedores, hedge de materiais, mapeamento de sinergias e planejamento ambiental e fundi\u00e1rio\u201d, apontam os analistas.&nbsp;<\/p>\n\n\n\n<p>Em rela\u00e7\u00e3o aos&nbsp;<strong>dividendos da Taesa<\/strong>, a administra\u00e7\u00e3o n\u00e3o planeja alterar a m\u00e9trica da pol\u00edtica da empresa para ganhos regulat\u00f3rios (em compara\u00e7\u00e3o com o IFRS atualmente) e ainda espera que os resultados do Ifiquem parelhos a&nbsp;<a href=\"https:\/\/www.suno.com.br\/artigos\/curto-prazo\/\" target=\"_blank\" rel=\"noreferrer noopener\">curto prazo<\/a>&nbsp;devido \u00e0 normaliza\u00e7\u00e3o do IGP-M. A empresa, diz o BTG, tamb\u00e9m n\u00e3o projeta que as isen\u00e7\u00f5es de&nbsp;<a href=\"https:\/\/www.suno.com.br\/artigos\/entenda-o-jcp\/\" target=\"_blank\" rel=\"noreferrer noopener\">juros sobre capital pr\u00f3prio<\/a>&nbsp;e imposto presumido sejam eliminadas completamente.&nbsp;<\/p>\n\n\n\n<p>Outro ponto destacado \u00e9 que, com R$ 3,5 bilh\u00f5es em capex a serem investidos nos pr\u00f3ximos anos, a Taesa espera atingir uma alavancagem m\u00e1xima de aproximadamente 4x no final deste ano, em compara\u00e7\u00e3o com 3,7x no 3T23.&nbsp;<\/p>\n\n\n\n<p>Al\u00e9m de Taesa, confira outros destaques desta segunda-feira:<\/p>\n\n\n\n<h2 class=\"wp-block-heading\">Braskem (BRKM5) tenta atenuar preocupa\u00e7\u00f5es sobre Macei\u00f3 e diz que \u201csolo vem se acomodando\u201d<\/h2>\n\n\n\n<ul class=\"wp-block-list\">\n<li>O presidente da&nbsp;<strong>Braskem<\/strong>&nbsp;(<a href=\"https:\/\/www.suno.com.br\/acoes\/brkm5\/\">BRKM5<\/a>), Roberto Bischoff, afirmou nesta segunda-feira (4) que a petroqu\u00edmica tem feito esfor\u00e7os consistentes para minimizar os impactos ambientais provocados pelo afundamento do solo em Macei\u00f3 (AL).<\/li>\n<\/ul>\n\n\n\n<ul class=\"wp-block-list\">\n<li>Em situa\u00e7\u00e3o de emerg\u00eancia desde a \u00faltima quarta-feira (29), a cidade de Macei\u00f3 vive um clima de espera, afli\u00e7\u00e3o e revolta por causa da possibilidade de colapso de uma mina de sal-gema da&nbsp;<strong>petroqu\u00edmica Braskem<\/strong>, no bairro do Mutange. \u00c9 mais um cap\u00edtulo de uma hist\u00f3ria que se arrasta desde 2018, quando foram registrados afundamentos em cinco bairros. Estima-se que cerca de 60 mil residentes tiveram que se mudar do local e deixar para tr\u00e1s os seus im\u00f3veis.<\/li>\n<\/ul>\n\n\n\n<ul class=\"wp-block-list\">\n<li>Roberto Bischoff,<strong>&nbsp;CEO da Braskem<\/strong>, disse que a empresa identificou a acelera\u00e7\u00e3o da instabilidade na regi\u00e3o em novembro, a partir de um relat\u00f3rio interno. Em seguida, compartilhou informa\u00e7\u00f5es com as autoridades.<\/li>\n<\/ul>\n\n\n\n<ul class=\"wp-block-list\">\n<li>O risco de colapso em uma das&nbsp;<strong>35 minas da Braskem<\/strong>&nbsp;vem sendo monitorado pela&nbsp;<strong>Defesa Civil de Macei\u00f3<\/strong>&nbsp;e foi detectado devido ao avan\u00e7o no afundamento do solo. Ontem (3), houve uma diminui\u00e7\u00e3o no ritmo, que passou para 0,3 cent\u00edmetro (cm) por hora. Pela manh\u00e3, esse n\u00famero era de 0,7 cm. Nas \u00faltimas 24 horas, o afundamento foi de 7,4 cm. Desde ter\u00e7a-feira (28), a mina 18 acumula 1,69 metro de afundamento.<\/li>\n<\/ul>\n\n\n\n<ul class=\"wp-block-list\">\n<li>Nesta segunda-feira, novo boletim da&nbsp;<strong>Defesa Civil<\/strong>&nbsp;informa que o deslocamento vertical acumulado da mina 18 \u00e9 de 1,77 m, e a velocidade vertical reduziu-se para 0,25 cm por hora, apresentando um movimento de 6 cm nas \u00faltimas 24 horas.<\/li>\n<\/ul>\n\n\n\n<ul class=\"wp-block-list\">\n<li>O coordenador da Defesa Civil de Macei\u00f3, Abelardo Nobre, em entrevista \u00e0&nbsp;<strong>Ag\u00eancia Brasil<\/strong>, destacou que as \u00e1reas que podem ser mais afetadas j\u00e1 foram evacuadas, e que o \u00f3rg\u00e3o trabalha com um cen\u00e1rio mais brando, de afundamento lento e sem ruptura total, e um cen\u00e1rio de ruptura, com possibilidade de formar uma cratera. A Defesa Civil descarta a possibilidade de que a \u00e1gua nas minas esteja \u201cvazando\u201d para a Lagoa do Munda\u00fa.<\/li>\n<\/ul>\n\n\n\n<ul class=\"wp-block-list\">\n<li>Nobre lembrou que esse \u00e9 um cen\u00e1rio in\u00e9dito no pa\u00eds, mas que a Defesa Civil teve tempo para se preparar e conta com o aux\u00edlio de t\u00e9cnicos da Defesa Civil Nacional. Ele evitou ainda falar sobre a responsabilidade da Braskem na trag\u00e9dia.<\/li>\n<\/ul>\n\n\n\n<ul class=\"wp-block-list\">\n<li>\u201cPercebemos a partir de um monitoramento que realizamos uma mudan\u00e7a no comportamento do solo e imediatamente informamos \u00e0s autoridades. O bairro j\u00e1 estava desocupado, quem estava na regi\u00e3o eram apenas as equipes da Braskem e 23 fam\u00edlias resistentes que n\u00e3o haviam deixado o local, mas foram retiradas ap\u00f3s ordem judicial\u201d, afirmou Bischoff durante o 28\u00ba Encontro Anual da Ind\u00fastria Qu\u00edmica (Enaiq), evento tradicional do setor qu\u00edmico promovido pela Associa\u00e7\u00e3o Brasileira de Ind\u00fastrias Qu\u00edmica (Abiquim).<\/li>\n<\/ul>\n\n\n\n<ul class=\"wp-block-list\">\n<li>O executivo afirmou que decidiu falar sobre o<strong>&nbsp;colapso em Macei\u00f3<\/strong>&nbsp;durante a realiza\u00e7\u00e3o do evento em fun\u00e7\u00e3o de, segundo ele, haver uma grande quantidade de informa\u00e7\u00f5es veiculadas nas redes sociais e que \u201cn\u00e3o necessariamente s\u00e3o precisas\u201d. Completou: \u201cTemos bons indicativos de que o solo vem se acomodando.\u201d<\/li>\n<\/ul>\n\n\n\n<ul class=\"wp-block-list\">\n<li>Bischoff disse ainda que nos \u00faltimos quatro anos foram realocadas 40 mil pessoas em 14,5 mil im\u00f3veis e mais de 97% das propostas de indeniza\u00e7\u00e3o foram aceitas e pagas por meio do Programa de Compensa\u00e7\u00e3o Financeira (PCF).<\/li>\n<\/ul>\n\n\n\n<h2 class=\"wp-block-heading\">Entenda a \u2018grande surpresa\u2019 do Nubank (ROXO34) citada pelo BTG<\/h2>\n\n\n\n<ul class=\"wp-block-list\">\n<li>Em novo relat\u00f3rio sobre o&nbsp;<strong>Nubank<\/strong>&nbsp;(<a href=\"https:\/\/statusinvest.com.br\/bdrs\/roxo34?__hstc=189907700.c1f3c9ab7ffb3c38503f5bb6ce5c5b34.1698883094709.1701532767690.1701732858202.43&amp;__hssc=189907700.8.1701732858202&amp;__hsfp=2804396115\" target=\"_blank\" rel=\"noreferrer noopener\">ROXO34<\/a>), os analistas da research do BTG Pactual destacaram que foi uma \u2018grande surpresa\u2019 com o desempenho dos pap\u00e9is do banco listados na NYSE.<\/li>\n<\/ul>\n\n\n\n<ul class=\"wp-block-list\">\n<li>Segundo os especialistas da casa, a surpresa \u00e9 pelo fato de que, apesar de no acumulado de 2023 as&nbsp;<strong>a\u00e7\u00f5es do Nubank<\/strong>&nbsp;terem dobrado de pre\u00e7o, elas ficaram com uma performance abaixo da m\u00e9dia nas \u00faltimas semanas \u2013 per\u00edodo em que ativos de risco subiram no mundo todo.<\/li>\n<\/ul>\n\n\n\n<ul class=\"wp-block-list\">\n<li>Nessa janela, o Ibovespa subiu 12,5% e a Nasdaq avan\u00e7ou 11%, e ativos comparados com o&nbsp;<strong>banco digital<\/strong>&nbsp;tamb\u00e9m tiveram altas relevantes, incluindo 15% de avan\u00e7o nos pap\u00e9is do Inter (INBR32) e 57% de alta nos pap\u00e9is da Stone (<a href=\"https:\/\/www.suno.com.br\/bdrs\/stoc31\/\" target=\"_blank\" rel=\"noreferrer noopener\">STOC31<\/a>).<\/li>\n<\/ul>\n\n\n\n<ul class=\"wp-block-list\">\n<li>Segundo o&nbsp;<strong>BTG<\/strong>, as poss\u00edveis explica\u00e7\u00f5es para isso s\u00e3o:<\/li>\n<\/ul>\n\n\n\n<ul class=\"wp-block-list\">\n<li>Expectativas do investidor j\u00e1 estavam muito altos e acima do sell-side<\/li>\n\n\n\n<li>Desvaloriza\u00e7\u00e3o do Real atrapalhou o n\u00fameros e muitos investidores temiam uma desacelera\u00e7\u00e3o do crescimento (o que n\u00e3o aconteceu)<\/li>\n\n\n\n<li>Houve pequenas altera\u00e7\u00f5es na forma como eles relatam alguns dados<\/li>\n\n\n\n<li>\u2018Fa\u00edscas de preocupa\u00e7\u00e3o\u2019 por conta da press\u00e3o vendedora de investidores de Venture Capital ou Private Equity<\/li>\n<\/ul>\n\n\n\n<ul class=\"wp-block-list\">\n<li>Dito isso, o time de research do banco destaca que o problema foi o fato de que as expectativas dos investidores para com a empresa eram extremamente altas.<\/li>\n<\/ul>\n\n\n\n<ul class=\"wp-block-list\">\n<li>\u201cNo in\u00edcio desta semana, realizamos nossa terceira pesquisa com investidores e encontramos conclus\u00f5es interessantes sobre a companhia, que agora \u00e9 a quarta escolha dos investidores, atr\u00e1s de Ita\u00fa, XP e BTG Pactual\u201d, relata o BTG.<\/li>\n<\/ul>\n\n\n\n<ul class=\"wp-block-list\">\n<li>\u201cEm linha com a \u00faltima pesquisa, 34% disseram possuir a\u00e7\u00f5es da&nbsp;<strong>fintech<\/strong>, 26% est\u00e3o pensando em comprar as a\u00e7\u00f5es e 41% n\u00e3o. A maioria dos investidores (31%) espera que a sua capitaliza\u00e7\u00e3o de mercado seja de US$ 45-60 bilh\u00f5es daqui a tr\u00eas anos (vs. US$ 30-50 bilh\u00f5es na \u00faltima pesquisa), e 26% esperam US$ 60-75 bilh\u00f5es\u201d, segue.<\/li>\n<\/ul>\n\n\n\t<p>\n\t\t<a href=\"https:\/\/lp.suno.com.br\/ebook-como-analisar-uma-acao\/\" target=\"_blank\" data-element=\"shortcode-suno-banner\" title=\"Banner SUNO, clique e saiba mais\">\n\t\t\t<picture>\n\t\t\t\t<source media=\"(max-width: 500px)\" srcset=\"https:\/\/files.sunoresearch.com.br\/n\/uploads\/2023\/03\/Ebook-Acoes-Mobile.jpg\">\n\t\t\t\t<img class=\"newsContent__article__imgCapa newsContent__article__imgCapa--banner\"\n\t\t\t\t\tsrc=\"https:\/\/files.sunoresearch.com.br\/n\/uploads\/2023\/03\/Ebook-Acoes-Desktop.jpg\"\n\t\t\t\t\tdata-promo-id=\"378302\"\t\t\t\t\t\t\t\t\t\twidth='1420' height='286'\t\t\t\t\talt=\"https:\/\/files.sunoresearch.com.br\/n\/uploads\/2023\/03\/Ebook-Acoes-Desktop.jpg\"\n\t\t\t\t>\n\t\t\t<\/picture>\n\t\t<\/a>\n\t<\/p>\n\n\n\n\n\n<h2 class=\"wp-block-heading\">Eletrobras (ELET3) anuncia venda de SPEs para fundos da P\u00e1tria Investimentos<\/h2>\n\n\n\n<ul class=\"wp-block-list\">\n<li>A<strong>&nbsp;<a href=\"https:\/\/www.suno.com.br\/acoes\/ELET3\/\" target=\"_blank\" rel=\"noreferrer noopener\">Eletrobras<\/a><\/strong><a href=\"https:\/\/www.suno.com.br\/acoes\/ELET3\/\" target=\"_blank\" rel=\"noreferrer noopener\">&nbsp;(ELET3)<\/a>&nbsp;assinou um novo acordo para vender 49% do capital social das Sociedades de Prop\u00f3sito Espec\u00edfico (SPEs) Chapada do Piau\u00ed I Holding e Chapada do Piau\u00ed II Holding.<\/li>\n<\/ul>\n\n\n\n<ul class=\"wp-block-list\">\n<li>Conforme anunciado nesta segunda-feira (4), o&nbsp;<strong>acordo da Eletrobras<\/strong>&nbsp;foi assinado com a Infraestrutura Brasil Holding XX, uma companhia controlada por fundos gerenciados pela P\u00e1tria Investimentos.<\/li>\n<\/ul>\n\n\n\n<ul class=\"wp-block-list\">\n<li>O comunicado aponta que as participa\u00e7\u00f5es nos ativos contabilizavam R$ 222 milh\u00f5es no terceiro trimestre de 2023 (3T23). No ano de 2022, eles trouxeram um preju\u00edzo por&nbsp;<a href=\"https:\/\/www.suno.com.br\/artigos\/equivalencia-patrimonial\/\" target=\"_blank\" rel=\"noreferrer noopener\">equival\u00eancia patrimonial<\/a>&nbsp;de R$ 9,8 milh\u00f5es.<\/li>\n<\/ul>\n\n\n\n<ul class=\"wp-block-list\">\n<li>A Eletrobras diz que as outras caracter\u00edsticas dessa transa\u00e7\u00e3o est\u00e3o cobertas por cl\u00e1usulas de confidencialidade.<\/li>\n<\/ul>\n\n\n\n<ul class=\"wp-block-list\">\n<li>Depois da avalia\u00e7\u00e3o de seu portf\u00f3lio e da verifica\u00e7\u00e3o da proposta feita pela&nbsp;<strong>P\u00e1tria Investimentos<\/strong>, a Eletrobras optou por confirmar a venda dos ativos por meio de seu exerc\u00edcio de direito de venda conjunta (<a href=\"https:\/\/www.suno.com.br\/artigos\/tag-along\/\" target=\"_blank\" rel=\"noreferrer noopener\">tag along<\/a>), conforme os termos estabelecidos entre a Eletrobras e a ContourGlobal, s\u00f3cia majorit\u00e1ria das sociedades.<\/li>\n<\/ul>\n\n\n\n<ul class=\"wp-block-list\">\n<li>Segundo a Eletrobras, essa decis\u00e3o foi tomada na busca pela \u201cotimiza\u00e7\u00e3o de sua aloca\u00e7\u00e3o de capital\u201d.<\/li>\n<\/ul>\n\n\n\n<ul class=\"wp-block-list\">\n<li>Existem 15 Sociedades de Prop\u00f3sito Espec\u00edfico (SPEs) na composi\u00e7\u00e3o dos complexos e\u00f3licos. Al\u00e9m disso, eles contam com uma&nbsp;<a href=\"https:\/\/www.suno.com.br\/artigos\/capacidade-instalada\/\" target=\"_blank\" rel=\"noreferrer noopener\">capacidade instalada<\/a>&nbsp;de 377,5 megawatts (MW). Esses complexos est\u00e3o localizados no estado do Piau\u00ed.<\/li>\n<\/ul>\n\n\n\n<ul class=\"wp-block-list\">\n<li>Embora tenha comunicado o fechamento do&nbsp;<strong>acordo de venda<\/strong>, a co0mpanhia pondera que a conclus\u00e3o dessa transa\u00e7\u00e3o ainda est\u00e1 sujeita a condi\u00e7\u00f5es precedentes usuais.<\/li>\n<\/ul>\n\n\n\n<ul class=\"wp-block-list\">\n<li>\u201cA opera\u00e7\u00e3o refor\u00e7a o compromisso da Eletrobras com a otimiza\u00e7\u00e3o de participa\u00e7\u00f5es minorit\u00e1rias, seguindo a disciplina de capital, e simplifica\u00e7\u00e3o de sua estrutura conforme previsto em seu Plano Estrat\u00e9gico\u201d, conclui o comunicado.<\/li>\n<\/ul>\n\n\n\n<h2 class=\"wp-block-heading\">Gol (GOLL4): a\u00e7\u00f5es tombam no Ibovespa nesta segunda-feira; saiba por qu\u00ea<\/h2>\n\n\n\n<ul class=\"wp-block-list\">\n<li>As a\u00e7\u00f5es da&nbsp;<strong>Gol<\/strong>&nbsp;(<a href=\"https:\/\/www.suno.com.br\/acoes\/goll4\" target=\"_blank\" rel=\"noreferrer noopener\">GOLL4<\/a>) despencaram nesta segunda-feira (4) no Ibovespa, liderando as quedas do \u00edndice, com o mercado repercutindo a not\u00edcia de que a a\u00e9rea contratou a Seabury Capital para auxiliar a empresa em uma \u201campla revis\u00e3o\u201d de sua&nbsp;<a href=\"https:\/\/www.suno.com.br\/artigos\/indicadores-estrutura-capital\/\">estrutura de capital<\/a>.<\/li>\n<\/ul>\n\n\n\n<ul class=\"wp-block-list\">\n<li>No fechamento, as&nbsp;<strong>a\u00e7\u00f5es preferenciais de Gol<\/strong>&nbsp;(GOLL4) ca\u00edram 8,52%, cotadas a R$ 8,36. O Ibovespa fechou em queda de 1,08%, aos 126.802,79 pontos.<\/li>\n<\/ul>\n\n\n\n<ul class=\"wp-block-list\">\n<li>Na \u00faltima sexta-feira (4), a Gol anunciou que contratou a&nbsp;<strong>Seabury Capital<\/strong>&nbsp;para auxiliar a empresa \u201cem uma ampla revis\u00e3o de sua estrutura de capital, que inclui a gest\u00e3o de passivos, transa\u00e7\u00f5es financeiras e outras medidas para melhorar a liquidez da companhia a\u00e9rea, ao mesmo tempo em que ajusta a frota de curto e m\u00e9dio prazo, assim como outras obriga\u00e7\u00f5es financeiras\u201d.<\/li>\n<\/ul>\n\n\n\n<ul class=\"wp-block-list\">\n<li>A Gol informou ainda que, \u201ccomo parte desse contrato, a Seabury, trabalhando em conjunto com a&nbsp;<strong>Skyworks<\/strong>, prosseguir\u00e1 com as negocia\u00e7\u00f5es em andamento com seus arrendadores de aeronaves com o objetivo de alcan\u00e7ar uma reestrutura\u00e7\u00e3o consensual abrangente das obriga\u00e7\u00f5es da frota da companhia\u201d.<\/li>\n<\/ul>\n\n\n\n<ul class=\"wp-block-list\">\n<li>Em relat\u00f3rio, o&nbsp;<strong>Goldman Sachs<\/strong>&nbsp;(<a href=\"https:\/\/www.suno.com.br\/bdrs\/gsgi34\/\">GSGI34<\/a>) afirmou que, embora n\u00e3o tenha uma opini\u00e3o sobre o resultado potencial dessas renegocia\u00e7\u00f5es, acredita que esse an\u00fancio poder\u00e1 ser o primeiro passo para uma ampla reorganiza\u00e7\u00e3o das obriga\u00e7\u00f5es com os arrendadores e outros fornecedores, o que poderia potencialmente aliviar a press\u00e3o sobre o balan\u00e7o no&nbsp;<a href=\"https:\/\/www.suno.com.br\/artigos\/curto-prazo\/\">curto prazo<\/a>.<\/li>\n<\/ul>\n\n\n\n<ul class=\"wp-block-list\">\n<li>\u201cPara refer\u00eancia, a Gol reportou liquidez no&nbsp;<strong>resultado do 3T23<\/strong>&nbsp;de R$ 994 milh\u00f5es (incluindo caixa, investimentos de curto prazo, caixa restrito), que se compara \u00e0 d\u00edvida de curto prazo (empr\u00e9stimos e financiamentos correntes) de R$ 1,2 bilh\u00e3o\u201d, apontaram os analistas Bruno Amorin, Jo\u00e3o Frizo e Guilherme Martins.<\/li>\n<\/ul>\n\n\n\n<ul class=\"wp-block-list\">\n<li>Tamb\u00e9m em relat\u00f3rio divulgado pelo Estad\u00e3o, os analistas Stephen Trent, Jay Singh e Filipe Nielsen, do&nbsp;<strong>Citi<\/strong>, pontuaram que \u201ceste an\u00fancio tamb\u00e9m parece aprofundar o que j\u00e1 parece ser uma trajet\u00f3ria de dif\u00edcil compreens\u00e3o para os acionistas minorit\u00e1rios da Gol\u201d.<\/li>\n<\/ul>\n\n\n\n<ul class=\"wp-block-list\">\n<li>Eles mencionam que, no final de setembro, o caixa e equivalentes da empresa eram de R$ 905 milh\u00f5es, contra R$ 3 bilh\u00f5es de empr\u00e9stimos para o curto prazo.<\/li>\n<\/ul>\n\n\n\n<ul class=\"wp-block-list\">\n<li>O Citi tem recomenda\u00e7\u00e3o de venda, sinalizando alto risco, para a a\u00e9rea, com pre\u00e7o-alvo a US$ 3 para a&nbsp;<strong>a\u00e7\u00e3o da Gol<\/strong>&nbsp;negociada em Nova York.<\/li>\n<\/ul>\n\n\n\n<ul class=\"wp-block-list\">\n<li>\u201cO mercado entendeu que a Gol ainda enfrenta desafios relevantes. \u00c9 um cen\u00e1rio complicado \u00e0 frente para a companhia que j\u00e1 vinha numa toada dif\u00edcil\u201d, destacou F\u00e1bio Lemos, s\u00f3cio da Fatorial Investimentos.<\/li>\n<\/ul>\n\n\n\n<h2 class=\"wp-block-heading\">Americanas (AMER3): Safra questiona plano de recupera\u00e7\u00e3o judicial e fala em tentativas de fraude; a\u00e7\u00e3o cai<\/h2>\n\n\n\n<ul class=\"wp-block-list\">\n<li>O Banco Safra, que n\u00e3o assinou o acordo firmado entre&nbsp;<a href=\"https:\/\/www.suno.com.br\/acoes\/amer3\/\">Americanas (AMER3)<\/a>&nbsp;e banco credores em novembro, partiu novamente ao ataque e questiona a legalidade do&nbsp;<a href=\"https:\/\/www.suno.com.br\/artigos\/plano-de-recuperacao\/\" target=\"_blank\" rel=\"noreferrer noopener\">plano de recupera\u00e7\u00e3o judicial<\/a>&nbsp;(PRJ) da rede de varejo. Em peti\u00e7\u00e3o de 44 p\u00e1ginas nesta segunda-feira, 4, na Justi\u00e7a, obtida pelo&nbsp;<em>Broadcast<\/em>&nbsp;(sistema de not\u00edcias em tempo real do Grupo Estado), o banco pede a anula\u00e7\u00e3o do plano e fala que o acordo com credores tem cinco tentativas de fraude.<\/li>\n<\/ul>\n\n\n\n<ul class=\"wp-block-list\">\n<li>O questionamento do Banco Safra na Justi\u00e7a repercutiu entre investidores e a a\u00e7\u00e3o da varejista aumentou perdas na Bolsa, caindo 1,08%, a R$ 0,92%.<\/li>\n<\/ul>\n\n\n\n<ul class=\"wp-block-list\">\n<li>O&nbsp;<strong>plano de recupera\u00e7\u00e3o judicial da Americanas<\/strong>&nbsp;\u201cencobre il\u00edcitos civis, cont\u00e1beis e criminais\u201d, destaca a peti\u00e7\u00e3o dos advogados do&nbsp;<strong>Safra<\/strong>, que tem R$ 2,5 bilh\u00f5es a receber do grupo varejista. Para os advogados, o objetivo claro da Americanas, ao fazer uma \u201ccorrida\u201d e tentar aprovar \u201ca f\u00f3rceps\u201d o plano no \u201cencerrar das luzes de 2023\u201d se d\u00e1 pela busca de benef\u00edcios tribut\u00e1rios exclusivos, para a pr\u00f3pria rede de varejo e \u201c<a href=\"https:\/\/www.suno.com.br\/artigos\/instituicoes-financeiras\/\" target=\"_blank\" rel=\"noreferrer noopener\">institui\u00e7\u00f5es financeiras<\/a>&nbsp;coniventes com a fraude\u201d. A assembleia de credores est\u00e1 marcada para o dia 19 deste m\u00eas.<\/li>\n<\/ul>\n\n\n\n<ul class=\"wp-block-list\">\n<li>Na peti\u00e7\u00e3o, os&nbsp;<strong>advogados do Safra<\/strong>&nbsp;questionam \u201cgraves ilegalidades\u201d e argumentam que elas podem anular todo o PRJ da Americanas. Neste ponto, mencionam cinco tentativa de fraudes encobertas no acordo firmado entre os credores \u2013&nbsp;<a href=\"https:\/\/www.suno.com.br\/acoes\/BBDC4\/\" target=\"_blank\" rel=\"noreferrer noopener\">Bradesco (BBDC4)<\/a>,&nbsp;<a href=\"https:\/\/www.suno.com.br\/acoes\/SANB11\/\" target=\"_blank\" rel=\"noreferrer noopener\">Santander (SANB11)<\/a>,&nbsp;<a href=\"https:\/\/www.suno.com.br\/acoes\/BPAC11\/\" target=\"_blank\" rel=\"noreferrer noopener\">BTG Pactual (BPAC11)<\/a>&nbsp;e&nbsp;<a href=\"https:\/\/www.suno.com.br\/acoes\/ITUB4\/\" target=\"_blank\" rel=\"noreferrer noopener\">Ita\u00fa Unibanco (ITUB4)<\/a>.<\/li>\n<\/ul>\n\n\n\n<ul class=\"wp-block-list\">\n<li>Uma das tentativas de fraude \u00e9 o compromisso que os bancos firmaram no acordo de n\u00e3o litigar contra a varejista e os&nbsp;<strong>acionistas de refer\u00eancia da Americanas<\/strong>&nbsp;\u2013 Paulo Lemann, Marcel Telles e Carlos Alberto Sicupira. Os advogados do Safra argumentam que os credores precisaram renunciar aos seus direitos constitucionais para fazerem jus \u00e0 op\u00e7\u00e3o de pagamento, o que, al\u00e9m de ser uma \u201ccoa\u00e7\u00e3o\u201d, \u00e9 ilegal, pois \u00e9 garantido pela Constitui\u00e7\u00e3o o direito \u00e0 a\u00e7\u00e3o na Justi\u00e7a. \u201cNada mais absurdo\u201d, conclui o texto.<\/li>\n<\/ul>\n\n\n\n<p>Da Taesa ao Nubank, essas foram as empresas que se destacaram hoje. Para ler todas as mat\u00e9rias&nbsp;<strong><a href=\"https:\/\/www.suno.com.br\/noticias\/todos\/?utm_content=XYOE2ItQuUY.20201113&amp;utm_campaign=Track%2B&amp;utm_medium=video&amp;utm_source=telegram.sunoresearch\" target=\"_blank\" rel=\"noreferrer noopener\">clique aqui<\/a><\/strong>.<a href=\"https:\/\/lp.suno.com.br\/cl\/black-friday-suno-2023\/?_fs=16412753060-15131594205&amp;_fsRef=https%3A%2F%2Fwww.suno.com.br%2Fnoticias%2Fradar-caixa-seguridade-cxse3-itausa-itsa4-pao-de-acucar-pcar3%2F\" target=\"_blank\" rel=\"noreferrer noopener\"><\/a><a href=\"https:\/\/lp.suno.com.br\/cl\/black-friday-suno-2023\/?_fs=16412753060-15131594205&amp;_fsRef=https%3A%2F%2Fwww.suno.com.br%2Fnoticias%2Fcopel-cple6-xp-reitera-recomendacao-compra-va%2F\" target=\"_blank\" rel=\"noreferrer noopener\"><\/a><a href=\"https:\/\/lp.suno.com.br\/cl\/black-friday-suno-2023\/?_fs=16412753060-15131594205&amp;_fsRef=https%3A%2F%2Fwww.suno.com.br%2Fnoticias%2Fradar-magazine-luiza-mglu3-oi-oibr3-copel-cple6%2F\" target=\"_blank\" rel=\"noreferrer noopener\"><\/a><a href=\"https:\/\/lp.suno.com.br\/cl\/black-friday-suno-2023\/?_fs=16412753060-15131594205&amp;_fsRef=https%3A%2F%2Fwww.suno.com.br%2Fnoticias%2Fradar-irb-brasil-irbr3-klabin-klbn11-telefonica-vivt3%2F\" target=\"_blank\" rel=\"noreferrer noopener\"><\/a><a href=\"https:\/\/lp.suno.com.br\/cl\/black-friday-suno-2023\/?_fs=16439326504-15158167008&amp;_fsRef=https%3A%2F%2Fwww.suno.com.br%2Fnoticias%2Fradar-itausa-itsa4-brasilagro-agro3-weg-wege3%2F\" target=\"_blank\" rel=\"noreferrer noopener\"><\/a><a href=\"https:\/\/lp.suno.com.br\/cl\/black-friday-suno-2023\/?_fs=16439326504-15158167008&amp;_fsRef=https%3A%2F%2Fwww.suno.com.br%2Fnoticias%2Fradar-boa-safra-soja3-neoenergia-neoe3-kabin-klbn11%2F\" target=\"_blank\" rel=\"noreferrer noopener\"><\/a><a href=\"https:\/\/lp.suno.com.br\/cl\/black-friday-suno-2023\/?_fs=16439326504-15158167008&amp;_fsRef=https%3A%2F%2Fwww.suno.com.br%2Fnoticias%2Fsuzano-suzb3-3t23-reverte-lucro-prejuizo%2F\" target=\"_blank\" rel=\"noreferrer noopener\"><\/a><a href=\"https:\/\/lp.suno.com.br\/cl\/black-friday-suno-2023\/?_fs=16414994788-15133835730&amp;_fsRef=https%3A%2F%2Fwww.suno.com.br%2Fnoticias%2Fradar-vale-vale3-petrobras-petr4-lojas-marisa-amar3%2F\" target=\"_blank\" rel=\"noreferrer noopener\"><\/a><a href=\"https:\/\/lp.suno.com.br\/cl\/black-friday-suno-2023\/?_fs=16499472459-15218305374&amp;_fsRef=https%3A%2F%2Fwww.suno.com.br%2Fnoticias%2Fradar-engie-egie3-eletrobras-elet3-isa-cteep-trpl4-b3-b3sa3%2F\" target=\"_blank\" rel=\"noreferrer noopener\"><\/a><a href=\"https:\/\/lp.suno.com.br\/cl\/black-friday-suno-2023\/?_fs=16500193927-15219026842&amp;_fsRef=https%3A%2F%2Fwww.suno.com.br%2Fnoticias%2Fradar-prio-prio3-bradespar-brap4-bradesco-bbdc4%2F\" target=\"_blank\" rel=\"noreferrer noopener\"><\/a><a href=\"https:\/\/lp.suno.com.br\/cl\/black-friday-suno-2023\/?_fs=16500193927-15219026842&amp;_fsRef=https%3A%2F%2Fwww.suno.com.br%2Fnoticias%2Fradar-banco-do-brasil-bbas3-ceb-cebr3-cielo-ciel3%2F\" target=\"_blank\" rel=\"noreferrer noopener\"><\/a><a href=\"https:\/\/lp.suno.com.br\/pv\/black-friday-2023\/\" target=\"_blank\" rel=\"noreferrer noopener\"><\/a><a href=\"https:\/\/lp.suno.com.br\/pv\/black-friday-2023\/\" target=\"_blank\" rel=\"noreferrer noopener\"><\/a><a href=\"https:\/\/lp.suno.com.br\/pv\/black-friday-2023\/\" target=\"_blank\" rel=\"noreferrer noopener\"><\/a><a href=\"https:\/\/lp.suno.com.br\/pv\/black-friday-2023\/\" target=\"_blank\" rel=\"noreferrer noopener\"><\/a><a href=\"https:\/\/lp.suno.com.br\/pv\/black-friday-2023\/\" target=\"_blank\" rel=\"noreferrer noopener\"><\/a><a href=\"https:\/\/lp.suno.com.br\/pv\/black-friday-2023\/\" target=\"_blank\" rel=\"noreferrer noopener\"><\/a><a href=\"https:\/\/lp.suno.com.br\/pv\/black-friday-2023\/\" target=\"_blank\" rel=\"noreferrer noopener\"><\/a><a href=\"https:\/\/lp.suno.com.br\/planilha-da-vida-financeira\/\" target=\"_blank\" rel=\"noreferrer noopener\"><\/a><a href=\"https:\/\/lp.suno.com.br\/pv\/black-friday-2023\/\" target=\"_blank\" rel=\"noreferrer noopener\"><\/a><a href=\"https:\/\/lp.suno.com.br\/pv\/black-friday-2023\/\" target=\"_blank\" rel=\"noreferrer noopener\"><\/a><a href=\"https:\/\/lp.suno.com.br\/pv\/black-friday-2023\/\" target=\"_blank\" rel=\"noreferrer noopener\"><\/a><a href=\"https:\/\/lp.suno.com.br\/pv\/black-friday-2023\/\" target=\"_blank\" rel=\"noreferrer noopener\"><\/a><a href=\"https:\/\/lp.suno.com.br\/pv\/black-friday-2023\/\" target=\"_blank\" rel=\"noreferrer noopener\"><\/a><a href=\"https:\/\/lp.suno.com.br\/planilha-da-vida-financeira\/\" target=\"_blank\" rel=\"noreferrer noopener\"><\/a><a href=\"https:\/\/lp.suno.com.br\/planilha-da-vida-financeira\/\" target=\"_blank\" rel=\"noreferrer noopener\"><\/a><a href=\"https:\/\/lp.suno.com.br\/planilha-da-vida-financeira\/\" target=\"_blank\" rel=\"noreferrer noopener\"><\/a><a href=\"https:\/\/lp.suno.com.br\/planilha-da-vida-financeira\/\" target=\"_blank\" rel=\"noreferrer noopener\"><\/a><a href=\"https:\/\/lp.suno.com.br\/planilha-da-vida-financeira\/\" target=\"_blank\" rel=\"noreferrer noopener\"><\/a><a href=\"https:\/\/lp.suno.com.br\/pv\/sr-premium\/trial-1-real\/\" target=\"_blank\" rel=\"noreferrer noopener\"><\/a><\/p>\n\n\n\t<p>\n\t\t<a href=\"https:\/\/lp.suno.com.br\/planilha-da-vida-financeira\/\" target=\"_blank\" data-element=\"shortcode-suno-banner\" title=\"Banner SUNO, clique e saiba mais\">\n\t\t\t<picture>\n\t\t\t\t<source media=\"(max-width: 500px)\" srcset=\"https:\/\/files.sunoresearch.com.br\/n\/uploads\/2023\/04\/400x300-Planilha-vida-financeira-true.png\">\n\t\t\t\t<img class=\"newsContent__article__imgCapa newsContent__article__imgCapa--banner\"\n\t\t\t\t\tsrc=\"https:\/\/files.sunoresearch.com.br\/n\/uploads\/2023\/04\/1420x240-Planilha-vida-financeira-true.png\"\n\t\t\t\t\tdata-promo-id=\"383123\"\t\t\t\t\t\t\t\t\t\twidth='1420' height='240'\t\t\t\t\talt=\"https:\/\/files.sunoresearch.com.br\/n\/uploads\/2023\/04\/1420x240-Planilha-vida-financeira-true.png\"\n\t\t\t\t>\n\t\t\t<\/picture>\n\t\t<\/a>\n\t<\/p>\n\n\n","protected":false},"excerpt":{"rendered":"<p>Ap\u00f3s investor day da&nbsp;Taesa&nbsp;(TAEE11), o BTG Pactual manteve recomenda\u00e7\u00e3o de venda para a companhia, com pre\u00e7o-alvo de R$ 34, ante a cota\u00e7\u00e3o atual de R$ 36. Segundo o banco, os leil\u00f5es de transmiss\u00e3o ainda s\u00e3o o principal impulsionador de crescimento da empresa. Ibovespa. Foto: iStock Contudo, a Taesa informou que n\u00e3o vai participar do&nbsp;leil\u00e3o de [&hellip;]<\/p>\n","protected":false},"author":227,"featured_media":495167,"comment_status":"closed","ping_status":"closed","sticky":false,"template":"","format":"standard","meta":[],"categories":[64],"tags":[106605,395,455,489,107135,649],"suno_strategy":[],"class_list":["post-495188","post","type-post","status-publish","format-standard","has-post-thumbnail","hentry","category-negocios","tag-americanas-s-a-amer3","tag-braskem-brkm3-brkm5-brkm6","tag-eletrobras-elet3-elet5-elet6","tag-gol-linhas-aereas-goll11-goll4","tag-roxo34","tag-taesa-taee11-taee3-taee4"],"yoast_head":"<!-- This site is optimized with the Yoast SEO plugin v24.4 - https:\/\/yoast.com\/wordpress\/plugins\/seo\/ -->\n<title>Radar: Taesa (TAEE11) recebe recomenda\u00e7\u00e3o de venda de a\u00e7\u00f5es, Braskem (BRKM5) tenta atenuar preocupa\u00e7\u00f5es sobre Macei\u00f3 e a surpresa do Nubank (ROXO34)<\/title>\n<meta name=\"description\" content=\"Taesa (TAEE11) recebe recomenda\u00e7\u00e3o de venda, Braskem (BRKM5) fala sobre Macei\u00f3 e Nubank (ROXO34) surpreende analistas com desempenho\" \/>\n<meta name=\"robots\" content=\"index, follow, max-snippet:-1, max-image-preview:large, max-video-preview:-1\" \/>\n<link rel=\"canonical\" href=\"https:\/\/www.suno.com.br\/noticias\/radar-taesa-taee11-braskem-brkm5-nubank-roxo34\/\" \/>\n<meta property=\"og:locale\" content=\"pt_BR\" \/>\n<meta property=\"og:type\" content=\"article\" \/>\n<meta property=\"og:title\" content=\"Radar: Taesa (TAEE11) recebe recomenda\u00e7\u00e3o de venda de a\u00e7\u00f5es, Braskem (BRKM5) tenta atenuar preocupa\u00e7\u00f5es sobre Macei\u00f3 e a surpresa do Nubank (ROXO34)\" \/>\n<meta property=\"og:description\" content=\"Taesa (TAEE11) recebe recomenda\u00e7\u00e3o de venda, Braskem (BRKM5) fala sobre Macei\u00f3 e Nubank (ROXO34) surpreende analistas com desempenho\" \/>\n<meta property=\"og:url\" content=\"https:\/\/www.suno.com.br\/noticias\/radar-taesa-taee11-braskem-brkm5-nubank-roxo34\/\" \/>\n<meta property=\"og:site_name\" content=\"Suno Not\u00edcias\" \/>\n<meta property=\"article:publisher\" content=\"https:\/\/facebook.com\/sunoresearch\" \/>\n<meta property=\"og:image\" content=\"https:\/\/files.sunoresearch.com.br\/n\/uploads\/2023\/12\/Taesa.jpg\" \/>\n\t<meta property=\"og:image:width\" content=\"1200\" \/>\n\t<meta property=\"og:image:height\" content=\"800\" \/>\n\t<meta property=\"og:image:type\" content=\"image\/jpeg\" \/>\n<meta name=\"author\" content=\"Vanessa Loiola\" \/>\n<meta name=\"twitter:card\" content=\"summary_large_image\" \/>\n<meta name=\"twitter:creator\" content=\"@sunoresearch\" \/>\n<meta name=\"twitter:site\" content=\"@sunoresearch\" \/>\n<meta name=\"twitter:label1\" content=\"Escrito por\" \/>\n\t<meta name=\"twitter:data1\" content=\"Vanessa Loiola\" \/>\n\t<meta name=\"twitter:label2\" content=\"Est. tempo de leitura\" \/>\n\t<meta name=\"twitter:data2\" content=\"13 minutos\" \/>\n<script type=\"application\/ld+json\" class=\"yoast-schema-graph\">{\"@context\":\"https:\/\/schema.org\",\"@graph\":[{\"@type\":\"NewsArticle\",\"@id\":\"https:\/\/www.suno.com.br\/noticias\/radar-taesa-taee11-braskem-brkm5-nubank-roxo34\/#article\",\"isPartOf\":{\"@id\":\"https:\/\/www.suno.com.br\/noticias\/radar-taesa-taee11-braskem-brkm5-nubank-roxo34\/\"},\"author\":{\"name\":\"Vanessa Loiola\",\"@id\":\"https:\/\/www.suno.com.br\/noticias\/#\/schema\/person\/450c455ecff319bab1f1a0e643451479\"},\"headline\":\"Radar: Taesa (TAEE11) recebe recomenda\u00e7\u00e3o de venda de a\u00e7\u00f5es, Braskem (BRKM5) tenta atenuar preocupa\u00e7\u00f5es sobre Macei\u00f3 e a surpresa do Nubank (ROXO34)\",\"datePublished\":\"2023-12-05T01:23:50+00:00\",\"dateModified\":\"2023-12-05T01:24:05+00:00\",\"mainEntityOfPage\":{\"@id\":\"https:\/\/www.suno.com.br\/noticias\/radar-taesa-taee11-braskem-brkm5-nubank-roxo34\/\"},\"wordCount\":2454,\"publisher\":{\"@id\":\"https:\/\/www.suno.com.br\/noticias\/#organization\"},\"image\":{\"@id\":\"https:\/\/www.suno.com.br\/noticias\/radar-taesa-taee11-braskem-brkm5-nubank-roxo34\/#primaryimage\"},\"thumbnailUrl\":\"https:\/\/files.sunoresearch.com.br\/n\/uploads\/2023\/12\/Taesa.jpg\",\"keywords\":[\"Americanas (AMER3)\",\"Braskem (BRKM3\/BRKM5\/BRKM6)\",\"Eletrobras (ELET3\/ELET5\/ELET6)\",\"Gol Linhas A\u00e9reas (GOLL11\/GOLL4)\",\"ROXO34\",\"Taesa (TAEE11\/TAEE3\/TAEE4)\"],\"articleSection\":[\"Neg\u00f3cios\"],\"inLanguage\":\"pt-BR\"},{\"@type\":\"WebPage\",\"@id\":\"https:\/\/www.suno.com.br\/noticias\/radar-taesa-taee11-braskem-brkm5-nubank-roxo34\/\",\"url\":\"https:\/\/www.suno.com.br\/noticias\/radar-taesa-taee11-braskem-brkm5-nubank-roxo34\/\",\"name\":\"Radar: Taesa (TAEE11) recebe recomenda\u00e7\u00e3o de venda de a\u00e7\u00f5es, Braskem (BRKM5) tenta atenuar preocupa\u00e7\u00f5es sobre Macei\u00f3 e a surpresa do Nubank (ROXO34)\",\"isPartOf\":{\"@id\":\"https:\/\/www.suno.com.br\/noticias\/#website\"},\"primaryImageOfPage\":{\"@id\":\"https:\/\/www.suno.com.br\/noticias\/radar-taesa-taee11-braskem-brkm5-nubank-roxo34\/#primaryimage\"},\"image\":{\"@id\":\"https:\/\/www.suno.com.br\/noticias\/radar-taesa-taee11-braskem-brkm5-nubank-roxo34\/#primaryimage\"},\"thumbnailUrl\":\"https:\/\/files.sunoresearch.com.br\/n\/uploads\/2023\/12\/Taesa.jpg\",\"datePublished\":\"2023-12-05T01:23:50+00:00\",\"dateModified\":\"2023-12-05T01:24:05+00:00\",\"description\":\"Taesa (TAEE11) recebe recomenda\u00e7\u00e3o de venda, Braskem (BRKM5) fala sobre Macei\u00f3 e Nubank (ROXO34) surpreende analistas com desempenho\",\"breadcrumb\":{\"@id\":\"https:\/\/www.suno.com.br\/noticias\/radar-taesa-taee11-braskem-brkm5-nubank-roxo34\/#breadcrumb\"},\"inLanguage\":\"pt-BR\",\"potentialAction\":[{\"@type\":\"ReadAction\",\"target\":[\"https:\/\/www.suno.com.br\/noticias\/radar-taesa-taee11-braskem-brkm5-nubank-roxo34\/\"]}]},{\"@type\":\"ImageObject\",\"inLanguage\":\"pt-BR\",\"@id\":\"https:\/\/www.suno.com.br\/noticias\/radar-taesa-taee11-braskem-brkm5-nubank-roxo34\/#primaryimage\",\"url\":\"https:\/\/files.sunoresearch.com.br\/n\/uploads\/2023\/12\/Taesa.jpg\",\"contentUrl\":\"https:\/\/files.sunoresearch.com.br\/n\/uploads\/2023\/12\/Taesa.jpg\",\"width\":1200,\"height\":800,\"caption\":\"Ibovespa. Foto: iStock\"},{\"@type\":\"BreadcrumbList\",\"@id\":\"https:\/\/www.suno.com.br\/noticias\/radar-taesa-taee11-braskem-brkm5-nubank-roxo34\/#breadcrumb\",\"itemListElement\":[{\"@type\":\"ListItem\",\"position\":1,\"name\":\"Not\u00edcias\",\"item\":\"https:\/\/www.suno.com.br\/noticias\/\"},{\"@type\":\"ListItem\",\"position\":2,\"name\":\"Neg\u00f3cios\",\"item\":\"https:\/\/www.suno.com.br\/noticias\/negocios\/\"},{\"@type\":\"ListItem\",\"position\":3,\"name\":\"Radar: Taesa (TAEE11) recebe recomenda\u00e7\u00e3o de venda de a\u00e7\u00f5es, Braskem (BRKM5) tenta atenuar preocupa\u00e7\u00f5es sobre Macei\u00f3 e a surpresa do Nubank (ROXO34)\"}]},{\"@type\":\"WebSite\",\"@id\":\"https:\/\/www.suno.com.br\/noticias\/#website\",\"url\":\"https:\/\/www.suno.com.br\/noticias\/\",\"name\":\"Suno Not\u00edcias\",\"description\":\"Seu portal de informa\u00e7\u00e3o sobre o mundo dos investimentos\",\"publisher\":{\"@id\":\"https:\/\/www.suno.com.br\/noticias\/#organization\"},\"potentialAction\":[{\"@type\":\"SearchAction\",\"target\":{\"@type\":\"EntryPoint\",\"urlTemplate\":\"https:\/\/www.suno.com.br\/noticias\/?s={search_term_string}\"},\"query-input\":{\"@type\":\"PropertyValueSpecification\",\"valueRequired\":true,\"valueName\":\"search_term_string\"}}],\"inLanguage\":\"pt-BR\"},{\"@type\":\"Organization\",\"@id\":\"https:\/\/www.suno.com.br\/noticias\/#organization\",\"name\":\"Suno Not\u00edcias\",\"url\":\"https:\/\/www.suno.com.br\/noticias\/\",\"logo\":{\"@type\":\"ImageObject\",\"inLanguage\":\"pt-BR\",\"@id\":\"https:\/\/www.suno.com.br\/noticias\/#\/schema\/logo\/image\/\",\"url\":\"https:\/\/files.sunoresearch.com.br\/n\/uploads\/2021\/09\/suno-logo.png\",\"contentUrl\":\"https:\/\/files.sunoresearch.com.br\/n\/uploads\/2021\/09\/suno-logo.png\",\"width\":180,\"height\":180,\"caption\":\"Suno Not\u00edcias\"},\"image\":{\"@id\":\"https:\/\/www.suno.com.br\/noticias\/#\/schema\/logo\/image\/\"},\"sameAs\":[\"https:\/\/facebook.com\/sunoresearch\",\"https:\/\/x.com\/sunoresearch\",\"https:\/\/www.instagram.com\/suno\",\"https:\/\/www.linkedin.com\/company\/suno-research\/\",\"https:\/\/www.youtube.com\/c\/sunoresearch\"]},{\"@type\":\"Person\",\"@id\":\"https:\/\/www.suno.com.br\/noticias\/#\/schema\/person\/450c455ecff319bab1f1a0e643451479\",\"name\":\"Vanessa Loiola\",\"image\":{\"@type\":\"ImageObject\",\"inLanguage\":\"pt-BR\",\"@id\":\"https:\/\/www.suno.com.br\/noticias\/#\/schema\/person\/image\/\",\"url\":\"https:\/\/secure.gravatar.com\/avatar\/8b41117f9780831919eb38da349c3f20?s=96&r=g\",\"contentUrl\":\"https:\/\/secure.gravatar.com\/avatar\/8b41117f9780831919eb38da349c3f20?s=96&r=g\",\"caption\":\"Vanessa Loiola\"},\"description\":\"Jornalista formada pela PUC-SP, com experi\u00eancia na cobertura das editorias de economia, finan\u00e7as, bolsa de valores, pol\u00edtica, energia solar e entretenimento. Com passagem pela BM&amp;C News e RedeTV!\",\"url\":\"https:\/\/www.suno.com.br\/noticias\/author\/vanessal-loiolagmail-com\/\"}]}<\/script>\n<!-- \/ Yoast SEO plugin. -->","yoast_head_json":{"title":"Radar: Taesa (TAEE11) recebe recomenda\u00e7\u00e3o de venda de a\u00e7\u00f5es, Braskem (BRKM5) tenta atenuar preocupa\u00e7\u00f5es sobre Macei\u00f3 e a surpresa do Nubank (ROXO34)","description":"Taesa (TAEE11) recebe recomenda\u00e7\u00e3o de venda, Braskem (BRKM5) fala sobre Macei\u00f3 e Nubank (ROXO34) surpreende analistas com desempenho","robots":{"index":"index","follow":"follow","max-snippet":"max-snippet:-1","max-image-preview":"max-image-preview:large","max-video-preview":"max-video-preview:-1"},"canonical":"https:\/\/www.suno.com.br\/noticias\/radar-taesa-taee11-braskem-brkm5-nubank-roxo34\/","og_locale":"pt_BR","og_type":"article","og_title":"Radar: Taesa (TAEE11) recebe recomenda\u00e7\u00e3o de venda de a\u00e7\u00f5es, Braskem (BRKM5) tenta atenuar preocupa\u00e7\u00f5es sobre Macei\u00f3 e a surpresa do Nubank (ROXO34)","og_description":"Taesa (TAEE11) recebe recomenda\u00e7\u00e3o de venda, Braskem (BRKM5) fala sobre Macei\u00f3 e Nubank (ROXO34) surpreende analistas com desempenho","og_url":"https:\/\/www.suno.com.br\/noticias\/radar-taesa-taee11-braskem-brkm5-nubank-roxo34\/","og_site_name":"Suno Not\u00edcias","article_publisher":"https:\/\/facebook.com\/sunoresearch","og_image":[{"width":1200,"height":800,"url":"https:\/\/files.sunoresearch.com.br\/n\/uploads\/2023\/12\/Taesa.jpg","type":"image\/jpeg"}],"author":"Vanessa Loiola","twitter_card":"summary_large_image","twitter_creator":"@sunoresearch","twitter_site":"@sunoresearch","twitter_misc":{"Escrito por":"Vanessa Loiola","Est. tempo de leitura":"13 minutos"},"schema":{"@context":"https:\/\/schema.org","@graph":[{"@type":"NewsArticle","@id":"https:\/\/www.suno.com.br\/noticias\/radar-taesa-taee11-braskem-brkm5-nubank-roxo34\/#article","isPartOf":{"@id":"https:\/\/www.suno.com.br\/noticias\/radar-taesa-taee11-braskem-brkm5-nubank-roxo34\/"},"author":{"name":"Vanessa Loiola","@id":"https:\/\/www.suno.com.br\/noticias\/#\/schema\/person\/450c455ecff319bab1f1a0e643451479"},"headline":"Radar: Taesa (TAEE11) recebe recomenda\u00e7\u00e3o de venda de a\u00e7\u00f5es, Braskem (BRKM5) tenta atenuar preocupa\u00e7\u00f5es sobre Macei\u00f3 e a surpresa do Nubank (ROXO34)","datePublished":"2023-12-05T01:23:50+00:00","dateModified":"2023-12-05T01:24:05+00:00","mainEntityOfPage":{"@id":"https:\/\/www.suno.com.br\/noticias\/radar-taesa-taee11-braskem-brkm5-nubank-roxo34\/"},"wordCount":2454,"publisher":{"@id":"https:\/\/www.suno.com.br\/noticias\/#organization"},"image":{"@id":"https:\/\/www.suno.com.br\/noticias\/radar-taesa-taee11-braskem-brkm5-nubank-roxo34\/#primaryimage"},"thumbnailUrl":"https:\/\/files.sunoresearch.com.br\/n\/uploads\/2023\/12\/Taesa.jpg","keywords":["Americanas (AMER3)","Braskem (BRKM3\/BRKM5\/BRKM6)","Eletrobras (ELET3\/ELET5\/ELET6)","Gol Linhas A\u00e9reas (GOLL11\/GOLL4)","ROXO34","Taesa (TAEE11\/TAEE3\/TAEE4)"],"articleSection":["Neg\u00f3cios"],"inLanguage":"pt-BR"},{"@type":"WebPage","@id":"https:\/\/www.suno.com.br\/noticias\/radar-taesa-taee11-braskem-brkm5-nubank-roxo34\/","url":"https:\/\/www.suno.com.br\/noticias\/radar-taesa-taee11-braskem-brkm5-nubank-roxo34\/","name":"Radar: Taesa (TAEE11) recebe recomenda\u00e7\u00e3o de venda de a\u00e7\u00f5es, Braskem (BRKM5) tenta atenuar preocupa\u00e7\u00f5es sobre Macei\u00f3 e a surpresa do Nubank (ROXO34)","isPartOf":{"@id":"https:\/\/www.suno.com.br\/noticias\/#website"},"primaryImageOfPage":{"@id":"https:\/\/www.suno.com.br\/noticias\/radar-taesa-taee11-braskem-brkm5-nubank-roxo34\/#primaryimage"},"image":{"@id":"https:\/\/www.suno.com.br\/noticias\/radar-taesa-taee11-braskem-brkm5-nubank-roxo34\/#primaryimage"},"thumbnailUrl":"https:\/\/files.sunoresearch.com.br\/n\/uploads\/2023\/12\/Taesa.jpg","datePublished":"2023-12-05T01:23:50+00:00","dateModified":"2023-12-05T01:24:05+00:00","description":"Taesa (TAEE11) recebe recomenda\u00e7\u00e3o de venda, Braskem (BRKM5) fala sobre Macei\u00f3 e Nubank (ROXO34) surpreende analistas com desempenho","breadcrumb":{"@id":"https:\/\/www.suno.com.br\/noticias\/radar-taesa-taee11-braskem-brkm5-nubank-roxo34\/#breadcrumb"},"inLanguage":"pt-BR","potentialAction":[{"@type":"ReadAction","target":["https:\/\/www.suno.com.br\/noticias\/radar-taesa-taee11-braskem-brkm5-nubank-roxo34\/"]}]},{"@type":"ImageObject","inLanguage":"pt-BR","@id":"https:\/\/www.suno.com.br\/noticias\/radar-taesa-taee11-braskem-brkm5-nubank-roxo34\/#primaryimage","url":"https:\/\/files.sunoresearch.com.br\/n\/uploads\/2023\/12\/Taesa.jpg","contentUrl":"https:\/\/files.sunoresearch.com.br\/n\/uploads\/2023\/12\/Taesa.jpg","width":1200,"height":800,"caption":"Ibovespa. Foto: iStock"},{"@type":"BreadcrumbList","@id":"https:\/\/www.suno.com.br\/noticias\/radar-taesa-taee11-braskem-brkm5-nubank-roxo34\/#breadcrumb","itemListElement":[{"@type":"ListItem","position":1,"name":"Not\u00edcias","item":"https:\/\/www.suno.com.br\/noticias\/"},{"@type":"ListItem","position":2,"name":"Neg\u00f3cios","item":"https:\/\/www.suno.com.br\/noticias\/negocios\/"},{"@type":"ListItem","position":3,"name":"Radar: Taesa (TAEE11) recebe recomenda\u00e7\u00e3o de venda de a\u00e7\u00f5es, Braskem (BRKM5) tenta atenuar preocupa\u00e7\u00f5es sobre Macei\u00f3 e a surpresa do Nubank (ROXO34)"}]},{"@type":"WebSite","@id":"https:\/\/www.suno.com.br\/noticias\/#website","url":"https:\/\/www.suno.com.br\/noticias\/","name":"Suno Not\u00edcias","description":"Seu portal de informa\u00e7\u00e3o sobre o mundo dos investimentos","publisher":{"@id":"https:\/\/www.suno.com.br\/noticias\/#organization"},"potentialAction":[{"@type":"SearchAction","target":{"@type":"EntryPoint","urlTemplate":"https:\/\/www.suno.com.br\/noticias\/?s={search_term_string}"},"query-input":{"@type":"PropertyValueSpecification","valueRequired":true,"valueName":"search_term_string"}}],"inLanguage":"pt-BR"},{"@type":"Organization","@id":"https:\/\/www.suno.com.br\/noticias\/#organization","name":"Suno Not\u00edcias","url":"https:\/\/www.suno.com.br\/noticias\/","logo":{"@type":"ImageObject","inLanguage":"pt-BR","@id":"https:\/\/www.suno.com.br\/noticias\/#\/schema\/logo\/image\/","url":"https:\/\/files.sunoresearch.com.br\/n\/uploads\/2021\/09\/suno-logo.png","contentUrl":"https:\/\/files.sunoresearch.com.br\/n\/uploads\/2021\/09\/suno-logo.png","width":180,"height":180,"caption":"Suno Not\u00edcias"},"image":{"@id":"https:\/\/www.suno.com.br\/noticias\/#\/schema\/logo\/image\/"},"sameAs":["https:\/\/facebook.com\/sunoresearch","https:\/\/x.com\/sunoresearch","https:\/\/www.instagram.com\/suno","https:\/\/www.linkedin.com\/company\/suno-research\/","https:\/\/www.youtube.com\/c\/sunoresearch"]},{"@type":"Person","@id":"https:\/\/www.suno.com.br\/noticias\/#\/schema\/person\/450c455ecff319bab1f1a0e643451479","name":"Vanessa Loiola","image":{"@type":"ImageObject","inLanguage":"pt-BR","@id":"https:\/\/www.suno.com.br\/noticias\/#\/schema\/person\/image\/","url":"https:\/\/secure.gravatar.com\/avatar\/8b41117f9780831919eb38da349c3f20?s=96&r=g","contentUrl":"https:\/\/secure.gravatar.com\/avatar\/8b41117f9780831919eb38da349c3f20?s=96&r=g","caption":"Vanessa Loiola"},"description":"Jornalista formada pela PUC-SP, com experi\u00eancia na cobertura das editorias de economia, finan\u00e7as, bolsa de valores, pol\u00edtica, energia solar e entretenimento. Com passagem pela BM&amp;C News e RedeTV!","url":"https:\/\/www.suno.com.br\/noticias\/author\/vanessal-loiolagmail-com\/"}]}},"default_loop_html":"<div class=\"cardsPage__listCard__boxs\"><div class=\"cardsPage__listCard__boxs__img\"><a href=\"https:\/\/www.suno.com.br\/noticias\/radar-taesa-taee11-braskem-brkm5-nubank-roxo34\/\"><img class=\"mask\" src=\"https:\/\/www.suno.com.br\/noticias\/wp-content\/themes\/suno\/resources\/images\/spotlight\/spotlight1img\/bg-mask.png\" alt=\"Image Mask\"\/><img src=\"https:\/\/files.sunoresearch.com.br\/n\/uploads\/2023\/12\/Taesa-400x200.jpg\" alt=\"Radar: Taesa (TAEE11) recebe recomenda\u00e7\u00e3o de venda de a\u00e7\u00f5es, Braskem (BRKM5) tenta atenuar preocupa\u00e7\u00f5es sobre Macei\u00f3 e a surpresa do Nubank (ROXO34)\"\/><\/a><span class=\"spotlightCategory\"><a href=\"https:\/\/www.suno.com.br\/noticias\/negocios\/\">Neg\u00f3cios<\/a><\/span><\/div><div class=\"cardsPage__listCard__boxs__content\"><a href=\"https:\/\/www.suno.com.br\/noticias\/radar-taesa-taee11-braskem-brkm5-nubank-roxo34\/\"><h2 class=\"content__title\">Radar: Taesa (TAEE11) recebe recomenda\u00e7\u00e3o de venda de a\u00e7\u00f5es, Braskem (BRKM5) tenta atenuar preocupa\u00e7\u00f5es sobre Macei\u00f3 e a surpresa do Nubank (ROXO34)<\/h2><\/a><div class=\"newsContent__article__meta\"><div class=\"newsContent__article__meta__authorBox\"><a href=\"https:\/\/www.suno.com.br\/noticias\/author\/vanessal-loiolagmail-com\/\" class=\"authorBox__avatar noMobi\"><img src=\"https:\/\/secure.gravatar.com\/avatar\/8b41117f9780831919eb38da349c3f20?s=96&#038;r=g\" alt=\"Vanessa Loiola\"><\/a><div class=\"authorBox__name\"><span>por\n\t\t\t<a href=\"https:\/\/www.suno.com.br\/noticias\/author\/vanessal-loiolagmail-com\/\"><span itemprop=\"author\">Vanessa Loiola<\/span><\/a><\/span><time datetime=\"2023-12-04T22:23:50-03:00\" itemprop=\"datePublished\">04\/12\/2023 22:23<\/time><\/div><\/div><\/div><\/div><\/div>","single_layout":"posts","amp_enabled":true,"_links":{"self":[{"href":"https:\/\/www.suno.com.br\/noticias\/wp-json\/wp\/v2\/posts\/495188"}],"collection":[{"href":"https:\/\/www.suno.com.br\/noticias\/wp-json\/wp\/v2\/posts"}],"about":[{"href":"https:\/\/www.suno.com.br\/noticias\/wp-json\/wp\/v2\/types\/post"}],"author":[{"embeddable":true,"href":"https:\/\/www.suno.com.br\/noticias\/wp-json\/wp\/v2\/users\/227"}],"replies":[{"embeddable":true,"href":"https:\/\/www.suno.com.br\/noticias\/wp-json\/wp\/v2\/comments?post=495188"}],"version-history":[{"count":2,"href":"https:\/\/www.suno.com.br\/noticias\/wp-json\/wp\/v2\/posts\/495188\/revisions"}],"predecessor-version":[{"id":495222,"href":"https:\/\/www.suno.com.br\/noticias\/wp-json\/wp\/v2\/posts\/495188\/revisions\/495222"}],"wp:featuredmedia":[{"embeddable":true,"href":"https:\/\/www.suno.com.br\/noticias\/wp-json\/wp\/v2\/media\/495167"}],"wp:attachment":[{"href":"https:\/\/www.suno.com.br\/noticias\/wp-json\/wp\/v2\/media?parent=495188"}],"wp:term":[{"taxonomy":"category","embeddable":true,"href":"https:\/\/www.suno.com.br\/noticias\/wp-json\/wp\/v2\/categories?post=495188"},{"taxonomy":"post_tag","embeddable":true,"href":"https:\/\/www.suno.com.br\/noticias\/wp-json\/wp\/v2\/tags?post=495188"},{"taxonomy":"suno_strategy","embeddable":true,"href":"https:\/\/www.suno.com.br\/noticias\/wp-json\/wp\/v2\/suno_strategy?post=495188"}],"curies":[{"name":"wp","href":"https:\/\/api.w.org\/{rel}","templated":true}]}}