{"id":494589,"date":"2023-12-04T08:54:16","date_gmt":"2023-12-04T11:54:16","guid":{"rendered":"https:\/\/www.suno.com.br\/noticias\/?p=494589"},"modified":"2023-12-04T08:55:03","modified_gmt":"2023-12-04T11:55:03","slug":"ipca-inflacao-boletim-focus-gpj-4","status":"publish","type":"post","link":"https:\/\/www.suno.com.br\/noticias\/ipca-inflacao-boletim-focus-gpj-4\/","title":{"rendered":"IPCA: previs\u00e3o para infla\u00e7\u00e3o volta a subir; veja proje\u00e7\u00f5es do Boletim Focus desta semana"},"content":{"rendered":"<p>O\u00a0<a href=\"https:\/\/www.suno.com.br\/guias\/mercado-financeiro\/\" target=\"_blank\" rel=\"noreferrer noopener\">mercado financeiro<\/a>\u00a0manteve a proje\u00e7\u00e3o para a\u00a0<a href=\"https:\/\/www.suno.com.br\/artigos\/taxa-de-juros\/\">taxa b\u00e1sica de juros<\/a>, a\u00a0taxa Selic, no final de 2023, e aumentou a previs\u00e3o para a infla\u00e7\u00e3o oficial, o <strong>IPCA<\/strong>, ao final deste ano, ap\u00f3s tr\u00eas semanas seguidas de queda.<\/p>\t<div class=\"wrapper-featured-image\">\n\t\t<figure class=\"spotlightImg\">\n\n\t\t\t<picture>\n\t\t\t\t<source media=\"(max-width: 768px)\" srcset=\"https:\/\/files.sunoresearch.com.br\/n\/uploads\/2023\/09\/calculator-820330_1280-400x200.jpg\">\n\t\t\t\t<img loading=\"lazy\" decoding=\"async\" class=\"newsContent__article__imgCapa lazyloadDisabled \" src=\"https:\/\/files.sunoresearch.com.br\/n\/uploads\/2023\/09\/calculator-820330_1280-800x450.jpg\" width=\"800\" height=\"450\" alt=\"IPCA: previs\u00e3o para infla\u00e7\u00e3o volta a subir; veja proje\u00e7\u00f5es do Boletim Focus desta semana\" fetchpriority=high \/>\n\t\t\t<\/picture>\n\n\t\t\t<figcaption class=\"wp-caption-text wp-caption-text--show\">Boletim Focus. Foto: Pixabay\n<\/figcaption>\n\t\t<\/figure>\n\t<\/div>\n\n\n\n\n\n\n\n\t<p>\n\t\t<a href=\"\" target=\"_blank\" data-element=\"shortcode-suno-banner\" title=\"Banner SUNO, clique e saiba mais\">\n\t\t\t<picture>\n\t\t\t\t<source media=\"(max-width: 500px)\" srcset=\"\">\n\t\t\t\t<img class=\"newsContent__article__imgCapa newsContent__article__imgCapa--banner\"\n\t\t\t\t\tsrc=\"\"\n\t\t\t\t\tdata-promo-id=\"240038\"\t\t\t\t\t\t\t\t\t\t\t\t\t\t\talt=\"\"\n\t\t\t\t>\n\t\t\t<\/picture>\n\t\t<\/a>\n\t<\/p>\n\n\n\n\n\n<p>Segundo\u00a0Boletim Focus\u00a0divulgado nesta segunda-feira (4 pelo Banco Central (BC), a estimativa para a\u00a0<strong>taxa de juros<\/strong>, a\u00a0<strong>Selic<\/strong>, segue em 11,75% ao final deste ano.<\/p>\n\n\n\n<p>De acordo com a pesquisa, para 2024, o mercado espera que a\u00a0taxa de juros\u00a0termine em 9,25%, mesma proje\u00e7\u00e3o da semana anterior. J\u00e1 para 2025, a expetativa \u00e9 de que a\u00a0<strong>Selic<\/strong>\u00a0chegue a 8,50% (ante 8,75% na semana anterior) e em 2026, 8,50%.<\/p>\n\n\n\n<p>Paralelamente, ainda conforme o Focus desta semana, o mercado espera que o\u00a0IPCA, principal indicador de infla\u00e7\u00e3o, termine 2023 em 4,54%, acima da proje\u00e7\u00e3o da semana passada (4,53%), mas abaixo das \u00faltimas quatro semanas (4,63%).<\/p>\n\n\n\n<p>Al\u00e9m disso, o\u00a0<strong>mercado financeiro<\/strong>\u00a0manteve as suas estimativas do\u00a0<strong>PIB<\/strong>\u00a0neste ano para 2,84%.<\/p>\n\n\n\n<p>No caso do\u00a0<strong>d\u00f3lar<\/strong>, o\u00a0<a href=\"https:\/\/www.suno.com.br\/guias\/mercado-financeiro\/\">mercado financeiro<\/a>\u00a0reduziu a previs\u00e3o para 2023 em R$ 4,99. Para o ano que vem, a expectativa ficou em R$ 5,03, ante R$ 5,05 na semana anterior.<\/p>\n\n\n\t<p>\n\t\t<a href=\"https:\/\/lp.suno.com.br\/ebook-gratuito-investindo-no-exterior\/\" target=\"_blank\" data-element=\"shortcode-suno-banner\" title=\"Banner SUNO, clique e saiba mais\">\n\t\t\t<picture>\n\t\t\t\t<source media=\"(max-width: 500px)\" srcset=\"https:\/\/files.sunoresearch.com.br\/n\/uploads\/2023\/03\/400x300-Investindo-no-exterior.png\">\n\t\t\t\t<img class=\"newsContent__article__imgCapa newsContent__article__imgCapa--banner\"\n\t\t\t\t\tsrc=\"https:\/\/files.sunoresearch.com.br\/n\/uploads\/2023\/03\/1420x240-Investindo-no-exterior.png\"\n\t\t\t\t\tdata-promo-id=\"383161\"\t\t\t\t\t\t\t\t\t\twidth='1420' height='240'\t\t\t\t\talt=\"https:\/\/files.sunoresearch.com.br\/n\/uploads\/2023\/03\/1420x240-Investindo-no-exterior.png\"\n\t\t\t\t>\n\t\t\t<\/picture>\n\t\t<\/a>\n\t<\/p>\n\n\n\n\n\n<h2 class=\"wp-block-heading\">Resumo do Boletim Focus<\/h2>\n\n\n\n<p>Veja, em detalhes, as proje\u00e7\u00f5es mais importantes para 2023 e 2024:<\/p>\n\n\n\n<p>2023<\/p>\n\n\n\n<ul class=\"wp-block-list\">\n<li>IPCA: a proje\u00e7\u00e3o subiu para 4,54%<\/li>\n\n\n\n<li>PIB: a proje\u00e7\u00e3o se manteve em 2,84%<\/li>\n\n\n\n<li>D\u00f3lar: a previs\u00e3o do c\u00e2mbio caiu para R$ 4,99<\/li>\n\n\n\n<li>Taxa Selic: a previs\u00e3o se manteve em 11,75%<\/li>\n\n\n\n<li>Balan\u00e7a Comercial: a expectativa para o super\u00e1vit caiu para US$ 78,40 bilh\u00f5es<\/li>\n\n\n\n<li>Investimento Estrangeiro Direto: a previs\u00e3o subiu para US$ 62,80 bilh\u00f5es<\/li>\n\n\n\n<li>D\u00edvida do Setor P\u00fablico: a previs\u00e3o se manteve em 61,00% do PIB<\/li>\n<\/ul>\n\n\n\n<p>2024<\/p>\n\n\n\n<ul class=\"wp-block-list\">\n<li>IPCA: a proje\u00e7\u00e3o aumento para 3,92%<\/li>\n\n\n\n<li>PIB: a proje\u00e7\u00e3o se manteve em 1,50%<\/li>\n\n\n\n<li>D\u00f3lar: a previs\u00e3o do c\u00e2mbio caiu para R$ 5,03<\/li>\n\n\n\n<li>Taxa Selic: a previs\u00e3o se manteve em 9,25%<\/li>\n\n\n\n<li>Balan\u00e7a Comercial: a expectativa para o super\u00e1vit caiu para US$ 67,20 bilh\u00f5es<\/li>\n\n\n\n<li>Investimento Estrangeiro Direto: a previs\u00e3o se manteve em US$ 70 bilh\u00f5es<\/li>\n\n\n\n<li>D\u00edvida do Setor P\u00fablico: a previs\u00e3o subiu para 63,95% do PIB<\/li>\n<\/ul>\n\n\n\n<p>A seguir, \u00e9 poss\u00edvel comparar as \u00faltimas proje\u00e7\u00f5es do\u00a0<strong>Boletim Focus<\/strong>\u00a0desde o m\u00eas de agosto:<\/p>\n\n\n\n\n\n<p>O Boletim Focus \u00e9 elaborado semanalmente pelo Banco Central. S\u00e3o utilizadas as proje\u00e7\u00f5es dos especialistas das 100 principais institui\u00e7\u00f5es ligadas ao\u00a0<a href=\"https:\/\/www.suno.com.br\/guias\/mercado-financeiro\/\" target=\"_blank\" rel=\"noreferrer noopener\">mercado financeiro<\/a>\u00a0do Brasil para juros,\u00a0<strong>IPCA<\/strong>, c\u00e2mbio, taxa Selic e outros indicadores.<a href=\"https:\/\/lp.suno.com.br\/pv\/black-friday-2023\/\" target=\"_blank\" rel=\"noreferrer noopener\"><\/a><a href=\"https:\/\/lp.suno.com.br\/pv\/black-friday-2023\/\" target=\"_blank\" rel=\"noreferrer noopener\"><\/a><a href=\"https:\/\/lp.suno.com.br\/planilha-da-vida-financeira\/\" target=\"_blank\" rel=\"noreferrer noopener\"><\/a><a href=\"https:\/\/lp.suno.com.br\/planilha-da-vida-financeira\/\" target=\"_blank\" rel=\"noreferrer noopener\"><\/a><\/p>\n\n\n\t<p>\n\t\t<a href=\"https:\/\/lp.suno.com.br\/planilha-da-vida-financeira\/\" target=\"_blank\" data-element=\"shortcode-suno-banner\" title=\"Banner SUNO, clique e saiba mais\">\n\t\t\t<picture>\n\t\t\t\t<source media=\"(max-width: 500px)\" srcset=\"https:\/\/files.sunoresearch.com.br\/n\/uploads\/2023\/04\/400x300-Planilha-vida-financeira-true.png\">\n\t\t\t\t<img class=\"newsContent__article__imgCapa newsContent__article__imgCapa--banner\"\n\t\t\t\t\tsrc=\"https:\/\/files.sunoresearch.com.br\/n\/uploads\/2023\/04\/1420x240-Planilha-vida-financeira-true.png\"\n\t\t\t\t\tdata-promo-id=\"383123\"\t\t\t\t\t\t\t\t\t\twidth='1420' height='240'\t\t\t\t\talt=\"https:\/\/files.sunoresearch.com.br\/n\/uploads\/2023\/04\/1420x240-Planilha-vida-financeira-true.png\"\n\t\t\t\t>\n\t\t\t<\/picture>\n\t\t<\/a>\n\t<\/p>\n\n\n","protected":false},"excerpt":{"rendered":"<p>O\u00a0mercado financeiro\u00a0manteve a proje\u00e7\u00e3o para a\u00a0taxa b\u00e1sica de juros, a\u00a0taxa Selic, no final de 2023, e aumentou a previs\u00e3o para a infla\u00e7\u00e3o oficial, o IPCA, ao final deste ano, ap\u00f3s tr\u00eas semanas seguidas de queda. Boletim Focus. Foto: Pixabay Segundo\u00a0Boletim Focus\u00a0divulgado nesta segunda-feira (4 pelo Banco Central (BC), a estimativa para a\u00a0taxa de juros, a\u00a0Selic, [&hellip;]<\/p>\n","protected":false},"author":313,"featured_media":454127,"comment_status":"closed","ping_status":"closed","sticky":false,"template":"","format":"standard","meta":[],"categories":[62],"tags":[834],"suno_strategy":[],"class_list":["post-494589","post","type-post","status-publish","format-standard","has-post-thumbnail","hentry","category-economia","tag-boletim-focus"],"yoast_head":"<!-- This site is optimized with the Yoast SEO plugin v24.4 - https:\/\/yoast.com\/wordpress\/plugins\/seo\/ -->\n<title>IPCA: previs\u00e3o para infla\u00e7\u00e3o volta a subir; veja proje\u00e7\u00f5es do Boletim Focus<\/title>\n<meta name=\"description\" content=\"O\u00a0mercado\u00a0manteve a proje\u00e7\u00e3o para a\u00a0taxa Selic no final de 2023 e aumentou a previs\u00e3o para a infla\u00e7\u00e3o oficial, o IPCA, ao final deste ano.\" \/>\n<meta name=\"robots\" content=\"index, follow, max-snippet:-1, max-image-preview:large, max-video-preview:-1\" \/>\n<link rel=\"canonical\" href=\"https:\/\/www.suno.com.br\/noticias\/ipca-inflacao-boletim-focus-gpj-4\/\" \/>\n<meta property=\"og:locale\" content=\"pt_BR\" \/>\n<meta property=\"og:type\" content=\"article\" \/>\n<meta property=\"og:title\" content=\"IPCA: previs\u00e3o para infla\u00e7\u00e3o volta a subir; veja proje\u00e7\u00f5es do Boletim Focus\" \/>\n<meta property=\"og:description\" content=\"O\u00a0mercado\u00a0manteve a proje\u00e7\u00e3o para a\u00a0taxa Selic no final de 2023 e aumentou a previs\u00e3o para a infla\u00e7\u00e3o oficial, o IPCA, ao final deste ano.\" \/>\n<meta property=\"og:url\" content=\"https:\/\/www.suno.com.br\/noticias\/ipca-inflacao-boletim-focus-gpj-4\/\" \/>\n<meta property=\"og:site_name\" content=\"Suno Not\u00edcias\" \/>\n<meta property=\"article:publisher\" content=\"https:\/\/facebook.com\/sunoresearch\" \/>\n<meta property=\"og:image\" content=\"https:\/\/files.sunoresearch.com.br\/n\/uploads\/2023\/09\/calculator-820330_1280.jpg\" \/>\n\t<meta property=\"og:image:width\" content=\"1280\" \/>\n\t<meta property=\"og:image:height\" content=\"853\" \/>\n\t<meta property=\"og:image:type\" content=\"image\/jpeg\" \/>\n<meta name=\"author\" content=\"Giovanni Porf\u00edrio Jacomino\" \/>\n<meta name=\"twitter:card\" content=\"summary_large_image\" \/>\n<meta name=\"twitter:creator\" content=\"@sunoresearch\" \/>\n<meta name=\"twitter:site\" content=\"@sunoresearch\" \/>\n<meta name=\"twitter:label1\" content=\"Escrito por\" \/>\n\t<meta name=\"twitter:data1\" content=\"Giovanni Porf\u00edrio Jacomino\" \/>\n\t<meta name=\"twitter:label2\" content=\"Est. tempo de leitura\" \/>\n\t<meta name=\"twitter:data2\" content=\"3 minutos\" \/>\n<script type=\"application\/ld+json\" class=\"yoast-schema-graph\">{\"@context\":\"https:\/\/schema.org\",\"@graph\":[{\"@type\":\"NewsArticle\",\"@id\":\"https:\/\/www.suno.com.br\/noticias\/ipca-inflacao-boletim-focus-gpj-4\/#article\",\"isPartOf\":{\"@id\":\"https:\/\/www.suno.com.br\/noticias\/ipca-inflacao-boletim-focus-gpj-4\/\"},\"author\":{\"name\":\"Giovanni Porf\u00edrio Jacomino\",\"@id\":\"https:\/\/www.suno.com.br\/noticias\/#\/schema\/person\/d0f32748bbca4bee871fa191ee4e2d40\"},\"headline\":\"IPCA: previs\u00e3o para infla\u00e7\u00e3o volta a subir; veja proje\u00e7\u00f5es do Boletim Focus desta semana\",\"datePublished\":\"2023-12-04T11:54:16+00:00\",\"dateModified\":\"2023-12-04T11:55:03+00:00\",\"mainEntityOfPage\":{\"@id\":\"https:\/\/www.suno.com.br\/noticias\/ipca-inflacao-boletim-focus-gpj-4\/\"},\"wordCount\":421,\"publisher\":{\"@id\":\"https:\/\/www.suno.com.br\/noticias\/#organization\"},\"image\":{\"@id\":\"https:\/\/www.suno.com.br\/noticias\/ipca-inflacao-boletim-focus-gpj-4\/#primaryimage\"},\"thumbnailUrl\":\"https:\/\/files.sunoresearch.com.br\/n\/uploads\/2023\/09\/calculator-820330_1280.jpg\",\"keywords\":[\"Boletim Focus\"],\"articleSection\":[\"Economia\"],\"inLanguage\":\"pt-BR\"},{\"@type\":\"WebPage\",\"@id\":\"https:\/\/www.suno.com.br\/noticias\/ipca-inflacao-boletim-focus-gpj-4\/\",\"url\":\"https:\/\/www.suno.com.br\/noticias\/ipca-inflacao-boletim-focus-gpj-4\/\",\"name\":\"IPCA: previs\u00e3o para infla\u00e7\u00e3o volta a subir; veja proje\u00e7\u00f5es do Boletim Focus\",\"isPartOf\":{\"@id\":\"https:\/\/www.suno.com.br\/noticias\/#website\"},\"primaryImageOfPage\":{\"@id\":\"https:\/\/www.suno.com.br\/noticias\/ipca-inflacao-boletim-focus-gpj-4\/#primaryimage\"},\"image\":{\"@id\":\"https:\/\/www.suno.com.br\/noticias\/ipca-inflacao-boletim-focus-gpj-4\/#primaryimage\"},\"thumbnailUrl\":\"https:\/\/files.sunoresearch.com.br\/n\/uploads\/2023\/09\/calculator-820330_1280.jpg\",\"datePublished\":\"2023-12-04T11:54:16+00:00\",\"dateModified\":\"2023-12-04T11:55:03+00:00\",\"description\":\"O\u00a0mercado\u00a0manteve a proje\u00e7\u00e3o para a\u00a0taxa Selic no final de 2023 e aumentou a previs\u00e3o para a infla\u00e7\u00e3o oficial, o IPCA, ao final deste ano.\",\"breadcrumb\":{\"@id\":\"https:\/\/www.suno.com.br\/noticias\/ipca-inflacao-boletim-focus-gpj-4\/#breadcrumb\"},\"inLanguage\":\"pt-BR\",\"potentialAction\":[{\"@type\":\"ReadAction\",\"target\":[\"https:\/\/www.suno.com.br\/noticias\/ipca-inflacao-boletim-focus-gpj-4\/\"]}]},{\"@type\":\"ImageObject\",\"inLanguage\":\"pt-BR\",\"@id\":\"https:\/\/www.suno.com.br\/noticias\/ipca-inflacao-boletim-focus-gpj-4\/#primaryimage\",\"url\":\"https:\/\/files.sunoresearch.com.br\/n\/uploads\/2023\/09\/calculator-820330_1280.jpg\",\"contentUrl\":\"https:\/\/files.sunoresearch.com.br\/n\/uploads\/2023\/09\/calculator-820330_1280.jpg\",\"width\":1280,\"height\":853,\"caption\":\"Boletim Focus. Foto: Pixabay\"},{\"@type\":\"BreadcrumbList\",\"@id\":\"https:\/\/www.suno.com.br\/noticias\/ipca-inflacao-boletim-focus-gpj-4\/#breadcrumb\",\"itemListElement\":[{\"@type\":\"ListItem\",\"position\":1,\"name\":\"Not\u00edcias\",\"item\":\"https:\/\/www.suno.com.br\/noticias\/\"},{\"@type\":\"ListItem\",\"position\":2,\"name\":\"Economia\",\"item\":\"https:\/\/www.suno.com.br\/noticias\/economia\/\"},{\"@type\":\"ListItem\",\"position\":3,\"name\":\"IPCA: previs\u00e3o para infla\u00e7\u00e3o volta a subir; veja proje\u00e7\u00f5es do Boletim Focus desta semana\"}]},{\"@type\":\"WebSite\",\"@id\":\"https:\/\/www.suno.com.br\/noticias\/#website\",\"url\":\"https:\/\/www.suno.com.br\/noticias\/\",\"name\":\"Suno Not\u00edcias\",\"description\":\"Seu portal de informa\u00e7\u00e3o sobre o mundo dos investimentos\",\"publisher\":{\"@id\":\"https:\/\/www.suno.com.br\/noticias\/#organization\"},\"potentialAction\":[{\"@type\":\"SearchAction\",\"target\":{\"@type\":\"EntryPoint\",\"urlTemplate\":\"https:\/\/www.suno.com.br\/noticias\/?s={search_term_string}\"},\"query-input\":{\"@type\":\"PropertyValueSpecification\",\"valueRequired\":true,\"valueName\":\"search_term_string\"}}],\"inLanguage\":\"pt-BR\"},{\"@type\":\"Organization\",\"@id\":\"https:\/\/www.suno.com.br\/noticias\/#organization\",\"name\":\"Suno Not\u00edcias\",\"url\":\"https:\/\/www.suno.com.br\/noticias\/\",\"logo\":{\"@type\":\"ImageObject\",\"inLanguage\":\"pt-BR\",\"@id\":\"https:\/\/www.suno.com.br\/noticias\/#\/schema\/logo\/image\/\",\"url\":\"https:\/\/files.sunoresearch.com.br\/n\/uploads\/2021\/09\/suno-logo.png\",\"contentUrl\":\"https:\/\/files.sunoresearch.com.br\/n\/uploads\/2021\/09\/suno-logo.png\",\"width\":180,\"height\":180,\"caption\":\"Suno Not\u00edcias\"},\"image\":{\"@id\":\"https:\/\/www.suno.com.br\/noticias\/#\/schema\/logo\/image\/\"},\"sameAs\":[\"https:\/\/facebook.com\/sunoresearch\",\"https:\/\/x.com\/sunoresearch\",\"https:\/\/www.instagram.com\/suno\",\"https:\/\/www.linkedin.com\/company\/suno-research\/\",\"https:\/\/www.youtube.com\/c\/sunoresearch\"]},{\"@type\":\"Person\",\"@id\":\"https:\/\/www.suno.com.br\/noticias\/#\/schema\/person\/d0f32748bbca4bee871fa191ee4e2d40\",\"name\":\"Giovanni Porf\u00edrio Jacomino\",\"image\":{\"@type\":\"ImageObject\",\"inLanguage\":\"pt-BR\",\"@id\":\"https:\/\/www.suno.com.br\/noticias\/#\/schema\/person\/image\/\",\"url\":\"https:\/\/secure.gravatar.com\/avatar\/efb32e19b730a121cb7a80f41ffec01a?s=96&r=g\",\"contentUrl\":\"https:\/\/secure.gravatar.com\/avatar\/efb32e19b730a121cb7a80f41ffec01a?s=96&r=g\",\"caption\":\"Giovanni Porf\u00edrio Jacomino\"},\"description\":\"Giovanni Porf\u00edrio Jacomino \u00e9 jornalista formado pela Universidade Estadual de Londrina (UEL) e p\u00f3s-graduado em Produ\u00e7\u00e3o e Pr\u00e1ticas Jornal\u00edsticas na Contemporaneidade na Faculdade C\u00e1sper L\u00edbero (FCL). Foi editor web no Startupi e no Finsiders, atuando ainda como editor no TC Mover, portal de not\u00edcias da TradersClub, fazendo a cobertura de assuntos relacionados ao mercado financeiro interno e externo. Atualmente, \u00e9 Rep\u00f3rter do Suno Not\u00edcias.\",\"url\":\"https:\/\/www.suno.com.br\/noticias\/author\/giovanni-porfiriosuno-com-br\/\"}]}<\/script>\n<!-- \/ Yoast SEO plugin. -->","yoast_head_json":{"title":"IPCA: previs\u00e3o para infla\u00e7\u00e3o volta a subir; veja proje\u00e7\u00f5es do Boletim Focus","description":"O\u00a0mercado\u00a0manteve a proje\u00e7\u00e3o para a\u00a0taxa Selic no final de 2023 e aumentou a previs\u00e3o para a infla\u00e7\u00e3o oficial, o IPCA, ao final deste ano.","robots":{"index":"index","follow":"follow","max-snippet":"max-snippet:-1","max-image-preview":"max-image-preview:large","max-video-preview":"max-video-preview:-1"},"canonical":"https:\/\/www.suno.com.br\/noticias\/ipca-inflacao-boletim-focus-gpj-4\/","og_locale":"pt_BR","og_type":"article","og_title":"IPCA: previs\u00e3o para infla\u00e7\u00e3o volta a subir; veja proje\u00e7\u00f5es do Boletim Focus","og_description":"O\u00a0mercado\u00a0manteve a proje\u00e7\u00e3o para a\u00a0taxa Selic no final de 2023 e aumentou a previs\u00e3o para a infla\u00e7\u00e3o oficial, o IPCA, ao final deste ano.","og_url":"https:\/\/www.suno.com.br\/noticias\/ipca-inflacao-boletim-focus-gpj-4\/","og_site_name":"Suno Not\u00edcias","article_publisher":"https:\/\/facebook.com\/sunoresearch","og_image":[{"width":1280,"height":853,"url":"https:\/\/files.sunoresearch.com.br\/n\/uploads\/2023\/09\/calculator-820330_1280.jpg","type":"image\/jpeg"}],"author":"Giovanni Porf\u00edrio Jacomino","twitter_card":"summary_large_image","twitter_creator":"@sunoresearch","twitter_site":"@sunoresearch","twitter_misc":{"Escrito por":"Giovanni Porf\u00edrio Jacomino","Est. tempo de leitura":"3 minutos"},"schema":{"@context":"https:\/\/schema.org","@graph":[{"@type":"NewsArticle","@id":"https:\/\/www.suno.com.br\/noticias\/ipca-inflacao-boletim-focus-gpj-4\/#article","isPartOf":{"@id":"https:\/\/www.suno.com.br\/noticias\/ipca-inflacao-boletim-focus-gpj-4\/"},"author":{"name":"Giovanni Porf\u00edrio Jacomino","@id":"https:\/\/www.suno.com.br\/noticias\/#\/schema\/person\/d0f32748bbca4bee871fa191ee4e2d40"},"headline":"IPCA: previs\u00e3o para infla\u00e7\u00e3o volta a subir; veja proje\u00e7\u00f5es do Boletim Focus desta semana","datePublished":"2023-12-04T11:54:16+00:00","dateModified":"2023-12-04T11:55:03+00:00","mainEntityOfPage":{"@id":"https:\/\/www.suno.com.br\/noticias\/ipca-inflacao-boletim-focus-gpj-4\/"},"wordCount":421,"publisher":{"@id":"https:\/\/www.suno.com.br\/noticias\/#organization"},"image":{"@id":"https:\/\/www.suno.com.br\/noticias\/ipca-inflacao-boletim-focus-gpj-4\/#primaryimage"},"thumbnailUrl":"https:\/\/files.sunoresearch.com.br\/n\/uploads\/2023\/09\/calculator-820330_1280.jpg","keywords":["Boletim Focus"],"articleSection":["Economia"],"inLanguage":"pt-BR"},{"@type":"WebPage","@id":"https:\/\/www.suno.com.br\/noticias\/ipca-inflacao-boletim-focus-gpj-4\/","url":"https:\/\/www.suno.com.br\/noticias\/ipca-inflacao-boletim-focus-gpj-4\/","name":"IPCA: previs\u00e3o para infla\u00e7\u00e3o volta a subir; veja proje\u00e7\u00f5es do Boletim Focus","isPartOf":{"@id":"https:\/\/www.suno.com.br\/noticias\/#website"},"primaryImageOfPage":{"@id":"https:\/\/www.suno.com.br\/noticias\/ipca-inflacao-boletim-focus-gpj-4\/#primaryimage"},"image":{"@id":"https:\/\/www.suno.com.br\/noticias\/ipca-inflacao-boletim-focus-gpj-4\/#primaryimage"},"thumbnailUrl":"https:\/\/files.sunoresearch.com.br\/n\/uploads\/2023\/09\/calculator-820330_1280.jpg","datePublished":"2023-12-04T11:54:16+00:00","dateModified":"2023-12-04T11:55:03+00:00","description":"O\u00a0mercado\u00a0manteve a proje\u00e7\u00e3o para a\u00a0taxa Selic no final de 2023 e aumentou a previs\u00e3o para a infla\u00e7\u00e3o oficial, o IPCA, ao final deste ano.","breadcrumb":{"@id":"https:\/\/www.suno.com.br\/noticias\/ipca-inflacao-boletim-focus-gpj-4\/#breadcrumb"},"inLanguage":"pt-BR","potentialAction":[{"@type":"ReadAction","target":["https:\/\/www.suno.com.br\/noticias\/ipca-inflacao-boletim-focus-gpj-4\/"]}]},{"@type":"ImageObject","inLanguage":"pt-BR","@id":"https:\/\/www.suno.com.br\/noticias\/ipca-inflacao-boletim-focus-gpj-4\/#primaryimage","url":"https:\/\/files.sunoresearch.com.br\/n\/uploads\/2023\/09\/calculator-820330_1280.jpg","contentUrl":"https:\/\/files.sunoresearch.com.br\/n\/uploads\/2023\/09\/calculator-820330_1280.jpg","width":1280,"height":853,"caption":"Boletim Focus. Foto: Pixabay"},{"@type":"BreadcrumbList","@id":"https:\/\/www.suno.com.br\/noticias\/ipca-inflacao-boletim-focus-gpj-4\/#breadcrumb","itemListElement":[{"@type":"ListItem","position":1,"name":"Not\u00edcias","item":"https:\/\/www.suno.com.br\/noticias\/"},{"@type":"ListItem","position":2,"name":"Economia","item":"https:\/\/www.suno.com.br\/noticias\/economia\/"},{"@type":"ListItem","position":3,"name":"IPCA: previs\u00e3o para infla\u00e7\u00e3o volta a subir; veja proje\u00e7\u00f5es do Boletim Focus desta semana"}]},{"@type":"WebSite","@id":"https:\/\/www.suno.com.br\/noticias\/#website","url":"https:\/\/www.suno.com.br\/noticias\/","name":"Suno Not\u00edcias","description":"Seu portal de informa\u00e7\u00e3o sobre o mundo dos investimentos","publisher":{"@id":"https:\/\/www.suno.com.br\/noticias\/#organization"},"potentialAction":[{"@type":"SearchAction","target":{"@type":"EntryPoint","urlTemplate":"https:\/\/www.suno.com.br\/noticias\/?s={search_term_string}"},"query-input":{"@type":"PropertyValueSpecification","valueRequired":true,"valueName":"search_term_string"}}],"inLanguage":"pt-BR"},{"@type":"Organization","@id":"https:\/\/www.suno.com.br\/noticias\/#organization","name":"Suno Not\u00edcias","url":"https:\/\/www.suno.com.br\/noticias\/","logo":{"@type":"ImageObject","inLanguage":"pt-BR","@id":"https:\/\/www.suno.com.br\/noticias\/#\/schema\/logo\/image\/","url":"https:\/\/files.sunoresearch.com.br\/n\/uploads\/2021\/09\/suno-logo.png","contentUrl":"https:\/\/files.sunoresearch.com.br\/n\/uploads\/2021\/09\/suno-logo.png","width":180,"height":180,"caption":"Suno Not\u00edcias"},"image":{"@id":"https:\/\/www.suno.com.br\/noticias\/#\/schema\/logo\/image\/"},"sameAs":["https:\/\/facebook.com\/sunoresearch","https:\/\/x.com\/sunoresearch","https:\/\/www.instagram.com\/suno","https:\/\/www.linkedin.com\/company\/suno-research\/","https:\/\/www.youtube.com\/c\/sunoresearch"]},{"@type":"Person","@id":"https:\/\/www.suno.com.br\/noticias\/#\/schema\/person\/d0f32748bbca4bee871fa191ee4e2d40","name":"Giovanni Porf\u00edrio Jacomino","image":{"@type":"ImageObject","inLanguage":"pt-BR","@id":"https:\/\/www.suno.com.br\/noticias\/#\/schema\/person\/image\/","url":"https:\/\/secure.gravatar.com\/avatar\/efb32e19b730a121cb7a80f41ffec01a?s=96&r=g","contentUrl":"https:\/\/secure.gravatar.com\/avatar\/efb32e19b730a121cb7a80f41ffec01a?s=96&r=g","caption":"Giovanni Porf\u00edrio Jacomino"},"description":"Giovanni Porf\u00edrio Jacomino \u00e9 jornalista formado pela Universidade Estadual de Londrina (UEL) e p\u00f3s-graduado em Produ\u00e7\u00e3o e Pr\u00e1ticas Jornal\u00edsticas na Contemporaneidade na Faculdade C\u00e1sper L\u00edbero (FCL). Foi editor web no Startupi e no Finsiders, atuando ainda como editor no TC Mover, portal de not\u00edcias da TradersClub, fazendo a cobertura de assuntos relacionados ao mercado financeiro interno e externo. Atualmente, \u00e9 Rep\u00f3rter do Suno Not\u00edcias.","url":"https:\/\/www.suno.com.br\/noticias\/author\/giovanni-porfiriosuno-com-br\/"}]}},"default_loop_html":"<div class=\"cardsPage__listCard__boxs\"><div class=\"cardsPage__listCard__boxs__img\"><a href=\"https:\/\/www.suno.com.br\/noticias\/ipca-inflacao-boletim-focus-gpj-4\/\"><img class=\"mask\" src=\"https:\/\/www.suno.com.br\/noticias\/wp-content\/themes\/suno\/resources\/images\/spotlight\/spotlight1img\/bg-mask.png\" alt=\"Image Mask\"\/><img src=\"https:\/\/files.sunoresearch.com.br\/n\/uploads\/2023\/09\/calculator-820330_1280-400x200.jpg\" alt=\"IPCA: previs\u00e3o para infla\u00e7\u00e3o volta a subir; veja proje\u00e7\u00f5es do Boletim Focus desta semana\"\/><\/a><span class=\"spotlightCategory\"><a href=\"https:\/\/www.suno.com.br\/noticias\/economia\/\">Economia<\/a><\/span><\/div><div class=\"cardsPage__listCard__boxs__content\"><a href=\"https:\/\/www.suno.com.br\/noticias\/ipca-inflacao-boletim-focus-gpj-4\/\"><h2 class=\"content__title\">IPCA: previs\u00e3o para infla\u00e7\u00e3o volta a subir; veja proje\u00e7\u00f5es do Boletim Focus desta semana<\/h2><\/a><div class=\"newsContent__article__meta\"><div class=\"newsContent__article__meta__authorBox\"><a href=\"https:\/\/www.suno.com.br\/noticias\/author\/giovanni-porfiriosuno-com-br\/\" class=\"authorBox__avatar noMobi\"><img src=\"https:\/\/files.sunoresearch.com.br\/n\/uploads\/2024\/05\/DSCF4115-1-1-150x150.webp\" alt=\"Giovanni Porf\u00edrio Jacomino\"><\/a><div class=\"authorBox__name\"><span>por\n\t\t\t<a href=\"https:\/\/www.suno.com.br\/noticias\/author\/giovanni-porfiriosuno-com-br\/\"><span itemprop=\"author\">Giovanni Porf\u00edrio Jacomino<\/span><\/a><\/span><time datetime=\"2023-12-04T08:54:16-03:00\" itemprop=\"datePublished\">04\/12\/2023 08:54<\/time><\/div><\/div><\/div><\/div><\/div>","single_layout":"posts","amp_enabled":true,"_links":{"self":[{"href":"https:\/\/www.suno.com.br\/noticias\/wp-json\/wp\/v2\/posts\/494589"}],"collection":[{"href":"https:\/\/www.suno.com.br\/noticias\/wp-json\/wp\/v2\/posts"}],"about":[{"href":"https:\/\/www.suno.com.br\/noticias\/wp-json\/wp\/v2\/types\/post"}],"author":[{"embeddable":true,"href":"https:\/\/www.suno.com.br\/noticias\/wp-json\/wp\/v2\/users\/313"}],"replies":[{"embeddable":true,"href":"https:\/\/www.suno.com.br\/noticias\/wp-json\/wp\/v2\/comments?post=494589"}],"version-history":[{"count":3,"href":"https:\/\/www.suno.com.br\/noticias\/wp-json\/wp\/v2\/posts\/494589\/revisions"}],"predecessor-version":[{"id":494604,"href":"https:\/\/www.suno.com.br\/noticias\/wp-json\/wp\/v2\/posts\/494589\/revisions\/494604"}],"wp:featuredmedia":[{"embeddable":true,"href":"https:\/\/www.suno.com.br\/noticias\/wp-json\/wp\/v2\/media\/454127"}],"wp:attachment":[{"href":"https:\/\/www.suno.com.br\/noticias\/wp-json\/wp\/v2\/media?parent=494589"}],"wp:term":[{"taxonomy":"category","embeddable":true,"href":"https:\/\/www.suno.com.br\/noticias\/wp-json\/wp\/v2\/categories?post=494589"},{"taxonomy":"post_tag","embeddable":true,"href":"https:\/\/www.suno.com.br\/noticias\/wp-json\/wp\/v2\/tags?post=494589"},{"taxonomy":"suno_strategy","embeddable":true,"href":"https:\/\/www.suno.com.br\/noticias\/wp-json\/wp\/v2\/suno_strategy?post=494589"}],"curies":[{"name":"wp","href":"https:\/\/api.w.org\/{rel}","templated":true}]}}